{"id":105491,"date":"2026-04-12T20:43:05","date_gmt":"2026-04-12T23:43:05","guid":{"rendered":"https:\/\/ubirataonline.com.br\/temporada-do-pinhao-comeca-nesta-semana-no-parana\/"},"modified":"2026-04-12T20:43:12","modified_gmt":"2026-04-12T23:43:12","slug":"temporada-do-pinhao-comeca-nesta-semana-no-parana","status":"publish","type":"post","link":"https:\/\/ubirataonline.com.br\/en\/temporada-do-pinhao-comeca-nesta-semana-no-parana\/","title":{"rendered":"Temporada do pinh\u00e3o come\u00e7a nesta semana no Paran\u00e1"},"content":{"rendered":"<p><\/p>\n<div id=\"post-content\">\n<p>A partir desta quarta-feira (16\/04), <strong>est\u00e1 liberada a colheita e a comercializa\u00e7\u00e3o de pinh\u00e3o em todo o Paran\u00e1<\/strong>. Neste ano, a temporada come\u00e7ou duas semanas mais tarde em rela\u00e7\u00e3o a 2025.<\/p>\n<p>Em Santa Catarina e no Rio Grande do Sul, a colheita teve in\u00edcio em 1\u00ba de abril. No Paran\u00e1, por\u00e9m, o in\u00edcio mudou de data por decis\u00e3o do Instituto \u00c1gua e Terra (IAT), com o objetivo de garantir a extra\u00e7\u00e3o sustent\u00e1vel e preservar o ciclo reprodutivo da Arauc\u00e1ria. A venda de pinh\u00e3o oriundo de outros estados n\u00e3o \u00e9 permitida no territ\u00f3rio paranaense.<\/p>\n<p>A medida tamb\u00e9m busca garantir a seguran\u00e7a alimentar. Pinhas verdes e imaturas podem favorecer o desenvolvimento de fungos e mofo devido \u00e0 alta umidade, o que compromete a qualidade do produto e pode trazer riscos \u00e0 sa\u00fade.\u00a0<\/p>\n<p>Com a libera\u00e7\u00e3o, o pinh\u00e3o deve come\u00e7ar a aparecer em mercados, feiras e com\u00e9rcios locais. Em Curitiba, a tradicional Feira de Inverno da Pra\u00e7a Os\u00f3rio, um dos principais pontos de venda do produto, costuma ocorrer a partir de junho.<\/p>\n<h3 class=\"wp-block-heading\" id=\"h-por-que-e-proibido-colher-pinhao-antes-da-data\">Por que \u00e9 proibido colher pinh\u00e3o antes da data?<\/h3>\n<p>A cadeia produtiva do pinh\u00e3o movimenta, em m\u00e9dia, R$ 25 milh\u00f5es por ano no Paran\u00e1. A safra, iniciada em abril, segue at\u00e9 junho. As principais cidades produtoras s\u00e3o Pinh\u00e3o (17,5%), In\u00e1cio Martins (14,9%), Turvo (8,7%), Guarapuava (7,3%) e Prudent\u00f3polis (5,2%).<\/p>\n<p>O pinh\u00e3o \u00e9 fonte de renda para fam\u00edlias e comunidades que atuam na preserva\u00e7\u00e3o da arauc\u00e1ria, esp\u00e9cie amea\u00e7ada de extin\u00e7\u00e3o. A colheita antecipada prejudica tanto o ciclo natural da planta quanto a economia local, al\u00e9m de configurar crime ambiental.<\/p>\n<p>Em caso de descumprimento da norma, a multa \u00e9 de R$ 300 para cada 50 quilos apreendidos ou fra\u00e7\u00e3o equivalente.<\/p>\n<section class=\"virals\">\n<article class=\"cardnews cardnews--post cardnews--has-thumbnail cardnews--editorial-noticias\"> <a href=\"https:\/\/www.tribunapr.com.br\/noticias\/curitiba-regiao\/vereador-perdeu-pia-e-investigado-por-usar-gm-para-se-autopromove?utm_source=noticias-virais-rodape&amp;utm_medium=internal-tribuna&amp;utm_campaign=tribuna\" class=\"cardnews__postlink\"> <\/p>\n<div class=\"cardnews__image\" is-api-thumb=\"\"><\/div>\n<div class=\"cardnews__content cardhome__content\">\n<div class=\"cardnews__content-wrapper\">\n<p> <span style=\"\"> De olho! <\/span> <\/p>\n<p>Vereador Perdeu Pi\u00e1 \u00e9 investigado por usar GM para se autopromover<\/p>\n<\/p><\/div>\n<\/p><\/div>\n<p> <\/a> <\/article>\n<article class=\"cardnews cardnews--post cardnews--has-thumbnail cardnews--editorial-noticias\"> <a href=\"https:\/\/www.tribunapr.com.br\/noticias\/parana\/parana-pode-sentir-efeitos-do-el-nino-a-partir-de-julho-o-que-esperar\/?utm_source=noticias-virais-rodape&amp;utm_medium=internal-tribuna&amp;utm_campaign=tribuna\" class=\"cardnews__postlink\"> <\/p>\n<div class=\"cardnews__image\" is-api-thumb=\"\"><img decoding=\"async\" src=\"https:\/\/www.tribunapr.com.br\/wp-content\/uploads\/2026\/02\/20182305\/chuvas-370x210.jpg\" loading=\"lazy\" alt=\"Paran\u00e1 pode sentir efeitos do El Ni\u00f1o a partir de julho; o que esperar\"\/><\/div>\n<div class=\"cardnews__content cardhome__content\">\n<div class=\"cardnews__content-wrapper\">\n<p> <span style=\"\"> Alerta <\/span> <\/p>\n<p>Paran\u00e1 pode sentir efeitos do El Ni\u00f1o a partir de julho; o que esperar<\/p>\n<\/p><\/div>\n<\/p><\/div>\n<p> <\/a> <\/article>\n<article class=\"cardnews cardnews--post cardnews--has-thumbnail cardnews--editorial-noticias\"> <a href=\"https:\/\/www.tribunapr.com.br\/noticias\/parana\/roteiro-inusitado-parana-coleciona-estatuas-peculiares-pelo-interior\/ C?utm_source=noticias-virais-rodape&amp;utm_medium=internal-tribuna&amp;utm_campaign=tribuna\" class=\"cardnews__postlink\"> <\/p>\n<div class=\"cardnews__image\" is-api-thumb=\"\"><img decoding=\"async\" src=\"https:\/\/www.tribunapr.com.br\/wp-content\/uploads\/2026\/01\/15072039\/falecimentos-em-curitiba-370x210.jpg\" loading=\"lazy\" alt=\"Roteiro inusitado: Paran\u00e1 coleciona est\u00e1tuas peculiares pelo interior \"\/><\/div>\n<div class=\"cardnews__content cardhome__content\">\n<div class=\"cardnews__content-wrapper\">\n<p> <span style=\"\"> Belezas do Paran\u00e1 <\/span> <\/p>\n<p>Roteiro inusitado: Paran\u00e1 coleciona est\u00e1tuas peculiares pelo interior <\/p>\n<\/p><\/div>\n<\/p><\/div>\n<p> <\/a> <\/article>\n<\/section>\n<div id=\"tribuna-follow-cta\">\n<p> <span class=\"cta-title\">Siga a <span class=\"tribuna-color\">Tribuna<\/span> no Google, e acompanhe as \u00faltimas not\u00edcias de Curitiba e regi\u00e3o!<\/span> <\/p>\n<p> <a href=\"https:\/\/profile.google.com\/cp\/CgwvZy8xMmxxajUzM3Mac2h0dHBzOi8vd3d3LnRyaWJ1bmFwci5jb20uYnIvdml2YS92aXRyaW5lL2dpZ2FudGUtZG8tdmVzdHVhcmlvLXJlaW5hdWd1cmEtbG9qYS1lbS1zaG9wcGluZy10cmFkaWNpb25hbC1kZS1jdXJpdGliYS8iElRyaWJ1bmEgZG8gUGFyYW7DoSqAAwrHAWh0dHBzOi8vZW5jcnlwdGVkLXRibjIuZ3N0YXRpYy5jb20vZmF2aWNvbi10Ym4_cT10Ym46QU5kOUdjUVJPbjVDRjR6TzJPbkUwTXZrRlRCRTY2U0g1bGlaVDRaZTV3bWNKeU5GRm1BSnluM01nNU9PR3BXY1pYMzZwYU5HUWtsZ09JVEFLTTNNZVNGbTc1aWp6M3k2ajUtQ3M2b25kX2JUcFFQQkVLd3RsUjBsTmJESnUtVHhrNXQtbFlCNlVpOWZSVVFjT2cSswFodHRwczovL2VuY3J5cHRlZC10Ym4zLmdzdGF0aWMuY29tL2Zhdmljb24tdGJuP3E9dGJuJTNBQU5kOUdjU0FMaWJ2eFF0YXdFMFRueVdWWmVKRS1MZEdRZjVTUi1OZ2RMazhyZzIwVy1nM0JuQ1F4VDNKZFBjRXR2THdBeVRxUDJEdHVycEdVR29CQkxpYzM5al9wSmFxRERaMHNCYW05WEVhSGVsMmZTQmdKdlF4WWVyMw\" target=\"_blank\" title=\"Seguir a Tribuna no Google\">  <\/a> <\/div>\n<\/p><\/div>\n<p><a href=\"https:\/\/www.tribunapr.com.br\/noticias\/parana\/temporada-do-pinhao-comeca-nesta-semana-no-parana\/\">Fonte do Artigo <\/a><\/p>","protected":false},"excerpt":{"rendered":"<p>A partir desta quarta-feira (16\/04), est\u00e1 liberada a colheita e a comercializa\u00e7\u00e3o de pinh\u00e3o em todo o Paran\u00e1. Neste ano, a temporada come\u00e7ou duas semanas mais tarde em rela\u00e7\u00e3o a 2025. Em Santa Catarina e no Rio Grande do Sul, a colheita teve in\u00edcio em 1\u00ba de abril. No Paran\u00e1, por\u00e9m, o in\u00edcio mudou de [&hellip;]<\/p>\n","protected":false},"author":1,"featured_media":105492,"comment_status":"closed","ping_status":"","sticky":false,"template":"","format":"standard","meta":{"googlesitekit_rrm_CAow2JLhCw:productID":"","_gspb_post_css":"","maa_idioma":"","maa_pais":"","footnotes":""},"categories":[1],"tags":[3741,3599,90,8899,3268,4435],"class_list":["post-105491","post","type-post","status-publish","format-standard","has-post-thumbnail","hentry","category-ubirata","tag-comeca","tag-nesta","tag-parana","tag-pinhao","tag-semana","tag-temporada"],"blocksy_meta":[],"yoast_head":"<!-- This site is optimized with the Yoast SEO Premium plugin v27.6 (Yoast SEO v27.6) - https:\/\/yoast.com\/product\/yoast-seo-premium-wordpress\/ -->\n<title>Temporada do pinh\u00e3o come\u00e7a nesta semana no Paran\u00e1 - Ubirat\u00e3 Online Not\u00edcias - A realidade ao seu alcance!<\/title>\n<meta name=\"description\" content=\"A partir desta quarta-feira (16\/04), est\u00e1 liberada a colheita e a comercializa\u00e7\u00e3o de pinh\u00e3o em todo o Paran\u00e1. Neste ano, a temporada come\u00e7ou duas semanas\" \/>\n<meta name=\"robots\" content=\"index, follow, max-snippet:-1, max-image-preview:large, max-video-preview:-1\" \/>\n<link rel=\"canonical\" href=\"https:\/\/ubirataonline.com.br\/en\/temporada-do-pinhao-comeca-nesta-semana-no-parana\/\" \/>\n<meta property=\"og:locale\" content=\"en_US\" \/>\n<meta property=\"og:type\" content=\"article\" \/>\n<meta property=\"og:title\" content=\"Temporada do pinh\u00e3o come\u00e7a nesta semana no Paran\u00e1\" \/>\n<meta property=\"og:description\" content=\"A partir desta quarta-feira (16\/04), est\u00e1 liberada a colheita e a comercializa\u00e7\u00e3o de pinh\u00e3o em todo o Paran\u00e1. Neste ano, a temporada come\u00e7ou duas semanas\" \/>\n<meta property=\"og:url\" content=\"https:\/\/ubirataonline.com.br\/en\/temporada-do-pinhao-comeca-nesta-semana-no-parana\/\" \/>\n<meta property=\"og:site_name\" content=\"Ubirat\u00e3 Online Not\u00edcias - A realidade ao seu alcance!\" \/>\n<meta property=\"article:publisher\" content=\"https:\/\/www.facebook.com\/portalubirataonline\" \/>\n<meta property=\"article:author\" content=\"https:\/\/www.facebook.com\/portalubirataonline\" \/>\n<meta property=\"article:published_time\" content=\"2026-04-12T23:43:05+00:00\" \/>\n<meta property=\"article:modified_time\" content=\"2026-04-12T23:43:12+00:00\" \/>\n<meta property=\"og:image\" content=\"https:\/\/ubirataonline.com.br\/wp-content\/uploads\/2026\/04\/Temporada-do-pinhao-comeca-nesta-semana-no-Parana.jpg\" \/>\n\t<meta property=\"og:image:width\" content=\"1280\" \/>\n\t<meta property=\"og:image:height\" content=\"853\" \/>\n\t<meta property=\"og:image:type\" content=\"image\/jpeg\" \/>\n<meta name=\"author\" content=\"REDA\u00c7\u00c3O: UBIRAT\u00c3 ONLINE - F\u00c1BIO AUGUSTO CELESTINO\" \/>\n<meta name=\"twitter:card\" content=\"summary_large_image\" \/>\n<meta name=\"twitter:creator\" content=\"@x.com\/ubirataonline\" \/>\n<meta name=\"twitter:site\" content=\"@ubirataonline\" \/>\n<meta name=\"twitter:label1\" content=\"Written by\" \/>\n\t<meta name=\"twitter:data1\" content=\"REDA\u00c7\u00c3O: UBIRAT\u00c3 ONLINE - F\u00c1BIO AUGUSTO CELESTINO\" \/>\n\t<meta name=\"twitter:label2\" content=\"Est. reading time\" \/>\n\t<meta name=\"twitter:data2\" content=\"2 minutes\" \/>\n<script type=\"application\/ld+json\" class=\"yoast-schema-graph\">{\"@context\":\"https:\\\/\\\/schema.org\",\"@graph\":[{\"@type\":\"NewsArticle\",\"@id\":\"https:\\\/\\\/ubirataonline.com.br\\\/temporada-do-pinhao-comeca-nesta-semana-no-parana\\\/#article\",\"isPartOf\":{\"@id\":\"https:\\\/\\\/ubirataonline.com.br\\\/temporada-do-pinhao-comeca-nesta-semana-no-parana\\\/\"},\"author\":{\"name\":\"REDA\u00c7\u00c3O: UBIRAT\u00c3 ONLINE - F\u00c1BIO AUGUSTO CELESTINO\",\"@id\":\"https:\\\/\\\/ubirataonline.com.br\\\/#\\\/schema\\\/person\\\/372f87bbd3fdd79b8556b84c98d0bc1c\"},\"headline\":\"Temporada do pinh\u00e3o come\u00e7a nesta semana no Paran\u00e1\",\"datePublished\":\"2026-04-12T23:43:05+00:00\",\"dateModified\":\"2026-04-12T23:43:12+00:00\",\"mainEntityOfPage\":{\"@id\":\"https:\\\/\\\/ubirataonline.com.br\\\/temporada-do-pinhao-comeca-nesta-semana-no-parana\\\/\"},\"wordCount\":369,\"publisher\":{\"@id\":\"https:\\\/\\\/ubirataonline.com.br\\\/#organization\"},\"image\":{\"@id\":\"https:\\\/\\\/ubirataonline.com.br\\\/temporada-do-pinhao-comeca-nesta-semana-no-parana\\\/#primaryimage\"},\"thumbnailUrl\":\"https:\\\/\\\/ubirataonline.com.br\\\/wp-content\\\/uploads\\\/2026\\\/04\\\/Temporada-do-pinhao-comeca-nesta-semana-no-Parana.jpg\",\"keywords\":[\"Come\u00e7a\",\"nesta\",\"paran\u00e1\",\"Pinh\u00e3o\",\"semana\",\"temporada\"],\"articleSection\":[\"Ubirat\u00e3\"],\"inLanguage\":\"en-US\",\"copyrightYear\":\"2026\",\"copyrightHolder\":{\"@id\":\"https:\\\/\\\/ubirataonline.com.br\\\/en\\\/#organization\"}},{\"@type\":\"WebPage\",\"@id\":\"https:\\\/\\\/ubirataonline.com.br\\\/temporada-do-pinhao-comeca-nesta-semana-no-parana\\\/\",\"url\":\"https:\\\/\\\/ubirataonline.com.br\\\/temporada-do-pinhao-comeca-nesta-semana-no-parana\\\/\",\"name\":\"Temporada do pinh\u00e3o come\u00e7a nesta semana no Paran\u00e1 - Ubirat\u00e3 Online Not\u00edcias - A realidade ao seu alcance!\",\"isPartOf\":{\"@id\":\"https:\\\/\\\/ubirataonline.com.br\\\/#website\"},\"primaryImageOfPage\":{\"@id\":\"https:\\\/\\\/ubirataonline.com.br\\\/temporada-do-pinhao-comeca-nesta-semana-no-parana\\\/#primaryimage\"},\"image\":{\"@id\":\"https:\\\/\\\/ubirataonline.com.br\\\/temporada-do-pinhao-comeca-nesta-semana-no-parana\\\/#primaryimage\"},\"thumbnailUrl\":\"https:\\\/\\\/ubirataonline.com.br\\\/wp-content\\\/uploads\\\/2026\\\/04\\\/Temporada-do-pinhao-comeca-nesta-semana-no-Parana.jpg\",\"datePublished\":\"2026-04-12T23:43:05+00:00\",\"dateModified\":\"2026-04-12T23:43:12+00:00\",\"description\":\"A partir desta quarta-feira (16\\\/04), est\u00e1 liberada a colheita e a comercializa\u00e7\u00e3o de pinh\u00e3o em todo o Paran\u00e1. Neste ano, a temporada come\u00e7ou duas semanas\",\"breadcrumb\":{\"@id\":\"https:\\\/\\\/ubirataonline.com.br\\\/temporada-do-pinhao-comeca-nesta-semana-no-parana\\\/#breadcrumb\"},\"inLanguage\":\"en-US\",\"potentialAction\":[{\"@type\":\"ReadAction\",\"target\":[\"https:\\\/\\\/ubirataonline.com.br\\\/temporada-do-pinhao-comeca-nesta-semana-no-parana\\\/\"]}]},{\"@type\":\"ImageObject\",\"inLanguage\":\"en-US\",\"@id\":\"https:\\\/\\\/ubirataonline.com.br\\\/temporada-do-pinhao-comeca-nesta-semana-no-parana\\\/#primaryimage\",\"url\":\"https:\\\/\\\/ubirataonline.com.br\\\/wp-content\\\/uploads\\\/2026\\\/04\\\/Temporada-do-pinhao-comeca-nesta-semana-no-Parana.jpg\",\"contentUrl\":\"https:\\\/\\\/ubirataonline.com.br\\\/wp-content\\\/uploads\\\/2026\\\/04\\\/Temporada-do-pinhao-comeca-nesta-semana-no-Parana.jpg\",\"width\":1280,\"height\":853,\"caption\":\"Em estados vizinhos, a colheita teve in\u00edcio em 1\u00ba de abril. Foto: Arquivo\\\/\u00c1tila Alberti\\\/Tribuna do Paran\u00e1.\"},{\"@type\":\"BreadcrumbList\",\"@id\":\"https:\\\/\\\/ubirataonline.com.br\\\/temporada-do-pinhao-comeca-nesta-semana-no-parana\\\/#breadcrumb\",\"itemListElement\":[{\"@type\":\"ListItem\",\"position\":1,\"name\":\"In\u00edcio\",\"item\":\"https:\\\/\\\/ubirataonline.com.br\\\/\"},{\"@type\":\"ListItem\",\"position\":2,\"name\":\"Temporada do pinh\u00e3o come\u00e7a nesta semana no Paran\u00e1\"}]},{\"@type\":\"WebSite\",\"@id\":\"https:\\\/\\\/ubirataonline.com.br\\\/#website\",\"url\":\"https:\\\/\\\/ubirataonline.com.br\\\/\",\"name\":\"Ubirat\u00e3 Online Not\u00edcias\",\"description\":\"Not\u00edcias de Ubirat\u00e3, regi\u00e3o, Brasil e mundo, com informa\u00e7\u00e3o atualizada e compromisso com o leitor.\",\"publisher\":{\"@id\":\"https:\\\/\\\/ubirataonline.com.br\\\/#organization\"},\"alternateName\":\"Ubirat\u00e3 Online\",\"potentialAction\":[{\"@type\":\"SearchAction\",\"target\":{\"@type\":\"EntryPoint\",\"urlTemplate\":\"https:\\\/\\\/ubirataonline.com.br\\\/?s={search_term_string}\"},\"query-input\":{\"@type\":\"PropertyValueSpecification\",\"valueRequired\":true,\"valueName\":\"search_term_string\"}}],\"inLanguage\":\"en-US\"},{\"@type\":[\"Organization\",\"Place\"],\"@id\":\"https:\\\/\\\/ubirataonline.com.br\\\/#organization\",\"name\":\"Ubirat\u00e3 Online Not\u00edcias\",\"alternateName\":\"Ubirat\u00e3 Online\",\"url\":\"https:\\\/\\\/ubirataonline.com.br\\\/\",\"logo\":{\"@id\":\"https:\\\/\\\/ubirataonline.com.br\\\/temporada-do-pinhao-comeca-nesta-semana-no-parana\\\/#local-main-organization-logo\"},\"image\":{\"@id\":\"https:\\\/\\\/ubirataonline.com.br\\\/temporada-do-pinhao-comeca-nesta-semana-no-parana\\\/#local-main-organization-logo\"},\"sameAs\":[\"https:\\\/\\\/www.facebook.com\\\/portalubirataonline\",\"https:\\\/\\\/x.com\\\/ubirataonline\",\"https:\\\/\\\/mastodon.social\\\/@ubirataonline\",\"https:\\\/\\\/www.facebook.com\\\/groups\\\/311144672285604\",\"https:\\\/\\\/www.facebook.com\\\/UBTAOnline\",\"https:\\\/\\\/www.instagram.com\\\/portalubirataonline\\\/\",\"https:\\\/\\\/twitter.com\\\/ubirataonline\"],\"description\":\"Somos um portal de not\u00edcias independente, criado em 5 de janeiro de 2009, com o objetivo de informar, conectar e valorizar a nossa comunidade de Ubirat\u00e3 e toda aregi\u00e3o. Com conte\u00fado atualizado, confi\u00e1vel e relevante, o Ubirat\u00e3 Online \u00e9 o seu espa\u00e7o para ficar por dentro dos principais acontecimentos locais, regionais, Brasil, Mundo e de interesse geral. Nosso compromisso \u00e9 com a verdade, a transpar\u00eancia e o respeito ao leitor.\",\"legalName\":\"UBIRATA ONLINE NOT\u00cdCIAS\",\"foundingDate\":\"2009-01-05\",\"numberOfEmployees\":{\"@type\":\"QuantitativeValue\",\"minValue\":\"1\",\"maxValue\":\"10\"},\"publishingPrinciples\":\"https:\\\/\\\/ubirataonline.com.br\\\/faq\\\/\",\"address\":{\"@id\":\"https:\\\/\\\/ubirataonline.com.br\\\/temporada-do-pinhao-comeca-nesta-semana-no-parana\\\/#local-main-place-address\"},\"geo\":{\"@type\":\"GeoCoordinates\",\"latitude\":\"-24.5361401\",\"longitude\":\"-52.9921776\"},\"telephone\":[\"+5544998308235\"],\"contactPoint\":{\"@type\":\"ContactPoint\",\"email\":\"contato@ubirataonline.com.br\"},\"openingHoursSpecification\":{\"@type\":\"OpeningHoursSpecification\",\"dayOfWeek\":[\"Monday\",\"Tuesday\",\"Wednesday\",\"Thursday\",\"Friday\",\"Saturday\",\"Sunday\"],\"opens\":\"00:00\",\"closes\":\"23:59\"},\"email\":\"contato@ubirataonline.com.br\",\"vatID\":\"47.621.418\\\/0001-80\"},{\"@type\":\"Person\",\"@id\":\"https:\\\/\\\/ubirataonline.com.br\\\/#\\\/schema\\\/person\\\/372f87bbd3fdd79b8556b84c98d0bc1c\",\"name\":\"REDA\u00c7\u00c3O: UBIRAT\u00c3 ONLINE - F\u00c1BIO AUGUSTO CELESTINO\",\"pronouns\":\"Ele\",\"description\":\"Desde 2003 trabalhando com not\u00edcias.\",\"sameAs\":[\"http:\\\/\\\/ubirataoline.com.br\",\"https:\\\/\\\/www.facebook.com\\\/portalubirataonline\",\"https:\\\/\\\/www.instagram.com\\\/ubirataonline_oficial\",\"https:\\\/\\\/x.com\\\/x.com\\\/ubirataonline\"],\"honorificPrefix\":\"Mr.\",\"honorificSuffix\":\"MD\",\"birthDate\":\"1980-06-16\",\"gender\":\"masculino\",\"award\":[\"V\u00e1rios pr\u00eamios de melhor portal da cidade\"],\"jobTitle\":\"Diretor\",\"url\":\"https:\\\/\\\/ubirataonline.com.br\\\/en\\\/author\\\/ubirataonline\\\/\"},{\"@type\":\"PostalAddress\",\"@id\":\"https:\\\/\\\/ubirataonline.com.br\\\/temporada-do-pinhao-comeca-nesta-semana-no-parana\\\/#local-main-place-address\",\"streetAddress\":\"Rua dos Coqueiros, 104 - Bairro Boa Vista, Rua dos Coqueiros, 104 Bairro Boa Vista\",\"addressLocality\":\"UBIRATA\",\"postalCode\":\"85440-000\",\"addressRegion\":\"PR\",\"addressCountry\":\"BR\"},{\"@type\":\"ImageObject\",\"inLanguage\":\"en-US\",\"@id\":\"https:\\\/\\\/ubirataonline.com.br\\\/temporada-do-pinhao-comeca-nesta-semana-no-parana\\\/#local-main-organization-logo\",\"url\":\"https:\\\/\\\/ubirataonline.com.br\\\/wp-content\\\/uploads\\\/2026\\\/06\\\/logoubirataonline-1.webp\",\"contentUrl\":\"https:\\\/\\\/ubirataonline.com.br\\\/wp-content\\\/uploads\\\/2026\\\/06\\\/logoubirataonline-1.webp\",\"width\":500,\"height\":500,\"caption\":\"Ubirat\u00e3 Online Not\u00edcias\"}]}<\/script>\n<meta name=\"geo.placename\" content=\"UBIRATA\" \/>\n<meta name=\"geo.position\" content=\"-24.5361401;-52.9921776\" \/>\n<meta name=\"geo.region\" content=\"Brazil\" \/>\n<!-- \/ Yoast SEO Premium plugin. -->","yoast_head_json":{"title":"Temporada do pinh\u00e3o come\u00e7a nesta semana no Paran\u00e1 - Ubirat\u00e3 Online Not\u00edcias - A realidade ao seu alcance!","description":"A partir desta quarta-feira (16\/04), est\u00e1 liberada a colheita e a comercializa\u00e7\u00e3o de pinh\u00e3o em todo o Paran\u00e1. Neste ano, a temporada come\u00e7ou duas semanas","robots":{"index":"index","follow":"follow","max-snippet":"max-snippet:-1","max-image-preview":"max-image-preview:large","max-video-preview":"max-video-preview:-1"},"canonical":"https:\/\/ubirataonline.com.br\/en\/temporada-do-pinhao-comeca-nesta-semana-no-parana\/","og_locale":"en_US","og_type":"article","og_title":"Temporada do pinh\u00e3o come\u00e7a nesta semana no Paran\u00e1","og_description":"A partir desta quarta-feira (16\/04), est\u00e1 liberada a colheita e a comercializa\u00e7\u00e3o de pinh\u00e3o em todo o Paran\u00e1. Neste ano, a temporada come\u00e7ou duas semanas","og_url":"https:\/\/ubirataonline.com.br\/en\/temporada-do-pinhao-comeca-nesta-semana-no-parana\/","og_site_name":"Ubirat\u00e3 Online Not\u00edcias - A realidade ao seu alcance!","article_publisher":"https:\/\/www.facebook.com\/portalubirataonline","article_author":"https:\/\/www.facebook.com\/portalubirataonline","article_published_time":"2026-04-12T23:43:05+00:00","article_modified_time":"2026-04-12T23:43:12+00:00","og_image":[{"width":1280,"height":853,"url":"https:\/\/ubirataonline.com.br\/wp-content\/uploads\/2026\/04\/Temporada-do-pinhao-comeca-nesta-semana-no-Parana.jpg","type":"image\/jpeg"}],"author":"REDA\u00c7\u00c3O: UBIRAT\u00c3 ONLINE - F\u00c1BIO AUGUSTO CELESTINO","twitter_card":"summary_large_image","twitter_creator":"@x.com\/ubirataonline","twitter_site":"@ubirataonline","twitter_misc":{"Written by":"REDA\u00c7\u00c3O: UBIRAT\u00c3 ONLINE - F\u00c1BIO AUGUSTO CELESTINO","Est. reading time":"2 minutes"},"schema":{"@context":"https:\/\/schema.org","@graph":[{"@type":"NewsArticle","@id":"https:\/\/ubirataonline.com.br\/temporada-do-pinhao-comeca-nesta-semana-no-parana\/#article","isPartOf":{"@id":"https:\/\/ubirataonline.com.br\/temporada-do-pinhao-comeca-nesta-semana-no-parana\/"},"author":{"name":"REDA\u00c7\u00c3O: UBIRAT\u00c3 ONLINE - F\u00c1BIO AUGUSTO CELESTINO","@id":"https:\/\/ubirataonline.com.br\/#\/schema\/person\/372f87bbd3fdd79b8556b84c98d0bc1c"},"headline":"Temporada do pinh\u00e3o come\u00e7a nesta semana no Paran\u00e1","datePublished":"2026-04-12T23:43:05+00:00","dateModified":"2026-04-12T23:43:12+00:00","mainEntityOfPage":{"@id":"https:\/\/ubirataonline.com.br\/temporada-do-pinhao-comeca-nesta-semana-no-parana\/"},"wordCount":369,"publisher":{"@id":"https:\/\/ubirataonline.com.br\/#organization"},"image":{"@id":"https:\/\/ubirataonline.com.br\/temporada-do-pinhao-comeca-nesta-semana-no-parana\/#primaryimage"},"thumbnailUrl":"https:\/\/ubirataonline.com.br\/wp-content\/uploads\/2026\/04\/Temporada-do-pinhao-comeca-nesta-semana-no-Parana.jpg","keywords":["Come\u00e7a","nesta","paran\u00e1","Pinh\u00e3o","semana","temporada"],"articleSection":["Ubirat\u00e3"],"inLanguage":"en-US","copyrightYear":"2026","copyrightHolder":{"@id":"https:\/\/ubirataonline.com.br\/en\/#organization"}},{"@type":"WebPage","@id":"https:\/\/ubirataonline.com.br\/temporada-do-pinhao-comeca-nesta-semana-no-parana\/","url":"https:\/\/ubirataonline.com.br\/temporada-do-pinhao-comeca-nesta-semana-no-parana\/","name":"Temporada do pinh\u00e3o come\u00e7a nesta semana no Paran\u00e1 - Ubirat\u00e3 Online Not\u00edcias - A realidade ao seu alcance!","isPartOf":{"@id":"https:\/\/ubirataonline.com.br\/#website"},"primaryImageOfPage":{"@id":"https:\/\/ubirataonline.com.br\/temporada-do-pinhao-comeca-nesta-semana-no-parana\/#primaryimage"},"image":{"@id":"https:\/\/ubirataonline.com.br\/temporada-do-pinhao-comeca-nesta-semana-no-parana\/#primaryimage"},"thumbnailUrl":"https:\/\/ubirataonline.com.br\/wp-content\/uploads\/2026\/04\/Temporada-do-pinhao-comeca-nesta-semana-no-Parana.jpg","datePublished":"2026-04-12T23:43:05+00:00","dateModified":"2026-04-12T23:43:12+00:00","description":"A partir desta quarta-feira (16\/04), est\u00e1 liberada a colheita e a comercializa\u00e7\u00e3o de pinh\u00e3o em todo o Paran\u00e1. Neste ano, a temporada come\u00e7ou duas semanas","breadcrumb":{"@id":"https:\/\/ubirataonline.com.br\/temporada-do-pinhao-comeca-nesta-semana-no-parana\/#breadcrumb"},"inLanguage":"en-US","potentialAction":[{"@type":"ReadAction","target":["https:\/\/ubirataonline.com.br\/temporada-do-pinhao-comeca-nesta-semana-no-parana\/"]}]},{"@type":"ImageObject","inLanguage":"en-US","@id":"https:\/\/ubirataonline.com.br\/temporada-do-pinhao-comeca-nesta-semana-no-parana\/#primaryimage","url":"https:\/\/ubirataonline.com.br\/wp-content\/uploads\/2026\/04\/Temporada-do-pinhao-comeca-nesta-semana-no-Parana.jpg","contentUrl":"https:\/\/ubirataonline.com.br\/wp-content\/uploads\/2026\/04\/Temporada-do-pinhao-comeca-nesta-semana-no-Parana.jpg","width":1280,"height":853,"caption":"Em estados vizinhos, a colheita teve in\u00edcio em 1\u00ba de abril. Foto: Arquivo\/\u00c1tila Alberti\/Tribuna do Paran\u00e1."},{"@type":"BreadcrumbList","@id":"https:\/\/ubirataonline.com.br\/temporada-do-pinhao-comeca-nesta-semana-no-parana\/#breadcrumb","itemListElement":[{"@type":"ListItem","position":1,"name":"In\u00edcio","item":"https:\/\/ubirataonline.com.br\/"},{"@type":"ListItem","position":2,"name":"Temporada do pinh\u00e3o come\u00e7a nesta semana no Paran\u00e1"}]},{"@type":"WebSite","@id":"https:\/\/ubirataonline.com.br\/#website","url":"https:\/\/ubirataonline.com.br\/","name":"Ubirat\u00e3 Online Not\u00edcias","description":"Not\u00edcias de Ubirat\u00e3, regi\u00e3o, Brasil e mundo, com informa\u00e7\u00e3o atualizada e compromisso com o leitor.","publisher":{"@id":"https:\/\/ubirataonline.com.br\/#organization"},"alternateName":"Ubirat\u00e3 Online","potentialAction":[{"@type":"SearchAction","target":{"@type":"EntryPoint","urlTemplate":"https:\/\/ubirataonline.com.br\/?s={search_term_string}"},"query-input":{"@type":"PropertyValueSpecification","valueRequired":true,"valueName":"search_term_string"}}],"inLanguage":"en-US"},{"@type":["Organization","Place"],"@id":"https:\/\/ubirataonline.com.br\/#organization","name":"Ubirat\u00e3 Online Not\u00edcias","alternateName":"Ubirat\u00e3 Online","url":"https:\/\/ubirataonline.com.br\/","logo":{"@id":"https:\/\/ubirataonline.com.br\/temporada-do-pinhao-comeca-nesta-semana-no-parana\/#local-main-organization-logo"},"image":{"@id":"https:\/\/ubirataonline.com.br\/temporada-do-pinhao-comeca-nesta-semana-no-parana\/#local-main-organization-logo"},"sameAs":["https:\/\/www.facebook.com\/portalubirataonline","https:\/\/x.com\/ubirataonline","https:\/\/mastodon.social\/@ubirataonline","https:\/\/www.facebook.com\/groups\/311144672285604","https:\/\/www.facebook.com\/UBTAOnline","https:\/\/www.instagram.com\/portalubirataonline\/","https:\/\/twitter.com\/ubirataonline"],"description":"Somos um portal de not\u00edcias independente, criado em 5 de janeiro de 2009, com o objetivo de informar, conectar e valorizar a nossa comunidade de Ubirat\u00e3 e toda aregi\u00e3o. Com conte\u00fado atualizado, confi\u00e1vel e relevante, o Ubirat\u00e3 Online \u00e9 o seu espa\u00e7o para ficar por dentro dos principais acontecimentos locais, regionais, Brasil, Mundo e de interesse geral. Nosso compromisso \u00e9 com a verdade, a transpar\u00eancia e o respeito ao leitor.","legalName":"UBIRATA ONLINE NOT\u00cdCIAS","foundingDate":"2009-01-05","numberOfEmployees":{"@type":"QuantitativeValue","minValue":"1","maxValue":"10"},"publishingPrinciples":"https:\/\/ubirataonline.com.br\/faq\/","address":{"@id":"https:\/\/ubirataonline.com.br\/temporada-do-pinhao-comeca-nesta-semana-no-parana\/#local-main-place-address"},"geo":{"@type":"GeoCoordinates","latitude":"-24.5361401","longitude":"-52.9921776"},"telephone":["+5544998308235"],"contactPoint":{"@type":"ContactPoint","email":"contato@ubirataonline.com.br"},"openingHoursSpecification":{"@type":"OpeningHoursSpecification","dayOfWeek":["Monday","Tuesday","Wednesday","Thursday","Friday","Saturday","Sunday"],"opens":"00:00","closes":"23:59"},"email":"contato@ubirataonline.com.br","vatID":"47.621.418\/0001-80"},{"@type":"Person","@id":"https:\/\/ubirataonline.com.br\/#\/schema\/person\/372f87bbd3fdd79b8556b84c98d0bc1c","name":"REDA\u00c7\u00c3O: UBIRAT\u00c3 ONLINE - F\u00c1BIO AUGUSTO CELESTINO","pronouns":"Ele","description":"Desde 2003 trabalhando com not\u00edcias.","sameAs":["http:\/\/ubirataoline.com.br","https:\/\/www.facebook.com\/portalubirataonline","https:\/\/www.instagram.com\/ubirataonline_oficial","https:\/\/x.com\/x.com\/ubirataonline"],"honorificPrefix":"Mr.","honorificSuffix":"MD","birthDate":"1980-06-16","gender":"masculino","award":["V\u00e1rios pr\u00eamios de melhor portal da cidade"],"jobTitle":"Diretor","url":"https:\/\/ubirataonline.com.br\/en\/author\/ubirataonline\/"},{"@type":"PostalAddress","@id":"https:\/\/ubirataonline.com.br\/temporada-do-pinhao-comeca-nesta-semana-no-parana\/#local-main-place-address","streetAddress":"Rua dos Coqueiros, 104 - Bairro Boa Vista, Rua dos Coqueiros, 104 Bairro Boa Vista","addressLocality":"UBIRATA","postalCode":"85440-000","addressRegion":"PR","addressCountry":"BR"},{"@type":"ImageObject","inLanguage":"en-US","@id":"https:\/\/ubirataonline.com.br\/temporada-do-pinhao-comeca-nesta-semana-no-parana\/#local-main-organization-logo","url":"https:\/\/ubirataonline.com.br\/wp-content\/uploads\/2026\/06\/logoubirataonline-1.webp","contentUrl":"https:\/\/ubirataonline.com.br\/wp-content\/uploads\/2026\/06\/logoubirataonline-1.webp","width":500,"height":500,"caption":"Ubirat\u00e3 Online Not\u00edcias"}]},"geo.placename":"UBIRATA","geo.position":{"lat":"-24.5361401","long":"-52.9921776"},"geo.region":"Brazil"},"_links":{"self":[{"href":"https:\/\/ubirataonline.com.br\/en\/wp-json\/wp\/v2\/posts\/105491","targetHints":{"allow":["GET"]}}],"collection":[{"href":"https:\/\/ubirataonline.com.br\/en\/wp-json\/wp\/v2\/posts"}],"about":[{"href":"https:\/\/ubirataonline.com.br\/en\/wp-json\/wp\/v2\/types\/post"}],"author":[{"embeddable":true,"href":"https:\/\/ubirataonline.com.br\/en\/wp-json\/wp\/v2\/users\/1"}],"replies":[{"embeddable":true,"href":"https:\/\/ubirataonline.com.br\/en\/wp-json\/wp\/v2\/comments?post=105491"}],"version-history":[{"count":0,"href":"https:\/\/ubirataonline.com.br\/en\/wp-json\/wp\/v2\/posts\/105491\/revisions"}],"wp:featuredmedia":[{"embeddable":true,"href":"https:\/\/ubirataonline.com.br\/en\/wp-json\/wp\/v2\/media\/105492"}],"wp:attachment":[{"href":"https:\/\/ubirataonline.com.br\/en\/wp-json\/wp\/v2\/media?parent=105491"}],"wp:term":[{"taxonomy":"category","embeddable":true,"href":"https:\/\/ubirataonline.com.br\/en\/wp-json\/wp\/v2\/categories?post=105491"},{"taxonomy":"post_tag","embeddable":true,"href":"https:\/\/ubirataonline.com.br\/en\/wp-json\/wp\/v2\/tags?post=105491"}],"curies":[{"name":"wp","href":"https:\/\/api.w.org\/{rel}","templated":true}]}}