{"id":105497,"date":"2026-04-12T20:48:28","date_gmt":"2026-04-12T23:48:28","guid":{"rendered":"https:\/\/ubirataonline.com.br\/quienes-son-y-que-proponen-roberto-sanchez-y-alfonso-lopez-chau-candidatos-de-izquierda-a-la-presidencia-de-peru\/"},"modified":"2026-04-12T20:48:42","modified_gmt":"2026-04-12T23:48:42","slug":"quienes-son-y-que-proponen-roberto-sanchez-y-alfonso-lopez-chau-candidatos-de-izquierda-a-la-presidencia-de-peru","status":"publish","type":"post","link":"https:\/\/ubirataonline.com.br\/en\/quienes-son-y-que-proponen-roberto-sanchez-y-alfonso-lopez-chau-candidatos-de-izquierda-a-la-presidencia-de-peru\/","title":{"rendered":"\u00bfQui\u00e9nes son y qu\u00e9 proponen Roberto S\u00e1nchez y Alfonso L\u00f3pez-Chau, candidatos de izquierda a la presidencia de Per\u00fa?"},"content":{"rendered":"<p><br \/>\n<\/p>\n<div data-editable=\"content\" itemprop=\"articleBody\" data-reorderable=\"content\">\n<p>\n<cite class=\"source__cite vossi-source__cite\"><br \/>\n      <span class=\"source__location vossi-source__location\" data-editable=\"location\"><wbr\/><\/span><span class=\"source__text\" data-editable=\"source\">CNN Espa\u00f1ol<\/span><wbr\/><span class=\"source__separator\">\u00a0\u2014\u00a0<\/span><br \/>\n    <\/cite><\/p>\n<p class=\"paragraph inline-placeholder vossi-paragraph\" data-uri=\"es.cms.cnn.com\/_components\/paragraph\/instances\/cmnt2yg58000r26qg9myveqv6@published\" data-editable=\"text\" data-component-name=\"paragraph\" data-article-gutter=\"true\">\n            M\u00e1s de <a href=\"https:\/\/www.gob.pe\/institucion\/reniec\/noticias\/1274662-elecciones-generales-2026-reniec-publico-la-lista-del-padron-inicial\" target=\"_blank\">27 millones de votantes<\/a> est\u00e1n habilitados para elegir al pr\u00f3ximo presidente de Per\u00fa este domingo 12 de abril, en unas elecciones que seg\u00fan las estimaciones podr\u00edan definirse reci\u00e9n en una segunda vuelta en junio.\n    <\/p>\n<p class=\"paragraph inline-placeholder vossi-paragraph\" data-uri=\"es.cms.cnn.com\/_components\/paragraph\/instances\/cmnt4nu9i0007356rg5mxkawp@published\" data-editable=\"text\" data-component-name=\"paragraph\" data-article-gutter=\"true\">\n            Es que, hasta la semana previa a los comicios presidenciales, en los que tambi\u00e9n se definir\u00e1 la composici\u00f3n del Congreso, ninguno de los candidatos hab\u00eda logrado superar el 15 % de intenci\u00f3n de voto en las encuestas publicadas.\n    <\/p>\n<p class=\"paragraph inline-placeholder vossi-paragraph\" data-uri=\"es.cms.cnn.com\/_components\/paragraph\/instances\/cmnt4nu9m0008356r6w5n4ph0@published\" data-editable=\"text\" data-component-name=\"paragraph\" data-article-gutter=\"true\">\n            En ese escenario de fragmentaci\u00f3n e indecisi\u00f3n se ubican dos candidatos de la izquierda, <strong> <\/strong>Roberto S\u00e1nchez y Alfonso L\u00f3pez-Chau, que no parecen haber logrado desmarcarse de la extensa lista de postulantes, <a href=\"https:\/\/cnnespanol.cnn.com\/2026\/03\/24\/latinoamerica\/peru-candidatos-presidenciales-debate-dias-orix\">m\u00e1s de 30<\/a>, entre los que destacan la candidata conservadora <a href=\"https:\/\/cnnespanol.cnn.com\/2026\/04\/11\/latinoamerica\/peru-keiko-fujimori-candidata-perfil-orix\">Keiko Fujimori<\/a>, el c\u00f3mico Carlos \u00c1lvarez del partido Pa\u00eds para Todos, y <a href=\"https:\/\/cnnespanol.cnn.com\/2026\/04\/11\/latinoamerica\/rafael-lopez-aliaga-candidato-elecciones-peru-orix\">Rafael L\u00f3pez Aliaga<\/a>, ultraconservador del partido Revoluci\u00f3n Popular.\n    <\/p>\n<p class=\"paragraph inline-placeholder vossi-paragraph\" data-uri=\"es.cms.cnn.com\/_components\/paragraph\/instances\/cmnt4nu9m0009356ruufscprp@published\" data-editable=\"text\" data-component-name=\"paragraph\" data-article-gutter=\"true\">\n            Durante los \u00faltimos diez a\u00f1os, la pol\u00edtica peruana \u201cha sido la m\u00e1s vol\u00e1til de la regi\u00f3n, con presidentes destituidos con relativa facilidad\u201d, dice a CNN Nicol\u00e1s Sald\u00edas, analista s\u00e9nior del Economist Intelligence Unit (EIU) para Am\u00e9rica Latina y el Caribe.\n    <\/p>\n<p class=\"paragraph inline-placeholder vossi-paragraph\" data-uri=\"es.cms.cnn.com\/_components\/paragraph\/instances\/cmnt4nu9m000a356rw3qft82c@published\" data-editable=\"text\" data-component-name=\"paragraph\" data-article-gutter=\"true\">\n            \u201cLo que est\u00e1 en juego en estas elecciones depende de si el pr\u00f3ximo presidente logra asegurar una gobernabilidad m\u00e1s estable y una previsibilidad en las pol\u00edticas\u201d, explica el analista.\n    <\/p>\n<div data-uri=\"es.cms.cnn.com\/_components\/image\/instances\/cmnt50qd1001k356r6uvb2oae@published\" class=\"image vossi-image  image__hide-placeholder\" data-image-variation=\"image\" data-name=\"8023426169001.jpg\" data-component-name=\"image\" data-observe-resizes=\"\" data-breakpoints=\"{\" image--eq-extra-small=\"\" data-original-ratio=\"0.6666666666666666\" data-original-height=\"4160\" data-original-width=\"6240\" data-url=\"https:\/\/media.cnn.com\/api\/v1\/images\/stellar\/prod\/8023426169001.jpg?c=original\" data-editable=\"settings\">\n<div class=\"image__container\" data-image-variation=\"image\" data-breakpoints=\"{\" image--eq-extra-small=\"\">\n       <picture class=\"image__picture\"><source height=\"4160\" width=\"6240\" media=\"(max-width: 479px)\" srcset=\"https:\/\/media.cnn.com\/api\/v1\/images\/stellar\/prod\/8023426169001.jpg?q=w_680,c_fill\/f_webp\" type=\"image\/webp\"><source height=\"4160\" width=\"6240\" media=\"(min-width: 480px)\" srcset=\"https:\/\/media.cnn.com\/api\/v1\/images\/stellar\/prod\/8023426169001.jpg?q=w_1160,c_fill\/f_webp\" type=\"image\/webp\"><source height=\"4160\" width=\"6240\" media=\"(min-width: 960px)\" srcset=\"https:\/\/media.cnn.com\/api\/v1\/images\/stellar\/prod\/8023426169001.jpg?q=w_1015,c_fill\/f_webp\" type=\"image\/webp\"><source height=\"4160\" width=\"6240\" media=\"(min-width: 1280px)\" srcset=\"https:\/\/media.cnn.com\/api\/v1\/images\/stellar\/prod\/8023426169001.jpg?q=w_1110,c_fill\/f_webp\" type=\"image\/webp\"><\/source><\/source><\/source><\/source><\/picture>\n    <\/div>\n<\/div>\n<p class=\"paragraph inline-placeholder vossi-paragraph\" data-uri=\"es.cms.cnn.com\/_components\/paragraph\/instances\/cmnt4rp0h000i356r0tr484jn@published\" data-editable=\"text\" data-component-name=\"paragraph\" data-article-gutter=\"true\">\n            El postulante y presidente del partido Juntos por el Per\u00fa se define a s\u00ed mismo como el \u201ccandidato presidencial Castillista\u201d. Busca reivindicar la figura del expresidente Pedro Castillo, que gobern\u00f3 el pa\u00eds entre 2021 y 2022, hoy condenado a prisi\u00f3n por <a href=\"https:\/\/cnnespanol.cnn.com\/2026\/02\/19\/latinoamerica\/peru-expresidente-pedro-castillo-pide-indulto-orix\">conspiraci\u00f3n para la rebeli\u00f3n<\/a>, acusaciones que \u00e9l rechaza.\n    <\/p>\n<p class=\"paragraph inline-placeholder vossi-paragraph\" data-uri=\"es.cms.cnn.com\/_components\/paragraph\/instances\/cmnt4rqdk000k356r5gt6k58a@published\" data-editable=\"text\" data-component-name=\"paragraph\" data-article-gutter=\"true\">\n            Esa es, justamente, una de sus promesas centrales de campa\u00f1a: liberar a Castillo \u2014a quien <a href=\"https:\/\/x.com\/RobertoSanchP\/status\/1978710072021692625\" target=\"_blank\">considera v\u00edctima<\/a> de un \u201ccomplot golpista\u201d\u2014 recuperar el Gobierno \u201cpara el pueblo\u201d y crear una nueva Constituci\u00f3n.\n    <\/p>\n<p class=\"paragraph inline-placeholder vossi-paragraph\" data-uri=\"es.cms.cnn.com\/_components\/paragraph\/instances\/cmnt4s7n5000o356rhbclx311@published\" data-editable=\"text\" data-component-name=\"paragraph\" data-article-gutter=\"true\">\n            \u201cHa llegado el momento de la verdadera refundaci\u00f3n de la patria: una patria soberana, justa y construida desde las bases del pueblo peruano\u201d, <a href=\"https:\/\/x.com\/RobertoSanchP\/status\/2039680703961432349\" target=\"_blank\" rel=\"noopener noreferrer\">dice S\u00e1nchez<\/a>.\n    <\/p>\n<p class=\"paragraph inline-placeholder vossi-paragraph\" data-uri=\"es.cms.cnn.com\/_components\/paragraph\/instances\/cmnt4rqdk000l356rqhqu6v9i@published\" data-editable=\"text\" data-component-name=\"paragraph\" data-article-gutter=\"true\">\n            S\u00e1nchez, de 57 a\u00f1os, estudi\u00f3 Psicolog\u00eda Social en la Universidad Nacional Mayor de San Marcos, en Lima, y ejerci\u00f3 como psicoterapeuta individual y grupal en la d\u00e9cada del 1990. Tiene experiencia en la gesti\u00f3n p\u00fablica administrativa en el Ministerio de Salud y otras \u00e1reas del Gobierno peruano, al igual que como consultor privado, seg\u00fan consta <a href=\"https:\/\/www.linkedin.com\/in\/roberthosanchezp\/details\/education\/\" target=\"_blank\">en su perfil profesional<\/a>.\n    <\/p>\n<div data-uri=\"es.cms.cnn.com\/_components\/image\/instances\/cmnt59sie001t356r7qthbrcv@published\" class=\"image vossi-image  image__hide-placeholder\" data-image-variation=\"image\" data-name=\"60edfd96c829cc8fa341c4b80ca9d49857f1b2ac.jpg\" data-component-name=\"image\" data-observe-resizes=\"\" data-breakpoints=\"{\" image--eq-extra-small=\"\" data-original-ratio=\"0.6667539952842546\" data-original-height=\"5090\" data-original-width=\"7634\" data-url=\"https:\/\/media.cnn.com\/api\/v1\/images\/stellar\/prod\/60edfd96c829cc8fa341c4b80ca9d49857f1b2ac.jpg?c=original\" data-editable=\"settings\">\n<div class=\"image__container\" data-image-variation=\"image\" data-breakpoints=\"{\" image--eq-extra-small=\"\">\n       <picture class=\"image__picture\"><source height=\"5090\" width=\"7634\" media=\"(max-width: 479px)\" srcset=\"https:\/\/media.cnn.com\/api\/v1\/images\/stellar\/prod\/60edfd96c829cc8fa341c4b80ca9d49857f1b2ac.jpg?q=w_680,c_fill\/f_webp\" type=\"image\/webp\"><source height=\"5090\" width=\"7634\" media=\"(min-width: 480px)\" srcset=\"https:\/\/media.cnn.com\/api\/v1\/images\/stellar\/prod\/60edfd96c829cc8fa341c4b80ca9d49857f1b2ac.jpg?q=w_1160,c_fill\/f_webp\" type=\"image\/webp\"><source height=\"5090\" width=\"7634\" media=\"(min-width: 960px)\" srcset=\"https:\/\/media.cnn.com\/api\/v1\/images\/stellar\/prod\/60edfd96c829cc8fa341c4b80ca9d49857f1b2ac.jpg?q=w_1015,c_fill\/f_webp\" type=\"image\/webp\"><source height=\"5090\" width=\"7634\" media=\"(min-width: 1280px)\" srcset=\"https:\/\/media.cnn.com\/api\/v1\/images\/stellar\/prod\/60edfd96c829cc8fa341c4b80ca9d49857f1b2ac.jpg?q=w_1110,c_fill\/f_webp\" type=\"image\/webp\"><img decoding=\"async\" src=\"https:\/\/media.cnn.com\/api\/v1\/images\/stellar\/prod\/60edfd96c829cc8fa341c4b80ca9d49857f1b2ac.jpg?q=w_1110,c_fill\" alt=\"El candidato a la presidencia Roberto S\u00e1nchez habla durante el cierre de su campa\u00f1a.\" class=\"image__dam-img image__dam-img--loading\" onload=\"this.classList.remove('image__dam-img--loading')\" onerror=\"imageLoadError(this)\" height=\"5090\" width=\"7634\" loading=\"lazy\"\/><\/source><\/source><\/source><\/source><\/picture>\n    <\/div>\n<\/div>\n<p class=\"paragraph inline-placeholder vossi-paragraph\" data-uri=\"es.cms.cnn.com\/_components\/paragraph\/instances\/cmnt4rqdk000m356ro2ljz5un@published\" data-editable=\"text\" data-component-name=\"paragraph\" data-article-gutter=\"true\">\n            Fue ministro de Comercio Exterior y Turismo durante el Gobierno de Castillo, de quien <a href=\"https:\/\/www.tiktok.com\/@roberto.snchez.pa\/video\/7626479915751329045\" target=\"_blank\">tiene un apoyo expl\u00edcito<\/a>, y electo diputado en las elecciones de 2021 para el periodo hasta 2026.\n    <\/p>\n<p class=\"paragraph inline-placeholder vossi-paragraph\" data-uri=\"es.cms.cnn.com\/_components\/paragraph\/instances\/cmnt4sqwv000q356rnq64wh5y@published\" data-editable=\"text\" data-component-name=\"paragraph\" data-article-gutter=\"true\">\n            En un contexto de voto fragmentado y con muchas inc\u00f3gnitas, el candidato de Juntos por el Per\u00fa se ubicaba por debajo de los tres candidatos con mayor intenci\u00f3n de voto (a la par de Alfonso L\u00f3pez-Chau, seg\u00fan <a href=\"https:\/\/cnnespanol.cnn.com\/2026\/04\/05\/latinoamerica\/elecciones-peru-encuestas-candidatos-favoritos-orix\">las \u00faltimas encuestas<\/a>) y ha buscado captar el voto rural, una tendencia dif\u00edcil de medir en los relevamientos que podr\u00eda sorprender en los comicios del domingo.\n    <\/p>\n<p class=\"paragraph inline-placeholder vossi-paragraph\" data-uri=\"es.cms.cnn.com\/_components\/paragraph\/instances\/cmnujvnmi0001356r7ag8fevj@published\" data-editable=\"text\" data-component-name=\"paragraph\" data-article-gutter=\"true\">\n            La imprevisibilidad es tal que muchas de las estimaciones son sobre todo interrogantes en los que cualquier desenlace podr\u00eda convertirse en una posibilidad concreta. \u201cMuchos votantes apenas est\u00e1n empezando a decidir a qu\u00e9 candidato planean apoyar, y creo que es totalmente posible que un candidato con baja intenci\u00f3n de voto se vea catapultado hacia la segunda vuelta este domingo\u201d, dice a CNN Henry Ziemer, investigador asociado del Programa de las Am\u00e9ricas del Centro de Estudios Estrat\u00e9gicos e Internacionales (CSIS, por sus siglas en ingl\u00e9s).\n    <\/p>\n<div data-uri=\"es.cms.cnn.com\/_components\/image\/instances\/cmnt53ayj001m356r9cq5eu67@published\" class=\"image vossi-image  image__hide-placeholder\" data-image-variation=\"image\" data-name=\"5b79f1379f549ffa4ac04b0de0a4dda6f108dbf8.jpg\" data-component-name=\"image\" data-observe-resizes=\"\" data-breakpoints=\"{\" image--eq-extra-small=\"\" data-original-ratio=\"0.6668285575522098\" data-original-height=\"1373\" data-original-width=\"2059\" data-url=\"https:\/\/media.cnn.com\/api\/v1\/images\/stellar\/prod\/5b79f1379f549ffa4ac04b0de0a4dda6f108dbf8.jpg?c=original\" data-editable=\"settings\">\n<div class=\"image__container\" data-image-variation=\"image\" data-breakpoints=\"{\" image--eq-extra-small=\"\">\n       <picture class=\"image__picture\"><source height=\"1373\" width=\"2059\" media=\"(max-width: 479px)\" srcset=\"https:\/\/media.cnn.com\/api\/v1\/images\/stellar\/prod\/5b79f1379f549ffa4ac04b0de0a4dda6f108dbf8.jpg?q=w_680,c_fill\/f_webp\" type=\"image\/webp\"><source height=\"1373\" width=\"2059\" media=\"(min-width: 480px)\" srcset=\"https:\/\/media.cnn.com\/api\/v1\/images\/stellar\/prod\/5b79f1379f549ffa4ac04b0de0a4dda6f108dbf8.jpg?q=w_1160,c_fill\/f_webp\" type=\"image\/webp\"><source height=\"1373\" width=\"2059\" media=\"(min-width: 960px)\" srcset=\"https:\/\/media.cnn.com\/api\/v1\/images\/stellar\/prod\/5b79f1379f549ffa4ac04b0de0a4dda6f108dbf8.jpg?q=w_1015,c_fill\/f_webp\" type=\"image\/webp\"><source height=\"1373\" width=\"2059\" media=\"(min-width: 1280px)\" srcset=\"https:\/\/media.cnn.com\/api\/v1\/images\/stellar\/prod\/5b79f1379f549ffa4ac04b0de0a4dda6f108dbf8.jpg?q=w_1110,c_fill\/f_webp\" type=\"image\/webp\"><img decoding=\"async\" src=\"https:\/\/media.cnn.com\/api\/v1\/images\/stellar\/prod\/5b79f1379f549ffa4ac04b0de0a4dda6f108dbf8.jpg?q=w_1110,c_fill\" alt=\"El candidato a la presidencia de Per\u00fa por el partido Ahora Naci\u00f3n, Alfonso L\u00f3pez-Chau, reacciona durante el evento de cierre de su campa\u00f1a el 9 de abril.\" class=\"image__dam-img image__dam-img--loading\" onload=\"this.classList.remove('image__dam-img--loading')\" onerror=\"imageLoadError(this)\" height=\"1373\" width=\"2059\" loading=\"lazy\"\/><\/source><\/source><\/source><\/source><\/picture>\n    <\/div>\n<\/div>\n<p class=\"paragraph inline-placeholder vossi-paragraph\" data-uri=\"es.cms.cnn.com\/_components\/paragraph\/instances\/cmnt4xuhv000u356rrbsg2ken@published\" data-editable=\"text\" data-component-name=\"paragraph\" data-article-gutter=\"true\">\n            \u201cChau al pacto mafioso\u201d en Per\u00fa, pide Alfonso L\u00f3pez-Chau, candidato de la centroizquierda y exdirector del Banco Central de Reserva del Per\u00fa.\n    <\/p>\n<p class=\"paragraph inline-placeholder vossi-paragraph\" data-uri=\"es.cms.cnn.com\/_components\/paragraph\/instances\/cmnt4ya6m000w356rnv6af9rw@published\" data-editable=\"text\" data-component-name=\"paragraph\" data-article-gutter=\"true\">\n            El economista y exrector de la Universidad Nacional de Ingenier\u00eda (UNI), de 75 a\u00f1os, pide \u201ccerrar el ciclo\u201d de la \u00faltima d\u00e9cada en Per\u00fa, a la que define como signada por la degradaci\u00f3n pol\u00edtica.\n    <\/p>\n<p class=\"paragraph inline-placeholder vossi-paragraph\" data-uri=\"es.cms.cnn.com\/_components\/paragraph\/instances\/cmnt4ya6m000x356rlvgasot1@published\" data-editable=\"text\" data-component-name=\"paragraph\" data-article-gutter=\"true\">\n            \u201cVivimos una d\u00e9cada marcada por la degradaci\u00f3n pol\u00edtica: Congresos dominados por intereses particulares, partidos corruptos y presidentes debilitados, capturados por redes vinculadas a econom\u00edas ilegales o no elegidos por el pueblo. El resultado ha sido un pa\u00eds detenido\u201d, dice L\u00f3pez Chau, que busca llegar a la Presidencia de Per\u00fa <a href=\"https:\/\/ahoranacion.pe\/nosotros\/\" target=\"_blank\">con el sello Ahora Naci\u00f3n<\/a>, el partido que fund\u00f3 y preside desde el a\u00f1o 2023.\n    <\/p>\n<p class=\"paragraph inline-placeholder vossi-paragraph\" data-uri=\"es.cms.cnn.com\/_components\/paragraph\/instances\/cmnt4ya6m000y356roe2h1gws@published\" data-editable=\"text\" data-component-name=\"paragraph\" data-article-gutter=\"true\">\n            En un tono de autocr\u00edtica, el candidato dijo en marzo pasado que su generaci\u00f3n deber\u00eda pedir perd\u00f3n a los j\u00f3venes porque deber\u00edan \u201chaberles entregado un mejor pa\u00eds\u201d. En ese mismo encuentro, prometi\u00f3 \u201climpiar\u201d a Per\u00fa de la corrupci\u00f3n.\n    <\/p>\n<p class=\"paragraph inline-placeholder vossi-paragraph\" data-uri=\"es.cms.cnn.com\/_components\/paragraph\/instances\/cmnt4ya6m000z356r30iqybqv@published\" data-editable=\"text\" data-component-name=\"paragraph\" data-article-gutter=\"true\">\n            Con una mirada que se aleja de la \u201cmano dura\u201d en seguridad que plantean otros candidatos como L\u00f3pez Aliaga o Fujimori, L\u00f3pez-Chau considera que <a href=\"https:\/\/efs.efeservicios.com\/texto\/candidato-presidencial-peruano-lopez-chau-promete-erradicar-criminales-corte-idh\/55019891754\" target=\"_blank\">se puede atacar a la delincuencia<\/a> enfoc\u00e1ndose en atacar sus finanzas, bienes, comunicaciones y armamento.\n    <\/p>\n<div data-uri=\"es.cms.cnn.com\/_components\/image\/instances\/cmnt5690p001r356rbjpz9uyj@published\" class=\"image vossi-image  image__hide-placeholder\" data-image-variation=\"image\" data-name=\"22a64de532d1deb06e5171cc67014a34cc9835af.jpg\" data-component-name=\"image\" data-observe-resizes=\"\" data-breakpoints=\"{\" image--eq-extra-small=\"\" data-original-ratio=\"0.6586220319190347\" data-original-height=\"3384\" data-original-width=\"5138\" data-url=\"https:\/\/media.cnn.com\/api\/v1\/images\/stellar\/prod\/22a64de532d1deb06e5171cc67014a34cc9835af.jpg?c=original\" data-editable=\"settings\">\n<div class=\"image__container\" data-image-variation=\"image\" data-breakpoints=\"{\" image--eq-extra-small=\"\">\n       <picture class=\"image__picture\"><source height=\"3384\" width=\"5138\" media=\"(max-width: 479px)\" srcset=\"https:\/\/media.cnn.com\/api\/v1\/images\/stellar\/prod\/22a64de532d1deb06e5171cc67014a34cc9835af.jpg?q=w_680,c_fill\/f_webp\" type=\"image\/webp\"><source height=\"3384\" width=\"5138\" media=\"(min-width: 480px)\" srcset=\"https:\/\/media.cnn.com\/api\/v1\/images\/stellar\/prod\/22a64de532d1deb06e5171cc67014a34cc9835af.jpg?q=w_1160,c_fill\/f_webp\" type=\"image\/webp\"><source height=\"3384\" width=\"5138\" media=\"(min-width: 960px)\" srcset=\"https:\/\/media.cnn.com\/api\/v1\/images\/stellar\/prod\/22a64de532d1deb06e5171cc67014a34cc9835af.jpg?q=w_1015,c_fill\/f_webp\" type=\"image\/webp\"><source height=\"3384\" width=\"5138\" media=\"(min-width: 1280px)\" srcset=\"https:\/\/media.cnn.com\/api\/v1\/images\/stellar\/prod\/22a64de532d1deb06e5171cc67014a34cc9835af.jpg?q=w_1110,c_fill\/f_webp\" type=\"image\/webp\"><img decoding=\"async\" src=\"https:\/\/media.cnn.com\/api\/v1\/images\/stellar\/prod\/22a64de532d1deb06e5171cc67014a34cc9835af.jpg?q=w_1110,c_fill\" alt=\"El candidato de centroizquierda a la Presidencia de Per\u00fa, Alfonso L\u00f3pez Chau, durante un acto de campa\u00f1a en Lima en febrero de 2026.\" class=\"image__dam-img image__dam-img--loading\" onload=\"this.classList.remove('image__dam-img--loading')\" onerror=\"imageLoadError(this)\" height=\"3384\" width=\"5138\" loading=\"lazy\"\/><\/source><\/source><\/source><\/source><\/picture>\n    <\/div>\n<\/div>\n<p class=\"paragraph inline-placeholder vossi-paragraph\" data-uri=\"es.cms.cnn.com\/_components\/paragraph\/instances\/cmnt4ya6m0010356rwkloflh6@published\" data-editable=\"text\" data-component-name=\"paragraph\" data-article-gutter=\"true\">\n            Para \u00e9l, <a href=\"https:\/\/x.com\/LopezChauNava\/status\/2023868508442943492\" target=\"_blank\">Per\u00fa necesita<\/a> \u201c\u00e9tica p\u00fablica, respeto irrestricto a las mujeres y defensa firme de la democracia\u201d.\n    <\/p>\n<p class=\"paragraph inline-placeholder vossi-paragraph\" data-uri=\"es.cms.cnn.com\/_components\/paragraph\/instances\/cmnt4ya6m0012356rqelr6dwh@published\" data-editable=\"text\" data-component-name=\"paragraph\" data-article-gutter=\"true\">\n            L\u00f3pez-Chau fue desde joven un militante de la izquierda. Particip\u00f3 de protestas en las calles y en la d\u00e9cada del 1970 fue detenido durante la dictadura militar. Meses despu\u00e9s fue amnistiado. \u201cQuiero decirlo con total claridad: actu\u00e9 y act\u00fao movido por una convicci\u00f3n firme, que no ha cambiado con los a\u00f1os: oponerme a toda dictadura, sin importar su origen ni su signo ideol\u00f3gico\u201d, dijo tiempo atr\u00e1s al hablar de su pasado en una <a href=\"https:\/\/x.com\/LopezChauNava\/status\/2010383457449328863\" target=\"_blank\">publicaci\u00f3n de X<\/a>, en la que mostr\u00f3 un certificado donde consta que no tiene antecedentes penales ni judiciales.\n    <\/p>\n<p class=\"paragraph inline-placeholder vossi-paragraph\" data-uri=\"es.cms.cnn.com\/_components\/paragraph\/instances\/cmnt4ya6m0014356rghu1uo18@published\" data-editable=\"text\" data-component-name=\"paragraph\" data-article-gutter=\"true\">\n            En la \u00faltima d\u00e9cada, Per\u00fa ha tenido 8 presidentes y enfrenta ahora la oportunidad de superar una larga crisis de legitimidad pol\u00edtica al volver a tener un congreso bicameral, con un nuevo Senado, lo que podr\u00eda contribuir a reducir su inestabilidad.\n    <\/p>\n<p class=\"paragraph inline-placeholder vossi-paragraph\" data-uri=\"es.cms.cnn.com\/_components\/paragraph\/instances\/cmnuk80740005356ru62wyvx0@published\" data-editable=\"text\" data-component-name=\"paragraph\" data-article-gutter=\"true\">\n            En la medida en que el pr\u00f3ximo presidente muestre capacidad para trabajar en conjunto con el Congreso, eso marcar\u00e1 una gran diferencia en su habilidad para implementar una agenda y evitar un juicio pol\u00edtico, plantea Ziemer.\n    <\/p>\n<p class=\"paragraph inline-placeholder vossi-paragraph\" data-uri=\"es.cms.cnn.com\/_components\/paragraph\/instances\/cmnuk31tu0003356re8kyx672@published\" data-editable=\"text\" data-component-name=\"paragraph\" data-article-gutter=\"true\">\n            Un desaf\u00edo para el pa\u00eds, que atraviesa un clima de creciente apat\u00eda pol\u00edtica. \u201cUna victoria marcada por una baja participaci\u00f3n electoral y una gran cantidad de votos nulos probablemente no bastar\u00e1 para poner fin a la crisis de legitimidad que han enfrentado varios presidentes sucesivos\u201d, advierte el investigador del CSIS.\n    <\/p>\n<\/p><\/div>\n<p><script async src=\"\/\/www.tiktok.com\/embed.js\"><\/script><br \/>\n<br \/><br \/>\n<br \/><a href=\"https:\/\/cnnespanol.cnn.com\/2026\/04\/11\/latinoamerica\/roberto-sanchez-alfonso-lopez-chau-candidatos-izquierda-peru-orix\">Source link <\/a><\/p>","protected":false},"excerpt":{"rendered":"<p>CNN Espa\u00f1ol\u00a0\u2014\u00a0 M\u00e1s de 27 millones de votantes est\u00e1n habilitados para elegir al pr\u00f3ximo presidente de Per\u00fa este domingo 12 de abril, en unas elecciones que seg\u00fan las estimaciones podr\u00edan definirse reci\u00e9n en una segunda vuelta en junio. Es que, hasta la semana previa a los comicios presidenciales, en los que tambi\u00e9n se definir\u00e1 la [&hellip;]<\/p>\n","protected":false},"author":1,"featured_media":105498,"comment_status":"closed","ping_status":"","sticky":false,"template":"","format":"standard","meta":{"googlesitekit_rrm_CAow2JLhCw:productID":"","_gspb_post_css":"","maa_idioma":"","maa_pais":"","footnotes":""},"categories":[2725],"tags":[19947,5172,27518,27517,5793,5087,27516,4164,27515,8118,18359,5296],"class_list":["post-105497","post","type-post","status-publish","format-standard","has-post-thumbnail","hentry","category-europe","tag-alfonso","tag-candidatos","tag-izquierda","tag-lopezchau","tag-peru","tag-presidencia","tag-proponen","tag-que","tag-quienes","tag-roberto","tag-sanchez","tag-son"],"blocksy_meta":[],"yoast_head":"<!-- This site is optimized with the Yoast SEO Premium plugin v27.6 (Yoast SEO v27.6) - https:\/\/yoast.com\/product\/yoast-seo-premium-wordpress\/ -->\n<title>\u00bfQui\u00e9nes son y qu\u00e9 proponen Roberto S\u00e1nchez y Alfonso L\u00f3pez-Chau, candidatos de izquierda a la presidencia de Per\u00fa? - Ubirat\u00e3 Online Not\u00edcias - A realidade ao seu alcance!<\/title>\n<meta name=\"description\" content=\"CNN Espa\u00f1ol\u00a0\u2014\u00a0 M\u00e1s de 27 millones de votantes est\u00e1n habilitados para elegir al pr\u00f3ximo presidente de Per\u00fa este domingo 12 de abril, en unas elecciones que\" \/>\n<meta name=\"robots\" content=\"index, follow, max-snippet:-1, max-image-preview:large, max-video-preview:-1\" \/>\n<link rel=\"canonical\" href=\"https:\/\/ubirataonline.com.br\/en\/quienes-son-y-que-proponen-roberto-sanchez-y-alfonso-lopez-chau-candidatos-de-izquierda-a-la-presidencia-de-peru\/\" \/>\n<meta property=\"og:locale\" content=\"en_US\" \/>\n<meta property=\"og:type\" content=\"article\" \/>\n<meta property=\"og:title\" content=\"\u00bfQui\u00e9nes son y qu\u00e9 proponen Roberto S\u00e1nchez y Alfonso L\u00f3pez-Chau, candidatos de izquierda a la presidencia de Per\u00fa?\" \/>\n<meta property=\"og:description\" content=\"CNN Espa\u00f1ol\u00a0\u2014\u00a0 M\u00e1s de 27 millones de votantes est\u00e1n habilitados para elegir al pr\u00f3ximo presidente de Per\u00fa este domingo 12 de abril, en unas elecciones que\" \/>\n<meta property=\"og:url\" content=\"https:\/\/ubirataonline.com.br\/en\/quienes-son-y-que-proponen-roberto-sanchez-y-alfonso-lopez-chau-candidatos-de-izquierda-a-la-presidencia-de-peru\/\" \/>\n<meta property=\"og:site_name\" content=\"Ubirat\u00e3 Online Not\u00edcias - A realidade ao seu alcance!\" \/>\n<meta property=\"article:publisher\" content=\"https:\/\/www.facebook.com\/portalubirataonline\" \/>\n<meta property=\"article:author\" content=\"https:\/\/www.facebook.com\/portalubirataonline\" \/>\n<meta property=\"article:published_time\" content=\"2026-04-12T23:48:28+00:00\" \/>\n<meta property=\"article:modified_time\" content=\"2026-04-12T23:48:42+00:00\" \/>\n<meta property=\"og:image\" content=\"https:\/\/ubirataonline.com.br\/wp-content\/uploads\/2026\/04\/\u00bfQuienes-son-y-que-proponen-Roberto-Sanchez-y-Alfonso-Lopez-Chau.png\" \/>\n\t<meta property=\"og:image:width\" content=\"800\" \/>\n\t<meta property=\"og:image:height\" content=\"450\" \/>\n\t<meta property=\"og:image:type\" content=\"image\/png\" \/>\n<meta name=\"author\" content=\"REDA\u00c7\u00c3O: UBIRAT\u00c3 ONLINE - F\u00c1BIO AUGUSTO CELESTINO\" \/>\n<meta name=\"twitter:card\" content=\"summary_large_image\" \/>\n<meta name=\"twitter:creator\" content=\"@x.com\/ubirataonline\" \/>\n<meta name=\"twitter:site\" content=\"@ubirataonline\" \/>\n<meta name=\"twitter:label1\" content=\"Written by\" \/>\n\t<meta name=\"twitter:data1\" content=\"REDA\u00c7\u00c3O: UBIRAT\u00c3 ONLINE - F\u00c1BIO AUGUSTO CELESTINO\" \/>\n\t<meta name=\"twitter:label2\" content=\"Est. reading time\" \/>\n\t<meta name=\"twitter:data2\" content=\"5 minutes\" \/>\n<script type=\"application\/ld+json\" class=\"yoast-schema-graph\">{\"@context\":\"https:\\\/\\\/schema.org\",\"@graph\":[{\"@type\":\"NewsArticle\",\"@id\":\"https:\\\/\\\/ubirataonline.com.br\\\/quienes-son-y-que-proponen-roberto-sanchez-y-alfonso-lopez-chau-candidatos-de-izquierda-a-la-presidencia-de-peru\\\/#article\",\"isPartOf\":{\"@id\":\"https:\\\/\\\/ubirataonline.com.br\\\/quienes-son-y-que-proponen-roberto-sanchez-y-alfonso-lopez-chau-candidatos-de-izquierda-a-la-presidencia-de-peru\\\/\"},\"author\":{\"name\":\"REDA\u00c7\u00c3O: UBIRAT\u00c3 ONLINE - F\u00c1BIO AUGUSTO CELESTINO\",\"@id\":\"https:\\\/\\\/ubirataonline.com.br\\\/#\\\/schema\\\/person\\\/372f87bbd3fdd79b8556b84c98d0bc1c\"},\"headline\":\"\u00bfQui\u00e9nes son y qu\u00e9 proponen Roberto S\u00e1nchez y Alfonso L\u00f3pez-Chau, candidatos de izquierda a la presidencia de Per\u00fa?\",\"datePublished\":\"2026-04-12T23:48:28+00:00\",\"dateModified\":\"2026-04-12T23:48:42+00:00\",\"mainEntityOfPage\":{\"@id\":\"https:\\\/\\\/ubirataonline.com.br\\\/quienes-son-y-que-proponen-roberto-sanchez-y-alfonso-lopez-chau-candidatos-de-izquierda-a-la-presidencia-de-peru\\\/\"},\"wordCount\":1097,\"publisher\":{\"@id\":\"https:\\\/\\\/ubirataonline.com.br\\\/#organization\"},\"image\":{\"@id\":\"https:\\\/\\\/ubirataonline.com.br\\\/quienes-son-y-que-proponen-roberto-sanchez-y-alfonso-lopez-chau-candidatos-de-izquierda-a-la-presidencia-de-peru\\\/#primaryimage\"},\"thumbnailUrl\":\"https:\\\/\\\/ubirataonline.com.br\\\/wp-content\\\/uploads\\\/2026\\\/04\\\/\u00bfQuienes-son-y-que-proponen-Roberto-Sanchez-y-Alfonso-Lopez-Chau.png\",\"keywords\":[\"Alfonso\",\"candidatos\",\"izquierda\",\"L\u00f3pezChau\",\"Peru\",\"Presid\u00eancia\",\"proponen\",\"Qu\u00e9\",\"Qui\u00e9nes\",\"Roberto\",\"S\u00e1nchez\",\"Son\"],\"articleSection\":[\"Europe\"],\"inLanguage\":\"en-US\",\"copyrightYear\":\"2026\",\"copyrightHolder\":{\"@id\":\"https:\\\/\\\/ubirataonline.com.br\\\/en\\\/#organization\"}},{\"@type\":\"WebPage\",\"@id\":\"https:\\\/\\\/ubirataonline.com.br\\\/quienes-son-y-que-proponen-roberto-sanchez-y-alfonso-lopez-chau-candidatos-de-izquierda-a-la-presidencia-de-peru\\\/\",\"url\":\"https:\\\/\\\/ubirataonline.com.br\\\/quienes-son-y-que-proponen-roberto-sanchez-y-alfonso-lopez-chau-candidatos-de-izquierda-a-la-presidencia-de-peru\\\/\",\"name\":\"\u00bfQui\u00e9nes son y qu\u00e9 proponen Roberto S\u00e1nchez y Alfonso L\u00f3pez-Chau, candidatos de izquierda a la presidencia de Per\u00fa? - Ubirat\u00e3 Online Not\u00edcias - A realidade ao seu alcance!\",\"isPartOf\":{\"@id\":\"https:\\\/\\\/ubirataonline.com.br\\\/#website\"},\"primaryImageOfPage\":{\"@id\":\"https:\\\/\\\/ubirataonline.com.br\\\/quienes-son-y-que-proponen-roberto-sanchez-y-alfonso-lopez-chau-candidatos-de-izquierda-a-la-presidencia-de-peru\\\/#primaryimage\"},\"image\":{\"@id\":\"https:\\\/\\\/ubirataonline.com.br\\\/quienes-son-y-que-proponen-roberto-sanchez-y-alfonso-lopez-chau-candidatos-de-izquierda-a-la-presidencia-de-peru\\\/#primaryimage\"},\"thumbnailUrl\":\"https:\\\/\\\/ubirataonline.com.br\\\/wp-content\\\/uploads\\\/2026\\\/04\\\/\u00bfQuienes-son-y-que-proponen-Roberto-Sanchez-y-Alfonso-Lopez-Chau.png\",\"datePublished\":\"2026-04-12T23:48:28+00:00\",\"dateModified\":\"2026-04-12T23:48:42+00:00\",\"description\":\"CNN Espa\u00f1ol\u00a0\u2014\u00a0 M\u00e1s de 27 millones de votantes est\u00e1n habilitados para elegir al pr\u00f3ximo presidente de Per\u00fa este domingo 12 de abril, en unas elecciones que\",\"breadcrumb\":{\"@id\":\"https:\\\/\\\/ubirataonline.com.br\\\/quienes-son-y-que-proponen-roberto-sanchez-y-alfonso-lopez-chau-candidatos-de-izquierda-a-la-presidencia-de-peru\\\/#breadcrumb\"},\"inLanguage\":\"en-US\",\"potentialAction\":[{\"@type\":\"ReadAction\",\"target\":[\"https:\\\/\\\/ubirataonline.com.br\\\/quienes-son-y-que-proponen-roberto-sanchez-y-alfonso-lopez-chau-candidatos-de-izquierda-a-la-presidencia-de-peru\\\/\"]}]},{\"@type\":\"ImageObject\",\"inLanguage\":\"en-US\",\"@id\":\"https:\\\/\\\/ubirataonline.com.br\\\/quienes-son-y-que-proponen-roberto-sanchez-y-alfonso-lopez-chau-candidatos-de-izquierda-a-la-presidencia-de-peru\\\/#primaryimage\",\"url\":\"https:\\\/\\\/ubirataonline.com.br\\\/wp-content\\\/uploads\\\/2026\\\/04\\\/\u00bfQuienes-son-y-que-proponen-Roberto-Sanchez-y-Alfonso-Lopez-Chau.png\",\"contentUrl\":\"https:\\\/\\\/ubirataonline.com.br\\\/wp-content\\\/uploads\\\/2026\\\/04\\\/\u00bfQuienes-son-y-que-proponen-Roberto-Sanchez-y-Alfonso-Lopez-Chau.png\",\"width\":800,\"height\":450,\"caption\":\"Paul Vallejo\\\/Paolo Aguilar\\\/EFE\"},{\"@type\":\"BreadcrumbList\",\"@id\":\"https:\\\/\\\/ubirataonline.com.br\\\/quienes-son-y-que-proponen-roberto-sanchez-y-alfonso-lopez-chau-candidatos-de-izquierda-a-la-presidencia-de-peru\\\/#breadcrumb\",\"itemListElement\":[{\"@type\":\"ListItem\",\"position\":1,\"name\":\"In\u00edcio\",\"item\":\"https:\\\/\\\/ubirataonline.com.br\\\/\"},{\"@type\":\"ListItem\",\"position\":2,\"name\":\"\u00bfQui\u00e9nes son y qu\u00e9 proponen Roberto S\u00e1nchez y Alfonso L\u00f3pez-Chau, candidatos de izquierda a la presidencia de Per\u00fa?\"}]},{\"@type\":\"WebSite\",\"@id\":\"https:\\\/\\\/ubirataonline.com.br\\\/#website\",\"url\":\"https:\\\/\\\/ubirataonline.com.br\\\/\",\"name\":\"Ubirat\u00e3 Online Not\u00edcias\",\"description\":\"Not\u00edcias de Ubirat\u00e3, regi\u00e3o, Brasil e mundo, com informa\u00e7\u00e3o atualizada e compromisso com o leitor.\",\"publisher\":{\"@id\":\"https:\\\/\\\/ubirataonline.com.br\\\/#organization\"},\"alternateName\":\"Ubirat\u00e3 Online\",\"potentialAction\":[{\"@type\":\"SearchAction\",\"target\":{\"@type\":\"EntryPoint\",\"urlTemplate\":\"https:\\\/\\\/ubirataonline.com.br\\\/?s={search_term_string}\"},\"query-input\":{\"@type\":\"PropertyValueSpecification\",\"valueRequired\":true,\"valueName\":\"search_term_string\"}}],\"inLanguage\":\"en-US\"},{\"@type\":[\"Organization\",\"Place\"],\"@id\":\"https:\\\/\\\/ubirataonline.com.br\\\/#organization\",\"name\":\"Ubirat\u00e3 Online Not\u00edcias\",\"alternateName\":\"Ubirat\u00e3 Online\",\"url\":\"https:\\\/\\\/ubirataonline.com.br\\\/\",\"logo\":{\"@id\":\"https:\\\/\\\/ubirataonline.com.br\\\/quienes-son-y-que-proponen-roberto-sanchez-y-alfonso-lopez-chau-candidatos-de-izquierda-a-la-presidencia-de-peru\\\/#local-main-organization-logo\"},\"image\":{\"@id\":\"https:\\\/\\\/ubirataonline.com.br\\\/quienes-son-y-que-proponen-roberto-sanchez-y-alfonso-lopez-chau-candidatos-de-izquierda-a-la-presidencia-de-peru\\\/#local-main-organization-logo\"},\"sameAs\":[\"https:\\\/\\\/www.facebook.com\\\/portalubirataonline\",\"https:\\\/\\\/x.com\\\/ubirataonline\",\"https:\\\/\\\/mastodon.social\\\/@ubirataonline\",\"https:\\\/\\\/www.facebook.com\\\/groups\\\/311144672285604\",\"https:\\\/\\\/www.facebook.com\\\/UBTAOnline\",\"https:\\\/\\\/www.instagram.com\\\/portalubirataonline\\\/\",\"https:\\\/\\\/twitter.com\\\/ubirataonline\"],\"description\":\"Somos um portal de not\u00edcias independente, criado em 5 de janeiro de 2009, com o objetivo de informar, conectar e valorizar a nossa comunidade de Ubirat\u00e3 e toda aregi\u00e3o. Com conte\u00fado atualizado, confi\u00e1vel e relevante, o Ubirat\u00e3 Online \u00e9 o seu espa\u00e7o para ficar por dentro dos principais acontecimentos locais, regionais, Brasil, Mundo e de interesse geral. Nosso compromisso \u00e9 com a verdade, a transpar\u00eancia e o respeito ao leitor.\",\"legalName\":\"UBIRATA ONLINE NOT\u00cdCIAS\",\"foundingDate\":\"2009-01-05\",\"numberOfEmployees\":{\"@type\":\"QuantitativeValue\",\"minValue\":\"1\",\"maxValue\":\"10\"},\"publishingPrinciples\":\"https:\\\/\\\/ubirataonline.com.br\\\/faq\\\/\",\"address\":{\"@id\":\"https:\\\/\\\/ubirataonline.com.br\\\/quienes-son-y-que-proponen-roberto-sanchez-y-alfonso-lopez-chau-candidatos-de-izquierda-a-la-presidencia-de-peru\\\/#local-main-place-address\"},\"geo\":{\"@type\":\"GeoCoordinates\",\"latitude\":\"-24.5361401\",\"longitude\":\"-52.9921776\"},\"telephone\":[\"+5544998308235\"],\"contactPoint\":{\"@type\":\"ContactPoint\",\"email\":\"contato@ubirataonline.com.br\"},\"openingHoursSpecification\":{\"@type\":\"OpeningHoursSpecification\",\"dayOfWeek\":[\"Monday\",\"Tuesday\",\"Wednesday\",\"Thursday\",\"Friday\",\"Saturday\",\"Sunday\"],\"opens\":\"00:00\",\"closes\":\"23:59\"},\"email\":\"contato@ubirataonline.com.br\",\"vatID\":\"47.621.418\\\/0001-80\"},{\"@type\":\"Person\",\"@id\":\"https:\\\/\\\/ubirataonline.com.br\\\/#\\\/schema\\\/person\\\/372f87bbd3fdd79b8556b84c98d0bc1c\",\"name\":\"REDA\u00c7\u00c3O: UBIRAT\u00c3 ONLINE - F\u00c1BIO AUGUSTO CELESTINO\",\"pronouns\":\"Ele\",\"description\":\"Desde 2003 trabalhando com not\u00edcias.\",\"sameAs\":[\"http:\\\/\\\/ubirataoline.com.br\",\"https:\\\/\\\/www.facebook.com\\\/portalubirataonline\",\"https:\\\/\\\/www.instagram.com\\\/ubirataonline_oficial\",\"https:\\\/\\\/x.com\\\/x.com\\\/ubirataonline\"],\"honorificPrefix\":\"Mr.\",\"honorificSuffix\":\"MD\",\"birthDate\":\"1980-06-16\",\"gender\":\"masculino\",\"award\":[\"V\u00e1rios pr\u00eamios de melhor portal da cidade\"],\"jobTitle\":\"Diretor\",\"url\":\"https:\\\/\\\/ubirataonline.com.br\\\/en\\\/author\\\/ubirataonline\\\/\"},{\"@type\":\"PostalAddress\",\"@id\":\"https:\\\/\\\/ubirataonline.com.br\\\/quienes-son-y-que-proponen-roberto-sanchez-y-alfonso-lopez-chau-candidatos-de-izquierda-a-la-presidencia-de-peru\\\/#local-main-place-address\",\"streetAddress\":\"Rua dos Coqueiros, 104 - Bairro Boa Vista, Rua dos Coqueiros, 104 Bairro Boa Vista\",\"addressLocality\":\"UBIRATA\",\"postalCode\":\"85440-000\",\"addressRegion\":\"PR\",\"addressCountry\":\"BR\"},{\"@type\":\"ImageObject\",\"inLanguage\":\"en-US\",\"@id\":\"https:\\\/\\\/ubirataonline.com.br\\\/quienes-son-y-que-proponen-roberto-sanchez-y-alfonso-lopez-chau-candidatos-de-izquierda-a-la-presidencia-de-peru\\\/#local-main-organization-logo\",\"url\":\"https:\\\/\\\/ubirataonline.com.br\\\/wp-content\\\/uploads\\\/2026\\\/06\\\/logoubirataonline-1.webp\",\"contentUrl\":\"https:\\\/\\\/ubirataonline.com.br\\\/wp-content\\\/uploads\\\/2026\\\/06\\\/logoubirataonline-1.webp\",\"width\":500,\"height\":500,\"caption\":\"Ubirat\u00e3 Online Not\u00edcias\"}]}<\/script>\n<meta name=\"geo.placename\" content=\"UBIRATA\" \/>\n<meta name=\"geo.position\" content=\"-24.5361401;-52.9921776\" \/>\n<meta name=\"geo.region\" content=\"Brazil\" \/>\n<!-- \/ Yoast SEO Premium plugin. -->","yoast_head_json":{"title":"\u00bfQui\u00e9nes son y qu\u00e9 proponen Roberto S\u00e1nchez y Alfonso L\u00f3pez-Chau, candidatos de izquierda a la presidencia de Per\u00fa? - Ubirat\u00e3 Online Not\u00edcias - A realidade ao seu alcance!","description":"CNN Espa\u00f1ol\u00a0\u2014\u00a0 M\u00e1s de 27 millones de votantes est\u00e1n habilitados para elegir al pr\u00f3ximo presidente de Per\u00fa este domingo 12 de abril, en unas elecciones que","robots":{"index":"index","follow":"follow","max-snippet":"max-snippet:-1","max-image-preview":"max-image-preview:large","max-video-preview":"max-video-preview:-1"},"canonical":"https:\/\/ubirataonline.com.br\/en\/quienes-son-y-que-proponen-roberto-sanchez-y-alfonso-lopez-chau-candidatos-de-izquierda-a-la-presidencia-de-peru\/","og_locale":"en_US","og_type":"article","og_title":"\u00bfQui\u00e9nes son y qu\u00e9 proponen Roberto S\u00e1nchez y Alfonso L\u00f3pez-Chau, candidatos de izquierda a la presidencia de Per\u00fa?","og_description":"CNN Espa\u00f1ol\u00a0\u2014\u00a0 M\u00e1s de 27 millones de votantes est\u00e1n habilitados para elegir al pr\u00f3ximo presidente de Per\u00fa este domingo 12 de abril, en unas elecciones que","og_url":"https:\/\/ubirataonline.com.br\/en\/quienes-son-y-que-proponen-roberto-sanchez-y-alfonso-lopez-chau-candidatos-de-izquierda-a-la-presidencia-de-peru\/","og_site_name":"Ubirat\u00e3 Online Not\u00edcias - A realidade ao seu alcance!","article_publisher":"https:\/\/www.facebook.com\/portalubirataonline","article_author":"https:\/\/www.facebook.com\/portalubirataonline","article_published_time":"2026-04-12T23:48:28+00:00","article_modified_time":"2026-04-12T23:48:42+00:00","og_image":[{"width":800,"height":450,"url":"https:\/\/ubirataonline.com.br\/wp-content\/uploads\/2026\/04\/\u00bfQuienes-son-y-que-proponen-Roberto-Sanchez-y-Alfonso-Lopez-Chau.png","type":"image\/png"}],"author":"REDA\u00c7\u00c3O: UBIRAT\u00c3 ONLINE - F\u00c1BIO AUGUSTO CELESTINO","twitter_card":"summary_large_image","twitter_creator":"@x.com\/ubirataonline","twitter_site":"@ubirataonline","twitter_misc":{"Written by":"REDA\u00c7\u00c3O: UBIRAT\u00c3 ONLINE - F\u00c1BIO AUGUSTO CELESTINO","Est. reading time":"5 minutes"},"schema":{"@context":"https:\/\/schema.org","@graph":[{"@type":"NewsArticle","@id":"https:\/\/ubirataonline.com.br\/quienes-son-y-que-proponen-roberto-sanchez-y-alfonso-lopez-chau-candidatos-de-izquierda-a-la-presidencia-de-peru\/#article","isPartOf":{"@id":"https:\/\/ubirataonline.com.br\/quienes-son-y-que-proponen-roberto-sanchez-y-alfonso-lopez-chau-candidatos-de-izquierda-a-la-presidencia-de-peru\/"},"author":{"name":"REDA\u00c7\u00c3O: UBIRAT\u00c3 ONLINE - F\u00c1BIO AUGUSTO CELESTINO","@id":"https:\/\/ubirataonline.com.br\/#\/schema\/person\/372f87bbd3fdd79b8556b84c98d0bc1c"},"headline":"\u00bfQui\u00e9nes son y qu\u00e9 proponen Roberto S\u00e1nchez y Alfonso L\u00f3pez-Chau, candidatos de izquierda a la presidencia de Per\u00fa?","datePublished":"2026-04-12T23:48:28+00:00","dateModified":"2026-04-12T23:48:42+00:00","mainEntityOfPage":{"@id":"https:\/\/ubirataonline.com.br\/quienes-son-y-que-proponen-roberto-sanchez-y-alfonso-lopez-chau-candidatos-de-izquierda-a-la-presidencia-de-peru\/"},"wordCount":1097,"publisher":{"@id":"https:\/\/ubirataonline.com.br\/#organization"},"image":{"@id":"https:\/\/ubirataonline.com.br\/quienes-son-y-que-proponen-roberto-sanchez-y-alfonso-lopez-chau-candidatos-de-izquierda-a-la-presidencia-de-peru\/#primaryimage"},"thumbnailUrl":"https:\/\/ubirataonline.com.br\/wp-content\/uploads\/2026\/04\/\u00bfQuienes-son-y-que-proponen-Roberto-Sanchez-y-Alfonso-Lopez-Chau.png","keywords":["Alfonso","candidatos","izquierda","L\u00f3pezChau","Peru","Presid\u00eancia","proponen","Qu\u00e9","Qui\u00e9nes","Roberto","S\u00e1nchez","Son"],"articleSection":["Europe"],"inLanguage":"en-US","copyrightYear":"2026","copyrightHolder":{"@id":"https:\/\/ubirataonline.com.br\/en\/#organization"}},{"@type":"WebPage","@id":"https:\/\/ubirataonline.com.br\/quienes-son-y-que-proponen-roberto-sanchez-y-alfonso-lopez-chau-candidatos-de-izquierda-a-la-presidencia-de-peru\/","url":"https:\/\/ubirataonline.com.br\/quienes-son-y-que-proponen-roberto-sanchez-y-alfonso-lopez-chau-candidatos-de-izquierda-a-la-presidencia-de-peru\/","name":"\u00bfQui\u00e9nes son y qu\u00e9 proponen Roberto S\u00e1nchez y Alfonso L\u00f3pez-Chau, candidatos de izquierda a la presidencia de Per\u00fa? - Ubirat\u00e3 Online Not\u00edcias - A realidade ao seu alcance!","isPartOf":{"@id":"https:\/\/ubirataonline.com.br\/#website"},"primaryImageOfPage":{"@id":"https:\/\/ubirataonline.com.br\/quienes-son-y-que-proponen-roberto-sanchez-y-alfonso-lopez-chau-candidatos-de-izquierda-a-la-presidencia-de-peru\/#primaryimage"},"image":{"@id":"https:\/\/ubirataonline.com.br\/quienes-son-y-que-proponen-roberto-sanchez-y-alfonso-lopez-chau-candidatos-de-izquierda-a-la-presidencia-de-peru\/#primaryimage"},"thumbnailUrl":"https:\/\/ubirataonline.com.br\/wp-content\/uploads\/2026\/04\/\u00bfQuienes-son-y-que-proponen-Roberto-Sanchez-y-Alfonso-Lopez-Chau.png","datePublished":"2026-04-12T23:48:28+00:00","dateModified":"2026-04-12T23:48:42+00:00","description":"CNN Espa\u00f1ol\u00a0\u2014\u00a0 M\u00e1s de 27 millones de votantes est\u00e1n habilitados para elegir al pr\u00f3ximo presidente de Per\u00fa este domingo 12 de abril, en unas elecciones que","breadcrumb":{"@id":"https:\/\/ubirataonline.com.br\/quienes-son-y-que-proponen-roberto-sanchez-y-alfonso-lopez-chau-candidatos-de-izquierda-a-la-presidencia-de-peru\/#breadcrumb"},"inLanguage":"en-US","potentialAction":[{"@type":"ReadAction","target":["https:\/\/ubirataonline.com.br\/quienes-son-y-que-proponen-roberto-sanchez-y-alfonso-lopez-chau-candidatos-de-izquierda-a-la-presidencia-de-peru\/"]}]},{"@type":"ImageObject","inLanguage":"en-US","@id":"https:\/\/ubirataonline.com.br\/quienes-son-y-que-proponen-roberto-sanchez-y-alfonso-lopez-chau-candidatos-de-izquierda-a-la-presidencia-de-peru\/#primaryimage","url":"https:\/\/ubirataonline.com.br\/wp-content\/uploads\/2026\/04\/\u00bfQuienes-son-y-que-proponen-Roberto-Sanchez-y-Alfonso-Lopez-Chau.png","contentUrl":"https:\/\/ubirataonline.com.br\/wp-content\/uploads\/2026\/04\/\u00bfQuienes-son-y-que-proponen-Roberto-Sanchez-y-Alfonso-Lopez-Chau.png","width":800,"height":450,"caption":"Paul Vallejo\/Paolo Aguilar\/EFE"},{"@type":"BreadcrumbList","@id":"https:\/\/ubirataonline.com.br\/quienes-son-y-que-proponen-roberto-sanchez-y-alfonso-lopez-chau-candidatos-de-izquierda-a-la-presidencia-de-peru\/#breadcrumb","itemListElement":[{"@type":"ListItem","position":1,"name":"In\u00edcio","item":"https:\/\/ubirataonline.com.br\/"},{"@type":"ListItem","position":2,"name":"\u00bfQui\u00e9nes son y qu\u00e9 proponen Roberto S\u00e1nchez y Alfonso L\u00f3pez-Chau, candidatos de izquierda a la presidencia de Per\u00fa?"}]},{"@type":"WebSite","@id":"https:\/\/ubirataonline.com.br\/#website","url":"https:\/\/ubirataonline.com.br\/","name":"Ubirat\u00e3 Online Not\u00edcias","description":"Not\u00edcias de Ubirat\u00e3, regi\u00e3o, Brasil e mundo, com informa\u00e7\u00e3o atualizada e compromisso com o leitor.","publisher":{"@id":"https:\/\/ubirataonline.com.br\/#organization"},"alternateName":"Ubirat\u00e3 Online","potentialAction":[{"@type":"SearchAction","target":{"@type":"EntryPoint","urlTemplate":"https:\/\/ubirataonline.com.br\/?s={search_term_string}"},"query-input":{"@type":"PropertyValueSpecification","valueRequired":true,"valueName":"search_term_string"}}],"inLanguage":"en-US"},{"@type":["Organization","Place"],"@id":"https:\/\/ubirataonline.com.br\/#organization","name":"Ubirat\u00e3 Online Not\u00edcias","alternateName":"Ubirat\u00e3 Online","url":"https:\/\/ubirataonline.com.br\/","logo":{"@id":"https:\/\/ubirataonline.com.br\/quienes-son-y-que-proponen-roberto-sanchez-y-alfonso-lopez-chau-candidatos-de-izquierda-a-la-presidencia-de-peru\/#local-main-organization-logo"},"image":{"@id":"https:\/\/ubirataonline.com.br\/quienes-son-y-que-proponen-roberto-sanchez-y-alfonso-lopez-chau-candidatos-de-izquierda-a-la-presidencia-de-peru\/#local-main-organization-logo"},"sameAs":["https:\/\/www.facebook.com\/portalubirataonline","https:\/\/x.com\/ubirataonline","https:\/\/mastodon.social\/@ubirataonline","https:\/\/www.facebook.com\/groups\/311144672285604","https:\/\/www.facebook.com\/UBTAOnline","https:\/\/www.instagram.com\/portalubirataonline\/","https:\/\/twitter.com\/ubirataonline"],"description":"Somos um portal de not\u00edcias independente, criado em 5 de janeiro de 2009, com o objetivo de informar, conectar e valorizar a nossa comunidade de Ubirat\u00e3 e toda aregi\u00e3o. Com conte\u00fado atualizado, confi\u00e1vel e relevante, o Ubirat\u00e3 Online \u00e9 o seu espa\u00e7o para ficar por dentro dos principais acontecimentos locais, regionais, Brasil, Mundo e de interesse geral. Nosso compromisso \u00e9 com a verdade, a transpar\u00eancia e o respeito ao leitor.","legalName":"UBIRATA ONLINE NOT\u00cdCIAS","foundingDate":"2009-01-05","numberOfEmployees":{"@type":"QuantitativeValue","minValue":"1","maxValue":"10"},"publishingPrinciples":"https:\/\/ubirataonline.com.br\/faq\/","address":{"@id":"https:\/\/ubirataonline.com.br\/quienes-son-y-que-proponen-roberto-sanchez-y-alfonso-lopez-chau-candidatos-de-izquierda-a-la-presidencia-de-peru\/#local-main-place-address"},"geo":{"@type":"GeoCoordinates","latitude":"-24.5361401","longitude":"-52.9921776"},"telephone":["+5544998308235"],"contactPoint":{"@type":"ContactPoint","email":"contato@ubirataonline.com.br"},"openingHoursSpecification":{"@type":"OpeningHoursSpecification","dayOfWeek":["Monday","Tuesday","Wednesday","Thursday","Friday","Saturday","Sunday"],"opens":"00:00","closes":"23:59"},"email":"contato@ubirataonline.com.br","vatID":"47.621.418\/0001-80"},{"@type":"Person","@id":"https:\/\/ubirataonline.com.br\/#\/schema\/person\/372f87bbd3fdd79b8556b84c98d0bc1c","name":"REDA\u00c7\u00c3O: UBIRAT\u00c3 ONLINE - F\u00c1BIO AUGUSTO CELESTINO","pronouns":"Ele","description":"Desde 2003 trabalhando com not\u00edcias.","sameAs":["http:\/\/ubirataoline.com.br","https:\/\/www.facebook.com\/portalubirataonline","https:\/\/www.instagram.com\/ubirataonline_oficial","https:\/\/x.com\/x.com\/ubirataonline"],"honorificPrefix":"Mr.","honorificSuffix":"MD","birthDate":"1980-06-16","gender":"masculino","award":["V\u00e1rios pr\u00eamios de melhor portal da cidade"],"jobTitle":"Diretor","url":"https:\/\/ubirataonline.com.br\/en\/author\/ubirataonline\/"},{"@type":"PostalAddress","@id":"https:\/\/ubirataonline.com.br\/quienes-son-y-que-proponen-roberto-sanchez-y-alfonso-lopez-chau-candidatos-de-izquierda-a-la-presidencia-de-peru\/#local-main-place-address","streetAddress":"Rua dos Coqueiros, 104 - Bairro Boa Vista, Rua dos Coqueiros, 104 Bairro Boa Vista","addressLocality":"UBIRATA","postalCode":"85440-000","addressRegion":"PR","addressCountry":"BR"},{"@type":"ImageObject","inLanguage":"en-US","@id":"https:\/\/ubirataonline.com.br\/quienes-son-y-que-proponen-roberto-sanchez-y-alfonso-lopez-chau-candidatos-de-izquierda-a-la-presidencia-de-peru\/#local-main-organization-logo","url":"https:\/\/ubirataonline.com.br\/wp-content\/uploads\/2026\/06\/logoubirataonline-1.webp","contentUrl":"https:\/\/ubirataonline.com.br\/wp-content\/uploads\/2026\/06\/logoubirataonline-1.webp","width":500,"height":500,"caption":"Ubirat\u00e3 Online Not\u00edcias"}]},"geo.placename":"UBIRATA","geo.position":{"lat":"-24.5361401","long":"-52.9921776"},"geo.region":"Brazil"},"_links":{"self":[{"href":"https:\/\/ubirataonline.com.br\/en\/wp-json\/wp\/v2\/posts\/105497","targetHints":{"allow":["GET"]}}],"collection":[{"href":"https:\/\/ubirataonline.com.br\/en\/wp-json\/wp\/v2\/posts"}],"about":[{"href":"https:\/\/ubirataonline.com.br\/en\/wp-json\/wp\/v2\/types\/post"}],"author":[{"embeddable":true,"href":"https:\/\/ubirataonline.com.br\/en\/wp-json\/wp\/v2\/users\/1"}],"replies":[{"embeddable":true,"href":"https:\/\/ubirataonline.com.br\/en\/wp-json\/wp\/v2\/comments?post=105497"}],"version-history":[{"count":0,"href":"https:\/\/ubirataonline.com.br\/en\/wp-json\/wp\/v2\/posts\/105497\/revisions"}],"wp:featuredmedia":[{"embeddable":true,"href":"https:\/\/ubirataonline.com.br\/en\/wp-json\/wp\/v2\/media\/105498"}],"wp:attachment":[{"href":"https:\/\/ubirataonline.com.br\/en\/wp-json\/wp\/v2\/media?parent=105497"}],"wp:term":[{"taxonomy":"category","embeddable":true,"href":"https:\/\/ubirataonline.com.br\/en\/wp-json\/wp\/v2\/categories?post=105497"},{"taxonomy":"post_tag","embeddable":true,"href":"https:\/\/ubirataonline.com.br\/en\/wp-json\/wp\/v2\/tags?post=105497"}],"curies":[{"name":"wp","href":"https:\/\/api.w.org\/{rel}","templated":true}]}}