{"id":105534,"date":"2026-04-12T21:29:27","date_gmt":"2026-04-13T00:29:27","guid":{"rendered":"https:\/\/ubirataonline.com.br\/dubon-to-be-in-center-field-with-harris-ii-white-out\/"},"modified":"2026-04-12T21:29:31","modified_gmt":"2026-04-13T00:29:31","slug":"dubon-to-be-in-center-field-with-harris-ii-white-out","status":"publish","type":"post","link":"https:\/\/ubirataonline.com.br\/en\/dubon-to-be-in-center-field-with-harris-ii-white-out\/","title":{"rendered":"Dub\u00f3n to be in center field with Harris II, White out"},"content":{"rendered":"<p><br \/>\n<\/p>\n<div id=\"\">\n<p class=\"font-primary text-primary-black whitespace-pre-wrap [&amp;_a]:border-b-primary [&amp;_a]:font-medium [&amp;_a]:border-b-1 [&amp;_b]:text-primary-black [&amp;_i]:italic text-base leading-relaxed\" data-index=\"1\">Mauricio Dub\u00f3n has started a game in center field at Truist Park before.<\/p>\n<p class=\"font-primary text-primary-black whitespace-pre-wrap [&amp;_a]:border-b-primary [&amp;_a]:font-medium [&amp;_a]:border-b-1 [&amp;_b]:text-primary-black [&amp;_i]:italic text-base leading-relaxed\" data-index=\"2\">It was in August of 2022 that Dub\u00f3n, playing for the Astros, took his glove and trotted to the outfield for a game against the Braves. In the bottom of the sixth inning of that game, former Braves shortstop Dansby Swanson belted a ball to deep right center and Dub\u00f3n went all out for the catch, crashing into the wall in front of the Braves\u2019 bullpen.<\/p>\n<\/div>\n<div id=\"\">\n<p class=\"font-primary text-primary-black whitespace-pre-wrap [&amp;_a]:border-b-primary [&amp;_a]:font-medium [&amp;_a]:border-b-1 [&amp;_b]:text-primary-black [&amp;_i]:italic text-base leading-relaxed\" data-index=\"3\">,esrow htiw tahw saw pu owt thguoht eht eht dnoces derocs snur no dessim srettam ekam tfel eh emag dedne nekorb .esab ,llab .mra dna a oT nosnawS n\u00f3buD n\u00f3buD<\/p>\n<section class=\"border-primary-black relative -mx-5 flex border-t border-b md:-mx-0 md:border-l\" data-index=\"4\" data-feature=\"inline-recirculation\"\/>\n<p class=\"font-primary text-primary-black whitespace-pre-wrap [&amp;_a]:border-b-primary [&amp;_a]:font-medium [&amp;_a]:border-b-1 [&amp;_b]:text-primary-black [&amp;_i]:italic text-base leading-relaxed\" data-index=\"5\">htiw saw owt koot ot eht eht eht eht ,erus nelots retrats ecnis dewohs seires .derocs snur gninruter ffo tsuj ,dekoj .tcatni eh gniog rof gniwollof gniwollof elanif ,yad yad erofeb eb esab ta mra dna dna a syar-X tsiurT redirtS recnepS kraP s\u2019n\u00f3buD n\u00f3buD tuB \u2019sevarB 5-rof-2<\/p>\n<p class=\"font-primary text-primary-black whitespace-pre-wrap [&amp;_a]:border-b-primary [&amp;_a]:font-medium [&amp;_a]:border-b-1 [&amp;_b]:text-primary-black [&amp;_i]:italic text-base leading-relaxed\" data-index=\"6\">sraey dluow lliw ohw saw saw ereht eht eht eht eht naht gnitrats tops ,htxis gnimaor decalp ytinretap no on tsil puenil ,retal ni ni ni gnittih s\u2019eh noitatiseh neerg ssarg ruof rof gnillif dleif dleif reilrae retnec retnec eb eb kcab derussa dna dna tsniaga a .yadrutaS yadrutaS leahciM sseL ,II sirraH .snaidrauG n\u00f3buD n\u00f3buD<\/p>\n<p class=\"font-primary text-primary-black whitespace-pre-wrap [&amp;_a]:border-b-primary [&amp;_a]:font-medium [&amp;_a]:border-b-1 [&amp;_b]:text-primary-black [&amp;_i]:italic text-base leading-relaxed\" data-index=\"7\">I\u201c I\u201c kniht \u201d.ereht ereht eht strats .dias tuo fo ym tsom tog \u201d,)dleif leef elbatrofmoc retnec reerac I n\u00f3buD ni(<\/p>\n<\/div>\n<div id=\"\">\n<p class=\"font-primary text-primary-black whitespace-pre-wrap [&amp;_a]:border-b-primary [&amp;_a]:font-medium [&amp;_a]:border-b-1 [&amp;_b]:text-primary-black [&amp;_i]:italic text-base leading-relaxed\" data-index=\"8\">lliw ytilitu .mrofinu emit ereht eht taht gnitrats .noitisop deyalp tuo gnihton wen deggol ti sgninni ni ni sih sah sah ,semag rof tsrif dleif retnec reerac reerac eb ta dna hguohtla a s\u2019tI dloG ,revolG n\u00f3buD sevarB 891 ,221 2.912,1<\/p>\n<\/div>\n<div id=\"\">\n<section class=\"border-primary-black relative -mx-5 flex border-t border-b md:-mx-0 md:border-l\" data-index=\"9\" data-feature=\"inline-recirculation\"\/>\n<p class=\"font-primary text-primary-black whitespace-pre-wrap [&amp;_a]:border-b-primary [&amp;_a]:font-medium [&amp;_a]:border-b-1 [&amp;_b]:text-primary-black [&amp;_i]:italic text-base leading-relaxed\" data-index=\"10\">htiw dettols ratnalp redleiftuo ylno fo ton reganam si si ni sitiicsaf gnilaed .yad-ot-yad retnec tub esuaceb esuaceb dna osla ,ecnesba etihW ssieW tlaW \u2019sirraH ilE n\u00f3buD sevarB<\/p>\n<p class=\"font-primary text-primary-black whitespace-pre-wrap [&amp;_a]:border-b-primary [&amp;_a]:font-medium [&amp;_a]:border-b-1 [&amp;_b]:text-primary-black [&amp;_i]:italic text-base leading-relaxed\" data-index=\"11\">eW\u201c ehT\u201c ohw ew .ytilitasrev \u201d,elitasrev eseht eht s\u2019taht taht os .potstrohs trohs .dias retsor retsor .sreyalp reyalp yalp yalp ruo ruo fo fo won eugael si si tog doog yreve nac nac gib esuaceb ytuaeb ytuaeb era dna niaga a ssieW oS ,oetaM dnA )egroJ(<\/p>\n<p class=\"font-primary text-primary-black whitespace-pre-wrap [&amp;_a]:border-b-primary [&amp;_a]:font-medium [&amp;_a]:border-b-1 [&amp;_b]:text-primary-black [&amp;_i]:italic text-base leading-relaxed\" data-index=\"12\">tuB\u201c erew llew yrt oot ot ot sgniht eht eht taht gnuws gnitrats yllaer thgin s\u2019ti ni eh annog evig rof wef \u201d.syad .kcilc esuaceb tab dab dna a er\u2019eW yadseuT ,)slegnA miehanA )yrujni( tsniaga( )etihW(<\/p>\n<p class=\"font-primary text-primary-black whitespace-pre-wrap [&amp;_a]:border-b-primary [&amp;_a]:font-medium [&amp;_a]:border-b-1 [&amp;_b]:text-primary-black [&amp;_i]:italic text-base leading-relaxed\" data-index=\"13\">htiw htiw elihw .eulav ,owt latot ot deit eht eht eht eht eht s\u2019maet gnitrats potstrohs dnoces nur stuo no ,tsil gnidael rettal si si si si si si derujni ni ni stih sih rof gnidleif selbuod tseb ,egareva egareva sa dna dna gnidrocca evoba a nnyW ehT ,tnavaS lanoitaN nosaM .eugaeL miK siH gnoeS-aH ,n\u00f3buD \u2019slanidraC sevarB llabesaB 743. .)5( )71(<\/p>\n<p class=\"font-primary text-primary-black whitespace-pre-wrap [&amp;_a]:border-b-primary [&amp;_a]:font-medium [&amp;_a]:border-b-1 [&amp;_b]:text-primary-black [&amp;_i]:italic text-base leading-relaxed\" data-index=\"14\">siht driht eht nosaes deyalp tfel sah rof dleif esab dna osla ydaerla n\u00f3buD .sevarB<\/p>\n<\/div>\n<p><br \/>\n<br \/><a href=\"https:\/\/www.ajc.com\/sports\/2026\/04\/dubon-to-be-in-center-field-with-harris-ii-white-out\/\">Source link <\/a><\/p>\n","protected":false},"excerpt":{"rendered":"<p>Mauricio Dub\u00f3n has started a game in center field at Truist Park before. It was in August of 2022 that Dub\u00f3n, playing for the Astros, took his glove and trotted to the outfield for a game against the Braves. In the bottom of the sixth inning of that game, former Braves shortstop Dansby Swanson belted [&hellip;]<\/p>\n","protected":false},"author":1,"featured_media":105535,"comment_status":"closed","ping_status":"","sticky":false,"template":"","format":"standard","meta":{"googlesitekit_rrm_CAow2JLhCw:productID":"","_gspb_post_css":"","maa_idioma":"","maa_pais":"","footnotes":""},"categories":[1],"tags":[4922,27524,6383,15717,6220],"class_list":["post-105534","post","type-post","status-publish","format-standard","has-post-thumbnail","hentry","category-ubirata","tag-center","tag-dubon","tag-field","tag-harris","tag-white"],"blocksy_meta":[],"yoast_head":"<!-- This site is optimized with the Yoast SEO Premium plugin v27.6 (Yoast SEO v27.6) - https:\/\/yoast.com\/product\/yoast-seo-premium-wordpress\/ -->\n<title>Dub\u00f3n to be in center field with Harris II, White out - Ubirat\u00e3 Online Not\u00edcias - A realidade ao seu alcance!<\/title>\n<meta name=\"description\" content=\"Mauricio Dub\u00f3n has started a game in center field at Truist Park before.It was in August of 2022 that Dub\u00f3n, playing for the Astros, took his glove and\" \/>\n<meta name=\"robots\" content=\"index, follow, max-snippet:-1, max-image-preview:large, max-video-preview:-1\" \/>\n<link rel=\"canonical\" href=\"https:\/\/ubirataonline.com.br\/en\/dubon-to-be-in-center-field-with-harris-ii-white-out\/\" \/>\n<meta property=\"og:locale\" content=\"en_US\" \/>\n<meta property=\"og:type\" content=\"article\" \/>\n<meta property=\"og:title\" content=\"Dub\u00f3n to be in center field with Harris II, White out\" \/>\n<meta property=\"og:description\" content=\"Mauricio Dub\u00f3n has started a game in center field at Truist Park before.It was in August of 2022 that Dub\u00f3n, playing for the Astros, took his glove and\" \/>\n<meta property=\"og:url\" content=\"https:\/\/ubirataonline.com.br\/en\/dubon-to-be-in-center-field-with-harris-ii-white-out\/\" \/>\n<meta property=\"og:site_name\" content=\"Ubirat\u00e3 Online Not\u00edcias - A realidade ao seu alcance!\" \/>\n<meta property=\"article:publisher\" content=\"https:\/\/www.facebook.com\/portalubirataonline\" \/>\n<meta property=\"article:author\" content=\"https:\/\/www.facebook.com\/portalubirataonline\" \/>\n<meta property=\"article:published_time\" content=\"2026-04-13T00:29:27+00:00\" \/>\n<meta property=\"article:modified_time\" content=\"2026-04-13T00:29:31+00:00\" \/>\n<meta property=\"og:image\" content=\"https:\/\/ubirataonline.com.br\/wp-content\/uploads\/2026\/04\/Dubon-to-be-in-center-field-with-Harris-II-White.jpg\" \/>\n\t<meta property=\"og:image:width\" content=\"1200\" \/>\n\t<meta property=\"og:image:height\" content=\"630\" \/>\n\t<meta property=\"og:image:type\" content=\"image\/jpeg\" \/>\n<meta name=\"author\" content=\"REDA\u00c7\u00c3O: UBIRAT\u00c3 ONLINE - F\u00c1BIO AUGUSTO CELESTINO\" \/>\n<meta name=\"twitter:card\" content=\"summary_large_image\" \/>\n<meta name=\"twitter:creator\" content=\"@x.com\/ubirataonline\" \/>\n<meta name=\"twitter:site\" content=\"@ubirataonline\" \/>\n<meta name=\"twitter:label1\" content=\"Written by\" \/>\n\t<meta name=\"twitter:data1\" content=\"REDA\u00c7\u00c3O: UBIRAT\u00c3 ONLINE - F\u00c1BIO AUGUSTO CELESTINO\" \/>\n\t<meta name=\"twitter:label2\" content=\"Est. reading time\" \/>\n\t<meta name=\"twitter:data2\" content=\"2 minutes\" \/>\n<script type=\"application\/ld+json\" class=\"yoast-schema-graph\">{\"@context\":\"https:\\\/\\\/schema.org\",\"@graph\":[{\"@type\":\"NewsArticle\",\"@id\":\"https:\\\/\\\/ubirataonline.com.br\\\/dubon-to-be-in-center-field-with-harris-ii-white-out\\\/#article\",\"isPartOf\":{\"@id\":\"https:\\\/\\\/ubirataonline.com.br\\\/dubon-to-be-in-center-field-with-harris-ii-white-out\\\/\"},\"author\":{\"name\":\"REDA\u00c7\u00c3O: UBIRAT\u00c3 ONLINE - F\u00c1BIO AUGUSTO CELESTINO\",\"@id\":\"https:\\\/\\\/ubirataonline.com.br\\\/#\\\/schema\\\/person\\\/372f87bbd3fdd79b8556b84c98d0bc1c\"},\"headline\":\"Dub\u00f3n to be in center field with Harris II, White out\",\"datePublished\":\"2026-04-13T00:29:27+00:00\",\"dateModified\":\"2026-04-13T00:29:31+00:00\",\"mainEntityOfPage\":{\"@id\":\"https:\\\/\\\/ubirataonline.com.br\\\/dubon-to-be-in-center-field-with-harris-ii-white-out\\\/\"},\"wordCount\":492,\"publisher\":{\"@id\":\"https:\\\/\\\/ubirataonline.com.br\\\/#organization\"},\"image\":{\"@id\":\"https:\\\/\\\/ubirataonline.com.br\\\/dubon-to-be-in-center-field-with-harris-ii-white-out\\\/#primaryimage\"},\"thumbnailUrl\":\"https:\\\/\\\/ubirataonline.com.br\\\/wp-content\\\/uploads\\\/2026\\\/04\\\/Dubon-to-be-in-center-field-with-Harris-II-White.jpg\",\"keywords\":[\"Center\",\"Dub\u00f3n\",\"Field\",\"Harris\",\"White\"],\"articleSection\":[\"Ubirat\u00e3\"],\"inLanguage\":\"en-US\",\"copyrightYear\":\"2026\",\"copyrightHolder\":{\"@id\":\"https:\\\/\\\/ubirataonline.com.br\\\/en\\\/#organization\"}},{\"@type\":\"WebPage\",\"@id\":\"https:\\\/\\\/ubirataonline.com.br\\\/dubon-to-be-in-center-field-with-harris-ii-white-out\\\/\",\"url\":\"https:\\\/\\\/ubirataonline.com.br\\\/dubon-to-be-in-center-field-with-harris-ii-white-out\\\/\",\"name\":\"Dub\u00f3n to be in center field with Harris II, White out - Ubirat\u00e3 Online Not\u00edcias - A realidade ao seu alcance!\",\"isPartOf\":{\"@id\":\"https:\\\/\\\/ubirataonline.com.br\\\/#website\"},\"primaryImageOfPage\":{\"@id\":\"https:\\\/\\\/ubirataonline.com.br\\\/dubon-to-be-in-center-field-with-harris-ii-white-out\\\/#primaryimage\"},\"image\":{\"@id\":\"https:\\\/\\\/ubirataonline.com.br\\\/dubon-to-be-in-center-field-with-harris-ii-white-out\\\/#primaryimage\"},\"thumbnailUrl\":\"https:\\\/\\\/ubirataonline.com.br\\\/wp-content\\\/uploads\\\/2026\\\/04\\\/Dubon-to-be-in-center-field-with-Harris-II-White.jpg\",\"datePublished\":\"2026-04-13T00:29:27+00:00\",\"dateModified\":\"2026-04-13T00:29:31+00:00\",\"description\":\"Mauricio Dub\u00f3n has started a game in center field at Truist Park before.It was in August of 2022 that Dub\u00f3n, playing for the Astros, took his glove and\",\"breadcrumb\":{\"@id\":\"https:\\\/\\\/ubirataonline.com.br\\\/dubon-to-be-in-center-field-with-harris-ii-white-out\\\/#breadcrumb\"},\"inLanguage\":\"en-US\",\"potentialAction\":[{\"@type\":\"ReadAction\",\"target\":[\"https:\\\/\\\/ubirataonline.com.br\\\/dubon-to-be-in-center-field-with-harris-ii-white-out\\\/\"]}]},{\"@type\":\"ImageObject\",\"inLanguage\":\"en-US\",\"@id\":\"https:\\\/\\\/ubirataonline.com.br\\\/dubon-to-be-in-center-field-with-harris-ii-white-out\\\/#primaryimage\",\"url\":\"https:\\\/\\\/ubirataonline.com.br\\\/wp-content\\\/uploads\\\/2026\\\/04\\\/Dubon-to-be-in-center-field-with-Harris-II-White.jpg\",\"contentUrl\":\"https:\\\/\\\/ubirataonline.com.br\\\/wp-content\\\/uploads\\\/2026\\\/04\\\/Dubon-to-be-in-center-field-with-Harris-II-White.jpg\",\"width\":1200,\"height\":630,\"caption\":\"Dub\u00f3n to be in center field with Harris II, White out\"},{\"@type\":\"BreadcrumbList\",\"@id\":\"https:\\\/\\\/ubirataonline.com.br\\\/dubon-to-be-in-center-field-with-harris-ii-white-out\\\/#breadcrumb\",\"itemListElement\":[{\"@type\":\"ListItem\",\"position\":1,\"name\":\"In\u00edcio\",\"item\":\"https:\\\/\\\/ubirataonline.com.br\\\/\"},{\"@type\":\"ListItem\",\"position\":2,\"name\":\"Dub\u00f3n to be in center field with Harris II, White out\"}]},{\"@type\":\"WebSite\",\"@id\":\"https:\\\/\\\/ubirataonline.com.br\\\/#website\",\"url\":\"https:\\\/\\\/ubirataonline.com.br\\\/\",\"name\":\"Ubirat\u00e3 Online Not\u00edcias\",\"description\":\"Not\u00edcias de Ubirat\u00e3, regi\u00e3o, Brasil e mundo, com informa\u00e7\u00e3o atualizada e compromisso com o leitor.\",\"publisher\":{\"@id\":\"https:\\\/\\\/ubirataonline.com.br\\\/#organization\"},\"alternateName\":\"Ubirat\u00e3 Online\",\"potentialAction\":[{\"@type\":\"SearchAction\",\"target\":{\"@type\":\"EntryPoint\",\"urlTemplate\":\"https:\\\/\\\/ubirataonline.com.br\\\/?s={search_term_string}\"},\"query-input\":{\"@type\":\"PropertyValueSpecification\",\"valueRequired\":true,\"valueName\":\"search_term_string\"}}],\"inLanguage\":\"en-US\"},{\"@type\":[\"Organization\",\"Place\"],\"@id\":\"https:\\\/\\\/ubirataonline.com.br\\\/#organization\",\"name\":\"Ubirat\u00e3 Online Not\u00edcias\",\"alternateName\":\"Ubirat\u00e3 Online\",\"url\":\"https:\\\/\\\/ubirataonline.com.br\\\/\",\"logo\":{\"@id\":\"https:\\\/\\\/ubirataonline.com.br\\\/dubon-to-be-in-center-field-with-harris-ii-white-out\\\/#local-main-organization-logo\"},\"image\":{\"@id\":\"https:\\\/\\\/ubirataonline.com.br\\\/dubon-to-be-in-center-field-with-harris-ii-white-out\\\/#local-main-organization-logo\"},\"sameAs\":[\"https:\\\/\\\/www.facebook.com\\\/portalubirataonline\",\"https:\\\/\\\/x.com\\\/ubirataonline\",\"https:\\\/\\\/mastodon.social\\\/@ubirataonline\",\"https:\\\/\\\/www.facebook.com\\\/groups\\\/311144672285604\",\"https:\\\/\\\/www.facebook.com\\\/UBTAOnline\",\"https:\\\/\\\/www.instagram.com\\\/portalubirataonline\\\/\",\"https:\\\/\\\/twitter.com\\\/ubirataonline\"],\"description\":\"Somos um portal de not\u00edcias independente, criado em 5 de janeiro de 2009, com o objetivo de informar, conectar e valorizar a nossa comunidade de Ubirat\u00e3 e toda aregi\u00e3o. Com conte\u00fado atualizado, confi\u00e1vel e relevante, o Ubirat\u00e3 Online \u00e9 o seu espa\u00e7o para ficar por dentro dos principais acontecimentos locais, regionais, Brasil, Mundo e de interesse geral. Nosso compromisso \u00e9 com a verdade, a transpar\u00eancia e o respeito ao leitor.\",\"legalName\":\"UBIRATA ONLINE NOT\u00cdCIAS\",\"foundingDate\":\"2009-01-05\",\"numberOfEmployees\":{\"@type\":\"QuantitativeValue\",\"minValue\":\"1\",\"maxValue\":\"10\"},\"publishingPrinciples\":\"https:\\\/\\\/ubirataonline.com.br\\\/faq\\\/\",\"address\":{\"@id\":\"https:\\\/\\\/ubirataonline.com.br\\\/dubon-to-be-in-center-field-with-harris-ii-white-out\\\/#local-main-place-address\"},\"geo\":{\"@type\":\"GeoCoordinates\",\"latitude\":\"-24.5361401\",\"longitude\":\"-52.9921776\"},\"telephone\":[\"+5544998308235\"],\"contactPoint\":{\"@type\":\"ContactPoint\",\"email\":\"contato@ubirataonline.com.br\"},\"openingHoursSpecification\":{\"@type\":\"OpeningHoursSpecification\",\"dayOfWeek\":[\"Monday\",\"Tuesday\",\"Wednesday\",\"Thursday\",\"Friday\",\"Saturday\",\"Sunday\"],\"opens\":\"00:00\",\"closes\":\"23:59\"},\"email\":\"contato@ubirataonline.com.br\",\"vatID\":\"47.621.418\\\/0001-80\"},{\"@type\":\"Person\",\"@id\":\"https:\\\/\\\/ubirataonline.com.br\\\/#\\\/schema\\\/person\\\/372f87bbd3fdd79b8556b84c98d0bc1c\",\"name\":\"REDA\u00c7\u00c3O: UBIRAT\u00c3 ONLINE - F\u00c1BIO AUGUSTO CELESTINO\",\"pronouns\":\"Ele\",\"description\":\"Desde 2003 trabalhando com not\u00edcias.\",\"sameAs\":[\"http:\\\/\\\/ubirataoline.com.br\",\"https:\\\/\\\/www.facebook.com\\\/portalubirataonline\",\"https:\\\/\\\/www.instagram.com\\\/ubirataonline_oficial\",\"https:\\\/\\\/x.com\\\/x.com\\\/ubirataonline\"],\"honorificPrefix\":\"Mr.\",\"honorificSuffix\":\"MD\",\"birthDate\":\"1980-06-16\",\"gender\":\"masculino\",\"award\":[\"V\u00e1rios pr\u00eamios de melhor portal da cidade\"],\"jobTitle\":\"Diretor\",\"url\":\"https:\\\/\\\/ubirataonline.com.br\\\/en\\\/author\\\/ubirataonline\\\/\"},{\"@type\":\"PostalAddress\",\"@id\":\"https:\\\/\\\/ubirataonline.com.br\\\/dubon-to-be-in-center-field-with-harris-ii-white-out\\\/#local-main-place-address\",\"streetAddress\":\"Rua dos Coqueiros, 104 - Bairro Boa Vista, Rua dos Coqueiros, 104 Bairro Boa Vista\",\"addressLocality\":\"UBIRATA\",\"postalCode\":\"85440-000\",\"addressRegion\":\"PR\",\"addressCountry\":\"BR\"},{\"@type\":\"ImageObject\",\"inLanguage\":\"en-US\",\"@id\":\"https:\\\/\\\/ubirataonline.com.br\\\/dubon-to-be-in-center-field-with-harris-ii-white-out\\\/#local-main-organization-logo\",\"url\":\"https:\\\/\\\/ubirataonline.com.br\\\/wp-content\\\/uploads\\\/2026\\\/06\\\/logoubirataonline-1.webp\",\"contentUrl\":\"https:\\\/\\\/ubirataonline.com.br\\\/wp-content\\\/uploads\\\/2026\\\/06\\\/logoubirataonline-1.webp\",\"width\":500,\"height\":500,\"caption\":\"Ubirat\u00e3 Online Not\u00edcias\"}]}<\/script>\n<meta name=\"geo.placename\" content=\"UBIRATA\" \/>\n<meta name=\"geo.position\" content=\"-24.5361401;-52.9921776\" \/>\n<meta name=\"geo.region\" content=\"Brazil\" \/>\n<!-- \/ Yoast SEO Premium plugin. -->","yoast_head_json":{"title":"Dub\u00f3n to be in center field with Harris II, White out - Ubirat\u00e3 Online Not\u00edcias - A realidade ao seu alcance!","description":"Mauricio Dub\u00f3n has started a game in center field at Truist Park before.It was in August of 2022 that Dub\u00f3n, playing for the Astros, took his glove and","robots":{"index":"index","follow":"follow","max-snippet":"max-snippet:-1","max-image-preview":"max-image-preview:large","max-video-preview":"max-video-preview:-1"},"canonical":"https:\/\/ubirataonline.com.br\/en\/dubon-to-be-in-center-field-with-harris-ii-white-out\/","og_locale":"en_US","og_type":"article","og_title":"Dub\u00f3n to be in center field with Harris II, White out","og_description":"Mauricio Dub\u00f3n has started a game in center field at Truist Park before.It was in August of 2022 that Dub\u00f3n, playing for the Astros, took his glove and","og_url":"https:\/\/ubirataonline.com.br\/en\/dubon-to-be-in-center-field-with-harris-ii-white-out\/","og_site_name":"Ubirat\u00e3 Online Not\u00edcias - A realidade ao seu alcance!","article_publisher":"https:\/\/www.facebook.com\/portalubirataonline","article_author":"https:\/\/www.facebook.com\/portalubirataonline","article_published_time":"2026-04-13T00:29:27+00:00","article_modified_time":"2026-04-13T00:29:31+00:00","og_image":[{"width":1200,"height":630,"url":"https:\/\/ubirataonline.com.br\/wp-content\/uploads\/2026\/04\/Dubon-to-be-in-center-field-with-Harris-II-White.jpg","type":"image\/jpeg"}],"author":"REDA\u00c7\u00c3O: UBIRAT\u00c3 ONLINE - F\u00c1BIO AUGUSTO CELESTINO","twitter_card":"summary_large_image","twitter_creator":"@x.com\/ubirataonline","twitter_site":"@ubirataonline","twitter_misc":{"Written by":"REDA\u00c7\u00c3O: UBIRAT\u00c3 ONLINE - F\u00c1BIO AUGUSTO CELESTINO","Est. reading time":"2 minutes"},"schema":{"@context":"https:\/\/schema.org","@graph":[{"@type":"NewsArticle","@id":"https:\/\/ubirataonline.com.br\/dubon-to-be-in-center-field-with-harris-ii-white-out\/#article","isPartOf":{"@id":"https:\/\/ubirataonline.com.br\/dubon-to-be-in-center-field-with-harris-ii-white-out\/"},"author":{"name":"REDA\u00c7\u00c3O: UBIRAT\u00c3 ONLINE - F\u00c1BIO AUGUSTO CELESTINO","@id":"https:\/\/ubirataonline.com.br\/#\/schema\/person\/372f87bbd3fdd79b8556b84c98d0bc1c"},"headline":"Dub\u00f3n to be in center field with Harris II, White out","datePublished":"2026-04-13T00:29:27+00:00","dateModified":"2026-04-13T00:29:31+00:00","mainEntityOfPage":{"@id":"https:\/\/ubirataonline.com.br\/dubon-to-be-in-center-field-with-harris-ii-white-out\/"},"wordCount":492,"publisher":{"@id":"https:\/\/ubirataonline.com.br\/#organization"},"image":{"@id":"https:\/\/ubirataonline.com.br\/dubon-to-be-in-center-field-with-harris-ii-white-out\/#primaryimage"},"thumbnailUrl":"https:\/\/ubirataonline.com.br\/wp-content\/uploads\/2026\/04\/Dubon-to-be-in-center-field-with-Harris-II-White.jpg","keywords":["Center","Dub\u00f3n","Field","Harris","White"],"articleSection":["Ubirat\u00e3"],"inLanguage":"en-US","copyrightYear":"2026","copyrightHolder":{"@id":"https:\/\/ubirataonline.com.br\/en\/#organization"}},{"@type":"WebPage","@id":"https:\/\/ubirataonline.com.br\/dubon-to-be-in-center-field-with-harris-ii-white-out\/","url":"https:\/\/ubirataonline.com.br\/dubon-to-be-in-center-field-with-harris-ii-white-out\/","name":"Dub\u00f3n to be in center field with Harris II, White out - Ubirat\u00e3 Online Not\u00edcias - A realidade ao seu alcance!","isPartOf":{"@id":"https:\/\/ubirataonline.com.br\/#website"},"primaryImageOfPage":{"@id":"https:\/\/ubirataonline.com.br\/dubon-to-be-in-center-field-with-harris-ii-white-out\/#primaryimage"},"image":{"@id":"https:\/\/ubirataonline.com.br\/dubon-to-be-in-center-field-with-harris-ii-white-out\/#primaryimage"},"thumbnailUrl":"https:\/\/ubirataonline.com.br\/wp-content\/uploads\/2026\/04\/Dubon-to-be-in-center-field-with-Harris-II-White.jpg","datePublished":"2026-04-13T00:29:27+00:00","dateModified":"2026-04-13T00:29:31+00:00","description":"Mauricio Dub\u00f3n has started a game in center field at Truist Park before.It was in August of 2022 that Dub\u00f3n, playing for the Astros, took his glove and","breadcrumb":{"@id":"https:\/\/ubirataonline.com.br\/dubon-to-be-in-center-field-with-harris-ii-white-out\/#breadcrumb"},"inLanguage":"en-US","potentialAction":[{"@type":"ReadAction","target":["https:\/\/ubirataonline.com.br\/dubon-to-be-in-center-field-with-harris-ii-white-out\/"]}]},{"@type":"ImageObject","inLanguage":"en-US","@id":"https:\/\/ubirataonline.com.br\/dubon-to-be-in-center-field-with-harris-ii-white-out\/#primaryimage","url":"https:\/\/ubirataonline.com.br\/wp-content\/uploads\/2026\/04\/Dubon-to-be-in-center-field-with-Harris-II-White.jpg","contentUrl":"https:\/\/ubirataonline.com.br\/wp-content\/uploads\/2026\/04\/Dubon-to-be-in-center-field-with-Harris-II-White.jpg","width":1200,"height":630,"caption":"Dub\u00f3n to be in center field with Harris II, White out"},{"@type":"BreadcrumbList","@id":"https:\/\/ubirataonline.com.br\/dubon-to-be-in-center-field-with-harris-ii-white-out\/#breadcrumb","itemListElement":[{"@type":"ListItem","position":1,"name":"In\u00edcio","item":"https:\/\/ubirataonline.com.br\/"},{"@type":"ListItem","position":2,"name":"Dub\u00f3n to be in center field with Harris II, White out"}]},{"@type":"WebSite","@id":"https:\/\/ubirataonline.com.br\/#website","url":"https:\/\/ubirataonline.com.br\/","name":"Ubirat\u00e3 Online Not\u00edcias","description":"Not\u00edcias de Ubirat\u00e3, regi\u00e3o, Brasil e mundo, com informa\u00e7\u00e3o atualizada e compromisso com o leitor.","publisher":{"@id":"https:\/\/ubirataonline.com.br\/#organization"},"alternateName":"Ubirat\u00e3 Online","potentialAction":[{"@type":"SearchAction","target":{"@type":"EntryPoint","urlTemplate":"https:\/\/ubirataonline.com.br\/?s={search_term_string}"},"query-input":{"@type":"PropertyValueSpecification","valueRequired":true,"valueName":"search_term_string"}}],"inLanguage":"en-US"},{"@type":["Organization","Place"],"@id":"https:\/\/ubirataonline.com.br\/#organization","name":"Ubirat\u00e3 Online Not\u00edcias","alternateName":"Ubirat\u00e3 Online","url":"https:\/\/ubirataonline.com.br\/","logo":{"@id":"https:\/\/ubirataonline.com.br\/dubon-to-be-in-center-field-with-harris-ii-white-out\/#local-main-organization-logo"},"image":{"@id":"https:\/\/ubirataonline.com.br\/dubon-to-be-in-center-field-with-harris-ii-white-out\/#local-main-organization-logo"},"sameAs":["https:\/\/www.facebook.com\/portalubirataonline","https:\/\/x.com\/ubirataonline","https:\/\/mastodon.social\/@ubirataonline","https:\/\/www.facebook.com\/groups\/311144672285604","https:\/\/www.facebook.com\/UBTAOnline","https:\/\/www.instagram.com\/portalubirataonline\/","https:\/\/twitter.com\/ubirataonline"],"description":"Somos um portal de not\u00edcias independente, criado em 5 de janeiro de 2009, com o objetivo de informar, conectar e valorizar a nossa comunidade de Ubirat\u00e3 e toda aregi\u00e3o. Com conte\u00fado atualizado, confi\u00e1vel e relevante, o Ubirat\u00e3 Online \u00e9 o seu espa\u00e7o para ficar por dentro dos principais acontecimentos locais, regionais, Brasil, Mundo e de interesse geral. Nosso compromisso \u00e9 com a verdade, a transpar\u00eancia e o respeito ao leitor.","legalName":"UBIRATA ONLINE NOT\u00cdCIAS","foundingDate":"2009-01-05","numberOfEmployees":{"@type":"QuantitativeValue","minValue":"1","maxValue":"10"},"publishingPrinciples":"https:\/\/ubirataonline.com.br\/faq\/","address":{"@id":"https:\/\/ubirataonline.com.br\/dubon-to-be-in-center-field-with-harris-ii-white-out\/#local-main-place-address"},"geo":{"@type":"GeoCoordinates","latitude":"-24.5361401","longitude":"-52.9921776"},"telephone":["+5544998308235"],"contactPoint":{"@type":"ContactPoint","email":"contato@ubirataonline.com.br"},"openingHoursSpecification":{"@type":"OpeningHoursSpecification","dayOfWeek":["Monday","Tuesday","Wednesday","Thursday","Friday","Saturday","Sunday"],"opens":"00:00","closes":"23:59"},"email":"contato@ubirataonline.com.br","vatID":"47.621.418\/0001-80"},{"@type":"Person","@id":"https:\/\/ubirataonline.com.br\/#\/schema\/person\/372f87bbd3fdd79b8556b84c98d0bc1c","name":"REDA\u00c7\u00c3O: UBIRAT\u00c3 ONLINE - F\u00c1BIO AUGUSTO CELESTINO","pronouns":"Ele","description":"Desde 2003 trabalhando com not\u00edcias.","sameAs":["http:\/\/ubirataoline.com.br","https:\/\/www.facebook.com\/portalubirataonline","https:\/\/www.instagram.com\/ubirataonline_oficial","https:\/\/x.com\/x.com\/ubirataonline"],"honorificPrefix":"Mr.","honorificSuffix":"MD","birthDate":"1980-06-16","gender":"masculino","award":["V\u00e1rios pr\u00eamios de melhor portal da cidade"],"jobTitle":"Diretor","url":"https:\/\/ubirataonline.com.br\/en\/author\/ubirataonline\/"},{"@type":"PostalAddress","@id":"https:\/\/ubirataonline.com.br\/dubon-to-be-in-center-field-with-harris-ii-white-out\/#local-main-place-address","streetAddress":"Rua dos Coqueiros, 104 - Bairro Boa Vista, Rua dos Coqueiros, 104 Bairro Boa Vista","addressLocality":"UBIRATA","postalCode":"85440-000","addressRegion":"PR","addressCountry":"BR"},{"@type":"ImageObject","inLanguage":"en-US","@id":"https:\/\/ubirataonline.com.br\/dubon-to-be-in-center-field-with-harris-ii-white-out\/#local-main-organization-logo","url":"https:\/\/ubirataonline.com.br\/wp-content\/uploads\/2026\/06\/logoubirataonline-1.webp","contentUrl":"https:\/\/ubirataonline.com.br\/wp-content\/uploads\/2026\/06\/logoubirataonline-1.webp","width":500,"height":500,"caption":"Ubirat\u00e3 Online Not\u00edcias"}]},"geo.placename":"UBIRATA","geo.position":{"lat":"-24.5361401","long":"-52.9921776"},"geo.region":"Brazil"},"_links":{"self":[{"href":"https:\/\/ubirataonline.com.br\/en\/wp-json\/wp\/v2\/posts\/105534","targetHints":{"allow":["GET"]}}],"collection":[{"href":"https:\/\/ubirataonline.com.br\/en\/wp-json\/wp\/v2\/posts"}],"about":[{"href":"https:\/\/ubirataonline.com.br\/en\/wp-json\/wp\/v2\/types\/post"}],"author":[{"embeddable":true,"href":"https:\/\/ubirataonline.com.br\/en\/wp-json\/wp\/v2\/users\/1"}],"replies":[{"embeddable":true,"href":"https:\/\/ubirataonline.com.br\/en\/wp-json\/wp\/v2\/comments?post=105534"}],"version-history":[{"count":0,"href":"https:\/\/ubirataonline.com.br\/en\/wp-json\/wp\/v2\/posts\/105534\/revisions"}],"wp:featuredmedia":[{"embeddable":true,"href":"https:\/\/ubirataonline.com.br\/en\/wp-json\/wp\/v2\/media\/105535"}],"wp:attachment":[{"href":"https:\/\/ubirataonline.com.br\/en\/wp-json\/wp\/v2\/media?parent=105534"}],"wp:term":[{"taxonomy":"category","embeddable":true,"href":"https:\/\/ubirataonline.com.br\/en\/wp-json\/wp\/v2\/categories?post=105534"},{"taxonomy":"post_tag","embeddable":true,"href":"https:\/\/ubirataonline.com.br\/en\/wp-json\/wp\/v2\/tags?post=105534"}],"curies":[{"name":"wp","href":"https:\/\/api.w.org\/{rel}","templated":true}]}}