{"id":105656,"date":"2026-04-13T00:13:37","date_gmt":"2026-04-13T03:13:37","guid":{"rendered":"https:\/\/ubirataonline.com.br\/a24s-tony-matt-johnsons-anthony-bourdain-biopic-heads-to-reshoots-this-month-world-of-reel\/"},"modified":"2026-04-13T00:13:37","modified_gmt":"2026-04-13T03:13:37","slug":"a24s-tony-matt-johnsons-anthony-bourdain-biopic-heads-to-reshoots-this-month-world-of-reel","status":"publish","type":"post","link":"https:\/\/ubirataonline.com.br\/en\/a24s-tony-matt-johnsons-anthony-bourdain-biopic-heads-to-reshoots-this-month-world-of-reel\/","title":{"rendered":"A24\u2019s \u2018Tony,\u2019 Matt Johnson\u2019s Anthony Bourdain Biopic, Heads to Reshoots This Month \u2014 World of Reel"},"content":{"rendered":"<p><\/p>\n<div data-sqsp-text-block-content=\"\">\n<p class=\"\" style=\"white-space:pre-wrap;\">Dominic Sessa, who gained attention for his lead turn in \u201cThe Holdovers,\u201d is playing the late Anthony Bourdain in \u201cTony,\u201d an upcoming film produced by A24. Emilia Jones, Antonio Banderas, Rich Sommer and Stavros Halkias (!) are also part of the cast.<\/p>\n<p class=\"\" style=\"white-space:pre-wrap;\">Now, after testing, \u201cTony\u201d is getting <a href=\"https:\/\/www.instagram.com\/p\/DW9fO2Hic7i\/?igsh=NmM1bXVjN2M3cXdo\" target=\"_blank\">reshoots<\/a> starting April 22. Hopefully, they can better this movie, which is eyeing a fall release and a likely premiere at TIFF.<\/p>\n<p class=\"\" style=\"white-space:pre-wrap;\">The film is directed by Matt Johnson, known for 2023\u2019s acclaimed \u201cBlackBerry.\u201d The screenplay comes from Todd Bartel and Lou Howe. Though plot specifics are still technically under wraps, \u201cTony\u201d is supposed to take place in 1976, when a young Bourdain had a life-changing experience working and living in Provincetown, Mass.<\/p>\n<p class=\"\" style=\"white-space:pre-wrap;\">Bourdain made his mark in the culinary world as an executive chef in Manhattan during the 1980s. His breakthrough came with the release of Kitchen Confidential: \u201cAdventures in the Culinary Underbelly,\u201d a bestselling memoir that propelled him to stardom.<\/p>\n<p class=\"\" style=\"white-space:pre-wrap;\">Known for his raw honesty and no-nonsense perspective on food and culture, Bourdain became a beloved figure through his Travel Channel series \u201cAnthony Bourdain: No Reservations,\u201d which aired for eight seasons. He died by suicide in 2018.<\/p>\n<p class=\"\" style=\"white-space:pre-wrap;\">Would Bourdain have approved of a Hollywood biopic about his life? Probably not. He wasn\u2019t the type to seek artifice out of the spotlight. In fact, this film feels like the kind of thing he would\u2019ve resisted most.<\/p>\n<p class=\"\" style=\"white-space:pre-wrap;\">Regardless, Johnson is talented, and maybe \u201cTony\u201d can turn out to be a good movie \u2014 much like \u201cBlackBerry\u201d and this year\u2019s \u201cNirvana the Band The Show The Movie.\u201d Expect lots of handheld camerawork and rapid zooms \u2014 his forte.<\/p>\n<\/div>\n<p><script async src=\"\/\/www.instagram.com\/embed.js\"><\/script><\/p>\n<p><a href=\"https:\/\/www.worldofreel.com\/blog\/2026\/4\/12\/a24s-tony-matt-johnsons-anthony-bourdain-biopic-heads-to-reshoots-this-month\">Source link <\/a><br \/>\nSee more https:\/\/theglobaltrack.com\/<\/p>","protected":false},"excerpt":{"rendered":"<p>Dominic Sessa, who gained attention for his lead turn in \u201cThe Holdovers,\u201d is playing the late Anthony Bourdain in \u201cTony,\u201d an upcoming film produced by A24. Emilia Jones, Antonio Banderas, Rich Sommer and Stavros Halkias (!) are also part of the cast. Now, after testing, \u201cTony\u201d is getting reshoots starting April 22. Hopefully, they can [&hellip;]<\/p>\n","protected":false},"author":1,"featured_media":105658,"comment_status":"","ping_status":"","sticky":false,"template":"","format":"standard","meta":{"googlesitekit_rrm_CAow2JLhCw:productID":"","_gspb_post_css":"","maa_idioma":"","maa_pais":"","footnotes":""},"categories":[1],"tags":[27562,5300,10124,25222,3374,25972,3793,11185,16431,25942,7369,4633],"class_list":["post-105656","post","type-post","status-publish","format-standard","has-post-thumbnail","hentry","category-ubirata","tag-a24s","tag-anthony","tag-biopic","tag-bourdain","tag-heads","tag-johnsons","tag-matt","tag-month","tag-reel","tag-reshoots","tag-tony","tag-world"],"blocksy_meta":[],"yoast_head":"<!-- This site is optimized with the Yoast SEO Premium plugin v27.6 (Yoast SEO v27.6) - https:\/\/yoast.com\/product\/yoast-seo-premium-wordpress\/ -->\n<title>A24\u2019s \u2018Tony,\u2019 Matt Johnson\u2019s Anthony Bourdain Biopic, Heads to Reshoots This Month \u2014 World of Reel - Ubirat\u00e3 Online Not\u00edcias - A realidade ao seu alcance!<\/title>\n<meta name=\"description\" content=\"\u201cTony\u201d is getting reshoots starting April 22. Hopefully, they can better this movie, which is eyeing a fall release and a likely premiere at TIFF.\" \/>\n<meta name=\"robots\" content=\"index, follow, max-snippet:-1, max-image-preview:large, max-video-preview:-1\" \/>\n<link rel=\"canonical\" href=\"https:\/\/ubirataonline.com.br\/en\/a24s-tony-matt-johnsons-anthony-bourdain-biopic-heads-to-reshoots-this-month-world-of-reel\/\" \/>\n<meta property=\"og:locale\" content=\"en_US\" \/>\n<meta property=\"og:type\" content=\"article\" \/>\n<meta property=\"og:title\" content=\"A24\u2019s \u2018Tony,\u2019 Matt Johnson\u2019s Anthony Bourdain Biopic, Heads to Reshoots This Month \u2014 World of Reel\" \/>\n<meta property=\"og:description\" content=\"\u201cTony\u201d is getting reshoots starting April 22. Hopefully, they can better this movie, which is eyeing a fall release and a likely premiere at TIFF.\" \/>\n<meta property=\"og:url\" content=\"https:\/\/ubirataonline.com.br\/en\/a24s-tony-matt-johnsons-anthony-bourdain-biopic-heads-to-reshoots-this-month-world-of-reel\/\" \/>\n<meta property=\"og:site_name\" content=\"Ubirat\u00e3 Online Not\u00edcias - A realidade ao seu alcance!\" \/>\n<meta property=\"article:publisher\" content=\"https:\/\/www.facebook.com\/portalubirataonline\" \/>\n<meta property=\"article:author\" content=\"https:\/\/www.facebook.com\/portalubirataonline\" \/>\n<meta property=\"article:published_time\" content=\"2026-04-13T03:13:37+00:00\" \/>\n<meta property=\"og:image\" content=\"https:\/\/ubirataonline.com.br\/wp-content\/uploads\/2026\/04\/A24s-\u2018Tony-Matt-Johnsons-Anthony-Bourdain-Biopic-Heads-to-Reshoots.webp.webp\" \/>\n\t<meta property=\"og:image:width\" content=\"1290\" \/>\n\t<meta property=\"og:image:height\" content=\"503\" \/>\n\t<meta property=\"og:image:type\" content=\"image\/webp\" \/>\n<meta name=\"author\" content=\"REDA\u00c7\u00c3O: UBIRAT\u00c3 ONLINE - F\u00c1BIO AUGUSTO CELESTINO\" \/>\n<meta name=\"twitter:card\" content=\"summary_large_image\" \/>\n<meta name=\"twitter:creator\" content=\"@x.com\/ubirataonline\" \/>\n<meta name=\"twitter:site\" content=\"@ubirataonline\" \/>\n<meta name=\"twitter:label1\" content=\"Written by\" \/>\n\t<meta name=\"twitter:data1\" content=\"REDA\u00c7\u00c3O: UBIRAT\u00c3 ONLINE - F\u00c1BIO AUGUSTO CELESTINO\" \/>\n\t<meta name=\"twitter:label2\" content=\"Est. reading time\" \/>\n\t<meta name=\"twitter:data2\" content=\"1 minute\" \/>\n<script type=\"application\/ld+json\" class=\"yoast-schema-graph\">{\"@context\":\"https:\\\/\\\/schema.org\",\"@graph\":[{\"@type\":\"NewsArticle\",\"@id\":\"https:\\\/\\\/ubirataonline.com.br\\\/a24s-tony-matt-johnsons-anthony-bourdain-biopic-heads-to-reshoots-this-month-world-of-reel\\\/#article\",\"isPartOf\":{\"@id\":\"https:\\\/\\\/ubirataonline.com.br\\\/a24s-tony-matt-johnsons-anthony-bourdain-biopic-heads-to-reshoots-this-month-world-of-reel\\\/\"},\"author\":{\"name\":\"REDA\u00c7\u00c3O: UBIRAT\u00c3 ONLINE - F\u00c1BIO AUGUSTO CELESTINO\",\"@id\":\"https:\\\/\\\/ubirataonline.com.br\\\/#\\\/schema\\\/person\\\/372f87bbd3fdd79b8556b84c98d0bc1c\"},\"headline\":\"A24\u2019s \u2018Tony,\u2019 Matt Johnson\u2019s Anthony Bourdain Biopic, Heads to Reshoots This Month \u2014 World of Reel\",\"datePublished\":\"2026-04-13T03:13:37+00:00\",\"mainEntityOfPage\":{\"@id\":\"https:\\\/\\\/ubirataonline.com.br\\\/a24s-tony-matt-johnsons-anthony-bourdain-biopic-heads-to-reshoots-this-month-world-of-reel\\\/\"},\"wordCount\":296,\"publisher\":{\"@id\":\"https:\\\/\\\/ubirataonline.com.br\\\/#organization\"},\"image\":{\"@id\":\"https:\\\/\\\/ubirataonline.com.br\\\/a24s-tony-matt-johnsons-anthony-bourdain-biopic-heads-to-reshoots-this-month-world-of-reel\\\/#primaryimage\"},\"thumbnailUrl\":\"https:\\\/\\\/ubirataonline.com.br\\\/wp-content\\\/uploads\\\/2026\\\/04\\\/A24s-\u2018Tony-Matt-Johnsons-Anthony-Bourdain-Biopic-Heads-to-Reshoots.webp.webp\",\"keywords\":[\"A24s\",\"Anthony\",\"biopic\",\"Bourdain\",\"heads\",\"Johnsons\",\"Matt\",\"month\",\"Reel\",\"Reshoots\",\"Tony\",\"World\"],\"articleSection\":[\"Ubirat\u00e3\"],\"inLanguage\":\"en-US\",\"copyrightYear\":\"2026\",\"copyrightHolder\":{\"@id\":\"https:\\\/\\\/ubirataonline.com.br\\\/en\\\/#organization\"}},{\"@type\":\"WebPage\",\"@id\":\"https:\\\/\\\/ubirataonline.com.br\\\/a24s-tony-matt-johnsons-anthony-bourdain-biopic-heads-to-reshoots-this-month-world-of-reel\\\/\",\"url\":\"https:\\\/\\\/ubirataonline.com.br\\\/a24s-tony-matt-johnsons-anthony-bourdain-biopic-heads-to-reshoots-this-month-world-of-reel\\\/\",\"name\":\"A24\u2019s \u2018Tony,\u2019 Matt Johnson\u2019s Anthony Bourdain Biopic, Heads to Reshoots This Month \u2014 World of Reel - Ubirat\u00e3 Online Not\u00edcias - A realidade ao seu alcance!\",\"isPartOf\":{\"@id\":\"https:\\\/\\\/ubirataonline.com.br\\\/#website\"},\"primaryImageOfPage\":{\"@id\":\"https:\\\/\\\/ubirataonline.com.br\\\/a24s-tony-matt-johnsons-anthony-bourdain-biopic-heads-to-reshoots-this-month-world-of-reel\\\/#primaryimage\"},\"image\":{\"@id\":\"https:\\\/\\\/ubirataonline.com.br\\\/a24s-tony-matt-johnsons-anthony-bourdain-biopic-heads-to-reshoots-this-month-world-of-reel\\\/#primaryimage\"},\"thumbnailUrl\":\"https:\\\/\\\/ubirataonline.com.br\\\/wp-content\\\/uploads\\\/2026\\\/04\\\/A24s-\u2018Tony-Matt-Johnsons-Anthony-Bourdain-Biopic-Heads-to-Reshoots.webp.webp\",\"datePublished\":\"2026-04-13T03:13:37+00:00\",\"description\":\"\u201cTony\u201d is getting reshoots starting April 22. Hopefully, they can better this movie, which is eyeing a fall release and a likely premiere at TIFF.\",\"breadcrumb\":{\"@id\":\"https:\\\/\\\/ubirataonline.com.br\\\/a24s-tony-matt-johnsons-anthony-bourdain-biopic-heads-to-reshoots-this-month-world-of-reel\\\/#breadcrumb\"},\"inLanguage\":\"en-US\",\"potentialAction\":[{\"@type\":\"ReadAction\",\"target\":[\"https:\\\/\\\/ubirataonline.com.br\\\/a24s-tony-matt-johnsons-anthony-bourdain-biopic-heads-to-reshoots-this-month-world-of-reel\\\/\"]}]},{\"@type\":\"ImageObject\",\"inLanguage\":\"en-US\",\"@id\":\"https:\\\/\\\/ubirataonline.com.br\\\/a24s-tony-matt-johnsons-anthony-bourdain-biopic-heads-to-reshoots-this-month-world-of-reel\\\/#primaryimage\",\"url\":\"https:\\\/\\\/ubirataonline.com.br\\\/wp-content\\\/uploads\\\/2026\\\/04\\\/A24s-\u2018Tony-Matt-Johnsons-Anthony-Bourdain-Biopic-Heads-to-Reshoots.webp.webp\",\"contentUrl\":\"https:\\\/\\\/ubirataonline.com.br\\\/wp-content\\\/uploads\\\/2026\\\/04\\\/A24s-\u2018Tony-Matt-Johnsons-Anthony-Bourdain-Biopic-Heads-to-Reshoots.webp.webp\",\"width\":1290,\"height\":503,\"caption\":\"A24\u2019s \u2018Tony,\u2019 Matt Johnson\u2019s Anthony Bourdain Biopic, Heads to Reshoots This Month \u2014 World of Reel\"},{\"@type\":\"BreadcrumbList\",\"@id\":\"https:\\\/\\\/ubirataonline.com.br\\\/a24s-tony-matt-johnsons-anthony-bourdain-biopic-heads-to-reshoots-this-month-world-of-reel\\\/#breadcrumb\",\"itemListElement\":[{\"@type\":\"ListItem\",\"position\":1,\"name\":\"In\u00edcio\",\"item\":\"https:\\\/\\\/ubirataonline.com.br\\\/\"},{\"@type\":\"ListItem\",\"position\":2,\"name\":\"A24\u2019s \u2018Tony,\u2019 Matt Johnson\u2019s Anthony Bourdain Biopic, Heads to Reshoots This Month \u2014 World of Reel\"}]},{\"@type\":\"WebSite\",\"@id\":\"https:\\\/\\\/ubirataonline.com.br\\\/#website\",\"url\":\"https:\\\/\\\/ubirataonline.com.br\\\/\",\"name\":\"Ubirat\u00e3 Online Not\u00edcias\",\"description\":\"Not\u00edcias de Ubirat\u00e3, regi\u00e3o, Brasil e mundo, com informa\u00e7\u00e3o atualizada e compromisso com o leitor.\",\"publisher\":{\"@id\":\"https:\\\/\\\/ubirataonline.com.br\\\/#organization\"},\"alternateName\":\"Ubirat\u00e3 Online\",\"potentialAction\":[{\"@type\":\"SearchAction\",\"target\":{\"@type\":\"EntryPoint\",\"urlTemplate\":\"https:\\\/\\\/ubirataonline.com.br\\\/?s={search_term_string}\"},\"query-input\":{\"@type\":\"PropertyValueSpecification\",\"valueRequired\":true,\"valueName\":\"search_term_string\"}}],\"inLanguage\":\"en-US\"},{\"@type\":[\"Organization\",\"Place\"],\"@id\":\"https:\\\/\\\/ubirataonline.com.br\\\/#organization\",\"name\":\"Ubirat\u00e3 Online Not\u00edcias\",\"alternateName\":\"Ubirat\u00e3 Online\",\"url\":\"https:\\\/\\\/ubirataonline.com.br\\\/\",\"logo\":{\"@id\":\"https:\\\/\\\/ubirataonline.com.br\\\/a24s-tony-matt-johnsons-anthony-bourdain-biopic-heads-to-reshoots-this-month-world-of-reel\\\/#local-main-organization-logo\"},\"image\":{\"@id\":\"https:\\\/\\\/ubirataonline.com.br\\\/a24s-tony-matt-johnsons-anthony-bourdain-biopic-heads-to-reshoots-this-month-world-of-reel\\\/#local-main-organization-logo\"},\"sameAs\":[\"https:\\\/\\\/www.facebook.com\\\/portalubirataonline\",\"https:\\\/\\\/x.com\\\/ubirataonline\",\"https:\\\/\\\/mastodon.social\\\/@ubirataonline\",\"https:\\\/\\\/www.facebook.com\\\/groups\\\/311144672285604\",\"https:\\\/\\\/www.facebook.com\\\/UBTAOnline\",\"https:\\\/\\\/www.instagram.com\\\/portalubirataonline\\\/\",\"https:\\\/\\\/twitter.com\\\/ubirataonline\"],\"description\":\"Somos um portal de not\u00edcias independente, criado em 5 de janeiro de 2009, com o objetivo de informar, conectar e valorizar a nossa comunidade de Ubirat\u00e3 e toda aregi\u00e3o. Com conte\u00fado atualizado, confi\u00e1vel e relevante, o Ubirat\u00e3 Online \u00e9 o seu espa\u00e7o para ficar por dentro dos principais acontecimentos locais, regionais, Brasil, Mundo e de interesse geral. Nosso compromisso \u00e9 com a verdade, a transpar\u00eancia e o respeito ao leitor.\",\"legalName\":\"UBIRATA ONLINE NOT\u00cdCIAS\",\"foundingDate\":\"2009-01-05\",\"numberOfEmployees\":{\"@type\":\"QuantitativeValue\",\"minValue\":\"1\",\"maxValue\":\"10\"},\"publishingPrinciples\":\"https:\\\/\\\/ubirataonline.com.br\\\/faq\\\/\",\"address\":{\"@id\":\"https:\\\/\\\/ubirataonline.com.br\\\/a24s-tony-matt-johnsons-anthony-bourdain-biopic-heads-to-reshoots-this-month-world-of-reel\\\/#local-main-place-address\"},\"geo\":{\"@type\":\"GeoCoordinates\",\"latitude\":\"-24.5361401\",\"longitude\":\"-52.9921776\"},\"telephone\":[\"+5544998308235\"],\"contactPoint\":{\"@type\":\"ContactPoint\",\"email\":\"contato@ubirataonline.com.br\"},\"openingHoursSpecification\":{\"@type\":\"OpeningHoursSpecification\",\"dayOfWeek\":[\"Monday\",\"Tuesday\",\"Wednesday\",\"Thursday\",\"Friday\",\"Saturday\",\"Sunday\"],\"opens\":\"00:00\",\"closes\":\"23:59\"},\"email\":\"contato@ubirataonline.com.br\",\"vatID\":\"47.621.418\\\/0001-80\"},{\"@type\":\"Person\",\"@id\":\"https:\\\/\\\/ubirataonline.com.br\\\/#\\\/schema\\\/person\\\/372f87bbd3fdd79b8556b84c98d0bc1c\",\"name\":\"REDA\u00c7\u00c3O: UBIRAT\u00c3 ONLINE - F\u00c1BIO AUGUSTO CELESTINO\",\"pronouns\":\"Ele\",\"description\":\"Desde 2003 trabalhando com not\u00edcias.\",\"sameAs\":[\"http:\\\/\\\/ubirataoline.com.br\",\"https:\\\/\\\/www.facebook.com\\\/portalubirataonline\",\"https:\\\/\\\/www.instagram.com\\\/ubirataonline_oficial\",\"https:\\\/\\\/x.com\\\/x.com\\\/ubirataonline\"],\"honorificPrefix\":\"Mr.\",\"honorificSuffix\":\"MD\",\"birthDate\":\"1980-06-16\",\"gender\":\"masculino\",\"award\":[\"V\u00e1rios pr\u00eamios de melhor portal da cidade\"],\"jobTitle\":\"Diretor\",\"url\":\"https:\\\/\\\/ubirataonline.com.br\\\/en\\\/author\\\/ubirataonline\\\/\"},{\"@type\":\"PostalAddress\",\"@id\":\"https:\\\/\\\/ubirataonline.com.br\\\/a24s-tony-matt-johnsons-anthony-bourdain-biopic-heads-to-reshoots-this-month-world-of-reel\\\/#local-main-place-address\",\"streetAddress\":\"Rua dos Coqueiros, 104 - Bairro Boa Vista, Rua dos Coqueiros, 104 Bairro Boa Vista\",\"addressLocality\":\"UBIRATA\",\"postalCode\":\"85440-000\",\"addressRegion\":\"PR\",\"addressCountry\":\"BR\"},{\"@type\":\"ImageObject\",\"inLanguage\":\"en-US\",\"@id\":\"https:\\\/\\\/ubirataonline.com.br\\\/a24s-tony-matt-johnsons-anthony-bourdain-biopic-heads-to-reshoots-this-month-world-of-reel\\\/#local-main-organization-logo\",\"url\":\"https:\\\/\\\/ubirataonline.com.br\\\/wp-content\\\/uploads\\\/2026\\\/06\\\/logoubirataonline-1.webp\",\"contentUrl\":\"https:\\\/\\\/ubirataonline.com.br\\\/wp-content\\\/uploads\\\/2026\\\/06\\\/logoubirataonline-1.webp\",\"width\":500,\"height\":500,\"caption\":\"Ubirat\u00e3 Online Not\u00edcias\"}]}<\/script>\n<meta name=\"geo.placename\" content=\"UBIRATA\" \/>\n<meta name=\"geo.position\" content=\"-24.5361401;-52.9921776\" \/>\n<meta name=\"geo.region\" content=\"Brazil\" \/>\n<!-- \/ Yoast SEO Premium plugin. -->","yoast_head_json":{"title":"A24\u2019s \u2018Tony,\u2019 Matt Johnson\u2019s Anthony Bourdain Biopic, Heads to Reshoots This Month \u2014 World of Reel - Ubirat\u00e3 Online Not\u00edcias - A realidade ao seu alcance!","description":"\u201cTony\u201d is getting reshoots starting April 22. Hopefully, they can better this movie, which is eyeing a fall release and a likely premiere at TIFF.","robots":{"index":"index","follow":"follow","max-snippet":"max-snippet:-1","max-image-preview":"max-image-preview:large","max-video-preview":"max-video-preview:-1"},"canonical":"https:\/\/ubirataonline.com.br\/en\/a24s-tony-matt-johnsons-anthony-bourdain-biopic-heads-to-reshoots-this-month-world-of-reel\/","og_locale":"en_US","og_type":"article","og_title":"A24\u2019s \u2018Tony,\u2019 Matt Johnson\u2019s Anthony Bourdain Biopic, Heads to Reshoots This Month \u2014 World of Reel","og_description":"\u201cTony\u201d is getting reshoots starting April 22. Hopefully, they can better this movie, which is eyeing a fall release and a likely premiere at TIFF.","og_url":"https:\/\/ubirataonline.com.br\/en\/a24s-tony-matt-johnsons-anthony-bourdain-biopic-heads-to-reshoots-this-month-world-of-reel\/","og_site_name":"Ubirat\u00e3 Online Not\u00edcias - A realidade ao seu alcance!","article_publisher":"https:\/\/www.facebook.com\/portalubirataonline","article_author":"https:\/\/www.facebook.com\/portalubirataonline","article_published_time":"2026-04-13T03:13:37+00:00","og_image":[{"width":1290,"height":503,"url":"https:\/\/ubirataonline.com.br\/wp-content\/uploads\/2026\/04\/A24s-\u2018Tony-Matt-Johnsons-Anthony-Bourdain-Biopic-Heads-to-Reshoots.webp.webp","type":"image\/webp"}],"author":"REDA\u00c7\u00c3O: UBIRAT\u00c3 ONLINE - F\u00c1BIO AUGUSTO CELESTINO","twitter_card":"summary_large_image","twitter_creator":"@x.com\/ubirataonline","twitter_site":"@ubirataonline","twitter_misc":{"Written by":"REDA\u00c7\u00c3O: UBIRAT\u00c3 ONLINE - F\u00c1BIO AUGUSTO CELESTINO","Est. reading time":"1 minute"},"schema":{"@context":"https:\/\/schema.org","@graph":[{"@type":"NewsArticle","@id":"https:\/\/ubirataonline.com.br\/a24s-tony-matt-johnsons-anthony-bourdain-biopic-heads-to-reshoots-this-month-world-of-reel\/#article","isPartOf":{"@id":"https:\/\/ubirataonline.com.br\/a24s-tony-matt-johnsons-anthony-bourdain-biopic-heads-to-reshoots-this-month-world-of-reel\/"},"author":{"name":"REDA\u00c7\u00c3O: UBIRAT\u00c3 ONLINE - F\u00c1BIO AUGUSTO CELESTINO","@id":"https:\/\/ubirataonline.com.br\/#\/schema\/person\/372f87bbd3fdd79b8556b84c98d0bc1c"},"headline":"A24\u2019s \u2018Tony,\u2019 Matt Johnson\u2019s Anthony Bourdain Biopic, Heads to Reshoots This Month \u2014 World of Reel","datePublished":"2026-04-13T03:13:37+00:00","mainEntityOfPage":{"@id":"https:\/\/ubirataonline.com.br\/a24s-tony-matt-johnsons-anthony-bourdain-biopic-heads-to-reshoots-this-month-world-of-reel\/"},"wordCount":296,"publisher":{"@id":"https:\/\/ubirataonline.com.br\/#organization"},"image":{"@id":"https:\/\/ubirataonline.com.br\/a24s-tony-matt-johnsons-anthony-bourdain-biopic-heads-to-reshoots-this-month-world-of-reel\/#primaryimage"},"thumbnailUrl":"https:\/\/ubirataonline.com.br\/wp-content\/uploads\/2026\/04\/A24s-\u2018Tony-Matt-Johnsons-Anthony-Bourdain-Biopic-Heads-to-Reshoots.webp.webp","keywords":["A24s","Anthony","biopic","Bourdain","heads","Johnsons","Matt","month","Reel","Reshoots","Tony","World"],"articleSection":["Ubirat\u00e3"],"inLanguage":"en-US","copyrightYear":"2026","copyrightHolder":{"@id":"https:\/\/ubirataonline.com.br\/en\/#organization"}},{"@type":"WebPage","@id":"https:\/\/ubirataonline.com.br\/a24s-tony-matt-johnsons-anthony-bourdain-biopic-heads-to-reshoots-this-month-world-of-reel\/","url":"https:\/\/ubirataonline.com.br\/a24s-tony-matt-johnsons-anthony-bourdain-biopic-heads-to-reshoots-this-month-world-of-reel\/","name":"A24\u2019s \u2018Tony,\u2019 Matt Johnson\u2019s Anthony Bourdain Biopic, Heads to Reshoots This Month \u2014 World of Reel - Ubirat\u00e3 Online Not\u00edcias - A realidade ao seu alcance!","isPartOf":{"@id":"https:\/\/ubirataonline.com.br\/#website"},"primaryImageOfPage":{"@id":"https:\/\/ubirataonline.com.br\/a24s-tony-matt-johnsons-anthony-bourdain-biopic-heads-to-reshoots-this-month-world-of-reel\/#primaryimage"},"image":{"@id":"https:\/\/ubirataonline.com.br\/a24s-tony-matt-johnsons-anthony-bourdain-biopic-heads-to-reshoots-this-month-world-of-reel\/#primaryimage"},"thumbnailUrl":"https:\/\/ubirataonline.com.br\/wp-content\/uploads\/2026\/04\/A24s-\u2018Tony-Matt-Johnsons-Anthony-Bourdain-Biopic-Heads-to-Reshoots.webp.webp","datePublished":"2026-04-13T03:13:37+00:00","description":"\u201cTony\u201d is getting reshoots starting April 22. Hopefully, they can better this movie, which is eyeing a fall release and a likely premiere at TIFF.","breadcrumb":{"@id":"https:\/\/ubirataonline.com.br\/a24s-tony-matt-johnsons-anthony-bourdain-biopic-heads-to-reshoots-this-month-world-of-reel\/#breadcrumb"},"inLanguage":"en-US","potentialAction":[{"@type":"ReadAction","target":["https:\/\/ubirataonline.com.br\/a24s-tony-matt-johnsons-anthony-bourdain-biopic-heads-to-reshoots-this-month-world-of-reel\/"]}]},{"@type":"ImageObject","inLanguage":"en-US","@id":"https:\/\/ubirataonline.com.br\/a24s-tony-matt-johnsons-anthony-bourdain-biopic-heads-to-reshoots-this-month-world-of-reel\/#primaryimage","url":"https:\/\/ubirataonline.com.br\/wp-content\/uploads\/2026\/04\/A24s-\u2018Tony-Matt-Johnsons-Anthony-Bourdain-Biopic-Heads-to-Reshoots.webp.webp","contentUrl":"https:\/\/ubirataonline.com.br\/wp-content\/uploads\/2026\/04\/A24s-\u2018Tony-Matt-Johnsons-Anthony-Bourdain-Biopic-Heads-to-Reshoots.webp.webp","width":1290,"height":503,"caption":"A24\u2019s \u2018Tony,\u2019 Matt Johnson\u2019s Anthony Bourdain Biopic, Heads to Reshoots This Month \u2014 World of Reel"},{"@type":"BreadcrumbList","@id":"https:\/\/ubirataonline.com.br\/a24s-tony-matt-johnsons-anthony-bourdain-biopic-heads-to-reshoots-this-month-world-of-reel\/#breadcrumb","itemListElement":[{"@type":"ListItem","position":1,"name":"In\u00edcio","item":"https:\/\/ubirataonline.com.br\/"},{"@type":"ListItem","position":2,"name":"A24\u2019s \u2018Tony,\u2019 Matt Johnson\u2019s Anthony Bourdain Biopic, Heads to Reshoots This Month \u2014 World of Reel"}]},{"@type":"WebSite","@id":"https:\/\/ubirataonline.com.br\/#website","url":"https:\/\/ubirataonline.com.br\/","name":"Ubirat\u00e3 Online Not\u00edcias","description":"Not\u00edcias de Ubirat\u00e3, regi\u00e3o, Brasil e mundo, com informa\u00e7\u00e3o atualizada e compromisso com o leitor.","publisher":{"@id":"https:\/\/ubirataonline.com.br\/#organization"},"alternateName":"Ubirat\u00e3 Online","potentialAction":[{"@type":"SearchAction","target":{"@type":"EntryPoint","urlTemplate":"https:\/\/ubirataonline.com.br\/?s={search_term_string}"},"query-input":{"@type":"PropertyValueSpecification","valueRequired":true,"valueName":"search_term_string"}}],"inLanguage":"en-US"},{"@type":["Organization","Place"],"@id":"https:\/\/ubirataonline.com.br\/#organization","name":"Ubirat\u00e3 Online Not\u00edcias","alternateName":"Ubirat\u00e3 Online","url":"https:\/\/ubirataonline.com.br\/","logo":{"@id":"https:\/\/ubirataonline.com.br\/a24s-tony-matt-johnsons-anthony-bourdain-biopic-heads-to-reshoots-this-month-world-of-reel\/#local-main-organization-logo"},"image":{"@id":"https:\/\/ubirataonline.com.br\/a24s-tony-matt-johnsons-anthony-bourdain-biopic-heads-to-reshoots-this-month-world-of-reel\/#local-main-organization-logo"},"sameAs":["https:\/\/www.facebook.com\/portalubirataonline","https:\/\/x.com\/ubirataonline","https:\/\/mastodon.social\/@ubirataonline","https:\/\/www.facebook.com\/groups\/311144672285604","https:\/\/www.facebook.com\/UBTAOnline","https:\/\/www.instagram.com\/portalubirataonline\/","https:\/\/twitter.com\/ubirataonline"],"description":"Somos um portal de not\u00edcias independente, criado em 5 de janeiro de 2009, com o objetivo de informar, conectar e valorizar a nossa comunidade de Ubirat\u00e3 e toda aregi\u00e3o. Com conte\u00fado atualizado, confi\u00e1vel e relevante, o Ubirat\u00e3 Online \u00e9 o seu espa\u00e7o para ficar por dentro dos principais acontecimentos locais, regionais, Brasil, Mundo e de interesse geral. Nosso compromisso \u00e9 com a verdade, a transpar\u00eancia e o respeito ao leitor.","legalName":"UBIRATA ONLINE NOT\u00cdCIAS","foundingDate":"2009-01-05","numberOfEmployees":{"@type":"QuantitativeValue","minValue":"1","maxValue":"10"},"publishingPrinciples":"https:\/\/ubirataonline.com.br\/faq\/","address":{"@id":"https:\/\/ubirataonline.com.br\/a24s-tony-matt-johnsons-anthony-bourdain-biopic-heads-to-reshoots-this-month-world-of-reel\/#local-main-place-address"},"geo":{"@type":"GeoCoordinates","latitude":"-24.5361401","longitude":"-52.9921776"},"telephone":["+5544998308235"],"contactPoint":{"@type":"ContactPoint","email":"contato@ubirataonline.com.br"},"openingHoursSpecification":{"@type":"OpeningHoursSpecification","dayOfWeek":["Monday","Tuesday","Wednesday","Thursday","Friday","Saturday","Sunday"],"opens":"00:00","closes":"23:59"},"email":"contato@ubirataonline.com.br","vatID":"47.621.418\/0001-80"},{"@type":"Person","@id":"https:\/\/ubirataonline.com.br\/#\/schema\/person\/372f87bbd3fdd79b8556b84c98d0bc1c","name":"REDA\u00c7\u00c3O: UBIRAT\u00c3 ONLINE - F\u00c1BIO AUGUSTO CELESTINO","pronouns":"Ele","description":"Desde 2003 trabalhando com not\u00edcias.","sameAs":["http:\/\/ubirataoline.com.br","https:\/\/www.facebook.com\/portalubirataonline","https:\/\/www.instagram.com\/ubirataonline_oficial","https:\/\/x.com\/x.com\/ubirataonline"],"honorificPrefix":"Mr.","honorificSuffix":"MD","birthDate":"1980-06-16","gender":"masculino","award":["V\u00e1rios pr\u00eamios de melhor portal da cidade"],"jobTitle":"Diretor","url":"https:\/\/ubirataonline.com.br\/en\/author\/ubirataonline\/"},{"@type":"PostalAddress","@id":"https:\/\/ubirataonline.com.br\/a24s-tony-matt-johnsons-anthony-bourdain-biopic-heads-to-reshoots-this-month-world-of-reel\/#local-main-place-address","streetAddress":"Rua dos Coqueiros, 104 - Bairro Boa Vista, Rua dos Coqueiros, 104 Bairro Boa Vista","addressLocality":"UBIRATA","postalCode":"85440-000","addressRegion":"PR","addressCountry":"BR"},{"@type":"ImageObject","inLanguage":"en-US","@id":"https:\/\/ubirataonline.com.br\/a24s-tony-matt-johnsons-anthony-bourdain-biopic-heads-to-reshoots-this-month-world-of-reel\/#local-main-organization-logo","url":"https:\/\/ubirataonline.com.br\/wp-content\/uploads\/2026\/06\/logoubirataonline-1.webp","contentUrl":"https:\/\/ubirataonline.com.br\/wp-content\/uploads\/2026\/06\/logoubirataonline-1.webp","width":500,"height":500,"caption":"Ubirat\u00e3 Online Not\u00edcias"}]},"geo.placename":"UBIRATA","geo.position":{"lat":"-24.5361401","long":"-52.9921776"},"geo.region":"Brazil"},"_links":{"self":[{"href":"https:\/\/ubirataonline.com.br\/en\/wp-json\/wp\/v2\/posts\/105656","targetHints":{"allow":["GET"]}}],"collection":[{"href":"https:\/\/ubirataonline.com.br\/en\/wp-json\/wp\/v2\/posts"}],"about":[{"href":"https:\/\/ubirataonline.com.br\/en\/wp-json\/wp\/v2\/types\/post"}],"author":[{"embeddable":true,"href":"https:\/\/ubirataonline.com.br\/en\/wp-json\/wp\/v2\/users\/1"}],"replies":[{"embeddable":true,"href":"https:\/\/ubirataonline.com.br\/en\/wp-json\/wp\/v2\/comments?post=105656"}],"version-history":[{"count":0,"href":"https:\/\/ubirataonline.com.br\/en\/wp-json\/wp\/v2\/posts\/105656\/revisions"}],"wp:featuredmedia":[{"embeddable":true,"href":"https:\/\/ubirataonline.com.br\/en\/wp-json\/wp\/v2\/media\/105658"}],"wp:attachment":[{"href":"https:\/\/ubirataonline.com.br\/en\/wp-json\/wp\/v2\/media?parent=105656"}],"wp:term":[{"taxonomy":"category","embeddable":true,"href":"https:\/\/ubirataonline.com.br\/en\/wp-json\/wp\/v2\/categories?post=105656"},{"taxonomy":"post_tag","embeddable":true,"href":"https:\/\/ubirataonline.com.br\/en\/wp-json\/wp\/v2\/tags?post=105656"}],"curies":[{"name":"wp","href":"https:\/\/api.w.org\/{rel}","templated":true}]}}