{"id":105710,"date":"2026-04-13T01:44:28","date_gmt":"2026-04-13T04:44:28","guid":{"rendered":"https:\/\/ubirataonline.com.br\/el-trabajo-de-alfredo-adame-como-piloto-antes-de-convertirse-en-actor-el-financiero\/"},"modified":"2026-04-13T01:44:31","modified_gmt":"2026-04-13T04:44:31","slug":"el-trabajo-de-alfredo-adame-como-piloto-antes-de-convertirse-en-actor-el-financiero","status":"publish","type":"post","link":"https:\/\/ubirataonline.com.br\/en\/el-trabajo-de-alfredo-adame-como-piloto-antes-de-convertirse-en-actor-el-financiero\/","title":{"rendered":"El trabajo de Alfredo Adame como piloto antes de convertirse en actor \u2013 El Financiero"},"content":{"rendered":"<p><br \/>\n<\/p>\n<div id=\"\">\n<p class=\"c-paragraph\">No solo <a href=\"https:\/\/www.elfinanciero.com.mx\/espectaculos\/2026\/04\/11\/roberto-palazuelos-trabajo-como-lavaplatos-con-un-rolex-en-londres\/\" target=\"_blank\" rel=\"noreferrer\" title=\"https:\/\/www.elfinanciero.com.mx\/espectaculos\/2026\/04\/11\/roberto-palazuelos-trabajo-como-lavaplatos-con-un-rolex-en-londres\/\">Roberto Palazuelos<\/a> tuvo un primer trabajo lejos de los espect\u00e1culos antes de la fama; previo a llegar a proyectos como <i>En el nombre del amor<\/i> o <i>Dos Hogares<\/i>, <a href=\"https:\/\/www.elfinanciero.com.mx\/deportes\/2026\/01\/26\/alfredo-adame-confirma-pelea-contra-carlos-trejo-como-parte-de-ring-royale\/\" target=\"_blank\" rel=\"noreferrer\" title=\"https:\/\/www.elfinanciero.com.mx\/deportes\/2026\/01\/26\/alfredo-adame-confirma-pelea-contra-carlos-trejo-como-parte-de-ring-royale\/\">el actor Alfredo Adame<\/a> trabaj\u00f3 en Aerom\u00e9xico.<\/p>\n<p class=\"c-paragraph\">Aunque <a href=\"https:\/\/www.elfinanciero.com.mx\/food-and-drink\/2026\/02\/14\/asi-nacio-el-bar-mezontle-la-historia-la-catedral-del-perreo\/\" target=\"_blank\" rel=\"noreferrer\" title=\"https:\/\/www.elfinanciero.com.mx\/food-and-drink\/2026\/02\/14\/asi-nacio-el-bar-mezontle-la-historia-la-catedral-del-perreo\/\">el \u2018Golden Boy\u2019<\/a>, como se ha autoproclamado, inici\u00f3 en la aviaci\u00f3n como sobrecargo, con el tiempo concluy\u00f3 su carrera como piloto aviador e incluso afirma haber volado en vuelos comerciales.<\/p>\n<p class=\"c-paragraph\">Se trataba de un sue\u00f1o que tuvo toda su vida, pero que paus\u00f3 para dedicarse a la actuaci\u00f3n, una profesi\u00f3n que comenz\u00f3 tras quedarse sin trabajo como piloto y en la que ha permanecido desde entonces, acumulando m\u00e1s de 40 proyectos en su trayectoria.<\/p>\n<h2 class=\"b-article-body__h2\">\u00bfPor qu\u00e9 Alfredo Adame fue sobrecargo en Aerom\u00e9xico?<\/h2>\n<p class=\"c-paragraph\">La llegada de<a href=\"https:\/\/www.elfinanciero.com.mx\/espectaculos\/2024\/05\/21\/alfredo-adame-y-su-carrera-como-asistente-de-vuelo-en-aeromexico\/\" target=\"_blank\" rel=\"noreferrer\" title=\"https:\/\/www.elfinanciero.com.mx\/espectaculos\/2024\/05\/21\/alfredo-adame-y-su-carrera-como-asistente-de-vuelo-en-aeromexico\/\"> Alfredo Adame a Aerom\u00e9xico<\/a> no formaba parte de su plan original, sino que fue una forma de seguir pagando sus estudios como piloto aviador, profesi\u00f3n a la que aspiraba desde joven.<\/p>\n<p class=\"c-paragraph\">\u201cYo quer\u00eda ser piloto aviador, nunca pens\u00e9 en otra cosa\u201d, record\u00f3 durante una entrevista con <a href=\"https:\/\/www.elfinanciero.com.mx\/espectaculos\/2026\/04\/01\/asi-fue-la-relacion-de-burro-van-rankin-con-la-hija-de-salinas-de-gortari\/\" target=\"_blank\" rel=\"noreferrer\" title=\"https:\/\/www.elfinanciero.com.mx\/espectaculos\/2026\/04\/01\/asi-fue-la-relacion-de-burro-van-rankin-con-la-hija-de-salinas-de-gortari\/\">Jorge Van Rankin<\/a>. Sin embargo, mientras cursaba la carrera comenz\u00f3 a tener problemas con su padre, quien solventaba sus estudios.<\/p>\n<p class=\"c-paragraph\">Seg\u00fan cont\u00f3, en esa \u00e9poca sal\u00eda constantemente de fiesta y pasaba gran parte del tiempo con amigos despu\u00e9s de sus clases de aviaci\u00f3n, con quienes sol\u00eda beber. La situaci\u00f3n lleg\u00f3 a tal punto que su padre lo amenaz\u00f3 con dejar de pagarle la carrera.<\/p>\n<article class=\"container-fluid inline-promo border border_solid border_top color_black_1\"\/>\n<hr\/>\n<figure class=\"c-media-item b-article-body__image\"><picture><source srcset=\"https:\/\/www.elfinanciero.com.mx\/resizer\/v2\/DM637H6FNFCEZM4L4WQG4Y6GHY.jpg?auth=2de5a13d13123b332d45ff35b34c00c41adfe7995a5cee3072686fca50cda062&amp;width=1200&amp;height=825&amp;quality=85 1200w\" type=\"image\/webp\" media=\"(min-width: 1024px)\"\/><source srcset=\"https:\/\/www.elfinanciero.com.mx\/resizer\/v2\/DM637H6FNFCEZM4L4WQG4Y6GHY.jpg?auth=2de5a13d13123b332d45ff35b34c00c41adfe7995a5cee3072686fca50cda062&amp;width=850&amp;height=584&amp;quality=85 850w\" type=\"image\/webp\" media=\"(min-width: 768px)\"\/><source srcset=\"https:\/\/www.elfinanciero.com.mx\/resizer\/v2\/DM637H6FNFCEZM4L4WQG4Y6GHY.jpg?auth=2de5a13d13123b332d45ff35b34c00c41adfe7995a5cee3072686fca50cda062&amp;width=700&amp;height=481&amp;quality=85 700w\" type=\"image\/webp\" media=\"(min-width: 580px)\"\/><source srcset=\"https:\/\/www.elfinanciero.com.mx\/resizer\/v2\/DM637H6FNFCEZM4L4WQG4Y6GHY.jpg?auth=2de5a13d13123b332d45ff35b34c00c41adfe7995a5cee3072686fca50cda062&amp;width=600&amp;height=412&amp;quality=85 600w\" type=\"image\/webp\" media=\"(min-width: 350px)\"\/><\/picture><figcaption class=\"c-media-item__fig-caption\"><span class=\"c-media-item__caption\">Alfredo Adame se dedic\u00f3 a ser piloto previo a su carrera en la actuaci\u00f3n. (Foto: Cuartoscuro) <\/span><span class=\"c-media-item__credit\">(Victoria Valtierra Ruvalcaba) <\/span><\/figcaption><\/figure>\n<p class=\"c-paragraph\">\u201cMi giro era la volada,<b> yo soy piloto comercial<\/b> y entr\u00e9 de sobrecargo para pagarme la carrera porque mi pap\u00e1 me mand\u00f3 a la chingada porque andaba de rebelde\u201d, dijo en una entrevista con Franco Escamilla.<\/p>\n<p class=\"c-paragraph\">En ese momento, el \u2018Golden Boy\u2019 ten\u00eda una novia que trabajaba como sobrecargo en Aerom\u00e9xico, a quien le pidi\u00f3 ayuda para ingresar a la aerol\u00ednea: \u201cMe lleva y entro a Aerom\u00e9xico en una semana como sobrecargo\u201d, cont\u00f3 con el \u2018Burro\u2019.<\/p>\n<p class=\"c-paragraph\">Adame ingres\u00f3 en febrero de 1979 y comenz\u00f3 en vuelos del DC-9, mientras continuaba con sus clases de aviaci\u00f3n. Durante esa etapa realizaba las labores habituales de un sobrecargo, las cuales disfrutaba: \u201cDaba caf\u00e9s, comidas y todo\u201d, record\u00f3.<\/p>\n<h2 class=\"b-article-body__h2\">\u00bfCu\u00e1les fueron los trabajos de Alfredo Adame como piloto?<\/h2>\n<p class=\"c-paragraph\">Mientras trabajaba como sobrecargo, Alfredo Adame continu\u00f3 con sus estudios hasta obtener su licencia de piloto comercial en junio de 1982. Sin embargo, cuando estaba por ingresar a pilotar en Aerom\u00e9xico, el panorama cambi\u00f3 por completo debido a la crisis econ\u00f3mica de ese a\u00f1o.<\/p>\n<p class=\"c-paragraph\">Tras recibir su licencia, se inscribi\u00f3 en la <b>Asociaci\u00f3n Sindical de Pilotos Aviadores<\/b> para obtener la llamada \u201ccarta\u201d, un documento con el que el sindicato presentaba a los aspirantes como candidatos ante Mexicana de Aviaci\u00f3n.<\/p>\n<p class=\"c-paragraph\">No obstante, la devaluaci\u00f3n de 1982 fren\u00f3 todas las contrataciones: \u201cViene la devaluaci\u00f3n del 82 con <a href=\"https:\/\/www.elfinanciero.com.mx\/estilo\/2025\/09\/23\/como-era-la-lujosa-vida-del-expresidente-jose-lopez-portillo-terrenos-deportes-familia\/\" target=\"_blank\" rel=\"noreferrer\" title=\"https:\/\/www.elfinanciero.com.mx\/estilo\/2025\/09\/23\/como-era-la-lujosa-vida-del-expresidente-jose-lopez-portillo-terrenos-deportes-familia\/\">Jos\u00e9 L\u00f3pez Portillo<\/a>, se paran las contrataciones\u201d, record\u00f3. La situaci\u00f3n se prolong\u00f3 durante varios a\u00f1os.<\/p>\n<p class=\"c-paragraph\">Entre 1983 y 1987 las vacantes permanecieron cerradas y, adem\u00e1s, los hijos de pilotos ten\u00edan prioridad, por lo que Adame opt\u00f3 por solicitar un permiso sin goce de sueldo como sobrecargo en Aerom\u00e9xico y comenz\u00f3 a trabajar en la aviaci\u00f3n privada.<\/p>\n<figure class=\"c-media-item b-article-body__image\"><picture><source srcset=\"https:\/\/www.elfinanciero.com.mx\/resizer\/v2\/VI2IC3DQHND5XMBHBMN5Y6DM6U.jpg?auth=8bb3f87c68cab4dee17b7227d49de5fea1d85ea8a44097fa4c1fef84353e3759&amp;width=1200&amp;height=702&amp;quality=85 1200w\" type=\"image\/webp\" media=\"(min-width: 1024px)\"\/><source srcset=\"https:\/\/www.elfinanciero.com.mx\/resizer\/v2\/VI2IC3DQHND5XMBHBMN5Y6DM6U.jpg?auth=8bb3f87c68cab4dee17b7227d49de5fea1d85ea8a44097fa4c1fef84353e3759&amp;width=850&amp;height=497&amp;quality=85 850w\" type=\"image\/webp\" media=\"(min-width: 768px)\"\/><source srcset=\"https:\/\/www.elfinanciero.com.mx\/resizer\/v2\/VI2IC3DQHND5XMBHBMN5Y6DM6U.jpg?auth=8bb3f87c68cab4dee17b7227d49de5fea1d85ea8a44097fa4c1fef84353e3759&amp;width=700&amp;height=409&amp;quality=85 700w\" type=\"image\/webp\" media=\"(min-width: 580px)\"\/><source srcset=\"https:\/\/www.elfinanciero.com.mx\/resizer\/v2\/VI2IC3DQHND5XMBHBMN5Y6DM6U.jpg?auth=8bb3f87c68cab4dee17b7227d49de5fea1d85ea8a44097fa4c1fef84353e3759&amp;width=600&amp;height=351&amp;quality=85 600w\" type=\"image\/webp\" media=\"(min-width: 350px)\"\/><img alt=\"alt default\" class=\"c-image\" loading=\"lazy\" decoding=\"async\" src=\"https:\/\/www.elfinanciero.com.mx\/resizer\/v2\/VI2IC3DQHND5XMBHBMN5Y6DM6U.jpg?auth=8bb3f87c68cab4dee17b7227d49de5fea1d85ea8a44097fa4c1fef84353e3759&amp;width=400&amp;height=234&amp;quality=85\" width=\"400\" height=\"234\"\/><\/picture><figcaption class=\"c-media-item__fig-caption\"><span class=\"c-media-item__caption\">Alfredo Adame dej\u00f3 de ser piloto tras el quiebre de Aerom\u00e9xico. (Foto: Cuartoscuro) <\/span><span class=\"c-media-item__credit\">(Edgar Negrete Lira) <\/span><\/figcaption><\/figure>\n<p class=\"c-paragraph\">Su primer empleo fue como copiloto de un avi\u00f3n 412 en una empresa agroindustrial vinculada al gobierno. M\u00e1s tarde encontr\u00f3 otra oportunidad en la Empacadora Hidalgo, donde comenz\u00f3 a volar un Learjet 25A.<\/p>\n<p class=\"c-paragraph\">Posteriormente trabaj\u00f3 para la <b>Comisi\u00f3n Federal de Electricidad<\/b>. Ah\u00ed present\u00f3 ex\u00e1menes y fue contratado como copiloto, en parte gracias a que ya hab\u00eda tomado un curso del sistema inercial de navegaci\u00f3n y hab\u00eda realizado parte de su entrenamiento en simuladores de Aerom\u00e9xico.<\/p>\n<p class=\"c-paragraph\">Durante esa etapa realizaba vuelos para funcionarios y sus familias, incluso hacia Estados Unidos: \u201cDe repente llev\u00e1bamos a las hijas del secretario de Agricultura\u2026 a la familia de no s\u00e9 qui\u00e9n a Houston\u201d, record\u00f3.<\/p>\n<p class=\"c-paragraph\">Finalmente, en noviembre de 1987 recibi\u00f3 la carta necesaria para concursar por una plaza en Aerom\u00e9xico. Aprob\u00f3 los ex\u00e1menes y obtuvo fecha para iniciar su adiestramiento como piloto en mayo de 1988.<\/p>\n<h2 class=\"b-article-body__h2\">\u00bfPor qu\u00e9 Alfredo Adame dej\u00f3 su trabajo como piloto?<\/h2>\n<p class=\"c-paragraph\">Despu\u00e9s de a\u00f1os intentando ingresar como piloto a Aerom\u00e9xico, Alfredo Adame finalmente consigui\u00f3 una plaza y ya ten\u00eda fecha para iniciar su adiestramiento en mayo de 1988.<\/p>\n<p class=\"c-paragraph\">Sin embargo, poco despu\u00e9s comenz\u00f3 a hablarse de una huelga en la aerol\u00ednea: \u201cSigo volando en Aerom\u00e9xico (&#8230;) De repente empiezan a anunciar que viene la huelga del sindicato de tierra\u201d, cont\u00f3.<\/p>\n<p class=\"c-paragraph\">Seg\u00fan relat\u00f3, \u00e9l se encontraba de viaje y, al regresar a M\u00e9xico la noche del 12 de abril de 1988, mientras el avi\u00f3n en el que viajaba apenas entraba a plataforma, comenzaron a colocar las banderas de huelga.<\/p>\n<p class=\"c-paragraph\">\u201cLa huelga estalla al primer minuto del 13 de abril del 88. Entrando a la plataforma ya estaban poniendo las banderas de huelga\u201d, record\u00f3, una crisis que provoc\u00f3 gran incertidumbre sobre su futuro.<\/p>\n<p class=\"c-paragraph\">Adame afirma que previamente <b>Marta Oliver<\/b>, directora de contrataci\u00f3n art\u00edstica de Televisa, lo hab\u00eda contactado para incursionar en la actuaci\u00f3n tras conocerlo en un restaurante, pero \u00e9l se neg\u00f3, hasta que se present\u00f3 la quiebra de Aerom\u00e9xico.<\/p>\n<figure class=\"c-media-item b-article-body__image\"><picture><source srcset=\"https:\/\/www.elfinanciero.com.mx\/resizer\/v2\/N5ZLSYR7K5FG3LMCJTB6XU6T6E.jpg?auth=c3b39b8c9f55246d373ced23135c2428253407d55ba0159d897312b4194cf786&amp;width=1200&amp;height=799&amp;quality=85 1200w\" type=\"image\/webp\" media=\"(min-width: 1024px)\"\/><source srcset=\"https:\/\/www.elfinanciero.com.mx\/resizer\/v2\/N5ZLSYR7K5FG3LMCJTB6XU6T6E.jpg?auth=c3b39b8c9f55246d373ced23135c2428253407d55ba0159d897312b4194cf786&amp;width=850&amp;height=566&amp;quality=85 850w\" type=\"image\/webp\" media=\"(min-width: 768px)\"\/><source srcset=\"https:\/\/www.elfinanciero.com.mx\/resizer\/v2\/N5ZLSYR7K5FG3LMCJTB6XU6T6E.jpg?auth=c3b39b8c9f55246d373ced23135c2428253407d55ba0159d897312b4194cf786&amp;width=700&amp;height=466&amp;quality=85 700w\" type=\"image\/webp\" media=\"(min-width: 580px)\"\/><source srcset=\"https:\/\/www.elfinanciero.com.mx\/resizer\/v2\/N5ZLSYR7K5FG3LMCJTB6XU6T6E.jpg?auth=c3b39b8c9f55246d373ced23135c2428253407d55ba0159d897312b4194cf786&amp;width=600&amp;height=399&amp;quality=85 600w\" type=\"image\/webp\" media=\"(min-width: 350px)\"\/><img alt=\"El actor y sus abogados llegaron a un acuerdo con los agresores\" class=\"c-image\" loading=\"lazy\" decoding=\"async\" src=\"https:\/\/www.elfinanciero.com.mx\/resizer\/v2\/N5ZLSYR7K5FG3LMCJTB6XU6T6E.jpg?auth=c3b39b8c9f55246d373ced23135c2428253407d55ba0159d897312b4194cf786&amp;width=400&amp;height=266&amp;quality=85\" width=\"400\" height=\"266\"\/><\/picture><figcaption class=\"c-media-item__fig-caption\"><span class=\"c-media-item__caption\">Alfredo Adame finalmente se qued\u00f3 en Televisa como actor. (Foto: Cuartoscuro) <\/span><span class=\"c-media-item__credit\">(Naci\u00f3n321\/Cuartoscuro) <\/span><\/figcaption><\/figure>\n<p class=\"c-paragraph\">Esta vez la oferta fue m\u00e1s seria: le propusieron un contrato con un sueldo cinco veces mayor al que percib\u00eda como piloto, adem\u00e1s de una casa y un coche: \u201c\u00bfCu\u00e1nto ganas en Aerom\u00e9xico? <b>Te doy cinco veces m\u00e1s<\/b>, te doy una casa y un coche\u201d, record\u00f3 que le dijeron.<\/p>\n<p class=\"c-paragraph\">Alfredo Adame acept\u00f3, aunque en ese momento segu\u00eda pensando que su futuro estaba en la aviaci\u00f3n. Incluso le ofrecieron una cl\u00e1usula que le permit\u00eda regresar como piloto si la situaci\u00f3n de la aerol\u00ednea se resolv\u00eda.<\/p>\n<p class=\"c-paragraph\">\u201cMe dan una cl\u00e1usula escapatoria de que si se arreglara lo de Aerom\u00e9xico me regresaba\u201d, cont\u00f3 despu\u00e9s con <a href=\"https:\/\/www.elfinanciero.com.mx\/entretenimiento\/2025\/09\/21\/no-se-como-decirle-a-mi-esposa-franco-escamilla-cuenta-como-lo-chamaquearon-con-2-millones-de-pesos\/\" target=\"_blank\" rel=\"noreferrer\" title=\"https:\/\/www.elfinanciero.com.mx\/entretenimiento\/2025\/09\/21\/no-se-como-decirle-a-mi-esposa-franco-escamilla-cuenta-como-lo-chamaquearon-con-2-millones-de-pesos\/\">Franco Escamilla<\/a>. Al final, nunca volvi\u00f3 a los aviones y su carrera tom\u00f3 un rumbo completamente distinto en la televisi\u00f3n.<\/p>\n<\/div>\n<p><br \/>\n<br \/><a href=\"https:\/\/www.elfinanciero.com.mx\/espectaculos\/2026\/04\/12\/el-trabajo-de-alfredo-adame-como-piloto-antes-de-convertirse-en-actor\/\">Source link <\/a><\/p>","protected":false},"excerpt":{"rendered":"<p>No solo Roberto Palazuelos tuvo un primer trabajo lejos de los espect\u00e1culos antes de la fama; previo a llegar a proyectos como En el nombre del amor o Dos Hogares, el actor Alfredo Adame trabaj\u00f3 en Aerom\u00e9xico. Aunque el \u2018Golden Boy\u2019, como se ha autoproclamado, inici\u00f3 en la aviaci\u00f3n como sobrecargo, con el tiempo concluy\u00f3 [&hellip;]<\/p>\n","protected":false},"author":1,"featured_media":105711,"comment_status":"closed","ping_status":"","sticky":false,"template":"","format":"standard","meta":{"googlesitekit_rrm_CAow2JLhCw:productID":"","_gspb_post_css":"","maa_idioma":"","maa_pais":"","footnotes":""},"categories":[1],"tags":[7368,27584,27583,3306,3564,25420,27585,17964,27582],"class_list":["post-105710","post","type-post","status-publish","format-standard","has-post-thumbnail","hentry","category-ubirata","tag-actor","tag-adame","tag-alfredo","tag-antes","tag-como","tag-convertirse","tag-financiero","tag-piloto","tag-trabajo"],"blocksy_meta":[],"yoast_head":"<!-- This site is optimized with the Yoast SEO Premium plugin v27.6 (Yoast SEO v27.6) - https:\/\/yoast.com\/product\/yoast-seo-premium-wordpress\/ -->\n<title>El trabajo de Alfredo Adame como piloto antes de convertirse en actor \u2013 El Financiero - Ubirat\u00e3 Online Not\u00edcias - A realidade ao seu alcance!<\/title>\n<meta name=\"description\" content=\"No solo Roberto Palazuelos tuvo un primer trabajo lejos de los espect\u00e1culos antes de la fama; previo a llegar a proyectos como En el nombre del amor o Dos\" \/>\n<meta name=\"robots\" content=\"index, follow, max-snippet:-1, max-image-preview:large, max-video-preview:-1\" \/>\n<link rel=\"canonical\" href=\"https:\/\/ubirataonline.com.br\/en\/el-trabajo-de-alfredo-adame-como-piloto-antes-de-convertirse-en-actor-el-financiero\/\" \/>\n<meta property=\"og:locale\" content=\"en_US\" \/>\n<meta property=\"og:type\" content=\"article\" \/>\n<meta property=\"og:title\" content=\"El trabajo de Alfredo Adame como piloto antes de convertirse en actor \u2013 El Financiero\" \/>\n<meta property=\"og:description\" content=\"No solo Roberto Palazuelos tuvo un primer trabajo lejos de los espect\u00e1culos antes de la fama; previo a llegar a proyectos como En el nombre del amor o Dos\" \/>\n<meta property=\"og:url\" content=\"https:\/\/ubirataonline.com.br\/en\/el-trabajo-de-alfredo-adame-como-piloto-antes-de-convertirse-en-actor-el-financiero\/\" \/>\n<meta property=\"og:site_name\" content=\"Ubirat\u00e3 Online Not\u00edcias - A realidade ao seu alcance!\" \/>\n<meta property=\"article:publisher\" content=\"https:\/\/www.facebook.com\/portalubirataonline\" \/>\n<meta property=\"article:author\" content=\"https:\/\/www.facebook.com\/portalubirataonline\" \/>\n<meta property=\"article:published_time\" content=\"2026-04-13T04:44:28+00:00\" \/>\n<meta property=\"article:modified_time\" content=\"2026-04-13T04:44:31+00:00\" \/>\n<meta property=\"og:image\" content=\"https:\/\/ubirataonline.com.br\/wp-content\/uploads\/2026\/04\/El-trabajo-de-Alfredo-Adame-como-piloto-antes-de-convertirse.jpg\" \/>\n\t<meta property=\"og:image:width\" content=\"1200\" \/>\n\t<meta property=\"og:image:height\" content=\"630\" \/>\n\t<meta property=\"og:image:type\" content=\"image\/jpeg\" \/>\n<meta name=\"author\" content=\"REDA\u00c7\u00c3O: UBIRAT\u00c3 ONLINE - F\u00c1BIO AUGUSTO CELESTINO\" \/>\n<meta name=\"twitter:card\" content=\"summary_large_image\" \/>\n<meta name=\"twitter:creator\" content=\"@x.com\/ubirataonline\" \/>\n<meta name=\"twitter:site\" content=\"@ubirataonline\" \/>\n<meta name=\"twitter:label1\" content=\"Written by\" \/>\n\t<meta name=\"twitter:data1\" content=\"REDA\u00c7\u00c3O: UBIRAT\u00c3 ONLINE - F\u00c1BIO AUGUSTO CELESTINO\" \/>\n\t<meta name=\"twitter:label2\" content=\"Est. reading time\" \/>\n\t<meta name=\"twitter:data2\" content=\"5 minutes\" \/>\n<script type=\"application\/ld+json\" class=\"yoast-schema-graph\">{\"@context\":\"https:\\\/\\\/schema.org\",\"@graph\":[{\"@type\":\"NewsArticle\",\"@id\":\"https:\\\/\\\/ubirataonline.com.br\\\/el-trabajo-de-alfredo-adame-como-piloto-antes-de-convertirse-en-actor-el-financiero\\\/#article\",\"isPartOf\":{\"@id\":\"https:\\\/\\\/ubirataonline.com.br\\\/el-trabajo-de-alfredo-adame-como-piloto-antes-de-convertirse-en-actor-el-financiero\\\/\"},\"author\":{\"name\":\"REDA\u00c7\u00c3O: UBIRAT\u00c3 ONLINE - F\u00c1BIO AUGUSTO CELESTINO\",\"@id\":\"https:\\\/\\\/ubirataonline.com.br\\\/#\\\/schema\\\/person\\\/372f87bbd3fdd79b8556b84c98d0bc1c\"},\"headline\":\"El trabajo de Alfredo Adame como piloto antes de convertirse en actor \u2013 El Financiero\",\"datePublished\":\"2026-04-13T04:44:28+00:00\",\"dateModified\":\"2026-04-13T04:44:31+00:00\",\"mainEntityOfPage\":{\"@id\":\"https:\\\/\\\/ubirataonline.com.br\\\/el-trabajo-de-alfredo-adame-como-piloto-antes-de-convertirse-en-actor-el-financiero\\\/\"},\"wordCount\":1081,\"publisher\":{\"@id\":\"https:\\\/\\\/ubirataonline.com.br\\\/#organization\"},\"image\":{\"@id\":\"https:\\\/\\\/ubirataonline.com.br\\\/el-trabajo-de-alfredo-adame-como-piloto-antes-de-convertirse-en-actor-el-financiero\\\/#primaryimage\"},\"thumbnailUrl\":\"https:\\\/\\\/ubirataonline.com.br\\\/wp-content\\\/uploads\\\/2026\\\/04\\\/El-trabajo-de-Alfredo-Adame-como-piloto-antes-de-convertirse.jpg\",\"keywords\":[\"Actor\",\"Adame\",\"Alfredo\",\"antes\",\"como\",\"convertirse\",\"Financiero\",\"piloto\",\"trabajo\"],\"articleSection\":[\"Ubirat\u00e3\"],\"inLanguage\":\"en-US\",\"copyrightYear\":\"2026\",\"copyrightHolder\":{\"@id\":\"https:\\\/\\\/ubirataonline.com.br\\\/en\\\/#organization\"}},{\"@type\":\"WebPage\",\"@id\":\"https:\\\/\\\/ubirataonline.com.br\\\/el-trabajo-de-alfredo-adame-como-piloto-antes-de-convertirse-en-actor-el-financiero\\\/\",\"url\":\"https:\\\/\\\/ubirataonline.com.br\\\/el-trabajo-de-alfredo-adame-como-piloto-antes-de-convertirse-en-actor-el-financiero\\\/\",\"name\":\"El trabajo de Alfredo Adame como piloto antes de convertirse en actor \u2013 El Financiero - Ubirat\u00e3 Online Not\u00edcias - A realidade ao seu alcance!\",\"isPartOf\":{\"@id\":\"https:\\\/\\\/ubirataonline.com.br\\\/#website\"},\"primaryImageOfPage\":{\"@id\":\"https:\\\/\\\/ubirataonline.com.br\\\/el-trabajo-de-alfredo-adame-como-piloto-antes-de-convertirse-en-actor-el-financiero\\\/#primaryimage\"},\"image\":{\"@id\":\"https:\\\/\\\/ubirataonline.com.br\\\/el-trabajo-de-alfredo-adame-como-piloto-antes-de-convertirse-en-actor-el-financiero\\\/#primaryimage\"},\"thumbnailUrl\":\"https:\\\/\\\/ubirataonline.com.br\\\/wp-content\\\/uploads\\\/2026\\\/04\\\/El-trabajo-de-Alfredo-Adame-como-piloto-antes-de-convertirse.jpg\",\"datePublished\":\"2026-04-13T04:44:28+00:00\",\"dateModified\":\"2026-04-13T04:44:31+00:00\",\"description\":\"No solo Roberto Palazuelos tuvo un primer trabajo lejos de los espect\u00e1culos antes de la fama; previo a llegar a proyectos como En el nombre del amor o Dos\",\"breadcrumb\":{\"@id\":\"https:\\\/\\\/ubirataonline.com.br\\\/el-trabajo-de-alfredo-adame-como-piloto-antes-de-convertirse-en-actor-el-financiero\\\/#breadcrumb\"},\"inLanguage\":\"en-US\",\"potentialAction\":[{\"@type\":\"ReadAction\",\"target\":[\"https:\\\/\\\/ubirataonline.com.br\\\/el-trabajo-de-alfredo-adame-como-piloto-antes-de-convertirse-en-actor-el-financiero\\\/\"]}]},{\"@type\":\"ImageObject\",\"inLanguage\":\"en-US\",\"@id\":\"https:\\\/\\\/ubirataonline.com.br\\\/el-trabajo-de-alfredo-adame-como-piloto-antes-de-convertirse-en-actor-el-financiero\\\/#primaryimage\",\"url\":\"https:\\\/\\\/ubirataonline.com.br\\\/wp-content\\\/uploads\\\/2026\\\/04\\\/El-trabajo-de-Alfredo-Adame-como-piloto-antes-de-convertirse.jpg\",\"contentUrl\":\"https:\\\/\\\/ubirataonline.com.br\\\/wp-content\\\/uploads\\\/2026\\\/04\\\/El-trabajo-de-Alfredo-Adame-como-piloto-antes-de-convertirse.jpg\",\"width\":1200,\"height\":630,\"caption\":\"Alfredo Adame trabaj\u00f3 un tiempo en la aviaci\u00f3n privada e incluso vol\u00f3 para la Comisi\u00f3n Federal de Electricidad. (Foto: Cuartoscuro\\\/Unsplash)\"},{\"@type\":\"BreadcrumbList\",\"@id\":\"https:\\\/\\\/ubirataonline.com.br\\\/el-trabajo-de-alfredo-adame-como-piloto-antes-de-convertirse-en-actor-el-financiero\\\/#breadcrumb\",\"itemListElement\":[{\"@type\":\"ListItem\",\"position\":1,\"name\":\"In\u00edcio\",\"item\":\"https:\\\/\\\/ubirataonline.com.br\\\/\"},{\"@type\":\"ListItem\",\"position\":2,\"name\":\"El trabajo de Alfredo Adame como piloto antes de convertirse en actor \u2013 El Financiero\"}]},{\"@type\":\"WebSite\",\"@id\":\"https:\\\/\\\/ubirataonline.com.br\\\/#website\",\"url\":\"https:\\\/\\\/ubirataonline.com.br\\\/\",\"name\":\"Ubirat\u00e3 Online Not\u00edcias\",\"description\":\"Not\u00edcias de Ubirat\u00e3, regi\u00e3o, Brasil e mundo, com informa\u00e7\u00e3o atualizada e compromisso com o leitor.\",\"publisher\":{\"@id\":\"https:\\\/\\\/ubirataonline.com.br\\\/#organization\"},\"alternateName\":\"Ubirat\u00e3 Online\",\"potentialAction\":[{\"@type\":\"SearchAction\",\"target\":{\"@type\":\"EntryPoint\",\"urlTemplate\":\"https:\\\/\\\/ubirataonline.com.br\\\/?s={search_term_string}\"},\"query-input\":{\"@type\":\"PropertyValueSpecification\",\"valueRequired\":true,\"valueName\":\"search_term_string\"}}],\"inLanguage\":\"en-US\"},{\"@type\":[\"Organization\",\"Place\"],\"@id\":\"https:\\\/\\\/ubirataonline.com.br\\\/#organization\",\"name\":\"Ubirat\u00e3 Online Not\u00edcias\",\"alternateName\":\"Ubirat\u00e3 Online\",\"url\":\"https:\\\/\\\/ubirataonline.com.br\\\/\",\"logo\":{\"@id\":\"https:\\\/\\\/ubirataonline.com.br\\\/el-trabajo-de-alfredo-adame-como-piloto-antes-de-convertirse-en-actor-el-financiero\\\/#local-main-organization-logo\"},\"image\":{\"@id\":\"https:\\\/\\\/ubirataonline.com.br\\\/el-trabajo-de-alfredo-adame-como-piloto-antes-de-convertirse-en-actor-el-financiero\\\/#local-main-organization-logo\"},\"sameAs\":[\"https:\\\/\\\/www.facebook.com\\\/portalubirataonline\",\"https:\\\/\\\/x.com\\\/ubirataonline\",\"https:\\\/\\\/mastodon.social\\\/@ubirataonline\",\"https:\\\/\\\/www.facebook.com\\\/groups\\\/311144672285604\",\"https:\\\/\\\/www.facebook.com\\\/UBTAOnline\",\"https:\\\/\\\/www.instagram.com\\\/portalubirataonline\\\/\",\"https:\\\/\\\/twitter.com\\\/ubirataonline\"],\"description\":\"Somos um portal de not\u00edcias independente, criado em 5 de janeiro de 2009, com o objetivo de informar, conectar e valorizar a nossa comunidade de Ubirat\u00e3 e toda aregi\u00e3o. Com conte\u00fado atualizado, confi\u00e1vel e relevante, o Ubirat\u00e3 Online \u00e9 o seu espa\u00e7o para ficar por dentro dos principais acontecimentos locais, regionais, Brasil, Mundo e de interesse geral. Nosso compromisso \u00e9 com a verdade, a transpar\u00eancia e o respeito ao leitor.\",\"legalName\":\"UBIRATA ONLINE NOT\u00cdCIAS\",\"foundingDate\":\"2009-01-05\",\"numberOfEmployees\":{\"@type\":\"QuantitativeValue\",\"minValue\":\"1\",\"maxValue\":\"10\"},\"publishingPrinciples\":\"https:\\\/\\\/ubirataonline.com.br\\\/faq\\\/\",\"address\":{\"@id\":\"https:\\\/\\\/ubirataonline.com.br\\\/el-trabajo-de-alfredo-adame-como-piloto-antes-de-convertirse-en-actor-el-financiero\\\/#local-main-place-address\"},\"geo\":{\"@type\":\"GeoCoordinates\",\"latitude\":\"-24.5361401\",\"longitude\":\"-52.9921776\"},\"telephone\":[\"+5544998308235\"],\"contactPoint\":{\"@type\":\"ContactPoint\",\"email\":\"contato@ubirataonline.com.br\"},\"openingHoursSpecification\":{\"@type\":\"OpeningHoursSpecification\",\"dayOfWeek\":[\"Monday\",\"Tuesday\",\"Wednesday\",\"Thursday\",\"Friday\",\"Saturday\",\"Sunday\"],\"opens\":\"00:00\",\"closes\":\"23:59\"},\"email\":\"contato@ubirataonline.com.br\",\"vatID\":\"47.621.418\\\/0001-80\"},{\"@type\":\"Person\",\"@id\":\"https:\\\/\\\/ubirataonline.com.br\\\/#\\\/schema\\\/person\\\/372f87bbd3fdd79b8556b84c98d0bc1c\",\"name\":\"REDA\u00c7\u00c3O: UBIRAT\u00c3 ONLINE - F\u00c1BIO AUGUSTO CELESTINO\",\"pronouns\":\"Ele\",\"description\":\"Desde 2003 trabalhando com not\u00edcias.\",\"sameAs\":[\"http:\\\/\\\/ubirataoline.com.br\",\"https:\\\/\\\/www.facebook.com\\\/portalubirataonline\",\"https:\\\/\\\/www.instagram.com\\\/ubirataonline_oficial\",\"https:\\\/\\\/x.com\\\/x.com\\\/ubirataonline\"],\"honorificPrefix\":\"Mr.\",\"honorificSuffix\":\"MD\",\"birthDate\":\"1980-06-16\",\"gender\":\"masculino\",\"award\":[\"V\u00e1rios pr\u00eamios de melhor portal da cidade\"],\"jobTitle\":\"Diretor\",\"url\":\"https:\\\/\\\/ubirataonline.com.br\\\/en\\\/author\\\/ubirataonline\\\/\"},{\"@type\":\"PostalAddress\",\"@id\":\"https:\\\/\\\/ubirataonline.com.br\\\/el-trabajo-de-alfredo-adame-como-piloto-antes-de-convertirse-en-actor-el-financiero\\\/#local-main-place-address\",\"streetAddress\":\"Rua dos Coqueiros, 104 - Bairro Boa Vista, Rua dos Coqueiros, 104 Bairro Boa Vista\",\"addressLocality\":\"UBIRATA\",\"postalCode\":\"85440-000\",\"addressRegion\":\"PR\",\"addressCountry\":\"BR\"},{\"@type\":\"ImageObject\",\"inLanguage\":\"en-US\",\"@id\":\"https:\\\/\\\/ubirataonline.com.br\\\/el-trabajo-de-alfredo-adame-como-piloto-antes-de-convertirse-en-actor-el-financiero\\\/#local-main-organization-logo\",\"url\":\"https:\\\/\\\/ubirataonline.com.br\\\/wp-content\\\/uploads\\\/2026\\\/06\\\/logoubirataonline-1.webp\",\"contentUrl\":\"https:\\\/\\\/ubirataonline.com.br\\\/wp-content\\\/uploads\\\/2026\\\/06\\\/logoubirataonline-1.webp\",\"width\":500,\"height\":500,\"caption\":\"Ubirat\u00e3 Online Not\u00edcias\"}]}<\/script>\n<meta name=\"geo.placename\" content=\"UBIRATA\" \/>\n<meta name=\"geo.position\" content=\"-24.5361401;-52.9921776\" \/>\n<meta name=\"geo.region\" content=\"Brazil\" \/>\n<!-- \/ Yoast SEO Premium plugin. -->","yoast_head_json":{"title":"El trabajo de Alfredo Adame como piloto antes de convertirse en actor \u2013 El Financiero - Ubirat\u00e3 Online Not\u00edcias - A realidade ao seu alcance!","description":"No solo Roberto Palazuelos tuvo un primer trabajo lejos de los espect\u00e1culos antes de la fama; previo a llegar a proyectos como En el nombre del amor o Dos","robots":{"index":"index","follow":"follow","max-snippet":"max-snippet:-1","max-image-preview":"max-image-preview:large","max-video-preview":"max-video-preview:-1"},"canonical":"https:\/\/ubirataonline.com.br\/en\/el-trabajo-de-alfredo-adame-como-piloto-antes-de-convertirse-en-actor-el-financiero\/","og_locale":"en_US","og_type":"article","og_title":"El trabajo de Alfredo Adame como piloto antes de convertirse en actor \u2013 El Financiero","og_description":"No solo Roberto Palazuelos tuvo un primer trabajo lejos de los espect\u00e1culos antes de la fama; previo a llegar a proyectos como En el nombre del amor o Dos","og_url":"https:\/\/ubirataonline.com.br\/en\/el-trabajo-de-alfredo-adame-como-piloto-antes-de-convertirse-en-actor-el-financiero\/","og_site_name":"Ubirat\u00e3 Online Not\u00edcias - A realidade ao seu alcance!","article_publisher":"https:\/\/www.facebook.com\/portalubirataonline","article_author":"https:\/\/www.facebook.com\/portalubirataonline","article_published_time":"2026-04-13T04:44:28+00:00","article_modified_time":"2026-04-13T04:44:31+00:00","og_image":[{"width":1200,"height":630,"url":"https:\/\/ubirataonline.com.br\/wp-content\/uploads\/2026\/04\/El-trabajo-de-Alfredo-Adame-como-piloto-antes-de-convertirse.jpg","type":"image\/jpeg"}],"author":"REDA\u00c7\u00c3O: UBIRAT\u00c3 ONLINE - F\u00c1BIO AUGUSTO CELESTINO","twitter_card":"summary_large_image","twitter_creator":"@x.com\/ubirataonline","twitter_site":"@ubirataonline","twitter_misc":{"Written by":"REDA\u00c7\u00c3O: UBIRAT\u00c3 ONLINE - F\u00c1BIO AUGUSTO CELESTINO","Est. reading time":"5 minutes"},"schema":{"@context":"https:\/\/schema.org","@graph":[{"@type":"NewsArticle","@id":"https:\/\/ubirataonline.com.br\/el-trabajo-de-alfredo-adame-como-piloto-antes-de-convertirse-en-actor-el-financiero\/#article","isPartOf":{"@id":"https:\/\/ubirataonline.com.br\/el-trabajo-de-alfredo-adame-como-piloto-antes-de-convertirse-en-actor-el-financiero\/"},"author":{"name":"REDA\u00c7\u00c3O: UBIRAT\u00c3 ONLINE - F\u00c1BIO AUGUSTO CELESTINO","@id":"https:\/\/ubirataonline.com.br\/#\/schema\/person\/372f87bbd3fdd79b8556b84c98d0bc1c"},"headline":"El trabajo de Alfredo Adame como piloto antes de convertirse en actor \u2013 El Financiero","datePublished":"2026-04-13T04:44:28+00:00","dateModified":"2026-04-13T04:44:31+00:00","mainEntityOfPage":{"@id":"https:\/\/ubirataonline.com.br\/el-trabajo-de-alfredo-adame-como-piloto-antes-de-convertirse-en-actor-el-financiero\/"},"wordCount":1081,"publisher":{"@id":"https:\/\/ubirataonline.com.br\/#organization"},"image":{"@id":"https:\/\/ubirataonline.com.br\/el-trabajo-de-alfredo-adame-como-piloto-antes-de-convertirse-en-actor-el-financiero\/#primaryimage"},"thumbnailUrl":"https:\/\/ubirataonline.com.br\/wp-content\/uploads\/2026\/04\/El-trabajo-de-Alfredo-Adame-como-piloto-antes-de-convertirse.jpg","keywords":["Actor","Adame","Alfredo","antes","como","convertirse","Financiero","piloto","trabajo"],"articleSection":["Ubirat\u00e3"],"inLanguage":"en-US","copyrightYear":"2026","copyrightHolder":{"@id":"https:\/\/ubirataonline.com.br\/en\/#organization"}},{"@type":"WebPage","@id":"https:\/\/ubirataonline.com.br\/el-trabajo-de-alfredo-adame-como-piloto-antes-de-convertirse-en-actor-el-financiero\/","url":"https:\/\/ubirataonline.com.br\/el-trabajo-de-alfredo-adame-como-piloto-antes-de-convertirse-en-actor-el-financiero\/","name":"El trabajo de Alfredo Adame como piloto antes de convertirse en actor \u2013 El Financiero - Ubirat\u00e3 Online Not\u00edcias - A realidade ao seu alcance!","isPartOf":{"@id":"https:\/\/ubirataonline.com.br\/#website"},"primaryImageOfPage":{"@id":"https:\/\/ubirataonline.com.br\/el-trabajo-de-alfredo-adame-como-piloto-antes-de-convertirse-en-actor-el-financiero\/#primaryimage"},"image":{"@id":"https:\/\/ubirataonline.com.br\/el-trabajo-de-alfredo-adame-como-piloto-antes-de-convertirse-en-actor-el-financiero\/#primaryimage"},"thumbnailUrl":"https:\/\/ubirataonline.com.br\/wp-content\/uploads\/2026\/04\/El-trabajo-de-Alfredo-Adame-como-piloto-antes-de-convertirse.jpg","datePublished":"2026-04-13T04:44:28+00:00","dateModified":"2026-04-13T04:44:31+00:00","description":"No solo Roberto Palazuelos tuvo un primer trabajo lejos de los espect\u00e1culos antes de la fama; previo a llegar a proyectos como En el nombre del amor o Dos","breadcrumb":{"@id":"https:\/\/ubirataonline.com.br\/el-trabajo-de-alfredo-adame-como-piloto-antes-de-convertirse-en-actor-el-financiero\/#breadcrumb"},"inLanguage":"en-US","potentialAction":[{"@type":"ReadAction","target":["https:\/\/ubirataonline.com.br\/el-trabajo-de-alfredo-adame-como-piloto-antes-de-convertirse-en-actor-el-financiero\/"]}]},{"@type":"ImageObject","inLanguage":"en-US","@id":"https:\/\/ubirataonline.com.br\/el-trabajo-de-alfredo-adame-como-piloto-antes-de-convertirse-en-actor-el-financiero\/#primaryimage","url":"https:\/\/ubirataonline.com.br\/wp-content\/uploads\/2026\/04\/El-trabajo-de-Alfredo-Adame-como-piloto-antes-de-convertirse.jpg","contentUrl":"https:\/\/ubirataonline.com.br\/wp-content\/uploads\/2026\/04\/El-trabajo-de-Alfredo-Adame-como-piloto-antes-de-convertirse.jpg","width":1200,"height":630,"caption":"Alfredo Adame trabaj\u00f3 un tiempo en la aviaci\u00f3n privada e incluso vol\u00f3 para la Comisi\u00f3n Federal de Electricidad. (Foto: Cuartoscuro\/Unsplash)"},{"@type":"BreadcrumbList","@id":"https:\/\/ubirataonline.com.br\/el-trabajo-de-alfredo-adame-como-piloto-antes-de-convertirse-en-actor-el-financiero\/#breadcrumb","itemListElement":[{"@type":"ListItem","position":1,"name":"In\u00edcio","item":"https:\/\/ubirataonline.com.br\/"},{"@type":"ListItem","position":2,"name":"El trabajo de Alfredo Adame como piloto antes de convertirse en actor \u2013 El Financiero"}]},{"@type":"WebSite","@id":"https:\/\/ubirataonline.com.br\/#website","url":"https:\/\/ubirataonline.com.br\/","name":"Ubirat\u00e3 Online Not\u00edcias","description":"Not\u00edcias de Ubirat\u00e3, regi\u00e3o, Brasil e mundo, com informa\u00e7\u00e3o atualizada e compromisso com o leitor.","publisher":{"@id":"https:\/\/ubirataonline.com.br\/#organization"},"alternateName":"Ubirat\u00e3 Online","potentialAction":[{"@type":"SearchAction","target":{"@type":"EntryPoint","urlTemplate":"https:\/\/ubirataonline.com.br\/?s={search_term_string}"},"query-input":{"@type":"PropertyValueSpecification","valueRequired":true,"valueName":"search_term_string"}}],"inLanguage":"en-US"},{"@type":["Organization","Place"],"@id":"https:\/\/ubirataonline.com.br\/#organization","name":"Ubirat\u00e3 Online Not\u00edcias","alternateName":"Ubirat\u00e3 Online","url":"https:\/\/ubirataonline.com.br\/","logo":{"@id":"https:\/\/ubirataonline.com.br\/el-trabajo-de-alfredo-adame-como-piloto-antes-de-convertirse-en-actor-el-financiero\/#local-main-organization-logo"},"image":{"@id":"https:\/\/ubirataonline.com.br\/el-trabajo-de-alfredo-adame-como-piloto-antes-de-convertirse-en-actor-el-financiero\/#local-main-organization-logo"},"sameAs":["https:\/\/www.facebook.com\/portalubirataonline","https:\/\/x.com\/ubirataonline","https:\/\/mastodon.social\/@ubirataonline","https:\/\/www.facebook.com\/groups\/311144672285604","https:\/\/www.facebook.com\/UBTAOnline","https:\/\/www.instagram.com\/portalubirataonline\/","https:\/\/twitter.com\/ubirataonline"],"description":"Somos um portal de not\u00edcias independente, criado em 5 de janeiro de 2009, com o objetivo de informar, conectar e valorizar a nossa comunidade de Ubirat\u00e3 e toda aregi\u00e3o. Com conte\u00fado atualizado, confi\u00e1vel e relevante, o Ubirat\u00e3 Online \u00e9 o seu espa\u00e7o para ficar por dentro dos principais acontecimentos locais, regionais, Brasil, Mundo e de interesse geral. Nosso compromisso \u00e9 com a verdade, a transpar\u00eancia e o respeito ao leitor.","legalName":"UBIRATA ONLINE NOT\u00cdCIAS","foundingDate":"2009-01-05","numberOfEmployees":{"@type":"QuantitativeValue","minValue":"1","maxValue":"10"},"publishingPrinciples":"https:\/\/ubirataonline.com.br\/faq\/","address":{"@id":"https:\/\/ubirataonline.com.br\/el-trabajo-de-alfredo-adame-como-piloto-antes-de-convertirse-en-actor-el-financiero\/#local-main-place-address"},"geo":{"@type":"GeoCoordinates","latitude":"-24.5361401","longitude":"-52.9921776"},"telephone":["+5544998308235"],"contactPoint":{"@type":"ContactPoint","email":"contato@ubirataonline.com.br"},"openingHoursSpecification":{"@type":"OpeningHoursSpecification","dayOfWeek":["Monday","Tuesday","Wednesday","Thursday","Friday","Saturday","Sunday"],"opens":"00:00","closes":"23:59"},"email":"contato@ubirataonline.com.br","vatID":"47.621.418\/0001-80"},{"@type":"Person","@id":"https:\/\/ubirataonline.com.br\/#\/schema\/person\/372f87bbd3fdd79b8556b84c98d0bc1c","name":"REDA\u00c7\u00c3O: UBIRAT\u00c3 ONLINE - F\u00c1BIO AUGUSTO CELESTINO","pronouns":"Ele","description":"Desde 2003 trabalhando com not\u00edcias.","sameAs":["http:\/\/ubirataoline.com.br","https:\/\/www.facebook.com\/portalubirataonline","https:\/\/www.instagram.com\/ubirataonline_oficial","https:\/\/x.com\/x.com\/ubirataonline"],"honorificPrefix":"Mr.","honorificSuffix":"MD","birthDate":"1980-06-16","gender":"masculino","award":["V\u00e1rios pr\u00eamios de melhor portal da cidade"],"jobTitle":"Diretor","url":"https:\/\/ubirataonline.com.br\/en\/author\/ubirataonline\/"},{"@type":"PostalAddress","@id":"https:\/\/ubirataonline.com.br\/el-trabajo-de-alfredo-adame-como-piloto-antes-de-convertirse-en-actor-el-financiero\/#local-main-place-address","streetAddress":"Rua dos Coqueiros, 104 - Bairro Boa Vista, Rua dos Coqueiros, 104 Bairro Boa Vista","addressLocality":"UBIRATA","postalCode":"85440-000","addressRegion":"PR","addressCountry":"BR"},{"@type":"ImageObject","inLanguage":"en-US","@id":"https:\/\/ubirataonline.com.br\/el-trabajo-de-alfredo-adame-como-piloto-antes-de-convertirse-en-actor-el-financiero\/#local-main-organization-logo","url":"https:\/\/ubirataonline.com.br\/wp-content\/uploads\/2026\/06\/logoubirataonline-1.webp","contentUrl":"https:\/\/ubirataonline.com.br\/wp-content\/uploads\/2026\/06\/logoubirataonline-1.webp","width":500,"height":500,"caption":"Ubirat\u00e3 Online Not\u00edcias"}]},"geo.placename":"UBIRATA","geo.position":{"lat":"-24.5361401","long":"-52.9921776"},"geo.region":"Brazil"},"_links":{"self":[{"href":"https:\/\/ubirataonline.com.br\/en\/wp-json\/wp\/v2\/posts\/105710","targetHints":{"allow":["GET"]}}],"collection":[{"href":"https:\/\/ubirataonline.com.br\/en\/wp-json\/wp\/v2\/posts"}],"about":[{"href":"https:\/\/ubirataonline.com.br\/en\/wp-json\/wp\/v2\/types\/post"}],"author":[{"embeddable":true,"href":"https:\/\/ubirataonline.com.br\/en\/wp-json\/wp\/v2\/users\/1"}],"replies":[{"embeddable":true,"href":"https:\/\/ubirataonline.com.br\/en\/wp-json\/wp\/v2\/comments?post=105710"}],"version-history":[{"count":0,"href":"https:\/\/ubirataonline.com.br\/en\/wp-json\/wp\/v2\/posts\/105710\/revisions"}],"wp:featuredmedia":[{"embeddable":true,"href":"https:\/\/ubirataonline.com.br\/en\/wp-json\/wp\/v2\/media\/105711"}],"wp:attachment":[{"href":"https:\/\/ubirataonline.com.br\/en\/wp-json\/wp\/v2\/media?parent=105710"}],"wp:term":[{"taxonomy":"category","embeddable":true,"href":"https:\/\/ubirataonline.com.br\/en\/wp-json\/wp\/v2\/categories?post=105710"},{"taxonomy":"post_tag","embeddable":true,"href":"https:\/\/ubirataonline.com.br\/en\/wp-json\/wp\/v2\/tags?post=105710"}],"curies":[{"name":"wp","href":"https:\/\/api.w.org\/{rel}","templated":true}]}}