{"id":105713,"date":"2026-04-13T01:53:25","date_gmt":"2026-04-13T04:53:25","guid":{"rendered":"https:\/\/ubirataonline.com.br\/ben-affleck-makes-rare-appearance-with-his-and-jennifer-garners-kids-fin-17-and-samuel-14\/"},"modified":"2026-04-13T01:53:35","modified_gmt":"2026-04-13T04:53:35","slug":"ben-affleck-makes-rare-appearance-with-his-and-jennifer-garners-kids-fin-17-and-samuel-14","status":"publish","type":"post","link":"https:\/\/ubirataonline.com.br\/en\/ben-affleck-makes-rare-appearance-with-his-and-jennifer-garners-kids-fin-17-and-samuel-14\/","title":{"rendered":"Ben Affleck Makes Rare Appearance With His and Jennifer Garner&#8217;s Kids Fin, 17, and Samuel, 14"},"content":{"rendered":"<p><br \/>\n<\/p>\n<div id=\"article-a603420c-08e3-3108-9c9f-63177d6c805c\">\n<header class=\"flex justify-between items-start\"\/>\n<div class=\"flex items-start justify-between w-full mt-[7px] mb-4 flex-row\">\n<div class=\"flex items-center space-x-2.5\"><a data-ylk=\"elm:icon;slk:InStyle;\" href=\"https:\/\/www.instyle.com\/\" target=\"_blank\" rel=\"\"><\/p>\n<div class=\"relative h-full\"><\/div>\n<p><\/a><\/p>\n<div class=\"flex flex-col border-l border-gray-400 ml-4 pl-2.5\" style=\"border-left-width:1px\"><span class=\"text-[.923em] text-[#808080] font-semibold leading-[19px]\"><time datetime=\"2026-04-12T16:02:20.000Z\">Sun, April 12, 2026 at 4:02 PM UTC<\/time><\/span><\/div>\n<\/div>\n<\/div>\n<div class=\"content-body\">\n<figure class=\"content-figure flex justify-center mb-[1em] mx-auto\">\n<div style=\"max-width:1242px\">\n<div class=\"content-image\"><img alt=\"Ben Affleck attends the New York screening of \" loading=\"lazy\" width=\"1242\" height=\"828\" decoding=\"async\" data-nimg=\"1\" class=\"standard-img w-full w-full h-auto\" style=\"color:transparent\" src=\"https:\/\/s.yimg.com\/ny\/api\/res\/1.2\/m.FfwojyGQmFJPhUxoWozA--\/YXBwaWQ9aGlnaGxhbmRlcjt3PTEyNDI7aD04Mjg-\/https:\/\/media.zenfs.com\/en\/aol_instyle_articles_696\/eb06194f489598b5eb7bfdf3ea737848\"\/><\/div><figcaption class=\"fig-caption\">\n<p><i>Ben Affleck attends the New York screening of &#8220;The Accountant 2&#8221; at iPic Fulton Market on April 21, 2025 in New York City<br \/>Credit: Getty Images<\/i><\/p>\n<\/figcaption><\/div>\n<\/figure>\n<h3 class=\"heading\">The Gist<\/h3>\n<ul class=\"content-list\">\n<li>\n<div class=\"\">\n<p>Ben Affleck made a rare joint appearance with his two youngest kids in Los Angeles on April 11.<\/p>\n<\/div>\n<\/li>\n<li>\n<div class=\"\">\n<p>The <em>Argo<\/em> actor was photographed stepping out with his lookalike teens Fin, 17, and Samuel, 14, for a roller derby event.<\/p>\n<\/div>\n<\/li>\n<li>\n<div class=\"\">\n<p>Affleck recently stepped out with his rarely-seen middle child Fin to watch Daniel Radcliffe&#8217;s interactive Broadway show <em>Every Brilliant Thing<\/em>.<\/p>\n<\/div>\n<\/li>\n<\/ul>\n<p>Ben Affleck was in proud dad mode as he spent some solo quality time with his lookalike kids Fin, 17, and Samuel, 14, over the weekend. While his <a href=\"https:\/\/www.aol.com\/lifestyle\/ben-affleck-surrenders-share-61-215100346.html\" rel=\"nofollow noopener\" target=\"_blank\" data-ylk=\"slk:ex-wife Jennifer Lopez;elm:context_link;itc:0;sec:content-canvas\" class=\"link rapid-noclick-resp\">ex-wife Jennifer Lopez<\/a> was making her <a href=\"https:\/\/www.aol.com\/lifestyle\/jennifer-lopez-dazzles-plunging-crystal-150732282.html\" rel=\"nofollow noopener\" target=\"_blank\" data-ylk=\"slk:Coachella debut;elm:context_link;itc:0;sec:content-canvas\" class=\"link rapid-noclick-resp\">Coachella debut<\/a> in nearby Indio, the <em>Gone Girl<\/em> alum made a rare joint appearance with his two youngest children on Saturday at a roller derby event in Los Angeles.<\/p>\n<figure class=\"content-figure flex justify-center mb-[1em] mx-auto\">\n<div style=\"max-width:1242px\">\n<div class=\"content-image\"><img alt=\"Ben Affleck and Jennifer Garner watch a game between the Boston Red Sox and the Tampa Bay Rays during the fourth inning at Fenway Park on July 11, 2025 in Boston, MassachusettsCredit: Getty Images\" loading=\"lazy\" width=\"1242\" height=\"828\" decoding=\"async\" data-nimg=\"1\" class=\"standard-img w-full w-full h-auto\" style=\"color:transparent\" src=\"https:\/\/s.yimg.com\/ny\/api\/res\/1.2\/L80OCOQ9ZRJ565Ht.cinDQ--\/YXBwaWQ9aGlnaGxhbmRlcjt3PTEyNDI7aD04Mjg-\/https:\/\/media.zenfs.com\/en\/aol_instyle_articles_696\/dcc5cade944db81f0e2a8776769a5a35\"\/><\/div><figcaption class=\"fig-caption\">\n<p><i>Ben Affleck and Jennifer Garner watch a game between the Boston Red Sox and the Tampa Bay Rays during the fourth inning at Fenway Park on July 11, 2025 in Boston, Massachusetts<br \/>Credit: Getty Images<\/i><\/p>\n<\/figcaption><\/div>\n<\/figure>\n<p>Affleck\u2014who shares Fin and Samuel with his ex-wife Jennifer Garner, as well as their eldest daughter Violet, 20\u2014bonded with the teens during an afternoon outing. Per photos shared by <a href=\"https:\/\/www.dailymail.co.uk\/tvshowbiz\/article-15726113\/ben-affleck-doting-dad-kids-jennifer-lopez-share-marital-home.html\" rel=\"nofollow noopener\" target=\"_blank\" data-ylk=\"slk:The Daily Mail;elm:context_link;itc:0;sec:content-canvas\" class=\"link rapid-noclick-resp\"><em>The Daily Mail<\/em><\/a>, the <em>Good Will Hunting<\/em> alum was all smiles as he was photographed wearing taupe trousers and a cream T-shirt layered with a light gray long-sleeved shirt.<\/p>\n<figure class=\"content-figure flex justify-center mb-[1em] mx-auto\">\n<div style=\"max-width:640px\">\n<div class=\"content-image\"><img alt=\"Ben Affleck attends The Rip World Premiere at Alice Tully Hall on January 13, 2026 in New York CityCredit: Getty Images\" loading=\"lazy\" width=\"640\" height=\"960\" decoding=\"async\" data-nimg=\"1\" class=\"standard-img w-full w-full h-auto\" style=\"color:transparent\" src=\"https:\/\/s.yimg.com\/ny\/api\/res\/1.2\/wNvg.wBsoAdw0VLU9ILDkA--\/YXBwaWQ9aGlnaGxhbmRlcjt3PTEyNDI7aD0xODYz\/https:\/\/media.zenfs.com\/en\/aol_instyle_articles_696\/bfb3b3e4e841c03e97d2cb9f14c16630\"\/><\/div><figcaption class=\"fig-caption\">\n<p><i>Ben Affleck attends The Rip World Premiere at Alice Tully Hall on January 13, 2026 in New York City<br \/>Credit: Getty Images<\/i><\/p>\n<\/figcaption><\/div>\n<\/figure>\n<p>Samuel adorably coordinated with his dad in a gray T-shirt and khaki pants. Meanwhile, Fin opted for dark wash jeans, a red printed T-shirt, and a brown zip-up hoodie. All three Afflecks wore tennis shoes, hinting that the actor&#8217;s kids share his love of designer sneakers.<\/p>\n<figure class=\"content-figure flex justify-center mb-[1em] mx-auto\">\n<div style=\"max-width:630px\">\n<div class=\"content-image\"><img alt=\"Jennifer Garner and Ben Affleck at the 'Daredevil' premiereCredit: Getty Images\" loading=\"lazy\" width=\"630\" height=\"960\" decoding=\"async\" data-nimg=\"1\" class=\"standard-img w-full w-full h-auto\" style=\"color:transparent\" src=\"https:\/\/s.yimg.com\/ny\/api\/res\/1.2\/CcYkuBun17p.gj_WhPlHFg--\/YXBwaWQ9aGlnaGxhbmRlcjt3PTEyNDI7aD0xODkz\/https:\/\/media.zenfs.com\/en\/aol_instyle_articles_696\/c401c0353c4b7889bb563e30982563f7\"\/><\/div><figcaption class=\"fig-caption\">\n<p><i>Jennifer Garner and Ben Affleck at the &#8216;Daredevil&#8217; premiere<br \/>Credit: Getty Images<\/i><\/p>\n<\/figcaption><\/div>\n<\/figure>\n<p>Affleck has been prioritizing spending time with his two youngest children in recent weeks. He was spotted <a href=\"https:\/\/www.aol.com\/lifestyle\/ben-affleck-jennifer-garner-reunite-141559698.html\" rel=\"nofollow noopener\" target=\"_blank\" data-ylk=\"slk:stepping out with Samuel as well as Garner;elm:context_link;itc:0;sec:content-canvas\" class=\"link rapid-noclick-resp\">stepping out with Samuel as well as Garner<\/a> last week during an <a href=\"https:\/\/www.aol.com\/lifestyle\/jennifer-garner-swaps-her-signature-170906097.html\" rel=\"nofollow noopener\" target=\"_blank\" data-ylk=\"slk:early Easter outing;elm:context_link;itc:0;sec:content-canvas\" class=\"link rapid-noclick-resp\">early Easter outing<\/a>, hinting that the friendly exes were spending the holiday together as a family. The actor also <a href=\"https:\/\/www.aol.com\/lifestyle\/ben-affleck-makes-rare-appearance-182613471.html\" rel=\"nofollow noopener\" target=\"_blank\" data-ylk=\"slk:had a special trip to New York City with Fin;elm:context_link;itc:0;sec:content-canvas\" class=\"link rapid-noclick-resp\">had a special trip to New York City with Fin<\/a> in late March where the duo was spotted heading to watch Daniel Radcliffe&#8217;s one-man Broadway show <em>Every Brilliant Thing<\/em>.<\/p>\n<p>\u201cYou kind of can\u2019t help it, right?&#8221; she explained. &#8220;Because you don\u2019t have the benefit of both sides of the yin and yang being in the same house. And so you have to have a bit of both in the way that you parent.&#8221;<\/p>\n<p>Read the original article on <a href=\"https:\/\/www.instyle.com\/ben-affleck-kids-fin-17-samuel-14-roller-derby-los-angeles-11948226\" rel=\"nofollow noopener\" target=\"_blank\" data-ylk=\"slk:InStyle;elm:context_link;itc:0;sec:content-canvas\" class=\"link rapid-noclick-resp\">InStyle<\/a><\/p>\n<\/div>\n<\/div>\n<p><br \/>\n<br \/><a href=\"https:\/\/www.aol.com\/ben-affleck-makes-rare-appearance-160220854.html\">Source link <\/a><\/p>\n","protected":false},"excerpt":{"rendered":"<p>Sun, April 12, 2026 at 4:02 PM UTC Ben Affleck attends the New York screening of &#8220;The Accountant 2&#8221; at iPic Fulton Market on April 21, 2025 in New York CityCredit: Getty Images The Gist Ben Affleck made a rare joint appearance with his two youngest kids in Los Angeles on April 11. The Argo [&hellip;]<\/p>\n","protected":false},"author":1,"featured_media":105714,"comment_status":"closed","ping_status":"","sticky":false,"template":"","format":"standard","meta":{"googlesitekit_rrm_CAow2JLhCw:productID":"","_gspb_post_css":"","maa_idioma":"","maa_pais":"","footnotes":""},"categories":[1],"tags":[9690,13357,5632,14254,22236,3846,8957,9082,10246],"class_list":["post-105713","post","type-post","status-publish","format-standard","has-post-thumbnail","hentry","category-ubirata","tag-affleck","tag-appearance","tag-ben","tag-fin","tag-garners","tag-jennifer","tag-kids","tag-rare","tag-samuel"],"blocksy_meta":[],"yoast_head":"<!-- This site is optimized with the Yoast SEO Premium plugin v27.6 (Yoast SEO v27.6) - https:\/\/yoast.com\/product\/yoast-seo-premium-wordpress\/ -->\n<title>Ben Affleck Makes Rare Appearance With His and Jennifer Garner&#039;s Kids Fin, 17, and Samuel, 14 - Ubirat\u00e3 Online Not\u00edcias - A realidade ao seu alcance!<\/title>\n<meta name=\"description\" content=\"Sun, April 12, 2026 at 4:02 PM UTCBen Affleck attends the New York screening of &quot;The Accountant 2&quot; at iPic Fulton Market on April 21, 2025 in New York\" \/>\n<meta name=\"robots\" content=\"index, follow, max-snippet:-1, max-image-preview:large, max-video-preview:-1\" \/>\n<link rel=\"canonical\" href=\"https:\/\/ubirataonline.com.br\/en\/ben-affleck-makes-rare-appearance-with-his-and-jennifer-garners-kids-fin-17-and-samuel-14\/\" \/>\n<meta property=\"og:locale\" content=\"en_US\" \/>\n<meta property=\"og:type\" content=\"article\" \/>\n<meta property=\"og:title\" content=\"Ben Affleck Makes Rare Appearance With His and Jennifer Garner&#039;s Kids Fin, 17, and Samuel, 14\" \/>\n<meta property=\"og:description\" content=\"Sun, April 12, 2026 at 4:02 PM UTCBen Affleck attends the New York screening of &quot;The Accountant 2&quot; at iPic Fulton Market on April 21, 2025 in New York\" \/>\n<meta property=\"og:url\" content=\"https:\/\/ubirataonline.com.br\/en\/ben-affleck-makes-rare-appearance-with-his-and-jennifer-garners-kids-fin-17-and-samuel-14\/\" \/>\n<meta property=\"og:site_name\" content=\"Ubirat\u00e3 Online Not\u00edcias - A realidade ao seu alcance!\" \/>\n<meta property=\"article:publisher\" content=\"https:\/\/www.facebook.com\/portalubirataonline\" \/>\n<meta property=\"article:author\" content=\"https:\/\/www.facebook.com\/portalubirataonline\" \/>\n<meta property=\"article:published_time\" content=\"2026-04-13T04:53:25+00:00\" \/>\n<meta property=\"article:modified_time\" content=\"2026-04-13T04:53:35+00:00\" \/>\n<meta property=\"og:image\" content=\"https:\/\/ubirataonline.com.br\/wp-content\/uploads\/2026\/04\/Ben-Affleck-Makes-Rare-Appearance-With-His-and-Jennifer-Garners.jpeg\" \/>\n\t<meta property=\"og:image:width\" content=\"1200\" \/>\n\t<meta property=\"og:image:height\" content=\"800\" \/>\n\t<meta property=\"og:image:type\" content=\"image\/jpeg\" \/>\n<meta name=\"author\" content=\"REDA\u00c7\u00c3O: UBIRAT\u00c3 ONLINE - F\u00c1BIO AUGUSTO CELESTINO\" \/>\n<meta name=\"twitter:card\" content=\"summary_large_image\" \/>\n<meta name=\"twitter:creator\" content=\"@x.com\/ubirataonline\" \/>\n<meta name=\"twitter:site\" content=\"@ubirataonline\" \/>\n<meta name=\"twitter:label1\" content=\"Written by\" \/>\n\t<meta name=\"twitter:data1\" content=\"REDA\u00c7\u00c3O: UBIRAT\u00c3 ONLINE - F\u00c1BIO AUGUSTO CELESTINO\" \/>\n\t<meta name=\"twitter:label2\" content=\"Est. reading time\" \/>\n\t<meta name=\"twitter:data2\" content=\"2 minutes\" \/>\n<script type=\"application\/ld+json\" class=\"yoast-schema-graph\">{\"@context\":\"https:\\\/\\\/schema.org\",\"@graph\":[{\"@type\":\"NewsArticle\",\"@id\":\"https:\\\/\\\/ubirataonline.com.br\\\/ben-affleck-makes-rare-appearance-with-his-and-jennifer-garners-kids-fin-17-and-samuel-14\\\/#article\",\"isPartOf\":{\"@id\":\"https:\\\/\\\/ubirataonline.com.br\\\/ben-affleck-makes-rare-appearance-with-his-and-jennifer-garners-kids-fin-17-and-samuel-14\\\/\"},\"author\":{\"name\":\"REDA\u00c7\u00c3O: UBIRAT\u00c3 ONLINE - F\u00c1BIO AUGUSTO CELESTINO\",\"@id\":\"https:\\\/\\\/ubirataonline.com.br\\\/#\\\/schema\\\/person\\\/372f87bbd3fdd79b8556b84c98d0bc1c\"},\"headline\":\"Ben Affleck Makes Rare Appearance With His and Jennifer Garner&#8217;s Kids Fin, 17, and Samuel, 14\",\"datePublished\":\"2026-04-13T04:53:25+00:00\",\"dateModified\":\"2026-04-13T04:53:35+00:00\",\"mainEntityOfPage\":{\"@id\":\"https:\\\/\\\/ubirataonline.com.br\\\/ben-affleck-makes-rare-appearance-with-his-and-jennifer-garners-kids-fin-17-and-samuel-14\\\/\"},\"wordCount\":464,\"publisher\":{\"@id\":\"https:\\\/\\\/ubirataonline.com.br\\\/#organization\"},\"image\":{\"@id\":\"https:\\\/\\\/ubirataonline.com.br\\\/ben-affleck-makes-rare-appearance-with-his-and-jennifer-garners-kids-fin-17-and-samuel-14\\\/#primaryimage\"},\"thumbnailUrl\":\"https:\\\/\\\/ubirataonline.com.br\\\/wp-content\\\/uploads\\\/2026\\\/04\\\/Ben-Affleck-Makes-Rare-Appearance-With-His-and-Jennifer-Garners.jpeg\",\"keywords\":[\"Affleck\",\"Appearance\",\"Ben\",\"fin\",\"Garners\",\"Jennifer\",\"Kids\",\"Rare\",\"Samuel\"],\"articleSection\":[\"Ubirat\u00e3\"],\"inLanguage\":\"en-US\",\"copyrightYear\":\"2026\",\"copyrightHolder\":{\"@id\":\"https:\\\/\\\/ubirataonline.com.br\\\/en\\\/#organization\"}},{\"@type\":\"WebPage\",\"@id\":\"https:\\\/\\\/ubirataonline.com.br\\\/ben-affleck-makes-rare-appearance-with-his-and-jennifer-garners-kids-fin-17-and-samuel-14\\\/\",\"url\":\"https:\\\/\\\/ubirataonline.com.br\\\/ben-affleck-makes-rare-appearance-with-his-and-jennifer-garners-kids-fin-17-and-samuel-14\\\/\",\"name\":\"Ben Affleck Makes Rare Appearance With His and Jennifer Garner's Kids Fin, 17, and Samuel, 14 - Ubirat\u00e3 Online Not\u00edcias - A realidade ao seu alcance!\",\"isPartOf\":{\"@id\":\"https:\\\/\\\/ubirataonline.com.br\\\/#website\"},\"primaryImageOfPage\":{\"@id\":\"https:\\\/\\\/ubirataonline.com.br\\\/ben-affleck-makes-rare-appearance-with-his-and-jennifer-garners-kids-fin-17-and-samuel-14\\\/#primaryimage\"},\"image\":{\"@id\":\"https:\\\/\\\/ubirataonline.com.br\\\/ben-affleck-makes-rare-appearance-with-his-and-jennifer-garners-kids-fin-17-and-samuel-14\\\/#primaryimage\"},\"thumbnailUrl\":\"https:\\\/\\\/ubirataonline.com.br\\\/wp-content\\\/uploads\\\/2026\\\/04\\\/Ben-Affleck-Makes-Rare-Appearance-With-His-and-Jennifer-Garners.jpeg\",\"datePublished\":\"2026-04-13T04:53:25+00:00\",\"dateModified\":\"2026-04-13T04:53:35+00:00\",\"description\":\"Sun, April 12, 2026 at 4:02 PM UTCBen Affleck attends the New York screening of \\\"The Accountant 2\\\" at iPic Fulton Market on April 21, 2025 in New York\",\"breadcrumb\":{\"@id\":\"https:\\\/\\\/ubirataonline.com.br\\\/ben-affleck-makes-rare-appearance-with-his-and-jennifer-garners-kids-fin-17-and-samuel-14\\\/#breadcrumb\"},\"inLanguage\":\"en-US\",\"potentialAction\":[{\"@type\":\"ReadAction\",\"target\":[\"https:\\\/\\\/ubirataonline.com.br\\\/ben-affleck-makes-rare-appearance-with-his-and-jennifer-garners-kids-fin-17-and-samuel-14\\\/\"]}]},{\"@type\":\"ImageObject\",\"inLanguage\":\"en-US\",\"@id\":\"https:\\\/\\\/ubirataonline.com.br\\\/ben-affleck-makes-rare-appearance-with-his-and-jennifer-garners-kids-fin-17-and-samuel-14\\\/#primaryimage\",\"url\":\"https:\\\/\\\/ubirataonline.com.br\\\/wp-content\\\/uploads\\\/2026\\\/04\\\/Ben-Affleck-Makes-Rare-Appearance-With-His-and-Jennifer-Garners.jpeg\",\"contentUrl\":\"https:\\\/\\\/ubirataonline.com.br\\\/wp-content\\\/uploads\\\/2026\\\/04\\\/Ben-Affleck-Makes-Rare-Appearance-With-His-and-Jennifer-Garners.jpeg\",\"width\":1200,\"height\":800,\"caption\":\"Ben Affleck attends the New York screening of \\\"The Accountant 2\\\" at iPic Fulton Market on April 21, 2025 in New York City Credit: Getty Images\"},{\"@type\":\"BreadcrumbList\",\"@id\":\"https:\\\/\\\/ubirataonline.com.br\\\/ben-affleck-makes-rare-appearance-with-his-and-jennifer-garners-kids-fin-17-and-samuel-14\\\/#breadcrumb\",\"itemListElement\":[{\"@type\":\"ListItem\",\"position\":1,\"name\":\"In\u00edcio\",\"item\":\"https:\\\/\\\/ubirataonline.com.br\\\/\"},{\"@type\":\"ListItem\",\"position\":2,\"name\":\"Ben Affleck Makes Rare Appearance With His and Jennifer Garner&#8217;s Kids Fin, 17, and Samuel, 14\"}]},{\"@type\":\"WebSite\",\"@id\":\"https:\\\/\\\/ubirataonline.com.br\\\/#website\",\"url\":\"https:\\\/\\\/ubirataonline.com.br\\\/\",\"name\":\"Ubirat\u00e3 Online Not\u00edcias\",\"description\":\"Not\u00edcias de Ubirat\u00e3, regi\u00e3o, Brasil e mundo, com informa\u00e7\u00e3o atualizada e compromisso com o leitor.\",\"publisher\":{\"@id\":\"https:\\\/\\\/ubirataonline.com.br\\\/#organization\"},\"alternateName\":\"Ubirat\u00e3 Online\",\"potentialAction\":[{\"@type\":\"SearchAction\",\"target\":{\"@type\":\"EntryPoint\",\"urlTemplate\":\"https:\\\/\\\/ubirataonline.com.br\\\/?s={search_term_string}\"},\"query-input\":{\"@type\":\"PropertyValueSpecification\",\"valueRequired\":true,\"valueName\":\"search_term_string\"}}],\"inLanguage\":\"en-US\"},{\"@type\":[\"Organization\",\"Place\"],\"@id\":\"https:\\\/\\\/ubirataonline.com.br\\\/#organization\",\"name\":\"Ubirat\u00e3 Online Not\u00edcias\",\"alternateName\":\"Ubirat\u00e3 Online\",\"url\":\"https:\\\/\\\/ubirataonline.com.br\\\/\",\"logo\":{\"@id\":\"https:\\\/\\\/ubirataonline.com.br\\\/ben-affleck-makes-rare-appearance-with-his-and-jennifer-garners-kids-fin-17-and-samuel-14\\\/#local-main-organization-logo\"},\"image\":{\"@id\":\"https:\\\/\\\/ubirataonline.com.br\\\/ben-affleck-makes-rare-appearance-with-his-and-jennifer-garners-kids-fin-17-and-samuel-14\\\/#local-main-organization-logo\"},\"sameAs\":[\"https:\\\/\\\/www.facebook.com\\\/portalubirataonline\",\"https:\\\/\\\/x.com\\\/ubirataonline\",\"https:\\\/\\\/mastodon.social\\\/@ubirataonline\",\"https:\\\/\\\/www.facebook.com\\\/groups\\\/311144672285604\",\"https:\\\/\\\/www.facebook.com\\\/UBTAOnline\",\"https:\\\/\\\/www.instagram.com\\\/portalubirataonline\\\/\",\"https:\\\/\\\/twitter.com\\\/ubirataonline\"],\"description\":\"Somos um portal de not\u00edcias independente, criado em 5 de janeiro de 2009, com o objetivo de informar, conectar e valorizar a nossa comunidade de Ubirat\u00e3 e toda aregi\u00e3o. Com conte\u00fado atualizado, confi\u00e1vel e relevante, o Ubirat\u00e3 Online \u00e9 o seu espa\u00e7o para ficar por dentro dos principais acontecimentos locais, regionais, Brasil, Mundo e de interesse geral. Nosso compromisso \u00e9 com a verdade, a transpar\u00eancia e o respeito ao leitor.\",\"legalName\":\"UBIRATA ONLINE NOT\u00cdCIAS\",\"foundingDate\":\"2009-01-05\",\"numberOfEmployees\":{\"@type\":\"QuantitativeValue\",\"minValue\":\"1\",\"maxValue\":\"10\"},\"publishingPrinciples\":\"https:\\\/\\\/ubirataonline.com.br\\\/faq\\\/\",\"address\":{\"@id\":\"https:\\\/\\\/ubirataonline.com.br\\\/ben-affleck-makes-rare-appearance-with-his-and-jennifer-garners-kids-fin-17-and-samuel-14\\\/#local-main-place-address\"},\"geo\":{\"@type\":\"GeoCoordinates\",\"latitude\":\"-24.5361401\",\"longitude\":\"-52.9921776\"},\"telephone\":[\"+5544998308235\"],\"contactPoint\":{\"@type\":\"ContactPoint\",\"email\":\"contato@ubirataonline.com.br\"},\"openingHoursSpecification\":{\"@type\":\"OpeningHoursSpecification\",\"dayOfWeek\":[\"Monday\",\"Tuesday\",\"Wednesday\",\"Thursday\",\"Friday\",\"Saturday\",\"Sunday\"],\"opens\":\"00:00\",\"closes\":\"23:59\"},\"email\":\"contato@ubirataonline.com.br\",\"vatID\":\"47.621.418\\\/0001-80\"},{\"@type\":\"Person\",\"@id\":\"https:\\\/\\\/ubirataonline.com.br\\\/#\\\/schema\\\/person\\\/372f87bbd3fdd79b8556b84c98d0bc1c\",\"name\":\"REDA\u00c7\u00c3O: UBIRAT\u00c3 ONLINE - F\u00c1BIO AUGUSTO CELESTINO\",\"pronouns\":\"Ele\",\"description\":\"Desde 2003 trabalhando com not\u00edcias.\",\"sameAs\":[\"http:\\\/\\\/ubirataoline.com.br\",\"https:\\\/\\\/www.facebook.com\\\/portalubirataonline\",\"https:\\\/\\\/www.instagram.com\\\/ubirataonline_oficial\",\"https:\\\/\\\/x.com\\\/x.com\\\/ubirataonline\"],\"honorificPrefix\":\"Mr.\",\"honorificSuffix\":\"MD\",\"birthDate\":\"1980-06-16\",\"gender\":\"masculino\",\"award\":[\"V\u00e1rios pr\u00eamios de melhor portal da cidade\"],\"jobTitle\":\"Diretor\",\"url\":\"https:\\\/\\\/ubirataonline.com.br\\\/en\\\/author\\\/ubirataonline\\\/\"},{\"@type\":\"PostalAddress\",\"@id\":\"https:\\\/\\\/ubirataonline.com.br\\\/ben-affleck-makes-rare-appearance-with-his-and-jennifer-garners-kids-fin-17-and-samuel-14\\\/#local-main-place-address\",\"streetAddress\":\"Rua dos Coqueiros, 104 - Bairro Boa Vista, Rua dos Coqueiros, 104 Bairro Boa Vista\",\"addressLocality\":\"UBIRATA\",\"postalCode\":\"85440-000\",\"addressRegion\":\"PR\",\"addressCountry\":\"BR\"},{\"@type\":\"ImageObject\",\"inLanguage\":\"en-US\",\"@id\":\"https:\\\/\\\/ubirataonline.com.br\\\/ben-affleck-makes-rare-appearance-with-his-and-jennifer-garners-kids-fin-17-and-samuel-14\\\/#local-main-organization-logo\",\"url\":\"https:\\\/\\\/ubirataonline.com.br\\\/wp-content\\\/uploads\\\/2026\\\/06\\\/logoubirataonline-1.webp\",\"contentUrl\":\"https:\\\/\\\/ubirataonline.com.br\\\/wp-content\\\/uploads\\\/2026\\\/06\\\/logoubirataonline-1.webp\",\"width\":500,\"height\":500,\"caption\":\"Ubirat\u00e3 Online Not\u00edcias\"}]}<\/script>\n<meta name=\"geo.placename\" content=\"UBIRATA\" \/>\n<meta name=\"geo.position\" content=\"-24.5361401;-52.9921776\" \/>\n<meta name=\"geo.region\" content=\"Brazil\" \/>\n<!-- \/ Yoast SEO Premium plugin. -->","yoast_head_json":{"title":"Ben Affleck Makes Rare Appearance With His and Jennifer Garner's Kids Fin, 17, and Samuel, 14 - Ubirat\u00e3 Online Not\u00edcias - A realidade ao seu alcance!","description":"Sun, April 12, 2026 at 4:02 PM UTCBen Affleck attends the New York screening of \"The Accountant 2\" at iPic Fulton Market on April 21, 2025 in New York","robots":{"index":"index","follow":"follow","max-snippet":"max-snippet:-1","max-image-preview":"max-image-preview:large","max-video-preview":"max-video-preview:-1"},"canonical":"https:\/\/ubirataonline.com.br\/en\/ben-affleck-makes-rare-appearance-with-his-and-jennifer-garners-kids-fin-17-and-samuel-14\/","og_locale":"en_US","og_type":"article","og_title":"Ben Affleck Makes Rare Appearance With His and Jennifer Garner's Kids Fin, 17, and Samuel, 14","og_description":"Sun, April 12, 2026 at 4:02 PM UTCBen Affleck attends the New York screening of \"The Accountant 2\" at iPic Fulton Market on April 21, 2025 in New York","og_url":"https:\/\/ubirataonline.com.br\/en\/ben-affleck-makes-rare-appearance-with-his-and-jennifer-garners-kids-fin-17-and-samuel-14\/","og_site_name":"Ubirat\u00e3 Online Not\u00edcias - A realidade ao seu alcance!","article_publisher":"https:\/\/www.facebook.com\/portalubirataonline","article_author":"https:\/\/www.facebook.com\/portalubirataonline","article_published_time":"2026-04-13T04:53:25+00:00","article_modified_time":"2026-04-13T04:53:35+00:00","og_image":[{"width":1200,"height":800,"url":"https:\/\/ubirataonline.com.br\/wp-content\/uploads\/2026\/04\/Ben-Affleck-Makes-Rare-Appearance-With-His-and-Jennifer-Garners.jpeg","type":"image\/jpeg"}],"author":"REDA\u00c7\u00c3O: UBIRAT\u00c3 ONLINE - F\u00c1BIO AUGUSTO CELESTINO","twitter_card":"summary_large_image","twitter_creator":"@x.com\/ubirataonline","twitter_site":"@ubirataonline","twitter_misc":{"Written by":"REDA\u00c7\u00c3O: UBIRAT\u00c3 ONLINE - F\u00c1BIO AUGUSTO CELESTINO","Est. reading time":"2 minutes"},"schema":{"@context":"https:\/\/schema.org","@graph":[{"@type":"NewsArticle","@id":"https:\/\/ubirataonline.com.br\/ben-affleck-makes-rare-appearance-with-his-and-jennifer-garners-kids-fin-17-and-samuel-14\/#article","isPartOf":{"@id":"https:\/\/ubirataonline.com.br\/ben-affleck-makes-rare-appearance-with-his-and-jennifer-garners-kids-fin-17-and-samuel-14\/"},"author":{"name":"REDA\u00c7\u00c3O: UBIRAT\u00c3 ONLINE - F\u00c1BIO AUGUSTO CELESTINO","@id":"https:\/\/ubirataonline.com.br\/#\/schema\/person\/372f87bbd3fdd79b8556b84c98d0bc1c"},"headline":"Ben Affleck Makes Rare Appearance With His and Jennifer Garner&#8217;s Kids Fin, 17, and Samuel, 14","datePublished":"2026-04-13T04:53:25+00:00","dateModified":"2026-04-13T04:53:35+00:00","mainEntityOfPage":{"@id":"https:\/\/ubirataonline.com.br\/ben-affleck-makes-rare-appearance-with-his-and-jennifer-garners-kids-fin-17-and-samuel-14\/"},"wordCount":464,"publisher":{"@id":"https:\/\/ubirataonline.com.br\/#organization"},"image":{"@id":"https:\/\/ubirataonline.com.br\/ben-affleck-makes-rare-appearance-with-his-and-jennifer-garners-kids-fin-17-and-samuel-14\/#primaryimage"},"thumbnailUrl":"https:\/\/ubirataonline.com.br\/wp-content\/uploads\/2026\/04\/Ben-Affleck-Makes-Rare-Appearance-With-His-and-Jennifer-Garners.jpeg","keywords":["Affleck","Appearance","Ben","fin","Garners","Jennifer","Kids","Rare","Samuel"],"articleSection":["Ubirat\u00e3"],"inLanguage":"en-US","copyrightYear":"2026","copyrightHolder":{"@id":"https:\/\/ubirataonline.com.br\/en\/#organization"}},{"@type":"WebPage","@id":"https:\/\/ubirataonline.com.br\/ben-affleck-makes-rare-appearance-with-his-and-jennifer-garners-kids-fin-17-and-samuel-14\/","url":"https:\/\/ubirataonline.com.br\/ben-affleck-makes-rare-appearance-with-his-and-jennifer-garners-kids-fin-17-and-samuel-14\/","name":"Ben Affleck Makes Rare Appearance With His and Jennifer Garner's Kids Fin, 17, and Samuel, 14 - Ubirat\u00e3 Online Not\u00edcias - A realidade ao seu alcance!","isPartOf":{"@id":"https:\/\/ubirataonline.com.br\/#website"},"primaryImageOfPage":{"@id":"https:\/\/ubirataonline.com.br\/ben-affleck-makes-rare-appearance-with-his-and-jennifer-garners-kids-fin-17-and-samuel-14\/#primaryimage"},"image":{"@id":"https:\/\/ubirataonline.com.br\/ben-affleck-makes-rare-appearance-with-his-and-jennifer-garners-kids-fin-17-and-samuel-14\/#primaryimage"},"thumbnailUrl":"https:\/\/ubirataonline.com.br\/wp-content\/uploads\/2026\/04\/Ben-Affleck-Makes-Rare-Appearance-With-His-and-Jennifer-Garners.jpeg","datePublished":"2026-04-13T04:53:25+00:00","dateModified":"2026-04-13T04:53:35+00:00","description":"Sun, April 12, 2026 at 4:02 PM UTCBen Affleck attends the New York screening of \"The Accountant 2\" at iPic Fulton Market on April 21, 2025 in New York","breadcrumb":{"@id":"https:\/\/ubirataonline.com.br\/ben-affleck-makes-rare-appearance-with-his-and-jennifer-garners-kids-fin-17-and-samuel-14\/#breadcrumb"},"inLanguage":"en-US","potentialAction":[{"@type":"ReadAction","target":["https:\/\/ubirataonline.com.br\/ben-affleck-makes-rare-appearance-with-his-and-jennifer-garners-kids-fin-17-and-samuel-14\/"]}]},{"@type":"ImageObject","inLanguage":"en-US","@id":"https:\/\/ubirataonline.com.br\/ben-affleck-makes-rare-appearance-with-his-and-jennifer-garners-kids-fin-17-and-samuel-14\/#primaryimage","url":"https:\/\/ubirataonline.com.br\/wp-content\/uploads\/2026\/04\/Ben-Affleck-Makes-Rare-Appearance-With-His-and-Jennifer-Garners.jpeg","contentUrl":"https:\/\/ubirataonline.com.br\/wp-content\/uploads\/2026\/04\/Ben-Affleck-Makes-Rare-Appearance-With-His-and-Jennifer-Garners.jpeg","width":1200,"height":800,"caption":"Ben Affleck attends the New York screening of \"The Accountant 2\" at iPic Fulton Market on April 21, 2025 in New York City Credit: Getty Images"},{"@type":"BreadcrumbList","@id":"https:\/\/ubirataonline.com.br\/ben-affleck-makes-rare-appearance-with-his-and-jennifer-garners-kids-fin-17-and-samuel-14\/#breadcrumb","itemListElement":[{"@type":"ListItem","position":1,"name":"In\u00edcio","item":"https:\/\/ubirataonline.com.br\/"},{"@type":"ListItem","position":2,"name":"Ben Affleck Makes Rare Appearance With His and Jennifer Garner&#8217;s Kids Fin, 17, and Samuel, 14"}]},{"@type":"WebSite","@id":"https:\/\/ubirataonline.com.br\/#website","url":"https:\/\/ubirataonline.com.br\/","name":"Ubirat\u00e3 Online Not\u00edcias","description":"Not\u00edcias de Ubirat\u00e3, regi\u00e3o, Brasil e mundo, com informa\u00e7\u00e3o atualizada e compromisso com o leitor.","publisher":{"@id":"https:\/\/ubirataonline.com.br\/#organization"},"alternateName":"Ubirat\u00e3 Online","potentialAction":[{"@type":"SearchAction","target":{"@type":"EntryPoint","urlTemplate":"https:\/\/ubirataonline.com.br\/?s={search_term_string}"},"query-input":{"@type":"PropertyValueSpecification","valueRequired":true,"valueName":"search_term_string"}}],"inLanguage":"en-US"},{"@type":["Organization","Place"],"@id":"https:\/\/ubirataonline.com.br\/#organization","name":"Ubirat\u00e3 Online Not\u00edcias","alternateName":"Ubirat\u00e3 Online","url":"https:\/\/ubirataonline.com.br\/","logo":{"@id":"https:\/\/ubirataonline.com.br\/ben-affleck-makes-rare-appearance-with-his-and-jennifer-garners-kids-fin-17-and-samuel-14\/#local-main-organization-logo"},"image":{"@id":"https:\/\/ubirataonline.com.br\/ben-affleck-makes-rare-appearance-with-his-and-jennifer-garners-kids-fin-17-and-samuel-14\/#local-main-organization-logo"},"sameAs":["https:\/\/www.facebook.com\/portalubirataonline","https:\/\/x.com\/ubirataonline","https:\/\/mastodon.social\/@ubirataonline","https:\/\/www.facebook.com\/groups\/311144672285604","https:\/\/www.facebook.com\/UBTAOnline","https:\/\/www.instagram.com\/portalubirataonline\/","https:\/\/twitter.com\/ubirataonline"],"description":"Somos um portal de not\u00edcias independente, criado em 5 de janeiro de 2009, com o objetivo de informar, conectar e valorizar a nossa comunidade de Ubirat\u00e3 e toda aregi\u00e3o. Com conte\u00fado atualizado, confi\u00e1vel e relevante, o Ubirat\u00e3 Online \u00e9 o seu espa\u00e7o para ficar por dentro dos principais acontecimentos locais, regionais, Brasil, Mundo e de interesse geral. Nosso compromisso \u00e9 com a verdade, a transpar\u00eancia e o respeito ao leitor.","legalName":"UBIRATA ONLINE NOT\u00cdCIAS","foundingDate":"2009-01-05","numberOfEmployees":{"@type":"QuantitativeValue","minValue":"1","maxValue":"10"},"publishingPrinciples":"https:\/\/ubirataonline.com.br\/faq\/","address":{"@id":"https:\/\/ubirataonline.com.br\/ben-affleck-makes-rare-appearance-with-his-and-jennifer-garners-kids-fin-17-and-samuel-14\/#local-main-place-address"},"geo":{"@type":"GeoCoordinates","latitude":"-24.5361401","longitude":"-52.9921776"},"telephone":["+5544998308235"],"contactPoint":{"@type":"ContactPoint","email":"contato@ubirataonline.com.br"},"openingHoursSpecification":{"@type":"OpeningHoursSpecification","dayOfWeek":["Monday","Tuesday","Wednesday","Thursday","Friday","Saturday","Sunday"],"opens":"00:00","closes":"23:59"},"email":"contato@ubirataonline.com.br","vatID":"47.621.418\/0001-80"},{"@type":"Person","@id":"https:\/\/ubirataonline.com.br\/#\/schema\/person\/372f87bbd3fdd79b8556b84c98d0bc1c","name":"REDA\u00c7\u00c3O: UBIRAT\u00c3 ONLINE - F\u00c1BIO AUGUSTO CELESTINO","pronouns":"Ele","description":"Desde 2003 trabalhando com not\u00edcias.","sameAs":["http:\/\/ubirataoline.com.br","https:\/\/www.facebook.com\/portalubirataonline","https:\/\/www.instagram.com\/ubirataonline_oficial","https:\/\/x.com\/x.com\/ubirataonline"],"honorificPrefix":"Mr.","honorificSuffix":"MD","birthDate":"1980-06-16","gender":"masculino","award":["V\u00e1rios pr\u00eamios de melhor portal da cidade"],"jobTitle":"Diretor","url":"https:\/\/ubirataonline.com.br\/en\/author\/ubirataonline\/"},{"@type":"PostalAddress","@id":"https:\/\/ubirataonline.com.br\/ben-affleck-makes-rare-appearance-with-his-and-jennifer-garners-kids-fin-17-and-samuel-14\/#local-main-place-address","streetAddress":"Rua dos Coqueiros, 104 - Bairro Boa Vista, Rua dos Coqueiros, 104 Bairro Boa Vista","addressLocality":"UBIRATA","postalCode":"85440-000","addressRegion":"PR","addressCountry":"BR"},{"@type":"ImageObject","inLanguage":"en-US","@id":"https:\/\/ubirataonline.com.br\/ben-affleck-makes-rare-appearance-with-his-and-jennifer-garners-kids-fin-17-and-samuel-14\/#local-main-organization-logo","url":"https:\/\/ubirataonline.com.br\/wp-content\/uploads\/2026\/06\/logoubirataonline-1.webp","contentUrl":"https:\/\/ubirataonline.com.br\/wp-content\/uploads\/2026\/06\/logoubirataonline-1.webp","width":500,"height":500,"caption":"Ubirat\u00e3 Online Not\u00edcias"}]},"geo.placename":"UBIRATA","geo.position":{"lat":"-24.5361401","long":"-52.9921776"},"geo.region":"Brazil"},"_links":{"self":[{"href":"https:\/\/ubirataonline.com.br\/en\/wp-json\/wp\/v2\/posts\/105713","targetHints":{"allow":["GET"]}}],"collection":[{"href":"https:\/\/ubirataonline.com.br\/en\/wp-json\/wp\/v2\/posts"}],"about":[{"href":"https:\/\/ubirataonline.com.br\/en\/wp-json\/wp\/v2\/types\/post"}],"author":[{"embeddable":true,"href":"https:\/\/ubirataonline.com.br\/en\/wp-json\/wp\/v2\/users\/1"}],"replies":[{"embeddable":true,"href":"https:\/\/ubirataonline.com.br\/en\/wp-json\/wp\/v2\/comments?post=105713"}],"version-history":[{"count":0,"href":"https:\/\/ubirataonline.com.br\/en\/wp-json\/wp\/v2\/posts\/105713\/revisions"}],"wp:featuredmedia":[{"embeddable":true,"href":"https:\/\/ubirataonline.com.br\/en\/wp-json\/wp\/v2\/media\/105714"}],"wp:attachment":[{"href":"https:\/\/ubirataonline.com.br\/en\/wp-json\/wp\/v2\/media?parent=105713"}],"wp:term":[{"taxonomy":"category","embeddable":true,"href":"https:\/\/ubirataonline.com.br\/en\/wp-json\/wp\/v2\/categories?post=105713"},{"taxonomy":"post_tag","embeddable":true,"href":"https:\/\/ubirataonline.com.br\/en\/wp-json\/wp\/v2\/tags?post=105713"}],"curies":[{"name":"wp","href":"https:\/\/api.w.org\/{rel}","templated":true}]}}