{"id":105751,"date":"2026-04-13T03:44:26","date_gmt":"2026-04-13T06:44:26","guid":{"rendered":"https:\/\/ubirataonline.com.br\/karol-g-confiesa-tras-terminar-con-feid-y-tras-su-pasado-con-anuel-que-le-gustan-los-chicos-malos-tengo-que-cambiar-eso\/"},"modified":"2026-04-13T03:44:44","modified_gmt":"2026-04-13T06:44:44","slug":"karol-g-confiesa-tras-terminar-con-feid-y-tras-su-pasado-con-anuel-que-le-gustan-los-chicos-malos-tengo-que-cambiar-eso","status":"publish","type":"post","link":"https:\/\/ubirataonline.com.br\/en\/karol-g-confiesa-tras-terminar-con-feid-y-tras-su-pasado-con-anuel-que-le-gustan-los-chicos-malos-tengo-que-cambiar-eso\/","title":{"rendered":"Karol G confiesa, tras terminar con Feid y tras su pasado con Anuel, que le gustan los &#8216;chicos malos&#8217;: &#8216;Tengo que cambiar eso&#8217;"},"content":{"rendered":"<p><\/p>\n<div>\n<aside class=\"c-pauta-lateral-160x600\"\/>\n<p>En una reciente entrevista que concedi\u00f3<b> la cantante paisa al p\u00f3dcast \u2018Call Her Daddy\u2019, de Alexandra Cooper<\/b>, comparti\u00f3 detalles in\u00e9ditos sobre su vida sentimental, dejando a sus seguidores sorprendidos.<\/p>\n<aside class=\"c-add c-add-video\"\/>\n<div class=\"c-leatambien c-leatambien--varios\">\n<p class=\"c-leatambien__titulo\"> LEA TAMBI\u00c9N <\/p>\n<article class=\"c-articulo--mini\" data-publicacion=\"2026-04-12\" data-id=\"3547262\" data-autor=\"Wendys loraine pitre ariza\" data-bloqueo=\"Abierto\" data-name=\"Karol g revelo que un exnovio le mentia sobre su ubicacion: 'estaba en un continente diferente' \u00bffue feid?\" data-category=\"Cultura\/gente\" data-editorial=\"Editorial\" data-tipocontenido=\"Articulo\" data-clasecontenido=\"Tendencia\" data-redactorvisible=\"Wendys loraine pitre ariza\" data-position=\"1\" data-board=\"Lea tambi\u00e9n\" data-seccion=\"Cultura\" data-subseccion=\"Gente\">\n<figure class=\"c-article__thumb\"><\/figure>\n<\/article>\n<\/div>\n<p>Durante la conversaci\u00f3n record\u00f3 que uno de sus exnovios le minti\u00f3 acerca de su ubicaci\u00f3n exacta, pero lo que le<b> pareci\u00f3 terrible fue que estaba a miles de kil\u00f3metros de donde ella se encontraba.<\/b><\/p>\n<p>\u201cEstoy hablando de millas y kil\u00f3metros y mares. Como si estuviera aqu\u00ed y en realidad estuviera en un continente diferente\u201d, afirm\u00f3 la cantante entre risas.<\/p>\n<figure class=\"c-cuerpo__media c-cuerpo__media--imagen\"><figcaption class=\"c-cuerpo__media__info\">\n<p class=\"c-cuerpo__media__txt\"><span class=\"c-cuerpo__media__subtitulo c-articulo-img-descripcion\">Karol G estuvo en el p\u00f3dcast.<\/span><span class=\"c-cuerpo__media__creditos\"> Foto:<\/span><span class=\"c-cuerpo__media__autor\">Instagram @callherdaddy<\/span><\/p>\n<\/figcaption><!----><\/figure>\n<p>Sin embargo, algo que llam\u00f3 la atenci\u00f3n fue cuando Cooper le pregunt\u00f3 si ten\u00eda alg\u00fan tipo de hombre en espec\u00edfico, a lo que la \u2018Bichota\u2019 respondi\u00f3: \u201cMe gusta un poco el chico malo<b>, \u00bfsabes? Tengo que cambiar eso. Y me gusta el chico que parece que es del barrio y es tranquilo; ese es mi tipo<\/b>\u201d.<\/p>\n<p>Hay que recordar que Carolina Giraldo, nombre de pila de la int\u00e9rprete de \u2018Provenza\u2019, ha tenido dos relaciones medi\u00e1ticas, como lo fue su romance con Anuel AA y la m\u00e1s reciente con Feid.<\/p>\n<p>Es la primera vez que Karol G habl\u00f3 acerca de c\u00f3mo han sido sus relaciones y de que <b>es consciente de que tiene que cambiar sus preferencias; lo volvi\u00f3 a decir de manera jocosa.<\/b><\/p>\n<div class=\"c-leatambien c-leatambien--varios\">\n<p class=\"c-leatambien__titulo\"> LEA TAMBI\u00c9N <\/p>\n<article class=\"c-articulo--mini\" data-publicacion=\"2026-04-09\" data-id=\"3546601\" data-autor=\"Katherine shirley bravo\" data-bloqueo=\"Abierto\" data-name=\"Karol g revelo que le han advertido no decir \u2018ice out\u2019 en su presentacion de coachella 2026: podria perder la visa\" data-category=\"Cultura\/gente\" data-editorial=\"Editorial\" data-tipocontenido=\"Articulo\" data-clasecontenido=\"Tendencia\" data-redactorvisible=\"Katherine shirley bravo\" data-position=\"0\" data-board=\"Lea tambi\u00e9n\" data-seccion=\"Cultura\" data-subseccion=\"Gente\">\n<figure class=\"c-article__thumb\"><img decoding=\"async\" alt=\"Karol G habl\u00f3 en Playboy sobre su presentaci\u00f3n en Coachella 2026.\" width=\"120\" height=\"120\" loading=\"lazy\" src=\"https:\/\/imagenes2.eltiempo.com\/uploads\/2026\/04\/09\/69d81a86023a3.png\"\/><\/figure>\n<\/article>\n<\/div>\n<p>Otra de las preguntas que sorprendi\u00f3 fue cuando la presentadora<b> le pregunt\u00f3 cu\u00e1l es su primera cita ideal, a lo que la \u2018Bichota\u2019 respondi\u00f3 que no hay mejor comida que los perros calientes acompa\u00f1ados de papas fritas.<\/b><\/p>\n<p>\u201cPara m\u00ed, la mejor cita es que me lleven a comer perro caliente y papas fritas, a un lugar de la calle, y que me haga sentir que soy del barrio, como donde vienen los chicos malos. Y me encanta eso\u201d, afirm\u00f3.<\/p>\n<figure class=\"c-cuerpo__media c-cuerpo__media--imagen\"><figcaption class=\"c-cuerpo__media__info\">\n<p class=\"c-cuerpo__media__txt\"><span class=\"c-cuerpo__media__subtitulo c-articulo-img-descripcion\">Karol G habl\u00f3 de c\u00f3mo han sido sus relaciones amorosas.<\/span><span class=\"c-cuerpo__media__creditos\"> Foto:<\/span><span class=\"c-cuerpo__media__autor\">X: Bichota r\u00e9cords<\/span><\/p>\n<\/figcaption><!----><\/figure>\n<p>Con la alegr\u00eda que caracteriza a la paisa, habl\u00f3 con sinceridad y<b> sin ning\u00fan miedo a ser juzgada por lo que estaba diciendo.<\/b><\/p>\n<p>Por otro lado, la artista, que sigue dejando el nombre de Colombia en lo m\u00e1s alto, se prepara para su presentaci\u00f3n en el<b> Festival de M\u00fasica y Artes del Valle de Coachella, considerado uno de los eventos m\u00e1s importantes de la m\u00fasica.<\/b><\/p>\n<div class=\"c-leatambien c-leatambien--varios\">\n<p class=\"c-leatambien__titulo\"> LEA TAMBI\u00c9N <\/p>\n<article class=\"c-articulo--mini\" data-publicacion=\"2026-03-19\" data-id=\"3541587\" data-autor=\"Juan sebastian lievano aldana\" data-bloqueo=\"Abierto\" data-name=\"Karol g impulsara emprendimientos locales latinoamericanos en coachella 2026: esta es la propuesta cultural que busca la iniciativa de la cantante\" data-category=\"Cultura\/gente\" data-editorial=\"Editorial\" data-tipocontenido=\"Articulo\" data-clasecontenido=\"Tendencia\" data-redactorvisible=\"Juan sebastian lievano aldana\" data-position=\"0\" data-board=\"Lea tambi\u00e9n\" data-seccion=\"Cultura\" data-subseccion=\"Gente\">\n<figure class=\"c-article__thumb\"><img decoding=\"async\" alt=\"Coachella emprendedores latinos\" width=\"120\" height=\"120\" loading=\"lazy\" src=\"https:\/\/imagenes2.eltiempo.com\/uploads\/2026\/03\/19\/69bc52b2c61f2.jpeg\"\/><\/figure>\n<\/article>\n<\/div>\n<p>Convirti\u00e9ndose en la primera cantante latinoamericana en encabezar<b> el cartel de este m\u00edtico festival que se lleva a cabo en California, Estados Unidos.<\/b><\/p>\n<h3>M\u00e1s noticias en EL TIEMPO<\/h3>\n<\/div>\n<p><script type=\"text\/javascript\">\n    ! function (f, b, e, v, n, t, s) {\n        if (f.fbq) return;\n        n = f.fbq = function () {\n            n.callMethod ?\n                n.callMethod.apply(n, arguments) : n.queue.push(arguments)\n        };\n        if (!f._fbq) f._fbq = n;\n        n.push = n;\n        n.loaded = !0;\n        n.version = '2.0';\n        n.queue = [];\n        t = b.createElement(e);\n        t.async = !0;\n        t.src = v;\n        s = b.getElementsByTagName(e)[0];\n        s.parentNode.insertBefore(t, s)\n    }\n        (window, document, 'script', 'https:\/\/connect.facebook.net\/en_US\/fbevents.js');\n    fbq('init', '2639268933010768');\n    fbq('track', 'PageView');\n<\/script><\/p>\n<p><a href=\"https:\/\/www.eltiempo.com\/cultura\/gente\/karol-g-confiesa-tras-terminar-con-feid-y-tras-su-pasado-con-anuel-que-le-gustan-los-chicos-malos-tengo-que-cambiar-eso-3547284\">Source link <\/a><\/p>\n","protected":false},"excerpt":{"rendered":"<p>En una reciente entrevista que concedi\u00f3 la cantante paisa al p\u00f3dcast \u2018Call Her Daddy\u2019, de Alexandra Cooper, comparti\u00f3 detalles in\u00e9ditos sobre su vida sentimental, dejando a sus seguidores sorprendidos. LEA TAMBI\u00c9N Durante la conversaci\u00f3n record\u00f3 que uno de sus exnovios le minti\u00f3 acerca de su ubicaci\u00f3n exacta, pero lo que le pareci\u00f3 terrible fue que [&hellip;]<\/p>\n","protected":false},"author":1,"featured_media":105752,"comment_status":"closed","ping_status":"","sticky":false,"template":"","format":"standard","meta":{"googlesitekit_rrm_CAow2JLhCw:productID":"","_gspb_post_css":"","maa_idioma":"","maa_pais":"","footnotes":""},"categories":[1],"tags":[27616,27621,27618,5500,27612,27622,27614,27617,25297,2979,27619,27615,27620,27613,17102],"class_list":["post-105751","post","type-post","status-publish","format-standard","has-post-thumbnail","hentry","category-ubirata","tag-anuel","tag-cambiar","tag-chicos","tag-con","tag-confiesa","tag-eso","tag-feid","tag-gustan","tag-karol","tag-los","tag-malos","tag-pasado","tag-tengo","tag-terminar","tag-tras"],"blocksy_meta":[],"yoast_head":"<!-- This site is optimized with the Yoast SEO Premium plugin v27.6 (Yoast SEO v27.6) - https:\/\/yoast.com\/product\/yoast-seo-premium-wordpress\/ -->\n<title>Karol G confiesa, tras terminar con Feid y tras su pasado con Anuel, que le gustan los &#039;chicos malos&#039;: &#039;Tengo que cambiar eso&#039; - Ubirat\u00e3 Online Not\u00edcias - A realidade ao seu alcance!<\/title>\n<meta name=\"description\" content=\"En una reciente entrevista que concedi\u00f3 la cantante paisa al p\u00f3dcast \u2018Call Her Daddy\u2019, de Alexandra Cooper, comparti\u00f3 detalles in\u00e9ditos sobre su vida\" \/>\n<meta name=\"robots\" content=\"index, follow, max-snippet:-1, max-image-preview:large, max-video-preview:-1\" \/>\n<link rel=\"canonical\" href=\"https:\/\/ubirataonline.com.br\/en\/karol-g-confiesa-tras-terminar-con-feid-y-tras-su-pasado-con-anuel-que-le-gustan-los-chicos-malos-tengo-que-cambiar-eso\/\" \/>\n<meta property=\"og:locale\" content=\"en_US\" \/>\n<meta property=\"og:type\" content=\"article\" \/>\n<meta property=\"og:title\" content=\"Karol G confiesa, tras terminar con Feid y tras su pasado con Anuel, que le gustan los &#039;chicos malos&#039;: &#039;Tengo que cambiar eso&#039;\" \/>\n<meta property=\"og:description\" content=\"En una reciente entrevista que concedi\u00f3 la cantante paisa al p\u00f3dcast \u2018Call Her Daddy\u2019, de Alexandra Cooper, comparti\u00f3 detalles in\u00e9ditos sobre su vida\" \/>\n<meta property=\"og:url\" content=\"https:\/\/ubirataonline.com.br\/en\/karol-g-confiesa-tras-terminar-con-feid-y-tras-su-pasado-con-anuel-que-le-gustan-los-chicos-malos-tengo-que-cambiar-eso\/\" \/>\n<meta property=\"og:site_name\" content=\"Ubirat\u00e3 Online Not\u00edcias - A realidade ao seu alcance!\" \/>\n<meta property=\"article:publisher\" content=\"https:\/\/www.facebook.com\/portalubirataonline\" \/>\n<meta property=\"article:author\" content=\"https:\/\/www.facebook.com\/portalubirataonline\" \/>\n<meta property=\"article:published_time\" content=\"2026-04-13T06:44:26+00:00\" \/>\n<meta property=\"article:modified_time\" content=\"2026-04-13T06:44:44+00:00\" \/>\n<meta property=\"og:image\" content=\"https:\/\/ubirataonline.com.br\/wp-content\/uploads\/2026\/04\/Karol-G-confiesa-tras-terminar-con-Feid-y-tras-su.png\" \/>\n\t<meta property=\"og:image:width\" content=\"1200\" \/>\n\t<meta property=\"og:image:height\" content=\"675\" \/>\n\t<meta property=\"og:image:type\" content=\"image\/png\" \/>\n<meta name=\"author\" content=\"REDA\u00c7\u00c3O: UBIRAT\u00c3 ONLINE - F\u00c1BIO AUGUSTO CELESTINO\" \/>\n<meta name=\"twitter:card\" content=\"summary_large_image\" \/>\n<meta name=\"twitter:creator\" content=\"@x.com\/ubirataonline\" \/>\n<meta name=\"twitter:site\" content=\"@ubirataonline\" \/>\n<meta name=\"twitter:label1\" content=\"Written by\" \/>\n\t<meta name=\"twitter:data1\" content=\"REDA\u00c7\u00c3O: UBIRAT\u00c3 ONLINE - F\u00c1BIO AUGUSTO CELESTINO\" \/>\n\t<meta name=\"twitter:label2\" content=\"Est. reading time\" \/>\n\t<meta name=\"twitter:data2\" content=\"2 minutes\" \/>\n<script type=\"application\/ld+json\" class=\"yoast-schema-graph\">{\"@context\":\"https:\\\/\\\/schema.org\",\"@graph\":[{\"@type\":\"NewsArticle\",\"@id\":\"https:\\\/\\\/ubirataonline.com.br\\\/karol-g-confiesa-tras-terminar-con-feid-y-tras-su-pasado-con-anuel-que-le-gustan-los-chicos-malos-tengo-que-cambiar-eso\\\/#article\",\"isPartOf\":{\"@id\":\"https:\\\/\\\/ubirataonline.com.br\\\/karol-g-confiesa-tras-terminar-con-feid-y-tras-su-pasado-con-anuel-que-le-gustan-los-chicos-malos-tengo-que-cambiar-eso\\\/\"},\"author\":{\"name\":\"REDA\u00c7\u00c3O: UBIRAT\u00c3 ONLINE - F\u00c1BIO AUGUSTO CELESTINO\",\"@id\":\"https:\\\/\\\/ubirataonline.com.br\\\/#\\\/schema\\\/person\\\/372f87bbd3fdd79b8556b84c98d0bc1c\"},\"headline\":\"Karol G confiesa, tras terminar con Feid y tras su pasado con Anuel, que le gustan los &#8216;chicos malos&#8217;: &#8216;Tengo que cambiar eso&#8217;\",\"datePublished\":\"2026-04-13T06:44:26+00:00\",\"dateModified\":\"2026-04-13T06:44:44+00:00\",\"mainEntityOfPage\":{\"@id\":\"https:\\\/\\\/ubirataonline.com.br\\\/karol-g-confiesa-tras-terminar-con-feid-y-tras-su-pasado-con-anuel-que-le-gustan-los-chicos-malos-tengo-que-cambiar-eso\\\/\"},\"wordCount\":469,\"publisher\":{\"@id\":\"https:\\\/\\\/ubirataonline.com.br\\\/#organization\"},\"image\":{\"@id\":\"https:\\\/\\\/ubirataonline.com.br\\\/karol-g-confiesa-tras-terminar-con-feid-y-tras-su-pasado-con-anuel-que-le-gustan-los-chicos-malos-tengo-que-cambiar-eso\\\/#primaryimage\"},\"thumbnailUrl\":\"https:\\\/\\\/ubirataonline.com.br\\\/wp-content\\\/uploads\\\/2026\\\/04\\\/Karol-G-confiesa-tras-terminar-con-Feid-y-tras-su.png\",\"keywords\":[\"Anuel\",\"cambiar\",\"chicos\",\"con\",\"confiesa\",\"eso\",\"Feid\",\"gustan\",\"Karol\",\"Los\",\"malos\",\"pasado\",\"Tengo\",\"terminar\",\"tras\"],\"articleSection\":[\"Ubirat\u00e3\"],\"inLanguage\":\"en-US\",\"copyrightYear\":\"2026\",\"copyrightHolder\":{\"@id\":\"https:\\\/\\\/ubirataonline.com.br\\\/en\\\/#organization\"}},{\"@type\":\"WebPage\",\"@id\":\"https:\\\/\\\/ubirataonline.com.br\\\/karol-g-confiesa-tras-terminar-con-feid-y-tras-su-pasado-con-anuel-que-le-gustan-los-chicos-malos-tengo-que-cambiar-eso\\\/\",\"url\":\"https:\\\/\\\/ubirataonline.com.br\\\/karol-g-confiesa-tras-terminar-con-feid-y-tras-su-pasado-con-anuel-que-le-gustan-los-chicos-malos-tengo-que-cambiar-eso\\\/\",\"name\":\"Karol G confiesa, tras terminar con Feid y tras su pasado con Anuel, que le gustan los 'chicos malos': 'Tengo que cambiar eso' - Ubirat\u00e3 Online Not\u00edcias - A realidade ao seu alcance!\",\"isPartOf\":{\"@id\":\"https:\\\/\\\/ubirataonline.com.br\\\/#website\"},\"primaryImageOfPage\":{\"@id\":\"https:\\\/\\\/ubirataonline.com.br\\\/karol-g-confiesa-tras-terminar-con-feid-y-tras-su-pasado-con-anuel-que-le-gustan-los-chicos-malos-tengo-que-cambiar-eso\\\/#primaryimage\"},\"image\":{\"@id\":\"https:\\\/\\\/ubirataonline.com.br\\\/karol-g-confiesa-tras-terminar-con-feid-y-tras-su-pasado-con-anuel-que-le-gustan-los-chicos-malos-tengo-que-cambiar-eso\\\/#primaryimage\"},\"thumbnailUrl\":\"https:\\\/\\\/ubirataonline.com.br\\\/wp-content\\\/uploads\\\/2026\\\/04\\\/Karol-G-confiesa-tras-terminar-con-Feid-y-tras-su.png\",\"datePublished\":\"2026-04-13T06:44:26+00:00\",\"dateModified\":\"2026-04-13T06:44:44+00:00\",\"description\":\"En una reciente entrevista que concedi\u00f3 la cantante paisa al p\u00f3dcast \u2018Call Her Daddy\u2019, de Alexandra Cooper, comparti\u00f3 detalles in\u00e9ditos sobre su vida\",\"breadcrumb\":{\"@id\":\"https:\\\/\\\/ubirataonline.com.br\\\/karol-g-confiesa-tras-terminar-con-feid-y-tras-su-pasado-con-anuel-que-le-gustan-los-chicos-malos-tengo-que-cambiar-eso\\\/#breadcrumb\"},\"inLanguage\":\"en-US\",\"potentialAction\":[{\"@type\":\"ReadAction\",\"target\":[\"https:\\\/\\\/ubirataonline.com.br\\\/karol-g-confiesa-tras-terminar-con-feid-y-tras-su-pasado-con-anuel-que-le-gustan-los-chicos-malos-tengo-que-cambiar-eso\\\/\"]}]},{\"@type\":\"ImageObject\",\"inLanguage\":\"en-US\",\"@id\":\"https:\\\/\\\/ubirataonline.com.br\\\/karol-g-confiesa-tras-terminar-con-feid-y-tras-su-pasado-con-anuel-que-le-gustan-los-chicos-malos-tengo-que-cambiar-eso\\\/#primaryimage\",\"url\":\"https:\\\/\\\/ubirataonline.com.br\\\/wp-content\\\/uploads\\\/2026\\\/04\\\/Karol-G-confiesa-tras-terminar-con-Feid-y-tras-su.png\",\"contentUrl\":\"https:\\\/\\\/ubirataonline.com.br\\\/wp-content\\\/uploads\\\/2026\\\/04\\\/Karol-G-confiesa-tras-terminar-con-Feid-y-tras-su.png\",\"width\":1200,\"height\":675,\"caption\":\"Karol G confes\u00f3 que le gustan los 'chicos malos' Foto: AFP\"},{\"@type\":\"BreadcrumbList\",\"@id\":\"https:\\\/\\\/ubirataonline.com.br\\\/karol-g-confiesa-tras-terminar-con-feid-y-tras-su-pasado-con-anuel-que-le-gustan-los-chicos-malos-tengo-que-cambiar-eso\\\/#breadcrumb\",\"itemListElement\":[{\"@type\":\"ListItem\",\"position\":1,\"name\":\"In\u00edcio\",\"item\":\"https:\\\/\\\/ubirataonline.com.br\\\/\"},{\"@type\":\"ListItem\",\"position\":2,\"name\":\"Karol G confiesa, tras terminar con Feid y tras su pasado con Anuel, que le gustan los &#8216;chicos malos&#8217;: &#8216;Tengo que cambiar eso&#8217;\"}]},{\"@type\":\"WebSite\",\"@id\":\"https:\\\/\\\/ubirataonline.com.br\\\/#website\",\"url\":\"https:\\\/\\\/ubirataonline.com.br\\\/\",\"name\":\"Ubirat\u00e3 Online Not\u00edcias\",\"description\":\"Not\u00edcias de Ubirat\u00e3, regi\u00e3o, Brasil e mundo, com informa\u00e7\u00e3o atualizada e compromisso com o leitor.\",\"publisher\":{\"@id\":\"https:\\\/\\\/ubirataonline.com.br\\\/#organization\"},\"alternateName\":\"Ubirat\u00e3 Online\",\"potentialAction\":[{\"@type\":\"SearchAction\",\"target\":{\"@type\":\"EntryPoint\",\"urlTemplate\":\"https:\\\/\\\/ubirataonline.com.br\\\/?s={search_term_string}\"},\"query-input\":{\"@type\":\"PropertyValueSpecification\",\"valueRequired\":true,\"valueName\":\"search_term_string\"}}],\"inLanguage\":\"en-US\"},{\"@type\":[\"Organization\",\"Place\"],\"@id\":\"https:\\\/\\\/ubirataonline.com.br\\\/#organization\",\"name\":\"Ubirat\u00e3 Online Not\u00edcias\",\"alternateName\":\"Ubirat\u00e3 Online\",\"url\":\"https:\\\/\\\/ubirataonline.com.br\\\/\",\"logo\":{\"@id\":\"https:\\\/\\\/ubirataonline.com.br\\\/karol-g-confiesa-tras-terminar-con-feid-y-tras-su-pasado-con-anuel-que-le-gustan-los-chicos-malos-tengo-que-cambiar-eso\\\/#local-main-organization-logo\"},\"image\":{\"@id\":\"https:\\\/\\\/ubirataonline.com.br\\\/karol-g-confiesa-tras-terminar-con-feid-y-tras-su-pasado-con-anuel-que-le-gustan-los-chicos-malos-tengo-que-cambiar-eso\\\/#local-main-organization-logo\"},\"sameAs\":[\"https:\\\/\\\/www.facebook.com\\\/portalubirataonline\",\"https:\\\/\\\/x.com\\\/ubirataonline\",\"https:\\\/\\\/mastodon.social\\\/@ubirataonline\",\"https:\\\/\\\/www.facebook.com\\\/groups\\\/311144672285604\",\"https:\\\/\\\/www.facebook.com\\\/UBTAOnline\",\"https:\\\/\\\/www.instagram.com\\\/portalubirataonline\\\/\",\"https:\\\/\\\/twitter.com\\\/ubirataonline\"],\"description\":\"Somos um portal de not\u00edcias independente, criado em 5 de janeiro de 2009, com o objetivo de informar, conectar e valorizar a nossa comunidade de Ubirat\u00e3 e toda aregi\u00e3o. Com conte\u00fado atualizado, confi\u00e1vel e relevante, o Ubirat\u00e3 Online \u00e9 o seu espa\u00e7o para ficar por dentro dos principais acontecimentos locais, regionais, Brasil, Mundo e de interesse geral. Nosso compromisso \u00e9 com a verdade, a transpar\u00eancia e o respeito ao leitor.\",\"legalName\":\"UBIRATA ONLINE NOT\u00cdCIAS\",\"foundingDate\":\"2009-01-05\",\"numberOfEmployees\":{\"@type\":\"QuantitativeValue\",\"minValue\":\"1\",\"maxValue\":\"10\"},\"publishingPrinciples\":\"https:\\\/\\\/ubirataonline.com.br\\\/faq\\\/\",\"address\":{\"@id\":\"https:\\\/\\\/ubirataonline.com.br\\\/karol-g-confiesa-tras-terminar-con-feid-y-tras-su-pasado-con-anuel-que-le-gustan-los-chicos-malos-tengo-que-cambiar-eso\\\/#local-main-place-address\"},\"geo\":{\"@type\":\"GeoCoordinates\",\"latitude\":\"-24.5361401\",\"longitude\":\"-52.9921776\"},\"telephone\":[\"+5544998308235\"],\"contactPoint\":{\"@type\":\"ContactPoint\",\"email\":\"contato@ubirataonline.com.br\"},\"openingHoursSpecification\":{\"@type\":\"OpeningHoursSpecification\",\"dayOfWeek\":[\"Monday\",\"Tuesday\",\"Wednesday\",\"Thursday\",\"Friday\",\"Saturday\",\"Sunday\"],\"opens\":\"00:00\",\"closes\":\"23:59\"},\"email\":\"contato@ubirataonline.com.br\",\"vatID\":\"47.621.418\\\/0001-80\"},{\"@type\":\"Person\",\"@id\":\"https:\\\/\\\/ubirataonline.com.br\\\/#\\\/schema\\\/person\\\/372f87bbd3fdd79b8556b84c98d0bc1c\",\"name\":\"REDA\u00c7\u00c3O: UBIRAT\u00c3 ONLINE - F\u00c1BIO AUGUSTO CELESTINO\",\"pronouns\":\"Ele\",\"description\":\"Desde 2003 trabalhando com not\u00edcias.\",\"sameAs\":[\"http:\\\/\\\/ubirataoline.com.br\",\"https:\\\/\\\/www.facebook.com\\\/portalubirataonline\",\"https:\\\/\\\/www.instagram.com\\\/ubirataonline_oficial\",\"https:\\\/\\\/x.com\\\/x.com\\\/ubirataonline\"],\"honorificPrefix\":\"Mr.\",\"honorificSuffix\":\"MD\",\"birthDate\":\"1980-06-16\",\"gender\":\"masculino\",\"award\":[\"V\u00e1rios pr\u00eamios de melhor portal da cidade\"],\"jobTitle\":\"Diretor\",\"url\":\"https:\\\/\\\/ubirataonline.com.br\\\/en\\\/author\\\/ubirataonline\\\/\"},{\"@type\":\"PostalAddress\",\"@id\":\"https:\\\/\\\/ubirataonline.com.br\\\/karol-g-confiesa-tras-terminar-con-feid-y-tras-su-pasado-con-anuel-que-le-gustan-los-chicos-malos-tengo-que-cambiar-eso\\\/#local-main-place-address\",\"streetAddress\":\"Rua dos Coqueiros, 104 - Bairro Boa Vista, Rua dos Coqueiros, 104 Bairro Boa Vista\",\"addressLocality\":\"UBIRATA\",\"postalCode\":\"85440-000\",\"addressRegion\":\"PR\",\"addressCountry\":\"BR\"},{\"@type\":\"ImageObject\",\"inLanguage\":\"en-US\",\"@id\":\"https:\\\/\\\/ubirataonline.com.br\\\/karol-g-confiesa-tras-terminar-con-feid-y-tras-su-pasado-con-anuel-que-le-gustan-los-chicos-malos-tengo-que-cambiar-eso\\\/#local-main-organization-logo\",\"url\":\"https:\\\/\\\/ubirataonline.com.br\\\/wp-content\\\/uploads\\\/2026\\\/06\\\/logoubirataonline-1.webp\",\"contentUrl\":\"https:\\\/\\\/ubirataonline.com.br\\\/wp-content\\\/uploads\\\/2026\\\/06\\\/logoubirataonline-1.webp\",\"width\":500,\"height\":500,\"caption\":\"Ubirat\u00e3 Online Not\u00edcias\"}]}<\/script>\n<meta name=\"geo.placename\" content=\"UBIRATA\" \/>\n<meta name=\"geo.position\" content=\"-24.5361401;-52.9921776\" \/>\n<meta name=\"geo.region\" content=\"Brazil\" \/>\n<!-- \/ Yoast SEO Premium plugin. -->","yoast_head_json":{"title":"Karol G confiesa, tras terminar con Feid y tras su pasado con Anuel, que le gustan los 'chicos malos': 'Tengo que cambiar eso' - Ubirat\u00e3 Online Not\u00edcias - A realidade ao seu alcance!","description":"En una reciente entrevista que concedi\u00f3 la cantante paisa al p\u00f3dcast \u2018Call Her Daddy\u2019, de Alexandra Cooper, comparti\u00f3 detalles in\u00e9ditos sobre su vida","robots":{"index":"index","follow":"follow","max-snippet":"max-snippet:-1","max-image-preview":"max-image-preview:large","max-video-preview":"max-video-preview:-1"},"canonical":"https:\/\/ubirataonline.com.br\/en\/karol-g-confiesa-tras-terminar-con-feid-y-tras-su-pasado-con-anuel-que-le-gustan-los-chicos-malos-tengo-que-cambiar-eso\/","og_locale":"en_US","og_type":"article","og_title":"Karol G confiesa, tras terminar con Feid y tras su pasado con Anuel, que le gustan los 'chicos malos': 'Tengo que cambiar eso'","og_description":"En una reciente entrevista que concedi\u00f3 la cantante paisa al p\u00f3dcast \u2018Call Her Daddy\u2019, de Alexandra Cooper, comparti\u00f3 detalles in\u00e9ditos sobre su vida","og_url":"https:\/\/ubirataonline.com.br\/en\/karol-g-confiesa-tras-terminar-con-feid-y-tras-su-pasado-con-anuel-que-le-gustan-los-chicos-malos-tengo-que-cambiar-eso\/","og_site_name":"Ubirat\u00e3 Online Not\u00edcias - A realidade ao seu alcance!","article_publisher":"https:\/\/www.facebook.com\/portalubirataonline","article_author":"https:\/\/www.facebook.com\/portalubirataonline","article_published_time":"2026-04-13T06:44:26+00:00","article_modified_time":"2026-04-13T06:44:44+00:00","og_image":[{"width":1200,"height":675,"url":"https:\/\/ubirataonline.com.br\/wp-content\/uploads\/2026\/04\/Karol-G-confiesa-tras-terminar-con-Feid-y-tras-su.png","type":"image\/png"}],"author":"REDA\u00c7\u00c3O: UBIRAT\u00c3 ONLINE - F\u00c1BIO AUGUSTO CELESTINO","twitter_card":"summary_large_image","twitter_creator":"@x.com\/ubirataonline","twitter_site":"@ubirataonline","twitter_misc":{"Written by":"REDA\u00c7\u00c3O: UBIRAT\u00c3 ONLINE - F\u00c1BIO AUGUSTO CELESTINO","Est. reading time":"2 minutes"},"schema":{"@context":"https:\/\/schema.org","@graph":[{"@type":"NewsArticle","@id":"https:\/\/ubirataonline.com.br\/karol-g-confiesa-tras-terminar-con-feid-y-tras-su-pasado-con-anuel-que-le-gustan-los-chicos-malos-tengo-que-cambiar-eso\/#article","isPartOf":{"@id":"https:\/\/ubirataonline.com.br\/karol-g-confiesa-tras-terminar-con-feid-y-tras-su-pasado-con-anuel-que-le-gustan-los-chicos-malos-tengo-que-cambiar-eso\/"},"author":{"name":"REDA\u00c7\u00c3O: UBIRAT\u00c3 ONLINE - F\u00c1BIO AUGUSTO CELESTINO","@id":"https:\/\/ubirataonline.com.br\/#\/schema\/person\/372f87bbd3fdd79b8556b84c98d0bc1c"},"headline":"Karol G confiesa, tras terminar con Feid y tras su pasado con Anuel, que le gustan los &#8216;chicos malos&#8217;: &#8216;Tengo que cambiar eso&#8217;","datePublished":"2026-04-13T06:44:26+00:00","dateModified":"2026-04-13T06:44:44+00:00","mainEntityOfPage":{"@id":"https:\/\/ubirataonline.com.br\/karol-g-confiesa-tras-terminar-con-feid-y-tras-su-pasado-con-anuel-que-le-gustan-los-chicos-malos-tengo-que-cambiar-eso\/"},"wordCount":469,"publisher":{"@id":"https:\/\/ubirataonline.com.br\/#organization"},"image":{"@id":"https:\/\/ubirataonline.com.br\/karol-g-confiesa-tras-terminar-con-feid-y-tras-su-pasado-con-anuel-que-le-gustan-los-chicos-malos-tengo-que-cambiar-eso\/#primaryimage"},"thumbnailUrl":"https:\/\/ubirataonline.com.br\/wp-content\/uploads\/2026\/04\/Karol-G-confiesa-tras-terminar-con-Feid-y-tras-su.png","keywords":["Anuel","cambiar","chicos","con","confiesa","eso","Feid","gustan","Karol","Los","malos","pasado","Tengo","terminar","tras"],"articleSection":["Ubirat\u00e3"],"inLanguage":"en-US","copyrightYear":"2026","copyrightHolder":{"@id":"https:\/\/ubirataonline.com.br\/en\/#organization"}},{"@type":"WebPage","@id":"https:\/\/ubirataonline.com.br\/karol-g-confiesa-tras-terminar-con-feid-y-tras-su-pasado-con-anuel-que-le-gustan-los-chicos-malos-tengo-que-cambiar-eso\/","url":"https:\/\/ubirataonline.com.br\/karol-g-confiesa-tras-terminar-con-feid-y-tras-su-pasado-con-anuel-que-le-gustan-los-chicos-malos-tengo-que-cambiar-eso\/","name":"Karol G confiesa, tras terminar con Feid y tras su pasado con Anuel, que le gustan los 'chicos malos': 'Tengo que cambiar eso' - Ubirat\u00e3 Online Not\u00edcias - A realidade ao seu alcance!","isPartOf":{"@id":"https:\/\/ubirataonline.com.br\/#website"},"primaryImageOfPage":{"@id":"https:\/\/ubirataonline.com.br\/karol-g-confiesa-tras-terminar-con-feid-y-tras-su-pasado-con-anuel-que-le-gustan-los-chicos-malos-tengo-que-cambiar-eso\/#primaryimage"},"image":{"@id":"https:\/\/ubirataonline.com.br\/karol-g-confiesa-tras-terminar-con-feid-y-tras-su-pasado-con-anuel-que-le-gustan-los-chicos-malos-tengo-que-cambiar-eso\/#primaryimage"},"thumbnailUrl":"https:\/\/ubirataonline.com.br\/wp-content\/uploads\/2026\/04\/Karol-G-confiesa-tras-terminar-con-Feid-y-tras-su.png","datePublished":"2026-04-13T06:44:26+00:00","dateModified":"2026-04-13T06:44:44+00:00","description":"En una reciente entrevista que concedi\u00f3 la cantante paisa al p\u00f3dcast \u2018Call Her Daddy\u2019, de Alexandra Cooper, comparti\u00f3 detalles in\u00e9ditos sobre su vida","breadcrumb":{"@id":"https:\/\/ubirataonline.com.br\/karol-g-confiesa-tras-terminar-con-feid-y-tras-su-pasado-con-anuel-que-le-gustan-los-chicos-malos-tengo-que-cambiar-eso\/#breadcrumb"},"inLanguage":"en-US","potentialAction":[{"@type":"ReadAction","target":["https:\/\/ubirataonline.com.br\/karol-g-confiesa-tras-terminar-con-feid-y-tras-su-pasado-con-anuel-que-le-gustan-los-chicos-malos-tengo-que-cambiar-eso\/"]}]},{"@type":"ImageObject","inLanguage":"en-US","@id":"https:\/\/ubirataonline.com.br\/karol-g-confiesa-tras-terminar-con-feid-y-tras-su-pasado-con-anuel-que-le-gustan-los-chicos-malos-tengo-que-cambiar-eso\/#primaryimage","url":"https:\/\/ubirataonline.com.br\/wp-content\/uploads\/2026\/04\/Karol-G-confiesa-tras-terminar-con-Feid-y-tras-su.png","contentUrl":"https:\/\/ubirataonline.com.br\/wp-content\/uploads\/2026\/04\/Karol-G-confiesa-tras-terminar-con-Feid-y-tras-su.png","width":1200,"height":675,"caption":"Karol G confes\u00f3 que le gustan los 'chicos malos' Foto: AFP"},{"@type":"BreadcrumbList","@id":"https:\/\/ubirataonline.com.br\/karol-g-confiesa-tras-terminar-con-feid-y-tras-su-pasado-con-anuel-que-le-gustan-los-chicos-malos-tengo-que-cambiar-eso\/#breadcrumb","itemListElement":[{"@type":"ListItem","position":1,"name":"In\u00edcio","item":"https:\/\/ubirataonline.com.br\/"},{"@type":"ListItem","position":2,"name":"Karol G confiesa, tras terminar con Feid y tras su pasado con Anuel, que le gustan los &#8216;chicos malos&#8217;: &#8216;Tengo que cambiar eso&#8217;"}]},{"@type":"WebSite","@id":"https:\/\/ubirataonline.com.br\/#website","url":"https:\/\/ubirataonline.com.br\/","name":"Ubirat\u00e3 Online Not\u00edcias","description":"Not\u00edcias de Ubirat\u00e3, regi\u00e3o, Brasil e mundo, com informa\u00e7\u00e3o atualizada e compromisso com o leitor.","publisher":{"@id":"https:\/\/ubirataonline.com.br\/#organization"},"alternateName":"Ubirat\u00e3 Online","potentialAction":[{"@type":"SearchAction","target":{"@type":"EntryPoint","urlTemplate":"https:\/\/ubirataonline.com.br\/?s={search_term_string}"},"query-input":{"@type":"PropertyValueSpecification","valueRequired":true,"valueName":"search_term_string"}}],"inLanguage":"en-US"},{"@type":["Organization","Place"],"@id":"https:\/\/ubirataonline.com.br\/#organization","name":"Ubirat\u00e3 Online Not\u00edcias","alternateName":"Ubirat\u00e3 Online","url":"https:\/\/ubirataonline.com.br\/","logo":{"@id":"https:\/\/ubirataonline.com.br\/karol-g-confiesa-tras-terminar-con-feid-y-tras-su-pasado-con-anuel-que-le-gustan-los-chicos-malos-tengo-que-cambiar-eso\/#local-main-organization-logo"},"image":{"@id":"https:\/\/ubirataonline.com.br\/karol-g-confiesa-tras-terminar-con-feid-y-tras-su-pasado-con-anuel-que-le-gustan-los-chicos-malos-tengo-que-cambiar-eso\/#local-main-organization-logo"},"sameAs":["https:\/\/www.facebook.com\/portalubirataonline","https:\/\/x.com\/ubirataonline","https:\/\/mastodon.social\/@ubirataonline","https:\/\/www.facebook.com\/groups\/311144672285604","https:\/\/www.facebook.com\/UBTAOnline","https:\/\/www.instagram.com\/portalubirataonline\/","https:\/\/twitter.com\/ubirataonline"],"description":"Somos um portal de not\u00edcias independente, criado em 5 de janeiro de 2009, com o objetivo de informar, conectar e valorizar a nossa comunidade de Ubirat\u00e3 e toda aregi\u00e3o. Com conte\u00fado atualizado, confi\u00e1vel e relevante, o Ubirat\u00e3 Online \u00e9 o seu espa\u00e7o para ficar por dentro dos principais acontecimentos locais, regionais, Brasil, Mundo e de interesse geral. Nosso compromisso \u00e9 com a verdade, a transpar\u00eancia e o respeito ao leitor.","legalName":"UBIRATA ONLINE NOT\u00cdCIAS","foundingDate":"2009-01-05","numberOfEmployees":{"@type":"QuantitativeValue","minValue":"1","maxValue":"10"},"publishingPrinciples":"https:\/\/ubirataonline.com.br\/faq\/","address":{"@id":"https:\/\/ubirataonline.com.br\/karol-g-confiesa-tras-terminar-con-feid-y-tras-su-pasado-con-anuel-que-le-gustan-los-chicos-malos-tengo-que-cambiar-eso\/#local-main-place-address"},"geo":{"@type":"GeoCoordinates","latitude":"-24.5361401","longitude":"-52.9921776"},"telephone":["+5544998308235"],"contactPoint":{"@type":"ContactPoint","email":"contato@ubirataonline.com.br"},"openingHoursSpecification":{"@type":"OpeningHoursSpecification","dayOfWeek":["Monday","Tuesday","Wednesday","Thursday","Friday","Saturday","Sunday"],"opens":"00:00","closes":"23:59"},"email":"contato@ubirataonline.com.br","vatID":"47.621.418\/0001-80"},{"@type":"Person","@id":"https:\/\/ubirataonline.com.br\/#\/schema\/person\/372f87bbd3fdd79b8556b84c98d0bc1c","name":"REDA\u00c7\u00c3O: UBIRAT\u00c3 ONLINE - F\u00c1BIO AUGUSTO CELESTINO","pronouns":"Ele","description":"Desde 2003 trabalhando com not\u00edcias.","sameAs":["http:\/\/ubirataoline.com.br","https:\/\/www.facebook.com\/portalubirataonline","https:\/\/www.instagram.com\/ubirataonline_oficial","https:\/\/x.com\/x.com\/ubirataonline"],"honorificPrefix":"Mr.","honorificSuffix":"MD","birthDate":"1980-06-16","gender":"masculino","award":["V\u00e1rios pr\u00eamios de melhor portal da cidade"],"jobTitle":"Diretor","url":"https:\/\/ubirataonline.com.br\/en\/author\/ubirataonline\/"},{"@type":"PostalAddress","@id":"https:\/\/ubirataonline.com.br\/karol-g-confiesa-tras-terminar-con-feid-y-tras-su-pasado-con-anuel-que-le-gustan-los-chicos-malos-tengo-que-cambiar-eso\/#local-main-place-address","streetAddress":"Rua dos Coqueiros, 104 - Bairro Boa Vista, Rua dos Coqueiros, 104 Bairro Boa Vista","addressLocality":"UBIRATA","postalCode":"85440-000","addressRegion":"PR","addressCountry":"BR"},{"@type":"ImageObject","inLanguage":"en-US","@id":"https:\/\/ubirataonline.com.br\/karol-g-confiesa-tras-terminar-con-feid-y-tras-su-pasado-con-anuel-que-le-gustan-los-chicos-malos-tengo-que-cambiar-eso\/#local-main-organization-logo","url":"https:\/\/ubirataonline.com.br\/wp-content\/uploads\/2026\/06\/logoubirataonline-1.webp","contentUrl":"https:\/\/ubirataonline.com.br\/wp-content\/uploads\/2026\/06\/logoubirataonline-1.webp","width":500,"height":500,"caption":"Ubirat\u00e3 Online Not\u00edcias"}]},"geo.placename":"UBIRATA","geo.position":{"lat":"-24.5361401","long":"-52.9921776"},"geo.region":"Brazil"},"_links":{"self":[{"href":"https:\/\/ubirataonline.com.br\/en\/wp-json\/wp\/v2\/posts\/105751","targetHints":{"allow":["GET"]}}],"collection":[{"href":"https:\/\/ubirataonline.com.br\/en\/wp-json\/wp\/v2\/posts"}],"about":[{"href":"https:\/\/ubirataonline.com.br\/en\/wp-json\/wp\/v2\/types\/post"}],"author":[{"embeddable":true,"href":"https:\/\/ubirataonline.com.br\/en\/wp-json\/wp\/v2\/users\/1"}],"replies":[{"embeddable":true,"href":"https:\/\/ubirataonline.com.br\/en\/wp-json\/wp\/v2\/comments?post=105751"}],"version-history":[{"count":0,"href":"https:\/\/ubirataonline.com.br\/en\/wp-json\/wp\/v2\/posts\/105751\/revisions"}],"wp:featuredmedia":[{"embeddable":true,"href":"https:\/\/ubirataonline.com.br\/en\/wp-json\/wp\/v2\/media\/105752"}],"wp:attachment":[{"href":"https:\/\/ubirataonline.com.br\/en\/wp-json\/wp\/v2\/media?parent=105751"}],"wp:term":[{"taxonomy":"category","embeddable":true,"href":"https:\/\/ubirataonline.com.br\/en\/wp-json\/wp\/v2\/categories?post=105751"},{"taxonomy":"post_tag","embeddable":true,"href":"https:\/\/ubirataonline.com.br\/en\/wp-json\/wp\/v2\/tags?post=105751"}],"curies":[{"name":"wp","href":"https:\/\/api.w.org\/{rel}","templated":true}]}}