{"id":105756,"date":"2026-04-13T03:56:26","date_gmt":"2026-04-13T06:56:26","guid":{"rendered":"https:\/\/ubirataonline.com.br\/anyma-says-hes-heartbroken-following-canceled-coachella-set\/"},"modified":"2026-04-13T03:56:32","modified_gmt":"2026-04-13T06:56:32","slug":"anyma-says-hes-heartbroken-following-canceled-coachella-set","status":"publish","type":"post","link":"https:\/\/ubirataonline.com.br\/en\/anyma-says-hes-heartbroken-following-canceled-coachella-set\/","title":{"rendered":"Anyma Says He&#8217;s &#8216;Heartbroken&#8217; Following Canceled Coachella Set"},"content":{"rendered":"<p><br \/>\n<\/p>\n<div>\n<p class=\"paragraph larva \/\/ lrv-u-margin-lr-auto  lrv-a-font-body-m\">\n\tElectronic musician <a href=\"https:\/\/variety.com\/t\/anyma\/\" id=\"auto-tag_anyma\" data-tag=\"anyma\">Anyma<\/a> is speaking out after his <a href=\"https:\/\/variety.com\/t\/coachella\/\" id=\"auto-tag_coachella\" data-tag=\"coachella\">Coachella<\/a> set was canceled due to severe weather condititions early Saturday morning.\u00a0<\/p>\n<p class=\"paragraph larva \/\/ lrv-u-margin-lr-auto  lrv-a-font-body-m\">\n\t\u201cI\u2019m heartbroken,\u201d the DJ, whose real name is Matteo Milleri, wrote in <a rel=\"nofollow\" href=\"https:\/\/x.com\/anyma_eva\/status\/2043135582973345951?s=46\" target=\"_blank\">a statement <\/a>shared to his X account Saturday evening. \u201cI don\u2019t have many words other than to say I\u2019m truly devastated and deeply sorry to everyone who showed up to the main stage, and to those watching the livestream at home. Having the opportunity to perform the new \u00c6DEN show and share all the new music and art means more to me than I can express. It\u2019s incredibly painful, especially after working day and night for the past year, not just me, but my team and the @coachella crew, who poured everything into this.\u201d<\/p>\n<p class=\"paragraph larva \/\/ lrv-u-margin-lr-auto  lrv-a-font-body-m\">\n\tThe statement continued: \u201cSafety was and always will be our biggest concern. The dangerous winds not only prevented us and Coachella from building our stage, but also made it impossible for my entire live setup and performance to operate safely.\u201d<\/p>\n<p class=\"paragraph larva \/\/ lrv-u-margin-lr-auto  lrv-a-font-body-m\">\n\tWhile he noted there are no other slots available for him to perform during Coachella weekend 1, Milleri wrote that he is \u201cworking on a solution to bring you some music at least,\u201d but doesn\u2019t want to \u201cimpose on the other artists\u2019 slots.\u201d \u201cUpdates soon,\u201d he concluded.\u00a0<\/p>\n<p class=\"paragraph larva \/\/ lrv-u-margin-lr-auto  lrv-a-font-body-m\">\n\tAnyma was set to perform following Sabrina Carpenter\u2019s headlining set on Day 1 of the festival, but the weather made it unfeasible. Attendees were notified at 12:17 a.m. of this \u201cschedule update\u201d with a statement posted online and sent as a push notification via the Coachella app.\u00a0<\/p>\n<p class=\"paragraph larva \/\/ lrv-u-margin-lr-auto  lrv-a-font-body-m\">\n\t\u201cDue to strong wind conditions affecting Anyma\u2019s stage build, he is unable to perform,\u201d the statement read. \u201cCoachella &amp; Anyma have made this decision together with your safety as the priority. Further updates to come.\u201d<\/p>\n<p class=\"paragraph larva \/\/ lrv-u-margin-lr-auto  lrv-a-font-body-m\">\n\tWinds had gusted as high as 35-40 mph in Indio during the day Friday, and there were reports of tents being toppled in the campground area at Coachella. Weather reports for the area on Sunday, the closing day of the festival, show winds predicted at 10-20 mph, although the possibility for gusts again exists.<\/p>\n<p class=\"paragraph larva \/\/ lrv-u-margin-lr-auto  lrv-a-font-body-m\">\n\tEven if Anyma is shut out of appearing at Coachella this weekend, he is still on the agenda for the same slot during weekend 2, this coming Friday night.<\/p>\n<p class=\"paragraph larva \/\/ lrv-u-margin-lr-auto  lrv-a-font-body-m\">\n\tAnyma first gained popularity as one-half of the EDM duo Tale of Us. <\/p>\n<\/div>\n<p><br \/>\n<br \/><a href=\"https:\/\/variety.com\/2026\/music\/news\/anyma-canceled-coachella-set-1236719652\/\">Source link <\/a><\/p>","protected":false},"excerpt":{"rendered":"<p>Electronic musician Anyma is speaking out after his Coachella set was canceled due to severe weather condititions early Saturday morning.\u00a0 \u201cI\u2019m heartbroken,\u201d the DJ, whose real name is Matteo Milleri, wrote in a statement shared to his X account Saturday evening. \u201cI don\u2019t have many words other than to say I\u2019m truly devastated and deeply [&hellip;]<\/p>\n","protected":false},"author":1,"featured_media":105757,"comment_status":"closed","ping_status":"","sticky":false,"template":"","format":"standard","meta":{"googlesitekit_rrm_CAow2JLhCw:productID":"","_gspb_post_css":"","maa_idioma":"","maa_pais":"","footnotes":""},"categories":[1],"tags":[26781,9464,25310,14247,9558,3476],"class_list":["post-105756","post","type-post","status-publish","format-standard","has-post-thumbnail","hentry","category-ubirata","tag-anyma","tag-canceled","tag-coachella","tag-heartbroken","tag-hes","tag-set"],"blocksy_meta":[],"yoast_head":"<!-- This site is optimized with the Yoast SEO Premium plugin v27.6 (Yoast SEO v27.6) - https:\/\/yoast.com\/product\/yoast-seo-premium-wordpress\/ -->\n<title>Anyma Says He&#039;s &#039;Heartbroken&#039; Following Canceled Coachella Set - Ubirat\u00e3 Online Not\u00edcias - A realidade ao seu alcance!<\/title>\n<meta name=\"description\" content=\"Electronic musician Anyma is speaking out after his Coachella set was canceled due to severe weather condititions early Saturday morning.\u00a0 \u201cI\u2019m\" \/>\n<meta name=\"robots\" content=\"index, follow, max-snippet:-1, max-image-preview:large, max-video-preview:-1\" \/>\n<link rel=\"canonical\" href=\"https:\/\/ubirataonline.com.br\/en\/anyma-says-hes-heartbroken-following-canceled-coachella-set\/\" \/>\n<meta property=\"og:locale\" content=\"en_US\" \/>\n<meta property=\"og:type\" content=\"article\" \/>\n<meta property=\"og:title\" content=\"Anyma Says He&#039;s &#039;Heartbroken&#039; Following Canceled Coachella Set\" \/>\n<meta property=\"og:description\" content=\"Electronic musician Anyma is speaking out after his Coachella set was canceled due to severe weather condititions early Saturday morning.\u00a0 \u201cI\u2019m\" \/>\n<meta property=\"og:url\" content=\"https:\/\/ubirataonline.com.br\/en\/anyma-says-hes-heartbroken-following-canceled-coachella-set\/\" \/>\n<meta property=\"og:site_name\" content=\"Ubirat\u00e3 Online Not\u00edcias - A realidade ao seu alcance!\" \/>\n<meta property=\"article:publisher\" content=\"https:\/\/www.facebook.com\/portalubirataonline\" \/>\n<meta property=\"article:author\" content=\"https:\/\/www.facebook.com\/portalubirataonline\" \/>\n<meta property=\"article:published_time\" content=\"2026-04-13T06:56:26+00:00\" \/>\n<meta property=\"article:modified_time\" content=\"2026-04-13T06:56:32+00:00\" \/>\n<meta property=\"og:image\" content=\"https:\/\/ubirataonline.com.br\/wp-content\/uploads\/2026\/04\/Anyma-Says-Hes-Heartbroken-Following-Canceled-Coachella-Set.jpg\" \/>\n\t<meta property=\"og:image:width\" content=\"1000\" \/>\n\t<meta property=\"og:image:height\" content=\"563\" \/>\n\t<meta property=\"og:image:type\" content=\"image\/jpeg\" \/>\n<meta name=\"author\" content=\"REDA\u00c7\u00c3O: UBIRAT\u00c3 ONLINE - F\u00c1BIO AUGUSTO CELESTINO\" \/>\n<meta name=\"twitter:card\" content=\"summary_large_image\" \/>\n<meta name=\"twitter:creator\" content=\"@x.com\/ubirataonline\" \/>\n<meta name=\"twitter:site\" content=\"@ubirataonline\" \/>\n<meta name=\"twitter:label1\" content=\"Written by\" \/>\n\t<meta name=\"twitter:data1\" content=\"REDA\u00c7\u00c3O: UBIRAT\u00c3 ONLINE - F\u00c1BIO AUGUSTO CELESTINO\" \/>\n\t<meta name=\"twitter:label2\" content=\"Est. reading time\" \/>\n\t<meta name=\"twitter:data2\" content=\"2 minutes\" \/>\n<script type=\"application\/ld+json\" class=\"yoast-schema-graph\">{\"@context\":\"https:\\\/\\\/schema.org\",\"@graph\":[{\"@type\":\"NewsArticle\",\"@id\":\"https:\\\/\\\/ubirataonline.com.br\\\/anyma-says-hes-heartbroken-following-canceled-coachella-set\\\/#article\",\"isPartOf\":{\"@id\":\"https:\\\/\\\/ubirataonline.com.br\\\/anyma-says-hes-heartbroken-following-canceled-coachella-set\\\/\"},\"author\":{\"name\":\"REDA\u00c7\u00c3O: UBIRAT\u00c3 ONLINE - F\u00c1BIO AUGUSTO CELESTINO\",\"@id\":\"https:\\\/\\\/ubirataonline.com.br\\\/#\\\/schema\\\/person\\\/372f87bbd3fdd79b8556b84c98d0bc1c\"},\"headline\":\"Anyma Says He&#8217;s &#8216;Heartbroken&#8217; Following Canceled Coachella Set\",\"datePublished\":\"2026-04-13T06:56:26+00:00\",\"dateModified\":\"2026-04-13T06:56:32+00:00\",\"mainEntityOfPage\":{\"@id\":\"https:\\\/\\\/ubirataonline.com.br\\\/anyma-says-hes-heartbroken-following-canceled-coachella-set\\\/\"},\"wordCount\":408,\"publisher\":{\"@id\":\"https:\\\/\\\/ubirataonline.com.br\\\/#organization\"},\"image\":{\"@id\":\"https:\\\/\\\/ubirataonline.com.br\\\/anyma-says-hes-heartbroken-following-canceled-coachella-set\\\/#primaryimage\"},\"thumbnailUrl\":\"https:\\\/\\\/ubirataonline.com.br\\\/wp-content\\\/uploads\\\/2026\\\/04\\\/Anyma-Says-Hes-Heartbroken-Following-Canceled-Coachella-Set.jpg\",\"keywords\":[\"Anyma\",\"canceled\",\"Coachella\",\"Heartbroken\",\"Hes\",\"set\"],\"articleSection\":[\"Ubirat\u00e3\"],\"inLanguage\":\"en-US\",\"copyrightYear\":\"2026\",\"copyrightHolder\":{\"@id\":\"https:\\\/\\\/ubirataonline.com.br\\\/en\\\/#organization\"}},{\"@type\":\"WebPage\",\"@id\":\"https:\\\/\\\/ubirataonline.com.br\\\/anyma-says-hes-heartbroken-following-canceled-coachella-set\\\/\",\"url\":\"https:\\\/\\\/ubirataonline.com.br\\\/anyma-says-hes-heartbroken-following-canceled-coachella-set\\\/\",\"name\":\"Anyma Says He's 'Heartbroken' Following Canceled Coachella Set - Ubirat\u00e3 Online Not\u00edcias - A realidade ao seu alcance!\",\"isPartOf\":{\"@id\":\"https:\\\/\\\/ubirataonline.com.br\\\/#website\"},\"primaryImageOfPage\":{\"@id\":\"https:\\\/\\\/ubirataonline.com.br\\\/anyma-says-hes-heartbroken-following-canceled-coachella-set\\\/#primaryimage\"},\"image\":{\"@id\":\"https:\\\/\\\/ubirataonline.com.br\\\/anyma-says-hes-heartbroken-following-canceled-coachella-set\\\/#primaryimage\"},\"thumbnailUrl\":\"https:\\\/\\\/ubirataonline.com.br\\\/wp-content\\\/uploads\\\/2026\\\/04\\\/Anyma-Says-Hes-Heartbroken-Following-Canceled-Coachella-Set.jpg\",\"datePublished\":\"2026-04-13T06:56:26+00:00\",\"dateModified\":\"2026-04-13T06:56:32+00:00\",\"description\":\"Electronic musician Anyma is speaking out after his Coachella set was canceled due to severe weather condititions early Saturday morning.\u00a0 \u201cI\u2019m\",\"breadcrumb\":{\"@id\":\"https:\\\/\\\/ubirataonline.com.br\\\/anyma-says-hes-heartbroken-following-canceled-coachella-set\\\/#breadcrumb\"},\"inLanguage\":\"en-US\",\"potentialAction\":[{\"@type\":\"ReadAction\",\"target\":[\"https:\\\/\\\/ubirataonline.com.br\\\/anyma-says-hes-heartbroken-following-canceled-coachella-set\\\/\"]}]},{\"@type\":\"ImageObject\",\"inLanguage\":\"en-US\",\"@id\":\"https:\\\/\\\/ubirataonline.com.br\\\/anyma-says-hes-heartbroken-following-canceled-coachella-set\\\/#primaryimage\",\"url\":\"https:\\\/\\\/ubirataonline.com.br\\\/wp-content\\\/uploads\\\/2026\\\/04\\\/Anyma-Says-Hes-Heartbroken-Following-Canceled-Coachella-Set.jpg\",\"contentUrl\":\"https:\\\/\\\/ubirataonline.com.br\\\/wp-content\\\/uploads\\\/2026\\\/04\\\/Anyma-Says-Hes-Heartbroken-Following-Canceled-Coachella-Set.jpg\",\"width\":1000,\"height\":563,\"caption\":\"Getty Images for Coachella\"},{\"@type\":\"BreadcrumbList\",\"@id\":\"https:\\\/\\\/ubirataonline.com.br\\\/anyma-says-hes-heartbroken-following-canceled-coachella-set\\\/#breadcrumb\",\"itemListElement\":[{\"@type\":\"ListItem\",\"position\":1,\"name\":\"In\u00edcio\",\"item\":\"https:\\\/\\\/ubirataonline.com.br\\\/\"},{\"@type\":\"ListItem\",\"position\":2,\"name\":\"Anyma Says He&#8217;s &#8216;Heartbroken&#8217; Following Canceled Coachella Set\"}]},{\"@type\":\"WebSite\",\"@id\":\"https:\\\/\\\/ubirataonline.com.br\\\/#website\",\"url\":\"https:\\\/\\\/ubirataonline.com.br\\\/\",\"name\":\"Ubirat\u00e3 Online Not\u00edcias\",\"description\":\"Not\u00edcias de Ubirat\u00e3, regi\u00e3o, Brasil e mundo, com informa\u00e7\u00e3o atualizada e compromisso com o leitor.\",\"publisher\":{\"@id\":\"https:\\\/\\\/ubirataonline.com.br\\\/#organization\"},\"alternateName\":\"Ubirat\u00e3 Online\",\"potentialAction\":[{\"@type\":\"SearchAction\",\"target\":{\"@type\":\"EntryPoint\",\"urlTemplate\":\"https:\\\/\\\/ubirataonline.com.br\\\/?s={search_term_string}\"},\"query-input\":{\"@type\":\"PropertyValueSpecification\",\"valueRequired\":true,\"valueName\":\"search_term_string\"}}],\"inLanguage\":\"en-US\"},{\"@type\":[\"Organization\",\"Place\"],\"@id\":\"https:\\\/\\\/ubirataonline.com.br\\\/#organization\",\"name\":\"Ubirat\u00e3 Online Not\u00edcias\",\"alternateName\":\"Ubirat\u00e3 Online\",\"url\":\"https:\\\/\\\/ubirataonline.com.br\\\/\",\"logo\":{\"@id\":\"https:\\\/\\\/ubirataonline.com.br\\\/anyma-says-hes-heartbroken-following-canceled-coachella-set\\\/#local-main-organization-logo\"},\"image\":{\"@id\":\"https:\\\/\\\/ubirataonline.com.br\\\/anyma-says-hes-heartbroken-following-canceled-coachella-set\\\/#local-main-organization-logo\"},\"sameAs\":[\"https:\\\/\\\/www.facebook.com\\\/portalubirataonline\",\"https:\\\/\\\/x.com\\\/ubirataonline\",\"https:\\\/\\\/mastodon.social\\\/@ubirataonline\",\"https:\\\/\\\/www.facebook.com\\\/groups\\\/311144672285604\",\"https:\\\/\\\/www.facebook.com\\\/UBTAOnline\",\"https:\\\/\\\/www.instagram.com\\\/portalubirataonline\\\/\",\"https:\\\/\\\/twitter.com\\\/ubirataonline\"],\"description\":\"Somos um portal de not\u00edcias independente, criado em 5 de janeiro de 2009, com o objetivo de informar, conectar e valorizar a nossa comunidade de Ubirat\u00e3 e toda aregi\u00e3o. Com conte\u00fado atualizado, confi\u00e1vel e relevante, o Ubirat\u00e3 Online \u00e9 o seu espa\u00e7o para ficar por dentro dos principais acontecimentos locais, regionais, Brasil, Mundo e de interesse geral. Nosso compromisso \u00e9 com a verdade, a transpar\u00eancia e o respeito ao leitor.\",\"legalName\":\"UBIRATA ONLINE NOT\u00cdCIAS\",\"foundingDate\":\"2009-01-05\",\"numberOfEmployees\":{\"@type\":\"QuantitativeValue\",\"minValue\":\"1\",\"maxValue\":\"10\"},\"publishingPrinciples\":\"https:\\\/\\\/ubirataonline.com.br\\\/faq\\\/\",\"address\":{\"@id\":\"https:\\\/\\\/ubirataonline.com.br\\\/anyma-says-hes-heartbroken-following-canceled-coachella-set\\\/#local-main-place-address\"},\"geo\":{\"@type\":\"GeoCoordinates\",\"latitude\":\"-24.5361401\",\"longitude\":\"-52.9921776\"},\"telephone\":[\"+5544998308235\"],\"contactPoint\":{\"@type\":\"ContactPoint\",\"email\":\"contato@ubirataonline.com.br\"},\"openingHoursSpecification\":{\"@type\":\"OpeningHoursSpecification\",\"dayOfWeek\":[\"Monday\",\"Tuesday\",\"Wednesday\",\"Thursday\",\"Friday\",\"Saturday\",\"Sunday\"],\"opens\":\"00:00\",\"closes\":\"23:59\"},\"email\":\"contato@ubirataonline.com.br\",\"vatID\":\"47.621.418\\\/0001-80\"},{\"@type\":\"Person\",\"@id\":\"https:\\\/\\\/ubirataonline.com.br\\\/#\\\/schema\\\/person\\\/372f87bbd3fdd79b8556b84c98d0bc1c\",\"name\":\"REDA\u00c7\u00c3O: UBIRAT\u00c3 ONLINE - F\u00c1BIO AUGUSTO CELESTINO\",\"pronouns\":\"Ele\",\"description\":\"Desde 2003 trabalhando com not\u00edcias.\",\"sameAs\":[\"http:\\\/\\\/ubirataoline.com.br\",\"https:\\\/\\\/www.facebook.com\\\/portalubirataonline\",\"https:\\\/\\\/www.instagram.com\\\/ubirataonline_oficial\",\"https:\\\/\\\/x.com\\\/x.com\\\/ubirataonline\"],\"honorificPrefix\":\"Mr.\",\"honorificSuffix\":\"MD\",\"birthDate\":\"1980-06-16\",\"gender\":\"masculino\",\"award\":[\"V\u00e1rios pr\u00eamios de melhor portal da cidade\"],\"jobTitle\":\"Diretor\",\"url\":\"https:\\\/\\\/ubirataonline.com.br\\\/en\\\/author\\\/ubirataonline\\\/\"},{\"@type\":\"PostalAddress\",\"@id\":\"https:\\\/\\\/ubirataonline.com.br\\\/anyma-says-hes-heartbroken-following-canceled-coachella-set\\\/#local-main-place-address\",\"streetAddress\":\"Rua dos Coqueiros, 104 - Bairro Boa Vista, Rua dos Coqueiros, 104 Bairro Boa Vista\",\"addressLocality\":\"UBIRATA\",\"postalCode\":\"85440-000\",\"addressRegion\":\"PR\",\"addressCountry\":\"BR\"},{\"@type\":\"ImageObject\",\"inLanguage\":\"en-US\",\"@id\":\"https:\\\/\\\/ubirataonline.com.br\\\/anyma-says-hes-heartbroken-following-canceled-coachella-set\\\/#local-main-organization-logo\",\"url\":\"https:\\\/\\\/ubirataonline.com.br\\\/wp-content\\\/uploads\\\/2026\\\/06\\\/logoubirataonline-1.webp\",\"contentUrl\":\"https:\\\/\\\/ubirataonline.com.br\\\/wp-content\\\/uploads\\\/2026\\\/06\\\/logoubirataonline-1.webp\",\"width\":500,\"height\":500,\"caption\":\"Ubirat\u00e3 Online Not\u00edcias\"}]}<\/script>\n<meta name=\"geo.placename\" content=\"UBIRATA\" \/>\n<meta name=\"geo.position\" content=\"-24.5361401;-52.9921776\" \/>\n<meta name=\"geo.region\" content=\"Brazil\" \/>\n<!-- \/ Yoast SEO Premium plugin. -->","yoast_head_json":{"title":"Anyma Says He's 'Heartbroken' Following Canceled Coachella Set - Ubirat\u00e3 Online Not\u00edcias - A realidade ao seu alcance!","description":"Electronic musician Anyma is speaking out after his Coachella set was canceled due to severe weather condititions early Saturday morning.\u00a0 \u201cI\u2019m","robots":{"index":"index","follow":"follow","max-snippet":"max-snippet:-1","max-image-preview":"max-image-preview:large","max-video-preview":"max-video-preview:-1"},"canonical":"https:\/\/ubirataonline.com.br\/en\/anyma-says-hes-heartbroken-following-canceled-coachella-set\/","og_locale":"en_US","og_type":"article","og_title":"Anyma Says He's 'Heartbroken' Following Canceled Coachella Set","og_description":"Electronic musician Anyma is speaking out after his Coachella set was canceled due to severe weather condititions early Saturday morning.\u00a0 \u201cI\u2019m","og_url":"https:\/\/ubirataonline.com.br\/en\/anyma-says-hes-heartbroken-following-canceled-coachella-set\/","og_site_name":"Ubirat\u00e3 Online Not\u00edcias - A realidade ao seu alcance!","article_publisher":"https:\/\/www.facebook.com\/portalubirataonline","article_author":"https:\/\/www.facebook.com\/portalubirataonline","article_published_time":"2026-04-13T06:56:26+00:00","article_modified_time":"2026-04-13T06:56:32+00:00","og_image":[{"width":1000,"height":563,"url":"https:\/\/ubirataonline.com.br\/wp-content\/uploads\/2026\/04\/Anyma-Says-Hes-Heartbroken-Following-Canceled-Coachella-Set.jpg","type":"image\/jpeg"}],"author":"REDA\u00c7\u00c3O: UBIRAT\u00c3 ONLINE - F\u00c1BIO AUGUSTO CELESTINO","twitter_card":"summary_large_image","twitter_creator":"@x.com\/ubirataonline","twitter_site":"@ubirataonline","twitter_misc":{"Written by":"REDA\u00c7\u00c3O: UBIRAT\u00c3 ONLINE - F\u00c1BIO AUGUSTO CELESTINO","Est. reading time":"2 minutes"},"schema":{"@context":"https:\/\/schema.org","@graph":[{"@type":"NewsArticle","@id":"https:\/\/ubirataonline.com.br\/anyma-says-hes-heartbroken-following-canceled-coachella-set\/#article","isPartOf":{"@id":"https:\/\/ubirataonline.com.br\/anyma-says-hes-heartbroken-following-canceled-coachella-set\/"},"author":{"name":"REDA\u00c7\u00c3O: UBIRAT\u00c3 ONLINE - F\u00c1BIO AUGUSTO CELESTINO","@id":"https:\/\/ubirataonline.com.br\/#\/schema\/person\/372f87bbd3fdd79b8556b84c98d0bc1c"},"headline":"Anyma Says He&#8217;s &#8216;Heartbroken&#8217; Following Canceled Coachella Set","datePublished":"2026-04-13T06:56:26+00:00","dateModified":"2026-04-13T06:56:32+00:00","mainEntityOfPage":{"@id":"https:\/\/ubirataonline.com.br\/anyma-says-hes-heartbroken-following-canceled-coachella-set\/"},"wordCount":408,"publisher":{"@id":"https:\/\/ubirataonline.com.br\/#organization"},"image":{"@id":"https:\/\/ubirataonline.com.br\/anyma-says-hes-heartbroken-following-canceled-coachella-set\/#primaryimage"},"thumbnailUrl":"https:\/\/ubirataonline.com.br\/wp-content\/uploads\/2026\/04\/Anyma-Says-Hes-Heartbroken-Following-Canceled-Coachella-Set.jpg","keywords":["Anyma","canceled","Coachella","Heartbroken","Hes","set"],"articleSection":["Ubirat\u00e3"],"inLanguage":"en-US","copyrightYear":"2026","copyrightHolder":{"@id":"https:\/\/ubirataonline.com.br\/en\/#organization"}},{"@type":"WebPage","@id":"https:\/\/ubirataonline.com.br\/anyma-says-hes-heartbroken-following-canceled-coachella-set\/","url":"https:\/\/ubirataonline.com.br\/anyma-says-hes-heartbroken-following-canceled-coachella-set\/","name":"Anyma Says He's 'Heartbroken' Following Canceled Coachella Set - Ubirat\u00e3 Online Not\u00edcias - A realidade ao seu alcance!","isPartOf":{"@id":"https:\/\/ubirataonline.com.br\/#website"},"primaryImageOfPage":{"@id":"https:\/\/ubirataonline.com.br\/anyma-says-hes-heartbroken-following-canceled-coachella-set\/#primaryimage"},"image":{"@id":"https:\/\/ubirataonline.com.br\/anyma-says-hes-heartbroken-following-canceled-coachella-set\/#primaryimage"},"thumbnailUrl":"https:\/\/ubirataonline.com.br\/wp-content\/uploads\/2026\/04\/Anyma-Says-Hes-Heartbroken-Following-Canceled-Coachella-Set.jpg","datePublished":"2026-04-13T06:56:26+00:00","dateModified":"2026-04-13T06:56:32+00:00","description":"Electronic musician Anyma is speaking out after his Coachella set was canceled due to severe weather condititions early Saturday morning.\u00a0 \u201cI\u2019m","breadcrumb":{"@id":"https:\/\/ubirataonline.com.br\/anyma-says-hes-heartbroken-following-canceled-coachella-set\/#breadcrumb"},"inLanguage":"en-US","potentialAction":[{"@type":"ReadAction","target":["https:\/\/ubirataonline.com.br\/anyma-says-hes-heartbroken-following-canceled-coachella-set\/"]}]},{"@type":"ImageObject","inLanguage":"en-US","@id":"https:\/\/ubirataonline.com.br\/anyma-says-hes-heartbroken-following-canceled-coachella-set\/#primaryimage","url":"https:\/\/ubirataonline.com.br\/wp-content\/uploads\/2026\/04\/Anyma-Says-Hes-Heartbroken-Following-Canceled-Coachella-Set.jpg","contentUrl":"https:\/\/ubirataonline.com.br\/wp-content\/uploads\/2026\/04\/Anyma-Says-Hes-Heartbroken-Following-Canceled-Coachella-Set.jpg","width":1000,"height":563,"caption":"Getty Images for Coachella"},{"@type":"BreadcrumbList","@id":"https:\/\/ubirataonline.com.br\/anyma-says-hes-heartbroken-following-canceled-coachella-set\/#breadcrumb","itemListElement":[{"@type":"ListItem","position":1,"name":"In\u00edcio","item":"https:\/\/ubirataonline.com.br\/"},{"@type":"ListItem","position":2,"name":"Anyma Says He&#8217;s &#8216;Heartbroken&#8217; Following Canceled Coachella Set"}]},{"@type":"WebSite","@id":"https:\/\/ubirataonline.com.br\/#website","url":"https:\/\/ubirataonline.com.br\/","name":"Ubirat\u00e3 Online Not\u00edcias","description":"Not\u00edcias de Ubirat\u00e3, regi\u00e3o, Brasil e mundo, com informa\u00e7\u00e3o atualizada e compromisso com o leitor.","publisher":{"@id":"https:\/\/ubirataonline.com.br\/#organization"},"alternateName":"Ubirat\u00e3 Online","potentialAction":[{"@type":"SearchAction","target":{"@type":"EntryPoint","urlTemplate":"https:\/\/ubirataonline.com.br\/?s={search_term_string}"},"query-input":{"@type":"PropertyValueSpecification","valueRequired":true,"valueName":"search_term_string"}}],"inLanguage":"en-US"},{"@type":["Organization","Place"],"@id":"https:\/\/ubirataonline.com.br\/#organization","name":"Ubirat\u00e3 Online Not\u00edcias","alternateName":"Ubirat\u00e3 Online","url":"https:\/\/ubirataonline.com.br\/","logo":{"@id":"https:\/\/ubirataonline.com.br\/anyma-says-hes-heartbroken-following-canceled-coachella-set\/#local-main-organization-logo"},"image":{"@id":"https:\/\/ubirataonline.com.br\/anyma-says-hes-heartbroken-following-canceled-coachella-set\/#local-main-organization-logo"},"sameAs":["https:\/\/www.facebook.com\/portalubirataonline","https:\/\/x.com\/ubirataonline","https:\/\/mastodon.social\/@ubirataonline","https:\/\/www.facebook.com\/groups\/311144672285604","https:\/\/www.facebook.com\/UBTAOnline","https:\/\/www.instagram.com\/portalubirataonline\/","https:\/\/twitter.com\/ubirataonline"],"description":"Somos um portal de not\u00edcias independente, criado em 5 de janeiro de 2009, com o objetivo de informar, conectar e valorizar a nossa comunidade de Ubirat\u00e3 e toda aregi\u00e3o. Com conte\u00fado atualizado, confi\u00e1vel e relevante, o Ubirat\u00e3 Online \u00e9 o seu espa\u00e7o para ficar por dentro dos principais acontecimentos locais, regionais, Brasil, Mundo e de interesse geral. Nosso compromisso \u00e9 com a verdade, a transpar\u00eancia e o respeito ao leitor.","legalName":"UBIRATA ONLINE NOT\u00cdCIAS","foundingDate":"2009-01-05","numberOfEmployees":{"@type":"QuantitativeValue","minValue":"1","maxValue":"10"},"publishingPrinciples":"https:\/\/ubirataonline.com.br\/faq\/","address":{"@id":"https:\/\/ubirataonline.com.br\/anyma-says-hes-heartbroken-following-canceled-coachella-set\/#local-main-place-address"},"geo":{"@type":"GeoCoordinates","latitude":"-24.5361401","longitude":"-52.9921776"},"telephone":["+5544998308235"],"contactPoint":{"@type":"ContactPoint","email":"contato@ubirataonline.com.br"},"openingHoursSpecification":{"@type":"OpeningHoursSpecification","dayOfWeek":["Monday","Tuesday","Wednesday","Thursday","Friday","Saturday","Sunday"],"opens":"00:00","closes":"23:59"},"email":"contato@ubirataonline.com.br","vatID":"47.621.418\/0001-80"},{"@type":"Person","@id":"https:\/\/ubirataonline.com.br\/#\/schema\/person\/372f87bbd3fdd79b8556b84c98d0bc1c","name":"REDA\u00c7\u00c3O: UBIRAT\u00c3 ONLINE - F\u00c1BIO AUGUSTO CELESTINO","pronouns":"Ele","description":"Desde 2003 trabalhando com not\u00edcias.","sameAs":["http:\/\/ubirataoline.com.br","https:\/\/www.facebook.com\/portalubirataonline","https:\/\/www.instagram.com\/ubirataonline_oficial","https:\/\/x.com\/x.com\/ubirataonline"],"honorificPrefix":"Mr.","honorificSuffix":"MD","birthDate":"1980-06-16","gender":"masculino","award":["V\u00e1rios pr\u00eamios de melhor portal da cidade"],"jobTitle":"Diretor","url":"https:\/\/ubirataonline.com.br\/en\/author\/ubirataonline\/"},{"@type":"PostalAddress","@id":"https:\/\/ubirataonline.com.br\/anyma-says-hes-heartbroken-following-canceled-coachella-set\/#local-main-place-address","streetAddress":"Rua dos Coqueiros, 104 - Bairro Boa Vista, Rua dos Coqueiros, 104 Bairro Boa Vista","addressLocality":"UBIRATA","postalCode":"85440-000","addressRegion":"PR","addressCountry":"BR"},{"@type":"ImageObject","inLanguage":"en-US","@id":"https:\/\/ubirataonline.com.br\/anyma-says-hes-heartbroken-following-canceled-coachella-set\/#local-main-organization-logo","url":"https:\/\/ubirataonline.com.br\/wp-content\/uploads\/2026\/06\/logoubirataonline-1.webp","contentUrl":"https:\/\/ubirataonline.com.br\/wp-content\/uploads\/2026\/06\/logoubirataonline-1.webp","width":500,"height":500,"caption":"Ubirat\u00e3 Online Not\u00edcias"}]},"geo.placename":"UBIRATA","geo.position":{"lat":"-24.5361401","long":"-52.9921776"},"geo.region":"Brazil"},"_links":{"self":[{"href":"https:\/\/ubirataonline.com.br\/en\/wp-json\/wp\/v2\/posts\/105756","targetHints":{"allow":["GET"]}}],"collection":[{"href":"https:\/\/ubirataonline.com.br\/en\/wp-json\/wp\/v2\/posts"}],"about":[{"href":"https:\/\/ubirataonline.com.br\/en\/wp-json\/wp\/v2\/types\/post"}],"author":[{"embeddable":true,"href":"https:\/\/ubirataonline.com.br\/en\/wp-json\/wp\/v2\/users\/1"}],"replies":[{"embeddable":true,"href":"https:\/\/ubirataonline.com.br\/en\/wp-json\/wp\/v2\/comments?post=105756"}],"version-history":[{"count":0,"href":"https:\/\/ubirataonline.com.br\/en\/wp-json\/wp\/v2\/posts\/105756\/revisions"}],"wp:featuredmedia":[{"embeddable":true,"href":"https:\/\/ubirataonline.com.br\/en\/wp-json\/wp\/v2\/media\/105757"}],"wp:attachment":[{"href":"https:\/\/ubirataonline.com.br\/en\/wp-json\/wp\/v2\/media?parent=105756"}],"wp:term":[{"taxonomy":"category","embeddable":true,"href":"https:\/\/ubirataonline.com.br\/en\/wp-json\/wp\/v2\/categories?post=105756"},{"taxonomy":"post_tag","embeddable":true,"href":"https:\/\/ubirataonline.com.br\/en\/wp-json\/wp\/v2\/tags?post=105756"}],"curies":[{"name":"wp","href":"https:\/\/api.w.org\/{rel}","templated":true}]}}