{"id":105818,"date":"2026-04-13T06:14:27","date_gmt":"2026-04-13T09:14:27","guid":{"rendered":"https:\/\/ubirataonline.com.br\/proposta-de-delacao-de-vorcaro-tera-ressarcimento-a-fundos-de-pensao\/"},"modified":"2026-04-13T06:14:45","modified_gmt":"2026-04-13T09:14:45","slug":"proposta-de-delacao-de-vorcaro-tera-ressarcimento-a-fundos-de-pensao","status":"publish","type":"post","link":"https:\/\/ubirataonline.com.br\/en\/proposta-de-delacao-de-vorcaro-tera-ressarcimento-a-fundos-de-pensao\/","title":{"rendered":"Proposta de dela\u00e7\u00e3o de Vorcaro ter\u00e1 ressarcimento a fundos de pens\u00e3o"},"content":{"rendered":"<p><\/p>\n<div data-block-type=\"unstyled\" data-block-weight=\"50\">\n<p class=\"content-text__container theme-color-primary-first-letter\" data-track-category=\"Link no Texto\" data-track-links=\"\"> Entre as muitas incertezas que rondam o acordo de colabora\u00e7\u00e3o premiada do executivo <a class=\"\" href=\"https:\/\/oglobo.globo.com\/tudo-sobre\/personalidade\/daniel-vorcaro\/\">Daniel Vorcaro<\/a>, desde a sua disposi\u00e7\u00e3o de efetivamente ajudar nas investiga\u00e7\u00f5es at\u00e9 as chances de incriminar ministros do Supremo Tribunal Federal (<a class=\"\" href=\"https:\/\/oglobo.globo.com\/tudo-sobre\/instituicao-governamental\/stf\">STF<\/a>), pelo menos um ponto tem sido assegurado por diferentes atores que participam ativamente das negocia\u00e7\u00f5es. <\/p>\n<\/p><\/div>\n<div data-block-type=\"unstyled\" data-block-weight=\"44\">\n<p class=\"content-text__container\" data-track-category=\"Link no Texto\" data-track-links=\"\"> \u00c9 a disposi\u00e7\u00e3o de Vorcaro em devolver valor suficiente para cobrir os rombos nas previd\u00eancias estaduais e municipais. \u201cA proposta dele vai incluir o ressarcimento de todos os fundos de pens\u00e3o\u201d, disse ao blog uma fonte a par das discuss\u00f5es ouvida em car\u00e1ter reservado. <\/p>\n<\/p><\/div>\n<div data-block-type=\"unstyled\" data-block-weight=\"85\">\n<p class=\"content-text__container\" data-track-category=\"Link no Texto\" data-track-links=\"\"> O valor total do rombo nesses fundos ainda n\u00e3o foi calculado, mas passa dos R$ 3 bilh\u00f5es. De acordo com o Minist\u00e9rio da Previd\u00eancia Social, pelo menos tr\u00eas Estados e 15 cidades do pa\u00eds investiram um total R$ 1,87 bilh\u00e3o em letras financeiras emitidas pelo banco de Daniel Vorcaro entre outubro de 2023 e dezembro de 2024. Mas alguns fundos, como o Rioprevid\u00eancia, tamb\u00e9m compraram outros tipos de pap\u00e9is do banco. No caso do fundo fluminense, o aporte total foi de R$ 2,6 bilh\u00f5es. <\/p>\n<\/p><\/div>\n<div data-block-type=\"unstyled\" data-block-weight=\"39\">\n<p class=\"content-text__container\" data-track-category=\"Link no Texto\" data-track-links=\"\"> Depois do Rio, o maior aporte foi do fundo de pens\u00e3o do Amap\u00e1, feudo eleitoral do presidente do Senado, <a class=\"\" href=\"https:\/\/oglobo.globo.com\/tudo-sobre\/politico\/davi-alcolumbre\">Davi Alcolumbre<\/a> (<a class=\"\" href=\"https:\/\/oglobo.globo.com\/tudo-sobre\/partido-politico\/uniao-brasil\/\">Uni\u00e3o Brasil<\/a>-AP), que aplicou R$ 400 milh\u00f5es no Master. J\u00e1 o Estado do Amazonas investiu R$ 50 milh\u00f5es. <\/p>\n<\/p><\/div>\n<div data-block-type=\"unstyled\" data-block-weight=\"59\">\n<p class=\"content-text__container\" data-track-category=\"Link no Texto\" data-track-links=\"\"> As letras financeiras s\u00e3o t\u00edtulos de renda fixa de alto risco, pois n\u00e3o contam com a prote\u00e7\u00e3o do Fundo Garantidor de Cr\u00e9ditos (FGC). Ou seja: se o banco falhar no pagamento, declarar fal\u00eancia ou for liquidado pelo <a class=\"\" href=\"https:\/\/oglobo.globo.com\/tudo-sobre\/instituicao-governamental\/banco-central-do-brasil\">Banco Central<\/a> \u2014 como aconteceu com o Master em novembro do ano passado \u2014, o investidor fica sem ressarcimento do dinheiro aplicado. <\/p>\n<\/p><\/div>\n<div data-block-type=\"unstyled\" data-block-weight=\"30\">\n<p class=\"content-text__container\" data-track-category=\"Link no Texto\" data-track-links=\"\"> Como a proposta do dono do Master ainda n\u00e3o \u00e9 conhecida, n\u00e3o se sabe exatamente quanto ele est\u00e1 disposto a entregar, e nem quanto os investigadores v\u00e3o considerar razo\u00e1vel. <\/p>\n<\/p><\/div>\n<div data-block-type=\"unstyled\" data-block-weight=\"30\">\n<p class=\"content-text__container\" data-track-category=\"Link no Texto\" data-track-links=\"\"> O valor do ressarcimento e da multa a ser paga pelo ex-banqueiro em um acordo de colabora\u00e7\u00e3o premiada \u00e9 um dos principais \u201cn\u00f3s\u201d para se chegar a um acordo. <\/p>\n<\/p><\/div>\n<div data-block-type=\"unstyled\" data-block-weight=\"29\">\n<p class=\"content-text__container\" data-track-category=\"Link no Texto\" data-track-links=\"\"> Ele, por sua vez, tem pressa em se acertar com os investigadores, porque teme que o dinheiro escondido nas contas secretas ao redor do mundo <a class=\"\" href=\"https:\/\/oglobo.globo.com\/blogs\/malu-gaspar\/post\/2026\/04\/master-a-razao-bilionaria-para-vorcaro-ter-pressa-em-fechar-uma-delacao-premiada.ghtml\"><strong>esteja sendo depenado<\/strong><\/a>. <\/p>\n<\/p><\/div>\n<div data-block-type=\"unstyled\" data-block-weight=\"17\">\n<p class=\"content-text__container\" data-track-category=\"Link no Texto\" data-track-links=\"\"> As investiga\u00e7\u00f5es da <a class=\"\" href=\"https:\/\/oglobo.globo.com\/tudo-sobre\/instituicao-governamental\/policia-federal\">Pol\u00edcia Federal<\/a> j\u00e1 mostraram que o esquema criminoso de Vorcaro tinha ampla capilaridade nacional. <\/p>\n<\/p><\/div>\n<div data-block-type=\"unstyled\" data-block-weight=\"56\">\n<p class=\"content-text__container\" data-track-category=\"Link no Texto\" data-track-links=\"\"> Conforme informou o blog, as investiga\u00e7\u00f5es sobre irregularidades na compra de quase R$ 1 bilh\u00e3o em letras financeiras do Master pelo Rioprevid\u00eancia, o fundo de pens\u00e3o do estado do Rio, apontam uma <a class=\"\" href=\"https:\/\/oglobo.globo.com\/blogs\/malu-gaspar\/post\/2026\/02\/rioprevidencia-aportes-multimilionarios-no-master-foram-aprovados-em-tempo-recorde-diz-pf.ghtml\"><strong>rapidez at\u00edpica da c\u00fapula do fundo<\/strong><\/a> para credenciar o banco de Vorcaro e liberar o primeiro aporte de R$ 100 milh\u00f5es, em 2023. <\/p>\n<\/p><\/div>\n<div data-block-type=\"unstyled\" data-block-weight=\"28\">\n<p class=\"content-text__container\" data-track-category=\"Link no Texto\" data-track-links=\"\"> Todo o processo durou menos de um m\u00eas e foi agilizado com a ajuda do ent\u00e3o diretor-presidente, Deivis Marcon Antunes, preso pela Pol\u00edcia Federal em fevereiro deste ano. <\/p>\n<\/p><\/div>\n<div data-block-type=\"unstyled\" data-block-weight=\"35\">\n<p class=\"content-text__container\" data-track-category=\"Link no Texto\" data-track-links=\"\"> A inje\u00e7\u00e3o de dinheiro na institui\u00e7\u00e3o de Vorcaro ocorreu sem consulta ao comit\u00ea de investimentos, que s\u00f3 se reuniu em 30 de novembro de 2023 \u2013 um m\u00eas ap\u00f3s a compra expressiva de letras financeiras. <\/p>\n<\/p><\/div>\n<div data-block-type=\"unstyled\" data-block-weight=\"11\">\n<p class=\"content-text__container\" data-track-category=\"Link no Texto\" data-track-links=\"\"> No Amap\u00e1 de Davi Alcolumbre, um roteiro parecido se repetiu. <\/p>\n<\/p><\/div>\n<div data-block-type=\"unstyled\" data-block-weight=\"59\">\n<p class=\"content-text__container\" data-track-category=\"Link no Texto\" data-track-links=\"\"> O presidente afastado da Amap\u00e1 Previd\u00eancia (Amprev), Jocildo Lemos, e o conselheiro Jos\u00e9 Milton Gon\u00e7alves for\u00e7aram o comit\u00ea de investimentos do fundo de pens\u00e3o a aprovar um aporte de R$ 100 milh\u00f5es no Master, apesar da resist\u00eancia dos outros conselheiros, preocupados com um parecer t\u00e9cnico da Caixa Econ\u00f4mica Federal que apontava o alto risco de solv\u00eancia do banco. <\/p>\n<\/p><\/div>\n<div data-block-type=\"unstyled\" data-block-weight=\"37\">\n<p class=\"content-text__container\" data-track-category=\"Link no Texto\" data-track-links=\"\"> Os dois foram indicados para os cargos com o apoio de Alcolumbre, que trabalha nos bastidores contra a instala\u00e7\u00e3o da CPI do Banco Master, temendo a abertura de uma nova frente de investiga\u00e7\u00e3o em pleno ano eleitoral. <\/p>\n<\/p><\/div>\n<div data-block-type=\"unstyled\" data-block-weight=\"46\">\n<p class=\"content-text__container\" data-track-category=\"Link no Texto\" data-track-links=\"\"> Uma auditoria realizada pelo Minist\u00e9rio da Previd\u00eancia Social sobre a compra de R$ 400 milh\u00f5es em letras financeiras do Master pela Amprev concluiu que a autarquia e fundos de pens\u00e3o de diferentes munic\u00edpios brasileiros terceirizaram \u201cindevidamente\u201d a habilita\u00e7\u00e3o do Master para receber investimentos dos fundos. <\/p>\n<\/p><\/div>\n<div data-block-type=\"unstyled\" data-block-weight=\"32\">\n<p class=\"content-text__container\" data-track-category=\"Link no Texto\" data-track-links=\"\"> De acordo com o documento sigiloso obtido pela equipe da coluna, em pelo menos tr\u00eas outras cidades de diferentes estados os documentos em que os \u00f3rg\u00e3os avalizaram o Master eram id\u00eanticos. <\/p>\n<\/p><\/div>\n<p><a href=\"https:\/\/oglobo.globo.com\/blogs\/malu-gaspar\/post\/2026\/04\/master-proposta-de-delacao-de-vorcaro-tera-ressarcimento-a-fundos-de-pensao.ghtml\">Fonte do Artigo <\/a><\/p>","protected":false},"excerpt":{"rendered":"<p>Entre as muitas incertezas que rondam o acordo de colabora\u00e7\u00e3o premiada do executivo Daniel Vorcaro, desde a sua disposi\u00e7\u00e3o de efetivamente ajudar nas investiga\u00e7\u00f5es at\u00e9 as chances de incriminar ministros do Supremo Tribunal Federal (STF), pelo menos um ponto tem sido assegurado por diferentes atores que participam ativamente das negocia\u00e7\u00f5es. \u00c9 a disposi\u00e7\u00e3o de Vorcaro [&hellip;]<\/p>\n","protected":false},"author":1,"featured_media":105819,"comment_status":"closed","ping_status":"","sticky":false,"template":"","format":"standard","meta":{"googlesitekit_rrm_CAow2JLhCw:productID":"","_gspb_post_css":"","maa_idioma":"","maa_pais":"","footnotes":""},"categories":[4],"tags":[23259,15378,10909,8951,13994,3880,7479],"class_list":["post-105818","post","type-post","status-publish","format-standard","has-post-thumbnail","hentry","category-brasil","tag-delacao","tag-fundos","tag-pensao","tag-proposta","tag-ressarcimento","tag-tera","tag-vorcaro"],"blocksy_meta":[],"yoast_head":"<!-- This site is optimized with the Yoast SEO Premium plugin v27.6 (Yoast SEO v27.6) - https:\/\/yoast.com\/product\/yoast-seo-premium-wordpress\/ -->\n<title>Proposta de dela\u00e7\u00e3o de Vorcaro ter\u00e1 ressarcimento a fundos de pens\u00e3o - Ubirat\u00e3 Online Not\u00edcias - A realidade ao seu alcance!<\/title>\n<meta name=\"description\" content=\"Entre as muitas incertezas que rondam o acordo de colabora\u00e7\u00e3o premiada do executivo Daniel Vorcaro, desde a sua disposi\u00e7\u00e3o de efetivamente ajudar nas\" \/>\n<meta name=\"robots\" content=\"index, follow, max-snippet:-1, max-image-preview:large, max-video-preview:-1\" \/>\n<link rel=\"canonical\" href=\"https:\/\/ubirataonline.com.br\/en\/proposta-de-delacao-de-vorcaro-tera-ressarcimento-a-fundos-de-pensao\/\" \/>\n<meta property=\"og:locale\" content=\"en_US\" \/>\n<meta property=\"og:type\" content=\"article\" \/>\n<meta property=\"og:title\" content=\"Proposta de dela\u00e7\u00e3o de Vorcaro ter\u00e1 ressarcimento a fundos de pens\u00e3o\" \/>\n<meta property=\"og:description\" content=\"Entre as muitas incertezas que rondam o acordo de colabora\u00e7\u00e3o premiada do executivo Daniel Vorcaro, desde a sua disposi\u00e7\u00e3o de efetivamente ajudar nas\" \/>\n<meta property=\"og:url\" content=\"https:\/\/ubirataonline.com.br\/en\/proposta-de-delacao-de-vorcaro-tera-ressarcimento-a-fundos-de-pensao\/\" \/>\n<meta property=\"og:site_name\" content=\"Ubirat\u00e3 Online Not\u00edcias - A realidade ao seu alcance!\" \/>\n<meta property=\"article:publisher\" content=\"https:\/\/www.facebook.com\/portalubirataonline\" \/>\n<meta property=\"article:author\" content=\"https:\/\/www.facebook.com\/portalubirataonline\" \/>\n<meta property=\"article:published_time\" content=\"2026-04-13T09:14:27+00:00\" \/>\n<meta property=\"article:modified_time\" content=\"2026-04-13T09:14:45+00:00\" \/>\n<meta property=\"og:image\" content=\"https:\/\/ubirataonline.com.br\/wp-content\/uploads\/2026\/04\/Proposta-de-delacao-de-Vorcaro-tera-ressarcimento-a-fundos-de.png\" \/>\n\t<meta property=\"og:image:width\" content=\"2000\" \/>\n\t<meta property=\"og:image:height\" content=\"1194\" \/>\n\t<meta property=\"og:image:type\" content=\"image\/png\" \/>\n<meta name=\"author\" content=\"REDA\u00c7\u00c3O: UBIRAT\u00c3 ONLINE - F\u00c1BIO AUGUSTO CELESTINO\" \/>\n<meta name=\"twitter:card\" content=\"summary_large_image\" \/>\n<meta name=\"twitter:creator\" content=\"@x.com\/ubirataonline\" \/>\n<meta name=\"twitter:site\" content=\"@ubirataonline\" \/>\n<meta name=\"twitter:label1\" content=\"Written by\" \/>\n\t<meta name=\"twitter:data1\" content=\"REDA\u00c7\u00c3O: UBIRAT\u00c3 ONLINE - F\u00c1BIO AUGUSTO CELESTINO\" \/>\n\t<meta name=\"twitter:label2\" content=\"Est. reading time\" \/>\n\t<meta name=\"twitter:data2\" content=\"4 minutes\" \/>\n<script type=\"application\/ld+json\" class=\"yoast-schema-graph\">{\"@context\":\"https:\\\/\\\/schema.org\",\"@graph\":[{\"@type\":\"NewsArticle\",\"@id\":\"https:\\\/\\\/ubirataonline.com.br\\\/proposta-de-delacao-de-vorcaro-tera-ressarcimento-a-fundos-de-pensao\\\/#article\",\"isPartOf\":{\"@id\":\"https:\\\/\\\/ubirataonline.com.br\\\/proposta-de-delacao-de-vorcaro-tera-ressarcimento-a-fundos-de-pensao\\\/\"},\"author\":{\"name\":\"REDA\u00c7\u00c3O: UBIRAT\u00c3 ONLINE - F\u00c1BIO AUGUSTO CELESTINO\",\"@id\":\"https:\\\/\\\/ubirataonline.com.br\\\/#\\\/schema\\\/person\\\/372f87bbd3fdd79b8556b84c98d0bc1c\"},\"headline\":\"Proposta de dela\u00e7\u00e3o de Vorcaro ter\u00e1 ressarcimento a fundos de pens\u00e3o\",\"datePublished\":\"2026-04-13T09:14:27+00:00\",\"dateModified\":\"2026-04-13T09:14:45+00:00\",\"mainEntityOfPage\":{\"@id\":\"https:\\\/\\\/ubirataonline.com.br\\\/proposta-de-delacao-de-vorcaro-tera-ressarcimento-a-fundos-de-pensao\\\/\"},\"wordCount\":745,\"publisher\":{\"@id\":\"https:\\\/\\\/ubirataonline.com.br\\\/#organization\"},\"image\":{\"@id\":\"https:\\\/\\\/ubirataonline.com.br\\\/proposta-de-delacao-de-vorcaro-tera-ressarcimento-a-fundos-de-pensao\\\/#primaryimage\"},\"thumbnailUrl\":\"https:\\\/\\\/ubirataonline.com.br\\\/wp-content\\\/uploads\\\/2026\\\/04\\\/Proposta-de-delacao-de-Vorcaro-tera-ressarcimento-a-fundos-de.png\",\"keywords\":[\"dela\u00e7\u00e3o\",\"fundos\",\"pens\u00e3o\",\"proposta\",\"ressarcimento\",\"ter\u00e1\",\"Vorcaro\"],\"articleSection\":[\"Brasil\"],\"inLanguage\":\"en-US\",\"copyrightYear\":\"2026\",\"copyrightHolder\":{\"@id\":\"https:\\\/\\\/ubirataonline.com.br\\\/en\\\/#organization\"}},{\"@type\":\"WebPage\",\"@id\":\"https:\\\/\\\/ubirataonline.com.br\\\/proposta-de-delacao-de-vorcaro-tera-ressarcimento-a-fundos-de-pensao\\\/\",\"url\":\"https:\\\/\\\/ubirataonline.com.br\\\/proposta-de-delacao-de-vorcaro-tera-ressarcimento-a-fundos-de-pensao\\\/\",\"name\":\"Proposta de dela\u00e7\u00e3o de Vorcaro ter\u00e1 ressarcimento a fundos de pens\u00e3o - Ubirat\u00e3 Online Not\u00edcias - A realidade ao seu alcance!\",\"isPartOf\":{\"@id\":\"https:\\\/\\\/ubirataonline.com.br\\\/#website\"},\"primaryImageOfPage\":{\"@id\":\"https:\\\/\\\/ubirataonline.com.br\\\/proposta-de-delacao-de-vorcaro-tera-ressarcimento-a-fundos-de-pensao\\\/#primaryimage\"},\"image\":{\"@id\":\"https:\\\/\\\/ubirataonline.com.br\\\/proposta-de-delacao-de-vorcaro-tera-ressarcimento-a-fundos-de-pensao\\\/#primaryimage\"},\"thumbnailUrl\":\"https:\\\/\\\/ubirataonline.com.br\\\/wp-content\\\/uploads\\\/2026\\\/04\\\/Proposta-de-delacao-de-Vorcaro-tera-ressarcimento-a-fundos-de.png\",\"datePublished\":\"2026-04-13T09:14:27+00:00\",\"dateModified\":\"2026-04-13T09:14:45+00:00\",\"description\":\"Entre as muitas incertezas que rondam o acordo de colabora\u00e7\u00e3o premiada do executivo Daniel Vorcaro, desde a sua disposi\u00e7\u00e3o de efetivamente ajudar nas\",\"breadcrumb\":{\"@id\":\"https:\\\/\\\/ubirataonline.com.br\\\/proposta-de-delacao-de-vorcaro-tera-ressarcimento-a-fundos-de-pensao\\\/#breadcrumb\"},\"inLanguage\":\"en-US\",\"potentialAction\":[{\"@type\":\"ReadAction\",\"target\":[\"https:\\\/\\\/ubirataonline.com.br\\\/proposta-de-delacao-de-vorcaro-tera-ressarcimento-a-fundos-de-pensao\\\/\"]}]},{\"@type\":\"ImageObject\",\"inLanguage\":\"en-US\",\"@id\":\"https:\\\/\\\/ubirataonline.com.br\\\/proposta-de-delacao-de-vorcaro-tera-ressarcimento-a-fundos-de-pensao\\\/#primaryimage\",\"url\":\"https:\\\/\\\/ubirataonline.com.br\\\/wp-content\\\/uploads\\\/2026\\\/04\\\/Proposta-de-delacao-de-Vorcaro-tera-ressarcimento-a-fundos-de.png\",\"contentUrl\":\"https:\\\/\\\/ubirataonline.com.br\\\/wp-content\\\/uploads\\\/2026\\\/04\\\/Proposta-de-delacao-de-Vorcaro-tera-ressarcimento-a-fundos-de.png\",\"width\":2000,\"height\":1194,\"caption\":\"Daniel Vorcaro ap\u00f3s dar entrada no sistema prisional \u2014 Foto: Reprodu\u00e7\u00e3o\"},{\"@type\":\"BreadcrumbList\",\"@id\":\"https:\\\/\\\/ubirataonline.com.br\\\/proposta-de-delacao-de-vorcaro-tera-ressarcimento-a-fundos-de-pensao\\\/#breadcrumb\",\"itemListElement\":[{\"@type\":\"ListItem\",\"position\":1,\"name\":\"In\u00edcio\",\"item\":\"https:\\\/\\\/ubirataonline.com.br\\\/\"},{\"@type\":\"ListItem\",\"position\":2,\"name\":\"Proposta de dela\u00e7\u00e3o de Vorcaro ter\u00e1 ressarcimento a fundos de pens\u00e3o\"}]},{\"@type\":\"WebSite\",\"@id\":\"https:\\\/\\\/ubirataonline.com.br\\\/#website\",\"url\":\"https:\\\/\\\/ubirataonline.com.br\\\/\",\"name\":\"Ubirat\u00e3 Online Not\u00edcias\",\"description\":\"Not\u00edcias de Ubirat\u00e3, regi\u00e3o, Brasil e mundo, com informa\u00e7\u00e3o atualizada e compromisso com o leitor.\",\"publisher\":{\"@id\":\"https:\\\/\\\/ubirataonline.com.br\\\/#organization\"},\"alternateName\":\"Ubirat\u00e3 Online\",\"potentialAction\":[{\"@type\":\"SearchAction\",\"target\":{\"@type\":\"EntryPoint\",\"urlTemplate\":\"https:\\\/\\\/ubirataonline.com.br\\\/?s={search_term_string}\"},\"query-input\":{\"@type\":\"PropertyValueSpecification\",\"valueRequired\":true,\"valueName\":\"search_term_string\"}}],\"inLanguage\":\"en-US\"},{\"@type\":[\"Organization\",\"Place\"],\"@id\":\"https:\\\/\\\/ubirataonline.com.br\\\/#organization\",\"name\":\"Ubirat\u00e3 Online Not\u00edcias\",\"alternateName\":\"Ubirat\u00e3 Online\",\"url\":\"https:\\\/\\\/ubirataonline.com.br\\\/\",\"logo\":{\"@id\":\"https:\\\/\\\/ubirataonline.com.br\\\/proposta-de-delacao-de-vorcaro-tera-ressarcimento-a-fundos-de-pensao\\\/#local-main-organization-logo\"},\"image\":{\"@id\":\"https:\\\/\\\/ubirataonline.com.br\\\/proposta-de-delacao-de-vorcaro-tera-ressarcimento-a-fundos-de-pensao\\\/#local-main-organization-logo\"},\"sameAs\":[\"https:\\\/\\\/www.facebook.com\\\/portalubirataonline\",\"https:\\\/\\\/x.com\\\/ubirataonline\",\"https:\\\/\\\/mastodon.social\\\/@ubirataonline\",\"https:\\\/\\\/www.facebook.com\\\/groups\\\/311144672285604\",\"https:\\\/\\\/www.facebook.com\\\/UBTAOnline\",\"https:\\\/\\\/www.instagram.com\\\/portalubirataonline\\\/\",\"https:\\\/\\\/twitter.com\\\/ubirataonline\"],\"description\":\"Somos um portal de not\u00edcias independente, criado em 5 de janeiro de 2009, com o objetivo de informar, conectar e valorizar a nossa comunidade de Ubirat\u00e3 e toda aregi\u00e3o. Com conte\u00fado atualizado, confi\u00e1vel e relevante, o Ubirat\u00e3 Online \u00e9 o seu espa\u00e7o para ficar por dentro dos principais acontecimentos locais, regionais, Brasil, Mundo e de interesse geral. Nosso compromisso \u00e9 com a verdade, a transpar\u00eancia e o respeito ao leitor.\",\"legalName\":\"UBIRATA ONLINE NOT\u00cdCIAS\",\"foundingDate\":\"2009-01-05\",\"numberOfEmployees\":{\"@type\":\"QuantitativeValue\",\"minValue\":\"1\",\"maxValue\":\"10\"},\"publishingPrinciples\":\"https:\\\/\\\/ubirataonline.com.br\\\/faq\\\/\",\"address\":{\"@id\":\"https:\\\/\\\/ubirataonline.com.br\\\/proposta-de-delacao-de-vorcaro-tera-ressarcimento-a-fundos-de-pensao\\\/#local-main-place-address\"},\"geo\":{\"@type\":\"GeoCoordinates\",\"latitude\":\"-24.5361401\",\"longitude\":\"-52.9921776\"},\"telephone\":[\"+5544998308235\"],\"contactPoint\":{\"@type\":\"ContactPoint\",\"email\":\"contato@ubirataonline.com.br\"},\"openingHoursSpecification\":{\"@type\":\"OpeningHoursSpecification\",\"dayOfWeek\":[\"Monday\",\"Tuesday\",\"Wednesday\",\"Thursday\",\"Friday\",\"Saturday\",\"Sunday\"],\"opens\":\"00:00\",\"closes\":\"23:59\"},\"email\":\"contato@ubirataonline.com.br\",\"vatID\":\"47.621.418\\\/0001-80\"},{\"@type\":\"Person\",\"@id\":\"https:\\\/\\\/ubirataonline.com.br\\\/#\\\/schema\\\/person\\\/372f87bbd3fdd79b8556b84c98d0bc1c\",\"name\":\"REDA\u00c7\u00c3O: UBIRAT\u00c3 ONLINE - F\u00c1BIO AUGUSTO CELESTINO\",\"pronouns\":\"Ele\",\"description\":\"Desde 2003 trabalhando com not\u00edcias.\",\"sameAs\":[\"http:\\\/\\\/ubirataoline.com.br\",\"https:\\\/\\\/www.facebook.com\\\/portalubirataonline\",\"https:\\\/\\\/www.instagram.com\\\/ubirataonline_oficial\",\"https:\\\/\\\/x.com\\\/x.com\\\/ubirataonline\"],\"honorificPrefix\":\"Mr.\",\"honorificSuffix\":\"MD\",\"birthDate\":\"1980-06-16\",\"gender\":\"masculino\",\"award\":[\"V\u00e1rios pr\u00eamios de melhor portal da cidade\"],\"jobTitle\":\"Diretor\",\"url\":\"https:\\\/\\\/ubirataonline.com.br\\\/en\\\/author\\\/ubirataonline\\\/\"},{\"@type\":\"PostalAddress\",\"@id\":\"https:\\\/\\\/ubirataonline.com.br\\\/proposta-de-delacao-de-vorcaro-tera-ressarcimento-a-fundos-de-pensao\\\/#local-main-place-address\",\"streetAddress\":\"Rua dos Coqueiros, 104 - Bairro Boa Vista, Rua dos Coqueiros, 104 Bairro Boa Vista\",\"addressLocality\":\"UBIRATA\",\"postalCode\":\"85440-000\",\"addressRegion\":\"PR\",\"addressCountry\":\"BR\"},{\"@type\":\"ImageObject\",\"inLanguage\":\"en-US\",\"@id\":\"https:\\\/\\\/ubirataonline.com.br\\\/proposta-de-delacao-de-vorcaro-tera-ressarcimento-a-fundos-de-pensao\\\/#local-main-organization-logo\",\"url\":\"https:\\\/\\\/ubirataonline.com.br\\\/wp-content\\\/uploads\\\/2026\\\/06\\\/logoubirataonline-1.webp\",\"contentUrl\":\"https:\\\/\\\/ubirataonline.com.br\\\/wp-content\\\/uploads\\\/2026\\\/06\\\/logoubirataonline-1.webp\",\"width\":500,\"height\":500,\"caption\":\"Ubirat\u00e3 Online Not\u00edcias\"}]}<\/script>\n<meta name=\"geo.placename\" content=\"UBIRATA\" \/>\n<meta name=\"geo.position\" content=\"-24.5361401;-52.9921776\" \/>\n<meta name=\"geo.region\" content=\"Brazil\" \/>\n<!-- \/ Yoast SEO Premium plugin. -->","yoast_head_json":{"title":"Proposta de dela\u00e7\u00e3o de Vorcaro ter\u00e1 ressarcimento a fundos de pens\u00e3o - Ubirat\u00e3 Online Not\u00edcias - A realidade ao seu alcance!","description":"Entre as muitas incertezas que rondam o acordo de colabora\u00e7\u00e3o premiada do executivo Daniel Vorcaro, desde a sua disposi\u00e7\u00e3o de efetivamente ajudar nas","robots":{"index":"index","follow":"follow","max-snippet":"max-snippet:-1","max-image-preview":"max-image-preview:large","max-video-preview":"max-video-preview:-1"},"canonical":"https:\/\/ubirataonline.com.br\/en\/proposta-de-delacao-de-vorcaro-tera-ressarcimento-a-fundos-de-pensao\/","og_locale":"en_US","og_type":"article","og_title":"Proposta de dela\u00e7\u00e3o de Vorcaro ter\u00e1 ressarcimento a fundos de pens\u00e3o","og_description":"Entre as muitas incertezas que rondam o acordo de colabora\u00e7\u00e3o premiada do executivo Daniel Vorcaro, desde a sua disposi\u00e7\u00e3o de efetivamente ajudar nas","og_url":"https:\/\/ubirataonline.com.br\/en\/proposta-de-delacao-de-vorcaro-tera-ressarcimento-a-fundos-de-pensao\/","og_site_name":"Ubirat\u00e3 Online Not\u00edcias - A realidade ao seu alcance!","article_publisher":"https:\/\/www.facebook.com\/portalubirataonline","article_author":"https:\/\/www.facebook.com\/portalubirataonline","article_published_time":"2026-04-13T09:14:27+00:00","article_modified_time":"2026-04-13T09:14:45+00:00","og_image":[{"width":2000,"height":1194,"url":"https:\/\/ubirataonline.com.br\/wp-content\/uploads\/2026\/04\/Proposta-de-delacao-de-Vorcaro-tera-ressarcimento-a-fundos-de.png","type":"image\/png"}],"author":"REDA\u00c7\u00c3O: UBIRAT\u00c3 ONLINE - F\u00c1BIO AUGUSTO CELESTINO","twitter_card":"summary_large_image","twitter_creator":"@x.com\/ubirataonline","twitter_site":"@ubirataonline","twitter_misc":{"Written by":"REDA\u00c7\u00c3O: UBIRAT\u00c3 ONLINE - F\u00c1BIO AUGUSTO CELESTINO","Est. reading time":"4 minutes"},"schema":{"@context":"https:\/\/schema.org","@graph":[{"@type":"NewsArticle","@id":"https:\/\/ubirataonline.com.br\/proposta-de-delacao-de-vorcaro-tera-ressarcimento-a-fundos-de-pensao\/#article","isPartOf":{"@id":"https:\/\/ubirataonline.com.br\/proposta-de-delacao-de-vorcaro-tera-ressarcimento-a-fundos-de-pensao\/"},"author":{"name":"REDA\u00c7\u00c3O: UBIRAT\u00c3 ONLINE - F\u00c1BIO AUGUSTO CELESTINO","@id":"https:\/\/ubirataonline.com.br\/#\/schema\/person\/372f87bbd3fdd79b8556b84c98d0bc1c"},"headline":"Proposta de dela\u00e7\u00e3o de Vorcaro ter\u00e1 ressarcimento a fundos de pens\u00e3o","datePublished":"2026-04-13T09:14:27+00:00","dateModified":"2026-04-13T09:14:45+00:00","mainEntityOfPage":{"@id":"https:\/\/ubirataonline.com.br\/proposta-de-delacao-de-vorcaro-tera-ressarcimento-a-fundos-de-pensao\/"},"wordCount":745,"publisher":{"@id":"https:\/\/ubirataonline.com.br\/#organization"},"image":{"@id":"https:\/\/ubirataonline.com.br\/proposta-de-delacao-de-vorcaro-tera-ressarcimento-a-fundos-de-pensao\/#primaryimage"},"thumbnailUrl":"https:\/\/ubirataonline.com.br\/wp-content\/uploads\/2026\/04\/Proposta-de-delacao-de-Vorcaro-tera-ressarcimento-a-fundos-de.png","keywords":["dela\u00e7\u00e3o","fundos","pens\u00e3o","proposta","ressarcimento","ter\u00e1","Vorcaro"],"articleSection":["Brasil"],"inLanguage":"en-US","copyrightYear":"2026","copyrightHolder":{"@id":"https:\/\/ubirataonline.com.br\/en\/#organization"}},{"@type":"WebPage","@id":"https:\/\/ubirataonline.com.br\/proposta-de-delacao-de-vorcaro-tera-ressarcimento-a-fundos-de-pensao\/","url":"https:\/\/ubirataonline.com.br\/proposta-de-delacao-de-vorcaro-tera-ressarcimento-a-fundos-de-pensao\/","name":"Proposta de dela\u00e7\u00e3o de Vorcaro ter\u00e1 ressarcimento a fundos de pens\u00e3o - Ubirat\u00e3 Online Not\u00edcias - A realidade ao seu alcance!","isPartOf":{"@id":"https:\/\/ubirataonline.com.br\/#website"},"primaryImageOfPage":{"@id":"https:\/\/ubirataonline.com.br\/proposta-de-delacao-de-vorcaro-tera-ressarcimento-a-fundos-de-pensao\/#primaryimage"},"image":{"@id":"https:\/\/ubirataonline.com.br\/proposta-de-delacao-de-vorcaro-tera-ressarcimento-a-fundos-de-pensao\/#primaryimage"},"thumbnailUrl":"https:\/\/ubirataonline.com.br\/wp-content\/uploads\/2026\/04\/Proposta-de-delacao-de-Vorcaro-tera-ressarcimento-a-fundos-de.png","datePublished":"2026-04-13T09:14:27+00:00","dateModified":"2026-04-13T09:14:45+00:00","description":"Entre as muitas incertezas que rondam o acordo de colabora\u00e7\u00e3o premiada do executivo Daniel Vorcaro, desde a sua disposi\u00e7\u00e3o de efetivamente ajudar nas","breadcrumb":{"@id":"https:\/\/ubirataonline.com.br\/proposta-de-delacao-de-vorcaro-tera-ressarcimento-a-fundos-de-pensao\/#breadcrumb"},"inLanguage":"en-US","potentialAction":[{"@type":"ReadAction","target":["https:\/\/ubirataonline.com.br\/proposta-de-delacao-de-vorcaro-tera-ressarcimento-a-fundos-de-pensao\/"]}]},{"@type":"ImageObject","inLanguage":"en-US","@id":"https:\/\/ubirataonline.com.br\/proposta-de-delacao-de-vorcaro-tera-ressarcimento-a-fundos-de-pensao\/#primaryimage","url":"https:\/\/ubirataonline.com.br\/wp-content\/uploads\/2026\/04\/Proposta-de-delacao-de-Vorcaro-tera-ressarcimento-a-fundos-de.png","contentUrl":"https:\/\/ubirataonline.com.br\/wp-content\/uploads\/2026\/04\/Proposta-de-delacao-de-Vorcaro-tera-ressarcimento-a-fundos-de.png","width":2000,"height":1194,"caption":"Daniel Vorcaro ap\u00f3s dar entrada no sistema prisional \u2014 Foto: Reprodu\u00e7\u00e3o"},{"@type":"BreadcrumbList","@id":"https:\/\/ubirataonline.com.br\/proposta-de-delacao-de-vorcaro-tera-ressarcimento-a-fundos-de-pensao\/#breadcrumb","itemListElement":[{"@type":"ListItem","position":1,"name":"In\u00edcio","item":"https:\/\/ubirataonline.com.br\/"},{"@type":"ListItem","position":2,"name":"Proposta de dela\u00e7\u00e3o de Vorcaro ter\u00e1 ressarcimento a fundos de pens\u00e3o"}]},{"@type":"WebSite","@id":"https:\/\/ubirataonline.com.br\/#website","url":"https:\/\/ubirataonline.com.br\/","name":"Ubirat\u00e3 Online Not\u00edcias","description":"Not\u00edcias de Ubirat\u00e3, regi\u00e3o, Brasil e mundo, com informa\u00e7\u00e3o atualizada e compromisso com o leitor.","publisher":{"@id":"https:\/\/ubirataonline.com.br\/#organization"},"alternateName":"Ubirat\u00e3 Online","potentialAction":[{"@type":"SearchAction","target":{"@type":"EntryPoint","urlTemplate":"https:\/\/ubirataonline.com.br\/?s={search_term_string}"},"query-input":{"@type":"PropertyValueSpecification","valueRequired":true,"valueName":"search_term_string"}}],"inLanguage":"en-US"},{"@type":["Organization","Place"],"@id":"https:\/\/ubirataonline.com.br\/#organization","name":"Ubirat\u00e3 Online Not\u00edcias","alternateName":"Ubirat\u00e3 Online","url":"https:\/\/ubirataonline.com.br\/","logo":{"@id":"https:\/\/ubirataonline.com.br\/proposta-de-delacao-de-vorcaro-tera-ressarcimento-a-fundos-de-pensao\/#local-main-organization-logo"},"image":{"@id":"https:\/\/ubirataonline.com.br\/proposta-de-delacao-de-vorcaro-tera-ressarcimento-a-fundos-de-pensao\/#local-main-organization-logo"},"sameAs":["https:\/\/www.facebook.com\/portalubirataonline","https:\/\/x.com\/ubirataonline","https:\/\/mastodon.social\/@ubirataonline","https:\/\/www.facebook.com\/groups\/311144672285604","https:\/\/www.facebook.com\/UBTAOnline","https:\/\/www.instagram.com\/portalubirataonline\/","https:\/\/twitter.com\/ubirataonline"],"description":"Somos um portal de not\u00edcias independente, criado em 5 de janeiro de 2009, com o objetivo de informar, conectar e valorizar a nossa comunidade de Ubirat\u00e3 e toda aregi\u00e3o. Com conte\u00fado atualizado, confi\u00e1vel e relevante, o Ubirat\u00e3 Online \u00e9 o seu espa\u00e7o para ficar por dentro dos principais acontecimentos locais, regionais, Brasil, Mundo e de interesse geral. Nosso compromisso \u00e9 com a verdade, a transpar\u00eancia e o respeito ao leitor.","legalName":"UBIRATA ONLINE NOT\u00cdCIAS","foundingDate":"2009-01-05","numberOfEmployees":{"@type":"QuantitativeValue","minValue":"1","maxValue":"10"},"publishingPrinciples":"https:\/\/ubirataonline.com.br\/faq\/","address":{"@id":"https:\/\/ubirataonline.com.br\/proposta-de-delacao-de-vorcaro-tera-ressarcimento-a-fundos-de-pensao\/#local-main-place-address"},"geo":{"@type":"GeoCoordinates","latitude":"-24.5361401","longitude":"-52.9921776"},"telephone":["+5544998308235"],"contactPoint":{"@type":"ContactPoint","email":"contato@ubirataonline.com.br"},"openingHoursSpecification":{"@type":"OpeningHoursSpecification","dayOfWeek":["Monday","Tuesday","Wednesday","Thursday","Friday","Saturday","Sunday"],"opens":"00:00","closes":"23:59"},"email":"contato@ubirataonline.com.br","vatID":"47.621.418\/0001-80"},{"@type":"Person","@id":"https:\/\/ubirataonline.com.br\/#\/schema\/person\/372f87bbd3fdd79b8556b84c98d0bc1c","name":"REDA\u00c7\u00c3O: UBIRAT\u00c3 ONLINE - F\u00c1BIO AUGUSTO CELESTINO","pronouns":"Ele","description":"Desde 2003 trabalhando com not\u00edcias.","sameAs":["http:\/\/ubirataoline.com.br","https:\/\/www.facebook.com\/portalubirataonline","https:\/\/www.instagram.com\/ubirataonline_oficial","https:\/\/x.com\/x.com\/ubirataonline"],"honorificPrefix":"Mr.","honorificSuffix":"MD","birthDate":"1980-06-16","gender":"masculino","award":["V\u00e1rios pr\u00eamios de melhor portal da cidade"],"jobTitle":"Diretor","url":"https:\/\/ubirataonline.com.br\/en\/author\/ubirataonline\/"},{"@type":"PostalAddress","@id":"https:\/\/ubirataonline.com.br\/proposta-de-delacao-de-vorcaro-tera-ressarcimento-a-fundos-de-pensao\/#local-main-place-address","streetAddress":"Rua dos Coqueiros, 104 - Bairro Boa Vista, Rua dos Coqueiros, 104 Bairro Boa Vista","addressLocality":"UBIRATA","postalCode":"85440-000","addressRegion":"PR","addressCountry":"BR"},{"@type":"ImageObject","inLanguage":"en-US","@id":"https:\/\/ubirataonline.com.br\/proposta-de-delacao-de-vorcaro-tera-ressarcimento-a-fundos-de-pensao\/#local-main-organization-logo","url":"https:\/\/ubirataonline.com.br\/wp-content\/uploads\/2026\/06\/logoubirataonline-1.webp","contentUrl":"https:\/\/ubirataonline.com.br\/wp-content\/uploads\/2026\/06\/logoubirataonline-1.webp","width":500,"height":500,"caption":"Ubirat\u00e3 Online Not\u00edcias"}]},"geo.placename":"UBIRATA","geo.position":{"lat":"-24.5361401","long":"-52.9921776"},"geo.region":"Brazil"},"_links":{"self":[{"href":"https:\/\/ubirataonline.com.br\/en\/wp-json\/wp\/v2\/posts\/105818","targetHints":{"allow":["GET"]}}],"collection":[{"href":"https:\/\/ubirataonline.com.br\/en\/wp-json\/wp\/v2\/posts"}],"about":[{"href":"https:\/\/ubirataonline.com.br\/en\/wp-json\/wp\/v2\/types\/post"}],"author":[{"embeddable":true,"href":"https:\/\/ubirataonline.com.br\/en\/wp-json\/wp\/v2\/users\/1"}],"replies":[{"embeddable":true,"href":"https:\/\/ubirataonline.com.br\/en\/wp-json\/wp\/v2\/comments?post=105818"}],"version-history":[{"count":0,"href":"https:\/\/ubirataonline.com.br\/en\/wp-json\/wp\/v2\/posts\/105818\/revisions"}],"wp:featuredmedia":[{"embeddable":true,"href":"https:\/\/ubirataonline.com.br\/en\/wp-json\/wp\/v2\/media\/105819"}],"wp:attachment":[{"href":"https:\/\/ubirataonline.com.br\/en\/wp-json\/wp\/v2\/media?parent=105818"}],"wp:term":[{"taxonomy":"category","embeddable":true,"href":"https:\/\/ubirataonline.com.br\/en\/wp-json\/wp\/v2\/categories?post=105818"},{"taxonomy":"post_tag","embeddable":true,"href":"https:\/\/ubirataonline.com.br\/en\/wp-json\/wp\/v2\/tags?post=105818"}],"curies":[{"name":"wp","href":"https:\/\/api.w.org\/{rel}","templated":true}]}}