{"id":105944,"date":"2026-04-13T09:14:27","date_gmt":"2026-04-13T12:14:27","guid":{"rendered":"https:\/\/ubirataonline.com.br\/aniversario-de-53-anos-do-bairro-cic-leva-cultura-lazer-e-arte-urbana-as-ruas-do-bairro\/"},"modified":"2026-04-13T09:14:32","modified_gmt":"2026-04-13T12:14:32","slug":"aniversario-de-53-anos-do-bairro-cic-leva-cultura-lazer-e-arte-urbana-as-ruas-do-bairro","status":"publish","type":"post","link":"https:\/\/ubirataonline.com.br\/en\/aniversario-de-53-anos-do-bairro-cic-leva-cultura-lazer-e-arte-urbana-as-ruas-do-bairro\/","title":{"rendered":"Anivers\u00e1rio de 53 anos do bairro CIC leva cultura, lazer e arte urbana \u00e0s ruas do bairro"},"content":{"rendered":"<p><\/p>\n<div id=\"post-content\">\n<p data-placeholder=\" \">O domingo (12\/4) de sol foi de grande movimenta\u00e7\u00e3o na Rua da Cidadania da Cidade Industrial de Curitiba, que recebeu as comemora\u00e7\u00f5es pelos 53 anos do bairro, com programa\u00e7\u00e3o especial de arte urbana, feira de servi\u00e7os e participa\u00e7\u00e3o dos moradores.<\/p>\n<p> Este \u00e9 o terceiro ano consecutivo em que a Administra\u00e7\u00e3o<br \/><a href=\"https:\/\/www.curitiba.pr.gov.br\/conteudo\/cic-administracao-regional\/85\" target=\"_self\">Regional CIC<\/a><br \/>promove a festa de anivers\u00e1rio do bairro. O evento tamb\u00e9m recebeu a 10\u00aa edi\u00e7\u00e3o do Street of Styles, realizada pelo Minist\u00e9rio da Cultura, com apoio da Prefeitura de Curitiba. <\/p>\n<p>O prefeito em exerc\u00edcio Leonidas Dias comemorou o anivers\u00e1rio do bairro com a popula\u00e7\u00e3o.\u00a0<\/p>\n<blockquote>\n<p>\u201cEstou muito feliz de estar aqui hoje como prefeito em exerc\u00edcio. N\u00e3o posso deixar de ressaltar o trabalho que vem sendo feito na Regional CIC. E fico muito contente em ver as interven\u00e7\u00f5es realizadas nas casas dos moradores, que abriram suas portas para esse projeto. Parab\u00e9ns pela festa!\u201d, declarou Dias.<\/p>\n<\/blockquote>\n<p> A programa\u00e7\u00e3o contou com apresenta\u00e7\u00f5es musicais, batalhas de rima e breaking, atividades ligadas ao skate e exposi\u00e7\u00f5es de carros. O encontro tamb\u00e9m teve feira cultural, workshops e a\u00e7\u00f5es de cidadania, como mutir\u00e3o de emprego e atendimento jur\u00eddico. A<br \/><a href=\"https:\/\/www.curitiba.pr.gov.br\/conteudo\/estrutura\/110\" target=\"_self\">Secretaria Municipal de Esporte, Lazer e Juventude<\/a><br \/>(<br \/><a href=\"https:\/\/www.curitiba.pr.gov.br\/conteudo\/estrutura\/110\" target=\"_self\">SMELJ<\/a><br \/>) levou brinquedos infl\u00e1veis e jogos para as crian\u00e7as. <\/p>\n<h3>Participa\u00e7\u00e3o popular<\/h3>\n<p>Moradora da CIC desde a inf\u00e2ncia, a trabalhadora da \u00e1rea da sa\u00fade Cleonice Ferreira aproveitou o domingo para curtir a festa.\u00a0<\/p>\n<p>\u201cA popula\u00e7\u00e3o daqui merecia um evento desse tamanho. Eu estou achando maravilhoso, da feirinha de servi\u00e7os aos shows. Tamb\u00e9m achei lindo o trabalho dos grafiteiros, fomos privilegiados por terem escolhido o nosso bairro\u201d, disse Cleonice.<\/p>\n<h3>Ruas de arte<\/h3>\n<p> O<br \/><i>Street of Styles<\/i><br \/>mapeou o bairro, principalmente a vizinhan\u00e7a da Rua da Cidadania, e, com a permiss\u00e3o dos moradores, os artistas criaram murais nas casas e em tr\u00eas escolas municipais. A Rua Davi Xavier ganhou outro cen\u00e1rio com os murais de grafite criados durante o evento.\u00a0 <\/p>\n<p>O muro em frente \u00e0 casa da fam\u00edlia do mec\u00e2nico Tiago Cezar Pereira foi um dos selecionados para se tornar obra de arte. \u201cA gente fica com outra energia, at\u00e9 viemos sentar aqui fora para aproveitar a vista\u201d, contou Tiago.<\/p>\n<p>O casal Alana de Lima, Julio Cesar Louren\u00e7o e o filho Theo Henrique de Lima foram alguns dos muitos moradores que aproveitaram o domingo para passear pelas ruas do bairro e conhecer o novo cen\u00e1rio. \u201cEles est\u00e3o trazendo arte para nossas ruas, eu acredito que vai mudar a vis\u00e3o sobre a Vila (Nossa Senhora da Luz)\u201d, afirmou Julio.<\/p>\n<p> <strong>Presen\u00e7as<\/strong> <\/p>\n<p>Tamb\u00e9m estiveram presentes nos eventos o administrador regional da CIC, Rudimar Fedrigo, o secret\u00e1rio executivo da Associa\u00e7\u00e3o dos Munic\u00edpios da Regi\u00e3o Metropolitana de Curitiba, Neco Prado, e o vereador Zezinho do Sabar\u00e1.<\/p>\n<section class=\"virals\">\n<article class=\"cardnews cardnews--post cardnews--has-thumbnail cardnews--editorial-noticias\"> <a href=\"https:\/\/www.tribunapr.com.br\/noticias\/curitiba-regiao\/vereador-perdeu-pia-e-investigado-por-usar-gm-para-se-autopromove?utm_source=noticias-virais-rodape&amp;utm_medium=internal-tribuna&amp;utm_campaign=tribuna\" class=\"cardnews__postlink\"> <\/p>\n<div class=\"cardnews__image\" is-api-thumb=\"\"><\/div>\n<div class=\"cardnews__content cardhome__content\">\n<div class=\"cardnews__content-wrapper\">\n<p> <span style=\"\"> De olho! <\/span> <\/p>\n<p>Vereador Perdeu Pi\u00e1 \u00e9 investigado por usar GM para se autopromover<\/p>\n<\/p><\/div>\n<\/p><\/div>\n<p> <\/a> <\/article>\n<article class=\"cardnews cardnews--post cardnews--has-thumbnail cardnews--editorial-noticias\"> <a href=\"https:\/\/www.tribunapr.com.br\/noticias\/parana\/parana-pode-sentir-efeitos-do-el-nino-a-partir-de-julho-o-que-esperar\/?utm_source=noticias-virais-rodape&amp;utm_medium=internal-tribuna&amp;utm_campaign=tribuna\" class=\"cardnews__postlink\"> <\/p>\n<div class=\"cardnews__image\" is-api-thumb=\"\"><img decoding=\"async\" src=\"https:\/\/www.tribunapr.com.br\/wp-content\/uploads\/2026\/02\/20182305\/chuvas-370x210.jpg\" loading=\"lazy\" alt=\"Paran\u00e1 pode sentir efeitos do El Ni\u00f1o a partir de julho; o que esperar\"\/><\/div>\n<div class=\"cardnews__content cardhome__content\">\n<div class=\"cardnews__content-wrapper\">\n<p> <span style=\"\"> Alerta <\/span> <\/p>\n<p>Paran\u00e1 pode sentir efeitos do El Ni\u00f1o a partir de julho; o que esperar<\/p>\n<\/p><\/div>\n<\/p><\/div>\n<p> <\/a> <\/article>\n<article class=\"cardnews cardnews--post cardnews--has-thumbnail cardnews--editorial-noticias\"> <a href=\"https:\/\/www.tribunapr.com.br\/noticias\/parana\/roteiro-inusitado-parana-coleciona-estatuas-peculiares-pelo-interior\/ C?utm_source=noticias-virais-rodape&amp;utm_medium=internal-tribuna&amp;utm_campaign=tribuna\" class=\"cardnews__postlink\"> <\/p>\n<div class=\"cardnews__image\" is-api-thumb=\"\"><img decoding=\"async\" src=\"https:\/\/www.tribunapr.com.br\/wp-content\/uploads\/2026\/01\/15072039\/falecimentos-em-curitiba-370x210.jpg\" loading=\"lazy\" alt=\"Roteiro inusitado: Paran\u00e1 coleciona est\u00e1tuas peculiares pelo interior \"\/><\/div>\n<div class=\"cardnews__content cardhome__content\">\n<div class=\"cardnews__content-wrapper\">\n<p> <span style=\"\"> Belezas do Paran\u00e1 <\/span> <\/p>\n<p>Roteiro inusitado: Paran\u00e1 coleciona est\u00e1tuas peculiares pelo interior <\/p>\n<\/p><\/div>\n<\/p><\/div>\n<p> <\/a> <\/article>\n<\/section>\n<div id=\"tribuna-follow-cta\">\n<p> <span class=\"cta-title\">Siga a <span class=\"tribuna-color\">Tribuna<\/span> no Google, e acompanhe as \u00faltimas not\u00edcias de Curitiba e regi\u00e3o!<\/span> <\/p>\n<p> <a href=\"https:\/\/profile.google.com\/cp\/CgwvZy8xMmxxajUzM3Mac2h0dHBzOi8vd3d3LnRyaWJ1bmFwci5jb20uYnIvdml2YS92aXRyaW5lL2dpZ2FudGUtZG8tdmVzdHVhcmlvLXJlaW5hdWd1cmEtbG9qYS1lbS1zaG9wcGluZy10cmFkaWNpb25hbC1kZS1jdXJpdGliYS8iElRyaWJ1bmEgZG8gUGFyYW7DoSqAAwrHAWh0dHBzOi8vZW5jcnlwdGVkLXRibjIuZ3N0YXRpYy5jb20vZmF2aWNvbi10Ym4_cT10Ym46QU5kOUdjUVJPbjVDRjR6TzJPbkUwTXZrRlRCRTY2U0g1bGlaVDRaZTV3bWNKeU5GRm1BSnluM01nNU9PR3BXY1pYMzZwYU5HUWtsZ09JVEFLTTNNZVNGbTc1aWp6M3k2ajUtQ3M2b25kX2JUcFFQQkVLd3RsUjBsTmJESnUtVHhrNXQtbFlCNlVpOWZSVVFjT2cSswFodHRwczovL2VuY3J5cHRlZC10Ym4zLmdzdGF0aWMuY29tL2Zhdmljb24tdGJuP3E9dGJuJTNBQU5kOUdjU0FMaWJ2eFF0YXdFMFRueVdWWmVKRS1MZEdRZjVTUi1OZ2RMazhyZzIwVy1nM0JuQ1F4VDNKZFBjRXR2THdBeVRxUDJEdHVycEdVR29CQkxpYzM5al9wSmFxRERaMHNCYW05WEVhSGVsMmZTQmdKdlF4WWVyMw\" target=\"_blank\" title=\"Seguir a Tribuna no Google\">  <\/a> <\/div>\n<\/p><\/div>\n<p><a href=\"https:\/\/www.tribunapr.com.br\/noticias\/curitiba-regiao\/aniversario-de-53-anos-do-bairro-cic-leva-cultura-lazer-e-arte-urbana-as-ruas-do-bairro\/\">Fonte do Artigo <\/a><\/p>","protected":false},"excerpt":{"rendered":"<p>O domingo (12\/4) de sol foi de grande movimenta\u00e7\u00e3o na Rua da Cidadania da Cidade Industrial de Curitiba, que recebeu as comemora\u00e7\u00f5es pelos 53 anos do bairro, com programa\u00e7\u00e3o especial de arte urbana, feira de servi\u00e7os e participa\u00e7\u00e3o dos moradores. Este \u00e9 o terceiro ano consecutivo em que a Administra\u00e7\u00e3oRegional CICpromove a festa de anivers\u00e1rio [&hellip;]<\/p>\n","protected":false},"author":1,"featured_media":105945,"comment_status":"closed","ping_status":"","sticky":false,"template":"","format":"standard","meta":{"googlesitekit_rrm_CAow2JLhCw:productID":"","_gspb_post_css":"","maa_idioma":"","maa_pais":"","footnotes":""},"categories":[1],"tags":[14397,3141,13500,4211,4362,12501,1751,11269,3596,3147,22961],"class_list":["post-105944","post","type-post","status-publish","format-standard","has-post-thumbnail","hentry","category-ubirata","tag-aniversario","tag-anos","tag-arte","tag-as","tag-bairro","tag-cic","tag-cultura","tag-lazer","tag-leva","tag-ruas","tag-urbana"],"blocksy_meta":[],"yoast_head":"<!-- This site is optimized with the Yoast SEO Premium plugin v27.6 (Yoast SEO v27.6) - https:\/\/yoast.com\/product\/yoast-seo-premium-wordpress\/ -->\n<title>Anivers\u00e1rio de 53 anos do bairro CIC leva cultura, lazer e arte urbana \u00e0s ruas do bairro - Ubirat\u00e3 Online Not\u00edcias - A realidade ao seu alcance!<\/title>\n<meta name=\"description\" content=\"O domingo (12\/4) de sol foi de grande movimenta\u00e7\u00e3o na Rua da Cidadania da Cidade Industrial de Curitiba, que recebeu as comemora\u00e7\u00f5es pelos 53 anos do\" \/>\n<meta name=\"robots\" content=\"index, follow, max-snippet:-1, max-image-preview:large, max-video-preview:-1\" \/>\n<link rel=\"canonical\" href=\"https:\/\/ubirataonline.com.br\/en\/aniversario-de-53-anos-do-bairro-cic-leva-cultura-lazer-e-arte-urbana-as-ruas-do-bairro\/\" \/>\n<meta property=\"og:locale\" content=\"en_US\" \/>\n<meta property=\"og:type\" content=\"article\" \/>\n<meta property=\"og:title\" content=\"Anivers\u00e1rio de 53 anos do bairro CIC leva cultura, lazer e arte urbana \u00e0s ruas do bairro\" \/>\n<meta property=\"og:description\" content=\"O domingo (12\/4) de sol foi de grande movimenta\u00e7\u00e3o na Rua da Cidadania da Cidade Industrial de Curitiba, que recebeu as comemora\u00e7\u00f5es pelos 53 anos do\" \/>\n<meta property=\"og:url\" content=\"https:\/\/ubirataonline.com.br\/en\/aniversario-de-53-anos-do-bairro-cic-leva-cultura-lazer-e-arte-urbana-as-ruas-do-bairro\/\" \/>\n<meta property=\"og:site_name\" content=\"Ubirat\u00e3 Online Not\u00edcias - A realidade ao seu alcance!\" \/>\n<meta property=\"article:publisher\" content=\"https:\/\/www.facebook.com\/portalubirataonline\" \/>\n<meta property=\"article:author\" content=\"https:\/\/www.facebook.com\/portalubirataonline\" \/>\n<meta property=\"article:published_time\" content=\"2026-04-13T12:14:27+00:00\" \/>\n<meta property=\"article:modified_time\" content=\"2026-04-13T12:14:32+00:00\" \/>\n<meta property=\"og:image\" content=\"https:\/\/ubirataonline.com.br\/wp-content\/uploads\/2026\/04\/Aniversario-de-53-anos-do-bairro-CIC-leva-cultura-lazer.jpg\" \/>\n\t<meta property=\"og:image:width\" content=\"2560\" \/>\n\t<meta property=\"og:image:height\" content=\"1707\" \/>\n\t<meta property=\"og:image:type\" content=\"image\/jpeg\" \/>\n<meta name=\"author\" content=\"REDA\u00c7\u00c3O: UBIRAT\u00c3 ONLINE - F\u00c1BIO AUGUSTO CELESTINO\" \/>\n<meta name=\"twitter:card\" content=\"summary_large_image\" \/>\n<meta name=\"twitter:creator\" content=\"@x.com\/ubirataonline\" \/>\n<meta name=\"twitter:site\" content=\"@ubirataonline\" \/>\n<meta name=\"twitter:label1\" content=\"Written by\" \/>\n\t<meta name=\"twitter:data1\" content=\"REDA\u00c7\u00c3O: UBIRAT\u00c3 ONLINE - F\u00c1BIO AUGUSTO CELESTINO\" \/>\n\t<meta name=\"twitter:label2\" content=\"Est. reading time\" \/>\n\t<meta name=\"twitter:data2\" content=\"3 minutes\" \/>\n<script type=\"application\/ld+json\" class=\"yoast-schema-graph\">{\"@context\":\"https:\\\/\\\/schema.org\",\"@graph\":[{\"@type\":\"NewsArticle\",\"@id\":\"https:\\\/\\\/ubirataonline.com.br\\\/aniversario-de-53-anos-do-bairro-cic-leva-cultura-lazer-e-arte-urbana-as-ruas-do-bairro\\\/#article\",\"isPartOf\":{\"@id\":\"https:\\\/\\\/ubirataonline.com.br\\\/aniversario-de-53-anos-do-bairro-cic-leva-cultura-lazer-e-arte-urbana-as-ruas-do-bairro\\\/\"},\"author\":{\"name\":\"REDA\u00c7\u00c3O: UBIRAT\u00c3 ONLINE - F\u00c1BIO AUGUSTO CELESTINO\",\"@id\":\"https:\\\/\\\/ubirataonline.com.br\\\/#\\\/schema\\\/person\\\/372f87bbd3fdd79b8556b84c98d0bc1c\"},\"headline\":\"Anivers\u00e1rio de 53 anos do bairro CIC leva cultura, lazer e arte urbana \u00e0s ruas do bairro\",\"datePublished\":\"2026-04-13T12:14:27+00:00\",\"dateModified\":\"2026-04-13T12:14:32+00:00\",\"mainEntityOfPage\":{\"@id\":\"https:\\\/\\\/ubirataonline.com.br\\\/aniversario-de-53-anos-do-bairro-cic-leva-cultura-lazer-e-arte-urbana-as-ruas-do-bairro\\\/\"},\"wordCount\":557,\"publisher\":{\"@id\":\"https:\\\/\\\/ubirataonline.com.br\\\/#organization\"},\"image\":{\"@id\":\"https:\\\/\\\/ubirataonline.com.br\\\/aniversario-de-53-anos-do-bairro-cic-leva-cultura-lazer-e-arte-urbana-as-ruas-do-bairro\\\/#primaryimage\"},\"thumbnailUrl\":\"https:\\\/\\\/ubirataonline.com.br\\\/wp-content\\\/uploads\\\/2026\\\/04\\\/Aniversario-de-53-anos-do-bairro-CIC-leva-cultura-lazer.jpg\",\"keywords\":[\"anivers\u00e1rio\",\"anos\",\"arte\",\"\u00e0s\",\"Bairro\",\"CIC\",\"Cultura\",\"lazer\",\"leva\",\"Ruas\",\"urbana\"],\"articleSection\":[\"Ubirat\u00e3\"],\"inLanguage\":\"en-US\",\"copyrightYear\":\"2026\",\"copyrightHolder\":{\"@id\":\"https:\\\/\\\/ubirataonline.com.br\\\/en\\\/#organization\"}},{\"@type\":\"WebPage\",\"@id\":\"https:\\\/\\\/ubirataonline.com.br\\\/aniversario-de-53-anos-do-bairro-cic-leva-cultura-lazer-e-arte-urbana-as-ruas-do-bairro\\\/\",\"url\":\"https:\\\/\\\/ubirataonline.com.br\\\/aniversario-de-53-anos-do-bairro-cic-leva-cultura-lazer-e-arte-urbana-as-ruas-do-bairro\\\/\",\"name\":\"Anivers\u00e1rio de 53 anos do bairro CIC leva cultura, lazer e arte urbana \u00e0s ruas do bairro - Ubirat\u00e3 Online Not\u00edcias - A realidade ao seu alcance!\",\"isPartOf\":{\"@id\":\"https:\\\/\\\/ubirataonline.com.br\\\/#website\"},\"primaryImageOfPage\":{\"@id\":\"https:\\\/\\\/ubirataonline.com.br\\\/aniversario-de-53-anos-do-bairro-cic-leva-cultura-lazer-e-arte-urbana-as-ruas-do-bairro\\\/#primaryimage\"},\"image\":{\"@id\":\"https:\\\/\\\/ubirataonline.com.br\\\/aniversario-de-53-anos-do-bairro-cic-leva-cultura-lazer-e-arte-urbana-as-ruas-do-bairro\\\/#primaryimage\"},\"thumbnailUrl\":\"https:\\\/\\\/ubirataonline.com.br\\\/wp-content\\\/uploads\\\/2026\\\/04\\\/Aniversario-de-53-anos-do-bairro-CIC-leva-cultura-lazer.jpg\",\"datePublished\":\"2026-04-13T12:14:27+00:00\",\"dateModified\":\"2026-04-13T12:14:32+00:00\",\"description\":\"O domingo (12\\\/4) de sol foi de grande movimenta\u00e7\u00e3o na Rua da Cidadania da Cidade Industrial de Curitiba, que recebeu as comemora\u00e7\u00f5es pelos 53 anos do\",\"breadcrumb\":{\"@id\":\"https:\\\/\\\/ubirataonline.com.br\\\/aniversario-de-53-anos-do-bairro-cic-leva-cultura-lazer-e-arte-urbana-as-ruas-do-bairro\\\/#breadcrumb\"},\"inLanguage\":\"en-US\",\"potentialAction\":[{\"@type\":\"ReadAction\",\"target\":[\"https:\\\/\\\/ubirataonline.com.br\\\/aniversario-de-53-anos-do-bairro-cic-leva-cultura-lazer-e-arte-urbana-as-ruas-do-bairro\\\/\"]}]},{\"@type\":\"ImageObject\",\"inLanguage\":\"en-US\",\"@id\":\"https:\\\/\\\/ubirataonline.com.br\\\/aniversario-de-53-anos-do-bairro-cic-leva-cultura-lazer-e-arte-urbana-as-ruas-do-bairro\\\/#primaryimage\",\"url\":\"https:\\\/\\\/ubirataonline.com.br\\\/wp-content\\\/uploads\\\/2026\\\/04\\\/Aniversario-de-53-anos-do-bairro-CIC-leva-cultura-lazer.jpg\",\"contentUrl\":\"https:\\\/\\\/ubirataonline.com.br\\\/wp-content\\\/uploads\\\/2026\\\/04\\\/Aniversario-de-53-anos-do-bairro-CIC-leva-cultura-lazer.jpg\",\"width\":2560,\"height\":1707,\"caption\":\"CIC se tornou palco de arte urbana no seu 53\u00b0 anivers\u00e1rio\"},{\"@type\":\"BreadcrumbList\",\"@id\":\"https:\\\/\\\/ubirataonline.com.br\\\/aniversario-de-53-anos-do-bairro-cic-leva-cultura-lazer-e-arte-urbana-as-ruas-do-bairro\\\/#breadcrumb\",\"itemListElement\":[{\"@type\":\"ListItem\",\"position\":1,\"name\":\"In\u00edcio\",\"item\":\"https:\\\/\\\/ubirataonline.com.br\\\/\"},{\"@type\":\"ListItem\",\"position\":2,\"name\":\"Anivers\u00e1rio de 53 anos do bairro CIC leva cultura, lazer e arte urbana \u00e0s ruas do bairro\"}]},{\"@type\":\"WebSite\",\"@id\":\"https:\\\/\\\/ubirataonline.com.br\\\/#website\",\"url\":\"https:\\\/\\\/ubirataonline.com.br\\\/\",\"name\":\"Ubirat\u00e3 Online Not\u00edcias\",\"description\":\"Not\u00edcias de Ubirat\u00e3, regi\u00e3o, Brasil e mundo, com informa\u00e7\u00e3o atualizada e compromisso com o leitor.\",\"publisher\":{\"@id\":\"https:\\\/\\\/ubirataonline.com.br\\\/#organization\"},\"alternateName\":\"Ubirat\u00e3 Online\",\"potentialAction\":[{\"@type\":\"SearchAction\",\"target\":{\"@type\":\"EntryPoint\",\"urlTemplate\":\"https:\\\/\\\/ubirataonline.com.br\\\/?s={search_term_string}\"},\"query-input\":{\"@type\":\"PropertyValueSpecification\",\"valueRequired\":true,\"valueName\":\"search_term_string\"}}],\"inLanguage\":\"en-US\"},{\"@type\":[\"Organization\",\"Place\"],\"@id\":\"https:\\\/\\\/ubirataonline.com.br\\\/#organization\",\"name\":\"Ubirat\u00e3 Online Not\u00edcias\",\"alternateName\":\"Ubirat\u00e3 Online\",\"url\":\"https:\\\/\\\/ubirataonline.com.br\\\/\",\"logo\":{\"@id\":\"https:\\\/\\\/ubirataonline.com.br\\\/aniversario-de-53-anos-do-bairro-cic-leva-cultura-lazer-e-arte-urbana-as-ruas-do-bairro\\\/#local-main-organization-logo\"},\"image\":{\"@id\":\"https:\\\/\\\/ubirataonline.com.br\\\/aniversario-de-53-anos-do-bairro-cic-leva-cultura-lazer-e-arte-urbana-as-ruas-do-bairro\\\/#local-main-organization-logo\"},\"sameAs\":[\"https:\\\/\\\/www.facebook.com\\\/portalubirataonline\",\"https:\\\/\\\/x.com\\\/ubirataonline\",\"https:\\\/\\\/mastodon.social\\\/@ubirataonline\",\"https:\\\/\\\/www.facebook.com\\\/groups\\\/311144672285604\",\"https:\\\/\\\/www.facebook.com\\\/UBTAOnline\",\"https:\\\/\\\/www.instagram.com\\\/portalubirataonline\\\/\",\"https:\\\/\\\/twitter.com\\\/ubirataonline\"],\"description\":\"Somos um portal de not\u00edcias independente, criado em 5 de janeiro de 2009, com o objetivo de informar, conectar e valorizar a nossa comunidade de Ubirat\u00e3 e toda aregi\u00e3o. Com conte\u00fado atualizado, confi\u00e1vel e relevante, o Ubirat\u00e3 Online \u00e9 o seu espa\u00e7o para ficar por dentro dos principais acontecimentos locais, regionais, Brasil, Mundo e de interesse geral. Nosso compromisso \u00e9 com a verdade, a transpar\u00eancia e o respeito ao leitor.\",\"legalName\":\"UBIRATA ONLINE NOT\u00cdCIAS\",\"foundingDate\":\"2009-01-05\",\"numberOfEmployees\":{\"@type\":\"QuantitativeValue\",\"minValue\":\"1\",\"maxValue\":\"10\"},\"publishingPrinciples\":\"https:\\\/\\\/ubirataonline.com.br\\\/faq\\\/\",\"address\":{\"@id\":\"https:\\\/\\\/ubirataonline.com.br\\\/aniversario-de-53-anos-do-bairro-cic-leva-cultura-lazer-e-arte-urbana-as-ruas-do-bairro\\\/#local-main-place-address\"},\"geo\":{\"@type\":\"GeoCoordinates\",\"latitude\":\"-24.5361401\",\"longitude\":\"-52.9921776\"},\"telephone\":[\"+5544998308235\"],\"contactPoint\":{\"@type\":\"ContactPoint\",\"email\":\"contato@ubirataonline.com.br\"},\"openingHoursSpecification\":{\"@type\":\"OpeningHoursSpecification\",\"dayOfWeek\":[\"Monday\",\"Tuesday\",\"Wednesday\",\"Thursday\",\"Friday\",\"Saturday\",\"Sunday\"],\"opens\":\"00:00\",\"closes\":\"23:59\"},\"email\":\"contato@ubirataonline.com.br\",\"vatID\":\"47.621.418\\\/0001-80\"},{\"@type\":\"Person\",\"@id\":\"https:\\\/\\\/ubirataonline.com.br\\\/#\\\/schema\\\/person\\\/372f87bbd3fdd79b8556b84c98d0bc1c\",\"name\":\"REDA\u00c7\u00c3O: UBIRAT\u00c3 ONLINE - F\u00c1BIO AUGUSTO CELESTINO\",\"pronouns\":\"Ele\",\"description\":\"Desde 2003 trabalhando com not\u00edcias.\",\"sameAs\":[\"http:\\\/\\\/ubirataoline.com.br\",\"https:\\\/\\\/www.facebook.com\\\/portalubirataonline\",\"https:\\\/\\\/www.instagram.com\\\/ubirataonline_oficial\",\"https:\\\/\\\/x.com\\\/x.com\\\/ubirataonline\"],\"honorificPrefix\":\"Mr.\",\"honorificSuffix\":\"MD\",\"birthDate\":\"1980-06-16\",\"gender\":\"masculino\",\"award\":[\"V\u00e1rios pr\u00eamios de melhor portal da cidade\"],\"jobTitle\":\"Diretor\",\"url\":\"https:\\\/\\\/ubirataonline.com.br\\\/en\\\/author\\\/ubirataonline\\\/\"},{\"@type\":\"PostalAddress\",\"@id\":\"https:\\\/\\\/ubirataonline.com.br\\\/aniversario-de-53-anos-do-bairro-cic-leva-cultura-lazer-e-arte-urbana-as-ruas-do-bairro\\\/#local-main-place-address\",\"streetAddress\":\"Rua dos Coqueiros, 104 - Bairro Boa Vista, Rua dos Coqueiros, 104 Bairro Boa Vista\",\"addressLocality\":\"UBIRATA\",\"postalCode\":\"85440-000\",\"addressRegion\":\"PR\",\"addressCountry\":\"BR\"},{\"@type\":\"ImageObject\",\"inLanguage\":\"en-US\",\"@id\":\"https:\\\/\\\/ubirataonline.com.br\\\/aniversario-de-53-anos-do-bairro-cic-leva-cultura-lazer-e-arte-urbana-as-ruas-do-bairro\\\/#local-main-organization-logo\",\"url\":\"https:\\\/\\\/ubirataonline.com.br\\\/wp-content\\\/uploads\\\/2026\\\/06\\\/logoubirataonline-1.webp\",\"contentUrl\":\"https:\\\/\\\/ubirataonline.com.br\\\/wp-content\\\/uploads\\\/2026\\\/06\\\/logoubirataonline-1.webp\",\"width\":500,\"height\":500,\"caption\":\"Ubirat\u00e3 Online Not\u00edcias\"}]}<\/script>\n<meta name=\"geo.placename\" content=\"UBIRATA\" \/>\n<meta name=\"geo.position\" content=\"-24.5361401;-52.9921776\" \/>\n<meta name=\"geo.region\" content=\"Brazil\" \/>\n<!-- \/ Yoast SEO Premium plugin. -->","yoast_head_json":{"title":"Anivers\u00e1rio de 53 anos do bairro CIC leva cultura, lazer e arte urbana \u00e0s ruas do bairro - Ubirat\u00e3 Online Not\u00edcias - A realidade ao seu alcance!","description":"O domingo (12\/4) de sol foi de grande movimenta\u00e7\u00e3o na Rua da Cidadania da Cidade Industrial de Curitiba, que recebeu as comemora\u00e7\u00f5es pelos 53 anos do","robots":{"index":"index","follow":"follow","max-snippet":"max-snippet:-1","max-image-preview":"max-image-preview:large","max-video-preview":"max-video-preview:-1"},"canonical":"https:\/\/ubirataonline.com.br\/en\/aniversario-de-53-anos-do-bairro-cic-leva-cultura-lazer-e-arte-urbana-as-ruas-do-bairro\/","og_locale":"en_US","og_type":"article","og_title":"Anivers\u00e1rio de 53 anos do bairro CIC leva cultura, lazer e arte urbana \u00e0s ruas do bairro","og_description":"O domingo (12\/4) de sol foi de grande movimenta\u00e7\u00e3o na Rua da Cidadania da Cidade Industrial de Curitiba, que recebeu as comemora\u00e7\u00f5es pelos 53 anos do","og_url":"https:\/\/ubirataonline.com.br\/en\/aniversario-de-53-anos-do-bairro-cic-leva-cultura-lazer-e-arte-urbana-as-ruas-do-bairro\/","og_site_name":"Ubirat\u00e3 Online Not\u00edcias - A realidade ao seu alcance!","article_publisher":"https:\/\/www.facebook.com\/portalubirataonline","article_author":"https:\/\/www.facebook.com\/portalubirataonline","article_published_time":"2026-04-13T12:14:27+00:00","article_modified_time":"2026-04-13T12:14:32+00:00","og_image":[{"width":2560,"height":1707,"url":"https:\/\/ubirataonline.com.br\/wp-content\/uploads\/2026\/04\/Aniversario-de-53-anos-do-bairro-CIC-leva-cultura-lazer.jpg","type":"image\/jpeg"}],"author":"REDA\u00c7\u00c3O: UBIRAT\u00c3 ONLINE - F\u00c1BIO AUGUSTO CELESTINO","twitter_card":"summary_large_image","twitter_creator":"@x.com\/ubirataonline","twitter_site":"@ubirataonline","twitter_misc":{"Written by":"REDA\u00c7\u00c3O: UBIRAT\u00c3 ONLINE - F\u00c1BIO AUGUSTO CELESTINO","Est. reading time":"3 minutes"},"schema":{"@context":"https:\/\/schema.org","@graph":[{"@type":"NewsArticle","@id":"https:\/\/ubirataonline.com.br\/aniversario-de-53-anos-do-bairro-cic-leva-cultura-lazer-e-arte-urbana-as-ruas-do-bairro\/#article","isPartOf":{"@id":"https:\/\/ubirataonline.com.br\/aniversario-de-53-anos-do-bairro-cic-leva-cultura-lazer-e-arte-urbana-as-ruas-do-bairro\/"},"author":{"name":"REDA\u00c7\u00c3O: UBIRAT\u00c3 ONLINE - F\u00c1BIO AUGUSTO CELESTINO","@id":"https:\/\/ubirataonline.com.br\/#\/schema\/person\/372f87bbd3fdd79b8556b84c98d0bc1c"},"headline":"Anivers\u00e1rio de 53 anos do bairro CIC leva cultura, lazer e arte urbana \u00e0s ruas do bairro","datePublished":"2026-04-13T12:14:27+00:00","dateModified":"2026-04-13T12:14:32+00:00","mainEntityOfPage":{"@id":"https:\/\/ubirataonline.com.br\/aniversario-de-53-anos-do-bairro-cic-leva-cultura-lazer-e-arte-urbana-as-ruas-do-bairro\/"},"wordCount":557,"publisher":{"@id":"https:\/\/ubirataonline.com.br\/#organization"},"image":{"@id":"https:\/\/ubirataonline.com.br\/aniversario-de-53-anos-do-bairro-cic-leva-cultura-lazer-e-arte-urbana-as-ruas-do-bairro\/#primaryimage"},"thumbnailUrl":"https:\/\/ubirataonline.com.br\/wp-content\/uploads\/2026\/04\/Aniversario-de-53-anos-do-bairro-CIC-leva-cultura-lazer.jpg","keywords":["anivers\u00e1rio","anos","arte","\u00e0s","Bairro","CIC","Cultura","lazer","leva","Ruas","urbana"],"articleSection":["Ubirat\u00e3"],"inLanguage":"en-US","copyrightYear":"2026","copyrightHolder":{"@id":"https:\/\/ubirataonline.com.br\/en\/#organization"}},{"@type":"WebPage","@id":"https:\/\/ubirataonline.com.br\/aniversario-de-53-anos-do-bairro-cic-leva-cultura-lazer-e-arte-urbana-as-ruas-do-bairro\/","url":"https:\/\/ubirataonline.com.br\/aniversario-de-53-anos-do-bairro-cic-leva-cultura-lazer-e-arte-urbana-as-ruas-do-bairro\/","name":"Anivers\u00e1rio de 53 anos do bairro CIC leva cultura, lazer e arte urbana \u00e0s ruas do bairro - Ubirat\u00e3 Online Not\u00edcias - A realidade ao seu alcance!","isPartOf":{"@id":"https:\/\/ubirataonline.com.br\/#website"},"primaryImageOfPage":{"@id":"https:\/\/ubirataonline.com.br\/aniversario-de-53-anos-do-bairro-cic-leva-cultura-lazer-e-arte-urbana-as-ruas-do-bairro\/#primaryimage"},"image":{"@id":"https:\/\/ubirataonline.com.br\/aniversario-de-53-anos-do-bairro-cic-leva-cultura-lazer-e-arte-urbana-as-ruas-do-bairro\/#primaryimage"},"thumbnailUrl":"https:\/\/ubirataonline.com.br\/wp-content\/uploads\/2026\/04\/Aniversario-de-53-anos-do-bairro-CIC-leva-cultura-lazer.jpg","datePublished":"2026-04-13T12:14:27+00:00","dateModified":"2026-04-13T12:14:32+00:00","description":"O domingo (12\/4) de sol foi de grande movimenta\u00e7\u00e3o na Rua da Cidadania da Cidade Industrial de Curitiba, que recebeu as comemora\u00e7\u00f5es pelos 53 anos do","breadcrumb":{"@id":"https:\/\/ubirataonline.com.br\/aniversario-de-53-anos-do-bairro-cic-leva-cultura-lazer-e-arte-urbana-as-ruas-do-bairro\/#breadcrumb"},"inLanguage":"en-US","potentialAction":[{"@type":"ReadAction","target":["https:\/\/ubirataonline.com.br\/aniversario-de-53-anos-do-bairro-cic-leva-cultura-lazer-e-arte-urbana-as-ruas-do-bairro\/"]}]},{"@type":"ImageObject","inLanguage":"en-US","@id":"https:\/\/ubirataonline.com.br\/aniversario-de-53-anos-do-bairro-cic-leva-cultura-lazer-e-arte-urbana-as-ruas-do-bairro\/#primaryimage","url":"https:\/\/ubirataonline.com.br\/wp-content\/uploads\/2026\/04\/Aniversario-de-53-anos-do-bairro-CIC-leva-cultura-lazer.jpg","contentUrl":"https:\/\/ubirataonline.com.br\/wp-content\/uploads\/2026\/04\/Aniversario-de-53-anos-do-bairro-CIC-leva-cultura-lazer.jpg","width":2560,"height":1707,"caption":"CIC se tornou palco de arte urbana no seu 53\u00b0 anivers\u00e1rio"},{"@type":"BreadcrumbList","@id":"https:\/\/ubirataonline.com.br\/aniversario-de-53-anos-do-bairro-cic-leva-cultura-lazer-e-arte-urbana-as-ruas-do-bairro\/#breadcrumb","itemListElement":[{"@type":"ListItem","position":1,"name":"In\u00edcio","item":"https:\/\/ubirataonline.com.br\/"},{"@type":"ListItem","position":2,"name":"Anivers\u00e1rio de 53 anos do bairro CIC leva cultura, lazer e arte urbana \u00e0s ruas do bairro"}]},{"@type":"WebSite","@id":"https:\/\/ubirataonline.com.br\/#website","url":"https:\/\/ubirataonline.com.br\/","name":"Ubirat\u00e3 Online Not\u00edcias","description":"Not\u00edcias de Ubirat\u00e3, regi\u00e3o, Brasil e mundo, com informa\u00e7\u00e3o atualizada e compromisso com o leitor.","publisher":{"@id":"https:\/\/ubirataonline.com.br\/#organization"},"alternateName":"Ubirat\u00e3 Online","potentialAction":[{"@type":"SearchAction","target":{"@type":"EntryPoint","urlTemplate":"https:\/\/ubirataonline.com.br\/?s={search_term_string}"},"query-input":{"@type":"PropertyValueSpecification","valueRequired":true,"valueName":"search_term_string"}}],"inLanguage":"en-US"},{"@type":["Organization","Place"],"@id":"https:\/\/ubirataonline.com.br\/#organization","name":"Ubirat\u00e3 Online Not\u00edcias","alternateName":"Ubirat\u00e3 Online","url":"https:\/\/ubirataonline.com.br\/","logo":{"@id":"https:\/\/ubirataonline.com.br\/aniversario-de-53-anos-do-bairro-cic-leva-cultura-lazer-e-arte-urbana-as-ruas-do-bairro\/#local-main-organization-logo"},"image":{"@id":"https:\/\/ubirataonline.com.br\/aniversario-de-53-anos-do-bairro-cic-leva-cultura-lazer-e-arte-urbana-as-ruas-do-bairro\/#local-main-organization-logo"},"sameAs":["https:\/\/www.facebook.com\/portalubirataonline","https:\/\/x.com\/ubirataonline","https:\/\/mastodon.social\/@ubirataonline","https:\/\/www.facebook.com\/groups\/311144672285604","https:\/\/www.facebook.com\/UBTAOnline","https:\/\/www.instagram.com\/portalubirataonline\/","https:\/\/twitter.com\/ubirataonline"],"description":"Somos um portal de not\u00edcias independente, criado em 5 de janeiro de 2009, com o objetivo de informar, conectar e valorizar a nossa comunidade de Ubirat\u00e3 e toda aregi\u00e3o. Com conte\u00fado atualizado, confi\u00e1vel e relevante, o Ubirat\u00e3 Online \u00e9 o seu espa\u00e7o para ficar por dentro dos principais acontecimentos locais, regionais, Brasil, Mundo e de interesse geral. Nosso compromisso \u00e9 com a verdade, a transpar\u00eancia e o respeito ao leitor.","legalName":"UBIRATA ONLINE NOT\u00cdCIAS","foundingDate":"2009-01-05","numberOfEmployees":{"@type":"QuantitativeValue","minValue":"1","maxValue":"10"},"publishingPrinciples":"https:\/\/ubirataonline.com.br\/faq\/","address":{"@id":"https:\/\/ubirataonline.com.br\/aniversario-de-53-anos-do-bairro-cic-leva-cultura-lazer-e-arte-urbana-as-ruas-do-bairro\/#local-main-place-address"},"geo":{"@type":"GeoCoordinates","latitude":"-24.5361401","longitude":"-52.9921776"},"telephone":["+5544998308235"],"contactPoint":{"@type":"ContactPoint","email":"contato@ubirataonline.com.br"},"openingHoursSpecification":{"@type":"OpeningHoursSpecification","dayOfWeek":["Monday","Tuesday","Wednesday","Thursday","Friday","Saturday","Sunday"],"opens":"00:00","closes":"23:59"},"email":"contato@ubirataonline.com.br","vatID":"47.621.418\/0001-80"},{"@type":"Person","@id":"https:\/\/ubirataonline.com.br\/#\/schema\/person\/372f87bbd3fdd79b8556b84c98d0bc1c","name":"REDA\u00c7\u00c3O: UBIRAT\u00c3 ONLINE - F\u00c1BIO AUGUSTO CELESTINO","pronouns":"Ele","description":"Desde 2003 trabalhando com not\u00edcias.","sameAs":["http:\/\/ubirataoline.com.br","https:\/\/www.facebook.com\/portalubirataonline","https:\/\/www.instagram.com\/ubirataonline_oficial","https:\/\/x.com\/x.com\/ubirataonline"],"honorificPrefix":"Mr.","honorificSuffix":"MD","birthDate":"1980-06-16","gender":"masculino","award":["V\u00e1rios pr\u00eamios de melhor portal da cidade"],"jobTitle":"Diretor","url":"https:\/\/ubirataonline.com.br\/en\/author\/ubirataonline\/"},{"@type":"PostalAddress","@id":"https:\/\/ubirataonline.com.br\/aniversario-de-53-anos-do-bairro-cic-leva-cultura-lazer-e-arte-urbana-as-ruas-do-bairro\/#local-main-place-address","streetAddress":"Rua dos Coqueiros, 104 - Bairro Boa Vista, Rua dos Coqueiros, 104 Bairro Boa Vista","addressLocality":"UBIRATA","postalCode":"85440-000","addressRegion":"PR","addressCountry":"BR"},{"@type":"ImageObject","inLanguage":"en-US","@id":"https:\/\/ubirataonline.com.br\/aniversario-de-53-anos-do-bairro-cic-leva-cultura-lazer-e-arte-urbana-as-ruas-do-bairro\/#local-main-organization-logo","url":"https:\/\/ubirataonline.com.br\/wp-content\/uploads\/2026\/06\/logoubirataonline-1.webp","contentUrl":"https:\/\/ubirataonline.com.br\/wp-content\/uploads\/2026\/06\/logoubirataonline-1.webp","width":500,"height":500,"caption":"Ubirat\u00e3 Online Not\u00edcias"}]},"geo.placename":"UBIRATA","geo.position":{"lat":"-24.5361401","long":"-52.9921776"},"geo.region":"Brazil"},"_links":{"self":[{"href":"https:\/\/ubirataonline.com.br\/en\/wp-json\/wp\/v2\/posts\/105944","targetHints":{"allow":["GET"]}}],"collection":[{"href":"https:\/\/ubirataonline.com.br\/en\/wp-json\/wp\/v2\/posts"}],"about":[{"href":"https:\/\/ubirataonline.com.br\/en\/wp-json\/wp\/v2\/types\/post"}],"author":[{"embeddable":true,"href":"https:\/\/ubirataonline.com.br\/en\/wp-json\/wp\/v2\/users\/1"}],"replies":[{"embeddable":true,"href":"https:\/\/ubirataonline.com.br\/en\/wp-json\/wp\/v2\/comments?post=105944"}],"version-history":[{"count":0,"href":"https:\/\/ubirataonline.com.br\/en\/wp-json\/wp\/v2\/posts\/105944\/revisions"}],"wp:featuredmedia":[{"embeddable":true,"href":"https:\/\/ubirataonline.com.br\/en\/wp-json\/wp\/v2\/media\/105945"}],"wp:attachment":[{"href":"https:\/\/ubirataonline.com.br\/en\/wp-json\/wp\/v2\/media?parent=105944"}],"wp:term":[{"taxonomy":"category","embeddable":true,"href":"https:\/\/ubirataonline.com.br\/en\/wp-json\/wp\/v2\/categories?post=105944"},{"taxonomy":"post_tag","embeddable":true,"href":"https:\/\/ubirataonline.com.br\/en\/wp-json\/wp\/v2\/tags?post=105944"}],"curies":[{"name":"wp","href":"https:\/\/api.w.org\/{rel}","templated":true}]}}