{"id":105959,"date":"2026-04-13T09:33:57","date_gmt":"2026-04-13T12:33:57","guid":{"rendered":"https:\/\/ubirataonline.com.br\/?p=105959"},"modified":"2026-04-13T09:35:55","modified_gmt":"2026-04-13T12:35:55","slug":"ubirata-em-destaque-noticias-locais-comunidade-e-atualizacoes-regionais","status":"publish","type":"post","link":"https:\/\/ubirataonline.com.br\/en\/ubirata-em-destaque-noticias-locais-comunidade-e-atualizacoes-regionais\/","title":{"rendered":"Ubirat\u00e3 em Destaque: Not\u00edcias locais, comunidade e atualiza\u00e7\u00f5es regionais"},"content":{"rendered":"<h4 class=\"wp-block-heading\" id=\"h-ubirata-nao-dorme-encravada-no-oeste-paranaense-a-cidade-com-quase-30-mil-habitantes-carrega-um-ritmo-proprio-as-vezes-agitado-as-vezes-silencioso-mas-sempre-em-movimento-as-noticias-de-ubirata-refletem-algo-que-vai-alem-de-eventos-isolados-elas-contam-a-historia-de-uma-comunidade-que-se-conhece-pelo-nome\">Ubirat\u00e3 n\u00e3o dorme. Encravada no oeste paranaense, a cidade com quase 30 mil habitantes carrega um ritmo pr\u00f3prio \u2014 \u00e0s vezes agitado, \u00e0s vezes silencioso, mas sempre em movimento. As not\u00edcias de Ubirat\u00e3 refletem algo que vai al\u00e9m de eventos isolados: elas contam a hist\u00f3ria de uma comunidade que se conhece pelo nome.<\/h4>\n\n\n\n<p class=\"wp-block-paragraph\" id=\"h-economia-local-numeros-que-falam\">Nos \u00faltimos anos, o munic\u00edpio consolidou sua posi\u00e7\u00e3o como um dos p\u00f3los regionais mais ativos do interior do Paran\u00e1. Com\u00e9rcio, agroneg\u00f3cio e servi\u00e7os p\u00fablicos formam o trip\u00e9 da economia local. E \u00e9 justamente essa diversidade que mant\u00e9m a vida na cidade pulsando.<\/p>\n\n\n\n<p class=\"wp-block-paragraph\" id=\"h-economia-local-numeros-que-falam\"><\/p>\n\n\n\n<p class=\"has-large-font-size wp-block-paragraph\"><strong>Economia Local: N\u00fameros que Falam<\/strong><\/p>\n\n\n\n<p class=\"wp-block-paragraph\">O setor agr\u00edcola responde por cerca de 40% da movimenta\u00e7\u00e3o econ\u00f4mica do munic\u00edpio. A soja e o milho lideram as exporta\u00e7\u00f5es, mas a pecu\u00e1ria tamb\u00e9m ocupa espa\u00e7o relevante no calend\u00e1rio produtivo. Produtores da regi\u00e3o colheram resultados acima da m\u00e9dia nacional na \u00faltima safra.<\/p>\n\n\n\n<p class=\"wp-block-paragraph\">No com\u00e9rcio urbano, os dados do Sebrae-PR apontam crescimento de micro e pequenas empresas em cidades do interior \u2014 tend\u00eancia que Ubirat\u00e3 acompanha de perto. A abertura de novos neg\u00f3cios no centro da cidade aumentou visivelmente. Empreender aqui, dizem os moradores, ainda \u00e9 mais vi\u00e1vel do que nas capitais.<\/p>\n\n\n\n<h2 class=\"wp-block-heading\" id=\"h-seguranca-digital-o-que-a-comunidade-precisa-saber\"><strong>Seguran\u00e7a Digital: O Que a Comunidade Precisa Saber<\/strong><\/h2>\n\n\n\n<p class=\"wp-block-paragraph\">A tecnologia chegou a Ubirat\u00e3 \u2014 e com ela, novos riscos. Golpes digitais, phishing e roubo de dados cresceram mais de 65% no Brasil entre 2021 e 2023, segundo o relat\u00f3rio da Apura Cyber Intelligence. Muitos moradores do interior ainda n\u00e3o sabem como se proteger.<\/p>\n\n\n\n<p class=\"wp-block-paragraph\">Nesse contexto, o uso de ferramentas de ciberseguran\u00e7a virou pauta at\u00e9 em cidades menores. Uma das solu\u00e7\u00f5es mais acess\u00edveis \u00e9 a VPN \u2014 sigla para &#8220;rede privada virtual&#8221;. Servi\u00e7os como o<a href=\"https:\/\/veepn.com\/pt\/argentina\/\"> VeePN<\/a> permitem navegar com mais privacidade, proteger dados em redes p\u00fablicas e acessar conte\u00fados de plataformas estrangeiras que, por restri\u00e7\u00f5es geogr\u00e1ficas, ficam bloqueados no Brasil. Para quem usa internet em lanchonetes, pra\u00e7as ou bibliotecas p\u00fablicas, a prote\u00e7\u00e3o extra faz diferen\u00e7a real.<\/p>\n\n\n\n<h2 class=\"wp-block-heading\" id=\"h-saude-publica-avancos-e-desafios\"><strong>Sa\u00fade P\u00fablica: Avan\u00e7os e Desafios<\/strong><\/h2>\n\n\n\n<p class=\"wp-block-paragraph\">A UBS Central de Ubirat\u00e3 atendeu mais de 12 mil consultas no \u00faltimo ano. O n\u00famero impressiona para uma cidade do porte da nossa, mas ainda h\u00e1 filas. O sistema de agendamento online, implantado recentemente, reduziu o tempo de espera em cerca de 30%.<\/p>\n\n\n\n<p class=\"wp-block-paragraph\">A campanha de vacina\u00e7\u00e3o contra a gripe deste ano bateu recorde de ades\u00e3o no munic\u00edpio. Mais de 70% do p\u00fablico-alvo foi imunizado nas primeiras tr\u00eas semanas. A secretaria de sa\u00fade comemorou \u2014 e j\u00e1 planeja ampliar os postos volantes no pr\u00f3ximo ciclo.<\/p>\n\n\n\n<h2 class=\"wp-block-heading\" id=\"h-eventos-locais-que-movimentam-a-cidade\"><strong>Eventos Locais que Movimentam a Cidade<\/strong><\/h2>\n\n\n\n<p class=\"wp-block-paragraph\">A Festa do Pe\u00e3o, que acontece todo ano em agosto, re\u00fane visitantes de toda a regi\u00e3o. Em 2024, o evento atraiu aproximadamente 15 mil pessoas ao longo dos tr\u00eas dias de programa\u00e7\u00e3o. Para o com\u00e9rcio local, o impacto \u00e9 imediato: hot\u00e9is lotados, restaurantes cheios, ruas movimentadas.<\/p>\n\n\n\n<p class=\"wp-block-paragraph\">Al\u00e9m do pe\u00e3o, a cidade tamb\u00e9m promove feiras de artesanato, campeonatos esportivos escolares e eventos culturais na pra\u00e7a central. A agenda cultural de Ubirat\u00e3 surpreende quem vem de fora. H\u00e1 mais acontecendo aqui do que os n\u00fameros sugerem.<\/p>\n\n\n\n<h2 class=\"wp-block-heading\" id=\"h-educacao-escola-futuro-e-conectividade\"><strong>Educa\u00e7\u00e3o: Escola, Futuro e Conectividade<\/strong><\/h2>\n\n\n\n<p class=\"wp-block-paragraph\">As escolas municipais de Ubirat\u00e3 atendem cerca de 5 mil alunos no ensino fundamental. O \u00edndice de aprova\u00e7\u00e3o ficou acima de 85% no \u00faltimo ano letivo &#8211; resultado acima da m\u00e9dia paranaense. Professores atribuem parte do sucesso aos projetos de refor\u00e7o no contraturno.<\/p>\n\n\n\n<p class=\"wp-block-paragraph\">A internet nas escolas, por\u00e9m, ainda \u00e9 um gargalo. Algumas unidades enfrentam limita\u00e7\u00f5es de acesso a plataformas educacionais internacionais por bloqueios de regi\u00e3o. Este \u00e9 um problema que pode ser contornado com o uso de uma <a href=\"https:\/\/veepn.com\/pt\/\">VPN online<\/a>, permitindo que alunos e professores acessem conte\u00fados de qualidade sem restri\u00e7\u00f5es geogr\u00e1ficas. A conectividade plena \u00e9, cada vez mais, condi\u00e7\u00e3o b\u00e1sica para uma boa educa\u00e7\u00e3o.<\/p>\n\n\n\n<h2 class=\"wp-block-heading\" id=\"h-infraestrutura-urbana-o-que-melhorou-e-o-que-ainda-espera\"><strong>Infraestrutura Urbana: O Que Melhorou e O Que Ainda Espera<\/strong><\/h2>\n\n\n\n<p class=\"wp-block-paragraph\">A pavimenta\u00e7\u00e3o de novos bairros foi um dos compromissos mais cobrados pela popula\u00e7\u00e3o nos \u00faltimos dois anos. Em 2024, a prefeitura asfaltou mais de 8 quil\u00f4metros de vias. N\u00e3o \u00e9 tudo \u2014 mas \u00e9 o come\u00e7o.<\/p>\n\n\n\n<p class=\"wp-block-paragraph\">O parque municipal ganhou novos equipamentos de lazer e ilumina\u00e7\u00e3o LED. A pra\u00e7a central recebeu reforma completa. Pequenas mudan\u00e7as que, somadas, mudam a percep\u00e7\u00e3o de quem vive e circula pela cidade.<\/p>\n\n\n\n<h2 class=\"wp-block-heading\" id=\"h-sociedade-ubiratanense-gente-que-faz-a-diferenca\"><strong>Sociedade Ubiratanense: Gente que Faz a Diferen\u00e7a<\/strong><\/h2>\n\n\n\n<p class=\"wp-block-paragraph\">Volunt\u00e1rios, associa\u00e7\u00f5es de bairro, grupos religiosos, clubes esportivos \u2014 a sociedade civil de Ubirat\u00e3 \u00e9 ativa. Uma pesquisa informal feita pela r\u00e1dio local mostrou que mais de 60% dos entrevistados participam de alguma organiza\u00e7\u00e3o comunit\u00e1ria. Isso diz muito sobre o tecido social da cidade.<\/p>\n\n\n\n<p class=\"wp-block-paragraph\">Em tempos de polariza\u00e7\u00e3o, Ubirat\u00e3 ainda guarda algo valioso: o senso de vizinhan\u00e7a. As pessoas se conhecem, se ajudam e debatem. N\u00e3o \u00e9 idealismo \u2014 \u00e9 observa\u00e7\u00e3o de quem acompanha o dia a dia daqui.<\/p>\n\n\n\n<h2 class=\"wp-block-heading\" id=\"h-o-que-vem-por-ai\"><strong>O Que Vem Por A\u00ed<\/strong><\/h2>\n\n\n\n<p class=\"wp-block-paragraph\">O segundo semestre de 2025 promete movimenta\u00e7\u00e3o. Elei\u00e7\u00f5es municipais suplementares, novos investimentos em saneamento b\u00e1sico e a expans\u00e3o de uma linha de transporte intermunicipal est\u00e3o na pauta. As atualiza\u00e7\u00f5es locais chegam r\u00e1pido para quem est\u00e1 atento.<\/p>\n\n\n\n<p class=\"wp-block-paragraph\">Ubirat\u00e3 segue. Com seus problemas, suas conquistas, suas festas e seus debates. As not\u00edcias regionais desta cidade s\u00e3o, no fundo, not\u00edcias de um Brasil que trabalha todos os dias sem aparecer nas manchetes nacionais \u2014 mas que existe, resiste e constr\u00f3i.<\/p>","protected":false},"excerpt":{"rendered":"<p>Ubirat\u00e3 n\u00e3o dorme. Encravada no oeste paranaense, a cidade com quase 30 mil habitantes carrega um ritmo pr\u00f3prio \u2014 \u00e0s vezes agitado, \u00e0s vezes silencioso, mas sempre em movimento. As not\u00edcias de Ubirat\u00e3 refletem algo que vai al\u00e9m de eventos isolados: elas contam a hist\u00f3ria de uma comunidade que se conhece pelo nome. Nos \u00faltimos [&hellip;]<\/p>\n","protected":false},"author":1,"featured_media":32767,"comment_status":"closed","ping_status":"closed","sticky":false,"template":"","format":"standard","meta":{"googlesitekit_rrm_CAow2JLhCw:productID":"","_gspb_post_css":"","maa_idioma":"","maa_pais":"","footnotes":""},"categories":[1],"tags":[],"class_list":["post-105959","post","type-post","status-publish","format-standard","has-post-thumbnail","hentry","category-ubirata"],"blocksy_meta":[],"yoast_head":"<!-- This site is optimized with the Yoast SEO Premium plugin v27.6 (Yoast SEO v27.6) - https:\/\/yoast.com\/product\/yoast-seo-premium-wordpress\/ -->\n<title>Ubirat\u00e3 em Destaque: Not\u00edcias locais, comunidade e atualiza\u00e7\u00f5es regionais - Ubirat\u00e3 Online Not\u00edcias - A realidade ao seu alcance!<\/title>\n<meta name=\"description\" content=\"Ubirat\u00e3 n\u00e3o dorme. Encravada no oeste paranaense, a cidade com quase 30 mil habitantes carrega um ritmo pr\u00f3prio \u2014 \u00e0s vezes agitado, \u00e0s vezes silencioso,\" \/>\n<meta name=\"robots\" content=\"index, follow, max-snippet:-1, max-image-preview:large, max-video-preview:-1\" \/>\n<link rel=\"canonical\" href=\"https:\/\/ubirataonline.com.br\/en\/ubirata-em-destaque-noticias-locais-comunidade-e-atualizacoes-regionais\/\" \/>\n<meta property=\"og:locale\" content=\"en_US\" \/>\n<meta property=\"og:type\" content=\"article\" \/>\n<meta property=\"og:title\" content=\"Ubirat\u00e3 em Destaque: Not\u00edcias locais, comunidade e atualiza\u00e7\u00f5es regionais\" \/>\n<meta property=\"og:description\" content=\"Ubirat\u00e3 n\u00e3o dorme. Encravada no oeste paranaense, a cidade com quase 30 mil habitantes carrega um ritmo pr\u00f3prio \u2014 \u00e0s vezes agitado, \u00e0s vezes silencioso,\" \/>\n<meta property=\"og:url\" content=\"https:\/\/ubirataonline.com.br\/en\/ubirata-em-destaque-noticias-locais-comunidade-e-atualizacoes-regionais\/\" \/>\n<meta property=\"og:site_name\" content=\"Ubirat\u00e3 Online Not\u00edcias - A realidade ao seu alcance!\" \/>\n<meta property=\"article:publisher\" content=\"https:\/\/www.facebook.com\/portalubirataonline\" \/>\n<meta property=\"article:author\" content=\"https:\/\/www.facebook.com\/portalubirataonline\" \/>\n<meta property=\"article:published_time\" content=\"2026-04-13T12:33:57+00:00\" \/>\n<meta property=\"article:modified_time\" content=\"2026-04-13T12:35:55+00:00\" \/>\n<meta property=\"og:image\" content=\"https:\/\/ubirataonline.com.br\/wp-content\/uploads\/2020\/05\/ubirata-1.jpg\" \/>\n\t<meta property=\"og:image:width\" content=\"960\" \/>\n\t<meta property=\"og:image:height\" content=\"557\" \/>\n\t<meta property=\"og:image:type\" content=\"image\/jpeg\" \/>\n<meta name=\"author\" content=\"REDA\u00c7\u00c3O: UBIRAT\u00c3 ONLINE - F\u00c1BIO AUGUSTO CELESTINO\" \/>\n<meta name=\"twitter:card\" content=\"summary_large_image\" \/>\n<meta name=\"twitter:creator\" content=\"@x.com\/ubirataonline\" \/>\n<meta name=\"twitter:site\" content=\"@ubirataonline\" \/>\n<meta name=\"twitter:label1\" content=\"Written by\" \/>\n\t<meta name=\"twitter:data1\" content=\"REDA\u00c7\u00c3O: UBIRAT\u00c3 ONLINE - F\u00c1BIO AUGUSTO CELESTINO\" \/>\n\t<meta name=\"twitter:label2\" content=\"Est. reading time\" \/>\n\t<meta name=\"twitter:data2\" content=\"4 minutes\" \/>\n<script type=\"application\/ld+json\" class=\"yoast-schema-graph\">{\"@context\":\"https:\\\/\\\/schema.org\",\"@graph\":[{\"@type\":\"NewsArticle\",\"@id\":\"https:\\\/\\\/ubirataonline.com.br\\\/ubirata-em-destaque-noticias-locais-comunidade-e-atualizacoes-regionais\\\/#article\",\"isPartOf\":{\"@id\":\"https:\\\/\\\/ubirataonline.com.br\\\/ubirata-em-destaque-noticias-locais-comunidade-e-atualizacoes-regionais\\\/\"},\"author\":{\"name\":\"REDA\u00c7\u00c3O: UBIRAT\u00c3 ONLINE - F\u00c1BIO AUGUSTO CELESTINO\",\"@id\":\"https:\\\/\\\/ubirataonline.com.br\\\/#\\\/schema\\\/person\\\/372f87bbd3fdd79b8556b84c98d0bc1c\"},\"headline\":\"Ubirat\u00e3 em Destaque: Not\u00edcias locais, comunidade e atualiza\u00e7\u00f5es regionais\",\"datePublished\":\"2026-04-13T12:33:57+00:00\",\"dateModified\":\"2026-04-13T12:35:55+00:00\",\"mainEntityOfPage\":{\"@id\":\"https:\\\/\\\/ubirataonline.com.br\\\/ubirata-em-destaque-noticias-locais-comunidade-e-atualizacoes-regionais\\\/\"},\"wordCount\":938,\"publisher\":{\"@id\":\"https:\\\/\\\/ubirataonline.com.br\\\/#organization\"},\"image\":{\"@id\":\"https:\\\/\\\/ubirataonline.com.br\\\/ubirata-em-destaque-noticias-locais-comunidade-e-atualizacoes-regionais\\\/#primaryimage\"},\"thumbnailUrl\":\"https:\\\/\\\/ubirataonline.com.br\\\/wp-content\\\/uploads\\\/2020\\\/05\\\/ubirata-1.jpg\",\"articleSection\":[\"Ubirat\u00e3\"],\"inLanguage\":\"en-US\",\"copyrightYear\":\"2026\",\"copyrightHolder\":{\"@id\":\"https:\\\/\\\/ubirataonline.com.br\\\/en\\\/#organization\"}},{\"@type\":\"WebPage\",\"@id\":\"https:\\\/\\\/ubirataonline.com.br\\\/ubirata-em-destaque-noticias-locais-comunidade-e-atualizacoes-regionais\\\/\",\"url\":\"https:\\\/\\\/ubirataonline.com.br\\\/ubirata-em-destaque-noticias-locais-comunidade-e-atualizacoes-regionais\\\/\",\"name\":\"Ubirat\u00e3 em Destaque: Not\u00edcias locais, comunidade e atualiza\u00e7\u00f5es regionais - Ubirat\u00e3 Online Not\u00edcias - A realidade ao seu alcance!\",\"isPartOf\":{\"@id\":\"https:\\\/\\\/ubirataonline.com.br\\\/#website\"},\"primaryImageOfPage\":{\"@id\":\"https:\\\/\\\/ubirataonline.com.br\\\/ubirata-em-destaque-noticias-locais-comunidade-e-atualizacoes-regionais\\\/#primaryimage\"},\"image\":{\"@id\":\"https:\\\/\\\/ubirataonline.com.br\\\/ubirata-em-destaque-noticias-locais-comunidade-e-atualizacoes-regionais\\\/#primaryimage\"},\"thumbnailUrl\":\"https:\\\/\\\/ubirataonline.com.br\\\/wp-content\\\/uploads\\\/2020\\\/05\\\/ubirata-1.jpg\",\"datePublished\":\"2026-04-13T12:33:57+00:00\",\"dateModified\":\"2026-04-13T12:35:55+00:00\",\"description\":\"Ubirat\u00e3 n\u00e3o dorme. Encravada no oeste paranaense, a cidade com quase 30 mil habitantes carrega um ritmo pr\u00f3prio \u2014 \u00e0s vezes agitado, \u00e0s vezes silencioso,\",\"breadcrumb\":{\"@id\":\"https:\\\/\\\/ubirataonline.com.br\\\/ubirata-em-destaque-noticias-locais-comunidade-e-atualizacoes-regionais\\\/#breadcrumb\"},\"inLanguage\":\"en-US\",\"potentialAction\":[{\"@type\":\"ReadAction\",\"target\":[\"https:\\\/\\\/ubirataonline.com.br\\\/ubirata-em-destaque-noticias-locais-comunidade-e-atualizacoes-regionais\\\/\"]}]},{\"@type\":\"ImageObject\",\"inLanguage\":\"en-US\",\"@id\":\"https:\\\/\\\/ubirataonline.com.br\\\/ubirata-em-destaque-noticias-locais-comunidade-e-atualizacoes-regionais\\\/#primaryimage\",\"url\":\"https:\\\/\\\/ubirataonline.com.br\\\/wp-content\\\/uploads\\\/2020\\\/05\\\/ubirata-1.jpg\",\"contentUrl\":\"https:\\\/\\\/ubirataonline.com.br\\\/wp-content\\\/uploads\\\/2020\\\/05\\\/ubirata-1.jpg\",\"width\":960,\"height\":557,\"caption\":\"ubirataonline\"},{\"@type\":\"BreadcrumbList\",\"@id\":\"https:\\\/\\\/ubirataonline.com.br\\\/ubirata-em-destaque-noticias-locais-comunidade-e-atualizacoes-regionais\\\/#breadcrumb\",\"itemListElement\":[{\"@type\":\"ListItem\",\"position\":1,\"name\":\"In\u00edcio\",\"item\":\"https:\\\/\\\/ubirataonline.com.br\\\/\"},{\"@type\":\"ListItem\",\"position\":2,\"name\":\"Ubirat\u00e3 em Destaque: Not\u00edcias locais, comunidade e atualiza\u00e7\u00f5es regionais\"}]},{\"@type\":\"WebSite\",\"@id\":\"https:\\\/\\\/ubirataonline.com.br\\\/#website\",\"url\":\"https:\\\/\\\/ubirataonline.com.br\\\/\",\"name\":\"Ubirat\u00e3 Online Not\u00edcias\",\"description\":\"Not\u00edcias de Ubirat\u00e3, regi\u00e3o, Brasil e mundo, com informa\u00e7\u00e3o atualizada e compromisso com o leitor.\",\"publisher\":{\"@id\":\"https:\\\/\\\/ubirataonline.com.br\\\/#organization\"},\"alternateName\":\"Ubirat\u00e3 Online\",\"potentialAction\":[{\"@type\":\"SearchAction\",\"target\":{\"@type\":\"EntryPoint\",\"urlTemplate\":\"https:\\\/\\\/ubirataonline.com.br\\\/?s={search_term_string}\"},\"query-input\":{\"@type\":\"PropertyValueSpecification\",\"valueRequired\":true,\"valueName\":\"search_term_string\"}}],\"inLanguage\":\"en-US\"},{\"@type\":[\"Organization\",\"Place\"],\"@id\":\"https:\\\/\\\/ubirataonline.com.br\\\/#organization\",\"name\":\"Ubirat\u00e3 Online Not\u00edcias\",\"alternateName\":\"Ubirat\u00e3 Online\",\"url\":\"https:\\\/\\\/ubirataonline.com.br\\\/\",\"logo\":{\"@id\":\"https:\\\/\\\/ubirataonline.com.br\\\/ubirata-em-destaque-noticias-locais-comunidade-e-atualizacoes-regionais\\\/#local-main-organization-logo\"},\"image\":{\"@id\":\"https:\\\/\\\/ubirataonline.com.br\\\/ubirata-em-destaque-noticias-locais-comunidade-e-atualizacoes-regionais\\\/#local-main-organization-logo\"},\"sameAs\":[\"https:\\\/\\\/www.facebook.com\\\/portalubirataonline\",\"https:\\\/\\\/x.com\\\/ubirataonline\",\"https:\\\/\\\/mastodon.social\\\/@ubirataonline\",\"https:\\\/\\\/www.facebook.com\\\/groups\\\/311144672285604\",\"https:\\\/\\\/www.facebook.com\\\/UBTAOnline\",\"https:\\\/\\\/www.instagram.com\\\/portalubirataonline\\\/\",\"https:\\\/\\\/twitter.com\\\/ubirataonline\"],\"description\":\"Somos um portal de not\u00edcias independente, criado em 5 de janeiro de 2009, com o objetivo de informar, conectar e valorizar a nossa comunidade de Ubirat\u00e3 e toda aregi\u00e3o. Com conte\u00fado atualizado, confi\u00e1vel e relevante, o Ubirat\u00e3 Online \u00e9 o seu espa\u00e7o para ficar por dentro dos principais acontecimentos locais, regionais, Brasil, Mundo e de interesse geral. Nosso compromisso \u00e9 com a verdade, a transpar\u00eancia e o respeito ao leitor.\",\"legalName\":\"UBIRATA ONLINE NOT\u00cdCIAS\",\"foundingDate\":\"2009-01-05\",\"numberOfEmployees\":{\"@type\":\"QuantitativeValue\",\"minValue\":\"1\",\"maxValue\":\"10\"},\"publishingPrinciples\":\"https:\\\/\\\/ubirataonline.com.br\\\/faq\\\/\",\"address\":{\"@id\":\"https:\\\/\\\/ubirataonline.com.br\\\/ubirata-em-destaque-noticias-locais-comunidade-e-atualizacoes-regionais\\\/#local-main-place-address\"},\"geo\":{\"@type\":\"GeoCoordinates\",\"latitude\":\"-24.5361401\",\"longitude\":\"-52.9921776\"},\"telephone\":[\"+5544998308235\"],\"contactPoint\":{\"@type\":\"ContactPoint\",\"email\":\"contato@ubirataonline.com.br\"},\"openingHoursSpecification\":{\"@type\":\"OpeningHoursSpecification\",\"dayOfWeek\":[\"Monday\",\"Tuesday\",\"Wednesday\",\"Thursday\",\"Friday\",\"Saturday\",\"Sunday\"],\"opens\":\"00:00\",\"closes\":\"23:59\"},\"email\":\"contato@ubirataonline.com.br\",\"vatID\":\"47.621.418\\\/0001-80\"},{\"@type\":\"Person\",\"@id\":\"https:\\\/\\\/ubirataonline.com.br\\\/#\\\/schema\\\/person\\\/372f87bbd3fdd79b8556b84c98d0bc1c\",\"name\":\"REDA\u00c7\u00c3O: UBIRAT\u00c3 ONLINE - F\u00c1BIO AUGUSTO CELESTINO\",\"pronouns\":\"Ele\",\"description\":\"Desde 2003 trabalhando com not\u00edcias.\",\"sameAs\":[\"http:\\\/\\\/ubirataoline.com.br\",\"https:\\\/\\\/www.facebook.com\\\/portalubirataonline\",\"https:\\\/\\\/www.instagram.com\\\/ubirataonline_oficial\",\"https:\\\/\\\/x.com\\\/x.com\\\/ubirataonline\"],\"honorificPrefix\":\"Mr.\",\"honorificSuffix\":\"MD\",\"birthDate\":\"1980-06-16\",\"gender\":\"masculino\",\"award\":[\"V\u00e1rios pr\u00eamios de melhor portal da cidade\"],\"jobTitle\":\"Diretor\",\"url\":\"https:\\\/\\\/ubirataonline.com.br\\\/en\\\/author\\\/ubirataonline\\\/\"},{\"@type\":\"PostalAddress\",\"@id\":\"https:\\\/\\\/ubirataonline.com.br\\\/ubirata-em-destaque-noticias-locais-comunidade-e-atualizacoes-regionais\\\/#local-main-place-address\",\"streetAddress\":\"Rua dos Coqueiros, 104 - Bairro Boa Vista, Rua dos Coqueiros, 104 Bairro Boa Vista\",\"addressLocality\":\"UBIRATA\",\"postalCode\":\"85440-000\",\"addressRegion\":\"PR\",\"addressCountry\":\"BR\"},{\"@type\":\"ImageObject\",\"inLanguage\":\"en-US\",\"@id\":\"https:\\\/\\\/ubirataonline.com.br\\\/ubirata-em-destaque-noticias-locais-comunidade-e-atualizacoes-regionais\\\/#local-main-organization-logo\",\"url\":\"https:\\\/\\\/ubirataonline.com.br\\\/wp-content\\\/uploads\\\/2026\\\/06\\\/logoubirataonline-1.webp\",\"contentUrl\":\"https:\\\/\\\/ubirataonline.com.br\\\/wp-content\\\/uploads\\\/2026\\\/06\\\/logoubirataonline-1.webp\",\"width\":500,\"height\":500,\"caption\":\"Ubirat\u00e3 Online Not\u00edcias\"}]}<\/script>\n<meta name=\"geo.placename\" content=\"UBIRATA\" \/>\n<meta name=\"geo.position\" content=\"-24.5361401;-52.9921776\" \/>\n<meta name=\"geo.region\" content=\"Brazil\" \/>\n<!-- \/ Yoast SEO Premium plugin. -->","yoast_head_json":{"title":"Ubirat\u00e3 em Destaque: Not\u00edcias locais, comunidade e atualiza\u00e7\u00f5es regionais - Ubirat\u00e3 Online Not\u00edcias - A realidade ao seu alcance!","description":"Ubirat\u00e3 n\u00e3o dorme. Encravada no oeste paranaense, a cidade com quase 30 mil habitantes carrega um ritmo pr\u00f3prio \u2014 \u00e0s vezes agitado, \u00e0s vezes silencioso,","robots":{"index":"index","follow":"follow","max-snippet":"max-snippet:-1","max-image-preview":"max-image-preview:large","max-video-preview":"max-video-preview:-1"},"canonical":"https:\/\/ubirataonline.com.br\/en\/ubirata-em-destaque-noticias-locais-comunidade-e-atualizacoes-regionais\/","og_locale":"en_US","og_type":"article","og_title":"Ubirat\u00e3 em Destaque: Not\u00edcias locais, comunidade e atualiza\u00e7\u00f5es regionais","og_description":"Ubirat\u00e3 n\u00e3o dorme. Encravada no oeste paranaense, a cidade com quase 30 mil habitantes carrega um ritmo pr\u00f3prio \u2014 \u00e0s vezes agitado, \u00e0s vezes silencioso,","og_url":"https:\/\/ubirataonline.com.br\/en\/ubirata-em-destaque-noticias-locais-comunidade-e-atualizacoes-regionais\/","og_site_name":"Ubirat\u00e3 Online Not\u00edcias - A realidade ao seu alcance!","article_publisher":"https:\/\/www.facebook.com\/portalubirataonline","article_author":"https:\/\/www.facebook.com\/portalubirataonline","article_published_time":"2026-04-13T12:33:57+00:00","article_modified_time":"2026-04-13T12:35:55+00:00","og_image":[{"width":960,"height":557,"url":"https:\/\/ubirataonline.com.br\/wp-content\/uploads\/2020\/05\/ubirata-1.jpg","type":"image\/jpeg"}],"author":"REDA\u00c7\u00c3O: UBIRAT\u00c3 ONLINE - F\u00c1BIO AUGUSTO CELESTINO","twitter_card":"summary_large_image","twitter_creator":"@x.com\/ubirataonline","twitter_site":"@ubirataonline","twitter_misc":{"Written by":"REDA\u00c7\u00c3O: UBIRAT\u00c3 ONLINE - F\u00c1BIO AUGUSTO CELESTINO","Est. reading time":"4 minutes"},"schema":{"@context":"https:\/\/schema.org","@graph":[{"@type":"NewsArticle","@id":"https:\/\/ubirataonline.com.br\/ubirata-em-destaque-noticias-locais-comunidade-e-atualizacoes-regionais\/#article","isPartOf":{"@id":"https:\/\/ubirataonline.com.br\/ubirata-em-destaque-noticias-locais-comunidade-e-atualizacoes-regionais\/"},"author":{"name":"REDA\u00c7\u00c3O: UBIRAT\u00c3 ONLINE - F\u00c1BIO AUGUSTO CELESTINO","@id":"https:\/\/ubirataonline.com.br\/#\/schema\/person\/372f87bbd3fdd79b8556b84c98d0bc1c"},"headline":"Ubirat\u00e3 em Destaque: Not\u00edcias locais, comunidade e atualiza\u00e7\u00f5es regionais","datePublished":"2026-04-13T12:33:57+00:00","dateModified":"2026-04-13T12:35:55+00:00","mainEntityOfPage":{"@id":"https:\/\/ubirataonline.com.br\/ubirata-em-destaque-noticias-locais-comunidade-e-atualizacoes-regionais\/"},"wordCount":938,"publisher":{"@id":"https:\/\/ubirataonline.com.br\/#organization"},"image":{"@id":"https:\/\/ubirataonline.com.br\/ubirata-em-destaque-noticias-locais-comunidade-e-atualizacoes-regionais\/#primaryimage"},"thumbnailUrl":"https:\/\/ubirataonline.com.br\/wp-content\/uploads\/2020\/05\/ubirata-1.jpg","articleSection":["Ubirat\u00e3"],"inLanguage":"en-US","copyrightYear":"2026","copyrightHolder":{"@id":"https:\/\/ubirataonline.com.br\/en\/#organization"}},{"@type":"WebPage","@id":"https:\/\/ubirataonline.com.br\/ubirata-em-destaque-noticias-locais-comunidade-e-atualizacoes-regionais\/","url":"https:\/\/ubirataonline.com.br\/ubirata-em-destaque-noticias-locais-comunidade-e-atualizacoes-regionais\/","name":"Ubirat\u00e3 em Destaque: Not\u00edcias locais, comunidade e atualiza\u00e7\u00f5es regionais - Ubirat\u00e3 Online Not\u00edcias - A realidade ao seu alcance!","isPartOf":{"@id":"https:\/\/ubirataonline.com.br\/#website"},"primaryImageOfPage":{"@id":"https:\/\/ubirataonline.com.br\/ubirata-em-destaque-noticias-locais-comunidade-e-atualizacoes-regionais\/#primaryimage"},"image":{"@id":"https:\/\/ubirataonline.com.br\/ubirata-em-destaque-noticias-locais-comunidade-e-atualizacoes-regionais\/#primaryimage"},"thumbnailUrl":"https:\/\/ubirataonline.com.br\/wp-content\/uploads\/2020\/05\/ubirata-1.jpg","datePublished":"2026-04-13T12:33:57+00:00","dateModified":"2026-04-13T12:35:55+00:00","description":"Ubirat\u00e3 n\u00e3o dorme. Encravada no oeste paranaense, a cidade com quase 30 mil habitantes carrega um ritmo pr\u00f3prio \u2014 \u00e0s vezes agitado, \u00e0s vezes silencioso,","breadcrumb":{"@id":"https:\/\/ubirataonline.com.br\/ubirata-em-destaque-noticias-locais-comunidade-e-atualizacoes-regionais\/#breadcrumb"},"inLanguage":"en-US","potentialAction":[{"@type":"ReadAction","target":["https:\/\/ubirataonline.com.br\/ubirata-em-destaque-noticias-locais-comunidade-e-atualizacoes-regionais\/"]}]},{"@type":"ImageObject","inLanguage":"en-US","@id":"https:\/\/ubirataonline.com.br\/ubirata-em-destaque-noticias-locais-comunidade-e-atualizacoes-regionais\/#primaryimage","url":"https:\/\/ubirataonline.com.br\/wp-content\/uploads\/2020\/05\/ubirata-1.jpg","contentUrl":"https:\/\/ubirataonline.com.br\/wp-content\/uploads\/2020\/05\/ubirata-1.jpg","width":960,"height":557,"caption":"ubirataonline"},{"@type":"BreadcrumbList","@id":"https:\/\/ubirataonline.com.br\/ubirata-em-destaque-noticias-locais-comunidade-e-atualizacoes-regionais\/#breadcrumb","itemListElement":[{"@type":"ListItem","position":1,"name":"In\u00edcio","item":"https:\/\/ubirataonline.com.br\/"},{"@type":"ListItem","position":2,"name":"Ubirat\u00e3 em Destaque: Not\u00edcias locais, comunidade e atualiza\u00e7\u00f5es regionais"}]},{"@type":"WebSite","@id":"https:\/\/ubirataonline.com.br\/#website","url":"https:\/\/ubirataonline.com.br\/","name":"Ubirat\u00e3 Online Not\u00edcias","description":"Not\u00edcias de Ubirat\u00e3, regi\u00e3o, Brasil e mundo, com informa\u00e7\u00e3o atualizada e compromisso com o leitor.","publisher":{"@id":"https:\/\/ubirataonline.com.br\/#organization"},"alternateName":"Ubirat\u00e3 Online","potentialAction":[{"@type":"SearchAction","target":{"@type":"EntryPoint","urlTemplate":"https:\/\/ubirataonline.com.br\/?s={search_term_string}"},"query-input":{"@type":"PropertyValueSpecification","valueRequired":true,"valueName":"search_term_string"}}],"inLanguage":"en-US"},{"@type":["Organization","Place"],"@id":"https:\/\/ubirataonline.com.br\/#organization","name":"Ubirat\u00e3 Online Not\u00edcias","alternateName":"Ubirat\u00e3 Online","url":"https:\/\/ubirataonline.com.br\/","logo":{"@id":"https:\/\/ubirataonline.com.br\/ubirata-em-destaque-noticias-locais-comunidade-e-atualizacoes-regionais\/#local-main-organization-logo"},"image":{"@id":"https:\/\/ubirataonline.com.br\/ubirata-em-destaque-noticias-locais-comunidade-e-atualizacoes-regionais\/#local-main-organization-logo"},"sameAs":["https:\/\/www.facebook.com\/portalubirataonline","https:\/\/x.com\/ubirataonline","https:\/\/mastodon.social\/@ubirataonline","https:\/\/www.facebook.com\/groups\/311144672285604","https:\/\/www.facebook.com\/UBTAOnline","https:\/\/www.instagram.com\/portalubirataonline\/","https:\/\/twitter.com\/ubirataonline"],"description":"Somos um portal de not\u00edcias independente, criado em 5 de janeiro de 2009, com o objetivo de informar, conectar e valorizar a nossa comunidade de Ubirat\u00e3 e toda aregi\u00e3o. Com conte\u00fado atualizado, confi\u00e1vel e relevante, o Ubirat\u00e3 Online \u00e9 o seu espa\u00e7o para ficar por dentro dos principais acontecimentos locais, regionais, Brasil, Mundo e de interesse geral. Nosso compromisso \u00e9 com a verdade, a transpar\u00eancia e o respeito ao leitor.","legalName":"UBIRATA ONLINE NOT\u00cdCIAS","foundingDate":"2009-01-05","numberOfEmployees":{"@type":"QuantitativeValue","minValue":"1","maxValue":"10"},"publishingPrinciples":"https:\/\/ubirataonline.com.br\/faq\/","address":{"@id":"https:\/\/ubirataonline.com.br\/ubirata-em-destaque-noticias-locais-comunidade-e-atualizacoes-regionais\/#local-main-place-address"},"geo":{"@type":"GeoCoordinates","latitude":"-24.5361401","longitude":"-52.9921776"},"telephone":["+5544998308235"],"contactPoint":{"@type":"ContactPoint","email":"contato@ubirataonline.com.br"},"openingHoursSpecification":{"@type":"OpeningHoursSpecification","dayOfWeek":["Monday","Tuesday","Wednesday","Thursday","Friday","Saturday","Sunday"],"opens":"00:00","closes":"23:59"},"email":"contato@ubirataonline.com.br","vatID":"47.621.418\/0001-80"},{"@type":"Person","@id":"https:\/\/ubirataonline.com.br\/#\/schema\/person\/372f87bbd3fdd79b8556b84c98d0bc1c","name":"REDA\u00c7\u00c3O: UBIRAT\u00c3 ONLINE - F\u00c1BIO AUGUSTO CELESTINO","pronouns":"Ele","description":"Desde 2003 trabalhando com not\u00edcias.","sameAs":["http:\/\/ubirataoline.com.br","https:\/\/www.facebook.com\/portalubirataonline","https:\/\/www.instagram.com\/ubirataonline_oficial","https:\/\/x.com\/x.com\/ubirataonline"],"honorificPrefix":"Mr.","honorificSuffix":"MD","birthDate":"1980-06-16","gender":"masculino","award":["V\u00e1rios pr\u00eamios de melhor portal da cidade"],"jobTitle":"Diretor","url":"https:\/\/ubirataonline.com.br\/en\/author\/ubirataonline\/"},{"@type":"PostalAddress","@id":"https:\/\/ubirataonline.com.br\/ubirata-em-destaque-noticias-locais-comunidade-e-atualizacoes-regionais\/#local-main-place-address","streetAddress":"Rua dos Coqueiros, 104 - Bairro Boa Vista, Rua dos Coqueiros, 104 Bairro Boa Vista","addressLocality":"UBIRATA","postalCode":"85440-000","addressRegion":"PR","addressCountry":"BR"},{"@type":"ImageObject","inLanguage":"en-US","@id":"https:\/\/ubirataonline.com.br\/ubirata-em-destaque-noticias-locais-comunidade-e-atualizacoes-regionais\/#local-main-organization-logo","url":"https:\/\/ubirataonline.com.br\/wp-content\/uploads\/2026\/06\/logoubirataonline-1.webp","contentUrl":"https:\/\/ubirataonline.com.br\/wp-content\/uploads\/2026\/06\/logoubirataonline-1.webp","width":500,"height":500,"caption":"Ubirat\u00e3 Online Not\u00edcias"}]},"geo.placename":"UBIRATA","geo.position":{"lat":"-24.5361401","long":"-52.9921776"},"geo.region":"Brazil"},"_links":{"self":[{"href":"https:\/\/ubirataonline.com.br\/en\/wp-json\/wp\/v2\/posts\/105959","targetHints":{"allow":["GET"]}}],"collection":[{"href":"https:\/\/ubirataonline.com.br\/en\/wp-json\/wp\/v2\/posts"}],"about":[{"href":"https:\/\/ubirataonline.com.br\/en\/wp-json\/wp\/v2\/types\/post"}],"author":[{"embeddable":true,"href":"https:\/\/ubirataonline.com.br\/en\/wp-json\/wp\/v2\/users\/1"}],"replies":[{"embeddable":true,"href":"https:\/\/ubirataonline.com.br\/en\/wp-json\/wp\/v2\/comments?post=105959"}],"version-history":[{"count":0,"href":"https:\/\/ubirataonline.com.br\/en\/wp-json\/wp\/v2\/posts\/105959\/revisions"}],"wp:featuredmedia":[{"embeddable":true,"href":"https:\/\/ubirataonline.com.br\/en\/wp-json\/wp\/v2\/media\/32767"}],"wp:attachment":[{"href":"https:\/\/ubirataonline.com.br\/en\/wp-json\/wp\/v2\/media?parent=105959"}],"wp:term":[{"taxonomy":"category","embeddable":true,"href":"https:\/\/ubirataonline.com.br\/en\/wp-json\/wp\/v2\/categories?post=105959"},{"taxonomy":"post_tag","embeddable":true,"href":"https:\/\/ubirataonline.com.br\/en\/wp-json\/wp\/v2\/tags?post=105959"}],"curies":[{"name":"wp","href":"https:\/\/api.w.org\/{rel}","templated":true}]}}