{"id":105988,"date":"2026-04-13T10:18:26","date_gmt":"2026-04-13T13:18:26","guid":{"rendered":"https:\/\/ubirataonline.com.br\/enquete-bbb-26-quem-deve-sair-entre-ana-paula-gabriela-e-juliano-floss\/"},"modified":"2026-04-13T10:18:27","modified_gmt":"2026-04-13T13:18:27","slug":"enquete-bbb-26-quem-deve-sair-entre-ana-paula-gabriela-e-juliano-floss","status":"publish","type":"post","link":"https:\/\/ubirataonline.com.br\/en\/enquete-bbb-26-quem-deve-sair-entre-ana-paula-gabriela-e-juliano-floss\/","title":{"rendered":"Enquete BBB 26: quem deve sair entre Ana Paula, Gabriela e Juliano Floss"},"content":{"rendered":"<p><\/p>\n<div>\n<div class=\"thumbnail position-relative mx-auto\" id=\"post-thumbnail\" style=\"min-height: 531px;\">\n                        <picture><source type=\"image\/webp\" srcset=\"https:\/\/img.nsctotal.com.br\/wp-content\/uploads\/2026\/04\/enquete-paredao-BBB-26-ana-paula-gabriela-juliano-floss-944x531.jpg.webp 944w, https:\/\/img.nsctotal.com.br\/wp-content\/uploads\/2026\/04\/enquete-paredao-BBB-26-ana-paula-gabriela-juliano-floss-720x405.jpg.webp 720w, https:\/\/img.nsctotal.com.br\/wp-content\/uploads\/2026\/04\/enquete-paredao-BBB-26-ana-paula-gabriela-juliano-floss-200x112.jpg.webp 200w, https:\/\/img.nsctotal.com.br\/wp-content\/uploads\/2026\/04\/enquete-paredao-BBB-26-ana-paula-gabriela-juliano-floss.jpg.webp 1200w\" sizes=\"(max-width: 944px) 100vw, 944px\"><\/source><\/picture>\n                        <button type=\"button\" class=\"zoom-button\" data-img=\"https:\/\/img.nsctotal.com.br\/wp-content\/uploads\/2026\/04\/enquete-paredao-BBB-26-ana-paula-gabriela-juliano-floss-944x531.jpg\" data-caption=\"Ana Paula, Gabriela e Juliano Floss est\u00e3o no 6\u00ba Pared\u00e3o do BBB 26. (Fotos: Divulga\u00e7\u00e3o, TV Globo)\" aria-label=\"Ampliar imagem: Ana Paula, Gabriela e Juliano Floss est\u00e3o no 6\u00ba Pared\u00e3o do BBB 26. (Fotos: Divulga\u00e7\u00e3o, TV Globo)\"\/><\/p>\n<p class=\"image-caption\">Ana Paula, Gabriela e Juliano Floss est\u00e3o no 6\u00ba Pared\u00e3o do BBB 26. (Fotos: Divulga\u00e7\u00e3o, TV Globo)<\/p>\n<\/p><\/div>\n<\/p><\/div>\n<div id=\"post-content\">\n<p>O modo turbo do\u00a0<strong>BBB\u00a026<\/strong> segue a todo vapor e j\u00e1 tem enquete aberta para o novo pared\u00e3o formado entre <strong><strong><a href=\"https:\/\/www.nsctotal.com.br\/noticias\/quem-e-ana-paula-renault-confirmada-no-veteranos-do-bbb-26-e-de-qual-edicao-ela-participou\" target=\"_blank\" rel=\"noreferrer noopener\">Ana Paula Renault<\/a><\/strong><\/strong>, <strong><strong><a href=\"https:\/\/www.nsctotal.com.br\/noticias\/quem-e-gabriela-saporito-do-bbb-26-participante-da-casa-de-vidro-do-sudeste\" target=\"_blank\" rel=\"noreferrer noopener\">Gabriela<\/a><\/strong><\/strong> e <strong><strong><a href=\"https:\/\/www.nsctotal.com.br\/noticias\/quem-e-juliano-floss-dancarino-viral-de-chapeco-anunciado-como-camarote-no-bbb-26\" target=\"_blank\" rel=\"noreferrer noopener\">Juliano Floss<\/a><\/strong><\/strong>. <strong>Ana Paula<\/strong> foi a pessoa indicada pela l\u00edder <strong>Jordana<\/strong>, <strong>Gabriela<\/strong> foi a pessoa mais votada da casa e Jordana que acertou o <em>Sonho do Poder<\/em> indicou <strong>Juliano Floss<\/strong>.<\/p>\n<div class=\"nsc-content-ads\">\n<p>Continua depois da publicidade<\/p>\n<\/div>\n<h2 class=\"wp-block-heading\" id=\"h-enquete-do-16\u00ba-paredao-do-bbb-26\">Enquete do 16\u00ba Pared\u00e3o do BBB 26<\/h2>\n<p>Com o 16\u00ba pared\u00e3o formado, o\u00a0<strong>NSC Total<\/strong>\u00a0quer saber quem voc\u00ea quer eliminar na pr\u00f3xima ter\u00e7a-feira (14). Participe da enquete do BBB 26 e escolha quem ser\u00e1 a pessoa eliminada e n\u00e3o chegar\u00e1 ao Top 5 da temporada. Vote abaixo:<\/p>\n<div id=\"bw_poll_100\" class=\"newstack-poll-container\" data-poll-id=\"100\" data-allow-absolute=\"1\" data-force-absolute=\"0\">\n<h3 class=\"poll-question\">Quem voc\u00ea quer eliminar no 16\u00ba Pared\u00e3o do BBB 26?<\/h3>\n<\/div>\n<p><em>Lembrando que a Enquete do NSC Total \u00e9 um term\u00f4metro do jogo e n\u00e3o reflete na decis\u00e3o que ocorre l\u00e1 dentro da casa ou em vota\u00e7\u00e3o no gshow<\/em>.<\/p>\n<h2 class=\"wp-block-heading\" id=\"h-como-foi-formado-o-decimo-sexto-paredao-do-bbb-26\">Como foi formado o d\u00e9cimo sexto pared\u00e3o do BBB 26<\/h2>\n<p><strong><a href=\"https:\/\/www.nsctotal.com.br\/noticias\/saiba-quem-e-jordana-que-entrou-na-casa-de-vidro-centro-oeste-do-bbb-26\" target=\"_blank\" rel=\"noreferrer noopener\">Jordana<\/a><\/strong> conquistou a <em>Prova do L\u00edder <\/em>e indicou <strong>Ana Paula Renault<\/strong> ao pared\u00e3o. Depois disso foi a vez da casa votar, e a pessoa mais votada foi <strong>Gabriela<\/strong>. Jordana escolheu o <em>Sonho do Poder<\/em> correto e indicou Juliano Floss, formando assim o pared\u00e3o triplo.<\/p>\n<div class=\"nsc-content-ads\">\n<p>Continua depois da publicidade<\/p>\n<\/div>\n<h3 class=\"wp-block-heading\" id=\"h-veja-quem-votou-em-quem\">Veja quem votou em quem<\/h3>\n<h2 class=\"wp-block-heading\" id=\"h-eliminacao-de-marciele-e-sonho-do-poder\">Elimina\u00e7\u00e3o de Marciele e Sonho do Poder<\/h2>\n<p>Na tarde deste domingo (12), antes do <em>Doming\u00e3o com Huck<\/em>, aconteceu a elimina\u00e7\u00e3o do BBB 26 e Marciele deixou o programa com 59,34% dos votos.<\/p>\n<p>Em seguida, no primeiro intervalo do programa, uma nova din\u00e2mica deu um sonho de padaria para cada participante com um sabor diferente. Quem pegasse o sabor caramelo teria o poder de mandar algu\u00e9m para o pared\u00e3o na nova vota\u00e7\u00e3o na noite de domingo. Jordana pegou o sabor certo e ter\u00e1 esse poder.<\/p>\n<div class=\"nsc-content-ads\">\n<p>Continua depois da publicidade<\/p>\n<\/div>\n<h2 class=\"wp-block-heading\" id=\"h-prova-do-lider\">Prova do L\u00edder<\/h2>\n<p>Em uma <em>Prova do L\u00edder<\/em> que exigia mem\u00f3ria e velocidade, Boneco e Juliano Floss tiveram erros na primeira fase. Na rodada final que definia a lideran\u00e7a apenas Milena, Gabriela e Jordana tinham chances de conquistar a prova, mas Jordana ganhou a lideran\u00e7a.<\/p>\n<h2 class=\"wp-block-heading\" id=\"h-confira-quem-ja-saiu-do-bbb-26-e-os-indices-de-rejeicao\">Confira quem j\u00e1 saiu do BBB 26 e os \u00edndices de rejei\u00e7\u00e3o<\/h2>\n<ul class=\"wp-block-list\">\n<li><a href=\"https:\/\/www.nsctotal.com.br\/noticias\/solange-couto-a-dona-jura-esta-confirmada-no-camarote-do-bbb-26\" target=\"_blank\" rel=\"noreferrer noopener\"><strong>Solange Couto<\/strong><\/a>\u00a0\u2013 eliminada no 12\u00ba pared\u00e3o com\u00a0<strong><a href=\"https:\/\/www.nsctotal.com.br\/noticias\/solange-couto-e-eliminada-com-94-17-dos-votos\" target=\"_blank\" rel=\"noreferrer noopener\">94,17%<\/a><\/strong>\u00a0de rejei\u00e7\u00e3o<\/li>\n<li><strong><a href=\"https:\/\/www.nsctotal.com.br\/noticias\/quem-e-matheus-que-entrou-na-casa-de-vidro-sul-do-bbb-26\" target=\"_blank\" rel=\"noreferrer noopener\">Matheus<\/a><\/strong>\u00a0\u2013 eliminado no 2\u00ba pared\u00e3o com\u00a0<strong><a href=\"https:\/\/www.nsctotal.com.br\/noticias\/matheus-e-eliminado-do-bbb-26-com-7948-dos-votos\" target=\"_blank\" rel=\"noreferrer noopener\">79.48%<\/a><\/strong>\u00a0de rejei\u00e7\u00e3o<\/li>\n<li><strong><a href=\"https:\/\/www.nsctotal.com.br\/noticias\/quem-e-brigido-do-bbb-26-participante-da-casa-de-vidro-de-manaus\" target=\"_blank\" rel=\"noreferrer noopener\">Brigido<\/a><\/strong>\u00a0\u2013 eliminado no 3\u00ba pared\u00e3o com\u00a0<strong><a href=\"https:\/\/www.nsctotal.com.br\/noticias\/brigido-e-eliminado-do-bbb-26-com-7788-dos-votos\" target=\"_blank\" rel=\"noreferrer noopener\">77.88%<\/a><\/strong>\u00a0de rejei\u00e7\u00e3o<\/li>\n<li><strong><a href=\"https:\/\/www.nsctotal.com.br\/noticias\/quem-e-sarah-andrade-confirmada-no-veteranos-do-bbb-26-e-de-qual-edicao-ela-participou\" target=\"_blank\" rel=\"noreferrer noopener\"><strong>Sarah Andrade<\/strong><\/a><\/strong>\u00a0\u2013<strong>\u00a0<\/strong>eliminada no 4\u00ba pared\u00e3o com\u00a0<strong><a href=\"https:\/\/www.nsctotal.com.br\/noticias\/quarto-eliminado-bbb-26\" target=\"_blank\" rel=\"noreferrer noopener\">69,13%<\/a>\u00a0<\/strong>de rejei\u00e7\u00e3o<\/li>\n<li><a href=\"https:\/\/www.nsctotal.com.br\/noticias\/quem-e-babu-santana-confirmado-no-veteranos-do-bbb-26-e-de-qual-edicao-ele-participou\" target=\"_blank\" rel=\"noreferrer noopener\"><strong>Babu Santana<\/strong><\/a>\u00a0\u2013 eliminado no 8\u00b0 pared\u00e3o com\u00a0<a href=\"https:\/\/www.nsctotal.com.br\/noticias\/oitavo-eliminado-bbb-26\" target=\"_blank\" rel=\"noreferrer noopener\"><strong>68,62%<\/strong><\/a>\u00a0de rejei\u00e7\u00e3o<\/li>\n<li><strong><a href=\"https:\/\/www.nsctotal.com.br\/noticias\/quem-e-marcelo-do-bbb-26-participante-da-casa-de-vidro-do-nordeste\" target=\"_blank\" rel=\"noreferrer noopener\">Marcelo<\/a><\/strong>\u00a0\u2013 eliminado no 5\u00ba pared\u00e3o com\u00a0<strong><a href=\"https:\/\/www.nsctotal.com.br\/noticias\/quinto-eliminado-bbb-26\" target=\"_blank\" rel=\"noreferrer noopener\">68,56%\u00a0<\/a><\/strong>de rejei\u00e7\u00e3o<\/li>\n<li><a href=\"https:\/\/www.nsctotal.com.br\/noticias\/quem-e-alberto-cowboy-confirmado-no-veteranos-do-bbb-26-e-de-qual-edicao-ele-participou\" target=\"_blank\" rel=\"noreferrer noopener\"><strong>Alberto Cowboy<\/strong><\/a>\u00a0\u2013 eliminado no 11\u00ba pared\u00e3o com\u00a0<strong><a href=\"https:\/\/www.nsctotal.com.br\/noticias\/alberto-cowboy-eliminado-do-bbb-26-2\" target=\"_blank\" rel=\"noreferrer noopener\">67,95%<\/a><\/strong>\u00a0de rejei\u00e7\u00e3o<\/li>\n<li><strong><a href=\"https:\/\/www.nsctotal.com.br\/noticias\/sexto-eliminado-bbb-26\" target=\"_blank\" rel=\"noreferrer noopener\">Maxiane<\/a><\/strong>\u00a0\u2013 eliminada no 6\u00ba pared\u00e3o com\u00a0<strong><a href=\"https:\/\/www.nsctotal.com.br\/noticias\/sexto-eliminado-bbb-26\" target=\"_blank\" rel=\"noreferrer noopener\">63,21%<\/a><\/strong>\u00a0de rejei\u00e7\u00e3o<\/li>\n<li><a href=\"https:\/\/www.nsctotal.com.br\/noticias\/quem-e-aline-campos-ex-aline-riscado-do-camarote-do-bbb-26\" target=\"_blank\" rel=\"noreferrer noopener\"><strong>Aline Campos<\/strong><\/a>\u00a0\u2013 eliminada no 1\u00ba pared\u00e3o com\u00a0<a href=\"https:\/\/www.nsctotal.com.br\/noticias\/aline-campos-e-a-1-eliminada-do-bbb-26-com-6164-dos-votos\"><strong>61.64%<\/strong><\/a>\u00a0de rejei\u00e7\u00e3o<\/li>\n<li><a href=\"https:\/\/www.nsctotal.com.br\/noticias\/quem-e-chaiany-da-casa-de-vidro-centro-oeste-do-bbb-26\" target=\"_blank\" rel=\"noreferrer noopener\"><strong>Chaiany<\/strong><\/a>\u00a0\u2013 eliminada no 13\u00ba pared\u00e3o com\u00a0<a href=\"https:\/\/www.nsctotal.com.br\/noticias\/resultado-do-decimo-terceiro-paredao-do-bbb-26\" target=\"_blank\" rel=\"noreferrer noopener\"><strong>61.07%<\/strong><\/a>\u00a0de rejei\u00e7\u00e3o<\/li>\n<li><strong><a href=\"https:\/\/www.nsctotal.com.br\/noticias\/quem-e-marciele-do-bbb-26-participante-da-casa-de-vidro-de-manaus\" target=\"_blank\" rel=\"noreferrer noopener\">Marciele<\/a><\/strong> \u2013 eliminada no 15\u00aa pared\u00e3o com <strong><a href=\"https:\/\/www.nsctotal.com.br\/noticias\/resultado-do-decimo-quinto-paredao-do-bbb-26\" target=\"_blank\" rel=\"noreferrer noopener\">59,34%<\/a><\/strong> de rejei\u00e7\u00e3o<\/li>\n<li><a href=\"https:\/\/www.nsctotal.com.br\/noticias\/quem-e-breno-do-bbb-26-participante-da-casa-de-vidro-do-sudeste-e-morador-de-florianopolis\" target=\"_blank\" rel=\"noreferrer noopener\"><strong>Breno<\/strong><\/a>\u00a0\u2013 eliminado no 9\u00b0 pared\u00e3o com\u00a0<a href=\"https:\/\/www.nsctotal.com.br\/noticias\/nono-eliminado-bbb-26\" target=\"_blank\" rel=\"noreferrer noopener\"><strong>58,96%<\/strong><\/a>\u00a0de rejei\u00e7\u00e3o<\/li>\n<li><a href=\"https:\/\/www.nsctotal.com.br\/noticias\/quem-e-jonas-sulzbach-confirmado-no-veteranos-do-bbb-26-e-de-qual-edicao-ele-participou\" target=\"_blank\" rel=\"noreferrer noopener\"><strong>Jonas Sulzbach<\/strong><\/a>\u00a0\u2013 eliminado no 10\u00b0 pared\u00e3o com\u00a0<strong><a href=\"https:\/\/www.nsctotal.com.br\/noticias\/globo-revelara-resultado-do-paredao-entre-gabriela-jonas-e-juliano-floss-nesta-terca-feira\" target=\"_blank\" rel=\"noreferrer noopener\">53,48%<\/a><\/strong>\u00a0de rejei\u00e7\u00e3o<\/li>\n<li><a href=\"https:\/\/www.nsctotal.com.br\/noticias\/quem-e-samira-do-bbb-26-participante-da-casa-de-vidro-do-sul-e-moradora-de-imbituba\"><strong>Samira<\/strong><\/a>\u00a0\u2013 eliminada no 14\u00b0 pared\u00e3o com\u00a0<strong><a href=\"https:\/\/www.nsctotal.com.br\/noticias\/resultado-do-decimo-quarto-paredao-do-bbb-26\" target=\"_blank\" rel=\"noreferrer noopener\">51,24%<\/a><\/strong>\u00a0de rejei\u00e7\u00e3o<\/li>\n<li><a href=\"https:\/\/www.nsctotal.com.br\/noticias\/quem-e-sol-vega-confirmada-no-veteranos-do-bbb-26-e-de-qual-edicao-ela-participou\" target=\"_blank\" rel=\"noreferrer noopener\"><strong>Sol Vega<\/strong><\/a>\u00a0\u2013 desclassificada por empurrar Ana Paula Renault<\/li>\n<li><strong><a href=\"https:\/\/www.nsctotal.com.br\/noticias\/quem-e-edilson-capetinha-ex-jogador-do-camarote-do-bbb-26\" target=\"_blank\" rel=\"noreferrer noopener\">Edilson<\/a><\/strong>\u00a0\u2013 desclassificado por agredir Leandro \u201cBoneco\u201d<\/li>\n<li><strong><a href=\"https:\/\/www.nsctotal.com.br\/noticias\/quem-e-paulo-augusto-do-bbb-26-participante-da-casa-de-vidro-do-centro-oeste\" target=\"_blank\" rel=\"noreferrer noopener\">Paulo Augusto<\/a><\/strong>\u00a0\u2013 desclassificado por empurrar Jonas Sulzbach<\/li>\n<li><strong><a href=\"https:\/\/www.nsctotal.com.br\/noticias\/quem-e-pedro-espindola-do-bbb-26-participante-da-casa-de-vidro-do-sul\" target=\"_blank\" rel=\"noreferrer noopener\">Pedro<\/a><\/strong>\u00a0\u2013 apertou o bot\u00e3o da desist\u00eancia depois de epis\u00f3dio de ass\u00e9dio<\/li>\n<li><a href=\"https:\/\/www.nsctotal.com.br\/noticias\/saiba-quem-e-henri-castelli-ator-confirmado-no-camarote-do-bbb-26\" target=\"_blank\" rel=\"noreferrer noopener\"><strong>Henri Castelli<\/strong><\/a>\u00a0\u2013 desclassificado por motivos de sa\u00fade<\/li>\n<\/ul>\n<h2 class=\"wp-block-heading\" id=\"h-como-votar-no-bbb-26\">Como votar no BBB 26<\/h2>\n<p>Desde o BBB 24, o programa adotou um sistema misto de vota\u00e7\u00e3o, com voto de torcida e o voto \u00fanico. Ao fim do pared\u00e3o,\u00a0<a href=\"https:\/\/www.nsctotal.com.br\/noticias\/globo-anuncia-mudanca-no-sistema-de-votacao-do-bbb-26-e-complica-vida-das-torcidas\" target=\"_blank\" rel=\"noreferrer noopener\"><strong>\u00e9 feita uma m\u00e9dia ponderada desses dois tipos de vota\u00e7\u00e3o para chegar na porcentagem final<\/strong><\/a>\u00a0que define quem fica e quem sai do reality. Assim como na edi\u00e7\u00e3o passada, o BBB 26 segue com o sistema misto de vota\u00e7\u00e3o.<\/p>\n<div class=\"nsc-content-ads\">\n<p>Continua depois da publicidade<\/p>\n<\/div>\n<p>O espectador faz o\u00a0<a href=\"https:\/\/authx.globoid.globo.com\/\"><strong>login no site do BBB com sua conta Globo<\/strong><\/a>\u00a0e ter\u00e1 acesso \u00e0 vota\u00e7\u00e3o do modo \u201cTorcida\u201d de forma simples e gratuita. Desse modo, \u00e9 poss\u00edvel votar quantas vezes quiser. O voto \u00fanico, por outro lado, \u00e9 um mecanismo desenvolvido para que cada espectador vote apenas uma vez. O usu\u00e1rio faz login com a conta Globo, atrelada a um CPF e pode deixar seu voto. Na hora de votar, a validade do documento ser\u00e1 confirmada e cada CPF s\u00f3 tem direito a um voto.<\/p>\n<p><strong>Leia tamb\u00e9m<\/strong><\/p>\n<p><a href=\"https:\/\/www.nsctotal.com.br\/noticias\/participantes-bbb-26\"><strong>BBB 26: lista definitiva dos participantes da edi\u00e7\u00e3o<\/strong><\/a><\/p>\n<p><a href=\"https:\/\/www.nsctotal.com.br\/noticias\/bbb-26-confira-as-redes-sociais-e-os-emojis-de-cada-participante\"><strong>BBB 26: confira as redes sociais e os emojis de cada participante<\/strong><\/a><\/p>\n<p><strong><a href=\"https:\/\/www.nsctotal.com.br\/noticias\/bbb-26-signos-participantes-perfil-astral\" target=\"_blank\" rel=\"noreferrer noopener\">Lista completa dos signos do BBB 26: descubra o padr\u00e3o astral da casa este ano<\/a><\/strong><\/p>\n<\/p><\/div>\n<p><a href=\"https:\/\/www.nsctotal.com.br\/noticias\/enquete-bbb-26-quem-deve-sair-entre-ana-paula-gabriela-e-juliano-floss\">Fonte do Artigo <\/a><\/p>","protected":false},"excerpt":{"rendered":"<p>Ana Paula, Gabriela e Juliano Floss est\u00e3o no 6\u00ba Pared\u00e3o do BBB 26. (Fotos: Divulga\u00e7\u00e3o, TV Globo) O modo turbo do\u00a0BBB\u00a026 segue a todo vapor e j\u00e1 tem enquete aberta para o novo pared\u00e3o formado entre Ana Paula Renault, Gabriela e Juliano Floss. Ana Paula foi a pessoa indicada pela l\u00edder Jordana, Gabriela foi a [&hellip;]<\/p>\n","protected":false},"author":1,"featured_media":105989,"comment_status":"closed","ping_status":"","sticky":false,"template":"","format":"standard","meta":{"googlesitekit_rrm_CAow2JLhCw:productID":"","_gspb_post_css":"","maa_idioma":"","maa_pais":"","footnotes":""},"categories":[4],"tags":[10632,13143,3177,95,4676,17564,7141,17563,14296,3107,7162],"class_list":["post-105988","post","type-post","status-publish","format-standard","has-post-thumbnail","hentry","category-brasil","tag-ana","tag-bbb","tag-deve","tag-enquete","tag-entre","tag-floss","tag-gabriela","tag-juliano","tag-paula","tag-quem","tag-sair"],"blocksy_meta":[],"yoast_head":"<!-- This site is optimized with the Yoast SEO Premium plugin v27.6 (Yoast SEO v27.6) - https:\/\/yoast.com\/product\/yoast-seo-premium-wordpress\/ -->\n<title>Enquete BBB 26: quem deve sair entre Ana Paula, Gabriela e Juliano Floss - Ubirat\u00e3 Online Not\u00edcias - A realidade ao seu alcance!<\/title>\n<meta name=\"description\" content=\"Ana Paula, Gabriela e Juliano Floss est\u00e3o no 6\u00ba Pared\u00e3o do BBB 26. (Fotos: Divulga\u00e7\u00e3o, TV Globo) O modo turbo do\u00a0BBB\u00a026 segue a todo vapor e j\u00e1 tem\" \/>\n<meta name=\"robots\" content=\"index, follow, max-snippet:-1, max-image-preview:large, max-video-preview:-1\" \/>\n<link rel=\"canonical\" href=\"https:\/\/ubirataonline.com.br\/en\/enquete-bbb-26-quem-deve-sair-entre-ana-paula-gabriela-e-juliano-floss\/\" \/>\n<meta property=\"og:locale\" content=\"en_US\" \/>\n<meta property=\"og:type\" content=\"article\" \/>\n<meta property=\"og:title\" content=\"Enquete BBB 26: quem deve sair entre Ana Paula, Gabriela e Juliano Floss\" \/>\n<meta property=\"og:description\" content=\"Ana Paula, Gabriela e Juliano Floss est\u00e3o no 6\u00ba Pared\u00e3o do BBB 26. (Fotos: Divulga\u00e7\u00e3o, TV Globo) O modo turbo do\u00a0BBB\u00a026 segue a todo vapor e j\u00e1 tem\" \/>\n<meta property=\"og:url\" content=\"https:\/\/ubirataonline.com.br\/en\/enquete-bbb-26-quem-deve-sair-entre-ana-paula-gabriela-e-juliano-floss\/\" \/>\n<meta property=\"og:site_name\" content=\"Ubirat\u00e3 Online Not\u00edcias - A realidade ao seu alcance!\" \/>\n<meta property=\"article:publisher\" content=\"https:\/\/www.facebook.com\/portalubirataonline\" \/>\n<meta property=\"article:author\" content=\"https:\/\/www.facebook.com\/portalubirataonline\" \/>\n<meta property=\"article:published_time\" content=\"2026-04-13T13:18:26+00:00\" \/>\n<meta property=\"article:modified_time\" content=\"2026-04-13T13:18:27+00:00\" \/>\n<meta property=\"og:image\" content=\"https:\/\/ubirataonline.com.br\/wp-content\/uploads\/2026\/04\/Enquete-BBB-26-quem-deve-sair-entre-Ana-Paula-Gabriela.jpg\" \/>\n\t<meta property=\"og:image:width\" content=\"1200\" \/>\n\t<meta property=\"og:image:height\" content=\"675\" \/>\n\t<meta property=\"og:image:type\" content=\"image\/jpeg\" \/>\n<meta name=\"author\" content=\"REDA\u00c7\u00c3O: UBIRAT\u00c3 ONLINE - F\u00c1BIO AUGUSTO CELESTINO\" \/>\n<meta name=\"twitter:card\" content=\"summary_large_image\" \/>\n<meta name=\"twitter:creator\" content=\"@x.com\/ubirataonline\" \/>\n<meta name=\"twitter:site\" content=\"@ubirataonline\" \/>\n<meta name=\"twitter:label1\" content=\"Written by\" \/>\n\t<meta name=\"twitter:data1\" content=\"REDA\u00c7\u00c3O: UBIRAT\u00c3 ONLINE - F\u00c1BIO AUGUSTO CELESTINO\" \/>\n\t<meta name=\"twitter:label2\" content=\"Est. reading time\" \/>\n\t<meta name=\"twitter:data2\" content=\"4 minutes\" \/>\n<script type=\"application\/ld+json\" class=\"yoast-schema-graph\">{\"@context\":\"https:\\\/\\\/schema.org\",\"@graph\":[{\"@type\":\"NewsArticle\",\"@id\":\"https:\\\/\\\/ubirataonline.com.br\\\/enquete-bbb-26-quem-deve-sair-entre-ana-paula-gabriela-e-juliano-floss\\\/#article\",\"isPartOf\":{\"@id\":\"https:\\\/\\\/ubirataonline.com.br\\\/enquete-bbb-26-quem-deve-sair-entre-ana-paula-gabriela-e-juliano-floss\\\/\"},\"author\":{\"name\":\"REDA\u00c7\u00c3O: UBIRAT\u00c3 ONLINE - F\u00c1BIO AUGUSTO CELESTINO\",\"@id\":\"https:\\\/\\\/ubirataonline.com.br\\\/#\\\/schema\\\/person\\\/372f87bbd3fdd79b8556b84c98d0bc1c\"},\"headline\":\"Enquete BBB 26: quem deve sair entre Ana Paula, Gabriela e Juliano Floss\",\"datePublished\":\"2026-04-13T13:18:26+00:00\",\"dateModified\":\"2026-04-13T13:18:27+00:00\",\"mainEntityOfPage\":{\"@id\":\"https:\\\/\\\/ubirataonline.com.br\\\/enquete-bbb-26-quem-deve-sair-entre-ana-paula-gabriela-e-juliano-floss\\\/\"},\"wordCount\":777,\"publisher\":{\"@id\":\"https:\\\/\\\/ubirataonline.com.br\\\/#organization\"},\"image\":{\"@id\":\"https:\\\/\\\/ubirataonline.com.br\\\/enquete-bbb-26-quem-deve-sair-entre-ana-paula-gabriela-e-juliano-floss\\\/#primaryimage\"},\"thumbnailUrl\":\"https:\\\/\\\/ubirataonline.com.br\\\/wp-content\\\/uploads\\\/2026\\\/04\\\/Enquete-BBB-26-quem-deve-sair-entre-Ana-Paula-Gabriela.jpg\",\"keywords\":[\"Ana\",\"BBB\",\"deve\",\"Enquete\",\"entre\",\"Floss\",\"Gabriela\",\"Juliano\",\"Paula\",\"Quem\",\"sair\"],\"articleSection\":[\"Brasil\"],\"inLanguage\":\"en-US\",\"copyrightYear\":\"2026\",\"copyrightHolder\":{\"@id\":\"https:\\\/\\\/ubirataonline.com.br\\\/en\\\/#organization\"}},{\"@type\":\"WebPage\",\"@id\":\"https:\\\/\\\/ubirataonline.com.br\\\/enquete-bbb-26-quem-deve-sair-entre-ana-paula-gabriela-e-juliano-floss\\\/\",\"url\":\"https:\\\/\\\/ubirataonline.com.br\\\/enquete-bbb-26-quem-deve-sair-entre-ana-paula-gabriela-e-juliano-floss\\\/\",\"name\":\"Enquete BBB 26: quem deve sair entre Ana Paula, Gabriela e Juliano Floss - Ubirat\u00e3 Online Not\u00edcias - A realidade ao seu alcance!\",\"isPartOf\":{\"@id\":\"https:\\\/\\\/ubirataonline.com.br\\\/#website\"},\"primaryImageOfPage\":{\"@id\":\"https:\\\/\\\/ubirataonline.com.br\\\/enquete-bbb-26-quem-deve-sair-entre-ana-paula-gabriela-e-juliano-floss\\\/#primaryimage\"},\"image\":{\"@id\":\"https:\\\/\\\/ubirataonline.com.br\\\/enquete-bbb-26-quem-deve-sair-entre-ana-paula-gabriela-e-juliano-floss\\\/#primaryimage\"},\"thumbnailUrl\":\"https:\\\/\\\/ubirataonline.com.br\\\/wp-content\\\/uploads\\\/2026\\\/04\\\/Enquete-BBB-26-quem-deve-sair-entre-Ana-Paula-Gabriela.jpg\",\"datePublished\":\"2026-04-13T13:18:26+00:00\",\"dateModified\":\"2026-04-13T13:18:27+00:00\",\"description\":\"Ana Paula, Gabriela e Juliano Floss est\u00e3o no 6\u00ba Pared\u00e3o do BBB 26. (Fotos: Divulga\u00e7\u00e3o, TV Globo) O modo turbo do\u00a0BBB\u00a026 segue a todo vapor e j\u00e1 tem\",\"breadcrumb\":{\"@id\":\"https:\\\/\\\/ubirataonline.com.br\\\/enquete-bbb-26-quem-deve-sair-entre-ana-paula-gabriela-e-juliano-floss\\\/#breadcrumb\"},\"inLanguage\":\"en-US\",\"potentialAction\":[{\"@type\":\"ReadAction\",\"target\":[\"https:\\\/\\\/ubirataonline.com.br\\\/enquete-bbb-26-quem-deve-sair-entre-ana-paula-gabriela-e-juliano-floss\\\/\"]}]},{\"@type\":\"ImageObject\",\"inLanguage\":\"en-US\",\"@id\":\"https:\\\/\\\/ubirataonline.com.br\\\/enquete-bbb-26-quem-deve-sair-entre-ana-paula-gabriela-e-juliano-floss\\\/#primaryimage\",\"url\":\"https:\\\/\\\/ubirataonline.com.br\\\/wp-content\\\/uploads\\\/2026\\\/04\\\/Enquete-BBB-26-quem-deve-sair-entre-Ana-Paula-Gabriela.jpg\",\"contentUrl\":\"https:\\\/\\\/ubirataonline.com.br\\\/wp-content\\\/uploads\\\/2026\\\/04\\\/Enquete-BBB-26-quem-deve-sair-entre-Ana-Paula-Gabriela.jpg\",\"width\":1200,\"height\":675,\"caption\":\"Enquete BBB 26: quem deve sair entre Ana Paula, Gabriela e Juliano Floss\"},{\"@type\":\"BreadcrumbList\",\"@id\":\"https:\\\/\\\/ubirataonline.com.br\\\/enquete-bbb-26-quem-deve-sair-entre-ana-paula-gabriela-e-juliano-floss\\\/#breadcrumb\",\"itemListElement\":[{\"@type\":\"ListItem\",\"position\":1,\"name\":\"In\u00edcio\",\"item\":\"https:\\\/\\\/ubirataonline.com.br\\\/\"},{\"@type\":\"ListItem\",\"position\":2,\"name\":\"Enquete BBB 26: quem deve sair entre Ana Paula, Gabriela e Juliano Floss\"}]},{\"@type\":\"WebSite\",\"@id\":\"https:\\\/\\\/ubirataonline.com.br\\\/#website\",\"url\":\"https:\\\/\\\/ubirataonline.com.br\\\/\",\"name\":\"Ubirat\u00e3 Online Not\u00edcias\",\"description\":\"Not\u00edcias de Ubirat\u00e3, regi\u00e3o, Brasil e mundo, com informa\u00e7\u00e3o atualizada e compromisso com o leitor.\",\"publisher\":{\"@id\":\"https:\\\/\\\/ubirataonline.com.br\\\/#organization\"},\"alternateName\":\"Ubirat\u00e3 Online\",\"potentialAction\":[{\"@type\":\"SearchAction\",\"target\":{\"@type\":\"EntryPoint\",\"urlTemplate\":\"https:\\\/\\\/ubirataonline.com.br\\\/?s={search_term_string}\"},\"query-input\":{\"@type\":\"PropertyValueSpecification\",\"valueRequired\":true,\"valueName\":\"search_term_string\"}}],\"inLanguage\":\"en-US\"},{\"@type\":[\"Organization\",\"Place\"],\"@id\":\"https:\\\/\\\/ubirataonline.com.br\\\/#organization\",\"name\":\"Ubirat\u00e3 Online Not\u00edcias\",\"alternateName\":\"Ubirat\u00e3 Online\",\"url\":\"https:\\\/\\\/ubirataonline.com.br\\\/\",\"logo\":{\"@id\":\"https:\\\/\\\/ubirataonline.com.br\\\/enquete-bbb-26-quem-deve-sair-entre-ana-paula-gabriela-e-juliano-floss\\\/#local-main-organization-logo\"},\"image\":{\"@id\":\"https:\\\/\\\/ubirataonline.com.br\\\/enquete-bbb-26-quem-deve-sair-entre-ana-paula-gabriela-e-juliano-floss\\\/#local-main-organization-logo\"},\"sameAs\":[\"https:\\\/\\\/www.facebook.com\\\/portalubirataonline\",\"https:\\\/\\\/x.com\\\/ubirataonline\",\"https:\\\/\\\/mastodon.social\\\/@ubirataonline\",\"https:\\\/\\\/www.facebook.com\\\/groups\\\/311144672285604\",\"https:\\\/\\\/www.facebook.com\\\/UBTAOnline\",\"https:\\\/\\\/www.instagram.com\\\/portalubirataonline\\\/\",\"https:\\\/\\\/twitter.com\\\/ubirataonline\"],\"description\":\"Somos um portal de not\u00edcias independente, criado em 5 de janeiro de 2009, com o objetivo de informar, conectar e valorizar a nossa comunidade de Ubirat\u00e3 e toda aregi\u00e3o. Com conte\u00fado atualizado, confi\u00e1vel e relevante, o Ubirat\u00e3 Online \u00e9 o seu espa\u00e7o para ficar por dentro dos principais acontecimentos locais, regionais, Brasil, Mundo e de interesse geral. Nosso compromisso \u00e9 com a verdade, a transpar\u00eancia e o respeito ao leitor.\",\"legalName\":\"UBIRATA ONLINE NOT\u00cdCIAS\",\"foundingDate\":\"2009-01-05\",\"numberOfEmployees\":{\"@type\":\"QuantitativeValue\",\"minValue\":\"1\",\"maxValue\":\"10\"},\"publishingPrinciples\":\"https:\\\/\\\/ubirataonline.com.br\\\/faq\\\/\",\"address\":{\"@id\":\"https:\\\/\\\/ubirataonline.com.br\\\/enquete-bbb-26-quem-deve-sair-entre-ana-paula-gabriela-e-juliano-floss\\\/#local-main-place-address\"},\"geo\":{\"@type\":\"GeoCoordinates\",\"latitude\":\"-24.5361401\",\"longitude\":\"-52.9921776\"},\"telephone\":[\"+5544998308235\"],\"contactPoint\":{\"@type\":\"ContactPoint\",\"email\":\"contato@ubirataonline.com.br\"},\"openingHoursSpecification\":{\"@type\":\"OpeningHoursSpecification\",\"dayOfWeek\":[\"Monday\",\"Tuesday\",\"Wednesday\",\"Thursday\",\"Friday\",\"Saturday\",\"Sunday\"],\"opens\":\"00:00\",\"closes\":\"23:59\"},\"email\":\"contato@ubirataonline.com.br\",\"vatID\":\"47.621.418\\\/0001-80\"},{\"@type\":\"Person\",\"@id\":\"https:\\\/\\\/ubirataonline.com.br\\\/#\\\/schema\\\/person\\\/372f87bbd3fdd79b8556b84c98d0bc1c\",\"name\":\"REDA\u00c7\u00c3O: UBIRAT\u00c3 ONLINE - F\u00c1BIO AUGUSTO CELESTINO\",\"pronouns\":\"Ele\",\"description\":\"Desde 2003 trabalhando com not\u00edcias.\",\"sameAs\":[\"http:\\\/\\\/ubirataoline.com.br\",\"https:\\\/\\\/www.facebook.com\\\/portalubirataonline\",\"https:\\\/\\\/www.instagram.com\\\/ubirataonline_oficial\",\"https:\\\/\\\/x.com\\\/x.com\\\/ubirataonline\"],\"honorificPrefix\":\"Mr.\",\"honorificSuffix\":\"MD\",\"birthDate\":\"1980-06-16\",\"gender\":\"masculino\",\"award\":[\"V\u00e1rios pr\u00eamios de melhor portal da cidade\"],\"jobTitle\":\"Diretor\",\"url\":\"https:\\\/\\\/ubirataonline.com.br\\\/en\\\/author\\\/ubirataonline\\\/\"},{\"@type\":\"PostalAddress\",\"@id\":\"https:\\\/\\\/ubirataonline.com.br\\\/enquete-bbb-26-quem-deve-sair-entre-ana-paula-gabriela-e-juliano-floss\\\/#local-main-place-address\",\"streetAddress\":\"Rua dos Coqueiros, 104 - Bairro Boa Vista, Rua dos Coqueiros, 104 Bairro Boa Vista\",\"addressLocality\":\"UBIRATA\",\"postalCode\":\"85440-000\",\"addressRegion\":\"PR\",\"addressCountry\":\"BR\"},{\"@type\":\"ImageObject\",\"inLanguage\":\"en-US\",\"@id\":\"https:\\\/\\\/ubirataonline.com.br\\\/enquete-bbb-26-quem-deve-sair-entre-ana-paula-gabriela-e-juliano-floss\\\/#local-main-organization-logo\",\"url\":\"https:\\\/\\\/ubirataonline.com.br\\\/wp-content\\\/uploads\\\/2026\\\/06\\\/logoubirataonline-1.webp\",\"contentUrl\":\"https:\\\/\\\/ubirataonline.com.br\\\/wp-content\\\/uploads\\\/2026\\\/06\\\/logoubirataonline-1.webp\",\"width\":500,\"height\":500,\"caption\":\"Ubirat\u00e3 Online Not\u00edcias\"}]}<\/script>\n<meta name=\"geo.placename\" content=\"UBIRATA\" \/>\n<meta name=\"geo.position\" content=\"-24.5361401;-52.9921776\" \/>\n<meta name=\"geo.region\" content=\"Brazil\" \/>\n<!-- \/ Yoast SEO Premium plugin. -->","yoast_head_json":{"title":"Enquete BBB 26: quem deve sair entre Ana Paula, Gabriela e Juliano Floss - Ubirat\u00e3 Online Not\u00edcias - A realidade ao seu alcance!","description":"Ana Paula, Gabriela e Juliano Floss est\u00e3o no 6\u00ba Pared\u00e3o do BBB 26. (Fotos: Divulga\u00e7\u00e3o, TV Globo) O modo turbo do\u00a0BBB\u00a026 segue a todo vapor e j\u00e1 tem","robots":{"index":"index","follow":"follow","max-snippet":"max-snippet:-1","max-image-preview":"max-image-preview:large","max-video-preview":"max-video-preview:-1"},"canonical":"https:\/\/ubirataonline.com.br\/en\/enquete-bbb-26-quem-deve-sair-entre-ana-paula-gabriela-e-juliano-floss\/","og_locale":"en_US","og_type":"article","og_title":"Enquete BBB 26: quem deve sair entre Ana Paula, Gabriela e Juliano Floss","og_description":"Ana Paula, Gabriela e Juliano Floss est\u00e3o no 6\u00ba Pared\u00e3o do BBB 26. (Fotos: Divulga\u00e7\u00e3o, TV Globo) O modo turbo do\u00a0BBB\u00a026 segue a todo vapor e j\u00e1 tem","og_url":"https:\/\/ubirataonline.com.br\/en\/enquete-bbb-26-quem-deve-sair-entre-ana-paula-gabriela-e-juliano-floss\/","og_site_name":"Ubirat\u00e3 Online Not\u00edcias - A realidade ao seu alcance!","article_publisher":"https:\/\/www.facebook.com\/portalubirataonline","article_author":"https:\/\/www.facebook.com\/portalubirataonline","article_published_time":"2026-04-13T13:18:26+00:00","article_modified_time":"2026-04-13T13:18:27+00:00","og_image":[{"width":1200,"height":675,"url":"https:\/\/ubirataonline.com.br\/wp-content\/uploads\/2026\/04\/Enquete-BBB-26-quem-deve-sair-entre-Ana-Paula-Gabriela.jpg","type":"image\/jpeg"}],"author":"REDA\u00c7\u00c3O: UBIRAT\u00c3 ONLINE - F\u00c1BIO AUGUSTO CELESTINO","twitter_card":"summary_large_image","twitter_creator":"@x.com\/ubirataonline","twitter_site":"@ubirataonline","twitter_misc":{"Written by":"REDA\u00c7\u00c3O: UBIRAT\u00c3 ONLINE - F\u00c1BIO AUGUSTO CELESTINO","Est. reading time":"4 minutes"},"schema":{"@context":"https:\/\/schema.org","@graph":[{"@type":"NewsArticle","@id":"https:\/\/ubirataonline.com.br\/enquete-bbb-26-quem-deve-sair-entre-ana-paula-gabriela-e-juliano-floss\/#article","isPartOf":{"@id":"https:\/\/ubirataonline.com.br\/enquete-bbb-26-quem-deve-sair-entre-ana-paula-gabriela-e-juliano-floss\/"},"author":{"name":"REDA\u00c7\u00c3O: UBIRAT\u00c3 ONLINE - F\u00c1BIO AUGUSTO CELESTINO","@id":"https:\/\/ubirataonline.com.br\/#\/schema\/person\/372f87bbd3fdd79b8556b84c98d0bc1c"},"headline":"Enquete BBB 26: quem deve sair entre Ana Paula, Gabriela e Juliano Floss","datePublished":"2026-04-13T13:18:26+00:00","dateModified":"2026-04-13T13:18:27+00:00","mainEntityOfPage":{"@id":"https:\/\/ubirataonline.com.br\/enquete-bbb-26-quem-deve-sair-entre-ana-paula-gabriela-e-juliano-floss\/"},"wordCount":777,"publisher":{"@id":"https:\/\/ubirataonline.com.br\/#organization"},"image":{"@id":"https:\/\/ubirataonline.com.br\/enquete-bbb-26-quem-deve-sair-entre-ana-paula-gabriela-e-juliano-floss\/#primaryimage"},"thumbnailUrl":"https:\/\/ubirataonline.com.br\/wp-content\/uploads\/2026\/04\/Enquete-BBB-26-quem-deve-sair-entre-Ana-Paula-Gabriela.jpg","keywords":["Ana","BBB","deve","Enquete","entre","Floss","Gabriela","Juliano","Paula","Quem","sair"],"articleSection":["Brasil"],"inLanguage":"en-US","copyrightYear":"2026","copyrightHolder":{"@id":"https:\/\/ubirataonline.com.br\/en\/#organization"}},{"@type":"WebPage","@id":"https:\/\/ubirataonline.com.br\/enquete-bbb-26-quem-deve-sair-entre-ana-paula-gabriela-e-juliano-floss\/","url":"https:\/\/ubirataonline.com.br\/enquete-bbb-26-quem-deve-sair-entre-ana-paula-gabriela-e-juliano-floss\/","name":"Enquete BBB 26: quem deve sair entre Ana Paula, Gabriela e Juliano Floss - Ubirat\u00e3 Online Not\u00edcias - A realidade ao seu alcance!","isPartOf":{"@id":"https:\/\/ubirataonline.com.br\/#website"},"primaryImageOfPage":{"@id":"https:\/\/ubirataonline.com.br\/enquete-bbb-26-quem-deve-sair-entre-ana-paula-gabriela-e-juliano-floss\/#primaryimage"},"image":{"@id":"https:\/\/ubirataonline.com.br\/enquete-bbb-26-quem-deve-sair-entre-ana-paula-gabriela-e-juliano-floss\/#primaryimage"},"thumbnailUrl":"https:\/\/ubirataonline.com.br\/wp-content\/uploads\/2026\/04\/Enquete-BBB-26-quem-deve-sair-entre-Ana-Paula-Gabriela.jpg","datePublished":"2026-04-13T13:18:26+00:00","dateModified":"2026-04-13T13:18:27+00:00","description":"Ana Paula, Gabriela e Juliano Floss est\u00e3o no 6\u00ba Pared\u00e3o do BBB 26. (Fotos: Divulga\u00e7\u00e3o, TV Globo) O modo turbo do\u00a0BBB\u00a026 segue a todo vapor e j\u00e1 tem","breadcrumb":{"@id":"https:\/\/ubirataonline.com.br\/enquete-bbb-26-quem-deve-sair-entre-ana-paula-gabriela-e-juliano-floss\/#breadcrumb"},"inLanguage":"en-US","potentialAction":[{"@type":"ReadAction","target":["https:\/\/ubirataonline.com.br\/enquete-bbb-26-quem-deve-sair-entre-ana-paula-gabriela-e-juliano-floss\/"]}]},{"@type":"ImageObject","inLanguage":"en-US","@id":"https:\/\/ubirataonline.com.br\/enquete-bbb-26-quem-deve-sair-entre-ana-paula-gabriela-e-juliano-floss\/#primaryimage","url":"https:\/\/ubirataonline.com.br\/wp-content\/uploads\/2026\/04\/Enquete-BBB-26-quem-deve-sair-entre-Ana-Paula-Gabriela.jpg","contentUrl":"https:\/\/ubirataonline.com.br\/wp-content\/uploads\/2026\/04\/Enquete-BBB-26-quem-deve-sair-entre-Ana-Paula-Gabriela.jpg","width":1200,"height":675,"caption":"Enquete BBB 26: quem deve sair entre Ana Paula, Gabriela e Juliano Floss"},{"@type":"BreadcrumbList","@id":"https:\/\/ubirataonline.com.br\/enquete-bbb-26-quem-deve-sair-entre-ana-paula-gabriela-e-juliano-floss\/#breadcrumb","itemListElement":[{"@type":"ListItem","position":1,"name":"In\u00edcio","item":"https:\/\/ubirataonline.com.br\/"},{"@type":"ListItem","position":2,"name":"Enquete BBB 26: quem deve sair entre Ana Paula, Gabriela e Juliano Floss"}]},{"@type":"WebSite","@id":"https:\/\/ubirataonline.com.br\/#website","url":"https:\/\/ubirataonline.com.br\/","name":"Ubirat\u00e3 Online Not\u00edcias","description":"Not\u00edcias de Ubirat\u00e3, regi\u00e3o, Brasil e mundo, com informa\u00e7\u00e3o atualizada e compromisso com o leitor.","publisher":{"@id":"https:\/\/ubirataonline.com.br\/#organization"},"alternateName":"Ubirat\u00e3 Online","potentialAction":[{"@type":"SearchAction","target":{"@type":"EntryPoint","urlTemplate":"https:\/\/ubirataonline.com.br\/?s={search_term_string}"},"query-input":{"@type":"PropertyValueSpecification","valueRequired":true,"valueName":"search_term_string"}}],"inLanguage":"en-US"},{"@type":["Organization","Place"],"@id":"https:\/\/ubirataonline.com.br\/#organization","name":"Ubirat\u00e3 Online Not\u00edcias","alternateName":"Ubirat\u00e3 Online","url":"https:\/\/ubirataonline.com.br\/","logo":{"@id":"https:\/\/ubirataonline.com.br\/enquete-bbb-26-quem-deve-sair-entre-ana-paula-gabriela-e-juliano-floss\/#local-main-organization-logo"},"image":{"@id":"https:\/\/ubirataonline.com.br\/enquete-bbb-26-quem-deve-sair-entre-ana-paula-gabriela-e-juliano-floss\/#local-main-organization-logo"},"sameAs":["https:\/\/www.facebook.com\/portalubirataonline","https:\/\/x.com\/ubirataonline","https:\/\/mastodon.social\/@ubirataonline","https:\/\/www.facebook.com\/groups\/311144672285604","https:\/\/www.facebook.com\/UBTAOnline","https:\/\/www.instagram.com\/portalubirataonline\/","https:\/\/twitter.com\/ubirataonline"],"description":"Somos um portal de not\u00edcias independente, criado em 5 de janeiro de 2009, com o objetivo de informar, conectar e valorizar a nossa comunidade de Ubirat\u00e3 e toda aregi\u00e3o. Com conte\u00fado atualizado, confi\u00e1vel e relevante, o Ubirat\u00e3 Online \u00e9 o seu espa\u00e7o para ficar por dentro dos principais acontecimentos locais, regionais, Brasil, Mundo e de interesse geral. Nosso compromisso \u00e9 com a verdade, a transpar\u00eancia e o respeito ao leitor.","legalName":"UBIRATA ONLINE NOT\u00cdCIAS","foundingDate":"2009-01-05","numberOfEmployees":{"@type":"QuantitativeValue","minValue":"1","maxValue":"10"},"publishingPrinciples":"https:\/\/ubirataonline.com.br\/faq\/","address":{"@id":"https:\/\/ubirataonline.com.br\/enquete-bbb-26-quem-deve-sair-entre-ana-paula-gabriela-e-juliano-floss\/#local-main-place-address"},"geo":{"@type":"GeoCoordinates","latitude":"-24.5361401","longitude":"-52.9921776"},"telephone":["+5544998308235"],"contactPoint":{"@type":"ContactPoint","email":"contato@ubirataonline.com.br"},"openingHoursSpecification":{"@type":"OpeningHoursSpecification","dayOfWeek":["Monday","Tuesday","Wednesday","Thursday","Friday","Saturday","Sunday"],"opens":"00:00","closes":"23:59"},"email":"contato@ubirataonline.com.br","vatID":"47.621.418\/0001-80"},{"@type":"Person","@id":"https:\/\/ubirataonline.com.br\/#\/schema\/person\/372f87bbd3fdd79b8556b84c98d0bc1c","name":"REDA\u00c7\u00c3O: UBIRAT\u00c3 ONLINE - F\u00c1BIO AUGUSTO CELESTINO","pronouns":"Ele","description":"Desde 2003 trabalhando com not\u00edcias.","sameAs":["http:\/\/ubirataoline.com.br","https:\/\/www.facebook.com\/portalubirataonline","https:\/\/www.instagram.com\/ubirataonline_oficial","https:\/\/x.com\/x.com\/ubirataonline"],"honorificPrefix":"Mr.","honorificSuffix":"MD","birthDate":"1980-06-16","gender":"masculino","award":["V\u00e1rios pr\u00eamios de melhor portal da cidade"],"jobTitle":"Diretor","url":"https:\/\/ubirataonline.com.br\/en\/author\/ubirataonline\/"},{"@type":"PostalAddress","@id":"https:\/\/ubirataonline.com.br\/enquete-bbb-26-quem-deve-sair-entre-ana-paula-gabriela-e-juliano-floss\/#local-main-place-address","streetAddress":"Rua dos Coqueiros, 104 - Bairro Boa Vista, Rua dos Coqueiros, 104 Bairro Boa Vista","addressLocality":"UBIRATA","postalCode":"85440-000","addressRegion":"PR","addressCountry":"BR"},{"@type":"ImageObject","inLanguage":"en-US","@id":"https:\/\/ubirataonline.com.br\/enquete-bbb-26-quem-deve-sair-entre-ana-paula-gabriela-e-juliano-floss\/#local-main-organization-logo","url":"https:\/\/ubirataonline.com.br\/wp-content\/uploads\/2026\/06\/logoubirataonline-1.webp","contentUrl":"https:\/\/ubirataonline.com.br\/wp-content\/uploads\/2026\/06\/logoubirataonline-1.webp","width":500,"height":500,"caption":"Ubirat\u00e3 Online Not\u00edcias"}]},"geo.placename":"UBIRATA","geo.position":{"lat":"-24.5361401","long":"-52.9921776"},"geo.region":"Brazil"},"_links":{"self":[{"href":"https:\/\/ubirataonline.com.br\/en\/wp-json\/wp\/v2\/posts\/105988","targetHints":{"allow":["GET"]}}],"collection":[{"href":"https:\/\/ubirataonline.com.br\/en\/wp-json\/wp\/v2\/posts"}],"about":[{"href":"https:\/\/ubirataonline.com.br\/en\/wp-json\/wp\/v2\/types\/post"}],"author":[{"embeddable":true,"href":"https:\/\/ubirataonline.com.br\/en\/wp-json\/wp\/v2\/users\/1"}],"replies":[{"embeddable":true,"href":"https:\/\/ubirataonline.com.br\/en\/wp-json\/wp\/v2\/comments?post=105988"}],"version-history":[{"count":0,"href":"https:\/\/ubirataonline.com.br\/en\/wp-json\/wp\/v2\/posts\/105988\/revisions"}],"wp:featuredmedia":[{"embeddable":true,"href":"https:\/\/ubirataonline.com.br\/en\/wp-json\/wp\/v2\/media\/105989"}],"wp:attachment":[{"href":"https:\/\/ubirataonline.com.br\/en\/wp-json\/wp\/v2\/media?parent=105988"}],"wp:term":[{"taxonomy":"category","embeddable":true,"href":"https:\/\/ubirataonline.com.br\/en\/wp-json\/wp\/v2\/categories?post=105988"},{"taxonomy":"post_tag","embeddable":true,"href":"https:\/\/ubirataonline.com.br\/en\/wp-json\/wp\/v2\/tags?post=105988"}],"curies":[{"name":"wp","href":"https:\/\/api.w.org\/{rel}","templated":true}]}}