{"id":106033,"date":"2026-04-13T11:19:27","date_gmt":"2026-04-13T14:19:27","guid":{"rendered":"https:\/\/ubirataonline.com.br\/nem-vini-jr-nem-raphinha-romario-aponta-algoz-da-selecao-como-sucessor\/"},"modified":"2026-04-13T11:19:31","modified_gmt":"2026-04-13T14:19:31","slug":"nem-vini-jr-nem-raphinha-romario-aponta-algoz-da-selecao-como-sucessor","status":"publish","type":"post","link":"https:\/\/ubirataonline.com.br\/en\/nem-vini-jr-nem-raphinha-romario-aponta-algoz-da-selecao-como-sucessor\/","title":{"rendered":"Nem Vini Jr., nem Raphinha: Rom\u00e1rio aponta &#8216;algoz&#8217; da Sele\u00e7\u00e3o como sucessor"},"content":{"rendered":"<p><\/p>\n<div data-single-content=\"true\">\n<p class=\"pb-6 break-words text-lg leading-normal font-normal group-[.isActiveSource]:text-xl\">Rom\u00e1rio foi perguntado por Iker Casillas em um v\u00eddeo publicado no canal do YouTube do multicampe\u00e3 pelo Real Madrid qual jogador atual mais se parece com ele. O Baixinho ignorou os jogadores brasileiros e escolheu um atacante que marcou um gola\u00e7o contra a Sele\u00e7\u00e3o Brasileira recentemente.<\/p>\n<p class=\"pb-6 break-words text-lg leading-normal font-normal group-[.isActiveSource]:text-xl\">O escolhido pelo tetracampe\u00e3o do mundo foi Kyllian Mbapp\u00e9, parceiro de Vinicius J\u00fanior no Real Madrid e rival de Raphinha no Barcelona. O astro franc\u00eas marcou um gola\u00e7o contra o Brasil no amistoso disputado em 26 de mar\u00e7o, nos Estados Unidos. <a href=\"https:\/\/www.itatiaia.com.br\/esportes\/futebol\/selecao-brasileira\/com-um-a-mais-brasil-perde-para-franca-em-amistoso-nos-eua\/\" class=\"text-brand underline hover:text-red-500 hover:no-underline font-medium break-words group-[.isActiveSource]:text-xl\" target=\"_self\" rel=\"\">Os franceses venceram a partida por 2 a 1 no Gillette Stadium<\/a>, em Foxborough, mesmo a Canarinha tendo um jogador a mais durante quase todo o segundo tempo. O resultado foi um balde de \u00e1gua fria na torcida brasileira.<\/p>\n<p class=\"pb-6 break-words text-lg leading-normal font-normal group-[.isActiveSource]:text-xl\">A participa\u00e7\u00e3o do Baixinho no podcast rendeu mais respostas curiosas em uma esp\u00e9cie de &#8220;bate-bola&#8221; com o ex-goleiro. Na \u00faltima, inclusive, Rom\u00e1rio disse que foi melgor que Diego Maradona e Lionel Messi dentro da \u00e1rea.<\/p>\n<h2 class=\"text-2xl pt-6 pb-3 font-bold break-words\">Confira todas as respostas de Rom\u00e1rio na entrevista<\/h2>\n<ul class=\"list-none [li&gt;&amp;]:pl-5 pb-6\">\n<li class=\"[ul&gt;&amp;]:indent-6 mb-3 last:mb-0 break-words text-lg font-normal [ul&gt;&amp;]:relative [ul&gt;&amp;]:before:absolute [ul&gt;&amp;]:before:left-1 [ul&gt;&amp;]:before:top-2.5 [ul&gt;&amp;]:before:w-1.5 [ul&gt;&amp;]:before:h-1.5 [ul&gt;&amp;]:before:bg-brand [ul&gt;&amp;]:before:rounded-full marker:inline group-[.isActiveSource]:text-xl\"><strong class=\"font-bold group-[.isActiveSource]:text-xl\">C<\/strong>: &#8220;Melhor treinador da sua carreira?&#8221;<\/li>\n<li class=\"[ul&gt;&amp;]:indent-6 mb-3 last:mb-0 break-words text-lg font-normal [ul&gt;&amp;]:relative [ul&gt;&amp;]:before:absolute [ul&gt;&amp;]:before:left-1 [ul&gt;&amp;]:before:top-2.5 [ul&gt;&amp;]:before:w-1.5 [ul&gt;&amp;]:before:h-1.5 [ul&gt;&amp;]:before:bg-brand [ul&gt;&amp;]:before:rounded-full marker:inline group-[.isActiveSource]:text-xl\"><strong class=\"font-bold group-[.isActiveSource]:text-xl\">R<\/strong>: &#8220;Yohan Cryuff.&#8221;<\/li>\n<li class=\"[ul&gt;&amp;]:indent-6 mb-3 last:mb-0 break-words text-lg font-normal [ul&gt;&amp;]:relative [ul&gt;&amp;]:before:absolute [ul&gt;&amp;]:before:left-1 [ul&gt;&amp;]:before:top-2.5 [ul&gt;&amp;]:before:w-1.5 [ul&gt;&amp;]:before:h-1.5 [ul&gt;&amp;]:before:bg-brand [ul&gt;&amp;]:before:rounded-full marker:inline group-[.isActiveSource]:text-xl\"><strong class=\"font-bold group-[.isActiveSource]:text-xl\">C<\/strong>: Melhor companheiro no campo?<\/li>\n<li class=\"[ul&gt;&amp;]:indent-6 mb-3 last:mb-0 break-words text-lg font-normal [ul&gt;&amp;]:relative [ul&gt;&amp;]:before:absolute [ul&gt;&amp;]:before:left-1 [ul&gt;&amp;]:before:top-2.5 [ul&gt;&amp;]:before:w-1.5 [ul&gt;&amp;]:before:h-1.5 [ul&gt;&amp;]:before:bg-brand [ul&gt;&amp;]:before:rounded-full marker:inline group-[.isActiveSource]:text-xl\"><strong class=\"font-bold group-[.isActiveSource]:text-xl\">R<\/strong>: &#8220;Bebeto.&#8221;<\/li>\n<li class=\"[ul&gt;&amp;]:indent-6 mb-3 last:mb-0 break-words text-lg font-normal [ul&gt;&amp;]:relative [ul&gt;&amp;]:before:absolute [ul&gt;&amp;]:before:left-1 [ul&gt;&amp;]:before:top-2.5 [ul&gt;&amp;]:before:w-1.5 [ul&gt;&amp;]:before:h-1.5 [ul&gt;&amp;]:before:bg-brand [ul&gt;&amp;]:before:rounded-full marker:inline group-[.isActiveSource]:text-xl\"><strong class=\"font-bold group-[.isActiveSource]:text-xl\">C<\/strong>: &#8220;Melhor goleiro que j\u00e1 enfrentou?&#8221;<\/li>\n<li class=\"[ul&gt;&amp;]:indent-6 mb-3 last:mb-0 break-words text-lg font-normal [ul&gt;&amp;]:relative [ul&gt;&amp;]:before:absolute [ul&gt;&amp;]:before:left-1 [ul&gt;&amp;]:before:top-2.5 [ul&gt;&amp;]:before:w-1.5 [ul&gt;&amp;]:before:h-1.5 [ul&gt;&amp;]:before:bg-brand [ul&gt;&amp;]:before:rounded-full marker:inline group-[.isActiveSource]:text-xl\"><strong class=\"font-bold group-[.isActiveSource]:text-xl\">R<\/strong>: &#8220;Um belga que se chama Preud&#8217;homme.&#8221;<\/li>\n<li class=\"[ul&gt;&amp;]:indent-6 mb-3 last:mb-0 break-words text-lg font-normal [ul&gt;&amp;]:relative [ul&gt;&amp;]:before:absolute [ul&gt;&amp;]:before:left-1 [ul&gt;&amp;]:before:top-2.5 [ul&gt;&amp;]:before:w-1.5 [ul&gt;&amp;]:before:h-1.5 [ul&gt;&amp;]:before:bg-brand [ul&gt;&amp;]:before:rounded-full marker:inline group-[.isActiveSource]:text-xl\"><strong class=\"font-bold group-[.isActiveSource]:text-xl\">C<\/strong>: &#8220;Zagueiro mais duro?&#8221;<\/li>\n<li class=\"[ul&gt;&amp;]:indent-6 mb-3 last:mb-0 break-words text-lg font-normal [ul&gt;&amp;]:relative [ul&gt;&amp;]:before:absolute [ul&gt;&amp;]:before:left-1 [ul&gt;&amp;]:before:top-2.5 [ul&gt;&amp;]:before:w-1.5 [ul&gt;&amp;]:before:h-1.5 [ul&gt;&amp;]:before:bg-brand [ul&gt;&amp;]:before:rounded-full marker:inline group-[.isActiveSource]:text-xl\"><strong class=\"font-bold group-[.isActiveSource]:text-xl\">R<\/strong>: &#8220;Um brasileiro que se chama Mozer.&#8221;<\/li>\n<li class=\"[ul&gt;&amp;]:indent-6 mb-3 last:mb-0 break-words text-lg font-normal [ul&gt;&amp;]:relative [ul&gt;&amp;]:before:absolute [ul&gt;&amp;]:before:left-1 [ul&gt;&amp;]:before:top-2.5 [ul&gt;&amp;]:before:w-1.5 [ul&gt;&amp;]:before:h-1.5 [ul&gt;&amp;]:before:bg-brand [ul&gt;&amp;]:before:rounded-full marker:inline group-[.isActiveSource]:text-xl\"><strong class=\"font-bold group-[.isActiveSource]:text-xl\">C<\/strong>: &#8220;Qual o seu gol favorito da carreira?&#8221;<\/li>\n<li class=\"[ul&gt;&amp;]:indent-6 mb-3 last:mb-0 break-words text-lg font-normal [ul&gt;&amp;]:relative [ul&gt;&amp;]:before:absolute [ul&gt;&amp;]:before:left-1 [ul&gt;&amp;]:before:top-2.5 [ul&gt;&amp;]:before:w-1.5 [ul&gt;&amp;]:before:h-1.5 [ul&gt;&amp;]:before:bg-brand [ul&gt;&amp;]:before:rounded-full marker:inline group-[.isActiveSource]:text-xl\"><strong class=\"font-bold group-[.isActiveSource]:text-xl\">R<\/strong>: &#8220;Contra o Real Madrid, de vaca.&#8221;<\/li>\n<li class=\"[ul&gt;&amp;]:indent-6 mb-3 last:mb-0 break-words text-lg font-normal [ul&gt;&amp;]:relative [ul&gt;&amp;]:before:absolute [ul&gt;&amp;]:before:left-1 [ul&gt;&amp;]:before:top-2.5 [ul&gt;&amp;]:before:w-1.5 [ul&gt;&amp;]:before:h-1.5 [ul&gt;&amp;]:before:bg-brand [ul&gt;&amp;]:before:rounded-full marker:inline group-[.isActiveSource]:text-xl\"><strong class=\"font-bold group-[.isActiveSource]:text-xl\">C<\/strong>: &#8220;Qual \u00e9 o seu maior arrependimento?&#8221;<\/li>\n<li class=\"[ul&gt;&amp;]:indent-6 mb-3 last:mb-0 break-words text-lg font-normal [ul&gt;&amp;]:relative [ul&gt;&amp;]:before:absolute [ul&gt;&amp;]:before:left-1 [ul&gt;&amp;]:before:top-2.5 [ul&gt;&amp;]:before:w-1.5 [ul&gt;&amp;]:before:h-1.5 [ul&gt;&amp;]:before:bg-brand [ul&gt;&amp;]:before:rounded-full marker:inline group-[.isActiveSource]:text-xl\">R: &#8220;Eu acho que foi n\u00e3o ter participado do Mundial de 2002.&#8221;<\/li>\n<li class=\"[ul&gt;&amp;]:indent-6 mb-3 last:mb-0 break-words text-lg font-normal [ul&gt;&amp;]:relative [ul&gt;&amp;]:before:absolute [ul&gt;&amp;]:before:left-1 [ul&gt;&amp;]:before:top-2.5 [ul&gt;&amp;]:before:w-1.5 [ul&gt;&amp;]:before:h-1.5 [ul&gt;&amp;]:before:bg-brand [ul&gt;&amp;]:before:rounded-full marker:inline group-[.isActiveSource]:text-xl\"><strong class=\"font-bold group-[.isActiveSource]:text-xl\">C<\/strong>: &#8220;O jogador atual que mais se parece contigo?&#8221;<\/li>\n<li class=\"[ul&gt;&amp;]:indent-6 mb-3 last:mb-0 break-words text-lg font-normal [ul&gt;&amp;]:relative [ul&gt;&amp;]:before:absolute [ul&gt;&amp;]:before:left-1 [ul&gt;&amp;]:before:top-2.5 [ul&gt;&amp;]:before:w-1.5 [ul&gt;&amp;]:before:h-1.5 [ul&gt;&amp;]:before:bg-brand [ul&gt;&amp;]:before:rounded-full marker:inline group-[.isActiveSource]:text-xl\"><strong class=\"font-bold group-[.isActiveSource]:text-xl\">R<\/strong>: &#8220;H\u00e1 algumas diferen\u00e7as, mas Mbapp\u00e9.&#8221;<\/li>\n<li class=\"[ul&gt;&amp;]:indent-6 mb-3 last:mb-0 break-words text-lg font-normal [ul&gt;&amp;]:relative [ul&gt;&amp;]:before:absolute [ul&gt;&amp;]:before:left-1 [ul&gt;&amp;]:before:top-2.5 [ul&gt;&amp;]:before:w-1.5 [ul&gt;&amp;]:before:h-1.5 [ul&gt;&amp;]:before:bg-brand [ul&gt;&amp;]:before:rounded-full marker:inline group-[.isActiveSource]:text-xl\"><strong class=\"font-bold group-[.isActiveSource]:text-xl\">C<\/strong>: &#8220;Maradona, Messi ou Rom\u00e1rio dentro da \u00e1rea?&#8221;<\/li>\n<li class=\"[ul&gt;&amp;]:indent-6 mb-3 last:mb-0 break-words text-lg font-normal [ul&gt;&amp;]:relative [ul&gt;&amp;]:before:absolute [ul&gt;&amp;]:before:left-1 [ul&gt;&amp;]:before:top-2.5 [ul&gt;&amp;]:before:w-1.5 [ul&gt;&amp;]:before:h-1.5 [ul&gt;&amp;]:before:bg-brand [ul&gt;&amp;]:before:rounded-full marker:inline group-[.isActiveSource]:text-xl\"><strong class=\"font-bold group-[.isActiveSource]:text-xl\">R<\/strong>: &#8220;Eu. Dentro da \u00e1rea, eu.&#8221;<\/li>\n<\/ul>\n<p class=\"pb-6 break-words text-lg leading-normal font-normal group-[.isActiveSource]:text-xl\">\u00a0<\/p>\n<p><!-- --><\/div>\n<p><a href=\"https:\/\/www.itatiaia.com.br\/esportes\/tv-e-streaming\/nem-vini-jr-nem-raphinha-romario-aponta-algoz-da-selecao-como-sucessor\/\">Fonte do Artigo <\/a><\/p>\n","protected":false},"excerpt":{"rendered":"<p>Rom\u00e1rio foi perguntado por Iker Casillas em um v\u00eddeo publicado no canal do YouTube do multicampe\u00e3 pelo Real Madrid qual jogador atual mais se parece com ele. O Baixinho ignorou os jogadores brasileiros e escolheu um atacante que marcou um gola\u00e7o contra a Sele\u00e7\u00e3o Brasileira recentemente. O escolhido pelo tetracampe\u00e3o do mundo foi Kyllian Mbapp\u00e9, [&hellip;]<\/p>\n","protected":false},"author":1,"featured_media":106034,"comment_status":"closed","ping_status":"","sticky":false,"template":"","format":"standard","meta":{"googlesitekit_rrm_CAow2JLhCw:productID":"","_gspb_post_css":"","maa_idioma":"","maa_pais":"","footnotes":""},"categories":[4],"tags":[12695,5185,3564,7703,13869,27774,4493,27775,6792],"class_list":["post-106033","post","type-post","status-publish","format-standard","has-post-thumbnail","hentry","category-brasil","tag-algoz","tag-aponta","tag-como","tag-nem","tag-raphinha","tag-romario","tag-selecao","tag-sucessor","tag-vini"],"blocksy_meta":[],"yoast_head":"<!-- This site is optimized with the Yoast SEO Premium plugin v27.6 (Yoast SEO v27.6) - https:\/\/yoast.com\/product\/yoast-seo-premium-wordpress\/ -->\n<title>Nem Vini Jr., nem Raphinha: Rom\u00e1rio aponta &#039;algoz&#039; da Sele\u00e7\u00e3o como sucessor - Ubirat\u00e3 Online Not\u00edcias - A realidade ao seu alcance!<\/title>\n<meta name=\"description\" content=\"Rom\u00e1rio foi perguntado por Iker Casillas em um v\u00eddeo publicado no canal do YouTube do multicampe\u00e3 pelo Real Madrid qual jogador atual mais se parece com\" \/>\n<meta name=\"robots\" content=\"index, follow, max-snippet:-1, max-image-preview:large, max-video-preview:-1\" \/>\n<link rel=\"canonical\" href=\"https:\/\/ubirataonline.com.br\/en\/nem-vini-jr-nem-raphinha-romario-aponta-algoz-da-selecao-como-sucessor\/\" \/>\n<meta property=\"og:locale\" content=\"en_US\" \/>\n<meta property=\"og:type\" content=\"article\" \/>\n<meta property=\"og:title\" content=\"Nem Vini Jr., nem Raphinha: Rom\u00e1rio aponta &#039;algoz&#039; da Sele\u00e7\u00e3o como sucessor\" \/>\n<meta property=\"og:description\" content=\"Rom\u00e1rio foi perguntado por Iker Casillas em um v\u00eddeo publicado no canal do YouTube do multicampe\u00e3 pelo Real Madrid qual jogador atual mais se parece com\" \/>\n<meta property=\"og:url\" content=\"https:\/\/ubirataonline.com.br\/en\/nem-vini-jr-nem-raphinha-romario-aponta-algoz-da-selecao-como-sucessor\/\" \/>\n<meta property=\"og:site_name\" content=\"Ubirat\u00e3 Online Not\u00edcias - A realidade ao seu alcance!\" \/>\n<meta property=\"article:publisher\" content=\"https:\/\/www.facebook.com\/portalubirataonline\" \/>\n<meta property=\"article:author\" content=\"https:\/\/www.facebook.com\/portalubirataonline\" \/>\n<meta property=\"article:published_time\" content=\"2026-04-13T14:19:27+00:00\" \/>\n<meta property=\"article:modified_time\" content=\"2026-04-13T14:19:31+00:00\" \/>\n<meta property=\"og:image\" content=\"https:\/\/ubirataonline.com.br\/wp-content\/uploads\/2026\/04\/Nem-Vini-Jr-nem-Raphinha-Romario-aponta-algoz-da-Selecao.png\" \/>\n\t<meta property=\"og:image:width\" content=\"1279\" \/>\n\t<meta property=\"og:image:height\" content=\"720\" \/>\n\t<meta property=\"og:image:type\" content=\"image\/png\" \/>\n<meta name=\"author\" content=\"REDA\u00c7\u00c3O: UBIRAT\u00c3 ONLINE - F\u00c1BIO AUGUSTO CELESTINO\" \/>\n<meta name=\"twitter:card\" content=\"summary_large_image\" \/>\n<meta name=\"twitter:creator\" content=\"@x.com\/ubirataonline\" \/>\n<meta name=\"twitter:site\" content=\"@ubirataonline\" \/>\n<meta name=\"twitter:label1\" content=\"Written by\" \/>\n\t<meta name=\"twitter:data1\" content=\"REDA\u00c7\u00c3O: UBIRAT\u00c3 ONLINE - F\u00c1BIO AUGUSTO CELESTINO\" \/>\n\t<meta name=\"twitter:label2\" content=\"Est. reading time\" \/>\n\t<meta name=\"twitter:data2\" content=\"1 minute\" \/>\n<script type=\"application\/ld+json\" class=\"yoast-schema-graph\">{\"@context\":\"https:\\\/\\\/schema.org\",\"@graph\":[{\"@type\":\"NewsArticle\",\"@id\":\"https:\\\/\\\/ubirataonline.com.br\\\/nem-vini-jr-nem-raphinha-romario-aponta-algoz-da-selecao-como-sucessor\\\/#article\",\"isPartOf\":{\"@id\":\"https:\\\/\\\/ubirataonline.com.br\\\/nem-vini-jr-nem-raphinha-romario-aponta-algoz-da-selecao-como-sucessor\\\/\"},\"author\":{\"name\":\"REDA\u00c7\u00c3O: UBIRAT\u00c3 ONLINE - F\u00c1BIO AUGUSTO CELESTINO\",\"@id\":\"https:\\\/\\\/ubirataonline.com.br\\\/#\\\/schema\\\/person\\\/372f87bbd3fdd79b8556b84c98d0bc1c\"},\"headline\":\"Nem Vini Jr., nem Raphinha: Rom\u00e1rio aponta &#8216;algoz&#8217; da Sele\u00e7\u00e3o como sucessor\",\"datePublished\":\"2026-04-13T14:19:27+00:00\",\"dateModified\":\"2026-04-13T14:19:31+00:00\",\"mainEntityOfPage\":{\"@id\":\"https:\\\/\\\/ubirataonline.com.br\\\/nem-vini-jr-nem-raphinha-romario-aponta-algoz-da-selecao-como-sucessor\\\/\"},\"wordCount\":301,\"publisher\":{\"@id\":\"https:\\\/\\\/ubirataonline.com.br\\\/#organization\"},\"image\":{\"@id\":\"https:\\\/\\\/ubirataonline.com.br\\\/nem-vini-jr-nem-raphinha-romario-aponta-algoz-da-selecao-como-sucessor\\\/#primaryimage\"},\"thumbnailUrl\":\"https:\\\/\\\/ubirataonline.com.br\\\/wp-content\\\/uploads\\\/2026\\\/04\\\/Nem-Vini-Jr-nem-Raphinha-Romario-aponta-algoz-da-Selecao.png\",\"keywords\":[\"algoz\",\"aponta\",\"como\",\"nem\",\"Raphinha\",\"Rom\u00e1rio\",\"sele\u00e7\u00e3o\",\"sucessor\",\"Vini\"],\"articleSection\":[\"Brasil\"],\"inLanguage\":\"en-US\",\"copyrightYear\":\"2026\",\"copyrightHolder\":{\"@id\":\"https:\\\/\\\/ubirataonline.com.br\\\/en\\\/#organization\"}},{\"@type\":\"WebPage\",\"@id\":\"https:\\\/\\\/ubirataonline.com.br\\\/nem-vini-jr-nem-raphinha-romario-aponta-algoz-da-selecao-como-sucessor\\\/\",\"url\":\"https:\\\/\\\/ubirataonline.com.br\\\/nem-vini-jr-nem-raphinha-romario-aponta-algoz-da-selecao-como-sucessor\\\/\",\"name\":\"Nem Vini Jr., nem Raphinha: Rom\u00e1rio aponta 'algoz' da Sele\u00e7\u00e3o como sucessor - Ubirat\u00e3 Online Not\u00edcias - A realidade ao seu alcance!\",\"isPartOf\":{\"@id\":\"https:\\\/\\\/ubirataonline.com.br\\\/#website\"},\"primaryImageOfPage\":{\"@id\":\"https:\\\/\\\/ubirataonline.com.br\\\/nem-vini-jr-nem-raphinha-romario-aponta-algoz-da-selecao-como-sucessor\\\/#primaryimage\"},\"image\":{\"@id\":\"https:\\\/\\\/ubirataonline.com.br\\\/nem-vini-jr-nem-raphinha-romario-aponta-algoz-da-selecao-como-sucessor\\\/#primaryimage\"},\"thumbnailUrl\":\"https:\\\/\\\/ubirataonline.com.br\\\/wp-content\\\/uploads\\\/2026\\\/04\\\/Nem-Vini-Jr-nem-Raphinha-Romario-aponta-algoz-da-Selecao.png\",\"datePublished\":\"2026-04-13T14:19:27+00:00\",\"dateModified\":\"2026-04-13T14:19:31+00:00\",\"description\":\"Rom\u00e1rio foi perguntado por Iker Casillas em um v\u00eddeo publicado no canal do YouTube do multicampe\u00e3 pelo Real Madrid qual jogador atual mais se parece com\",\"breadcrumb\":{\"@id\":\"https:\\\/\\\/ubirataonline.com.br\\\/nem-vini-jr-nem-raphinha-romario-aponta-algoz-da-selecao-como-sucessor\\\/#breadcrumb\"},\"inLanguage\":\"en-US\",\"potentialAction\":[{\"@type\":\"ReadAction\",\"target\":[\"https:\\\/\\\/ubirataonline.com.br\\\/nem-vini-jr-nem-raphinha-romario-aponta-algoz-da-selecao-como-sucessor\\\/\"]}]},{\"@type\":\"ImageObject\",\"inLanguage\":\"en-US\",\"@id\":\"https:\\\/\\\/ubirataonline.com.br\\\/nem-vini-jr-nem-raphinha-romario-aponta-algoz-da-selecao-como-sucessor\\\/#primaryimage\",\"url\":\"https:\\\/\\\/ubirataonline.com.br\\\/wp-content\\\/uploads\\\/2026\\\/04\\\/Nem-Vini-Jr-nem-Raphinha-Romario-aponta-algoz-da-Selecao.png\",\"contentUrl\":\"https:\\\/\\\/ubirataonline.com.br\\\/wp-content\\\/uploads\\\/2026\\\/04\\\/Nem-Vini-Jr-nem-Raphinha-Romario-aponta-algoz-da-Selecao.png\",\"width\":1279,\"height\":720,\"caption\":\"Rom\u00e1rio, tetracampe\u00e3o mundial com a Sele\u00e7\u00e3o Brasileira\u00a0\u2022 Reprodu\u00e7\u00e3o \\\/ YouTube \\\/ Casillas\"},{\"@type\":\"BreadcrumbList\",\"@id\":\"https:\\\/\\\/ubirataonline.com.br\\\/nem-vini-jr-nem-raphinha-romario-aponta-algoz-da-selecao-como-sucessor\\\/#breadcrumb\",\"itemListElement\":[{\"@type\":\"ListItem\",\"position\":1,\"name\":\"In\u00edcio\",\"item\":\"https:\\\/\\\/ubirataonline.com.br\\\/\"},{\"@type\":\"ListItem\",\"position\":2,\"name\":\"Nem Vini Jr., nem Raphinha: Rom\u00e1rio aponta &#8216;algoz&#8217; da Sele\u00e7\u00e3o como sucessor\"}]},{\"@type\":\"WebSite\",\"@id\":\"https:\\\/\\\/ubirataonline.com.br\\\/#website\",\"url\":\"https:\\\/\\\/ubirataonline.com.br\\\/\",\"name\":\"Ubirat\u00e3 Online Not\u00edcias\",\"description\":\"Not\u00edcias de Ubirat\u00e3, regi\u00e3o, Brasil e mundo, com informa\u00e7\u00e3o atualizada e compromisso com o leitor.\",\"publisher\":{\"@id\":\"https:\\\/\\\/ubirataonline.com.br\\\/#organization\"},\"alternateName\":\"Ubirat\u00e3 Online\",\"potentialAction\":[{\"@type\":\"SearchAction\",\"target\":{\"@type\":\"EntryPoint\",\"urlTemplate\":\"https:\\\/\\\/ubirataonline.com.br\\\/?s={search_term_string}\"},\"query-input\":{\"@type\":\"PropertyValueSpecification\",\"valueRequired\":true,\"valueName\":\"search_term_string\"}}],\"inLanguage\":\"en-US\"},{\"@type\":[\"Organization\",\"Place\"],\"@id\":\"https:\\\/\\\/ubirataonline.com.br\\\/#organization\",\"name\":\"Ubirat\u00e3 Online Not\u00edcias\",\"alternateName\":\"Ubirat\u00e3 Online\",\"url\":\"https:\\\/\\\/ubirataonline.com.br\\\/\",\"logo\":{\"@id\":\"https:\\\/\\\/ubirataonline.com.br\\\/nem-vini-jr-nem-raphinha-romario-aponta-algoz-da-selecao-como-sucessor\\\/#local-main-organization-logo\"},\"image\":{\"@id\":\"https:\\\/\\\/ubirataonline.com.br\\\/nem-vini-jr-nem-raphinha-romario-aponta-algoz-da-selecao-como-sucessor\\\/#local-main-organization-logo\"},\"sameAs\":[\"https:\\\/\\\/www.facebook.com\\\/portalubirataonline\",\"https:\\\/\\\/x.com\\\/ubirataonline\",\"https:\\\/\\\/mastodon.social\\\/@ubirataonline\",\"https:\\\/\\\/www.facebook.com\\\/groups\\\/311144672285604\",\"https:\\\/\\\/www.facebook.com\\\/UBTAOnline\",\"https:\\\/\\\/www.instagram.com\\\/portalubirataonline\\\/\",\"https:\\\/\\\/twitter.com\\\/ubirataonline\"],\"description\":\"Somos um portal de not\u00edcias independente, criado em 5 de janeiro de 2009, com o objetivo de informar, conectar e valorizar a nossa comunidade de Ubirat\u00e3 e toda aregi\u00e3o. Com conte\u00fado atualizado, confi\u00e1vel e relevante, o Ubirat\u00e3 Online \u00e9 o seu espa\u00e7o para ficar por dentro dos principais acontecimentos locais, regionais, Brasil, Mundo e de interesse geral. Nosso compromisso \u00e9 com a verdade, a transpar\u00eancia e o respeito ao leitor.\",\"legalName\":\"UBIRATA ONLINE NOT\u00cdCIAS\",\"foundingDate\":\"2009-01-05\",\"numberOfEmployees\":{\"@type\":\"QuantitativeValue\",\"minValue\":\"1\",\"maxValue\":\"10\"},\"publishingPrinciples\":\"https:\\\/\\\/ubirataonline.com.br\\\/faq\\\/\",\"address\":{\"@id\":\"https:\\\/\\\/ubirataonline.com.br\\\/nem-vini-jr-nem-raphinha-romario-aponta-algoz-da-selecao-como-sucessor\\\/#local-main-place-address\"},\"geo\":{\"@type\":\"GeoCoordinates\",\"latitude\":\"-24.5361401\",\"longitude\":\"-52.9921776\"},\"telephone\":[\"+5544998308235\"],\"contactPoint\":{\"@type\":\"ContactPoint\",\"email\":\"contato@ubirataonline.com.br\"},\"openingHoursSpecification\":{\"@type\":\"OpeningHoursSpecification\",\"dayOfWeek\":[\"Monday\",\"Tuesday\",\"Wednesday\",\"Thursday\",\"Friday\",\"Saturday\",\"Sunday\"],\"opens\":\"00:00\",\"closes\":\"23:59\"},\"email\":\"contato@ubirataonline.com.br\",\"vatID\":\"47.621.418\\\/0001-80\"},{\"@type\":\"Person\",\"@id\":\"https:\\\/\\\/ubirataonline.com.br\\\/#\\\/schema\\\/person\\\/372f87bbd3fdd79b8556b84c98d0bc1c\",\"name\":\"REDA\u00c7\u00c3O: UBIRAT\u00c3 ONLINE - F\u00c1BIO AUGUSTO CELESTINO\",\"pronouns\":\"Ele\",\"description\":\"Desde 2003 trabalhando com not\u00edcias.\",\"sameAs\":[\"http:\\\/\\\/ubirataoline.com.br\",\"https:\\\/\\\/www.facebook.com\\\/portalubirataonline\",\"https:\\\/\\\/www.instagram.com\\\/ubirataonline_oficial\",\"https:\\\/\\\/x.com\\\/x.com\\\/ubirataonline\"],\"honorificPrefix\":\"Mr.\",\"honorificSuffix\":\"MD\",\"birthDate\":\"1980-06-16\",\"gender\":\"masculino\",\"award\":[\"V\u00e1rios pr\u00eamios de melhor portal da cidade\"],\"jobTitle\":\"Diretor\",\"url\":\"https:\\\/\\\/ubirataonline.com.br\\\/en\\\/author\\\/ubirataonline\\\/\"},{\"@type\":\"PostalAddress\",\"@id\":\"https:\\\/\\\/ubirataonline.com.br\\\/nem-vini-jr-nem-raphinha-romario-aponta-algoz-da-selecao-como-sucessor\\\/#local-main-place-address\",\"streetAddress\":\"Rua dos Coqueiros, 104 - Bairro Boa Vista, Rua dos Coqueiros, 104 Bairro Boa Vista\",\"addressLocality\":\"UBIRATA\",\"postalCode\":\"85440-000\",\"addressRegion\":\"PR\",\"addressCountry\":\"BR\"},{\"@type\":\"ImageObject\",\"inLanguage\":\"en-US\",\"@id\":\"https:\\\/\\\/ubirataonline.com.br\\\/nem-vini-jr-nem-raphinha-romario-aponta-algoz-da-selecao-como-sucessor\\\/#local-main-organization-logo\",\"url\":\"https:\\\/\\\/ubirataonline.com.br\\\/wp-content\\\/uploads\\\/2026\\\/06\\\/logoubirataonline-1.webp\",\"contentUrl\":\"https:\\\/\\\/ubirataonline.com.br\\\/wp-content\\\/uploads\\\/2026\\\/06\\\/logoubirataonline-1.webp\",\"width\":500,\"height\":500,\"caption\":\"Ubirat\u00e3 Online Not\u00edcias\"}]}<\/script>\n<meta name=\"geo.placename\" content=\"UBIRATA\" \/>\n<meta name=\"geo.position\" content=\"-24.5361401;-52.9921776\" \/>\n<meta name=\"geo.region\" content=\"Brazil\" \/>\n<!-- \/ Yoast SEO Premium plugin. -->","yoast_head_json":{"title":"Nem Vini Jr., nem Raphinha: Rom\u00e1rio aponta 'algoz' da Sele\u00e7\u00e3o como sucessor - Ubirat\u00e3 Online Not\u00edcias - A realidade ao seu alcance!","description":"Rom\u00e1rio foi perguntado por Iker Casillas em um v\u00eddeo publicado no canal do YouTube do multicampe\u00e3 pelo Real Madrid qual jogador atual mais se parece com","robots":{"index":"index","follow":"follow","max-snippet":"max-snippet:-1","max-image-preview":"max-image-preview:large","max-video-preview":"max-video-preview:-1"},"canonical":"https:\/\/ubirataonline.com.br\/en\/nem-vini-jr-nem-raphinha-romario-aponta-algoz-da-selecao-como-sucessor\/","og_locale":"en_US","og_type":"article","og_title":"Nem Vini Jr., nem Raphinha: Rom\u00e1rio aponta 'algoz' da Sele\u00e7\u00e3o como sucessor","og_description":"Rom\u00e1rio foi perguntado por Iker Casillas em um v\u00eddeo publicado no canal do YouTube do multicampe\u00e3 pelo Real Madrid qual jogador atual mais se parece com","og_url":"https:\/\/ubirataonline.com.br\/en\/nem-vini-jr-nem-raphinha-romario-aponta-algoz-da-selecao-como-sucessor\/","og_site_name":"Ubirat\u00e3 Online Not\u00edcias - A realidade ao seu alcance!","article_publisher":"https:\/\/www.facebook.com\/portalubirataonline","article_author":"https:\/\/www.facebook.com\/portalubirataonline","article_published_time":"2026-04-13T14:19:27+00:00","article_modified_time":"2026-04-13T14:19:31+00:00","og_image":[{"width":1279,"height":720,"url":"https:\/\/ubirataonline.com.br\/wp-content\/uploads\/2026\/04\/Nem-Vini-Jr-nem-Raphinha-Romario-aponta-algoz-da-Selecao.png","type":"image\/png"}],"author":"REDA\u00c7\u00c3O: UBIRAT\u00c3 ONLINE - F\u00c1BIO AUGUSTO CELESTINO","twitter_card":"summary_large_image","twitter_creator":"@x.com\/ubirataonline","twitter_site":"@ubirataonline","twitter_misc":{"Written by":"REDA\u00c7\u00c3O: UBIRAT\u00c3 ONLINE - F\u00c1BIO AUGUSTO CELESTINO","Est. reading time":"1 minute"},"schema":{"@context":"https:\/\/schema.org","@graph":[{"@type":"NewsArticle","@id":"https:\/\/ubirataonline.com.br\/nem-vini-jr-nem-raphinha-romario-aponta-algoz-da-selecao-como-sucessor\/#article","isPartOf":{"@id":"https:\/\/ubirataonline.com.br\/nem-vini-jr-nem-raphinha-romario-aponta-algoz-da-selecao-como-sucessor\/"},"author":{"name":"REDA\u00c7\u00c3O: UBIRAT\u00c3 ONLINE - F\u00c1BIO AUGUSTO CELESTINO","@id":"https:\/\/ubirataonline.com.br\/#\/schema\/person\/372f87bbd3fdd79b8556b84c98d0bc1c"},"headline":"Nem Vini Jr., nem Raphinha: Rom\u00e1rio aponta &#8216;algoz&#8217; da Sele\u00e7\u00e3o como sucessor","datePublished":"2026-04-13T14:19:27+00:00","dateModified":"2026-04-13T14:19:31+00:00","mainEntityOfPage":{"@id":"https:\/\/ubirataonline.com.br\/nem-vini-jr-nem-raphinha-romario-aponta-algoz-da-selecao-como-sucessor\/"},"wordCount":301,"publisher":{"@id":"https:\/\/ubirataonline.com.br\/#organization"},"image":{"@id":"https:\/\/ubirataonline.com.br\/nem-vini-jr-nem-raphinha-romario-aponta-algoz-da-selecao-como-sucessor\/#primaryimage"},"thumbnailUrl":"https:\/\/ubirataonline.com.br\/wp-content\/uploads\/2026\/04\/Nem-Vini-Jr-nem-Raphinha-Romario-aponta-algoz-da-Selecao.png","keywords":["algoz","aponta","como","nem","Raphinha","Rom\u00e1rio","sele\u00e7\u00e3o","sucessor","Vini"],"articleSection":["Brasil"],"inLanguage":"en-US","copyrightYear":"2026","copyrightHolder":{"@id":"https:\/\/ubirataonline.com.br\/en\/#organization"}},{"@type":"WebPage","@id":"https:\/\/ubirataonline.com.br\/nem-vini-jr-nem-raphinha-romario-aponta-algoz-da-selecao-como-sucessor\/","url":"https:\/\/ubirataonline.com.br\/nem-vini-jr-nem-raphinha-romario-aponta-algoz-da-selecao-como-sucessor\/","name":"Nem Vini Jr., nem Raphinha: Rom\u00e1rio aponta 'algoz' da Sele\u00e7\u00e3o como sucessor - Ubirat\u00e3 Online Not\u00edcias - A realidade ao seu alcance!","isPartOf":{"@id":"https:\/\/ubirataonline.com.br\/#website"},"primaryImageOfPage":{"@id":"https:\/\/ubirataonline.com.br\/nem-vini-jr-nem-raphinha-romario-aponta-algoz-da-selecao-como-sucessor\/#primaryimage"},"image":{"@id":"https:\/\/ubirataonline.com.br\/nem-vini-jr-nem-raphinha-romario-aponta-algoz-da-selecao-como-sucessor\/#primaryimage"},"thumbnailUrl":"https:\/\/ubirataonline.com.br\/wp-content\/uploads\/2026\/04\/Nem-Vini-Jr-nem-Raphinha-Romario-aponta-algoz-da-Selecao.png","datePublished":"2026-04-13T14:19:27+00:00","dateModified":"2026-04-13T14:19:31+00:00","description":"Rom\u00e1rio foi perguntado por Iker Casillas em um v\u00eddeo publicado no canal do YouTube do multicampe\u00e3 pelo Real Madrid qual jogador atual mais se parece com","breadcrumb":{"@id":"https:\/\/ubirataonline.com.br\/nem-vini-jr-nem-raphinha-romario-aponta-algoz-da-selecao-como-sucessor\/#breadcrumb"},"inLanguage":"en-US","potentialAction":[{"@type":"ReadAction","target":["https:\/\/ubirataonline.com.br\/nem-vini-jr-nem-raphinha-romario-aponta-algoz-da-selecao-como-sucessor\/"]}]},{"@type":"ImageObject","inLanguage":"en-US","@id":"https:\/\/ubirataonline.com.br\/nem-vini-jr-nem-raphinha-romario-aponta-algoz-da-selecao-como-sucessor\/#primaryimage","url":"https:\/\/ubirataonline.com.br\/wp-content\/uploads\/2026\/04\/Nem-Vini-Jr-nem-Raphinha-Romario-aponta-algoz-da-Selecao.png","contentUrl":"https:\/\/ubirataonline.com.br\/wp-content\/uploads\/2026\/04\/Nem-Vini-Jr-nem-Raphinha-Romario-aponta-algoz-da-Selecao.png","width":1279,"height":720,"caption":"Rom\u00e1rio, tetracampe\u00e3o mundial com a Sele\u00e7\u00e3o Brasileira\u00a0\u2022 Reprodu\u00e7\u00e3o \/ YouTube \/ Casillas"},{"@type":"BreadcrumbList","@id":"https:\/\/ubirataonline.com.br\/nem-vini-jr-nem-raphinha-romario-aponta-algoz-da-selecao-como-sucessor\/#breadcrumb","itemListElement":[{"@type":"ListItem","position":1,"name":"In\u00edcio","item":"https:\/\/ubirataonline.com.br\/"},{"@type":"ListItem","position":2,"name":"Nem Vini Jr., nem Raphinha: Rom\u00e1rio aponta &#8216;algoz&#8217; da Sele\u00e7\u00e3o como sucessor"}]},{"@type":"WebSite","@id":"https:\/\/ubirataonline.com.br\/#website","url":"https:\/\/ubirataonline.com.br\/","name":"Ubirat\u00e3 Online Not\u00edcias","description":"Not\u00edcias de Ubirat\u00e3, regi\u00e3o, Brasil e mundo, com informa\u00e7\u00e3o atualizada e compromisso com o leitor.","publisher":{"@id":"https:\/\/ubirataonline.com.br\/#organization"},"alternateName":"Ubirat\u00e3 Online","potentialAction":[{"@type":"SearchAction","target":{"@type":"EntryPoint","urlTemplate":"https:\/\/ubirataonline.com.br\/?s={search_term_string}"},"query-input":{"@type":"PropertyValueSpecification","valueRequired":true,"valueName":"search_term_string"}}],"inLanguage":"en-US"},{"@type":["Organization","Place"],"@id":"https:\/\/ubirataonline.com.br\/#organization","name":"Ubirat\u00e3 Online Not\u00edcias","alternateName":"Ubirat\u00e3 Online","url":"https:\/\/ubirataonline.com.br\/","logo":{"@id":"https:\/\/ubirataonline.com.br\/nem-vini-jr-nem-raphinha-romario-aponta-algoz-da-selecao-como-sucessor\/#local-main-organization-logo"},"image":{"@id":"https:\/\/ubirataonline.com.br\/nem-vini-jr-nem-raphinha-romario-aponta-algoz-da-selecao-como-sucessor\/#local-main-organization-logo"},"sameAs":["https:\/\/www.facebook.com\/portalubirataonline","https:\/\/x.com\/ubirataonline","https:\/\/mastodon.social\/@ubirataonline","https:\/\/www.facebook.com\/groups\/311144672285604","https:\/\/www.facebook.com\/UBTAOnline","https:\/\/www.instagram.com\/portalubirataonline\/","https:\/\/twitter.com\/ubirataonline"],"description":"Somos um portal de not\u00edcias independente, criado em 5 de janeiro de 2009, com o objetivo de informar, conectar e valorizar a nossa comunidade de Ubirat\u00e3 e toda aregi\u00e3o. Com conte\u00fado atualizado, confi\u00e1vel e relevante, o Ubirat\u00e3 Online \u00e9 o seu espa\u00e7o para ficar por dentro dos principais acontecimentos locais, regionais, Brasil, Mundo e de interesse geral. Nosso compromisso \u00e9 com a verdade, a transpar\u00eancia e o respeito ao leitor.","legalName":"UBIRATA ONLINE NOT\u00cdCIAS","foundingDate":"2009-01-05","numberOfEmployees":{"@type":"QuantitativeValue","minValue":"1","maxValue":"10"},"publishingPrinciples":"https:\/\/ubirataonline.com.br\/faq\/","address":{"@id":"https:\/\/ubirataonline.com.br\/nem-vini-jr-nem-raphinha-romario-aponta-algoz-da-selecao-como-sucessor\/#local-main-place-address"},"geo":{"@type":"GeoCoordinates","latitude":"-24.5361401","longitude":"-52.9921776"},"telephone":["+5544998308235"],"contactPoint":{"@type":"ContactPoint","email":"contato@ubirataonline.com.br"},"openingHoursSpecification":{"@type":"OpeningHoursSpecification","dayOfWeek":["Monday","Tuesday","Wednesday","Thursday","Friday","Saturday","Sunday"],"opens":"00:00","closes":"23:59"},"email":"contato@ubirataonline.com.br","vatID":"47.621.418\/0001-80"},{"@type":"Person","@id":"https:\/\/ubirataonline.com.br\/#\/schema\/person\/372f87bbd3fdd79b8556b84c98d0bc1c","name":"REDA\u00c7\u00c3O: UBIRAT\u00c3 ONLINE - F\u00c1BIO AUGUSTO CELESTINO","pronouns":"Ele","description":"Desde 2003 trabalhando com not\u00edcias.","sameAs":["http:\/\/ubirataoline.com.br","https:\/\/www.facebook.com\/portalubirataonline","https:\/\/www.instagram.com\/ubirataonline_oficial","https:\/\/x.com\/x.com\/ubirataonline"],"honorificPrefix":"Mr.","honorificSuffix":"MD","birthDate":"1980-06-16","gender":"masculino","award":["V\u00e1rios pr\u00eamios de melhor portal da cidade"],"jobTitle":"Diretor","url":"https:\/\/ubirataonline.com.br\/en\/author\/ubirataonline\/"},{"@type":"PostalAddress","@id":"https:\/\/ubirataonline.com.br\/nem-vini-jr-nem-raphinha-romario-aponta-algoz-da-selecao-como-sucessor\/#local-main-place-address","streetAddress":"Rua dos Coqueiros, 104 - Bairro Boa Vista, Rua dos Coqueiros, 104 Bairro Boa Vista","addressLocality":"UBIRATA","postalCode":"85440-000","addressRegion":"PR","addressCountry":"BR"},{"@type":"ImageObject","inLanguage":"en-US","@id":"https:\/\/ubirataonline.com.br\/nem-vini-jr-nem-raphinha-romario-aponta-algoz-da-selecao-como-sucessor\/#local-main-organization-logo","url":"https:\/\/ubirataonline.com.br\/wp-content\/uploads\/2026\/06\/logoubirataonline-1.webp","contentUrl":"https:\/\/ubirataonline.com.br\/wp-content\/uploads\/2026\/06\/logoubirataonline-1.webp","width":500,"height":500,"caption":"Ubirat\u00e3 Online Not\u00edcias"}]},"geo.placename":"UBIRATA","geo.position":{"lat":"-24.5361401","long":"-52.9921776"},"geo.region":"Brazil"},"_links":{"self":[{"href":"https:\/\/ubirataonline.com.br\/en\/wp-json\/wp\/v2\/posts\/106033","targetHints":{"allow":["GET"]}}],"collection":[{"href":"https:\/\/ubirataonline.com.br\/en\/wp-json\/wp\/v2\/posts"}],"about":[{"href":"https:\/\/ubirataonline.com.br\/en\/wp-json\/wp\/v2\/types\/post"}],"author":[{"embeddable":true,"href":"https:\/\/ubirataonline.com.br\/en\/wp-json\/wp\/v2\/users\/1"}],"replies":[{"embeddable":true,"href":"https:\/\/ubirataonline.com.br\/en\/wp-json\/wp\/v2\/comments?post=106033"}],"version-history":[{"count":0,"href":"https:\/\/ubirataonline.com.br\/en\/wp-json\/wp\/v2\/posts\/106033\/revisions"}],"wp:featuredmedia":[{"embeddable":true,"href":"https:\/\/ubirataonline.com.br\/en\/wp-json\/wp\/v2\/media\/106034"}],"wp:attachment":[{"href":"https:\/\/ubirataonline.com.br\/en\/wp-json\/wp\/v2\/media?parent=106033"}],"wp:term":[{"taxonomy":"category","embeddable":true,"href":"https:\/\/ubirataonline.com.br\/en\/wp-json\/wp\/v2\/categories?post=106033"},{"taxonomy":"post_tag","embeddable":true,"href":"https:\/\/ubirataonline.com.br\/en\/wp-json\/wp\/v2\/tags?post=106033"}],"curies":[{"name":"wp","href":"https:\/\/api.w.org\/{rel}","templated":true}]}}