{"id":106293,"date":"2026-04-13T17:14:25","date_gmt":"2026-04-13T20:14:25","guid":{"rendered":"https:\/\/ubirataonline.com.br\/tjpr-nega-recurso-do-municipio-de-almirante-tamandare-e-acolhe-pedido-do-mppr-para-que-sejam-regularizados-cargos-em-comissao-da-administracao\/"},"modified":"2026-04-13T17:14:26","modified_gmt":"2026-04-13T20:14:26","slug":"tjpr-nega-recurso-do-municipio-de-almirante-tamandare-e-acolhe-pedido-do-mppr-para-que-sejam-regularizados-cargos-em-comissao-da-administracao","status":"publish","type":"post","link":"https:\/\/ubirataonline.com.br\/en\/tjpr-nega-recurso-do-municipio-de-almirante-tamandare-e-acolhe-pedido-do-mppr-para-que-sejam-regularizados-cargos-em-comissao-da-administracao\/","title":{"rendered":"TJPR nega recurso do Munic\u00edpio de Almirante Tamandar\u00e9 e acolhe pedido do MPPR para que sejam regularizados cargos em comiss\u00e3o da Administra\u00e7\u00e3o"},"content":{"rendered":"<p><\/p>\n<div>\n<p>O Munic\u00edpio de Almirante Tamandar\u00e9, na Regi\u00e3o Metropolitana de Curitiba, dever\u00e1 regularizar a ocupa\u00e7\u00e3o dos cargos em comiss\u00e3o do Poder Executivo, de modo a sanar atuais irregularidades e cumprir as previs\u00f5es constitucionais. A decis\u00e3o consta de ac\u00f3rd\u00e3o publicado pela 4\u00aa C\u00e2mara C\u00edvel do Tribunal de Justi\u00e7a do Paran\u00e1, que negou recurso apresentado pelo Munic\u00edpio em a\u00e7\u00e3o civil p\u00fablica ajuizada pela 4\u00aa Promotoria de Justi\u00e7a da comarca.<\/p>\n<p class=\"text-align-center\"><strong><a href=\"https:\/\/apps.mppr.mp.br\/audios\/play\/6e6dba10f1466bed5a730c21dd3146c8\" target=\"_blank\">\u00c1udio do promotor de Justi\u00e7a M\u00e1rcio Soares Berclaz<\/a><\/strong><br \/>\u00a0<\/p>\n<p>Em decis\u00e3o de primeiro grau publicada em novembro de 2024, o Judici\u00e1rio havia conferido proced\u00eancia parcial aos pedidos do Minist\u00e9rio P\u00fablico. O Munic\u00edpio recorreu para reverter a senten\u00e7a, enquanto o MPPR, por sua vez, pleiteou a proced\u00eancia total dos pedidos feitos na a\u00e7\u00e3o, o que foi alcan\u00e7ado agora com a publica\u00e7\u00e3o do ac\u00f3rd\u00e3o do Tribunal de Justi\u00e7a. Antes da judicializa\u00e7\u00e3o, a Promotoria de Justi\u00e7a buscou a solu\u00e7\u00e3o a partir do envio de recomenda\u00e7\u00f5es administrativas, n\u00e3o obtendo, entretanto, as respostas necess\u00e1rias por parte da administra\u00e7\u00e3o municipal.<\/p>\n<p><strong>Entenda o caso <\/strong>\u2013 Ao acolher o recurso do Minist\u00e9rio P\u00fablico do Paran\u00e1, o Tribunal de Justi\u00e7a reconhece a &#8220;complexidade da causa, que envolve o saneamento estrutural de uma pol\u00edtica de pessoal do Munic\u00edpio de Almirante Tamandar\u00e9\u201d, que estaria mantendo uma &#8220;pr\u00e1tica inconstitucional&#8221; no provimento de cargos comissionados.<\/p>\n<p>A partir disso, o ac\u00f3rd\u00e3o aponta exemplos concretos desses desvios, especialmente para situa\u00e7\u00f5es relacionadas a cargos em comiss\u00e3o de &#8220;chefe de servi\u00e7os&#8221;\u00a0(nomenclatura dada ao antigo cargo de \u201cagente p\u00fablico\u201d,\u00a0alvo da a\u00e7\u00e3o civil).\u00a0Em\u00a0decis\u00e3o anterior, expedida pelo Ju\u00edzo de Primeiro Grau, j\u00e1 havia\u00a0sido\u00a0determinada\u00a0a\u00a0readequa\u00e7\u00e3o das atribui\u00e7\u00f5es relativas a\u00a0esse\u00a0cargo, de modo que a eles sejam atribu\u00eddas tarefas de assessoramento, chefia ou dire\u00e7\u00e3o,\u00a0o que n\u00e3o vinha\u00a0ocorrendo na pr\u00e1tica.<\/p>\n<p>Com a publica\u00e7\u00e3o do ac\u00f3rd\u00e3o, foram definidos prazos\u00a0que devem ser cumpridos pelo Munic\u00edpio para a adequa\u00e7\u00e3o dos cargos, incluindo a\u00a0edi\u00e7\u00e3o de atos\u00a0normativos com o detalhamento dos\u00a0cargos de chefia de real necessidade,\u00a0com as respectivas descri\u00e7\u00f5es das\u00a0tarefas a serem exercidas de modo a permitir\u00a0o\u00a0controle de legalidade.<\/p>\n<p>Ao sustentar a ilegalidade da situa\u00e7\u00e3o, a Promotoria\u00a0de Justi\u00e7a\u00a0menciona decis\u00e3o do Supremo Tribunal Federal (Ac\u00f3rd\u00e3o RE 1.041.210\/SP), que define que os cargos de dire\u00e7\u00e3o, chefia e assessoramento n\u00e3o se destinam ao desempenho de atividades t\u00e9cnicas, burocr\u00e1ticas ou operacionais \u2013 situa\u00e7\u00e3o identificada em Almirante Tamandar\u00e9.<\/p>\n<p>Processo 001051-16.2024.8.16.0024 (processo p\u00fablico)<\/p>\n<p>\n<span data-embed-button=\"midia_embarcada\" data-entity-embed-display=\"view_mode:media.midia_anexada_em_outro_node\" data-entity-embed-display-settings=\"A\u00e7\u00e3o Civil P\u00fablica\" data-entity-type=\"media\" data-entity-uuid=\"5af6f364-2177-49a3-a61e-c147922ed966\" data-langcode=\"pt-br\" class=\"embedded-entity\" title=\"A\u00e7\u00e3o Civil P\u00fablica\"><br \/>\n      <a href=\"https:\/\/mppr.mp.br\/sites\/default\/arquivos_restritos\/files\/documento\/2026-04\/inicial_acaocivilpublicainibitoria_cargocomissionado_2-2.pdf\" type=\"application\/pdf; length=3528677\">A\u00e7\u00e3o Civil P\u00fablica<\/a><br \/>\n  <\/span>\n<\/p>\n<p>\n<span data-embed-button=\"midia_embarcada\" data-entity-embed-display=\"view_mode:media.midia_anexada_em_outro_node\" data-entity-embed-display-settings=\"Recurso do Minist\u00e9rio P\u00fablico\" data-entity-type=\"media\" data-entity-uuid=\"359600f4-ed7f-4c50-b593-48eb5ad37657\" data-langcode=\"pt-br\" class=\"embedded-entity\" title=\"Recurso do Minist\u00e9rio P\u00fablico\"><br \/>\n      <a href=\"https:\/\/mppr.mp.br\/sites\/default\/arquivos_restritos\/files\/documento\/2026-04\/apelacaocargoecomissaoagentepublicotutelainibitoria00105116.2024.8.16.0024_1.pdf\" type=\"application\/pdf; length=503780\">Recurso do Minist\u00e9rio P\u00fablico<\/a><br \/>\n  <\/span>\n<\/p>\n<p>\n<span data-embed-button=\"midia_embarcada\" data-entity-embed-display=\"view_mode:media.midia_anexada_em_outro_node\" data-entity-embed-display-settings=\"Ac\u00f3rd\u00e3o do TJPR\" data-entity-type=\"media\" data-entity-uuid=\"5dbd6058-2a07-4387-ab0c-c21ac3a2cbd1\" data-langcode=\"pt-br\" class=\"embedded-entity\" title=\"Ac\u00f3rd\u00e3o do TJPR\"><br \/>\n      <a href=\"https:\/\/mppr.mp.br\/sites\/default\/arquivos_restritos\/files\/documento\/2026-04\/acordao_problema_estrutural_cargos_em_comissao-3.pdf\" type=\"application\/pdf; length=186759\">Ac\u00f3rd\u00e3o do TJPR<\/a><br \/>\n  <\/span>\n<\/p>\n<p><strong>Mat\u00e9ria anterior:<\/strong><\/p>\n<p><a href=\"https:\/\/mppr.mp.br\/Noticia\/MPPR-em-Almirante-Tamandare-obtem-no-Judiciario-decisao-que-determina-que-Municipio-promova\" target=\"_blank\">25\/11\/2024 \u2013 MPPR em Almirante Tamandar\u00e9 obt\u00e9m no Judici\u00e1rio decis\u00e3o que determina que Munic\u00edpio promova adequa\u00e7\u00f5es em quadro de servidores comissionados<\/a><\/p>\n<p><em>Informa\u00e7\u00f5es para a imprensa:<br \/>Assessoria de Comunica\u00e7\u00e3o<br \/><a href=\"https:\/\/mppr.mp.br\/cdn-cgi\/l\/email-protection\" class=\"__cf_email__\" data-cfemail=\"92f1fdffe7fcfbf1f3f1f3fdd2ffe2e2e0bcffe2bcf0e0\">[email\u00a0protected]<\/a><br \/>(41) 3250-4264<\/em><\/p>\n<\/div>\n<p><a href=\"https:\/\/mppr.mp.br\/Noticia\/TJPR-nega-recurso-do-Municipio-de-Almirante-Tamandare-e-acolhe-pedido-do-MPPR-para-que-0\">Source link <\/a><\/p>\n","protected":false},"excerpt":{"rendered":"<p>O Munic\u00edpio de Almirante Tamandar\u00e9, na Regi\u00e3o Metropolitana de Curitiba, dever\u00e1 regularizar a ocupa\u00e7\u00e3o dos cargos em comiss\u00e3o do Poder Executivo, de modo a sanar atuais irregularidades e cumprir as previs\u00f5es constitucionais. A decis\u00e3o consta de ac\u00f3rd\u00e3o publicado pela 4\u00aa C\u00e2mara C\u00edvel do Tribunal de Justi\u00e7a do Paran\u00e1, que negou recurso apresentado pelo Munic\u00edpio em [&hellip;]<\/p>\n","protected":false},"author":1,"featured_media":93476,"comment_status":"closed","ping_status":"","sticky":false,"template":"","format":"standard","meta":{"googlesitekit_rrm_CAow2JLhCw:productID":"","_gspb_post_css":"","maa_idioma":"","maa_pais":"","footnotes":""},"categories":[1],"tags":[5769,3676,18373,8851,7327,1632,3714,7513,2904,3486,5322,27886,8802,23935,6277],"class_list":["post-106293","post","type-post","status-publish","format-standard","has-post-thumbnail","hentry","category-ubirata","tag-acolhe","tag-administracao","tag-almirante","tag-cargos","tag-comissao","tag-mppr","tag-municipio","tag-nega","tag-para","tag-pedido","tag-recurso","tag-regularizados","tag-sejam","tag-tamandare","tag-tjpr"],"blocksy_meta":[],"yoast_head":"<!-- This site is optimized with the Yoast SEO Premium plugin v27.6 (Yoast SEO v27.6) - https:\/\/yoast.com\/product\/yoast-seo-premium-wordpress\/ -->\n<title>TJPR nega recurso do Munic\u00edpio de Almirante Tamandar\u00e9 e acolhe pedido do MPPR para que sejam regularizados cargos em comiss\u00e3o da Administra\u00e7\u00e3o - Ubirat\u00e3 Online Not\u00edcias - A realidade ao seu alcance!<\/title>\n<meta name=\"description\" content=\"O Munic\u00edpio de Almirante Tamandar\u00e9, na Regi\u00e3o Metropolitana de Curitiba, dever\u00e1 regularizar a ocupa\u00e7\u00e3o dos cargos em comiss\u00e3o do Poder Executivo, de modo\" \/>\n<meta name=\"robots\" content=\"index, follow, max-snippet:-1, max-image-preview:large, max-video-preview:-1\" \/>\n<link rel=\"canonical\" href=\"https:\/\/ubirataonline.com.br\/en\/tjpr-nega-recurso-do-municipio-de-almirante-tamandare-e-acolhe-pedido-do-mppr-para-que-sejam-regularizados-cargos-em-comissao-da-administracao\/\" \/>\n<meta property=\"og:locale\" content=\"en_US\" \/>\n<meta property=\"og:type\" content=\"article\" \/>\n<meta property=\"og:title\" content=\"TJPR nega recurso do Munic\u00edpio de Almirante Tamandar\u00e9 e acolhe pedido do MPPR para que sejam regularizados cargos em comiss\u00e3o da Administra\u00e7\u00e3o\" \/>\n<meta property=\"og:description\" content=\"O Munic\u00edpio de Almirante Tamandar\u00e9, na Regi\u00e3o Metropolitana de Curitiba, dever\u00e1 regularizar a ocupa\u00e7\u00e3o dos cargos em comiss\u00e3o do Poder Executivo, de modo\" \/>\n<meta property=\"og:url\" content=\"https:\/\/ubirataonline.com.br\/en\/tjpr-nega-recurso-do-municipio-de-almirante-tamandare-e-acolhe-pedido-do-mppr-para-que-sejam-regularizados-cargos-em-comissao-da-administracao\/\" \/>\n<meta property=\"og:site_name\" content=\"Ubirat\u00e3 Online Not\u00edcias - A realidade ao seu alcance!\" \/>\n<meta property=\"article:publisher\" content=\"https:\/\/www.facebook.com\/portalubirataonline\" \/>\n<meta property=\"article:author\" content=\"https:\/\/www.facebook.com\/portalubirataonline\" \/>\n<meta property=\"article:published_time\" content=\"2026-04-13T20:14:25+00:00\" \/>\n<meta property=\"article:modified_time\" content=\"2026-04-13T20:14:26+00:00\" \/>\n<meta property=\"og:image\" content=\"https:\/\/ubirataonline.com.br\/wp-content\/uploads\/2026\/03\/Em-Cascavel-Gaeco-Policia-Civil-e-PM-deflagram-operacao-que.png\" \/>\n\t<meta property=\"og:image:width\" content=\"240\" \/>\n\t<meta property=\"og:image:height\" content=\"240\" \/>\n\t<meta property=\"og:image:type\" content=\"image\/png\" \/>\n<meta name=\"author\" content=\"REDA\u00c7\u00c3O: UBIRAT\u00c3 ONLINE - F\u00c1BIO AUGUSTO CELESTINO\" \/>\n<meta name=\"twitter:card\" content=\"summary_large_image\" \/>\n<meta name=\"twitter:creator\" content=\"@x.com\/ubirataonline\" \/>\n<meta name=\"twitter:site\" content=\"@ubirataonline\" \/>\n<meta name=\"twitter:label1\" content=\"Written by\" \/>\n\t<meta name=\"twitter:data1\" content=\"REDA\u00c7\u00c3O: UBIRAT\u00c3 ONLINE - F\u00c1BIO AUGUSTO CELESTINO\" \/>\n\t<meta name=\"twitter:label2\" content=\"Est. reading time\" \/>\n\t<meta name=\"twitter:data2\" content=\"3 minutes\" \/>\n<script type=\"application\/ld+json\" class=\"yoast-schema-graph\">{\"@context\":\"https:\\\/\\\/schema.org\",\"@graph\":[{\"@type\":\"NewsArticle\",\"@id\":\"https:\\\/\\\/ubirataonline.com.br\\\/tjpr-nega-recurso-do-municipio-de-almirante-tamandare-e-acolhe-pedido-do-mppr-para-que-sejam-regularizados-cargos-em-comissao-da-administracao\\\/#article\",\"isPartOf\":{\"@id\":\"https:\\\/\\\/ubirataonline.com.br\\\/tjpr-nega-recurso-do-municipio-de-almirante-tamandare-e-acolhe-pedido-do-mppr-para-que-sejam-regularizados-cargos-em-comissao-da-administracao\\\/\"},\"author\":{\"name\":\"REDA\u00c7\u00c3O: UBIRAT\u00c3 ONLINE - F\u00c1BIO AUGUSTO CELESTINO\",\"@id\":\"https:\\\/\\\/ubirataonline.com.br\\\/#\\\/schema\\\/person\\\/372f87bbd3fdd79b8556b84c98d0bc1c\"},\"headline\":\"TJPR nega recurso do Munic\u00edpio de Almirante Tamandar\u00e9 e acolhe pedido do MPPR para que sejam regularizados cargos em comiss\u00e3o da Administra\u00e7\u00e3o\",\"datePublished\":\"2026-04-13T20:14:25+00:00\",\"dateModified\":\"2026-04-13T20:14:26+00:00\",\"mainEntityOfPage\":{\"@id\":\"https:\\\/\\\/ubirataonline.com.br\\\/tjpr-nega-recurso-do-municipio-de-almirante-tamandare-e-acolhe-pedido-do-mppr-para-que-sejam-regularizados-cargos-em-comissao-da-administracao\\\/\"},\"wordCount\":538,\"publisher\":{\"@id\":\"https:\\\/\\\/ubirataonline.com.br\\\/#organization\"},\"image\":{\"@id\":\"https:\\\/\\\/ubirataonline.com.br\\\/tjpr-nega-recurso-do-municipio-de-almirante-tamandare-e-acolhe-pedido-do-mppr-para-que-sejam-regularizados-cargos-em-comissao-da-administracao\\\/#primaryimage\"},\"thumbnailUrl\":\"https:\\\/\\\/ubirataonline.com.br\\\/wp-content\\\/uploads\\\/2026\\\/03\\\/Em-Cascavel-Gaeco-Policia-Civil-e-PM-deflagram-operacao-que.png\",\"keywords\":[\"acolhe\",\"administra\u00e7\u00e3o\",\"Almirante\",\"cargos\",\"Comiss\u00e3o\",\"MPPR\",\"Munic\u00edpio\",\"nega\",\"para\",\"pedido\",\"recurso\",\"regularizados\",\"sejam\",\"Tamandar\u00e9\",\"TJPR\"],\"articleSection\":[\"Ubirat\u00e3\"],\"inLanguage\":\"en-US\",\"copyrightYear\":\"2026\",\"copyrightHolder\":{\"@id\":\"https:\\\/\\\/ubirataonline.com.br\\\/en\\\/#organization\"}},{\"@type\":\"WebPage\",\"@id\":\"https:\\\/\\\/ubirataonline.com.br\\\/tjpr-nega-recurso-do-municipio-de-almirante-tamandare-e-acolhe-pedido-do-mppr-para-que-sejam-regularizados-cargos-em-comissao-da-administracao\\\/\",\"url\":\"https:\\\/\\\/ubirataonline.com.br\\\/tjpr-nega-recurso-do-municipio-de-almirante-tamandare-e-acolhe-pedido-do-mppr-para-que-sejam-regularizados-cargos-em-comissao-da-administracao\\\/\",\"name\":\"TJPR nega recurso do Munic\u00edpio de Almirante Tamandar\u00e9 e acolhe pedido do MPPR para que sejam regularizados cargos em comiss\u00e3o da Administra\u00e7\u00e3o - Ubirat\u00e3 Online Not\u00edcias - A realidade ao seu alcance!\",\"isPartOf\":{\"@id\":\"https:\\\/\\\/ubirataonline.com.br\\\/#website\"},\"primaryImageOfPage\":{\"@id\":\"https:\\\/\\\/ubirataonline.com.br\\\/tjpr-nega-recurso-do-municipio-de-almirante-tamandare-e-acolhe-pedido-do-mppr-para-que-sejam-regularizados-cargos-em-comissao-da-administracao\\\/#primaryimage\"},\"image\":{\"@id\":\"https:\\\/\\\/ubirataonline.com.br\\\/tjpr-nega-recurso-do-municipio-de-almirante-tamandare-e-acolhe-pedido-do-mppr-para-que-sejam-regularizados-cargos-em-comissao-da-administracao\\\/#primaryimage\"},\"thumbnailUrl\":\"https:\\\/\\\/ubirataonline.com.br\\\/wp-content\\\/uploads\\\/2026\\\/03\\\/Em-Cascavel-Gaeco-Policia-Civil-e-PM-deflagram-operacao-que.png\",\"datePublished\":\"2026-04-13T20:14:25+00:00\",\"dateModified\":\"2026-04-13T20:14:26+00:00\",\"description\":\"O Munic\u00edpio de Almirante Tamandar\u00e9, na Regi\u00e3o Metropolitana de Curitiba, dever\u00e1 regularizar a ocupa\u00e7\u00e3o dos cargos em comiss\u00e3o do Poder Executivo, de modo\",\"breadcrumb\":{\"@id\":\"https:\\\/\\\/ubirataonline.com.br\\\/tjpr-nega-recurso-do-municipio-de-almirante-tamandare-e-acolhe-pedido-do-mppr-para-que-sejam-regularizados-cargos-em-comissao-da-administracao\\\/#breadcrumb\"},\"inLanguage\":\"en-US\",\"potentialAction\":[{\"@type\":\"ReadAction\",\"target\":[\"https:\\\/\\\/ubirataonline.com.br\\\/tjpr-nega-recurso-do-municipio-de-almirante-tamandare-e-acolhe-pedido-do-mppr-para-que-sejam-regularizados-cargos-em-comissao-da-administracao\\\/\"]}]},{\"@type\":\"ImageObject\",\"inLanguage\":\"en-US\",\"@id\":\"https:\\\/\\\/ubirataonline.com.br\\\/tjpr-nega-recurso-do-municipio-de-almirante-tamandare-e-acolhe-pedido-do-mppr-para-que-sejam-regularizados-cargos-em-comissao-da-administracao\\\/#primaryimage\",\"url\":\"https:\\\/\\\/ubirataonline.com.br\\\/wp-content\\\/uploads\\\/2026\\\/03\\\/Em-Cascavel-Gaeco-Policia-Civil-e-PM-deflagram-operacao-que.png\",\"contentUrl\":\"https:\\\/\\\/ubirataonline.com.br\\\/wp-content\\\/uploads\\\/2026\\\/03\\\/Em-Cascavel-Gaeco-Policia-Civil-e-PM-deflagram-operacao-que.png\",\"width\":240,\"height\":240,\"caption\":\"Em Cascavel, Gaeco, Pol\u00edcia Civil e PM deflagram opera\u00e7\u00e3o que investiga o uso do sistema drive-thru para a venda de drogas em com\u00e9rcio pr\u00f3ximo de escola\"},{\"@type\":\"BreadcrumbList\",\"@id\":\"https:\\\/\\\/ubirataonline.com.br\\\/tjpr-nega-recurso-do-municipio-de-almirante-tamandare-e-acolhe-pedido-do-mppr-para-que-sejam-regularizados-cargos-em-comissao-da-administracao\\\/#breadcrumb\",\"itemListElement\":[{\"@type\":\"ListItem\",\"position\":1,\"name\":\"In\u00edcio\",\"item\":\"https:\\\/\\\/ubirataonline.com.br\\\/\"},{\"@type\":\"ListItem\",\"position\":2,\"name\":\"TJPR nega recurso do Munic\u00edpio de Almirante Tamandar\u00e9 e acolhe pedido do MPPR para que sejam regularizados cargos em comiss\u00e3o da Administra\u00e7\u00e3o\"}]},{\"@type\":\"WebSite\",\"@id\":\"https:\\\/\\\/ubirataonline.com.br\\\/#website\",\"url\":\"https:\\\/\\\/ubirataonline.com.br\\\/\",\"name\":\"Ubirat\u00e3 Online Not\u00edcias\",\"description\":\"Not\u00edcias de Ubirat\u00e3, regi\u00e3o, Brasil e mundo, com informa\u00e7\u00e3o atualizada e compromisso com o leitor.\",\"publisher\":{\"@id\":\"https:\\\/\\\/ubirataonline.com.br\\\/#organization\"},\"alternateName\":\"Ubirat\u00e3 Online\",\"potentialAction\":[{\"@type\":\"SearchAction\",\"target\":{\"@type\":\"EntryPoint\",\"urlTemplate\":\"https:\\\/\\\/ubirataonline.com.br\\\/?s={search_term_string}\"},\"query-input\":{\"@type\":\"PropertyValueSpecification\",\"valueRequired\":true,\"valueName\":\"search_term_string\"}}],\"inLanguage\":\"en-US\"},{\"@type\":[\"Organization\",\"Place\"],\"@id\":\"https:\\\/\\\/ubirataonline.com.br\\\/#organization\",\"name\":\"Ubirat\u00e3 Online Not\u00edcias\",\"alternateName\":\"Ubirat\u00e3 Online\",\"url\":\"https:\\\/\\\/ubirataonline.com.br\\\/\",\"logo\":{\"@id\":\"https:\\\/\\\/ubirataonline.com.br\\\/tjpr-nega-recurso-do-municipio-de-almirante-tamandare-e-acolhe-pedido-do-mppr-para-que-sejam-regularizados-cargos-em-comissao-da-administracao\\\/#local-main-organization-logo\"},\"image\":{\"@id\":\"https:\\\/\\\/ubirataonline.com.br\\\/tjpr-nega-recurso-do-municipio-de-almirante-tamandare-e-acolhe-pedido-do-mppr-para-que-sejam-regularizados-cargos-em-comissao-da-administracao\\\/#local-main-organization-logo\"},\"sameAs\":[\"https:\\\/\\\/www.facebook.com\\\/portalubirataonline\",\"https:\\\/\\\/x.com\\\/ubirataonline\",\"https:\\\/\\\/mastodon.social\\\/@ubirataonline\",\"https:\\\/\\\/www.facebook.com\\\/groups\\\/311144672285604\",\"https:\\\/\\\/www.facebook.com\\\/UBTAOnline\",\"https:\\\/\\\/www.instagram.com\\\/portalubirataonline\\\/\",\"https:\\\/\\\/twitter.com\\\/ubirataonline\"],\"description\":\"Somos um portal de not\u00edcias independente, criado em 5 de janeiro de 2009, com o objetivo de informar, conectar e valorizar a nossa comunidade de Ubirat\u00e3 e toda aregi\u00e3o. Com conte\u00fado atualizado, confi\u00e1vel e relevante, o Ubirat\u00e3 Online \u00e9 o seu espa\u00e7o para ficar por dentro dos principais acontecimentos locais, regionais, Brasil, Mundo e de interesse geral. Nosso compromisso \u00e9 com a verdade, a transpar\u00eancia e o respeito ao leitor.\",\"legalName\":\"UBIRATA ONLINE NOT\u00cdCIAS\",\"foundingDate\":\"2009-01-05\",\"numberOfEmployees\":{\"@type\":\"QuantitativeValue\",\"minValue\":\"1\",\"maxValue\":\"10\"},\"publishingPrinciples\":\"https:\\\/\\\/ubirataonline.com.br\\\/faq\\\/\",\"address\":{\"@id\":\"https:\\\/\\\/ubirataonline.com.br\\\/tjpr-nega-recurso-do-municipio-de-almirante-tamandare-e-acolhe-pedido-do-mppr-para-que-sejam-regularizados-cargos-em-comissao-da-administracao\\\/#local-main-place-address\"},\"geo\":{\"@type\":\"GeoCoordinates\",\"latitude\":\"-24.5361401\",\"longitude\":\"-52.9921776\"},\"telephone\":[\"+5544998308235\"],\"contactPoint\":{\"@type\":\"ContactPoint\",\"email\":\"contato@ubirataonline.com.br\"},\"openingHoursSpecification\":{\"@type\":\"OpeningHoursSpecification\",\"dayOfWeek\":[\"Monday\",\"Tuesday\",\"Wednesday\",\"Thursday\",\"Friday\",\"Saturday\",\"Sunday\"],\"opens\":\"00:00\",\"closes\":\"23:59\"},\"email\":\"contato@ubirataonline.com.br\",\"vatID\":\"47.621.418\\\/0001-80\"},{\"@type\":\"Person\",\"@id\":\"https:\\\/\\\/ubirataonline.com.br\\\/#\\\/schema\\\/person\\\/372f87bbd3fdd79b8556b84c98d0bc1c\",\"name\":\"REDA\u00c7\u00c3O: UBIRAT\u00c3 ONLINE - F\u00c1BIO AUGUSTO CELESTINO\",\"pronouns\":\"Ele\",\"description\":\"Desde 2003 trabalhando com not\u00edcias.\",\"sameAs\":[\"http:\\\/\\\/ubirataoline.com.br\",\"https:\\\/\\\/www.facebook.com\\\/portalubirataonline\",\"https:\\\/\\\/www.instagram.com\\\/ubirataonline_oficial\",\"https:\\\/\\\/x.com\\\/x.com\\\/ubirataonline\"],\"honorificPrefix\":\"Mr.\",\"honorificSuffix\":\"MD\",\"birthDate\":\"1980-06-16\",\"gender\":\"masculino\",\"award\":[\"V\u00e1rios pr\u00eamios de melhor portal da cidade\"],\"jobTitle\":\"Diretor\",\"url\":\"https:\\\/\\\/ubirataonline.com.br\\\/en\\\/author\\\/ubirataonline\\\/\"},{\"@type\":\"PostalAddress\",\"@id\":\"https:\\\/\\\/ubirataonline.com.br\\\/tjpr-nega-recurso-do-municipio-de-almirante-tamandare-e-acolhe-pedido-do-mppr-para-que-sejam-regularizados-cargos-em-comissao-da-administracao\\\/#local-main-place-address\",\"streetAddress\":\"Rua dos Coqueiros, 104 - Bairro Boa Vista, Rua dos Coqueiros, 104 Bairro Boa Vista\",\"addressLocality\":\"UBIRATA\",\"postalCode\":\"85440-000\",\"addressRegion\":\"PR\",\"addressCountry\":\"BR\"},{\"@type\":\"ImageObject\",\"inLanguage\":\"en-US\",\"@id\":\"https:\\\/\\\/ubirataonline.com.br\\\/tjpr-nega-recurso-do-municipio-de-almirante-tamandare-e-acolhe-pedido-do-mppr-para-que-sejam-regularizados-cargos-em-comissao-da-administracao\\\/#local-main-organization-logo\",\"url\":\"https:\\\/\\\/ubirataonline.com.br\\\/wp-content\\\/uploads\\\/2026\\\/06\\\/logoubirataonline-1.webp\",\"contentUrl\":\"https:\\\/\\\/ubirataonline.com.br\\\/wp-content\\\/uploads\\\/2026\\\/06\\\/logoubirataonline-1.webp\",\"width\":500,\"height\":500,\"caption\":\"Ubirat\u00e3 Online Not\u00edcias\"}]}<\/script>\n<meta name=\"geo.placename\" content=\"UBIRATA\" \/>\n<meta name=\"geo.position\" content=\"-24.5361401;-52.9921776\" \/>\n<meta name=\"geo.region\" content=\"Brazil\" \/>\n<!-- \/ Yoast SEO Premium plugin. -->","yoast_head_json":{"title":"TJPR nega recurso do Munic\u00edpio de Almirante Tamandar\u00e9 e acolhe pedido do MPPR para que sejam regularizados cargos em comiss\u00e3o da Administra\u00e7\u00e3o - Ubirat\u00e3 Online Not\u00edcias - A realidade ao seu alcance!","description":"O Munic\u00edpio de Almirante Tamandar\u00e9, na Regi\u00e3o Metropolitana de Curitiba, dever\u00e1 regularizar a ocupa\u00e7\u00e3o dos cargos em comiss\u00e3o do Poder Executivo, de modo","robots":{"index":"index","follow":"follow","max-snippet":"max-snippet:-1","max-image-preview":"max-image-preview:large","max-video-preview":"max-video-preview:-1"},"canonical":"https:\/\/ubirataonline.com.br\/en\/tjpr-nega-recurso-do-municipio-de-almirante-tamandare-e-acolhe-pedido-do-mppr-para-que-sejam-regularizados-cargos-em-comissao-da-administracao\/","og_locale":"en_US","og_type":"article","og_title":"TJPR nega recurso do Munic\u00edpio de Almirante Tamandar\u00e9 e acolhe pedido do MPPR para que sejam regularizados cargos em comiss\u00e3o da Administra\u00e7\u00e3o","og_description":"O Munic\u00edpio de Almirante Tamandar\u00e9, na Regi\u00e3o Metropolitana de Curitiba, dever\u00e1 regularizar a ocupa\u00e7\u00e3o dos cargos em comiss\u00e3o do Poder Executivo, de modo","og_url":"https:\/\/ubirataonline.com.br\/en\/tjpr-nega-recurso-do-municipio-de-almirante-tamandare-e-acolhe-pedido-do-mppr-para-que-sejam-regularizados-cargos-em-comissao-da-administracao\/","og_site_name":"Ubirat\u00e3 Online Not\u00edcias - A realidade ao seu alcance!","article_publisher":"https:\/\/www.facebook.com\/portalubirataonline","article_author":"https:\/\/www.facebook.com\/portalubirataonline","article_published_time":"2026-04-13T20:14:25+00:00","article_modified_time":"2026-04-13T20:14:26+00:00","og_image":[{"width":240,"height":240,"url":"https:\/\/ubirataonline.com.br\/wp-content\/uploads\/2026\/03\/Em-Cascavel-Gaeco-Policia-Civil-e-PM-deflagram-operacao-que.png","type":"image\/png"}],"author":"REDA\u00c7\u00c3O: UBIRAT\u00c3 ONLINE - F\u00c1BIO AUGUSTO CELESTINO","twitter_card":"summary_large_image","twitter_creator":"@x.com\/ubirataonline","twitter_site":"@ubirataonline","twitter_misc":{"Written by":"REDA\u00c7\u00c3O: UBIRAT\u00c3 ONLINE - F\u00c1BIO AUGUSTO CELESTINO","Est. reading time":"3 minutes"},"schema":{"@context":"https:\/\/schema.org","@graph":[{"@type":"NewsArticle","@id":"https:\/\/ubirataonline.com.br\/tjpr-nega-recurso-do-municipio-de-almirante-tamandare-e-acolhe-pedido-do-mppr-para-que-sejam-regularizados-cargos-em-comissao-da-administracao\/#article","isPartOf":{"@id":"https:\/\/ubirataonline.com.br\/tjpr-nega-recurso-do-municipio-de-almirante-tamandare-e-acolhe-pedido-do-mppr-para-que-sejam-regularizados-cargos-em-comissao-da-administracao\/"},"author":{"name":"REDA\u00c7\u00c3O: UBIRAT\u00c3 ONLINE - F\u00c1BIO AUGUSTO CELESTINO","@id":"https:\/\/ubirataonline.com.br\/#\/schema\/person\/372f87bbd3fdd79b8556b84c98d0bc1c"},"headline":"TJPR nega recurso do Munic\u00edpio de Almirante Tamandar\u00e9 e acolhe pedido do MPPR para que sejam regularizados cargos em comiss\u00e3o da Administra\u00e7\u00e3o","datePublished":"2026-04-13T20:14:25+00:00","dateModified":"2026-04-13T20:14:26+00:00","mainEntityOfPage":{"@id":"https:\/\/ubirataonline.com.br\/tjpr-nega-recurso-do-municipio-de-almirante-tamandare-e-acolhe-pedido-do-mppr-para-que-sejam-regularizados-cargos-em-comissao-da-administracao\/"},"wordCount":538,"publisher":{"@id":"https:\/\/ubirataonline.com.br\/#organization"},"image":{"@id":"https:\/\/ubirataonline.com.br\/tjpr-nega-recurso-do-municipio-de-almirante-tamandare-e-acolhe-pedido-do-mppr-para-que-sejam-regularizados-cargos-em-comissao-da-administracao\/#primaryimage"},"thumbnailUrl":"https:\/\/ubirataonline.com.br\/wp-content\/uploads\/2026\/03\/Em-Cascavel-Gaeco-Policia-Civil-e-PM-deflagram-operacao-que.png","keywords":["acolhe","administra\u00e7\u00e3o","Almirante","cargos","Comiss\u00e3o","MPPR","Munic\u00edpio","nega","para","pedido","recurso","regularizados","sejam","Tamandar\u00e9","TJPR"],"articleSection":["Ubirat\u00e3"],"inLanguage":"en-US","copyrightYear":"2026","copyrightHolder":{"@id":"https:\/\/ubirataonline.com.br\/en\/#organization"}},{"@type":"WebPage","@id":"https:\/\/ubirataonline.com.br\/tjpr-nega-recurso-do-municipio-de-almirante-tamandare-e-acolhe-pedido-do-mppr-para-que-sejam-regularizados-cargos-em-comissao-da-administracao\/","url":"https:\/\/ubirataonline.com.br\/tjpr-nega-recurso-do-municipio-de-almirante-tamandare-e-acolhe-pedido-do-mppr-para-que-sejam-regularizados-cargos-em-comissao-da-administracao\/","name":"TJPR nega recurso do Munic\u00edpio de Almirante Tamandar\u00e9 e acolhe pedido do MPPR para que sejam regularizados cargos em comiss\u00e3o da Administra\u00e7\u00e3o - Ubirat\u00e3 Online Not\u00edcias - A realidade ao seu alcance!","isPartOf":{"@id":"https:\/\/ubirataonline.com.br\/#website"},"primaryImageOfPage":{"@id":"https:\/\/ubirataonline.com.br\/tjpr-nega-recurso-do-municipio-de-almirante-tamandare-e-acolhe-pedido-do-mppr-para-que-sejam-regularizados-cargos-em-comissao-da-administracao\/#primaryimage"},"image":{"@id":"https:\/\/ubirataonline.com.br\/tjpr-nega-recurso-do-municipio-de-almirante-tamandare-e-acolhe-pedido-do-mppr-para-que-sejam-regularizados-cargos-em-comissao-da-administracao\/#primaryimage"},"thumbnailUrl":"https:\/\/ubirataonline.com.br\/wp-content\/uploads\/2026\/03\/Em-Cascavel-Gaeco-Policia-Civil-e-PM-deflagram-operacao-que.png","datePublished":"2026-04-13T20:14:25+00:00","dateModified":"2026-04-13T20:14:26+00:00","description":"O Munic\u00edpio de Almirante Tamandar\u00e9, na Regi\u00e3o Metropolitana de Curitiba, dever\u00e1 regularizar a ocupa\u00e7\u00e3o dos cargos em comiss\u00e3o do Poder Executivo, de modo","breadcrumb":{"@id":"https:\/\/ubirataonline.com.br\/tjpr-nega-recurso-do-municipio-de-almirante-tamandare-e-acolhe-pedido-do-mppr-para-que-sejam-regularizados-cargos-em-comissao-da-administracao\/#breadcrumb"},"inLanguage":"en-US","potentialAction":[{"@type":"ReadAction","target":["https:\/\/ubirataonline.com.br\/tjpr-nega-recurso-do-municipio-de-almirante-tamandare-e-acolhe-pedido-do-mppr-para-que-sejam-regularizados-cargos-em-comissao-da-administracao\/"]}]},{"@type":"ImageObject","inLanguage":"en-US","@id":"https:\/\/ubirataonline.com.br\/tjpr-nega-recurso-do-municipio-de-almirante-tamandare-e-acolhe-pedido-do-mppr-para-que-sejam-regularizados-cargos-em-comissao-da-administracao\/#primaryimage","url":"https:\/\/ubirataonline.com.br\/wp-content\/uploads\/2026\/03\/Em-Cascavel-Gaeco-Policia-Civil-e-PM-deflagram-operacao-que.png","contentUrl":"https:\/\/ubirataonline.com.br\/wp-content\/uploads\/2026\/03\/Em-Cascavel-Gaeco-Policia-Civil-e-PM-deflagram-operacao-que.png","width":240,"height":240,"caption":"Em Cascavel, Gaeco, Pol\u00edcia Civil e PM deflagram opera\u00e7\u00e3o que investiga o uso do sistema drive-thru para a venda de drogas em com\u00e9rcio pr\u00f3ximo de escola"},{"@type":"BreadcrumbList","@id":"https:\/\/ubirataonline.com.br\/tjpr-nega-recurso-do-municipio-de-almirante-tamandare-e-acolhe-pedido-do-mppr-para-que-sejam-regularizados-cargos-em-comissao-da-administracao\/#breadcrumb","itemListElement":[{"@type":"ListItem","position":1,"name":"In\u00edcio","item":"https:\/\/ubirataonline.com.br\/"},{"@type":"ListItem","position":2,"name":"TJPR nega recurso do Munic\u00edpio de Almirante Tamandar\u00e9 e acolhe pedido do MPPR para que sejam regularizados cargos em comiss\u00e3o da Administra\u00e7\u00e3o"}]},{"@type":"WebSite","@id":"https:\/\/ubirataonline.com.br\/#website","url":"https:\/\/ubirataonline.com.br\/","name":"Ubirat\u00e3 Online Not\u00edcias","description":"Not\u00edcias de Ubirat\u00e3, regi\u00e3o, Brasil e mundo, com informa\u00e7\u00e3o atualizada e compromisso com o leitor.","publisher":{"@id":"https:\/\/ubirataonline.com.br\/#organization"},"alternateName":"Ubirat\u00e3 Online","potentialAction":[{"@type":"SearchAction","target":{"@type":"EntryPoint","urlTemplate":"https:\/\/ubirataonline.com.br\/?s={search_term_string}"},"query-input":{"@type":"PropertyValueSpecification","valueRequired":true,"valueName":"search_term_string"}}],"inLanguage":"en-US"},{"@type":["Organization","Place"],"@id":"https:\/\/ubirataonline.com.br\/#organization","name":"Ubirat\u00e3 Online Not\u00edcias","alternateName":"Ubirat\u00e3 Online","url":"https:\/\/ubirataonline.com.br\/","logo":{"@id":"https:\/\/ubirataonline.com.br\/tjpr-nega-recurso-do-municipio-de-almirante-tamandare-e-acolhe-pedido-do-mppr-para-que-sejam-regularizados-cargos-em-comissao-da-administracao\/#local-main-organization-logo"},"image":{"@id":"https:\/\/ubirataonline.com.br\/tjpr-nega-recurso-do-municipio-de-almirante-tamandare-e-acolhe-pedido-do-mppr-para-que-sejam-regularizados-cargos-em-comissao-da-administracao\/#local-main-organization-logo"},"sameAs":["https:\/\/www.facebook.com\/portalubirataonline","https:\/\/x.com\/ubirataonline","https:\/\/mastodon.social\/@ubirataonline","https:\/\/www.facebook.com\/groups\/311144672285604","https:\/\/www.facebook.com\/UBTAOnline","https:\/\/www.instagram.com\/portalubirataonline\/","https:\/\/twitter.com\/ubirataonline"],"description":"Somos um portal de not\u00edcias independente, criado em 5 de janeiro de 2009, com o objetivo de informar, conectar e valorizar a nossa comunidade de Ubirat\u00e3 e toda aregi\u00e3o. Com conte\u00fado atualizado, confi\u00e1vel e relevante, o Ubirat\u00e3 Online \u00e9 o seu espa\u00e7o para ficar por dentro dos principais acontecimentos locais, regionais, Brasil, Mundo e de interesse geral. Nosso compromisso \u00e9 com a verdade, a transpar\u00eancia e o respeito ao leitor.","legalName":"UBIRATA ONLINE NOT\u00cdCIAS","foundingDate":"2009-01-05","numberOfEmployees":{"@type":"QuantitativeValue","minValue":"1","maxValue":"10"},"publishingPrinciples":"https:\/\/ubirataonline.com.br\/faq\/","address":{"@id":"https:\/\/ubirataonline.com.br\/tjpr-nega-recurso-do-municipio-de-almirante-tamandare-e-acolhe-pedido-do-mppr-para-que-sejam-regularizados-cargos-em-comissao-da-administracao\/#local-main-place-address"},"geo":{"@type":"GeoCoordinates","latitude":"-24.5361401","longitude":"-52.9921776"},"telephone":["+5544998308235"],"contactPoint":{"@type":"ContactPoint","email":"contato@ubirataonline.com.br"},"openingHoursSpecification":{"@type":"OpeningHoursSpecification","dayOfWeek":["Monday","Tuesday","Wednesday","Thursday","Friday","Saturday","Sunday"],"opens":"00:00","closes":"23:59"},"email":"contato@ubirataonline.com.br","vatID":"47.621.418\/0001-80"},{"@type":"Person","@id":"https:\/\/ubirataonline.com.br\/#\/schema\/person\/372f87bbd3fdd79b8556b84c98d0bc1c","name":"REDA\u00c7\u00c3O: UBIRAT\u00c3 ONLINE - F\u00c1BIO AUGUSTO CELESTINO","pronouns":"Ele","description":"Desde 2003 trabalhando com not\u00edcias.","sameAs":["http:\/\/ubirataoline.com.br","https:\/\/www.facebook.com\/portalubirataonline","https:\/\/www.instagram.com\/ubirataonline_oficial","https:\/\/x.com\/x.com\/ubirataonline"],"honorificPrefix":"Mr.","honorificSuffix":"MD","birthDate":"1980-06-16","gender":"masculino","award":["V\u00e1rios pr\u00eamios de melhor portal da cidade"],"jobTitle":"Diretor","url":"https:\/\/ubirataonline.com.br\/en\/author\/ubirataonline\/"},{"@type":"PostalAddress","@id":"https:\/\/ubirataonline.com.br\/tjpr-nega-recurso-do-municipio-de-almirante-tamandare-e-acolhe-pedido-do-mppr-para-que-sejam-regularizados-cargos-em-comissao-da-administracao\/#local-main-place-address","streetAddress":"Rua dos Coqueiros, 104 - Bairro Boa Vista, Rua dos Coqueiros, 104 Bairro Boa Vista","addressLocality":"UBIRATA","postalCode":"85440-000","addressRegion":"PR","addressCountry":"BR"},{"@type":"ImageObject","inLanguage":"en-US","@id":"https:\/\/ubirataonline.com.br\/tjpr-nega-recurso-do-municipio-de-almirante-tamandare-e-acolhe-pedido-do-mppr-para-que-sejam-regularizados-cargos-em-comissao-da-administracao\/#local-main-organization-logo","url":"https:\/\/ubirataonline.com.br\/wp-content\/uploads\/2026\/06\/logoubirataonline-1.webp","contentUrl":"https:\/\/ubirataonline.com.br\/wp-content\/uploads\/2026\/06\/logoubirataonline-1.webp","width":500,"height":500,"caption":"Ubirat\u00e3 Online Not\u00edcias"}]},"geo.placename":"UBIRATA","geo.position":{"lat":"-24.5361401","long":"-52.9921776"},"geo.region":"Brazil"},"_links":{"self":[{"href":"https:\/\/ubirataonline.com.br\/en\/wp-json\/wp\/v2\/posts\/106293","targetHints":{"allow":["GET"]}}],"collection":[{"href":"https:\/\/ubirataonline.com.br\/en\/wp-json\/wp\/v2\/posts"}],"about":[{"href":"https:\/\/ubirataonline.com.br\/en\/wp-json\/wp\/v2\/types\/post"}],"author":[{"embeddable":true,"href":"https:\/\/ubirataonline.com.br\/en\/wp-json\/wp\/v2\/users\/1"}],"replies":[{"embeddable":true,"href":"https:\/\/ubirataonline.com.br\/en\/wp-json\/wp\/v2\/comments?post=106293"}],"version-history":[{"count":0,"href":"https:\/\/ubirataonline.com.br\/en\/wp-json\/wp\/v2\/posts\/106293\/revisions"}],"wp:featuredmedia":[{"embeddable":true,"href":"https:\/\/ubirataonline.com.br\/en\/wp-json\/wp\/v2\/media\/93476"}],"wp:attachment":[{"href":"https:\/\/ubirataonline.com.br\/en\/wp-json\/wp\/v2\/media?parent=106293"}],"wp:term":[{"taxonomy":"category","embeddable":true,"href":"https:\/\/ubirataonline.com.br\/en\/wp-json\/wp\/v2\/categories?post=106293"},{"taxonomy":"post_tag","embeddable":true,"href":"https:\/\/ubirataonline.com.br\/en\/wp-json\/wp\/v2\/tags?post=106293"}],"curies":[{"name":"wp","href":"https:\/\/api.w.org\/{rel}","templated":true}]}}