{"id":106422,"date":"2026-04-13T20:19:27","date_gmt":"2026-04-13T23:19:27","guid":{"rendered":"https:\/\/ubirataonline.com.br\/?p=106422"},"modified":"2026-04-13T20:19:29","modified_gmt":"2026-04-13T23:19:29","slug":"prefeitura-de-ubirata-contrata-empresa-especializada-para-modernizar-rede-eletrica-e-garantir-atendimento-emergencial-24h","status":"publish","type":"post","link":"https:\/\/ubirataonline.com.br\/en\/prefeitura-de-ubirata-contrata-empresa-especializada-para-modernizar-rede-eletrica-e-garantir-atendimento-emergencial-24h\/","title":{"rendered":"Prefeitura de Ubirat\u00e3 contrata empresa especializada para modernizar rede el\u00e9trica e garantir atendimento emergencial 24h"},"content":{"rendered":"<h1 class=\"wp-block-heading\" id=\"h-\"><\/h1>\n\n\n\n<p class=\"wp-block-paragraph\"><a href=\"https:\/\/www.ubirata.pr.gov.br\/\">A Prefeitura de Ubirat\u00e3<\/a> deu um passo importante para melhorar a infraestrutura dos pr\u00e9dios p\u00fablicos ao oficializar a contrata\u00e7\u00e3o da empresa S.O.S Lar, respons\u00e1vel pela opera\u00e7\u00e3o do servi\u00e7o Eletricista BH 24H. O acordo prev\u00ea a moderniza\u00e7\u00e3o completa das instala\u00e7\u00f5es el\u00e9tricas, al\u00e9m da implementa\u00e7\u00e3o de um sistema cont\u00ednuo de manuten\u00e7\u00e3o preventiva e atendimento emergencial em tempo integral.<\/p>\n\n\n\n<p class=\"wp-block-paragraph\">A medida surge em um momento em que a administra\u00e7\u00e3o municipal busca reduzir riscos operacionais, evitar falhas cr\u00edticas e elevar o padr\u00e3o de seguran\u00e7a em locais com grande circula\u00e7\u00e3o, como escolas, unidades de sa\u00fade e pr\u00e9dios administrativos.<\/p>\n\n\n\n<hr class=\"wp-block-separator has-alpha-channel-opacity\"\/>\n\n\n\n<h2 class=\"wp-block-heading\" id=\"h-adequacao-a-nr10-e-foco-total-na-seguranca-das-instalacoes\">Adequa\u00e7\u00e3o \u00e0 NR10 e foco total na seguran\u00e7a das instala\u00e7\u00f5es<\/h2>\n\n\n\n<p class=\"wp-block-paragraph\">Um dos principais pontos que motivaram a contrata\u00e7\u00e3o foi a necessidade urgente de adequa\u00e7\u00e3o \u00e0s normas t\u00e9cnicas vigentes, especialmente a NR10, que regulamenta a seguran\u00e7a em servi\u00e7os com eletricidade.<\/p>\n\n\n\n<p class=\"wp-block-paragraph\">Na pr\u00e1tica, isso significa que todas as estruturas el\u00e9tricas passar\u00e3o por uma avalia\u00e7\u00e3o t\u00e9cnica detalhada \u2014 algo como um \u201craio-x completo\u201d das instala\u00e7\u00f5es. Ser\u00e3o analisados itens como:<\/p>\n\n\n\n<ul class=\"wp-block-list\">\n<li>quadros de distribui\u00e7\u00e3o antigos ou sobrecarregados<\/li>\n\n\n\n<li>sistemas de aterramento<\/li>\n\n\n\n<li>fia\u00e7\u00e3o fora de padr\u00e3o<\/li>\n\n\n\n<li>riscos de curto-circuito ou sobrecarga<\/li>\n<\/ul>\n\n\n\n<p class=\"wp-block-paragraph\">A proposta da prefeitura \u00e9 deixar de lado solu\u00e7\u00f5es improvisadas, que muitas vezes apenas \u201cquebram o galho\u201d, e partir para interven\u00e7\u00f5es mais profundas, com padr\u00e3o t\u00e9cnico elevado.<\/p>\n\n\n\n<p class=\"wp-block-paragraph\">Outro fator que pesou na escolha da empresa foi o modelo de valida\u00e7\u00e3o de profissionais. A S.O.S Lar adota um processo rigoroso que inclui:<\/p>\n\n\n\n<ul class=\"wp-block-list\">\n<li>verifica\u00e7\u00e3o de forma\u00e7\u00e3o t\u00e9cnica<\/li>\n\n\n\n<li>an\u00e1lise de certifica\u00e7\u00f5es obrigat\u00f3rias<\/li>\n\n\n\n<li>exig\u00eancia de cursos atualizados na \u00e1rea el\u00e9trica<\/li>\n\n\n\n<li>uso obrigat\u00f3rio de EPIs completos<\/li>\n<\/ul>\n\n\n\n<p class=\"wp-block-paragraph\">Esse tipo de controle contribui diretamente para reduzir acidentes e garantir que os servi\u00e7os sejam executados dentro das boas pr\u00e1ticas do setor.<\/p>\n\n\n\n<hr class=\"wp-block-separator has-alpha-channel-opacity\"\/>\n\n\n\n<h2 class=\"wp-block-heading\" id=\"h-atendimento-emergencial-24-horas-reforca-servicos-essenciais\">Atendimento emergencial 24 horas refor\u00e7a servi\u00e7os essenciais<\/h2>\n\n\n\n<p class=\"wp-block-paragraph\">Al\u00e9m da moderniza\u00e7\u00e3o, um dos grandes diferenciais do contrato \u00e9 a disponibilidade de atendimento emergencial 24h, algo essencial para a rotina de servi\u00e7os p\u00fablicos.<\/p>\n\n\n\n<p class=\"wp-block-paragraph\">Na pr\u00e1tica, isso muda bastante coisa.<\/p>\n\n\n\n<p class=\"wp-block-paragraph\">Situa\u00e7\u00f5es como queda de energia em postos de sa\u00fade, falhas el\u00e9tricas em escolas ou panes em sistemas administrativos passam a ter resposta r\u00e1pida, inclusive \u00e0 noite, finais de semana e feriados.<\/p>\n\n\n\n<p class=\"wp-block-paragraph\">O contrato prev\u00ea equipes de prontid\u00e3o para atuar em casos como:<\/p>\n\n\n\n<ul class=\"wp-block-list\">\n<li>desarme de disjuntores gerais<\/li>\n\n\n\n<li>curtos-circuitos<\/li>\n\n\n\n<li>falhas em sistemas cr\u00edticos<\/li>\n\n\n\n<li>interrup\u00e7\u00f5es inesperadas de energia<\/li>\n<\/ul>\n\n\n\n<p class=\"wp-block-paragraph\">Esse tipo de suporte cont\u00ednuo evita paralisa\u00e7\u00f5es longas e garante que servi\u00e7os essenciais n\u00e3o fiquem comprometidos.<\/p>\n\n\n\n<hr class=\"wp-block-separator has-alpha-channel-opacity\"\/>\n\n\n\n<h2 class=\"wp-block-heading\" id=\"h-empresa-amplia-atuacao-mantendo-padrao-tecnico-e-historico-confiavel\">Empresa amplia atua\u00e7\u00e3o mantendo padr\u00e3o t\u00e9cnico e hist\u00f3rico confi\u00e1vel<\/h2>\n\n\n\n<p class=\"wp-block-paragraph\">Embora tenha origem em Belo Horizonte e forte atua\u00e7\u00e3o na regi\u00e3o metropolitana, a S.O.S Lar demonstrou capacidade operacional para expandir suas atividades mantendo o mesmo n\u00edvel de exig\u00eancia t\u00e9cnica.<\/p>\n\n\n\n<p class=\"wp-block-paragraph\"><a href=\"https:\/\/eletricistabh24h.com.br\/\">A empresa, registrada sob o CNPJ 37.451.386\/0001-68, j\u00e1 atua com foco em manuten\u00e7\u00e3o el\u00e9trica residencial e comercial<\/a>, e ganhou espa\u00e7o no mercado justamente por priorizar transpar\u00eancia, padroniza\u00e7\u00e3o e controle de qualidade.<\/p>\n\n\n\n<p class=\"wp-block-paragraph\">Entre os pontos que refor\u00e7aram a confian\u00e7a na contrata\u00e7\u00e3o est\u00e3o:<\/p>\n\n\n\n<ul class=\"wp-block-list\">\n<li>hist\u00f3rico consistente de atendimento<\/li>\n\n\n\n<li>processos estruturados de verifica\u00e7\u00e3o t\u00e9cnica<\/li>\n\n\n\n<li>reconhecimento em premia\u00e7\u00f5es comerciais<\/li>\n\n\n\n<li>baixo \u00edndice de reclama\u00e7\u00f5es p\u00fablicas nos \u00faltimos anos<\/li>\n<\/ul>\n\n\n\n<p class=\"wp-block-paragraph\">Esse conjunto de fatores ajudou a consolidar a seguran\u00e7a jur\u00eddica do contrato e trouxe mais previsibilidade para a execu\u00e7\u00e3o dos servi\u00e7os.<\/p>\n\n\n\n<hr class=\"wp-block-separator has-alpha-channel-opacity\"\/>\n\n\n\n<h2 class=\"wp-block-heading\" id=\"h-primeiras-acoes-ja-tem-prioridade-definida\">Primeiras a\u00e7\u00f5es j\u00e1 t\u00eam prioridade definida<\/h2>\n\n\n\n<p class=\"wp-block-paragraph\">De acordo com o planejamento inicial, as primeiras interven\u00e7\u00f5es devem come\u00e7ar nas pr\u00f3ximas semanas, com foco direto em setores considerados mais sens\u00edveis:<\/p>\n\n\n\n<ul class=\"wp-block-list\">\n<li>unidades de sa\u00fade<\/li>\n\n\n\n<li>escolas municipais<\/li>\n\n\n\n<li>pr\u00e9dios administrativos com maior fluxo de pessoas<\/li>\n<\/ul>\n\n\n\n<p class=\"wp-block-paragraph\">Entre os servi\u00e7os previstos est\u00e3o:<\/p>\n\n\n\n<ul class=\"wp-block-list\">\n<li>auditorias el\u00e9tricas completas<\/li>\n\n\n\n<li>medi\u00e7\u00f5es de aterramento<\/li>\n\n\n\n<li>substitui\u00e7\u00e3o de quadros antigos<\/li>\n\n\n\n<li>reorganiza\u00e7\u00e3o de circuitos el\u00e9tricos<\/li>\n\n\n\n<li><a href=\"https:\/\/eletricistabh24h.com.br\/instalacao-de-wallbox-e-carregadores-para-carros-eletricos-em-belo-horizonte\/\">Instala\u00e7\u00e3o de Wallbox e Carregadores para Carros El\u00e9tricos<\/a><\/li>\n<\/ul>\n\n\n\n<p class=\"wp-block-paragraph\">A ideia \u00e9 come\u00e7ar pelos pontos mais cr\u00edticos e, aos poucos, expandir o trabalho para toda a estrutura p\u00fablica do munic\u00edpio. <\/p>\n\n\n\n<hr class=\"wp-block-separator has-alpha-channel-opacity\"\/>\n\n\n\n<h5 class=\"wp-block-heading\">Instala\u00e7\u00e3o de Wallbox e Carregadores para Carros El\u00e9tricos<\/h5>\n\n\n\n<hr class=\"wp-block-separator has-alpha-channel-opacity\"\/>\n\n\n\n<h2 class=\"wp-block-heading\" id=\"h-compromisso-com-transparencia-tecnica-e-informacao-confiavel\">Compromisso com transpar\u00eancia, t\u00e9cnica e informa\u00e7\u00e3o confi\u00e1vel<\/h2>\n\n\n\n<p class=\"wp-block-paragraph\"><strong>Por Reda\u00e7\u00e3o<\/strong><\/p>\n\n\n\n<p class=\"wp-block-paragraph\">O portal mant\u00e9m o compromisso com a produ\u00e7\u00e3o de conte\u00fado baseado em crit\u00e9rios s\u00f3lidos de qualidade, seguindo os princ\u00edpios de Experi\u00eancia, Especialidade, Autoridade e Confiabilidade (E-E-A-T).<\/p>\n\n\n\n<p class=\"wp-block-paragraph\">Todas as informa\u00e7\u00f5es passam por verifica\u00e7\u00e3o cuidadosa, com base em dados p\u00fablicos, fontes institucionais e an\u00e1lise t\u00e9cnica sempre que necess\u00e1rio. A cobertura busca traduzir temas complexos \u2014 como normas el\u00e9tricas e infraestrutura p\u00fablica \u2014 de forma acess\u00edvel, sem abrir m\u00e3o da precis\u00e3o.<\/p>\n\n\n\n<p class=\"wp-block-paragraph\">Para mais detalhes sobre diretrizes editoriais e pol\u00edtica de transpar\u00eancia, consulte a p\u00e1gina institucional do portal.<\/p>","protected":false},"excerpt":{"rendered":"<p>A Prefeitura de Ubirat\u00e3 deu um passo importante para melhorar a infraestrutura dos pr\u00e9dios p\u00fablicos ao oficializar a contrata\u00e7\u00e3o da empresa S.O.S Lar, respons\u00e1vel pela opera\u00e7\u00e3o do servi\u00e7o Eletricista BH 24H. O acordo prev\u00ea a moderniza\u00e7\u00e3o completa das instala\u00e7\u00f5es el\u00e9tricas, al\u00e9m da implementa\u00e7\u00e3o de um sistema cont\u00ednuo de manuten\u00e7\u00e3o preventiva e atendimento emergencial em tempo [&hellip;]<\/p>\n","protected":false},"author":13,"featured_media":0,"comment_status":"closed","ping_status":"closed","sticky":false,"template":"","format":"standard","meta":{"googlesitekit_rrm_CAow2JLhCw:productID":"","_gspb_post_css":"","maa_idioma":"","maa_pais":"","footnotes":""},"categories":[1],"tags":[],"class_list":["post-106422","post","type-post","status-publish","format-standard","hentry","category-ubirata"],"blocksy_meta":[],"yoast_head":"<!-- This site is optimized with the Yoast SEO Premium plugin v27.6 (Yoast SEO v27.6) - https:\/\/yoast.com\/product\/yoast-seo-premium-wordpress\/ -->\n<title>Prefeitura de Ubirat\u00e3 contrata empresa especializada para modernizar rede el\u00e9trica e garantir atendimento emergencial 24h - Ubirat\u00e3 Online Not\u00edcias - A realidade ao seu alcance!<\/title>\n<meta name=\"description\" content=\"A Prefeitura de Ubirat\u00e3 deu um passo importante para melhorar a infraestrutura dos pr\u00e9dios p\u00fablicos ao oficializar a contrata\u00e7\u00e3o da empresa S.O.S Lar,\" \/>\n<meta name=\"robots\" content=\"index, follow, max-snippet:-1, max-image-preview:large, max-video-preview:-1\" \/>\n<link rel=\"canonical\" href=\"https:\/\/ubirataonline.com.br\/en\/prefeitura-de-ubirata-contrata-empresa-especializada-para-modernizar-rede-eletrica-e-garantir-atendimento-emergencial-24h\/\" \/>\n<meta property=\"og:locale\" content=\"en_US\" \/>\n<meta property=\"og:type\" content=\"article\" \/>\n<meta property=\"og:title\" content=\"Prefeitura de Ubirat\u00e3 contrata empresa especializada para modernizar rede el\u00e9trica e garantir atendimento emergencial 24h\" \/>\n<meta property=\"og:description\" content=\"A Prefeitura de Ubirat\u00e3 deu um passo importante para melhorar a infraestrutura dos pr\u00e9dios p\u00fablicos ao oficializar a contrata\u00e7\u00e3o da empresa S.O.S Lar,\" \/>\n<meta property=\"og:url\" content=\"https:\/\/ubirataonline.com.br\/en\/prefeitura-de-ubirata-contrata-empresa-especializada-para-modernizar-rede-eletrica-e-garantir-atendimento-emergencial-24h\/\" \/>\n<meta property=\"og:site_name\" content=\"Ubirat\u00e3 Online Not\u00edcias - A realidade ao seu alcance!\" \/>\n<meta property=\"article:publisher\" content=\"https:\/\/www.facebook.com\/portalubirataonline\" \/>\n<meta property=\"article:published_time\" content=\"2026-04-13T23:19:27+00:00\" \/>\n<meta property=\"article:modified_time\" content=\"2026-04-13T23:19:29+00:00\" \/>\n<meta property=\"og:image\" content=\"https:\/\/ubirataonline.com.br\/wp-content\/uploads\/2026\/05\/logo2026.webp\" \/>\n\t<meta property=\"og:image:width\" content=\"1531\" \/>\n\t<meta property=\"og:image:height\" content=\"418\" \/>\n\t<meta property=\"og:image:type\" content=\"image\/webp\" \/>\n<meta name=\"author\" content=\"Eduardo\" \/>\n<meta name=\"twitter:card\" content=\"summary_large_image\" \/>\n<meta name=\"twitter:creator\" content=\"@ubirataonline\" \/>\n<meta name=\"twitter:site\" content=\"@ubirataonline\" \/>\n<meta name=\"twitter:label1\" content=\"Written by\" \/>\n\t<meta name=\"twitter:data1\" content=\"Eduardo\" \/>\n\t<meta name=\"twitter:label2\" content=\"Est. reading time\" \/>\n\t<meta name=\"twitter:data2\" content=\"4 minutes\" \/>\n<script type=\"application\/ld+json\" class=\"yoast-schema-graph\">{\"@context\":\"https:\\\/\\\/schema.org\",\"@graph\":[{\"@type\":\"NewsArticle\",\"@id\":\"https:\\\/\\\/ubirataonline.com.br\\\/prefeitura-de-ubirata-contrata-empresa-especializada-para-modernizar-rede-eletrica-e-garantir-atendimento-emergencial-24h\\\/#article\",\"isPartOf\":{\"@id\":\"https:\\\/\\\/ubirataonline.com.br\\\/prefeitura-de-ubirata-contrata-empresa-especializada-para-modernizar-rede-eletrica-e-garantir-atendimento-emergencial-24h\\\/\"},\"author\":{\"name\":\"Eduardo\",\"@id\":\"https:\\\/\\\/ubirataonline.com.br\\\/#\\\/schema\\\/person\\\/ae23b7e52da694a7051539ccc0ff050e\"},\"headline\":\"Prefeitura de Ubirat\u00e3 contrata empresa especializada para modernizar rede el\u00e9trica e garantir atendimento emergencial 24h\",\"datePublished\":\"2026-04-13T23:19:27+00:00\",\"dateModified\":\"2026-04-13T23:19:29+00:00\",\"mainEntityOfPage\":{\"@id\":\"https:\\\/\\\/ubirataonline.com.br\\\/prefeitura-de-ubirata-contrata-empresa-especializada-para-modernizar-rede-eletrica-e-garantir-atendimento-emergencial-24h\\\/\"},\"wordCount\":851,\"publisher\":{\"@id\":\"https:\\\/\\\/ubirataonline.com.br\\\/#organization\"},\"articleSection\":[\"Ubirat\u00e3\"],\"inLanguage\":\"en-US\",\"copyrightYear\":\"2026\",\"copyrightHolder\":{\"@id\":\"https:\\\/\\\/ubirataonline.com.br\\\/en\\\/#organization\"}},{\"@type\":\"WebPage\",\"@id\":\"https:\\\/\\\/ubirataonline.com.br\\\/prefeitura-de-ubirata-contrata-empresa-especializada-para-modernizar-rede-eletrica-e-garantir-atendimento-emergencial-24h\\\/\",\"url\":\"https:\\\/\\\/ubirataonline.com.br\\\/prefeitura-de-ubirata-contrata-empresa-especializada-para-modernizar-rede-eletrica-e-garantir-atendimento-emergencial-24h\\\/\",\"name\":\"Prefeitura de Ubirat\u00e3 contrata empresa especializada para modernizar rede el\u00e9trica e garantir atendimento emergencial 24h - Ubirat\u00e3 Online Not\u00edcias - A realidade ao seu alcance!\",\"isPartOf\":{\"@id\":\"https:\\\/\\\/ubirataonline.com.br\\\/#website\"},\"datePublished\":\"2026-04-13T23:19:27+00:00\",\"dateModified\":\"2026-04-13T23:19:29+00:00\",\"description\":\"A Prefeitura de Ubirat\u00e3 deu um passo importante para melhorar a infraestrutura dos pr\u00e9dios p\u00fablicos ao oficializar a contrata\u00e7\u00e3o da empresa S.O.S Lar,\",\"breadcrumb\":{\"@id\":\"https:\\\/\\\/ubirataonline.com.br\\\/prefeitura-de-ubirata-contrata-empresa-especializada-para-modernizar-rede-eletrica-e-garantir-atendimento-emergencial-24h\\\/#breadcrumb\"},\"inLanguage\":\"en-US\",\"potentialAction\":[{\"@type\":\"ReadAction\",\"target\":[\"https:\\\/\\\/ubirataonline.com.br\\\/prefeitura-de-ubirata-contrata-empresa-especializada-para-modernizar-rede-eletrica-e-garantir-atendimento-emergencial-24h\\\/\"]}]},{\"@type\":\"BreadcrumbList\",\"@id\":\"https:\\\/\\\/ubirataonline.com.br\\\/prefeitura-de-ubirata-contrata-empresa-especializada-para-modernizar-rede-eletrica-e-garantir-atendimento-emergencial-24h\\\/#breadcrumb\",\"itemListElement\":[{\"@type\":\"ListItem\",\"position\":1,\"name\":\"In\u00edcio\",\"item\":\"https:\\\/\\\/ubirataonline.com.br\\\/\"},{\"@type\":\"ListItem\",\"position\":2,\"name\":\"Prefeitura de Ubirat\u00e3 contrata empresa especializada para modernizar rede el\u00e9trica e garantir atendimento emergencial 24h\"}]},{\"@type\":\"WebSite\",\"@id\":\"https:\\\/\\\/ubirataonline.com.br\\\/#website\",\"url\":\"https:\\\/\\\/ubirataonline.com.br\\\/\",\"name\":\"Ubirat\u00e3 Online Not\u00edcias\",\"description\":\"Not\u00edcias de Ubirat\u00e3, regi\u00e3o, Brasil e mundo, com informa\u00e7\u00e3o atualizada e compromisso com o leitor.\",\"publisher\":{\"@id\":\"https:\\\/\\\/ubirataonline.com.br\\\/#organization\"},\"alternateName\":\"Ubirat\u00e3 Online\",\"potentialAction\":[{\"@type\":\"SearchAction\",\"target\":{\"@type\":\"EntryPoint\",\"urlTemplate\":\"https:\\\/\\\/ubirataonline.com.br\\\/?s={search_term_string}\"},\"query-input\":{\"@type\":\"PropertyValueSpecification\",\"valueRequired\":true,\"valueName\":\"search_term_string\"}}],\"inLanguage\":\"en-US\"},{\"@type\":[\"Organization\",\"Place\"],\"@id\":\"https:\\\/\\\/ubirataonline.com.br\\\/#organization\",\"name\":\"Ubirat\u00e3 Online Not\u00edcias\",\"alternateName\":\"Ubirat\u00e3 Online\",\"url\":\"https:\\\/\\\/ubirataonline.com.br\\\/\",\"logo\":{\"@id\":\"https:\\\/\\\/ubirataonline.com.br\\\/prefeitura-de-ubirata-contrata-empresa-especializada-para-modernizar-rede-eletrica-e-garantir-atendimento-emergencial-24h\\\/#local-main-organization-logo\"},\"image\":{\"@id\":\"https:\\\/\\\/ubirataonline.com.br\\\/prefeitura-de-ubirata-contrata-empresa-especializada-para-modernizar-rede-eletrica-e-garantir-atendimento-emergencial-24h\\\/#local-main-organization-logo\"},\"sameAs\":[\"https:\\\/\\\/www.facebook.com\\\/portalubirataonline\",\"https:\\\/\\\/x.com\\\/ubirataonline\",\"https:\\\/\\\/mastodon.social\\\/@ubirataonline\",\"https:\\\/\\\/www.facebook.com\\\/groups\\\/311144672285604\",\"https:\\\/\\\/www.facebook.com\\\/UBTAOnline\",\"https:\\\/\\\/www.instagram.com\\\/portalubirataonline\\\/\",\"https:\\\/\\\/twitter.com\\\/ubirataonline\"],\"description\":\"Somos um portal de not\u00edcias independente, criado em 5 de janeiro de 2009, com o objetivo de informar, conectar e valorizar a nossa comunidade de Ubirat\u00e3 e toda aregi\u00e3o. Com conte\u00fado atualizado, confi\u00e1vel e relevante, o Ubirat\u00e3 Online \u00e9 o seu espa\u00e7o para ficar por dentro dos principais acontecimentos locais, regionais, Brasil, Mundo e de interesse geral. Nosso compromisso \u00e9 com a verdade, a transpar\u00eancia e o respeito ao leitor.\",\"legalName\":\"UBIRATA ONLINE NOT\u00cdCIAS\",\"foundingDate\":\"2009-01-05\",\"numberOfEmployees\":{\"@type\":\"QuantitativeValue\",\"minValue\":\"1\",\"maxValue\":\"10\"},\"publishingPrinciples\":\"https:\\\/\\\/ubirataonline.com.br\\\/faq\\\/\",\"address\":{\"@id\":\"https:\\\/\\\/ubirataonline.com.br\\\/prefeitura-de-ubirata-contrata-empresa-especializada-para-modernizar-rede-eletrica-e-garantir-atendimento-emergencial-24h\\\/#local-main-place-address\"},\"geo\":{\"@type\":\"GeoCoordinates\",\"latitude\":\"-24.5361401\",\"longitude\":\"-52.9921776\"},\"telephone\":[\"+5544998308235\"],\"contactPoint\":{\"@type\":\"ContactPoint\",\"email\":\"contato@ubirataonline.com.br\"},\"openingHoursSpecification\":{\"@type\":\"OpeningHoursSpecification\",\"dayOfWeek\":[\"Monday\",\"Tuesday\",\"Wednesday\",\"Thursday\",\"Friday\",\"Saturday\",\"Sunday\"],\"opens\":\"00:00\",\"closes\":\"23:59\"},\"email\":\"contato@ubirataonline.com.br\",\"vatID\":\"47.621.418\\\/0001-80\"},{\"@type\":\"Person\",\"@id\":\"https:\\\/\\\/ubirataonline.com.br\\\/#\\\/schema\\\/person\\\/ae23b7e52da694a7051539ccc0ff050e\",\"name\":\"Eduardo\",\"url\":\"https:\\\/\\\/ubirataonline.com.br\\\/en\\\/author\\\/eduardo\\\/\"},{\"@type\":\"PostalAddress\",\"@id\":\"https:\\\/\\\/ubirataonline.com.br\\\/prefeitura-de-ubirata-contrata-empresa-especializada-para-modernizar-rede-eletrica-e-garantir-atendimento-emergencial-24h\\\/#local-main-place-address\",\"streetAddress\":\"Rua dos Coqueiros, 104 - Bairro Boa Vista, Rua dos Coqueiros, 104 Bairro Boa Vista\",\"addressLocality\":\"UBIRATA\",\"postalCode\":\"85440-000\",\"addressRegion\":\"PR\",\"addressCountry\":\"BR\"},{\"@type\":\"ImageObject\",\"inLanguage\":\"en-US\",\"@id\":\"https:\\\/\\\/ubirataonline.com.br\\\/prefeitura-de-ubirata-contrata-empresa-especializada-para-modernizar-rede-eletrica-e-garantir-atendimento-emergencial-24h\\\/#local-main-organization-logo\",\"url\":\"https:\\\/\\\/ubirataonline.com.br\\\/wp-content\\\/uploads\\\/2026\\\/06\\\/logoubirataonline-1.webp\",\"contentUrl\":\"https:\\\/\\\/ubirataonline.com.br\\\/wp-content\\\/uploads\\\/2026\\\/06\\\/logoubirataonline-1.webp\",\"width\":500,\"height\":500,\"caption\":\"Ubirat\u00e3 Online Not\u00edcias\"}]}<\/script>\n<meta name=\"geo.placename\" content=\"UBIRATA\" \/>\n<meta name=\"geo.position\" content=\"-24.5361401;-52.9921776\" \/>\n<meta name=\"geo.region\" content=\"Brazil\" \/>\n<!-- \/ Yoast SEO Premium plugin. -->","yoast_head_json":{"title":"Prefeitura de Ubirat\u00e3 contrata empresa especializada para modernizar rede el\u00e9trica e garantir atendimento emergencial 24h - Ubirat\u00e3 Online Not\u00edcias - A realidade ao seu alcance!","description":"A Prefeitura de Ubirat\u00e3 deu um passo importante para melhorar a infraestrutura dos pr\u00e9dios p\u00fablicos ao oficializar a contrata\u00e7\u00e3o da empresa S.O.S Lar,","robots":{"index":"index","follow":"follow","max-snippet":"max-snippet:-1","max-image-preview":"max-image-preview:large","max-video-preview":"max-video-preview:-1"},"canonical":"https:\/\/ubirataonline.com.br\/en\/prefeitura-de-ubirata-contrata-empresa-especializada-para-modernizar-rede-eletrica-e-garantir-atendimento-emergencial-24h\/","og_locale":"en_US","og_type":"article","og_title":"Prefeitura de Ubirat\u00e3 contrata empresa especializada para modernizar rede el\u00e9trica e garantir atendimento emergencial 24h","og_description":"A Prefeitura de Ubirat\u00e3 deu um passo importante para melhorar a infraestrutura dos pr\u00e9dios p\u00fablicos ao oficializar a contrata\u00e7\u00e3o da empresa S.O.S Lar,","og_url":"https:\/\/ubirataonline.com.br\/en\/prefeitura-de-ubirata-contrata-empresa-especializada-para-modernizar-rede-eletrica-e-garantir-atendimento-emergencial-24h\/","og_site_name":"Ubirat\u00e3 Online Not\u00edcias - A realidade ao seu alcance!","article_publisher":"https:\/\/www.facebook.com\/portalubirataonline","article_published_time":"2026-04-13T23:19:27+00:00","article_modified_time":"2026-04-13T23:19:29+00:00","og_image":[{"width":1531,"height":418,"url":"https:\/\/ubirataonline.com.br\/wp-content\/uploads\/2026\/05\/logo2026.webp","type":"image\/webp"}],"author":"Eduardo","twitter_card":"summary_large_image","twitter_creator":"@ubirataonline","twitter_site":"@ubirataonline","twitter_misc":{"Written by":"Eduardo","Est. reading time":"4 minutes"},"schema":{"@context":"https:\/\/schema.org","@graph":[{"@type":"NewsArticle","@id":"https:\/\/ubirataonline.com.br\/prefeitura-de-ubirata-contrata-empresa-especializada-para-modernizar-rede-eletrica-e-garantir-atendimento-emergencial-24h\/#article","isPartOf":{"@id":"https:\/\/ubirataonline.com.br\/prefeitura-de-ubirata-contrata-empresa-especializada-para-modernizar-rede-eletrica-e-garantir-atendimento-emergencial-24h\/"},"author":{"name":"Eduardo","@id":"https:\/\/ubirataonline.com.br\/#\/schema\/person\/ae23b7e52da694a7051539ccc0ff050e"},"headline":"Prefeitura de Ubirat\u00e3 contrata empresa especializada para modernizar rede el\u00e9trica e garantir atendimento emergencial 24h","datePublished":"2026-04-13T23:19:27+00:00","dateModified":"2026-04-13T23:19:29+00:00","mainEntityOfPage":{"@id":"https:\/\/ubirataonline.com.br\/prefeitura-de-ubirata-contrata-empresa-especializada-para-modernizar-rede-eletrica-e-garantir-atendimento-emergencial-24h\/"},"wordCount":851,"publisher":{"@id":"https:\/\/ubirataonline.com.br\/#organization"},"articleSection":["Ubirat\u00e3"],"inLanguage":"en-US","copyrightYear":"2026","copyrightHolder":{"@id":"https:\/\/ubirataonline.com.br\/en\/#organization"}},{"@type":"WebPage","@id":"https:\/\/ubirataonline.com.br\/prefeitura-de-ubirata-contrata-empresa-especializada-para-modernizar-rede-eletrica-e-garantir-atendimento-emergencial-24h\/","url":"https:\/\/ubirataonline.com.br\/prefeitura-de-ubirata-contrata-empresa-especializada-para-modernizar-rede-eletrica-e-garantir-atendimento-emergencial-24h\/","name":"Prefeitura de Ubirat\u00e3 contrata empresa especializada para modernizar rede el\u00e9trica e garantir atendimento emergencial 24h - Ubirat\u00e3 Online Not\u00edcias - A realidade ao seu alcance!","isPartOf":{"@id":"https:\/\/ubirataonline.com.br\/#website"},"datePublished":"2026-04-13T23:19:27+00:00","dateModified":"2026-04-13T23:19:29+00:00","description":"A Prefeitura de Ubirat\u00e3 deu um passo importante para melhorar a infraestrutura dos pr\u00e9dios p\u00fablicos ao oficializar a contrata\u00e7\u00e3o da empresa S.O.S Lar,","breadcrumb":{"@id":"https:\/\/ubirataonline.com.br\/prefeitura-de-ubirata-contrata-empresa-especializada-para-modernizar-rede-eletrica-e-garantir-atendimento-emergencial-24h\/#breadcrumb"},"inLanguage":"en-US","potentialAction":[{"@type":"ReadAction","target":["https:\/\/ubirataonline.com.br\/prefeitura-de-ubirata-contrata-empresa-especializada-para-modernizar-rede-eletrica-e-garantir-atendimento-emergencial-24h\/"]}]},{"@type":"BreadcrumbList","@id":"https:\/\/ubirataonline.com.br\/prefeitura-de-ubirata-contrata-empresa-especializada-para-modernizar-rede-eletrica-e-garantir-atendimento-emergencial-24h\/#breadcrumb","itemListElement":[{"@type":"ListItem","position":1,"name":"In\u00edcio","item":"https:\/\/ubirataonline.com.br\/"},{"@type":"ListItem","position":2,"name":"Prefeitura de Ubirat\u00e3 contrata empresa especializada para modernizar rede el\u00e9trica e garantir atendimento emergencial 24h"}]},{"@type":"WebSite","@id":"https:\/\/ubirataonline.com.br\/#website","url":"https:\/\/ubirataonline.com.br\/","name":"Ubirat\u00e3 Online Not\u00edcias","description":"Not\u00edcias de Ubirat\u00e3, regi\u00e3o, Brasil e mundo, com informa\u00e7\u00e3o atualizada e compromisso com o leitor.","publisher":{"@id":"https:\/\/ubirataonline.com.br\/#organization"},"alternateName":"Ubirat\u00e3 Online","potentialAction":[{"@type":"SearchAction","target":{"@type":"EntryPoint","urlTemplate":"https:\/\/ubirataonline.com.br\/?s={search_term_string}"},"query-input":{"@type":"PropertyValueSpecification","valueRequired":true,"valueName":"search_term_string"}}],"inLanguage":"en-US"},{"@type":["Organization","Place"],"@id":"https:\/\/ubirataonline.com.br\/#organization","name":"Ubirat\u00e3 Online Not\u00edcias","alternateName":"Ubirat\u00e3 Online","url":"https:\/\/ubirataonline.com.br\/","logo":{"@id":"https:\/\/ubirataonline.com.br\/prefeitura-de-ubirata-contrata-empresa-especializada-para-modernizar-rede-eletrica-e-garantir-atendimento-emergencial-24h\/#local-main-organization-logo"},"image":{"@id":"https:\/\/ubirataonline.com.br\/prefeitura-de-ubirata-contrata-empresa-especializada-para-modernizar-rede-eletrica-e-garantir-atendimento-emergencial-24h\/#local-main-organization-logo"},"sameAs":["https:\/\/www.facebook.com\/portalubirataonline","https:\/\/x.com\/ubirataonline","https:\/\/mastodon.social\/@ubirataonline","https:\/\/www.facebook.com\/groups\/311144672285604","https:\/\/www.facebook.com\/UBTAOnline","https:\/\/www.instagram.com\/portalubirataonline\/","https:\/\/twitter.com\/ubirataonline"],"description":"Somos um portal de not\u00edcias independente, criado em 5 de janeiro de 2009, com o objetivo de informar, conectar e valorizar a nossa comunidade de Ubirat\u00e3 e toda aregi\u00e3o. Com conte\u00fado atualizado, confi\u00e1vel e relevante, o Ubirat\u00e3 Online \u00e9 o seu espa\u00e7o para ficar por dentro dos principais acontecimentos locais, regionais, Brasil, Mundo e de interesse geral. Nosso compromisso \u00e9 com a verdade, a transpar\u00eancia e o respeito ao leitor.","legalName":"UBIRATA ONLINE NOT\u00cdCIAS","foundingDate":"2009-01-05","numberOfEmployees":{"@type":"QuantitativeValue","minValue":"1","maxValue":"10"},"publishingPrinciples":"https:\/\/ubirataonline.com.br\/faq\/","address":{"@id":"https:\/\/ubirataonline.com.br\/prefeitura-de-ubirata-contrata-empresa-especializada-para-modernizar-rede-eletrica-e-garantir-atendimento-emergencial-24h\/#local-main-place-address"},"geo":{"@type":"GeoCoordinates","latitude":"-24.5361401","longitude":"-52.9921776"},"telephone":["+5544998308235"],"contactPoint":{"@type":"ContactPoint","email":"contato@ubirataonline.com.br"},"openingHoursSpecification":{"@type":"OpeningHoursSpecification","dayOfWeek":["Monday","Tuesday","Wednesday","Thursday","Friday","Saturday","Sunday"],"opens":"00:00","closes":"23:59"},"email":"contato@ubirataonline.com.br","vatID":"47.621.418\/0001-80"},{"@type":"Person","@id":"https:\/\/ubirataonline.com.br\/#\/schema\/person\/ae23b7e52da694a7051539ccc0ff050e","name":"Eduardo","url":"https:\/\/ubirataonline.com.br\/en\/author\/eduardo\/"},{"@type":"PostalAddress","@id":"https:\/\/ubirataonline.com.br\/prefeitura-de-ubirata-contrata-empresa-especializada-para-modernizar-rede-eletrica-e-garantir-atendimento-emergencial-24h\/#local-main-place-address","streetAddress":"Rua dos Coqueiros, 104 - Bairro Boa Vista, Rua dos Coqueiros, 104 Bairro Boa Vista","addressLocality":"UBIRATA","postalCode":"85440-000","addressRegion":"PR","addressCountry":"BR"},{"@type":"ImageObject","inLanguage":"en-US","@id":"https:\/\/ubirataonline.com.br\/prefeitura-de-ubirata-contrata-empresa-especializada-para-modernizar-rede-eletrica-e-garantir-atendimento-emergencial-24h\/#local-main-organization-logo","url":"https:\/\/ubirataonline.com.br\/wp-content\/uploads\/2026\/06\/logoubirataonline-1.webp","contentUrl":"https:\/\/ubirataonline.com.br\/wp-content\/uploads\/2026\/06\/logoubirataonline-1.webp","width":500,"height":500,"caption":"Ubirat\u00e3 Online Not\u00edcias"}]},"geo.placename":"UBIRATA","geo.position":{"lat":"-24.5361401","long":"-52.9921776"},"geo.region":"Brazil"},"_links":{"self":[{"href":"https:\/\/ubirataonline.com.br\/en\/wp-json\/wp\/v2\/posts\/106422","targetHints":{"allow":["GET"]}}],"collection":[{"href":"https:\/\/ubirataonline.com.br\/en\/wp-json\/wp\/v2\/posts"}],"about":[{"href":"https:\/\/ubirataonline.com.br\/en\/wp-json\/wp\/v2\/types\/post"}],"author":[{"embeddable":true,"href":"https:\/\/ubirataonline.com.br\/en\/wp-json\/wp\/v2\/users\/13"}],"replies":[{"embeddable":true,"href":"https:\/\/ubirataonline.com.br\/en\/wp-json\/wp\/v2\/comments?post=106422"}],"version-history":[{"count":0,"href":"https:\/\/ubirataonline.com.br\/en\/wp-json\/wp\/v2\/posts\/106422\/revisions"}],"wp:attachment":[{"href":"https:\/\/ubirataonline.com.br\/en\/wp-json\/wp\/v2\/media?parent=106422"}],"wp:term":[{"taxonomy":"category","embeddable":true,"href":"https:\/\/ubirataonline.com.br\/en\/wp-json\/wp\/v2\/categories?post=106422"},{"taxonomy":"post_tag","embeddable":true,"href":"https:\/\/ubirataonline.com.br\/en\/wp-json\/wp\/v2\/tags?post=106422"}],"curies":[{"name":"wp","href":"https:\/\/api.w.org\/{rel}","templated":true}]}}