{"id":106433,"date":"2026-04-13T20:28:29","date_gmt":"2026-04-13T23:28:29","guid":{"rendered":"https:\/\/ubirataonline.com.br\/byron-donalds-to-announce-industry-focused-workforce-initiative\/"},"modified":"2026-04-13T20:28:32","modified_gmt":"2026-04-13T23:28:32","slug":"byron-donalds-to-announce-industry-focused-workforce-initiative","status":"publish","type":"post","link":"https:\/\/ubirataonline.com.br\/en\/byron-donalds-to-announce-industry-focused-workforce-initiative\/","title":{"rendered":"Byron Donalds to announce industry-focused workforce initiative"},"content":{"rendered":"<p><br \/>\n<\/p>\n<div data-templates-time=\"\">\n<p style=\"text-align: justify;\">Gubernatorial candidate <strong>Byron Donalds <\/strong>will announce a vision for an industry-driven workforce initiative.<\/p>\n<p style=\"text-align: justify;\">The Naples Republican will unveil the LaunchPad initiative during a campaign stop in Coconut Creek. He will recommend concrete steps to reduce bureaucracy, expand apprenticeships and connect employees with high-wage opportunities that don\u2019t require a college degree.<\/p>\n<p style=\"text-align: justify;\">\u201cFlorida students deserve a direct path to a high-paying job, not a maze of paperwork and bureaucracy that slows them down,\u201d Donalds said. \u201cLaunchPad is about training at the speed of business, connecting students to real opportunities, and making sure every young Floridian has the chance to earn, learn, and succeed without being buried in student debt.\u201d<\/p>\n<p style=\"text-align: justify;\">The announcement of Donalds\u2019 policy initiative comes as part of his \u201cDefending the Florida Dream\u201d tour.<\/p>\n<p style=\"text-align: justify;\">Launched last week, he has held a series of events centered around an affordability agenda. He kicked the tour off with an event in The Villages focused on the rising cost of health care before heading to Melbourne for a roundtable on public safety.<\/p>\n<div id=\"flori-3265626584\" class=\"flori-content flori-entity-placement\">\n<div>\n<div class=\"dfad dfad_pos_1 dfad_first\" id=\"_ad_702883\"><a href=\"https:\/\/www.hklaw.com\/en\" target=\"_blank\" rel=\"noopener external noreferrer\" data-wpel-link=\"external\"><\/a><\/div>\n<\/div>\n<\/div>\n<p style=\"text-align: justify;\">Through the LaunchPad initiative, Donalds hopes to address an employment challenge in Florida head-on with a coordinated, statewide effort to align high schools, public colleges and employers with work-based learning programs designed around industry needs.<\/p>\n<p style=\"text-align: justify;\">The move comes as Florida\u2019s unemployment rate climbs to 4.5%, higher than the nation as a whole.<\/p>\n<p style=\"text-align: justify;\">Yet, Donalds\u2019 campaign noted, major industries in Florida still have growing demand for skilled workers, and in high-wage sectors like aerospace, construction, defense and manufacturing.<\/p>\n<p style=\"text-align: justify;\">\u201cLaunchPad will serve as a direct bridge between students and these opportunities, ensuring training programs are aligned with real job openings, not outdated government frameworks,\u201d the campaign announced.<\/p>\n<p style=\"text-align: justify;\">The goal is to make Florida the national lead in workforce readiness and technical education soon. It could also serve as an economic development tool to recruit new employers to the state and keep the state competitive.<\/p>\n<div id=\"flori-945346063\" class=\"flori-content_2 flori-entity-placement\">\n<div>\n<div class=\"dfad dfad_pos_1 dfad_first\" id=\"_ad_335062\"><a href=\"https:\/\/rubinturnbull.com\/\" data-wpel-link=\"external\" target=\"_blank\" rel=\"external noopener noreferrer\"><img loading=\"lazy\" decoding=\"async\" src=\"https:\/\/floridapolitics.com\/wp-content\/uploads\/2020\/05\/rt_webad_728x90.jpg\" alt=\"\" width=\"728\" height=\"90\" class=\"alignnone size-full wp-image-335063\"\/><\/a><\/div>\n<\/div>\n<\/div>\n<\/div>\n<p><br \/>\n<br \/><a href=\"https:\/\/floridapolitics.com\/archives\/790194-byron-donalds-workforce-launchpad\/\">Source link <\/a><\/p>","protected":false},"excerpt":{"rendered":"<p>Gubernatorial candidate Byron Donalds will announce a vision for an industry-driven workforce initiative. The Naples Republican will unveil the LaunchPad initiative during a campaign stop in Coconut Creek. He will recommend concrete steps to reduce bureaucracy, expand apprenticeships and connect employees with high-wage opportunities that don\u2019t require a college degree. \u201cFlorida students deserve a direct [&hellip;]<\/p>\n","protected":false},"author":1,"featured_media":106434,"comment_status":"closed","ping_status":"","sticky":false,"template":"","format":"standard","meta":{"googlesitekit_rrm_CAow2JLhCw:productID":"","_gspb_post_css":"","maa_idioma":"","maa_pais":"","footnotes":""},"categories":[1],"tags":[4284,18944,27939,27940,27941,23346],"class_list":["post-106433","post","type-post","status-publish","format-standard","has-post-thumbnail","hentry","category-ubirata","tag-announce","tag-byron","tag-donalds","tag-industryfocused","tag-initiative","tag-workforce"],"blocksy_meta":[],"yoast_head":"<!-- This site is optimized with the Yoast SEO Premium plugin v27.6 (Yoast SEO v27.6) - https:\/\/yoast.com\/product\/yoast-seo-premium-wordpress\/ -->\n<title>Byron Donalds to announce industry-focused workforce initiative - Ubirat\u00e3 Online Not\u00edcias - A realidade ao seu alcance!<\/title>\n<meta name=\"description\" content=\"Gubernatorial candidate Byron Donalds will announce a vision for an industry-driven workforce initiative. The Naples Republican will unveil the LaunchPad\" \/>\n<meta name=\"robots\" content=\"index, follow, max-snippet:-1, max-image-preview:large, max-video-preview:-1\" \/>\n<link rel=\"canonical\" href=\"https:\/\/ubirataonline.com.br\/en\/byron-donalds-to-announce-industry-focused-workforce-initiative\/\" \/>\n<meta property=\"og:locale\" content=\"en_US\" \/>\n<meta property=\"og:type\" content=\"article\" \/>\n<meta property=\"og:title\" content=\"Byron Donalds to announce industry-focused workforce initiative\" \/>\n<meta property=\"og:description\" content=\"Gubernatorial candidate Byron Donalds will announce a vision for an industry-driven workforce initiative. The Naples Republican will unveil the LaunchPad\" \/>\n<meta property=\"og:url\" content=\"https:\/\/ubirataonline.com.br\/en\/byron-donalds-to-announce-industry-focused-workforce-initiative\/\" \/>\n<meta property=\"og:site_name\" content=\"Ubirat\u00e3 Online Not\u00edcias - A realidade ao seu alcance!\" \/>\n<meta property=\"article:publisher\" content=\"https:\/\/www.facebook.com\/portalubirataonline\" \/>\n<meta property=\"article:author\" content=\"https:\/\/www.facebook.com\/portalubirataonline\" \/>\n<meta property=\"article:published_time\" content=\"2026-04-13T23:28:29+00:00\" \/>\n<meta property=\"article:modified_time\" content=\"2026-04-13T23:28:32+00:00\" \/>\n<meta property=\"og:image\" content=\"https:\/\/ubirataonline.com.br\/wp-content\/uploads\/2026\/04\/Byron-Donalds-to-announce-industry-focused-workforce-initiative.jpg\" \/>\n\t<meta property=\"og:image:width\" content=\"1600\" \/>\n\t<meta property=\"og:image:height\" content=\"899\" \/>\n\t<meta property=\"og:image:type\" content=\"image\/jpeg\" \/>\n<meta name=\"author\" content=\"REDA\u00c7\u00c3O: UBIRAT\u00c3 ONLINE - F\u00c1BIO AUGUSTO CELESTINO\" \/>\n<meta name=\"twitter:card\" content=\"summary_large_image\" \/>\n<meta name=\"twitter:creator\" content=\"@x.com\/ubirataonline\" \/>\n<meta name=\"twitter:site\" content=\"@ubirataonline\" \/>\n<meta name=\"twitter:label1\" content=\"Written by\" \/>\n\t<meta name=\"twitter:data1\" content=\"REDA\u00c7\u00c3O: UBIRAT\u00c3 ONLINE - F\u00c1BIO AUGUSTO CELESTINO\" \/>\n\t<meta name=\"twitter:label2\" content=\"Est. reading time\" \/>\n\t<meta name=\"twitter:data2\" content=\"2 minutes\" \/>\n<script type=\"application\/ld+json\" class=\"yoast-schema-graph\">{\"@context\":\"https:\\\/\\\/schema.org\",\"@graph\":[{\"@type\":\"NewsArticle\",\"@id\":\"https:\\\/\\\/ubirataonline.com.br\\\/byron-donalds-to-announce-industry-focused-workforce-initiative\\\/#article\",\"isPartOf\":{\"@id\":\"https:\\\/\\\/ubirataonline.com.br\\\/byron-donalds-to-announce-industry-focused-workforce-initiative\\\/\"},\"author\":{\"name\":\"REDA\u00c7\u00c3O: UBIRAT\u00c3 ONLINE - F\u00c1BIO AUGUSTO CELESTINO\",\"@id\":\"https:\\\/\\\/ubirataonline.com.br\\\/#\\\/schema\\\/person\\\/372f87bbd3fdd79b8556b84c98d0bc1c\"},\"headline\":\"Byron Donalds to announce industry-focused workforce initiative\",\"datePublished\":\"2026-04-13T23:28:29+00:00\",\"dateModified\":\"2026-04-13T23:28:32+00:00\",\"mainEntityOfPage\":{\"@id\":\"https:\\\/\\\/ubirataonline.com.br\\\/byron-donalds-to-announce-industry-focused-workforce-initiative\\\/\"},\"wordCount\":321,\"publisher\":{\"@id\":\"https:\\\/\\\/ubirataonline.com.br\\\/#organization\"},\"image\":{\"@id\":\"https:\\\/\\\/ubirataonline.com.br\\\/byron-donalds-to-announce-industry-focused-workforce-initiative\\\/#primaryimage\"},\"thumbnailUrl\":\"https:\\\/\\\/ubirataonline.com.br\\\/wp-content\\\/uploads\\\/2026\\\/04\\\/Byron-Donalds-to-announce-industry-focused-workforce-initiative.jpg\",\"keywords\":[\"announce\",\"Byron\",\"Donalds\",\"industryfocused\",\"initiative\",\"workforce\"],\"articleSection\":[\"Ubirat\u00e3\"],\"inLanguage\":\"en-US\",\"copyrightYear\":\"2026\",\"copyrightHolder\":{\"@id\":\"https:\\\/\\\/ubirataonline.com.br\\\/en\\\/#organization\"}},{\"@type\":\"WebPage\",\"@id\":\"https:\\\/\\\/ubirataonline.com.br\\\/byron-donalds-to-announce-industry-focused-workforce-initiative\\\/\",\"url\":\"https:\\\/\\\/ubirataonline.com.br\\\/byron-donalds-to-announce-industry-focused-workforce-initiative\\\/\",\"name\":\"Byron Donalds to announce industry-focused workforce initiative - Ubirat\u00e3 Online Not\u00edcias - A realidade ao seu alcance!\",\"isPartOf\":{\"@id\":\"https:\\\/\\\/ubirataonline.com.br\\\/#website\"},\"primaryImageOfPage\":{\"@id\":\"https:\\\/\\\/ubirataonline.com.br\\\/byron-donalds-to-announce-industry-focused-workforce-initiative\\\/#primaryimage\"},\"image\":{\"@id\":\"https:\\\/\\\/ubirataonline.com.br\\\/byron-donalds-to-announce-industry-focused-workforce-initiative\\\/#primaryimage\"},\"thumbnailUrl\":\"https:\\\/\\\/ubirataonline.com.br\\\/wp-content\\\/uploads\\\/2026\\\/04\\\/Byron-Donalds-to-announce-industry-focused-workforce-initiative.jpg\",\"datePublished\":\"2026-04-13T23:28:29+00:00\",\"dateModified\":\"2026-04-13T23:28:32+00:00\",\"description\":\"Gubernatorial candidate Byron Donalds will announce a vision for an industry-driven workforce initiative. The Naples Republican will unveil the LaunchPad\",\"breadcrumb\":{\"@id\":\"https:\\\/\\\/ubirataonline.com.br\\\/byron-donalds-to-announce-industry-focused-workforce-initiative\\\/#breadcrumb\"},\"inLanguage\":\"en-US\",\"potentialAction\":[{\"@type\":\"ReadAction\",\"target\":[\"https:\\\/\\\/ubirataonline.com.br\\\/byron-donalds-to-announce-industry-focused-workforce-initiative\\\/\"]}]},{\"@type\":\"ImageObject\",\"inLanguage\":\"en-US\",\"@id\":\"https:\\\/\\\/ubirataonline.com.br\\\/byron-donalds-to-announce-industry-focused-workforce-initiative\\\/#primaryimage\",\"url\":\"https:\\\/\\\/ubirataonline.com.br\\\/wp-content\\\/uploads\\\/2026\\\/04\\\/Byron-Donalds-to-announce-industry-focused-workforce-initiative.jpg\",\"contentUrl\":\"https:\\\/\\\/ubirataonline.com.br\\\/wp-content\\\/uploads\\\/2026\\\/04\\\/Byron-Donalds-to-announce-industry-focused-workforce-initiative.jpg\",\"width\":1600,\"height\":899,\"caption\":\"Byron Donalds to announce industry-focused workforce initiative\"},{\"@type\":\"BreadcrumbList\",\"@id\":\"https:\\\/\\\/ubirataonline.com.br\\\/byron-donalds-to-announce-industry-focused-workforce-initiative\\\/#breadcrumb\",\"itemListElement\":[{\"@type\":\"ListItem\",\"position\":1,\"name\":\"In\u00edcio\",\"item\":\"https:\\\/\\\/ubirataonline.com.br\\\/\"},{\"@type\":\"ListItem\",\"position\":2,\"name\":\"Byron Donalds to announce industry-focused workforce initiative\"}]},{\"@type\":\"WebSite\",\"@id\":\"https:\\\/\\\/ubirataonline.com.br\\\/#website\",\"url\":\"https:\\\/\\\/ubirataonline.com.br\\\/\",\"name\":\"Ubirat\u00e3 Online Not\u00edcias\",\"description\":\"Not\u00edcias de Ubirat\u00e3, regi\u00e3o, Brasil e mundo, com informa\u00e7\u00e3o atualizada e compromisso com o leitor.\",\"publisher\":{\"@id\":\"https:\\\/\\\/ubirataonline.com.br\\\/#organization\"},\"alternateName\":\"Ubirat\u00e3 Online\",\"potentialAction\":[{\"@type\":\"SearchAction\",\"target\":{\"@type\":\"EntryPoint\",\"urlTemplate\":\"https:\\\/\\\/ubirataonline.com.br\\\/?s={search_term_string}\"},\"query-input\":{\"@type\":\"PropertyValueSpecification\",\"valueRequired\":true,\"valueName\":\"search_term_string\"}}],\"inLanguage\":\"en-US\"},{\"@type\":[\"Organization\",\"Place\"],\"@id\":\"https:\\\/\\\/ubirataonline.com.br\\\/#organization\",\"name\":\"Ubirat\u00e3 Online Not\u00edcias\",\"alternateName\":\"Ubirat\u00e3 Online\",\"url\":\"https:\\\/\\\/ubirataonline.com.br\\\/\",\"logo\":{\"@id\":\"https:\\\/\\\/ubirataonline.com.br\\\/byron-donalds-to-announce-industry-focused-workforce-initiative\\\/#local-main-organization-logo\"},\"image\":{\"@id\":\"https:\\\/\\\/ubirataonline.com.br\\\/byron-donalds-to-announce-industry-focused-workforce-initiative\\\/#local-main-organization-logo\"},\"sameAs\":[\"https:\\\/\\\/www.facebook.com\\\/portalubirataonline\",\"https:\\\/\\\/x.com\\\/ubirataonline\",\"https:\\\/\\\/mastodon.social\\\/@ubirataonline\",\"https:\\\/\\\/www.facebook.com\\\/groups\\\/311144672285604\",\"https:\\\/\\\/www.facebook.com\\\/UBTAOnline\",\"https:\\\/\\\/www.instagram.com\\\/portalubirataonline\\\/\",\"https:\\\/\\\/twitter.com\\\/ubirataonline\"],\"description\":\"Somos um portal de not\u00edcias independente, criado em 5 de janeiro de 2009, com o objetivo de informar, conectar e valorizar a nossa comunidade de Ubirat\u00e3 e toda aregi\u00e3o. Com conte\u00fado atualizado, confi\u00e1vel e relevante, o Ubirat\u00e3 Online \u00e9 o seu espa\u00e7o para ficar por dentro dos principais acontecimentos locais, regionais, Brasil, Mundo e de interesse geral. Nosso compromisso \u00e9 com a verdade, a transpar\u00eancia e o respeito ao leitor.\",\"legalName\":\"UBIRATA ONLINE NOT\u00cdCIAS\",\"foundingDate\":\"2009-01-05\",\"numberOfEmployees\":{\"@type\":\"QuantitativeValue\",\"minValue\":\"1\",\"maxValue\":\"10\"},\"publishingPrinciples\":\"https:\\\/\\\/ubirataonline.com.br\\\/faq\\\/\",\"address\":{\"@id\":\"https:\\\/\\\/ubirataonline.com.br\\\/byron-donalds-to-announce-industry-focused-workforce-initiative\\\/#local-main-place-address\"},\"geo\":{\"@type\":\"GeoCoordinates\",\"latitude\":\"-24.5361401\",\"longitude\":\"-52.9921776\"},\"telephone\":[\"+5544998308235\"],\"contactPoint\":{\"@type\":\"ContactPoint\",\"email\":\"contato@ubirataonline.com.br\"},\"openingHoursSpecification\":{\"@type\":\"OpeningHoursSpecification\",\"dayOfWeek\":[\"Monday\",\"Tuesday\",\"Wednesday\",\"Thursday\",\"Friday\",\"Saturday\",\"Sunday\"],\"opens\":\"00:00\",\"closes\":\"23:59\"},\"email\":\"contato@ubirataonline.com.br\",\"vatID\":\"47.621.418\\\/0001-80\"},{\"@type\":\"Person\",\"@id\":\"https:\\\/\\\/ubirataonline.com.br\\\/#\\\/schema\\\/person\\\/372f87bbd3fdd79b8556b84c98d0bc1c\",\"name\":\"REDA\u00c7\u00c3O: UBIRAT\u00c3 ONLINE - F\u00c1BIO AUGUSTO CELESTINO\",\"pronouns\":\"Ele\",\"description\":\"Desde 2003 trabalhando com not\u00edcias.\",\"sameAs\":[\"http:\\\/\\\/ubirataoline.com.br\",\"https:\\\/\\\/www.facebook.com\\\/portalubirataonline\",\"https:\\\/\\\/www.instagram.com\\\/ubirataonline_oficial\",\"https:\\\/\\\/x.com\\\/x.com\\\/ubirataonline\"],\"honorificPrefix\":\"Mr.\",\"honorificSuffix\":\"MD\",\"birthDate\":\"1980-06-16\",\"gender\":\"masculino\",\"award\":[\"V\u00e1rios pr\u00eamios de melhor portal da cidade\"],\"jobTitle\":\"Diretor\",\"url\":\"https:\\\/\\\/ubirataonline.com.br\\\/en\\\/author\\\/ubirataonline\\\/\"},{\"@type\":\"PostalAddress\",\"@id\":\"https:\\\/\\\/ubirataonline.com.br\\\/byron-donalds-to-announce-industry-focused-workforce-initiative\\\/#local-main-place-address\",\"streetAddress\":\"Rua dos Coqueiros, 104 - Bairro Boa Vista, Rua dos Coqueiros, 104 Bairro Boa Vista\",\"addressLocality\":\"UBIRATA\",\"postalCode\":\"85440-000\",\"addressRegion\":\"PR\",\"addressCountry\":\"BR\"},{\"@type\":\"ImageObject\",\"inLanguage\":\"en-US\",\"@id\":\"https:\\\/\\\/ubirataonline.com.br\\\/byron-donalds-to-announce-industry-focused-workforce-initiative\\\/#local-main-organization-logo\",\"url\":\"https:\\\/\\\/ubirataonline.com.br\\\/wp-content\\\/uploads\\\/2026\\\/06\\\/logoubirataonline-1.webp\",\"contentUrl\":\"https:\\\/\\\/ubirataonline.com.br\\\/wp-content\\\/uploads\\\/2026\\\/06\\\/logoubirataonline-1.webp\",\"width\":500,\"height\":500,\"caption\":\"Ubirat\u00e3 Online Not\u00edcias\"}]}<\/script>\n<meta name=\"geo.placename\" content=\"UBIRATA\" \/>\n<meta name=\"geo.position\" content=\"-24.5361401;-52.9921776\" \/>\n<meta name=\"geo.region\" content=\"Brazil\" \/>\n<!-- \/ Yoast SEO Premium plugin. -->","yoast_head_json":{"title":"Byron Donalds to announce industry-focused workforce initiative - Ubirat\u00e3 Online Not\u00edcias - A realidade ao seu alcance!","description":"Gubernatorial candidate Byron Donalds will announce a vision for an industry-driven workforce initiative. The Naples Republican will unveil the LaunchPad","robots":{"index":"index","follow":"follow","max-snippet":"max-snippet:-1","max-image-preview":"max-image-preview:large","max-video-preview":"max-video-preview:-1"},"canonical":"https:\/\/ubirataonline.com.br\/en\/byron-donalds-to-announce-industry-focused-workforce-initiative\/","og_locale":"en_US","og_type":"article","og_title":"Byron Donalds to announce industry-focused workforce initiative","og_description":"Gubernatorial candidate Byron Donalds will announce a vision for an industry-driven workforce initiative. The Naples Republican will unveil the LaunchPad","og_url":"https:\/\/ubirataonline.com.br\/en\/byron-donalds-to-announce-industry-focused-workforce-initiative\/","og_site_name":"Ubirat\u00e3 Online Not\u00edcias - A realidade ao seu alcance!","article_publisher":"https:\/\/www.facebook.com\/portalubirataonline","article_author":"https:\/\/www.facebook.com\/portalubirataonline","article_published_time":"2026-04-13T23:28:29+00:00","article_modified_time":"2026-04-13T23:28:32+00:00","og_image":[{"width":1600,"height":899,"url":"https:\/\/ubirataonline.com.br\/wp-content\/uploads\/2026\/04\/Byron-Donalds-to-announce-industry-focused-workforce-initiative.jpg","type":"image\/jpeg"}],"author":"REDA\u00c7\u00c3O: UBIRAT\u00c3 ONLINE - F\u00c1BIO AUGUSTO CELESTINO","twitter_card":"summary_large_image","twitter_creator":"@x.com\/ubirataonline","twitter_site":"@ubirataonline","twitter_misc":{"Written by":"REDA\u00c7\u00c3O: UBIRAT\u00c3 ONLINE - F\u00c1BIO AUGUSTO CELESTINO","Est. reading time":"2 minutes"},"schema":{"@context":"https:\/\/schema.org","@graph":[{"@type":"NewsArticle","@id":"https:\/\/ubirataonline.com.br\/byron-donalds-to-announce-industry-focused-workforce-initiative\/#article","isPartOf":{"@id":"https:\/\/ubirataonline.com.br\/byron-donalds-to-announce-industry-focused-workforce-initiative\/"},"author":{"name":"REDA\u00c7\u00c3O: UBIRAT\u00c3 ONLINE - F\u00c1BIO AUGUSTO CELESTINO","@id":"https:\/\/ubirataonline.com.br\/#\/schema\/person\/372f87bbd3fdd79b8556b84c98d0bc1c"},"headline":"Byron Donalds to announce industry-focused workforce initiative","datePublished":"2026-04-13T23:28:29+00:00","dateModified":"2026-04-13T23:28:32+00:00","mainEntityOfPage":{"@id":"https:\/\/ubirataonline.com.br\/byron-donalds-to-announce-industry-focused-workforce-initiative\/"},"wordCount":321,"publisher":{"@id":"https:\/\/ubirataonline.com.br\/#organization"},"image":{"@id":"https:\/\/ubirataonline.com.br\/byron-donalds-to-announce-industry-focused-workforce-initiative\/#primaryimage"},"thumbnailUrl":"https:\/\/ubirataonline.com.br\/wp-content\/uploads\/2026\/04\/Byron-Donalds-to-announce-industry-focused-workforce-initiative.jpg","keywords":["announce","Byron","Donalds","industryfocused","initiative","workforce"],"articleSection":["Ubirat\u00e3"],"inLanguage":"en-US","copyrightYear":"2026","copyrightHolder":{"@id":"https:\/\/ubirataonline.com.br\/en\/#organization"}},{"@type":"WebPage","@id":"https:\/\/ubirataonline.com.br\/byron-donalds-to-announce-industry-focused-workforce-initiative\/","url":"https:\/\/ubirataonline.com.br\/byron-donalds-to-announce-industry-focused-workforce-initiative\/","name":"Byron Donalds to announce industry-focused workforce initiative - Ubirat\u00e3 Online Not\u00edcias - A realidade ao seu alcance!","isPartOf":{"@id":"https:\/\/ubirataonline.com.br\/#website"},"primaryImageOfPage":{"@id":"https:\/\/ubirataonline.com.br\/byron-donalds-to-announce-industry-focused-workforce-initiative\/#primaryimage"},"image":{"@id":"https:\/\/ubirataonline.com.br\/byron-donalds-to-announce-industry-focused-workforce-initiative\/#primaryimage"},"thumbnailUrl":"https:\/\/ubirataonline.com.br\/wp-content\/uploads\/2026\/04\/Byron-Donalds-to-announce-industry-focused-workforce-initiative.jpg","datePublished":"2026-04-13T23:28:29+00:00","dateModified":"2026-04-13T23:28:32+00:00","description":"Gubernatorial candidate Byron Donalds will announce a vision for an industry-driven workforce initiative. The Naples Republican will unveil the LaunchPad","breadcrumb":{"@id":"https:\/\/ubirataonline.com.br\/byron-donalds-to-announce-industry-focused-workforce-initiative\/#breadcrumb"},"inLanguage":"en-US","potentialAction":[{"@type":"ReadAction","target":["https:\/\/ubirataonline.com.br\/byron-donalds-to-announce-industry-focused-workforce-initiative\/"]}]},{"@type":"ImageObject","inLanguage":"en-US","@id":"https:\/\/ubirataonline.com.br\/byron-donalds-to-announce-industry-focused-workforce-initiative\/#primaryimage","url":"https:\/\/ubirataonline.com.br\/wp-content\/uploads\/2026\/04\/Byron-Donalds-to-announce-industry-focused-workforce-initiative.jpg","contentUrl":"https:\/\/ubirataonline.com.br\/wp-content\/uploads\/2026\/04\/Byron-Donalds-to-announce-industry-focused-workforce-initiative.jpg","width":1600,"height":899,"caption":"Byron Donalds to announce industry-focused workforce initiative"},{"@type":"BreadcrumbList","@id":"https:\/\/ubirataonline.com.br\/byron-donalds-to-announce-industry-focused-workforce-initiative\/#breadcrumb","itemListElement":[{"@type":"ListItem","position":1,"name":"In\u00edcio","item":"https:\/\/ubirataonline.com.br\/"},{"@type":"ListItem","position":2,"name":"Byron Donalds to announce industry-focused workforce initiative"}]},{"@type":"WebSite","@id":"https:\/\/ubirataonline.com.br\/#website","url":"https:\/\/ubirataonline.com.br\/","name":"Ubirat\u00e3 Online Not\u00edcias","description":"Not\u00edcias de Ubirat\u00e3, regi\u00e3o, Brasil e mundo, com informa\u00e7\u00e3o atualizada e compromisso com o leitor.","publisher":{"@id":"https:\/\/ubirataonline.com.br\/#organization"},"alternateName":"Ubirat\u00e3 Online","potentialAction":[{"@type":"SearchAction","target":{"@type":"EntryPoint","urlTemplate":"https:\/\/ubirataonline.com.br\/?s={search_term_string}"},"query-input":{"@type":"PropertyValueSpecification","valueRequired":true,"valueName":"search_term_string"}}],"inLanguage":"en-US"},{"@type":["Organization","Place"],"@id":"https:\/\/ubirataonline.com.br\/#organization","name":"Ubirat\u00e3 Online Not\u00edcias","alternateName":"Ubirat\u00e3 Online","url":"https:\/\/ubirataonline.com.br\/","logo":{"@id":"https:\/\/ubirataonline.com.br\/byron-donalds-to-announce-industry-focused-workforce-initiative\/#local-main-organization-logo"},"image":{"@id":"https:\/\/ubirataonline.com.br\/byron-donalds-to-announce-industry-focused-workforce-initiative\/#local-main-organization-logo"},"sameAs":["https:\/\/www.facebook.com\/portalubirataonline","https:\/\/x.com\/ubirataonline","https:\/\/mastodon.social\/@ubirataonline","https:\/\/www.facebook.com\/groups\/311144672285604","https:\/\/www.facebook.com\/UBTAOnline","https:\/\/www.instagram.com\/portalubirataonline\/","https:\/\/twitter.com\/ubirataonline"],"description":"Somos um portal de not\u00edcias independente, criado em 5 de janeiro de 2009, com o objetivo de informar, conectar e valorizar a nossa comunidade de Ubirat\u00e3 e toda aregi\u00e3o. Com conte\u00fado atualizado, confi\u00e1vel e relevante, o Ubirat\u00e3 Online \u00e9 o seu espa\u00e7o para ficar por dentro dos principais acontecimentos locais, regionais, Brasil, Mundo e de interesse geral. Nosso compromisso \u00e9 com a verdade, a transpar\u00eancia e o respeito ao leitor.","legalName":"UBIRATA ONLINE NOT\u00cdCIAS","foundingDate":"2009-01-05","numberOfEmployees":{"@type":"QuantitativeValue","minValue":"1","maxValue":"10"},"publishingPrinciples":"https:\/\/ubirataonline.com.br\/faq\/","address":{"@id":"https:\/\/ubirataonline.com.br\/byron-donalds-to-announce-industry-focused-workforce-initiative\/#local-main-place-address"},"geo":{"@type":"GeoCoordinates","latitude":"-24.5361401","longitude":"-52.9921776"},"telephone":["+5544998308235"],"contactPoint":{"@type":"ContactPoint","email":"contato@ubirataonline.com.br"},"openingHoursSpecification":{"@type":"OpeningHoursSpecification","dayOfWeek":["Monday","Tuesday","Wednesday","Thursday","Friday","Saturday","Sunday"],"opens":"00:00","closes":"23:59"},"email":"contato@ubirataonline.com.br","vatID":"47.621.418\/0001-80"},{"@type":"Person","@id":"https:\/\/ubirataonline.com.br\/#\/schema\/person\/372f87bbd3fdd79b8556b84c98d0bc1c","name":"REDA\u00c7\u00c3O: UBIRAT\u00c3 ONLINE - F\u00c1BIO AUGUSTO CELESTINO","pronouns":"Ele","description":"Desde 2003 trabalhando com not\u00edcias.","sameAs":["http:\/\/ubirataoline.com.br","https:\/\/www.facebook.com\/portalubirataonline","https:\/\/www.instagram.com\/ubirataonline_oficial","https:\/\/x.com\/x.com\/ubirataonline"],"honorificPrefix":"Mr.","honorificSuffix":"MD","birthDate":"1980-06-16","gender":"masculino","award":["V\u00e1rios pr\u00eamios de melhor portal da cidade"],"jobTitle":"Diretor","url":"https:\/\/ubirataonline.com.br\/en\/author\/ubirataonline\/"},{"@type":"PostalAddress","@id":"https:\/\/ubirataonline.com.br\/byron-donalds-to-announce-industry-focused-workforce-initiative\/#local-main-place-address","streetAddress":"Rua dos Coqueiros, 104 - Bairro Boa Vista, Rua dos Coqueiros, 104 Bairro Boa Vista","addressLocality":"UBIRATA","postalCode":"85440-000","addressRegion":"PR","addressCountry":"BR"},{"@type":"ImageObject","inLanguage":"en-US","@id":"https:\/\/ubirataonline.com.br\/byron-donalds-to-announce-industry-focused-workforce-initiative\/#local-main-organization-logo","url":"https:\/\/ubirataonline.com.br\/wp-content\/uploads\/2026\/06\/logoubirataonline-1.webp","contentUrl":"https:\/\/ubirataonline.com.br\/wp-content\/uploads\/2026\/06\/logoubirataonline-1.webp","width":500,"height":500,"caption":"Ubirat\u00e3 Online Not\u00edcias"}]},"geo.placename":"UBIRATA","geo.position":{"lat":"-24.5361401","long":"-52.9921776"},"geo.region":"Brazil"},"_links":{"self":[{"href":"https:\/\/ubirataonline.com.br\/en\/wp-json\/wp\/v2\/posts\/106433","targetHints":{"allow":["GET"]}}],"collection":[{"href":"https:\/\/ubirataonline.com.br\/en\/wp-json\/wp\/v2\/posts"}],"about":[{"href":"https:\/\/ubirataonline.com.br\/en\/wp-json\/wp\/v2\/types\/post"}],"author":[{"embeddable":true,"href":"https:\/\/ubirataonline.com.br\/en\/wp-json\/wp\/v2\/users\/1"}],"replies":[{"embeddable":true,"href":"https:\/\/ubirataonline.com.br\/en\/wp-json\/wp\/v2\/comments?post=106433"}],"version-history":[{"count":0,"href":"https:\/\/ubirataonline.com.br\/en\/wp-json\/wp\/v2\/posts\/106433\/revisions"}],"wp:featuredmedia":[{"embeddable":true,"href":"https:\/\/ubirataonline.com.br\/en\/wp-json\/wp\/v2\/media\/106434"}],"wp:attachment":[{"href":"https:\/\/ubirataonline.com.br\/en\/wp-json\/wp\/v2\/media?parent=106433"}],"wp:term":[{"taxonomy":"category","embeddable":true,"href":"https:\/\/ubirataonline.com.br\/en\/wp-json\/wp\/v2\/categories?post=106433"},{"taxonomy":"post_tag","embeddable":true,"href":"https:\/\/ubirataonline.com.br\/en\/wp-json\/wp\/v2\/tags?post=106433"}],"curies":[{"name":"wp","href":"https:\/\/api.w.org\/{rel}","templated":true}]}}