{"id":106483,"date":"2026-04-13T21:33:29","date_gmt":"2026-04-14T00:33:29","guid":{"rendered":"https:\/\/ubirataonline.com.br\/domenica-montero-traz-historia-conhecida-do-publico-do-sbt-em-nova-embalagem-%c2%b7-noticias-da-tv\/"},"modified":"2026-04-13T21:33:40","modified_gmt":"2026-04-14T00:33:40","slug":"domenica-montero-traz-historia-conhecida-do-publico-do-sbt-em-nova-embalagem-%c2%b7-noticias-da-tv","status":"publish","type":"post","link":"https:\/\/ubirataonline.com.br\/en\/domenica-montero-traz-historia-conhecida-do-publico-do-sbt-em-nova-embalagem-%c2%b7-noticias-da-tv\/","title":{"rendered":"Dom\u00eanica Montero traz hist\u00f3ria conhecida do p\u00fablico do SBT em nova embalagem \u00b7 Not\u00edcias da TV"},"content":{"rendered":"<p><\/p>\n<div><!-- includes\/videoinarticle(6 --><!-- \/includes\/videoinarticle --><\/p>\n<p>Nesta segunda-feira (13), o <a href=\"https:\/\/noticiasdatv.uol.com.br\/tudo-sobre\/sbt\" rel=\"noopener\" target=\"_blank\">SBT<\/a> d\u00e1 in\u00edcio \u00e0 exibi\u00e7\u00e3o de Dom\u00eanica Montero. A novela produzida pela TelevisaUnivision em 2025 \u00e9 a mais nova aposta da emissora para turbinar a audi\u00eancia do hor\u00e1rio nobre. Dois elementos contribuem para que a trama inspire tal confian\u00e7a: o enredo conhecido do p\u00fablico e a presen\u00e7a de Angelique Boyer.<\/p>\n<p>Dom\u00eanica Montero \u00e9 inspirada na radionovela cubana La Do\u00f1a, de In\u00e9s Rodena (1905-1985), que tamb\u00e9m deu origem \u00e0 brasileira Amor e \u00d3dio (2001), realizada pelo SBT, e \u00e0 mexicana Soy Tu Due\u00f1a (2010), transmitida pela emissora das irm\u00e3s Abravanel em tr\u00eas ocasi\u00f5es.<\/p>\n<p>&#8220;Dom\u00eanica Montero retoma a narrativa original. Amor e \u00d3dio e A Dona foram baseadas numa adapta\u00e7\u00e3o de 1995. Como a hist\u00f3ria j\u00e1 estava saturada, acrescentaram novidades. Al\u00e9m disso, \u00e9 uma obra de apenas 50 cap\u00edtulos, ent\u00e3o o desenrolar \u00e9 muito mais \u00e1gil&#8221;, pontua Thiago Fernandes, criador e apresentador do canal do YouTube <a href=\"https:\/\/www.youtube.com\/@almanaquelatino\" rel=\"noopener\" target=\"_blank\">Almanaque Latino<\/a>, dedicado \u00e0 dramaturgia latino-americana.<\/p>\n<p>\u00c0 frente do enredo est\u00e1 a protagonista vivida por Angelique Boyer, estrela de Teresa (2010), Abismo de Paix\u00e3o (2012), O Que a Vida me Roubou (2013), entre outras. Abandonada no altar pelo noivo golpista, Max (Diego Amozurrutia), em um golpe articulado por sua prima, Kiara (Scarlet Gruber), Dom\u00eanica se refugia no campo.<\/p>\n<p>Ela precisa enfrentar o capataz Genaro (Brandon Peniche), que agia como propriet\u00e1rio da fazenda dos Montero at\u00e9 a chegada da verdadeira dona. Dom\u00eanica tamb\u00e9m se op\u00f5e ao vizinho Lu\u00eds Fernando (Marcus Ornellas), tentando resistir \u00e0 atra\u00e7\u00e3o quase imediata que surge entre os dois.<\/p>\n<p>A releitura foi lan\u00e7ada, a princ\u00edpio, nos Estados Unidos pela Univision. &#8220;Revisitar um cl\u00e1ssico com a presen\u00e7a de Angelique Boyer encarnando uma personagem t\u00e3o popular foi um grande chamariz! Quando a novela chegou ao M\u00e9xico, via Televisa, j\u00e1 estava na reta final nos EUA e tamb\u00e9m dispon\u00edvel no ViX [streaming do grupo TelevisaUnivision]. Mesmo assim, a audi\u00eancia n\u00e3o foi prejudicada&#8221;, destaca Fernandes.<\/p>\n<p>No SBT, a expectativa \u00e9 de que Dom\u00eanica Montero possa resgatar a audi\u00eancia perdida ap\u00f3s o t\u00e9rmino de As Filhas da Senhora Garcia (2024). A trama chegou ao fim com 3,9 pontos de m\u00e9dia geral. A.mar (2025) e Presente de Amor (2025) registraram 3,0 e 2,7 pontos, respectivamente.<\/p>\n<p>&#8220;A crise no SBT \u00e9 t\u00e3o aguda que n\u00e3o d\u00e1 para se dar ao luxo de apostar em folhetins de menor apelo. A emissora tamb\u00e9m investiu pouco na divulga\u00e7\u00e3o das novelas que vieram depois de As Filhas da Senhora Garcia e em chamadas de relan\u00e7amentos. O p\u00fablico n\u00e3o encontrou, nem redescobriu tais t\u00edtulos&#8221;, analisa Thiago Fernandes.<\/p>\n<\/div>\n<p><a href=\"https:\/\/noticiasdatv.uol.com.br\/noticia\/novelas\/domenica-montero-traz-historia-conhecida-do-publico-do-sbt-em-nova-embalagem-149831\">Fonte do Artigo <\/a><\/p>\n","protected":false},"excerpt":{"rendered":"<p>Nesta segunda-feira (13), o SBT d\u00e1 in\u00edcio \u00e0 exibi\u00e7\u00e3o de Dom\u00eanica Montero. A novela produzida pela TelevisaUnivision em 2025 \u00e9 a mais nova aposta da emissora para turbinar a audi\u00eancia do hor\u00e1rio nobre. Dois elementos contribuem para que a trama inspire tal confian\u00e7a: o enredo conhecido do p\u00fablico e a presen\u00e7a de Angelique Boyer. Dom\u00eanica [&hellip;]<\/p>\n","protected":false},"author":1,"featured_media":106484,"comment_status":"closed","ping_status":"","sticky":false,"template":"","format":"standard","meta":{"googlesitekit_rrm_CAow2JLhCw:productID":"","_gspb_post_css":"","maa_idioma":"","maa_pais":"","footnotes":""},"categories":[4],"tags":[10442,27957,15205,2998,27958,1783,3679,3439,1642,16252],"class_list":["post-106483","post","type-post","status-publish","format-standard","has-post-thumbnail","hentry","category-brasil","tag-conhecida","tag-domenica","tag-embalagem","tag-historia","tag-montero","tag-noticias","tag-nova","tag-publico","tag-sbt","tag-traz"],"blocksy_meta":[],"yoast_head":"<!-- This site is optimized with the Yoast SEO Premium plugin v27.6 (Yoast SEO v27.6) - https:\/\/yoast.com\/product\/yoast-seo-premium-wordpress\/ -->\n<title>Dom\u00eanica Montero traz hist\u00f3ria conhecida do p\u00fablico do SBT em nova embalagem \u00b7 Not\u00edcias da TV - Ubirat\u00e3 Online Not\u00edcias - A realidade ao seu alcance!<\/title>\n<meta name=\"description\" content=\"Nesta segunda-feira (13), o SBT d\u00e1 in\u00edcio \u00e0 exibi\u00e7\u00e3o de Dom\u00eanica Montero. A novela produzida pela TelevisaUnivision em 2025 \u00e9 a mais nova aposta da\" \/>\n<meta name=\"robots\" content=\"index, follow, max-snippet:-1, max-image-preview:large, max-video-preview:-1\" \/>\n<link rel=\"canonical\" href=\"https:\/\/ubirataonline.com.br\/en\/domenica-montero-traz-historia-conhecida-do-publico-do-sbt-em-nova-embalagem-\u00b7-noticias-da-tv\/\" \/>\n<meta property=\"og:locale\" content=\"en_US\" \/>\n<meta property=\"og:type\" content=\"article\" \/>\n<meta property=\"og:title\" content=\"Dom\u00eanica Montero traz hist\u00f3ria conhecida do p\u00fablico do SBT em nova embalagem \u00b7 Not\u00edcias da TV\" \/>\n<meta property=\"og:description\" content=\"Nesta segunda-feira (13), o SBT d\u00e1 in\u00edcio \u00e0 exibi\u00e7\u00e3o de Dom\u00eanica Montero. A novela produzida pela TelevisaUnivision em 2025 \u00e9 a mais nova aposta da\" \/>\n<meta property=\"og:url\" content=\"https:\/\/ubirataonline.com.br\/en\/domenica-montero-traz-historia-conhecida-do-publico-do-sbt-em-nova-embalagem-\u00b7-noticias-da-tv\/\" \/>\n<meta property=\"og:site_name\" content=\"Ubirat\u00e3 Online Not\u00edcias - A realidade ao seu alcance!\" \/>\n<meta property=\"article:publisher\" content=\"https:\/\/www.facebook.com\/portalubirataonline\" \/>\n<meta property=\"article:author\" content=\"https:\/\/www.facebook.com\/portalubirataonline\" \/>\n<meta property=\"article:published_time\" content=\"2026-04-14T00:33:29+00:00\" \/>\n<meta property=\"article:modified_time\" content=\"2026-04-14T00:33:40+00:00\" \/>\n<meta property=\"og:image\" content=\"https:\/\/ubirataonline.com.br\/wp-content\/uploads\/2026\/04\/Domenica-Montero-traz-historia-conhecida-do-publico-do-SBT-em.png\" \/>\n\t<meta property=\"og:image:width\" content=\"1360\" \/>\n\t<meta property=\"og:image:height\" content=\"850\" \/>\n\t<meta property=\"og:image:type\" content=\"image\/png\" \/>\n<meta name=\"author\" content=\"REDA\u00c7\u00c3O: UBIRAT\u00c3 ONLINE - F\u00c1BIO AUGUSTO CELESTINO\" \/>\n<meta name=\"twitter:card\" content=\"summary_large_image\" \/>\n<meta name=\"twitter:creator\" content=\"@x.com\/ubirataonline\" \/>\n<meta name=\"twitter:site\" content=\"@ubirataonline\" \/>\n<meta name=\"twitter:label1\" content=\"Written by\" \/>\n\t<meta name=\"twitter:data1\" content=\"REDA\u00c7\u00c3O: UBIRAT\u00c3 ONLINE - F\u00c1BIO AUGUSTO CELESTINO\" \/>\n\t<meta name=\"twitter:label2\" content=\"Est. reading time\" \/>\n\t<meta name=\"twitter:data2\" content=\"2 minutes\" \/>\n<script type=\"application\/ld+json\" class=\"yoast-schema-graph\">{\"@context\":\"https:\\\/\\\/schema.org\",\"@graph\":[{\"@type\":\"NewsArticle\",\"@id\":\"https:\\\/\\\/ubirataonline.com.br\\\/domenica-montero-traz-historia-conhecida-do-publico-do-sbt-em-nova-embalagem-%c2%b7-noticias-da-tv\\\/#article\",\"isPartOf\":{\"@id\":\"https:\\\/\\\/ubirataonline.com.br\\\/domenica-montero-traz-historia-conhecida-do-publico-do-sbt-em-nova-embalagem-%c2%b7-noticias-da-tv\\\/\"},\"author\":{\"name\":\"REDA\u00c7\u00c3O: UBIRAT\u00c3 ONLINE - F\u00c1BIO AUGUSTO CELESTINO\",\"@id\":\"https:\\\/\\\/ubirataonline.com.br\\\/#\\\/schema\\\/person\\\/372f87bbd3fdd79b8556b84c98d0bc1c\"},\"headline\":\"Dom\u00eanica Montero traz hist\u00f3ria conhecida do p\u00fablico do SBT em nova embalagem \u00b7 Not\u00edcias da TV\",\"datePublished\":\"2026-04-14T00:33:29+00:00\",\"dateModified\":\"2026-04-14T00:33:40+00:00\",\"mainEntityOfPage\":{\"@id\":\"https:\\\/\\\/ubirataonline.com.br\\\/domenica-montero-traz-historia-conhecida-do-publico-do-sbt-em-nova-embalagem-%c2%b7-noticias-da-tv\\\/\"},\"wordCount\":464,\"publisher\":{\"@id\":\"https:\\\/\\\/ubirataonline.com.br\\\/#organization\"},\"image\":{\"@id\":\"https:\\\/\\\/ubirataonline.com.br\\\/domenica-montero-traz-historia-conhecida-do-publico-do-sbt-em-nova-embalagem-%c2%b7-noticias-da-tv\\\/#primaryimage\"},\"thumbnailUrl\":\"https:\\\/\\\/ubirataonline.com.br\\\/wp-content\\\/uploads\\\/2026\\\/04\\\/Domenica-Montero-traz-historia-conhecida-do-publico-do-SBT-em.png\",\"keywords\":[\"conhecida\",\"Dom\u00eanica\",\"embalagem\",\"Hist\u00f3ria\",\"Montero\",\"NOT\u00cdCIAS\",\"Nova\",\"P\u00fablico\",\"SBT\",\"traz\"],\"articleSection\":[\"Brasil\"],\"inLanguage\":\"en-US\",\"copyrightYear\":\"2026\",\"copyrightHolder\":{\"@id\":\"https:\\\/\\\/ubirataonline.com.br\\\/en\\\/#organization\"}},{\"@type\":\"WebPage\",\"@id\":\"https:\\\/\\\/ubirataonline.com.br\\\/domenica-montero-traz-historia-conhecida-do-publico-do-sbt-em-nova-embalagem-%c2%b7-noticias-da-tv\\\/\",\"url\":\"https:\\\/\\\/ubirataonline.com.br\\\/domenica-montero-traz-historia-conhecida-do-publico-do-sbt-em-nova-embalagem-%c2%b7-noticias-da-tv\\\/\",\"name\":\"Dom\u00eanica Montero traz hist\u00f3ria conhecida do p\u00fablico do SBT em nova embalagem \u00b7 Not\u00edcias da TV - Ubirat\u00e3 Online Not\u00edcias - A realidade ao seu alcance!\",\"isPartOf\":{\"@id\":\"https:\\\/\\\/ubirataonline.com.br\\\/#website\"},\"primaryImageOfPage\":{\"@id\":\"https:\\\/\\\/ubirataonline.com.br\\\/domenica-montero-traz-historia-conhecida-do-publico-do-sbt-em-nova-embalagem-%c2%b7-noticias-da-tv\\\/#primaryimage\"},\"image\":{\"@id\":\"https:\\\/\\\/ubirataonline.com.br\\\/domenica-montero-traz-historia-conhecida-do-publico-do-sbt-em-nova-embalagem-%c2%b7-noticias-da-tv\\\/#primaryimage\"},\"thumbnailUrl\":\"https:\\\/\\\/ubirataonline.com.br\\\/wp-content\\\/uploads\\\/2026\\\/04\\\/Domenica-Montero-traz-historia-conhecida-do-publico-do-SBT-em.png\",\"datePublished\":\"2026-04-14T00:33:29+00:00\",\"dateModified\":\"2026-04-14T00:33:40+00:00\",\"description\":\"Nesta segunda-feira (13), o SBT d\u00e1 in\u00edcio \u00e0 exibi\u00e7\u00e3o de Dom\u00eanica Montero. A novela produzida pela TelevisaUnivision em 2025 \u00e9 a mais nova aposta da\",\"breadcrumb\":{\"@id\":\"https:\\\/\\\/ubirataonline.com.br\\\/domenica-montero-traz-historia-conhecida-do-publico-do-sbt-em-nova-embalagem-%c2%b7-noticias-da-tv\\\/#breadcrumb\"},\"inLanguage\":\"en-US\",\"potentialAction\":[{\"@type\":\"ReadAction\",\"target\":[\"https:\\\/\\\/ubirataonline.com.br\\\/domenica-montero-traz-historia-conhecida-do-publico-do-sbt-em-nova-embalagem-%c2%b7-noticias-da-tv\\\/\"]}]},{\"@type\":\"ImageObject\",\"inLanguage\":\"en-US\",\"@id\":\"https:\\\/\\\/ubirataonline.com.br\\\/domenica-montero-traz-historia-conhecida-do-publico-do-sbt-em-nova-embalagem-%c2%b7-noticias-da-tv\\\/#primaryimage\",\"url\":\"https:\\\/\\\/ubirataonline.com.br\\\/wp-content\\\/uploads\\\/2026\\\/04\\\/Domenica-Montero-traz-historia-conhecida-do-publico-do-SBT-em.png\",\"contentUrl\":\"https:\\\/\\\/ubirataonline.com.br\\\/wp-content\\\/uploads\\\/2026\\\/04\\\/Domenica-Montero-traz-historia-conhecida-do-publico-do-SBT-em.png\",\"width\":1360,\"height\":850,\"caption\":\"Dom\u00eanica Montero traz hist\u00f3ria conhecida do p\u00fablico do SBT em nova embalagem \u00b7 Not\u00edcias da TV\"},{\"@type\":\"BreadcrumbList\",\"@id\":\"https:\\\/\\\/ubirataonline.com.br\\\/domenica-montero-traz-historia-conhecida-do-publico-do-sbt-em-nova-embalagem-%c2%b7-noticias-da-tv\\\/#breadcrumb\",\"itemListElement\":[{\"@type\":\"ListItem\",\"position\":1,\"name\":\"In\u00edcio\",\"item\":\"https:\\\/\\\/ubirataonline.com.br\\\/\"},{\"@type\":\"ListItem\",\"position\":2,\"name\":\"Dom\u00eanica Montero traz hist\u00f3ria conhecida do p\u00fablico do SBT em nova embalagem \u00b7 Not\u00edcias da TV\"}]},{\"@type\":\"WebSite\",\"@id\":\"https:\\\/\\\/ubirataonline.com.br\\\/#website\",\"url\":\"https:\\\/\\\/ubirataonline.com.br\\\/\",\"name\":\"Ubirat\u00e3 Online Not\u00edcias\",\"description\":\"Not\u00edcias de Ubirat\u00e3, regi\u00e3o, Brasil e mundo, com informa\u00e7\u00e3o atualizada e compromisso com o leitor.\",\"publisher\":{\"@id\":\"https:\\\/\\\/ubirataonline.com.br\\\/#organization\"},\"alternateName\":\"Ubirat\u00e3 Online\",\"potentialAction\":[{\"@type\":\"SearchAction\",\"target\":{\"@type\":\"EntryPoint\",\"urlTemplate\":\"https:\\\/\\\/ubirataonline.com.br\\\/?s={search_term_string}\"},\"query-input\":{\"@type\":\"PropertyValueSpecification\",\"valueRequired\":true,\"valueName\":\"search_term_string\"}}],\"inLanguage\":\"en-US\"},{\"@type\":[\"Organization\",\"Place\"],\"@id\":\"https:\\\/\\\/ubirataonline.com.br\\\/#organization\",\"name\":\"Ubirat\u00e3 Online Not\u00edcias\",\"alternateName\":\"Ubirat\u00e3 Online\",\"url\":\"https:\\\/\\\/ubirataonline.com.br\\\/\",\"logo\":{\"@id\":\"https:\\\/\\\/ubirataonline.com.br\\\/domenica-montero-traz-historia-conhecida-do-publico-do-sbt-em-nova-embalagem-%c2%b7-noticias-da-tv\\\/#local-main-organization-logo\"},\"image\":{\"@id\":\"https:\\\/\\\/ubirataonline.com.br\\\/domenica-montero-traz-historia-conhecida-do-publico-do-sbt-em-nova-embalagem-%c2%b7-noticias-da-tv\\\/#local-main-organization-logo\"},\"sameAs\":[\"https:\\\/\\\/www.facebook.com\\\/portalubirataonline\",\"https:\\\/\\\/x.com\\\/ubirataonline\",\"https:\\\/\\\/mastodon.social\\\/@ubirataonline\",\"https:\\\/\\\/www.facebook.com\\\/groups\\\/311144672285604\",\"https:\\\/\\\/www.facebook.com\\\/UBTAOnline\",\"https:\\\/\\\/www.instagram.com\\\/portalubirataonline\\\/\",\"https:\\\/\\\/twitter.com\\\/ubirataonline\"],\"description\":\"Somos um portal de not\u00edcias independente, criado em 5 de janeiro de 2009, com o objetivo de informar, conectar e valorizar a nossa comunidade de Ubirat\u00e3 e toda aregi\u00e3o. Com conte\u00fado atualizado, confi\u00e1vel e relevante, o Ubirat\u00e3 Online \u00e9 o seu espa\u00e7o para ficar por dentro dos principais acontecimentos locais, regionais, Brasil, Mundo e de interesse geral. Nosso compromisso \u00e9 com a verdade, a transpar\u00eancia e o respeito ao leitor.\",\"legalName\":\"UBIRATA ONLINE NOT\u00cdCIAS\",\"foundingDate\":\"2009-01-05\",\"numberOfEmployees\":{\"@type\":\"QuantitativeValue\",\"minValue\":\"1\",\"maxValue\":\"10\"},\"publishingPrinciples\":\"https:\\\/\\\/ubirataonline.com.br\\\/faq\\\/\",\"address\":{\"@id\":\"https:\\\/\\\/ubirataonline.com.br\\\/domenica-montero-traz-historia-conhecida-do-publico-do-sbt-em-nova-embalagem-%c2%b7-noticias-da-tv\\\/#local-main-place-address\"},\"geo\":{\"@type\":\"GeoCoordinates\",\"latitude\":\"-24.5361401\",\"longitude\":\"-52.9921776\"},\"telephone\":[\"+5544998308235\"],\"contactPoint\":{\"@type\":\"ContactPoint\",\"email\":\"contato@ubirataonline.com.br\"},\"openingHoursSpecification\":{\"@type\":\"OpeningHoursSpecification\",\"dayOfWeek\":[\"Monday\",\"Tuesday\",\"Wednesday\",\"Thursday\",\"Friday\",\"Saturday\",\"Sunday\"],\"opens\":\"00:00\",\"closes\":\"23:59\"},\"email\":\"contato@ubirataonline.com.br\",\"vatID\":\"47.621.418\\\/0001-80\"},{\"@type\":\"Person\",\"@id\":\"https:\\\/\\\/ubirataonline.com.br\\\/#\\\/schema\\\/person\\\/372f87bbd3fdd79b8556b84c98d0bc1c\",\"name\":\"REDA\u00c7\u00c3O: UBIRAT\u00c3 ONLINE - F\u00c1BIO AUGUSTO CELESTINO\",\"pronouns\":\"Ele\",\"description\":\"Desde 2003 trabalhando com not\u00edcias.\",\"sameAs\":[\"http:\\\/\\\/ubirataoline.com.br\",\"https:\\\/\\\/www.facebook.com\\\/portalubirataonline\",\"https:\\\/\\\/www.instagram.com\\\/ubirataonline_oficial\",\"https:\\\/\\\/x.com\\\/x.com\\\/ubirataonline\"],\"honorificPrefix\":\"Mr.\",\"honorificSuffix\":\"MD\",\"birthDate\":\"1980-06-16\",\"gender\":\"masculino\",\"award\":[\"V\u00e1rios pr\u00eamios de melhor portal da cidade\"],\"jobTitle\":\"Diretor\",\"url\":\"https:\\\/\\\/ubirataonline.com.br\\\/en\\\/author\\\/ubirataonline\\\/\"},{\"@type\":\"PostalAddress\",\"@id\":\"https:\\\/\\\/ubirataonline.com.br\\\/domenica-montero-traz-historia-conhecida-do-publico-do-sbt-em-nova-embalagem-%c2%b7-noticias-da-tv\\\/#local-main-place-address\",\"streetAddress\":\"Rua dos Coqueiros, 104 - Bairro Boa Vista, Rua dos Coqueiros, 104 Bairro Boa Vista\",\"addressLocality\":\"UBIRATA\",\"postalCode\":\"85440-000\",\"addressRegion\":\"PR\",\"addressCountry\":\"BR\"},{\"@type\":\"ImageObject\",\"inLanguage\":\"en-US\",\"@id\":\"https:\\\/\\\/ubirataonline.com.br\\\/domenica-montero-traz-historia-conhecida-do-publico-do-sbt-em-nova-embalagem-%c2%b7-noticias-da-tv\\\/#local-main-organization-logo\",\"url\":\"https:\\\/\\\/ubirataonline.com.br\\\/wp-content\\\/uploads\\\/2026\\\/06\\\/logoubirataonline-1.webp\",\"contentUrl\":\"https:\\\/\\\/ubirataonline.com.br\\\/wp-content\\\/uploads\\\/2026\\\/06\\\/logoubirataonline-1.webp\",\"width\":500,\"height\":500,\"caption\":\"Ubirat\u00e3 Online Not\u00edcias\"}]}<\/script>\n<meta name=\"geo.placename\" content=\"UBIRATA\" \/>\n<meta name=\"geo.position\" content=\"-24.5361401;-52.9921776\" \/>\n<meta name=\"geo.region\" content=\"Brazil\" \/>\n<!-- \/ Yoast SEO Premium plugin. -->","yoast_head_json":{"title":"Dom\u00eanica Montero traz hist\u00f3ria conhecida do p\u00fablico do SBT em nova embalagem \u00b7 Not\u00edcias da TV - Ubirat\u00e3 Online Not\u00edcias - A realidade ao seu alcance!","description":"Nesta segunda-feira (13), o SBT d\u00e1 in\u00edcio \u00e0 exibi\u00e7\u00e3o de Dom\u00eanica Montero. A novela produzida pela TelevisaUnivision em 2025 \u00e9 a mais nova aposta da","robots":{"index":"index","follow":"follow","max-snippet":"max-snippet:-1","max-image-preview":"max-image-preview:large","max-video-preview":"max-video-preview:-1"},"canonical":"https:\/\/ubirataonline.com.br\/en\/domenica-montero-traz-historia-conhecida-do-publico-do-sbt-em-nova-embalagem-\u00b7-noticias-da-tv\/","og_locale":"en_US","og_type":"article","og_title":"Dom\u00eanica Montero traz hist\u00f3ria conhecida do p\u00fablico do SBT em nova embalagem \u00b7 Not\u00edcias da TV","og_description":"Nesta segunda-feira (13), o SBT d\u00e1 in\u00edcio \u00e0 exibi\u00e7\u00e3o de Dom\u00eanica Montero. A novela produzida pela TelevisaUnivision em 2025 \u00e9 a mais nova aposta da","og_url":"https:\/\/ubirataonline.com.br\/en\/domenica-montero-traz-historia-conhecida-do-publico-do-sbt-em-nova-embalagem-\u00b7-noticias-da-tv\/","og_site_name":"Ubirat\u00e3 Online Not\u00edcias - A realidade ao seu alcance!","article_publisher":"https:\/\/www.facebook.com\/portalubirataonline","article_author":"https:\/\/www.facebook.com\/portalubirataonline","article_published_time":"2026-04-14T00:33:29+00:00","article_modified_time":"2026-04-14T00:33:40+00:00","og_image":[{"width":1360,"height":850,"url":"https:\/\/ubirataonline.com.br\/wp-content\/uploads\/2026\/04\/Domenica-Montero-traz-historia-conhecida-do-publico-do-SBT-em.png","type":"image\/png"}],"author":"REDA\u00c7\u00c3O: UBIRAT\u00c3 ONLINE - F\u00c1BIO AUGUSTO CELESTINO","twitter_card":"summary_large_image","twitter_creator":"@x.com\/ubirataonline","twitter_site":"@ubirataonline","twitter_misc":{"Written by":"REDA\u00c7\u00c3O: UBIRAT\u00c3 ONLINE - F\u00c1BIO AUGUSTO CELESTINO","Est. reading time":"2 minutes"},"schema":{"@context":"https:\/\/schema.org","@graph":[{"@type":"NewsArticle","@id":"https:\/\/ubirataonline.com.br\/domenica-montero-traz-historia-conhecida-do-publico-do-sbt-em-nova-embalagem-%c2%b7-noticias-da-tv\/#article","isPartOf":{"@id":"https:\/\/ubirataonline.com.br\/domenica-montero-traz-historia-conhecida-do-publico-do-sbt-em-nova-embalagem-%c2%b7-noticias-da-tv\/"},"author":{"name":"REDA\u00c7\u00c3O: UBIRAT\u00c3 ONLINE - F\u00c1BIO AUGUSTO CELESTINO","@id":"https:\/\/ubirataonline.com.br\/#\/schema\/person\/372f87bbd3fdd79b8556b84c98d0bc1c"},"headline":"Dom\u00eanica Montero traz hist\u00f3ria conhecida do p\u00fablico do SBT em nova embalagem \u00b7 Not\u00edcias da TV","datePublished":"2026-04-14T00:33:29+00:00","dateModified":"2026-04-14T00:33:40+00:00","mainEntityOfPage":{"@id":"https:\/\/ubirataonline.com.br\/domenica-montero-traz-historia-conhecida-do-publico-do-sbt-em-nova-embalagem-%c2%b7-noticias-da-tv\/"},"wordCount":464,"publisher":{"@id":"https:\/\/ubirataonline.com.br\/#organization"},"image":{"@id":"https:\/\/ubirataonline.com.br\/domenica-montero-traz-historia-conhecida-do-publico-do-sbt-em-nova-embalagem-%c2%b7-noticias-da-tv\/#primaryimage"},"thumbnailUrl":"https:\/\/ubirataonline.com.br\/wp-content\/uploads\/2026\/04\/Domenica-Montero-traz-historia-conhecida-do-publico-do-SBT-em.png","keywords":["conhecida","Dom\u00eanica","embalagem","Hist\u00f3ria","Montero","NOT\u00cdCIAS","Nova","P\u00fablico","SBT","traz"],"articleSection":["Brasil"],"inLanguage":"en-US","copyrightYear":"2026","copyrightHolder":{"@id":"https:\/\/ubirataonline.com.br\/en\/#organization"}},{"@type":"WebPage","@id":"https:\/\/ubirataonline.com.br\/domenica-montero-traz-historia-conhecida-do-publico-do-sbt-em-nova-embalagem-%c2%b7-noticias-da-tv\/","url":"https:\/\/ubirataonline.com.br\/domenica-montero-traz-historia-conhecida-do-publico-do-sbt-em-nova-embalagem-%c2%b7-noticias-da-tv\/","name":"Dom\u00eanica Montero traz hist\u00f3ria conhecida do p\u00fablico do SBT em nova embalagem \u00b7 Not\u00edcias da TV - Ubirat\u00e3 Online Not\u00edcias - A realidade ao seu alcance!","isPartOf":{"@id":"https:\/\/ubirataonline.com.br\/#website"},"primaryImageOfPage":{"@id":"https:\/\/ubirataonline.com.br\/domenica-montero-traz-historia-conhecida-do-publico-do-sbt-em-nova-embalagem-%c2%b7-noticias-da-tv\/#primaryimage"},"image":{"@id":"https:\/\/ubirataonline.com.br\/domenica-montero-traz-historia-conhecida-do-publico-do-sbt-em-nova-embalagem-%c2%b7-noticias-da-tv\/#primaryimage"},"thumbnailUrl":"https:\/\/ubirataonline.com.br\/wp-content\/uploads\/2026\/04\/Domenica-Montero-traz-historia-conhecida-do-publico-do-SBT-em.png","datePublished":"2026-04-14T00:33:29+00:00","dateModified":"2026-04-14T00:33:40+00:00","description":"Nesta segunda-feira (13), o SBT d\u00e1 in\u00edcio \u00e0 exibi\u00e7\u00e3o de Dom\u00eanica Montero. A novela produzida pela TelevisaUnivision em 2025 \u00e9 a mais nova aposta da","breadcrumb":{"@id":"https:\/\/ubirataonline.com.br\/domenica-montero-traz-historia-conhecida-do-publico-do-sbt-em-nova-embalagem-%c2%b7-noticias-da-tv\/#breadcrumb"},"inLanguage":"en-US","potentialAction":[{"@type":"ReadAction","target":["https:\/\/ubirataonline.com.br\/domenica-montero-traz-historia-conhecida-do-publico-do-sbt-em-nova-embalagem-%c2%b7-noticias-da-tv\/"]}]},{"@type":"ImageObject","inLanguage":"en-US","@id":"https:\/\/ubirataonline.com.br\/domenica-montero-traz-historia-conhecida-do-publico-do-sbt-em-nova-embalagem-%c2%b7-noticias-da-tv\/#primaryimage","url":"https:\/\/ubirataonline.com.br\/wp-content\/uploads\/2026\/04\/Domenica-Montero-traz-historia-conhecida-do-publico-do-SBT-em.png","contentUrl":"https:\/\/ubirataonline.com.br\/wp-content\/uploads\/2026\/04\/Domenica-Montero-traz-historia-conhecida-do-publico-do-SBT-em.png","width":1360,"height":850,"caption":"Dom\u00eanica Montero traz hist\u00f3ria conhecida do p\u00fablico do SBT em nova embalagem \u00b7 Not\u00edcias da TV"},{"@type":"BreadcrumbList","@id":"https:\/\/ubirataonline.com.br\/domenica-montero-traz-historia-conhecida-do-publico-do-sbt-em-nova-embalagem-%c2%b7-noticias-da-tv\/#breadcrumb","itemListElement":[{"@type":"ListItem","position":1,"name":"In\u00edcio","item":"https:\/\/ubirataonline.com.br\/"},{"@type":"ListItem","position":2,"name":"Dom\u00eanica Montero traz hist\u00f3ria conhecida do p\u00fablico do SBT em nova embalagem \u00b7 Not\u00edcias da TV"}]},{"@type":"WebSite","@id":"https:\/\/ubirataonline.com.br\/#website","url":"https:\/\/ubirataonline.com.br\/","name":"Ubirat\u00e3 Online Not\u00edcias","description":"Not\u00edcias de Ubirat\u00e3, regi\u00e3o, Brasil e mundo, com informa\u00e7\u00e3o atualizada e compromisso com o leitor.","publisher":{"@id":"https:\/\/ubirataonline.com.br\/#organization"},"alternateName":"Ubirat\u00e3 Online","potentialAction":[{"@type":"SearchAction","target":{"@type":"EntryPoint","urlTemplate":"https:\/\/ubirataonline.com.br\/?s={search_term_string}"},"query-input":{"@type":"PropertyValueSpecification","valueRequired":true,"valueName":"search_term_string"}}],"inLanguage":"en-US"},{"@type":["Organization","Place"],"@id":"https:\/\/ubirataonline.com.br\/#organization","name":"Ubirat\u00e3 Online Not\u00edcias","alternateName":"Ubirat\u00e3 Online","url":"https:\/\/ubirataonline.com.br\/","logo":{"@id":"https:\/\/ubirataonline.com.br\/domenica-montero-traz-historia-conhecida-do-publico-do-sbt-em-nova-embalagem-%c2%b7-noticias-da-tv\/#local-main-organization-logo"},"image":{"@id":"https:\/\/ubirataonline.com.br\/domenica-montero-traz-historia-conhecida-do-publico-do-sbt-em-nova-embalagem-%c2%b7-noticias-da-tv\/#local-main-organization-logo"},"sameAs":["https:\/\/www.facebook.com\/portalubirataonline","https:\/\/x.com\/ubirataonline","https:\/\/mastodon.social\/@ubirataonline","https:\/\/www.facebook.com\/groups\/311144672285604","https:\/\/www.facebook.com\/UBTAOnline","https:\/\/www.instagram.com\/portalubirataonline\/","https:\/\/twitter.com\/ubirataonline"],"description":"Somos um portal de not\u00edcias independente, criado em 5 de janeiro de 2009, com o objetivo de informar, conectar e valorizar a nossa comunidade de Ubirat\u00e3 e toda aregi\u00e3o. Com conte\u00fado atualizado, confi\u00e1vel e relevante, o Ubirat\u00e3 Online \u00e9 o seu espa\u00e7o para ficar por dentro dos principais acontecimentos locais, regionais, Brasil, Mundo e de interesse geral. Nosso compromisso \u00e9 com a verdade, a transpar\u00eancia e o respeito ao leitor.","legalName":"UBIRATA ONLINE NOT\u00cdCIAS","foundingDate":"2009-01-05","numberOfEmployees":{"@type":"QuantitativeValue","minValue":"1","maxValue":"10"},"publishingPrinciples":"https:\/\/ubirataonline.com.br\/faq\/","address":{"@id":"https:\/\/ubirataonline.com.br\/domenica-montero-traz-historia-conhecida-do-publico-do-sbt-em-nova-embalagem-%c2%b7-noticias-da-tv\/#local-main-place-address"},"geo":{"@type":"GeoCoordinates","latitude":"-24.5361401","longitude":"-52.9921776"},"telephone":["+5544998308235"],"contactPoint":{"@type":"ContactPoint","email":"contato@ubirataonline.com.br"},"openingHoursSpecification":{"@type":"OpeningHoursSpecification","dayOfWeek":["Monday","Tuesday","Wednesday","Thursday","Friday","Saturday","Sunday"],"opens":"00:00","closes":"23:59"},"email":"contato@ubirataonline.com.br","vatID":"47.621.418\/0001-80"},{"@type":"Person","@id":"https:\/\/ubirataonline.com.br\/#\/schema\/person\/372f87bbd3fdd79b8556b84c98d0bc1c","name":"REDA\u00c7\u00c3O: UBIRAT\u00c3 ONLINE - F\u00c1BIO AUGUSTO CELESTINO","pronouns":"Ele","description":"Desde 2003 trabalhando com not\u00edcias.","sameAs":["http:\/\/ubirataoline.com.br","https:\/\/www.facebook.com\/portalubirataonline","https:\/\/www.instagram.com\/ubirataonline_oficial","https:\/\/x.com\/x.com\/ubirataonline"],"honorificPrefix":"Mr.","honorificSuffix":"MD","birthDate":"1980-06-16","gender":"masculino","award":["V\u00e1rios pr\u00eamios de melhor portal da cidade"],"jobTitle":"Diretor","url":"https:\/\/ubirataonline.com.br\/en\/author\/ubirataonline\/"},{"@type":"PostalAddress","@id":"https:\/\/ubirataonline.com.br\/domenica-montero-traz-historia-conhecida-do-publico-do-sbt-em-nova-embalagem-%c2%b7-noticias-da-tv\/#local-main-place-address","streetAddress":"Rua dos Coqueiros, 104 - Bairro Boa Vista, Rua dos Coqueiros, 104 Bairro Boa Vista","addressLocality":"UBIRATA","postalCode":"85440-000","addressRegion":"PR","addressCountry":"BR"},{"@type":"ImageObject","inLanguage":"en-US","@id":"https:\/\/ubirataonline.com.br\/domenica-montero-traz-historia-conhecida-do-publico-do-sbt-em-nova-embalagem-%c2%b7-noticias-da-tv\/#local-main-organization-logo","url":"https:\/\/ubirataonline.com.br\/wp-content\/uploads\/2026\/06\/logoubirataonline-1.webp","contentUrl":"https:\/\/ubirataonline.com.br\/wp-content\/uploads\/2026\/06\/logoubirataonline-1.webp","width":500,"height":500,"caption":"Ubirat\u00e3 Online Not\u00edcias"}]},"geo.placename":"UBIRATA","geo.position":{"lat":"-24.5361401","long":"-52.9921776"},"geo.region":"Brazil"},"_links":{"self":[{"href":"https:\/\/ubirataonline.com.br\/en\/wp-json\/wp\/v2\/posts\/106483","targetHints":{"allow":["GET"]}}],"collection":[{"href":"https:\/\/ubirataonline.com.br\/en\/wp-json\/wp\/v2\/posts"}],"about":[{"href":"https:\/\/ubirataonline.com.br\/en\/wp-json\/wp\/v2\/types\/post"}],"author":[{"embeddable":true,"href":"https:\/\/ubirataonline.com.br\/en\/wp-json\/wp\/v2\/users\/1"}],"replies":[{"embeddable":true,"href":"https:\/\/ubirataonline.com.br\/en\/wp-json\/wp\/v2\/comments?post=106483"}],"version-history":[{"count":0,"href":"https:\/\/ubirataonline.com.br\/en\/wp-json\/wp\/v2\/posts\/106483\/revisions"}],"wp:featuredmedia":[{"embeddable":true,"href":"https:\/\/ubirataonline.com.br\/en\/wp-json\/wp\/v2\/media\/106484"}],"wp:attachment":[{"href":"https:\/\/ubirataonline.com.br\/en\/wp-json\/wp\/v2\/media?parent=106483"}],"wp:term":[{"taxonomy":"category","embeddable":true,"href":"https:\/\/ubirataonline.com.br\/en\/wp-json\/wp\/v2\/categories?post=106483"},{"taxonomy":"post_tag","embeddable":true,"href":"https:\/\/ubirataonline.com.br\/en\/wp-json\/wp\/v2\/tags?post=106483"}],"curies":[{"name":"wp","href":"https:\/\/api.w.org\/{rel}","templated":true}]}}