{"id":106497,"date":"2026-04-13T21:44:26","date_gmt":"2026-04-14T00:44:26","guid":{"rendered":"https:\/\/ubirataonline.com.br\/ratinho-junior-vai-apoiar-sandro-alex-para-governo-do-parana\/"},"modified":"2026-04-13T21:44:29","modified_gmt":"2026-04-14T00:44:29","slug":"ratinho-junior-vai-apoiar-sandro-alex-para-governo-do-parana","status":"publish","type":"post","link":"https:\/\/ubirataonline.com.br\/en\/ratinho-junior-vai-apoiar-sandro-alex-para-governo-do-parana\/","title":{"rendered":"Ratinho Junior vai apoiar Sandro Alex para governo do Paran\u00e1"},"content":{"rendered":"<p><\/p>\n<div id=\"post-content\">\n<p>O governador do Paran\u00e1, Ratinho Junior (PSD), escolheu apoiar a candidatura de <strong>Sandro Alex<\/strong> como seu <strong>candidato \u00e0 sucess\u00e3o do Pal\u00e1cio Igua\u00e7u. <\/strong>A informa\u00e7\u00e3o foi confirmada na noite desta segunda-feira (13\/04).<\/p>\n<p>Sandro Alex \u00e9 ex-secret\u00e1rio de Infraestrutura e Log\u00edstica e atual deputado federal. Ele \u00e9 filiado ao PSD e atual presidente estadual do partido.<\/p>\n<p>Na manh\u00e3 desta segunda-feira, <a href=\"https:\/\/www.tribunapr.com.br\/noticias\/ratinho-junior-deve-definir-candidato-governo-nesta-semana\/\" target=\"_blank\" rel=\"noreferrer noopener\">Ratinho realizou uma coletiva de imprensa informando que o nome do candidato que apoiaria<\/a> deveria ser divulgado at\u00e9 o fim desta semana.<\/p>\n<p>Na coletiva, o governador destacou que a defini\u00e7\u00e3o integra a constru\u00e7\u00e3o de uma chapa completa, que inclui candidato ao governo, vice e dois nomes ao Senado. \u201cA ideia \u00e9 que, no mais tardar, quarta ou quinta-feira, a gente tenha esse an\u00fancio\u201d, afirmou, ao destacar que o processo envolve di\u00e1logo com partidos aliados e leva em conta o equil\u00edbrio pol\u00edtico necess\u00e1rio para a disputa eleitoral.<\/p>\n<p>At\u00e9 ent\u00e3o, havia especula\u00e7\u00e3o de apoio por parte do governador a poss\u00edveis candidatos, como <a href=\"https:\/\/www.tribunapr.com.br\/noticias\/parana\/nao-tenho-plano-b-alexandre-curi-encerra-ciclo-na-alep-e-mira-o-palacio-iguacu\/\" target=\"_blank\" rel=\"noreferrer noopener\">Alexandre Curi<\/a>, Rafael Greca e Guto Silva. Contudo, durante a coletiva desta segunda, Ratinho foi enf\u00e1tico ao sinalizar uma chapa formada por representantes do PSD, o que descartaria Greca e Curi, filiados ao MDB e Republicanos, respectivamente.<\/p>\n<p>\u201cA constru\u00e7\u00e3o passa pelo PSD. N\u00f3s temos bons nomes dentro do partido e vamos trabalhar exatamente nisso\u201d, disse.<\/p>\n<h2 class=\"wp-block-heading\" id=\"h-sandro-alex-assumiu-secretaria-no-governo-ratinho-em-2019\">Sandro Alex assumiu secretaria no governo Ratinho em 2019<\/h2>\n<p>Sandro Alex assumiu como secret\u00e1rio de Estado da Infraestrutura e Log\u00edstica do Paran\u00e1 em 2019. Ele permaneceu no cargo at\u00e9 abril de 2022, quando se afastou para disputar uma vaga na C\u00e2mara dos Deputados. Foi eleito e assumiu o quarto mandato como deputado federal.<\/p>\n<figure class=\"wp-block-image size-post_image\"><figcaption class=\"wp-element-caption\">Foto: Jaelson Lucas | AEN Arquivo<\/figcaption><\/figure>\n<p>Mais tarde, licenciou-se novamente do cargo para reassumir a Secretaria de Infraestrutura e Log\u00edstica. Sandro Alex foi um dos <a href=\"https:\/\/www.tribunapr.com.br\/noticias\/parana\/quem-saiu-do-governo-do-parana-lista-secretarios-exonerados\/\" target=\"_blank\" rel=\"noreferrer noopener\">16 secret\u00e1rios exonerados no in\u00edcio de abril<\/a>, por conta da regra do per\u00edodo eleitoral. <\/p>\n<p>Formado em Direito pela Universidade Estadual de Ponta Grossa (UEPG) em 1994, al\u00e9m da carreira pol\u00edtica, j\u00e1 atuou como radialista e advogado. Desde 2011, exerce mandatos como deputado federal pelo Paran\u00e1, filiado ao PSD.<\/p>\n<section class=\"virals\">\n<article class=\"cardnews cardnews--post cardnews--has-thumbnail cardnews--editorial-noticias\"> <a href=\"https:\/\/www.tribunapr.com.br\/noticias\/curitiba-regiao\/vereador-perdeu-pia-e-investigado-por-usar-gm-para-se-autopromove?utm_source=noticias-virais-rodape&amp;utm_medium=internal-tribuna&amp;utm_campaign=tribuna\" class=\"cardnews__postlink\"> <\/p>\n<div class=\"cardnews__image\" is-api-thumb=\"\"><img decoding=\"async\" src=\"https:\/\/www.tribunapr.com.br\/wp-content\/uploads\/2026\/03\/27182231\/perdeu-pia-GM-370x210.jpeg\" loading=\"lazy\" alt=\"Vereador Perdeu Pi\u00e1 \u00e9 investigado por usar GM para se autopromover\"\/><\/div>\n<div class=\"cardnews__content cardhome__content\">\n<div class=\"cardnews__content-wrapper\">\n<p> <span style=\"\"> De olho! <\/span> <\/p>\n<p>Vereador Perdeu Pi\u00e1 \u00e9 investigado por usar GM para se autopromover<\/p>\n<\/p><\/div>\n<\/p><\/div>\n<p> <\/a> <\/article>\n<article class=\"cardnews cardnews--post cardnews--has-thumbnail cardnews--editorial-noticias\"> <a href=\"https:\/\/www.tribunapr.com.br\/noticias\/parana\/parana-pode-sentir-efeitos-do-el-nino-a-partir-de-julho-o-que-esperar\/?utm_source=noticias-virais-rodape&amp;utm_medium=internal-tribuna&amp;utm_campaign=tribuna\" class=\"cardnews__postlink\"> <\/p>\n<div class=\"cardnews__image\" is-api-thumb=\"\"><img decoding=\"async\" src=\"https:\/\/www.tribunapr.com.br\/wp-content\/uploads\/2026\/02\/20182305\/chuvas-370x210.jpg\" loading=\"lazy\" alt=\"Paran\u00e1 pode sentir efeitos do El Ni\u00f1o a partir de julho; o que esperar\"\/><\/div>\n<div class=\"cardnews__content cardhome__content\">\n<div class=\"cardnews__content-wrapper\">\n<p> <span style=\"\"> Alerta <\/span> <\/p>\n<p>Paran\u00e1 pode sentir efeitos do El Ni\u00f1o a partir de julho; o que esperar<\/p>\n<\/p><\/div>\n<\/p><\/div>\n<p> <\/a> <\/article>\n<article class=\"cardnews cardnews--post cardnews--has-thumbnail cardnews--editorial-noticias\"> <a href=\"https:\/\/www.tribunapr.com.br\/noticias\/parana\/roteiro-inusitado-parana-coleciona-estatuas-peculiares-pelo-interior\/ C?utm_source=noticias-virais-rodape&amp;utm_medium=internal-tribuna&amp;utm_campaign=tribuna\" class=\"cardnews__postlink\"> <\/p>\n<div class=\"cardnews__image\" is-api-thumb=\"\"><img decoding=\"async\" src=\"https:\/\/www.tribunapr.com.br\/wp-content\/uploads\/2026\/01\/15072039\/falecimentos-em-curitiba-370x210.jpg\" loading=\"lazy\" alt=\"Roteiro inusitado: Paran\u00e1 coleciona est\u00e1tuas peculiares pelo interior \"\/><\/div>\n<div class=\"cardnews__content cardhome__content\">\n<div class=\"cardnews__content-wrapper\">\n<p> <span style=\"\"> Belezas do Paran\u00e1 <\/span> <\/p>\n<p>Roteiro inusitado: Paran\u00e1 coleciona est\u00e1tuas peculiares pelo interior <\/p>\n<\/p><\/div>\n<\/p><\/div>\n<p> <\/a> <\/article>\n<\/section>\n<div id=\"tribuna-follow-cta\">\n<p> <span class=\"cta-title\">Siga a <span class=\"tribuna-color\">Tribuna<\/span> no Google, e acompanhe as \u00faltimas not\u00edcias de Curitiba e regi\u00e3o!<\/span> <\/p>\n<p> <a href=\"https:\/\/profile.google.com\/cp\/CgwvZy8xMmxxajUzM3Mac2h0dHBzOi8vd3d3LnRyaWJ1bmFwci5jb20uYnIvdml2YS92aXRyaW5lL2dpZ2FudGUtZG8tdmVzdHVhcmlvLXJlaW5hdWd1cmEtbG9qYS1lbS1zaG9wcGluZy10cmFkaWNpb25hbC1kZS1jdXJpdGliYS8iElRyaWJ1bmEgZG8gUGFyYW7DoSqAAwrHAWh0dHBzOi8vZW5jcnlwdGVkLXRibjIuZ3N0YXRpYy5jb20vZmF2aWNvbi10Ym4_cT10Ym46QU5kOUdjUVJPbjVDRjR6TzJPbkUwTXZrRlRCRTY2U0g1bGlaVDRaZTV3bWNKeU5GRm1BSnluM01nNU9PR3BXY1pYMzZwYU5HUWtsZ09JVEFLTTNNZVNGbTc1aWp6M3k2ajUtQ3M2b25kX2JUcFFQQkVLd3RsUjBsTmJESnUtVHhrNXQtbFlCNlVpOWZSVVFjT2cSswFodHRwczovL2VuY3J5cHRlZC10Ym4zLmdzdGF0aWMuY29tL2Zhdmljb24tdGJuP3E9dGJuJTNBQU5kOUdjU0FMaWJ2eFF0YXdFMFRueVdWWmVKRS1MZEdRZjVTUi1OZ2RMazhyZzIwVy1nM0JuQ1F4VDNKZFBjRXR2THdBeVRxUDJEdHVycEdVR29CQkxpYzM5al9wSmFxRERaMHNCYW05WEVhSGVsMmZTQmdKdlF4WWVyMw\" target=\"_blank\" title=\"Seguir a Tribuna no Google\">  <\/a> <\/div>\n<\/p><\/div>\n<p><a href=\"https:\/\/www.tribunapr.com.br\/noticias\/parana\/ratinho-junior-decide-apoiar-sandro-alex-governo-parana\/\">Fonte do Artigo <\/a><\/p>","protected":false},"excerpt":{"rendered":"<p>O governador do Paran\u00e1, Ratinho Junior (PSD), escolheu apoiar a candidatura de Sandro Alex como seu candidato \u00e0 sucess\u00e3o do Pal\u00e1cio Igua\u00e7u. A informa\u00e7\u00e3o foi confirmada na noite desta segunda-feira (13\/04). Sandro Alex \u00e9 ex-secret\u00e1rio de Infraestrutura e Log\u00edstica e atual deputado federal. Ele \u00e9 filiado ao PSD e atual presidente estadual do partido. Na [&hellip;]<\/p>\n","protected":false},"author":1,"featured_media":106498,"comment_status":"closed","ping_status":"","sticky":false,"template":"","format":"standard","meta":{"googlesitekit_rrm_CAow2JLhCw:productID":"","_gspb_post_css":"","maa_idioma":"","maa_pais":"","footnotes":""},"categories":[1],"tags":[5095,6109,1646,5083,2904,90,5082,27943,3346],"class_list":["post-106497","post","type-post","status-publish","format-standard","has-post-thumbnail","hentry","category-ubirata","tag-alex","tag-apoiar","tag-governo","tag-junior","tag-para","tag-parana","tag-ratinho","tag-sandro","tag-vai"],"blocksy_meta":[],"yoast_head":"<!-- This site is optimized with the Yoast SEO Premium plugin v27.6 (Yoast SEO v27.6) - https:\/\/yoast.com\/product\/yoast-seo-premium-wordpress\/ -->\n<title>Ratinho Junior vai apoiar Sandro Alex para governo do Paran\u00e1 - Ubirat\u00e3 Online Not\u00edcias - A realidade ao seu alcance!<\/title>\n<meta name=\"description\" content=\"O governador do Paran\u00e1, Ratinho Junior (PSD), escolheu apoiar a candidatura de Sandro Alex como seu candidato \u00e0 sucess\u00e3o do Pal\u00e1cio Igua\u00e7u. A informa\u00e7\u00e3o\" \/>\n<meta name=\"robots\" content=\"index, follow, max-snippet:-1, max-image-preview:large, max-video-preview:-1\" \/>\n<link rel=\"canonical\" href=\"https:\/\/ubirataonline.com.br\/en\/ratinho-junior-vai-apoiar-sandro-alex-para-governo-do-parana\/\" \/>\n<meta property=\"og:locale\" content=\"en_US\" \/>\n<meta property=\"og:type\" content=\"article\" \/>\n<meta property=\"og:title\" content=\"Ratinho Junior vai apoiar Sandro Alex para governo do Paran\u00e1\" \/>\n<meta property=\"og:description\" content=\"O governador do Paran\u00e1, Ratinho Junior (PSD), escolheu apoiar a candidatura de Sandro Alex como seu candidato \u00e0 sucess\u00e3o do Pal\u00e1cio Igua\u00e7u. A informa\u00e7\u00e3o\" \/>\n<meta property=\"og:url\" content=\"https:\/\/ubirataonline.com.br\/en\/ratinho-junior-vai-apoiar-sandro-alex-para-governo-do-parana\/\" \/>\n<meta property=\"og:site_name\" content=\"Ubirat\u00e3 Online Not\u00edcias - A realidade ao seu alcance!\" \/>\n<meta property=\"article:publisher\" content=\"https:\/\/www.facebook.com\/portalubirataonline\" \/>\n<meta property=\"article:author\" content=\"https:\/\/www.facebook.com\/portalubirataonline\" \/>\n<meta property=\"article:published_time\" content=\"2026-04-14T00:44:26+00:00\" \/>\n<meta property=\"article:modified_time\" content=\"2026-04-14T00:44:29+00:00\" \/>\n<meta property=\"og:image\" content=\"https:\/\/ubirataonline.com.br\/wp-content\/uploads\/2026\/04\/Ratinho-Junior-vai-apoiar-Sandro-Alex-para-governo-do-Parana.jpg\" \/>\n\t<meta property=\"og:image:width\" content=\"1200\" \/>\n\t<meta property=\"og:image:height\" content=\"800\" \/>\n\t<meta property=\"og:image:type\" content=\"image\/jpeg\" \/>\n<meta name=\"author\" content=\"REDA\u00c7\u00c3O: UBIRAT\u00c3 ONLINE - F\u00c1BIO AUGUSTO CELESTINO\" \/>\n<meta name=\"twitter:card\" content=\"summary_large_image\" \/>\n<meta name=\"twitter:creator\" content=\"@x.com\/ubirataonline\" \/>\n<meta name=\"twitter:site\" content=\"@ubirataonline\" \/>\n<meta name=\"twitter:label1\" content=\"Written by\" \/>\n\t<meta name=\"twitter:data1\" content=\"REDA\u00c7\u00c3O: UBIRAT\u00c3 ONLINE - F\u00c1BIO AUGUSTO CELESTINO\" \/>\n\t<meta name=\"twitter:label2\" content=\"Est. reading time\" \/>\n\t<meta name=\"twitter:data2\" content=\"2 minutes\" \/>\n<script type=\"application\/ld+json\" class=\"yoast-schema-graph\">{\"@context\":\"https:\\\/\\\/schema.org\",\"@graph\":[{\"@type\":\"NewsArticle\",\"@id\":\"https:\\\/\\\/ubirataonline.com.br\\\/ratinho-junior-vai-apoiar-sandro-alex-para-governo-do-parana\\\/#article\",\"isPartOf\":{\"@id\":\"https:\\\/\\\/ubirataonline.com.br\\\/ratinho-junior-vai-apoiar-sandro-alex-para-governo-do-parana\\\/\"},\"author\":{\"name\":\"REDA\u00c7\u00c3O: UBIRAT\u00c3 ONLINE - F\u00c1BIO AUGUSTO CELESTINO\",\"@id\":\"https:\\\/\\\/ubirataonline.com.br\\\/#\\\/schema\\\/person\\\/372f87bbd3fdd79b8556b84c98d0bc1c\"},\"headline\":\"Ratinho Junior vai apoiar Sandro Alex para governo do Paran\u00e1\",\"datePublished\":\"2026-04-14T00:44:26+00:00\",\"dateModified\":\"2026-04-14T00:44:29+00:00\",\"mainEntityOfPage\":{\"@id\":\"https:\\\/\\\/ubirataonline.com.br\\\/ratinho-junior-vai-apoiar-sandro-alex-para-governo-do-parana\\\/\"},\"wordCount\":424,\"publisher\":{\"@id\":\"https:\\\/\\\/ubirataonline.com.br\\\/#organization\"},\"image\":{\"@id\":\"https:\\\/\\\/ubirataonline.com.br\\\/ratinho-junior-vai-apoiar-sandro-alex-para-governo-do-parana\\\/#primaryimage\"},\"thumbnailUrl\":\"https:\\\/\\\/ubirataonline.com.br\\\/wp-content\\\/uploads\\\/2026\\\/04\\\/Ratinho-Junior-vai-apoiar-Sandro-Alex-para-governo-do-Parana.jpg\",\"keywords\":[\"Alex\",\"apoiar\",\"Governo\",\"J\u00fanior\",\"para\",\"paran\u00e1\",\"Ratinho\",\"Sandro\",\"vai\"],\"articleSection\":[\"Ubirat\u00e3\"],\"inLanguage\":\"en-US\",\"copyrightYear\":\"2026\",\"copyrightHolder\":{\"@id\":\"https:\\\/\\\/ubirataonline.com.br\\\/en\\\/#organization\"}},{\"@type\":\"WebPage\",\"@id\":\"https:\\\/\\\/ubirataonline.com.br\\\/ratinho-junior-vai-apoiar-sandro-alex-para-governo-do-parana\\\/\",\"url\":\"https:\\\/\\\/ubirataonline.com.br\\\/ratinho-junior-vai-apoiar-sandro-alex-para-governo-do-parana\\\/\",\"name\":\"Ratinho Junior vai apoiar Sandro Alex para governo do Paran\u00e1 - Ubirat\u00e3 Online Not\u00edcias - A realidade ao seu alcance!\",\"isPartOf\":{\"@id\":\"https:\\\/\\\/ubirataonline.com.br\\\/#website\"},\"primaryImageOfPage\":{\"@id\":\"https:\\\/\\\/ubirataonline.com.br\\\/ratinho-junior-vai-apoiar-sandro-alex-para-governo-do-parana\\\/#primaryimage\"},\"image\":{\"@id\":\"https:\\\/\\\/ubirataonline.com.br\\\/ratinho-junior-vai-apoiar-sandro-alex-para-governo-do-parana\\\/#primaryimage\"},\"thumbnailUrl\":\"https:\\\/\\\/ubirataonline.com.br\\\/wp-content\\\/uploads\\\/2026\\\/04\\\/Ratinho-Junior-vai-apoiar-Sandro-Alex-para-governo-do-Parana.jpg\",\"datePublished\":\"2026-04-14T00:44:26+00:00\",\"dateModified\":\"2026-04-14T00:44:29+00:00\",\"description\":\"O governador do Paran\u00e1, Ratinho Junior (PSD), escolheu apoiar a candidatura de Sandro Alex como seu candidato \u00e0 sucess\u00e3o do Pal\u00e1cio Igua\u00e7u. A informa\u00e7\u00e3o\",\"breadcrumb\":{\"@id\":\"https:\\\/\\\/ubirataonline.com.br\\\/ratinho-junior-vai-apoiar-sandro-alex-para-governo-do-parana\\\/#breadcrumb\"},\"inLanguage\":\"en-US\",\"potentialAction\":[{\"@type\":\"ReadAction\",\"target\":[\"https:\\\/\\\/ubirataonline.com.br\\\/ratinho-junior-vai-apoiar-sandro-alex-para-governo-do-parana\\\/\"]}]},{\"@type\":\"ImageObject\",\"inLanguage\":\"en-US\",\"@id\":\"https:\\\/\\\/ubirataonline.com.br\\\/ratinho-junior-vai-apoiar-sandro-alex-para-governo-do-parana\\\/#primaryimage\",\"url\":\"https:\\\/\\\/ubirataonline.com.br\\\/wp-content\\\/uploads\\\/2026\\\/04\\\/Ratinho-Junior-vai-apoiar-Sandro-Alex-para-governo-do-Parana.jpg\",\"contentUrl\":\"https:\\\/\\\/ubirataonline.com.br\\\/wp-content\\\/uploads\\\/2026\\\/04\\\/Ratinho-Junior-vai-apoiar-Sandro-Alex-para-governo-do-Parana.jpg\",\"width\":1200,\"height\":800,\"caption\":\"Foto: Geraldo Bubniak\\\/AEN\"},{\"@type\":\"BreadcrumbList\",\"@id\":\"https:\\\/\\\/ubirataonline.com.br\\\/ratinho-junior-vai-apoiar-sandro-alex-para-governo-do-parana\\\/#breadcrumb\",\"itemListElement\":[{\"@type\":\"ListItem\",\"position\":1,\"name\":\"In\u00edcio\",\"item\":\"https:\\\/\\\/ubirataonline.com.br\\\/\"},{\"@type\":\"ListItem\",\"position\":2,\"name\":\"Ratinho Junior vai apoiar Sandro Alex para governo do Paran\u00e1\"}]},{\"@type\":\"WebSite\",\"@id\":\"https:\\\/\\\/ubirataonline.com.br\\\/#website\",\"url\":\"https:\\\/\\\/ubirataonline.com.br\\\/\",\"name\":\"Ubirat\u00e3 Online Not\u00edcias\",\"description\":\"Not\u00edcias de Ubirat\u00e3, regi\u00e3o, Brasil e mundo, com informa\u00e7\u00e3o atualizada e compromisso com o leitor.\",\"publisher\":{\"@id\":\"https:\\\/\\\/ubirataonline.com.br\\\/#organization\"},\"alternateName\":\"Ubirat\u00e3 Online\",\"potentialAction\":[{\"@type\":\"SearchAction\",\"target\":{\"@type\":\"EntryPoint\",\"urlTemplate\":\"https:\\\/\\\/ubirataonline.com.br\\\/?s={search_term_string}\"},\"query-input\":{\"@type\":\"PropertyValueSpecification\",\"valueRequired\":true,\"valueName\":\"search_term_string\"}}],\"inLanguage\":\"en-US\"},{\"@type\":[\"Organization\",\"Place\"],\"@id\":\"https:\\\/\\\/ubirataonline.com.br\\\/#organization\",\"name\":\"Ubirat\u00e3 Online Not\u00edcias\",\"alternateName\":\"Ubirat\u00e3 Online\",\"url\":\"https:\\\/\\\/ubirataonline.com.br\\\/\",\"logo\":{\"@id\":\"https:\\\/\\\/ubirataonline.com.br\\\/ratinho-junior-vai-apoiar-sandro-alex-para-governo-do-parana\\\/#local-main-organization-logo\"},\"image\":{\"@id\":\"https:\\\/\\\/ubirataonline.com.br\\\/ratinho-junior-vai-apoiar-sandro-alex-para-governo-do-parana\\\/#local-main-organization-logo\"},\"sameAs\":[\"https:\\\/\\\/www.facebook.com\\\/portalubirataonline\",\"https:\\\/\\\/x.com\\\/ubirataonline\",\"https:\\\/\\\/mastodon.social\\\/@ubirataonline\",\"https:\\\/\\\/www.facebook.com\\\/groups\\\/311144672285604\",\"https:\\\/\\\/www.facebook.com\\\/UBTAOnline\",\"https:\\\/\\\/www.instagram.com\\\/portalubirataonline\\\/\",\"https:\\\/\\\/twitter.com\\\/ubirataonline\"],\"description\":\"Somos um portal de not\u00edcias independente, criado em 5 de janeiro de 2009, com o objetivo de informar, conectar e valorizar a nossa comunidade de Ubirat\u00e3 e toda aregi\u00e3o. Com conte\u00fado atualizado, confi\u00e1vel e relevante, o Ubirat\u00e3 Online \u00e9 o seu espa\u00e7o para ficar por dentro dos principais acontecimentos locais, regionais, Brasil, Mundo e de interesse geral. Nosso compromisso \u00e9 com a verdade, a transpar\u00eancia e o respeito ao leitor.\",\"legalName\":\"UBIRATA ONLINE NOT\u00cdCIAS\",\"foundingDate\":\"2009-01-05\",\"numberOfEmployees\":{\"@type\":\"QuantitativeValue\",\"minValue\":\"1\",\"maxValue\":\"10\"},\"publishingPrinciples\":\"https:\\\/\\\/ubirataonline.com.br\\\/faq\\\/\",\"address\":{\"@id\":\"https:\\\/\\\/ubirataonline.com.br\\\/ratinho-junior-vai-apoiar-sandro-alex-para-governo-do-parana\\\/#local-main-place-address\"},\"geo\":{\"@type\":\"GeoCoordinates\",\"latitude\":\"-24.5361401\",\"longitude\":\"-52.9921776\"},\"telephone\":[\"+5544998308235\"],\"contactPoint\":{\"@type\":\"ContactPoint\",\"email\":\"contato@ubirataonline.com.br\"},\"openingHoursSpecification\":{\"@type\":\"OpeningHoursSpecification\",\"dayOfWeek\":[\"Monday\",\"Tuesday\",\"Wednesday\",\"Thursday\",\"Friday\",\"Saturday\",\"Sunday\"],\"opens\":\"00:00\",\"closes\":\"23:59\"},\"email\":\"contato@ubirataonline.com.br\",\"vatID\":\"47.621.418\\\/0001-80\"},{\"@type\":\"Person\",\"@id\":\"https:\\\/\\\/ubirataonline.com.br\\\/#\\\/schema\\\/person\\\/372f87bbd3fdd79b8556b84c98d0bc1c\",\"name\":\"REDA\u00c7\u00c3O: UBIRAT\u00c3 ONLINE - F\u00c1BIO AUGUSTO CELESTINO\",\"pronouns\":\"Ele\",\"description\":\"Desde 2003 trabalhando com not\u00edcias.\",\"sameAs\":[\"http:\\\/\\\/ubirataoline.com.br\",\"https:\\\/\\\/www.facebook.com\\\/portalubirataonline\",\"https:\\\/\\\/www.instagram.com\\\/ubirataonline_oficial\",\"https:\\\/\\\/x.com\\\/x.com\\\/ubirataonline\"],\"honorificPrefix\":\"Mr.\",\"honorificSuffix\":\"MD\",\"birthDate\":\"1980-06-16\",\"gender\":\"masculino\",\"award\":[\"V\u00e1rios pr\u00eamios de melhor portal da cidade\"],\"jobTitle\":\"Diretor\",\"url\":\"https:\\\/\\\/ubirataonline.com.br\\\/en\\\/author\\\/ubirataonline\\\/\"},{\"@type\":\"PostalAddress\",\"@id\":\"https:\\\/\\\/ubirataonline.com.br\\\/ratinho-junior-vai-apoiar-sandro-alex-para-governo-do-parana\\\/#local-main-place-address\",\"streetAddress\":\"Rua dos Coqueiros, 104 - Bairro Boa Vista, Rua dos Coqueiros, 104 Bairro Boa Vista\",\"addressLocality\":\"UBIRATA\",\"postalCode\":\"85440-000\",\"addressRegion\":\"PR\",\"addressCountry\":\"BR\"},{\"@type\":\"ImageObject\",\"inLanguage\":\"en-US\",\"@id\":\"https:\\\/\\\/ubirataonline.com.br\\\/ratinho-junior-vai-apoiar-sandro-alex-para-governo-do-parana\\\/#local-main-organization-logo\",\"url\":\"https:\\\/\\\/ubirataonline.com.br\\\/wp-content\\\/uploads\\\/2026\\\/06\\\/logoubirataonline-1.webp\",\"contentUrl\":\"https:\\\/\\\/ubirataonline.com.br\\\/wp-content\\\/uploads\\\/2026\\\/06\\\/logoubirataonline-1.webp\",\"width\":500,\"height\":500,\"caption\":\"Ubirat\u00e3 Online Not\u00edcias\"}]}<\/script>\n<meta name=\"geo.placename\" content=\"UBIRATA\" \/>\n<meta name=\"geo.position\" content=\"-24.5361401;-52.9921776\" \/>\n<meta name=\"geo.region\" content=\"Brazil\" \/>\n<!-- \/ Yoast SEO Premium plugin. -->","yoast_head_json":{"title":"Ratinho Junior vai apoiar Sandro Alex para governo do Paran\u00e1 - Ubirat\u00e3 Online Not\u00edcias - A realidade ao seu alcance!","description":"O governador do Paran\u00e1, Ratinho Junior (PSD), escolheu apoiar a candidatura de Sandro Alex como seu candidato \u00e0 sucess\u00e3o do Pal\u00e1cio Igua\u00e7u. A informa\u00e7\u00e3o","robots":{"index":"index","follow":"follow","max-snippet":"max-snippet:-1","max-image-preview":"max-image-preview:large","max-video-preview":"max-video-preview:-1"},"canonical":"https:\/\/ubirataonline.com.br\/en\/ratinho-junior-vai-apoiar-sandro-alex-para-governo-do-parana\/","og_locale":"en_US","og_type":"article","og_title":"Ratinho Junior vai apoiar Sandro Alex para governo do Paran\u00e1","og_description":"O governador do Paran\u00e1, Ratinho Junior (PSD), escolheu apoiar a candidatura de Sandro Alex como seu candidato \u00e0 sucess\u00e3o do Pal\u00e1cio Igua\u00e7u. A informa\u00e7\u00e3o","og_url":"https:\/\/ubirataonline.com.br\/en\/ratinho-junior-vai-apoiar-sandro-alex-para-governo-do-parana\/","og_site_name":"Ubirat\u00e3 Online Not\u00edcias - A realidade ao seu alcance!","article_publisher":"https:\/\/www.facebook.com\/portalubirataonline","article_author":"https:\/\/www.facebook.com\/portalubirataonline","article_published_time":"2026-04-14T00:44:26+00:00","article_modified_time":"2026-04-14T00:44:29+00:00","og_image":[{"width":1200,"height":800,"url":"https:\/\/ubirataonline.com.br\/wp-content\/uploads\/2026\/04\/Ratinho-Junior-vai-apoiar-Sandro-Alex-para-governo-do-Parana.jpg","type":"image\/jpeg"}],"author":"REDA\u00c7\u00c3O: UBIRAT\u00c3 ONLINE - F\u00c1BIO AUGUSTO CELESTINO","twitter_card":"summary_large_image","twitter_creator":"@x.com\/ubirataonline","twitter_site":"@ubirataonline","twitter_misc":{"Written by":"REDA\u00c7\u00c3O: UBIRAT\u00c3 ONLINE - F\u00c1BIO AUGUSTO CELESTINO","Est. reading time":"2 minutes"},"schema":{"@context":"https:\/\/schema.org","@graph":[{"@type":"NewsArticle","@id":"https:\/\/ubirataonline.com.br\/ratinho-junior-vai-apoiar-sandro-alex-para-governo-do-parana\/#article","isPartOf":{"@id":"https:\/\/ubirataonline.com.br\/ratinho-junior-vai-apoiar-sandro-alex-para-governo-do-parana\/"},"author":{"name":"REDA\u00c7\u00c3O: UBIRAT\u00c3 ONLINE - F\u00c1BIO AUGUSTO CELESTINO","@id":"https:\/\/ubirataonline.com.br\/#\/schema\/person\/372f87bbd3fdd79b8556b84c98d0bc1c"},"headline":"Ratinho Junior vai apoiar Sandro Alex para governo do Paran\u00e1","datePublished":"2026-04-14T00:44:26+00:00","dateModified":"2026-04-14T00:44:29+00:00","mainEntityOfPage":{"@id":"https:\/\/ubirataonline.com.br\/ratinho-junior-vai-apoiar-sandro-alex-para-governo-do-parana\/"},"wordCount":424,"publisher":{"@id":"https:\/\/ubirataonline.com.br\/#organization"},"image":{"@id":"https:\/\/ubirataonline.com.br\/ratinho-junior-vai-apoiar-sandro-alex-para-governo-do-parana\/#primaryimage"},"thumbnailUrl":"https:\/\/ubirataonline.com.br\/wp-content\/uploads\/2026\/04\/Ratinho-Junior-vai-apoiar-Sandro-Alex-para-governo-do-Parana.jpg","keywords":["Alex","apoiar","Governo","J\u00fanior","para","paran\u00e1","Ratinho","Sandro","vai"],"articleSection":["Ubirat\u00e3"],"inLanguage":"en-US","copyrightYear":"2026","copyrightHolder":{"@id":"https:\/\/ubirataonline.com.br\/en\/#organization"}},{"@type":"WebPage","@id":"https:\/\/ubirataonline.com.br\/ratinho-junior-vai-apoiar-sandro-alex-para-governo-do-parana\/","url":"https:\/\/ubirataonline.com.br\/ratinho-junior-vai-apoiar-sandro-alex-para-governo-do-parana\/","name":"Ratinho Junior vai apoiar Sandro Alex para governo do Paran\u00e1 - Ubirat\u00e3 Online Not\u00edcias - A realidade ao seu alcance!","isPartOf":{"@id":"https:\/\/ubirataonline.com.br\/#website"},"primaryImageOfPage":{"@id":"https:\/\/ubirataonline.com.br\/ratinho-junior-vai-apoiar-sandro-alex-para-governo-do-parana\/#primaryimage"},"image":{"@id":"https:\/\/ubirataonline.com.br\/ratinho-junior-vai-apoiar-sandro-alex-para-governo-do-parana\/#primaryimage"},"thumbnailUrl":"https:\/\/ubirataonline.com.br\/wp-content\/uploads\/2026\/04\/Ratinho-Junior-vai-apoiar-Sandro-Alex-para-governo-do-Parana.jpg","datePublished":"2026-04-14T00:44:26+00:00","dateModified":"2026-04-14T00:44:29+00:00","description":"O governador do Paran\u00e1, Ratinho Junior (PSD), escolheu apoiar a candidatura de Sandro Alex como seu candidato \u00e0 sucess\u00e3o do Pal\u00e1cio Igua\u00e7u. A informa\u00e7\u00e3o","breadcrumb":{"@id":"https:\/\/ubirataonline.com.br\/ratinho-junior-vai-apoiar-sandro-alex-para-governo-do-parana\/#breadcrumb"},"inLanguage":"en-US","potentialAction":[{"@type":"ReadAction","target":["https:\/\/ubirataonline.com.br\/ratinho-junior-vai-apoiar-sandro-alex-para-governo-do-parana\/"]}]},{"@type":"ImageObject","inLanguage":"en-US","@id":"https:\/\/ubirataonline.com.br\/ratinho-junior-vai-apoiar-sandro-alex-para-governo-do-parana\/#primaryimage","url":"https:\/\/ubirataonline.com.br\/wp-content\/uploads\/2026\/04\/Ratinho-Junior-vai-apoiar-Sandro-Alex-para-governo-do-Parana.jpg","contentUrl":"https:\/\/ubirataonline.com.br\/wp-content\/uploads\/2026\/04\/Ratinho-Junior-vai-apoiar-Sandro-Alex-para-governo-do-Parana.jpg","width":1200,"height":800,"caption":"Foto: Geraldo Bubniak\/AEN"},{"@type":"BreadcrumbList","@id":"https:\/\/ubirataonline.com.br\/ratinho-junior-vai-apoiar-sandro-alex-para-governo-do-parana\/#breadcrumb","itemListElement":[{"@type":"ListItem","position":1,"name":"In\u00edcio","item":"https:\/\/ubirataonline.com.br\/"},{"@type":"ListItem","position":2,"name":"Ratinho Junior vai apoiar Sandro Alex para governo do Paran\u00e1"}]},{"@type":"WebSite","@id":"https:\/\/ubirataonline.com.br\/#website","url":"https:\/\/ubirataonline.com.br\/","name":"Ubirat\u00e3 Online Not\u00edcias","description":"Not\u00edcias de Ubirat\u00e3, regi\u00e3o, Brasil e mundo, com informa\u00e7\u00e3o atualizada e compromisso com o leitor.","publisher":{"@id":"https:\/\/ubirataonline.com.br\/#organization"},"alternateName":"Ubirat\u00e3 Online","potentialAction":[{"@type":"SearchAction","target":{"@type":"EntryPoint","urlTemplate":"https:\/\/ubirataonline.com.br\/?s={search_term_string}"},"query-input":{"@type":"PropertyValueSpecification","valueRequired":true,"valueName":"search_term_string"}}],"inLanguage":"en-US"},{"@type":["Organization","Place"],"@id":"https:\/\/ubirataonline.com.br\/#organization","name":"Ubirat\u00e3 Online Not\u00edcias","alternateName":"Ubirat\u00e3 Online","url":"https:\/\/ubirataonline.com.br\/","logo":{"@id":"https:\/\/ubirataonline.com.br\/ratinho-junior-vai-apoiar-sandro-alex-para-governo-do-parana\/#local-main-organization-logo"},"image":{"@id":"https:\/\/ubirataonline.com.br\/ratinho-junior-vai-apoiar-sandro-alex-para-governo-do-parana\/#local-main-organization-logo"},"sameAs":["https:\/\/www.facebook.com\/portalubirataonline","https:\/\/x.com\/ubirataonline","https:\/\/mastodon.social\/@ubirataonline","https:\/\/www.facebook.com\/groups\/311144672285604","https:\/\/www.facebook.com\/UBTAOnline","https:\/\/www.instagram.com\/portalubirataonline\/","https:\/\/twitter.com\/ubirataonline"],"description":"Somos um portal de not\u00edcias independente, criado em 5 de janeiro de 2009, com o objetivo de informar, conectar e valorizar a nossa comunidade de Ubirat\u00e3 e toda aregi\u00e3o. Com conte\u00fado atualizado, confi\u00e1vel e relevante, o Ubirat\u00e3 Online \u00e9 o seu espa\u00e7o para ficar por dentro dos principais acontecimentos locais, regionais, Brasil, Mundo e de interesse geral. Nosso compromisso \u00e9 com a verdade, a transpar\u00eancia e o respeito ao leitor.","legalName":"UBIRATA ONLINE NOT\u00cdCIAS","foundingDate":"2009-01-05","numberOfEmployees":{"@type":"QuantitativeValue","minValue":"1","maxValue":"10"},"publishingPrinciples":"https:\/\/ubirataonline.com.br\/faq\/","address":{"@id":"https:\/\/ubirataonline.com.br\/ratinho-junior-vai-apoiar-sandro-alex-para-governo-do-parana\/#local-main-place-address"},"geo":{"@type":"GeoCoordinates","latitude":"-24.5361401","longitude":"-52.9921776"},"telephone":["+5544998308235"],"contactPoint":{"@type":"ContactPoint","email":"contato@ubirataonline.com.br"},"openingHoursSpecification":{"@type":"OpeningHoursSpecification","dayOfWeek":["Monday","Tuesday","Wednesday","Thursday","Friday","Saturday","Sunday"],"opens":"00:00","closes":"23:59"},"email":"contato@ubirataonline.com.br","vatID":"47.621.418\/0001-80"},{"@type":"Person","@id":"https:\/\/ubirataonline.com.br\/#\/schema\/person\/372f87bbd3fdd79b8556b84c98d0bc1c","name":"REDA\u00c7\u00c3O: UBIRAT\u00c3 ONLINE - F\u00c1BIO AUGUSTO CELESTINO","pronouns":"Ele","description":"Desde 2003 trabalhando com not\u00edcias.","sameAs":["http:\/\/ubirataoline.com.br","https:\/\/www.facebook.com\/portalubirataonline","https:\/\/www.instagram.com\/ubirataonline_oficial","https:\/\/x.com\/x.com\/ubirataonline"],"honorificPrefix":"Mr.","honorificSuffix":"MD","birthDate":"1980-06-16","gender":"masculino","award":["V\u00e1rios pr\u00eamios de melhor portal da cidade"],"jobTitle":"Diretor","url":"https:\/\/ubirataonline.com.br\/en\/author\/ubirataonline\/"},{"@type":"PostalAddress","@id":"https:\/\/ubirataonline.com.br\/ratinho-junior-vai-apoiar-sandro-alex-para-governo-do-parana\/#local-main-place-address","streetAddress":"Rua dos Coqueiros, 104 - Bairro Boa Vista, Rua dos Coqueiros, 104 Bairro Boa Vista","addressLocality":"UBIRATA","postalCode":"85440-000","addressRegion":"PR","addressCountry":"BR"},{"@type":"ImageObject","inLanguage":"en-US","@id":"https:\/\/ubirataonline.com.br\/ratinho-junior-vai-apoiar-sandro-alex-para-governo-do-parana\/#local-main-organization-logo","url":"https:\/\/ubirataonline.com.br\/wp-content\/uploads\/2026\/06\/logoubirataonline-1.webp","contentUrl":"https:\/\/ubirataonline.com.br\/wp-content\/uploads\/2026\/06\/logoubirataonline-1.webp","width":500,"height":500,"caption":"Ubirat\u00e3 Online Not\u00edcias"}]},"geo.placename":"UBIRATA","geo.position":{"lat":"-24.5361401","long":"-52.9921776"},"geo.region":"Brazil"},"_links":{"self":[{"href":"https:\/\/ubirataonline.com.br\/en\/wp-json\/wp\/v2\/posts\/106497","targetHints":{"allow":["GET"]}}],"collection":[{"href":"https:\/\/ubirataonline.com.br\/en\/wp-json\/wp\/v2\/posts"}],"about":[{"href":"https:\/\/ubirataonline.com.br\/en\/wp-json\/wp\/v2\/types\/post"}],"author":[{"embeddable":true,"href":"https:\/\/ubirataonline.com.br\/en\/wp-json\/wp\/v2\/users\/1"}],"replies":[{"embeddable":true,"href":"https:\/\/ubirataonline.com.br\/en\/wp-json\/wp\/v2\/comments?post=106497"}],"version-history":[{"count":0,"href":"https:\/\/ubirataonline.com.br\/en\/wp-json\/wp\/v2\/posts\/106497\/revisions"}],"wp:featuredmedia":[{"embeddable":true,"href":"https:\/\/ubirataonline.com.br\/en\/wp-json\/wp\/v2\/media\/106498"}],"wp:attachment":[{"href":"https:\/\/ubirataonline.com.br\/en\/wp-json\/wp\/v2\/media?parent=106497"}],"wp:term":[{"taxonomy":"category","embeddable":true,"href":"https:\/\/ubirataonline.com.br\/en\/wp-json\/wp\/v2\/categories?post=106497"},{"taxonomy":"post_tag","embeddable":true,"href":"https:\/\/ubirataonline.com.br\/en\/wp-json\/wp\/v2\/tags?post=106497"}],"curies":[{"name":"wp","href":"https:\/\/api.w.org\/{rel}","templated":true}]}}