{"id":106660,"date":"2026-04-14T01:07:48","date_gmt":"2026-04-14T04:07:48","guid":{"rendered":"https:\/\/ubirataonline.com.br\/beyond-the-spider-verse-footage-at-cinemacon\/"},"modified":"2026-04-14T01:07:51","modified_gmt":"2026-04-14T04:07:51","slug":"beyond-the-spider-verse-footage-at-cinemacon","status":"publish","type":"post","link":"https:\/\/ubirataonline.com.br\/en\/beyond-the-spider-verse-footage-at-cinemacon\/","title":{"rendered":"Beyond the Spider-Verse&#8217; Footage At CinemaCon"},"content":{"rendered":"<p><br \/>\n<\/p>\n<div>\n<p class=\"paragraph larva \/\/ lrv-u-margin-lr-auto\">\n\t<em><a href=\"https:\/\/deadline.com\/tag\/spider-man-beyond-the-spider-verse\/\" id=\"auto-tag_spider-man-beyond-the-spider-verse\" data-tag=\"spider-man-beyond-the-spider-verse\">Spider-Man: Beyond the Spider-Verse<\/a><\/em> from <a href=\"https:\/\/deadline.com\/tag\/sony-pictures\/\" id=\"auto-tag_sony-pictures\" data-tag=\"sony-pictures\">Sony Pictures<\/a> Animation swung into <a href=\"https:\/\/deadline.com\/tag\/cinemacon\/\" id=\"auto-tag_cinemacon\" data-tag=\"cinemacon\">CinemaCon<\/a> on Monday with a first-look scene and a big reaction from the room. <\/p>\n<p class=\"paragraph larva \/\/ lrv-u-margin-lr-auto\">\n\tThe third in the Oscar-winning trilogy is set for release June 18, 2027, with Miles Morales (voiced by Shameik Moore) returning after a cliffhanger last chapter. At end of 2023\u2019s\u00a0<em>Across the Spider-<\/em><em>Verse<\/em>, Miles discovered that a parallel version of himself had transformed into the villainous Prowler in an iteration of Earth that lacks a Spider-Man and features a lawless New York City.<\/p>\n<p class=\"paragraph larva \/\/ lrv-u-margin-lr-auto\">\n\tNow, hunted by Miguel O\u2019Hara\u2019s Spider Society and betrayed by his friends, Miles finds himself in the darkest corners of the\u00a0Spider-Verse\u00a0in search of a way home. He is tied up, threatened, confused and angry. Knowing that his family has been not only fractured but endangered by his calling, it\u2019s a race against the clock for Miles to travel across the wildest reaches of time and space to fight for and reunite everything he holds most dear as his uncle and the evil version of himself try to stop him.<\/p>\n<div class=\"post-content-image \/\/\">\n<figure class=\"o-figure   size-large alignnone lrv-u-max-width-100p\" style=\"width:100%; max-width:1024px;\">\n<div class=\"c-lazy-image\">\n<div class=\"lrv-a-crop-16x9\" style=\"padding-bottom:calc((576\/1024)*100%);\"><\/div>\n<\/p><\/div><figcaption class=\"c-figcaption  lrv-u-font-size-12 lrv-u-padding-tb-025\">\n<p>\t\t\t\t\t<span class=\"lrv-u-font-size-16 lrv-u-font-size-14@mobile-max lrv-a-font-body-m u-font-style-italic lrv-u-font-weight-bold lrv-u-font-family-primary u-line-height-20 u-letter-spacing-0 u-line-height-18@mobile-max\">\u2018Spider-Man Beyond the Spider-Verse\u2019<\/span><\/p>\n<p>\t\t\t\t\t\t\t\t\t<cite class=\"lrv-u-text-transform-uppercase lrv-u-color-grey lrv-u-font-size-10 lrv-a-font-basic-xxs lrv-u-margin-l-025\">Sony Animation<\/cite><\/p>\n<\/figcaption><\/figure>\n<\/div>\n<p class=\"paragraph larva \/\/ lrv-u-margin-lr-auto\">\n\tHailee Steinfeld returns as the voice of Gwen Stacy. Brian Tyree Henry, who voices Miles\u2019 dad Jeffrey David, called this installment \u201ceven more epic than the last \u2026 get your hankies ready.\u201d<\/p>\n<p class=\"paragraph larva \/\/ lrv-u-margin-lr-auto\">\n\t<strong>RELATED: <\/strong><a href=\"https:\/\/deadline.com\/2026\/04\/insidious-out-of-the-further-trailer-cinemacon-1236859430\/\" data-type=\"post\" data-id=\"1236859430\"><strong>\u2018Insidious: Out Of The Further\u2019 Trailer Debuts At CinemaCon<\/strong><\/a><\/p>\n<p class=\"paragraph larva \/\/ lrv-u-margin-lr-auto\">\n\tThe films are stylistically groundbreaking and immensely successful. The 2018 first chapter,\u00a0<em>Spider-Man: Into the Spider-Verse,\u00a0<\/em><a href=\"https:\/\/deadline.com\/2019\/02\/2019-oscars-winners-list-91-academy-awards-bohemian-rhapsody-black-panther-1202563721\/\">won the Animated Feature Oscar<\/a>, and <em>Across the Spider-Verse\u00a0<\/em><a href=\"https:\/\/deadline.com\/2024\/01\/2024-oscar-nominations-list-1235801088\/\">garnered a nom<\/a>. Together, both movies have grossed $1.08 billion.<\/p>\n<div class=\"post-content-image \/\/\">\n<figure class=\"o-figure   size-large alignnone lrv-u-max-width-100p\" style=\"width:100%; max-width:1024px;\">\n<div class=\"c-lazy-image\">\n<div class=\"lrv-a-crop-16x9\" style=\"padding-bottom:calc((576\/1024)*100%);\">\n<p>\t\t\t\t\t\t<img loading=\"lazy\" class=\"c-lazy-image__img lrv-u-background-color-grey-lightest lrv-u-width-100p lrv-u-display-block lrv-u-height-auto\" src=\"https:\/\/deadline.com\/wp-content\/themes\/pmc-deadline-2019\/assets\/public\/lazyload-fallback.jpg\" data-lazy-src=\"https:\/\/deadline.com\/wp-content\/uploads\/2026\/04\/Spider-Man-Beyond-the-Spider-Verse-4.jpg?w=300\" alt=\"\" data-lazy-srcset=\"https:\/\/deadline.com\/wp-content\/uploads\/2026\/04\/Spider-Man-Beyond-the-Spider-Verse-4.jpg 1920w, https:\/\/deadline.com\/wp-content\/uploads\/2026\/04\/Spider-Man-Beyond-the-Spider-Verse-4.jpg?resize=150,84 150w, https:\/\/deadline.com\/wp-content\/uploads\/2026\/04\/Spider-Man-Beyond-the-Spider-Verse-4.jpg?resize=300,169 300w, https:\/\/deadline.com\/wp-content\/uploads\/2026\/04\/Spider-Man-Beyond-the-Spider-Verse-4.jpg?resize=1024,576 1024w, https:\/\/deadline.com\/wp-content\/uploads\/2026\/04\/Spider-Man-Beyond-the-Spider-Verse-4.jpg?resize=1536,864 1536w, https:\/\/deadline.com\/wp-content\/uploads\/2026\/04\/Spider-Man-Beyond-the-Spider-Verse-4.jpg?resize=600,338 600w, https:\/\/deadline.com\/wp-content\/uploads\/2026\/04\/Spider-Man-Beyond-the-Spider-Verse-4.jpg?resize=178,100 178w, https:\/\/deadline.com\/wp-content\/uploads\/2026\/04\/Spider-Man-Beyond-the-Spider-Verse-4.jpg?resize=125,70 125w, https:\/\/deadline.com\/wp-content\/uploads\/2026\/04\/Spider-Man-Beyond-the-Spider-Verse-4.jpg?resize=660,370 660w, https:\/\/deadline.com\/wp-content\/uploads\/2026\/04\/Spider-Man-Beyond-the-Spider-Verse-4.jpg?resize=1280,720 1280w, https:\/\/deadline.com\/wp-content\/uploads\/2026\/04\/Spider-Man-Beyond-the-Spider-Verse-4.jpg?resize=1000,563 1000w, https:\/\/deadline.com\/wp-content\/uploads\/2026\/04\/Spider-Man-Beyond-the-Spider-Verse-4.jpg?resize=910,511 910w, https:\/\/deadline.com\/wp-content\/uploads\/2026\/04\/Spider-Man-Beyond-the-Spider-Verse-4.jpg?resize=681,383 681w, https:\/\/deadline.com\/wp-content\/uploads\/2026\/04\/Spider-Man-Beyond-the-Spider-Verse-4.jpg?resize=450,253 450w, https:\/\/deadline.com\/wp-content\/uploads\/2026\/04\/Spider-Man-Beyond-the-Spider-Verse-4.jpg?resize=250,140 250w, https:\/\/deadline.com\/wp-content\/uploads\/2026\/04\/Spider-Man-Beyond-the-Spider-Verse-4.jpg?resize=296,166 296w, https:\/\/deadline.com\/wp-content\/uploads\/2026\/04\/Spider-Man-Beyond-the-Spider-Verse-4.jpg?resize=248,139 248w, https:\/\/deadline.com\/wp-content\/uploads\/2026\/04\/Spider-Man-Beyond-the-Spider-Verse-4.jpg?resize=200,112 200w, https:\/\/deadline.com\/wp-content\/uploads\/2026\/04\/Spider-Man-Beyond-the-Spider-Verse-4.jpg?resize=270,152 270w, https:\/\/deadline.com\/wp-content\/uploads\/2026\/04\/Spider-Man-Beyond-the-Spider-Verse-4.jpg?resize=60,34 60w, https:\/\/deadline.com\/wp-content\/uploads\/2026\/04\/Spider-Man-Beyond-the-Spider-Verse-4.jpg?resize=352,198 352w, https:\/\/deadline.com\/wp-content\/uploads\/2026\/04\/Spider-Man-Beyond-the-Spider-Verse-4.jpg?resize=110,62 110w, https:\/\/deadline.com\/wp-content\/uploads\/2026\/04\/Spider-Man-Beyond-the-Spider-Verse-4.jpg?resize=285,160 285w, https:\/\/deadline.com\/wp-content\/uploads\/2026\/04\/Spider-Man-Beyond-the-Spider-Verse-4.jpg?resize=320,180 320w, https:\/\/deadline.com\/wp-content\/uploads\/2026\/04\/Spider-Man-Beyond-the-Spider-Verse-4.jpg?resize=640,360 640w, https:\/\/deadline.com\/wp-content\/uploads\/2026\/04\/Spider-Man-Beyond-the-Spider-Verse-4.jpg?resize=800,450 800w\" data-lazy-sizes=\"(min-width: 87.5rem) 1000px, (min-width: 78.75rem) 681px, (min-width: 48rem) 450px, (max-width: 48rem) 250px\" height=\"576\" width=\"1024\" decoding=\"async\"\/><\/p><\/div>\n<\/p><\/div><figcaption class=\"c-figcaption  lrv-u-font-size-12 lrv-u-padding-tb-025\">\n<p>\t\t\t\t\t<span class=\"lrv-u-font-size-16 lrv-u-font-size-14@mobile-max lrv-a-font-body-m u-font-style-italic lrv-u-font-weight-bold lrv-u-font-family-primary u-line-height-20 u-letter-spacing-0 u-line-height-18@mobile-max\">\u2018Spider-Man Beyond the Spider-Verse\u2019<\/span><\/p>\n<p>\t\t\t\t\t\t\t\t\t<cite class=\"lrv-u-text-transform-uppercase lrv-u-color-grey lrv-u-font-size-10 lrv-a-font-basic-xxs lrv-u-margin-l-025\">Sony Animation<\/cite><\/p>\n<\/figcaption><\/figure>\n<\/div>\n<p class=\"paragraph larva \/\/ lrv-u-margin-lr-auto\">\n\t<em>Spider-Man: Beyond the Spider-Verse<\/em> is directed by Bob Persichetti and Justin K. Thompson and written by Phil Lord, Christopher Miller and David Callaham based on the Marvel Comics. Lord and Miller also produced with Amy Pascal, Avi Arad and Jinko Gotoh. Executive producers are Aditya Sood and Christina Steinberg.\u00a0<\/p>\n<p class=\"paragraph larva \/\/ lrv-u-margin-lr-auto\">\n\t<strong>RELATED: <a href=\"https:\/\/deadline.com\/2026\/04\/the-social-reckoning-first-look-jeremy-strong-cinemacon-1236859434\/\">Aaron Sorkin Offers First Look At Jeremy Strong\u2019s \u201cProfessional Defendant\u201d Mark Zuckerberg In \u2018The Social Reckoning\u2019 Trailer \u2013 CinemaCon<\/a><\/strong><\/p>\n<p class=\"paragraph larva \/\/ lrv-u-margin-lr-auto\">\n\tLord has reassured fans that they need not worry as all favorite characters will return, along with some new emotional aspects for the teenage hero to explore. And they do. Miles has to deal with a sense of betrayal and turn it into something affirmative, he\u2019s said. \u201cAnd I think that the thing that we try to do with these movies is represent goodness and show how the love that the characters in the movie have for Miles translates into his growth and success.\u201d\u00a0<\/p>\n<div class=\"post-content-image \/\/\">\n<figure class=\"o-figure   size-large alignnone lrv-u-max-width-100p\" style=\"width:100%; max-width:1024px;\">\n<div class=\"c-lazy-image\">\n<div class=\"lrv-a-crop-16x9\" style=\"padding-bottom:calc((576\/1024)*100%);\">\n<p>\t\t\t\t\t\t<img loading=\"lazy\" class=\"c-lazy-image__img lrv-u-background-color-grey-lightest lrv-u-width-100p lrv-u-display-block lrv-u-height-auto\" src=\"https:\/\/deadline.com\/wp-content\/themes\/pmc-deadline-2019\/assets\/public\/lazyload-fallback.jpg\" data-lazy-src=\"https:\/\/deadline.com\/wp-content\/uploads\/2026\/04\/Spider-Man-Beyond-the-Spider-Verse-1.jpg?w=300\" alt=\"\" data-lazy-srcset=\"https:\/\/deadline.com\/wp-content\/uploads\/2026\/04\/Spider-Man-Beyond-the-Spider-Verse-1.jpg 1920w, https:\/\/deadline.com\/wp-content\/uploads\/2026\/04\/Spider-Man-Beyond-the-Spider-Verse-1.jpg?resize=150,84 150w, https:\/\/deadline.com\/wp-content\/uploads\/2026\/04\/Spider-Man-Beyond-the-Spider-Verse-1.jpg?resize=300,169 300w, https:\/\/deadline.com\/wp-content\/uploads\/2026\/04\/Spider-Man-Beyond-the-Spider-Verse-1.jpg?resize=1024,576 1024w, https:\/\/deadline.com\/wp-content\/uploads\/2026\/04\/Spider-Man-Beyond-the-Spider-Verse-1.jpg?resize=1536,864 1536w, https:\/\/deadline.com\/wp-content\/uploads\/2026\/04\/Spider-Man-Beyond-the-Spider-Verse-1.jpg?resize=600,338 600w, https:\/\/deadline.com\/wp-content\/uploads\/2026\/04\/Spider-Man-Beyond-the-Spider-Verse-1.jpg?resize=178,100 178w, https:\/\/deadline.com\/wp-content\/uploads\/2026\/04\/Spider-Man-Beyond-the-Spider-Verse-1.jpg?resize=125,70 125w, https:\/\/deadline.com\/wp-content\/uploads\/2026\/04\/Spider-Man-Beyond-the-Spider-Verse-1.jpg?resize=660,370 660w, https:\/\/deadline.com\/wp-content\/uploads\/2026\/04\/Spider-Man-Beyond-the-Spider-Verse-1.jpg?resize=1280,720 1280w, https:\/\/deadline.com\/wp-content\/uploads\/2026\/04\/Spider-Man-Beyond-the-Spider-Verse-1.jpg?resize=1000,563 1000w, https:\/\/deadline.com\/wp-content\/uploads\/2026\/04\/Spider-Man-Beyond-the-Spider-Verse-1.jpg?resize=910,511 910w, https:\/\/deadline.com\/wp-content\/uploads\/2026\/04\/Spider-Man-Beyond-the-Spider-Verse-1.jpg?resize=681,383 681w, https:\/\/deadline.com\/wp-content\/uploads\/2026\/04\/Spider-Man-Beyond-the-Spider-Verse-1.jpg?resize=450,253 450w, https:\/\/deadline.com\/wp-content\/uploads\/2026\/04\/Spider-Man-Beyond-the-Spider-Verse-1.jpg?resize=250,140 250w, https:\/\/deadline.com\/wp-content\/uploads\/2026\/04\/Spider-Man-Beyond-the-Spider-Verse-1.jpg?resize=296,166 296w, https:\/\/deadline.com\/wp-content\/uploads\/2026\/04\/Spider-Man-Beyond-the-Spider-Verse-1.jpg?resize=248,139 248w, https:\/\/deadline.com\/wp-content\/uploads\/2026\/04\/Spider-Man-Beyond-the-Spider-Verse-1.jpg?resize=200,112 200w, https:\/\/deadline.com\/wp-content\/uploads\/2026\/04\/Spider-Man-Beyond-the-Spider-Verse-1.jpg?resize=270,152 270w, https:\/\/deadline.com\/wp-content\/uploads\/2026\/04\/Spider-Man-Beyond-the-Spider-Verse-1.jpg?resize=60,34 60w, https:\/\/deadline.com\/wp-content\/uploads\/2026\/04\/Spider-Man-Beyond-the-Spider-Verse-1.jpg?resize=352,198 352w, https:\/\/deadline.com\/wp-content\/uploads\/2026\/04\/Spider-Man-Beyond-the-Spider-Verse-1.jpg?resize=110,62 110w, https:\/\/deadline.com\/wp-content\/uploads\/2026\/04\/Spider-Man-Beyond-the-Spider-Verse-1.jpg?resize=285,160 285w, https:\/\/deadline.com\/wp-content\/uploads\/2026\/04\/Spider-Man-Beyond-the-Spider-Verse-1.jpg?resize=320,180 320w, https:\/\/deadline.com\/wp-content\/uploads\/2026\/04\/Spider-Man-Beyond-the-Spider-Verse-1.jpg?resize=640,360 640w, https:\/\/deadline.com\/wp-content\/uploads\/2026\/04\/Spider-Man-Beyond-the-Spider-Verse-1.jpg?resize=800,450 800w\" data-lazy-sizes=\"(min-width: 87.5rem) 1000px, (min-width: 78.75rem) 681px, (min-width: 48rem) 450px, (max-width: 48rem) 250px\" height=\"576\" width=\"1024\" decoding=\"async\"\/><\/p><\/div>\n<\/p><\/div><figcaption class=\"c-figcaption  lrv-u-font-size-12 lrv-u-padding-tb-025\">\n<p>\t\t\t\t\t<span class=\"lrv-u-font-size-16 lrv-u-font-size-14@mobile-max lrv-a-font-body-m u-font-style-italic lrv-u-font-weight-bold lrv-u-font-family-primary u-line-height-20 u-letter-spacing-0 u-line-height-18@mobile-max\">\u2018Spider-Man Beyond the Spider-Verse\u2019<\/span><\/p>\n<p>\t\t\t\t\t\t\t\t\t<cite class=\"lrv-u-text-transform-uppercase lrv-u-color-grey lrv-u-font-size-10 lrv-a-font-basic-xxs lrv-u-margin-l-025\">Sony Animation<\/cite><\/p>\n<\/figcaption><\/figure>\n<\/div>\n<p class=\"paragraph larva \/\/ lrv-u-margin-lr-auto\">\n\tLord, Miller, Persichetti and Thompson introduced the clip of some early footage from the beginning of the movie, still rough, formatted for PLF for the first time. \u201cThe Sony Animation team is all about pushing boundaries \u2013 that is their super power,\u201d said Lord.<\/p>\n<p class=\"paragraph larva \/\/ lrv-u-margin-lr-auto\">\n\t<strong>RELATED: <a href=\"https:\/\/deadline.com\/2026\/04\/resident-evil-first-look-cinemacon-zach-cregger-1236859483\/\">Austin Abrams In \u201cA Seriously F*cked-Up Situation\u201d In First Look At Zach Cregger\u2019s \u2018Resident Evil\u2019 \u2013 CinemaCon<\/a><\/strong><\/p>\n<p class=\"paragraph larva \/\/ lrv-u-margin-lr-auto\">\n\t<strong>RELATED: <a href=\"https:\/\/deadline.com\/2026\/04\/sony-tom-rothman-cinemacon-2-1236859487\/\">Sony\u2019s Tom Rothman Tells Theaters To Enforce Longer Windows, Scrap Ads, Offer Cheaper Tickets For Long Term Health Of Industry \u2013 CinemaCon<\/a><\/strong><\/p>\n<\/div>\n<p><br \/>\n<br \/><a href=\"https:\/\/deadline.com\/2026\/04\/spider-man-beyond-the-spider-verse-first-look-cinemacom-1236859437\/\">Source link <\/a><\/p>","protected":false},"excerpt":{"rendered":"<p>Spider-Man: Beyond the Spider-Verse from Sony Pictures Animation swung into CinemaCon on Monday with a first-look scene and a big reaction from the room. The third in the Oscar-winning trilogy is set for release June 18, 2027, with Miles Morales (voiced by Shameik Moore) returning after a cliffhanger last chapter. At end of 2023\u2019s\u00a0Across the [&hellip;]<\/p>\n","protected":false},"author":1,"featured_media":106661,"comment_status":"closed","ping_status":"","sticky":false,"template":"","format":"standard","meta":{"googlesitekit_rrm_CAow2JLhCw:productID":"","_gspb_post_css":"","maa_idioma":"","maa_pais":"","footnotes":""},"categories":[1],"tags":[28021,12855,28020],"class_list":["post-106660","post","type-post","status-publish","format-standard","has-post-thumbnail","hentry","category-ubirata","tag-cinemacon","tag-footage","tag-spiderverse"],"blocksy_meta":[],"yoast_head":"<!-- This site is optimized with the Yoast SEO Premium plugin v27.6 (Yoast SEO v27.6) - https:\/\/yoast.com\/product\/yoast-seo-premium-wordpress\/ -->\n<title>Beyond the Spider-Verse&#039; Footage At CinemaCon - Ubirat\u00e3 Online Not\u00edcias - A realidade ao seu alcance!<\/title>\n<meta name=\"description\" content=\"Spider-Man: Beyond the Spider-Verse from Sony Pictures Animation swung into CinemaCon on Monday with a first-look scene and a big reaction from the room.\" \/>\n<meta name=\"robots\" content=\"index, follow, max-snippet:-1, max-image-preview:large, max-video-preview:-1\" \/>\n<link rel=\"canonical\" href=\"https:\/\/ubirataonline.com.br\/en\/beyond-the-spider-verse-footage-at-cinemacon\/\" \/>\n<meta property=\"og:locale\" content=\"en_US\" \/>\n<meta property=\"og:type\" content=\"article\" \/>\n<meta property=\"og:title\" content=\"Beyond the Spider-Verse&#039; Footage At CinemaCon\" \/>\n<meta property=\"og:description\" content=\"Spider-Man: Beyond the Spider-Verse from Sony Pictures Animation swung into CinemaCon on Monday with a first-look scene and a big reaction from the room.\" \/>\n<meta property=\"og:url\" content=\"https:\/\/ubirataonline.com.br\/en\/beyond-the-spider-verse-footage-at-cinemacon\/\" \/>\n<meta property=\"og:site_name\" content=\"Ubirat\u00e3 Online Not\u00edcias - A realidade ao seu alcance!\" \/>\n<meta property=\"article:publisher\" content=\"https:\/\/www.facebook.com\/portalubirataonline\" \/>\n<meta property=\"article:author\" content=\"https:\/\/www.facebook.com\/portalubirataonline\" \/>\n<meta property=\"article:published_time\" content=\"2026-04-14T04:07:48+00:00\" \/>\n<meta property=\"article:modified_time\" content=\"2026-04-14T04:07:51+00:00\" \/>\n<meta property=\"og:image\" content=\"https:\/\/ubirataonline.com.br\/wp-content\/uploads\/2026\/04\/Beyond-the-Spider-Verse-Footage-At-CinemaCon.jpg\" \/>\n\t<meta property=\"og:image:width\" content=\"1024\" \/>\n\t<meta property=\"og:image:height\" content=\"576\" \/>\n\t<meta property=\"og:image:type\" content=\"image\/jpeg\" \/>\n<meta name=\"author\" content=\"REDA\u00c7\u00c3O: UBIRAT\u00c3 ONLINE - F\u00c1BIO AUGUSTO CELESTINO\" \/>\n<meta name=\"twitter:card\" content=\"summary_large_image\" \/>\n<meta name=\"twitter:creator\" content=\"@x.com\/ubirataonline\" \/>\n<meta name=\"twitter:site\" content=\"@ubirataonline\" \/>\n<meta name=\"twitter:label1\" content=\"Written by\" \/>\n\t<meta name=\"twitter:data1\" content=\"REDA\u00c7\u00c3O: UBIRAT\u00c3 ONLINE - F\u00c1BIO AUGUSTO CELESTINO\" \/>\n\t<meta name=\"twitter:label2\" content=\"Est. reading time\" \/>\n\t<meta name=\"twitter:data2\" content=\"3 minutes\" \/>\n<script type=\"application\/ld+json\" class=\"yoast-schema-graph\">{\"@context\":\"https:\\\/\\\/schema.org\",\"@graph\":[{\"@type\":\"NewsArticle\",\"@id\":\"https:\\\/\\\/ubirataonline.com.br\\\/beyond-the-spider-verse-footage-at-cinemacon\\\/#article\",\"isPartOf\":{\"@id\":\"https:\\\/\\\/ubirataonline.com.br\\\/beyond-the-spider-verse-footage-at-cinemacon\\\/\"},\"author\":{\"name\":\"REDA\u00c7\u00c3O: UBIRAT\u00c3 ONLINE - F\u00c1BIO AUGUSTO CELESTINO\",\"@id\":\"https:\\\/\\\/ubirataonline.com.br\\\/#\\\/schema\\\/person\\\/372f87bbd3fdd79b8556b84c98d0bc1c\"},\"headline\":\"Beyond the Spider-Verse&#8217; Footage At CinemaCon\",\"datePublished\":\"2026-04-14T04:07:48+00:00\",\"dateModified\":\"2026-04-14T04:07:51+00:00\",\"mainEntityOfPage\":{\"@id\":\"https:\\\/\\\/ubirataonline.com.br\\\/beyond-the-spider-verse-footage-at-cinemacon\\\/\"},\"wordCount\":521,\"publisher\":{\"@id\":\"https:\\\/\\\/ubirataonline.com.br\\\/#organization\"},\"image\":{\"@id\":\"https:\\\/\\\/ubirataonline.com.br\\\/beyond-the-spider-verse-footage-at-cinemacon\\\/#primaryimage\"},\"thumbnailUrl\":\"https:\\\/\\\/ubirataonline.com.br\\\/wp-content\\\/uploads\\\/2026\\\/04\\\/Beyond-the-Spider-Verse-Footage-At-CinemaCon.jpg\",\"keywords\":[\"CinemaCon\",\"Footage\",\"SpiderVerse\"],\"articleSection\":[\"Ubirat\u00e3\"],\"inLanguage\":\"en-US\",\"copyrightYear\":\"2026\",\"copyrightHolder\":{\"@id\":\"https:\\\/\\\/ubirataonline.com.br\\\/en\\\/#organization\"}},{\"@type\":\"WebPage\",\"@id\":\"https:\\\/\\\/ubirataonline.com.br\\\/beyond-the-spider-verse-footage-at-cinemacon\\\/\",\"url\":\"https:\\\/\\\/ubirataonline.com.br\\\/beyond-the-spider-verse-footage-at-cinemacon\\\/\",\"name\":\"Beyond the Spider-Verse' Footage At CinemaCon - Ubirat\u00e3 Online Not\u00edcias - A realidade ao seu alcance!\",\"isPartOf\":{\"@id\":\"https:\\\/\\\/ubirataonline.com.br\\\/#website\"},\"primaryImageOfPage\":{\"@id\":\"https:\\\/\\\/ubirataonline.com.br\\\/beyond-the-spider-verse-footage-at-cinemacon\\\/#primaryimage\"},\"image\":{\"@id\":\"https:\\\/\\\/ubirataonline.com.br\\\/beyond-the-spider-verse-footage-at-cinemacon\\\/#primaryimage\"},\"thumbnailUrl\":\"https:\\\/\\\/ubirataonline.com.br\\\/wp-content\\\/uploads\\\/2026\\\/04\\\/Beyond-the-Spider-Verse-Footage-At-CinemaCon.jpg\",\"datePublished\":\"2026-04-14T04:07:48+00:00\",\"dateModified\":\"2026-04-14T04:07:51+00:00\",\"description\":\"Spider-Man: Beyond the Spider-Verse from Sony Pictures Animation swung into CinemaCon on Monday with a first-look scene and a big reaction from the room.\",\"breadcrumb\":{\"@id\":\"https:\\\/\\\/ubirataonline.com.br\\\/beyond-the-spider-verse-footage-at-cinemacon\\\/#breadcrumb\"},\"inLanguage\":\"en-US\",\"potentialAction\":[{\"@type\":\"ReadAction\",\"target\":[\"https:\\\/\\\/ubirataonline.com.br\\\/beyond-the-spider-verse-footage-at-cinemacon\\\/\"]}]},{\"@type\":\"ImageObject\",\"inLanguage\":\"en-US\",\"@id\":\"https:\\\/\\\/ubirataonline.com.br\\\/beyond-the-spider-verse-footage-at-cinemacon\\\/#primaryimage\",\"url\":\"https:\\\/\\\/ubirataonline.com.br\\\/wp-content\\\/uploads\\\/2026\\\/04\\\/Beyond-the-Spider-Verse-Footage-At-CinemaCon.jpg\",\"contentUrl\":\"https:\\\/\\\/ubirataonline.com.br\\\/wp-content\\\/uploads\\\/2026\\\/04\\\/Beyond-the-Spider-Verse-Footage-At-CinemaCon.jpg\",\"width\":1024,\"height\":576,\"caption\":\"'Spider-Man Beyond the Spider-Verse' Sony Animation\"},{\"@type\":\"BreadcrumbList\",\"@id\":\"https:\\\/\\\/ubirataonline.com.br\\\/beyond-the-spider-verse-footage-at-cinemacon\\\/#breadcrumb\",\"itemListElement\":[{\"@type\":\"ListItem\",\"position\":1,\"name\":\"In\u00edcio\",\"item\":\"https:\\\/\\\/ubirataonline.com.br\\\/\"},{\"@type\":\"ListItem\",\"position\":2,\"name\":\"Beyond the Spider-Verse&#8217; Footage At CinemaCon\"}]},{\"@type\":\"WebSite\",\"@id\":\"https:\\\/\\\/ubirataonline.com.br\\\/#website\",\"url\":\"https:\\\/\\\/ubirataonline.com.br\\\/\",\"name\":\"Ubirat\u00e3 Online Not\u00edcias\",\"description\":\"Not\u00edcias de Ubirat\u00e3, regi\u00e3o, Brasil e mundo, com informa\u00e7\u00e3o atualizada e compromisso com o leitor.\",\"publisher\":{\"@id\":\"https:\\\/\\\/ubirataonline.com.br\\\/#organization\"},\"alternateName\":\"Ubirat\u00e3 Online\",\"potentialAction\":[{\"@type\":\"SearchAction\",\"target\":{\"@type\":\"EntryPoint\",\"urlTemplate\":\"https:\\\/\\\/ubirataonline.com.br\\\/?s={search_term_string}\"},\"query-input\":{\"@type\":\"PropertyValueSpecification\",\"valueRequired\":true,\"valueName\":\"search_term_string\"}}],\"inLanguage\":\"en-US\"},{\"@type\":[\"Organization\",\"Place\"],\"@id\":\"https:\\\/\\\/ubirataonline.com.br\\\/#organization\",\"name\":\"Ubirat\u00e3 Online Not\u00edcias\",\"alternateName\":\"Ubirat\u00e3 Online\",\"url\":\"https:\\\/\\\/ubirataonline.com.br\\\/\",\"logo\":{\"@id\":\"https:\\\/\\\/ubirataonline.com.br\\\/beyond-the-spider-verse-footage-at-cinemacon\\\/#local-main-organization-logo\"},\"image\":{\"@id\":\"https:\\\/\\\/ubirataonline.com.br\\\/beyond-the-spider-verse-footage-at-cinemacon\\\/#local-main-organization-logo\"},\"sameAs\":[\"https:\\\/\\\/www.facebook.com\\\/portalubirataonline\",\"https:\\\/\\\/x.com\\\/ubirataonline\",\"https:\\\/\\\/mastodon.social\\\/@ubirataonline\",\"https:\\\/\\\/www.facebook.com\\\/groups\\\/311144672285604\",\"https:\\\/\\\/www.facebook.com\\\/UBTAOnline\",\"https:\\\/\\\/www.instagram.com\\\/portalubirataonline\\\/\",\"https:\\\/\\\/twitter.com\\\/ubirataonline\"],\"description\":\"Somos um portal de not\u00edcias independente, criado em 5 de janeiro de 2009, com o objetivo de informar, conectar e valorizar a nossa comunidade de Ubirat\u00e3 e toda aregi\u00e3o. Com conte\u00fado atualizado, confi\u00e1vel e relevante, o Ubirat\u00e3 Online \u00e9 o seu espa\u00e7o para ficar por dentro dos principais acontecimentos locais, regionais, Brasil, Mundo e de interesse geral. Nosso compromisso \u00e9 com a verdade, a transpar\u00eancia e o respeito ao leitor.\",\"legalName\":\"UBIRATA ONLINE NOT\u00cdCIAS\",\"foundingDate\":\"2009-01-05\",\"numberOfEmployees\":{\"@type\":\"QuantitativeValue\",\"minValue\":\"1\",\"maxValue\":\"10\"},\"publishingPrinciples\":\"https:\\\/\\\/ubirataonline.com.br\\\/faq\\\/\",\"address\":{\"@id\":\"https:\\\/\\\/ubirataonline.com.br\\\/beyond-the-spider-verse-footage-at-cinemacon\\\/#local-main-place-address\"},\"geo\":{\"@type\":\"GeoCoordinates\",\"latitude\":\"-24.5361401\",\"longitude\":\"-52.9921776\"},\"telephone\":[\"+5544998308235\"],\"contactPoint\":{\"@type\":\"ContactPoint\",\"email\":\"contato@ubirataonline.com.br\"},\"openingHoursSpecification\":{\"@type\":\"OpeningHoursSpecification\",\"dayOfWeek\":[\"Monday\",\"Tuesday\",\"Wednesday\",\"Thursday\",\"Friday\",\"Saturday\",\"Sunday\"],\"opens\":\"00:00\",\"closes\":\"23:59\"},\"email\":\"contato@ubirataonline.com.br\",\"vatID\":\"47.621.418\\\/0001-80\"},{\"@type\":\"Person\",\"@id\":\"https:\\\/\\\/ubirataonline.com.br\\\/#\\\/schema\\\/person\\\/372f87bbd3fdd79b8556b84c98d0bc1c\",\"name\":\"REDA\u00c7\u00c3O: UBIRAT\u00c3 ONLINE - F\u00c1BIO AUGUSTO CELESTINO\",\"pronouns\":\"Ele\",\"description\":\"Desde 2003 trabalhando com not\u00edcias.\",\"sameAs\":[\"http:\\\/\\\/ubirataoline.com.br\",\"https:\\\/\\\/www.facebook.com\\\/portalubirataonline\",\"https:\\\/\\\/www.instagram.com\\\/ubirataonline_oficial\",\"https:\\\/\\\/x.com\\\/x.com\\\/ubirataonline\"],\"honorificPrefix\":\"Mr.\",\"honorificSuffix\":\"MD\",\"birthDate\":\"1980-06-16\",\"gender\":\"masculino\",\"award\":[\"V\u00e1rios pr\u00eamios de melhor portal da cidade\"],\"jobTitle\":\"Diretor\",\"url\":\"https:\\\/\\\/ubirataonline.com.br\\\/en\\\/author\\\/ubirataonline\\\/\"},{\"@type\":\"PostalAddress\",\"@id\":\"https:\\\/\\\/ubirataonline.com.br\\\/beyond-the-spider-verse-footage-at-cinemacon\\\/#local-main-place-address\",\"streetAddress\":\"Rua dos Coqueiros, 104 - Bairro Boa Vista, Rua dos Coqueiros, 104 Bairro Boa Vista\",\"addressLocality\":\"UBIRATA\",\"postalCode\":\"85440-000\",\"addressRegion\":\"PR\",\"addressCountry\":\"BR\"},{\"@type\":\"ImageObject\",\"inLanguage\":\"en-US\",\"@id\":\"https:\\\/\\\/ubirataonline.com.br\\\/beyond-the-spider-verse-footage-at-cinemacon\\\/#local-main-organization-logo\",\"url\":\"https:\\\/\\\/ubirataonline.com.br\\\/wp-content\\\/uploads\\\/2026\\\/06\\\/logoubirataonline-1.webp\",\"contentUrl\":\"https:\\\/\\\/ubirataonline.com.br\\\/wp-content\\\/uploads\\\/2026\\\/06\\\/logoubirataonline-1.webp\",\"width\":500,\"height\":500,\"caption\":\"Ubirat\u00e3 Online Not\u00edcias\"}]}<\/script>\n<meta name=\"geo.placename\" content=\"UBIRATA\" \/>\n<meta name=\"geo.position\" content=\"-24.5361401;-52.9921776\" \/>\n<meta name=\"geo.region\" content=\"Brazil\" \/>\n<!-- \/ Yoast SEO Premium plugin. -->","yoast_head_json":{"title":"Beyond the Spider-Verse' Footage At CinemaCon - Ubirat\u00e3 Online Not\u00edcias - A realidade ao seu alcance!","description":"Spider-Man: Beyond the Spider-Verse from Sony Pictures Animation swung into CinemaCon on Monday with a first-look scene and a big reaction from the room.","robots":{"index":"index","follow":"follow","max-snippet":"max-snippet:-1","max-image-preview":"max-image-preview:large","max-video-preview":"max-video-preview:-1"},"canonical":"https:\/\/ubirataonline.com.br\/en\/beyond-the-spider-verse-footage-at-cinemacon\/","og_locale":"en_US","og_type":"article","og_title":"Beyond the Spider-Verse' Footage At CinemaCon","og_description":"Spider-Man: Beyond the Spider-Verse from Sony Pictures Animation swung into CinemaCon on Monday with a first-look scene and a big reaction from the room.","og_url":"https:\/\/ubirataonline.com.br\/en\/beyond-the-spider-verse-footage-at-cinemacon\/","og_site_name":"Ubirat\u00e3 Online Not\u00edcias - A realidade ao seu alcance!","article_publisher":"https:\/\/www.facebook.com\/portalubirataonline","article_author":"https:\/\/www.facebook.com\/portalubirataonline","article_published_time":"2026-04-14T04:07:48+00:00","article_modified_time":"2026-04-14T04:07:51+00:00","og_image":[{"width":1024,"height":576,"url":"https:\/\/ubirataonline.com.br\/wp-content\/uploads\/2026\/04\/Beyond-the-Spider-Verse-Footage-At-CinemaCon.jpg","type":"image\/jpeg"}],"author":"REDA\u00c7\u00c3O: UBIRAT\u00c3 ONLINE - F\u00c1BIO AUGUSTO CELESTINO","twitter_card":"summary_large_image","twitter_creator":"@x.com\/ubirataonline","twitter_site":"@ubirataonline","twitter_misc":{"Written by":"REDA\u00c7\u00c3O: UBIRAT\u00c3 ONLINE - F\u00c1BIO AUGUSTO CELESTINO","Est. reading time":"3 minutes"},"schema":{"@context":"https:\/\/schema.org","@graph":[{"@type":"NewsArticle","@id":"https:\/\/ubirataonline.com.br\/beyond-the-spider-verse-footage-at-cinemacon\/#article","isPartOf":{"@id":"https:\/\/ubirataonline.com.br\/beyond-the-spider-verse-footage-at-cinemacon\/"},"author":{"name":"REDA\u00c7\u00c3O: UBIRAT\u00c3 ONLINE - F\u00c1BIO AUGUSTO CELESTINO","@id":"https:\/\/ubirataonline.com.br\/#\/schema\/person\/372f87bbd3fdd79b8556b84c98d0bc1c"},"headline":"Beyond the Spider-Verse&#8217; Footage At CinemaCon","datePublished":"2026-04-14T04:07:48+00:00","dateModified":"2026-04-14T04:07:51+00:00","mainEntityOfPage":{"@id":"https:\/\/ubirataonline.com.br\/beyond-the-spider-verse-footage-at-cinemacon\/"},"wordCount":521,"publisher":{"@id":"https:\/\/ubirataonline.com.br\/#organization"},"image":{"@id":"https:\/\/ubirataonline.com.br\/beyond-the-spider-verse-footage-at-cinemacon\/#primaryimage"},"thumbnailUrl":"https:\/\/ubirataonline.com.br\/wp-content\/uploads\/2026\/04\/Beyond-the-Spider-Verse-Footage-At-CinemaCon.jpg","keywords":["CinemaCon","Footage","SpiderVerse"],"articleSection":["Ubirat\u00e3"],"inLanguage":"en-US","copyrightYear":"2026","copyrightHolder":{"@id":"https:\/\/ubirataonline.com.br\/en\/#organization"}},{"@type":"WebPage","@id":"https:\/\/ubirataonline.com.br\/beyond-the-spider-verse-footage-at-cinemacon\/","url":"https:\/\/ubirataonline.com.br\/beyond-the-spider-verse-footage-at-cinemacon\/","name":"Beyond the Spider-Verse' Footage At CinemaCon - Ubirat\u00e3 Online Not\u00edcias - A realidade ao seu alcance!","isPartOf":{"@id":"https:\/\/ubirataonline.com.br\/#website"},"primaryImageOfPage":{"@id":"https:\/\/ubirataonline.com.br\/beyond-the-spider-verse-footage-at-cinemacon\/#primaryimage"},"image":{"@id":"https:\/\/ubirataonline.com.br\/beyond-the-spider-verse-footage-at-cinemacon\/#primaryimage"},"thumbnailUrl":"https:\/\/ubirataonline.com.br\/wp-content\/uploads\/2026\/04\/Beyond-the-Spider-Verse-Footage-At-CinemaCon.jpg","datePublished":"2026-04-14T04:07:48+00:00","dateModified":"2026-04-14T04:07:51+00:00","description":"Spider-Man: Beyond the Spider-Verse from Sony Pictures Animation swung into CinemaCon on Monday with a first-look scene and a big reaction from the room.","breadcrumb":{"@id":"https:\/\/ubirataonline.com.br\/beyond-the-spider-verse-footage-at-cinemacon\/#breadcrumb"},"inLanguage":"en-US","potentialAction":[{"@type":"ReadAction","target":["https:\/\/ubirataonline.com.br\/beyond-the-spider-verse-footage-at-cinemacon\/"]}]},{"@type":"ImageObject","inLanguage":"en-US","@id":"https:\/\/ubirataonline.com.br\/beyond-the-spider-verse-footage-at-cinemacon\/#primaryimage","url":"https:\/\/ubirataonline.com.br\/wp-content\/uploads\/2026\/04\/Beyond-the-Spider-Verse-Footage-At-CinemaCon.jpg","contentUrl":"https:\/\/ubirataonline.com.br\/wp-content\/uploads\/2026\/04\/Beyond-the-Spider-Verse-Footage-At-CinemaCon.jpg","width":1024,"height":576,"caption":"'Spider-Man Beyond the Spider-Verse' Sony Animation"},{"@type":"BreadcrumbList","@id":"https:\/\/ubirataonline.com.br\/beyond-the-spider-verse-footage-at-cinemacon\/#breadcrumb","itemListElement":[{"@type":"ListItem","position":1,"name":"In\u00edcio","item":"https:\/\/ubirataonline.com.br\/"},{"@type":"ListItem","position":2,"name":"Beyond the Spider-Verse&#8217; Footage At CinemaCon"}]},{"@type":"WebSite","@id":"https:\/\/ubirataonline.com.br\/#website","url":"https:\/\/ubirataonline.com.br\/","name":"Ubirat\u00e3 Online Not\u00edcias","description":"Not\u00edcias de Ubirat\u00e3, regi\u00e3o, Brasil e mundo, com informa\u00e7\u00e3o atualizada e compromisso com o leitor.","publisher":{"@id":"https:\/\/ubirataonline.com.br\/#organization"},"alternateName":"Ubirat\u00e3 Online","potentialAction":[{"@type":"SearchAction","target":{"@type":"EntryPoint","urlTemplate":"https:\/\/ubirataonline.com.br\/?s={search_term_string}"},"query-input":{"@type":"PropertyValueSpecification","valueRequired":true,"valueName":"search_term_string"}}],"inLanguage":"en-US"},{"@type":["Organization","Place"],"@id":"https:\/\/ubirataonline.com.br\/#organization","name":"Ubirat\u00e3 Online Not\u00edcias","alternateName":"Ubirat\u00e3 Online","url":"https:\/\/ubirataonline.com.br\/","logo":{"@id":"https:\/\/ubirataonline.com.br\/beyond-the-spider-verse-footage-at-cinemacon\/#local-main-organization-logo"},"image":{"@id":"https:\/\/ubirataonline.com.br\/beyond-the-spider-verse-footage-at-cinemacon\/#local-main-organization-logo"},"sameAs":["https:\/\/www.facebook.com\/portalubirataonline","https:\/\/x.com\/ubirataonline","https:\/\/mastodon.social\/@ubirataonline","https:\/\/www.facebook.com\/groups\/311144672285604","https:\/\/www.facebook.com\/UBTAOnline","https:\/\/www.instagram.com\/portalubirataonline\/","https:\/\/twitter.com\/ubirataonline"],"description":"Somos um portal de not\u00edcias independente, criado em 5 de janeiro de 2009, com o objetivo de informar, conectar e valorizar a nossa comunidade de Ubirat\u00e3 e toda aregi\u00e3o. Com conte\u00fado atualizado, confi\u00e1vel e relevante, o Ubirat\u00e3 Online \u00e9 o seu espa\u00e7o para ficar por dentro dos principais acontecimentos locais, regionais, Brasil, Mundo e de interesse geral. Nosso compromisso \u00e9 com a verdade, a transpar\u00eancia e o respeito ao leitor.","legalName":"UBIRATA ONLINE NOT\u00cdCIAS","foundingDate":"2009-01-05","numberOfEmployees":{"@type":"QuantitativeValue","minValue":"1","maxValue":"10"},"publishingPrinciples":"https:\/\/ubirataonline.com.br\/faq\/","address":{"@id":"https:\/\/ubirataonline.com.br\/beyond-the-spider-verse-footage-at-cinemacon\/#local-main-place-address"},"geo":{"@type":"GeoCoordinates","latitude":"-24.5361401","longitude":"-52.9921776"},"telephone":["+5544998308235"],"contactPoint":{"@type":"ContactPoint","email":"contato@ubirataonline.com.br"},"openingHoursSpecification":{"@type":"OpeningHoursSpecification","dayOfWeek":["Monday","Tuesday","Wednesday","Thursday","Friday","Saturday","Sunday"],"opens":"00:00","closes":"23:59"},"email":"contato@ubirataonline.com.br","vatID":"47.621.418\/0001-80"},{"@type":"Person","@id":"https:\/\/ubirataonline.com.br\/#\/schema\/person\/372f87bbd3fdd79b8556b84c98d0bc1c","name":"REDA\u00c7\u00c3O: UBIRAT\u00c3 ONLINE - F\u00c1BIO AUGUSTO CELESTINO","pronouns":"Ele","description":"Desde 2003 trabalhando com not\u00edcias.","sameAs":["http:\/\/ubirataoline.com.br","https:\/\/www.facebook.com\/portalubirataonline","https:\/\/www.instagram.com\/ubirataonline_oficial","https:\/\/x.com\/x.com\/ubirataonline"],"honorificPrefix":"Mr.","honorificSuffix":"MD","birthDate":"1980-06-16","gender":"masculino","award":["V\u00e1rios pr\u00eamios de melhor portal da cidade"],"jobTitle":"Diretor","url":"https:\/\/ubirataonline.com.br\/en\/author\/ubirataonline\/"},{"@type":"PostalAddress","@id":"https:\/\/ubirataonline.com.br\/beyond-the-spider-verse-footage-at-cinemacon\/#local-main-place-address","streetAddress":"Rua dos Coqueiros, 104 - Bairro Boa Vista, Rua dos Coqueiros, 104 Bairro Boa Vista","addressLocality":"UBIRATA","postalCode":"85440-000","addressRegion":"PR","addressCountry":"BR"},{"@type":"ImageObject","inLanguage":"en-US","@id":"https:\/\/ubirataonline.com.br\/beyond-the-spider-verse-footage-at-cinemacon\/#local-main-organization-logo","url":"https:\/\/ubirataonline.com.br\/wp-content\/uploads\/2026\/06\/logoubirataonline-1.webp","contentUrl":"https:\/\/ubirataonline.com.br\/wp-content\/uploads\/2026\/06\/logoubirataonline-1.webp","width":500,"height":500,"caption":"Ubirat\u00e3 Online Not\u00edcias"}]},"geo.placename":"UBIRATA","geo.position":{"lat":"-24.5361401","long":"-52.9921776"},"geo.region":"Brazil"},"_links":{"self":[{"href":"https:\/\/ubirataonline.com.br\/en\/wp-json\/wp\/v2\/posts\/106660","targetHints":{"allow":["GET"]}}],"collection":[{"href":"https:\/\/ubirataonline.com.br\/en\/wp-json\/wp\/v2\/posts"}],"about":[{"href":"https:\/\/ubirataonline.com.br\/en\/wp-json\/wp\/v2\/types\/post"}],"author":[{"embeddable":true,"href":"https:\/\/ubirataonline.com.br\/en\/wp-json\/wp\/v2\/users\/1"}],"replies":[{"embeddable":true,"href":"https:\/\/ubirataonline.com.br\/en\/wp-json\/wp\/v2\/comments?post=106660"}],"version-history":[{"count":0,"href":"https:\/\/ubirataonline.com.br\/en\/wp-json\/wp\/v2\/posts\/106660\/revisions"}],"wp:featuredmedia":[{"embeddable":true,"href":"https:\/\/ubirataonline.com.br\/en\/wp-json\/wp\/v2\/media\/106661"}],"wp:attachment":[{"href":"https:\/\/ubirataonline.com.br\/en\/wp-json\/wp\/v2\/media?parent=106660"}],"wp:term":[{"taxonomy":"category","embeddable":true,"href":"https:\/\/ubirataonline.com.br\/en\/wp-json\/wp\/v2\/categories?post=106660"},{"taxonomy":"post_tag","embeddable":true,"href":"https:\/\/ubirataonline.com.br\/en\/wp-json\/wp\/v2\/tags?post=106660"}],"curies":[{"name":"wp","href":"https:\/\/api.w.org\/{rel}","templated":true}]}}