{"id":106668,"date":"2026-04-14T01:19:51","date_gmt":"2026-04-14T04:19:51","guid":{"rendered":"https:\/\/ubirataonline.com.br\/north-west-brings-the-duck-manicure-to-coachella-2026\/"},"modified":"2026-04-14T01:19:56","modified_gmt":"2026-04-14T04:19:56","slug":"north-west-brings-the-duck-manicure-to-coachella-2026","status":"publish","type":"post","link":"https:\/\/ubirataonline.com.br\/en\/north-west-brings-the-duck-manicure-to-coachella-2026\/","title":{"rendered":"North West Brings the Duck Manicure to Coachella 2026"},"content":{"rendered":"<p><\/p>\n<div data-article-body=\"true\">\n<p class=\"mb-4 text-lg md:leading-8 break-words\"><cite class=\"credit\">EVGA\/BACKGRID<\/cite><\/p>\n<p class=\"mb-4 text-lg md:leading-8 break-words\"><a href=\"https:\/\/www.yahoo.com\/entertainment\/music\/articles\/coachella-2026-lineup-reveals-sabrina-093905463.html\" data-ylk=\"slk:Coachella 2026;elm:context_link;itc:0;sec:content-canvas;outcm:mb_qualified_link;_E:mb_qualified_link;ct:story;\" data-yga=\"{&quot;yLinkElement&quot;:&quot;context_link&quot;,&quot;yModuleName&quot;:&quot;content-canvas&quot;,&quot;yLinkText&quot;:&quot;Coachella 2026&quot;}\" class=\"link  yahoo-link\">Coachella 2026<\/a> weekend 1 is already over, but we got plenty of style inspo to hold us over thanks to North West. The 12-year-old brought her signature <a href=\"https:\/\/www.teenvogue.com\/story\/alt-style-is-coming-back-women-leading-the-charge?utm_source=yahoo&amp;utm_medium=syndication&amp;mbid=synd_yahoo_rss\" rel=\"nofollow noopener\" target=\"_blank\" data-ylk=\"slk:punk style;elm:context_link;itc:0;sec:content-canvas\" data-yga=\"{&quot;yLinkElement&quot;:&quot;context_link&quot;,&quot;yModuleName&quot;:&quot;content-canvas&quot;,&quot;yLinkText&quot;:&quot;punk style&quot;}\" class=\"link \">punk style<\/a> to the festival with a few special twists.<\/p>\n<p class=\"mb-4 text-lg md:leading-8 break-words\">Yesterday, April 12, West paired her go-to graphic tee look with pleated skirt. She also took the accessories to another level for day 3. She put on a spiky black hat over her long blue hair. Though she opted for matte black spikes on the hat, her bracelets and necklaces were covered in silver spikes, creating a dynamic look, especially under the festival lights. She even wore a pair of black suede boots with silver spikes.<\/p>\n<p class=\"mb-4 text-lg md:leading-8 break-words\">On <a href=\"https:\/\/www.tiktok.com\/@kimandnorth\/video\/7628050400947473694\" rel=\"nofollow noopener\" target=\"_blank\" data-ylk=\"slk:TikTok;elm:context_link;itc:0;sec:content-canvas\" data-yga=\"{&quot;yLinkElement&quot;:&quot;context_link&quot;,&quot;yModuleName&quot;:&quot;content-canvas&quot;,&quot;yLinkText&quot;:&quot;TikTok&quot;}\" class=\"link \">TikTok<\/a>, West also gave us a closer look at her manicure for the weekend. She opted for a medium-length duck-shaped set covered in a light gray shade that was almost white. She wore a black french tip with matching gems on some fingers, charms and art on the others, and faux piercings on a few too.<\/p>\n<h4 class=\"mb-4 text-lg font-bold\"><strong>Read more:<\/strong> <a href=\"https:\/\/www.yahoo.com\/entertainment\/music\/articles\/major-coachella-2026-moments-katseye-131451397.html\" data-ylk=\"slk:The Best and Worst Coachella 2026 Moments;elm:context_link;itc:0;sec:content-canvas;outcm:mb_qualified_link;_E:mb_qualified_link;ct:story;\" data-yga=\"{&quot;yLinkElement&quot;:&quot;context_link&quot;,&quot;yModuleName&quot;:&quot;content-canvas&quot;,&quot;yLinkText&quot;:&quot;The Best and Worst Coachella 2026 Moments&quot;}\" class=\"link  yahoo-link\">The Best and Worst Coachella 2026 Moments<\/a><\/h4>\n<p class=\"mb-4 text-lg md:leading-8 break-words\">West arrived for day 2 of Coachella weekend 1 in an oversized graphic tee and opted for ultra high top sneakers to complete the outfit. Her studded choker and wristbands made the look edgier and matched her black handbag. For the final touch, she wore a pair of ultra cool shield sunglasses, a <a href=\"https:\/\/www.teenvogue.com\/gallery\/2000s-shield-sunglasses-trend?utm_source=yahoo&amp;utm_medium=syndication&amp;mbid=synd_yahoo_rss\" rel=\"nofollow noopener\" target=\"_blank\" data-ylk=\"slk:Y2K fashion staple;elm:context_link;itc:0;sec:content-canvas\" data-yga=\"{&quot;yLinkElement&quot;:&quot;context_link&quot;,&quot;yModuleName&quot;:&quot;content-canvas&quot;,&quot;yLinkText&quot;:&quot;Y2K fashion staple&quot;}\" class=\"link \">Y2K fashion staple<\/a> that her mom, Kim Kardashian, has been seen wearing too.<\/p>\n<p class=\"mb-4 text-lg md:leading-8 break-words\">Perhaps <a href=\"https:\/\/www.vogue.in\/content\/beach-waves-arent-just-for-the-summer-celebrities-from-kim-kardashian-to-alia-bhatt-prove-it?utm_source=yahoo&amp;utm_medium=syndication&amp;mbid=synd_yahoo_rss\" rel=\"nofollow noopener\" target=\"_blank\" data-ylk=\"slk:taking further inspiration from her mom;elm:context_link;itc:0;sec:content-canvas\" data-yga=\"{&quot;yLinkElement&quot;:&quot;context_link&quot;,&quot;yModuleName&quot;:&quot;content-canvas&quot;,&quot;yLinkText&quot;:&quot;taking further inspiration from her mom&quot;}\" class=\"link \">taking further inspiration from her mom<\/a>, West debuted a new wavy hairstyle. While mermaid waves are typically associated with more casual beach-centric aesthetics, the style is gearing up to be one of the <a href=\"https:\/\/www.teenvogue.com\/story\/hair-trends-this-year?utm_source=yahoo&amp;utm_medium=syndication&amp;mbid=synd_yahoo_rss\" rel=\"nofollow noopener\" target=\"_blank\" data-ylk=\"slk:hottest trends of the season;elm:context_link;itc:0;sec:content-canvas\" data-yga=\"{&quot;yLinkElement&quot;:&quot;context_link&quot;,&quot;yModuleName&quot;:&quot;content-canvas&quot;,&quot;yLinkText&quot;:&quot;hottest trends of the season&quot;}\" class=\"link \">hottest trends of the season<\/a>. And, West just proved it works with alt styles too.<\/p>\n<figure class=\"relative mb-4\">\n<div class=\"relative\"><button aria-label=\"View larger image\" class=\"group absolute bottom-0 size-full\" data-ylk=\"elm:expand;itc:1;sec:image-lightbox;slk:lightbox-open;\"><span class=\"absolute bottom-3 right-3 rounded-full bg-white p-3 opacity-100 shadow-elevation-3 transition-opacity duration-300 group-hover:block group-hover:opacity-100 md:p-[17px] lg:bottom-6 lg:right-6 lg:bg-white\/90 lg:p-5 lg:opacity-0 lg:shadow-none\"><svg viewbox=\"0 0 22 22\" aria-hidden=\"true\" class=\"size-4 lg:size-6\" width=\"22\" height=\"22\"><path d=\"M12.372.92c0-.506.41-.916.915-.916L21 0l-.004 7.712a.917.917 0 0 1-1.832 0V3.183l-6.827 6.828-1.349-1.348 6.828-6.828h-4.529a.915.915 0 0 1-.915-.915M1.835 17.816l6.828-6.828 1.349 1.349-6.829 6.827h4.529a.915.915 0 0 1 0 1.831L0 21l.004-7.713a.916.916 0 0 1 1.831 0z\"\/><\/svg><\/span><\/button><dialog aria-label=\"Modal Dialog\" aria-modal=\"true\" class=\"fixed bottom-0 left-0 right-0 top-0 z-4 size-full max-h-none max-w-none bg-white hidden\"\/><\/div><figcaption class=\"relative text-sm mt-1 pr-2.5\">\n<p><cite class=\"credit\">EVGA\/BACKGRID<\/cite><\/p>\n<\/figcaption><\/figure>\n<p class=\"mb-4 text-lg md:leading-8 break-words\">For day 1 on April 10, she wore a graphic tee featuring striped sleeves detached at the elbows and paired it with black denim shorts. Chunky black boots completed her look. As for accessories, she opted for a choker necklace layered with longer ones and spiky wristbands. However, if you feel a little bit of d\u00e9j\u00e0 vu from West\u2019s Coachella 2025 look, you\u2019re not imagining it. She\u2019s wearing the <a href=\"https:\/\/www.teenvogue.com\/story\/north-west-coachella-trendy-bag-skirt-over-pants-outfit?utm_source=yahoo&amp;utm_medium=syndication&amp;mbid=synd_yahoo_rss\" rel=\"nofollow noopener\" target=\"_blank\" data-ylk=\"slk:Balenciaga Le Cagole bag just like she did last year;elm:context_link;itc:0;sec:content-canvas\" data-yga=\"{&quot;yLinkElement&quot;:&quot;context_link&quot;,&quot;yModuleName&quot;:&quot;content-canvas&quot;,&quot;yLinkText&quot;:&quot;Balenciaga Le Cagole bag just like she did last year&quot;}\" class=\"link \">Balenciaga Le Cagole bag just like she did last year<\/a> as well. (Or, maybe you\u2019re thinking about the <a href=\"https:\/\/www.teenvogue.com\/story\/north-west-blue-ivy-carter-twinning-moment-trendy-balenciaga-bag?utm_source=yahoo&amp;utm_medium=syndication&amp;mbid=synd_yahoo_rss\" rel=\"nofollow noopener\" target=\"_blank\" data-ylk=\"slk:Balenciaga Neo Cagole City tote she wore earlier this year;elm:context_link;itc:0;sec:content-canvas\" data-yga=\"{&quot;yLinkElement&quot;:&quot;context_link&quot;,&quot;yModuleName&quot;:&quot;content-canvas&quot;,&quot;yLinkText&quot;:&quot;Balenciaga Neo Cagole City tote she wore earlier this year&quot;}\" class=\"link \">Balenciaga Neo Cagole City tote she wore earlier this year<\/a>!)<\/p>\n<p class=\"mb-4 text-lg md:leading-8 break-words\">In lieu of a new hair color, West kept the blue and instead braided and wore charms and pins in the front strands of her hair, mimicking the effect of the <a href=\"https:\/\/www.yahoo.com\/lifestyle\/katseyes-megan-dyed-bangs-next-153904335.html\" data-ylk=\"slk:money piece hair dye trend;elm:context_link;itc:0;sec:content-canvas;outcm:mb_qualified_link;_E:mb_qualified_link;ct:story;\" data-yga=\"{&quot;yLinkElement&quot;:&quot;context_link&quot;,&quot;yModuleName&quot;:&quot;content-canvas&quot;,&quot;yLinkText&quot;:&quot;money piece hair dye trend&quot;}\" class=\"link  yahoo-link\">money piece hair dye trend<\/a>. The trendy style usually involves wearing the face-framing hairs in a different hue than the rest, but West\u2019s version is a fun alternative to avoid the bleach. The rest of her hair was worn in a super long straight sleek style.<\/p>\n<figure class=\"relative mb-4\">\n<div class=\"relative\"><img alt=\"&lt;h1 class=&quot;title&quot;&gt;*EXCLUSIVE* North West Rocks A Black Outfit At Coachella With Friends&lt;\/h1&gt;&lt;cite class=&quot;credit&quot;&gt;ROJU&lt;\/cite&gt;\" loading=\"lazy\" width=\"960\" height=\"1440\" decoding=\"async\" data-nimg=\"1\" class=\"rounded-lg\" style=\"color:transparent\" src=\"https:\/\/s.yimg.com\/ny\/api\/res\/1.2\/qg_9WRGhl2c3hPey1ACeMw--\/YXBwaWQ9aGlnaGxhbmRlcjt3PTk2MDtoPTE0NDA7Y2Y9d2VicA--\/https:\/\/media.zenfs.com\/en\/teen_vogue_128\/161f7bd9c422cefee1bece600f0e0b1b\"\/><button aria-label=\"View larger image\" class=\"group absolute bottom-0 size-full\" data-ylk=\"elm:expand;itc:1;sec:image-lightbox;slk:lightbox-open;\"><span class=\"absolute bottom-3 right-3 rounded-full bg-white p-3 opacity-100 shadow-elevation-3 transition-opacity duration-300 group-hover:block group-hover:opacity-100 md:p-[17px] lg:bottom-6 lg:right-6 lg:bg-white\/90 lg:p-5 lg:opacity-0 lg:shadow-none\"><svg viewbox=\"0 0 22 22\" aria-hidden=\"true\" class=\"size-4 lg:size-6\" width=\"22\" height=\"22\"><path d=\"M12.372.92c0-.506.41-.916.915-.916L21 0l-.004 7.712a.917.917 0 0 1-1.832 0V3.183l-6.827 6.828-1.349-1.348 6.828-6.828h-4.529a.915.915 0 0 1-.915-.915M1.835 17.816l6.828-6.828 1.349 1.349-6.829 6.827h4.529a.915.915 0 0 1 0 1.831L0 21l.004-7.713a.916.916 0 0 1 1.831 0z\"\/><\/svg><\/span><\/button><dialog aria-label=\"Modal Dialog\" aria-modal=\"true\" class=\"fixed bottom-0 left-0 right-0 top-0 z-4 size-full max-h-none max-w-none bg-white hidden\"\/><\/div><figcaption class=\"relative text-sm mt-1 pr-2.5\">\n<p><cite class=\"credit\">ROJU<\/cite><\/p>\n<\/figcaption><\/figure>\n<p class=\"mb-4 text-lg md:leading-8 break-words\">Her <a href=\"https:\/\/www.teenvogue.com\/story\/tiktok-viral-beauty-products?utm_source=yahoo&amp;utm_medium=syndication&amp;mbid=synd_yahoo_rss\" rel=\"nofollow noopener\" target=\"_blank\" data-ylk=\"slk:TikTok;elm:context_link;itc:0;sec:content-canvas\" data-yga=\"{&quot;yLinkElement&quot;:&quot;context_link&quot;,&quot;yModuleName&quot;:&quot;content-canvas&quot;,&quot;yLinkText&quot;:&quot;TikTok&quot;}\" class=\"link \">TikTok<\/a> videos also gave us a closer look at the rest of her glam. To go with her <a href=\"https:\/\/www.teenvogue.com\/gallery\/the-smoky-eye-viral-comeback-anti-trend-nov-2025?utm_source=yahoo&amp;utm_medium=syndication&amp;mbid=synd_yahoo_rss\" rel=\"nofollow noopener\" target=\"_blank\" data-ylk=\"slk:smokey eyeshadow;elm:context_link;itc:0;sec:content-canvas\" data-yga=\"{&quot;yLinkElement&quot;:&quot;context_link&quot;,&quot;yModuleName&quot;:&quot;content-canvas&quot;,&quot;yLinkText&quot;:&quot;smokey eyeshadow&quot;}\" class=\"link \">smokey eyeshadow<\/a>, dark eyeliner, and spider lashes, she chose a dark lip liner and a <a href=\"https:\/\/www.yahoo.com\/entertainment\/celebrity\/articles\/stray-kids-felix-did-cool-161621205.html\" data-ylk=\"slk:cool-toned;elm:context_link;itc:0;sec:content-canvas;outcm:mb_qualified_link;_E:mb_qualified_link;ct:story;\" data-yga=\"{&quot;yLinkElement&quot;:&quot;context_link&quot;,&quot;yModuleName&quot;:&quot;content-canvas&quot;,&quot;yLinkText&quot;:&quot;cool-toned&quot;}\" class=\"link  yahoo-link\">cool-toned<\/a> light neutral glossy base. As the perfect final touch, she added plenty of glowy highlighter on the tip of her nose.<\/p>\n<p class=\"mb-4 text-lg md:leading-8 break-words\">Coachella is just getting started. We\u2019ve only gotten through part of weekend 1 so far. That means North West might attend with another look today or maybe even more next week. In the meantime, see what others are wearing to Coachella 2026 <a href=\"https:\/\/www.yahoo.com\/entertainment\/celebrity\/articles\/coachella-2026-outfits-absolutely-must-190324876.html\" data-ylk=\"slk:here;elm:context_link;itc:0;sec:content-canvas;outcm:mb_qualified_link;_E:mb_qualified_link;ct:story;\" data-yga=\"{&quot;yLinkElement&quot;:&quot;context_link&quot;,&quot;yModuleName&quot;:&quot;content-canvas&quot;,&quot;yLinkText&quot;:&quot;here&quot;}\" class=\"link  yahoo-link\">here<\/a>.<\/p>\n<hr class=\"my-4\"\/>\n<p class=\"mb-4 text-lg md:leading-8 break-words\">Originally Appeared on <a href=\"https:\/\/www.teenvogue.com\/story\/north-west-coachella-2026-outfit?utm_source=yahoo&amp;utm_medium=syndication&amp;mbid=synd_yahoo_rss\" rel=\"nofollow noopener\" target=\"_blank\" data-ylk=\"slk:Teen Vogue;elm:context_link;itc:0;sec:content-canvas\" data-yga=\"{&quot;yLinkElement&quot;:&quot;context_link&quot;,&quot;yModuleName&quot;:&quot;content-canvas&quot;,&quot;yLinkText&quot;:&quot;Teen Vogue&quot;}\" class=\"link \">Teen Vogue<\/a><\/p>\n<\/div>\n<p><script async src=\"\/\/www.tiktok.com\/embed.js\"><\/script><\/p>\n<p><a href=\"https:\/\/www.yahoo.com\/entertainment\/celebrity\/articles\/north-wests-coachella-2026-look-165748167.html\">Source link <\/a><\/p>\n","protected":false},"excerpt":{"rendered":"<p>EVGA\/BACKGRID Coachella 2026 weekend 1 is already over, but we got plenty of style inspo to hold us over thanks to North West. The 12-year-old brought her signature punk style to the festival with a few special twists. Yesterday, April 12, West paired her go-to graphic tee look with pleated skirt. She also took the [&hellip;]<\/p>\n","protected":false},"author":1,"featured_media":106669,"comment_status":"closed","ping_status":"","sticky":false,"template":"","format":"standard","meta":{"googlesitekit_rrm_CAow2JLhCw:productID":"","_gspb_post_css":"","maa_idioma":"","maa_pais":"","footnotes":""},"categories":[1],"tags":[10430,25310,18593,28025,4276,4033],"class_list":["post-106668","post","type-post","status-publish","format-standard","has-post-thumbnail","hentry","category-ubirata","tag-brings","tag-coachella","tag-duck","tag-manicure","tag-north","tag-west"],"blocksy_meta":[],"yoast_head":"<!-- This site is optimized with the Yoast SEO Premium plugin v27.6 (Yoast SEO v27.6) - https:\/\/yoast.com\/product\/yoast-seo-premium-wordpress\/ -->\n<title>North West Brings the Duck Manicure to Coachella 2026 - Ubirat\u00e3 Online Not\u00edcias - A realidade ao seu alcance!<\/title>\n<meta name=\"description\" content=\"EVGA\/BACKGRIDCoachella 2026 weekend 1 is already over, but we got plenty of style inspo to hold us over thanks to North West. The 12-year-old brought her\" \/>\n<meta name=\"robots\" content=\"index, follow, max-snippet:-1, max-image-preview:large, max-video-preview:-1\" \/>\n<link rel=\"canonical\" href=\"https:\/\/ubirataonline.com.br\/en\/north-west-brings-the-duck-manicure-to-coachella-2026\/\" \/>\n<meta property=\"og:locale\" content=\"en_US\" \/>\n<meta property=\"og:type\" content=\"article\" \/>\n<meta property=\"og:title\" content=\"North West Brings the Duck Manicure to Coachella 2026\" \/>\n<meta property=\"og:description\" content=\"EVGA\/BACKGRIDCoachella 2026 weekend 1 is already over, but we got plenty of style inspo to hold us over thanks to North West. The 12-year-old brought her\" \/>\n<meta property=\"og:url\" content=\"https:\/\/ubirataonline.com.br\/en\/north-west-brings-the-duck-manicure-to-coachella-2026\/\" \/>\n<meta property=\"og:site_name\" content=\"Ubirat\u00e3 Online Not\u00edcias - A realidade ao seu alcance!\" \/>\n<meta property=\"article:publisher\" content=\"https:\/\/www.facebook.com\/portalubirataonline\" \/>\n<meta property=\"article:author\" content=\"https:\/\/www.facebook.com\/portalubirataonline\" \/>\n<meta property=\"article:published_time\" content=\"2026-04-14T04:19:51+00:00\" \/>\n<meta property=\"article:modified_time\" content=\"2026-04-14T04:19:56+00:00\" \/>\n<meta property=\"og:image\" content=\"https:\/\/ubirataonline.com.br\/wp-content\/uploads\/2026\/04\/North-West-Brings-the-Duck-Manicure-to-Coachella-2026.jpeg\" \/>\n\t<meta property=\"og:image:width\" content=\"1200\" \/>\n\t<meta property=\"og:image:height\" content=\"1800\" \/>\n\t<meta property=\"og:image:type\" content=\"image\/jpeg\" \/>\n<meta name=\"author\" content=\"REDA\u00c7\u00c3O: UBIRAT\u00c3 ONLINE - F\u00c1BIO AUGUSTO CELESTINO\" \/>\n<meta name=\"twitter:card\" content=\"summary_large_image\" \/>\n<meta name=\"twitter:creator\" content=\"@x.com\/ubirataonline\" \/>\n<meta name=\"twitter:site\" content=\"@ubirataonline\" \/>\n<meta name=\"twitter:label1\" content=\"Written by\" \/>\n\t<meta name=\"twitter:data1\" content=\"REDA\u00c7\u00c3O: UBIRAT\u00c3 ONLINE - F\u00c1BIO AUGUSTO CELESTINO\" \/>\n\t<meta name=\"twitter:label2\" content=\"Est. reading time\" \/>\n\t<meta name=\"twitter:data2\" content=\"3 minutes\" \/>\n<script type=\"application\/ld+json\" class=\"yoast-schema-graph\">{\"@context\":\"https:\\\/\\\/schema.org\",\"@graph\":[{\"@type\":\"NewsArticle\",\"@id\":\"https:\\\/\\\/ubirataonline.com.br\\\/north-west-brings-the-duck-manicure-to-coachella-2026\\\/#article\",\"isPartOf\":{\"@id\":\"https:\\\/\\\/ubirataonline.com.br\\\/north-west-brings-the-duck-manicure-to-coachella-2026\\\/\"},\"author\":{\"name\":\"REDA\u00c7\u00c3O: UBIRAT\u00c3 ONLINE - F\u00c1BIO AUGUSTO CELESTINO\",\"@id\":\"https:\\\/\\\/ubirataonline.com.br\\\/#\\\/schema\\\/person\\\/372f87bbd3fdd79b8556b84c98d0bc1c\"},\"headline\":\"North West Brings the Duck Manicure to Coachella 2026\",\"datePublished\":\"2026-04-14T04:19:51+00:00\",\"dateModified\":\"2026-04-14T04:19:56+00:00\",\"mainEntityOfPage\":{\"@id\":\"https:\\\/\\\/ubirataonline.com.br\\\/north-west-brings-the-duck-manicure-to-coachella-2026\\\/\"},\"wordCount\":583,\"publisher\":{\"@id\":\"https:\\\/\\\/ubirataonline.com.br\\\/#organization\"},\"image\":{\"@id\":\"https:\\\/\\\/ubirataonline.com.br\\\/north-west-brings-the-duck-manicure-to-coachella-2026\\\/#primaryimage\"},\"thumbnailUrl\":\"https:\\\/\\\/ubirataonline.com.br\\\/wp-content\\\/uploads\\\/2026\\\/04\\\/North-West-Brings-the-Duck-Manicure-to-Coachella-2026.jpeg\",\"keywords\":[\"brings\",\"Coachella\",\"Duck\",\"Manicure\",\"North\",\"West\"],\"articleSection\":[\"Ubirat\u00e3\"],\"inLanguage\":\"en-US\",\"copyrightYear\":\"2026\",\"copyrightHolder\":{\"@id\":\"https:\\\/\\\/ubirataonline.com.br\\\/en\\\/#organization\"}},{\"@type\":\"WebPage\",\"@id\":\"https:\\\/\\\/ubirataonline.com.br\\\/north-west-brings-the-duck-manicure-to-coachella-2026\\\/\",\"url\":\"https:\\\/\\\/ubirataonline.com.br\\\/north-west-brings-the-duck-manicure-to-coachella-2026\\\/\",\"name\":\"North West Brings the Duck Manicure to Coachella 2026 - Ubirat\u00e3 Online Not\u00edcias - A realidade ao seu alcance!\",\"isPartOf\":{\"@id\":\"https:\\\/\\\/ubirataonline.com.br\\\/#website\"},\"primaryImageOfPage\":{\"@id\":\"https:\\\/\\\/ubirataonline.com.br\\\/north-west-brings-the-duck-manicure-to-coachella-2026\\\/#primaryimage\"},\"image\":{\"@id\":\"https:\\\/\\\/ubirataonline.com.br\\\/north-west-brings-the-duck-manicure-to-coachella-2026\\\/#primaryimage\"},\"thumbnailUrl\":\"https:\\\/\\\/ubirataonline.com.br\\\/wp-content\\\/uploads\\\/2026\\\/04\\\/North-West-Brings-the-Duck-Manicure-to-Coachella-2026.jpeg\",\"datePublished\":\"2026-04-14T04:19:51+00:00\",\"dateModified\":\"2026-04-14T04:19:56+00:00\",\"description\":\"EVGA\\\/BACKGRIDCoachella 2026 weekend 1 is already over, but we got plenty of style inspo to hold us over thanks to North West. The 12-year-old brought her\",\"breadcrumb\":{\"@id\":\"https:\\\/\\\/ubirataonline.com.br\\\/north-west-brings-the-duck-manicure-to-coachella-2026\\\/#breadcrumb\"},\"inLanguage\":\"en-US\",\"potentialAction\":[{\"@type\":\"ReadAction\",\"target\":[\"https:\\\/\\\/ubirataonline.com.br\\\/north-west-brings-the-duck-manicure-to-coachella-2026\\\/\"]}]},{\"@type\":\"ImageObject\",\"inLanguage\":\"en-US\",\"@id\":\"https:\\\/\\\/ubirataonline.com.br\\\/north-west-brings-the-duck-manicure-to-coachella-2026\\\/#primaryimage\",\"url\":\"https:\\\/\\\/ubirataonline.com.br\\\/wp-content\\\/uploads\\\/2026\\\/04\\\/North-West-Brings-the-Duck-Manicure-to-Coachella-2026.jpeg\",\"contentUrl\":\"https:\\\/\\\/ubirataonline.com.br\\\/wp-content\\\/uploads\\\/2026\\\/04\\\/North-West-Brings-the-Duck-Manicure-to-Coachella-2026.jpeg\",\"width\":1200,\"height\":1800,\"caption\":\"*EXCLUSIVE* North West enjoys Justin Bieber\u2019s Coachella performance in Indio EVGA\\\/BACKGRID\"},{\"@type\":\"BreadcrumbList\",\"@id\":\"https:\\\/\\\/ubirataonline.com.br\\\/north-west-brings-the-duck-manicure-to-coachella-2026\\\/#breadcrumb\",\"itemListElement\":[{\"@type\":\"ListItem\",\"position\":1,\"name\":\"In\u00edcio\",\"item\":\"https:\\\/\\\/ubirataonline.com.br\\\/\"},{\"@type\":\"ListItem\",\"position\":2,\"name\":\"North West Brings the Duck Manicure to Coachella 2026\"}]},{\"@type\":\"WebSite\",\"@id\":\"https:\\\/\\\/ubirataonline.com.br\\\/#website\",\"url\":\"https:\\\/\\\/ubirataonline.com.br\\\/\",\"name\":\"Ubirat\u00e3 Online Not\u00edcias\",\"description\":\"Not\u00edcias de Ubirat\u00e3, regi\u00e3o, Brasil e mundo, com informa\u00e7\u00e3o atualizada e compromisso com o leitor.\",\"publisher\":{\"@id\":\"https:\\\/\\\/ubirataonline.com.br\\\/#organization\"},\"alternateName\":\"Ubirat\u00e3 Online\",\"potentialAction\":[{\"@type\":\"SearchAction\",\"target\":{\"@type\":\"EntryPoint\",\"urlTemplate\":\"https:\\\/\\\/ubirataonline.com.br\\\/?s={search_term_string}\"},\"query-input\":{\"@type\":\"PropertyValueSpecification\",\"valueRequired\":true,\"valueName\":\"search_term_string\"}}],\"inLanguage\":\"en-US\"},{\"@type\":[\"Organization\",\"Place\"],\"@id\":\"https:\\\/\\\/ubirataonline.com.br\\\/#organization\",\"name\":\"Ubirat\u00e3 Online Not\u00edcias\",\"alternateName\":\"Ubirat\u00e3 Online\",\"url\":\"https:\\\/\\\/ubirataonline.com.br\\\/\",\"logo\":{\"@id\":\"https:\\\/\\\/ubirataonline.com.br\\\/north-west-brings-the-duck-manicure-to-coachella-2026\\\/#local-main-organization-logo\"},\"image\":{\"@id\":\"https:\\\/\\\/ubirataonline.com.br\\\/north-west-brings-the-duck-manicure-to-coachella-2026\\\/#local-main-organization-logo\"},\"sameAs\":[\"https:\\\/\\\/www.facebook.com\\\/portalubirataonline\",\"https:\\\/\\\/x.com\\\/ubirataonline\",\"https:\\\/\\\/mastodon.social\\\/@ubirataonline\",\"https:\\\/\\\/www.facebook.com\\\/groups\\\/311144672285604\",\"https:\\\/\\\/www.facebook.com\\\/UBTAOnline\",\"https:\\\/\\\/www.instagram.com\\\/portalubirataonline\\\/\",\"https:\\\/\\\/twitter.com\\\/ubirataonline\"],\"description\":\"Somos um portal de not\u00edcias independente, criado em 5 de janeiro de 2009, com o objetivo de informar, conectar e valorizar a nossa comunidade de Ubirat\u00e3 e toda aregi\u00e3o. Com conte\u00fado atualizado, confi\u00e1vel e relevante, o Ubirat\u00e3 Online \u00e9 o seu espa\u00e7o para ficar por dentro dos principais acontecimentos locais, regionais, Brasil, Mundo e de interesse geral. Nosso compromisso \u00e9 com a verdade, a transpar\u00eancia e o respeito ao leitor.\",\"legalName\":\"UBIRATA ONLINE NOT\u00cdCIAS\",\"foundingDate\":\"2009-01-05\",\"numberOfEmployees\":{\"@type\":\"QuantitativeValue\",\"minValue\":\"1\",\"maxValue\":\"10\"},\"publishingPrinciples\":\"https:\\\/\\\/ubirataonline.com.br\\\/faq\\\/\",\"address\":{\"@id\":\"https:\\\/\\\/ubirataonline.com.br\\\/north-west-brings-the-duck-manicure-to-coachella-2026\\\/#local-main-place-address\"},\"geo\":{\"@type\":\"GeoCoordinates\",\"latitude\":\"-24.5361401\",\"longitude\":\"-52.9921776\"},\"telephone\":[\"+5544998308235\"],\"contactPoint\":{\"@type\":\"ContactPoint\",\"email\":\"contato@ubirataonline.com.br\"},\"openingHoursSpecification\":{\"@type\":\"OpeningHoursSpecification\",\"dayOfWeek\":[\"Monday\",\"Tuesday\",\"Wednesday\",\"Thursday\",\"Friday\",\"Saturday\",\"Sunday\"],\"opens\":\"00:00\",\"closes\":\"23:59\"},\"email\":\"contato@ubirataonline.com.br\",\"vatID\":\"47.621.418\\\/0001-80\"},{\"@type\":\"Person\",\"@id\":\"https:\\\/\\\/ubirataonline.com.br\\\/#\\\/schema\\\/person\\\/372f87bbd3fdd79b8556b84c98d0bc1c\",\"name\":\"REDA\u00c7\u00c3O: UBIRAT\u00c3 ONLINE - F\u00c1BIO AUGUSTO CELESTINO\",\"pronouns\":\"Ele\",\"description\":\"Desde 2003 trabalhando com not\u00edcias.\",\"sameAs\":[\"http:\\\/\\\/ubirataoline.com.br\",\"https:\\\/\\\/www.facebook.com\\\/portalubirataonline\",\"https:\\\/\\\/www.instagram.com\\\/ubirataonline_oficial\",\"https:\\\/\\\/x.com\\\/x.com\\\/ubirataonline\"],\"honorificPrefix\":\"Mr.\",\"honorificSuffix\":\"MD\",\"birthDate\":\"1980-06-16\",\"gender\":\"masculino\",\"award\":[\"V\u00e1rios pr\u00eamios de melhor portal da cidade\"],\"jobTitle\":\"Diretor\",\"url\":\"https:\\\/\\\/ubirataonline.com.br\\\/en\\\/author\\\/ubirataonline\\\/\"},{\"@type\":\"PostalAddress\",\"@id\":\"https:\\\/\\\/ubirataonline.com.br\\\/north-west-brings-the-duck-manicure-to-coachella-2026\\\/#local-main-place-address\",\"streetAddress\":\"Rua dos Coqueiros, 104 - Bairro Boa Vista, Rua dos Coqueiros, 104 Bairro Boa Vista\",\"addressLocality\":\"UBIRATA\",\"postalCode\":\"85440-000\",\"addressRegion\":\"PR\",\"addressCountry\":\"BR\"},{\"@type\":\"ImageObject\",\"inLanguage\":\"en-US\",\"@id\":\"https:\\\/\\\/ubirataonline.com.br\\\/north-west-brings-the-duck-manicure-to-coachella-2026\\\/#local-main-organization-logo\",\"url\":\"https:\\\/\\\/ubirataonline.com.br\\\/wp-content\\\/uploads\\\/2026\\\/06\\\/logoubirataonline-1.webp\",\"contentUrl\":\"https:\\\/\\\/ubirataonline.com.br\\\/wp-content\\\/uploads\\\/2026\\\/06\\\/logoubirataonline-1.webp\",\"width\":500,\"height\":500,\"caption\":\"Ubirat\u00e3 Online Not\u00edcias\"}]}<\/script>\n<meta name=\"geo.placename\" content=\"UBIRATA\" \/>\n<meta name=\"geo.position\" content=\"-24.5361401;-52.9921776\" \/>\n<meta name=\"geo.region\" content=\"Brazil\" \/>\n<!-- \/ Yoast SEO Premium plugin. -->","yoast_head_json":{"title":"North West Brings the Duck Manicure to Coachella 2026 - Ubirat\u00e3 Online Not\u00edcias - A realidade ao seu alcance!","description":"EVGA\/BACKGRIDCoachella 2026 weekend 1 is already over, but we got plenty of style inspo to hold us over thanks to North West. The 12-year-old brought her","robots":{"index":"index","follow":"follow","max-snippet":"max-snippet:-1","max-image-preview":"max-image-preview:large","max-video-preview":"max-video-preview:-1"},"canonical":"https:\/\/ubirataonline.com.br\/en\/north-west-brings-the-duck-manicure-to-coachella-2026\/","og_locale":"en_US","og_type":"article","og_title":"North West Brings the Duck Manicure to Coachella 2026","og_description":"EVGA\/BACKGRIDCoachella 2026 weekend 1 is already over, but we got plenty of style inspo to hold us over thanks to North West. The 12-year-old brought her","og_url":"https:\/\/ubirataonline.com.br\/en\/north-west-brings-the-duck-manicure-to-coachella-2026\/","og_site_name":"Ubirat\u00e3 Online Not\u00edcias - A realidade ao seu alcance!","article_publisher":"https:\/\/www.facebook.com\/portalubirataonline","article_author":"https:\/\/www.facebook.com\/portalubirataonline","article_published_time":"2026-04-14T04:19:51+00:00","article_modified_time":"2026-04-14T04:19:56+00:00","og_image":[{"width":1200,"height":1800,"url":"https:\/\/ubirataonline.com.br\/wp-content\/uploads\/2026\/04\/North-West-Brings-the-Duck-Manicure-to-Coachella-2026.jpeg","type":"image\/jpeg"}],"author":"REDA\u00c7\u00c3O: UBIRAT\u00c3 ONLINE - F\u00c1BIO AUGUSTO CELESTINO","twitter_card":"summary_large_image","twitter_creator":"@x.com\/ubirataonline","twitter_site":"@ubirataonline","twitter_misc":{"Written by":"REDA\u00c7\u00c3O: UBIRAT\u00c3 ONLINE - F\u00c1BIO AUGUSTO CELESTINO","Est. reading time":"3 minutes"},"schema":{"@context":"https:\/\/schema.org","@graph":[{"@type":"NewsArticle","@id":"https:\/\/ubirataonline.com.br\/north-west-brings-the-duck-manicure-to-coachella-2026\/#article","isPartOf":{"@id":"https:\/\/ubirataonline.com.br\/north-west-brings-the-duck-manicure-to-coachella-2026\/"},"author":{"name":"REDA\u00c7\u00c3O: UBIRAT\u00c3 ONLINE - F\u00c1BIO AUGUSTO CELESTINO","@id":"https:\/\/ubirataonline.com.br\/#\/schema\/person\/372f87bbd3fdd79b8556b84c98d0bc1c"},"headline":"North West Brings the Duck Manicure to Coachella 2026","datePublished":"2026-04-14T04:19:51+00:00","dateModified":"2026-04-14T04:19:56+00:00","mainEntityOfPage":{"@id":"https:\/\/ubirataonline.com.br\/north-west-brings-the-duck-manicure-to-coachella-2026\/"},"wordCount":583,"publisher":{"@id":"https:\/\/ubirataonline.com.br\/#organization"},"image":{"@id":"https:\/\/ubirataonline.com.br\/north-west-brings-the-duck-manicure-to-coachella-2026\/#primaryimage"},"thumbnailUrl":"https:\/\/ubirataonline.com.br\/wp-content\/uploads\/2026\/04\/North-West-Brings-the-Duck-Manicure-to-Coachella-2026.jpeg","keywords":["brings","Coachella","Duck","Manicure","North","West"],"articleSection":["Ubirat\u00e3"],"inLanguage":"en-US","copyrightYear":"2026","copyrightHolder":{"@id":"https:\/\/ubirataonline.com.br\/en\/#organization"}},{"@type":"WebPage","@id":"https:\/\/ubirataonline.com.br\/north-west-brings-the-duck-manicure-to-coachella-2026\/","url":"https:\/\/ubirataonline.com.br\/north-west-brings-the-duck-manicure-to-coachella-2026\/","name":"North West Brings the Duck Manicure to Coachella 2026 - Ubirat\u00e3 Online Not\u00edcias - A realidade ao seu alcance!","isPartOf":{"@id":"https:\/\/ubirataonline.com.br\/#website"},"primaryImageOfPage":{"@id":"https:\/\/ubirataonline.com.br\/north-west-brings-the-duck-manicure-to-coachella-2026\/#primaryimage"},"image":{"@id":"https:\/\/ubirataonline.com.br\/north-west-brings-the-duck-manicure-to-coachella-2026\/#primaryimage"},"thumbnailUrl":"https:\/\/ubirataonline.com.br\/wp-content\/uploads\/2026\/04\/North-West-Brings-the-Duck-Manicure-to-Coachella-2026.jpeg","datePublished":"2026-04-14T04:19:51+00:00","dateModified":"2026-04-14T04:19:56+00:00","description":"EVGA\/BACKGRIDCoachella 2026 weekend 1 is already over, but we got plenty of style inspo to hold us over thanks to North West. The 12-year-old brought her","breadcrumb":{"@id":"https:\/\/ubirataonline.com.br\/north-west-brings-the-duck-manicure-to-coachella-2026\/#breadcrumb"},"inLanguage":"en-US","potentialAction":[{"@type":"ReadAction","target":["https:\/\/ubirataonline.com.br\/north-west-brings-the-duck-manicure-to-coachella-2026\/"]}]},{"@type":"ImageObject","inLanguage":"en-US","@id":"https:\/\/ubirataonline.com.br\/north-west-brings-the-duck-manicure-to-coachella-2026\/#primaryimage","url":"https:\/\/ubirataonline.com.br\/wp-content\/uploads\/2026\/04\/North-West-Brings-the-Duck-Manicure-to-Coachella-2026.jpeg","contentUrl":"https:\/\/ubirataonline.com.br\/wp-content\/uploads\/2026\/04\/North-West-Brings-the-Duck-Manicure-to-Coachella-2026.jpeg","width":1200,"height":1800,"caption":"*EXCLUSIVE* North West enjoys Justin Bieber\u2019s Coachella performance in Indio EVGA\/BACKGRID"},{"@type":"BreadcrumbList","@id":"https:\/\/ubirataonline.com.br\/north-west-brings-the-duck-manicure-to-coachella-2026\/#breadcrumb","itemListElement":[{"@type":"ListItem","position":1,"name":"In\u00edcio","item":"https:\/\/ubirataonline.com.br\/"},{"@type":"ListItem","position":2,"name":"North West Brings the Duck Manicure to Coachella 2026"}]},{"@type":"WebSite","@id":"https:\/\/ubirataonline.com.br\/#website","url":"https:\/\/ubirataonline.com.br\/","name":"Ubirat\u00e3 Online Not\u00edcias","description":"Not\u00edcias de Ubirat\u00e3, regi\u00e3o, Brasil e mundo, com informa\u00e7\u00e3o atualizada e compromisso com o leitor.","publisher":{"@id":"https:\/\/ubirataonline.com.br\/#organization"},"alternateName":"Ubirat\u00e3 Online","potentialAction":[{"@type":"SearchAction","target":{"@type":"EntryPoint","urlTemplate":"https:\/\/ubirataonline.com.br\/?s={search_term_string}"},"query-input":{"@type":"PropertyValueSpecification","valueRequired":true,"valueName":"search_term_string"}}],"inLanguage":"en-US"},{"@type":["Organization","Place"],"@id":"https:\/\/ubirataonline.com.br\/#organization","name":"Ubirat\u00e3 Online Not\u00edcias","alternateName":"Ubirat\u00e3 Online","url":"https:\/\/ubirataonline.com.br\/","logo":{"@id":"https:\/\/ubirataonline.com.br\/north-west-brings-the-duck-manicure-to-coachella-2026\/#local-main-organization-logo"},"image":{"@id":"https:\/\/ubirataonline.com.br\/north-west-brings-the-duck-manicure-to-coachella-2026\/#local-main-organization-logo"},"sameAs":["https:\/\/www.facebook.com\/portalubirataonline","https:\/\/x.com\/ubirataonline","https:\/\/mastodon.social\/@ubirataonline","https:\/\/www.facebook.com\/groups\/311144672285604","https:\/\/www.facebook.com\/UBTAOnline","https:\/\/www.instagram.com\/portalubirataonline\/","https:\/\/twitter.com\/ubirataonline"],"description":"Somos um portal de not\u00edcias independente, criado em 5 de janeiro de 2009, com o objetivo de informar, conectar e valorizar a nossa comunidade de Ubirat\u00e3 e toda aregi\u00e3o. Com conte\u00fado atualizado, confi\u00e1vel e relevante, o Ubirat\u00e3 Online \u00e9 o seu espa\u00e7o para ficar por dentro dos principais acontecimentos locais, regionais, Brasil, Mundo e de interesse geral. Nosso compromisso \u00e9 com a verdade, a transpar\u00eancia e o respeito ao leitor.","legalName":"UBIRATA ONLINE NOT\u00cdCIAS","foundingDate":"2009-01-05","numberOfEmployees":{"@type":"QuantitativeValue","minValue":"1","maxValue":"10"},"publishingPrinciples":"https:\/\/ubirataonline.com.br\/faq\/","address":{"@id":"https:\/\/ubirataonline.com.br\/north-west-brings-the-duck-manicure-to-coachella-2026\/#local-main-place-address"},"geo":{"@type":"GeoCoordinates","latitude":"-24.5361401","longitude":"-52.9921776"},"telephone":["+5544998308235"],"contactPoint":{"@type":"ContactPoint","email":"contato@ubirataonline.com.br"},"openingHoursSpecification":{"@type":"OpeningHoursSpecification","dayOfWeek":["Monday","Tuesday","Wednesday","Thursday","Friday","Saturday","Sunday"],"opens":"00:00","closes":"23:59"},"email":"contato@ubirataonline.com.br","vatID":"47.621.418\/0001-80"},{"@type":"Person","@id":"https:\/\/ubirataonline.com.br\/#\/schema\/person\/372f87bbd3fdd79b8556b84c98d0bc1c","name":"REDA\u00c7\u00c3O: UBIRAT\u00c3 ONLINE - F\u00c1BIO AUGUSTO CELESTINO","pronouns":"Ele","description":"Desde 2003 trabalhando com not\u00edcias.","sameAs":["http:\/\/ubirataoline.com.br","https:\/\/www.facebook.com\/portalubirataonline","https:\/\/www.instagram.com\/ubirataonline_oficial","https:\/\/x.com\/x.com\/ubirataonline"],"honorificPrefix":"Mr.","honorificSuffix":"MD","birthDate":"1980-06-16","gender":"masculino","award":["V\u00e1rios pr\u00eamios de melhor portal da cidade"],"jobTitle":"Diretor","url":"https:\/\/ubirataonline.com.br\/en\/author\/ubirataonline\/"},{"@type":"PostalAddress","@id":"https:\/\/ubirataonline.com.br\/north-west-brings-the-duck-manicure-to-coachella-2026\/#local-main-place-address","streetAddress":"Rua dos Coqueiros, 104 - Bairro Boa Vista, Rua dos Coqueiros, 104 Bairro Boa Vista","addressLocality":"UBIRATA","postalCode":"85440-000","addressRegion":"PR","addressCountry":"BR"},{"@type":"ImageObject","inLanguage":"en-US","@id":"https:\/\/ubirataonline.com.br\/north-west-brings-the-duck-manicure-to-coachella-2026\/#local-main-organization-logo","url":"https:\/\/ubirataonline.com.br\/wp-content\/uploads\/2026\/06\/logoubirataonline-1.webp","contentUrl":"https:\/\/ubirataonline.com.br\/wp-content\/uploads\/2026\/06\/logoubirataonline-1.webp","width":500,"height":500,"caption":"Ubirat\u00e3 Online Not\u00edcias"}]},"geo.placename":"UBIRATA","geo.position":{"lat":"-24.5361401","long":"-52.9921776"},"geo.region":"Brazil"},"_links":{"self":[{"href":"https:\/\/ubirataonline.com.br\/en\/wp-json\/wp\/v2\/posts\/106668","targetHints":{"allow":["GET"]}}],"collection":[{"href":"https:\/\/ubirataonline.com.br\/en\/wp-json\/wp\/v2\/posts"}],"about":[{"href":"https:\/\/ubirataonline.com.br\/en\/wp-json\/wp\/v2\/types\/post"}],"author":[{"embeddable":true,"href":"https:\/\/ubirataonline.com.br\/en\/wp-json\/wp\/v2\/users\/1"}],"replies":[{"embeddable":true,"href":"https:\/\/ubirataonline.com.br\/en\/wp-json\/wp\/v2\/comments?post=106668"}],"version-history":[{"count":0,"href":"https:\/\/ubirataonline.com.br\/en\/wp-json\/wp\/v2\/posts\/106668\/revisions"}],"wp:featuredmedia":[{"embeddable":true,"href":"https:\/\/ubirataonline.com.br\/en\/wp-json\/wp\/v2\/media\/106669"}],"wp:attachment":[{"href":"https:\/\/ubirataonline.com.br\/en\/wp-json\/wp\/v2\/media?parent=106668"}],"wp:term":[{"taxonomy":"category","embeddable":true,"href":"https:\/\/ubirataonline.com.br\/en\/wp-json\/wp\/v2\/categories?post=106668"},{"taxonomy":"post_tag","embeddable":true,"href":"https:\/\/ubirataonline.com.br\/en\/wp-json\/wp\/v2\/tags?post=106668"}],"curies":[{"name":"wp","href":"https:\/\/api.w.org\/{rel}","templated":true}]}}