{"id":106792,"date":"2026-04-14T05:43:06","date_gmt":"2026-04-14T08:43:06","guid":{"rendered":"https:\/\/ubirataonline.com.br\/lula-regulamenta-reducao-de-jornada-para-terceirizados-13-04-2026-economia\/"},"modified":"2026-04-14T05:43:11","modified_gmt":"2026-04-14T08:43:11","slug":"lula-regulamenta-reducao-de-jornada-para-terceirizados-13-04-2026-economia","status":"publish","type":"post","link":"https:\/\/ubirataonline.com.br\/en\/lula-regulamenta-reducao-de-jornada-para-terceirizados-13-04-2026-economia\/","title":{"rendered":"Lula regulamenta redu\u00e7\u00e3o de jornada para terceirizados &#8211; 13\/04\/2026 &#8211; Economia"},"content":{"rendered":"<p><\/p>\n<div data-news-content-text=\"\" data-disable-copy=\"\" data-continue-reading=\"\" data-continue-reading-hide-others=\".js-continue-reading-hidden\" data-age-rating=\"\" itemprop=\"articleBody\">\n<p>O presidente Luiz In\u00e1cio <a href=\"https:\/\/www1.folha.uol.com.br\/folha-topicos\/lula\/\">Lula<\/a> da Silva (PT) assinou nesta segunda-feira (13) atos que regulamentam o reembolso-creche e a amplia\u00e7\u00e3o do n\u00famero de terceirizados do servi\u00e7o p\u00fablico beneficiados com a redu\u00e7\u00e3o da jornada de trabalho de 44 horas para 40 horas semanais.<\/p>\n<p>Com a publica\u00e7\u00e3o da norma, a garantia do reembolso-creche, que ressarce pais e respons\u00e1veis pelas despesas com a educa\u00e7\u00e3o infantil dos filhos, passa a ser exigida em todos os contratos de presta\u00e7\u00e3o de servi\u00e7os com dedica\u00e7\u00e3o exclusiva de m\u00e3o de obra.<\/p>\n<p>A medida tamb\u00e9m j\u00e1 pode ser implementada nos contratos atuais de presta\u00e7\u00e3o de servi\u00e7os de terceiriza\u00e7\u00e3o, com impacto mensal estimado de R$ 7,5 milh\u00f5es. O governo estima que ser\u00e3o mais 40 mil beneficiados com a amplia\u00e7\u00e3o.<\/p>\n<p>Segundo o governo, essa \u00e9 uma despesa de custeio e n\u00e3o representa novo impacto or\u00e7ament\u00e1rio, a ser incorporada nos or\u00e7amentos j\u00e1 dispon\u00edveis dos \u00f3rg\u00e3os.<\/p>\n<p>A instru\u00e7\u00e3o normativa altera o Decreto n\u00ba 12.174\/2024. O valor do ressarcimento ser\u00e1 de at\u00e9 R$ 526,64 por dependente (menores de 6 anos) por m\u00eas \u2014mesmo valor pagos aos servidores p\u00fablicos federais.<\/p>\n<p>Se a despesa com creche for menor que este valor, o pagamento ser\u00e1 aquele comprovado pelo trabalhador. O benef\u00edcio atende quem tem a guarda de filho, enteado ou <a href=\"https:\/\/www1.folha.uol.com.br\/folha-topicos\/crianca\/\">crian\u00e7a<\/a> com at\u00e9 6 anos incompletos (5 anos e 11 meses).<\/p>\n<p>Para a implementa\u00e7\u00e3o do benef\u00edcio, os contratos em vigor devem ser ajustados por termo aditivo, entre maio e dezembro de 2026. Se n\u00e3o for poss\u00edvel fazer esse ajuste no contrato atual, o \u00f3rg\u00e3o p\u00fablico dever\u00e1 fazer uma nova contrata\u00e7\u00e3o j\u00e1 com o reembolso-creche previsto desde o in\u00edcio.<\/p>\n<p>O impacto do reembolso-creche ser\u00e1 bastante gradual e pulverizado entre os \u00f3rg\u00e3os da administra\u00e7\u00e3o federal e se dar\u00e1 \u00e0 medida que seus contratos de terceiriza\u00e7\u00e3o de m\u00e3o de obra forem aditivados. A proje\u00e7\u00e3o \u00e9 que ele alcance 14 mil crian\u00e7as. Quando atingir esse contingente de benefici\u00e1rios, o reembolso-creche ter\u00e1 impacto mensal estimado de R$ 7,5 milh\u00f5es, a serem absorvidos pelos diferentes \u00f3rg\u00e3os dentro dos seus pr\u00f3prios or\u00e7amentos.<\/p>\n<p>Em discurso, o ministro da Secretaria-Geral, Guilherme Boulos, aproveitou para refor\u00e7ar a defesa da redu\u00e7\u00e3o da jornada, pauta debatida entre governo e Congresso.<\/p>\n<p>As medidas desta segunda contemplam apenas contratados do servi\u00e7o p\u00fablico, enquanto as propostas debatidas entre os Poderes visam uma redu\u00e7\u00e3o para demais categorias.<\/p>\n<p>Como nas propostas defendidas pela gest\u00e3o petista, as normas publicadas nesta segunda permitem a jornada menor sem redu\u00e7\u00e3o de sal\u00e1rio. Ao longo das discuss\u00f5es, esses dois pontos foram tidos como priorit\u00e1rios pelos integrantes do governo que comandam a elabora\u00e7\u00e3o das propostas.<\/p>\n<p>A redu\u00e7\u00e3o da jornada no servi\u00e7o p\u00fablico foi iniciada ainda em 2024, tendo beneficiado 12 categorias de trabalhadores em outras duas fases. Agora, a redu\u00e7\u00e3o passa a contemplar todos os demais postos de servi\u00e7os terceirizados com dedica\u00e7\u00e3o exclusiva de m\u00e3o de obra na administra\u00e7\u00e3o federal.<\/p>\n<p>A regra n\u00e3o se aplica aos profissionais que atuam em regimes de escala de revezamento 12h x 36h ou 24h x 72h.<\/p>\n<p>O evento para anunciar a regulamenta\u00e7\u00e3o das medidas foi realizado no Pal\u00e1cio do Planalto, em cerim\u00f4nia com vasta presen\u00e7a de servidores e seus filhos no sal\u00e3o principal do pal\u00e1cio e dos ministros Guilherme Boulos, <a href=\"https:\/\/www1.folha.uol.com.br\/folha-topicos\/esther-dweck\/\">Esther Dweck<\/a> (Gest\u00e3o e Inova\u00e7\u00e3o) e M\u00e1rcia Lopes (Mulheres).<\/p>\n<\/p><\/div>\n<p><a href=\"https:\/\/www1.folha.uol.com.br\/mercado\/2026\/04\/lula-regulamenta-reembolso-creche-e-reducao-de-jornada-para-terceirizados-do-servico-publico.shtml\">Fonte do Artigo <\/a><\/p>","protected":false},"excerpt":{"rendered":"<p>O presidente Luiz In\u00e1cio Lula da Silva (PT) assinou nesta segunda-feira (13) atos que regulamentam o reembolso-creche e a amplia\u00e7\u00e3o do n\u00famero de terceirizados do servi\u00e7o p\u00fablico beneficiados com a redu\u00e7\u00e3o da jornada de trabalho de 44 horas para 40 horas semanais. Com a publica\u00e7\u00e3o da norma, a garantia do reembolso-creche, que ressarce pais e [&hellip;]<\/p>\n","protected":false},"author":1,"featured_media":106793,"comment_status":"closed","ping_status":"","sticky":false,"template":"","format":"standard","meta":{"googlesitekit_rrm_CAow2JLhCw:productID":"","_gspb_post_css":"","maa_idioma":"","maa_pais":"","footnotes":""},"categories":[4],"tags":[1898,4321,1629,2904,28081,11490,28082],"class_list":["post-106792","post","type-post","status-publish","format-standard","has-post-thumbnail","hentry","category-brasil","tag-economia","tag-jornada","tag-lula","tag-para","tag-reducao","tag-regulamenta","tag-terceirizados"],"blocksy_meta":[],"yoast_head":"<!-- This site is optimized with the Yoast SEO Premium plugin v27.6 (Yoast SEO v27.6) - https:\/\/yoast.com\/product\/yoast-seo-premium-wordpress\/ -->\n<title>Lula regulamenta redu\u00e7\u00e3o de jornada para terceirizados - 13\/04\/2026 - Economia - Ubirat\u00e3 Online Not\u00edcias - A realidade ao seu alcance!<\/title>\n<meta name=\"description\" content=\"O presidente Luiz In\u00e1cio Lula da Silva (PT) assinou nesta segunda-feira (13) atos que regulamentam o reembolso-creche e a amplia\u00e7\u00e3o do n\u00famero de\" \/>\n<meta name=\"robots\" content=\"index, follow, max-snippet:-1, max-image-preview:large, max-video-preview:-1\" \/>\n<link rel=\"canonical\" href=\"https:\/\/ubirataonline.com.br\/en\/lula-regulamenta-reducao-de-jornada-para-terceirizados-13-04-2026-economia\/\" \/>\n<meta property=\"og:locale\" content=\"en_US\" \/>\n<meta property=\"og:type\" content=\"article\" \/>\n<meta property=\"og:title\" content=\"Lula regulamenta redu\u00e7\u00e3o de jornada para terceirizados - 13\/04\/2026 - Economia\" \/>\n<meta property=\"og:description\" content=\"O presidente Luiz In\u00e1cio Lula da Silva (PT) assinou nesta segunda-feira (13) atos que regulamentam o reembolso-creche e a amplia\u00e7\u00e3o do n\u00famero de\" \/>\n<meta property=\"og:url\" content=\"https:\/\/ubirataonline.com.br\/en\/lula-regulamenta-reducao-de-jornada-para-terceirizados-13-04-2026-economia\/\" \/>\n<meta property=\"og:site_name\" content=\"Ubirat\u00e3 Online Not\u00edcias - A realidade ao seu alcance!\" \/>\n<meta property=\"article:publisher\" content=\"https:\/\/www.facebook.com\/portalubirataonline\" \/>\n<meta property=\"article:author\" content=\"https:\/\/www.facebook.com\/portalubirataonline\" \/>\n<meta property=\"article:published_time\" content=\"2026-04-14T08:43:06+00:00\" \/>\n<meta property=\"article:modified_time\" content=\"2026-04-14T08:43:11+00:00\" \/>\n<meta property=\"og:image\" content=\"https:\/\/ubirataonline.com.br\/wp-content\/uploads\/2026\/04\/Lula-regulamenta-reducao-de-jornada-para-terceirizados-13042026.jpg\" \/>\n\t<meta property=\"og:image:width\" content=\"2400\" \/>\n\t<meta property=\"og:image:height\" content=\"1600\" \/>\n\t<meta property=\"og:image:type\" content=\"image\/jpeg\" \/>\n<meta name=\"author\" content=\"REDA\u00c7\u00c3O: UBIRAT\u00c3 ONLINE - F\u00c1BIO AUGUSTO CELESTINO\" \/>\n<meta name=\"twitter:card\" content=\"summary_large_image\" \/>\n<meta name=\"twitter:creator\" content=\"@x.com\/ubirataonline\" \/>\n<meta name=\"twitter:site\" content=\"@ubirataonline\" \/>\n<meta name=\"twitter:label1\" content=\"Written by\" \/>\n\t<meta name=\"twitter:data1\" content=\"REDA\u00c7\u00c3O: UBIRAT\u00c3 ONLINE - F\u00c1BIO AUGUSTO CELESTINO\" \/>\n\t<meta name=\"twitter:label2\" content=\"Est. reading time\" \/>\n\t<meta name=\"twitter:data2\" content=\"3 minutes\" \/>\n<script type=\"application\/ld+json\" class=\"yoast-schema-graph\">{\"@context\":\"https:\\\/\\\/schema.org\",\"@graph\":[{\"@type\":\"NewsArticle\",\"@id\":\"https:\\\/\\\/ubirataonline.com.br\\\/lula-regulamenta-reducao-de-jornada-para-terceirizados-13-04-2026-economia\\\/#article\",\"isPartOf\":{\"@id\":\"https:\\\/\\\/ubirataonline.com.br\\\/lula-regulamenta-reducao-de-jornada-para-terceirizados-13-04-2026-economia\\\/\"},\"author\":{\"name\":\"REDA\u00c7\u00c3O: UBIRAT\u00c3 ONLINE - F\u00c1BIO AUGUSTO CELESTINO\",\"@id\":\"https:\\\/\\\/ubirataonline.com.br\\\/#\\\/schema\\\/person\\\/372f87bbd3fdd79b8556b84c98d0bc1c\"},\"headline\":\"Lula regulamenta redu\u00e7\u00e3o de jornada para terceirizados &#8211; 13\\\/04\\\/2026 &#8211; Economia\",\"datePublished\":\"2026-04-14T08:43:06+00:00\",\"dateModified\":\"2026-04-14T08:43:11+00:00\",\"mainEntityOfPage\":{\"@id\":\"https:\\\/\\\/ubirataonline.com.br\\\/lula-regulamenta-reducao-de-jornada-para-terceirizados-13-04-2026-economia\\\/\"},\"wordCount\":599,\"publisher\":{\"@id\":\"https:\\\/\\\/ubirataonline.com.br\\\/#organization\"},\"image\":{\"@id\":\"https:\\\/\\\/ubirataonline.com.br\\\/lula-regulamenta-reducao-de-jornada-para-terceirizados-13-04-2026-economia\\\/#primaryimage\"},\"thumbnailUrl\":\"https:\\\/\\\/ubirataonline.com.br\\\/wp-content\\\/uploads\\\/2026\\\/04\\\/Lula-regulamenta-reducao-de-jornada-para-terceirizados-13042026.jpg\",\"keywords\":[\"economia\",\"jornada\",\"Lula\",\"para\",\"redu\u00e7\u00e3o\",\"regulamenta\",\"terceirizados\"],\"articleSection\":[\"Brasil\"],\"inLanguage\":\"en-US\",\"copyrightYear\":\"2026\",\"copyrightHolder\":{\"@id\":\"https:\\\/\\\/ubirataonline.com.br\\\/en\\\/#organization\"}},{\"@type\":\"WebPage\",\"@id\":\"https:\\\/\\\/ubirataonline.com.br\\\/lula-regulamenta-reducao-de-jornada-para-terceirizados-13-04-2026-economia\\\/\",\"url\":\"https:\\\/\\\/ubirataonline.com.br\\\/lula-regulamenta-reducao-de-jornada-para-terceirizados-13-04-2026-economia\\\/\",\"name\":\"Lula regulamenta redu\u00e7\u00e3o de jornada para terceirizados - 13\\\/04\\\/2026 - Economia - Ubirat\u00e3 Online Not\u00edcias - A realidade ao seu alcance!\",\"isPartOf\":{\"@id\":\"https:\\\/\\\/ubirataonline.com.br\\\/#website\"},\"primaryImageOfPage\":{\"@id\":\"https:\\\/\\\/ubirataonline.com.br\\\/lula-regulamenta-reducao-de-jornada-para-terceirizados-13-04-2026-economia\\\/#primaryimage\"},\"image\":{\"@id\":\"https:\\\/\\\/ubirataonline.com.br\\\/lula-regulamenta-reducao-de-jornada-para-terceirizados-13-04-2026-economia\\\/#primaryimage\"},\"thumbnailUrl\":\"https:\\\/\\\/ubirataonline.com.br\\\/wp-content\\\/uploads\\\/2026\\\/04\\\/Lula-regulamenta-reducao-de-jornada-para-terceirizados-13042026.jpg\",\"datePublished\":\"2026-04-14T08:43:06+00:00\",\"dateModified\":\"2026-04-14T08:43:11+00:00\",\"description\":\"O presidente Luiz In\u00e1cio Lula da Silva (PT) assinou nesta segunda-feira (13) atos que regulamentam o reembolso-creche e a amplia\u00e7\u00e3o do n\u00famero de\",\"breadcrumb\":{\"@id\":\"https:\\\/\\\/ubirataonline.com.br\\\/lula-regulamenta-reducao-de-jornada-para-terceirizados-13-04-2026-economia\\\/#breadcrumb\"},\"inLanguage\":\"en-US\",\"potentialAction\":[{\"@type\":\"ReadAction\",\"target\":[\"https:\\\/\\\/ubirataonline.com.br\\\/lula-regulamenta-reducao-de-jornada-para-terceirizados-13-04-2026-economia\\\/\"]}]},{\"@type\":\"ImageObject\",\"inLanguage\":\"en-US\",\"@id\":\"https:\\\/\\\/ubirataonline.com.br\\\/lula-regulamenta-reducao-de-jornada-para-terceirizados-13-04-2026-economia\\\/#primaryimage\",\"url\":\"https:\\\/\\\/ubirataonline.com.br\\\/wp-content\\\/uploads\\\/2026\\\/04\\\/Lula-regulamenta-reducao-de-jornada-para-terceirizados-13042026.jpg\",\"contentUrl\":\"https:\\\/\\\/ubirataonline.com.br\\\/wp-content\\\/uploads\\\/2026\\\/04\\\/Lula-regulamenta-reducao-de-jornada-para-terceirizados-13042026.jpg\",\"width\":2400,\"height\":1600,\"caption\":\"O presidente Luiz In\u00e1cio Lula da Silva ao lado de Esther Dweck - Gabriela Bil\u00f3\\\/Folhapress\"},{\"@type\":\"BreadcrumbList\",\"@id\":\"https:\\\/\\\/ubirataonline.com.br\\\/lula-regulamenta-reducao-de-jornada-para-terceirizados-13-04-2026-economia\\\/#breadcrumb\",\"itemListElement\":[{\"@type\":\"ListItem\",\"position\":1,\"name\":\"In\u00edcio\",\"item\":\"https:\\\/\\\/ubirataonline.com.br\\\/\"},{\"@type\":\"ListItem\",\"position\":2,\"name\":\"Lula regulamenta redu\u00e7\u00e3o de jornada para terceirizados &#8211; 13\\\/04\\\/2026 &#8211; Economia\"}]},{\"@type\":\"WebSite\",\"@id\":\"https:\\\/\\\/ubirataonline.com.br\\\/#website\",\"url\":\"https:\\\/\\\/ubirataonline.com.br\\\/\",\"name\":\"Ubirat\u00e3 Online Not\u00edcias\",\"description\":\"Not\u00edcias de Ubirat\u00e3, regi\u00e3o, Brasil e mundo, com informa\u00e7\u00e3o atualizada e compromisso com o leitor.\",\"publisher\":{\"@id\":\"https:\\\/\\\/ubirataonline.com.br\\\/#organization\"},\"alternateName\":\"Ubirat\u00e3 Online\",\"potentialAction\":[{\"@type\":\"SearchAction\",\"target\":{\"@type\":\"EntryPoint\",\"urlTemplate\":\"https:\\\/\\\/ubirataonline.com.br\\\/?s={search_term_string}\"},\"query-input\":{\"@type\":\"PropertyValueSpecification\",\"valueRequired\":true,\"valueName\":\"search_term_string\"}}],\"inLanguage\":\"en-US\"},{\"@type\":[\"Organization\",\"Place\"],\"@id\":\"https:\\\/\\\/ubirataonline.com.br\\\/#organization\",\"name\":\"Ubirat\u00e3 Online Not\u00edcias\",\"alternateName\":\"Ubirat\u00e3 Online\",\"url\":\"https:\\\/\\\/ubirataonline.com.br\\\/\",\"logo\":{\"@id\":\"https:\\\/\\\/ubirataonline.com.br\\\/lula-regulamenta-reducao-de-jornada-para-terceirizados-13-04-2026-economia\\\/#local-main-organization-logo\"},\"image\":{\"@id\":\"https:\\\/\\\/ubirataonline.com.br\\\/lula-regulamenta-reducao-de-jornada-para-terceirizados-13-04-2026-economia\\\/#local-main-organization-logo\"},\"sameAs\":[\"https:\\\/\\\/www.facebook.com\\\/portalubirataonline\",\"https:\\\/\\\/x.com\\\/ubirataonline\",\"https:\\\/\\\/mastodon.social\\\/@ubirataonline\",\"https:\\\/\\\/www.facebook.com\\\/groups\\\/311144672285604\",\"https:\\\/\\\/www.facebook.com\\\/UBTAOnline\",\"https:\\\/\\\/www.instagram.com\\\/portalubirataonline\\\/\",\"https:\\\/\\\/twitter.com\\\/ubirataonline\"],\"description\":\"Somos um portal de not\u00edcias independente, criado em 5 de janeiro de 2009, com o objetivo de informar, conectar e valorizar a nossa comunidade de Ubirat\u00e3 e toda aregi\u00e3o. Com conte\u00fado atualizado, confi\u00e1vel e relevante, o Ubirat\u00e3 Online \u00e9 o seu espa\u00e7o para ficar por dentro dos principais acontecimentos locais, regionais, Brasil, Mundo e de interesse geral. Nosso compromisso \u00e9 com a verdade, a transpar\u00eancia e o respeito ao leitor.\",\"legalName\":\"UBIRATA ONLINE NOT\u00cdCIAS\",\"foundingDate\":\"2009-01-05\",\"numberOfEmployees\":{\"@type\":\"QuantitativeValue\",\"minValue\":\"1\",\"maxValue\":\"10\"},\"publishingPrinciples\":\"https:\\\/\\\/ubirataonline.com.br\\\/faq\\\/\",\"address\":{\"@id\":\"https:\\\/\\\/ubirataonline.com.br\\\/lula-regulamenta-reducao-de-jornada-para-terceirizados-13-04-2026-economia\\\/#local-main-place-address\"},\"geo\":{\"@type\":\"GeoCoordinates\",\"latitude\":\"-24.5361401\",\"longitude\":\"-52.9921776\"},\"telephone\":[\"+5544998308235\"],\"contactPoint\":{\"@type\":\"ContactPoint\",\"email\":\"contato@ubirataonline.com.br\"},\"openingHoursSpecification\":{\"@type\":\"OpeningHoursSpecification\",\"dayOfWeek\":[\"Monday\",\"Tuesday\",\"Wednesday\",\"Thursday\",\"Friday\",\"Saturday\",\"Sunday\"],\"opens\":\"00:00\",\"closes\":\"23:59\"},\"email\":\"contato@ubirataonline.com.br\",\"vatID\":\"47.621.418\\\/0001-80\"},{\"@type\":\"Person\",\"@id\":\"https:\\\/\\\/ubirataonline.com.br\\\/#\\\/schema\\\/person\\\/372f87bbd3fdd79b8556b84c98d0bc1c\",\"name\":\"REDA\u00c7\u00c3O: UBIRAT\u00c3 ONLINE - F\u00c1BIO AUGUSTO CELESTINO\",\"pronouns\":\"Ele\",\"description\":\"Desde 2003 trabalhando com not\u00edcias.\",\"sameAs\":[\"http:\\\/\\\/ubirataoline.com.br\",\"https:\\\/\\\/www.facebook.com\\\/portalubirataonline\",\"https:\\\/\\\/www.instagram.com\\\/ubirataonline_oficial\",\"https:\\\/\\\/x.com\\\/x.com\\\/ubirataonline\"],\"honorificPrefix\":\"Mr.\",\"honorificSuffix\":\"MD\",\"birthDate\":\"1980-06-16\",\"gender\":\"masculino\",\"award\":[\"V\u00e1rios pr\u00eamios de melhor portal da cidade\"],\"jobTitle\":\"Diretor\",\"url\":\"https:\\\/\\\/ubirataonline.com.br\\\/en\\\/author\\\/ubirataonline\\\/\"},{\"@type\":\"PostalAddress\",\"@id\":\"https:\\\/\\\/ubirataonline.com.br\\\/lula-regulamenta-reducao-de-jornada-para-terceirizados-13-04-2026-economia\\\/#local-main-place-address\",\"streetAddress\":\"Rua dos Coqueiros, 104 - Bairro Boa Vista, Rua dos Coqueiros, 104 Bairro Boa Vista\",\"addressLocality\":\"UBIRATA\",\"postalCode\":\"85440-000\",\"addressRegion\":\"PR\",\"addressCountry\":\"BR\"},{\"@type\":\"ImageObject\",\"inLanguage\":\"en-US\",\"@id\":\"https:\\\/\\\/ubirataonline.com.br\\\/lula-regulamenta-reducao-de-jornada-para-terceirizados-13-04-2026-economia\\\/#local-main-organization-logo\",\"url\":\"https:\\\/\\\/ubirataonline.com.br\\\/wp-content\\\/uploads\\\/2026\\\/06\\\/logoubirataonline-1.webp\",\"contentUrl\":\"https:\\\/\\\/ubirataonline.com.br\\\/wp-content\\\/uploads\\\/2026\\\/06\\\/logoubirataonline-1.webp\",\"width\":500,\"height\":500,\"caption\":\"Ubirat\u00e3 Online Not\u00edcias\"}]}<\/script>\n<meta name=\"geo.placename\" content=\"UBIRATA\" \/>\n<meta name=\"geo.position\" content=\"-24.5361401;-52.9921776\" \/>\n<meta name=\"geo.region\" content=\"Brazil\" \/>\n<!-- \/ Yoast SEO Premium plugin. -->","yoast_head_json":{"title":"Lula regulamenta redu\u00e7\u00e3o de jornada para terceirizados - 13\/04\/2026 - Economia - Ubirat\u00e3 Online Not\u00edcias - A realidade ao seu alcance!","description":"O presidente Luiz In\u00e1cio Lula da Silva (PT) assinou nesta segunda-feira (13) atos que regulamentam o reembolso-creche e a amplia\u00e7\u00e3o do n\u00famero de","robots":{"index":"index","follow":"follow","max-snippet":"max-snippet:-1","max-image-preview":"max-image-preview:large","max-video-preview":"max-video-preview:-1"},"canonical":"https:\/\/ubirataonline.com.br\/en\/lula-regulamenta-reducao-de-jornada-para-terceirizados-13-04-2026-economia\/","og_locale":"en_US","og_type":"article","og_title":"Lula regulamenta redu\u00e7\u00e3o de jornada para terceirizados - 13\/04\/2026 - Economia","og_description":"O presidente Luiz In\u00e1cio Lula da Silva (PT) assinou nesta segunda-feira (13) atos que regulamentam o reembolso-creche e a amplia\u00e7\u00e3o do n\u00famero de","og_url":"https:\/\/ubirataonline.com.br\/en\/lula-regulamenta-reducao-de-jornada-para-terceirizados-13-04-2026-economia\/","og_site_name":"Ubirat\u00e3 Online Not\u00edcias - A realidade ao seu alcance!","article_publisher":"https:\/\/www.facebook.com\/portalubirataonline","article_author":"https:\/\/www.facebook.com\/portalubirataonline","article_published_time":"2026-04-14T08:43:06+00:00","article_modified_time":"2026-04-14T08:43:11+00:00","og_image":[{"width":2400,"height":1600,"url":"https:\/\/ubirataonline.com.br\/wp-content\/uploads\/2026\/04\/Lula-regulamenta-reducao-de-jornada-para-terceirizados-13042026.jpg","type":"image\/jpeg"}],"author":"REDA\u00c7\u00c3O: UBIRAT\u00c3 ONLINE - F\u00c1BIO AUGUSTO CELESTINO","twitter_card":"summary_large_image","twitter_creator":"@x.com\/ubirataonline","twitter_site":"@ubirataonline","twitter_misc":{"Written by":"REDA\u00c7\u00c3O: UBIRAT\u00c3 ONLINE - F\u00c1BIO AUGUSTO CELESTINO","Est. reading time":"3 minutes"},"schema":{"@context":"https:\/\/schema.org","@graph":[{"@type":"NewsArticle","@id":"https:\/\/ubirataonline.com.br\/lula-regulamenta-reducao-de-jornada-para-terceirizados-13-04-2026-economia\/#article","isPartOf":{"@id":"https:\/\/ubirataonline.com.br\/lula-regulamenta-reducao-de-jornada-para-terceirizados-13-04-2026-economia\/"},"author":{"name":"REDA\u00c7\u00c3O: UBIRAT\u00c3 ONLINE - F\u00c1BIO AUGUSTO CELESTINO","@id":"https:\/\/ubirataonline.com.br\/#\/schema\/person\/372f87bbd3fdd79b8556b84c98d0bc1c"},"headline":"Lula regulamenta redu\u00e7\u00e3o de jornada para terceirizados &#8211; 13\/04\/2026 &#8211; Economia","datePublished":"2026-04-14T08:43:06+00:00","dateModified":"2026-04-14T08:43:11+00:00","mainEntityOfPage":{"@id":"https:\/\/ubirataonline.com.br\/lula-regulamenta-reducao-de-jornada-para-terceirizados-13-04-2026-economia\/"},"wordCount":599,"publisher":{"@id":"https:\/\/ubirataonline.com.br\/#organization"},"image":{"@id":"https:\/\/ubirataonline.com.br\/lula-regulamenta-reducao-de-jornada-para-terceirizados-13-04-2026-economia\/#primaryimage"},"thumbnailUrl":"https:\/\/ubirataonline.com.br\/wp-content\/uploads\/2026\/04\/Lula-regulamenta-reducao-de-jornada-para-terceirizados-13042026.jpg","keywords":["economia","jornada","Lula","para","redu\u00e7\u00e3o","regulamenta","terceirizados"],"articleSection":["Brasil"],"inLanguage":"en-US","copyrightYear":"2026","copyrightHolder":{"@id":"https:\/\/ubirataonline.com.br\/en\/#organization"}},{"@type":"WebPage","@id":"https:\/\/ubirataonline.com.br\/lula-regulamenta-reducao-de-jornada-para-terceirizados-13-04-2026-economia\/","url":"https:\/\/ubirataonline.com.br\/lula-regulamenta-reducao-de-jornada-para-terceirizados-13-04-2026-economia\/","name":"Lula regulamenta redu\u00e7\u00e3o de jornada para terceirizados - 13\/04\/2026 - Economia - Ubirat\u00e3 Online Not\u00edcias - A realidade ao seu alcance!","isPartOf":{"@id":"https:\/\/ubirataonline.com.br\/#website"},"primaryImageOfPage":{"@id":"https:\/\/ubirataonline.com.br\/lula-regulamenta-reducao-de-jornada-para-terceirizados-13-04-2026-economia\/#primaryimage"},"image":{"@id":"https:\/\/ubirataonline.com.br\/lula-regulamenta-reducao-de-jornada-para-terceirizados-13-04-2026-economia\/#primaryimage"},"thumbnailUrl":"https:\/\/ubirataonline.com.br\/wp-content\/uploads\/2026\/04\/Lula-regulamenta-reducao-de-jornada-para-terceirizados-13042026.jpg","datePublished":"2026-04-14T08:43:06+00:00","dateModified":"2026-04-14T08:43:11+00:00","description":"O presidente Luiz In\u00e1cio Lula da Silva (PT) assinou nesta segunda-feira (13) atos que regulamentam o reembolso-creche e a amplia\u00e7\u00e3o do n\u00famero de","breadcrumb":{"@id":"https:\/\/ubirataonline.com.br\/lula-regulamenta-reducao-de-jornada-para-terceirizados-13-04-2026-economia\/#breadcrumb"},"inLanguage":"en-US","potentialAction":[{"@type":"ReadAction","target":["https:\/\/ubirataonline.com.br\/lula-regulamenta-reducao-de-jornada-para-terceirizados-13-04-2026-economia\/"]}]},{"@type":"ImageObject","inLanguage":"en-US","@id":"https:\/\/ubirataonline.com.br\/lula-regulamenta-reducao-de-jornada-para-terceirizados-13-04-2026-economia\/#primaryimage","url":"https:\/\/ubirataonline.com.br\/wp-content\/uploads\/2026\/04\/Lula-regulamenta-reducao-de-jornada-para-terceirizados-13042026.jpg","contentUrl":"https:\/\/ubirataonline.com.br\/wp-content\/uploads\/2026\/04\/Lula-regulamenta-reducao-de-jornada-para-terceirizados-13042026.jpg","width":2400,"height":1600,"caption":"O presidente Luiz In\u00e1cio Lula da Silva ao lado de Esther Dweck - Gabriela Bil\u00f3\/Folhapress"},{"@type":"BreadcrumbList","@id":"https:\/\/ubirataonline.com.br\/lula-regulamenta-reducao-de-jornada-para-terceirizados-13-04-2026-economia\/#breadcrumb","itemListElement":[{"@type":"ListItem","position":1,"name":"In\u00edcio","item":"https:\/\/ubirataonline.com.br\/"},{"@type":"ListItem","position":2,"name":"Lula regulamenta redu\u00e7\u00e3o de jornada para terceirizados &#8211; 13\/04\/2026 &#8211; Economia"}]},{"@type":"WebSite","@id":"https:\/\/ubirataonline.com.br\/#website","url":"https:\/\/ubirataonline.com.br\/","name":"Ubirat\u00e3 Online Not\u00edcias","description":"Not\u00edcias de Ubirat\u00e3, regi\u00e3o, Brasil e mundo, com informa\u00e7\u00e3o atualizada e compromisso com o leitor.","publisher":{"@id":"https:\/\/ubirataonline.com.br\/#organization"},"alternateName":"Ubirat\u00e3 Online","potentialAction":[{"@type":"SearchAction","target":{"@type":"EntryPoint","urlTemplate":"https:\/\/ubirataonline.com.br\/?s={search_term_string}"},"query-input":{"@type":"PropertyValueSpecification","valueRequired":true,"valueName":"search_term_string"}}],"inLanguage":"en-US"},{"@type":["Organization","Place"],"@id":"https:\/\/ubirataonline.com.br\/#organization","name":"Ubirat\u00e3 Online Not\u00edcias","alternateName":"Ubirat\u00e3 Online","url":"https:\/\/ubirataonline.com.br\/","logo":{"@id":"https:\/\/ubirataonline.com.br\/lula-regulamenta-reducao-de-jornada-para-terceirizados-13-04-2026-economia\/#local-main-organization-logo"},"image":{"@id":"https:\/\/ubirataonline.com.br\/lula-regulamenta-reducao-de-jornada-para-terceirizados-13-04-2026-economia\/#local-main-organization-logo"},"sameAs":["https:\/\/www.facebook.com\/portalubirataonline","https:\/\/x.com\/ubirataonline","https:\/\/mastodon.social\/@ubirataonline","https:\/\/www.facebook.com\/groups\/311144672285604","https:\/\/www.facebook.com\/UBTAOnline","https:\/\/www.instagram.com\/portalubirataonline\/","https:\/\/twitter.com\/ubirataonline"],"description":"Somos um portal de not\u00edcias independente, criado em 5 de janeiro de 2009, com o objetivo de informar, conectar e valorizar a nossa comunidade de Ubirat\u00e3 e toda aregi\u00e3o. Com conte\u00fado atualizado, confi\u00e1vel e relevante, o Ubirat\u00e3 Online \u00e9 o seu espa\u00e7o para ficar por dentro dos principais acontecimentos locais, regionais, Brasil, Mundo e de interesse geral. Nosso compromisso \u00e9 com a verdade, a transpar\u00eancia e o respeito ao leitor.","legalName":"UBIRATA ONLINE NOT\u00cdCIAS","foundingDate":"2009-01-05","numberOfEmployees":{"@type":"QuantitativeValue","minValue":"1","maxValue":"10"},"publishingPrinciples":"https:\/\/ubirataonline.com.br\/faq\/","address":{"@id":"https:\/\/ubirataonline.com.br\/lula-regulamenta-reducao-de-jornada-para-terceirizados-13-04-2026-economia\/#local-main-place-address"},"geo":{"@type":"GeoCoordinates","latitude":"-24.5361401","longitude":"-52.9921776"},"telephone":["+5544998308235"],"contactPoint":{"@type":"ContactPoint","email":"contato@ubirataonline.com.br"},"openingHoursSpecification":{"@type":"OpeningHoursSpecification","dayOfWeek":["Monday","Tuesday","Wednesday","Thursday","Friday","Saturday","Sunday"],"opens":"00:00","closes":"23:59"},"email":"contato@ubirataonline.com.br","vatID":"47.621.418\/0001-80"},{"@type":"Person","@id":"https:\/\/ubirataonline.com.br\/#\/schema\/person\/372f87bbd3fdd79b8556b84c98d0bc1c","name":"REDA\u00c7\u00c3O: UBIRAT\u00c3 ONLINE - F\u00c1BIO AUGUSTO CELESTINO","pronouns":"Ele","description":"Desde 2003 trabalhando com not\u00edcias.","sameAs":["http:\/\/ubirataoline.com.br","https:\/\/www.facebook.com\/portalubirataonline","https:\/\/www.instagram.com\/ubirataonline_oficial","https:\/\/x.com\/x.com\/ubirataonline"],"honorificPrefix":"Mr.","honorificSuffix":"MD","birthDate":"1980-06-16","gender":"masculino","award":["V\u00e1rios pr\u00eamios de melhor portal da cidade"],"jobTitle":"Diretor","url":"https:\/\/ubirataonline.com.br\/en\/author\/ubirataonline\/"},{"@type":"PostalAddress","@id":"https:\/\/ubirataonline.com.br\/lula-regulamenta-reducao-de-jornada-para-terceirizados-13-04-2026-economia\/#local-main-place-address","streetAddress":"Rua dos Coqueiros, 104 - Bairro Boa Vista, Rua dos Coqueiros, 104 Bairro Boa Vista","addressLocality":"UBIRATA","postalCode":"85440-000","addressRegion":"PR","addressCountry":"BR"},{"@type":"ImageObject","inLanguage":"en-US","@id":"https:\/\/ubirataonline.com.br\/lula-regulamenta-reducao-de-jornada-para-terceirizados-13-04-2026-economia\/#local-main-organization-logo","url":"https:\/\/ubirataonline.com.br\/wp-content\/uploads\/2026\/06\/logoubirataonline-1.webp","contentUrl":"https:\/\/ubirataonline.com.br\/wp-content\/uploads\/2026\/06\/logoubirataonline-1.webp","width":500,"height":500,"caption":"Ubirat\u00e3 Online Not\u00edcias"}]},"geo.placename":"UBIRATA","geo.position":{"lat":"-24.5361401","long":"-52.9921776"},"geo.region":"Brazil"},"_links":{"self":[{"href":"https:\/\/ubirataonline.com.br\/en\/wp-json\/wp\/v2\/posts\/106792","targetHints":{"allow":["GET"]}}],"collection":[{"href":"https:\/\/ubirataonline.com.br\/en\/wp-json\/wp\/v2\/posts"}],"about":[{"href":"https:\/\/ubirataonline.com.br\/en\/wp-json\/wp\/v2\/types\/post"}],"author":[{"embeddable":true,"href":"https:\/\/ubirataonline.com.br\/en\/wp-json\/wp\/v2\/users\/1"}],"replies":[{"embeddable":true,"href":"https:\/\/ubirataonline.com.br\/en\/wp-json\/wp\/v2\/comments?post=106792"}],"version-history":[{"count":0,"href":"https:\/\/ubirataonline.com.br\/en\/wp-json\/wp\/v2\/posts\/106792\/revisions"}],"wp:featuredmedia":[{"embeddable":true,"href":"https:\/\/ubirataonline.com.br\/en\/wp-json\/wp\/v2\/media\/106793"}],"wp:attachment":[{"href":"https:\/\/ubirataonline.com.br\/en\/wp-json\/wp\/v2\/media?parent=106792"}],"wp:term":[{"taxonomy":"category","embeddable":true,"href":"https:\/\/ubirataonline.com.br\/en\/wp-json\/wp\/v2\/categories?post=106792"},{"taxonomy":"post_tag","embeddable":true,"href":"https:\/\/ubirataonline.com.br\/en\/wp-json\/wp\/v2\/tags?post=106792"}],"curies":[{"name":"wp","href":"https:\/\/api.w.org\/{rel}","templated":true}]}}