{"id":107246,"date":"2026-04-14T16:55:48","date_gmt":"2026-04-14T19:55:48","guid":{"rendered":"https:\/\/ubirataonline.com.br\/emmanuel-gregoire-autorise-a-negocier-la-vente-du-parc-des-princes-avec-le-psg\/"},"modified":"2026-04-14T16:55:50","modified_gmt":"2026-04-14T19:55:50","slug":"emmanuel-gregoire-autorise-a-negocier-la-vente-du-parc-des-princes-avec-le-psg","status":"publish","type":"post","link":"https:\/\/ubirataonline.com.br\/en\/emmanuel-gregoire-autorise-a-negocier-la-vente-du-parc-des-princes-avec-le-psg\/","title":{"rendered":"Emmanuel Gr\u00e9goire autoris\u00e9 \u00e0 n\u00e9gocier la vente du Parc des Princes avec le PSG"},"content":{"rendered":"<p><\/p>\n<div>\n<section class=\"content\">\n<p class=\"paragraph text_align_left lp-f-body-02\">Il en a fait l\u2019une des priorit\u00e9s de son d\u00e9but de mandat. Ce mardi, \u00e0 l\u2019occasion d\u2019un <a href=\"https:\/\/www.leparisien.fr\/paris-75\/direct-paris-emmanuel-gregoire-ouvre-le-conseil-extraordinaire-dedie-aux-violences-sexuelles-en-milieu-periscolaire-14-04-2026-DD4TFDJHMRCFHCC2OHUQWZGD7E.php\" target=\"_blank\" rel=\"noreferrer\">Conseil de Paris extraordinaire<\/a>, Emmanuel Gr\u00e9goire, le maire (PS) de Paris a demand\u00e9 mandat aux \u00e9lus Parisiens afin d\u2019engager les discussions avec les dirigeants parisiens <a href=\"https:\/\/www.leparisien.fr\/sports\/football\/psg\/vente-du-parc-des-princes-au-psg-pourquoi-il-ny-aura-pas-daccord-des-cet-ete-comme-lespere-emmanuel-gregoire-30-03-2026-6RM6MBBDJRG47KJQBS72YHQOUM.php\" target=\"_blank\" rel=\"noreferrer\">sur la vente du Parc des Princes<\/a>. Un dossier rest\u00e9 au point mort sous la mandature d\u2019Anne Hidalgo, qui avait rompu le dialogue avec le club.<\/p>\n<\/section>\n<section class=\"content\"\/>\n<section class=\"content\">\n<p class=\"\">\u00c0 l\u2019issue d\u2019\u00e2pres n\u00e9gociations et de d\u00e9bats parfois houleux avec les diff\u00e9rents groupes de l\u2019assembl\u00e9e d\u00e9lib\u00e9rante de la capitale, le mandat requis par le maire socialiste a \u00e9t\u00e9 adopt\u00e9, <i>via <\/i>un v\u0153u, par le Conseil de Paris en fin d\u2019apr\u00e8s-midi, ce mardi. Les alli\u00e9s \u00e9cologistes se sont toutefois abstenus lors du vote.<\/p>\n<\/section>\n<section class=\"content\">\n<h2 class=\"inline_title margin_bottom_md margin_top_xxl\">Des n\u00e9gociations boucl\u00e9es d\u2019ici \u00e0 l\u2019\u00e9t\u00e9 ?<\/h2>\n<\/section>\n<section class=\"content\">\n<p class=\"\">Fort de ce mandat, Emmanuel Gr\u00e9goire va d\u00e9sormais pouvoir entrer dans le dur des n\u00e9gociations avec <a href=\"https:\/\/www.leparisien.fr\/sports\/football\/armand-jeune-joueur-de-la-psg-academy-age-de-13-ans-victime-dun-deferlement-de-violence-lors-dun-tournoi-de-foot-au-portugal-13-04-2026-VGO6EVED5NAYVKOECRAET3DJEQ.php\" target=\"_blank\" rel=\"noreferrer\">Nasser Al-Khela\u00effi<\/a>, le pr\u00e9sident du <a href=\"https:\/\/www.leparisien.fr\/sports\/football\/psg\/\" target=\"_blank\" rel=\"noreferrer\">PSG<\/a>. <a href=\"https:\/\/www.leparisien.fr\/paris-75\/paris-75016\/vente-du-parc-des-princes-au-psg-emmanuel-gregoire-souhaite-cloturer-les-discussions-au-plus-tard-a-la-fin-de-lete-30-03-2026-6MP2NHB4O5AYXFYYVHK35ZQZC4.php\" target=\"_blank\" rel=\"noreferrer\">Favorable \u00e0 la cession du Parc des Princes<\/a> au Paris Saint-Germain <a href=\"https:\/\/www.leparisien.fr\/paris-75\/vente-du-parc-des-princes-anne-hidalgo-rappelle-son-attachement-au-psg-mais-denonce-une-tentative-de-spoliation-04-06-2025-DIR3DJSJCRDGZLPJOMMJS7RM5M.php\" target=\"_blank\" rel=\"noreferrer\">contrairement \u00e0 sa pr\u00e9d\u00e9cesseure<\/a>, Anne Hidalgo, le nouveau maire de Paris veut rapidement boucler le dossier.<\/p>\n<\/section>\n<section class=\"content\"\/>\n<section class=\"content\"\/>\n<section class=\"content\">\n<p class=\"\">Depuis son \u00e9lection, le patron de l\u2019H\u00f4tel de Ville a r\u00e9p\u00e9t\u00e9 \u00e0 plusieurs reprises qu\u2019il souhaitait voir les discussions aboutir \u00ab au plus tard \u00e0 la fin de l\u2019\u00e9t\u00e9 \u00bb. \u00ab J\u2019esp\u00e8re pouvoir <i>toper<\/i> avec le PSG d\u2019ici l\u2019\u00e9t\u00e9 \u00bb, a-t-il assur\u00e9 au micro de Franceinfo le 30 mars.<\/p>\n<\/section>\n<section class=\"content\"\/>\n<section class=\"content\">\n<p class=\"\">\u00ab Il est d\u00e9sormais temps de d\u00e9bloquer la situation, avait averti l\u2019\u00e9dile dans un v\u0153u transmis en amont aux conseillers de Paris. Car l\u2019enjeu est majeur. Sans accord, le club envisage des alternatives hors de Paris. Je veux le dire clairement : laisser partir le Paris Saint-Germain hors de Paris serait une faute politique, urbaine et historique. Le d\u00e9part du Paris Saint-Germain serait une perte consid\u00e9rable. \u00bb<\/p>\n<\/section>\n<\/div>\n<p><a href=\"https:\/\/www.leparisien.fr\/paris-75\/emmanuel-gregoire-autorise-a-negocier-la-vente-du-parc-des-princes-avec-le-psg-14-04-2026-PDZCBC3M6BAXPNI2H6HUKYTEH4.php\">Fonte do Artigo <\/a><\/p>","protected":false},"excerpt":{"rendered":"<p>Il en a fait l\u2019une des priorit\u00e9s de son d\u00e9but de mandat. Ce mardi, \u00e0 l\u2019occasion d\u2019un Conseil de Paris extraordinaire, Emmanuel Gr\u00e9goire, le maire (PS) de Paris a demand\u00e9 mandat aux \u00e9lus Parisiens afin d\u2019engager les discussions avec les dirigeants parisiens sur la vente du Parc des Princes. Un dossier rest\u00e9 au point mort [&hellip;]<\/p>\n","protected":false},"author":1,"featured_media":107247,"comment_status":"closed","ping_status":"","sticky":false,"template":"","format":"standard","meta":{"googlesitekit_rrm_CAow2JLhCw:productID":"","_gspb_post_css":"","maa_idioma":"","maa_pais":"","footnotes":""},"categories":[4],"tags":[28278,8126,10614,28276,28277,28279,24221,28281,8097,28280],"class_list":["post-107246","post","type-post","status-publish","format-standard","has-post-thumbnail","hentry","category-brasil","tag-autorise","tag-avec","tag-des","tag-emmanuel","tag-gregoire","tag-negocier","tag-parc","tag-princes","tag-psg","tag-vente"],"blocksy_meta":[],"yoast_head":"<!-- This site is optimized with the Yoast SEO Premium plugin v27.6 (Yoast SEO v27.6) - https:\/\/yoast.com\/product\/yoast-seo-premium-wordpress\/ -->\n<title>Emmanuel Gr\u00e9goire autoris\u00e9 \u00e0 n\u00e9gocier la vente du Parc des Princes avec le PSG - Ubirat\u00e3 Online Not\u00edcias - A realidade ao seu alcance!<\/title>\n<meta name=\"description\" content=\"Il en a fait l\u2019une des priorit\u00e9s de son d\u00e9but de mandat. Ce mardi, \u00e0 l\u2019occasion d\u2019un Conseil de Paris extraordinaire, Emmanuel Gr\u00e9goire, le maire (PS) de\" \/>\n<meta name=\"robots\" content=\"index, follow, max-snippet:-1, max-image-preview:large, max-video-preview:-1\" \/>\n<link rel=\"canonical\" href=\"https:\/\/ubirataonline.com.br\/en\/emmanuel-gregoire-autorise-a-negocier-la-vente-du-parc-des-princes-avec-le-psg\/\" \/>\n<meta property=\"og:locale\" content=\"en_US\" \/>\n<meta property=\"og:type\" content=\"article\" \/>\n<meta property=\"og:title\" content=\"Emmanuel Gr\u00e9goire autoris\u00e9 \u00e0 n\u00e9gocier la vente du Parc des Princes avec le PSG\" \/>\n<meta property=\"og:description\" content=\"Il en a fait l\u2019une des priorit\u00e9s de son d\u00e9but de mandat. Ce mardi, \u00e0 l\u2019occasion d\u2019un Conseil de Paris extraordinaire, Emmanuel Gr\u00e9goire, le maire (PS) de\" \/>\n<meta property=\"og:url\" content=\"https:\/\/ubirataonline.com.br\/en\/emmanuel-gregoire-autorise-a-negocier-la-vente-du-parc-des-princes-avec-le-psg\/\" \/>\n<meta property=\"og:site_name\" content=\"Ubirat\u00e3 Online Not\u00edcias - A realidade ao seu alcance!\" \/>\n<meta property=\"article:publisher\" content=\"https:\/\/www.facebook.com\/portalubirataonline\" \/>\n<meta property=\"article:author\" content=\"https:\/\/www.facebook.com\/portalubirataonline\" \/>\n<meta property=\"article:published_time\" content=\"2026-04-14T19:55:48+00:00\" \/>\n<meta property=\"article:modified_time\" content=\"2026-04-14T19:55:50+00:00\" \/>\n<meta property=\"og:image\" content=\"https:\/\/ubirataonline.com.br\/wp-content\/uploads\/2026\/04\/Emmanuel-Gregoire-autorise-a-negocier-la-vente-du-Parc-des.jpg\" \/>\n\t<meta property=\"og:image:width\" content=\"1200\" \/>\n\t<meta property=\"og:image:height\" content=\"675\" \/>\n\t<meta property=\"og:image:type\" content=\"image\/jpeg\" \/>\n<meta name=\"author\" content=\"REDA\u00c7\u00c3O: UBIRAT\u00c3 ONLINE - F\u00c1BIO AUGUSTO CELESTINO\" \/>\n<meta name=\"twitter:card\" content=\"summary_large_image\" \/>\n<meta name=\"twitter:creator\" content=\"@x.com\/ubirataonline\" \/>\n<meta name=\"twitter:site\" content=\"@ubirataonline\" \/>\n<meta name=\"twitter:label1\" content=\"Written by\" \/>\n\t<meta name=\"twitter:data1\" content=\"REDA\u00c7\u00c3O: UBIRAT\u00c3 ONLINE - F\u00c1BIO AUGUSTO CELESTINO\" \/>\n\t<meta name=\"twitter:label2\" content=\"Est. reading time\" \/>\n\t<meta name=\"twitter:data2\" content=\"2 minutes\" \/>\n<script type=\"application\/ld+json\" class=\"yoast-schema-graph\">{\"@context\":\"https:\\\/\\\/schema.org\",\"@graph\":[{\"@type\":\"NewsArticle\",\"@id\":\"https:\\\/\\\/ubirataonline.com.br\\\/emmanuel-gregoire-autorise-a-negocier-la-vente-du-parc-des-princes-avec-le-psg\\\/#article\",\"isPartOf\":{\"@id\":\"https:\\\/\\\/ubirataonline.com.br\\\/emmanuel-gregoire-autorise-a-negocier-la-vente-du-parc-des-princes-avec-le-psg\\\/\"},\"author\":{\"name\":\"REDA\u00c7\u00c3O: UBIRAT\u00c3 ONLINE - F\u00c1BIO AUGUSTO CELESTINO\",\"@id\":\"https:\\\/\\\/ubirataonline.com.br\\\/#\\\/schema\\\/person\\\/372f87bbd3fdd79b8556b84c98d0bc1c\"},\"headline\":\"Emmanuel Gr\u00e9goire autoris\u00e9 \u00e0 n\u00e9gocier la vente du Parc des Princes avec le PSG\",\"datePublished\":\"2026-04-14T19:55:48+00:00\",\"dateModified\":\"2026-04-14T19:55:50+00:00\",\"mainEntityOfPage\":{\"@id\":\"https:\\\/\\\/ubirataonline.com.br\\\/emmanuel-gregoire-autorise-a-negocier-la-vente-du-parc-des-princes-avec-le-psg\\\/\"},\"wordCount\":343,\"publisher\":{\"@id\":\"https:\\\/\\\/ubirataonline.com.br\\\/#organization\"},\"image\":{\"@id\":\"https:\\\/\\\/ubirataonline.com.br\\\/emmanuel-gregoire-autorise-a-negocier-la-vente-du-parc-des-princes-avec-le-psg\\\/#primaryimage\"},\"thumbnailUrl\":\"https:\\\/\\\/ubirataonline.com.br\\\/wp-content\\\/uploads\\\/2026\\\/04\\\/Emmanuel-Gregoire-autorise-a-negocier-la-vente-du-Parc-des.jpg\",\"keywords\":[\"autoris\u00e9\",\"avec\",\"Des\",\"Emmanuel\",\"Gr\u00e9goire\",\"n\u00e9gocier\",\"PARC\",\"Princes\",\"PSG\",\"vente\"],\"articleSection\":[\"Brasil\"],\"inLanguage\":\"en-US\",\"copyrightYear\":\"2026\",\"copyrightHolder\":{\"@id\":\"https:\\\/\\\/ubirataonline.com.br\\\/en\\\/#organization\"}},{\"@type\":\"WebPage\",\"@id\":\"https:\\\/\\\/ubirataonline.com.br\\\/emmanuel-gregoire-autorise-a-negocier-la-vente-du-parc-des-princes-avec-le-psg\\\/\",\"url\":\"https:\\\/\\\/ubirataonline.com.br\\\/emmanuel-gregoire-autorise-a-negocier-la-vente-du-parc-des-princes-avec-le-psg\\\/\",\"name\":\"Emmanuel Gr\u00e9goire autoris\u00e9 \u00e0 n\u00e9gocier la vente du Parc des Princes avec le PSG - Ubirat\u00e3 Online Not\u00edcias - A realidade ao seu alcance!\",\"isPartOf\":{\"@id\":\"https:\\\/\\\/ubirataonline.com.br\\\/#website\"},\"primaryImageOfPage\":{\"@id\":\"https:\\\/\\\/ubirataonline.com.br\\\/emmanuel-gregoire-autorise-a-negocier-la-vente-du-parc-des-princes-avec-le-psg\\\/#primaryimage\"},\"image\":{\"@id\":\"https:\\\/\\\/ubirataonline.com.br\\\/emmanuel-gregoire-autorise-a-negocier-la-vente-du-parc-des-princes-avec-le-psg\\\/#primaryimage\"},\"thumbnailUrl\":\"https:\\\/\\\/ubirataonline.com.br\\\/wp-content\\\/uploads\\\/2026\\\/04\\\/Emmanuel-Gregoire-autorise-a-negocier-la-vente-du-Parc-des.jpg\",\"datePublished\":\"2026-04-14T19:55:48+00:00\",\"dateModified\":\"2026-04-14T19:55:50+00:00\",\"description\":\"Il en a fait l\u2019une des priorit\u00e9s de son d\u00e9but de mandat. Ce mardi, \u00e0 l\u2019occasion d\u2019un Conseil de Paris extraordinaire, Emmanuel Gr\u00e9goire, le maire (PS) de\",\"breadcrumb\":{\"@id\":\"https:\\\/\\\/ubirataonline.com.br\\\/emmanuel-gregoire-autorise-a-negocier-la-vente-du-parc-des-princes-avec-le-psg\\\/#breadcrumb\"},\"inLanguage\":\"en-US\",\"potentialAction\":[{\"@type\":\"ReadAction\",\"target\":[\"https:\\\/\\\/ubirataonline.com.br\\\/emmanuel-gregoire-autorise-a-negocier-la-vente-du-parc-des-princes-avec-le-psg\\\/\"]}]},{\"@type\":\"ImageObject\",\"inLanguage\":\"en-US\",\"@id\":\"https:\\\/\\\/ubirataonline.com.br\\\/emmanuel-gregoire-autorise-a-negocier-la-vente-du-parc-des-princes-avec-le-psg\\\/#primaryimage\",\"url\":\"https:\\\/\\\/ubirataonline.com.br\\\/wp-content\\\/uploads\\\/2026\\\/04\\\/Emmanuel-Gregoire-autorise-a-negocier-la-vente-du-Parc-des.jpg\",\"contentUrl\":\"https:\\\/\\\/ubirataonline.com.br\\\/wp-content\\\/uploads\\\/2026\\\/04\\\/Emmanuel-Gregoire-autorise-a-negocier-la-vente-du-Parc-des.jpg\",\"width\":1200,\"height\":675,\"caption\":\"Ce mardi, \u00e0 l\u2019occasion d\u2019un Conseil de Paris extraordinaire, Emmanuel Gr\u00e9goire, le maire (PS) de Paris a demand\u00e9 mandat aux \u00e9lus Parisiens afin d\u2019engager les discussions avec les dirigeants parisiens sur la vente du Parc des princes (illustration). LP\\\/Arnaud Journois\"},{\"@type\":\"BreadcrumbList\",\"@id\":\"https:\\\/\\\/ubirataonline.com.br\\\/emmanuel-gregoire-autorise-a-negocier-la-vente-du-parc-des-princes-avec-le-psg\\\/#breadcrumb\",\"itemListElement\":[{\"@type\":\"ListItem\",\"position\":1,\"name\":\"In\u00edcio\",\"item\":\"https:\\\/\\\/ubirataonline.com.br\\\/\"},{\"@type\":\"ListItem\",\"position\":2,\"name\":\"Emmanuel Gr\u00e9goire autoris\u00e9 \u00e0 n\u00e9gocier la vente du Parc des Princes avec le PSG\"}]},{\"@type\":\"WebSite\",\"@id\":\"https:\\\/\\\/ubirataonline.com.br\\\/#website\",\"url\":\"https:\\\/\\\/ubirataonline.com.br\\\/\",\"name\":\"Ubirat\u00e3 Online Not\u00edcias\",\"description\":\"Not\u00edcias de Ubirat\u00e3, regi\u00e3o, Brasil e mundo, com informa\u00e7\u00e3o atualizada e compromisso com o leitor.\",\"publisher\":{\"@id\":\"https:\\\/\\\/ubirataonline.com.br\\\/#organization\"},\"alternateName\":\"Ubirat\u00e3 Online\",\"potentialAction\":[{\"@type\":\"SearchAction\",\"target\":{\"@type\":\"EntryPoint\",\"urlTemplate\":\"https:\\\/\\\/ubirataonline.com.br\\\/?s={search_term_string}\"},\"query-input\":{\"@type\":\"PropertyValueSpecification\",\"valueRequired\":true,\"valueName\":\"search_term_string\"}}],\"inLanguage\":\"en-US\"},{\"@type\":[\"Organization\",\"Place\"],\"@id\":\"https:\\\/\\\/ubirataonline.com.br\\\/#organization\",\"name\":\"Ubirat\u00e3 Online Not\u00edcias\",\"alternateName\":\"Ubirat\u00e3 Online\",\"url\":\"https:\\\/\\\/ubirataonline.com.br\\\/\",\"logo\":{\"@id\":\"https:\\\/\\\/ubirataonline.com.br\\\/emmanuel-gregoire-autorise-a-negocier-la-vente-du-parc-des-princes-avec-le-psg\\\/#local-main-organization-logo\"},\"image\":{\"@id\":\"https:\\\/\\\/ubirataonline.com.br\\\/emmanuel-gregoire-autorise-a-negocier-la-vente-du-parc-des-princes-avec-le-psg\\\/#local-main-organization-logo\"},\"sameAs\":[\"https:\\\/\\\/www.facebook.com\\\/portalubirataonline\",\"https:\\\/\\\/x.com\\\/ubirataonline\",\"https:\\\/\\\/mastodon.social\\\/@ubirataonline\",\"https:\\\/\\\/www.facebook.com\\\/groups\\\/311144672285604\",\"https:\\\/\\\/www.facebook.com\\\/UBTAOnline\",\"https:\\\/\\\/www.instagram.com\\\/portalubirataonline\\\/\",\"https:\\\/\\\/twitter.com\\\/ubirataonline\"],\"description\":\"Somos um portal de not\u00edcias independente, criado em 5 de janeiro de 2009, com o objetivo de informar, conectar e valorizar a nossa comunidade de Ubirat\u00e3 e toda aregi\u00e3o. Com conte\u00fado atualizado, confi\u00e1vel e relevante, o Ubirat\u00e3 Online \u00e9 o seu espa\u00e7o para ficar por dentro dos principais acontecimentos locais, regionais, Brasil, Mundo e de interesse geral. Nosso compromisso \u00e9 com a verdade, a transpar\u00eancia e o respeito ao leitor.\",\"legalName\":\"UBIRATA ONLINE NOT\u00cdCIAS\",\"foundingDate\":\"2009-01-05\",\"numberOfEmployees\":{\"@type\":\"QuantitativeValue\",\"minValue\":\"1\",\"maxValue\":\"10\"},\"publishingPrinciples\":\"https:\\\/\\\/ubirataonline.com.br\\\/faq\\\/\",\"address\":{\"@id\":\"https:\\\/\\\/ubirataonline.com.br\\\/emmanuel-gregoire-autorise-a-negocier-la-vente-du-parc-des-princes-avec-le-psg\\\/#local-main-place-address\"},\"geo\":{\"@type\":\"GeoCoordinates\",\"latitude\":\"-24.5361401\",\"longitude\":\"-52.9921776\"},\"telephone\":[\"+5544998308235\"],\"contactPoint\":{\"@type\":\"ContactPoint\",\"email\":\"contato@ubirataonline.com.br\"},\"openingHoursSpecification\":{\"@type\":\"OpeningHoursSpecification\",\"dayOfWeek\":[\"Monday\",\"Tuesday\",\"Wednesday\",\"Thursday\",\"Friday\",\"Saturday\",\"Sunday\"],\"opens\":\"00:00\",\"closes\":\"23:59\"},\"email\":\"contato@ubirataonline.com.br\",\"vatID\":\"47.621.418\\\/0001-80\"},{\"@type\":\"Person\",\"@id\":\"https:\\\/\\\/ubirataonline.com.br\\\/#\\\/schema\\\/person\\\/372f87bbd3fdd79b8556b84c98d0bc1c\",\"name\":\"REDA\u00c7\u00c3O: UBIRAT\u00c3 ONLINE - F\u00c1BIO AUGUSTO CELESTINO\",\"pronouns\":\"Ele\",\"description\":\"Desde 2003 trabalhando com not\u00edcias.\",\"sameAs\":[\"http:\\\/\\\/ubirataoline.com.br\",\"https:\\\/\\\/www.facebook.com\\\/portalubirataonline\",\"https:\\\/\\\/www.instagram.com\\\/ubirataonline_oficial\",\"https:\\\/\\\/x.com\\\/x.com\\\/ubirataonline\"],\"honorificPrefix\":\"Mr.\",\"honorificSuffix\":\"MD\",\"birthDate\":\"1980-06-16\",\"gender\":\"masculino\",\"award\":[\"V\u00e1rios pr\u00eamios de melhor portal da cidade\"],\"jobTitle\":\"Diretor\",\"url\":\"https:\\\/\\\/ubirataonline.com.br\\\/en\\\/author\\\/ubirataonline\\\/\"},{\"@type\":\"PostalAddress\",\"@id\":\"https:\\\/\\\/ubirataonline.com.br\\\/emmanuel-gregoire-autorise-a-negocier-la-vente-du-parc-des-princes-avec-le-psg\\\/#local-main-place-address\",\"streetAddress\":\"Rua dos Coqueiros, 104 - Bairro Boa Vista, Rua dos Coqueiros, 104 Bairro Boa Vista\",\"addressLocality\":\"UBIRATA\",\"postalCode\":\"85440-000\",\"addressRegion\":\"PR\",\"addressCountry\":\"BR\"},{\"@type\":\"ImageObject\",\"inLanguage\":\"en-US\",\"@id\":\"https:\\\/\\\/ubirataonline.com.br\\\/emmanuel-gregoire-autorise-a-negocier-la-vente-du-parc-des-princes-avec-le-psg\\\/#local-main-organization-logo\",\"url\":\"https:\\\/\\\/ubirataonline.com.br\\\/wp-content\\\/uploads\\\/2026\\\/06\\\/logoubirataonline-1.webp\",\"contentUrl\":\"https:\\\/\\\/ubirataonline.com.br\\\/wp-content\\\/uploads\\\/2026\\\/06\\\/logoubirataonline-1.webp\",\"width\":500,\"height\":500,\"caption\":\"Ubirat\u00e3 Online Not\u00edcias\"}]}<\/script>\n<meta name=\"geo.placename\" content=\"UBIRATA\" \/>\n<meta name=\"geo.position\" content=\"-24.5361401;-52.9921776\" \/>\n<meta name=\"geo.region\" content=\"Brazil\" \/>\n<!-- \/ Yoast SEO Premium plugin. -->","yoast_head_json":{"title":"Emmanuel Gr\u00e9goire autoris\u00e9 \u00e0 n\u00e9gocier la vente du Parc des Princes avec le PSG - Ubirat\u00e3 Online Not\u00edcias - A realidade ao seu alcance!","description":"Il en a fait l\u2019une des priorit\u00e9s de son d\u00e9but de mandat. Ce mardi, \u00e0 l\u2019occasion d\u2019un Conseil de Paris extraordinaire, Emmanuel Gr\u00e9goire, le maire (PS) de","robots":{"index":"index","follow":"follow","max-snippet":"max-snippet:-1","max-image-preview":"max-image-preview:large","max-video-preview":"max-video-preview:-1"},"canonical":"https:\/\/ubirataonline.com.br\/en\/emmanuel-gregoire-autorise-a-negocier-la-vente-du-parc-des-princes-avec-le-psg\/","og_locale":"en_US","og_type":"article","og_title":"Emmanuel Gr\u00e9goire autoris\u00e9 \u00e0 n\u00e9gocier la vente du Parc des Princes avec le PSG","og_description":"Il en a fait l\u2019une des priorit\u00e9s de son d\u00e9but de mandat. Ce mardi, \u00e0 l\u2019occasion d\u2019un Conseil de Paris extraordinaire, Emmanuel Gr\u00e9goire, le maire (PS) de","og_url":"https:\/\/ubirataonline.com.br\/en\/emmanuel-gregoire-autorise-a-negocier-la-vente-du-parc-des-princes-avec-le-psg\/","og_site_name":"Ubirat\u00e3 Online Not\u00edcias - A realidade ao seu alcance!","article_publisher":"https:\/\/www.facebook.com\/portalubirataonline","article_author":"https:\/\/www.facebook.com\/portalubirataonline","article_published_time":"2026-04-14T19:55:48+00:00","article_modified_time":"2026-04-14T19:55:50+00:00","og_image":[{"width":1200,"height":675,"url":"https:\/\/ubirataonline.com.br\/wp-content\/uploads\/2026\/04\/Emmanuel-Gregoire-autorise-a-negocier-la-vente-du-Parc-des.jpg","type":"image\/jpeg"}],"author":"REDA\u00c7\u00c3O: UBIRAT\u00c3 ONLINE - F\u00c1BIO AUGUSTO CELESTINO","twitter_card":"summary_large_image","twitter_creator":"@x.com\/ubirataonline","twitter_site":"@ubirataonline","twitter_misc":{"Written by":"REDA\u00c7\u00c3O: UBIRAT\u00c3 ONLINE - F\u00c1BIO AUGUSTO CELESTINO","Est. reading time":"2 minutes"},"schema":{"@context":"https:\/\/schema.org","@graph":[{"@type":"NewsArticle","@id":"https:\/\/ubirataonline.com.br\/emmanuel-gregoire-autorise-a-negocier-la-vente-du-parc-des-princes-avec-le-psg\/#article","isPartOf":{"@id":"https:\/\/ubirataonline.com.br\/emmanuel-gregoire-autorise-a-negocier-la-vente-du-parc-des-princes-avec-le-psg\/"},"author":{"name":"REDA\u00c7\u00c3O: UBIRAT\u00c3 ONLINE - F\u00c1BIO AUGUSTO CELESTINO","@id":"https:\/\/ubirataonline.com.br\/#\/schema\/person\/372f87bbd3fdd79b8556b84c98d0bc1c"},"headline":"Emmanuel Gr\u00e9goire autoris\u00e9 \u00e0 n\u00e9gocier la vente du Parc des Princes avec le PSG","datePublished":"2026-04-14T19:55:48+00:00","dateModified":"2026-04-14T19:55:50+00:00","mainEntityOfPage":{"@id":"https:\/\/ubirataonline.com.br\/emmanuel-gregoire-autorise-a-negocier-la-vente-du-parc-des-princes-avec-le-psg\/"},"wordCount":343,"publisher":{"@id":"https:\/\/ubirataonline.com.br\/#organization"},"image":{"@id":"https:\/\/ubirataonline.com.br\/emmanuel-gregoire-autorise-a-negocier-la-vente-du-parc-des-princes-avec-le-psg\/#primaryimage"},"thumbnailUrl":"https:\/\/ubirataonline.com.br\/wp-content\/uploads\/2026\/04\/Emmanuel-Gregoire-autorise-a-negocier-la-vente-du-Parc-des.jpg","keywords":["autoris\u00e9","avec","Des","Emmanuel","Gr\u00e9goire","n\u00e9gocier","PARC","Princes","PSG","vente"],"articleSection":["Brasil"],"inLanguage":"en-US","copyrightYear":"2026","copyrightHolder":{"@id":"https:\/\/ubirataonline.com.br\/en\/#organization"}},{"@type":"WebPage","@id":"https:\/\/ubirataonline.com.br\/emmanuel-gregoire-autorise-a-negocier-la-vente-du-parc-des-princes-avec-le-psg\/","url":"https:\/\/ubirataonline.com.br\/emmanuel-gregoire-autorise-a-negocier-la-vente-du-parc-des-princes-avec-le-psg\/","name":"Emmanuel Gr\u00e9goire autoris\u00e9 \u00e0 n\u00e9gocier la vente du Parc des Princes avec le PSG - Ubirat\u00e3 Online Not\u00edcias - A realidade ao seu alcance!","isPartOf":{"@id":"https:\/\/ubirataonline.com.br\/#website"},"primaryImageOfPage":{"@id":"https:\/\/ubirataonline.com.br\/emmanuel-gregoire-autorise-a-negocier-la-vente-du-parc-des-princes-avec-le-psg\/#primaryimage"},"image":{"@id":"https:\/\/ubirataonline.com.br\/emmanuel-gregoire-autorise-a-negocier-la-vente-du-parc-des-princes-avec-le-psg\/#primaryimage"},"thumbnailUrl":"https:\/\/ubirataonline.com.br\/wp-content\/uploads\/2026\/04\/Emmanuel-Gregoire-autorise-a-negocier-la-vente-du-Parc-des.jpg","datePublished":"2026-04-14T19:55:48+00:00","dateModified":"2026-04-14T19:55:50+00:00","description":"Il en a fait l\u2019une des priorit\u00e9s de son d\u00e9but de mandat. Ce mardi, \u00e0 l\u2019occasion d\u2019un Conseil de Paris extraordinaire, Emmanuel Gr\u00e9goire, le maire (PS) de","breadcrumb":{"@id":"https:\/\/ubirataonline.com.br\/emmanuel-gregoire-autorise-a-negocier-la-vente-du-parc-des-princes-avec-le-psg\/#breadcrumb"},"inLanguage":"en-US","potentialAction":[{"@type":"ReadAction","target":["https:\/\/ubirataonline.com.br\/emmanuel-gregoire-autorise-a-negocier-la-vente-du-parc-des-princes-avec-le-psg\/"]}]},{"@type":"ImageObject","inLanguage":"en-US","@id":"https:\/\/ubirataonline.com.br\/emmanuel-gregoire-autorise-a-negocier-la-vente-du-parc-des-princes-avec-le-psg\/#primaryimage","url":"https:\/\/ubirataonline.com.br\/wp-content\/uploads\/2026\/04\/Emmanuel-Gregoire-autorise-a-negocier-la-vente-du-Parc-des.jpg","contentUrl":"https:\/\/ubirataonline.com.br\/wp-content\/uploads\/2026\/04\/Emmanuel-Gregoire-autorise-a-negocier-la-vente-du-Parc-des.jpg","width":1200,"height":675,"caption":"Ce mardi, \u00e0 l\u2019occasion d\u2019un Conseil de Paris extraordinaire, Emmanuel Gr\u00e9goire, le maire (PS) de Paris a demand\u00e9 mandat aux \u00e9lus Parisiens afin d\u2019engager les discussions avec les dirigeants parisiens sur la vente du Parc des princes (illustration). LP\/Arnaud Journois"},{"@type":"BreadcrumbList","@id":"https:\/\/ubirataonline.com.br\/emmanuel-gregoire-autorise-a-negocier-la-vente-du-parc-des-princes-avec-le-psg\/#breadcrumb","itemListElement":[{"@type":"ListItem","position":1,"name":"In\u00edcio","item":"https:\/\/ubirataonline.com.br\/"},{"@type":"ListItem","position":2,"name":"Emmanuel Gr\u00e9goire autoris\u00e9 \u00e0 n\u00e9gocier la vente du Parc des Princes avec le PSG"}]},{"@type":"WebSite","@id":"https:\/\/ubirataonline.com.br\/#website","url":"https:\/\/ubirataonline.com.br\/","name":"Ubirat\u00e3 Online Not\u00edcias","description":"Not\u00edcias de Ubirat\u00e3, regi\u00e3o, Brasil e mundo, com informa\u00e7\u00e3o atualizada e compromisso com o leitor.","publisher":{"@id":"https:\/\/ubirataonline.com.br\/#organization"},"alternateName":"Ubirat\u00e3 Online","potentialAction":[{"@type":"SearchAction","target":{"@type":"EntryPoint","urlTemplate":"https:\/\/ubirataonline.com.br\/?s={search_term_string}"},"query-input":{"@type":"PropertyValueSpecification","valueRequired":true,"valueName":"search_term_string"}}],"inLanguage":"en-US"},{"@type":["Organization","Place"],"@id":"https:\/\/ubirataonline.com.br\/#organization","name":"Ubirat\u00e3 Online Not\u00edcias","alternateName":"Ubirat\u00e3 Online","url":"https:\/\/ubirataonline.com.br\/","logo":{"@id":"https:\/\/ubirataonline.com.br\/emmanuel-gregoire-autorise-a-negocier-la-vente-du-parc-des-princes-avec-le-psg\/#local-main-organization-logo"},"image":{"@id":"https:\/\/ubirataonline.com.br\/emmanuel-gregoire-autorise-a-negocier-la-vente-du-parc-des-princes-avec-le-psg\/#local-main-organization-logo"},"sameAs":["https:\/\/www.facebook.com\/portalubirataonline","https:\/\/x.com\/ubirataonline","https:\/\/mastodon.social\/@ubirataonline","https:\/\/www.facebook.com\/groups\/311144672285604","https:\/\/www.facebook.com\/UBTAOnline","https:\/\/www.instagram.com\/portalubirataonline\/","https:\/\/twitter.com\/ubirataonline"],"description":"Somos um portal de not\u00edcias independente, criado em 5 de janeiro de 2009, com o objetivo de informar, conectar e valorizar a nossa comunidade de Ubirat\u00e3 e toda aregi\u00e3o. Com conte\u00fado atualizado, confi\u00e1vel e relevante, o Ubirat\u00e3 Online \u00e9 o seu espa\u00e7o para ficar por dentro dos principais acontecimentos locais, regionais, Brasil, Mundo e de interesse geral. Nosso compromisso \u00e9 com a verdade, a transpar\u00eancia e o respeito ao leitor.","legalName":"UBIRATA ONLINE NOT\u00cdCIAS","foundingDate":"2009-01-05","numberOfEmployees":{"@type":"QuantitativeValue","minValue":"1","maxValue":"10"},"publishingPrinciples":"https:\/\/ubirataonline.com.br\/faq\/","address":{"@id":"https:\/\/ubirataonline.com.br\/emmanuel-gregoire-autorise-a-negocier-la-vente-du-parc-des-princes-avec-le-psg\/#local-main-place-address"},"geo":{"@type":"GeoCoordinates","latitude":"-24.5361401","longitude":"-52.9921776"},"telephone":["+5544998308235"],"contactPoint":{"@type":"ContactPoint","email":"contato@ubirataonline.com.br"},"openingHoursSpecification":{"@type":"OpeningHoursSpecification","dayOfWeek":["Monday","Tuesday","Wednesday","Thursday","Friday","Saturday","Sunday"],"opens":"00:00","closes":"23:59"},"email":"contato@ubirataonline.com.br","vatID":"47.621.418\/0001-80"},{"@type":"Person","@id":"https:\/\/ubirataonline.com.br\/#\/schema\/person\/372f87bbd3fdd79b8556b84c98d0bc1c","name":"REDA\u00c7\u00c3O: UBIRAT\u00c3 ONLINE - F\u00c1BIO AUGUSTO CELESTINO","pronouns":"Ele","description":"Desde 2003 trabalhando com not\u00edcias.","sameAs":["http:\/\/ubirataoline.com.br","https:\/\/www.facebook.com\/portalubirataonline","https:\/\/www.instagram.com\/ubirataonline_oficial","https:\/\/x.com\/x.com\/ubirataonline"],"honorificPrefix":"Mr.","honorificSuffix":"MD","birthDate":"1980-06-16","gender":"masculino","award":["V\u00e1rios pr\u00eamios de melhor portal da cidade"],"jobTitle":"Diretor","url":"https:\/\/ubirataonline.com.br\/en\/author\/ubirataonline\/"},{"@type":"PostalAddress","@id":"https:\/\/ubirataonline.com.br\/emmanuel-gregoire-autorise-a-negocier-la-vente-du-parc-des-princes-avec-le-psg\/#local-main-place-address","streetAddress":"Rua dos Coqueiros, 104 - Bairro Boa Vista, Rua dos Coqueiros, 104 Bairro Boa Vista","addressLocality":"UBIRATA","postalCode":"85440-000","addressRegion":"PR","addressCountry":"BR"},{"@type":"ImageObject","inLanguage":"en-US","@id":"https:\/\/ubirataonline.com.br\/emmanuel-gregoire-autorise-a-negocier-la-vente-du-parc-des-princes-avec-le-psg\/#local-main-organization-logo","url":"https:\/\/ubirataonline.com.br\/wp-content\/uploads\/2026\/06\/logoubirataonline-1.webp","contentUrl":"https:\/\/ubirataonline.com.br\/wp-content\/uploads\/2026\/06\/logoubirataonline-1.webp","width":500,"height":500,"caption":"Ubirat\u00e3 Online Not\u00edcias"}]},"geo.placename":"UBIRATA","geo.position":{"lat":"-24.5361401","long":"-52.9921776"},"geo.region":"Brazil"},"_links":{"self":[{"href":"https:\/\/ubirataonline.com.br\/en\/wp-json\/wp\/v2\/posts\/107246","targetHints":{"allow":["GET"]}}],"collection":[{"href":"https:\/\/ubirataonline.com.br\/en\/wp-json\/wp\/v2\/posts"}],"about":[{"href":"https:\/\/ubirataonline.com.br\/en\/wp-json\/wp\/v2\/types\/post"}],"author":[{"embeddable":true,"href":"https:\/\/ubirataonline.com.br\/en\/wp-json\/wp\/v2\/users\/1"}],"replies":[{"embeddable":true,"href":"https:\/\/ubirataonline.com.br\/en\/wp-json\/wp\/v2\/comments?post=107246"}],"version-history":[{"count":0,"href":"https:\/\/ubirataonline.com.br\/en\/wp-json\/wp\/v2\/posts\/107246\/revisions"}],"wp:featuredmedia":[{"embeddable":true,"href":"https:\/\/ubirataonline.com.br\/en\/wp-json\/wp\/v2\/media\/107247"}],"wp:attachment":[{"href":"https:\/\/ubirataonline.com.br\/en\/wp-json\/wp\/v2\/media?parent=107246"}],"wp:term":[{"taxonomy":"category","embeddable":true,"href":"https:\/\/ubirataonline.com.br\/en\/wp-json\/wp\/v2\/categories?post=107246"},{"taxonomy":"post_tag","embeddable":true,"href":"https:\/\/ubirataonline.com.br\/en\/wp-json\/wp\/v2\/tags?post=107246"}],"curies":[{"name":"wp","href":"https:\/\/api.w.org\/{rel}","templated":true}]}}