{"id":107261,"date":"2026-04-14T17:05:01","date_gmt":"2026-04-14T20:05:01","guid":{"rendered":"https:\/\/ubirataonline.com.br\/psg-defender-nuno-mendes-reportedly-on-barcelona-radar-for-summer-move\/"},"modified":"2026-04-14T17:05:01","modified_gmt":"2026-04-14T20:05:01","slug":"psg-defender-nuno-mendes-reportedly-on-barcelona-radar-for-summer-move","status":"publish","type":"post","link":"https:\/\/ubirataonline.com.br\/en\/psg-defender-nuno-mendes-reportedly-on-barcelona-radar-for-summer-move\/","title":{"rendered":"PSG Defender Nuno Mendes Reportedly on Barcelona Radar for Summer Move"},"content":{"rendered":"<p><\/p>\n<div>\n<p>PSG has brilliant players in its squad, and Nuno Mendes is indisputably one of them. The Portuguese is also making others envious in Europe, particularly at FC Barcelona.<\/p>\n<p>Paris Saint-Germain is playing one of the most important matches of its season this Tuesday night in the Champions League on Liverpool&#8217;s pitch. The capital club starts with an advantage but must be wary of vengeful Reds, carried by their crowd.<\/p>\n<p>Advertisement<\/p>\n<p>Among the players PSG can count on is Mendes, 23. The Portuguese fullback is considered one of the best in the world at his position and wins over both fans and observers of the Parisian club. He also generates unanimity among certain competitors, and Hansi Flick will not say otherwise.<\/p>\n<p>According to information from the X account Topskills Sports UK, FC Barcelona&#8217;s German coach particularly appreciates a profile like Mendes&#8217;s to strengthen his squad. But the Catalan leadership knows well that a transfer of the Portuguese player to Barca is currently impossible unless the player himself requests his departure from PSG.<\/p>\n<p>Next summer, it would not be surprising to see Barca turn toward a new left back, as modern football now demands complete players capable of being decisive on the flanks.<\/p>\n<p>In the meantime, Flick will have to make do with the resources at hand this Tuesday night on Atletico Madrid&#8217;s pitch. And the mission looks complicated. After the 2-0 first-leg defeat, Barca will have to pull off a true feat to qualify.<\/p>\n<p>Advertisement<\/p>\n<p>The Catalans will have to show a completely different face, more aggressive and more effective, if they want to turn the situation around. Without that, a Champions League elimination would further fuel doubts around Barca&#8217;s current project.<\/p>\n<p>Don&#8217;t miss out on our ROUNDTABLE community and the latest news!<\/p>\n<p>It&#8217;s completely free to join. Share your thoughts, engage with our Roundtable writers, and chat with fellow members.<\/p>\n<p>Download the free Roundtable APP, and stay even more connected!<\/p>\n<\/div>\n<p><a href=\"https:\/\/sports.yahoo.com\/articles\/psg-defender-nuno-mendes-reportedly-182121776.html\">Source link <\/a><br \/>\nSee more https:\/\/theglobaltrack.com\/<\/p>","protected":false},"excerpt":{"rendered":"<p>PSG has brilliant players in its squad, and Nuno Mendes is indisputably one of them. The Portuguese is also making others envious in Europe, particularly at FC Barcelona. Paris Saint-Germain is playing one of the most important matches of its season this Tuesday night in the Champions League on Liverpool&#8217;s pitch. The capital club starts [&hellip;]<\/p>\n","protected":false},"author":1,"featured_media":107262,"comment_status":"","ping_status":"","sticky":false,"template":"","format":"standard","meta":{"googlesitekit_rrm_CAow2JLhCw:productID":"","_gspb_post_css":"","maa_idioma":"","maa_pais":"","footnotes":""},"categories":[1],"tags":[3640,7690,7458,4947,14360,8097,10030,4652,9378],"class_list":["post-107261","post","type-post","status-publish","format-standard","has-post-thumbnail","hentry","category-ubirata","tag-barcelona","tag-defender","tag-mendes","tag-move","tag-nuno","tag-psg","tag-radar","tag-reportedly","tag-summer"],"blocksy_meta":[],"yoast_head":"<!-- This site is optimized with the Yoast SEO Premium plugin v27.6 (Yoast SEO v27.6) - https:\/\/yoast.com\/product\/yoast-seo-premium-wordpress\/ -->\n<title>PSG Defender Nuno Mendes Reportedly on Barcelona Radar for Summer Move - Ubirat\u00e3 Online Not\u00edcias - A realidade ao seu alcance!<\/title>\n<meta name=\"description\" content=\"Barcelona is reportedly eyeing PSG&#x27;s elite left-back Nuno Mendes.\" \/>\n<meta name=\"robots\" content=\"index, follow, max-snippet:-1, max-image-preview:large, max-video-preview:-1\" \/>\n<link rel=\"canonical\" href=\"https:\/\/ubirataonline.com.br\/en\/psg-defender-nuno-mendes-reportedly-on-barcelona-radar-for-summer-move\/\" \/>\n<meta property=\"og:locale\" content=\"en_US\" \/>\n<meta property=\"og:type\" content=\"article\" \/>\n<meta property=\"og:title\" content=\"PSG Defender Nuno Mendes Reportedly on Barcelona Radar for Summer Move\" \/>\n<meta property=\"og:description\" content=\"Barcelona is reportedly eyeing PSG&#x27;s elite left-back Nuno Mendes.\" \/>\n<meta property=\"og:url\" content=\"https:\/\/ubirataonline.com.br\/en\/psg-defender-nuno-mendes-reportedly-on-barcelona-radar-for-summer-move\/\" \/>\n<meta property=\"og:site_name\" content=\"Ubirat\u00e3 Online Not\u00edcias - A realidade ao seu alcance!\" \/>\n<meta property=\"article:publisher\" content=\"https:\/\/www.facebook.com\/portalubirataonline\" \/>\n<meta property=\"article:author\" content=\"https:\/\/www.facebook.com\/portalubirataonline\" \/>\n<meta property=\"article:published_time\" content=\"2026-04-14T20:05:01+00:00\" \/>\n<meta property=\"og:image\" content=\"https:\/\/ubirataonline.com.br\/wp-content\/uploads\/2026\/04\/PSG-Defender-Nuno-Mendes-Reportedly-on-Barcelona-Radar-for-Summer.jpeg\" \/>\n\t<meta property=\"og:image:width\" content=\"1200\" \/>\n\t<meta property=\"og:image:height\" content=\"903\" \/>\n\t<meta property=\"og:image:type\" content=\"image\/jpeg\" \/>\n<meta name=\"author\" content=\"REDA\u00c7\u00c3O: UBIRAT\u00c3 ONLINE - F\u00c1BIO AUGUSTO CELESTINO\" \/>\n<meta name=\"twitter:card\" content=\"summary_large_image\" \/>\n<meta name=\"twitter:creator\" content=\"@x.com\/ubirataonline\" \/>\n<meta name=\"twitter:site\" content=\"@ubirataonline\" \/>\n<meta name=\"twitter:label1\" content=\"Written by\" \/>\n\t<meta name=\"twitter:data1\" content=\"REDA\u00c7\u00c3O: UBIRAT\u00c3 ONLINE - F\u00c1BIO AUGUSTO CELESTINO\" \/>\n\t<meta name=\"twitter:label2\" content=\"Est. reading time\" \/>\n\t<meta name=\"twitter:data2\" content=\"2 minutes\" \/>\n<script type=\"application\/ld+json\" class=\"yoast-schema-graph\">{\"@context\":\"https:\\\/\\\/schema.org\",\"@graph\":[{\"@type\":\"NewsArticle\",\"@id\":\"https:\\\/\\\/ubirataonline.com.br\\\/psg-defender-nuno-mendes-reportedly-on-barcelona-radar-for-summer-move\\\/#article\",\"isPartOf\":{\"@id\":\"https:\\\/\\\/ubirataonline.com.br\\\/psg-defender-nuno-mendes-reportedly-on-barcelona-radar-for-summer-move\\\/\"},\"author\":{\"name\":\"REDA\u00c7\u00c3O: UBIRAT\u00c3 ONLINE - F\u00c1BIO AUGUSTO CELESTINO\",\"@id\":\"https:\\\/\\\/ubirataonline.com.br\\\/#\\\/schema\\\/person\\\/372f87bbd3fdd79b8556b84c98d0bc1c\"},\"headline\":\"PSG Defender Nuno Mendes Reportedly on Barcelona Radar for Summer Move\",\"datePublished\":\"2026-04-14T20:05:01+00:00\",\"mainEntityOfPage\":{\"@id\":\"https:\\\/\\\/ubirataonline.com.br\\\/psg-defender-nuno-mendes-reportedly-on-barcelona-radar-for-summer-move\\\/\"},\"wordCount\":344,\"publisher\":{\"@id\":\"https:\\\/\\\/ubirataonline.com.br\\\/#organization\"},\"image\":{\"@id\":\"https:\\\/\\\/ubirataonline.com.br\\\/psg-defender-nuno-mendes-reportedly-on-barcelona-radar-for-summer-move\\\/#primaryimage\"},\"thumbnailUrl\":\"https:\\\/\\\/ubirataonline.com.br\\\/wp-content\\\/uploads\\\/2026\\\/04\\\/PSG-Defender-Nuno-Mendes-Reportedly-on-Barcelona-Radar-for-Summer.jpeg\",\"keywords\":[\"Barcelona\",\"Defender\",\"Mendes\",\"move\",\"Nuno\",\"PSG\",\"radar\",\"reportedly\",\"summer\"],\"articleSection\":[\"Ubirat\u00e3\"],\"inLanguage\":\"en-US\",\"copyrightYear\":\"2026\",\"copyrightHolder\":{\"@id\":\"https:\\\/\\\/ubirataonline.com.br\\\/en\\\/#organization\"}},{\"@type\":\"WebPage\",\"@id\":\"https:\\\/\\\/ubirataonline.com.br\\\/psg-defender-nuno-mendes-reportedly-on-barcelona-radar-for-summer-move\\\/\",\"url\":\"https:\\\/\\\/ubirataonline.com.br\\\/psg-defender-nuno-mendes-reportedly-on-barcelona-radar-for-summer-move\\\/\",\"name\":\"PSG Defender Nuno Mendes Reportedly on Barcelona Radar for Summer Move - Ubirat\u00e3 Online Not\u00edcias - A realidade ao seu alcance!\",\"isPartOf\":{\"@id\":\"https:\\\/\\\/ubirataonline.com.br\\\/#website\"},\"primaryImageOfPage\":{\"@id\":\"https:\\\/\\\/ubirataonline.com.br\\\/psg-defender-nuno-mendes-reportedly-on-barcelona-radar-for-summer-move\\\/#primaryimage\"},\"image\":{\"@id\":\"https:\\\/\\\/ubirataonline.com.br\\\/psg-defender-nuno-mendes-reportedly-on-barcelona-radar-for-summer-move\\\/#primaryimage\"},\"thumbnailUrl\":\"https:\\\/\\\/ubirataonline.com.br\\\/wp-content\\\/uploads\\\/2026\\\/04\\\/PSG-Defender-Nuno-Mendes-Reportedly-on-Barcelona-Radar-for-Summer.jpeg\",\"datePublished\":\"2026-04-14T20:05:01+00:00\",\"description\":\"Barcelona is reportedly eyeing PSG&#x27;s elite left-back Nuno Mendes.\",\"breadcrumb\":{\"@id\":\"https:\\\/\\\/ubirataonline.com.br\\\/psg-defender-nuno-mendes-reportedly-on-barcelona-radar-for-summer-move\\\/#breadcrumb\"},\"inLanguage\":\"en-US\",\"potentialAction\":[{\"@type\":\"ReadAction\",\"target\":[\"https:\\\/\\\/ubirataonline.com.br\\\/psg-defender-nuno-mendes-reportedly-on-barcelona-radar-for-summer-move\\\/\"]}]},{\"@type\":\"ImageObject\",\"inLanguage\":\"en-US\",\"@id\":\"https:\\\/\\\/ubirataonline.com.br\\\/psg-defender-nuno-mendes-reportedly-on-barcelona-radar-for-summer-move\\\/#primaryimage\",\"url\":\"https:\\\/\\\/ubirataonline.com.br\\\/wp-content\\\/uploads\\\/2026\\\/04\\\/PSG-Defender-Nuno-Mendes-Reportedly-on-Barcelona-Radar-for-Summer.jpeg\",\"contentUrl\":\"https:\\\/\\\/ubirataonline.com.br\\\/wp-content\\\/uploads\\\/2026\\\/04\\\/PSG-Defender-Nuno-Mendes-Reportedly-on-Barcelona-Radar-for-Summer.jpeg\",\"width\":1200,\"height\":903,\"caption\":\"(REUTERS)\"},{\"@type\":\"BreadcrumbList\",\"@id\":\"https:\\\/\\\/ubirataonline.com.br\\\/psg-defender-nuno-mendes-reportedly-on-barcelona-radar-for-summer-move\\\/#breadcrumb\",\"itemListElement\":[{\"@type\":\"ListItem\",\"position\":1,\"name\":\"In\u00edcio\",\"item\":\"https:\\\/\\\/ubirataonline.com.br\\\/\"},{\"@type\":\"ListItem\",\"position\":2,\"name\":\"PSG Defender Nuno Mendes Reportedly on Barcelona Radar for Summer Move\"}]},{\"@type\":\"WebSite\",\"@id\":\"https:\\\/\\\/ubirataonline.com.br\\\/#website\",\"url\":\"https:\\\/\\\/ubirataonline.com.br\\\/\",\"name\":\"Ubirat\u00e3 Online Not\u00edcias\",\"description\":\"Not\u00edcias de Ubirat\u00e3, regi\u00e3o, Brasil e mundo, com informa\u00e7\u00e3o atualizada e compromisso com o leitor.\",\"publisher\":{\"@id\":\"https:\\\/\\\/ubirataonline.com.br\\\/#organization\"},\"alternateName\":\"Ubirat\u00e3 Online\",\"potentialAction\":[{\"@type\":\"SearchAction\",\"target\":{\"@type\":\"EntryPoint\",\"urlTemplate\":\"https:\\\/\\\/ubirataonline.com.br\\\/?s={search_term_string}\"},\"query-input\":{\"@type\":\"PropertyValueSpecification\",\"valueRequired\":true,\"valueName\":\"search_term_string\"}}],\"inLanguage\":\"en-US\"},{\"@type\":[\"Organization\",\"Place\"],\"@id\":\"https:\\\/\\\/ubirataonline.com.br\\\/#organization\",\"name\":\"Ubirat\u00e3 Online Not\u00edcias\",\"alternateName\":\"Ubirat\u00e3 Online\",\"url\":\"https:\\\/\\\/ubirataonline.com.br\\\/\",\"logo\":{\"@id\":\"https:\\\/\\\/ubirataonline.com.br\\\/psg-defender-nuno-mendes-reportedly-on-barcelona-radar-for-summer-move\\\/#local-main-organization-logo\"},\"image\":{\"@id\":\"https:\\\/\\\/ubirataonline.com.br\\\/psg-defender-nuno-mendes-reportedly-on-barcelona-radar-for-summer-move\\\/#local-main-organization-logo\"},\"sameAs\":[\"https:\\\/\\\/www.facebook.com\\\/portalubirataonline\",\"https:\\\/\\\/x.com\\\/ubirataonline\",\"https:\\\/\\\/mastodon.social\\\/@ubirataonline\",\"https:\\\/\\\/www.facebook.com\\\/groups\\\/311144672285604\",\"https:\\\/\\\/www.facebook.com\\\/UBTAOnline\",\"https:\\\/\\\/www.instagram.com\\\/portalubirataonline\\\/\",\"https:\\\/\\\/twitter.com\\\/ubirataonline\"],\"description\":\"Somos um portal de not\u00edcias independente, criado em 5 de janeiro de 2009, com o objetivo de informar, conectar e valorizar a nossa comunidade de Ubirat\u00e3 e toda aregi\u00e3o. Com conte\u00fado atualizado, confi\u00e1vel e relevante, o Ubirat\u00e3 Online \u00e9 o seu espa\u00e7o para ficar por dentro dos principais acontecimentos locais, regionais, Brasil, Mundo e de interesse geral. Nosso compromisso \u00e9 com a verdade, a transpar\u00eancia e o respeito ao leitor.\",\"legalName\":\"UBIRATA ONLINE NOT\u00cdCIAS\",\"foundingDate\":\"2009-01-05\",\"numberOfEmployees\":{\"@type\":\"QuantitativeValue\",\"minValue\":\"1\",\"maxValue\":\"10\"},\"publishingPrinciples\":\"https:\\\/\\\/ubirataonline.com.br\\\/faq\\\/\",\"address\":{\"@id\":\"https:\\\/\\\/ubirataonline.com.br\\\/psg-defender-nuno-mendes-reportedly-on-barcelona-radar-for-summer-move\\\/#local-main-place-address\"},\"geo\":{\"@type\":\"GeoCoordinates\",\"latitude\":\"-24.5361401\",\"longitude\":\"-52.9921776\"},\"telephone\":[\"+5544998308235\"],\"contactPoint\":{\"@type\":\"ContactPoint\",\"email\":\"contato@ubirataonline.com.br\"},\"openingHoursSpecification\":{\"@type\":\"OpeningHoursSpecification\",\"dayOfWeek\":[\"Monday\",\"Tuesday\",\"Wednesday\",\"Thursday\",\"Friday\",\"Saturday\",\"Sunday\"],\"opens\":\"00:00\",\"closes\":\"23:59\"},\"email\":\"contato@ubirataonline.com.br\",\"vatID\":\"47.621.418\\\/0001-80\"},{\"@type\":\"Person\",\"@id\":\"https:\\\/\\\/ubirataonline.com.br\\\/#\\\/schema\\\/person\\\/372f87bbd3fdd79b8556b84c98d0bc1c\",\"name\":\"REDA\u00c7\u00c3O: UBIRAT\u00c3 ONLINE - F\u00c1BIO AUGUSTO CELESTINO\",\"pronouns\":\"Ele\",\"description\":\"Desde 2003 trabalhando com not\u00edcias.\",\"sameAs\":[\"http:\\\/\\\/ubirataoline.com.br\",\"https:\\\/\\\/www.facebook.com\\\/portalubirataonline\",\"https:\\\/\\\/www.instagram.com\\\/ubirataonline_oficial\",\"https:\\\/\\\/x.com\\\/x.com\\\/ubirataonline\"],\"honorificPrefix\":\"Mr.\",\"honorificSuffix\":\"MD\",\"birthDate\":\"1980-06-16\",\"gender\":\"masculino\",\"award\":[\"V\u00e1rios pr\u00eamios de melhor portal da cidade\"],\"jobTitle\":\"Diretor\",\"url\":\"https:\\\/\\\/ubirataonline.com.br\\\/en\\\/author\\\/ubirataonline\\\/\"},{\"@type\":\"PostalAddress\",\"@id\":\"https:\\\/\\\/ubirataonline.com.br\\\/psg-defender-nuno-mendes-reportedly-on-barcelona-radar-for-summer-move\\\/#local-main-place-address\",\"streetAddress\":\"Rua dos Coqueiros, 104 - Bairro Boa Vista, Rua dos Coqueiros, 104 Bairro Boa Vista\",\"addressLocality\":\"UBIRATA\",\"postalCode\":\"85440-000\",\"addressRegion\":\"PR\",\"addressCountry\":\"BR\"},{\"@type\":\"ImageObject\",\"inLanguage\":\"en-US\",\"@id\":\"https:\\\/\\\/ubirataonline.com.br\\\/psg-defender-nuno-mendes-reportedly-on-barcelona-radar-for-summer-move\\\/#local-main-organization-logo\",\"url\":\"https:\\\/\\\/ubirataonline.com.br\\\/wp-content\\\/uploads\\\/2026\\\/06\\\/logoubirataonline-1.webp\",\"contentUrl\":\"https:\\\/\\\/ubirataonline.com.br\\\/wp-content\\\/uploads\\\/2026\\\/06\\\/logoubirataonline-1.webp\",\"width\":500,\"height\":500,\"caption\":\"Ubirat\u00e3 Online Not\u00edcias\"}]}<\/script>\n<meta name=\"geo.placename\" content=\"UBIRATA\" \/>\n<meta name=\"geo.position\" content=\"-24.5361401;-52.9921776\" \/>\n<meta name=\"geo.region\" content=\"Brazil\" \/>\n<!-- \/ Yoast SEO Premium plugin. -->","yoast_head_json":{"title":"PSG Defender Nuno Mendes Reportedly on Barcelona Radar for Summer Move - Ubirat\u00e3 Online Not\u00edcias - A realidade ao seu alcance!","description":"Barcelona is reportedly eyeing PSG&#x27;s elite left-back Nuno Mendes.","robots":{"index":"index","follow":"follow","max-snippet":"max-snippet:-1","max-image-preview":"max-image-preview:large","max-video-preview":"max-video-preview:-1"},"canonical":"https:\/\/ubirataonline.com.br\/en\/psg-defender-nuno-mendes-reportedly-on-barcelona-radar-for-summer-move\/","og_locale":"en_US","og_type":"article","og_title":"PSG Defender Nuno Mendes Reportedly on Barcelona Radar for Summer Move","og_description":"Barcelona is reportedly eyeing PSG&#x27;s elite left-back Nuno Mendes.","og_url":"https:\/\/ubirataonline.com.br\/en\/psg-defender-nuno-mendes-reportedly-on-barcelona-radar-for-summer-move\/","og_site_name":"Ubirat\u00e3 Online Not\u00edcias - A realidade ao seu alcance!","article_publisher":"https:\/\/www.facebook.com\/portalubirataonline","article_author":"https:\/\/www.facebook.com\/portalubirataonline","article_published_time":"2026-04-14T20:05:01+00:00","og_image":[{"width":1200,"height":903,"url":"https:\/\/ubirataonline.com.br\/wp-content\/uploads\/2026\/04\/PSG-Defender-Nuno-Mendes-Reportedly-on-Barcelona-Radar-for-Summer.jpeg","type":"image\/jpeg"}],"author":"REDA\u00c7\u00c3O: UBIRAT\u00c3 ONLINE - F\u00c1BIO AUGUSTO CELESTINO","twitter_card":"summary_large_image","twitter_creator":"@x.com\/ubirataonline","twitter_site":"@ubirataonline","twitter_misc":{"Written by":"REDA\u00c7\u00c3O: UBIRAT\u00c3 ONLINE - F\u00c1BIO AUGUSTO CELESTINO","Est. reading time":"2 minutes"},"schema":{"@context":"https:\/\/schema.org","@graph":[{"@type":"NewsArticle","@id":"https:\/\/ubirataonline.com.br\/psg-defender-nuno-mendes-reportedly-on-barcelona-radar-for-summer-move\/#article","isPartOf":{"@id":"https:\/\/ubirataonline.com.br\/psg-defender-nuno-mendes-reportedly-on-barcelona-radar-for-summer-move\/"},"author":{"name":"REDA\u00c7\u00c3O: UBIRAT\u00c3 ONLINE - F\u00c1BIO AUGUSTO CELESTINO","@id":"https:\/\/ubirataonline.com.br\/#\/schema\/person\/372f87bbd3fdd79b8556b84c98d0bc1c"},"headline":"PSG Defender Nuno Mendes Reportedly on Barcelona Radar for Summer Move","datePublished":"2026-04-14T20:05:01+00:00","mainEntityOfPage":{"@id":"https:\/\/ubirataonline.com.br\/psg-defender-nuno-mendes-reportedly-on-barcelona-radar-for-summer-move\/"},"wordCount":344,"publisher":{"@id":"https:\/\/ubirataonline.com.br\/#organization"},"image":{"@id":"https:\/\/ubirataonline.com.br\/psg-defender-nuno-mendes-reportedly-on-barcelona-radar-for-summer-move\/#primaryimage"},"thumbnailUrl":"https:\/\/ubirataonline.com.br\/wp-content\/uploads\/2026\/04\/PSG-Defender-Nuno-Mendes-Reportedly-on-Barcelona-Radar-for-Summer.jpeg","keywords":["Barcelona","Defender","Mendes","move","Nuno","PSG","radar","reportedly","summer"],"articleSection":["Ubirat\u00e3"],"inLanguage":"en-US","copyrightYear":"2026","copyrightHolder":{"@id":"https:\/\/ubirataonline.com.br\/en\/#organization"}},{"@type":"WebPage","@id":"https:\/\/ubirataonline.com.br\/psg-defender-nuno-mendes-reportedly-on-barcelona-radar-for-summer-move\/","url":"https:\/\/ubirataonline.com.br\/psg-defender-nuno-mendes-reportedly-on-barcelona-radar-for-summer-move\/","name":"PSG Defender Nuno Mendes Reportedly on Barcelona Radar for Summer Move - Ubirat\u00e3 Online Not\u00edcias - A realidade ao seu alcance!","isPartOf":{"@id":"https:\/\/ubirataonline.com.br\/#website"},"primaryImageOfPage":{"@id":"https:\/\/ubirataonline.com.br\/psg-defender-nuno-mendes-reportedly-on-barcelona-radar-for-summer-move\/#primaryimage"},"image":{"@id":"https:\/\/ubirataonline.com.br\/psg-defender-nuno-mendes-reportedly-on-barcelona-radar-for-summer-move\/#primaryimage"},"thumbnailUrl":"https:\/\/ubirataonline.com.br\/wp-content\/uploads\/2026\/04\/PSG-Defender-Nuno-Mendes-Reportedly-on-Barcelona-Radar-for-Summer.jpeg","datePublished":"2026-04-14T20:05:01+00:00","description":"Barcelona is reportedly eyeing PSG&#x27;s elite left-back Nuno Mendes.","breadcrumb":{"@id":"https:\/\/ubirataonline.com.br\/psg-defender-nuno-mendes-reportedly-on-barcelona-radar-for-summer-move\/#breadcrumb"},"inLanguage":"en-US","potentialAction":[{"@type":"ReadAction","target":["https:\/\/ubirataonline.com.br\/psg-defender-nuno-mendes-reportedly-on-barcelona-radar-for-summer-move\/"]}]},{"@type":"ImageObject","inLanguage":"en-US","@id":"https:\/\/ubirataonline.com.br\/psg-defender-nuno-mendes-reportedly-on-barcelona-radar-for-summer-move\/#primaryimage","url":"https:\/\/ubirataonline.com.br\/wp-content\/uploads\/2026\/04\/PSG-Defender-Nuno-Mendes-Reportedly-on-Barcelona-Radar-for-Summer.jpeg","contentUrl":"https:\/\/ubirataonline.com.br\/wp-content\/uploads\/2026\/04\/PSG-Defender-Nuno-Mendes-Reportedly-on-Barcelona-Radar-for-Summer.jpeg","width":1200,"height":903,"caption":"(REUTERS)"},{"@type":"BreadcrumbList","@id":"https:\/\/ubirataonline.com.br\/psg-defender-nuno-mendes-reportedly-on-barcelona-radar-for-summer-move\/#breadcrumb","itemListElement":[{"@type":"ListItem","position":1,"name":"In\u00edcio","item":"https:\/\/ubirataonline.com.br\/"},{"@type":"ListItem","position":2,"name":"PSG Defender Nuno Mendes Reportedly on Barcelona Radar for Summer Move"}]},{"@type":"WebSite","@id":"https:\/\/ubirataonline.com.br\/#website","url":"https:\/\/ubirataonline.com.br\/","name":"Ubirat\u00e3 Online Not\u00edcias","description":"Not\u00edcias de Ubirat\u00e3, regi\u00e3o, Brasil e mundo, com informa\u00e7\u00e3o atualizada e compromisso com o leitor.","publisher":{"@id":"https:\/\/ubirataonline.com.br\/#organization"},"alternateName":"Ubirat\u00e3 Online","potentialAction":[{"@type":"SearchAction","target":{"@type":"EntryPoint","urlTemplate":"https:\/\/ubirataonline.com.br\/?s={search_term_string}"},"query-input":{"@type":"PropertyValueSpecification","valueRequired":true,"valueName":"search_term_string"}}],"inLanguage":"en-US"},{"@type":["Organization","Place"],"@id":"https:\/\/ubirataonline.com.br\/#organization","name":"Ubirat\u00e3 Online Not\u00edcias","alternateName":"Ubirat\u00e3 Online","url":"https:\/\/ubirataonline.com.br\/","logo":{"@id":"https:\/\/ubirataonline.com.br\/psg-defender-nuno-mendes-reportedly-on-barcelona-radar-for-summer-move\/#local-main-organization-logo"},"image":{"@id":"https:\/\/ubirataonline.com.br\/psg-defender-nuno-mendes-reportedly-on-barcelona-radar-for-summer-move\/#local-main-organization-logo"},"sameAs":["https:\/\/www.facebook.com\/portalubirataonline","https:\/\/x.com\/ubirataonline","https:\/\/mastodon.social\/@ubirataonline","https:\/\/www.facebook.com\/groups\/311144672285604","https:\/\/www.facebook.com\/UBTAOnline","https:\/\/www.instagram.com\/portalubirataonline\/","https:\/\/twitter.com\/ubirataonline"],"description":"Somos um portal de not\u00edcias independente, criado em 5 de janeiro de 2009, com o objetivo de informar, conectar e valorizar a nossa comunidade de Ubirat\u00e3 e toda aregi\u00e3o. Com conte\u00fado atualizado, confi\u00e1vel e relevante, o Ubirat\u00e3 Online \u00e9 o seu espa\u00e7o para ficar por dentro dos principais acontecimentos locais, regionais, Brasil, Mundo e de interesse geral. Nosso compromisso \u00e9 com a verdade, a transpar\u00eancia e o respeito ao leitor.","legalName":"UBIRATA ONLINE NOT\u00cdCIAS","foundingDate":"2009-01-05","numberOfEmployees":{"@type":"QuantitativeValue","minValue":"1","maxValue":"10"},"publishingPrinciples":"https:\/\/ubirataonline.com.br\/faq\/","address":{"@id":"https:\/\/ubirataonline.com.br\/psg-defender-nuno-mendes-reportedly-on-barcelona-radar-for-summer-move\/#local-main-place-address"},"geo":{"@type":"GeoCoordinates","latitude":"-24.5361401","longitude":"-52.9921776"},"telephone":["+5544998308235"],"contactPoint":{"@type":"ContactPoint","email":"contato@ubirataonline.com.br"},"openingHoursSpecification":{"@type":"OpeningHoursSpecification","dayOfWeek":["Monday","Tuesday","Wednesday","Thursday","Friday","Saturday","Sunday"],"opens":"00:00","closes":"23:59"},"email":"contato@ubirataonline.com.br","vatID":"47.621.418\/0001-80"},{"@type":"Person","@id":"https:\/\/ubirataonline.com.br\/#\/schema\/person\/372f87bbd3fdd79b8556b84c98d0bc1c","name":"REDA\u00c7\u00c3O: UBIRAT\u00c3 ONLINE - F\u00c1BIO AUGUSTO CELESTINO","pronouns":"Ele","description":"Desde 2003 trabalhando com not\u00edcias.","sameAs":["http:\/\/ubirataoline.com.br","https:\/\/www.facebook.com\/portalubirataonline","https:\/\/www.instagram.com\/ubirataonline_oficial","https:\/\/x.com\/x.com\/ubirataonline"],"honorificPrefix":"Mr.","honorificSuffix":"MD","birthDate":"1980-06-16","gender":"masculino","award":["V\u00e1rios pr\u00eamios de melhor portal da cidade"],"jobTitle":"Diretor","url":"https:\/\/ubirataonline.com.br\/en\/author\/ubirataonline\/"},{"@type":"PostalAddress","@id":"https:\/\/ubirataonline.com.br\/psg-defender-nuno-mendes-reportedly-on-barcelona-radar-for-summer-move\/#local-main-place-address","streetAddress":"Rua dos Coqueiros, 104 - Bairro Boa Vista, Rua dos Coqueiros, 104 Bairro Boa Vista","addressLocality":"UBIRATA","postalCode":"85440-000","addressRegion":"PR","addressCountry":"BR"},{"@type":"ImageObject","inLanguage":"en-US","@id":"https:\/\/ubirataonline.com.br\/psg-defender-nuno-mendes-reportedly-on-barcelona-radar-for-summer-move\/#local-main-organization-logo","url":"https:\/\/ubirataonline.com.br\/wp-content\/uploads\/2026\/06\/logoubirataonline-1.webp","contentUrl":"https:\/\/ubirataonline.com.br\/wp-content\/uploads\/2026\/06\/logoubirataonline-1.webp","width":500,"height":500,"caption":"Ubirat\u00e3 Online Not\u00edcias"}]},"geo.placename":"UBIRATA","geo.position":{"lat":"-24.5361401","long":"-52.9921776"},"geo.region":"Brazil"},"_links":{"self":[{"href":"https:\/\/ubirataonline.com.br\/en\/wp-json\/wp\/v2\/posts\/107261","targetHints":{"allow":["GET"]}}],"collection":[{"href":"https:\/\/ubirataonline.com.br\/en\/wp-json\/wp\/v2\/posts"}],"about":[{"href":"https:\/\/ubirataonline.com.br\/en\/wp-json\/wp\/v2\/types\/post"}],"author":[{"embeddable":true,"href":"https:\/\/ubirataonline.com.br\/en\/wp-json\/wp\/v2\/users\/1"}],"replies":[{"embeddable":true,"href":"https:\/\/ubirataonline.com.br\/en\/wp-json\/wp\/v2\/comments?post=107261"}],"version-history":[{"count":0,"href":"https:\/\/ubirataonline.com.br\/en\/wp-json\/wp\/v2\/posts\/107261\/revisions"}],"wp:featuredmedia":[{"embeddable":true,"href":"https:\/\/ubirataonline.com.br\/en\/wp-json\/wp\/v2\/media\/107262"}],"wp:attachment":[{"href":"https:\/\/ubirataonline.com.br\/en\/wp-json\/wp\/v2\/media?parent=107261"}],"wp:term":[{"taxonomy":"category","embeddable":true,"href":"https:\/\/ubirataonline.com.br\/en\/wp-json\/wp\/v2\/categories?post=107261"},{"taxonomy":"post_tag","embeddable":true,"href":"https:\/\/ubirataonline.com.br\/en\/wp-json\/wp\/v2\/tags?post=107261"}],"curies":[{"name":"wp","href":"https:\/\/api.w.org\/{rel}","templated":true}]}}