{"id":107274,"date":"2026-04-14T17:30:48","date_gmt":"2026-04-14T20:30:48","guid":{"rendered":"https:\/\/ubirataonline.com.br\/alianza-lima-pablo-guede-analiza-cambio-de-esquema-ante-adt-en-tarma\/"},"modified":"2026-04-14T17:30:52","modified_gmt":"2026-04-14T20:30:52","slug":"alianza-lima-pablo-guede-analiza-cambio-de-esquema-ante-adt-en-tarma","status":"publish","type":"post","link":"https:\/\/ubirataonline.com.br\/en\/alianza-lima-pablo-guede-analiza-cambio-de-esquema-ante-adt-en-tarma\/","title":{"rendered":"Alianza Lima: Pablo Guede analiza cambio de esquema ante ADT en Tarma"},"content":{"rendered":"<p><br \/>\n<\/p>\n<div>\n<div class=\"article-meta\"><span class=\"timestamp\">13  de  abr, 2026, 23:17 ET<\/span><\/div>\n<p><strong><a href=\"https:\/\/espndeportes.espn.com\/futbol\/equipo\/_\/id\/2680\/alianza-lima\" target=\"_blank\">Alianza Lima<\/a> <\/strong>visitar\u00e1 este martes al ADT en busca de dejar atr\u00e1s su derrota en el cl\u00e1sico ante Universitario y reengancharse a la pelea por el t\u00edtulo del Apertura de la Liga 1 2026.<\/p>\n<aside class=\"inline inline-photo full\">\n<figure><picture><source data-srcset=\"https:\/\/a3.espncdn.com\/combiner\/i?img=%2Fphoto%2F2026%2F0322%2Fr1632423_1296x729_16%2D9.jpg&amp;w=570&amp;format=jpg, https:\/\/a3.espncdn.com\/combiner\/i?img=%2Fphoto%2F2026%2F0322%2Fr1632423_1296x729_16%2D9.jpg&amp;w=1140&amp;cquality=40&amp;format=jpg 2x\" media=\"(min-width: 376px)\"><source data-srcset=\"https:\/\/a3.espncdn.com\/combiner\/i?img=%2Fphoto%2F2026%2F0322%2Fr1632423_1296x729_16%2D9.jpg&amp;w=375, https:\/\/a3.espncdn.com\/combiner\/i?img=%2Fphoto%2F2026%2F0322%2Fr1632423_1296x729_16%2D9.jpg&amp;w=750&amp;cquality=40&amp;format=jpg 2x\" media=\"(max-width: 375px)\"><img class=\"lazyload lazyload\" data-image-container=\".inline-photo\" height=\"320\" width=\"570\"\/><\/source><\/source><\/picture><figcaption class=\"photoCaption\">Guede analiza cambios ante ADT.\u00a0<cite>Getty<\/cite><\/figcaption><\/figure>\n<\/aside>\n<aside class=\"inline float-r inline-track\">\n<h2 class=\"img-title\">\u00a1ESPN en Disney+ Plan Premium!<\/h2>\n<p>El mejor deporte de ESPN junto a tus series y peliculas favoritas. Todo en un solo lugar. <b>ESPN en Disney+ Plan Premium<\/b>.<\/p>\n<\/aside>\n<p>Con 10 d\u00edas por delante para preparar el partido<strong>, Pablo Guede todav\u00eda tiene dudas <\/strong>para confeccionar el equipo que buscar\u00e1 el primer triunfo blanquiazul en la ciudad de Tarma.<\/p>\n<p>El DT de Alianza ha probado con un<strong> doble &#8216;9&#8217; <\/strong>conformado por Luis Ramos y Federico Girotti en los \u00faltimos ensayos.<\/p>\n<p>Sin embargo, Guede<strong> ensay\u00f3 tambi\u00e9n con una l\u00ednea de tres defensores<\/strong>, con Gianfranco Ch\u00e1vez sum\u00e1ndose a la l\u00ednea de centrales.<\/p>\n<p>La certeza que s\u00ed existe en Pablo Guede es respaldar a Alejandro Duarte, que le gan\u00f3 la pulseada a Guillermo Viscarra para ser el &#8216;1&#8217; victoriano.<\/p>\n<h2>Cu\u00e1ndo juegan ADT vs. Alianza Lima: fecha, hora y TV en vivo<\/h2>\n<p>El partido entre ADT y Alianza Lima se disputar\u00e1 el <strong>martes 14 de abril<\/strong> y se podr\u00e1 ver en vivo a las <strong>15:15 (hora peruana) <\/strong>por la se\u00f1al de Liga 1 Max.<\/p>\n<\/div>\n<p><br \/>\n<br \/><a href=\"https:\/\/espndeportes.espn.com\/futbol\/peru\/nota\/_\/id\/16571263\/pablo-guede-analiza-cambios-esquema-alianza-lima-vs-adt\">Source link <\/a><\/p>","protected":false},"excerpt":{"rendered":"<p>13 de abr, 2026, 23:17 ET Alianza Lima visitar\u00e1 este martes al ADT en busca de dejar atr\u00e1s su derrota en el cl\u00e1sico ante Universitario y reengancharse a la pelea por el t\u00edtulo del Apertura de la Liga 1 2026. Guede analiza cambios ante ADT.\u00a0Getty \u00a1ESPN en Disney+ Plan Premium! El mejor deporte de ESPN [&hellip;]<\/p>\n","protected":false},"author":1,"featured_media":107275,"comment_status":"closed","ping_status":"","sticky":false,"template":"","format":"standard","meta":{"googlesitekit_rrm_CAow2JLhCw:productID":"","_gspb_post_css":"","maa_idioma":"","maa_pais":"","footnotes":""},"categories":[1],"tags":[28290,18849,28289,4405,17016,5815,28288,5792,21742,28291],"class_list":["post-107274","post","type-post","status-publish","format-standard","has-post-thumbnail","hentry","category-ubirata","tag-adt","tag-alianza","tag-analiza","tag-ante","tag-cambio","tag-esquema","tag-guede","tag-lima","tag-pablo","tag-tarma"],"blocksy_meta":[],"yoast_head":"<!-- This site is optimized with the Yoast SEO Premium plugin v27.6 (Yoast SEO v27.6) - https:\/\/yoast.com\/product\/yoast-seo-premium-wordpress\/ -->\n<title>Alianza Lima: Pablo Guede analiza cambio de esquema ante ADT en Tarma - Ubirat\u00e3 Online Not\u00edcias - A realidade ao seu alcance!<\/title>\n<meta name=\"description\" content=\"13 de abr, 2026, 23:17 ETAlianza Lima visitar\u00e1 este martes al ADT en busca de dejar atr\u00e1s su derrota en el cl\u00e1sico ante Universitario y reengancharse a la\" \/>\n<meta name=\"robots\" content=\"index, follow, max-snippet:-1, max-image-preview:large, max-video-preview:-1\" \/>\n<link rel=\"canonical\" href=\"https:\/\/ubirataonline.com.br\/en\/alianza-lima-pablo-guede-analiza-cambio-de-esquema-ante-adt-en-tarma\/\" \/>\n<meta property=\"og:locale\" content=\"en_US\" \/>\n<meta property=\"og:type\" content=\"article\" \/>\n<meta property=\"og:title\" content=\"Alianza Lima: Pablo Guede analiza cambio de esquema ante ADT en Tarma\" \/>\n<meta property=\"og:description\" content=\"13 de abr, 2026, 23:17 ETAlianza Lima visitar\u00e1 este martes al ADT en busca de dejar atr\u00e1s su derrota en el cl\u00e1sico ante Universitario y reengancharse a la\" \/>\n<meta property=\"og:url\" content=\"https:\/\/ubirataonline.com.br\/en\/alianza-lima-pablo-guede-analiza-cambio-de-esquema-ante-adt-en-tarma\/\" \/>\n<meta property=\"og:site_name\" content=\"Ubirat\u00e3 Online Not\u00edcias - A realidade ao seu alcance!\" \/>\n<meta property=\"article:publisher\" content=\"https:\/\/www.facebook.com\/portalubirataonline\" \/>\n<meta property=\"article:author\" content=\"https:\/\/www.facebook.com\/portalubirataonline\" \/>\n<meta property=\"article:published_time\" content=\"2026-04-14T20:30:48+00:00\" \/>\n<meta property=\"article:modified_time\" content=\"2026-04-14T20:30:52+00:00\" \/>\n<meta property=\"og:image\" content=\"https:\/\/ubirataonline.com.br\/wp-content\/uploads\/2026\/04\/Alianza-Lima-Pablo-Guede-analiza-cambio-de-esquema-ante-ADT.jpeg\" \/>\n\t<meta property=\"og:image:width\" content=\"1296\" \/>\n\t<meta property=\"og:image:height\" content=\"729\" \/>\n\t<meta property=\"og:image:type\" content=\"image\/jpeg\" \/>\n<meta name=\"author\" content=\"REDA\u00c7\u00c3O: UBIRAT\u00c3 ONLINE - F\u00c1BIO AUGUSTO CELESTINO\" \/>\n<meta name=\"twitter:card\" content=\"summary_large_image\" \/>\n<meta name=\"twitter:creator\" content=\"@x.com\/ubirataonline\" \/>\n<meta name=\"twitter:site\" content=\"@ubirataonline\" \/>\n<meta name=\"twitter:label1\" content=\"Written by\" \/>\n\t<meta name=\"twitter:data1\" content=\"REDA\u00c7\u00c3O: UBIRAT\u00c3 ONLINE - F\u00c1BIO AUGUSTO CELESTINO\" \/>\n\t<meta name=\"twitter:label2\" content=\"Est. reading time\" \/>\n\t<meta name=\"twitter:data2\" content=\"1 minute\" \/>\n<script type=\"application\/ld+json\" class=\"yoast-schema-graph\">{\"@context\":\"https:\\\/\\\/schema.org\",\"@graph\":[{\"@type\":\"NewsArticle\",\"@id\":\"https:\\\/\\\/ubirataonline.com.br\\\/alianza-lima-pablo-guede-analiza-cambio-de-esquema-ante-adt-en-tarma\\\/#article\",\"isPartOf\":{\"@id\":\"https:\\\/\\\/ubirataonline.com.br\\\/alianza-lima-pablo-guede-analiza-cambio-de-esquema-ante-adt-en-tarma\\\/\"},\"author\":{\"name\":\"REDA\u00c7\u00c3O: UBIRAT\u00c3 ONLINE - F\u00c1BIO AUGUSTO CELESTINO\",\"@id\":\"https:\\\/\\\/ubirataonline.com.br\\\/#\\\/schema\\\/person\\\/372f87bbd3fdd79b8556b84c98d0bc1c\"},\"headline\":\"Alianza Lima: Pablo Guede analiza cambio de esquema ante ADT en Tarma\",\"datePublished\":\"2026-04-14T20:30:48+00:00\",\"dateModified\":\"2026-04-14T20:30:52+00:00\",\"mainEntityOfPage\":{\"@id\":\"https:\\\/\\\/ubirataonline.com.br\\\/alianza-lima-pablo-guede-analiza-cambio-de-esquema-ante-adt-en-tarma\\\/\"},\"wordCount\":230,\"publisher\":{\"@id\":\"https:\\\/\\\/ubirataonline.com.br\\\/#organization\"},\"image\":{\"@id\":\"https:\\\/\\\/ubirataonline.com.br\\\/alianza-lima-pablo-guede-analiza-cambio-de-esquema-ante-adt-en-tarma\\\/#primaryimage\"},\"thumbnailUrl\":\"https:\\\/\\\/ubirataonline.com.br\\\/wp-content\\\/uploads\\\/2026\\\/04\\\/Alianza-Lima-Pablo-Guede-analiza-cambio-de-esquema-ante-ADT.jpeg\",\"keywords\":[\"ADT\",\"Alianza\",\"analiza\",\"ante\",\"C\u00e2mbio\",\"esquema\",\"Guede\",\"Lima\",\"Pablo\",\"Tarma\"],\"articleSection\":[\"Ubirat\u00e3\"],\"inLanguage\":\"en-US\",\"copyrightYear\":\"2026\",\"copyrightHolder\":{\"@id\":\"https:\\\/\\\/ubirataonline.com.br\\\/en\\\/#organization\"}},{\"@type\":\"WebPage\",\"@id\":\"https:\\\/\\\/ubirataonline.com.br\\\/alianza-lima-pablo-guede-analiza-cambio-de-esquema-ante-adt-en-tarma\\\/\",\"url\":\"https:\\\/\\\/ubirataonline.com.br\\\/alianza-lima-pablo-guede-analiza-cambio-de-esquema-ante-adt-en-tarma\\\/\",\"name\":\"Alianza Lima: Pablo Guede analiza cambio de esquema ante ADT en Tarma - Ubirat\u00e3 Online Not\u00edcias - A realidade ao seu alcance!\",\"isPartOf\":{\"@id\":\"https:\\\/\\\/ubirataonline.com.br\\\/#website\"},\"primaryImageOfPage\":{\"@id\":\"https:\\\/\\\/ubirataonline.com.br\\\/alianza-lima-pablo-guede-analiza-cambio-de-esquema-ante-adt-en-tarma\\\/#primaryimage\"},\"image\":{\"@id\":\"https:\\\/\\\/ubirataonline.com.br\\\/alianza-lima-pablo-guede-analiza-cambio-de-esquema-ante-adt-en-tarma\\\/#primaryimage\"},\"thumbnailUrl\":\"https:\\\/\\\/ubirataonline.com.br\\\/wp-content\\\/uploads\\\/2026\\\/04\\\/Alianza-Lima-Pablo-Guede-analiza-cambio-de-esquema-ante-ADT.jpeg\",\"datePublished\":\"2026-04-14T20:30:48+00:00\",\"dateModified\":\"2026-04-14T20:30:52+00:00\",\"description\":\"13 de abr, 2026, 23:17 ETAlianza Lima visitar\u00e1 este martes al ADT en busca de dejar atr\u00e1s su derrota en el cl\u00e1sico ante Universitario y reengancharse a la\",\"breadcrumb\":{\"@id\":\"https:\\\/\\\/ubirataonline.com.br\\\/alianza-lima-pablo-guede-analiza-cambio-de-esquema-ante-adt-en-tarma\\\/#breadcrumb\"},\"inLanguage\":\"en-US\",\"potentialAction\":[{\"@type\":\"ReadAction\",\"target\":[\"https:\\\/\\\/ubirataonline.com.br\\\/alianza-lima-pablo-guede-analiza-cambio-de-esquema-ante-adt-en-tarma\\\/\"]}]},{\"@type\":\"ImageObject\",\"inLanguage\":\"en-US\",\"@id\":\"https:\\\/\\\/ubirataonline.com.br\\\/alianza-lima-pablo-guede-analiza-cambio-de-esquema-ante-adt-en-tarma\\\/#primaryimage\",\"url\":\"https:\\\/\\\/ubirataonline.com.br\\\/wp-content\\\/uploads\\\/2026\\\/04\\\/Alianza-Lima-Pablo-Guede-analiza-cambio-de-esquema-ante-ADT.jpeg\",\"contentUrl\":\"https:\\\/\\\/ubirataonline.com.br\\\/wp-content\\\/uploads\\\/2026\\\/04\\\/Alianza-Lima-Pablo-Guede-analiza-cambio-de-esquema-ante-ADT.jpeg\",\"width\":1296,\"height\":729,\"caption\":\"Guede analiza cambios ante ADT.&nbsp;Getty\"},{\"@type\":\"BreadcrumbList\",\"@id\":\"https:\\\/\\\/ubirataonline.com.br\\\/alianza-lima-pablo-guede-analiza-cambio-de-esquema-ante-adt-en-tarma\\\/#breadcrumb\",\"itemListElement\":[{\"@type\":\"ListItem\",\"position\":1,\"name\":\"In\u00edcio\",\"item\":\"https:\\\/\\\/ubirataonline.com.br\\\/\"},{\"@type\":\"ListItem\",\"position\":2,\"name\":\"Alianza Lima: Pablo Guede analiza cambio de esquema ante ADT en Tarma\"}]},{\"@type\":\"WebSite\",\"@id\":\"https:\\\/\\\/ubirataonline.com.br\\\/#website\",\"url\":\"https:\\\/\\\/ubirataonline.com.br\\\/\",\"name\":\"Ubirat\u00e3 Online Not\u00edcias\",\"description\":\"Not\u00edcias de Ubirat\u00e3, regi\u00e3o, Brasil e mundo, com informa\u00e7\u00e3o atualizada e compromisso com o leitor.\",\"publisher\":{\"@id\":\"https:\\\/\\\/ubirataonline.com.br\\\/#organization\"},\"alternateName\":\"Ubirat\u00e3 Online\",\"potentialAction\":[{\"@type\":\"SearchAction\",\"target\":{\"@type\":\"EntryPoint\",\"urlTemplate\":\"https:\\\/\\\/ubirataonline.com.br\\\/?s={search_term_string}\"},\"query-input\":{\"@type\":\"PropertyValueSpecification\",\"valueRequired\":true,\"valueName\":\"search_term_string\"}}],\"inLanguage\":\"en-US\"},{\"@type\":[\"Organization\",\"Place\"],\"@id\":\"https:\\\/\\\/ubirataonline.com.br\\\/#organization\",\"name\":\"Ubirat\u00e3 Online Not\u00edcias\",\"alternateName\":\"Ubirat\u00e3 Online\",\"url\":\"https:\\\/\\\/ubirataonline.com.br\\\/\",\"logo\":{\"@id\":\"https:\\\/\\\/ubirataonline.com.br\\\/alianza-lima-pablo-guede-analiza-cambio-de-esquema-ante-adt-en-tarma\\\/#local-main-organization-logo\"},\"image\":{\"@id\":\"https:\\\/\\\/ubirataonline.com.br\\\/alianza-lima-pablo-guede-analiza-cambio-de-esquema-ante-adt-en-tarma\\\/#local-main-organization-logo\"},\"sameAs\":[\"https:\\\/\\\/www.facebook.com\\\/portalubirataonline\",\"https:\\\/\\\/x.com\\\/ubirataonline\",\"https:\\\/\\\/mastodon.social\\\/@ubirataonline\",\"https:\\\/\\\/www.facebook.com\\\/groups\\\/311144672285604\",\"https:\\\/\\\/www.facebook.com\\\/UBTAOnline\",\"https:\\\/\\\/www.instagram.com\\\/portalubirataonline\\\/\",\"https:\\\/\\\/twitter.com\\\/ubirataonline\"],\"description\":\"Somos um portal de not\u00edcias independente, criado em 5 de janeiro de 2009, com o objetivo de informar, conectar e valorizar a nossa comunidade de Ubirat\u00e3 e toda aregi\u00e3o. Com conte\u00fado atualizado, confi\u00e1vel e relevante, o Ubirat\u00e3 Online \u00e9 o seu espa\u00e7o para ficar por dentro dos principais acontecimentos locais, regionais, Brasil, Mundo e de interesse geral. Nosso compromisso \u00e9 com a verdade, a transpar\u00eancia e o respeito ao leitor.\",\"legalName\":\"UBIRATA ONLINE NOT\u00cdCIAS\",\"foundingDate\":\"2009-01-05\",\"numberOfEmployees\":{\"@type\":\"QuantitativeValue\",\"minValue\":\"1\",\"maxValue\":\"10\"},\"publishingPrinciples\":\"https:\\\/\\\/ubirataonline.com.br\\\/faq\\\/\",\"address\":{\"@id\":\"https:\\\/\\\/ubirataonline.com.br\\\/alianza-lima-pablo-guede-analiza-cambio-de-esquema-ante-adt-en-tarma\\\/#local-main-place-address\"},\"geo\":{\"@type\":\"GeoCoordinates\",\"latitude\":\"-24.5361401\",\"longitude\":\"-52.9921776\"},\"telephone\":[\"+5544998308235\"],\"contactPoint\":{\"@type\":\"ContactPoint\",\"email\":\"contato@ubirataonline.com.br\"},\"openingHoursSpecification\":{\"@type\":\"OpeningHoursSpecification\",\"dayOfWeek\":[\"Monday\",\"Tuesday\",\"Wednesday\",\"Thursday\",\"Friday\",\"Saturday\",\"Sunday\"],\"opens\":\"00:00\",\"closes\":\"23:59\"},\"email\":\"contato@ubirataonline.com.br\",\"vatID\":\"47.621.418\\\/0001-80\"},{\"@type\":\"Person\",\"@id\":\"https:\\\/\\\/ubirataonline.com.br\\\/#\\\/schema\\\/person\\\/372f87bbd3fdd79b8556b84c98d0bc1c\",\"name\":\"REDA\u00c7\u00c3O: UBIRAT\u00c3 ONLINE - F\u00c1BIO AUGUSTO CELESTINO\",\"pronouns\":\"Ele\",\"description\":\"Desde 2003 trabalhando com not\u00edcias.\",\"sameAs\":[\"http:\\\/\\\/ubirataoline.com.br\",\"https:\\\/\\\/www.facebook.com\\\/portalubirataonline\",\"https:\\\/\\\/www.instagram.com\\\/ubirataonline_oficial\",\"https:\\\/\\\/x.com\\\/x.com\\\/ubirataonline\"],\"honorificPrefix\":\"Mr.\",\"honorificSuffix\":\"MD\",\"birthDate\":\"1980-06-16\",\"gender\":\"masculino\",\"award\":[\"V\u00e1rios pr\u00eamios de melhor portal da cidade\"],\"jobTitle\":\"Diretor\",\"url\":\"https:\\\/\\\/ubirataonline.com.br\\\/en\\\/author\\\/ubirataonline\\\/\"},{\"@type\":\"PostalAddress\",\"@id\":\"https:\\\/\\\/ubirataonline.com.br\\\/alianza-lima-pablo-guede-analiza-cambio-de-esquema-ante-adt-en-tarma\\\/#local-main-place-address\",\"streetAddress\":\"Rua dos Coqueiros, 104 - Bairro Boa Vista, Rua dos Coqueiros, 104 Bairro Boa Vista\",\"addressLocality\":\"UBIRATA\",\"postalCode\":\"85440-000\",\"addressRegion\":\"PR\",\"addressCountry\":\"BR\"},{\"@type\":\"ImageObject\",\"inLanguage\":\"en-US\",\"@id\":\"https:\\\/\\\/ubirataonline.com.br\\\/alianza-lima-pablo-guede-analiza-cambio-de-esquema-ante-adt-en-tarma\\\/#local-main-organization-logo\",\"url\":\"https:\\\/\\\/ubirataonline.com.br\\\/wp-content\\\/uploads\\\/2026\\\/06\\\/logoubirataonline-1.webp\",\"contentUrl\":\"https:\\\/\\\/ubirataonline.com.br\\\/wp-content\\\/uploads\\\/2026\\\/06\\\/logoubirataonline-1.webp\",\"width\":500,\"height\":500,\"caption\":\"Ubirat\u00e3 Online Not\u00edcias\"}]}<\/script>\n<meta name=\"geo.placename\" content=\"UBIRATA\" \/>\n<meta name=\"geo.position\" content=\"-24.5361401;-52.9921776\" \/>\n<meta name=\"geo.region\" content=\"Brazil\" \/>\n<!-- \/ Yoast SEO Premium plugin. -->","yoast_head_json":{"title":"Alianza Lima: Pablo Guede analiza cambio de esquema ante ADT en Tarma - Ubirat\u00e3 Online Not\u00edcias - A realidade ao seu alcance!","description":"13 de abr, 2026, 23:17 ETAlianza Lima visitar\u00e1 este martes al ADT en busca de dejar atr\u00e1s su derrota en el cl\u00e1sico ante Universitario y reengancharse a la","robots":{"index":"index","follow":"follow","max-snippet":"max-snippet:-1","max-image-preview":"max-image-preview:large","max-video-preview":"max-video-preview:-1"},"canonical":"https:\/\/ubirataonline.com.br\/en\/alianza-lima-pablo-guede-analiza-cambio-de-esquema-ante-adt-en-tarma\/","og_locale":"en_US","og_type":"article","og_title":"Alianza Lima: Pablo Guede analiza cambio de esquema ante ADT en Tarma","og_description":"13 de abr, 2026, 23:17 ETAlianza Lima visitar\u00e1 este martes al ADT en busca de dejar atr\u00e1s su derrota en el cl\u00e1sico ante Universitario y reengancharse a la","og_url":"https:\/\/ubirataonline.com.br\/en\/alianza-lima-pablo-guede-analiza-cambio-de-esquema-ante-adt-en-tarma\/","og_site_name":"Ubirat\u00e3 Online Not\u00edcias - A realidade ao seu alcance!","article_publisher":"https:\/\/www.facebook.com\/portalubirataonline","article_author":"https:\/\/www.facebook.com\/portalubirataonline","article_published_time":"2026-04-14T20:30:48+00:00","article_modified_time":"2026-04-14T20:30:52+00:00","og_image":[{"width":1296,"height":729,"url":"https:\/\/ubirataonline.com.br\/wp-content\/uploads\/2026\/04\/Alianza-Lima-Pablo-Guede-analiza-cambio-de-esquema-ante-ADT.jpeg","type":"image\/jpeg"}],"author":"REDA\u00c7\u00c3O: UBIRAT\u00c3 ONLINE - F\u00c1BIO AUGUSTO CELESTINO","twitter_card":"summary_large_image","twitter_creator":"@x.com\/ubirataonline","twitter_site":"@ubirataonline","twitter_misc":{"Written by":"REDA\u00c7\u00c3O: UBIRAT\u00c3 ONLINE - F\u00c1BIO AUGUSTO CELESTINO","Est. reading time":"1 minute"},"schema":{"@context":"https:\/\/schema.org","@graph":[{"@type":"NewsArticle","@id":"https:\/\/ubirataonline.com.br\/alianza-lima-pablo-guede-analiza-cambio-de-esquema-ante-adt-en-tarma\/#article","isPartOf":{"@id":"https:\/\/ubirataonline.com.br\/alianza-lima-pablo-guede-analiza-cambio-de-esquema-ante-adt-en-tarma\/"},"author":{"name":"REDA\u00c7\u00c3O: UBIRAT\u00c3 ONLINE - F\u00c1BIO AUGUSTO CELESTINO","@id":"https:\/\/ubirataonline.com.br\/#\/schema\/person\/372f87bbd3fdd79b8556b84c98d0bc1c"},"headline":"Alianza Lima: Pablo Guede analiza cambio de esquema ante ADT en Tarma","datePublished":"2026-04-14T20:30:48+00:00","dateModified":"2026-04-14T20:30:52+00:00","mainEntityOfPage":{"@id":"https:\/\/ubirataonline.com.br\/alianza-lima-pablo-guede-analiza-cambio-de-esquema-ante-adt-en-tarma\/"},"wordCount":230,"publisher":{"@id":"https:\/\/ubirataonline.com.br\/#organization"},"image":{"@id":"https:\/\/ubirataonline.com.br\/alianza-lima-pablo-guede-analiza-cambio-de-esquema-ante-adt-en-tarma\/#primaryimage"},"thumbnailUrl":"https:\/\/ubirataonline.com.br\/wp-content\/uploads\/2026\/04\/Alianza-Lima-Pablo-Guede-analiza-cambio-de-esquema-ante-ADT.jpeg","keywords":["ADT","Alianza","analiza","ante","C\u00e2mbio","esquema","Guede","Lima","Pablo","Tarma"],"articleSection":["Ubirat\u00e3"],"inLanguage":"en-US","copyrightYear":"2026","copyrightHolder":{"@id":"https:\/\/ubirataonline.com.br\/en\/#organization"}},{"@type":"WebPage","@id":"https:\/\/ubirataonline.com.br\/alianza-lima-pablo-guede-analiza-cambio-de-esquema-ante-adt-en-tarma\/","url":"https:\/\/ubirataonline.com.br\/alianza-lima-pablo-guede-analiza-cambio-de-esquema-ante-adt-en-tarma\/","name":"Alianza Lima: Pablo Guede analiza cambio de esquema ante ADT en Tarma - Ubirat\u00e3 Online Not\u00edcias - A realidade ao seu alcance!","isPartOf":{"@id":"https:\/\/ubirataonline.com.br\/#website"},"primaryImageOfPage":{"@id":"https:\/\/ubirataonline.com.br\/alianza-lima-pablo-guede-analiza-cambio-de-esquema-ante-adt-en-tarma\/#primaryimage"},"image":{"@id":"https:\/\/ubirataonline.com.br\/alianza-lima-pablo-guede-analiza-cambio-de-esquema-ante-adt-en-tarma\/#primaryimage"},"thumbnailUrl":"https:\/\/ubirataonline.com.br\/wp-content\/uploads\/2026\/04\/Alianza-Lima-Pablo-Guede-analiza-cambio-de-esquema-ante-ADT.jpeg","datePublished":"2026-04-14T20:30:48+00:00","dateModified":"2026-04-14T20:30:52+00:00","description":"13 de abr, 2026, 23:17 ETAlianza Lima visitar\u00e1 este martes al ADT en busca de dejar atr\u00e1s su derrota en el cl\u00e1sico ante Universitario y reengancharse a la","breadcrumb":{"@id":"https:\/\/ubirataonline.com.br\/alianza-lima-pablo-guede-analiza-cambio-de-esquema-ante-adt-en-tarma\/#breadcrumb"},"inLanguage":"en-US","potentialAction":[{"@type":"ReadAction","target":["https:\/\/ubirataonline.com.br\/alianza-lima-pablo-guede-analiza-cambio-de-esquema-ante-adt-en-tarma\/"]}]},{"@type":"ImageObject","inLanguage":"en-US","@id":"https:\/\/ubirataonline.com.br\/alianza-lima-pablo-guede-analiza-cambio-de-esquema-ante-adt-en-tarma\/#primaryimage","url":"https:\/\/ubirataonline.com.br\/wp-content\/uploads\/2026\/04\/Alianza-Lima-Pablo-Guede-analiza-cambio-de-esquema-ante-ADT.jpeg","contentUrl":"https:\/\/ubirataonline.com.br\/wp-content\/uploads\/2026\/04\/Alianza-Lima-Pablo-Guede-analiza-cambio-de-esquema-ante-ADT.jpeg","width":1296,"height":729,"caption":"Guede analiza cambios ante ADT.&nbsp;Getty"},{"@type":"BreadcrumbList","@id":"https:\/\/ubirataonline.com.br\/alianza-lima-pablo-guede-analiza-cambio-de-esquema-ante-adt-en-tarma\/#breadcrumb","itemListElement":[{"@type":"ListItem","position":1,"name":"In\u00edcio","item":"https:\/\/ubirataonline.com.br\/"},{"@type":"ListItem","position":2,"name":"Alianza Lima: Pablo Guede analiza cambio de esquema ante ADT en Tarma"}]},{"@type":"WebSite","@id":"https:\/\/ubirataonline.com.br\/#website","url":"https:\/\/ubirataonline.com.br\/","name":"Ubirat\u00e3 Online Not\u00edcias","description":"Not\u00edcias de Ubirat\u00e3, regi\u00e3o, Brasil e mundo, com informa\u00e7\u00e3o atualizada e compromisso com o leitor.","publisher":{"@id":"https:\/\/ubirataonline.com.br\/#organization"},"alternateName":"Ubirat\u00e3 Online","potentialAction":[{"@type":"SearchAction","target":{"@type":"EntryPoint","urlTemplate":"https:\/\/ubirataonline.com.br\/?s={search_term_string}"},"query-input":{"@type":"PropertyValueSpecification","valueRequired":true,"valueName":"search_term_string"}}],"inLanguage":"en-US"},{"@type":["Organization","Place"],"@id":"https:\/\/ubirataonline.com.br\/#organization","name":"Ubirat\u00e3 Online Not\u00edcias","alternateName":"Ubirat\u00e3 Online","url":"https:\/\/ubirataonline.com.br\/","logo":{"@id":"https:\/\/ubirataonline.com.br\/alianza-lima-pablo-guede-analiza-cambio-de-esquema-ante-adt-en-tarma\/#local-main-organization-logo"},"image":{"@id":"https:\/\/ubirataonline.com.br\/alianza-lima-pablo-guede-analiza-cambio-de-esquema-ante-adt-en-tarma\/#local-main-organization-logo"},"sameAs":["https:\/\/www.facebook.com\/portalubirataonline","https:\/\/x.com\/ubirataonline","https:\/\/mastodon.social\/@ubirataonline","https:\/\/www.facebook.com\/groups\/311144672285604","https:\/\/www.facebook.com\/UBTAOnline","https:\/\/www.instagram.com\/portalubirataonline\/","https:\/\/twitter.com\/ubirataonline"],"description":"Somos um portal de not\u00edcias independente, criado em 5 de janeiro de 2009, com o objetivo de informar, conectar e valorizar a nossa comunidade de Ubirat\u00e3 e toda aregi\u00e3o. Com conte\u00fado atualizado, confi\u00e1vel e relevante, o Ubirat\u00e3 Online \u00e9 o seu espa\u00e7o para ficar por dentro dos principais acontecimentos locais, regionais, Brasil, Mundo e de interesse geral. Nosso compromisso \u00e9 com a verdade, a transpar\u00eancia e o respeito ao leitor.","legalName":"UBIRATA ONLINE NOT\u00cdCIAS","foundingDate":"2009-01-05","numberOfEmployees":{"@type":"QuantitativeValue","minValue":"1","maxValue":"10"},"publishingPrinciples":"https:\/\/ubirataonline.com.br\/faq\/","address":{"@id":"https:\/\/ubirataonline.com.br\/alianza-lima-pablo-guede-analiza-cambio-de-esquema-ante-adt-en-tarma\/#local-main-place-address"},"geo":{"@type":"GeoCoordinates","latitude":"-24.5361401","longitude":"-52.9921776"},"telephone":["+5544998308235"],"contactPoint":{"@type":"ContactPoint","email":"contato@ubirataonline.com.br"},"openingHoursSpecification":{"@type":"OpeningHoursSpecification","dayOfWeek":["Monday","Tuesday","Wednesday","Thursday","Friday","Saturday","Sunday"],"opens":"00:00","closes":"23:59"},"email":"contato@ubirataonline.com.br","vatID":"47.621.418\/0001-80"},{"@type":"Person","@id":"https:\/\/ubirataonline.com.br\/#\/schema\/person\/372f87bbd3fdd79b8556b84c98d0bc1c","name":"REDA\u00c7\u00c3O: UBIRAT\u00c3 ONLINE - F\u00c1BIO AUGUSTO CELESTINO","pronouns":"Ele","description":"Desde 2003 trabalhando com not\u00edcias.","sameAs":["http:\/\/ubirataoline.com.br","https:\/\/www.facebook.com\/portalubirataonline","https:\/\/www.instagram.com\/ubirataonline_oficial","https:\/\/x.com\/x.com\/ubirataonline"],"honorificPrefix":"Mr.","honorificSuffix":"MD","birthDate":"1980-06-16","gender":"masculino","award":["V\u00e1rios pr\u00eamios de melhor portal da cidade"],"jobTitle":"Diretor","url":"https:\/\/ubirataonline.com.br\/en\/author\/ubirataonline\/"},{"@type":"PostalAddress","@id":"https:\/\/ubirataonline.com.br\/alianza-lima-pablo-guede-analiza-cambio-de-esquema-ante-adt-en-tarma\/#local-main-place-address","streetAddress":"Rua dos Coqueiros, 104 - Bairro Boa Vista, Rua dos Coqueiros, 104 Bairro Boa Vista","addressLocality":"UBIRATA","postalCode":"85440-000","addressRegion":"PR","addressCountry":"BR"},{"@type":"ImageObject","inLanguage":"en-US","@id":"https:\/\/ubirataonline.com.br\/alianza-lima-pablo-guede-analiza-cambio-de-esquema-ante-adt-en-tarma\/#local-main-organization-logo","url":"https:\/\/ubirataonline.com.br\/wp-content\/uploads\/2026\/06\/logoubirataonline-1.webp","contentUrl":"https:\/\/ubirataonline.com.br\/wp-content\/uploads\/2026\/06\/logoubirataonline-1.webp","width":500,"height":500,"caption":"Ubirat\u00e3 Online Not\u00edcias"}]},"geo.placename":"UBIRATA","geo.position":{"lat":"-24.5361401","long":"-52.9921776"},"geo.region":"Brazil"},"_links":{"self":[{"href":"https:\/\/ubirataonline.com.br\/en\/wp-json\/wp\/v2\/posts\/107274","targetHints":{"allow":["GET"]}}],"collection":[{"href":"https:\/\/ubirataonline.com.br\/en\/wp-json\/wp\/v2\/posts"}],"about":[{"href":"https:\/\/ubirataonline.com.br\/en\/wp-json\/wp\/v2\/types\/post"}],"author":[{"embeddable":true,"href":"https:\/\/ubirataonline.com.br\/en\/wp-json\/wp\/v2\/users\/1"}],"replies":[{"embeddable":true,"href":"https:\/\/ubirataonline.com.br\/en\/wp-json\/wp\/v2\/comments?post=107274"}],"version-history":[{"count":0,"href":"https:\/\/ubirataonline.com.br\/en\/wp-json\/wp\/v2\/posts\/107274\/revisions"}],"wp:featuredmedia":[{"embeddable":true,"href":"https:\/\/ubirataonline.com.br\/en\/wp-json\/wp\/v2\/media\/107275"}],"wp:attachment":[{"href":"https:\/\/ubirataonline.com.br\/en\/wp-json\/wp\/v2\/media?parent=107274"}],"wp:term":[{"taxonomy":"category","embeddable":true,"href":"https:\/\/ubirataonline.com.br\/en\/wp-json\/wp\/v2\/categories?post=107274"},{"taxonomy":"post_tag","embeddable":true,"href":"https:\/\/ubirataonline.com.br\/en\/wp-json\/wp\/v2\/tags?post=107274"}],"curies":[{"name":"wp","href":"https:\/\/api.w.org\/{rel}","templated":true}]}}