{"id":107306,"date":"2026-04-14T18:09:48","date_gmt":"2026-04-14T21:09:48","guid":{"rendered":"https:\/\/ubirataonline.com.br\/i-dont-like-that-arjen-robben-speaks-out-on-michael-olise-comparisons-as-bayern-munich-icon-issues-be-careful-warning\/"},"modified":"2026-04-14T18:09:53","modified_gmt":"2026-04-14T21:09:53","slug":"i-dont-like-that-arjen-robben-speaks-out-on-michael-olise-comparisons-as-bayern-munich-icon-issues-be-careful-warning","status":"publish","type":"post","link":"https:\/\/ubirataonline.com.br\/en\/i-dont-like-that-arjen-robben-speaks-out-on-michael-olise-comparisons-as-bayern-munich-icon-issues-be-careful-warning\/","title":{"rendered":"&#8216;I don&#8217;t like that&#8217; &#8211; Arjen Robben speaks out on Michael Olise comparisons as Bayern Munich icon issues &#8216;be careful&#8217; warning"},"content":{"rendered":"<p><br \/>\n<\/p>\n<div data-testid=\"article-body\" data-affiliate-button-variant=\"C\">\n<div>\n<p><span>Despite his reluctance to label Olise as his direct heir, Robben acknowledged that the France international is performing at an elite level that benefits the entire team. Since joining the club on a five-year deal, Olise has already secured a Bundesliga title and the German Super Cup, amassing nearly 90 goal contributions in just 97 appearances.<\/span><\/p>\n<p><span>Further addressing the similarities in their technical approach and Olise\u2019s development, Robben added: &#8220;Of course, there are certain things we have in common. But ultimately, he&#8217;s a different player than me. He&#8217;s just doing a fantastic job. I&#8217;m very happy about that, and I can really enjoy it.&#8221;<\/span><\/p>\n<\/div>\n<\/div>\n<p><br \/>\n<br \/><a href=\"https:\/\/www.goal.com\/en\/lists\/don-t-like-that-arjen-robben-speaks-out-on-michael-olise-comparisons-bayern-munich-icon-warning\/blt3163a334e863f21c\">Source link <\/a><\/p>","protected":false},"excerpt":{"rendered":"<p>Despite his reluctance to label Olise as his direct heir, Robben acknowledged that the France international is performing at an elite level that benefits the entire team. Since joining the club on a five-year deal, Olise has already secured a Bundesliga title and the German Super Cup, amassing nearly 90 goal contributions in just 97 [&hellip;]<\/p>\n","protected":false},"author":1,"featured_media":107307,"comment_status":"closed","ping_status":"","sticky":false,"template":"","format":"standard","meta":{"googlesitekit_rrm_CAow2JLhCw:productID":"","_gspb_post_css":"","maa_idioma":"","maa_pais":"","footnotes":""},"categories":[1],"tags":[28311,2918,28314,20667,6395,2908,3162,5237,6673,28313,28312,12316,3809],"class_list":["post-107306","post","type-post","status-publish","format-standard","has-post-thumbnail","hentry","category-ubirata","tag-arjen","tag-bayern","tag-careful","tag-comparisons","tag-dont","tag-icon","tag-issues","tag-michael","tag-munich","tag-olise","tag-robben","tag-speaks","tag-warning"],"blocksy_meta":[],"yoast_head":"<!-- This site is optimized with the Yoast SEO Premium plugin v27.6 (Yoast SEO v27.6) - https:\/\/yoast.com\/product\/yoast-seo-premium-wordpress\/ -->\n<title>&#039;I don&#039;t like that&#039; - Arjen Robben speaks out on Michael Olise comparisons as Bayern Munich icon issues &#039;be careful&#039; warning - Ubirat\u00e3 Online Not\u00edcias - A realidade ao seu alcance!<\/title>\n<meta name=\"description\" content=\"Despite his reluctance to label Olise as his direct heir, Robben acknowledged that the France international is performing at an elite level that benefits\" \/>\n<meta name=\"robots\" content=\"index, follow, max-snippet:-1, max-image-preview:large, max-video-preview:-1\" \/>\n<link rel=\"canonical\" href=\"https:\/\/ubirataonline.com.br\/en\/i-dont-like-that-arjen-robben-speaks-out-on-michael-olise-comparisons-as-bayern-munich-icon-issues-be-careful-warning\/\" \/>\n<meta property=\"og:locale\" content=\"en_US\" \/>\n<meta property=\"og:type\" content=\"article\" \/>\n<meta property=\"og:title\" content=\"&#039;I don&#039;t like that&#039; - Arjen Robben speaks out on Michael Olise comparisons as Bayern Munich icon issues &#039;be careful&#039; warning\" \/>\n<meta property=\"og:description\" content=\"Despite his reluctance to label Olise as his direct heir, Robben acknowledged that the France international is performing at an elite level that benefits\" \/>\n<meta property=\"og:url\" content=\"https:\/\/ubirataonline.com.br\/en\/i-dont-like-that-arjen-robben-speaks-out-on-michael-olise-comparisons-as-bayern-munich-icon-issues-be-careful-warning\/\" \/>\n<meta property=\"og:site_name\" content=\"Ubirat\u00e3 Online Not\u00edcias - A realidade ao seu alcance!\" \/>\n<meta property=\"article:publisher\" content=\"https:\/\/www.facebook.com\/portalubirataonline\" \/>\n<meta property=\"article:author\" content=\"https:\/\/www.facebook.com\/portalubirataonline\" \/>\n<meta property=\"article:published_time\" content=\"2026-04-14T21:09:48+00:00\" \/>\n<meta property=\"article:modified_time\" content=\"2026-04-14T21:09:53+00:00\" \/>\n<meta property=\"og:image\" content=\"https:\/\/ubirataonline.com.br\/wp-content\/uploads\/2026\/04\/I-dont-like-that-Arjen-Robben-speaks-out-on.jpg\" \/>\n\t<meta property=\"og:image:width\" content=\"1920\" \/>\n\t<meta property=\"og:image:height\" content=\"1080\" \/>\n\t<meta property=\"og:image:type\" content=\"image\/jpeg\" \/>\n<meta name=\"author\" content=\"REDA\u00c7\u00c3O: UBIRAT\u00c3 ONLINE - F\u00c1BIO AUGUSTO CELESTINO\" \/>\n<meta name=\"twitter:card\" content=\"summary_large_image\" \/>\n<meta name=\"twitter:creator\" content=\"@x.com\/ubirataonline\" \/>\n<meta name=\"twitter:site\" content=\"@ubirataonline\" \/>\n<meta name=\"twitter:label1\" content=\"Written by\" \/>\n\t<meta name=\"twitter:data1\" content=\"REDA\u00c7\u00c3O: UBIRAT\u00c3 ONLINE - F\u00c1BIO AUGUSTO CELESTINO\" \/>\n\t<meta name=\"twitter:label2\" content=\"Est. reading time\" \/>\n\t<meta name=\"twitter:data2\" content=\"1 minute\" \/>\n<script type=\"application\/ld+json\" class=\"yoast-schema-graph\">{\"@context\":\"https:\\\/\\\/schema.org\",\"@graph\":[{\"@type\":\"NewsArticle\",\"@id\":\"https:\\\/\\\/ubirataonline.com.br\\\/i-dont-like-that-arjen-robben-speaks-out-on-michael-olise-comparisons-as-bayern-munich-icon-issues-be-careful-warning\\\/#article\",\"isPartOf\":{\"@id\":\"https:\\\/\\\/ubirataonline.com.br\\\/i-dont-like-that-arjen-robben-speaks-out-on-michael-olise-comparisons-as-bayern-munich-icon-issues-be-careful-warning\\\/\"},\"author\":{\"name\":\"REDA\u00c7\u00c3O: UBIRAT\u00c3 ONLINE - F\u00c1BIO AUGUSTO CELESTINO\",\"@id\":\"https:\\\/\\\/ubirataonline.com.br\\\/#\\\/schema\\\/person\\\/372f87bbd3fdd79b8556b84c98d0bc1c\"},\"headline\":\"&#8216;I don&#8217;t like that&#8217; &#8211; Arjen Robben speaks out on Michael Olise comparisons as Bayern Munich icon issues &#8216;be careful&#8217; warning\",\"datePublished\":\"2026-04-14T21:09:48+00:00\",\"dateModified\":\"2026-04-14T21:09:53+00:00\",\"mainEntityOfPage\":{\"@id\":\"https:\\\/\\\/ubirataonline.com.br\\\/i-dont-like-that-arjen-robben-speaks-out-on-michael-olise-comparisons-as-bayern-munich-icon-issues-be-careful-warning\\\/\"},\"wordCount\":132,\"publisher\":{\"@id\":\"https:\\\/\\\/ubirataonline.com.br\\\/#organization\"},\"image\":{\"@id\":\"https:\\\/\\\/ubirataonline.com.br\\\/i-dont-like-that-arjen-robben-speaks-out-on-michael-olise-comparisons-as-bayern-munich-icon-issues-be-careful-warning\\\/#primaryimage\"},\"thumbnailUrl\":\"https:\\\/\\\/ubirataonline.com.br\\\/wp-content\\\/uploads\\\/2026\\\/04\\\/I-dont-like-that-Arjen-Robben-speaks-out-on.jpg\",\"keywords\":[\"Arjen\",\"Bayern\",\"careful\",\"Comparisons\",\"Dont\",\"Icon\",\"issues\",\"Michael\",\"Munich\",\"Olise\",\"Robben\",\"speaks\",\"Warning\"],\"articleSection\":[\"Ubirat\u00e3\"],\"inLanguage\":\"en-US\",\"copyrightYear\":\"2026\",\"copyrightHolder\":{\"@id\":\"https:\\\/\\\/ubirataonline.com.br\\\/en\\\/#organization\"}},{\"@type\":\"WebPage\",\"@id\":\"https:\\\/\\\/ubirataonline.com.br\\\/i-dont-like-that-arjen-robben-speaks-out-on-michael-olise-comparisons-as-bayern-munich-icon-issues-be-careful-warning\\\/\",\"url\":\"https:\\\/\\\/ubirataonline.com.br\\\/i-dont-like-that-arjen-robben-speaks-out-on-michael-olise-comparisons-as-bayern-munich-icon-issues-be-careful-warning\\\/\",\"name\":\"'I don't like that' - Arjen Robben speaks out on Michael Olise comparisons as Bayern Munich icon issues 'be careful' warning - Ubirat\u00e3 Online Not\u00edcias - A realidade ao seu alcance!\",\"isPartOf\":{\"@id\":\"https:\\\/\\\/ubirataonline.com.br\\\/#website\"},\"primaryImageOfPage\":{\"@id\":\"https:\\\/\\\/ubirataonline.com.br\\\/i-dont-like-that-arjen-robben-speaks-out-on-michael-olise-comparisons-as-bayern-munich-icon-issues-be-careful-warning\\\/#primaryimage\"},\"image\":{\"@id\":\"https:\\\/\\\/ubirataonline.com.br\\\/i-dont-like-that-arjen-robben-speaks-out-on-michael-olise-comparisons-as-bayern-munich-icon-issues-be-careful-warning\\\/#primaryimage\"},\"thumbnailUrl\":\"https:\\\/\\\/ubirataonline.com.br\\\/wp-content\\\/uploads\\\/2026\\\/04\\\/I-dont-like-that-Arjen-Robben-speaks-out-on.jpg\",\"datePublished\":\"2026-04-14T21:09:48+00:00\",\"dateModified\":\"2026-04-14T21:09:53+00:00\",\"description\":\"Despite his reluctance to label Olise as his direct heir, Robben acknowledged that the France international is performing at an elite level that benefits\",\"breadcrumb\":{\"@id\":\"https:\\\/\\\/ubirataonline.com.br\\\/i-dont-like-that-arjen-robben-speaks-out-on-michael-olise-comparisons-as-bayern-munich-icon-issues-be-careful-warning\\\/#breadcrumb\"},\"inLanguage\":\"en-US\",\"potentialAction\":[{\"@type\":\"ReadAction\",\"target\":[\"https:\\\/\\\/ubirataonline.com.br\\\/i-dont-like-that-arjen-robben-speaks-out-on-michael-olise-comparisons-as-bayern-munich-icon-issues-be-careful-warning\\\/\"]}]},{\"@type\":\"ImageObject\",\"inLanguage\":\"en-US\",\"@id\":\"https:\\\/\\\/ubirataonline.com.br\\\/i-dont-like-that-arjen-robben-speaks-out-on-michael-olise-comparisons-as-bayern-munich-icon-issues-be-careful-warning\\\/#primaryimage\",\"url\":\"https:\\\/\\\/ubirataonline.com.br\\\/wp-content\\\/uploads\\\/2026\\\/04\\\/I-dont-like-that-Arjen-Robben-speaks-out-on.jpg\",\"contentUrl\":\"https:\\\/\\\/ubirataonline.com.br\\\/wp-content\\\/uploads\\\/2026\\\/04\\\/I-dont-like-that-Arjen-Robben-speaks-out-on.jpg\",\"width\":1920,\"height\":1080,\"caption\":\"'I don't like that' - Arjen Robben speaks out on Michael Olise comparisons as Bayern Munich icon issues 'be careful' warning\"},{\"@type\":\"BreadcrumbList\",\"@id\":\"https:\\\/\\\/ubirataonline.com.br\\\/i-dont-like-that-arjen-robben-speaks-out-on-michael-olise-comparisons-as-bayern-munich-icon-issues-be-careful-warning\\\/#breadcrumb\",\"itemListElement\":[{\"@type\":\"ListItem\",\"position\":1,\"name\":\"In\u00edcio\",\"item\":\"https:\\\/\\\/ubirataonline.com.br\\\/\"},{\"@type\":\"ListItem\",\"position\":2,\"name\":\"&#8216;I don&#8217;t like that&#8217; &#8211; Arjen Robben speaks out on Michael Olise comparisons as Bayern Munich icon issues &#8216;be careful&#8217; warning\"}]},{\"@type\":\"WebSite\",\"@id\":\"https:\\\/\\\/ubirataonline.com.br\\\/#website\",\"url\":\"https:\\\/\\\/ubirataonline.com.br\\\/\",\"name\":\"Ubirat\u00e3 Online Not\u00edcias\",\"description\":\"Not\u00edcias de Ubirat\u00e3, regi\u00e3o, Brasil e mundo, com informa\u00e7\u00e3o atualizada e compromisso com o leitor.\",\"publisher\":{\"@id\":\"https:\\\/\\\/ubirataonline.com.br\\\/#organization\"},\"alternateName\":\"Ubirat\u00e3 Online\",\"potentialAction\":[{\"@type\":\"SearchAction\",\"target\":{\"@type\":\"EntryPoint\",\"urlTemplate\":\"https:\\\/\\\/ubirataonline.com.br\\\/?s={search_term_string}\"},\"query-input\":{\"@type\":\"PropertyValueSpecification\",\"valueRequired\":true,\"valueName\":\"search_term_string\"}}],\"inLanguage\":\"en-US\"},{\"@type\":[\"Organization\",\"Place\"],\"@id\":\"https:\\\/\\\/ubirataonline.com.br\\\/#organization\",\"name\":\"Ubirat\u00e3 Online Not\u00edcias\",\"alternateName\":\"Ubirat\u00e3 Online\",\"url\":\"https:\\\/\\\/ubirataonline.com.br\\\/\",\"logo\":{\"@id\":\"https:\\\/\\\/ubirataonline.com.br\\\/i-dont-like-that-arjen-robben-speaks-out-on-michael-olise-comparisons-as-bayern-munich-icon-issues-be-careful-warning\\\/#local-main-organization-logo\"},\"image\":{\"@id\":\"https:\\\/\\\/ubirataonline.com.br\\\/i-dont-like-that-arjen-robben-speaks-out-on-michael-olise-comparisons-as-bayern-munich-icon-issues-be-careful-warning\\\/#local-main-organization-logo\"},\"sameAs\":[\"https:\\\/\\\/www.facebook.com\\\/portalubirataonline\",\"https:\\\/\\\/x.com\\\/ubirataonline\",\"https:\\\/\\\/mastodon.social\\\/@ubirataonline\",\"https:\\\/\\\/www.facebook.com\\\/groups\\\/311144672285604\",\"https:\\\/\\\/www.facebook.com\\\/UBTAOnline\",\"https:\\\/\\\/www.instagram.com\\\/portalubirataonline\\\/\",\"https:\\\/\\\/twitter.com\\\/ubirataonline\"],\"description\":\"Somos um portal de not\u00edcias independente, criado em 5 de janeiro de 2009, com o objetivo de informar, conectar e valorizar a nossa comunidade de Ubirat\u00e3 e toda aregi\u00e3o. Com conte\u00fado atualizado, confi\u00e1vel e relevante, o Ubirat\u00e3 Online \u00e9 o seu espa\u00e7o para ficar por dentro dos principais acontecimentos locais, regionais, Brasil, Mundo e de interesse geral. Nosso compromisso \u00e9 com a verdade, a transpar\u00eancia e o respeito ao leitor.\",\"legalName\":\"UBIRATA ONLINE NOT\u00cdCIAS\",\"foundingDate\":\"2009-01-05\",\"numberOfEmployees\":{\"@type\":\"QuantitativeValue\",\"minValue\":\"1\",\"maxValue\":\"10\"},\"publishingPrinciples\":\"https:\\\/\\\/ubirataonline.com.br\\\/faq\\\/\",\"address\":{\"@id\":\"https:\\\/\\\/ubirataonline.com.br\\\/i-dont-like-that-arjen-robben-speaks-out-on-michael-olise-comparisons-as-bayern-munich-icon-issues-be-careful-warning\\\/#local-main-place-address\"},\"geo\":{\"@type\":\"GeoCoordinates\",\"latitude\":\"-24.5361401\",\"longitude\":\"-52.9921776\"},\"telephone\":[\"+5544998308235\"],\"contactPoint\":{\"@type\":\"ContactPoint\",\"email\":\"contato@ubirataonline.com.br\"},\"openingHoursSpecification\":{\"@type\":\"OpeningHoursSpecification\",\"dayOfWeek\":[\"Monday\",\"Tuesday\",\"Wednesday\",\"Thursday\",\"Friday\",\"Saturday\",\"Sunday\"],\"opens\":\"00:00\",\"closes\":\"23:59\"},\"email\":\"contato@ubirataonline.com.br\",\"vatID\":\"47.621.418\\\/0001-80\"},{\"@type\":\"Person\",\"@id\":\"https:\\\/\\\/ubirataonline.com.br\\\/#\\\/schema\\\/person\\\/372f87bbd3fdd79b8556b84c98d0bc1c\",\"name\":\"REDA\u00c7\u00c3O: UBIRAT\u00c3 ONLINE - F\u00c1BIO AUGUSTO CELESTINO\",\"pronouns\":\"Ele\",\"description\":\"Desde 2003 trabalhando com not\u00edcias.\",\"sameAs\":[\"http:\\\/\\\/ubirataoline.com.br\",\"https:\\\/\\\/www.facebook.com\\\/portalubirataonline\",\"https:\\\/\\\/www.instagram.com\\\/ubirataonline_oficial\",\"https:\\\/\\\/x.com\\\/x.com\\\/ubirataonline\"],\"honorificPrefix\":\"Mr.\",\"honorificSuffix\":\"MD\",\"birthDate\":\"1980-06-16\",\"gender\":\"masculino\",\"award\":[\"V\u00e1rios pr\u00eamios de melhor portal da cidade\"],\"jobTitle\":\"Diretor\",\"url\":\"https:\\\/\\\/ubirataonline.com.br\\\/en\\\/author\\\/ubirataonline\\\/\"},{\"@type\":\"PostalAddress\",\"@id\":\"https:\\\/\\\/ubirataonline.com.br\\\/i-dont-like-that-arjen-robben-speaks-out-on-michael-olise-comparisons-as-bayern-munich-icon-issues-be-careful-warning\\\/#local-main-place-address\",\"streetAddress\":\"Rua dos Coqueiros, 104 - Bairro Boa Vista, Rua dos Coqueiros, 104 Bairro Boa Vista\",\"addressLocality\":\"UBIRATA\",\"postalCode\":\"85440-000\",\"addressRegion\":\"PR\",\"addressCountry\":\"BR\"},{\"@type\":\"ImageObject\",\"inLanguage\":\"en-US\",\"@id\":\"https:\\\/\\\/ubirataonline.com.br\\\/i-dont-like-that-arjen-robben-speaks-out-on-michael-olise-comparisons-as-bayern-munich-icon-issues-be-careful-warning\\\/#local-main-organization-logo\",\"url\":\"https:\\\/\\\/ubirataonline.com.br\\\/wp-content\\\/uploads\\\/2026\\\/06\\\/logoubirataonline-1.webp\",\"contentUrl\":\"https:\\\/\\\/ubirataonline.com.br\\\/wp-content\\\/uploads\\\/2026\\\/06\\\/logoubirataonline-1.webp\",\"width\":500,\"height\":500,\"caption\":\"Ubirat\u00e3 Online Not\u00edcias\"}]}<\/script>\n<meta name=\"geo.placename\" content=\"UBIRATA\" \/>\n<meta name=\"geo.position\" content=\"-24.5361401;-52.9921776\" \/>\n<meta name=\"geo.region\" content=\"Brazil\" \/>\n<!-- \/ Yoast SEO Premium plugin. -->","yoast_head_json":{"title":"'I don't like that' - Arjen Robben speaks out on Michael Olise comparisons as Bayern Munich icon issues 'be careful' warning - Ubirat\u00e3 Online Not\u00edcias - A realidade ao seu alcance!","description":"Despite his reluctance to label Olise as his direct heir, Robben acknowledged that the France international is performing at an elite level that benefits","robots":{"index":"index","follow":"follow","max-snippet":"max-snippet:-1","max-image-preview":"max-image-preview:large","max-video-preview":"max-video-preview:-1"},"canonical":"https:\/\/ubirataonline.com.br\/en\/i-dont-like-that-arjen-robben-speaks-out-on-michael-olise-comparisons-as-bayern-munich-icon-issues-be-careful-warning\/","og_locale":"en_US","og_type":"article","og_title":"'I don't like that' - Arjen Robben speaks out on Michael Olise comparisons as Bayern Munich icon issues 'be careful' warning","og_description":"Despite his reluctance to label Olise as his direct heir, Robben acknowledged that the France international is performing at an elite level that benefits","og_url":"https:\/\/ubirataonline.com.br\/en\/i-dont-like-that-arjen-robben-speaks-out-on-michael-olise-comparisons-as-bayern-munich-icon-issues-be-careful-warning\/","og_site_name":"Ubirat\u00e3 Online Not\u00edcias - A realidade ao seu alcance!","article_publisher":"https:\/\/www.facebook.com\/portalubirataonline","article_author":"https:\/\/www.facebook.com\/portalubirataonline","article_published_time":"2026-04-14T21:09:48+00:00","article_modified_time":"2026-04-14T21:09:53+00:00","og_image":[{"width":1920,"height":1080,"url":"https:\/\/ubirataonline.com.br\/wp-content\/uploads\/2026\/04\/I-dont-like-that-Arjen-Robben-speaks-out-on.jpg","type":"image\/jpeg"}],"author":"REDA\u00c7\u00c3O: UBIRAT\u00c3 ONLINE - F\u00c1BIO AUGUSTO CELESTINO","twitter_card":"summary_large_image","twitter_creator":"@x.com\/ubirataonline","twitter_site":"@ubirataonline","twitter_misc":{"Written by":"REDA\u00c7\u00c3O: UBIRAT\u00c3 ONLINE - F\u00c1BIO AUGUSTO CELESTINO","Est. reading time":"1 minute"},"schema":{"@context":"https:\/\/schema.org","@graph":[{"@type":"NewsArticle","@id":"https:\/\/ubirataonline.com.br\/i-dont-like-that-arjen-robben-speaks-out-on-michael-olise-comparisons-as-bayern-munich-icon-issues-be-careful-warning\/#article","isPartOf":{"@id":"https:\/\/ubirataonline.com.br\/i-dont-like-that-arjen-robben-speaks-out-on-michael-olise-comparisons-as-bayern-munich-icon-issues-be-careful-warning\/"},"author":{"name":"REDA\u00c7\u00c3O: UBIRAT\u00c3 ONLINE - F\u00c1BIO AUGUSTO CELESTINO","@id":"https:\/\/ubirataonline.com.br\/#\/schema\/person\/372f87bbd3fdd79b8556b84c98d0bc1c"},"headline":"&#8216;I don&#8217;t like that&#8217; &#8211; Arjen Robben speaks out on Michael Olise comparisons as Bayern Munich icon issues &#8216;be careful&#8217; warning","datePublished":"2026-04-14T21:09:48+00:00","dateModified":"2026-04-14T21:09:53+00:00","mainEntityOfPage":{"@id":"https:\/\/ubirataonline.com.br\/i-dont-like-that-arjen-robben-speaks-out-on-michael-olise-comparisons-as-bayern-munich-icon-issues-be-careful-warning\/"},"wordCount":132,"publisher":{"@id":"https:\/\/ubirataonline.com.br\/#organization"},"image":{"@id":"https:\/\/ubirataonline.com.br\/i-dont-like-that-arjen-robben-speaks-out-on-michael-olise-comparisons-as-bayern-munich-icon-issues-be-careful-warning\/#primaryimage"},"thumbnailUrl":"https:\/\/ubirataonline.com.br\/wp-content\/uploads\/2026\/04\/I-dont-like-that-Arjen-Robben-speaks-out-on.jpg","keywords":["Arjen","Bayern","careful","Comparisons","Dont","Icon","issues","Michael","Munich","Olise","Robben","speaks","Warning"],"articleSection":["Ubirat\u00e3"],"inLanguage":"en-US","copyrightYear":"2026","copyrightHolder":{"@id":"https:\/\/ubirataonline.com.br\/en\/#organization"}},{"@type":"WebPage","@id":"https:\/\/ubirataonline.com.br\/i-dont-like-that-arjen-robben-speaks-out-on-michael-olise-comparisons-as-bayern-munich-icon-issues-be-careful-warning\/","url":"https:\/\/ubirataonline.com.br\/i-dont-like-that-arjen-robben-speaks-out-on-michael-olise-comparisons-as-bayern-munich-icon-issues-be-careful-warning\/","name":"'I don't like that' - Arjen Robben speaks out on Michael Olise comparisons as Bayern Munich icon issues 'be careful' warning - Ubirat\u00e3 Online Not\u00edcias - A realidade ao seu alcance!","isPartOf":{"@id":"https:\/\/ubirataonline.com.br\/#website"},"primaryImageOfPage":{"@id":"https:\/\/ubirataonline.com.br\/i-dont-like-that-arjen-robben-speaks-out-on-michael-olise-comparisons-as-bayern-munich-icon-issues-be-careful-warning\/#primaryimage"},"image":{"@id":"https:\/\/ubirataonline.com.br\/i-dont-like-that-arjen-robben-speaks-out-on-michael-olise-comparisons-as-bayern-munich-icon-issues-be-careful-warning\/#primaryimage"},"thumbnailUrl":"https:\/\/ubirataonline.com.br\/wp-content\/uploads\/2026\/04\/I-dont-like-that-Arjen-Robben-speaks-out-on.jpg","datePublished":"2026-04-14T21:09:48+00:00","dateModified":"2026-04-14T21:09:53+00:00","description":"Despite his reluctance to label Olise as his direct heir, Robben acknowledged that the France international is performing at an elite level that benefits","breadcrumb":{"@id":"https:\/\/ubirataonline.com.br\/i-dont-like-that-arjen-robben-speaks-out-on-michael-olise-comparisons-as-bayern-munich-icon-issues-be-careful-warning\/#breadcrumb"},"inLanguage":"en-US","potentialAction":[{"@type":"ReadAction","target":["https:\/\/ubirataonline.com.br\/i-dont-like-that-arjen-robben-speaks-out-on-michael-olise-comparisons-as-bayern-munich-icon-issues-be-careful-warning\/"]}]},{"@type":"ImageObject","inLanguage":"en-US","@id":"https:\/\/ubirataonline.com.br\/i-dont-like-that-arjen-robben-speaks-out-on-michael-olise-comparisons-as-bayern-munich-icon-issues-be-careful-warning\/#primaryimage","url":"https:\/\/ubirataonline.com.br\/wp-content\/uploads\/2026\/04\/I-dont-like-that-Arjen-Robben-speaks-out-on.jpg","contentUrl":"https:\/\/ubirataonline.com.br\/wp-content\/uploads\/2026\/04\/I-dont-like-that-Arjen-Robben-speaks-out-on.jpg","width":1920,"height":1080,"caption":"'I don't like that' - Arjen Robben speaks out on Michael Olise comparisons as Bayern Munich icon issues 'be careful' warning"},{"@type":"BreadcrumbList","@id":"https:\/\/ubirataonline.com.br\/i-dont-like-that-arjen-robben-speaks-out-on-michael-olise-comparisons-as-bayern-munich-icon-issues-be-careful-warning\/#breadcrumb","itemListElement":[{"@type":"ListItem","position":1,"name":"In\u00edcio","item":"https:\/\/ubirataonline.com.br\/"},{"@type":"ListItem","position":2,"name":"&#8216;I don&#8217;t like that&#8217; &#8211; Arjen Robben speaks out on Michael Olise comparisons as Bayern Munich icon issues &#8216;be careful&#8217; warning"}]},{"@type":"WebSite","@id":"https:\/\/ubirataonline.com.br\/#website","url":"https:\/\/ubirataonline.com.br\/","name":"Ubirat\u00e3 Online Not\u00edcias","description":"Not\u00edcias de Ubirat\u00e3, regi\u00e3o, Brasil e mundo, com informa\u00e7\u00e3o atualizada e compromisso com o leitor.","publisher":{"@id":"https:\/\/ubirataonline.com.br\/#organization"},"alternateName":"Ubirat\u00e3 Online","potentialAction":[{"@type":"SearchAction","target":{"@type":"EntryPoint","urlTemplate":"https:\/\/ubirataonline.com.br\/?s={search_term_string}"},"query-input":{"@type":"PropertyValueSpecification","valueRequired":true,"valueName":"search_term_string"}}],"inLanguage":"en-US"},{"@type":["Organization","Place"],"@id":"https:\/\/ubirataonline.com.br\/#organization","name":"Ubirat\u00e3 Online Not\u00edcias","alternateName":"Ubirat\u00e3 Online","url":"https:\/\/ubirataonline.com.br\/","logo":{"@id":"https:\/\/ubirataonline.com.br\/i-dont-like-that-arjen-robben-speaks-out-on-michael-olise-comparisons-as-bayern-munich-icon-issues-be-careful-warning\/#local-main-organization-logo"},"image":{"@id":"https:\/\/ubirataonline.com.br\/i-dont-like-that-arjen-robben-speaks-out-on-michael-olise-comparisons-as-bayern-munich-icon-issues-be-careful-warning\/#local-main-organization-logo"},"sameAs":["https:\/\/www.facebook.com\/portalubirataonline","https:\/\/x.com\/ubirataonline","https:\/\/mastodon.social\/@ubirataonline","https:\/\/www.facebook.com\/groups\/311144672285604","https:\/\/www.facebook.com\/UBTAOnline","https:\/\/www.instagram.com\/portalubirataonline\/","https:\/\/twitter.com\/ubirataonline"],"description":"Somos um portal de not\u00edcias independente, criado em 5 de janeiro de 2009, com o objetivo de informar, conectar e valorizar a nossa comunidade de Ubirat\u00e3 e toda aregi\u00e3o. Com conte\u00fado atualizado, confi\u00e1vel e relevante, o Ubirat\u00e3 Online \u00e9 o seu espa\u00e7o para ficar por dentro dos principais acontecimentos locais, regionais, Brasil, Mundo e de interesse geral. Nosso compromisso \u00e9 com a verdade, a transpar\u00eancia e o respeito ao leitor.","legalName":"UBIRATA ONLINE NOT\u00cdCIAS","foundingDate":"2009-01-05","numberOfEmployees":{"@type":"QuantitativeValue","minValue":"1","maxValue":"10"},"publishingPrinciples":"https:\/\/ubirataonline.com.br\/faq\/","address":{"@id":"https:\/\/ubirataonline.com.br\/i-dont-like-that-arjen-robben-speaks-out-on-michael-olise-comparisons-as-bayern-munich-icon-issues-be-careful-warning\/#local-main-place-address"},"geo":{"@type":"GeoCoordinates","latitude":"-24.5361401","longitude":"-52.9921776"},"telephone":["+5544998308235"],"contactPoint":{"@type":"ContactPoint","email":"contato@ubirataonline.com.br"},"openingHoursSpecification":{"@type":"OpeningHoursSpecification","dayOfWeek":["Monday","Tuesday","Wednesday","Thursday","Friday","Saturday","Sunday"],"opens":"00:00","closes":"23:59"},"email":"contato@ubirataonline.com.br","vatID":"47.621.418\/0001-80"},{"@type":"Person","@id":"https:\/\/ubirataonline.com.br\/#\/schema\/person\/372f87bbd3fdd79b8556b84c98d0bc1c","name":"REDA\u00c7\u00c3O: UBIRAT\u00c3 ONLINE - F\u00c1BIO AUGUSTO CELESTINO","pronouns":"Ele","description":"Desde 2003 trabalhando com not\u00edcias.","sameAs":["http:\/\/ubirataoline.com.br","https:\/\/www.facebook.com\/portalubirataonline","https:\/\/www.instagram.com\/ubirataonline_oficial","https:\/\/x.com\/x.com\/ubirataonline"],"honorificPrefix":"Mr.","honorificSuffix":"MD","birthDate":"1980-06-16","gender":"masculino","award":["V\u00e1rios pr\u00eamios de melhor portal da cidade"],"jobTitle":"Diretor","url":"https:\/\/ubirataonline.com.br\/en\/author\/ubirataonline\/"},{"@type":"PostalAddress","@id":"https:\/\/ubirataonline.com.br\/i-dont-like-that-arjen-robben-speaks-out-on-michael-olise-comparisons-as-bayern-munich-icon-issues-be-careful-warning\/#local-main-place-address","streetAddress":"Rua dos Coqueiros, 104 - Bairro Boa Vista, Rua dos Coqueiros, 104 Bairro Boa Vista","addressLocality":"UBIRATA","postalCode":"85440-000","addressRegion":"PR","addressCountry":"BR"},{"@type":"ImageObject","inLanguage":"en-US","@id":"https:\/\/ubirataonline.com.br\/i-dont-like-that-arjen-robben-speaks-out-on-michael-olise-comparisons-as-bayern-munich-icon-issues-be-careful-warning\/#local-main-organization-logo","url":"https:\/\/ubirataonline.com.br\/wp-content\/uploads\/2026\/06\/logoubirataonline-1.webp","contentUrl":"https:\/\/ubirataonline.com.br\/wp-content\/uploads\/2026\/06\/logoubirataonline-1.webp","width":500,"height":500,"caption":"Ubirat\u00e3 Online Not\u00edcias"}]},"geo.placename":"UBIRATA","geo.position":{"lat":"-24.5361401","long":"-52.9921776"},"geo.region":"Brazil"},"_links":{"self":[{"href":"https:\/\/ubirataonline.com.br\/en\/wp-json\/wp\/v2\/posts\/107306","targetHints":{"allow":["GET"]}}],"collection":[{"href":"https:\/\/ubirataonline.com.br\/en\/wp-json\/wp\/v2\/posts"}],"about":[{"href":"https:\/\/ubirataonline.com.br\/en\/wp-json\/wp\/v2\/types\/post"}],"author":[{"embeddable":true,"href":"https:\/\/ubirataonline.com.br\/en\/wp-json\/wp\/v2\/users\/1"}],"replies":[{"embeddable":true,"href":"https:\/\/ubirataonline.com.br\/en\/wp-json\/wp\/v2\/comments?post=107306"}],"version-history":[{"count":0,"href":"https:\/\/ubirataonline.com.br\/en\/wp-json\/wp\/v2\/posts\/107306\/revisions"}],"wp:featuredmedia":[{"embeddable":true,"href":"https:\/\/ubirataonline.com.br\/en\/wp-json\/wp\/v2\/media\/107307"}],"wp:attachment":[{"href":"https:\/\/ubirataonline.com.br\/en\/wp-json\/wp\/v2\/media?parent=107306"}],"wp:term":[{"taxonomy":"category","embeddable":true,"href":"https:\/\/ubirataonline.com.br\/en\/wp-json\/wp\/v2\/categories?post=107306"},{"taxonomy":"post_tag","embeddable":true,"href":"https:\/\/ubirataonline.com.br\/en\/wp-json\/wp\/v2\/tags?post=107306"}],"curies":[{"name":"wp","href":"https:\/\/api.w.org\/{rel}","templated":true}]}}