{"id":107312,"date":"2026-04-14T18:15:52","date_gmt":"2026-04-14T21:15:52","guid":{"rendered":"https:\/\/ubirataonline.com.br\/la-copa-brillara-en-sevilla-en-la-previa-de-la-gran-final\/"},"modified":"2026-04-14T18:15:55","modified_gmt":"2026-04-14T21:15:55","slug":"la-copa-brillara-en-sevilla-en-la-previa-de-la-gran-final","status":"publish","type":"post","link":"https:\/\/ubirataonline.com.br\/en\/la-copa-brillara-en-sevilla-en-la-previa-de-la-gran-final\/","title":{"rendered":"La Copa brillar\u00e1 en Sevilla en la previa de la gran final"},"content":{"rendered":"<p><br \/>\n<\/p>\n<div>\n<p class=\"text-align-justify\">Hace siete meses, en Sant Just Desvern, la Copa de Su Majestad el Rey dibuj\u00f3 el primero de sus 136 encuentros posteriores. Desde aquel 27 de septiembre, 125 clubes \u2014en siete rondas diferentes\u2014 han so\u00f1ado con esta competici\u00f3n, la <strong>m\u00e1s relevante, pasional e importante para nuestro f\u00fatbol<\/strong>.<\/p>\n<p class=\"text-align-justify\">Un camino largo, precioso, que culminar\u00e1 este <strong>18 de abril en La Cartuja de Sevilla<\/strong>, a 1.000 kil\u00f3metros de la localidad barcelonesa donde comenz\u00f3 la aventura 2025\/2026. Y es que a partir de las 21:00 horas del s\u00e1bado,<strong> Atl\u00e9tico de Madrid y Real Sociedad pugnar\u00e1n en la 124\u00aa final del torneo<\/strong>, el m\u00e1s antiguo a nivel nacional. De ganarla, este ser\u00eda el und\u00e9cimo t\u00edtulo copero de los colchoneros; el cuarto en el caso de los <em>txuri-urdin<\/em>.<\/p>\n<p class=\"text-align-justify\">Con todo ello,<strong> la previa del encuentro alcanzar\u00e1 su momento culminante con la llegada del trofeo a la capital hispalense<\/strong>, un acto previsto para el jueves 16 en los Jardines de San Telmo, uno de los enclaves m\u00e1s emblem\u00e1ticos de la ciudad. <strong>Rafael Louz\u00e1n<\/strong>, presidente de la RFEF, <strong>Juan Manuel Moreno<\/strong>, presidente de la Junta de Andaluc\u00eda, y <strong>Jos\u00e9 Luis Sanz<\/strong>, alcalde de Sevilla, ser\u00e1n los encargados de recibir a la comitiva que trasladar\u00e1 el t\u00edtulo, cuya llegada est\u00e1 fijada a las 13:30 horas tras un <strong>recorrido en calesa que partir\u00e1 desde la Plaza de Espa\u00f1a y estar\u00e1 encabezado por los exjugadores Gabi y Xabi Prieto, embajadores de los finalistas<\/strong>.<\/p>\n<p class=\"text-align-justify\">El acto institucional marcar\u00e1 la apertura de una <strong>exposici\u00f3n con diferentes obras pict\u00f3ricas<\/strong>, la cual podr\u00e1 visitarse hasta el s\u00e1bado en la sala de <strong>exposiciones temporales de San Telmo<\/strong> (con acceso por la calle Palos de la Frontera). En este espacio, los aficionados tendr\u00e1n la oportunidad de disfrutar gratuitamente de una cuidada selecci\u00f3n del patrimonio art\u00edstico que la RFEF ha ido reuniendo a lo largo de los a\u00f1os, a la que se suma como gran atractivo la <strong>presencia del trofeo.<\/strong><\/p>\n<p class=\"text-align-center\"><strong>HORARIO DE LA EXPOSICI\u00d3N SOBRE LA COPA DEL REY MAPFRE EN EL PALACIO DE SAN TELMO<\/strong><\/p>\n<figure class=\"responsive-figure-table\">\n<table class=\"table\">\n<thead>\n<tr>\n<th>\n<p class=\"text-align-center\">D\u00eda<\/p>\n<\/th>\n<th>\n<p class=\"text-align-center\">Horario<\/p>\n<\/th>\n<\/tr>\n<\/thead>\n<tbody>\n<tr>\n<td>\n<p class=\"text-align-center\">Jueves 16 de abril<\/p>\n<\/td>\n<td>\n<p class=\"text-align-center\">De 17 a 20 horas<\/p>\n<\/td>\n<\/tr>\n<tr>\n<td>\n<p class=\"text-align-center\">Viernes 17 de abril<\/p>\n<\/td>\n<td>\n<p class=\"text-align-center\">De 10 a 14 y de 17 a 20 horas<\/p>\n<\/td>\n<\/tr>\n<tr>\n<td>\n<p class=\"text-align-center\">S\u00e1bado 18 de abril<\/p>\n<\/td>\n<td>\n<p class=\"text-align-center\">De 10 a 14 horas<\/p>\n<\/td>\n<\/tr>\n<\/tbody>\n<\/table>\n<\/figure>\n<p>Ya en la jornada previa a la gran final, el <a href=\"https:\/\/rfef.es\/es\/noticias\/la-rfef-distingue-manolo-lama-con-el-i-premio-de-periodismo-deportivo-jose-angel-de-la\" data-entity-type=\"node\" data-entity-uuid=\"0e391d29-b311-4107-ad4d-c3a2eef1f455\" data-entity-substitution=\"canonical\"><strong>I Premio de Periodismo Deportivo &#8216;Jos\u00e9 \u00c1ngel de la Casa&#8217;<\/strong><\/a> centrar\u00e1 la atenci\u00f3n con la entrega del galard\u00f3n al comunicador <strong>Manolo Lama<\/strong>, quien ser\u00e1 distinguido por su extensa trayectoria en los anexos de La Cartuja (Village VIP, acceso C1) a partir de las 13:00.\u00a0<\/p>\n<p>Ese mismo viernes, un lugar patrimonio de la humanidad como el Real Alc\u00e1zar de Sevilla albergar\u00e1 la <strong>cena oficial con nutrida representaci\u00f3n de las autoridades civiles, deportivas y de los clubes participantes<\/strong>. Todo ello despu\u00e9s de que los equipos finalistas, que llegar\u00e1n ese mismo d\u00eda a Sevilla, completen sus respectivos <strong>entrenamientos y ruedas de prensa<\/strong>, adem\u00e1s del ya tradicional posado oficial de entrenadores y capitanes.<\/p>\n<p class=\"text-align-center\"><strong>PROGRAMA DE EVENTOS EN DIRECTO PARA EL VIERNES 17 DE ABRIL (CANALES OFICIALES DE LA RFEF)<\/strong><\/p>\n<figure class=\"responsive-figure-table\">\n<table class=\"table table-style-align-center\">\n<thead>\n<tr>\n<th>\n<p class=\"text-align-center\">D\u00eda<\/p>\n<\/th>\n<th>\n<p class=\"text-align-center\">Horario<\/p>\n<\/th>\n<\/tr>\n<\/thead>\n<tbody>\n<tr>\n<td>\n<p class=\"text-align-center\">17:15<\/p>\n<\/td>\n<td>\n<p class=\"text-align-center\">Rueda de prensa oficial del Atl\u00e9tico de Madrid<\/p>\n<\/td>\n<\/tr>\n<tr>\n<td>\n<p class=\"text-align-center\">18:00<\/p>\n<\/td>\n<td>\n<p class=\"text-align-center\">Entrenamiento oficial del Atl\u00e9tico de Madrid (15 minutos abierto a medios de comunicaci\u00f3n)<\/p>\n<\/td>\n<\/tr>\n<tr>\n<td>\n<p class=\"text-align-center\">19:00<\/p>\n<\/td>\n<td>\n<p class=\"text-align-center\">Posado de los entrenadores y capitanes finalistas con el trofeo<\/p>\n<\/td>\n<\/tr>\n<tr>\n<td>\n<p class=\"text-align-center\">19:15<\/p>\n<\/td>\n<td>\n<p class=\"text-align-center\">Rueda de prensa oficial de la Real Sociedad<\/p>\n<\/td>\n<\/tr>\n<tr>\n<td>\n<p class=\"text-align-center\">20:00<\/p>\n<\/td>\n<td>\n<p class=\"text-align-center\">Entrenamiento oficial de la Real Sociedad (15 minutos abierto a medios de comunicaci\u00f3n)<\/p>\n<\/td>\n<\/tr>\n<\/tbody>\n<\/table>\n<\/figure>\n<blockquote>\n<p class=\"text-align-justify\">RFEF.TV ofrecer\u00e1 todos los eventos en directo<\/p>\n<\/blockquote>\n<p class=\"text-align-justify\">As\u00ed, <strong>los aficionados de ambos equipos dar\u00e1n color a una final que se sentir\u00e1 en todas las calles sevillanas<\/strong>, convertidas en un espacio para la convivencia, diversi\u00f3n y deportividad entre hinchadas. A las &#8216;<strong>fan zone<\/strong>&#8216; de ambos clubes finalistas, ubicadas en el parking de las Moreras (junto al Parque del Alamillo) para los seguidores del Atl\u00e9tico de Madrid y en la Avenida de Carlos III (junto al apeadero de La Cartuja) en el caso de la Real Sociedad, se unir\u00e1n numerosas actividades en distintos puntos de la ciudad.\u00a0<\/p>\n<p class=\"text-align-justify\"><strong>La RFEF habilitar\u00e1 zonas &#8216;Fan Experience&#8217; como lugares de diversi\u00f3n, concordia, informaci\u00f3n y concienciaci\u00f3n medioambiental cargadas de actividades <\/strong>que se desarrollar\u00e1n a partir del viernes en los siguientes puntos:<\/p>\n<p class=\"text-align-justify\">En estas ubicaciones, distribuidas por toda la ciudad, los aficionados podr\u00e1n disfrutar de animaci\u00f3n con DJ y speaker, campo 3&#215;3, subsoccer, photocall, chut\u00f3metro, juegos de precisi\u00f3n y futbolines. Tambi\u00e9n de la &#8216;<strong>Copa Freestyle<\/strong>&#8216;, que incluir\u00e1 exhibiciones y duelos y se prolongar\u00e1 hasta el mismo s\u00e1bado por la ma\u00f1ana en &#8216;las Setas&#8217;\u2014escenario que tambi\u00e9n dar\u00e1 cabida a un productivo encuentro entre aficiones con el objetivo de ensalzar los valores del deporte\u2014.<\/p>\n<blockquote>\n<p class=\"text-align-justify\">Entre las acciones m\u00e1s destacadas durante el partido figura la puesta en marcha de un palco sensorial destinado a personas con necesidades espec\u00edficas y un servicio de narraci\u00f3n audiodescriptiva para aficionados con discapacidad visual<\/p>\n<\/blockquote>\n<p class=\"text-align-justify\"><strong>Sevilla est\u00e1 lista para convertirse en el epicentro del f\u00fatbol espa\u00f1ol<\/strong>.<\/p>\n<\/div>\n<p><br \/>\n<br \/><a href=\"https:\/\/rfef.es\/es\/noticias\/la-copa-brillara-en-sevilla-en-la-previa-de-la-gran-final\">Source link <\/a><\/p>","protected":false},"excerpt":{"rendered":"<p>Hace siete meses, en Sant Just Desvern, la Copa de Su Majestad el Rey dibuj\u00f3 el primero de sus 136 encuentros posteriores. Desde aquel 27 de septiembre, 125 clubes \u2014en siete rondas diferentes\u2014 han so\u00f1ado con esta competici\u00f3n, la m\u00e1s relevante, pasional e importante para nuestro f\u00fatbol. Un camino largo, precioso, que culminar\u00e1 este 18 [&hellip;]<\/p>\n","protected":false},"author":1,"featured_media":107313,"comment_status":"closed","ping_status":"","sticky":false,"template":"","format":"standard","meta":{"googlesitekit_rrm_CAow2JLhCw:productID":"","_gspb_post_css":"","maa_idioma":"","maa_pais":"","footnotes":""},"categories":[2725],"tags":[28315,3503,2942,3957,7442,4395],"class_list":["post-107312","post","type-post","status-publish","format-standard","has-post-thumbnail","hentry","category-europe","tag-brillara","tag-copa","tag-final","tag-gran","tag-previa","tag-sevilla"],"blocksy_meta":[],"yoast_head":"<!-- This site is optimized with the Yoast SEO Premium plugin v27.6 (Yoast SEO v27.6) - https:\/\/yoast.com\/product\/yoast-seo-premium-wordpress\/ -->\n<title>La Copa brillar\u00e1 en Sevilla en la previa de la gran final - Ubirat\u00e3 Online Not\u00edcias - A realidade ao seu alcance!<\/title>\n<meta name=\"description\" content=\"Hace siete meses, en Sant Just Desvern, la Copa de Su Majestad el Rey dibuj\u00f3 el primero de sus 136 encuentros posteriores. Desde aquel 27 de septiembre,\" \/>\n<meta name=\"robots\" content=\"index, follow, max-snippet:-1, max-image-preview:large, max-video-preview:-1\" \/>\n<link rel=\"canonical\" href=\"https:\/\/ubirataonline.com.br\/en\/la-copa-brillara-en-sevilla-en-la-previa-de-la-gran-final\/\" \/>\n<meta property=\"og:locale\" content=\"en_US\" \/>\n<meta property=\"og:type\" content=\"article\" \/>\n<meta property=\"og:title\" content=\"La Copa brillar\u00e1 en Sevilla en la previa de la gran final\" \/>\n<meta property=\"og:description\" content=\"Hace siete meses, en Sant Just Desvern, la Copa de Su Majestad el Rey dibuj\u00f3 el primero de sus 136 encuentros posteriores. Desde aquel 27 de septiembre,\" \/>\n<meta property=\"og:url\" content=\"https:\/\/ubirataonline.com.br\/en\/la-copa-brillara-en-sevilla-en-la-previa-de-la-gran-final\/\" \/>\n<meta property=\"og:site_name\" content=\"Ubirat\u00e3 Online Not\u00edcias - A realidade ao seu alcance!\" \/>\n<meta property=\"article:publisher\" content=\"https:\/\/www.facebook.com\/portalubirataonline\" \/>\n<meta property=\"article:author\" content=\"https:\/\/www.facebook.com\/portalubirataonline\" \/>\n<meta property=\"article:published_time\" content=\"2026-04-14T21:15:52+00:00\" \/>\n<meta property=\"article:modified_time\" content=\"2026-04-14T21:15:55+00:00\" \/>\n<meta property=\"og:image\" content=\"https:\/\/ubirataonline.com.br\/wp-content\/uploads\/2026\/04\/La-Copa-brillara-en-Sevilla-en-la-previa-de-la.webp.jpeg\" \/>\n\t<meta property=\"og:image:width\" content=\"891\" \/>\n\t<meta property=\"og:image:height\" content=\"501\" \/>\n\t<meta property=\"og:image:type\" content=\"image\/jpeg\" \/>\n<meta name=\"author\" content=\"REDA\u00c7\u00c3O: UBIRAT\u00c3 ONLINE - F\u00c1BIO AUGUSTO CELESTINO\" \/>\n<meta name=\"twitter:card\" content=\"summary_large_image\" \/>\n<meta name=\"twitter:creator\" content=\"@x.com\/ubirataonline\" \/>\n<meta name=\"twitter:site\" content=\"@ubirataonline\" \/>\n<meta name=\"twitter:label1\" content=\"Written by\" \/>\n\t<meta name=\"twitter:data1\" content=\"REDA\u00c7\u00c3O: UBIRAT\u00c3 ONLINE - F\u00c1BIO AUGUSTO CELESTINO\" \/>\n\t<meta name=\"twitter:label2\" content=\"Est. reading time\" \/>\n\t<meta name=\"twitter:data2\" content=\"4 minutes\" \/>\n<script type=\"application\/ld+json\" class=\"yoast-schema-graph\">{\"@context\":\"https:\\\/\\\/schema.org\",\"@graph\":[{\"@type\":\"NewsArticle\",\"@id\":\"https:\\\/\\\/ubirataonline.com.br\\\/la-copa-brillara-en-sevilla-en-la-previa-de-la-gran-final\\\/#article\",\"isPartOf\":{\"@id\":\"https:\\\/\\\/ubirataonline.com.br\\\/la-copa-brillara-en-sevilla-en-la-previa-de-la-gran-final\\\/\"},\"author\":{\"name\":\"REDA\u00c7\u00c3O: UBIRAT\u00c3 ONLINE - F\u00c1BIO AUGUSTO CELESTINO\",\"@id\":\"https:\\\/\\\/ubirataonline.com.br\\\/#\\\/schema\\\/person\\\/372f87bbd3fdd79b8556b84c98d0bc1c\"},\"headline\":\"La Copa brillar\u00e1 en Sevilla en la previa de la gran final\",\"datePublished\":\"2026-04-14T21:15:52+00:00\",\"dateModified\":\"2026-04-14T21:15:55+00:00\",\"mainEntityOfPage\":{\"@id\":\"https:\\\/\\\/ubirataonline.com.br\\\/la-copa-brillara-en-sevilla-en-la-previa-de-la-gran-final\\\/\"},\"wordCount\":847,\"publisher\":{\"@id\":\"https:\\\/\\\/ubirataonline.com.br\\\/#organization\"},\"image\":{\"@id\":\"https:\\\/\\\/ubirataonline.com.br\\\/la-copa-brillara-en-sevilla-en-la-previa-de-la-gran-final\\\/#primaryimage\"},\"thumbnailUrl\":\"https:\\\/\\\/ubirataonline.com.br\\\/wp-content\\\/uploads\\\/2026\\\/04\\\/La-Copa-brillara-en-Sevilla-en-la-previa-de-la.webp.jpeg\",\"keywords\":[\"brillar\u00e1\",\"Copa\",\"final\",\"gran\",\"previa\",\"Sevilla\"],\"articleSection\":[\"Europe\"],\"inLanguage\":\"en-US\",\"copyrightYear\":\"2026\",\"copyrightHolder\":{\"@id\":\"https:\\\/\\\/ubirataonline.com.br\\\/en\\\/#organization\"}},{\"@type\":\"WebPage\",\"@id\":\"https:\\\/\\\/ubirataonline.com.br\\\/la-copa-brillara-en-sevilla-en-la-previa-de-la-gran-final\\\/\",\"url\":\"https:\\\/\\\/ubirataonline.com.br\\\/la-copa-brillara-en-sevilla-en-la-previa-de-la-gran-final\\\/\",\"name\":\"La Copa brillar\u00e1 en Sevilla en la previa de la gran final - Ubirat\u00e3 Online Not\u00edcias - A realidade ao seu alcance!\",\"isPartOf\":{\"@id\":\"https:\\\/\\\/ubirataonline.com.br\\\/#website\"},\"primaryImageOfPage\":{\"@id\":\"https:\\\/\\\/ubirataonline.com.br\\\/la-copa-brillara-en-sevilla-en-la-previa-de-la-gran-final\\\/#primaryimage\"},\"image\":{\"@id\":\"https:\\\/\\\/ubirataonline.com.br\\\/la-copa-brillara-en-sevilla-en-la-previa-de-la-gran-final\\\/#primaryimage\"},\"thumbnailUrl\":\"https:\\\/\\\/ubirataonline.com.br\\\/wp-content\\\/uploads\\\/2026\\\/04\\\/La-Copa-brillara-en-Sevilla-en-la-previa-de-la.webp.jpeg\",\"datePublished\":\"2026-04-14T21:15:52+00:00\",\"dateModified\":\"2026-04-14T21:15:55+00:00\",\"description\":\"Hace siete meses, en Sant Just Desvern, la Copa de Su Majestad el Rey dibuj\u00f3 el primero de sus 136 encuentros posteriores. Desde aquel 27 de septiembre,\",\"breadcrumb\":{\"@id\":\"https:\\\/\\\/ubirataonline.com.br\\\/la-copa-brillara-en-sevilla-en-la-previa-de-la-gran-final\\\/#breadcrumb\"},\"inLanguage\":\"en-US\",\"potentialAction\":[{\"@type\":\"ReadAction\",\"target\":[\"https:\\\/\\\/ubirataonline.com.br\\\/la-copa-brillara-en-sevilla-en-la-previa-de-la-gran-final\\\/\"]}]},{\"@type\":\"ImageObject\",\"inLanguage\":\"en-US\",\"@id\":\"https:\\\/\\\/ubirataonline.com.br\\\/la-copa-brillara-en-sevilla-en-la-previa-de-la-gran-final\\\/#primaryimage\",\"url\":\"https:\\\/\\\/ubirataonline.com.br\\\/wp-content\\\/uploads\\\/2026\\\/04\\\/La-Copa-brillara-en-Sevilla-en-la-previa-de-la.webp.jpeg\",\"contentUrl\":\"https:\\\/\\\/ubirataonline.com.br\\\/wp-content\\\/uploads\\\/2026\\\/04\\\/La-Copa-brillara-en-Sevilla-en-la-previa-de-la.webp.jpeg\",\"width\":891,\"height\":501,\"caption\":\"La Copa brillar\u00e1 en Sevilla en la previa de la gran final\"},{\"@type\":\"BreadcrumbList\",\"@id\":\"https:\\\/\\\/ubirataonline.com.br\\\/la-copa-brillara-en-sevilla-en-la-previa-de-la-gran-final\\\/#breadcrumb\",\"itemListElement\":[{\"@type\":\"ListItem\",\"position\":1,\"name\":\"In\u00edcio\",\"item\":\"https:\\\/\\\/ubirataonline.com.br\\\/\"},{\"@type\":\"ListItem\",\"position\":2,\"name\":\"La Copa brillar\u00e1 en Sevilla en la previa de la gran final\"}]},{\"@type\":\"WebSite\",\"@id\":\"https:\\\/\\\/ubirataonline.com.br\\\/#website\",\"url\":\"https:\\\/\\\/ubirataonline.com.br\\\/\",\"name\":\"Ubirat\u00e3 Online Not\u00edcias\",\"description\":\"Not\u00edcias de Ubirat\u00e3, regi\u00e3o, Brasil e mundo, com informa\u00e7\u00e3o atualizada e compromisso com o leitor.\",\"publisher\":{\"@id\":\"https:\\\/\\\/ubirataonline.com.br\\\/#organization\"},\"alternateName\":\"Ubirat\u00e3 Online\",\"potentialAction\":[{\"@type\":\"SearchAction\",\"target\":{\"@type\":\"EntryPoint\",\"urlTemplate\":\"https:\\\/\\\/ubirataonline.com.br\\\/?s={search_term_string}\"},\"query-input\":{\"@type\":\"PropertyValueSpecification\",\"valueRequired\":true,\"valueName\":\"search_term_string\"}}],\"inLanguage\":\"en-US\"},{\"@type\":[\"Organization\",\"Place\"],\"@id\":\"https:\\\/\\\/ubirataonline.com.br\\\/#organization\",\"name\":\"Ubirat\u00e3 Online Not\u00edcias\",\"alternateName\":\"Ubirat\u00e3 Online\",\"url\":\"https:\\\/\\\/ubirataonline.com.br\\\/\",\"logo\":{\"@id\":\"https:\\\/\\\/ubirataonline.com.br\\\/la-copa-brillara-en-sevilla-en-la-previa-de-la-gran-final\\\/#local-main-organization-logo\"},\"image\":{\"@id\":\"https:\\\/\\\/ubirataonline.com.br\\\/la-copa-brillara-en-sevilla-en-la-previa-de-la-gran-final\\\/#local-main-organization-logo\"},\"sameAs\":[\"https:\\\/\\\/www.facebook.com\\\/portalubirataonline\",\"https:\\\/\\\/x.com\\\/ubirataonline\",\"https:\\\/\\\/mastodon.social\\\/@ubirataonline\",\"https:\\\/\\\/www.facebook.com\\\/groups\\\/311144672285604\",\"https:\\\/\\\/www.facebook.com\\\/UBTAOnline\",\"https:\\\/\\\/www.instagram.com\\\/portalubirataonline\\\/\",\"https:\\\/\\\/twitter.com\\\/ubirataonline\"],\"description\":\"Somos um portal de not\u00edcias independente, criado em 5 de janeiro de 2009, com o objetivo de informar, conectar e valorizar a nossa comunidade de Ubirat\u00e3 e toda aregi\u00e3o. Com conte\u00fado atualizado, confi\u00e1vel e relevante, o Ubirat\u00e3 Online \u00e9 o seu espa\u00e7o para ficar por dentro dos principais acontecimentos locais, regionais, Brasil, Mundo e de interesse geral. Nosso compromisso \u00e9 com a verdade, a transpar\u00eancia e o respeito ao leitor.\",\"legalName\":\"UBIRATA ONLINE NOT\u00cdCIAS\",\"foundingDate\":\"2009-01-05\",\"numberOfEmployees\":{\"@type\":\"QuantitativeValue\",\"minValue\":\"1\",\"maxValue\":\"10\"},\"publishingPrinciples\":\"https:\\\/\\\/ubirataonline.com.br\\\/faq\\\/\",\"address\":{\"@id\":\"https:\\\/\\\/ubirataonline.com.br\\\/la-copa-brillara-en-sevilla-en-la-previa-de-la-gran-final\\\/#local-main-place-address\"},\"geo\":{\"@type\":\"GeoCoordinates\",\"latitude\":\"-24.5361401\",\"longitude\":\"-52.9921776\"},\"telephone\":[\"+5544998308235\"],\"contactPoint\":{\"@type\":\"ContactPoint\",\"email\":\"contato@ubirataonline.com.br\"},\"openingHoursSpecification\":{\"@type\":\"OpeningHoursSpecification\",\"dayOfWeek\":[\"Monday\",\"Tuesday\",\"Wednesday\",\"Thursday\",\"Friday\",\"Saturday\",\"Sunday\"],\"opens\":\"00:00\",\"closes\":\"23:59\"},\"email\":\"contato@ubirataonline.com.br\",\"vatID\":\"47.621.418\\\/0001-80\"},{\"@type\":\"Person\",\"@id\":\"https:\\\/\\\/ubirataonline.com.br\\\/#\\\/schema\\\/person\\\/372f87bbd3fdd79b8556b84c98d0bc1c\",\"name\":\"REDA\u00c7\u00c3O: UBIRAT\u00c3 ONLINE - F\u00c1BIO AUGUSTO CELESTINO\",\"pronouns\":\"Ele\",\"description\":\"Desde 2003 trabalhando com not\u00edcias.\",\"sameAs\":[\"http:\\\/\\\/ubirataoline.com.br\",\"https:\\\/\\\/www.facebook.com\\\/portalubirataonline\",\"https:\\\/\\\/www.instagram.com\\\/ubirataonline_oficial\",\"https:\\\/\\\/x.com\\\/x.com\\\/ubirataonline\"],\"honorificPrefix\":\"Mr.\",\"honorificSuffix\":\"MD\",\"birthDate\":\"1980-06-16\",\"gender\":\"masculino\",\"award\":[\"V\u00e1rios pr\u00eamios de melhor portal da cidade\"],\"jobTitle\":\"Diretor\",\"url\":\"https:\\\/\\\/ubirataonline.com.br\\\/en\\\/author\\\/ubirataonline\\\/\"},{\"@type\":\"PostalAddress\",\"@id\":\"https:\\\/\\\/ubirataonline.com.br\\\/la-copa-brillara-en-sevilla-en-la-previa-de-la-gran-final\\\/#local-main-place-address\",\"streetAddress\":\"Rua dos Coqueiros, 104 - Bairro Boa Vista, Rua dos Coqueiros, 104 Bairro Boa Vista\",\"addressLocality\":\"UBIRATA\",\"postalCode\":\"85440-000\",\"addressRegion\":\"PR\",\"addressCountry\":\"BR\"},{\"@type\":\"ImageObject\",\"inLanguage\":\"en-US\",\"@id\":\"https:\\\/\\\/ubirataonline.com.br\\\/la-copa-brillara-en-sevilla-en-la-previa-de-la-gran-final\\\/#local-main-organization-logo\",\"url\":\"https:\\\/\\\/ubirataonline.com.br\\\/wp-content\\\/uploads\\\/2026\\\/06\\\/logoubirataonline-1.webp\",\"contentUrl\":\"https:\\\/\\\/ubirataonline.com.br\\\/wp-content\\\/uploads\\\/2026\\\/06\\\/logoubirataonline-1.webp\",\"width\":500,\"height\":500,\"caption\":\"Ubirat\u00e3 Online Not\u00edcias\"}]}<\/script>\n<meta name=\"geo.placename\" content=\"UBIRATA\" \/>\n<meta name=\"geo.position\" content=\"-24.5361401;-52.9921776\" \/>\n<meta name=\"geo.region\" content=\"Brazil\" \/>\n<!-- \/ Yoast SEO Premium plugin. -->","yoast_head_json":{"title":"La Copa brillar\u00e1 en Sevilla en la previa de la gran final - Ubirat\u00e3 Online Not\u00edcias - A realidade ao seu alcance!","description":"Hace siete meses, en Sant Just Desvern, la Copa de Su Majestad el Rey dibuj\u00f3 el primero de sus 136 encuentros posteriores. Desde aquel 27 de septiembre,","robots":{"index":"index","follow":"follow","max-snippet":"max-snippet:-1","max-image-preview":"max-image-preview:large","max-video-preview":"max-video-preview:-1"},"canonical":"https:\/\/ubirataonline.com.br\/en\/la-copa-brillara-en-sevilla-en-la-previa-de-la-gran-final\/","og_locale":"en_US","og_type":"article","og_title":"La Copa brillar\u00e1 en Sevilla en la previa de la gran final","og_description":"Hace siete meses, en Sant Just Desvern, la Copa de Su Majestad el Rey dibuj\u00f3 el primero de sus 136 encuentros posteriores. Desde aquel 27 de septiembre,","og_url":"https:\/\/ubirataonline.com.br\/en\/la-copa-brillara-en-sevilla-en-la-previa-de-la-gran-final\/","og_site_name":"Ubirat\u00e3 Online Not\u00edcias - A realidade ao seu alcance!","article_publisher":"https:\/\/www.facebook.com\/portalubirataonline","article_author":"https:\/\/www.facebook.com\/portalubirataonline","article_published_time":"2026-04-14T21:15:52+00:00","article_modified_time":"2026-04-14T21:15:55+00:00","og_image":[{"width":891,"height":501,"url":"https:\/\/ubirataonline.com.br\/wp-content\/uploads\/2026\/04\/La-Copa-brillara-en-Sevilla-en-la-previa-de-la.webp.jpeg","type":"image\/jpeg"}],"author":"REDA\u00c7\u00c3O: UBIRAT\u00c3 ONLINE - F\u00c1BIO AUGUSTO CELESTINO","twitter_card":"summary_large_image","twitter_creator":"@x.com\/ubirataonline","twitter_site":"@ubirataonline","twitter_misc":{"Written by":"REDA\u00c7\u00c3O: UBIRAT\u00c3 ONLINE - F\u00c1BIO AUGUSTO CELESTINO","Est. reading time":"4 minutes"},"schema":{"@context":"https:\/\/schema.org","@graph":[{"@type":"NewsArticle","@id":"https:\/\/ubirataonline.com.br\/la-copa-brillara-en-sevilla-en-la-previa-de-la-gran-final\/#article","isPartOf":{"@id":"https:\/\/ubirataonline.com.br\/la-copa-brillara-en-sevilla-en-la-previa-de-la-gran-final\/"},"author":{"name":"REDA\u00c7\u00c3O: UBIRAT\u00c3 ONLINE - F\u00c1BIO AUGUSTO CELESTINO","@id":"https:\/\/ubirataonline.com.br\/#\/schema\/person\/372f87bbd3fdd79b8556b84c98d0bc1c"},"headline":"La Copa brillar\u00e1 en Sevilla en la previa de la gran final","datePublished":"2026-04-14T21:15:52+00:00","dateModified":"2026-04-14T21:15:55+00:00","mainEntityOfPage":{"@id":"https:\/\/ubirataonline.com.br\/la-copa-brillara-en-sevilla-en-la-previa-de-la-gran-final\/"},"wordCount":847,"publisher":{"@id":"https:\/\/ubirataonline.com.br\/#organization"},"image":{"@id":"https:\/\/ubirataonline.com.br\/la-copa-brillara-en-sevilla-en-la-previa-de-la-gran-final\/#primaryimage"},"thumbnailUrl":"https:\/\/ubirataonline.com.br\/wp-content\/uploads\/2026\/04\/La-Copa-brillara-en-Sevilla-en-la-previa-de-la.webp.jpeg","keywords":["brillar\u00e1","Copa","final","gran","previa","Sevilla"],"articleSection":["Europe"],"inLanguage":"en-US","copyrightYear":"2026","copyrightHolder":{"@id":"https:\/\/ubirataonline.com.br\/en\/#organization"}},{"@type":"WebPage","@id":"https:\/\/ubirataonline.com.br\/la-copa-brillara-en-sevilla-en-la-previa-de-la-gran-final\/","url":"https:\/\/ubirataonline.com.br\/la-copa-brillara-en-sevilla-en-la-previa-de-la-gran-final\/","name":"La Copa brillar\u00e1 en Sevilla en la previa de la gran final - Ubirat\u00e3 Online Not\u00edcias - A realidade ao seu alcance!","isPartOf":{"@id":"https:\/\/ubirataonline.com.br\/#website"},"primaryImageOfPage":{"@id":"https:\/\/ubirataonline.com.br\/la-copa-brillara-en-sevilla-en-la-previa-de-la-gran-final\/#primaryimage"},"image":{"@id":"https:\/\/ubirataonline.com.br\/la-copa-brillara-en-sevilla-en-la-previa-de-la-gran-final\/#primaryimage"},"thumbnailUrl":"https:\/\/ubirataonline.com.br\/wp-content\/uploads\/2026\/04\/La-Copa-brillara-en-Sevilla-en-la-previa-de-la.webp.jpeg","datePublished":"2026-04-14T21:15:52+00:00","dateModified":"2026-04-14T21:15:55+00:00","description":"Hace siete meses, en Sant Just Desvern, la Copa de Su Majestad el Rey dibuj\u00f3 el primero de sus 136 encuentros posteriores. Desde aquel 27 de septiembre,","breadcrumb":{"@id":"https:\/\/ubirataonline.com.br\/la-copa-brillara-en-sevilla-en-la-previa-de-la-gran-final\/#breadcrumb"},"inLanguage":"en-US","potentialAction":[{"@type":"ReadAction","target":["https:\/\/ubirataonline.com.br\/la-copa-brillara-en-sevilla-en-la-previa-de-la-gran-final\/"]}]},{"@type":"ImageObject","inLanguage":"en-US","@id":"https:\/\/ubirataonline.com.br\/la-copa-brillara-en-sevilla-en-la-previa-de-la-gran-final\/#primaryimage","url":"https:\/\/ubirataonline.com.br\/wp-content\/uploads\/2026\/04\/La-Copa-brillara-en-Sevilla-en-la-previa-de-la.webp.jpeg","contentUrl":"https:\/\/ubirataonline.com.br\/wp-content\/uploads\/2026\/04\/La-Copa-brillara-en-Sevilla-en-la-previa-de-la.webp.jpeg","width":891,"height":501,"caption":"La Copa brillar\u00e1 en Sevilla en la previa de la gran final"},{"@type":"BreadcrumbList","@id":"https:\/\/ubirataonline.com.br\/la-copa-brillara-en-sevilla-en-la-previa-de-la-gran-final\/#breadcrumb","itemListElement":[{"@type":"ListItem","position":1,"name":"In\u00edcio","item":"https:\/\/ubirataonline.com.br\/"},{"@type":"ListItem","position":2,"name":"La Copa brillar\u00e1 en Sevilla en la previa de la gran final"}]},{"@type":"WebSite","@id":"https:\/\/ubirataonline.com.br\/#website","url":"https:\/\/ubirataonline.com.br\/","name":"Ubirat\u00e3 Online Not\u00edcias","description":"Not\u00edcias de Ubirat\u00e3, regi\u00e3o, Brasil e mundo, com informa\u00e7\u00e3o atualizada e compromisso com o leitor.","publisher":{"@id":"https:\/\/ubirataonline.com.br\/#organization"},"alternateName":"Ubirat\u00e3 Online","potentialAction":[{"@type":"SearchAction","target":{"@type":"EntryPoint","urlTemplate":"https:\/\/ubirataonline.com.br\/?s={search_term_string}"},"query-input":{"@type":"PropertyValueSpecification","valueRequired":true,"valueName":"search_term_string"}}],"inLanguage":"en-US"},{"@type":["Organization","Place"],"@id":"https:\/\/ubirataonline.com.br\/#organization","name":"Ubirat\u00e3 Online Not\u00edcias","alternateName":"Ubirat\u00e3 Online","url":"https:\/\/ubirataonline.com.br\/","logo":{"@id":"https:\/\/ubirataonline.com.br\/la-copa-brillara-en-sevilla-en-la-previa-de-la-gran-final\/#local-main-organization-logo"},"image":{"@id":"https:\/\/ubirataonline.com.br\/la-copa-brillara-en-sevilla-en-la-previa-de-la-gran-final\/#local-main-organization-logo"},"sameAs":["https:\/\/www.facebook.com\/portalubirataonline","https:\/\/x.com\/ubirataonline","https:\/\/mastodon.social\/@ubirataonline","https:\/\/www.facebook.com\/groups\/311144672285604","https:\/\/www.facebook.com\/UBTAOnline","https:\/\/www.instagram.com\/portalubirataonline\/","https:\/\/twitter.com\/ubirataonline"],"description":"Somos um portal de not\u00edcias independente, criado em 5 de janeiro de 2009, com o objetivo de informar, conectar e valorizar a nossa comunidade de Ubirat\u00e3 e toda aregi\u00e3o. Com conte\u00fado atualizado, confi\u00e1vel e relevante, o Ubirat\u00e3 Online \u00e9 o seu espa\u00e7o para ficar por dentro dos principais acontecimentos locais, regionais, Brasil, Mundo e de interesse geral. Nosso compromisso \u00e9 com a verdade, a transpar\u00eancia e o respeito ao leitor.","legalName":"UBIRATA ONLINE NOT\u00cdCIAS","foundingDate":"2009-01-05","numberOfEmployees":{"@type":"QuantitativeValue","minValue":"1","maxValue":"10"},"publishingPrinciples":"https:\/\/ubirataonline.com.br\/faq\/","address":{"@id":"https:\/\/ubirataonline.com.br\/la-copa-brillara-en-sevilla-en-la-previa-de-la-gran-final\/#local-main-place-address"},"geo":{"@type":"GeoCoordinates","latitude":"-24.5361401","longitude":"-52.9921776"},"telephone":["+5544998308235"],"contactPoint":{"@type":"ContactPoint","email":"contato@ubirataonline.com.br"},"openingHoursSpecification":{"@type":"OpeningHoursSpecification","dayOfWeek":["Monday","Tuesday","Wednesday","Thursday","Friday","Saturday","Sunday"],"opens":"00:00","closes":"23:59"},"email":"contato@ubirataonline.com.br","vatID":"47.621.418\/0001-80"},{"@type":"Person","@id":"https:\/\/ubirataonline.com.br\/#\/schema\/person\/372f87bbd3fdd79b8556b84c98d0bc1c","name":"REDA\u00c7\u00c3O: UBIRAT\u00c3 ONLINE - F\u00c1BIO AUGUSTO CELESTINO","pronouns":"Ele","description":"Desde 2003 trabalhando com not\u00edcias.","sameAs":["http:\/\/ubirataoline.com.br","https:\/\/www.facebook.com\/portalubirataonline","https:\/\/www.instagram.com\/ubirataonline_oficial","https:\/\/x.com\/x.com\/ubirataonline"],"honorificPrefix":"Mr.","honorificSuffix":"MD","birthDate":"1980-06-16","gender":"masculino","award":["V\u00e1rios pr\u00eamios de melhor portal da cidade"],"jobTitle":"Diretor","url":"https:\/\/ubirataonline.com.br\/en\/author\/ubirataonline\/"},{"@type":"PostalAddress","@id":"https:\/\/ubirataonline.com.br\/la-copa-brillara-en-sevilla-en-la-previa-de-la-gran-final\/#local-main-place-address","streetAddress":"Rua dos Coqueiros, 104 - Bairro Boa Vista, Rua dos Coqueiros, 104 Bairro Boa Vista","addressLocality":"UBIRATA","postalCode":"85440-000","addressRegion":"PR","addressCountry":"BR"},{"@type":"ImageObject","inLanguage":"en-US","@id":"https:\/\/ubirataonline.com.br\/la-copa-brillara-en-sevilla-en-la-previa-de-la-gran-final\/#local-main-organization-logo","url":"https:\/\/ubirataonline.com.br\/wp-content\/uploads\/2026\/06\/logoubirataonline-1.webp","contentUrl":"https:\/\/ubirataonline.com.br\/wp-content\/uploads\/2026\/06\/logoubirataonline-1.webp","width":500,"height":500,"caption":"Ubirat\u00e3 Online Not\u00edcias"}]},"geo.placename":"UBIRATA","geo.position":{"lat":"-24.5361401","long":"-52.9921776"},"geo.region":"Brazil"},"_links":{"self":[{"href":"https:\/\/ubirataonline.com.br\/en\/wp-json\/wp\/v2\/posts\/107312","targetHints":{"allow":["GET"]}}],"collection":[{"href":"https:\/\/ubirataonline.com.br\/en\/wp-json\/wp\/v2\/posts"}],"about":[{"href":"https:\/\/ubirataonline.com.br\/en\/wp-json\/wp\/v2\/types\/post"}],"author":[{"embeddable":true,"href":"https:\/\/ubirataonline.com.br\/en\/wp-json\/wp\/v2\/users\/1"}],"replies":[{"embeddable":true,"href":"https:\/\/ubirataonline.com.br\/en\/wp-json\/wp\/v2\/comments?post=107312"}],"version-history":[{"count":0,"href":"https:\/\/ubirataonline.com.br\/en\/wp-json\/wp\/v2\/posts\/107312\/revisions"}],"wp:featuredmedia":[{"embeddable":true,"href":"https:\/\/ubirataonline.com.br\/en\/wp-json\/wp\/v2\/media\/107313"}],"wp:attachment":[{"href":"https:\/\/ubirataonline.com.br\/en\/wp-json\/wp\/v2\/media?parent=107312"}],"wp:term":[{"taxonomy":"category","embeddable":true,"href":"https:\/\/ubirataonline.com.br\/en\/wp-json\/wp\/v2\/categories?post=107312"},{"taxonomy":"post_tag","embeddable":true,"href":"https:\/\/ubirataonline.com.br\/en\/wp-json\/wp\/v2\/tags?post=107312"}],"curies":[{"name":"wp","href":"https:\/\/api.w.org\/{rel}","templated":true}]}}