{"id":107355,"date":"2026-04-14T19:03:06","date_gmt":"2026-04-14T22:03:06","guid":{"rendered":"https:\/\/ubirataonline.com.br\/lula-diz-que-pais-nao-precisa-de-escola-civico-militar-na-educacao\/"},"modified":"2026-04-14T19:03:13","modified_gmt":"2026-04-14T22:03:13","slug":"lula-diz-que-pais-nao-precisa-de-escola-civico-militar-na-educacao","status":"publish","type":"post","link":"https:\/\/ubirataonline.com.br\/en\/lula-diz-que-pais-nao-precisa-de-escola-civico-militar-na-educacao\/","title":{"rendered":"Lula diz que pa\u00eds n\u00e3o precisa de escola c\u00edvico-militar na educa\u00e7\u00e3o"},"content":{"rendered":"<p><\/p>\n<div id=\"texto\">\n<p>Ao sancionar o Plano Nacional de Educa\u00e7\u00e3o (PNE), nesta ter\u00e7a-feira (14), no Pal\u00e1cio do Planalto, o presidente Luiz In\u00e1cio Lula da Silva afirmou que o documento mostra que o Brasil n\u00e3o precisa, na educa\u00e7\u00e3o p\u00fablica e gratuita, a expans\u00e3o de escolas c\u00edvico-militares.<\/p>\n<p>\u201cQuando uma menina ou um menino resolverem seguir a sua carreira militar, eles v\u00e3o se preparar militarmente. Mas enquanto eles quiserem estudar, eles t\u00eam que estudar a mesma coisa que estudam 220 milh\u00f5es de brasileiros sob a orienta\u00e7\u00e3o do Minist\u00e9rio da Educa\u00e7\u00e3o deste pa\u00eds\u201d, defendeu.<\/p>\n<p>O plano prev\u00ea 19 objetivos com acompanhamento das metas a cada dois anos nas \u00e1reas de educa\u00e7\u00e3o infantil, alfabetiza\u00e7\u00e3o e ensinos fundamental e m\u00e9dio.\u00a0<\/p>\n<p>Tamb\u00e9m inclui a educa\u00e7\u00e3o integral e inclusiva, educa\u00e7\u00e3o profissional e tecnol\u00f3gica, ensino superior, estrutura e funcionamento da educa\u00e7\u00e3o b\u00e1sica.\u00a0<\/p>\n<p> \u201cN\u00f3s temos a responsabilidade de n\u00e3o permitir que ningu\u00e9m, quem quer que seja, do partido que seja, com a altura que tiver ou da cor que tiver, tenha o desmazelo de n\u00e3o executar o que est\u00e1 previsto\u201d, afirmou Lula.\u00a0<\/p>\n<h2>Investimento<\/h2>\n<p>Entre as metas do PNE, est\u00e1 a amplia\u00e7\u00e3o do investimento p\u00fablico em educa\u00e7\u00e3o dos atuais 5,5% do PIB para 7,5% em 7 anos, chegando a 10% no final de 2036.\u00a0<\/p>\n<p>Na educa\u00e7\u00e3o infantil, o objetivo \u00e9 universalizar a pr\u00e9-escola em at\u00e9 2 anos e atender 100% da demanda por creches, alfabetizar todas as crian\u00e7as at\u00e9 o final do segundo ano do ensino fundamental e ampliar a jornada para no m\u00ednimo 7 horas di\u00e1rias, alcan\u00e7ando 50% das escolas p\u00fablicas em 5 anos e atingindo 65% at\u00e9 2036.<\/p>\n<p>Lula entende que \u00e9 necess\u00e1rio fiscalizar em vista de que \u201cnunca houve muita vontade com a educa\u00e7\u00e3o nesse pa\u00eds\u201d.\u00a0<\/p>\n<p>O presidente alertou que h\u00e1 o desafio de convencer uma crian\u00e7a ou um adolescente a estudar e a gostar da escola.\u00a0<\/p>\n<p>\u201cN\u00f3s \u00e9 que temos que convenc\u00ea-lo da import\u00e2ncia da educa\u00e7\u00e3o na forma\u00e7\u00e3o da vida dele\u201d, afirmou.<\/p>\n<p>\u201cEsse pa\u00eds j\u00e1 teve gente que achou que ele deveria ser governado s\u00f3 para 35% da popula\u00e7\u00e3o. O restante \u00e9 de invis\u00edveis. N\u00e3o pense que todo mundo gosta quando a gente fala de educa\u00e7\u00e3o. N\u00e3o pense que todo mundo gostou quando a gente falou de cota\u201d.\u00a0<\/p>\n<p>O presidente disse ainda que h\u00e1 oposi\u00e7\u00e3o ao discurso sobre a necessidade de garantir acesso \u00e0 universidade para ind\u00edgenas e quilombolas.\u00a0<\/p>\n<p>\u201cN\u00f3s \u00e9 que temos que convencer as pessoas. Porque, se a gente n\u00e3o convencer, as pessoas ficam vulner\u00e1veis a qualquer discurso, por mais imbecil que seja\u201d, lamentou.<\/p>\n<p>Lula defendeu que a sociedade esteja atenta e que se torna fundamental a rea\u00e7\u00e3o a viola\u00e7\u00f5es de direitos nessa \u00e1rea.\u00a0<\/p>\n<p>\u201cQuantas vezes n\u00f3s ficamos indignados com a destrui\u00e7\u00e3o das nossas universidades e n\u00e3o houve nenhuma rea\u00e7\u00e3o? Quantas vezes n\u00f3s ficamos indignados com o fim da bolsa de estudo das universidades e n\u00e3o houve rea\u00e7\u00e3o?\u201d, questionou Lula.<\/p>\n<h2>Metas<\/h2>\n<p>Para o ensino m\u00e9dio e t\u00e9cnico, o novo plano prev\u00ea a expans\u00e3o das matr\u00edculas da educa\u00e7\u00e3o profissional, t\u00e9cnica, atingindo 50% dos estudantes do ensino m\u00e9dio, sendo metade na rede p\u00fablica, al\u00e9m de universalizar o acesso \u00e0 internet de alta velocidade em todas as escolas p\u00fablicas.\u00a0<\/p>\n<p>No ensino superior, a meta \u00e9 aumentar para 40% o acesso de jovens de 18 a 24 anos e qualificar professores com 95% de mestres e doutores.\u00a0<\/p>\n<h2>Melhor plano<\/h2>\n<p>O ministro da Educa\u00e7\u00e3o, Leonardo Barchini, ressaltou que esse \u00e9 o melhor plano nacional de educa\u00e7\u00e3o j\u00e1 apresentado com foco na equidade e na qualidade do ensino.<\/p>\n<p>\u201cPela primeira vez, n\u00f3s tra\u00e7amos v\u00e1rios objetivos diferentes, tra\u00e7amos metas espec\u00edficas que lidam com a qualidade e que dizem respeito \u00e0 educa\u00e7\u00e3o inclusiva, \u00e0 educa\u00e7\u00e3o ind\u00edgena, quilombola, do campo e da linguagem de sinais\u201d, disse.<\/p>\n<p><b>Fonte:<\/b> Ag\u00eancia Brasil<\/p>\n<\/p><\/div>\n<p><a href=\"https:\/\/cgn.inf.br\/noticia\/2084709\/lula-diz-que-pais-nao-precisa-de-escola-civico-militar-na-educacao\">Fonte do Artigo <\/a><\/p>","protected":false},"excerpt":{"rendered":"<p>Ao sancionar o Plano Nacional de Educa\u00e7\u00e3o (PNE), nesta ter\u00e7a-feira (14), no Pal\u00e1cio do Planalto, o presidente Luiz In\u00e1cio Lula da Silva afirmou que o documento mostra que o Brasil n\u00e3o precisa, na educa\u00e7\u00e3o p\u00fablica e gratuita, a expans\u00e3o de escolas c\u00edvico-militares. \u201cQuando uma menina ou um menino resolverem seguir a sua carreira militar, eles [&hellip;]<\/p>\n","protected":false},"author":1,"featured_media":107356,"comment_status":"closed","ping_status":"","sticky":false,"template":"","format":"standard","meta":{"googlesitekit_rrm_CAow2JLhCw:productID":"","_gspb_post_css":"","maa_idioma":"","maa_pais":"","footnotes":""},"categories":[1],"tags":[28333,3031,152,15232,1629,3255,3598,4504],"class_list":["post-107355","post","type-post","status-publish","format-standard","has-post-thumbnail","hentry","category-ubirata","tag-civicomilitar","tag-diz","tag-educacao","tag-escola","tag-lula","tag-nao","tag-pais","tag-precisa"],"blocksy_meta":[],"yoast_head":"<!-- This site is optimized with the Yoast SEO Premium plugin v27.6 (Yoast SEO v27.6) - https:\/\/yoast.com\/product\/yoast-seo-premium-wordpress\/ -->\n<title>Lula diz que pa\u00eds n\u00e3o precisa de escola c\u00edvico-militar na educa\u00e7\u00e3o - Ubirat\u00e3 Online Not\u00edcias - A realidade ao seu alcance!<\/title>\n<meta name=\"description\" content=\"Ao sancionar o Plano Nacional de Educa\u00e7\u00e3o (PNE), nesta ter\u00e7a-feira (14), no Pal\u00e1cio do Planalto, o presidente Luiz In\u00e1cio Lula da Silva afirmou que o\" \/>\n<meta name=\"robots\" content=\"index, follow, max-snippet:-1, max-image-preview:large, max-video-preview:-1\" \/>\n<link rel=\"canonical\" href=\"https:\/\/ubirataonline.com.br\/en\/lula-diz-que-pais-nao-precisa-de-escola-civico-militar-na-educacao\/\" \/>\n<meta property=\"og:locale\" content=\"en_US\" \/>\n<meta property=\"og:type\" content=\"article\" \/>\n<meta property=\"og:title\" content=\"Lula diz que pa\u00eds n\u00e3o precisa de escola c\u00edvico-militar na educa\u00e7\u00e3o\" \/>\n<meta property=\"og:description\" content=\"Ao sancionar o Plano Nacional de Educa\u00e7\u00e3o (PNE), nesta ter\u00e7a-feira (14), no Pal\u00e1cio do Planalto, o presidente Luiz In\u00e1cio Lula da Silva afirmou que o\" \/>\n<meta property=\"og:url\" content=\"https:\/\/ubirataonline.com.br\/en\/lula-diz-que-pais-nao-precisa-de-escola-civico-militar-na-educacao\/\" \/>\n<meta property=\"og:site_name\" content=\"Ubirat\u00e3 Online Not\u00edcias - A realidade ao seu alcance!\" \/>\n<meta property=\"article:publisher\" content=\"https:\/\/www.facebook.com\/portalubirataonline\" \/>\n<meta property=\"article:author\" content=\"https:\/\/www.facebook.com\/portalubirataonline\" \/>\n<meta property=\"article:published_time\" content=\"2026-04-14T22:03:06+00:00\" \/>\n<meta property=\"article:modified_time\" content=\"2026-04-14T22:03:13+00:00\" \/>\n<meta property=\"og:image\" content=\"https:\/\/ubirataonline.com.br\/wp-content\/uploads\/2026\/04\/Lula-diz-que-pais-nao-precisa-de-escola-civico-militar-na.jpg\" \/>\n\t<meta property=\"og:image:width\" content=\"1600\" \/>\n\t<meta property=\"og:image:height\" content=\"800\" \/>\n\t<meta property=\"og:image:type\" content=\"image\/jpeg\" \/>\n<meta name=\"author\" content=\"REDA\u00c7\u00c3O: UBIRAT\u00c3 ONLINE - F\u00c1BIO AUGUSTO CELESTINO\" \/>\n<meta name=\"twitter:card\" content=\"summary_large_image\" \/>\n<meta name=\"twitter:creator\" content=\"@x.com\/ubirataonline\" \/>\n<meta name=\"twitter:site\" content=\"@ubirataonline\" \/>\n<meta name=\"twitter:label1\" content=\"Written by\" \/>\n\t<meta name=\"twitter:data1\" content=\"REDA\u00c7\u00c3O: UBIRAT\u00c3 ONLINE - F\u00c1BIO AUGUSTO CELESTINO\" \/>\n\t<meta name=\"twitter:label2\" content=\"Est. reading time\" \/>\n\t<meta name=\"twitter:data2\" content=\"3 minutes\" \/>\n<script type=\"application\/ld+json\" class=\"yoast-schema-graph\">{\"@context\":\"https:\\\/\\\/schema.org\",\"@graph\":[{\"@type\":\"NewsArticle\",\"@id\":\"https:\\\/\\\/ubirataonline.com.br\\\/lula-diz-que-pais-nao-precisa-de-escola-civico-militar-na-educacao\\\/#article\",\"isPartOf\":{\"@id\":\"https:\\\/\\\/ubirataonline.com.br\\\/lula-diz-que-pais-nao-precisa-de-escola-civico-militar-na-educacao\\\/\"},\"author\":{\"name\":\"REDA\u00c7\u00c3O: UBIRAT\u00c3 ONLINE - F\u00c1BIO AUGUSTO CELESTINO\",\"@id\":\"https:\\\/\\\/ubirataonline.com.br\\\/#\\\/schema\\\/person\\\/372f87bbd3fdd79b8556b84c98d0bc1c\"},\"headline\":\"Lula diz que pa\u00eds n\u00e3o precisa de escola c\u00edvico-militar na educa\u00e7\u00e3o\",\"datePublished\":\"2026-04-14T22:03:06+00:00\",\"dateModified\":\"2026-04-14T22:03:13+00:00\",\"mainEntityOfPage\":{\"@id\":\"https:\\\/\\\/ubirataonline.com.br\\\/lula-diz-que-pais-nao-precisa-de-escola-civico-militar-na-educacao\\\/\"},\"wordCount\":677,\"publisher\":{\"@id\":\"https:\\\/\\\/ubirataonline.com.br\\\/#organization\"},\"image\":{\"@id\":\"https:\\\/\\\/ubirataonline.com.br\\\/lula-diz-que-pais-nao-precisa-de-escola-civico-militar-na-educacao\\\/#primaryimage\"},\"thumbnailUrl\":\"https:\\\/\\\/ubirataonline.com.br\\\/wp-content\\\/uploads\\\/2026\\\/04\\\/Lula-diz-que-pais-nao-precisa-de-escola-civico-militar-na.jpg\",\"keywords\":[\"c\u00edvicomilitar\",\"diz\",\"educa\u00e7\u00e3o\",\"Escola\",\"Lula\",\"n\u00e3o\",\"pa\u00eds\",\"Precisa\"],\"articleSection\":[\"Ubirat\u00e3\"],\"inLanguage\":\"en-US\",\"copyrightYear\":\"2026\",\"copyrightHolder\":{\"@id\":\"https:\\\/\\\/ubirataonline.com.br\\\/en\\\/#organization\"}},{\"@type\":\"WebPage\",\"@id\":\"https:\\\/\\\/ubirataonline.com.br\\\/lula-diz-que-pais-nao-precisa-de-escola-civico-militar-na-educacao\\\/\",\"url\":\"https:\\\/\\\/ubirataonline.com.br\\\/lula-diz-que-pais-nao-precisa-de-escola-civico-militar-na-educacao\\\/\",\"name\":\"Lula diz que pa\u00eds n\u00e3o precisa de escola c\u00edvico-militar na educa\u00e7\u00e3o - Ubirat\u00e3 Online Not\u00edcias - A realidade ao seu alcance!\",\"isPartOf\":{\"@id\":\"https:\\\/\\\/ubirataonline.com.br\\\/#website\"},\"primaryImageOfPage\":{\"@id\":\"https:\\\/\\\/ubirataonline.com.br\\\/lula-diz-que-pais-nao-precisa-de-escola-civico-militar-na-educacao\\\/#primaryimage\"},\"image\":{\"@id\":\"https:\\\/\\\/ubirataonline.com.br\\\/lula-diz-que-pais-nao-precisa-de-escola-civico-militar-na-educacao\\\/#primaryimage\"},\"thumbnailUrl\":\"https:\\\/\\\/ubirataonline.com.br\\\/wp-content\\\/uploads\\\/2026\\\/04\\\/Lula-diz-que-pais-nao-precisa-de-escola-civico-militar-na.jpg\",\"datePublished\":\"2026-04-14T22:03:06+00:00\",\"dateModified\":\"2026-04-14T22:03:13+00:00\",\"description\":\"Ao sancionar o Plano Nacional de Educa\u00e7\u00e3o (PNE), nesta ter\u00e7a-feira (14), no Pal\u00e1cio do Planalto, o presidente Luiz In\u00e1cio Lula da Silva afirmou que o\",\"breadcrumb\":{\"@id\":\"https:\\\/\\\/ubirataonline.com.br\\\/lula-diz-que-pais-nao-precisa-de-escola-civico-militar-na-educacao\\\/#breadcrumb\"},\"inLanguage\":\"en-US\",\"potentialAction\":[{\"@type\":\"ReadAction\",\"target\":[\"https:\\\/\\\/ubirataonline.com.br\\\/lula-diz-que-pais-nao-precisa-de-escola-civico-militar-na-educacao\\\/\"]}]},{\"@type\":\"ImageObject\",\"inLanguage\":\"en-US\",\"@id\":\"https:\\\/\\\/ubirataonline.com.br\\\/lula-diz-que-pais-nao-precisa-de-escola-civico-militar-na-educacao\\\/#primaryimage\",\"url\":\"https:\\\/\\\/ubirataonline.com.br\\\/wp-content\\\/uploads\\\/2026\\\/04\\\/Lula-diz-que-pais-nao-precisa-de-escola-civico-militar-na.jpg\",\"contentUrl\":\"https:\\\/\\\/ubirataonline.com.br\\\/wp-content\\\/uploads\\\/2026\\\/04\\\/Lula-diz-que-pais-nao-precisa-de-escola-civico-militar-na.jpg\",\"width\":1600,\"height\":800,\"caption\":\"\"},{\"@type\":\"BreadcrumbList\",\"@id\":\"https:\\\/\\\/ubirataonline.com.br\\\/lula-diz-que-pais-nao-precisa-de-escola-civico-militar-na-educacao\\\/#breadcrumb\",\"itemListElement\":[{\"@type\":\"ListItem\",\"position\":1,\"name\":\"In\u00edcio\",\"item\":\"https:\\\/\\\/ubirataonline.com.br\\\/\"},{\"@type\":\"ListItem\",\"position\":2,\"name\":\"Lula diz que pa\u00eds n\u00e3o precisa de escola c\u00edvico-militar na educa\u00e7\u00e3o\"}]},{\"@type\":\"WebSite\",\"@id\":\"https:\\\/\\\/ubirataonline.com.br\\\/#website\",\"url\":\"https:\\\/\\\/ubirataonline.com.br\\\/\",\"name\":\"Ubirat\u00e3 Online Not\u00edcias\",\"description\":\"Not\u00edcias de Ubirat\u00e3, regi\u00e3o, Brasil e mundo, com informa\u00e7\u00e3o atualizada e compromisso com o leitor.\",\"publisher\":{\"@id\":\"https:\\\/\\\/ubirataonline.com.br\\\/#organization\"},\"alternateName\":\"Ubirat\u00e3 Online\",\"potentialAction\":[{\"@type\":\"SearchAction\",\"target\":{\"@type\":\"EntryPoint\",\"urlTemplate\":\"https:\\\/\\\/ubirataonline.com.br\\\/?s={search_term_string}\"},\"query-input\":{\"@type\":\"PropertyValueSpecification\",\"valueRequired\":true,\"valueName\":\"search_term_string\"}}],\"inLanguage\":\"en-US\"},{\"@type\":[\"Organization\",\"Place\"],\"@id\":\"https:\\\/\\\/ubirataonline.com.br\\\/#organization\",\"name\":\"Ubirat\u00e3 Online Not\u00edcias\",\"alternateName\":\"Ubirat\u00e3 Online\",\"url\":\"https:\\\/\\\/ubirataonline.com.br\\\/\",\"logo\":{\"@id\":\"https:\\\/\\\/ubirataonline.com.br\\\/lula-diz-que-pais-nao-precisa-de-escola-civico-militar-na-educacao\\\/#local-main-organization-logo\"},\"image\":{\"@id\":\"https:\\\/\\\/ubirataonline.com.br\\\/lula-diz-que-pais-nao-precisa-de-escola-civico-militar-na-educacao\\\/#local-main-organization-logo\"},\"sameAs\":[\"https:\\\/\\\/www.facebook.com\\\/portalubirataonline\",\"https:\\\/\\\/x.com\\\/ubirataonline\",\"https:\\\/\\\/mastodon.social\\\/@ubirataonline\",\"https:\\\/\\\/www.facebook.com\\\/groups\\\/311144672285604\",\"https:\\\/\\\/www.facebook.com\\\/UBTAOnline\",\"https:\\\/\\\/www.instagram.com\\\/portalubirataonline\\\/\",\"https:\\\/\\\/twitter.com\\\/ubirataonline\"],\"description\":\"Somos um portal de not\u00edcias independente, criado em 5 de janeiro de 2009, com o objetivo de informar, conectar e valorizar a nossa comunidade de Ubirat\u00e3 e toda aregi\u00e3o. Com conte\u00fado atualizado, confi\u00e1vel e relevante, o Ubirat\u00e3 Online \u00e9 o seu espa\u00e7o para ficar por dentro dos principais acontecimentos locais, regionais, Brasil, Mundo e de interesse geral. Nosso compromisso \u00e9 com a verdade, a transpar\u00eancia e o respeito ao leitor.\",\"legalName\":\"UBIRATA ONLINE NOT\u00cdCIAS\",\"foundingDate\":\"2009-01-05\",\"numberOfEmployees\":{\"@type\":\"QuantitativeValue\",\"minValue\":\"1\",\"maxValue\":\"10\"},\"publishingPrinciples\":\"https:\\\/\\\/ubirataonline.com.br\\\/faq\\\/\",\"address\":{\"@id\":\"https:\\\/\\\/ubirataonline.com.br\\\/lula-diz-que-pais-nao-precisa-de-escola-civico-militar-na-educacao\\\/#local-main-place-address\"},\"geo\":{\"@type\":\"GeoCoordinates\",\"latitude\":\"-24.5361401\",\"longitude\":\"-52.9921776\"},\"telephone\":[\"+5544998308235\"],\"contactPoint\":{\"@type\":\"ContactPoint\",\"email\":\"contato@ubirataonline.com.br\"},\"openingHoursSpecification\":{\"@type\":\"OpeningHoursSpecification\",\"dayOfWeek\":[\"Monday\",\"Tuesday\",\"Wednesday\",\"Thursday\",\"Friday\",\"Saturday\",\"Sunday\"],\"opens\":\"00:00\",\"closes\":\"23:59\"},\"email\":\"contato@ubirataonline.com.br\",\"vatID\":\"47.621.418\\\/0001-80\"},{\"@type\":\"Person\",\"@id\":\"https:\\\/\\\/ubirataonline.com.br\\\/#\\\/schema\\\/person\\\/372f87bbd3fdd79b8556b84c98d0bc1c\",\"name\":\"REDA\u00c7\u00c3O: UBIRAT\u00c3 ONLINE - F\u00c1BIO AUGUSTO CELESTINO\",\"pronouns\":\"Ele\",\"description\":\"Desde 2003 trabalhando com not\u00edcias.\",\"sameAs\":[\"http:\\\/\\\/ubirataoline.com.br\",\"https:\\\/\\\/www.facebook.com\\\/portalubirataonline\",\"https:\\\/\\\/www.instagram.com\\\/ubirataonline_oficial\",\"https:\\\/\\\/x.com\\\/x.com\\\/ubirataonline\"],\"honorificPrefix\":\"Mr.\",\"honorificSuffix\":\"MD\",\"birthDate\":\"1980-06-16\",\"gender\":\"masculino\",\"award\":[\"V\u00e1rios pr\u00eamios de melhor portal da cidade\"],\"jobTitle\":\"Diretor\",\"url\":\"https:\\\/\\\/ubirataonline.com.br\\\/en\\\/author\\\/ubirataonline\\\/\"},{\"@type\":\"PostalAddress\",\"@id\":\"https:\\\/\\\/ubirataonline.com.br\\\/lula-diz-que-pais-nao-precisa-de-escola-civico-militar-na-educacao\\\/#local-main-place-address\",\"streetAddress\":\"Rua dos Coqueiros, 104 - Bairro Boa Vista, Rua dos Coqueiros, 104 Bairro Boa Vista\",\"addressLocality\":\"UBIRATA\",\"postalCode\":\"85440-000\",\"addressRegion\":\"PR\",\"addressCountry\":\"BR\"},{\"@type\":\"ImageObject\",\"inLanguage\":\"en-US\",\"@id\":\"https:\\\/\\\/ubirataonline.com.br\\\/lula-diz-que-pais-nao-precisa-de-escola-civico-militar-na-educacao\\\/#local-main-organization-logo\",\"url\":\"https:\\\/\\\/ubirataonline.com.br\\\/wp-content\\\/uploads\\\/2026\\\/06\\\/logoubirataonline-1.webp\",\"contentUrl\":\"https:\\\/\\\/ubirataonline.com.br\\\/wp-content\\\/uploads\\\/2026\\\/06\\\/logoubirataonline-1.webp\",\"width\":500,\"height\":500,\"caption\":\"Ubirat\u00e3 Online Not\u00edcias\"}]}<\/script>\n<meta name=\"geo.placename\" content=\"UBIRATA\" \/>\n<meta name=\"geo.position\" content=\"-24.5361401;-52.9921776\" \/>\n<meta name=\"geo.region\" content=\"Brazil\" \/>\n<!-- \/ Yoast SEO Premium plugin. -->","yoast_head_json":{"title":"Lula diz que pa\u00eds n\u00e3o precisa de escola c\u00edvico-militar na educa\u00e7\u00e3o - Ubirat\u00e3 Online Not\u00edcias - A realidade ao seu alcance!","description":"Ao sancionar o Plano Nacional de Educa\u00e7\u00e3o (PNE), nesta ter\u00e7a-feira (14), no Pal\u00e1cio do Planalto, o presidente Luiz In\u00e1cio Lula da Silva afirmou que o","robots":{"index":"index","follow":"follow","max-snippet":"max-snippet:-1","max-image-preview":"max-image-preview:large","max-video-preview":"max-video-preview:-1"},"canonical":"https:\/\/ubirataonline.com.br\/en\/lula-diz-que-pais-nao-precisa-de-escola-civico-militar-na-educacao\/","og_locale":"en_US","og_type":"article","og_title":"Lula diz que pa\u00eds n\u00e3o precisa de escola c\u00edvico-militar na educa\u00e7\u00e3o","og_description":"Ao sancionar o Plano Nacional de Educa\u00e7\u00e3o (PNE), nesta ter\u00e7a-feira (14), no Pal\u00e1cio do Planalto, o presidente Luiz In\u00e1cio Lula da Silva afirmou que o","og_url":"https:\/\/ubirataonline.com.br\/en\/lula-diz-que-pais-nao-precisa-de-escola-civico-militar-na-educacao\/","og_site_name":"Ubirat\u00e3 Online Not\u00edcias - A realidade ao seu alcance!","article_publisher":"https:\/\/www.facebook.com\/portalubirataonline","article_author":"https:\/\/www.facebook.com\/portalubirataonline","article_published_time":"2026-04-14T22:03:06+00:00","article_modified_time":"2026-04-14T22:03:13+00:00","og_image":[{"width":1600,"height":800,"url":"https:\/\/ubirataonline.com.br\/wp-content\/uploads\/2026\/04\/Lula-diz-que-pais-nao-precisa-de-escola-civico-militar-na.jpg","type":"image\/jpeg"}],"author":"REDA\u00c7\u00c3O: UBIRAT\u00c3 ONLINE - F\u00c1BIO AUGUSTO CELESTINO","twitter_card":"summary_large_image","twitter_creator":"@x.com\/ubirataonline","twitter_site":"@ubirataonline","twitter_misc":{"Written by":"REDA\u00c7\u00c3O: UBIRAT\u00c3 ONLINE - F\u00c1BIO AUGUSTO CELESTINO","Est. reading time":"3 minutes"},"schema":{"@context":"https:\/\/schema.org","@graph":[{"@type":"NewsArticle","@id":"https:\/\/ubirataonline.com.br\/lula-diz-que-pais-nao-precisa-de-escola-civico-militar-na-educacao\/#article","isPartOf":{"@id":"https:\/\/ubirataonline.com.br\/lula-diz-que-pais-nao-precisa-de-escola-civico-militar-na-educacao\/"},"author":{"name":"REDA\u00c7\u00c3O: UBIRAT\u00c3 ONLINE - F\u00c1BIO AUGUSTO CELESTINO","@id":"https:\/\/ubirataonline.com.br\/#\/schema\/person\/372f87bbd3fdd79b8556b84c98d0bc1c"},"headline":"Lula diz que pa\u00eds n\u00e3o precisa de escola c\u00edvico-militar na educa\u00e7\u00e3o","datePublished":"2026-04-14T22:03:06+00:00","dateModified":"2026-04-14T22:03:13+00:00","mainEntityOfPage":{"@id":"https:\/\/ubirataonline.com.br\/lula-diz-que-pais-nao-precisa-de-escola-civico-militar-na-educacao\/"},"wordCount":677,"publisher":{"@id":"https:\/\/ubirataonline.com.br\/#organization"},"image":{"@id":"https:\/\/ubirataonline.com.br\/lula-diz-que-pais-nao-precisa-de-escola-civico-militar-na-educacao\/#primaryimage"},"thumbnailUrl":"https:\/\/ubirataonline.com.br\/wp-content\/uploads\/2026\/04\/Lula-diz-que-pais-nao-precisa-de-escola-civico-militar-na.jpg","keywords":["c\u00edvicomilitar","diz","educa\u00e7\u00e3o","Escola","Lula","n\u00e3o","pa\u00eds","Precisa"],"articleSection":["Ubirat\u00e3"],"inLanguage":"en-US","copyrightYear":"2026","copyrightHolder":{"@id":"https:\/\/ubirataonline.com.br\/en\/#organization"}},{"@type":"WebPage","@id":"https:\/\/ubirataonline.com.br\/lula-diz-que-pais-nao-precisa-de-escola-civico-militar-na-educacao\/","url":"https:\/\/ubirataonline.com.br\/lula-diz-que-pais-nao-precisa-de-escola-civico-militar-na-educacao\/","name":"Lula diz que pa\u00eds n\u00e3o precisa de escola c\u00edvico-militar na educa\u00e7\u00e3o - Ubirat\u00e3 Online Not\u00edcias - A realidade ao seu alcance!","isPartOf":{"@id":"https:\/\/ubirataonline.com.br\/#website"},"primaryImageOfPage":{"@id":"https:\/\/ubirataonline.com.br\/lula-diz-que-pais-nao-precisa-de-escola-civico-militar-na-educacao\/#primaryimage"},"image":{"@id":"https:\/\/ubirataonline.com.br\/lula-diz-que-pais-nao-precisa-de-escola-civico-militar-na-educacao\/#primaryimage"},"thumbnailUrl":"https:\/\/ubirataonline.com.br\/wp-content\/uploads\/2026\/04\/Lula-diz-que-pais-nao-precisa-de-escola-civico-militar-na.jpg","datePublished":"2026-04-14T22:03:06+00:00","dateModified":"2026-04-14T22:03:13+00:00","description":"Ao sancionar o Plano Nacional de Educa\u00e7\u00e3o (PNE), nesta ter\u00e7a-feira (14), no Pal\u00e1cio do Planalto, o presidente Luiz In\u00e1cio Lula da Silva afirmou que o","breadcrumb":{"@id":"https:\/\/ubirataonline.com.br\/lula-diz-que-pais-nao-precisa-de-escola-civico-militar-na-educacao\/#breadcrumb"},"inLanguage":"en-US","potentialAction":[{"@type":"ReadAction","target":["https:\/\/ubirataonline.com.br\/lula-diz-que-pais-nao-precisa-de-escola-civico-militar-na-educacao\/"]}]},{"@type":"ImageObject","inLanguage":"en-US","@id":"https:\/\/ubirataonline.com.br\/lula-diz-que-pais-nao-precisa-de-escola-civico-militar-na-educacao\/#primaryimage","url":"https:\/\/ubirataonline.com.br\/wp-content\/uploads\/2026\/04\/Lula-diz-que-pais-nao-precisa-de-escola-civico-militar-na.jpg","contentUrl":"https:\/\/ubirataonline.com.br\/wp-content\/uploads\/2026\/04\/Lula-diz-que-pais-nao-precisa-de-escola-civico-militar-na.jpg","width":1600,"height":800,"caption":""},{"@type":"BreadcrumbList","@id":"https:\/\/ubirataonline.com.br\/lula-diz-que-pais-nao-precisa-de-escola-civico-militar-na-educacao\/#breadcrumb","itemListElement":[{"@type":"ListItem","position":1,"name":"In\u00edcio","item":"https:\/\/ubirataonline.com.br\/"},{"@type":"ListItem","position":2,"name":"Lula diz que pa\u00eds n\u00e3o precisa de escola c\u00edvico-militar na educa\u00e7\u00e3o"}]},{"@type":"WebSite","@id":"https:\/\/ubirataonline.com.br\/#website","url":"https:\/\/ubirataonline.com.br\/","name":"Ubirat\u00e3 Online Not\u00edcias","description":"Not\u00edcias de Ubirat\u00e3, regi\u00e3o, Brasil e mundo, com informa\u00e7\u00e3o atualizada e compromisso com o leitor.","publisher":{"@id":"https:\/\/ubirataonline.com.br\/#organization"},"alternateName":"Ubirat\u00e3 Online","potentialAction":[{"@type":"SearchAction","target":{"@type":"EntryPoint","urlTemplate":"https:\/\/ubirataonline.com.br\/?s={search_term_string}"},"query-input":{"@type":"PropertyValueSpecification","valueRequired":true,"valueName":"search_term_string"}}],"inLanguage":"en-US"},{"@type":["Organization","Place"],"@id":"https:\/\/ubirataonline.com.br\/#organization","name":"Ubirat\u00e3 Online Not\u00edcias","alternateName":"Ubirat\u00e3 Online","url":"https:\/\/ubirataonline.com.br\/","logo":{"@id":"https:\/\/ubirataonline.com.br\/lula-diz-que-pais-nao-precisa-de-escola-civico-militar-na-educacao\/#local-main-organization-logo"},"image":{"@id":"https:\/\/ubirataonline.com.br\/lula-diz-que-pais-nao-precisa-de-escola-civico-militar-na-educacao\/#local-main-organization-logo"},"sameAs":["https:\/\/www.facebook.com\/portalubirataonline","https:\/\/x.com\/ubirataonline","https:\/\/mastodon.social\/@ubirataonline","https:\/\/www.facebook.com\/groups\/311144672285604","https:\/\/www.facebook.com\/UBTAOnline","https:\/\/www.instagram.com\/portalubirataonline\/","https:\/\/twitter.com\/ubirataonline"],"description":"Somos um portal de not\u00edcias independente, criado em 5 de janeiro de 2009, com o objetivo de informar, conectar e valorizar a nossa comunidade de Ubirat\u00e3 e toda aregi\u00e3o. Com conte\u00fado atualizado, confi\u00e1vel e relevante, o Ubirat\u00e3 Online \u00e9 o seu espa\u00e7o para ficar por dentro dos principais acontecimentos locais, regionais, Brasil, Mundo e de interesse geral. Nosso compromisso \u00e9 com a verdade, a transpar\u00eancia e o respeito ao leitor.","legalName":"UBIRATA ONLINE NOT\u00cdCIAS","foundingDate":"2009-01-05","numberOfEmployees":{"@type":"QuantitativeValue","minValue":"1","maxValue":"10"},"publishingPrinciples":"https:\/\/ubirataonline.com.br\/faq\/","address":{"@id":"https:\/\/ubirataonline.com.br\/lula-diz-que-pais-nao-precisa-de-escola-civico-militar-na-educacao\/#local-main-place-address"},"geo":{"@type":"GeoCoordinates","latitude":"-24.5361401","longitude":"-52.9921776"},"telephone":["+5544998308235"],"contactPoint":{"@type":"ContactPoint","email":"contato@ubirataonline.com.br"},"openingHoursSpecification":{"@type":"OpeningHoursSpecification","dayOfWeek":["Monday","Tuesday","Wednesday","Thursday","Friday","Saturday","Sunday"],"opens":"00:00","closes":"23:59"},"email":"contato@ubirataonline.com.br","vatID":"47.621.418\/0001-80"},{"@type":"Person","@id":"https:\/\/ubirataonline.com.br\/#\/schema\/person\/372f87bbd3fdd79b8556b84c98d0bc1c","name":"REDA\u00c7\u00c3O: UBIRAT\u00c3 ONLINE - F\u00c1BIO AUGUSTO CELESTINO","pronouns":"Ele","description":"Desde 2003 trabalhando com not\u00edcias.","sameAs":["http:\/\/ubirataoline.com.br","https:\/\/www.facebook.com\/portalubirataonline","https:\/\/www.instagram.com\/ubirataonline_oficial","https:\/\/x.com\/x.com\/ubirataonline"],"honorificPrefix":"Mr.","honorificSuffix":"MD","birthDate":"1980-06-16","gender":"masculino","award":["V\u00e1rios pr\u00eamios de melhor portal da cidade"],"jobTitle":"Diretor","url":"https:\/\/ubirataonline.com.br\/en\/author\/ubirataonline\/"},{"@type":"PostalAddress","@id":"https:\/\/ubirataonline.com.br\/lula-diz-que-pais-nao-precisa-de-escola-civico-militar-na-educacao\/#local-main-place-address","streetAddress":"Rua dos Coqueiros, 104 - Bairro Boa Vista, Rua dos Coqueiros, 104 Bairro Boa Vista","addressLocality":"UBIRATA","postalCode":"85440-000","addressRegion":"PR","addressCountry":"BR"},{"@type":"ImageObject","inLanguage":"en-US","@id":"https:\/\/ubirataonline.com.br\/lula-diz-que-pais-nao-precisa-de-escola-civico-militar-na-educacao\/#local-main-organization-logo","url":"https:\/\/ubirataonline.com.br\/wp-content\/uploads\/2026\/06\/logoubirataonline-1.webp","contentUrl":"https:\/\/ubirataonline.com.br\/wp-content\/uploads\/2026\/06\/logoubirataonline-1.webp","width":500,"height":500,"caption":"Ubirat\u00e3 Online Not\u00edcias"}]},"geo.placename":"UBIRATA","geo.position":{"lat":"-24.5361401","long":"-52.9921776"},"geo.region":"Brazil"},"_links":{"self":[{"href":"https:\/\/ubirataonline.com.br\/en\/wp-json\/wp\/v2\/posts\/107355","targetHints":{"allow":["GET"]}}],"collection":[{"href":"https:\/\/ubirataonline.com.br\/en\/wp-json\/wp\/v2\/posts"}],"about":[{"href":"https:\/\/ubirataonline.com.br\/en\/wp-json\/wp\/v2\/types\/post"}],"author":[{"embeddable":true,"href":"https:\/\/ubirataonline.com.br\/en\/wp-json\/wp\/v2\/users\/1"}],"replies":[{"embeddable":true,"href":"https:\/\/ubirataonline.com.br\/en\/wp-json\/wp\/v2\/comments?post=107355"}],"version-history":[{"count":0,"href":"https:\/\/ubirataonline.com.br\/en\/wp-json\/wp\/v2\/posts\/107355\/revisions"}],"wp:featuredmedia":[{"embeddable":true,"href":"https:\/\/ubirataonline.com.br\/en\/wp-json\/wp\/v2\/media\/107356"}],"wp:attachment":[{"href":"https:\/\/ubirataonline.com.br\/en\/wp-json\/wp\/v2\/media?parent=107355"}],"wp:term":[{"taxonomy":"category","embeddable":true,"href":"https:\/\/ubirataonline.com.br\/en\/wp-json\/wp\/v2\/categories?post=107355"},{"taxonomy":"post_tag","embeddable":true,"href":"https:\/\/ubirataonline.com.br\/en\/wp-json\/wp\/v2\/tags?post=107355"}],"curies":[{"name":"wp","href":"https:\/\/api.w.org\/{rel}","templated":true}]}}