{"id":107466,"date":"2026-04-14T21:30:49","date_gmt":"2026-04-15T00:30:49","guid":{"rendered":"https:\/\/ubirataonline.com.br\/da-declines-to-file-charges-against-taylor-frankie-paul\/"},"modified":"2026-04-14T21:30:49","modified_gmt":"2026-04-15T00:30:49","slug":"da-declines-to-file-charges-against-taylor-frankie-paul","status":"publish","type":"post","link":"https:\/\/ubirataonline.com.br\/en\/da-declines-to-file-charges-against-taylor-frankie-paul\/","title":{"rendered":"DA declines to file charges against Taylor Frankie Paul"},"content":{"rendered":"<p><\/p>\n<div id=\"articleContainer\">\n<p>SALT LAKE CITY \u2014 Utah reality star Taylor Frankie Paul will not face new charges in connection with recent allegations of domestic violence.<\/p>\n<p>The Salt Lake County District Attorney&#8217;s Office announced Tuesday that prosecutors have reviewed cases submitted by Draper and West Jordan police and are declining to file any charges.<\/p>\n<p>&#8220;The complainant in these cases reported several incidents \u2014 some of which occurred more than three years ago. Any incidents of misdemeanor offenses which are alleged to have occurred more than two years ago are barred by the statute of limitations. Incidents which are alleged to have occurred within the statute of limitations have also been reviewed. Several incidents that were submitted do not rise to the level of criminal offenses. The remaining incidents lack sufficient evidence to support filing criminal charges where the state must be able to prove such allegations beyond a reasonable date,&#8221; District Attorney Sim Gill&#8217;s office said.<\/p>\n<p>The incidents the office declined to file on lacked information such as &#8220;when and what actually occurred or corroboration,&#8221; the office said. &#8220;We would be happy to revisit this matter if additional information is developed which supports the prosecution of the suspect.&#8221;<\/p>\n<p>The district attorney&#8217;s office added that &#8220;no additional individuals were screened for charges.&#8221;<\/p>\n<p>Paul was <a href=\"https:\/\/www.ksl.com\/article\/50589402\/utah-social-media-influencer-charged-with-throwing-metal-bar-stools-wooden-play-set-at-boyfriend\" rel=\"follow\" target=\"_blank\">charged in 2023<\/a> with aggravated assault and two counts of domestic violence in the presence of a child, a third-degree felony; child abuse, a class A misdemeanor; and criminal mischief, a class B misdemeanor, for allegedly assaulting her former boyfriend, Dakota Mortensen, by throwing metal bar stools at him while her daughter was near.<\/p>\n<p>She pleaded guilty a few months later to the aggravated assault charge in exchange for the remaining charges being dismissed. The plea was held in abeyance, and the remaining charge will be dismissed in August if she does not violate any of the terms of her probation.<\/p>\n<p>But following the release of cellphone video from that 2023 incident, ABC announced in March that it would not air &#8220;The Bachelorette&#8221; that Paul was to star in. The decision to pull the show was made just days before its premiere.<\/p>\n<p>Since then, <a href=\"https:\/\/www.ksl.com\/article\/51473059\/utah-police-investigating-third-domestic-violence-allegation-involving-taylor-frankie-paul\" rel=\"follow\" target=\"_blank\">new allegations<\/a> of domestic violence were brought up. Mortensen filed for a protective order against Paul on March 19. She, in turn, filed for a protective order against him on April 7.<\/p>\n<p>Attorneys for both parties met in court on April 7 to discuss Paul&#8217;s parental visitation time pending a full hearing on the protective orders scheduled for April 30. A judge said she could spend supervised time with her 2-year-old son, whom she shares with Mortensen, for eight hours each week. Her attorney assured the judge that the child is safe with Paul.<\/p>\n<p>The judge noted, however, he had concerns about Paul&#8217;s volatility, even if Mortensen is the root cause of it for allegedly provoking her.<\/p>\n<\/div>\n<p>\n                                    The Key Takeaways for this article were generated with the assistance of large language models and reviewed by our editorial team. The article, itself, is solely human-written.\n                                <\/p>\n<p><a href=\"https:\/\/www.ksl.com\/article\/51483571\/da-declines-to-file-charges-against-taylor-frankie-paul\">Source link <\/a><br \/>\nSee more https:\/\/theglobaltrack.com\/<\/p>","protected":false},"excerpt":{"rendered":"<p>SALT LAKE CITY \u2014 Utah reality star Taylor Frankie Paul will not face new charges in connection with recent allegations of domestic violence. The Salt Lake County District Attorney&#8217;s Office announced Tuesday that prosecutors have reviewed cases submitted by Draper and West Jordan police and are declining to file any charges. &#8220;The complainant in these [&hellip;]<\/p>\n","protected":false},"author":1,"featured_media":107467,"comment_status":"","ping_status":"","sticky":false,"template":"","format":"standard","meta":{"googlesitekit_rrm_CAow2JLhCw:productID":"","_gspb_post_css":"","maa_idioma":"","maa_pais":"","footnotes":""},"categories":[1],"tags":[12716,22066,3119,28350,3160,9559],"class_list":["post-107466","post","type-post","status-publish","format-standard","has-post-thumbnail","hentry","category-ubirata","tag-charges","tag-declines","tag-file","tag-frankie","tag-paul","tag-taylor"],"blocksy_meta":[],"yoast_head":"<!-- This site is optimized with the Yoast SEO Premium plugin v27.6 (Yoast SEO v27.6) - https:\/\/yoast.com\/product\/yoast-seo-premium-wordpress\/ -->\n<title>DA declines to file charges against Taylor Frankie Paul - Ubirat\u00e3 Online Not\u00edcias - A realidade ao seu alcance!<\/title>\n<meta name=\"description\" content=\"The Salt Lake County District Attorney&#039;s Office says there is insufficient evidence to file new domestic-violence related charges against\" \/>\n<meta name=\"robots\" content=\"index, follow, max-snippet:-1, max-image-preview:large, max-video-preview:-1\" \/>\n<link rel=\"canonical\" href=\"https:\/\/ubirataonline.com.br\/en\/da-declines-to-file-charges-against-taylor-frankie-paul\/\" \/>\n<meta property=\"og:locale\" content=\"en_US\" \/>\n<meta property=\"og:type\" content=\"article\" \/>\n<meta property=\"og:title\" content=\"DA declines to file charges against Taylor Frankie Paul\" \/>\n<meta property=\"og:description\" content=\"The Salt Lake County District Attorney&#039;s Office says there is insufficient evidence to file new domestic-violence related charges against\" \/>\n<meta property=\"og:url\" content=\"https:\/\/ubirataonline.com.br\/en\/da-declines-to-file-charges-against-taylor-frankie-paul\/\" \/>\n<meta property=\"og:site_name\" content=\"Ubirat\u00e3 Online Not\u00edcias - A realidade ao seu alcance!\" \/>\n<meta property=\"article:publisher\" content=\"https:\/\/www.facebook.com\/portalubirataonline\" \/>\n<meta property=\"article:author\" content=\"https:\/\/www.facebook.com\/portalubirataonline\" \/>\n<meta property=\"article:published_time\" content=\"2026-04-15T00:30:49+00:00\" \/>\n<meta property=\"og:image\" content=\"https:\/\/ubirataonline.com.br\/wp-content\/uploads\/2026\/04\/DA-declines-to-file-charges-against-Taylor-Frankie-Paul.jpeg\" \/>\n\t<meta property=\"og:image:width\" content=\"1228\" \/>\n\t<meta property=\"og:image:height\" content=\"690\" \/>\n\t<meta property=\"og:image:type\" content=\"image\/jpeg\" \/>\n<meta name=\"author\" content=\"REDA\u00c7\u00c3O: UBIRAT\u00c3 ONLINE - F\u00c1BIO AUGUSTO CELESTINO\" \/>\n<meta name=\"twitter:card\" content=\"summary_large_image\" \/>\n<meta name=\"twitter:creator\" content=\"@x.com\/ubirataonline\" \/>\n<meta name=\"twitter:site\" content=\"@ubirataonline\" \/>\n<meta name=\"twitter:label1\" content=\"Written by\" \/>\n\t<meta name=\"twitter:data1\" content=\"REDA\u00c7\u00c3O: UBIRAT\u00c3 ONLINE - F\u00c1BIO AUGUSTO CELESTINO\" \/>\n\t<meta name=\"twitter:label2\" content=\"Est. reading time\" \/>\n\t<meta name=\"twitter:data2\" content=\"2 minutes\" \/>\n<script type=\"application\/ld+json\" class=\"yoast-schema-graph\">{\"@context\":\"https:\\\/\\\/schema.org\",\"@graph\":[{\"@type\":\"NewsArticle\",\"@id\":\"https:\\\/\\\/ubirataonline.com.br\\\/da-declines-to-file-charges-against-taylor-frankie-paul\\\/#article\",\"isPartOf\":{\"@id\":\"https:\\\/\\\/ubirataonline.com.br\\\/da-declines-to-file-charges-against-taylor-frankie-paul\\\/\"},\"author\":{\"name\":\"REDA\u00c7\u00c3O: UBIRAT\u00c3 ONLINE - F\u00c1BIO AUGUSTO CELESTINO\",\"@id\":\"https:\\\/\\\/ubirataonline.com.br\\\/#\\\/schema\\\/person\\\/372f87bbd3fdd79b8556b84c98d0bc1c\"},\"headline\":\"DA declines to file charges against Taylor Frankie Paul\",\"datePublished\":\"2026-04-15T00:30:49+00:00\",\"mainEntityOfPage\":{\"@id\":\"https:\\\/\\\/ubirataonline.com.br\\\/da-declines-to-file-charges-against-taylor-frankie-paul\\\/\"},\"wordCount\":511,\"publisher\":{\"@id\":\"https:\\\/\\\/ubirataonline.com.br\\\/#organization\"},\"image\":{\"@id\":\"https:\\\/\\\/ubirataonline.com.br\\\/da-declines-to-file-charges-against-taylor-frankie-paul\\\/#primaryimage\"},\"thumbnailUrl\":\"https:\\\/\\\/ubirataonline.com.br\\\/wp-content\\\/uploads\\\/2026\\\/04\\\/DA-declines-to-file-charges-against-Taylor-Frankie-Paul.jpeg\",\"keywords\":[\"charges\",\"declines\",\"fil\u00e9\",\"Frankie\",\"Paul\",\"Taylor\"],\"articleSection\":[\"Ubirat\u00e3\"],\"inLanguage\":\"en-US\",\"copyrightYear\":\"2026\",\"copyrightHolder\":{\"@id\":\"https:\\\/\\\/ubirataonline.com.br\\\/en\\\/#organization\"}},{\"@type\":\"WebPage\",\"@id\":\"https:\\\/\\\/ubirataonline.com.br\\\/da-declines-to-file-charges-against-taylor-frankie-paul\\\/\",\"url\":\"https:\\\/\\\/ubirataonline.com.br\\\/da-declines-to-file-charges-against-taylor-frankie-paul\\\/\",\"name\":\"DA declines to file charges against Taylor Frankie Paul - Ubirat\u00e3 Online Not\u00edcias - A realidade ao seu alcance!\",\"isPartOf\":{\"@id\":\"https:\\\/\\\/ubirataonline.com.br\\\/#website\"},\"primaryImageOfPage\":{\"@id\":\"https:\\\/\\\/ubirataonline.com.br\\\/da-declines-to-file-charges-against-taylor-frankie-paul\\\/#primaryimage\"},\"image\":{\"@id\":\"https:\\\/\\\/ubirataonline.com.br\\\/da-declines-to-file-charges-against-taylor-frankie-paul\\\/#primaryimage\"},\"thumbnailUrl\":\"https:\\\/\\\/ubirataonline.com.br\\\/wp-content\\\/uploads\\\/2026\\\/04\\\/DA-declines-to-file-charges-against-Taylor-Frankie-Paul.jpeg\",\"datePublished\":\"2026-04-15T00:30:49+00:00\",\"description\":\"The Salt Lake County District Attorney's Office says there is insufficient evidence to file new domestic-violence related charges against\",\"breadcrumb\":{\"@id\":\"https:\\\/\\\/ubirataonline.com.br\\\/da-declines-to-file-charges-against-taylor-frankie-paul\\\/#breadcrumb\"},\"inLanguage\":\"en-US\",\"potentialAction\":[{\"@type\":\"ReadAction\",\"target\":[\"https:\\\/\\\/ubirataonline.com.br\\\/da-declines-to-file-charges-against-taylor-frankie-paul\\\/\"]}]},{\"@type\":\"ImageObject\",\"inLanguage\":\"en-US\",\"@id\":\"https:\\\/\\\/ubirataonline.com.br\\\/da-declines-to-file-charges-against-taylor-frankie-paul\\\/#primaryimage\",\"url\":\"https:\\\/\\\/ubirataonline.com.br\\\/wp-content\\\/uploads\\\/2026\\\/04\\\/DA-declines-to-file-charges-against-Taylor-Frankie-Paul.jpeg\",\"contentUrl\":\"https:\\\/\\\/ubirataonline.com.br\\\/wp-content\\\/uploads\\\/2026\\\/04\\\/DA-declines-to-file-charges-against-Taylor-Frankie-Paul.jpeg\",\"width\":1228,\"height\":690,\"caption\":\"DA declines to file charges against Taylor Frankie Paul\"},{\"@type\":\"BreadcrumbList\",\"@id\":\"https:\\\/\\\/ubirataonline.com.br\\\/da-declines-to-file-charges-against-taylor-frankie-paul\\\/#breadcrumb\",\"itemListElement\":[{\"@type\":\"ListItem\",\"position\":1,\"name\":\"In\u00edcio\",\"item\":\"https:\\\/\\\/ubirataonline.com.br\\\/\"},{\"@type\":\"ListItem\",\"position\":2,\"name\":\"DA declines to file charges against Taylor Frankie Paul\"}]},{\"@type\":\"WebSite\",\"@id\":\"https:\\\/\\\/ubirataonline.com.br\\\/#website\",\"url\":\"https:\\\/\\\/ubirataonline.com.br\\\/\",\"name\":\"Ubirat\u00e3 Online Not\u00edcias\",\"description\":\"Not\u00edcias de Ubirat\u00e3, regi\u00e3o, Brasil e mundo, com informa\u00e7\u00e3o atualizada e compromisso com o leitor.\",\"publisher\":{\"@id\":\"https:\\\/\\\/ubirataonline.com.br\\\/#organization\"},\"alternateName\":\"Ubirat\u00e3 Online\",\"potentialAction\":[{\"@type\":\"SearchAction\",\"target\":{\"@type\":\"EntryPoint\",\"urlTemplate\":\"https:\\\/\\\/ubirataonline.com.br\\\/?s={search_term_string}\"},\"query-input\":{\"@type\":\"PropertyValueSpecification\",\"valueRequired\":true,\"valueName\":\"search_term_string\"}}],\"inLanguage\":\"en-US\"},{\"@type\":[\"Organization\",\"Place\"],\"@id\":\"https:\\\/\\\/ubirataonline.com.br\\\/#organization\",\"name\":\"Ubirat\u00e3 Online Not\u00edcias\",\"alternateName\":\"Ubirat\u00e3 Online\",\"url\":\"https:\\\/\\\/ubirataonline.com.br\\\/\",\"logo\":{\"@id\":\"https:\\\/\\\/ubirataonline.com.br\\\/da-declines-to-file-charges-against-taylor-frankie-paul\\\/#local-main-organization-logo\"},\"image\":{\"@id\":\"https:\\\/\\\/ubirataonline.com.br\\\/da-declines-to-file-charges-against-taylor-frankie-paul\\\/#local-main-organization-logo\"},\"sameAs\":[\"https:\\\/\\\/www.facebook.com\\\/portalubirataonline\",\"https:\\\/\\\/x.com\\\/ubirataonline\",\"https:\\\/\\\/mastodon.social\\\/@ubirataonline\",\"https:\\\/\\\/www.facebook.com\\\/groups\\\/311144672285604\",\"https:\\\/\\\/www.facebook.com\\\/UBTAOnline\",\"https:\\\/\\\/www.instagram.com\\\/portalubirataonline\\\/\",\"https:\\\/\\\/twitter.com\\\/ubirataonline\"],\"description\":\"Somos um portal de not\u00edcias independente, criado em 5 de janeiro de 2009, com o objetivo de informar, conectar e valorizar a nossa comunidade de Ubirat\u00e3 e toda aregi\u00e3o. Com conte\u00fado atualizado, confi\u00e1vel e relevante, o Ubirat\u00e3 Online \u00e9 o seu espa\u00e7o para ficar por dentro dos principais acontecimentos locais, regionais, Brasil, Mundo e de interesse geral. Nosso compromisso \u00e9 com a verdade, a transpar\u00eancia e o respeito ao leitor.\",\"legalName\":\"UBIRATA ONLINE NOT\u00cdCIAS\",\"foundingDate\":\"2009-01-05\",\"numberOfEmployees\":{\"@type\":\"QuantitativeValue\",\"minValue\":\"1\",\"maxValue\":\"10\"},\"publishingPrinciples\":\"https:\\\/\\\/ubirataonline.com.br\\\/faq\\\/\",\"address\":{\"@id\":\"https:\\\/\\\/ubirataonline.com.br\\\/da-declines-to-file-charges-against-taylor-frankie-paul\\\/#local-main-place-address\"},\"geo\":{\"@type\":\"GeoCoordinates\",\"latitude\":\"-24.5361401\",\"longitude\":\"-52.9921776\"},\"telephone\":[\"+5544998308235\"],\"contactPoint\":{\"@type\":\"ContactPoint\",\"email\":\"contato@ubirataonline.com.br\"},\"openingHoursSpecification\":{\"@type\":\"OpeningHoursSpecification\",\"dayOfWeek\":[\"Monday\",\"Tuesday\",\"Wednesday\",\"Thursday\",\"Friday\",\"Saturday\",\"Sunday\"],\"opens\":\"00:00\",\"closes\":\"23:59\"},\"email\":\"contato@ubirataonline.com.br\",\"vatID\":\"47.621.418\\\/0001-80\"},{\"@type\":\"Person\",\"@id\":\"https:\\\/\\\/ubirataonline.com.br\\\/#\\\/schema\\\/person\\\/372f87bbd3fdd79b8556b84c98d0bc1c\",\"name\":\"REDA\u00c7\u00c3O: UBIRAT\u00c3 ONLINE - F\u00c1BIO AUGUSTO CELESTINO\",\"pronouns\":\"Ele\",\"description\":\"Desde 2003 trabalhando com not\u00edcias.\",\"sameAs\":[\"http:\\\/\\\/ubirataoline.com.br\",\"https:\\\/\\\/www.facebook.com\\\/portalubirataonline\",\"https:\\\/\\\/www.instagram.com\\\/ubirataonline_oficial\",\"https:\\\/\\\/x.com\\\/x.com\\\/ubirataonline\"],\"honorificPrefix\":\"Mr.\",\"honorificSuffix\":\"MD\",\"birthDate\":\"1980-06-16\",\"gender\":\"masculino\",\"award\":[\"V\u00e1rios pr\u00eamios de melhor portal da cidade\"],\"jobTitle\":\"Diretor\",\"url\":\"https:\\\/\\\/ubirataonline.com.br\\\/en\\\/author\\\/ubirataonline\\\/\"},{\"@type\":\"PostalAddress\",\"@id\":\"https:\\\/\\\/ubirataonline.com.br\\\/da-declines-to-file-charges-against-taylor-frankie-paul\\\/#local-main-place-address\",\"streetAddress\":\"Rua dos Coqueiros, 104 - Bairro Boa Vista, Rua dos Coqueiros, 104 Bairro Boa Vista\",\"addressLocality\":\"UBIRATA\",\"postalCode\":\"85440-000\",\"addressRegion\":\"PR\",\"addressCountry\":\"BR\"},{\"@type\":\"ImageObject\",\"inLanguage\":\"en-US\",\"@id\":\"https:\\\/\\\/ubirataonline.com.br\\\/da-declines-to-file-charges-against-taylor-frankie-paul\\\/#local-main-organization-logo\",\"url\":\"https:\\\/\\\/ubirataonline.com.br\\\/wp-content\\\/uploads\\\/2026\\\/06\\\/logoubirataonline-1.webp\",\"contentUrl\":\"https:\\\/\\\/ubirataonline.com.br\\\/wp-content\\\/uploads\\\/2026\\\/06\\\/logoubirataonline-1.webp\",\"width\":500,\"height\":500,\"caption\":\"Ubirat\u00e3 Online Not\u00edcias\"}]}<\/script>\n<meta name=\"geo.placename\" content=\"UBIRATA\" \/>\n<meta name=\"geo.position\" content=\"-24.5361401;-52.9921776\" \/>\n<meta name=\"geo.region\" content=\"Brazil\" \/>\n<!-- \/ Yoast SEO Premium plugin. -->","yoast_head_json":{"title":"DA declines to file charges against Taylor Frankie Paul - Ubirat\u00e3 Online Not\u00edcias - A realidade ao seu alcance!","description":"The Salt Lake County District Attorney's Office says there is insufficient evidence to file new domestic-violence related charges against","robots":{"index":"index","follow":"follow","max-snippet":"max-snippet:-1","max-image-preview":"max-image-preview:large","max-video-preview":"max-video-preview:-1"},"canonical":"https:\/\/ubirataonline.com.br\/en\/da-declines-to-file-charges-against-taylor-frankie-paul\/","og_locale":"en_US","og_type":"article","og_title":"DA declines to file charges against Taylor Frankie Paul","og_description":"The Salt Lake County District Attorney's Office says there is insufficient evidence to file new domestic-violence related charges against","og_url":"https:\/\/ubirataonline.com.br\/en\/da-declines-to-file-charges-against-taylor-frankie-paul\/","og_site_name":"Ubirat\u00e3 Online Not\u00edcias - A realidade ao seu alcance!","article_publisher":"https:\/\/www.facebook.com\/portalubirataonline","article_author":"https:\/\/www.facebook.com\/portalubirataonline","article_published_time":"2026-04-15T00:30:49+00:00","og_image":[{"width":1228,"height":690,"url":"https:\/\/ubirataonline.com.br\/wp-content\/uploads\/2026\/04\/DA-declines-to-file-charges-against-Taylor-Frankie-Paul.jpeg","type":"image\/jpeg"}],"author":"REDA\u00c7\u00c3O: UBIRAT\u00c3 ONLINE - F\u00c1BIO AUGUSTO CELESTINO","twitter_card":"summary_large_image","twitter_creator":"@x.com\/ubirataonline","twitter_site":"@ubirataonline","twitter_misc":{"Written by":"REDA\u00c7\u00c3O: UBIRAT\u00c3 ONLINE - F\u00c1BIO AUGUSTO CELESTINO","Est. reading time":"2 minutes"},"schema":{"@context":"https:\/\/schema.org","@graph":[{"@type":"NewsArticle","@id":"https:\/\/ubirataonline.com.br\/da-declines-to-file-charges-against-taylor-frankie-paul\/#article","isPartOf":{"@id":"https:\/\/ubirataonline.com.br\/da-declines-to-file-charges-against-taylor-frankie-paul\/"},"author":{"name":"REDA\u00c7\u00c3O: UBIRAT\u00c3 ONLINE - F\u00c1BIO AUGUSTO CELESTINO","@id":"https:\/\/ubirataonline.com.br\/#\/schema\/person\/372f87bbd3fdd79b8556b84c98d0bc1c"},"headline":"DA declines to file charges against Taylor Frankie Paul","datePublished":"2026-04-15T00:30:49+00:00","mainEntityOfPage":{"@id":"https:\/\/ubirataonline.com.br\/da-declines-to-file-charges-against-taylor-frankie-paul\/"},"wordCount":511,"publisher":{"@id":"https:\/\/ubirataonline.com.br\/#organization"},"image":{"@id":"https:\/\/ubirataonline.com.br\/da-declines-to-file-charges-against-taylor-frankie-paul\/#primaryimage"},"thumbnailUrl":"https:\/\/ubirataonline.com.br\/wp-content\/uploads\/2026\/04\/DA-declines-to-file-charges-against-Taylor-Frankie-Paul.jpeg","keywords":["charges","declines","fil\u00e9","Frankie","Paul","Taylor"],"articleSection":["Ubirat\u00e3"],"inLanguage":"en-US","copyrightYear":"2026","copyrightHolder":{"@id":"https:\/\/ubirataonline.com.br\/en\/#organization"}},{"@type":"WebPage","@id":"https:\/\/ubirataonline.com.br\/da-declines-to-file-charges-against-taylor-frankie-paul\/","url":"https:\/\/ubirataonline.com.br\/da-declines-to-file-charges-against-taylor-frankie-paul\/","name":"DA declines to file charges against Taylor Frankie Paul - Ubirat\u00e3 Online Not\u00edcias - A realidade ao seu alcance!","isPartOf":{"@id":"https:\/\/ubirataonline.com.br\/#website"},"primaryImageOfPage":{"@id":"https:\/\/ubirataonline.com.br\/da-declines-to-file-charges-against-taylor-frankie-paul\/#primaryimage"},"image":{"@id":"https:\/\/ubirataonline.com.br\/da-declines-to-file-charges-against-taylor-frankie-paul\/#primaryimage"},"thumbnailUrl":"https:\/\/ubirataonline.com.br\/wp-content\/uploads\/2026\/04\/DA-declines-to-file-charges-against-Taylor-Frankie-Paul.jpeg","datePublished":"2026-04-15T00:30:49+00:00","description":"The Salt Lake County District Attorney's Office says there is insufficient evidence to file new domestic-violence related charges against","breadcrumb":{"@id":"https:\/\/ubirataonline.com.br\/da-declines-to-file-charges-against-taylor-frankie-paul\/#breadcrumb"},"inLanguage":"en-US","potentialAction":[{"@type":"ReadAction","target":["https:\/\/ubirataonline.com.br\/da-declines-to-file-charges-against-taylor-frankie-paul\/"]}]},{"@type":"ImageObject","inLanguage":"en-US","@id":"https:\/\/ubirataonline.com.br\/da-declines-to-file-charges-against-taylor-frankie-paul\/#primaryimage","url":"https:\/\/ubirataonline.com.br\/wp-content\/uploads\/2026\/04\/DA-declines-to-file-charges-against-Taylor-Frankie-Paul.jpeg","contentUrl":"https:\/\/ubirataonline.com.br\/wp-content\/uploads\/2026\/04\/DA-declines-to-file-charges-against-Taylor-Frankie-Paul.jpeg","width":1228,"height":690,"caption":"DA declines to file charges against Taylor Frankie Paul"},{"@type":"BreadcrumbList","@id":"https:\/\/ubirataonline.com.br\/da-declines-to-file-charges-against-taylor-frankie-paul\/#breadcrumb","itemListElement":[{"@type":"ListItem","position":1,"name":"In\u00edcio","item":"https:\/\/ubirataonline.com.br\/"},{"@type":"ListItem","position":2,"name":"DA declines to file charges against Taylor Frankie Paul"}]},{"@type":"WebSite","@id":"https:\/\/ubirataonline.com.br\/#website","url":"https:\/\/ubirataonline.com.br\/","name":"Ubirat\u00e3 Online Not\u00edcias","description":"Not\u00edcias de Ubirat\u00e3, regi\u00e3o, Brasil e mundo, com informa\u00e7\u00e3o atualizada e compromisso com o leitor.","publisher":{"@id":"https:\/\/ubirataonline.com.br\/#organization"},"alternateName":"Ubirat\u00e3 Online","potentialAction":[{"@type":"SearchAction","target":{"@type":"EntryPoint","urlTemplate":"https:\/\/ubirataonline.com.br\/?s={search_term_string}"},"query-input":{"@type":"PropertyValueSpecification","valueRequired":true,"valueName":"search_term_string"}}],"inLanguage":"en-US"},{"@type":["Organization","Place"],"@id":"https:\/\/ubirataonline.com.br\/#organization","name":"Ubirat\u00e3 Online Not\u00edcias","alternateName":"Ubirat\u00e3 Online","url":"https:\/\/ubirataonline.com.br\/","logo":{"@id":"https:\/\/ubirataonline.com.br\/da-declines-to-file-charges-against-taylor-frankie-paul\/#local-main-organization-logo"},"image":{"@id":"https:\/\/ubirataonline.com.br\/da-declines-to-file-charges-against-taylor-frankie-paul\/#local-main-organization-logo"},"sameAs":["https:\/\/www.facebook.com\/portalubirataonline","https:\/\/x.com\/ubirataonline","https:\/\/mastodon.social\/@ubirataonline","https:\/\/www.facebook.com\/groups\/311144672285604","https:\/\/www.facebook.com\/UBTAOnline","https:\/\/www.instagram.com\/portalubirataonline\/","https:\/\/twitter.com\/ubirataonline"],"description":"Somos um portal de not\u00edcias independente, criado em 5 de janeiro de 2009, com o objetivo de informar, conectar e valorizar a nossa comunidade de Ubirat\u00e3 e toda aregi\u00e3o. Com conte\u00fado atualizado, confi\u00e1vel e relevante, o Ubirat\u00e3 Online \u00e9 o seu espa\u00e7o para ficar por dentro dos principais acontecimentos locais, regionais, Brasil, Mundo e de interesse geral. Nosso compromisso \u00e9 com a verdade, a transpar\u00eancia e o respeito ao leitor.","legalName":"UBIRATA ONLINE NOT\u00cdCIAS","foundingDate":"2009-01-05","numberOfEmployees":{"@type":"QuantitativeValue","minValue":"1","maxValue":"10"},"publishingPrinciples":"https:\/\/ubirataonline.com.br\/faq\/","address":{"@id":"https:\/\/ubirataonline.com.br\/da-declines-to-file-charges-against-taylor-frankie-paul\/#local-main-place-address"},"geo":{"@type":"GeoCoordinates","latitude":"-24.5361401","longitude":"-52.9921776"},"telephone":["+5544998308235"],"contactPoint":{"@type":"ContactPoint","email":"contato@ubirataonline.com.br"},"openingHoursSpecification":{"@type":"OpeningHoursSpecification","dayOfWeek":["Monday","Tuesday","Wednesday","Thursday","Friday","Saturday","Sunday"],"opens":"00:00","closes":"23:59"},"email":"contato@ubirataonline.com.br","vatID":"47.621.418\/0001-80"},{"@type":"Person","@id":"https:\/\/ubirataonline.com.br\/#\/schema\/person\/372f87bbd3fdd79b8556b84c98d0bc1c","name":"REDA\u00c7\u00c3O: UBIRAT\u00c3 ONLINE - F\u00c1BIO AUGUSTO CELESTINO","pronouns":"Ele","description":"Desde 2003 trabalhando com not\u00edcias.","sameAs":["http:\/\/ubirataoline.com.br","https:\/\/www.facebook.com\/portalubirataonline","https:\/\/www.instagram.com\/ubirataonline_oficial","https:\/\/x.com\/x.com\/ubirataonline"],"honorificPrefix":"Mr.","honorificSuffix":"MD","birthDate":"1980-06-16","gender":"masculino","award":["V\u00e1rios pr\u00eamios de melhor portal da cidade"],"jobTitle":"Diretor","url":"https:\/\/ubirataonline.com.br\/en\/author\/ubirataonline\/"},{"@type":"PostalAddress","@id":"https:\/\/ubirataonline.com.br\/da-declines-to-file-charges-against-taylor-frankie-paul\/#local-main-place-address","streetAddress":"Rua dos Coqueiros, 104 - Bairro Boa Vista, Rua dos Coqueiros, 104 Bairro Boa Vista","addressLocality":"UBIRATA","postalCode":"85440-000","addressRegion":"PR","addressCountry":"BR"},{"@type":"ImageObject","inLanguage":"en-US","@id":"https:\/\/ubirataonline.com.br\/da-declines-to-file-charges-against-taylor-frankie-paul\/#local-main-organization-logo","url":"https:\/\/ubirataonline.com.br\/wp-content\/uploads\/2026\/06\/logoubirataonline-1.webp","contentUrl":"https:\/\/ubirataonline.com.br\/wp-content\/uploads\/2026\/06\/logoubirataonline-1.webp","width":500,"height":500,"caption":"Ubirat\u00e3 Online Not\u00edcias"}]},"geo.placename":"UBIRATA","geo.position":{"lat":"-24.5361401","long":"-52.9921776"},"geo.region":"Brazil"},"_links":{"self":[{"href":"https:\/\/ubirataonline.com.br\/en\/wp-json\/wp\/v2\/posts\/107466","targetHints":{"allow":["GET"]}}],"collection":[{"href":"https:\/\/ubirataonline.com.br\/en\/wp-json\/wp\/v2\/posts"}],"about":[{"href":"https:\/\/ubirataonline.com.br\/en\/wp-json\/wp\/v2\/types\/post"}],"author":[{"embeddable":true,"href":"https:\/\/ubirataonline.com.br\/en\/wp-json\/wp\/v2\/users\/1"}],"replies":[{"embeddable":true,"href":"https:\/\/ubirataonline.com.br\/en\/wp-json\/wp\/v2\/comments?post=107466"}],"version-history":[{"count":0,"href":"https:\/\/ubirataonline.com.br\/en\/wp-json\/wp\/v2\/posts\/107466\/revisions"}],"wp:featuredmedia":[{"embeddable":true,"href":"https:\/\/ubirataonline.com.br\/en\/wp-json\/wp\/v2\/media\/107467"}],"wp:attachment":[{"href":"https:\/\/ubirataonline.com.br\/en\/wp-json\/wp\/v2\/media?parent=107466"}],"wp:term":[{"taxonomy":"category","embeddable":true,"href":"https:\/\/ubirataonline.com.br\/en\/wp-json\/wp\/v2\/categories?post=107466"},{"taxonomy":"post_tag","embeddable":true,"href":"https:\/\/ubirataonline.com.br\/en\/wp-json\/wp\/v2\/tags?post=107466"}],"curies":[{"name":"wp","href":"https:\/\/api.w.org\/{rel}","templated":true}]}}