{"id":107471,"date":"2026-04-14T21:32:50","date_gmt":"2026-04-15T00:32:50","guid":{"rendered":"https:\/\/ubirataonline.com.br\/relatorio-final-da-cpi-do-crime-organizado-e-rejeitado\/"},"modified":"2026-04-14T21:32:53","modified_gmt":"2026-04-15T00:32:53","slug":"relatorio-final-da-cpi-do-crime-organizado-e-rejeitado","status":"publish","type":"post","link":"https:\/\/ubirataonline.com.br\/en\/relatorio-final-da-cpi-do-crime-organizado-e-rejeitado\/","title":{"rendered":"Relat\u00f3rio final da CPI do Crime Organizado \u00e9 rejeitado"},"content":{"rendered":"<p><\/p>\n<div id=\"texto\">\n<p>Os integrantes da Comiss\u00e3o Parlamentar de Inqu\u00e9rito do Crime Organizado rejeitaram o relat\u00f3rio do senador Alessandro Vieira (MDB-SE) que, entre outros pontos, pedia o indiciamento de tr\u00eas ministros do Supremo Tribunal Federal (STF).<\/p>\n<p>Foram seis votos contr\u00e1rios e quatro a favor do parecer. Com isso, a CPI encerra os trabalhos sem um documento final.<\/p>\n<p>\u201cInfelizmente, essa CPI n\u00e3o apresentou um resultado daquilo que n\u00f3s almejamos. N\u00f3s fomos impedidos efetivamente de termos essa CPI t\u00e3o importante do crime organizado que deixa a popula\u00e7\u00e3o fragilizada no seu direito constitucional que \u00e9 seguran\u00e7a a p\u00fablica, porque, infelizmente, a Presid\u00eancia dessa Casa n\u00e3o prorrogou a Comiss\u00e3o Parlamentar de Inqu\u00e9rito\u201d, disse.<\/p>\n<p>No entanto, o presidente da CPI defendeu a import\u00e2ncia da institui\u00e7\u00e3o para a democracia e tamb\u00e9m\u00a0posicionou-se contra indiciamento\u00a0dos ministros Dias Toffoli, Alexandre de Moraes e Gilmar Mendes e do procurador-geral da Rep\u00fablica Paulo Gonet, proposto pelo relator.\u00a0<\/p>\n<p> \u201cO ato de indiciamento \u00e9 um ato de grande responsabilidade, porque voc\u00ea est\u00e1 lidando com a reputa\u00e7\u00e3o e a vida das pessoas e isso \u00e9 muito grave, isso \u00e9 muito s\u00e9rio dentro da democracia. Ningu\u00e9m pode ser punido por fato previsto como crime, sen\u00e3o quando o pratica dolosamente\u201d, argumentou.<\/p>\n<p>O senador disse ainda esperar que o STF fa\u00e7a uma autocr\u00edtica de determinadas posi\u00e7\u00f5es, a exemplo dos habeas corpus que impediram diversos depoimentos e o impedimento de acesso a informa\u00e7\u00f5es colhidas pela\u00a0Pol\u00edcia Federal.<\/p>\n<p>\u201cAcho que vai chegar um momento de fazer uma an\u00e1lise, uma autoan\u00e1lise\u201d, pontuou.\u00a0<\/p>\n<p>A favor do relat\u00f3rio votaram: Alessandro Vieira (MDB-SE), Eduardo Gir\u00e3o (NOVO-CE), Espiridi\u00e3o Amin (PP-SC), Magno Malta (PL-ES). Contra o relat\u00f3rio: Beto Faro (PT-PA), Teresa Leit\u00e3o (PT-PE), Otto Alencar (PSD-BA), Humberto Costa (PT-PE), Soraya Thronicke (PSB-MS) e Rog\u00e9rio Carvalho (PT-SE).<\/p>\n<p>\u201cSe a Vossa Excel\u00eancia mantivesse aqui as sugest\u00f5es legislativas feitas, conte com o meu voto. Com o restante do processo de indiciamento, que na minha opini\u00e3o n\u00e3o indicia a centralidade da sua CPI, que \u00e9 do Crime Organizado, me perdoe, eu tenho que votar contra, porque eu n\u00e3o vou corroborar com a sanha de querer atacar institui\u00e7\u00e3o Supremo Tribunal Federal, como muitos t\u00eam feito aqui.\u201d<\/p>\n<h2>Troca de integrantes\u00a0<\/h2>\n<p>Mais cedo, na abertura dos trabalhos, houve a troca de integrantes do colegiado. Os senadores Teresa Leit\u00e3o (PT-PE) e Beto Faro (PT-PA) substitu\u00edram os senadores Sergio Moro (PL-PR) e Marcos do Val (Avante-ES), integrantes do bloco partid\u00e1rio formado por MDB, PSDB, Podemos e Uni\u00e3o Brasil.<\/p>\n<p>A substitui\u00e7\u00e3o ocorreu a pedido do l\u00edder do bloco desses parlamentares, Eduardo Braga (MDB-AM), a quem cabe indicar os integrantes do colegiado.<\/p>\n<p>O relator Alessandro Vieira imputou ao governo a troca de integrantes do colegiado e a derrota na vota\u00e7\u00e3o.<\/p>\n<p>Vieira defendeu o indiciamento de ministros do Supremo e disse que a derrota s\u00f3 \u201cvai adiar a pauta\u201d.<\/p>\n<p> \u201cA decis\u00e3o dos colegas pela n\u00e3o aprova\u00e7\u00e3o, ap\u00f3s uma interven\u00e7\u00e3o direta do Pal\u00e1cio do Planalto, reflete apenas um atraso na pauta. Ela pode n\u00e3o acontecer agora, mas tem data para acontecer\u201d, disse o senador ap\u00f3s o resultado da vota\u00e7\u00e3o.<\/p>\n<p>A CPI investigou o modus operandi de fac\u00e7\u00f5es e mil\u00edcias em diferentes regi\u00f5es do pa\u00eds. Al\u00e9m de investigar a ocupa\u00e7\u00e3o territorial por fac\u00e7\u00f5es, a CPI fez um levantamento dos crimes relacionados \u00e0s atividades econ\u00f4micas, \u00e0 lavagem de dinheiro e de infiltra\u00e7\u00e3o no Poder P\u00fablico, como no caso do Banco Master.<\/p>\n<p>O relat\u00f3rio foi apresentado ap\u00f3s 120 dias de trabalho. Com 220 p\u00e1ginas, o parecer de\u00a0Vieira traz um retrato do\u00a0funcionamento do crime organizado no Brasil e prop\u00f5e medidas para combater o avan\u00e7o da criminalidade.<\/p>\n<p>Para o relator, \u201co fen\u00f4meno da criminalidade organizada no Brasil atingiu um patamar de complexidade e enraizamento que representa uma amea\u00e7a concreta \u00e0 soberania do Estado, \u00e0 democracia e aos direitos fundamentais da popula\u00e7\u00e3o\u201d.<\/p>\n<h2>Organiza\u00e7\u00f5es criminosas<\/h2>\n<p>De acordo com o relat\u00f3rio, 90 organiza\u00e7\u00f5es criminosas foram mapeadas, sendo\u00a0duas com atua\u00e7\u00e3o nacional e transnacional e presentes em 24 estados e no Distrito Federal. Entre as organiza\u00e7\u00f5es citadas est\u00e3o o Comando Vermelho (CV) e Terceiro Comando Puro (TCP), do Rio de Janeiro;\u00a0e Primeiro Comando da Capital (PCC), de S\u00e3o Paulo.<\/p>\n<p>Para Vieira, essas fac\u00e7\u00f5es criminosas atuariam \u201ccomo verdadeiros para-Estados, exercendo dom\u00ednio territorial sobre comunidades inteiras, impondo regras de conviv\u00eancia, cobrando tributos ilegais e fornecendo servi\u00e7os que deveriam ser de compet\u00eancia estatal\u201d.<\/p>\n<p>Segundo o relat\u00f3rio, pelo menos 26% do territ\u00f3rio nacional estariam sob algum tipo de controle do crime organizado e\u00a028,5 milh\u00f5es de brasileiros vivem em \u00e1reas com a presen\u00e7a dos\u00a0criminosos. A lavagem de dinheiro \u00e9 foi apontada como \u201co mecanismo central de sustenta\u00e7\u00e3o do crime organizado\u201d, presente na venda de cigarro, ouro, mercado imobili\u00e1rio, bebidas,\u00a0fintechs, criptomoedas e fundos de investimento.<\/p>\n<h2>Experi\u00eancias exitosas<\/h2>\n<p>Segundo Vieira, a CPI tamb\u00e9m identificou experi\u00eancias exitosas no enfrentamento ao crime organizado, ao citar as For\u00e7as Integradas de Combate ao Crime Organizado (FICCOs), presentes em todas as 27 unidades da Federa\u00e7\u00e3o.<\/p>\n<p><b>Fonte:<\/b> Ag\u00eancia Brasil<\/p>\n<\/p><\/div>\n<p><a href=\"https:\/\/cgn.inf.br\/noticia\/2084849\/relatorio-final-da-cpi-do-crime-organizado-e-rejeitado\">Fonte do Artigo <\/a><\/p>","protected":false},"excerpt":{"rendered":"<p>Os integrantes da Comiss\u00e3o Parlamentar de Inqu\u00e9rito do Crime Organizado rejeitaram o relat\u00f3rio do senador Alessandro Vieira (MDB-SE) que, entre outros pontos, pedia o indiciamento de tr\u00eas ministros do Supremo Tribunal Federal (STF). Foram seis votos contr\u00e1rios e quatro a favor do parecer. Com isso, a CPI encerra os trabalhos sem um documento final. \u201cInfelizmente, [&hellip;]<\/p>\n","protected":false},"author":1,"featured_media":107472,"comment_status":"closed","ping_status":"","sticky":false,"template":"","format":"standard","meta":{"googlesitekit_rrm_CAow2JLhCw:productID":"","_gspb_post_css":"","maa_idioma":"","maa_pais":"","footnotes":""},"categories":[1],"tags":[18605,1826,2942,6250,28351,18584],"class_list":["post-107471","post","type-post","status-publish","format-standard","has-post-thumbnail","hentry","category-ubirata","tag-cpi","tag-crime","tag-final","tag-organizado","tag-rejeitado","tag-relatorio"],"blocksy_meta":[],"yoast_head":"<!-- This site is optimized with the Yoast SEO Premium plugin v27.6 (Yoast SEO v27.6) - https:\/\/yoast.com\/product\/yoast-seo-premium-wordpress\/ -->\n<title>Relat\u00f3rio final da CPI do Crime Organizado \u00e9 rejeitado - Ubirat\u00e3 Online Not\u00edcias - A realidade ao seu alcance!<\/title>\n<meta name=\"description\" content=\"Os integrantes da Comiss\u00e3o Parlamentar de Inqu\u00e9rito do Crime Organizado rejeitaram o relat\u00f3rio do senador Alessandro Vieira (MDB-SE) que, entre outros\" \/>\n<meta name=\"robots\" content=\"index, follow, max-snippet:-1, max-image-preview:large, max-video-preview:-1\" \/>\n<link rel=\"canonical\" href=\"https:\/\/ubirataonline.com.br\/en\/relatorio-final-da-cpi-do-crime-organizado-e-rejeitado\/\" \/>\n<meta property=\"og:locale\" content=\"en_US\" \/>\n<meta property=\"og:type\" content=\"article\" \/>\n<meta property=\"og:title\" content=\"Relat\u00f3rio final da CPI do Crime Organizado \u00e9 rejeitado\" \/>\n<meta property=\"og:description\" content=\"Os integrantes da Comiss\u00e3o Parlamentar de Inqu\u00e9rito do Crime Organizado rejeitaram o relat\u00f3rio do senador Alessandro Vieira (MDB-SE) que, entre outros\" \/>\n<meta property=\"og:url\" content=\"https:\/\/ubirataonline.com.br\/en\/relatorio-final-da-cpi-do-crime-organizado-e-rejeitado\/\" \/>\n<meta property=\"og:site_name\" content=\"Ubirat\u00e3 Online Not\u00edcias - A realidade ao seu alcance!\" \/>\n<meta property=\"article:publisher\" content=\"https:\/\/www.facebook.com\/portalubirataonline\" \/>\n<meta property=\"article:author\" content=\"https:\/\/www.facebook.com\/portalubirataonline\" \/>\n<meta property=\"article:published_time\" content=\"2026-04-15T00:32:50+00:00\" \/>\n<meta property=\"article:modified_time\" content=\"2026-04-15T00:32:53+00:00\" \/>\n<meta property=\"og:image\" content=\"https:\/\/ubirataonline.com.br\/wp-content\/uploads\/2026\/04\/Relatorio-final-da-CPI-do-Crime-Organizado-e-rejeitado.jpg\" \/>\n\t<meta property=\"og:image:width\" content=\"1600\" \/>\n\t<meta property=\"og:image:height\" content=\"800\" \/>\n\t<meta property=\"og:image:type\" content=\"image\/jpeg\" \/>\n<meta name=\"author\" content=\"REDA\u00c7\u00c3O: UBIRAT\u00c3 ONLINE - F\u00c1BIO AUGUSTO CELESTINO\" \/>\n<meta name=\"twitter:card\" content=\"summary_large_image\" \/>\n<meta name=\"twitter:creator\" content=\"@x.com\/ubirataonline\" \/>\n<meta name=\"twitter:site\" content=\"@ubirataonline\" \/>\n<meta name=\"twitter:label1\" content=\"Written by\" \/>\n\t<meta name=\"twitter:data1\" content=\"REDA\u00c7\u00c3O: UBIRAT\u00c3 ONLINE - F\u00c1BIO AUGUSTO CELESTINO\" \/>\n\t<meta name=\"twitter:label2\" content=\"Est. reading time\" \/>\n\t<meta name=\"twitter:data2\" content=\"4 minutes\" \/>\n<script type=\"application\/ld+json\" class=\"yoast-schema-graph\">{\"@context\":\"https:\\\/\\\/schema.org\",\"@graph\":[{\"@type\":\"NewsArticle\",\"@id\":\"https:\\\/\\\/ubirataonline.com.br\\\/relatorio-final-da-cpi-do-crime-organizado-e-rejeitado\\\/#article\",\"isPartOf\":{\"@id\":\"https:\\\/\\\/ubirataonline.com.br\\\/relatorio-final-da-cpi-do-crime-organizado-e-rejeitado\\\/\"},\"author\":{\"name\":\"REDA\u00c7\u00c3O: UBIRAT\u00c3 ONLINE - F\u00c1BIO AUGUSTO CELESTINO\",\"@id\":\"https:\\\/\\\/ubirataonline.com.br\\\/#\\\/schema\\\/person\\\/372f87bbd3fdd79b8556b84c98d0bc1c\"},\"headline\":\"Relat\u00f3rio final da CPI do Crime Organizado \u00e9 rejeitado\",\"datePublished\":\"2026-04-15T00:32:50+00:00\",\"dateModified\":\"2026-04-15T00:32:53+00:00\",\"mainEntityOfPage\":{\"@id\":\"https:\\\/\\\/ubirataonline.com.br\\\/relatorio-final-da-cpi-do-crime-organizado-e-rejeitado\\\/\"},\"wordCount\":892,\"publisher\":{\"@id\":\"https:\\\/\\\/ubirataonline.com.br\\\/#organization\"},\"image\":{\"@id\":\"https:\\\/\\\/ubirataonline.com.br\\\/relatorio-final-da-cpi-do-crime-organizado-e-rejeitado\\\/#primaryimage\"},\"thumbnailUrl\":\"https:\\\/\\\/ubirataonline.com.br\\\/wp-content\\\/uploads\\\/2026\\\/04\\\/Relatorio-final-da-CPI-do-Crime-Organizado-e-rejeitado.jpg\",\"keywords\":[\"CPI\",\"Crime\",\"final\",\"organizado\",\"rejeitado\",\"relat\u00f3rio\"],\"articleSection\":[\"Ubirat\u00e3\"],\"inLanguage\":\"en-US\",\"copyrightYear\":\"2026\",\"copyrightHolder\":{\"@id\":\"https:\\\/\\\/ubirataonline.com.br\\\/en\\\/#organization\"}},{\"@type\":\"WebPage\",\"@id\":\"https:\\\/\\\/ubirataonline.com.br\\\/relatorio-final-da-cpi-do-crime-organizado-e-rejeitado\\\/\",\"url\":\"https:\\\/\\\/ubirataonline.com.br\\\/relatorio-final-da-cpi-do-crime-organizado-e-rejeitado\\\/\",\"name\":\"Relat\u00f3rio final da CPI do Crime Organizado \u00e9 rejeitado - Ubirat\u00e3 Online Not\u00edcias - A realidade ao seu alcance!\",\"isPartOf\":{\"@id\":\"https:\\\/\\\/ubirataonline.com.br\\\/#website\"},\"primaryImageOfPage\":{\"@id\":\"https:\\\/\\\/ubirataonline.com.br\\\/relatorio-final-da-cpi-do-crime-organizado-e-rejeitado\\\/#primaryimage\"},\"image\":{\"@id\":\"https:\\\/\\\/ubirataonline.com.br\\\/relatorio-final-da-cpi-do-crime-organizado-e-rejeitado\\\/#primaryimage\"},\"thumbnailUrl\":\"https:\\\/\\\/ubirataonline.com.br\\\/wp-content\\\/uploads\\\/2026\\\/04\\\/Relatorio-final-da-CPI-do-Crime-Organizado-e-rejeitado.jpg\",\"datePublished\":\"2026-04-15T00:32:50+00:00\",\"dateModified\":\"2026-04-15T00:32:53+00:00\",\"description\":\"Os integrantes da Comiss\u00e3o Parlamentar de Inqu\u00e9rito do Crime Organizado rejeitaram o relat\u00f3rio do senador Alessandro Vieira (MDB-SE) que, entre outros\",\"breadcrumb\":{\"@id\":\"https:\\\/\\\/ubirataonline.com.br\\\/relatorio-final-da-cpi-do-crime-organizado-e-rejeitado\\\/#breadcrumb\"},\"inLanguage\":\"en-US\",\"potentialAction\":[{\"@type\":\"ReadAction\",\"target\":[\"https:\\\/\\\/ubirataonline.com.br\\\/relatorio-final-da-cpi-do-crime-organizado-e-rejeitado\\\/\"]}]},{\"@type\":\"ImageObject\",\"inLanguage\":\"en-US\",\"@id\":\"https:\\\/\\\/ubirataonline.com.br\\\/relatorio-final-da-cpi-do-crime-organizado-e-rejeitado\\\/#primaryimage\",\"url\":\"https:\\\/\\\/ubirataonline.com.br\\\/wp-content\\\/uploads\\\/2026\\\/04\\\/Relatorio-final-da-CPI-do-Crime-Organizado-e-rejeitado.jpg\",\"contentUrl\":\"https:\\\/\\\/ubirataonline.com.br\\\/wp-content\\\/uploads\\\/2026\\\/04\\\/Relatorio-final-da-CPI-do-Crime-Organizado-e-rejeitado.jpg\",\"width\":1600,\"height\":800,\"caption\":\"\"},{\"@type\":\"BreadcrumbList\",\"@id\":\"https:\\\/\\\/ubirataonline.com.br\\\/relatorio-final-da-cpi-do-crime-organizado-e-rejeitado\\\/#breadcrumb\",\"itemListElement\":[{\"@type\":\"ListItem\",\"position\":1,\"name\":\"In\u00edcio\",\"item\":\"https:\\\/\\\/ubirataonline.com.br\\\/\"},{\"@type\":\"ListItem\",\"position\":2,\"name\":\"Relat\u00f3rio final da CPI do Crime Organizado \u00e9 rejeitado\"}]},{\"@type\":\"WebSite\",\"@id\":\"https:\\\/\\\/ubirataonline.com.br\\\/#website\",\"url\":\"https:\\\/\\\/ubirataonline.com.br\\\/\",\"name\":\"Ubirat\u00e3 Online Not\u00edcias\",\"description\":\"Not\u00edcias de Ubirat\u00e3, regi\u00e3o, Brasil e mundo, com informa\u00e7\u00e3o atualizada e compromisso com o leitor.\",\"publisher\":{\"@id\":\"https:\\\/\\\/ubirataonline.com.br\\\/#organization\"},\"alternateName\":\"Ubirat\u00e3 Online\",\"potentialAction\":[{\"@type\":\"SearchAction\",\"target\":{\"@type\":\"EntryPoint\",\"urlTemplate\":\"https:\\\/\\\/ubirataonline.com.br\\\/?s={search_term_string}\"},\"query-input\":{\"@type\":\"PropertyValueSpecification\",\"valueRequired\":true,\"valueName\":\"search_term_string\"}}],\"inLanguage\":\"en-US\"},{\"@type\":[\"Organization\",\"Place\"],\"@id\":\"https:\\\/\\\/ubirataonline.com.br\\\/#organization\",\"name\":\"Ubirat\u00e3 Online Not\u00edcias\",\"alternateName\":\"Ubirat\u00e3 Online\",\"url\":\"https:\\\/\\\/ubirataonline.com.br\\\/\",\"logo\":{\"@id\":\"https:\\\/\\\/ubirataonline.com.br\\\/relatorio-final-da-cpi-do-crime-organizado-e-rejeitado\\\/#local-main-organization-logo\"},\"image\":{\"@id\":\"https:\\\/\\\/ubirataonline.com.br\\\/relatorio-final-da-cpi-do-crime-organizado-e-rejeitado\\\/#local-main-organization-logo\"},\"sameAs\":[\"https:\\\/\\\/www.facebook.com\\\/portalubirataonline\",\"https:\\\/\\\/x.com\\\/ubirataonline\",\"https:\\\/\\\/mastodon.social\\\/@ubirataonline\",\"https:\\\/\\\/www.facebook.com\\\/groups\\\/311144672285604\",\"https:\\\/\\\/www.facebook.com\\\/UBTAOnline\",\"https:\\\/\\\/www.instagram.com\\\/portalubirataonline\\\/\",\"https:\\\/\\\/twitter.com\\\/ubirataonline\"],\"description\":\"Somos um portal de not\u00edcias independente, criado em 5 de janeiro de 2009, com o objetivo de informar, conectar e valorizar a nossa comunidade de Ubirat\u00e3 e toda aregi\u00e3o. Com conte\u00fado atualizado, confi\u00e1vel e relevante, o Ubirat\u00e3 Online \u00e9 o seu espa\u00e7o para ficar por dentro dos principais acontecimentos locais, regionais, Brasil, Mundo e de interesse geral. Nosso compromisso \u00e9 com a verdade, a transpar\u00eancia e o respeito ao leitor.\",\"legalName\":\"UBIRATA ONLINE NOT\u00cdCIAS\",\"foundingDate\":\"2009-01-05\",\"numberOfEmployees\":{\"@type\":\"QuantitativeValue\",\"minValue\":\"1\",\"maxValue\":\"10\"},\"publishingPrinciples\":\"https:\\\/\\\/ubirataonline.com.br\\\/faq\\\/\",\"address\":{\"@id\":\"https:\\\/\\\/ubirataonline.com.br\\\/relatorio-final-da-cpi-do-crime-organizado-e-rejeitado\\\/#local-main-place-address\"},\"geo\":{\"@type\":\"GeoCoordinates\",\"latitude\":\"-24.5361401\",\"longitude\":\"-52.9921776\"},\"telephone\":[\"+5544998308235\"],\"contactPoint\":{\"@type\":\"ContactPoint\",\"email\":\"contato@ubirataonline.com.br\"},\"openingHoursSpecification\":{\"@type\":\"OpeningHoursSpecification\",\"dayOfWeek\":[\"Monday\",\"Tuesday\",\"Wednesday\",\"Thursday\",\"Friday\",\"Saturday\",\"Sunday\"],\"opens\":\"00:00\",\"closes\":\"23:59\"},\"email\":\"contato@ubirataonline.com.br\",\"vatID\":\"47.621.418\\\/0001-80\"},{\"@type\":\"Person\",\"@id\":\"https:\\\/\\\/ubirataonline.com.br\\\/#\\\/schema\\\/person\\\/372f87bbd3fdd79b8556b84c98d0bc1c\",\"name\":\"REDA\u00c7\u00c3O: UBIRAT\u00c3 ONLINE - F\u00c1BIO AUGUSTO CELESTINO\",\"pronouns\":\"Ele\",\"description\":\"Desde 2003 trabalhando com not\u00edcias.\",\"sameAs\":[\"http:\\\/\\\/ubirataoline.com.br\",\"https:\\\/\\\/www.facebook.com\\\/portalubirataonline\",\"https:\\\/\\\/www.instagram.com\\\/ubirataonline_oficial\",\"https:\\\/\\\/x.com\\\/x.com\\\/ubirataonline\"],\"honorificPrefix\":\"Mr.\",\"honorificSuffix\":\"MD\",\"birthDate\":\"1980-06-16\",\"gender\":\"masculino\",\"award\":[\"V\u00e1rios pr\u00eamios de melhor portal da cidade\"],\"jobTitle\":\"Diretor\",\"url\":\"https:\\\/\\\/ubirataonline.com.br\\\/en\\\/author\\\/ubirataonline\\\/\"},{\"@type\":\"PostalAddress\",\"@id\":\"https:\\\/\\\/ubirataonline.com.br\\\/relatorio-final-da-cpi-do-crime-organizado-e-rejeitado\\\/#local-main-place-address\",\"streetAddress\":\"Rua dos Coqueiros, 104 - Bairro Boa Vista, Rua dos Coqueiros, 104 Bairro Boa Vista\",\"addressLocality\":\"UBIRATA\",\"postalCode\":\"85440-000\",\"addressRegion\":\"PR\",\"addressCountry\":\"BR\"},{\"@type\":\"ImageObject\",\"inLanguage\":\"en-US\",\"@id\":\"https:\\\/\\\/ubirataonline.com.br\\\/relatorio-final-da-cpi-do-crime-organizado-e-rejeitado\\\/#local-main-organization-logo\",\"url\":\"https:\\\/\\\/ubirataonline.com.br\\\/wp-content\\\/uploads\\\/2026\\\/06\\\/logoubirataonline-1.webp\",\"contentUrl\":\"https:\\\/\\\/ubirataonline.com.br\\\/wp-content\\\/uploads\\\/2026\\\/06\\\/logoubirataonline-1.webp\",\"width\":500,\"height\":500,\"caption\":\"Ubirat\u00e3 Online Not\u00edcias\"}]}<\/script>\n<meta name=\"geo.placename\" content=\"UBIRATA\" \/>\n<meta name=\"geo.position\" content=\"-24.5361401;-52.9921776\" \/>\n<meta name=\"geo.region\" content=\"Brazil\" \/>\n<!-- \/ Yoast SEO Premium plugin. -->","yoast_head_json":{"title":"Relat\u00f3rio final da CPI do Crime Organizado \u00e9 rejeitado - Ubirat\u00e3 Online Not\u00edcias - A realidade ao seu alcance!","description":"Os integrantes da Comiss\u00e3o Parlamentar de Inqu\u00e9rito do Crime Organizado rejeitaram o relat\u00f3rio do senador Alessandro Vieira (MDB-SE) que, entre outros","robots":{"index":"index","follow":"follow","max-snippet":"max-snippet:-1","max-image-preview":"max-image-preview:large","max-video-preview":"max-video-preview:-1"},"canonical":"https:\/\/ubirataonline.com.br\/en\/relatorio-final-da-cpi-do-crime-organizado-e-rejeitado\/","og_locale":"en_US","og_type":"article","og_title":"Relat\u00f3rio final da CPI do Crime Organizado \u00e9 rejeitado","og_description":"Os integrantes da Comiss\u00e3o Parlamentar de Inqu\u00e9rito do Crime Organizado rejeitaram o relat\u00f3rio do senador Alessandro Vieira (MDB-SE) que, entre outros","og_url":"https:\/\/ubirataonline.com.br\/en\/relatorio-final-da-cpi-do-crime-organizado-e-rejeitado\/","og_site_name":"Ubirat\u00e3 Online Not\u00edcias - A realidade ao seu alcance!","article_publisher":"https:\/\/www.facebook.com\/portalubirataonline","article_author":"https:\/\/www.facebook.com\/portalubirataonline","article_published_time":"2026-04-15T00:32:50+00:00","article_modified_time":"2026-04-15T00:32:53+00:00","og_image":[{"width":1600,"height":800,"url":"https:\/\/ubirataonline.com.br\/wp-content\/uploads\/2026\/04\/Relatorio-final-da-CPI-do-Crime-Organizado-e-rejeitado.jpg","type":"image\/jpeg"}],"author":"REDA\u00c7\u00c3O: UBIRAT\u00c3 ONLINE - F\u00c1BIO AUGUSTO CELESTINO","twitter_card":"summary_large_image","twitter_creator":"@x.com\/ubirataonline","twitter_site":"@ubirataonline","twitter_misc":{"Written by":"REDA\u00c7\u00c3O: UBIRAT\u00c3 ONLINE - F\u00c1BIO AUGUSTO CELESTINO","Est. reading time":"4 minutes"},"schema":{"@context":"https:\/\/schema.org","@graph":[{"@type":"NewsArticle","@id":"https:\/\/ubirataonline.com.br\/relatorio-final-da-cpi-do-crime-organizado-e-rejeitado\/#article","isPartOf":{"@id":"https:\/\/ubirataonline.com.br\/relatorio-final-da-cpi-do-crime-organizado-e-rejeitado\/"},"author":{"name":"REDA\u00c7\u00c3O: UBIRAT\u00c3 ONLINE - F\u00c1BIO AUGUSTO CELESTINO","@id":"https:\/\/ubirataonline.com.br\/#\/schema\/person\/372f87bbd3fdd79b8556b84c98d0bc1c"},"headline":"Relat\u00f3rio final da CPI do Crime Organizado \u00e9 rejeitado","datePublished":"2026-04-15T00:32:50+00:00","dateModified":"2026-04-15T00:32:53+00:00","mainEntityOfPage":{"@id":"https:\/\/ubirataonline.com.br\/relatorio-final-da-cpi-do-crime-organizado-e-rejeitado\/"},"wordCount":892,"publisher":{"@id":"https:\/\/ubirataonline.com.br\/#organization"},"image":{"@id":"https:\/\/ubirataonline.com.br\/relatorio-final-da-cpi-do-crime-organizado-e-rejeitado\/#primaryimage"},"thumbnailUrl":"https:\/\/ubirataonline.com.br\/wp-content\/uploads\/2026\/04\/Relatorio-final-da-CPI-do-Crime-Organizado-e-rejeitado.jpg","keywords":["CPI","Crime","final","organizado","rejeitado","relat\u00f3rio"],"articleSection":["Ubirat\u00e3"],"inLanguage":"en-US","copyrightYear":"2026","copyrightHolder":{"@id":"https:\/\/ubirataonline.com.br\/en\/#organization"}},{"@type":"WebPage","@id":"https:\/\/ubirataonline.com.br\/relatorio-final-da-cpi-do-crime-organizado-e-rejeitado\/","url":"https:\/\/ubirataonline.com.br\/relatorio-final-da-cpi-do-crime-organizado-e-rejeitado\/","name":"Relat\u00f3rio final da CPI do Crime Organizado \u00e9 rejeitado - Ubirat\u00e3 Online Not\u00edcias - A realidade ao seu alcance!","isPartOf":{"@id":"https:\/\/ubirataonline.com.br\/#website"},"primaryImageOfPage":{"@id":"https:\/\/ubirataonline.com.br\/relatorio-final-da-cpi-do-crime-organizado-e-rejeitado\/#primaryimage"},"image":{"@id":"https:\/\/ubirataonline.com.br\/relatorio-final-da-cpi-do-crime-organizado-e-rejeitado\/#primaryimage"},"thumbnailUrl":"https:\/\/ubirataonline.com.br\/wp-content\/uploads\/2026\/04\/Relatorio-final-da-CPI-do-Crime-Organizado-e-rejeitado.jpg","datePublished":"2026-04-15T00:32:50+00:00","dateModified":"2026-04-15T00:32:53+00:00","description":"Os integrantes da Comiss\u00e3o Parlamentar de Inqu\u00e9rito do Crime Organizado rejeitaram o relat\u00f3rio do senador Alessandro Vieira (MDB-SE) que, entre outros","breadcrumb":{"@id":"https:\/\/ubirataonline.com.br\/relatorio-final-da-cpi-do-crime-organizado-e-rejeitado\/#breadcrumb"},"inLanguage":"en-US","potentialAction":[{"@type":"ReadAction","target":["https:\/\/ubirataonline.com.br\/relatorio-final-da-cpi-do-crime-organizado-e-rejeitado\/"]}]},{"@type":"ImageObject","inLanguage":"en-US","@id":"https:\/\/ubirataonline.com.br\/relatorio-final-da-cpi-do-crime-organizado-e-rejeitado\/#primaryimage","url":"https:\/\/ubirataonline.com.br\/wp-content\/uploads\/2026\/04\/Relatorio-final-da-CPI-do-Crime-Organizado-e-rejeitado.jpg","contentUrl":"https:\/\/ubirataonline.com.br\/wp-content\/uploads\/2026\/04\/Relatorio-final-da-CPI-do-Crime-Organizado-e-rejeitado.jpg","width":1600,"height":800,"caption":""},{"@type":"BreadcrumbList","@id":"https:\/\/ubirataonline.com.br\/relatorio-final-da-cpi-do-crime-organizado-e-rejeitado\/#breadcrumb","itemListElement":[{"@type":"ListItem","position":1,"name":"In\u00edcio","item":"https:\/\/ubirataonline.com.br\/"},{"@type":"ListItem","position":2,"name":"Relat\u00f3rio final da CPI do Crime Organizado \u00e9 rejeitado"}]},{"@type":"WebSite","@id":"https:\/\/ubirataonline.com.br\/#website","url":"https:\/\/ubirataonline.com.br\/","name":"Ubirat\u00e3 Online Not\u00edcias","description":"Not\u00edcias de Ubirat\u00e3, regi\u00e3o, Brasil e mundo, com informa\u00e7\u00e3o atualizada e compromisso com o leitor.","publisher":{"@id":"https:\/\/ubirataonline.com.br\/#organization"},"alternateName":"Ubirat\u00e3 Online","potentialAction":[{"@type":"SearchAction","target":{"@type":"EntryPoint","urlTemplate":"https:\/\/ubirataonline.com.br\/?s={search_term_string}"},"query-input":{"@type":"PropertyValueSpecification","valueRequired":true,"valueName":"search_term_string"}}],"inLanguage":"en-US"},{"@type":["Organization","Place"],"@id":"https:\/\/ubirataonline.com.br\/#organization","name":"Ubirat\u00e3 Online Not\u00edcias","alternateName":"Ubirat\u00e3 Online","url":"https:\/\/ubirataonline.com.br\/","logo":{"@id":"https:\/\/ubirataonline.com.br\/relatorio-final-da-cpi-do-crime-organizado-e-rejeitado\/#local-main-organization-logo"},"image":{"@id":"https:\/\/ubirataonline.com.br\/relatorio-final-da-cpi-do-crime-organizado-e-rejeitado\/#local-main-organization-logo"},"sameAs":["https:\/\/www.facebook.com\/portalubirataonline","https:\/\/x.com\/ubirataonline","https:\/\/mastodon.social\/@ubirataonline","https:\/\/www.facebook.com\/groups\/311144672285604","https:\/\/www.facebook.com\/UBTAOnline","https:\/\/www.instagram.com\/portalubirataonline\/","https:\/\/twitter.com\/ubirataonline"],"description":"Somos um portal de not\u00edcias independente, criado em 5 de janeiro de 2009, com o objetivo de informar, conectar e valorizar a nossa comunidade de Ubirat\u00e3 e toda aregi\u00e3o. Com conte\u00fado atualizado, confi\u00e1vel e relevante, o Ubirat\u00e3 Online \u00e9 o seu espa\u00e7o para ficar por dentro dos principais acontecimentos locais, regionais, Brasil, Mundo e de interesse geral. Nosso compromisso \u00e9 com a verdade, a transpar\u00eancia e o respeito ao leitor.","legalName":"UBIRATA ONLINE NOT\u00cdCIAS","foundingDate":"2009-01-05","numberOfEmployees":{"@type":"QuantitativeValue","minValue":"1","maxValue":"10"},"publishingPrinciples":"https:\/\/ubirataonline.com.br\/faq\/","address":{"@id":"https:\/\/ubirataonline.com.br\/relatorio-final-da-cpi-do-crime-organizado-e-rejeitado\/#local-main-place-address"},"geo":{"@type":"GeoCoordinates","latitude":"-24.5361401","longitude":"-52.9921776"},"telephone":["+5544998308235"],"contactPoint":{"@type":"ContactPoint","email":"contato@ubirataonline.com.br"},"openingHoursSpecification":{"@type":"OpeningHoursSpecification","dayOfWeek":["Monday","Tuesday","Wednesday","Thursday","Friday","Saturday","Sunday"],"opens":"00:00","closes":"23:59"},"email":"contato@ubirataonline.com.br","vatID":"47.621.418\/0001-80"},{"@type":"Person","@id":"https:\/\/ubirataonline.com.br\/#\/schema\/person\/372f87bbd3fdd79b8556b84c98d0bc1c","name":"REDA\u00c7\u00c3O: UBIRAT\u00c3 ONLINE - F\u00c1BIO AUGUSTO CELESTINO","pronouns":"Ele","description":"Desde 2003 trabalhando com not\u00edcias.","sameAs":["http:\/\/ubirataoline.com.br","https:\/\/www.facebook.com\/portalubirataonline","https:\/\/www.instagram.com\/ubirataonline_oficial","https:\/\/x.com\/x.com\/ubirataonline"],"honorificPrefix":"Mr.","honorificSuffix":"MD","birthDate":"1980-06-16","gender":"masculino","award":["V\u00e1rios pr\u00eamios de melhor portal da cidade"],"jobTitle":"Diretor","url":"https:\/\/ubirataonline.com.br\/en\/author\/ubirataonline\/"},{"@type":"PostalAddress","@id":"https:\/\/ubirataonline.com.br\/relatorio-final-da-cpi-do-crime-organizado-e-rejeitado\/#local-main-place-address","streetAddress":"Rua dos Coqueiros, 104 - Bairro Boa Vista, Rua dos Coqueiros, 104 Bairro Boa Vista","addressLocality":"UBIRATA","postalCode":"85440-000","addressRegion":"PR","addressCountry":"BR"},{"@type":"ImageObject","inLanguage":"en-US","@id":"https:\/\/ubirataonline.com.br\/relatorio-final-da-cpi-do-crime-organizado-e-rejeitado\/#local-main-organization-logo","url":"https:\/\/ubirataonline.com.br\/wp-content\/uploads\/2026\/06\/logoubirataonline-1.webp","contentUrl":"https:\/\/ubirataonline.com.br\/wp-content\/uploads\/2026\/06\/logoubirataonline-1.webp","width":500,"height":500,"caption":"Ubirat\u00e3 Online Not\u00edcias"}]},"geo.placename":"UBIRATA","geo.position":{"lat":"-24.5361401","long":"-52.9921776"},"geo.region":"Brazil"},"_links":{"self":[{"href":"https:\/\/ubirataonline.com.br\/en\/wp-json\/wp\/v2\/posts\/107471","targetHints":{"allow":["GET"]}}],"collection":[{"href":"https:\/\/ubirataonline.com.br\/en\/wp-json\/wp\/v2\/posts"}],"about":[{"href":"https:\/\/ubirataonline.com.br\/en\/wp-json\/wp\/v2\/types\/post"}],"author":[{"embeddable":true,"href":"https:\/\/ubirataonline.com.br\/en\/wp-json\/wp\/v2\/users\/1"}],"replies":[{"embeddable":true,"href":"https:\/\/ubirataonline.com.br\/en\/wp-json\/wp\/v2\/comments?post=107471"}],"version-history":[{"count":0,"href":"https:\/\/ubirataonline.com.br\/en\/wp-json\/wp\/v2\/posts\/107471\/revisions"}],"wp:featuredmedia":[{"embeddable":true,"href":"https:\/\/ubirataonline.com.br\/en\/wp-json\/wp\/v2\/media\/107472"}],"wp:attachment":[{"href":"https:\/\/ubirataonline.com.br\/en\/wp-json\/wp\/v2\/media?parent=107471"}],"wp:term":[{"taxonomy":"category","embeddable":true,"href":"https:\/\/ubirataonline.com.br\/en\/wp-json\/wp\/v2\/categories?post=107471"},{"taxonomy":"post_tag","embeddable":true,"href":"https:\/\/ubirataonline.com.br\/en\/wp-json\/wp\/v2\/tags?post=107471"}],"curies":[{"name":"wp","href":"https:\/\/api.w.org\/{rel}","templated":true}]}}