{"id":107621,"date":"2026-04-15T00:48:51","date_gmt":"2026-04-15T03:48:51","guid":{"rendered":"https:\/\/ubirataonline.com.br\/kylie-jenner-launches-khy-fashion-labels-new-born-in-la-collection\/"},"modified":"2026-04-15T00:48:54","modified_gmt":"2026-04-15T03:48:54","slug":"kylie-jenner-launches-khy-fashion-labels-new-born-in-la-collection","status":"publish","type":"post","link":"https:\/\/ubirataonline.com.br\/en\/kylie-jenner-launches-khy-fashion-labels-new-born-in-la-collection\/","title":{"rendered":"Kylie Jenner launches Khy fashion label&#8217;s new &#8216;Born in LA&#8217; collection"},"content":{"rendered":"<p><br \/>\n<\/p>\n<div>\n<div id=\"beyondwords-wrapper\" class=\"beyondwords-wrapper\">\n<p><span class=\"label-bg\">NEW<\/span>You can now listen to Fox News articles!\n  <\/p>\n<\/div>\n<p class=\"speakable\"><a href=\"https:\/\/www.foxnews.com\/category\/person\/kylie-jenner\" target=\"_blank\" rel=\"noopener\">Kylie Jenner<\/a> is stripping back the layers to reveal her most personal project yet.<\/p>\n<p class=\"speakable\">The 28-year-old reality icon took to <a href=\"https:\/\/www.instagram.com\/p\/DXFTbKKjy2X\/?hl=en\" target=\"_blank\" rel=\"nofollow noopener\">Instagram<\/a> on Monday to announce the latest drop for her fashion label, Khy. Posing topless in a minimalist portrait, Jenner used her hands to cover her chest while showcasing a sparkling rhinestone tattoo on her upper arm that read, &#8220;I Heart LA.&#8221;<\/p>\n<p>With her long, dark hair cascading down and a soft, bronzed makeup look, the mogul used the bold imagery to signal a &#8220;wiped clean&#8221; era for the brand\u2019s social media.<\/p>\n<p><a href=\"https:\/\/www.foxnews.com\/newsletters?cmpid=fnfirstnl\" target=\"_blank\" rel=\"noopener\"><strong>CLICK HERE TO SIGN UP FOR THE ENTERTAINMENT NEWSLETTER<\/strong><\/a><\/p>\n<div class=\"image-ct inline\">\n<div class=\"m\"><picture><source media=\"(max-width: 767px)\" srcset=\"https:\/\/a57.foxnews.com\/static.foxnews.com\/foxnews.com\/content\/uploads\/2026\/04\/343\/192\/Kylie-Jenner-Khy-headshot.jpeg?ve=1&amp;tl=1, https:\/\/a57.foxnews.com\/static.foxnews.com\/foxnews.com\/content\/uploads\/2026\/04\/686\/384\/Kylie-Jenner-Khy-headshot.jpeg?ve=1&amp;tl=1 2x\" height=\"192\" width=\"343\"><source media=\"(min-width: 768px) and (max-width: 1023px)\" srcset=\"https:\/\/a57.foxnews.com\/static.foxnews.com\/foxnews.com\/content\/uploads\/2026\/04\/672\/378\/Kylie-Jenner-Khy-headshot.jpeg?ve=1&amp;tl=1, https:\/\/a57.foxnews.com\/static.foxnews.com\/foxnews.com\/content\/uploads\/2026\/04\/1344\/756\/Kylie-Jenner-Khy-headshot.jpeg?ve=1&amp;tl=1 2x\" height=\"378\" width=\"672\"><source media=\"(min-width: 1024px) and (max-width: 1279px)\" srcset=\"https:\/\/a57.foxnews.com\/static.foxnews.com\/foxnews.com\/content\/uploads\/2026\/04\/931\/523\/Kylie-Jenner-Khy-headshot.jpeg?ve=1&amp;tl=1, https:\/\/a57.foxnews.com\/static.foxnews.com\/foxnews.com\/content\/uploads\/2026\/04\/1862\/1046\/Kylie-Jenner-Khy-headshot.jpeg?ve=1&amp;tl=1 2x\" height=\"523\" width=\"931\"><source media=\"(min-width: 1280px)\" srcset=\"https:\/\/a57.foxnews.com\/static.foxnews.com\/foxnews.com\/content\/uploads\/2026\/04\/720\/405\/Kylie-Jenner-Khy-headshot.jpeg?ve=1&amp;tl=1, https:\/\/a57.foxnews.com\/static.foxnews.com\/foxnews.com\/content\/uploads\/2026\/04\/1440\/810\/Kylie-Jenner-Khy-headshot.jpeg?ve=1&amp;tl=1 2x\" height=\"405\" width=\"720\"><\/source><\/source><\/source><\/source><\/picture><\/div>\n<p> <!----><\/div>\n<p>The Kylie Cosmetics founder revealed in her caption that the upcoming collection is a tribute to her roots.<\/p>\n<p>&#8220;Born in LA <\/p>\n<p>Since its debut in November 2023, Khy has aimed to bridge the gap between high-end luxury and everyday streetwear by partnering with emerging designers. <a href=\"https:\/\/people.com\/kylie-jenner-fashion-brand-khy-hits-one-million-dollars-within-first-hour-of-launch-exclusive-8387010\" target=\"_blank\" rel=\"noopener nofollow\">People<\/a> was the first to report the brand\u2019s massive commercial appeal at launch, noting that the label netted over $1 million in sales within its very first hour. This latest &#8220;Born in LA&#8221; collection marks a shift toward domestic production, with Jenner emphasizing that the pieces are manufactured locally.<\/p>\n<p><a href=\"https:\/\/www.foxnews.com\/entertainment\/kim-kardashian-faces-parenting-police-praising-sons-dangerous-e-bike-trick\" target=\"_blank\" rel=\"noopener\"><strong>KIM KARDASHIAN FACES PARENTING POLICE OVER PRAISING SON&#8217;S &#8216;DANGEROUS&#8217; E-BIKE TRICK<\/strong><\/a><\/p>\n<p>The topless announcement comes on the heels of a busy festival season for the star. Jenner spent the weekend at Coachella, where she was spotted alongside longtime friend Hailey Bieber.<\/p>\n<div class=\"image-ct inline\">\n<div class=\"m\"><picture><source media=\"(max-width: 767px)\" srcset=\"https:\/\/a57.foxnews.com\/static.foxnews.com\/foxnews.com\/content\/uploads\/2026\/04\/343\/192\/Kylie-Jenner-Hailey-Bieber-Coachella.jpeg?ve=1&amp;tl=1, https:\/\/a57.foxnews.com\/static.foxnews.com\/foxnews.com\/content\/uploads\/2026\/04\/686\/384\/Kylie-Jenner-Hailey-Bieber-Coachella.jpeg?ve=1&amp;tl=1 2x\" height=\"192\" width=\"343\"><source media=\"(min-width: 768px) and (max-width: 1023px)\" srcset=\"https:\/\/a57.foxnews.com\/static.foxnews.com\/foxnews.com\/content\/uploads\/2026\/04\/672\/378\/Kylie-Jenner-Hailey-Bieber-Coachella.jpeg?ve=1&amp;tl=1, https:\/\/a57.foxnews.com\/static.foxnews.com\/foxnews.com\/content\/uploads\/2026\/04\/1344\/756\/Kylie-Jenner-Hailey-Bieber-Coachella.jpeg?ve=1&amp;tl=1 2x\" height=\"378\" width=\"672\"><source media=\"(min-width: 1024px) and (max-width: 1279px)\" srcset=\"https:\/\/a57.foxnews.com\/static.foxnews.com\/foxnews.com\/content\/uploads\/2026\/04\/931\/523\/Kylie-Jenner-Hailey-Bieber-Coachella.jpeg?ve=1&amp;tl=1, https:\/\/a57.foxnews.com\/static.foxnews.com\/foxnews.com\/content\/uploads\/2026\/04\/1862\/1046\/Kylie-Jenner-Hailey-Bieber-Coachella.jpeg?ve=1&amp;tl=1 2x\" height=\"523\" width=\"931\"><source media=\"(min-width: 1280px)\" srcset=\"https:\/\/a57.foxnews.com\/static.foxnews.com\/foxnews.com\/content\/uploads\/2026\/04\/720\/405\/Kylie-Jenner-Hailey-Bieber-Coachella.jpeg?ve=1&amp;tl=1, https:\/\/a57.foxnews.com\/static.foxnews.com\/foxnews.com\/content\/uploads\/2026\/04\/1440\/810\/Kylie-Jenner-Hailey-Bieber-Coachella.jpeg?ve=1&amp;tl=1 2x\" height=\"405\" width=\"720\"><img loading=\"lazy\" decoding=\"async\" src=\"https:\/\/a57.foxnews.com\/static.foxnews.com\/foxnews.com\/content\/uploads\/2026\/04\/1200\/675\/Kylie-Jenner-Hailey-Bieber-Coachella.jpeg?ve=1&amp;tl=1\" alt=\"Kylie Jenner and Hailey Bieber posing together outdoors; Kylie wears a white bra top and jeans, while Hailey wears a grey oversized jersey and black shorts.\" width=\"1200\" height=\"675\"\/><\/source><\/source><\/source><\/source><\/picture><\/div>\n<div class=\"info\">\n<div class=\"caption\">\n<p><span>Kylie Jenner and Hailey Bieber pose together at Coachella music festival.<\/span> <span>(Kylie Jenner\/Instagram)<\/span><\/p>\n<\/div>\n<\/div>\n<\/div>\n<p>In a photo shared from the Indio, California, festival, Jenner leaned into the lingerie-as-outerwear trend, sporting a sequined bra top with long fringe paired with baggy, light-wash denim. Bieber stood beside her in a coordinating casual look as the duo enjoyed the desert performances.<\/p>\n<p><a href=\"https:\/\/www.foxnews.com\/entertainment\/kylie-jenner-dazzles-daring-white-string-bikini-poolside-photos\" target=\"_blank\" rel=\"noopener\"><strong>KYLIE JENNER DAZZLES IN DARING WHITE STRING BIKINI FOR POOLSIDE PHOTOS<\/strong><\/a><\/p>\n<p>While her fashion remains on the cutting edge, Jenner recently admitted that her personal life is becoming increasingly centered on family. Speaking on the April 1 debut episode of <a href=\"https:\/\/www.youtube.com\/watch\" target=\"_blank\" rel=\"noopener nofollow\">Kid Cudi\u2019s Big Bro podcast<\/a>, she revealed that she recently sat down with her 8-year-old daughter, Stormi, to watch Keeping Up with the Kardashians for the first time.<\/p>\n<div class=\"image-ct inline\">\n<div class=\"m\"><picture><source media=\"(max-width: 767px)\" srcset=\"https:\/\/a57.foxnews.com\/static.foxnews.com\/foxnews.com\/content\/uploads\/2026\/04\/343\/192\/Kylie-Jenner-Coachella-Black-Top.jpeg?ve=1&amp;tl=1, https:\/\/a57.foxnews.com\/static.foxnews.com\/foxnews.com\/content\/uploads\/2026\/04\/686\/384\/Kylie-Jenner-Coachella-Black-Top.jpeg?ve=1&amp;tl=1 2x\" height=\"192\" width=\"343\"><source media=\"(min-width: 768px) and (max-width: 1023px)\" srcset=\"https:\/\/a57.foxnews.com\/static.foxnews.com\/foxnews.com\/content\/uploads\/2026\/04\/672\/378\/Kylie-Jenner-Coachella-Black-Top.jpeg?ve=1&amp;tl=1, https:\/\/a57.foxnews.com\/static.foxnews.com\/foxnews.com\/content\/uploads\/2026\/04\/1344\/756\/Kylie-Jenner-Coachella-Black-Top.jpeg?ve=1&amp;tl=1 2x\" height=\"378\" width=\"672\"><source media=\"(min-width: 1024px) and (max-width: 1279px)\" srcset=\"https:\/\/a57.foxnews.com\/static.foxnews.com\/foxnews.com\/content\/uploads\/2026\/04\/931\/523\/Kylie-Jenner-Coachella-Black-Top.jpeg?ve=1&amp;tl=1, https:\/\/a57.foxnews.com\/static.foxnews.com\/foxnews.com\/content\/uploads\/2026\/04\/1862\/1046\/Kylie-Jenner-Coachella-Black-Top.jpeg?ve=1&amp;tl=1 2x\" height=\"523\" width=\"931\"><source media=\"(min-width: 1280px)\" srcset=\"https:\/\/a57.foxnews.com\/static.foxnews.com\/foxnews.com\/content\/uploads\/2026\/04\/720\/405\/Kylie-Jenner-Coachella-Black-Top.jpeg?ve=1&amp;tl=1, https:\/\/a57.foxnews.com\/static.foxnews.com\/foxnews.com\/content\/uploads\/2026\/04\/1440\/810\/Kylie-Jenner-Coachella-Black-Top.jpeg?ve=1&amp;tl=1 2x\" height=\"405\" width=\"720\"><img loading=\"lazy\" decoding=\"async\" src=\"https:\/\/a57.foxnews.com\/static.foxnews.com\/foxnews.com\/content\/uploads\/2026\/04\/1200\/675\/Kylie-Jenner-Coachella-Black-Top.jpeg?ve=1&amp;tl=1\" alt=\"Kylie Jenner posing with a group of friends at an outdoor festival; she is wearing a sheer black long-sleeved top with a built-in lace bra design.\" width=\"1200\" height=\"675\"\/><\/source><\/source><\/source><\/source><\/picture><\/div>\n<div class=\"info\">\n<div class=\"caption\">\n<p><span>Kylie Jenner leans into the &#8220;lingerie-as-outerwear&#8221; trend, sporting a cropped black lace bra top while partying with friends at Coachella.<\/span> <span>(Kylie Jenner\/Insragram)<\/span><\/p>\n<\/div>\n<\/div>\n<\/div>\n<p>&#8220;I sat her down, and I&#8217;m like, &#8216;We started a television show when I was a year older than you, and that&#8217;s why we&#8217;re all in this together because we were all on the show together,'&#8221; Jenner recalled.<\/p>\n<p><a href=\"https:\/\/www.foxnews.com\/entertainment\" target=\"_blank\" rel=\"noopener\"><strong>LIKE WHAT YOU\u2019RE READING? CLICK HERE FOR MORE ENTERTAINMENT NEWS<\/strong><\/a><\/p>\n<p><a href=\"https:\/\/www.foxnews.com\/category\/media\/influencers\" target=\"_blank\" rel=\"noopener\">The star<\/a> confessed that watching the early footage left her deeply affected.<\/p>\n<p>&#8220;I was so emotional after,&#8221; she reflected in the interview. &#8220;I don&#8217;t know what hit me, but I was like weeping in my bed. Like I don&#8217;t know why that happened to me. I was just like maybe it&#8217;s like <a href=\"https:\/\/www.foxnews.com\/category\/lifestyle\/parenting\" target=\"_blank\" rel=\"noopener\">my daughter being the same age<\/a> as I was and just seeing like my family, and I&#8217;m like, you know, just feeling so grateful for all that we&#8217;ve built and like but also mourning like that closeness when we were all kind of living under the same roof.&#8221;<\/p>\n<p><a href=\"https:\/\/www.foxnews.com\/entertainment\/justin-bieber-10m-coachella-comeback-draws-backlash-plays-youtube-videos-set\" target=\"_blank\" rel=\"noopener\"><strong>JUSTIN BIEBER&#8217;S $10M COACHELLA COMEBACK DRAWS BACKLASH AFTER HE PLAYS YOUTUBE VIDEOS DURING HIS SET<\/strong><\/a><\/p>\n<div class=\"image-ct inline\">\n<div class=\"m\"><picture><source media=\"(max-width: 767px)\" srcset=\"https:\/\/a57.foxnews.com\/static.foxnews.com\/foxnews.com\/content\/uploads\/2026\/04\/343\/192\/kylie-jenner-golden-globes-beverly-hills-fox-news-001.jpeg?ve=1&amp;tl=1, https:\/\/a57.foxnews.com\/static.foxnews.com\/foxnews.com\/content\/uploads\/2026\/04\/686\/384\/kylie-jenner-golden-globes-beverly-hills-fox-news-001.jpeg?ve=1&amp;tl=1 2x\" height=\"192\" width=\"343\"><source media=\"(min-width: 768px) and (max-width: 1023px)\" srcset=\"https:\/\/a57.foxnews.com\/static.foxnews.com\/foxnews.com\/content\/uploads\/2026\/04\/672\/378\/kylie-jenner-golden-globes-beverly-hills-fox-news-001.jpeg?ve=1&amp;tl=1, https:\/\/a57.foxnews.com\/static.foxnews.com\/foxnews.com\/content\/uploads\/2026\/04\/1344\/756\/kylie-jenner-golden-globes-beverly-hills-fox-news-001.jpeg?ve=1&amp;tl=1 2x\" height=\"378\" width=\"672\"><source media=\"(min-width: 1024px) and (max-width: 1279px)\" srcset=\"https:\/\/a57.foxnews.com\/static.foxnews.com\/foxnews.com\/content\/uploads\/2026\/04\/931\/523\/kylie-jenner-golden-globes-beverly-hills-fox-news-001.jpeg?ve=1&amp;tl=1, https:\/\/a57.foxnews.com\/static.foxnews.com\/foxnews.com\/content\/uploads\/2026\/04\/1862\/1046\/kylie-jenner-golden-globes-beverly-hills-fox-news-001.jpeg?ve=1&amp;tl=1 2x\" height=\"523\" width=\"931\"><source media=\"(min-width: 1280px)\" srcset=\"https:\/\/a57.foxnews.com\/static.foxnews.com\/foxnews.com\/content\/uploads\/2026\/04\/720\/405\/kylie-jenner-golden-globes-beverly-hills-fox-news-001.jpeg?ve=1&amp;tl=1, https:\/\/a57.foxnews.com\/static.foxnews.com\/foxnews.com\/content\/uploads\/2026\/04\/1440\/810\/kylie-jenner-golden-globes-beverly-hills-fox-news-001.jpeg?ve=1&amp;tl=1 2x\" height=\"405\" width=\"720\"><img loading=\"lazy\" decoding=\"async\" src=\"https:\/\/a57.foxnews.com\/static.foxnews.com\/foxnews.com\/content\/uploads\/2026\/04\/1200\/675\/kylie-jenner-golden-globes-beverly-hills-fox-news-001.jpeg?ve=1&amp;tl=1\" alt=\"Kylie Jenner posing at the 83rd Annual Golden Globes in Beverly Hills\" width=\"1200\" height=\"675\"\/><\/source><\/source><\/source><\/source><\/picture><\/div>\n<div class=\"info\">\n<div class=\"caption\">\n<p><span>Kylie Jenner is a mother to daughter Stormi, 8, and son Aire, 4.<\/span> <span>(Christopher Polk\/2026GG\/Penske Media)<\/span><\/p>\n<\/div>\n<\/div>\n<\/div>\n<p>Jenner added that it was a &#8220;very emotional&#8221; experience that allowed her to travel back in time. &#8220;I didn&#8217;t know it was going to hit me like that,&#8221; she said, noting that she fast-forwarded through &#8220;inappropriate&#8221; parts of the show for her daughter.<\/p>\n<p>Beyond the nostalgia, Jenner noted that her children remain the primary force that keeps her centered. &#8220;I have my family. I have my kids that I go home to that love me so much and have no idea what&#8217;s going on in this world,&#8221; she said. &#8220;They definitely keep me grounded.&#8221;<\/p>\n<p><a href=\"https:\/\/foxnews.onelink.me\/xLDS?pid=AppArticleLink&amp;af_dp=foxnewsaf%3A%2F%2F&amp;af_web_dp=https%3A%2F%2Fwww.foxnews.com%2Fapps-products\" target=\"_blank\" rel=\"noopener\"><strong>CLICK HERE TO DOWNLOAD THE FOX NEWS APP<\/strong><\/a><\/p>\n<p> <!----> <!----> <\/p>\n<div class=\"article-meta\">\n<div class=\"author-bio\">\n<p>Danielle Minnetian is an entertainment production assistant for Fox News Digital.<\/p>\n<\/div>\n<\/div>\n<\/div>\n<p><script async src=\"\/\/www.instagram.com\/embed.js\"><\/script><br \/>\n<br \/><br \/>\n<br \/><a href=\"https:\/\/www.foxnews.com\/entertainment\/kylie-jenner-goes-topless-instagram-latest-fashion-launch\">Source link <\/a><\/p>","protected":false},"excerpt":{"rendered":"<p>NEWYou can now listen to Fox News articles! Kylie Jenner is stripping back the layers to reveal her most personal project yet. The 28-year-old reality icon took to Instagram on Monday to announce the latest drop for her fashion label, Khy. Posing topless in a minimalist portrait, Jenner used her hands to cover her chest [&hellip;]<\/p>\n","protected":false},"author":1,"featured_media":107622,"comment_status":"closed","ping_status":"","sticky":false,"template":"","format":"standard","meta":{"googlesitekit_rrm_CAow2JLhCw:productID":"","_gspb_post_css":"","maa_idioma":"","maa_pais":"","footnotes":""},"categories":[1],"tags":[16072,6445,15827,3038,28408,12018,28409,8640],"class_list":["post-107621","post","type-post","status-publish","format-standard","has-post-thumbnail","hentry","category-ubirata","tag-born","tag-collection","tag-fashion","tag-jenner","tag-khy","tag-kylie","tag-labels","tag-launches"],"blocksy_meta":[],"yoast_head":"<!-- This site is optimized with the Yoast SEO Premium plugin v27.6 (Yoast SEO v27.6) - https:\/\/yoast.com\/product\/yoast-seo-premium-wordpress\/ -->\n<title>Kylie Jenner launches Khy fashion label&#039;s new &#039;Born in LA&#039; collection - Ubirat\u00e3 Online Not\u00edcias - A realidade ao seu alcance!<\/title>\n<meta name=\"description\" content=\"NEWYou can now listen to Fox News articles! Kylie Jenner is stripping back the layers to reveal her most personal project yet.The 28-year-old reality icon\" \/>\n<meta name=\"robots\" content=\"index, follow, max-snippet:-1, max-image-preview:large, max-video-preview:-1\" \/>\n<link rel=\"canonical\" href=\"https:\/\/ubirataonline.com.br\/en\/kylie-jenner-launches-khy-fashion-labels-new-born-in-la-collection\/\" \/>\n<meta property=\"og:locale\" content=\"en_US\" \/>\n<meta property=\"og:type\" content=\"article\" \/>\n<meta property=\"og:title\" content=\"Kylie Jenner launches Khy fashion label&#039;s new &#039;Born in LA&#039; collection\" \/>\n<meta property=\"og:description\" content=\"NEWYou can now listen to Fox News articles! Kylie Jenner is stripping back the layers to reveal her most personal project yet.The 28-year-old reality icon\" \/>\n<meta property=\"og:url\" content=\"https:\/\/ubirataonline.com.br\/en\/kylie-jenner-launches-khy-fashion-labels-new-born-in-la-collection\/\" \/>\n<meta property=\"og:site_name\" content=\"Ubirat\u00e3 Online Not\u00edcias - A realidade ao seu alcance!\" \/>\n<meta property=\"article:publisher\" content=\"https:\/\/www.facebook.com\/portalubirataonline\" \/>\n<meta property=\"article:author\" content=\"https:\/\/www.facebook.com\/portalubirataonline\" \/>\n<meta property=\"article:published_time\" content=\"2026-04-15T03:48:51+00:00\" \/>\n<meta property=\"article:modified_time\" content=\"2026-04-15T03:48:54+00:00\" \/>\n<meta property=\"og:image\" content=\"https:\/\/ubirataonline.com.br\/wp-content\/uploads\/2026\/04\/Kylie-Jenner-launches-Khy-fashion-labels-new-Born-in-LA.jpeg\" \/>\n\t<meta property=\"og:image:width\" content=\"1280\" \/>\n\t<meta property=\"og:image:height\" content=\"720\" \/>\n\t<meta property=\"og:image:type\" content=\"image\/jpeg\" \/>\n<meta name=\"author\" content=\"REDA\u00c7\u00c3O: UBIRAT\u00c3 ONLINE - F\u00c1BIO AUGUSTO CELESTINO\" \/>\n<meta name=\"twitter:card\" content=\"summary_large_image\" \/>\n<meta name=\"twitter:creator\" content=\"@x.com\/ubirataonline\" \/>\n<meta name=\"twitter:site\" content=\"@ubirataonline\" \/>\n<meta name=\"twitter:label1\" content=\"Written by\" \/>\n\t<meta name=\"twitter:data1\" content=\"REDA\u00c7\u00c3O: UBIRAT\u00c3 ONLINE - F\u00c1BIO AUGUSTO CELESTINO\" \/>\n\t<meta name=\"twitter:label2\" content=\"Est. reading time\" \/>\n\t<meta name=\"twitter:data2\" content=\"3 minutes\" \/>\n<script type=\"application\/ld+json\" class=\"yoast-schema-graph\">{\"@context\":\"https:\\\/\\\/schema.org\",\"@graph\":[{\"@type\":\"NewsArticle\",\"@id\":\"https:\\\/\\\/ubirataonline.com.br\\\/kylie-jenner-launches-khy-fashion-labels-new-born-in-la-collection\\\/#article\",\"isPartOf\":{\"@id\":\"https:\\\/\\\/ubirataonline.com.br\\\/kylie-jenner-launches-khy-fashion-labels-new-born-in-la-collection\\\/\"},\"author\":{\"name\":\"REDA\u00c7\u00c3O: UBIRAT\u00c3 ONLINE - F\u00c1BIO AUGUSTO CELESTINO\",\"@id\":\"https:\\\/\\\/ubirataonline.com.br\\\/#\\\/schema\\\/person\\\/372f87bbd3fdd79b8556b84c98d0bc1c\"},\"headline\":\"Kylie Jenner launches Khy fashion label&#8217;s new &#8216;Born in LA&#8217; collection\",\"datePublished\":\"2026-04-15T03:48:51+00:00\",\"dateModified\":\"2026-04-15T03:48:54+00:00\",\"mainEntityOfPage\":{\"@id\":\"https:\\\/\\\/ubirataonline.com.br\\\/kylie-jenner-launches-khy-fashion-labels-new-born-in-la-collection\\\/\"},\"wordCount\":714,\"publisher\":{\"@id\":\"https:\\\/\\\/ubirataonline.com.br\\\/#organization\"},\"image\":{\"@id\":\"https:\\\/\\\/ubirataonline.com.br\\\/kylie-jenner-launches-khy-fashion-labels-new-born-in-la-collection\\\/#primaryimage\"},\"thumbnailUrl\":\"https:\\\/\\\/ubirataonline.com.br\\\/wp-content\\\/uploads\\\/2026\\\/04\\\/Kylie-Jenner-launches-Khy-fashion-labels-new-Born-in-LA.jpeg\",\"keywords\":[\"Born\",\"Collection\",\"Fashion\",\"Jenner\",\"Khy\",\"Kylie\",\"labels\",\"Launches\"],\"articleSection\":[\"Ubirat\u00e3\"],\"inLanguage\":\"en-US\",\"copyrightYear\":\"2026\",\"copyrightHolder\":{\"@id\":\"https:\\\/\\\/ubirataonline.com.br\\\/en\\\/#organization\"}},{\"@type\":\"WebPage\",\"@id\":\"https:\\\/\\\/ubirataonline.com.br\\\/kylie-jenner-launches-khy-fashion-labels-new-born-in-la-collection\\\/\",\"url\":\"https:\\\/\\\/ubirataonline.com.br\\\/kylie-jenner-launches-khy-fashion-labels-new-born-in-la-collection\\\/\",\"name\":\"Kylie Jenner launches Khy fashion label's new 'Born in LA' collection - Ubirat\u00e3 Online Not\u00edcias - A realidade ao seu alcance!\",\"isPartOf\":{\"@id\":\"https:\\\/\\\/ubirataonline.com.br\\\/#website\"},\"primaryImageOfPage\":{\"@id\":\"https:\\\/\\\/ubirataonline.com.br\\\/kylie-jenner-launches-khy-fashion-labels-new-born-in-la-collection\\\/#primaryimage\"},\"image\":{\"@id\":\"https:\\\/\\\/ubirataonline.com.br\\\/kylie-jenner-launches-khy-fashion-labels-new-born-in-la-collection\\\/#primaryimage\"},\"thumbnailUrl\":\"https:\\\/\\\/ubirataonline.com.br\\\/wp-content\\\/uploads\\\/2026\\\/04\\\/Kylie-Jenner-launches-Khy-fashion-labels-new-Born-in-LA.jpeg\",\"datePublished\":\"2026-04-15T03:48:51+00:00\",\"dateModified\":\"2026-04-15T03:48:54+00:00\",\"description\":\"NEWYou can now listen to Fox News articles! Kylie Jenner is stripping back the layers to reveal her most personal project yet.The 28-year-old reality icon\",\"breadcrumb\":{\"@id\":\"https:\\\/\\\/ubirataonline.com.br\\\/kylie-jenner-launches-khy-fashion-labels-new-born-in-la-collection\\\/#breadcrumb\"},\"inLanguage\":\"en-US\",\"potentialAction\":[{\"@type\":\"ReadAction\",\"target\":[\"https:\\\/\\\/ubirataonline.com.br\\\/kylie-jenner-launches-khy-fashion-labels-new-born-in-la-collection\\\/\"]}]},{\"@type\":\"ImageObject\",\"inLanguage\":\"en-US\",\"@id\":\"https:\\\/\\\/ubirataonline.com.br\\\/kylie-jenner-launches-khy-fashion-labels-new-born-in-la-collection\\\/#primaryimage\",\"url\":\"https:\\\/\\\/ubirataonline.com.br\\\/wp-content\\\/uploads\\\/2026\\\/04\\\/Kylie-Jenner-launches-Khy-fashion-labels-new-Born-in-LA.jpeg\",\"contentUrl\":\"https:\\\/\\\/ubirataonline.com.br\\\/wp-content\\\/uploads\\\/2026\\\/04\\\/Kylie-Jenner-launches-Khy-fashion-labels-new-Born-in-LA.jpeg\",\"width\":1280,\"height\":720,\"caption\":\"Kylie Jenner launches Khy fashion label's new 'Born in LA' collection\"},{\"@type\":\"BreadcrumbList\",\"@id\":\"https:\\\/\\\/ubirataonline.com.br\\\/kylie-jenner-launches-khy-fashion-labels-new-born-in-la-collection\\\/#breadcrumb\",\"itemListElement\":[{\"@type\":\"ListItem\",\"position\":1,\"name\":\"In\u00edcio\",\"item\":\"https:\\\/\\\/ubirataonline.com.br\\\/\"},{\"@type\":\"ListItem\",\"position\":2,\"name\":\"Kylie Jenner launches Khy fashion label&#8217;s new &#8216;Born in LA&#8217; collection\"}]},{\"@type\":\"WebSite\",\"@id\":\"https:\\\/\\\/ubirataonline.com.br\\\/#website\",\"url\":\"https:\\\/\\\/ubirataonline.com.br\\\/\",\"name\":\"Ubirat\u00e3 Online Not\u00edcias\",\"description\":\"Not\u00edcias de Ubirat\u00e3, regi\u00e3o, Brasil e mundo, com informa\u00e7\u00e3o atualizada e compromisso com o leitor.\",\"publisher\":{\"@id\":\"https:\\\/\\\/ubirataonline.com.br\\\/#organization\"},\"alternateName\":\"Ubirat\u00e3 Online\",\"potentialAction\":[{\"@type\":\"SearchAction\",\"target\":{\"@type\":\"EntryPoint\",\"urlTemplate\":\"https:\\\/\\\/ubirataonline.com.br\\\/?s={search_term_string}\"},\"query-input\":{\"@type\":\"PropertyValueSpecification\",\"valueRequired\":true,\"valueName\":\"search_term_string\"}}],\"inLanguage\":\"en-US\"},{\"@type\":[\"Organization\",\"Place\"],\"@id\":\"https:\\\/\\\/ubirataonline.com.br\\\/#organization\",\"name\":\"Ubirat\u00e3 Online Not\u00edcias\",\"alternateName\":\"Ubirat\u00e3 Online\",\"url\":\"https:\\\/\\\/ubirataonline.com.br\\\/\",\"logo\":{\"@id\":\"https:\\\/\\\/ubirataonline.com.br\\\/kylie-jenner-launches-khy-fashion-labels-new-born-in-la-collection\\\/#local-main-organization-logo\"},\"image\":{\"@id\":\"https:\\\/\\\/ubirataonline.com.br\\\/kylie-jenner-launches-khy-fashion-labels-new-born-in-la-collection\\\/#local-main-organization-logo\"},\"sameAs\":[\"https:\\\/\\\/www.facebook.com\\\/portalubirataonline\",\"https:\\\/\\\/x.com\\\/ubirataonline\",\"https:\\\/\\\/mastodon.social\\\/@ubirataonline\",\"https:\\\/\\\/www.facebook.com\\\/groups\\\/311144672285604\",\"https:\\\/\\\/www.facebook.com\\\/UBTAOnline\",\"https:\\\/\\\/www.instagram.com\\\/portalubirataonline\\\/\",\"https:\\\/\\\/twitter.com\\\/ubirataonline\"],\"description\":\"Somos um portal de not\u00edcias independente, criado em 5 de janeiro de 2009, com o objetivo de informar, conectar e valorizar a nossa comunidade de Ubirat\u00e3 e toda aregi\u00e3o. Com conte\u00fado atualizado, confi\u00e1vel e relevante, o Ubirat\u00e3 Online \u00e9 o seu espa\u00e7o para ficar por dentro dos principais acontecimentos locais, regionais, Brasil, Mundo e de interesse geral. Nosso compromisso \u00e9 com a verdade, a transpar\u00eancia e o respeito ao leitor.\",\"legalName\":\"UBIRATA ONLINE NOT\u00cdCIAS\",\"foundingDate\":\"2009-01-05\",\"numberOfEmployees\":{\"@type\":\"QuantitativeValue\",\"minValue\":\"1\",\"maxValue\":\"10\"},\"publishingPrinciples\":\"https:\\\/\\\/ubirataonline.com.br\\\/faq\\\/\",\"address\":{\"@id\":\"https:\\\/\\\/ubirataonline.com.br\\\/kylie-jenner-launches-khy-fashion-labels-new-born-in-la-collection\\\/#local-main-place-address\"},\"geo\":{\"@type\":\"GeoCoordinates\",\"latitude\":\"-24.5361401\",\"longitude\":\"-52.9921776\"},\"telephone\":[\"+5544998308235\"],\"contactPoint\":{\"@type\":\"ContactPoint\",\"email\":\"contato@ubirataonline.com.br\"},\"openingHoursSpecification\":{\"@type\":\"OpeningHoursSpecification\",\"dayOfWeek\":[\"Monday\",\"Tuesday\",\"Wednesday\",\"Thursday\",\"Friday\",\"Saturday\",\"Sunday\"],\"opens\":\"00:00\",\"closes\":\"23:59\"},\"email\":\"contato@ubirataonline.com.br\",\"vatID\":\"47.621.418\\\/0001-80\"},{\"@type\":\"Person\",\"@id\":\"https:\\\/\\\/ubirataonline.com.br\\\/#\\\/schema\\\/person\\\/372f87bbd3fdd79b8556b84c98d0bc1c\",\"name\":\"REDA\u00c7\u00c3O: UBIRAT\u00c3 ONLINE - F\u00c1BIO AUGUSTO CELESTINO\",\"pronouns\":\"Ele\",\"description\":\"Desde 2003 trabalhando com not\u00edcias.\",\"sameAs\":[\"http:\\\/\\\/ubirataoline.com.br\",\"https:\\\/\\\/www.facebook.com\\\/portalubirataonline\",\"https:\\\/\\\/www.instagram.com\\\/ubirataonline_oficial\",\"https:\\\/\\\/x.com\\\/x.com\\\/ubirataonline\"],\"honorificPrefix\":\"Mr.\",\"honorificSuffix\":\"MD\",\"birthDate\":\"1980-06-16\",\"gender\":\"masculino\",\"award\":[\"V\u00e1rios pr\u00eamios de melhor portal da cidade\"],\"jobTitle\":\"Diretor\",\"url\":\"https:\\\/\\\/ubirataonline.com.br\\\/en\\\/author\\\/ubirataonline\\\/\"},{\"@type\":\"PostalAddress\",\"@id\":\"https:\\\/\\\/ubirataonline.com.br\\\/kylie-jenner-launches-khy-fashion-labels-new-born-in-la-collection\\\/#local-main-place-address\",\"streetAddress\":\"Rua dos Coqueiros, 104 - Bairro Boa Vista, Rua dos Coqueiros, 104 Bairro Boa Vista\",\"addressLocality\":\"UBIRATA\",\"postalCode\":\"85440-000\",\"addressRegion\":\"PR\",\"addressCountry\":\"BR\"},{\"@type\":\"ImageObject\",\"inLanguage\":\"en-US\",\"@id\":\"https:\\\/\\\/ubirataonline.com.br\\\/kylie-jenner-launches-khy-fashion-labels-new-born-in-la-collection\\\/#local-main-organization-logo\",\"url\":\"https:\\\/\\\/ubirataonline.com.br\\\/wp-content\\\/uploads\\\/2026\\\/06\\\/logoubirataonline-1.webp\",\"contentUrl\":\"https:\\\/\\\/ubirataonline.com.br\\\/wp-content\\\/uploads\\\/2026\\\/06\\\/logoubirataonline-1.webp\",\"width\":500,\"height\":500,\"caption\":\"Ubirat\u00e3 Online Not\u00edcias\"}]}<\/script>\n<meta name=\"geo.placename\" content=\"UBIRATA\" \/>\n<meta name=\"geo.position\" content=\"-24.5361401;-52.9921776\" \/>\n<meta name=\"geo.region\" content=\"Brazil\" \/>\n<!-- \/ Yoast SEO Premium plugin. -->","yoast_head_json":{"title":"Kylie Jenner launches Khy fashion label's new 'Born in LA' collection - Ubirat\u00e3 Online Not\u00edcias - A realidade ao seu alcance!","description":"NEWYou can now listen to Fox News articles! Kylie Jenner is stripping back the layers to reveal her most personal project yet.The 28-year-old reality icon","robots":{"index":"index","follow":"follow","max-snippet":"max-snippet:-1","max-image-preview":"max-image-preview:large","max-video-preview":"max-video-preview:-1"},"canonical":"https:\/\/ubirataonline.com.br\/en\/kylie-jenner-launches-khy-fashion-labels-new-born-in-la-collection\/","og_locale":"en_US","og_type":"article","og_title":"Kylie Jenner launches Khy fashion label's new 'Born in LA' collection","og_description":"NEWYou can now listen to Fox News articles! Kylie Jenner is stripping back the layers to reveal her most personal project yet.The 28-year-old reality icon","og_url":"https:\/\/ubirataonline.com.br\/en\/kylie-jenner-launches-khy-fashion-labels-new-born-in-la-collection\/","og_site_name":"Ubirat\u00e3 Online Not\u00edcias - A realidade ao seu alcance!","article_publisher":"https:\/\/www.facebook.com\/portalubirataonline","article_author":"https:\/\/www.facebook.com\/portalubirataonline","article_published_time":"2026-04-15T03:48:51+00:00","article_modified_time":"2026-04-15T03:48:54+00:00","og_image":[{"width":1280,"height":720,"url":"https:\/\/ubirataonline.com.br\/wp-content\/uploads\/2026\/04\/Kylie-Jenner-launches-Khy-fashion-labels-new-Born-in-LA.jpeg","type":"image\/jpeg"}],"author":"REDA\u00c7\u00c3O: UBIRAT\u00c3 ONLINE - F\u00c1BIO AUGUSTO CELESTINO","twitter_card":"summary_large_image","twitter_creator":"@x.com\/ubirataonline","twitter_site":"@ubirataonline","twitter_misc":{"Written by":"REDA\u00c7\u00c3O: UBIRAT\u00c3 ONLINE - F\u00c1BIO AUGUSTO CELESTINO","Est. reading time":"3 minutes"},"schema":{"@context":"https:\/\/schema.org","@graph":[{"@type":"NewsArticle","@id":"https:\/\/ubirataonline.com.br\/kylie-jenner-launches-khy-fashion-labels-new-born-in-la-collection\/#article","isPartOf":{"@id":"https:\/\/ubirataonline.com.br\/kylie-jenner-launches-khy-fashion-labels-new-born-in-la-collection\/"},"author":{"name":"REDA\u00c7\u00c3O: UBIRAT\u00c3 ONLINE - F\u00c1BIO AUGUSTO CELESTINO","@id":"https:\/\/ubirataonline.com.br\/#\/schema\/person\/372f87bbd3fdd79b8556b84c98d0bc1c"},"headline":"Kylie Jenner launches Khy fashion label&#8217;s new &#8216;Born in LA&#8217; collection","datePublished":"2026-04-15T03:48:51+00:00","dateModified":"2026-04-15T03:48:54+00:00","mainEntityOfPage":{"@id":"https:\/\/ubirataonline.com.br\/kylie-jenner-launches-khy-fashion-labels-new-born-in-la-collection\/"},"wordCount":714,"publisher":{"@id":"https:\/\/ubirataonline.com.br\/#organization"},"image":{"@id":"https:\/\/ubirataonline.com.br\/kylie-jenner-launches-khy-fashion-labels-new-born-in-la-collection\/#primaryimage"},"thumbnailUrl":"https:\/\/ubirataonline.com.br\/wp-content\/uploads\/2026\/04\/Kylie-Jenner-launches-Khy-fashion-labels-new-Born-in-LA.jpeg","keywords":["Born","Collection","Fashion","Jenner","Khy","Kylie","labels","Launches"],"articleSection":["Ubirat\u00e3"],"inLanguage":"en-US","copyrightYear":"2026","copyrightHolder":{"@id":"https:\/\/ubirataonline.com.br\/en\/#organization"}},{"@type":"WebPage","@id":"https:\/\/ubirataonline.com.br\/kylie-jenner-launches-khy-fashion-labels-new-born-in-la-collection\/","url":"https:\/\/ubirataonline.com.br\/kylie-jenner-launches-khy-fashion-labels-new-born-in-la-collection\/","name":"Kylie Jenner launches Khy fashion label's new 'Born in LA' collection - Ubirat\u00e3 Online Not\u00edcias - A realidade ao seu alcance!","isPartOf":{"@id":"https:\/\/ubirataonline.com.br\/#website"},"primaryImageOfPage":{"@id":"https:\/\/ubirataonline.com.br\/kylie-jenner-launches-khy-fashion-labels-new-born-in-la-collection\/#primaryimage"},"image":{"@id":"https:\/\/ubirataonline.com.br\/kylie-jenner-launches-khy-fashion-labels-new-born-in-la-collection\/#primaryimage"},"thumbnailUrl":"https:\/\/ubirataonline.com.br\/wp-content\/uploads\/2026\/04\/Kylie-Jenner-launches-Khy-fashion-labels-new-Born-in-LA.jpeg","datePublished":"2026-04-15T03:48:51+00:00","dateModified":"2026-04-15T03:48:54+00:00","description":"NEWYou can now listen to Fox News articles! Kylie Jenner is stripping back the layers to reveal her most personal project yet.The 28-year-old reality icon","breadcrumb":{"@id":"https:\/\/ubirataonline.com.br\/kylie-jenner-launches-khy-fashion-labels-new-born-in-la-collection\/#breadcrumb"},"inLanguage":"en-US","potentialAction":[{"@type":"ReadAction","target":["https:\/\/ubirataonline.com.br\/kylie-jenner-launches-khy-fashion-labels-new-born-in-la-collection\/"]}]},{"@type":"ImageObject","inLanguage":"en-US","@id":"https:\/\/ubirataonline.com.br\/kylie-jenner-launches-khy-fashion-labels-new-born-in-la-collection\/#primaryimage","url":"https:\/\/ubirataonline.com.br\/wp-content\/uploads\/2026\/04\/Kylie-Jenner-launches-Khy-fashion-labels-new-Born-in-LA.jpeg","contentUrl":"https:\/\/ubirataonline.com.br\/wp-content\/uploads\/2026\/04\/Kylie-Jenner-launches-Khy-fashion-labels-new-Born-in-LA.jpeg","width":1280,"height":720,"caption":"Kylie Jenner launches Khy fashion label's new 'Born in LA' collection"},{"@type":"BreadcrumbList","@id":"https:\/\/ubirataonline.com.br\/kylie-jenner-launches-khy-fashion-labels-new-born-in-la-collection\/#breadcrumb","itemListElement":[{"@type":"ListItem","position":1,"name":"In\u00edcio","item":"https:\/\/ubirataonline.com.br\/"},{"@type":"ListItem","position":2,"name":"Kylie Jenner launches Khy fashion label&#8217;s new &#8216;Born in LA&#8217; collection"}]},{"@type":"WebSite","@id":"https:\/\/ubirataonline.com.br\/#website","url":"https:\/\/ubirataonline.com.br\/","name":"Ubirat\u00e3 Online Not\u00edcias","description":"Not\u00edcias de Ubirat\u00e3, regi\u00e3o, Brasil e mundo, com informa\u00e7\u00e3o atualizada e compromisso com o leitor.","publisher":{"@id":"https:\/\/ubirataonline.com.br\/#organization"},"alternateName":"Ubirat\u00e3 Online","potentialAction":[{"@type":"SearchAction","target":{"@type":"EntryPoint","urlTemplate":"https:\/\/ubirataonline.com.br\/?s={search_term_string}"},"query-input":{"@type":"PropertyValueSpecification","valueRequired":true,"valueName":"search_term_string"}}],"inLanguage":"en-US"},{"@type":["Organization","Place"],"@id":"https:\/\/ubirataonline.com.br\/#organization","name":"Ubirat\u00e3 Online Not\u00edcias","alternateName":"Ubirat\u00e3 Online","url":"https:\/\/ubirataonline.com.br\/","logo":{"@id":"https:\/\/ubirataonline.com.br\/kylie-jenner-launches-khy-fashion-labels-new-born-in-la-collection\/#local-main-organization-logo"},"image":{"@id":"https:\/\/ubirataonline.com.br\/kylie-jenner-launches-khy-fashion-labels-new-born-in-la-collection\/#local-main-organization-logo"},"sameAs":["https:\/\/www.facebook.com\/portalubirataonline","https:\/\/x.com\/ubirataonline","https:\/\/mastodon.social\/@ubirataonline","https:\/\/www.facebook.com\/groups\/311144672285604","https:\/\/www.facebook.com\/UBTAOnline","https:\/\/www.instagram.com\/portalubirataonline\/","https:\/\/twitter.com\/ubirataonline"],"description":"Somos um portal de not\u00edcias independente, criado em 5 de janeiro de 2009, com o objetivo de informar, conectar e valorizar a nossa comunidade de Ubirat\u00e3 e toda aregi\u00e3o. Com conte\u00fado atualizado, confi\u00e1vel e relevante, o Ubirat\u00e3 Online \u00e9 o seu espa\u00e7o para ficar por dentro dos principais acontecimentos locais, regionais, Brasil, Mundo e de interesse geral. Nosso compromisso \u00e9 com a verdade, a transpar\u00eancia e o respeito ao leitor.","legalName":"UBIRATA ONLINE NOT\u00cdCIAS","foundingDate":"2009-01-05","numberOfEmployees":{"@type":"QuantitativeValue","minValue":"1","maxValue":"10"},"publishingPrinciples":"https:\/\/ubirataonline.com.br\/faq\/","address":{"@id":"https:\/\/ubirataonline.com.br\/kylie-jenner-launches-khy-fashion-labels-new-born-in-la-collection\/#local-main-place-address"},"geo":{"@type":"GeoCoordinates","latitude":"-24.5361401","longitude":"-52.9921776"},"telephone":["+5544998308235"],"contactPoint":{"@type":"ContactPoint","email":"contato@ubirataonline.com.br"},"openingHoursSpecification":{"@type":"OpeningHoursSpecification","dayOfWeek":["Monday","Tuesday","Wednesday","Thursday","Friday","Saturday","Sunday"],"opens":"00:00","closes":"23:59"},"email":"contato@ubirataonline.com.br","vatID":"47.621.418\/0001-80"},{"@type":"Person","@id":"https:\/\/ubirataonline.com.br\/#\/schema\/person\/372f87bbd3fdd79b8556b84c98d0bc1c","name":"REDA\u00c7\u00c3O: UBIRAT\u00c3 ONLINE - F\u00c1BIO AUGUSTO CELESTINO","pronouns":"Ele","description":"Desde 2003 trabalhando com not\u00edcias.","sameAs":["http:\/\/ubirataoline.com.br","https:\/\/www.facebook.com\/portalubirataonline","https:\/\/www.instagram.com\/ubirataonline_oficial","https:\/\/x.com\/x.com\/ubirataonline"],"honorificPrefix":"Mr.","honorificSuffix":"MD","birthDate":"1980-06-16","gender":"masculino","award":["V\u00e1rios pr\u00eamios de melhor portal da cidade"],"jobTitle":"Diretor","url":"https:\/\/ubirataonline.com.br\/en\/author\/ubirataonline\/"},{"@type":"PostalAddress","@id":"https:\/\/ubirataonline.com.br\/kylie-jenner-launches-khy-fashion-labels-new-born-in-la-collection\/#local-main-place-address","streetAddress":"Rua dos Coqueiros, 104 - Bairro Boa Vista, Rua dos Coqueiros, 104 Bairro Boa Vista","addressLocality":"UBIRATA","postalCode":"85440-000","addressRegion":"PR","addressCountry":"BR"},{"@type":"ImageObject","inLanguage":"en-US","@id":"https:\/\/ubirataonline.com.br\/kylie-jenner-launches-khy-fashion-labels-new-born-in-la-collection\/#local-main-organization-logo","url":"https:\/\/ubirataonline.com.br\/wp-content\/uploads\/2026\/06\/logoubirataonline-1.webp","contentUrl":"https:\/\/ubirataonline.com.br\/wp-content\/uploads\/2026\/06\/logoubirataonline-1.webp","width":500,"height":500,"caption":"Ubirat\u00e3 Online Not\u00edcias"}]},"geo.placename":"UBIRATA","geo.position":{"lat":"-24.5361401","long":"-52.9921776"},"geo.region":"Brazil"},"_links":{"self":[{"href":"https:\/\/ubirataonline.com.br\/en\/wp-json\/wp\/v2\/posts\/107621","targetHints":{"allow":["GET"]}}],"collection":[{"href":"https:\/\/ubirataonline.com.br\/en\/wp-json\/wp\/v2\/posts"}],"about":[{"href":"https:\/\/ubirataonline.com.br\/en\/wp-json\/wp\/v2\/types\/post"}],"author":[{"embeddable":true,"href":"https:\/\/ubirataonline.com.br\/en\/wp-json\/wp\/v2\/users\/1"}],"replies":[{"embeddable":true,"href":"https:\/\/ubirataonline.com.br\/en\/wp-json\/wp\/v2\/comments?post=107621"}],"version-history":[{"count":0,"href":"https:\/\/ubirataonline.com.br\/en\/wp-json\/wp\/v2\/posts\/107621\/revisions"}],"wp:featuredmedia":[{"embeddable":true,"href":"https:\/\/ubirataonline.com.br\/en\/wp-json\/wp\/v2\/media\/107622"}],"wp:attachment":[{"href":"https:\/\/ubirataonline.com.br\/en\/wp-json\/wp\/v2\/media?parent=107621"}],"wp:term":[{"taxonomy":"category","embeddable":true,"href":"https:\/\/ubirataonline.com.br\/en\/wp-json\/wp\/v2\/categories?post=107621"},{"taxonomy":"post_tag","embeddable":true,"href":"https:\/\/ubirataonline.com.br\/en\/wp-json\/wp\/v2\/tags?post=107621"}],"curies":[{"name":"wp","href":"https:\/\/api.w.org\/{rel}","templated":true}]}}