{"id":107683,"date":"2026-04-15T02:06:56","date_gmt":"2026-04-15T05:06:56","guid":{"rendered":"https:\/\/ubirataonline.com.br\/esquerda-patina-para-ter-relevancia-no-estado-mais-conservador\/"},"modified":"2026-04-15T02:07:00","modified_gmt":"2026-04-15T05:07:00","slug":"esquerda-patina-para-ter-relevancia-no-estado-mais-conservador","status":"publish","type":"post","link":"https:\/\/ubirataonline.com.br\/en\/esquerda-patina-para-ter-relevancia-no-estado-mais-conservador\/","title":{"rendered":"Esquerda patina para ter relev\u00e2ncia no estado mais conservador"},"content":{"rendered":"<p><\/p>\n<div id=\"tp-post-content\">\n<p class=\"postParagraph_post-paragraph__juWZN postParagraph_post-paragraph-innerHtml__Q5vwc\">O estado de Santa Catarina consolidou, ao longo das \u00faltimas d\u00e9cadas, um sistema pol\u00edtico marcado pela hegemonia da direita e do centro. Desde a redemocratiza\u00e7\u00e3o do pa\u00eds, nenhum partido de esquerda venceu a disputa pelo governo estadual \u2014 um dado estrutural que ajuda a explicar as dificuldades atuais desse campo ideol\u00f3gico para se firmar como alternativa real de poder no estado.<\/p>\n<p class=\"postParagraph_post-paragraph__juWZN postParagraph_post-paragraph-innerHtml__Q5vwc\">A an\u00e1lise do professor do Departamento de Sociologia Pol\u00edtica da Universidade Federal de Santa Catarina (UFSC) Julian Borba dimensiona esse cen\u00e1rio. Ele evidencia a hegemonia dos partidos de direita e centro no estado desde os anos 1980. Ainda que coaliz\u00f5es lideradas por legendas de centro tenham contado com participa\u00e7\u00e3o de partidos progressistas, a lideran\u00e7a dos governos se mant\u00e9m fora do campo ideol\u00f3gico alinhado \u00e0 esquerda.<\/p>\n<p class=\"postParagraph_post-paragraph__juWZN postParagraph_post-paragraph-innerHtml__Q5vwc\">\u00c9 o caso das administra\u00e7\u00f5es do antigo PMDB \u2014 hoje MDB \u2014 como as de Pedro Ivo Campos, Paulo Afonso Vieira e Luiz Henrique da Silveira, que reuniram alian\u00e7as amplas, inclusive com partidos de esquerda, mas sem que estes ocupassem o comando do projeto estadual.<\/p>\n<p class=\"postParagraph_post-paragraph__juWZN postParagraph_post-paragraph-innerHtml__Q5vwc\">Borba compara que, em 2018, a direita elegeu 56,3% dos deputados federais catarinenses, contra 25,1% do centro e 18,8% da esquerda. Na Assembleia Legislativa, os percentuais foram 47,5% (direita), 27,5% (centro) e 25% (esquerda). Em 2022, o predom\u00ednio se ampliou. Do total, 65% dos deputados estaduais eleitos eram de partidos classificados como de direita. Na C\u00e2mara dos Deputados, esse campo alcan\u00e7ou 62,5% das cadeiras.<\/p>\n<div class=\"postViewMore_post-view-more-container___5wai\" data-mrf-recirculation=\"Post - Veja tamb\u00e9m\">\n<p class=\"gp-styles-module-size-small-afeYRa gp-styles-module-font-family2-afeYRa gp-styles-module-color-secondary-afeYRa gp-styles-module-weight-bold-afeYRa\">VEJA TAMB\u00c9M:<\/p>\n<ul class=\"postViewMore_post-view-more-list__CU_CE\">\n<li class=\"postViewMore_post-view-more-item__2MzRb\">\n<div class=\"postViewMore_post-view-more-image__5gUSe\"><picture class=\"imageDefault_image-container__XGd8_\"><\/picture><\/div>\n<p><a class=\"postViewMore_post-view-more-link-hasImage__0lssj\" href=\"https:\/\/www.gazetadopovo.com.br\/santa-catarina\/politicos-que-fizeram-de-sc-estado-mais-conservador-do-pais\/?ref=veja-tambem\" title=\"Veja tamb\u00e9m: Quem s\u00e3o os pol\u00edticos que fizeram de SC o estado mais conservador do pa\u00eds\">Quem s\u00e3o os pol\u00edticos que fizeram de SC o estado mais conservador do pa\u00eds<\/a><\/li>\n<\/ul>\n<\/div>\n<h2 class=\"postParagraph_post-paragraph__juWZN postParagraph_post-paragraph-innerHtml__Q5vwc postParagraph_type-tag-h2__TtFkT\">Direita conservadora em SC se consolidou com o desempenho de Bolsonaro nas urnas em 2018<\/h2>\n<p class=\"postParagraph_post-paragraph__juWZN postParagraph_post-paragraph-innerHtml__Q5vwc\">Segundo Borba, o ano de 2018 representou um ponto de inflex\u00e3o na pol\u00edtica catarinense. A \u201conda Bolsonaro\u201d varreu o estado, resultando na elei\u00e7\u00e3o de Carlos Mois\u00e9s ao governo pelo PSL, at\u00e9 ent\u00e3o um nome pouco conhecido da pol\u00edtica estadual. O partido tamb\u00e9m conquistou as maiores bancadas catarinenses no Congresso e na Assembleia.<\/p>\n<p class=\"postParagraph_post-paragraph__juWZN postParagraph_post-paragraph-innerHtml__Q5vwc\">O desempenho de Jair Bolsonaro (PL) em Santa Catarina foi o mais expressivo do pa\u00eds. Naquele ano, foram 65,82% dos votos no primeiro turno e 75,92% no segundo. Quatro anos depois, Bolsonaro superou o \u00edndice de 62% de escolha nas urnas no primeiro turno.<\/p>\n<p class=\"postParagraph_post-paragraph__juWZN postParagraph_post-paragraph-innerHtml__Q5vwc\">Na disputa estadual de 2022, mesmo com dez candidatos ao governo, o dom\u00ednio ideol\u00f3gico permaneceu. Os candidatos classificados como representantes do espectro da direita somaram mais de 80% dos votos no primeiro turno \u2014 o maior percentual desde 1998. Ainda assim, o congestionamento de candidaturas nesse campo ideol\u00f3gico, com quatro candidatos competitivos, fez com que apenas um nome da direita avan\u00e7asse ao segundo turno: <a href=\"https:\/\/www.gazetadopovo.com.br\/tudo-sobre\/jorginho-mello\/\" type=\"link\" id=\"https:\/\/www.gazetadopovo.com.br\/tudo-sobre\/jorginho-mello\/\" target=\"_blank\" rel=\"noreferrer noopener\">Jorginho Mello<\/a> (PL).<\/p>\n<p class=\"postParagraph_post-paragraph__juWZN postParagraph_post-paragraph-innerHtml__Q5vwc\">Naquele ano, o petista D\u00e9cio Lima chegou ao segundo turno mesmo tendo obtido menos de 18% dos votos totais, beneficiado pela divis\u00e3o dos advers\u00e1rios. O candidato do PL recebeu apoio da maior parte dos partidos derrotados no primeiro turno.<\/p>\n<div class=\"postViewMore_post-view-more-container___5wai\" data-mrf-recirculation=\"Post - Veja tamb\u00e9m\">\n<p class=\"gp-styles-module-size-small-afeYRa gp-styles-module-font-family2-afeYRa gp-styles-module-color-secondary-afeYRa gp-styles-module-weight-bold-afeYRa\">VEJA TAMB\u00c9M:<\/p>\n<ul class=\"postViewMore_post-view-more-list__CU_CE\">\n<li class=\"postViewMore_post-view-more-item__2MzRb\">\n<div class=\"postViewMore_post-view-more-image__5gUSe\"><picture class=\"imageDefault_image-container__XGd8_\"><img loading=\"lazy\" decoding=\"async\" class=\"imageDefault_image-item__lU2Dk\" src=\"https:\/\/media.gazetadopovo.com.br\/2026\/04\/09154210\/pre-candidatos-direita-presidente-380x214.jpg.webp\" alt=\"Pr\u00e9-candidatos da direita para presidente do Brasil\" width=\"72\" height=\"72\"\/><\/picture><\/div>\n<p><a class=\"postViewMore_post-view-more-link-hasImage__0lssj\" href=\"https:\/\/www.gazetadopovo.com.br\/eleicoes\/2026\/leque-de-opcoes-deixa-eleitor-indeciso-sobre-melhor-candidato-da-direita\/?ref=veja-tambem\" title=\"Veja tamb\u00e9m: Leque de op\u00e7\u00f5es deixa eleitor indeciso sobre melhor candidato da direita\">Leque de op\u00e7\u00f5es deixa eleitor indeciso sobre melhor candidato da direita<\/a><\/li>\n<\/ul>\n<\/div>\n<h2 class=\"postParagraph_post-paragraph__juWZN postParagraph_post-paragraph-innerHtml__Q5vwc postParagraph_type-tag-h2__TtFkT\">Uma nova direita mais ideol\u00f3gica em Santa Catarina<\/h2>\n<p class=\"postParagraph_post-paragraph__juWZN postParagraph_post-paragraph-innerHtml__Q5vwc\">O pesquisador da UFSC evidencia o processo de transforma\u00e7\u00e3o no perfil da direita catarinense, que teve na elei\u00e7\u00e3o de 2022 o decl\u00ednio de tradicionais fam\u00edlias pol\u00edticas, como <strong>Bornhausen<\/strong> e <strong>Amin<\/strong>, que n\u00e3o elegeram representantes. Borba aponta que a direita catarinense que est\u00e1 emergindo das urnas \u00e9 menos olig\u00e1rquica e mais ideol\u00f3gica, fortemente ancorada em pautas morais \u2014 como religi\u00e3o e g\u00eanero \u2014 e na agenda de seguran\u00e7a p\u00fablica.<\/p>\n<p class=\"postParagraph_post-paragraph__juWZN postParagraph_post-paragraph-innerHtml__Q5vwc\">O pesquisador tamb\u00e9m aponta que 2018 representou a radicaliza\u00e7\u00e3o de um processo de fragmenta\u00e7\u00e3o partid\u00e1ria, enquanto 2022 mostrou estabiliza\u00e7\u00e3o. A leitura estrutural \u00e9 refor\u00e7ada pelo analista pol\u00edtico e pesquisador em Educa\u00e7\u00e3o e Cultura Pol\u00edtica da Universidade do Estado de Santa Catarina (Udesc) Daniel Pinheiro.<\/p>\n<p class=\"postParagraph_post-paragraph__juWZN postParagraph_post-paragraph-innerHtml__Q5vwc\">De acordo com ele, o cen\u00e1rio catarinense se diferencia por uma <strong>constru\u00e7\u00e3o hist\u00f3rica<\/strong> mais ligada ao centro e \u00e0 direita. Pinheiro aponta duas origens principais para esse processo: a pr\u00f3pria forma\u00e7\u00e3o social e cultural do estado e sua tradi\u00e7\u00e3o pol\u00edtica.<\/p>\n<p class=\"postParagraph_post-paragraph__juWZN postParagraph_post-paragraph-innerHtml__Q5vwc\">Ele destaca ainda que os valores econ\u00f4micos e sociais predominantes s\u00e3o mais conservadores do que em outras regi\u00f5es do pa\u00eds. \u201cSanta Catarina tem o poder econ\u00f4mico muito pr\u00f3ximo ao poder pol\u00edtico, um poder econ\u00f4mico muito mais ligado ao empresariado&#8221;.<\/p>\n<p class=\"postParagraph_post-paragraph__juWZN postParagraph_post-paragraph-innerHtml__Q5vwc\">Essa estrutura, de acordo com ele, ajuda a explicar por que a esquerda encontra mais dificuldade para se consolidar eleitoralmente no estado, mesmo quando apresenta desempenho competitivo em contextos de polariza\u00e7\u00e3o. Por sua vez, a doutora em Ci\u00eancia Pol\u00edtica e consultora pol\u00edtica em Bras\u00edlia Andreia Maidana acrescenta que o entrave n\u00e3o est\u00e1 prioritariamente na agenda econ\u00f4mica.<\/p>\n<p class=\"postParagraph_post-paragraph__juWZN postParagraph_post-paragraph-innerHtml__Q5vwc\">\u201cVejo que a dificuldade da esquerda em Santa Catarina est\u00e1 diretamente ligada \u00e0 <strong>pauta de costumes<\/strong>\u201d, afirma. Segundo ela, o ambiente de polariza\u00e7\u00e3o nacional \u2014 marcado pelo embate entre Bolsonaro e Lula \u2014 refor\u00e7a uma escolha ideol\u00f3gica do eleitor catarinense. Na avalia\u00e7\u00e3o da consultora pol\u00edtica, h\u00e1 uma afinidade hist\u00f3rica com o tradicionalismo e o conservadorismo, associada \u00e0 valoriza\u00e7\u00e3o do m\u00e9rito pessoal, heran\u00e7a cultural das correntes imigrat\u00f3rias europeias no estado.<\/p>\n<div class=\"postViewMore_post-view-more-container___5wai\" data-mrf-recirculation=\"Post - Veja tamb\u00e9m\">\n<p class=\"gp-styles-module-size-small-afeYRa gp-styles-module-font-family2-afeYRa gp-styles-module-color-secondary-afeYRa gp-styles-module-weight-bold-afeYRa\">VEJA TAMB\u00c9M:<\/p>\n<ul class=\"postViewMore_post-view-more-list__CU_CE\">\n<li class=\"postViewMore_post-view-more-item__2MzRb\">\n<div class=\"postViewMore_post-view-more-image__5gUSe\"><picture class=\"imageDefault_image-container__XGd8_\"><img loading=\"lazy\" decoding=\"async\" class=\"imageDefault_image-item__lU2Dk\" src=\"https:\/\/media.gazetadopovo.com.br\/2026\/04\/08084225\/54971517202_27812423e6_c-380x214.jpg.webp\" alt=\"Partido Novo ingressa no governo de Jorginho Mello (PL) em Santa Catarina.\" width=\"72\" height=\"72\"\/><\/picture><\/div>\n<p><a class=\"postViewMore_post-view-more-link-hasImage__0lssj\" href=\"https:\/\/www.gazetadopovo.com.br\/eleicoes\/2026\/santa-catarina-2026\/partido-novo-gestao-jorginho-mello-reconfiguracao-partidos-sc\/?ref=veja-tambem\" title=\"Veja tamb\u00e9m: O novo mapa do poder em Santa Catarina at\u00e9 as elei\u00e7\u00f5es\">O novo mapa do poder em Santa Catarina at\u00e9 as elei\u00e7\u00f5es<\/a><\/li>\n<\/ul>\n<\/div>\n<h2 class=\"postParagraph_post-paragraph__juWZN postParagraph_post-paragraph-innerHtml__Q5vwc postParagraph_type-tag-h2__TtFkT\">Esquerda aposta em D\u00e9cio Lima para 2026<\/h2>\n<p class=\"postParagraph_post-paragraph__juWZN postParagraph_post-paragraph-innerHtml__Q5vwc\">A pr\u00e9-campanha eleitoral em Santa Catarina para este ano tem como pano de fundo uma prefer\u00eancia na inten\u00e7\u00e3o de voto, ao menos neste in\u00edcio de abril, que pende para a reelei\u00e7\u00e3o de <strong>Jorginho Mello<\/strong>, conforme aponta sondagem realizada <a href=\"https:\/\/www.gazetadopovo.com.br\/eleicoes\/2026\/pesquisa-eleitoral-2026\/atlasintel-governador-santa-catarina-abril-2026\/\" type=\"link\" id=\"https:\/\/www.gazetadopovo.com.br\/eleicoes\/2026\/pesquisa-eleitoral-2026\/atlasintel-governador-santa-catarina-abril-2026\/\" target=\"_blank\" rel=\"noreferrer noopener\">pelo instituto AtlasIntel<\/a>.<\/p>\n<p class=\"postParagraph_post-paragraph__juWZN postParagraph_post-paragraph-innerHtml__Q5vwc\">O governador obt\u00e9m cerca de 49% da prefer\u00eancia do eleitor, seguido pelo ex-prefeito de Chapec\u00f3, <strong>Jo\u00e3o Rodrigues<\/strong> (PSD), que oscila entre 21,4% e 20,9% das inten\u00e7\u00f5es de voto. Em um dos cen\u00e1rios testados na mesma sondagem eleitoral, <strong>Gelson Mer\u00edsio<\/strong> (Solidariedade) soma 13,8%, enquanto em outra simula\u00e7\u00e3o D\u00e9cio Lima (PT) chega a 19,6%.<\/p>\n<p class=\"postParagraph_post-paragraph__juWZN postParagraph_post-paragraph-innerHtml__Q5vwc\">J\u00e1 em eventual segundo turno, o pr\u00e9-candidato do PL aparece \u00e0 frente dos tr\u00eas advers\u00e1rios. Presidente do Sebrae e aliado do presidente Luiz In\u00e1cio Lula da Silva (PT), <strong>D\u00e9cio Lima <\/strong>foi o nome da esquerda que <a href=\"https:\/\/www.gazetadopovo.com.br\/santa-catarina\/decio-lima-pt-pre-candidato-governo-sc\/\" type=\"link\" id=\"https:\/\/www.gazetadopovo.com.br\/santa-catarina\/decio-lima-pt-pre-candidato-governo-sc\/\" target=\"_blank\" rel=\"noreferrer noopener\">chegou ao segundo turno catarinense<\/a> h\u00e1 quatro anos.  Por sua vez, Mer\u00edsio teria se aproximado de lideran\u00e7as do PT e do PSB e uma eventual candidatura dele poderia reorganizar o campo da centro-esquerda e abrir espa\u00e7o para uma composi\u00e7\u00e3o com Lima ao Senado.<\/p>\n<p class=\"postParagraph_post-paragraph__juWZN postParagraph_post-paragraph-innerHtml__Q5vwc\">Na disputa ao Senado, <strong>Caroline de Toni<\/strong> (PL) \u00e9 a mais citada na <a href=\"https:\/\/www.gazetadopovo.com.br\/eleicoes\/2026\/pesquisa-eleitoral-2026\/atlasintel-senador-santa-catarina-abril-2026\/\" type=\"link\" id=\"https:\/\/www.gazetadopovo.com.br\/eleicoes\/2026\/pesquisa-eleitoral-2026\/atlasintel-senador-santa-catarina-abril-2026\/\" target=\"_blank\" rel=\"noreferrer noopener\">pesquisa da AtlasIntel<\/a> do in\u00edcio do m\u00eas, com <strong>Esperidi\u00e3o Amin<\/strong> (PP) e <strong>Carlos Bolsonaro<\/strong> (PL) disputando a segunda vaga. Neste ano, cada estado brasileiro eleger\u00e1 dois representantes ao Senado.<\/p>\n<p class=\"postParagraph_post-paragraph__juWZN postParagraph_post-paragraph-innerHtml__Q5vwc\">Para Andreia Maidana, a estrat\u00e9gia da esquerda exige pragmatismo em Santa Catarina. Ela avalia que manter candidatura pr\u00f3pria \u201cmostraria a resili\u00eancia da esquerda\u201d, mas pondera que, de forma pr\u00e1tica, o caminho mais vi\u00e1vel pode ser outro, o de compor frentes.<\/p>\n<p class=\"postParagraph_post-paragraph__juWZN postParagraph_post-paragraph-innerHtml__Q5vwc\">\u201cEm um estado predominantemente conservador, partidos e agentes pol\u00edticos de esquerda sofreram um impacto negativo desde a queda de Dilma Rousseff e com o forte antipetismo. O PT, embora tenha lideran\u00e7as fortes em Santa Catarina ao longo da hist\u00f3ria, n\u00e3o conseguiu uma base s\u00f3lida e expressiva\u201d, analisa.<\/p>\n<p class=\"postParagraph_post-paragraph__juWZN postParagraph_post-paragraph-innerHtml__Q5vwc\">Segundo ela, a fragmenta\u00e7\u00e3o interna e a aus\u00eancia de uma lideran\u00e7a hegem\u00f4nica estadual dificultam a reorganiza\u00e7\u00e3o do campo progressista. A consultora pol\u00edtica tamb\u00e9m avalia que romper o chamado \u201cantipetismo estrutural\u201d exige uma inflex\u00e3o estrat\u00e9gica na comunica\u00e7\u00e3o. \u201cN\u00e3o \u00e9 uma tarefa f\u00e1cil furar a bolha, superar o antipetismo estrutural e construir uma aproxima\u00e7\u00e3o da esquerda com o eleitorado religioso e conservador\u201d, afirma.<\/p>\n<p class=\"postParagraph_post-paragraph__juWZN postParagraph_post-paragraph-innerHtml__Q5vwc\">Como alternativa, ela sugere priorizar temas de impacto direto na vida cotidiana, como sa\u00fade, educa\u00e7\u00e3o, seguran\u00e7a. &#8220;Tem grandes chances de o eleitor avaliar e, quem sabe, (re)calcular o seu voto quando determinada pol\u00edtica p\u00fablica impacta diretamente e positivamente na sua vida\u201d, reflete a pesquisadora.<\/p>\n<ul class=\"postList_post-list-container__W0E4y postList_visual-type-unordered-list__M8U7t\">\n<li class=\"postList_post-list-item__34Ck1\"><span><strong>Metodologia da pesquisa citada<\/strong>: A AtlasIntel entrevistou 1.280 pessoas entre os dias 25 e 30 de mar\u00e7o. A margem de erro \u00e9 de 3 pontos percentuais, para mais ou para menos. A pesquisa foi contratada pelo pr\u00f3prio instituto. O n\u00edvel de confian\u00e7a \u00e9 de 95%. Registro no TSE n\u00ba SC-05257\/2026.<\/span><\/li>\n<\/ul>\n<\/div>\n<p><a href=\"https:\/\/www.gazetadopovo.com.br\/eleicoes\/2026\/santa-catarina-2026\/jamais-eleita-esquerda-patina-para-ganhar-relevancia-no-estado-mais-conservador\/\">Fonte do Artigo <\/a><\/p>","protected":false},"excerpt":{"rendered":"<p>O estado de Santa Catarina consolidou, ao longo das \u00faltimas d\u00e9cadas, um sistema pol\u00edtico marcado pela hegemonia da direita e do centro. Desde a redemocratiza\u00e7\u00e3o do pa\u00eds, nenhum partido de esquerda venceu a disputa pelo governo estadual \u2014 um dado estrutural que ajuda a explicar as dificuldades atuais desse campo ideol\u00f3gico para se firmar como [&hellip;]<\/p>\n","protected":false},"author":1,"featured_media":107684,"comment_status":"closed","ping_status":"","sticky":false,"template":"","format":"standard","meta":{"googlesitekit_rrm_CAow2JLhCw:productID":"","_gspb_post_css":"","maa_idioma":"","maa_pais":"","footnotes":""},"categories":[4],"tags":[28435,12050,3447,2926,2904,28433,28434,3192],"class_list":["post-107683","post","type-post","status-publish","format-standard","has-post-thumbnail","hentry","category-brasil","tag-conservador","tag-esquerda","tag-estado","tag-mais","tag-para","tag-patina","tag-relevancia","tag-ter"],"blocksy_meta":[],"yoast_head":"<!-- This site is optimized with the Yoast SEO Premium plugin v27.6 (Yoast SEO v27.6) - https:\/\/yoast.com\/product\/yoast-seo-premium-wordpress\/ -->\n<title>Esquerda patina para ter relev\u00e2ncia no estado mais conservador - Ubirat\u00e3 Online Not\u00edcias - A realidade ao seu alcance!<\/title>\n<meta name=\"description\" content=\"O estado de Santa Catarina consolidou, ao longo das \u00faltimas d\u00e9cadas, um sistema pol\u00edtico marcado pela hegemonia da direita e do centro. Desde a\" \/>\n<meta name=\"robots\" content=\"index, follow, max-snippet:-1, max-image-preview:large, max-video-preview:-1\" \/>\n<link rel=\"canonical\" href=\"https:\/\/ubirataonline.com.br\/en\/esquerda-patina-para-ter-relevancia-no-estado-mais-conservador\/\" \/>\n<meta property=\"og:locale\" content=\"en_US\" \/>\n<meta property=\"og:type\" content=\"article\" \/>\n<meta property=\"og:title\" content=\"Esquerda patina para ter relev\u00e2ncia no estado mais conservador\" \/>\n<meta property=\"og:description\" content=\"O estado de Santa Catarina consolidou, ao longo das \u00faltimas d\u00e9cadas, um sistema pol\u00edtico marcado pela hegemonia da direita e do centro. Desde a\" \/>\n<meta property=\"og:url\" content=\"https:\/\/ubirataonline.com.br\/en\/esquerda-patina-para-ter-relevancia-no-estado-mais-conservador\/\" \/>\n<meta property=\"og:site_name\" content=\"Ubirat\u00e3 Online Not\u00edcias - A realidade ao seu alcance!\" \/>\n<meta property=\"article:publisher\" content=\"https:\/\/www.facebook.com\/portalubirataonline\" \/>\n<meta property=\"article:author\" content=\"https:\/\/www.facebook.com\/portalubirataonline\" \/>\n<meta property=\"article:published_time\" content=\"2026-04-15T05:06:56+00:00\" \/>\n<meta property=\"article:modified_time\" content=\"2026-04-15T05:07:00+00:00\" \/>\n<meta property=\"og:image\" content=\"https:\/\/ubirataonline.com.br\/wp-content\/uploads\/2026\/04\/Esquerda-patina-para-ter-relevancia-no-estado-mais-conservador.jpg\" \/>\n\t<meta property=\"og:image:width\" content=\"800\" \/>\n\t<meta property=\"og:image:height\" content=\"534\" \/>\n\t<meta property=\"og:image:type\" content=\"image\/jpeg\" \/>\n<meta name=\"author\" content=\"REDA\u00c7\u00c3O: UBIRAT\u00c3 ONLINE - F\u00c1BIO AUGUSTO CELESTINO\" \/>\n<meta name=\"twitter:card\" content=\"summary_large_image\" \/>\n<meta name=\"twitter:creator\" content=\"@x.com\/ubirataonline\" \/>\n<meta name=\"twitter:site\" content=\"@ubirataonline\" \/>\n<meta name=\"twitter:label1\" content=\"Written by\" \/>\n\t<meta name=\"twitter:data1\" content=\"REDA\u00c7\u00c3O: UBIRAT\u00c3 ONLINE - F\u00c1BIO AUGUSTO CELESTINO\" \/>\n\t<meta name=\"twitter:label2\" content=\"Est. reading time\" \/>\n\t<meta name=\"twitter:data2\" content=\"7 minutes\" \/>\n<script type=\"application\/ld+json\" class=\"yoast-schema-graph\">{\"@context\":\"https:\\\/\\\/schema.org\",\"@graph\":[{\"@type\":\"NewsArticle\",\"@id\":\"https:\\\/\\\/ubirataonline.com.br\\\/esquerda-patina-para-ter-relevancia-no-estado-mais-conservador\\\/#article\",\"isPartOf\":{\"@id\":\"https:\\\/\\\/ubirataonline.com.br\\\/esquerda-patina-para-ter-relevancia-no-estado-mais-conservador\\\/\"},\"author\":{\"name\":\"REDA\u00c7\u00c3O: UBIRAT\u00c3 ONLINE - F\u00c1BIO AUGUSTO CELESTINO\",\"@id\":\"https:\\\/\\\/ubirataonline.com.br\\\/#\\\/schema\\\/person\\\/372f87bbd3fdd79b8556b84c98d0bc1c\"},\"headline\":\"Esquerda patina para ter relev\u00e2ncia no estado mais conservador\",\"datePublished\":\"2026-04-15T05:06:56+00:00\",\"dateModified\":\"2026-04-15T05:07:00+00:00\",\"mainEntityOfPage\":{\"@id\":\"https:\\\/\\\/ubirataonline.com.br\\\/esquerda-patina-para-ter-relevancia-no-estado-mais-conservador\\\/\"},\"wordCount\":1394,\"publisher\":{\"@id\":\"https:\\\/\\\/ubirataonline.com.br\\\/#organization\"},\"image\":{\"@id\":\"https:\\\/\\\/ubirataonline.com.br\\\/esquerda-patina-para-ter-relevancia-no-estado-mais-conservador\\\/#primaryimage\"},\"thumbnailUrl\":\"https:\\\/\\\/ubirataonline.com.br\\\/wp-content\\\/uploads\\\/2026\\\/04\\\/Esquerda-patina-para-ter-relevancia-no-estado-mais-conservador.jpg\",\"keywords\":[\"conservador\",\"esquerda\",\"estado\",\"mais\",\"para\",\"patina\",\"relev\u00e2ncia\",\"ter\"],\"articleSection\":[\"Brasil\"],\"inLanguage\":\"en-US\",\"copyrightYear\":\"2026\",\"copyrightHolder\":{\"@id\":\"https:\\\/\\\/ubirataonline.com.br\\\/en\\\/#organization\"}},{\"@type\":\"WebPage\",\"@id\":\"https:\\\/\\\/ubirataonline.com.br\\\/esquerda-patina-para-ter-relevancia-no-estado-mais-conservador\\\/\",\"url\":\"https:\\\/\\\/ubirataonline.com.br\\\/esquerda-patina-para-ter-relevancia-no-estado-mais-conservador\\\/\",\"name\":\"Esquerda patina para ter relev\u00e2ncia no estado mais conservador - Ubirat\u00e3 Online Not\u00edcias - A realidade ao seu alcance!\",\"isPartOf\":{\"@id\":\"https:\\\/\\\/ubirataonline.com.br\\\/#website\"},\"primaryImageOfPage\":{\"@id\":\"https:\\\/\\\/ubirataonline.com.br\\\/esquerda-patina-para-ter-relevancia-no-estado-mais-conservador\\\/#primaryimage\"},\"image\":{\"@id\":\"https:\\\/\\\/ubirataonline.com.br\\\/esquerda-patina-para-ter-relevancia-no-estado-mais-conservador\\\/#primaryimage\"},\"thumbnailUrl\":\"https:\\\/\\\/ubirataonline.com.br\\\/wp-content\\\/uploads\\\/2026\\\/04\\\/Esquerda-patina-para-ter-relevancia-no-estado-mais-conservador.jpg\",\"datePublished\":\"2026-04-15T05:06:56+00:00\",\"dateModified\":\"2026-04-15T05:07:00+00:00\",\"description\":\"O estado de Santa Catarina consolidou, ao longo das \u00faltimas d\u00e9cadas, um sistema pol\u00edtico marcado pela hegemonia da direita e do centro. Desde a\",\"breadcrumb\":{\"@id\":\"https:\\\/\\\/ubirataonline.com.br\\\/esquerda-patina-para-ter-relevancia-no-estado-mais-conservador\\\/#breadcrumb\"},\"inLanguage\":\"en-US\",\"potentialAction\":[{\"@type\":\"ReadAction\",\"target\":[\"https:\\\/\\\/ubirataonline.com.br\\\/esquerda-patina-para-ter-relevancia-no-estado-mais-conservador\\\/\"]}]},{\"@type\":\"ImageObject\",\"inLanguage\":\"en-US\",\"@id\":\"https:\\\/\\\/ubirataonline.com.br\\\/esquerda-patina-para-ter-relevancia-no-estado-mais-conservador\\\/#primaryimage\",\"url\":\"https:\\\/\\\/ubirataonline.com.br\\\/wp-content\\\/uploads\\\/2026\\\/04\\\/Esquerda-patina-para-ter-relevancia-no-estado-mais-conservador.jpg\",\"contentUrl\":\"https:\\\/\\\/ubirataonline.com.br\\\/wp-content\\\/uploads\\\/2026\\\/04\\\/Esquerda-patina-para-ter-relevancia-no-estado-mais-conservador.jpg\",\"width\":800,\"height\":534,\"caption\":\"Esquerda patina para ter relev\u00e2ncia no estado mais conservador\"},{\"@type\":\"BreadcrumbList\",\"@id\":\"https:\\\/\\\/ubirataonline.com.br\\\/esquerda-patina-para-ter-relevancia-no-estado-mais-conservador\\\/#breadcrumb\",\"itemListElement\":[{\"@type\":\"ListItem\",\"position\":1,\"name\":\"In\u00edcio\",\"item\":\"https:\\\/\\\/ubirataonline.com.br\\\/\"},{\"@type\":\"ListItem\",\"position\":2,\"name\":\"Esquerda patina para ter relev\u00e2ncia no estado mais conservador\"}]},{\"@type\":\"WebSite\",\"@id\":\"https:\\\/\\\/ubirataonline.com.br\\\/#website\",\"url\":\"https:\\\/\\\/ubirataonline.com.br\\\/\",\"name\":\"Ubirat\u00e3 Online Not\u00edcias\",\"description\":\"Not\u00edcias de Ubirat\u00e3, regi\u00e3o, Brasil e mundo, com informa\u00e7\u00e3o atualizada e compromisso com o leitor.\",\"publisher\":{\"@id\":\"https:\\\/\\\/ubirataonline.com.br\\\/#organization\"},\"alternateName\":\"Ubirat\u00e3 Online\",\"potentialAction\":[{\"@type\":\"SearchAction\",\"target\":{\"@type\":\"EntryPoint\",\"urlTemplate\":\"https:\\\/\\\/ubirataonline.com.br\\\/?s={search_term_string}\"},\"query-input\":{\"@type\":\"PropertyValueSpecification\",\"valueRequired\":true,\"valueName\":\"search_term_string\"}}],\"inLanguage\":\"en-US\"},{\"@type\":[\"Organization\",\"Place\"],\"@id\":\"https:\\\/\\\/ubirataonline.com.br\\\/#organization\",\"name\":\"Ubirat\u00e3 Online Not\u00edcias\",\"alternateName\":\"Ubirat\u00e3 Online\",\"url\":\"https:\\\/\\\/ubirataonline.com.br\\\/\",\"logo\":{\"@id\":\"https:\\\/\\\/ubirataonline.com.br\\\/esquerda-patina-para-ter-relevancia-no-estado-mais-conservador\\\/#local-main-organization-logo\"},\"image\":{\"@id\":\"https:\\\/\\\/ubirataonline.com.br\\\/esquerda-patina-para-ter-relevancia-no-estado-mais-conservador\\\/#local-main-organization-logo\"},\"sameAs\":[\"https:\\\/\\\/www.facebook.com\\\/portalubirataonline\",\"https:\\\/\\\/x.com\\\/ubirataonline\",\"https:\\\/\\\/mastodon.social\\\/@ubirataonline\",\"https:\\\/\\\/www.facebook.com\\\/groups\\\/311144672285604\",\"https:\\\/\\\/www.facebook.com\\\/UBTAOnline\",\"https:\\\/\\\/www.instagram.com\\\/portalubirataonline\\\/\",\"https:\\\/\\\/twitter.com\\\/ubirataonline\"],\"description\":\"Somos um portal de not\u00edcias independente, criado em 5 de janeiro de 2009, com o objetivo de informar, conectar e valorizar a nossa comunidade de Ubirat\u00e3 e toda aregi\u00e3o. Com conte\u00fado atualizado, confi\u00e1vel e relevante, o Ubirat\u00e3 Online \u00e9 o seu espa\u00e7o para ficar por dentro dos principais acontecimentos locais, regionais, Brasil, Mundo e de interesse geral. Nosso compromisso \u00e9 com a verdade, a transpar\u00eancia e o respeito ao leitor.\",\"legalName\":\"UBIRATA ONLINE NOT\u00cdCIAS\",\"foundingDate\":\"2009-01-05\",\"numberOfEmployees\":{\"@type\":\"QuantitativeValue\",\"minValue\":\"1\",\"maxValue\":\"10\"},\"publishingPrinciples\":\"https:\\\/\\\/ubirataonline.com.br\\\/faq\\\/\",\"address\":{\"@id\":\"https:\\\/\\\/ubirataonline.com.br\\\/esquerda-patina-para-ter-relevancia-no-estado-mais-conservador\\\/#local-main-place-address\"},\"geo\":{\"@type\":\"GeoCoordinates\",\"latitude\":\"-24.5361401\",\"longitude\":\"-52.9921776\"},\"telephone\":[\"+5544998308235\"],\"contactPoint\":{\"@type\":\"ContactPoint\",\"email\":\"contato@ubirataonline.com.br\"},\"openingHoursSpecification\":{\"@type\":\"OpeningHoursSpecification\",\"dayOfWeek\":[\"Monday\",\"Tuesday\",\"Wednesday\",\"Thursday\",\"Friday\",\"Saturday\",\"Sunday\"],\"opens\":\"00:00\",\"closes\":\"23:59\"},\"email\":\"contato@ubirataonline.com.br\",\"vatID\":\"47.621.418\\\/0001-80\"},{\"@type\":\"Person\",\"@id\":\"https:\\\/\\\/ubirataonline.com.br\\\/#\\\/schema\\\/person\\\/372f87bbd3fdd79b8556b84c98d0bc1c\",\"name\":\"REDA\u00c7\u00c3O: UBIRAT\u00c3 ONLINE - F\u00c1BIO AUGUSTO CELESTINO\",\"pronouns\":\"Ele\",\"description\":\"Desde 2003 trabalhando com not\u00edcias.\",\"sameAs\":[\"http:\\\/\\\/ubirataoline.com.br\",\"https:\\\/\\\/www.facebook.com\\\/portalubirataonline\",\"https:\\\/\\\/www.instagram.com\\\/ubirataonline_oficial\",\"https:\\\/\\\/x.com\\\/x.com\\\/ubirataonline\"],\"honorificPrefix\":\"Mr.\",\"honorificSuffix\":\"MD\",\"birthDate\":\"1980-06-16\",\"gender\":\"masculino\",\"award\":[\"V\u00e1rios pr\u00eamios de melhor portal da cidade\"],\"jobTitle\":\"Diretor\",\"url\":\"https:\\\/\\\/ubirataonline.com.br\\\/en\\\/author\\\/ubirataonline\\\/\"},{\"@type\":\"PostalAddress\",\"@id\":\"https:\\\/\\\/ubirataonline.com.br\\\/esquerda-patina-para-ter-relevancia-no-estado-mais-conservador\\\/#local-main-place-address\",\"streetAddress\":\"Rua dos Coqueiros, 104 - Bairro Boa Vista, Rua dos Coqueiros, 104 Bairro Boa Vista\",\"addressLocality\":\"UBIRATA\",\"postalCode\":\"85440-000\",\"addressRegion\":\"PR\",\"addressCountry\":\"BR\"},{\"@type\":\"ImageObject\",\"inLanguage\":\"en-US\",\"@id\":\"https:\\\/\\\/ubirataonline.com.br\\\/esquerda-patina-para-ter-relevancia-no-estado-mais-conservador\\\/#local-main-organization-logo\",\"url\":\"https:\\\/\\\/ubirataonline.com.br\\\/wp-content\\\/uploads\\\/2026\\\/06\\\/logoubirataonline-1.webp\",\"contentUrl\":\"https:\\\/\\\/ubirataonline.com.br\\\/wp-content\\\/uploads\\\/2026\\\/06\\\/logoubirataonline-1.webp\",\"width\":500,\"height\":500,\"caption\":\"Ubirat\u00e3 Online Not\u00edcias\"}]}<\/script>\n<meta name=\"geo.placename\" content=\"UBIRATA\" \/>\n<meta name=\"geo.position\" content=\"-24.5361401;-52.9921776\" \/>\n<meta name=\"geo.region\" content=\"Brazil\" \/>\n<!-- \/ Yoast SEO Premium plugin. -->","yoast_head_json":{"title":"Esquerda patina para ter relev\u00e2ncia no estado mais conservador - Ubirat\u00e3 Online Not\u00edcias - A realidade ao seu alcance!","description":"O estado de Santa Catarina consolidou, ao longo das \u00faltimas d\u00e9cadas, um sistema pol\u00edtico marcado pela hegemonia da direita e do centro. Desde a","robots":{"index":"index","follow":"follow","max-snippet":"max-snippet:-1","max-image-preview":"max-image-preview:large","max-video-preview":"max-video-preview:-1"},"canonical":"https:\/\/ubirataonline.com.br\/en\/esquerda-patina-para-ter-relevancia-no-estado-mais-conservador\/","og_locale":"en_US","og_type":"article","og_title":"Esquerda patina para ter relev\u00e2ncia no estado mais conservador","og_description":"O estado de Santa Catarina consolidou, ao longo das \u00faltimas d\u00e9cadas, um sistema pol\u00edtico marcado pela hegemonia da direita e do centro. Desde a","og_url":"https:\/\/ubirataonline.com.br\/en\/esquerda-patina-para-ter-relevancia-no-estado-mais-conservador\/","og_site_name":"Ubirat\u00e3 Online Not\u00edcias - A realidade ao seu alcance!","article_publisher":"https:\/\/www.facebook.com\/portalubirataonline","article_author":"https:\/\/www.facebook.com\/portalubirataonline","article_published_time":"2026-04-15T05:06:56+00:00","article_modified_time":"2026-04-15T05:07:00+00:00","og_image":[{"width":800,"height":534,"url":"https:\/\/ubirataonline.com.br\/wp-content\/uploads\/2026\/04\/Esquerda-patina-para-ter-relevancia-no-estado-mais-conservador.jpg","type":"image\/jpeg"}],"author":"REDA\u00c7\u00c3O: UBIRAT\u00c3 ONLINE - F\u00c1BIO AUGUSTO CELESTINO","twitter_card":"summary_large_image","twitter_creator":"@x.com\/ubirataonline","twitter_site":"@ubirataonline","twitter_misc":{"Written by":"REDA\u00c7\u00c3O: UBIRAT\u00c3 ONLINE - F\u00c1BIO AUGUSTO CELESTINO","Est. reading time":"7 minutes"},"schema":{"@context":"https:\/\/schema.org","@graph":[{"@type":"NewsArticle","@id":"https:\/\/ubirataonline.com.br\/esquerda-patina-para-ter-relevancia-no-estado-mais-conservador\/#article","isPartOf":{"@id":"https:\/\/ubirataonline.com.br\/esquerda-patina-para-ter-relevancia-no-estado-mais-conservador\/"},"author":{"name":"REDA\u00c7\u00c3O: UBIRAT\u00c3 ONLINE - F\u00c1BIO AUGUSTO CELESTINO","@id":"https:\/\/ubirataonline.com.br\/#\/schema\/person\/372f87bbd3fdd79b8556b84c98d0bc1c"},"headline":"Esquerda patina para ter relev\u00e2ncia no estado mais conservador","datePublished":"2026-04-15T05:06:56+00:00","dateModified":"2026-04-15T05:07:00+00:00","mainEntityOfPage":{"@id":"https:\/\/ubirataonline.com.br\/esquerda-patina-para-ter-relevancia-no-estado-mais-conservador\/"},"wordCount":1394,"publisher":{"@id":"https:\/\/ubirataonline.com.br\/#organization"},"image":{"@id":"https:\/\/ubirataonline.com.br\/esquerda-patina-para-ter-relevancia-no-estado-mais-conservador\/#primaryimage"},"thumbnailUrl":"https:\/\/ubirataonline.com.br\/wp-content\/uploads\/2026\/04\/Esquerda-patina-para-ter-relevancia-no-estado-mais-conservador.jpg","keywords":["conservador","esquerda","estado","mais","para","patina","relev\u00e2ncia","ter"],"articleSection":["Brasil"],"inLanguage":"en-US","copyrightYear":"2026","copyrightHolder":{"@id":"https:\/\/ubirataonline.com.br\/en\/#organization"}},{"@type":"WebPage","@id":"https:\/\/ubirataonline.com.br\/esquerda-patina-para-ter-relevancia-no-estado-mais-conservador\/","url":"https:\/\/ubirataonline.com.br\/esquerda-patina-para-ter-relevancia-no-estado-mais-conservador\/","name":"Esquerda patina para ter relev\u00e2ncia no estado mais conservador - Ubirat\u00e3 Online Not\u00edcias - A realidade ao seu alcance!","isPartOf":{"@id":"https:\/\/ubirataonline.com.br\/#website"},"primaryImageOfPage":{"@id":"https:\/\/ubirataonline.com.br\/esquerda-patina-para-ter-relevancia-no-estado-mais-conservador\/#primaryimage"},"image":{"@id":"https:\/\/ubirataonline.com.br\/esquerda-patina-para-ter-relevancia-no-estado-mais-conservador\/#primaryimage"},"thumbnailUrl":"https:\/\/ubirataonline.com.br\/wp-content\/uploads\/2026\/04\/Esquerda-patina-para-ter-relevancia-no-estado-mais-conservador.jpg","datePublished":"2026-04-15T05:06:56+00:00","dateModified":"2026-04-15T05:07:00+00:00","description":"O estado de Santa Catarina consolidou, ao longo das \u00faltimas d\u00e9cadas, um sistema pol\u00edtico marcado pela hegemonia da direita e do centro. Desde a","breadcrumb":{"@id":"https:\/\/ubirataonline.com.br\/esquerda-patina-para-ter-relevancia-no-estado-mais-conservador\/#breadcrumb"},"inLanguage":"en-US","potentialAction":[{"@type":"ReadAction","target":["https:\/\/ubirataonline.com.br\/esquerda-patina-para-ter-relevancia-no-estado-mais-conservador\/"]}]},{"@type":"ImageObject","inLanguage":"en-US","@id":"https:\/\/ubirataonline.com.br\/esquerda-patina-para-ter-relevancia-no-estado-mais-conservador\/#primaryimage","url":"https:\/\/ubirataonline.com.br\/wp-content\/uploads\/2026\/04\/Esquerda-patina-para-ter-relevancia-no-estado-mais-conservador.jpg","contentUrl":"https:\/\/ubirataonline.com.br\/wp-content\/uploads\/2026\/04\/Esquerda-patina-para-ter-relevancia-no-estado-mais-conservador.jpg","width":800,"height":534,"caption":"Esquerda patina para ter relev\u00e2ncia no estado mais conservador"},{"@type":"BreadcrumbList","@id":"https:\/\/ubirataonline.com.br\/esquerda-patina-para-ter-relevancia-no-estado-mais-conservador\/#breadcrumb","itemListElement":[{"@type":"ListItem","position":1,"name":"In\u00edcio","item":"https:\/\/ubirataonline.com.br\/"},{"@type":"ListItem","position":2,"name":"Esquerda patina para ter relev\u00e2ncia no estado mais conservador"}]},{"@type":"WebSite","@id":"https:\/\/ubirataonline.com.br\/#website","url":"https:\/\/ubirataonline.com.br\/","name":"Ubirat\u00e3 Online Not\u00edcias","description":"Not\u00edcias de Ubirat\u00e3, regi\u00e3o, Brasil e mundo, com informa\u00e7\u00e3o atualizada e compromisso com o leitor.","publisher":{"@id":"https:\/\/ubirataonline.com.br\/#organization"},"alternateName":"Ubirat\u00e3 Online","potentialAction":[{"@type":"SearchAction","target":{"@type":"EntryPoint","urlTemplate":"https:\/\/ubirataonline.com.br\/?s={search_term_string}"},"query-input":{"@type":"PropertyValueSpecification","valueRequired":true,"valueName":"search_term_string"}}],"inLanguage":"en-US"},{"@type":["Organization","Place"],"@id":"https:\/\/ubirataonline.com.br\/#organization","name":"Ubirat\u00e3 Online Not\u00edcias","alternateName":"Ubirat\u00e3 Online","url":"https:\/\/ubirataonline.com.br\/","logo":{"@id":"https:\/\/ubirataonline.com.br\/esquerda-patina-para-ter-relevancia-no-estado-mais-conservador\/#local-main-organization-logo"},"image":{"@id":"https:\/\/ubirataonline.com.br\/esquerda-patina-para-ter-relevancia-no-estado-mais-conservador\/#local-main-organization-logo"},"sameAs":["https:\/\/www.facebook.com\/portalubirataonline","https:\/\/x.com\/ubirataonline","https:\/\/mastodon.social\/@ubirataonline","https:\/\/www.facebook.com\/groups\/311144672285604","https:\/\/www.facebook.com\/UBTAOnline","https:\/\/www.instagram.com\/portalubirataonline\/","https:\/\/twitter.com\/ubirataonline"],"description":"Somos um portal de not\u00edcias independente, criado em 5 de janeiro de 2009, com o objetivo de informar, conectar e valorizar a nossa comunidade de Ubirat\u00e3 e toda aregi\u00e3o. Com conte\u00fado atualizado, confi\u00e1vel e relevante, o Ubirat\u00e3 Online \u00e9 o seu espa\u00e7o para ficar por dentro dos principais acontecimentos locais, regionais, Brasil, Mundo e de interesse geral. Nosso compromisso \u00e9 com a verdade, a transpar\u00eancia e o respeito ao leitor.","legalName":"UBIRATA ONLINE NOT\u00cdCIAS","foundingDate":"2009-01-05","numberOfEmployees":{"@type":"QuantitativeValue","minValue":"1","maxValue":"10"},"publishingPrinciples":"https:\/\/ubirataonline.com.br\/faq\/","address":{"@id":"https:\/\/ubirataonline.com.br\/esquerda-patina-para-ter-relevancia-no-estado-mais-conservador\/#local-main-place-address"},"geo":{"@type":"GeoCoordinates","latitude":"-24.5361401","longitude":"-52.9921776"},"telephone":["+5544998308235"],"contactPoint":{"@type":"ContactPoint","email":"contato@ubirataonline.com.br"},"openingHoursSpecification":{"@type":"OpeningHoursSpecification","dayOfWeek":["Monday","Tuesday","Wednesday","Thursday","Friday","Saturday","Sunday"],"opens":"00:00","closes":"23:59"},"email":"contato@ubirataonline.com.br","vatID":"47.621.418\/0001-80"},{"@type":"Person","@id":"https:\/\/ubirataonline.com.br\/#\/schema\/person\/372f87bbd3fdd79b8556b84c98d0bc1c","name":"REDA\u00c7\u00c3O: UBIRAT\u00c3 ONLINE - F\u00c1BIO AUGUSTO CELESTINO","pronouns":"Ele","description":"Desde 2003 trabalhando com not\u00edcias.","sameAs":["http:\/\/ubirataoline.com.br","https:\/\/www.facebook.com\/portalubirataonline","https:\/\/www.instagram.com\/ubirataonline_oficial","https:\/\/x.com\/x.com\/ubirataonline"],"honorificPrefix":"Mr.","honorificSuffix":"MD","birthDate":"1980-06-16","gender":"masculino","award":["V\u00e1rios pr\u00eamios de melhor portal da cidade"],"jobTitle":"Diretor","url":"https:\/\/ubirataonline.com.br\/en\/author\/ubirataonline\/"},{"@type":"PostalAddress","@id":"https:\/\/ubirataonline.com.br\/esquerda-patina-para-ter-relevancia-no-estado-mais-conservador\/#local-main-place-address","streetAddress":"Rua dos Coqueiros, 104 - Bairro Boa Vista, Rua dos Coqueiros, 104 Bairro Boa Vista","addressLocality":"UBIRATA","postalCode":"85440-000","addressRegion":"PR","addressCountry":"BR"},{"@type":"ImageObject","inLanguage":"en-US","@id":"https:\/\/ubirataonline.com.br\/esquerda-patina-para-ter-relevancia-no-estado-mais-conservador\/#local-main-organization-logo","url":"https:\/\/ubirataonline.com.br\/wp-content\/uploads\/2026\/06\/logoubirataonline-1.webp","contentUrl":"https:\/\/ubirataonline.com.br\/wp-content\/uploads\/2026\/06\/logoubirataonline-1.webp","width":500,"height":500,"caption":"Ubirat\u00e3 Online Not\u00edcias"}]},"geo.placename":"UBIRATA","geo.position":{"lat":"-24.5361401","long":"-52.9921776"},"geo.region":"Brazil"},"_links":{"self":[{"href":"https:\/\/ubirataonline.com.br\/en\/wp-json\/wp\/v2\/posts\/107683","targetHints":{"allow":["GET"]}}],"collection":[{"href":"https:\/\/ubirataonline.com.br\/en\/wp-json\/wp\/v2\/posts"}],"about":[{"href":"https:\/\/ubirataonline.com.br\/en\/wp-json\/wp\/v2\/types\/post"}],"author":[{"embeddable":true,"href":"https:\/\/ubirataonline.com.br\/en\/wp-json\/wp\/v2\/users\/1"}],"replies":[{"embeddable":true,"href":"https:\/\/ubirataonline.com.br\/en\/wp-json\/wp\/v2\/comments?post=107683"}],"version-history":[{"count":0,"href":"https:\/\/ubirataonline.com.br\/en\/wp-json\/wp\/v2\/posts\/107683\/revisions"}],"wp:featuredmedia":[{"embeddable":true,"href":"https:\/\/ubirataonline.com.br\/en\/wp-json\/wp\/v2\/media\/107684"}],"wp:attachment":[{"href":"https:\/\/ubirataonline.com.br\/en\/wp-json\/wp\/v2\/media?parent=107683"}],"wp:term":[{"taxonomy":"category","embeddable":true,"href":"https:\/\/ubirataonline.com.br\/en\/wp-json\/wp\/v2\/categories?post=107683"},{"taxonomy":"post_tag","embeddable":true,"href":"https:\/\/ubirataonline.com.br\/en\/wp-json\/wp\/v2\/tags?post=107683"}],"curies":[{"name":"wp","href":"https:\/\/api.w.org\/{rel}","templated":true}]}}