{"id":108090,"date":"2026-04-15T12:19:41","date_gmt":"2026-04-15T15:19:41","guid":{"rendered":"https:\/\/ubirataonline.com.br\/ambar-energia-assume-distribuicao-e-inicia-nova-fase-no-amazonas\/"},"modified":"2026-04-15T12:19:46","modified_gmt":"2026-04-15T15:19:46","slug":"ambar-energia-assume-distribuicao-e-inicia-nova-fase-no-amazonas","status":"publish","type":"post","link":"https:\/\/ubirataonline.com.br\/en\/ambar-energia-assume-distribuicao-e-inicia-nova-fase-no-amazonas\/","title":{"rendered":"\u00c2mbar Energia assume distribui\u00e7\u00e3o e inicia nova fase no Amazonas"},"content":{"rendered":"<p><\/p>\n<p>Mudan\u00e7a de controle marca nova etapa com foco em efici\u00eancia, rede e di\u00e1logo com consumidores<\/p>\n<div>\n<p>A Amazonas Energia passou a operar como \u00c2mbar Energia. A transfer\u00eancia de controle da distribuidora, respons\u00e1vel pelo fornecimento de energia no estado, foi aprovada pelos \u00f3rg\u00e3os competentes e conclu\u00edda na \u00faltima sexta-feira (10). A partir de agora, inicia-se uma nova etapa na presta\u00e7\u00e3o do servi\u00e7o no Amazonas.<\/p>\n<h2 class=\"wp-block-heading\">Prioridades operacionais<\/h2>\n<p>A nova administra\u00e7\u00e3o assume com o objetivo de melhorar a qualidade do servi\u00e7o. Para isso, estabelece tr\u00eas frentes principais: moderniza\u00e7\u00e3o da rede de distribui\u00e7\u00e3o, aumento da efici\u00eancia operacional e reequil\u00edbrio econ\u00f4mico-financeiro. Dessa forma, a empresa busca ampliar o atendimento tanto na capital quanto no interior.<\/p>\n<h2 class=\"wp-block-heading\">Gest\u00e3o prev\u00ea di\u00e1logo com a popula\u00e7\u00e3o e combate a perdas<\/h2>\n<p>O presidente da \u00c2mbar Energia na \u00e1rea de Distribui\u00e7\u00e3o, Jo\u00e3o Pilla, afirmou que a nova gest\u00e3o pretende ampliar o di\u00e1logo com a popula\u00e7\u00e3o para enfrentar os desafios do setor el\u00e9trico em rela\u00e7\u00e3o \u00e0s liga\u00e7\u00f5es irregulares.<\/p>\n<p>\u201cQueremos fazer essa aproxima\u00e7\u00e3o com a popula\u00e7\u00e3o. Precisamos falar claramente sobre esse desafio, que \u00e9 esse problema de desvio. Queremos encarar esse problema de frente. A popula\u00e7\u00e3o tem que entender que o Amazonas \u00e9 um estado promissor. O mundo inteiro est\u00e1 olhando para o estado do Amazonas\u201d, afirmou.<\/p>\n<p>Al\u00e9m disso, ele destacou a necessidade de preparar o sistema para o crescimento econ\u00f4mico.<\/p>\n<p>\u201cManaus, a partir de 2032, vai ser a \u00fanica capital que continua com benef\u00edcios, ou seja, muito mais empresas chegar\u00e3o a Manaus, e consequentemente ter\u00e1 necessidade de gera\u00e7\u00e3o de mais energia. E, para para estarmos preparados temos que come\u00e7ar agora e \u00e9 isso que vamos fazer\u201d, explicou.<\/p>\n<figure class=\"wp-block-image size-large\"><figcaption class=\"wp-element-caption\">Foto: Judah Levi<\/figcaption><\/figure>\n<h2 class=\"wp-block-heading\">Reajustes seguem regras da Aneel<\/h2>\n<p>O presidente afirmou que a mudan\u00e7a de controle n\u00e3o gera aumento na tarifa de energia.<\/p>\n<p>\u201cA transfer\u00eancia de controle n\u00e3o gera nenhum risco de aumento na conta. Quando isso acontece, \u00e9 por regula\u00e7\u00e3o da Aneel. Nenhuma distribuidora tem poder de aumentar\u201d, disse.<\/p>\n<p>Al\u00e9m disso, a empresa prev\u00ea campanhas de conscientiza\u00e7\u00e3o para estimular o consumo respons\u00e1vel.<\/p>\n<p>\u201cN\u00f3s vamos fazer campanhas de uso consciente da energia. Usar com consci\u00eancia naturalmente reduz o valor da conta\u201d, concluiu.<\/p>\n<h2 class=\"wp-block-heading\">Empresa passa a integrar grupo com presen\u00e7a internacional<\/h2>\n<p>Com 11 anos de atua\u00e7\u00e3o no setor energ\u00e9tico, a \u00c2mbar Energia re\u00fane 59 usinas, sendo 12 no Amazonas. Al\u00e9m disso, a companhia integra o grupo J&amp;F, que atua h\u00e1 73 anos nos setores de alimentos, minera\u00e7\u00e3o e celulose.<\/p>\n<p>O grupo est\u00e1 presente em mais de 20 pa\u00edses, conta com mais de 300 mil colaboradores e registrou receita l\u00edquida superior a R$ 500 bilh\u00f5es em 2025. Nesse sentido, a opera\u00e7\u00e3o no Amazonas amplia a presen\u00e7a do conglomerado no setor el\u00e9trico.<\/p>\n<h2 class=\"wp-block-heading\">Declara\u00e7\u00e3o da empresa sobre a nova fase<\/h2>\n<p>\u201cO grupo J&amp;F tem um hist\u00f3rico consistente na transforma\u00e7\u00e3o de neg\u00f3cios desafiadores. Por isso, assumimos com seguran\u00e7a o compromisso de atuar com respeito e promover melhorias cont\u00ednuas para toda a popula\u00e7\u00e3o amazonense, tanto na capital quanto no interior\u201d, afirma Jo\u00e3o Pilla.<\/p>\n<p>Pilla possui mais de 40 anos de experi\u00eancia no grupo e j\u00e1 liderou a \u00e1rea de Tecnologia. Assim, a gest\u00e3o mant\u00e9m foco na continuidade das opera\u00e7\u00f5es e na execu\u00e7\u00e3o das metas estabelecidas.<\/p>\n<h2 class=\"wp-block-heading\">Transi\u00e7\u00e3o segue sob acompanhamento regulat\u00f3rio<\/h2>\n<p>A evolu\u00e7\u00e3o da companhia ser\u00e1 monitorada por indicadores de qualidade dos servi\u00e7os e de sustentabilidade econ\u00f4mico-financeira. Ao mesmo tempo, a transfer\u00eancia de controle recebeu aval da Ag\u00eancia Nacional de Energia El\u00e9trica (Aneel), do Minist\u00e9rio de Minas e Energia e da Justi\u00e7a Federal.<\/p>\n<p>A opera\u00e7\u00e3o integra a solu\u00e7\u00e3o definida para a recupera\u00e7\u00e3o da distribuidora e garante a continuidade do servi\u00e7o.<\/p>\n<h2 class=\"wp-block-heading\"\/>\n<p><!-- CONTENT END 1 -->\n                    <\/div>\n<p><a href=\"https:\/\/emtempo.com.br\/459496\/economia\/ambar-energia-assume-distribuicao-e-inicia-nova-fase-no-amazonas\/\">Fonte do Artigo <\/a><\/p>","protected":false},"excerpt":{"rendered":"<p>Mudan\u00e7a de controle marca nova etapa com foco em efici\u00eancia, rede e di\u00e1logo com consumidores A Amazonas Energia passou a operar como \u00c2mbar Energia. A transfer\u00eancia de controle da distribuidora, respons\u00e1vel pelo fornecimento de energia no estado, foi aprovada pelos \u00f3rg\u00e3os competentes e conclu\u00edda na \u00faltima sexta-feira (10). A partir de agora, inicia-se uma nova [&hellip;]<\/p>\n","protected":false},"author":1,"featured_media":108091,"comment_status":"closed","ping_status":"","sticky":false,"template":"","format":"standard","meta":{"googlesitekit_rrm_CAow2JLhCw:productID":"","_gspb_post_css":"","maa_idioma":"","maa_pais":"","footnotes":""},"categories":[4],"tags":[3457,28586,5439,6849,6007,4003,3709,3679],"class_list":["post-108090","post","type-post","status-publish","format-standard","has-post-thumbnail","hentry","category-brasil","tag-amazonas","tag-ambar","tag-assume","tag-distribuicao","tag-energia","tag-fase","tag-inicia","tag-nova"],"blocksy_meta":[],"yoast_head":"<!-- This site is optimized with the Yoast SEO Premium plugin v27.6 (Yoast SEO v27.6) - https:\/\/yoast.com\/product\/yoast-seo-premium-wordpress\/ -->\n<title>\u00c2mbar Energia assume distribui\u00e7\u00e3o e inicia nova fase no Amazonas - Ubirat\u00e3 Online Not\u00edcias - A realidade ao seu alcance!<\/title>\n<meta name=\"description\" content=\"Mudan\u00e7a de controle marca nova etapa com foco em efici\u00eancia, rede e di\u00e1logo com consumidores A Amazonas Energia passou a operar como \u00c2mbar Energia. A\" \/>\n<meta name=\"robots\" content=\"index, follow, max-snippet:-1, max-image-preview:large, max-video-preview:-1\" \/>\n<link rel=\"canonical\" href=\"https:\/\/ubirataonline.com.br\/en\/ambar-energia-assume-distribuicao-e-inicia-nova-fase-no-amazonas\/\" \/>\n<meta property=\"og:locale\" content=\"en_US\" \/>\n<meta property=\"og:type\" content=\"article\" \/>\n<meta property=\"og:title\" content=\"\u00c2mbar Energia assume distribui\u00e7\u00e3o e inicia nova fase no Amazonas\" \/>\n<meta property=\"og:description\" content=\"Mudan\u00e7a de controle marca nova etapa com foco em efici\u00eancia, rede e di\u00e1logo com consumidores A Amazonas Energia passou a operar como \u00c2mbar Energia. A\" \/>\n<meta property=\"og:url\" content=\"https:\/\/ubirataonline.com.br\/en\/ambar-energia-assume-distribuicao-e-inicia-nova-fase-no-amazonas\/\" \/>\n<meta property=\"og:site_name\" content=\"Ubirat\u00e3 Online Not\u00edcias - A realidade ao seu alcance!\" \/>\n<meta property=\"article:publisher\" content=\"https:\/\/www.facebook.com\/portalubirataonline\" \/>\n<meta property=\"article:author\" content=\"https:\/\/www.facebook.com\/portalubirataonline\" \/>\n<meta property=\"article:published_time\" content=\"2026-04-15T15:19:41+00:00\" \/>\n<meta property=\"article:modified_time\" content=\"2026-04-15T15:19:46+00:00\" \/>\n<meta property=\"og:image\" content=\"https:\/\/ubirataonline.com.br\/wp-content\/uploads\/2026\/04\/Ambar-Energia-assume-distribuicao-e-inicia-nova-fase-no-Amazonas.jpg\" \/>\n\t<meta property=\"og:image:width\" content=\"900\" \/>\n\t<meta property=\"og:image:height\" content=\"600\" \/>\n\t<meta property=\"og:image:type\" content=\"image\/jpeg\" \/>\n<meta name=\"author\" content=\"REDA\u00c7\u00c3O: UBIRAT\u00c3 ONLINE - F\u00c1BIO AUGUSTO CELESTINO\" \/>\n<meta name=\"twitter:card\" content=\"summary_large_image\" \/>\n<meta name=\"twitter:creator\" content=\"@x.com\/ubirataonline\" \/>\n<meta name=\"twitter:site\" content=\"@ubirataonline\" \/>\n<meta name=\"twitter:label1\" content=\"Written by\" \/>\n\t<meta name=\"twitter:data1\" content=\"REDA\u00c7\u00c3O: UBIRAT\u00c3 ONLINE - F\u00c1BIO AUGUSTO CELESTINO\" \/>\n\t<meta name=\"twitter:label2\" content=\"Est. reading time\" \/>\n\t<meta name=\"twitter:data2\" content=\"3 minutes\" \/>\n<script type=\"application\/ld+json\" class=\"yoast-schema-graph\">{\"@context\":\"https:\\\/\\\/schema.org\",\"@graph\":[{\"@type\":\"NewsArticle\",\"@id\":\"https:\\\/\\\/ubirataonline.com.br\\\/ambar-energia-assume-distribuicao-e-inicia-nova-fase-no-amazonas\\\/#article\",\"isPartOf\":{\"@id\":\"https:\\\/\\\/ubirataonline.com.br\\\/ambar-energia-assume-distribuicao-e-inicia-nova-fase-no-amazonas\\\/\"},\"author\":{\"name\":\"REDA\u00c7\u00c3O: UBIRAT\u00c3 ONLINE - F\u00c1BIO AUGUSTO CELESTINO\",\"@id\":\"https:\\\/\\\/ubirataonline.com.br\\\/#\\\/schema\\\/person\\\/372f87bbd3fdd79b8556b84c98d0bc1c\"},\"headline\":\"\u00c2mbar Energia assume distribui\u00e7\u00e3o e inicia nova fase no Amazonas\",\"datePublished\":\"2026-04-15T15:19:41+00:00\",\"dateModified\":\"2026-04-15T15:19:46+00:00\",\"mainEntityOfPage\":{\"@id\":\"https:\\\/\\\/ubirataonline.com.br\\\/ambar-energia-assume-distribuicao-e-inicia-nova-fase-no-amazonas\\\/\"},\"wordCount\":665,\"publisher\":{\"@id\":\"https:\\\/\\\/ubirataonline.com.br\\\/#organization\"},\"image\":{\"@id\":\"https:\\\/\\\/ubirataonline.com.br\\\/ambar-energia-assume-distribuicao-e-inicia-nova-fase-no-amazonas\\\/#primaryimage\"},\"thumbnailUrl\":\"https:\\\/\\\/ubirataonline.com.br\\\/wp-content\\\/uploads\\\/2026\\\/04\\\/Ambar-Energia-assume-distribuicao-e-inicia-nova-fase-no-Amazonas.jpg\",\"keywords\":[\"Amazonas\",\"\u00c2mbar\",\"assume\",\"distribui\u00e7\u00e3o\",\"energia\",\"fase\",\"inicia\",\"Nova\"],\"articleSection\":[\"Brasil\"],\"inLanguage\":\"en-US\",\"copyrightYear\":\"2026\",\"copyrightHolder\":{\"@id\":\"https:\\\/\\\/ubirataonline.com.br\\\/en\\\/#organization\"}},{\"@type\":\"WebPage\",\"@id\":\"https:\\\/\\\/ubirataonline.com.br\\\/ambar-energia-assume-distribuicao-e-inicia-nova-fase-no-amazonas\\\/\",\"url\":\"https:\\\/\\\/ubirataonline.com.br\\\/ambar-energia-assume-distribuicao-e-inicia-nova-fase-no-amazonas\\\/\",\"name\":\"\u00c2mbar Energia assume distribui\u00e7\u00e3o e inicia nova fase no Amazonas - Ubirat\u00e3 Online Not\u00edcias - A realidade ao seu alcance!\",\"isPartOf\":{\"@id\":\"https:\\\/\\\/ubirataonline.com.br\\\/#website\"},\"primaryImageOfPage\":{\"@id\":\"https:\\\/\\\/ubirataonline.com.br\\\/ambar-energia-assume-distribuicao-e-inicia-nova-fase-no-amazonas\\\/#primaryimage\"},\"image\":{\"@id\":\"https:\\\/\\\/ubirataonline.com.br\\\/ambar-energia-assume-distribuicao-e-inicia-nova-fase-no-amazonas\\\/#primaryimage\"},\"thumbnailUrl\":\"https:\\\/\\\/ubirataonline.com.br\\\/wp-content\\\/uploads\\\/2026\\\/04\\\/Ambar-Energia-assume-distribuicao-e-inicia-nova-fase-no-Amazonas.jpg\",\"datePublished\":\"2026-04-15T15:19:41+00:00\",\"dateModified\":\"2026-04-15T15:19:46+00:00\",\"description\":\"Mudan\u00e7a de controle marca nova etapa com foco em efici\u00eancia, rede e di\u00e1logo com consumidores A Amazonas Energia passou a operar como \u00c2mbar Energia. A\",\"breadcrumb\":{\"@id\":\"https:\\\/\\\/ubirataonline.com.br\\\/ambar-energia-assume-distribuicao-e-inicia-nova-fase-no-amazonas\\\/#breadcrumb\"},\"inLanguage\":\"en-US\",\"potentialAction\":[{\"@type\":\"ReadAction\",\"target\":[\"https:\\\/\\\/ubirataonline.com.br\\\/ambar-energia-assume-distribuicao-e-inicia-nova-fase-no-amazonas\\\/\"]}]},{\"@type\":\"ImageObject\",\"inLanguage\":\"en-US\",\"@id\":\"https:\\\/\\\/ubirataonline.com.br\\\/ambar-energia-assume-distribuicao-e-inicia-nova-fase-no-amazonas\\\/#primaryimage\",\"url\":\"https:\\\/\\\/ubirataonline.com.br\\\/wp-content\\\/uploads\\\/2026\\\/04\\\/Ambar-Energia-assume-distribuicao-e-inicia-nova-fase-no-Amazonas.jpg\",\"contentUrl\":\"https:\\\/\\\/ubirataonline.com.br\\\/wp-content\\\/uploads\\\/2026\\\/04\\\/Ambar-Energia-assume-distribuicao-e-inicia-nova-fase-no-Amazonas.jpg\",\"width\":900,\"height\":600,\"caption\":\"Foto: Divulga\u00e7\u00e3o\\\/Assessoria\"},{\"@type\":\"BreadcrumbList\",\"@id\":\"https:\\\/\\\/ubirataonline.com.br\\\/ambar-energia-assume-distribuicao-e-inicia-nova-fase-no-amazonas\\\/#breadcrumb\",\"itemListElement\":[{\"@type\":\"ListItem\",\"position\":1,\"name\":\"In\u00edcio\",\"item\":\"https:\\\/\\\/ubirataonline.com.br\\\/\"},{\"@type\":\"ListItem\",\"position\":2,\"name\":\"\u00c2mbar Energia assume distribui\u00e7\u00e3o e inicia nova fase no Amazonas\"}]},{\"@type\":\"WebSite\",\"@id\":\"https:\\\/\\\/ubirataonline.com.br\\\/#website\",\"url\":\"https:\\\/\\\/ubirataonline.com.br\\\/\",\"name\":\"Ubirat\u00e3 Online Not\u00edcias\",\"description\":\"Not\u00edcias de Ubirat\u00e3, regi\u00e3o, Brasil e mundo, com informa\u00e7\u00e3o atualizada e compromisso com o leitor.\",\"publisher\":{\"@id\":\"https:\\\/\\\/ubirataonline.com.br\\\/#organization\"},\"alternateName\":\"Ubirat\u00e3 Online\",\"potentialAction\":[{\"@type\":\"SearchAction\",\"target\":{\"@type\":\"EntryPoint\",\"urlTemplate\":\"https:\\\/\\\/ubirataonline.com.br\\\/?s={search_term_string}\"},\"query-input\":{\"@type\":\"PropertyValueSpecification\",\"valueRequired\":true,\"valueName\":\"search_term_string\"}}],\"inLanguage\":\"en-US\"},{\"@type\":[\"Organization\",\"Place\"],\"@id\":\"https:\\\/\\\/ubirataonline.com.br\\\/#organization\",\"name\":\"Ubirat\u00e3 Online Not\u00edcias\",\"alternateName\":\"Ubirat\u00e3 Online\",\"url\":\"https:\\\/\\\/ubirataonline.com.br\\\/\",\"logo\":{\"@id\":\"https:\\\/\\\/ubirataonline.com.br\\\/ambar-energia-assume-distribuicao-e-inicia-nova-fase-no-amazonas\\\/#local-main-organization-logo\"},\"image\":{\"@id\":\"https:\\\/\\\/ubirataonline.com.br\\\/ambar-energia-assume-distribuicao-e-inicia-nova-fase-no-amazonas\\\/#local-main-organization-logo\"},\"sameAs\":[\"https:\\\/\\\/www.facebook.com\\\/portalubirataonline\",\"https:\\\/\\\/x.com\\\/ubirataonline\",\"https:\\\/\\\/mastodon.social\\\/@ubirataonline\",\"https:\\\/\\\/www.facebook.com\\\/groups\\\/311144672285604\",\"https:\\\/\\\/www.facebook.com\\\/UBTAOnline\",\"https:\\\/\\\/www.instagram.com\\\/portalubirataonline\\\/\",\"https:\\\/\\\/twitter.com\\\/ubirataonline\"],\"description\":\"Somos um portal de not\u00edcias independente, criado em 5 de janeiro de 2009, com o objetivo de informar, conectar e valorizar a nossa comunidade de Ubirat\u00e3 e toda aregi\u00e3o. Com conte\u00fado atualizado, confi\u00e1vel e relevante, o Ubirat\u00e3 Online \u00e9 o seu espa\u00e7o para ficar por dentro dos principais acontecimentos locais, regionais, Brasil, Mundo e de interesse geral. Nosso compromisso \u00e9 com a verdade, a transpar\u00eancia e o respeito ao leitor.\",\"legalName\":\"UBIRATA ONLINE NOT\u00cdCIAS\",\"foundingDate\":\"2009-01-05\",\"numberOfEmployees\":{\"@type\":\"QuantitativeValue\",\"minValue\":\"1\",\"maxValue\":\"10\"},\"publishingPrinciples\":\"https:\\\/\\\/ubirataonline.com.br\\\/faq\\\/\",\"address\":{\"@id\":\"https:\\\/\\\/ubirataonline.com.br\\\/ambar-energia-assume-distribuicao-e-inicia-nova-fase-no-amazonas\\\/#local-main-place-address\"},\"geo\":{\"@type\":\"GeoCoordinates\",\"latitude\":\"-24.5361401\",\"longitude\":\"-52.9921776\"},\"telephone\":[\"+5544998308235\"],\"contactPoint\":{\"@type\":\"ContactPoint\",\"email\":\"contato@ubirataonline.com.br\"},\"openingHoursSpecification\":{\"@type\":\"OpeningHoursSpecification\",\"dayOfWeek\":[\"Monday\",\"Tuesday\",\"Wednesday\",\"Thursday\",\"Friday\",\"Saturday\",\"Sunday\"],\"opens\":\"00:00\",\"closes\":\"23:59\"},\"email\":\"contato@ubirataonline.com.br\",\"vatID\":\"47.621.418\\\/0001-80\"},{\"@type\":\"Person\",\"@id\":\"https:\\\/\\\/ubirataonline.com.br\\\/#\\\/schema\\\/person\\\/372f87bbd3fdd79b8556b84c98d0bc1c\",\"name\":\"REDA\u00c7\u00c3O: UBIRAT\u00c3 ONLINE - F\u00c1BIO AUGUSTO CELESTINO\",\"pronouns\":\"Ele\",\"description\":\"Desde 2003 trabalhando com not\u00edcias.\",\"sameAs\":[\"http:\\\/\\\/ubirataoline.com.br\",\"https:\\\/\\\/www.facebook.com\\\/portalubirataonline\",\"https:\\\/\\\/www.instagram.com\\\/ubirataonline_oficial\",\"https:\\\/\\\/x.com\\\/x.com\\\/ubirataonline\"],\"honorificPrefix\":\"Mr.\",\"honorificSuffix\":\"MD\",\"birthDate\":\"1980-06-16\",\"gender\":\"masculino\",\"award\":[\"V\u00e1rios pr\u00eamios de melhor portal da cidade\"],\"jobTitle\":\"Diretor\",\"url\":\"https:\\\/\\\/ubirataonline.com.br\\\/en\\\/author\\\/ubirataonline\\\/\"},{\"@type\":\"PostalAddress\",\"@id\":\"https:\\\/\\\/ubirataonline.com.br\\\/ambar-energia-assume-distribuicao-e-inicia-nova-fase-no-amazonas\\\/#local-main-place-address\",\"streetAddress\":\"Rua dos Coqueiros, 104 - Bairro Boa Vista, Rua dos Coqueiros, 104 Bairro Boa Vista\",\"addressLocality\":\"UBIRATA\",\"postalCode\":\"85440-000\",\"addressRegion\":\"PR\",\"addressCountry\":\"BR\"},{\"@type\":\"ImageObject\",\"inLanguage\":\"en-US\",\"@id\":\"https:\\\/\\\/ubirataonline.com.br\\\/ambar-energia-assume-distribuicao-e-inicia-nova-fase-no-amazonas\\\/#local-main-organization-logo\",\"url\":\"https:\\\/\\\/ubirataonline.com.br\\\/wp-content\\\/uploads\\\/2026\\\/06\\\/logoubirataonline-1.webp\",\"contentUrl\":\"https:\\\/\\\/ubirataonline.com.br\\\/wp-content\\\/uploads\\\/2026\\\/06\\\/logoubirataonline-1.webp\",\"width\":500,\"height\":500,\"caption\":\"Ubirat\u00e3 Online Not\u00edcias\"}]}<\/script>\n<meta name=\"geo.placename\" content=\"UBIRATA\" \/>\n<meta name=\"geo.position\" content=\"-24.5361401;-52.9921776\" \/>\n<meta name=\"geo.region\" content=\"Brazil\" \/>\n<!-- \/ Yoast SEO Premium plugin. -->","yoast_head_json":{"title":"\u00c2mbar Energia assume distribui\u00e7\u00e3o e inicia nova fase no Amazonas - Ubirat\u00e3 Online Not\u00edcias - A realidade ao seu alcance!","description":"Mudan\u00e7a de controle marca nova etapa com foco em efici\u00eancia, rede e di\u00e1logo com consumidores A Amazonas Energia passou a operar como \u00c2mbar Energia. A","robots":{"index":"index","follow":"follow","max-snippet":"max-snippet:-1","max-image-preview":"max-image-preview:large","max-video-preview":"max-video-preview:-1"},"canonical":"https:\/\/ubirataonline.com.br\/en\/ambar-energia-assume-distribuicao-e-inicia-nova-fase-no-amazonas\/","og_locale":"en_US","og_type":"article","og_title":"\u00c2mbar Energia assume distribui\u00e7\u00e3o e inicia nova fase no Amazonas","og_description":"Mudan\u00e7a de controle marca nova etapa com foco em efici\u00eancia, rede e di\u00e1logo com consumidores A Amazonas Energia passou a operar como \u00c2mbar Energia. A","og_url":"https:\/\/ubirataonline.com.br\/en\/ambar-energia-assume-distribuicao-e-inicia-nova-fase-no-amazonas\/","og_site_name":"Ubirat\u00e3 Online Not\u00edcias - A realidade ao seu alcance!","article_publisher":"https:\/\/www.facebook.com\/portalubirataonline","article_author":"https:\/\/www.facebook.com\/portalubirataonline","article_published_time":"2026-04-15T15:19:41+00:00","article_modified_time":"2026-04-15T15:19:46+00:00","og_image":[{"width":900,"height":600,"url":"https:\/\/ubirataonline.com.br\/wp-content\/uploads\/2026\/04\/Ambar-Energia-assume-distribuicao-e-inicia-nova-fase-no-Amazonas.jpg","type":"image\/jpeg"}],"author":"REDA\u00c7\u00c3O: UBIRAT\u00c3 ONLINE - F\u00c1BIO AUGUSTO CELESTINO","twitter_card":"summary_large_image","twitter_creator":"@x.com\/ubirataonline","twitter_site":"@ubirataonline","twitter_misc":{"Written by":"REDA\u00c7\u00c3O: UBIRAT\u00c3 ONLINE - F\u00c1BIO AUGUSTO CELESTINO","Est. reading time":"3 minutes"},"schema":{"@context":"https:\/\/schema.org","@graph":[{"@type":"NewsArticle","@id":"https:\/\/ubirataonline.com.br\/ambar-energia-assume-distribuicao-e-inicia-nova-fase-no-amazonas\/#article","isPartOf":{"@id":"https:\/\/ubirataonline.com.br\/ambar-energia-assume-distribuicao-e-inicia-nova-fase-no-amazonas\/"},"author":{"name":"REDA\u00c7\u00c3O: UBIRAT\u00c3 ONLINE - F\u00c1BIO AUGUSTO CELESTINO","@id":"https:\/\/ubirataonline.com.br\/#\/schema\/person\/372f87bbd3fdd79b8556b84c98d0bc1c"},"headline":"\u00c2mbar Energia assume distribui\u00e7\u00e3o e inicia nova fase no Amazonas","datePublished":"2026-04-15T15:19:41+00:00","dateModified":"2026-04-15T15:19:46+00:00","mainEntityOfPage":{"@id":"https:\/\/ubirataonline.com.br\/ambar-energia-assume-distribuicao-e-inicia-nova-fase-no-amazonas\/"},"wordCount":665,"publisher":{"@id":"https:\/\/ubirataonline.com.br\/#organization"},"image":{"@id":"https:\/\/ubirataonline.com.br\/ambar-energia-assume-distribuicao-e-inicia-nova-fase-no-amazonas\/#primaryimage"},"thumbnailUrl":"https:\/\/ubirataonline.com.br\/wp-content\/uploads\/2026\/04\/Ambar-Energia-assume-distribuicao-e-inicia-nova-fase-no-Amazonas.jpg","keywords":["Amazonas","\u00c2mbar","assume","distribui\u00e7\u00e3o","energia","fase","inicia","Nova"],"articleSection":["Brasil"],"inLanguage":"en-US","copyrightYear":"2026","copyrightHolder":{"@id":"https:\/\/ubirataonline.com.br\/en\/#organization"}},{"@type":"WebPage","@id":"https:\/\/ubirataonline.com.br\/ambar-energia-assume-distribuicao-e-inicia-nova-fase-no-amazonas\/","url":"https:\/\/ubirataonline.com.br\/ambar-energia-assume-distribuicao-e-inicia-nova-fase-no-amazonas\/","name":"\u00c2mbar Energia assume distribui\u00e7\u00e3o e inicia nova fase no Amazonas - Ubirat\u00e3 Online Not\u00edcias - A realidade ao seu alcance!","isPartOf":{"@id":"https:\/\/ubirataonline.com.br\/#website"},"primaryImageOfPage":{"@id":"https:\/\/ubirataonline.com.br\/ambar-energia-assume-distribuicao-e-inicia-nova-fase-no-amazonas\/#primaryimage"},"image":{"@id":"https:\/\/ubirataonline.com.br\/ambar-energia-assume-distribuicao-e-inicia-nova-fase-no-amazonas\/#primaryimage"},"thumbnailUrl":"https:\/\/ubirataonline.com.br\/wp-content\/uploads\/2026\/04\/Ambar-Energia-assume-distribuicao-e-inicia-nova-fase-no-Amazonas.jpg","datePublished":"2026-04-15T15:19:41+00:00","dateModified":"2026-04-15T15:19:46+00:00","description":"Mudan\u00e7a de controle marca nova etapa com foco em efici\u00eancia, rede e di\u00e1logo com consumidores A Amazonas Energia passou a operar como \u00c2mbar Energia. A","breadcrumb":{"@id":"https:\/\/ubirataonline.com.br\/ambar-energia-assume-distribuicao-e-inicia-nova-fase-no-amazonas\/#breadcrumb"},"inLanguage":"en-US","potentialAction":[{"@type":"ReadAction","target":["https:\/\/ubirataonline.com.br\/ambar-energia-assume-distribuicao-e-inicia-nova-fase-no-amazonas\/"]}]},{"@type":"ImageObject","inLanguage":"en-US","@id":"https:\/\/ubirataonline.com.br\/ambar-energia-assume-distribuicao-e-inicia-nova-fase-no-amazonas\/#primaryimage","url":"https:\/\/ubirataonline.com.br\/wp-content\/uploads\/2026\/04\/Ambar-Energia-assume-distribuicao-e-inicia-nova-fase-no-Amazonas.jpg","contentUrl":"https:\/\/ubirataonline.com.br\/wp-content\/uploads\/2026\/04\/Ambar-Energia-assume-distribuicao-e-inicia-nova-fase-no-Amazonas.jpg","width":900,"height":600,"caption":"Foto: Divulga\u00e7\u00e3o\/Assessoria"},{"@type":"BreadcrumbList","@id":"https:\/\/ubirataonline.com.br\/ambar-energia-assume-distribuicao-e-inicia-nova-fase-no-amazonas\/#breadcrumb","itemListElement":[{"@type":"ListItem","position":1,"name":"In\u00edcio","item":"https:\/\/ubirataonline.com.br\/"},{"@type":"ListItem","position":2,"name":"\u00c2mbar Energia assume distribui\u00e7\u00e3o e inicia nova fase no Amazonas"}]},{"@type":"WebSite","@id":"https:\/\/ubirataonline.com.br\/#website","url":"https:\/\/ubirataonline.com.br\/","name":"Ubirat\u00e3 Online Not\u00edcias","description":"Not\u00edcias de Ubirat\u00e3, regi\u00e3o, Brasil e mundo, com informa\u00e7\u00e3o atualizada e compromisso com o leitor.","publisher":{"@id":"https:\/\/ubirataonline.com.br\/#organization"},"alternateName":"Ubirat\u00e3 Online","potentialAction":[{"@type":"SearchAction","target":{"@type":"EntryPoint","urlTemplate":"https:\/\/ubirataonline.com.br\/?s={search_term_string}"},"query-input":{"@type":"PropertyValueSpecification","valueRequired":true,"valueName":"search_term_string"}}],"inLanguage":"en-US"},{"@type":["Organization","Place"],"@id":"https:\/\/ubirataonline.com.br\/#organization","name":"Ubirat\u00e3 Online Not\u00edcias","alternateName":"Ubirat\u00e3 Online","url":"https:\/\/ubirataonline.com.br\/","logo":{"@id":"https:\/\/ubirataonline.com.br\/ambar-energia-assume-distribuicao-e-inicia-nova-fase-no-amazonas\/#local-main-organization-logo"},"image":{"@id":"https:\/\/ubirataonline.com.br\/ambar-energia-assume-distribuicao-e-inicia-nova-fase-no-amazonas\/#local-main-organization-logo"},"sameAs":["https:\/\/www.facebook.com\/portalubirataonline","https:\/\/x.com\/ubirataonline","https:\/\/mastodon.social\/@ubirataonline","https:\/\/www.facebook.com\/groups\/311144672285604","https:\/\/www.facebook.com\/UBTAOnline","https:\/\/www.instagram.com\/portalubirataonline\/","https:\/\/twitter.com\/ubirataonline"],"description":"Somos um portal de not\u00edcias independente, criado em 5 de janeiro de 2009, com o objetivo de informar, conectar e valorizar a nossa comunidade de Ubirat\u00e3 e toda aregi\u00e3o. Com conte\u00fado atualizado, confi\u00e1vel e relevante, o Ubirat\u00e3 Online \u00e9 o seu espa\u00e7o para ficar por dentro dos principais acontecimentos locais, regionais, Brasil, Mundo e de interesse geral. Nosso compromisso \u00e9 com a verdade, a transpar\u00eancia e o respeito ao leitor.","legalName":"UBIRATA ONLINE NOT\u00cdCIAS","foundingDate":"2009-01-05","numberOfEmployees":{"@type":"QuantitativeValue","minValue":"1","maxValue":"10"},"publishingPrinciples":"https:\/\/ubirataonline.com.br\/faq\/","address":{"@id":"https:\/\/ubirataonline.com.br\/ambar-energia-assume-distribuicao-e-inicia-nova-fase-no-amazonas\/#local-main-place-address"},"geo":{"@type":"GeoCoordinates","latitude":"-24.5361401","longitude":"-52.9921776"},"telephone":["+5544998308235"],"contactPoint":{"@type":"ContactPoint","email":"contato@ubirataonline.com.br"},"openingHoursSpecification":{"@type":"OpeningHoursSpecification","dayOfWeek":["Monday","Tuesday","Wednesday","Thursday","Friday","Saturday","Sunday"],"opens":"00:00","closes":"23:59"},"email":"contato@ubirataonline.com.br","vatID":"47.621.418\/0001-80"},{"@type":"Person","@id":"https:\/\/ubirataonline.com.br\/#\/schema\/person\/372f87bbd3fdd79b8556b84c98d0bc1c","name":"REDA\u00c7\u00c3O: UBIRAT\u00c3 ONLINE - F\u00c1BIO AUGUSTO CELESTINO","pronouns":"Ele","description":"Desde 2003 trabalhando com not\u00edcias.","sameAs":["http:\/\/ubirataoline.com.br","https:\/\/www.facebook.com\/portalubirataonline","https:\/\/www.instagram.com\/ubirataonline_oficial","https:\/\/x.com\/x.com\/ubirataonline"],"honorificPrefix":"Mr.","honorificSuffix":"MD","birthDate":"1980-06-16","gender":"masculino","award":["V\u00e1rios pr\u00eamios de melhor portal da cidade"],"jobTitle":"Diretor","url":"https:\/\/ubirataonline.com.br\/en\/author\/ubirataonline\/"},{"@type":"PostalAddress","@id":"https:\/\/ubirataonline.com.br\/ambar-energia-assume-distribuicao-e-inicia-nova-fase-no-amazonas\/#local-main-place-address","streetAddress":"Rua dos Coqueiros, 104 - Bairro Boa Vista, Rua dos Coqueiros, 104 Bairro Boa Vista","addressLocality":"UBIRATA","postalCode":"85440-000","addressRegion":"PR","addressCountry":"BR"},{"@type":"ImageObject","inLanguage":"en-US","@id":"https:\/\/ubirataonline.com.br\/ambar-energia-assume-distribuicao-e-inicia-nova-fase-no-amazonas\/#local-main-organization-logo","url":"https:\/\/ubirataonline.com.br\/wp-content\/uploads\/2026\/06\/logoubirataonline-1.webp","contentUrl":"https:\/\/ubirataonline.com.br\/wp-content\/uploads\/2026\/06\/logoubirataonline-1.webp","width":500,"height":500,"caption":"Ubirat\u00e3 Online Not\u00edcias"}]},"geo.placename":"UBIRATA","geo.position":{"lat":"-24.5361401","long":"-52.9921776"},"geo.region":"Brazil"},"_links":{"self":[{"href":"https:\/\/ubirataonline.com.br\/en\/wp-json\/wp\/v2\/posts\/108090","targetHints":{"allow":["GET"]}}],"collection":[{"href":"https:\/\/ubirataonline.com.br\/en\/wp-json\/wp\/v2\/posts"}],"about":[{"href":"https:\/\/ubirataonline.com.br\/en\/wp-json\/wp\/v2\/types\/post"}],"author":[{"embeddable":true,"href":"https:\/\/ubirataonline.com.br\/en\/wp-json\/wp\/v2\/users\/1"}],"replies":[{"embeddable":true,"href":"https:\/\/ubirataonline.com.br\/en\/wp-json\/wp\/v2\/comments?post=108090"}],"version-history":[{"count":0,"href":"https:\/\/ubirataonline.com.br\/en\/wp-json\/wp\/v2\/posts\/108090\/revisions"}],"wp:featuredmedia":[{"embeddable":true,"href":"https:\/\/ubirataonline.com.br\/en\/wp-json\/wp\/v2\/media\/108091"}],"wp:attachment":[{"href":"https:\/\/ubirataonline.com.br\/en\/wp-json\/wp\/v2\/media?parent=108090"}],"wp:term":[{"taxonomy":"category","embeddable":true,"href":"https:\/\/ubirataonline.com.br\/en\/wp-json\/wp\/v2\/categories?post=108090"},{"taxonomy":"post_tag","embeddable":true,"href":"https:\/\/ubirataonline.com.br\/en\/wp-json\/wp\/v2\/tags?post=108090"}],"curies":[{"name":"wp","href":"https:\/\/api.w.org\/{rel}","templated":true}]}}