{"id":108113,"date":"2026-04-15T13:20:46","date_gmt":"2026-04-15T16:20:46","guid":{"rendered":"https:\/\/ubirataonline.com.br\/bodo-humbled-but-kjetil-knutsen-remains-the-manager-celtic-should-target\/"},"modified":"2026-04-15T13:21:00","modified_gmt":"2026-04-15T16:21:00","slug":"bodo-humbled-but-kjetil-knutsen-remains-the-manager-celtic-should-target","status":"publish","type":"post","link":"https:\/\/ubirataonline.com.br\/en\/bodo-humbled-but-kjetil-knutsen-remains-the-manager-celtic-should-target\/","title":{"rendered":"Bodo humbled, but Kjetil Knutsen remains the manager Celtic should target"},"content":{"rendered":"<p><\/p>\n<div>\n<div class=\"ArticleParagraph_articleParagraph__MrxYL\">\n<p><strong>Bodo\/Glimt may have exited the Champions League after a 5-0 thumping at the hands of Sporting in Lisbon last night.<\/strong> The Norwegian Champions ended up losing out 5-3 on aggregate, but they still made their mark at the highest level of club football, and impressed more than a few folk with their ability and desire in the Champions League, clearly the greatest club competition in the world.<\/p>\n<\/div>\n<div class=\"ImageWithSets_of-image__ovnCW\" style=\"--padding-bottom-mobile:66.66666666666666%;--padding-bottom-tablet-portrait:66.66666666666666%;--padding-bottom-tablet-landscape:66.66666666666666%;--padding-bottom-desktop:66.66666666666666%\"><picture class=\"ImageWithSets_of-image__picture__4hzsN\"><source media=\"(min-width: 1280px) and (prefers-color-scheme: dark)\" srcset=\"https:\/\/image-service.onefootball.com\/transform?w=840&amp;h=560&amp;dpr=2&amp;image=https%3A%2F%2Ficdn.thecelticstar.com%2Fwp-content%2Fuploads%2F2026%2F03%2Fsporting-clube-de-portugal-v-fk-bodo-glimt-uefa-champions-league-2025-26-round-of-16-second-leg-16.jpeg\"\/><source media=\"(min-width: 1280px) and (prefers-color-scheme: light)\" srcset=\"https:\/\/image-service.onefootball.com\/transform?w=840&amp;h=560&amp;dpr=2&amp;image=https%3A%2F%2Ficdn.thecelticstar.com%2Fwp-content%2Fuploads%2F2026%2F03%2Fsporting-clube-de-portugal-v-fk-bodo-glimt-uefa-champions-league-2025-26-round-of-16-second-leg-16.jpeg\"\/><source media=\"(min-width: 1024px) and (max-width: 1279px) and (prefers-color-scheme: dark)\" srcset=\"https:\/\/image-service.onefootball.com\/transform?w=620&amp;h=413&amp;dpr=2&amp;image=https%3A%2F%2Ficdn.thecelticstar.com%2Fwp-content%2Fuploads%2F2026%2F03%2Fsporting-clube-de-portugal-v-fk-bodo-glimt-uefa-champions-league-2025-26-round-of-16-second-leg-16.jpeg\"\/><source media=\"(min-width: 1024px) and (max-width: 1279px) and (prefers-color-scheme: light)\" srcset=\"https:\/\/image-service.onefootball.com\/transform?w=620&amp;h=413&amp;dpr=2&amp;image=https%3A%2F%2Ficdn.thecelticstar.com%2Fwp-content%2Fuploads%2F2026%2F03%2Fsporting-clube-de-portugal-v-fk-bodo-glimt-uefa-champions-league-2025-26-round-of-16-second-leg-16.jpeg\"\/><source media=\"(min-width: 768px) and (max-width: 1023px) and (prefers-color-scheme: dark)\" srcset=\"https:\/\/image-service.onefootball.com\/transform?w=336&amp;h=224&amp;dpr=2&amp;image=https%3A%2F%2Ficdn.thecelticstar.com%2Fwp-content%2Fuploads%2F2026%2F03%2Fsporting-clube-de-portugal-v-fk-bodo-glimt-uefa-champions-league-2025-26-round-of-16-second-leg-16.jpeg\"\/><source media=\"(min-width: 768px) and (max-width: 1023px) and (prefers-color-scheme: light)\" srcset=\"https:\/\/image-service.onefootball.com\/transform?w=336&amp;h=224&amp;dpr=2&amp;image=https%3A%2F%2Ficdn.thecelticstar.com%2Fwp-content%2Fuploads%2F2026%2F03%2Fsporting-clube-de-portugal-v-fk-bodo-glimt-uefa-champions-league-2025-26-round-of-16-second-leg-16.jpeg\"\/><source media=\"(max-width: 767px) and (prefers-color-scheme: dark)\" srcset=\"https:\/\/image-service.onefootball.com\/transform?w=280&amp;h=187&amp;dpr=2&amp;image=https%3A%2F%2Ficdn.thecelticstar.com%2Fwp-content%2Fuploads%2F2026%2F03%2Fsporting-clube-de-portugal-v-fk-bodo-glimt-uefa-champions-league-2025-26-round-of-16-second-leg-16.jpeg\"\/><source media=\"(max-width: 767px) and (prefers-color-scheme: light)\" srcset=\"https:\/\/image-service.onefootball.com\/transform?w=280&amp;h=187&amp;dpr=2&amp;image=https%3A%2F%2Ficdn.thecelticstar.com%2Fwp-content%2Fuploads%2F2026%2F03%2Fsporting-clube-de-portugal-v-fk-bodo-glimt-uefa-champions-league-2025-26-round-of-16-second-leg-16.jpeg\"\/><\/picture><\/div>\n<div class=\"ArticleParagraph_articleParagraph__MrxYL\">\n<p>Players of Bodo\/Glimt pose for a team photograph prior to the <a href=\"https:\/\/onefootball.com\/pt-br\/competicao\/uefa-champions-league-5\/jogos\">UEFA Champions League<\/a> 2025\/26 Round of 16 Second Leg match between Sporting Clube de Portugal and FK Bodo\/Glimt at Estadio Jose Alvalade on March 17, 2026 in Lisbon, Portugal. (Photo by Gualter Fatia\/Getty Images)<\/p>\n<\/div>\n<hr class=\"HorizontalSeparator_separator__EJ_El\"\/>\n<hr class=\"HorizontalSeparator_separator__EJ_El\"\/>\n<div class=\"ArticleParagraph_articleParagraph__MrxYL\">\n<p>Kjetil Knutsen is the main driving force behind the minnows exploits, as he and his players once again proved their credentials on the biggest stage of all, taking tiny Bodo to the last sixteen of Europe\u2019s premier competition, just a year after leading them to the last four of the Europa League.<\/p>\n<\/div>\n<div class=\"ArticleParagraph_articleParagraph__MrxYL\">\n<h3>Enjoy tea, biscuits and The <a href=\"https:\/\/onefootball.com\/pt-br\/time\/celtic-142\">Celtic<\/a> Star \u2013 completely ad free\u2026<\/h3>\n<\/div>\n<div class=\"ArticleParagraph_articleParagraph__MrxYL\">\n<h3>Never see another Ad on The <a href=\"https:\/\/onefootball.com\/pt-br\/time\/celtic-142\">Celtic<\/a> Star! Subscribe Now and get Seven Days for Free!<\/h3>\n<\/div>\n<div class=\"ArticleParagraph_articleParagraph__MrxYL\">\n<p>Knutsen has masterminded wins over the likes of Manchester City, Atletico Madrid and Inter Milan along the way, on what can be only described as a very modest budget. He took a 3-0 hime advantage to Lisbon before the wheels came off, losing out in extra-time to the Portuguese Champions.<\/p>\n<\/div>\n<div class=\"ImageWithSets_of-image__ovnCW\" style=\"--padding-bottom-mobile:68.61111111111111%;--padding-bottom-tablet-portrait:68.61111111111111%;--padding-bottom-tablet-landscape:68.61111111111111%;--padding-bottom-desktop:68.61111111111111%\"><picture class=\"ImageWithSets_of-image__picture__4hzsN\"><source media=\"(min-width: 1280px) and (prefers-color-scheme: dark)\" srcset=\"https:\/\/image-service.onefootball.com\/transform?w=840&amp;h=576&amp;dpr=2&amp;image=https%3A%2F%2Ficdn.thecelticstar.com%2Fwp-content%2Fuploads%2F2026%2F03%2Fsporting-clube-de-portugal-v-fk-bodo-glimt-uefa-champions-league-2025-26-round-of-16-second-leg-15.jpeg\"\/><source media=\"(min-width: 1280px) and (prefers-color-scheme: light)\" srcset=\"https:\/\/image-service.onefootball.com\/transform?w=840&amp;h=576&amp;dpr=2&amp;image=https%3A%2F%2Ficdn.thecelticstar.com%2Fwp-content%2Fuploads%2F2026%2F03%2Fsporting-clube-de-portugal-v-fk-bodo-glimt-uefa-champions-league-2025-26-round-of-16-second-leg-15.jpeg\"\/><source media=\"(min-width: 1024px) and (max-width: 1279px) and (prefers-color-scheme: dark)\" srcset=\"https:\/\/image-service.onefootball.com\/transform?w=620&amp;h=425&amp;dpr=2&amp;image=https%3A%2F%2Ficdn.thecelticstar.com%2Fwp-content%2Fuploads%2F2026%2F03%2Fsporting-clube-de-portugal-v-fk-bodo-glimt-uefa-champions-league-2025-26-round-of-16-second-leg-15.jpeg\"\/><source media=\"(min-width: 1024px) and (max-width: 1279px) and (prefers-color-scheme: light)\" srcset=\"https:\/\/image-service.onefootball.com\/transform?w=620&amp;h=425&amp;dpr=2&amp;image=https%3A%2F%2Ficdn.thecelticstar.com%2Fwp-content%2Fuploads%2F2026%2F03%2Fsporting-clube-de-portugal-v-fk-bodo-glimt-uefa-champions-league-2025-26-round-of-16-second-leg-15.jpeg\"\/><source media=\"(min-width: 768px) and (max-width: 1023px) and (prefers-color-scheme: dark)\" srcset=\"https:\/\/image-service.onefootball.com\/transform?w=336&amp;h=231&amp;dpr=2&amp;image=https%3A%2F%2Ficdn.thecelticstar.com%2Fwp-content%2Fuploads%2F2026%2F03%2Fsporting-clube-de-portugal-v-fk-bodo-glimt-uefa-champions-league-2025-26-round-of-16-second-leg-15.jpeg\"\/><source media=\"(min-width: 768px) and (max-width: 1023px) and (prefers-color-scheme: light)\" srcset=\"https:\/\/image-service.onefootball.com\/transform?w=336&amp;h=231&amp;dpr=2&amp;image=https%3A%2F%2Ficdn.thecelticstar.com%2Fwp-content%2Fuploads%2F2026%2F03%2Fsporting-clube-de-portugal-v-fk-bodo-glimt-uefa-champions-league-2025-26-round-of-16-second-leg-15.jpeg\"\/><source media=\"(max-width: 767px) and (prefers-color-scheme: dark)\" srcset=\"https:\/\/image-service.onefootball.com\/transform?w=280&amp;h=192&amp;dpr=2&amp;image=https%3A%2F%2Ficdn.thecelticstar.com%2Fwp-content%2Fuploads%2F2026%2F03%2Fsporting-clube-de-portugal-v-fk-bodo-glimt-uefa-champions-league-2025-26-round-of-16-second-leg-15.jpeg\"\/><source media=\"(max-width: 767px) and (prefers-color-scheme: light)\" srcset=\"https:\/\/image-service.onefootball.com\/transform?w=280&amp;h=192&amp;dpr=2&amp;image=https%3A%2F%2Ficdn.thecelticstar.com%2Fwp-content%2Fuploads%2F2026%2F03%2Fsporting-clube-de-portugal-v-fk-bodo-glimt-uefa-champions-league-2025-26-round-of-16-second-leg-15.jpeg\"\/><img alt=\"Imagem do artigo:Bodo humbled, but Kjetil Knutsen remains the manager Celtic should target\" decoding=\"async\" height=\"192.11111111111111\" loading=\"lazy\" src=\"https:\/\/image-service.onefootball.com\/transform?w=280&amp;h=192&amp;dpr=2&amp;image=https%3A%2F%2Ficdn.thecelticstar.com%2Fwp-content%2Fuploads%2F2026%2F03%2Fsporting-clube-de-portugal-v-fk-bodo-glimt-uefa-champions-league-2025-26-round-of-16-second-leg-15.jpeg\" width=\"280\" class=\"ImageWithSets_of-image__img__pezo7 ImageWrapper_media-container__image__Rd2_F\" importance=\"low\"\/><\/picture><\/div>\n<div class=\"ArticleParagraph_articleParagraph__MrxYL\">\n<p>Kjetil Knutsen, Head Coach of Bodo\/Glimt, looks on prior to the <a href=\"https:\/\/onefootball.com\/pt-br\/competicao\/uefa-champions-league-5\/jogos\">UEFA Champions League<\/a> 2025\/26 Round of 16 Second Leg match between Sporting Clube de Portugal and FK Bodo\/Glimt at Estadio Jose Alvalade on March 17, 2026 in Lisbon, Portugal. (Photo by Gualter Fatia\/Getty Images)<\/p>\n<\/div>\n<div class=\"ArticleParagraph_articleParagraph__MrxYL\">\n<p>The 57 year old Norwegian hasn\u2019t just seen his team scrape past the big guns, he\u2019s done it by tactically outsmarting his so called bigger name rivals in the opposite dugout.<\/p>\n<\/div>\n<div class=\"ImageWithSets_of-image__ovnCW\" style=\"--padding-bottom-mobile:71.94444444444444%;--padding-bottom-tablet-portrait:71.94444444444444%;--padding-bottom-tablet-landscape:71.94444444444444%;--padding-bottom-desktop:71.94444444444444%\"><picture class=\"ImageWithSets_of-image__picture__4hzsN\"><source media=\"(min-width: 1280px) and (prefers-color-scheme: dark)\" srcset=\"https:\/\/image-service.onefootball.com\/transform?w=840&amp;h=604&amp;dpr=2&amp;image=https%3A%2F%2Ficdn.thecelticstar.com%2Fwp-content%2Fuploads%2F2026%2F03%2Fsporting-clube-de-portugal-v-fk-bodo-glimt-uefa-champions-league-2025-26-round-of-16-second-leg-10.jpeg\"\/><source media=\"(min-width: 1280px) and (prefers-color-scheme: light)\" srcset=\"https:\/\/image-service.onefootball.com\/transform?w=840&amp;h=604&amp;dpr=2&amp;image=https%3A%2F%2Ficdn.thecelticstar.com%2Fwp-content%2Fuploads%2F2026%2F03%2Fsporting-clube-de-portugal-v-fk-bodo-glimt-uefa-champions-league-2025-26-round-of-16-second-leg-10.jpeg\"\/><source media=\"(min-width: 1024px) and (max-width: 1279px) and (prefers-color-scheme: dark)\" srcset=\"https:\/\/image-service.onefootball.com\/transform?w=620&amp;h=446&amp;dpr=2&amp;image=https%3A%2F%2Ficdn.thecelticstar.com%2Fwp-content%2Fuploads%2F2026%2F03%2Fsporting-clube-de-portugal-v-fk-bodo-glimt-uefa-champions-league-2025-26-round-of-16-second-leg-10.jpeg\"\/><source media=\"(min-width: 1024px) and (max-width: 1279px) and (prefers-color-scheme: light)\" srcset=\"https:\/\/image-service.onefootball.com\/transform?w=620&amp;h=446&amp;dpr=2&amp;image=https%3A%2F%2Ficdn.thecelticstar.com%2Fwp-content%2Fuploads%2F2026%2F03%2Fsporting-clube-de-portugal-v-fk-bodo-glimt-uefa-champions-league-2025-26-round-of-16-second-leg-10.jpeg\"\/><source media=\"(min-width: 768px) and (max-width: 1023px) and (prefers-color-scheme: dark)\" srcset=\"https:\/\/image-service.onefootball.com\/transform?w=336&amp;h=242&amp;dpr=2&amp;image=https%3A%2F%2Ficdn.thecelticstar.com%2Fwp-content%2Fuploads%2F2026%2F03%2Fsporting-clube-de-portugal-v-fk-bodo-glimt-uefa-champions-league-2025-26-round-of-16-second-leg-10.jpeg\"\/><source media=\"(min-width: 768px) and (max-width: 1023px) and (prefers-color-scheme: light)\" srcset=\"https:\/\/image-service.onefootball.com\/transform?w=336&amp;h=242&amp;dpr=2&amp;image=https%3A%2F%2Ficdn.thecelticstar.com%2Fwp-content%2Fuploads%2F2026%2F03%2Fsporting-clube-de-portugal-v-fk-bodo-glimt-uefa-champions-league-2025-26-round-of-16-second-leg-10.jpeg\"\/><source media=\"(max-width: 767px) and (prefers-color-scheme: dark)\" srcset=\"https:\/\/image-service.onefootball.com\/transform?w=280&amp;h=201&amp;dpr=2&amp;image=https%3A%2F%2Ficdn.thecelticstar.com%2Fwp-content%2Fuploads%2F2026%2F03%2Fsporting-clube-de-portugal-v-fk-bodo-glimt-uefa-champions-league-2025-26-round-of-16-second-leg-10.jpeg\"\/><source media=\"(max-width: 767px) and (prefers-color-scheme: light)\" srcset=\"https:\/\/image-service.onefootball.com\/transform?w=280&amp;h=201&amp;dpr=2&amp;image=https%3A%2F%2Ficdn.thecelticstar.com%2Fwp-content%2Fuploads%2F2026%2F03%2Fsporting-clube-de-portugal-v-fk-bodo-glimt-uefa-champions-league-2025-26-round-of-16-second-leg-10.jpeg\"\/><img alt=\"Imagem do artigo:Bodo humbled, but Kjetil Knutsen remains the manager Celtic should target\" decoding=\"async\" height=\"201.44444444444443\" loading=\"lazy\" src=\"https:\/\/image-service.onefootball.com\/transform?w=280&amp;h=201&amp;dpr=2&amp;image=https%3A%2F%2Ficdn.thecelticstar.com%2Fwp-content%2Fuploads%2F2026%2F03%2Fsporting-clube-de-portugal-v-fk-bodo-glimt-uefa-champions-league-2025-26-round-of-16-second-leg-10.jpeg\" width=\"280\" class=\"ImageWithSets_of-image__img__pezo7 ImageWrapper_media-container__image__Rd2_F\" importance=\"low\"\/><\/picture><\/div>\n<div class=\"ArticleParagraph_articleParagraph__MrxYL\">\n<p>Maximiliano Araujo of Sporting CP celebrates with teammates after scoring a goal during the <a href=\"https:\/\/onefootball.com\/pt-br\/competicao\/uefa-champions-league-5\/jogos\">UEFA Champions League<\/a> 2025\/26 Round of 16 Second Leg match between Sporting CP and FK Bodo\/Glimt at Estadio Jose Alvalade on March 17, 2026 in Lisbon, Portugal. (Photo by Gualter Fatia\/Getty Images)<\/p>\n<\/div>\n<div class=\"ArticleParagraph_articleParagraph__MrxYL\">\n<p>Knutsen\u2019s side play a very effective and efficient modern style of football, making them a very difficult side to play against, as several top sides have discovered. That is the footballing philosophy we\u2019ve been crying out for, and the Norwegian is the man who could revive Celtic\u2019s fortunes if given the chance.<\/p>\n<\/div>\n<div class=\"ArticleParagraph_articleParagraph__MrxYL\">\n<p>Bodo are also still very efficient at adapting to the pressure of juggling domestic and European football, winning four of the last six Norwegian top flight titles, despite being universally viewed as a \u2018small\u2019 club.<\/p>\n<\/div>\n<div class=\"ArticleParagraph_articleParagraph__MrxYL\">\n<p>Bodo\u2019s supporters are now used to success thanks to Knutsen\u2019s revolution, and after last nights exit from Europe, as well as narrowly missing out on last seasons title, Knutsen may well feel as if he\u2019s taken Bodo as far as he can.<\/p>\n<\/div>\n<div class=\"ImageWithSets_of-image__ovnCW\" style=\"--padding-bottom-mobile:66.66666666666666%;--padding-bottom-tablet-portrait:66.66666666666666%;--padding-bottom-tablet-landscape:66.66666666666666%;--padding-bottom-desktop:66.66666666666666%\"><picture class=\"ImageWithSets_of-image__picture__4hzsN\"><source media=\"(min-width: 1280px) and (prefers-color-scheme: dark)\" srcset=\"https:\/\/image-service.onefootball.com\/transform?w=840&amp;h=560&amp;dpr=2&amp;image=https%3A%2F%2Ficdn.thecelticstar.com%2Fwp-content%2Fuploads%2F2026%2F03%2Fsporting-clube-de-portugal-v-fk-bodo-glimt-uefa-champions-league-2025-26-round-of-16-second-leg-13.jpeg\"\/><source media=\"(min-width: 1280px) and (prefers-color-scheme: light)\" srcset=\"https:\/\/image-service.onefootball.com\/transform?w=840&amp;h=560&amp;dpr=2&amp;image=https%3A%2F%2Ficdn.thecelticstar.com%2Fwp-content%2Fuploads%2F2026%2F03%2Fsporting-clube-de-portugal-v-fk-bodo-glimt-uefa-champions-league-2025-26-round-of-16-second-leg-13.jpeg\"\/><source media=\"(min-width: 1024px) and (max-width: 1279px) and (prefers-color-scheme: dark)\" srcset=\"https:\/\/image-service.onefootball.com\/transform?w=620&amp;h=413&amp;dpr=2&amp;image=https%3A%2F%2Ficdn.thecelticstar.com%2Fwp-content%2Fuploads%2F2026%2F03%2Fsporting-clube-de-portugal-v-fk-bodo-glimt-uefa-champions-league-2025-26-round-of-16-second-leg-13.jpeg\"\/><source media=\"(min-width: 1024px) and (max-width: 1279px) and (prefers-color-scheme: light)\" srcset=\"https:\/\/image-service.onefootball.com\/transform?w=620&amp;h=413&amp;dpr=2&amp;image=https%3A%2F%2Ficdn.thecelticstar.com%2Fwp-content%2Fuploads%2F2026%2F03%2Fsporting-clube-de-portugal-v-fk-bodo-glimt-uefa-champions-league-2025-26-round-of-16-second-leg-13.jpeg\"\/><source media=\"(min-width: 768px) and (max-width: 1023px) and (prefers-color-scheme: dark)\" srcset=\"https:\/\/image-service.onefootball.com\/transform?w=336&amp;h=224&amp;dpr=2&amp;image=https%3A%2F%2Ficdn.thecelticstar.com%2Fwp-content%2Fuploads%2F2026%2F03%2Fsporting-clube-de-portugal-v-fk-bodo-glimt-uefa-champions-league-2025-26-round-of-16-second-leg-13.jpeg\"\/><source media=\"(min-width: 768px) and (max-width: 1023px) and (prefers-color-scheme: light)\" srcset=\"https:\/\/image-service.onefootball.com\/transform?w=336&amp;h=224&amp;dpr=2&amp;image=https%3A%2F%2Ficdn.thecelticstar.com%2Fwp-content%2Fuploads%2F2026%2F03%2Fsporting-clube-de-portugal-v-fk-bodo-glimt-uefa-champions-league-2025-26-round-of-16-second-leg-13.jpeg\"\/><source media=\"(max-width: 767px) and (prefers-color-scheme: dark)\" srcset=\"https:\/\/image-service.onefootball.com\/transform?w=280&amp;h=187&amp;dpr=2&amp;image=https%3A%2F%2Ficdn.thecelticstar.com%2Fwp-content%2Fuploads%2F2026%2F03%2Fsporting-clube-de-portugal-v-fk-bodo-glimt-uefa-champions-league-2025-26-round-of-16-second-leg-13.jpeg\"\/><source media=\"(max-width: 767px) and (prefers-color-scheme: light)\" srcset=\"https:\/\/image-service.onefootball.com\/transform?w=280&amp;h=187&amp;dpr=2&amp;image=https%3A%2F%2Ficdn.thecelticstar.com%2Fwp-content%2Fuploads%2F2026%2F03%2Fsporting-clube-de-portugal-v-fk-bodo-glimt-uefa-champions-league-2025-26-round-of-16-second-leg-13.jpeg\"\/><img alt=\"Imagem do artigo:Bodo humbled, but Kjetil Knutsen remains the manager Celtic should target\" decoding=\"async\" height=\"186.66666666666666\" loading=\"lazy\" src=\"https:\/\/image-service.onefootball.com\/transform?w=280&amp;h=187&amp;dpr=2&amp;image=https%3A%2F%2Ficdn.thecelticstar.com%2Fwp-content%2Fuploads%2F2026%2F03%2Fsporting-clube-de-portugal-v-fk-bodo-glimt-uefa-champions-league-2025-26-round-of-16-second-leg-13.jpeg\" width=\"280\" class=\"ImageWithSets_of-image__img__pezo7 ImageWrapper_media-container__image__Rd2_F\" importance=\"low\"\/><\/picture><\/div>\n<div class=\"ArticleParagraph_articleParagraph__MrxYL\">\n<p>Fans of Sporting Clube de Portugal show their support by displaying scarfs prior to the <a href=\"https:\/\/onefootball.com\/pt-br\/competicao\/uefa-champions-league-5\/jogos\">UEFA Champions League<\/a> 2025\/26 Round of 16 Second Leg match between Sporting Clube de Portugal and FK Bodo\/Glimt at Estadio Jose Alvalade on March 17, 2026 in Lisbon, Portugal. (Photo by Gualter Fatia\/Getty Images)<\/p>\n<\/div>\n<div class=\"ArticleParagraph_articleParagraph__MrxYL\">\n<p>In my opinion, <a href=\"https:\/\/onefootball.com\/pt-br\/time\/celtic-142\">Celtic<\/a> should be doing everything they can to snare Knutsen and persuade him to take the reins before the end of the season.<\/p>\n<\/div>\n<div class=\"ArticleParagraph_articleParagraph__MrxYL\">\n<p>To acquire Knutsen\u2019s signature would require a hefty compensation fee after he recently extending his contract, but he would be worth every penny, as he has the proven credentials to rejuvenate our fortunes, both domestically and in Europe.<\/p>\n<\/div>\n<div class=\"ImageWithSets_of-image__ovnCW\" style=\"--padding-bottom-mobile:66.66666666666666%;--padding-bottom-tablet-portrait:66.66666666666666%;--padding-bottom-tablet-landscape:66.66666666666666%;--padding-bottom-desktop:66.66666666666666%\"><picture class=\"ImageWithSets_of-image__picture__4hzsN\"><source media=\"(min-width: 1280px) and (prefers-color-scheme: dark)\" srcset=\"https:\/\/image-service.onefootball.com\/transform?w=840&amp;h=560&amp;dpr=2&amp;image=https%3A%2F%2Ficdn.thecelticstar.com%2Fwp-content%2Fuploads%2F2026%2F03%2Fsporting-clube-de-portugal-v-fk-bodo-glimt-uefa-champions-league-2025-26-round-of-16-second-leg.jpeg\"\/><source media=\"(min-width: 1280px) and (prefers-color-scheme: light)\" srcset=\"https:\/\/image-service.onefootball.com\/transform?w=840&amp;h=560&amp;dpr=2&amp;image=https%3A%2F%2Ficdn.thecelticstar.com%2Fwp-content%2Fuploads%2F2026%2F03%2Fsporting-clube-de-portugal-v-fk-bodo-glimt-uefa-champions-league-2025-26-round-of-16-second-leg.jpeg\"\/><source media=\"(min-width: 1024px) and (max-width: 1279px) and (prefers-color-scheme: dark)\" srcset=\"https:\/\/image-service.onefootball.com\/transform?w=620&amp;h=413&amp;dpr=2&amp;image=https%3A%2F%2Ficdn.thecelticstar.com%2Fwp-content%2Fuploads%2F2026%2F03%2Fsporting-clube-de-portugal-v-fk-bodo-glimt-uefa-champions-league-2025-26-round-of-16-second-leg.jpeg\"\/><source media=\"(min-width: 1024px) and (max-width: 1279px) and (prefers-color-scheme: light)\" srcset=\"https:\/\/image-service.onefootball.com\/transform?w=620&amp;h=413&amp;dpr=2&amp;image=https%3A%2F%2Ficdn.thecelticstar.com%2Fwp-content%2Fuploads%2F2026%2F03%2Fsporting-clube-de-portugal-v-fk-bodo-glimt-uefa-champions-league-2025-26-round-of-16-second-leg.jpeg\"\/><source media=\"(min-width: 768px) and (max-width: 1023px) and (prefers-color-scheme: dark)\" srcset=\"https:\/\/image-service.onefootball.com\/transform?w=336&amp;h=224&amp;dpr=2&amp;image=https%3A%2F%2Ficdn.thecelticstar.com%2Fwp-content%2Fuploads%2F2026%2F03%2Fsporting-clube-de-portugal-v-fk-bodo-glimt-uefa-champions-league-2025-26-round-of-16-second-leg.jpeg\"\/><source media=\"(min-width: 768px) and (max-width: 1023px) and (prefers-color-scheme: light)\" srcset=\"https:\/\/image-service.onefootball.com\/transform?w=336&amp;h=224&amp;dpr=2&amp;image=https%3A%2F%2Ficdn.thecelticstar.com%2Fwp-content%2Fuploads%2F2026%2F03%2Fsporting-clube-de-portugal-v-fk-bodo-glimt-uefa-champions-league-2025-26-round-of-16-second-leg.jpeg\"\/><source media=\"(max-width: 767px) and (prefers-color-scheme: dark)\" srcset=\"https:\/\/image-service.onefootball.com\/transform?w=280&amp;h=187&amp;dpr=2&amp;image=https%3A%2F%2Ficdn.thecelticstar.com%2Fwp-content%2Fuploads%2F2026%2F03%2Fsporting-clube-de-portugal-v-fk-bodo-glimt-uefa-champions-league-2025-26-round-of-16-second-leg.jpeg\"\/><source media=\"(max-width: 767px) and (prefers-color-scheme: light)\" srcset=\"https:\/\/image-service.onefootball.com\/transform?w=280&amp;h=187&amp;dpr=2&amp;image=https%3A%2F%2Ficdn.thecelticstar.com%2Fwp-content%2Fuploads%2F2026%2F03%2Fsporting-clube-de-portugal-v-fk-bodo-glimt-uefa-champions-league-2025-26-round-of-16-second-leg.jpeg\"\/><img alt=\"Imagem do artigo:Bodo humbled, but Kjetil Knutsen remains the manager Celtic should target\" decoding=\"async\" height=\"186.66666666666666\" loading=\"lazy\" src=\"https:\/\/image-service.onefootball.com\/transform?w=280&amp;h=187&amp;dpr=2&amp;image=https%3A%2F%2Ficdn.thecelticstar.com%2Fwp-content%2Fuploads%2F2026%2F03%2Fsporting-clube-de-portugal-v-fk-bodo-glimt-uefa-champions-league-2025-26-round-of-16-second-leg.jpeg\" width=\"280\" class=\"ImageWithSets_of-image__img__pezo7 ImageWrapper_media-container__image__Rd2_F\" importance=\"low\"\/><\/picture><\/div>\n<div class=\"ArticleParagraph_articleParagraph__MrxYL\">\n<p>FK Bodo\/Glimt supporters in action at the end of the <a href=\"https:\/\/onefootball.com\/pt-br\/competicao\/uefa-champions-league-5\/jogos\">UEFA Champions League<\/a> 2025\/26 Round of 16 Second Leg match between Sporting CP and FK Bodo\/Glimt at Estadio Jose Alvalade on March 17, 2026 in Lisbon, Portugal. (Photo by Gualter Fatia\/Getty Images)<\/p>\n<\/div>\n<div class=\"ArticleParagraph_articleParagraph__MrxYL\">\n<p>Forget all the other reported names for the job, like Roberto Martinez or Jens Berthel Askou. Kjetil Knutsen is the outstanding candidate for the <a href=\"https:\/\/onefootball.com\/pt-br\/time\/celtic-142\">Celtic<\/a> managers job. He\u2019s a winner domestically, and he can punch above his weight in Europe, we\u2019ve got to do all we can to entice him to <a href=\"https:\/\/onefootball.com\/pt-br\/time\/celtic-142\">Celtic<\/a> Park.<\/p>\n<\/div>\n<div class=\"ArticleParagraph_articleParagraph__MrxYL\">\n<p>Celtic in the Thirties by Matt Corr. Click on image to order<\/p>\n<\/div>\n<div class=\"ArticleParagraph_articleParagraph__MrxYL\">\n<p>More Stories \/ Latest News<\/p>\n<\/div>\n<div class=\"ArticleParagraph_articleParagraph__MrxYL\">\n<p><a href=\"https:\/\/onefootball.com\/celtic-should-sign-motherwell-pair-elijah-just-and-elliot-watt-charlie-mulgrew\/\" target=\"_blank\" rel=\"noreferrer\">Celtic should sign Motherwell pair Elijah Just and Elliot Watt \u2013 Charlie Mulgrew<\/a><\/p>\n<\/div>\n<div class=\"ArticleParagraph_articleParagraph__MrxYL\">\n<p><a href=\"https:\/\/onefootball.com\/18th-march-five-memorable-celtic-moments-on-this-day\/\" target=\"_blank\" rel=\"noreferrer\">18th March \u2013 Five Memorable Celtic Moments on This Day<\/a><\/p>\n<\/div>\n<div class=\"ArticleParagraph_articleParagraph__MrxYL\">\n<p><a href=\"https:\/\/onefootball.com\/bodo-humbled-but-kjetil-knutsen-remains-the-manager-celtic-should-target\/\" target=\"_blank\" rel=\"noreferrer\">Bodo humbled, but Kjetil Knutsen remains the manager Celtic should target<\/a><\/p>\n<\/div>\n<p><a class=\"PublisherImprintLink_container__RL6Zd title-7-medium\" href=\"https:\/\/thecelticstar.com\/about\" rel=\"noreferrer\" target=\"_blank\"><img alt=\"\" decoding=\"async\" loading=\"lazy\" width=\"24\" height=\"24\" data-nimg=\"1\" style=\"color:transparent\" srcset=\"https:\/\/image-service.onefootball.com\/transform?w=32&amp;dpr=2&amp;image=https:\/\/images.onefootball.com\/cw\/icons\/info-light.svg 1x, https:\/\/image-service.onefootball.com\/transform?w=48&amp;dpr=2&amp;image=https:\/\/images.onefootball.com\/cw\/icons\/info-light.svg 2x\" src=\"https:\/\/image-service.onefootball.com\/transform?w=48&amp;dpr=2&amp;image=https:\/\/images.onefootball.com\/cw\/icons\/info-light.svg\"\/>Saiba mais sobre o ve\u00edculo<\/a><button class=\"NativeShare_container__okhFj Button_root__RKQ4c Button_outline__jxSq_\">Compartilhar artigo<svg class=\"NativeShare_icon__c2KQS\" fill=\"currentColor\" viewbox=\"0 0 24 24\"><path d=\"M12.2377 1.1804a.75.75 0 0 0-.9762.0003l-3.51 3.01a.75.75 0 0 0 .9765 1.1386l2.292-1.9655V12.52c0 .46.33.84.73.84.4 0 .73-.37.73-.84V3.3633l2.2718 1.9463a.75.75 0 1 0 .9759-1.1392l-3.49-2.99Z\"\/><path d=\"M5.14 8.62c-.904 0-1.64.7358-1.64 1.6455v9.209c0 .9097.736 1.6455 1.64 1.6455h13.22c.904 0 1.64-.7358 1.64-1.6455v-9.1977c0-.9097-.736-1.6455-1.64-1.6455h-1.61a.75.75 0 0 1 0-1.5h1.61c1.736 0 3.14 1.411 3.14 3.1455v9.1977c0 1.7344-1.404 3.1455-3.14 3.1455H5.14C3.404 22.62 2 21.2089 2 19.4745v-9.209C2 8.5311 3.404 7.12 5.14 7.12h1.32a.75.75 0 1 1 0 1.5H5.14Z\"\/><\/svg><\/button><\/p>\n<section class=\"XpaTaboolaPlaceholder_container__S7Qhw\"\/><\/div>\n<p><a href=\"https:\/\/onefootball.com\/pt-br\/noticias\/bodo-humbled-but-kjetil-knutsen-remains-the-manager-celtic-should-target-42575478\">Fonte do Artigo <\/a><\/p>","protected":false},"excerpt":{"rendered":"<p>Bodo\/Glimt may have exited the Champions League after a 5-0 thumping at the hands of Sporting in Lisbon last night. The Norwegian Champions ended up losing out 5-3 on aggregate, but they still made their mark at the highest level of club football, and impressed more than a few folk with their ability and desire [&hellip;]<\/p>\n","protected":false},"author":1,"featured_media":108114,"comment_status":"closed","ping_status":"","sticky":false,"template":"","format":"standard","meta":{"googlesitekit_rrm_CAow2JLhCw:productID":"","_gspb_post_css":"","maa_idioma":"","maa_pais":"","footnotes":""},"categories":[4],"tags":[28597,7485,28598,28599,28600,3430,13048,8069],"class_list":["post-108113","post","type-post","status-publish","format-standard","has-post-thumbnail","hentry","category-brasil","tag-bodo","tag-celtic","tag-humbled","tag-kjetil","tag-knutsen","tag-manager","tag-remains","tag-target"],"blocksy_meta":[],"yoast_head":"<!-- This site is optimized with the Yoast SEO Premium plugin v27.6 (Yoast SEO v27.6) - https:\/\/yoast.com\/product\/yoast-seo-premium-wordpress\/ -->\n<title>Bodo humbled, but Kjetil Knutsen remains the manager Celtic should target - Ubirat\u00e3 Online Not\u00edcias - A realidade ao seu alcance!<\/title>\n<meta name=\"description\" content=\"Bodo\/Glimt may have exited the Champions League after a 5-0 thumping at the hands of Sporting in Lisbon last night. The Norwegian Champions ended up\" \/>\n<meta name=\"robots\" content=\"index, follow, max-snippet:-1, max-image-preview:large, max-video-preview:-1\" \/>\n<link rel=\"canonical\" href=\"https:\/\/ubirataonline.com.br\/en\/bodo-humbled-but-kjetil-knutsen-remains-the-manager-celtic-should-target\/\" \/>\n<meta property=\"og:locale\" content=\"en_US\" \/>\n<meta property=\"og:type\" content=\"article\" \/>\n<meta property=\"og:title\" content=\"Bodo humbled, but Kjetil Knutsen remains the manager Celtic should target\" \/>\n<meta property=\"og:description\" content=\"Bodo\/Glimt may have exited the Champions League after a 5-0 thumping at the hands of Sporting in Lisbon last night. The Norwegian Champions ended up\" \/>\n<meta property=\"og:url\" content=\"https:\/\/ubirataonline.com.br\/en\/bodo-humbled-but-kjetil-knutsen-remains-the-manager-celtic-should-target\/\" \/>\n<meta property=\"og:site_name\" content=\"Ubirat\u00e3 Online Not\u00edcias - A realidade ao seu alcance!\" \/>\n<meta property=\"article:publisher\" content=\"https:\/\/www.facebook.com\/portalubirataonline\" \/>\n<meta property=\"article:author\" content=\"https:\/\/www.facebook.com\/portalubirataonline\" \/>\n<meta property=\"article:published_time\" content=\"2026-04-15T16:20:46+00:00\" \/>\n<meta property=\"article:modified_time\" content=\"2026-04-15T16:21:00+00:00\" \/>\n<meta property=\"og:image\" content=\"https:\/\/ubirataonline.com.br\/wp-content\/uploads\/2026\/04\/Bodo-humbled-but-Kjetil-Knutsen-remains-the-manager-Celtic-should.png\" \/>\n\t<meta property=\"og:image:width\" content=\"1200\" \/>\n\t<meta property=\"og:image:height\" content=\"630\" \/>\n\t<meta property=\"og:image:type\" content=\"image\/png\" \/>\n<meta name=\"author\" content=\"REDA\u00c7\u00c3O: UBIRAT\u00c3 ONLINE - F\u00c1BIO AUGUSTO CELESTINO\" \/>\n<meta name=\"twitter:card\" content=\"summary_large_image\" \/>\n<meta name=\"twitter:creator\" content=\"@x.com\/ubirataonline\" \/>\n<meta name=\"twitter:site\" content=\"@ubirataonline\" \/>\n<meta name=\"twitter:label1\" content=\"Written by\" \/>\n\t<meta name=\"twitter:data1\" content=\"REDA\u00c7\u00c3O: UBIRAT\u00c3 ONLINE - F\u00c1BIO AUGUSTO CELESTINO\" \/>\n\t<meta name=\"twitter:label2\" content=\"Est. reading time\" \/>\n\t<meta name=\"twitter:data2\" content=\"4 minutes\" \/>\n<script type=\"application\/ld+json\" class=\"yoast-schema-graph\">{\"@context\":\"https:\\\/\\\/schema.org\",\"@graph\":[{\"@type\":\"NewsArticle\",\"@id\":\"https:\\\/\\\/ubirataonline.com.br\\\/bodo-humbled-but-kjetil-knutsen-remains-the-manager-celtic-should-target\\\/#article\",\"isPartOf\":{\"@id\":\"https:\\\/\\\/ubirataonline.com.br\\\/bodo-humbled-but-kjetil-knutsen-remains-the-manager-celtic-should-target\\\/\"},\"author\":{\"name\":\"REDA\u00c7\u00c3O: UBIRAT\u00c3 ONLINE - F\u00c1BIO AUGUSTO CELESTINO\",\"@id\":\"https:\\\/\\\/ubirataonline.com.br\\\/#\\\/schema\\\/person\\\/372f87bbd3fdd79b8556b84c98d0bc1c\"},\"headline\":\"Bodo humbled, but Kjetil Knutsen remains the manager Celtic should target\",\"datePublished\":\"2026-04-15T16:20:46+00:00\",\"dateModified\":\"2026-04-15T16:21:00+00:00\",\"mainEntityOfPage\":{\"@id\":\"https:\\\/\\\/ubirataonline.com.br\\\/bodo-humbled-but-kjetil-knutsen-remains-the-manager-celtic-should-target\\\/\"},\"wordCount\":774,\"publisher\":{\"@id\":\"https:\\\/\\\/ubirataonline.com.br\\\/#organization\"},\"image\":{\"@id\":\"https:\\\/\\\/ubirataonline.com.br\\\/bodo-humbled-but-kjetil-knutsen-remains-the-manager-celtic-should-target\\\/#primaryimage\"},\"thumbnailUrl\":\"https:\\\/\\\/ubirataonline.com.br\\\/wp-content\\\/uploads\\\/2026\\\/04\\\/Bodo-humbled-but-Kjetil-Knutsen-remains-the-manager-Celtic-should.png\",\"keywords\":[\"Bodo\",\"Celtic\",\"humbled\",\"Kjetil\",\"Knutsen\",\"manager\",\"remains\",\"target\"],\"articleSection\":[\"Brasil\"],\"inLanguage\":\"en-US\",\"copyrightYear\":\"2026\",\"copyrightHolder\":{\"@id\":\"https:\\\/\\\/ubirataonline.com.br\\\/en\\\/#organization\"}},{\"@type\":\"WebPage\",\"@id\":\"https:\\\/\\\/ubirataonline.com.br\\\/bodo-humbled-but-kjetil-knutsen-remains-the-manager-celtic-should-target\\\/\",\"url\":\"https:\\\/\\\/ubirataonline.com.br\\\/bodo-humbled-but-kjetil-knutsen-remains-the-manager-celtic-should-target\\\/\",\"name\":\"Bodo humbled, but Kjetil Knutsen remains the manager Celtic should target - Ubirat\u00e3 Online Not\u00edcias - A realidade ao seu alcance!\",\"isPartOf\":{\"@id\":\"https:\\\/\\\/ubirataonline.com.br\\\/#website\"},\"primaryImageOfPage\":{\"@id\":\"https:\\\/\\\/ubirataonline.com.br\\\/bodo-humbled-but-kjetil-knutsen-remains-the-manager-celtic-should-target\\\/#primaryimage\"},\"image\":{\"@id\":\"https:\\\/\\\/ubirataonline.com.br\\\/bodo-humbled-but-kjetil-knutsen-remains-the-manager-celtic-should-target\\\/#primaryimage\"},\"thumbnailUrl\":\"https:\\\/\\\/ubirataonline.com.br\\\/wp-content\\\/uploads\\\/2026\\\/04\\\/Bodo-humbled-but-Kjetil-Knutsen-remains-the-manager-Celtic-should.png\",\"datePublished\":\"2026-04-15T16:20:46+00:00\",\"dateModified\":\"2026-04-15T16:21:00+00:00\",\"description\":\"Bodo\\\/Glimt may have exited the Champions League after a 5-0 thumping at the hands of Sporting in Lisbon last night. The Norwegian Champions ended up\",\"breadcrumb\":{\"@id\":\"https:\\\/\\\/ubirataonline.com.br\\\/bodo-humbled-but-kjetil-knutsen-remains-the-manager-celtic-should-target\\\/#breadcrumb\"},\"inLanguage\":\"en-US\",\"potentialAction\":[{\"@type\":\"ReadAction\",\"target\":[\"https:\\\/\\\/ubirataonline.com.br\\\/bodo-humbled-but-kjetil-knutsen-remains-the-manager-celtic-should-target\\\/\"]}]},{\"@type\":\"ImageObject\",\"inLanguage\":\"en-US\",\"@id\":\"https:\\\/\\\/ubirataonline.com.br\\\/bodo-humbled-but-kjetil-knutsen-remains-the-manager-celtic-should-target\\\/#primaryimage\",\"url\":\"https:\\\/\\\/ubirataonline.com.br\\\/wp-content\\\/uploads\\\/2026\\\/04\\\/Bodo-humbled-but-Kjetil-Knutsen-remains-the-manager-Celtic-should.png\",\"contentUrl\":\"https:\\\/\\\/ubirataonline.com.br\\\/wp-content\\\/uploads\\\/2026\\\/04\\\/Bodo-humbled-but-Kjetil-Knutsen-remains-the-manager-Celtic-should.png\",\"width\":1200,\"height\":630,\"caption\":\"Bodo humbled, but Kjetil Knutsen remains the manager Celtic should target\"},{\"@type\":\"BreadcrumbList\",\"@id\":\"https:\\\/\\\/ubirataonline.com.br\\\/bodo-humbled-but-kjetil-knutsen-remains-the-manager-celtic-should-target\\\/#breadcrumb\",\"itemListElement\":[{\"@type\":\"ListItem\",\"position\":1,\"name\":\"In\u00edcio\",\"item\":\"https:\\\/\\\/ubirataonline.com.br\\\/\"},{\"@type\":\"ListItem\",\"position\":2,\"name\":\"Bodo humbled, but Kjetil Knutsen remains the manager Celtic should target\"}]},{\"@type\":\"WebSite\",\"@id\":\"https:\\\/\\\/ubirataonline.com.br\\\/#website\",\"url\":\"https:\\\/\\\/ubirataonline.com.br\\\/\",\"name\":\"Ubirat\u00e3 Online Not\u00edcias\",\"description\":\"Not\u00edcias de Ubirat\u00e3, regi\u00e3o, Brasil e mundo, com informa\u00e7\u00e3o atualizada e compromisso com o leitor.\",\"publisher\":{\"@id\":\"https:\\\/\\\/ubirataonline.com.br\\\/#organization\"},\"alternateName\":\"Ubirat\u00e3 Online\",\"potentialAction\":[{\"@type\":\"SearchAction\",\"target\":{\"@type\":\"EntryPoint\",\"urlTemplate\":\"https:\\\/\\\/ubirataonline.com.br\\\/?s={search_term_string}\"},\"query-input\":{\"@type\":\"PropertyValueSpecification\",\"valueRequired\":true,\"valueName\":\"search_term_string\"}}],\"inLanguage\":\"en-US\"},{\"@type\":[\"Organization\",\"Place\"],\"@id\":\"https:\\\/\\\/ubirataonline.com.br\\\/#organization\",\"name\":\"Ubirat\u00e3 Online Not\u00edcias\",\"alternateName\":\"Ubirat\u00e3 Online\",\"url\":\"https:\\\/\\\/ubirataonline.com.br\\\/\",\"logo\":{\"@id\":\"https:\\\/\\\/ubirataonline.com.br\\\/bodo-humbled-but-kjetil-knutsen-remains-the-manager-celtic-should-target\\\/#local-main-organization-logo\"},\"image\":{\"@id\":\"https:\\\/\\\/ubirataonline.com.br\\\/bodo-humbled-but-kjetil-knutsen-remains-the-manager-celtic-should-target\\\/#local-main-organization-logo\"},\"sameAs\":[\"https:\\\/\\\/www.facebook.com\\\/portalubirataonline\",\"https:\\\/\\\/x.com\\\/ubirataonline\",\"https:\\\/\\\/mastodon.social\\\/@ubirataonline\",\"https:\\\/\\\/www.facebook.com\\\/groups\\\/311144672285604\",\"https:\\\/\\\/www.facebook.com\\\/UBTAOnline\",\"https:\\\/\\\/www.instagram.com\\\/portalubirataonline\\\/\",\"https:\\\/\\\/twitter.com\\\/ubirataonline\"],\"description\":\"Somos um portal de not\u00edcias independente, criado em 5 de janeiro de 2009, com o objetivo de informar, conectar e valorizar a nossa comunidade de Ubirat\u00e3 e toda aregi\u00e3o. Com conte\u00fado atualizado, confi\u00e1vel e relevante, o Ubirat\u00e3 Online \u00e9 o seu espa\u00e7o para ficar por dentro dos principais acontecimentos locais, regionais, Brasil, Mundo e de interesse geral. Nosso compromisso \u00e9 com a verdade, a transpar\u00eancia e o respeito ao leitor.\",\"legalName\":\"UBIRATA ONLINE NOT\u00cdCIAS\",\"foundingDate\":\"2009-01-05\",\"numberOfEmployees\":{\"@type\":\"QuantitativeValue\",\"minValue\":\"1\",\"maxValue\":\"10\"},\"publishingPrinciples\":\"https:\\\/\\\/ubirataonline.com.br\\\/faq\\\/\",\"address\":{\"@id\":\"https:\\\/\\\/ubirataonline.com.br\\\/bodo-humbled-but-kjetil-knutsen-remains-the-manager-celtic-should-target\\\/#local-main-place-address\"},\"geo\":{\"@type\":\"GeoCoordinates\",\"latitude\":\"-24.5361401\",\"longitude\":\"-52.9921776\"},\"telephone\":[\"+5544998308235\"],\"contactPoint\":{\"@type\":\"ContactPoint\",\"email\":\"contato@ubirataonline.com.br\"},\"openingHoursSpecification\":{\"@type\":\"OpeningHoursSpecification\",\"dayOfWeek\":[\"Monday\",\"Tuesday\",\"Wednesday\",\"Thursday\",\"Friday\",\"Saturday\",\"Sunday\"],\"opens\":\"00:00\",\"closes\":\"23:59\"},\"email\":\"contato@ubirataonline.com.br\",\"vatID\":\"47.621.418\\\/0001-80\"},{\"@type\":\"Person\",\"@id\":\"https:\\\/\\\/ubirataonline.com.br\\\/#\\\/schema\\\/person\\\/372f87bbd3fdd79b8556b84c98d0bc1c\",\"name\":\"REDA\u00c7\u00c3O: UBIRAT\u00c3 ONLINE - F\u00c1BIO AUGUSTO CELESTINO\",\"pronouns\":\"Ele\",\"description\":\"Desde 2003 trabalhando com not\u00edcias.\",\"sameAs\":[\"http:\\\/\\\/ubirataoline.com.br\",\"https:\\\/\\\/www.facebook.com\\\/portalubirataonline\",\"https:\\\/\\\/www.instagram.com\\\/ubirataonline_oficial\",\"https:\\\/\\\/x.com\\\/x.com\\\/ubirataonline\"],\"honorificPrefix\":\"Mr.\",\"honorificSuffix\":\"MD\",\"birthDate\":\"1980-06-16\",\"gender\":\"masculino\",\"award\":[\"V\u00e1rios pr\u00eamios de melhor portal da cidade\"],\"jobTitle\":\"Diretor\",\"url\":\"https:\\\/\\\/ubirataonline.com.br\\\/en\\\/author\\\/ubirataonline\\\/\"},{\"@type\":\"PostalAddress\",\"@id\":\"https:\\\/\\\/ubirataonline.com.br\\\/bodo-humbled-but-kjetil-knutsen-remains-the-manager-celtic-should-target\\\/#local-main-place-address\",\"streetAddress\":\"Rua dos Coqueiros, 104 - Bairro Boa Vista, Rua dos Coqueiros, 104 Bairro Boa Vista\",\"addressLocality\":\"UBIRATA\",\"postalCode\":\"85440-000\",\"addressRegion\":\"PR\",\"addressCountry\":\"BR\"},{\"@type\":\"ImageObject\",\"inLanguage\":\"en-US\",\"@id\":\"https:\\\/\\\/ubirataonline.com.br\\\/bodo-humbled-but-kjetil-knutsen-remains-the-manager-celtic-should-target\\\/#local-main-organization-logo\",\"url\":\"https:\\\/\\\/ubirataonline.com.br\\\/wp-content\\\/uploads\\\/2026\\\/06\\\/logoubirataonline-1.webp\",\"contentUrl\":\"https:\\\/\\\/ubirataonline.com.br\\\/wp-content\\\/uploads\\\/2026\\\/06\\\/logoubirataonline-1.webp\",\"width\":500,\"height\":500,\"caption\":\"Ubirat\u00e3 Online Not\u00edcias\"}]}<\/script>\n<meta name=\"geo.placename\" content=\"UBIRATA\" \/>\n<meta name=\"geo.position\" content=\"-24.5361401;-52.9921776\" \/>\n<meta name=\"geo.region\" content=\"Brazil\" \/>\n<!-- \/ Yoast SEO Premium plugin. -->","yoast_head_json":{"title":"Bodo humbled, but Kjetil Knutsen remains the manager Celtic should target - Ubirat\u00e3 Online Not\u00edcias - A realidade ao seu alcance!","description":"Bodo\/Glimt may have exited the Champions League after a 5-0 thumping at the hands of Sporting in Lisbon last night. The Norwegian Champions ended up","robots":{"index":"index","follow":"follow","max-snippet":"max-snippet:-1","max-image-preview":"max-image-preview:large","max-video-preview":"max-video-preview:-1"},"canonical":"https:\/\/ubirataonline.com.br\/en\/bodo-humbled-but-kjetil-knutsen-remains-the-manager-celtic-should-target\/","og_locale":"en_US","og_type":"article","og_title":"Bodo humbled, but Kjetil Knutsen remains the manager Celtic should target","og_description":"Bodo\/Glimt may have exited the Champions League after a 5-0 thumping at the hands of Sporting in Lisbon last night. The Norwegian Champions ended up","og_url":"https:\/\/ubirataonline.com.br\/en\/bodo-humbled-but-kjetil-knutsen-remains-the-manager-celtic-should-target\/","og_site_name":"Ubirat\u00e3 Online Not\u00edcias - A realidade ao seu alcance!","article_publisher":"https:\/\/www.facebook.com\/portalubirataonline","article_author":"https:\/\/www.facebook.com\/portalubirataonline","article_published_time":"2026-04-15T16:20:46+00:00","article_modified_time":"2026-04-15T16:21:00+00:00","og_image":[{"width":1200,"height":630,"url":"https:\/\/ubirataonline.com.br\/wp-content\/uploads\/2026\/04\/Bodo-humbled-but-Kjetil-Knutsen-remains-the-manager-Celtic-should.png","type":"image\/png"}],"author":"REDA\u00c7\u00c3O: UBIRAT\u00c3 ONLINE - F\u00c1BIO AUGUSTO CELESTINO","twitter_card":"summary_large_image","twitter_creator":"@x.com\/ubirataonline","twitter_site":"@ubirataonline","twitter_misc":{"Written by":"REDA\u00c7\u00c3O: UBIRAT\u00c3 ONLINE - F\u00c1BIO AUGUSTO CELESTINO","Est. reading time":"4 minutes"},"schema":{"@context":"https:\/\/schema.org","@graph":[{"@type":"NewsArticle","@id":"https:\/\/ubirataonline.com.br\/bodo-humbled-but-kjetil-knutsen-remains-the-manager-celtic-should-target\/#article","isPartOf":{"@id":"https:\/\/ubirataonline.com.br\/bodo-humbled-but-kjetil-knutsen-remains-the-manager-celtic-should-target\/"},"author":{"name":"REDA\u00c7\u00c3O: UBIRAT\u00c3 ONLINE - F\u00c1BIO AUGUSTO CELESTINO","@id":"https:\/\/ubirataonline.com.br\/#\/schema\/person\/372f87bbd3fdd79b8556b84c98d0bc1c"},"headline":"Bodo humbled, but Kjetil Knutsen remains the manager Celtic should target","datePublished":"2026-04-15T16:20:46+00:00","dateModified":"2026-04-15T16:21:00+00:00","mainEntityOfPage":{"@id":"https:\/\/ubirataonline.com.br\/bodo-humbled-but-kjetil-knutsen-remains-the-manager-celtic-should-target\/"},"wordCount":774,"publisher":{"@id":"https:\/\/ubirataonline.com.br\/#organization"},"image":{"@id":"https:\/\/ubirataonline.com.br\/bodo-humbled-but-kjetil-knutsen-remains-the-manager-celtic-should-target\/#primaryimage"},"thumbnailUrl":"https:\/\/ubirataonline.com.br\/wp-content\/uploads\/2026\/04\/Bodo-humbled-but-Kjetil-Knutsen-remains-the-manager-Celtic-should.png","keywords":["Bodo","Celtic","humbled","Kjetil","Knutsen","manager","remains","target"],"articleSection":["Brasil"],"inLanguage":"en-US","copyrightYear":"2026","copyrightHolder":{"@id":"https:\/\/ubirataonline.com.br\/en\/#organization"}},{"@type":"WebPage","@id":"https:\/\/ubirataonline.com.br\/bodo-humbled-but-kjetil-knutsen-remains-the-manager-celtic-should-target\/","url":"https:\/\/ubirataonline.com.br\/bodo-humbled-but-kjetil-knutsen-remains-the-manager-celtic-should-target\/","name":"Bodo humbled, but Kjetil Knutsen remains the manager Celtic should target - Ubirat\u00e3 Online Not\u00edcias - A realidade ao seu alcance!","isPartOf":{"@id":"https:\/\/ubirataonline.com.br\/#website"},"primaryImageOfPage":{"@id":"https:\/\/ubirataonline.com.br\/bodo-humbled-but-kjetil-knutsen-remains-the-manager-celtic-should-target\/#primaryimage"},"image":{"@id":"https:\/\/ubirataonline.com.br\/bodo-humbled-but-kjetil-knutsen-remains-the-manager-celtic-should-target\/#primaryimage"},"thumbnailUrl":"https:\/\/ubirataonline.com.br\/wp-content\/uploads\/2026\/04\/Bodo-humbled-but-Kjetil-Knutsen-remains-the-manager-Celtic-should.png","datePublished":"2026-04-15T16:20:46+00:00","dateModified":"2026-04-15T16:21:00+00:00","description":"Bodo\/Glimt may have exited the Champions League after a 5-0 thumping at the hands of Sporting in Lisbon last night. The Norwegian Champions ended up","breadcrumb":{"@id":"https:\/\/ubirataonline.com.br\/bodo-humbled-but-kjetil-knutsen-remains-the-manager-celtic-should-target\/#breadcrumb"},"inLanguage":"en-US","potentialAction":[{"@type":"ReadAction","target":["https:\/\/ubirataonline.com.br\/bodo-humbled-but-kjetil-knutsen-remains-the-manager-celtic-should-target\/"]}]},{"@type":"ImageObject","inLanguage":"en-US","@id":"https:\/\/ubirataonline.com.br\/bodo-humbled-but-kjetil-knutsen-remains-the-manager-celtic-should-target\/#primaryimage","url":"https:\/\/ubirataonline.com.br\/wp-content\/uploads\/2026\/04\/Bodo-humbled-but-Kjetil-Knutsen-remains-the-manager-Celtic-should.png","contentUrl":"https:\/\/ubirataonline.com.br\/wp-content\/uploads\/2026\/04\/Bodo-humbled-but-Kjetil-Knutsen-remains-the-manager-Celtic-should.png","width":1200,"height":630,"caption":"Bodo humbled, but Kjetil Knutsen remains the manager Celtic should target"},{"@type":"BreadcrumbList","@id":"https:\/\/ubirataonline.com.br\/bodo-humbled-but-kjetil-knutsen-remains-the-manager-celtic-should-target\/#breadcrumb","itemListElement":[{"@type":"ListItem","position":1,"name":"In\u00edcio","item":"https:\/\/ubirataonline.com.br\/"},{"@type":"ListItem","position":2,"name":"Bodo humbled, but Kjetil Knutsen remains the manager Celtic should target"}]},{"@type":"WebSite","@id":"https:\/\/ubirataonline.com.br\/#website","url":"https:\/\/ubirataonline.com.br\/","name":"Ubirat\u00e3 Online Not\u00edcias","description":"Not\u00edcias de Ubirat\u00e3, regi\u00e3o, Brasil e mundo, com informa\u00e7\u00e3o atualizada e compromisso com o leitor.","publisher":{"@id":"https:\/\/ubirataonline.com.br\/#organization"},"alternateName":"Ubirat\u00e3 Online","potentialAction":[{"@type":"SearchAction","target":{"@type":"EntryPoint","urlTemplate":"https:\/\/ubirataonline.com.br\/?s={search_term_string}"},"query-input":{"@type":"PropertyValueSpecification","valueRequired":true,"valueName":"search_term_string"}}],"inLanguage":"en-US"},{"@type":["Organization","Place"],"@id":"https:\/\/ubirataonline.com.br\/#organization","name":"Ubirat\u00e3 Online Not\u00edcias","alternateName":"Ubirat\u00e3 Online","url":"https:\/\/ubirataonline.com.br\/","logo":{"@id":"https:\/\/ubirataonline.com.br\/bodo-humbled-but-kjetil-knutsen-remains-the-manager-celtic-should-target\/#local-main-organization-logo"},"image":{"@id":"https:\/\/ubirataonline.com.br\/bodo-humbled-but-kjetil-knutsen-remains-the-manager-celtic-should-target\/#local-main-organization-logo"},"sameAs":["https:\/\/www.facebook.com\/portalubirataonline","https:\/\/x.com\/ubirataonline","https:\/\/mastodon.social\/@ubirataonline","https:\/\/www.facebook.com\/groups\/311144672285604","https:\/\/www.facebook.com\/UBTAOnline","https:\/\/www.instagram.com\/portalubirataonline\/","https:\/\/twitter.com\/ubirataonline"],"description":"Somos um portal de not\u00edcias independente, criado em 5 de janeiro de 2009, com o objetivo de informar, conectar e valorizar a nossa comunidade de Ubirat\u00e3 e toda aregi\u00e3o. Com conte\u00fado atualizado, confi\u00e1vel e relevante, o Ubirat\u00e3 Online \u00e9 o seu espa\u00e7o para ficar por dentro dos principais acontecimentos locais, regionais, Brasil, Mundo e de interesse geral. Nosso compromisso \u00e9 com a verdade, a transpar\u00eancia e o respeito ao leitor.","legalName":"UBIRATA ONLINE NOT\u00cdCIAS","foundingDate":"2009-01-05","numberOfEmployees":{"@type":"QuantitativeValue","minValue":"1","maxValue":"10"},"publishingPrinciples":"https:\/\/ubirataonline.com.br\/faq\/","address":{"@id":"https:\/\/ubirataonline.com.br\/bodo-humbled-but-kjetil-knutsen-remains-the-manager-celtic-should-target\/#local-main-place-address"},"geo":{"@type":"GeoCoordinates","latitude":"-24.5361401","longitude":"-52.9921776"},"telephone":["+5544998308235"],"contactPoint":{"@type":"ContactPoint","email":"contato@ubirataonline.com.br"},"openingHoursSpecification":{"@type":"OpeningHoursSpecification","dayOfWeek":["Monday","Tuesday","Wednesday","Thursday","Friday","Saturday","Sunday"],"opens":"00:00","closes":"23:59"},"email":"contato@ubirataonline.com.br","vatID":"47.621.418\/0001-80"},{"@type":"Person","@id":"https:\/\/ubirataonline.com.br\/#\/schema\/person\/372f87bbd3fdd79b8556b84c98d0bc1c","name":"REDA\u00c7\u00c3O: UBIRAT\u00c3 ONLINE - F\u00c1BIO AUGUSTO CELESTINO","pronouns":"Ele","description":"Desde 2003 trabalhando com not\u00edcias.","sameAs":["http:\/\/ubirataoline.com.br","https:\/\/www.facebook.com\/portalubirataonline","https:\/\/www.instagram.com\/ubirataonline_oficial","https:\/\/x.com\/x.com\/ubirataonline"],"honorificPrefix":"Mr.","honorificSuffix":"MD","birthDate":"1980-06-16","gender":"masculino","award":["V\u00e1rios pr\u00eamios de melhor portal da cidade"],"jobTitle":"Diretor","url":"https:\/\/ubirataonline.com.br\/en\/author\/ubirataonline\/"},{"@type":"PostalAddress","@id":"https:\/\/ubirataonline.com.br\/bodo-humbled-but-kjetil-knutsen-remains-the-manager-celtic-should-target\/#local-main-place-address","streetAddress":"Rua dos Coqueiros, 104 - Bairro Boa Vista, Rua dos Coqueiros, 104 Bairro Boa Vista","addressLocality":"UBIRATA","postalCode":"85440-000","addressRegion":"PR","addressCountry":"BR"},{"@type":"ImageObject","inLanguage":"en-US","@id":"https:\/\/ubirataonline.com.br\/bodo-humbled-but-kjetil-knutsen-remains-the-manager-celtic-should-target\/#local-main-organization-logo","url":"https:\/\/ubirataonline.com.br\/wp-content\/uploads\/2026\/06\/logoubirataonline-1.webp","contentUrl":"https:\/\/ubirataonline.com.br\/wp-content\/uploads\/2026\/06\/logoubirataonline-1.webp","width":500,"height":500,"caption":"Ubirat\u00e3 Online Not\u00edcias"}]},"geo.placename":"UBIRATA","geo.position":{"lat":"-24.5361401","long":"-52.9921776"},"geo.region":"Brazil"},"_links":{"self":[{"href":"https:\/\/ubirataonline.com.br\/en\/wp-json\/wp\/v2\/posts\/108113","targetHints":{"allow":["GET"]}}],"collection":[{"href":"https:\/\/ubirataonline.com.br\/en\/wp-json\/wp\/v2\/posts"}],"about":[{"href":"https:\/\/ubirataonline.com.br\/en\/wp-json\/wp\/v2\/types\/post"}],"author":[{"embeddable":true,"href":"https:\/\/ubirataonline.com.br\/en\/wp-json\/wp\/v2\/users\/1"}],"replies":[{"embeddable":true,"href":"https:\/\/ubirataonline.com.br\/en\/wp-json\/wp\/v2\/comments?post=108113"}],"version-history":[{"count":0,"href":"https:\/\/ubirataonline.com.br\/en\/wp-json\/wp\/v2\/posts\/108113\/revisions"}],"wp:featuredmedia":[{"embeddable":true,"href":"https:\/\/ubirataonline.com.br\/en\/wp-json\/wp\/v2\/media\/108114"}],"wp:attachment":[{"href":"https:\/\/ubirataonline.com.br\/en\/wp-json\/wp\/v2\/media?parent=108113"}],"wp:term":[{"taxonomy":"category","embeddable":true,"href":"https:\/\/ubirataonline.com.br\/en\/wp-json\/wp\/v2\/categories?post=108113"},{"taxonomy":"post_tag","embeddable":true,"href":"https:\/\/ubirataonline.com.br\/en\/wp-json\/wp\/v2\/tags?post=108113"}],"curies":[{"name":"wp","href":"https:\/\/api.w.org\/{rel}","templated":true}]}}