{"id":108435,"date":"2026-04-15T20:32:46","date_gmt":"2026-04-15T23:32:46","guid":{"rendered":"https:\/\/ubirataonline.com.br\/analysis-us-allies-wont-join-trumps-war-but-they-cant-escape-the-fallout\/"},"modified":"2026-04-15T20:32:46","modified_gmt":"2026-04-15T23:32:46","slug":"analysis-us-allies-wont-join-trumps-war-but-they-cant-escape-the-fallout","status":"publish","type":"post","link":"https:\/\/ubirataonline.com.br\/en\/analysis-us-allies-wont-join-trumps-war-but-they-cant-escape-the-fallout\/","title":{"rendered":"Analysis: US allies won\u2019t join Trump\u2019s war \u2014 but they can\u2019t escape the fallout"},"content":{"rendered":"<p><\/p>\n<div data-editable=\"content\" itemprop=\"articleBody\" data-reorderable=\"content\">\n<p class=\"paragraph-elevate inline-placeholder vossi-paragraph_elevate\" data-uri=\"cms.cnn.com\/_components\/paragraph\/instances\/cmnz3abke001z2cp771y0f31e@published\" data-editable=\"text\" data-component-name=\"paragraph\" data-article-gutter=\"true\">\n            It\u2019s not their war. But it\u2019s becoming their political and economic nightmare.\n    <\/p>\n<p class=\"paragraph-elevate inline-placeholder vossi-paragraph_elevate\" data-uri=\"cms.cnn.com\/_components\/paragraph\/instances\/cmnz9y55i00033b6q3oxf3uaa@published\" data-editable=\"text\" data-component-name=\"paragraph\" data-article-gutter=\"true\">\n            World leaders who opposed the US-Israeli <a href=\"https:\/\/www.cnn.com\/2026\/04\/14\/politics\/trump-iran-hungary-orban-analysis\">attack on Iran<\/a> are being torn between Donald Trump\u2019s ire at their failure to join the conflict and electorates who are deeply hostile to the war and America\u2019s president.\n    <\/p>\n<p class=\"paragraph-elevate inline-placeholder vossi-paragraph_elevate\" data-uri=\"cms.cnn.com\/_components\/paragraph\/instances\/cmnz9y55i00043b6qukyh8byy@published\" data-editable=\"text\" data-component-name=\"paragraph\" data-article-gutter=\"true\">\n            Their dilemma is shifting the dynamic between the US and its allies. Leaders who once tried to appease and flatter the world\u2019s most powerful man are now daring to criticize him and seeking distance. They are doing so not just out of antipathy to American foreign policy, but also because of war-related pressures threatening the livelihoods of their people, and therefore their own governments and careers.\n    <\/p>\n<p class=\"paragraph-elevate inline-placeholder vossi-paragraph_elevate\" data-uri=\"cms.cnn.com\/_components\/paragraph\/instances\/cmnz9y55i00053b6qij9vs2d9@published\" data-editable=\"text\" data-component-name=\"paragraph\" data-article-gutter=\"true\">\n            Even leaders who tried to shape Trump\u2019s second-term behavior are reacting to his contempt. Italian Prime Minister Giorgia Meloni on Monday said <a href=\"https:\/\/www.cnn.com\/2026\/04\/12\/politics\/trump-pope-leo-criticism-hnk-intl\">Trump\u2019s attacks on Pope Leo XIV<\/a> were \u201cunacceptable.\u201d British Prime Minister Keir Starmer, whose friendship with Trump <a href=\"https:\/\/www.cnn.com\/2026\/04\/14\/world\/king-charles-trump-state-visit-latam-intl\">shattered over the war<\/a>, said last week he was \u201cfed up\u201d that Britons were facing higher energy bills because of Trump\u2019s actions.\n    <\/p>\n<p class=\"paragraph-elevate inline-placeholder vossi-paragraph_elevate\" data-uri=\"cms.cnn.com\/_components\/paragraph\/instances\/cmo06ccdy00003b6qmta48q9q@published\" data-editable=\"text\" data-component-name=\"paragraph\" data-article-gutter=\"true\">\n            Relations between Trump and Starmer took another turn for the worse on Wednesday. The president hinted in an interview with Sky News that he could try to change terms of a trade deal that is a huge priority for the British government.\n    <\/p>\n<p class=\"paragraph-elevate inline-placeholder vossi-paragraph_elevate\" data-uri=\"cms.cnn.com\/_components\/paragraph\/instances\/cmo06cjnj00023b6q0jpalhfl@published\" data-editable=\"text\" data-component-name=\"paragraph\" data-article-gutter=\"true\">\n            Starmer however insisted that he would not pushed into joining the war on Iran. \u201cI\u2019m not going to change my mind. I\u2019m not going to yield. It is not in our national interest to join this war, and we will not do so. I know where I stand,\u201d the British leader told parliament.\n    <\/p>\n<p class=\"paragraph-elevate inline-placeholder vossi-paragraph_elevate\" data-uri=\"cms.cnn.com\/_components\/paragraph\/instances\/cmnz9y55i00063b6qj22qnzzg@published\" data-editable=\"text\" data-component-name=\"paragraph\" data-article-gutter=\"true\">\n            Leaders are reacting to war consequences they can\u2019t control, epitomized by an <a href=\"https:\/\/www.cnn.com\/2026\/04\/14\/world\/video\/imf-economic-outlook-giokos-live-041409aseg1-cnni-world-fast\">International Monetary Fund warning<\/a> Tuesday that the world is trending toward an \u201cadverse\u201d scenario of only 2.5% growth this year, down from 3.4% in 2025.\n    <\/p>\n<p class=\"paragraph-elevate inline-placeholder vossi-paragraph_elevate\" data-uri=\"cms.cnn.com\/_components\/paragraph\/instances\/cmnz9y55i00073b6qg5y2wuw7@published\" data-editable=\"text\" data-component-name=\"paragraph\" data-article-gutter=\"true\">\n            Countries reliant on Middle East gas and oil supplies could fare worse. The IMF downgraded its growth forecast for Britain to 0.8% in 2026, down from a previous projection of 1.3%. That would be a disaster for Starmer\u2019s imperiled government, which has failed to honor its pledge to reignite the economy.\n    <\/p>\n<div data-uri=\"cms.cnn.com\/_components\/image\/instances\/cmnza3ewu00033b6qkpci839v@published\" class=\"image_large-elevate vossi-image_large-elevate  image_large__hide-placeholder\" data-image-variation=\"image_large\" data-name=\"GettyImages-2266853702.jpg\" data-component-name=\"image\" data-observe-resizes=\"\" data-breakpoints=\"{\" image_large--eq-extra-small=\"\" data-original-ratio=\"0.6665\" data-original-height=\"1333\" data-original-width=\"2000\" data-url=\"https:\/\/media.cnn.com\/api\/v1\/images\/stellar\/prod\/gettyimages-2266853702.jpg?c=original\" data-editable=\"settings\" data-article-gutter=\"true\">\n<div class=\"image_large__container\" data-image-variation=\"image_large\" data-breakpoints=\"{\" image_large--eq-extra-small=\"\">\n       <picture class=\"image_large__picture\"><source height=\"undefined\" width=\"679\" media=\"(max-width: 479px)\" srcset=\"https:\/\/media.cnn.com\/api\/v1\/images\/stellar\/prod\/gettyimages-2266853702.jpg?c=original&amp;q=w_679,c_fill\/f_webp\" type=\"image\/webp\"><source height=\"undefined\" width=\"967\" media=\"(min-width: 480px) and (max-width: 767px)\" srcset=\"https:\/\/media.cnn.com\/api\/v1\/images\/stellar\/prod\/gettyimages-2266853702.jpg?c=original&amp;q=w_967,c_fill\/f_webp\" type=\"image\/webp\"><source height=\"undefined\" width=\"860\" media=\"(min-width: 768px) and (max-width: 1023px)\" srcset=\"https:\/\/media.cnn.com\/api\/v1\/images\/stellar\/prod\/gettyimages-2266853702.jpg?c=original&amp;q=w_860,c_fill\/f_webp\" type=\"image\/webp\"><source height=\"undefined\" width=\"860\" media=\"(min-width: 1024px) and (max-width: 1279px)\" srcset=\"https:\/\/media.cnn.com\/api\/v1\/images\/stellar\/prod\/gettyimages-2266853702.jpg?c=original&amp;q=w_860,c_fill\/f_webp\" type=\"image\/webp\"><source height=\"undefined\" width=\"860\" media=\"(min-width: 1280px)\" srcset=\"https:\/\/media.cnn.com\/api\/v1\/images\/stellar\/prod\/gettyimages-2266853702.jpg?c=original&amp;q=w_860,c_fill\/f_webp\" type=\"image\/webp\"><\/source><\/source><\/source><\/source><\/source><\/picture>\n    <\/div>\n<\/div>\n<p class=\"paragraph-elevate inline-placeholder vossi-paragraph_elevate\" data-uri=\"cms.cnn.com\/_components\/paragraph\/instances\/cmnz9y55i00083b6qh8wqkbwe@published\" data-editable=\"text\" data-component-name=\"paragraph\" data-article-gutter=\"true\">\n            Another key US ally, Japan, is also under duress because it relies on Middle Eastern energy. Higher shipping costs are pushing prices higher and threatening a modest rise in wages. <a href=\"https:\/\/www.cnn.com\/2026\/03\/19\/asia\/iran-war-japan-us-stress-test-intl-hnk\">Prime Minister Sanae Takaichi<\/a> never expected to face such headwinds soon after her historic election victory in February.\n    <\/p>\n<p class=\"paragraph-elevate inline-placeholder vossi-paragraph_elevate\" data-uri=\"cms.cnn.com\/_components\/paragraph\/instances\/cmnz9y55i00093b6qp9yesmal@published\" data-editable=\"text\" data-component-name=\"paragraph\" data-article-gutter=\"true\">\n            Even before the Iran war, Trump was deeply unpopular in many allied nations. A Pew Research survey last year showed the president\u2019s approval ratings in more than a dozen countries at 35% or below. His approval was higher than former President Joe Biden in only a few countries, including Israel and Nigeria.\n    <\/p>\n<p class=\"paragraph-elevate inline-placeholder vossi-paragraph_elevate\" data-uri=\"cms.cnn.com\/_components\/paragraph\/instances\/cmnz9y55i000a3b6q6ly9xtxf@published\" data-editable=\"text\" data-component-name=\"paragraph\" data-article-gutter=\"true\">\n            The disconnect does not merely represent a breach that will last through the rest of the Trump administration. It threatens the alliances that multiplied US political and economic power for decades. Trump\u2019s <a href=\"https:\/\/www.cnn.com\/2026\/04\/10\/politics\/nato-trump-iran-us-countries\">antipathy to NATO<\/a>, meanwhile, has left its mutual defense guarantees looking shaky even if he doesn\u2019t decide to withdraw the US altogether.\n    <\/p>\n<p class=\"paragraph-elevate inline-placeholder vossi-paragraph_elevate\" data-uri=\"cms.cnn.com\/_components\/paragraph\/instances\/cmnz9y55i000b3b6qws4360o3@published\" data-editable=\"text\" data-component-name=\"paragraph\" data-article-gutter=\"true\">\n            The Trump White House has made clear in its rhetoric and foreign policy documents that it sees the application of US unilateral power as the best way to protect US interests in the 21st century. The president seems to regard NATO not as a defensive alliance but as a tool for him to advance his foreign policy interests \u2014 for instance in a war of choice in Iran. He has little tolerance for allies that rely on the US defense umbrella but refuse to join his wars.\n    <\/p>\n<p class=\"paragraph-elevate inline-placeholder vossi-paragraph_elevate\" data-uri=\"cms.cnn.com\/_components\/paragraph\/instances\/cmnz9y55i000c3b6q1l8lo24c@published\" data-editable=\"text\" data-component-name=\"paragraph\" data-article-gutter=\"true\">\n            But signing up to fight is politically impossible for many allied leaders. They face electorates that view the Iran war as unwise, unlikely to succeed and an infringement of international law. Trump\u2019s disparagement of heavy allied war losses in the post 9\/11 wars only deepened their voters\u2019 antipathy to the president.\n    <\/p>\n<div data-uri=\"cms.cnn.com\/_components\/image\/instances\/cmnza45ct00053b6q5c5ake5w@published\" class=\"image_large-elevate vossi-image_large-elevate  image_large__hide-placeholder\" data-image-variation=\"image_large\" data-name=\"2026-03-31T102845Z_210584165_RC2STJAD545X_RTRMADP_3_ITALY-POPULATION-ISTAT.jpg\" data-component-name=\"image\" data-observe-resizes=\"\" data-breakpoints=\"{\" image_large--eq-extra-small=\"\" data-original-ratio=\"0.6665\" data-original-height=\"1333\" data-original-width=\"2000\" data-url=\"https:\/\/media.cnn.com\/api\/v1\/images\/stellar\/prod\/2026-03-31t102845z-210584165-rc2stjad545x-rtrmadp-3-italy-population-istat.jpg?c=original\" data-editable=\"settings\" data-article-gutter=\"true\">\n<div class=\"image_large__container\" data-image-variation=\"image_large\" data-breakpoints=\"{\" image_large--eq-extra-small=\"\">\n       <picture class=\"image_large__picture\"><source height=\"undefined\" width=\"679\" media=\"(max-width: 479px)\" srcset=\"https:\/\/media.cnn.com\/api\/v1\/images\/stellar\/prod\/2026-03-31t102845z-210584165-rc2stjad545x-rtrmadp-3-italy-population-istat.jpg?c=original&amp;q=w_679,c_fill\/f_webp\" type=\"image\/webp\"><source height=\"undefined\" width=\"967\" media=\"(min-width: 480px) and (max-width: 767px)\" srcset=\"https:\/\/media.cnn.com\/api\/v1\/images\/stellar\/prod\/2026-03-31t102845z-210584165-rc2stjad545x-rtrmadp-3-italy-population-istat.jpg?c=original&amp;q=w_967,c_fill\/f_webp\" type=\"image\/webp\"><source height=\"undefined\" width=\"860\" media=\"(min-width: 768px) and (max-width: 1023px)\" srcset=\"https:\/\/media.cnn.com\/api\/v1\/images\/stellar\/prod\/2026-03-31t102845z-210584165-rc2stjad545x-rtrmadp-3-italy-population-istat.jpg?c=original&amp;q=w_860,c_fill\/f_webp\" type=\"image\/webp\"><source height=\"undefined\" width=\"860\" media=\"(min-width: 1024px) and (max-width: 1279px)\" srcset=\"https:\/\/media.cnn.com\/api\/v1\/images\/stellar\/prod\/2026-03-31t102845z-210584165-rc2stjad545x-rtrmadp-3-italy-population-istat.jpg?c=original&amp;q=w_860,c_fill\/f_webp\" type=\"image\/webp\"><source height=\"undefined\" width=\"860\" media=\"(min-width: 1280px)\" srcset=\"https:\/\/media.cnn.com\/api\/v1\/images\/stellar\/prod\/2026-03-31t102845z-210584165-rc2stjad545x-rtrmadp-3-italy-population-istat.jpg?c=original&amp;q=w_860,c_fill\/f_webp\" type=\"image\/webp\"><img decoding=\"async\" src=\"https:\/\/media.cnn.com\/api\/v1\/images\/stellar\/prod\/2026-03-31t102845z-210584165-rc2stjad545x-rtrmadp-3-italy-population-istat.jpg?c=original&amp;q=w_860,c_fill\" alt=\"Italian Prime Minister Giorgia Meloni waits for the arrival of President of Cyprus Nikos Christodoulides at Chigi Palace in Rome, Italy, on February 26.\" class=\"image_large__dam-img image_large__dam-img--loading\" onload=\"this.classList.remove('image_large__dam-img--loading')\" onerror=\"imageLoadError(this)\" height=\"1333\" width=\"2000\" loading=\"lazy\"\/><\/source><\/source><\/source><\/source><\/source><\/picture>\n    <\/div>\n<\/div>\n<p class=\"paragraph-elevate inline-placeholder vossi-paragraph_elevate\" data-uri=\"cms.cnn.com\/_components\/paragraph\/instances\/cmnz9y55i000e3b6qacsfjzug@published\" data-editable=\"text\" data-component-name=\"paragraph\" data-article-gutter=\"true\">\n            The IMF forecasts made clear that the Iran conflict is more than a distant foreign policy crisis for allied governments. It has become a domestic and political threat. This, combined with growing antagonism between allied leaders and the US president, means that standing with him would be a liability.\n    <\/p>\n<p class=\"paragraph-elevate inline-placeholder vossi-paragraph_elevate\" data-uri=\"cms.cnn.com\/_components\/paragraph\/instances\/cmnz9y55i000f3b6qmn5p9gya@published\" data-editable=\"text\" data-component-name=\"paragraph\" data-article-gutter=\"true\">\n            Italy\u2019s Meloni leads a populist, right-wing party, and is one of the European leaders most ideologically compatible with Trump. She had therefore positioned herself as a bridge between the White House and European allies. But her own popularity has been hit by war-induced fuel price rises.\n    <\/p>\n<p class=\"paragraph-elevate inline-placeholder vossi-paragraph_elevate\" data-uri=\"cms.cnn.com\/_components\/paragraph\/instances\/cmnz9y55i000g3b6qasdyd9ab@published\" data-editable=\"text\" data-component-name=\"paragraph\" data-article-gutter=\"true\">\n            Meloni also has a unique role in a nation that has more than 40 million Roman Catholics and a special relationship with the Vatican. She therefore had no real political choice but to criticize Trump\u2019s attacks on the Pope. But her shift may have ruined more than a year of painful diplomacy and relationship-building.\n    <\/p>\n<p class=\"paragraph-elevate inline-placeholder vossi-paragraph_elevate\" data-uri=\"cms.cnn.com\/_components\/paragraph\/instances\/cmnz9y55i000h3b6qhsdhj95y@published\" data-editable=\"text\" data-component-name=\"paragraph\" data-article-gutter=\"true\">\n            \u201cI\u2019m shocked by her. I thought she had courage. I was wrong,\u201d Trump was quoted as saying by the Italian-language Corriere della Sera in an interview. \u201cShe is the one who is unacceptable, because she does not care whether Iran has a nuclear weapon and would blow Italy up in two minutes if it had the chance.\u201d\n    <\/p>\n<p class=\"paragraph-elevate inline-placeholder vossi-paragraph_elevate\" data-uri=\"cms.cnn.com\/_components\/paragraph\/instances\/cmnz9y55i000i3b6qvo0tq7sr@published\" data-editable=\"text\" data-component-name=\"paragraph\" data-article-gutter=\"true\">\n            Meloni is learning what it\u2019s like to be on the end of a verbal Trump barrage. That was already part of life for leaders in Canada, where the challenge of dealing with Trump has transformed domestic politics. Were it not for Trump, it\u2019s unlikely that Prime Minister Mark Carney \u2014 a former central banker and political outsider \u2014 would even be in the job. But his election victory last year on an anti-Trump platform followed the president\u2019s attacks on Canadian sovereignty.\n    <\/p>\n<div data-uri=\"cms.cnn.com\/_components\/image\/instances\/cmnza49fn00073b6qrd53mh7w@published\" class=\"image_large-elevate vossi-image_large-elevate  image_large__hide-placeholder\" data-image-variation=\"image_large\" data-name=\"GettyImages-2270389368.jpg\" data-component-name=\"image\" data-observe-resizes=\"\" data-breakpoints=\"{\" image_large--eq-extra-small=\"\" data-original-ratio=\"0.6665786694825766\" data-original-height=\"2525\" data-original-width=\"3788\" data-url=\"https:\/\/media.cnn.com\/api\/v1\/images\/stellar\/prod\/gettyimages-2270389368.jpg?c=original\" data-editable=\"settings\" data-article-gutter=\"true\">\n<div class=\"image_large__container\" data-image-variation=\"image_large\" data-breakpoints=\"{\" image_large--eq-extra-small=\"\">\n       <picture class=\"image_large__picture\"><source height=\"undefined\" width=\"679\" media=\"(max-width: 479px)\" srcset=\"https:\/\/media.cnn.com\/api\/v1\/images\/stellar\/prod\/gettyimages-2270389368.jpg?c=original&amp;q=w_679,c_fill\/f_webp\" type=\"image\/webp\"><source height=\"undefined\" width=\"967\" media=\"(min-width: 480px) and (max-width: 767px)\" srcset=\"https:\/\/media.cnn.com\/api\/v1\/images\/stellar\/prod\/gettyimages-2270389368.jpg?c=original&amp;q=w_967,c_fill\/f_webp\" type=\"image\/webp\"><source height=\"undefined\" width=\"860\" media=\"(min-width: 768px) and (max-width: 1023px)\" srcset=\"https:\/\/media.cnn.com\/api\/v1\/images\/stellar\/prod\/gettyimages-2270389368.jpg?c=original&amp;q=w_860,c_fill\/f_webp\" type=\"image\/webp\"><source height=\"undefined\" width=\"860\" media=\"(min-width: 1024px) and (max-width: 1279px)\" srcset=\"https:\/\/media.cnn.com\/api\/v1\/images\/stellar\/prod\/gettyimages-2270389368.jpg?c=original&amp;q=w_860,c_fill\/f_webp\" type=\"image\/webp\"><source height=\"undefined\" width=\"860\" media=\"(min-width: 1280px)\" srcset=\"https:\/\/media.cnn.com\/api\/v1\/images\/stellar\/prod\/gettyimages-2270389368.jpg?c=original&amp;q=w_860,c_fill\/f_webp\" type=\"image\/webp\"><img decoding=\"async\" src=\"https:\/\/media.cnn.com\/api\/v1\/images\/stellar\/prod\/gettyimages-2270389368.jpg?c=original&amp;q=w_860,c_fill\" alt=\"Canadian Prime Minister Mark Carney speaks during the 2026 Liberal National Convention in Montreal, Canada, on April 11.\" class=\"image_large__dam-img image_large__dam-img--loading\" onload=\"this.classList.remove('image_large__dam-img--loading')\" onerror=\"imageLoadError(this)\" height=\"2525\" width=\"3788\" loading=\"lazy\"\/><\/source><\/source><\/source><\/source><\/source><\/picture>\n    <\/div>\n<\/div>\n<p class=\"paragraph-elevate inline-placeholder vossi-paragraph_elevate\" data-uri=\"cms.cnn.com\/_components\/paragraph\/instances\/cmnz9y55i000j3b6qf1na21ow@published\" data-editable=\"text\" data-component-name=\"paragraph\" data-article-gutter=\"true\">\n            On Monday, Carney solidified his mandate and turned a minority administration into a majority government following two special election wins and several defections from opposition parties. At his Liberal Party convention this month, he alluded to Trump\u2019s expansionist designs. \u201cUnited, we will build Canada strong, a Canada for all, a Canada strong that no one can ever take away,\u201d he said.\n    <\/p>\n<p class=\"paragraph-elevate inline-placeholder vossi-paragraph_elevate\" data-uri=\"cms.cnn.com\/_components\/paragraph\/instances\/cmnz9y55i000k3b6qxowgtun6@published\" data-editable=\"text\" data-component-name=\"paragraph\" data-article-gutter=\"true\">\n            Carney has made a fateful choice. While he hopes to work with the US, his foundation of power is confirmed by an electoral mandate and rests on a foundation of resistance to Trump. He\u2019s therefore in better shape politically than many other allied leaders. But his popularity will still be tested by factors he can\u2019t fully control, such as war-related economic damage; US tariffs; and what is looming as a bitter renegotiation of a North American trade agreement.\n    <\/p>\n<p class=\"paragraph-elevate inline-placeholder vossi-paragraph_elevate\" data-uri=\"cms.cnn.com\/_components\/paragraph\/instances\/cmnz9y55i000l3b6qz3rhhzn7@published\" data-editable=\"text\" data-component-name=\"paragraph\" data-article-gutter=\"true\">\n            Trump was once seen as a hero for European populists, many of whom assumed his reelection on a harsh anti-immigration stance predicted their own political rise. That all changed in Hungary this weekend. Trump, Vice President JD Vance and the MAGA movement campaigned for populist strongman Viktor Orb\u00e1n as though he were a GOP senator in a swing state. But stunning general election results <a href=\"https:\/\/www.cnn.com\/2026\/04\/12\/europe\/hungary-election-orban-loss-latam-intl\">ousted Orb\u00e1n<\/a> after 16 years in power.\n    <\/p>\n<p class=\"paragraph-elevate inline-placeholder vossi-paragraph_elevate\" data-uri=\"cms.cnn.com\/_components\/paragraph\/instances\/cmnz9y55i000m3b6qzdcr33vy@published\" data-editable=\"text\" data-component-name=\"paragraph\" data-article-gutter=\"true\">\n            The defeat is likely to accelerate a trend of populist leaders in Europe distancing themselves from MAGA for their own political good.\n    <\/p>\n<p class=\"paragraph-elevate inline-placeholder vossi-paragraph_elevate\" data-uri=\"cms.cnn.com\/_components\/paragraph\/instances\/cmnz9y55i000o3b6q10coih69@published\" data-editable=\"text\" data-component-name=\"paragraph\" data-article-gutter=\"true\">\n            The Trump White House has never shown much concern about the political problems that Trump\u2019s unusual style causes for allied leaders. It seems to have contempt for modern Europe. It enshrined support for populist groups there fighting to take down more centrist leaders in its <a href=\"https:\/\/www.cnn.com\/2025\/12\/05\/politics\/trump-national-security-strategy\">national security strategy<\/a>. Vance has argued that traditional Europe and its values could be lost to immigration from mainly Muslim Middle Eastern and North African nations.\n    <\/p>\n<div data-uri=\"cms.cnn.com\/_components\/image\/instances\/cmnza4c6i00093b6qjg3dd2o5@published\" class=\"image_large-elevate vossi-image_large-elevate  image_large__hide-placeholder\" data-image-variation=\"image_large\" data-name=\"AP26101782399526.jpg\" data-component-name=\"image\" data-observe-resizes=\"\" data-breakpoints=\"{\" image_large--eq-extra-small=\"\" data-original-ratio=\"0.6666666666666666\" data-original-height=\"1668\" data-original-width=\"2502\" data-url=\"https:\/\/media.cnn.com\/api\/v1\/images\/stellar\/prod\/ap26101782399526.jpg?c=original\" data-editable=\"settings\" data-article-gutter=\"true\">\n<div class=\"image_large__container\" data-image-variation=\"image_large\" data-breakpoints=\"{\" image_large--eq-extra-small=\"\">\n       <picture class=\"image_large__picture\"><source height=\"undefined\" width=\"679\" media=\"(max-width: 479px)\" srcset=\"https:\/\/media.cnn.com\/api\/v1\/images\/stellar\/prod\/ap26101782399526.jpg?c=original&amp;q=w_679,c_fill\/f_webp\" type=\"image\/webp\"><source height=\"undefined\" width=\"967\" media=\"(min-width: 480px) and (max-width: 767px)\" srcset=\"https:\/\/media.cnn.com\/api\/v1\/images\/stellar\/prod\/ap26101782399526.jpg?c=original&amp;q=w_967,c_fill\/f_webp\" type=\"image\/webp\"><source height=\"undefined\" width=\"860\" media=\"(min-width: 768px) and (max-width: 1023px)\" srcset=\"https:\/\/media.cnn.com\/api\/v1\/images\/stellar\/prod\/ap26101782399526.jpg?c=original&amp;q=w_860,c_fill\/f_webp\" type=\"image\/webp\"><source height=\"undefined\" width=\"860\" media=\"(min-width: 1024px) and (max-width: 1279px)\" srcset=\"https:\/\/media.cnn.com\/api\/v1\/images\/stellar\/prod\/ap26101782399526.jpg?c=original&amp;q=w_860,c_fill\/f_webp\" type=\"image\/webp\"><source height=\"undefined\" width=\"860\" media=\"(min-width: 1280px)\" srcset=\"https:\/\/media.cnn.com\/api\/v1\/images\/stellar\/prod\/ap26101782399526.jpg?c=original&amp;q=w_860,c_fill\/f_webp\" type=\"image\/webp\"><img decoding=\"async\" src=\"https:\/\/media.cnn.com\/api\/v1\/images\/stellar\/prod\/ap26101782399526.jpg?c=original&amp;q=w_860,c_fill\" alt=\"President Donald Trump speaks with reporters before departing on Marine One from the South Lawn of the White House on April 11.\" class=\"image_large__dam-img image_large__dam-img--loading\" onload=\"this.classList.remove('image_large__dam-img--loading')\" onerror=\"imageLoadError(this)\" height=\"1668\" width=\"2502\" loading=\"lazy\"\/><\/source><\/source><\/source><\/source><\/source><\/picture>\n    <\/div>\n<\/div>\n<p class=\"paragraph-elevate inline-placeholder vossi-paragraph_elevate\" data-uri=\"cms.cnn.com\/_components\/paragraph\/instances\/cmnz9y55i000p3b6qu90pstt6@published\" data-editable=\"text\" data-component-name=\"paragraph\" data-article-gutter=\"true\">\n            Trump seems to believe he\u2019s popular abroad and argues that his displays of American power have made the United States more feared and respected than ever as the <a href=\"https:\/\/www.cnn.com\/interactive\/2026\/02\/politics\/donald-trump-sotu-address-vis\/\">\u201chottest\u201d nation<\/a> on the planet.\n    <\/p>\n<p class=\"paragraph-elevate inline-placeholder vossi-paragraph_elevate\" data-uri=\"cms.cnn.com\/_components\/paragraph\/instances\/cmnz9y55i000q3b6qh4vz45q3@published\" data-editable=\"text\" data-component-name=\"paragraph\" data-article-gutter=\"true\">\n            Treasury Secretary Scott Bessent, the tip of the spear of Trump\u2019s trade wars with allied nations, on Tuesday sought to minimize the impact of the Iran war on non-combatant nations, saying that the IMF \u201cprobably overreacted.\u201d\n    <\/p>\n<p class=\"paragraph-elevate inline-placeholder vossi-paragraph_elevate\" data-uri=\"cms.cnn.com\/_components\/paragraph\/instances\/cmnz9y55i000r3b6q7dlnrgio@published\" data-editable=\"text\" data-component-name=\"paragraph\" data-article-gutter=\"true\">\n            European leaders might be becoming more overt in their criticisms of Trump. But they have only so much rope. Their positions are frequently undercut by their greatest liability in relations with the US \u2014 <a href=\"https:\/\/www.cnn.com\/2026\/04\/14\/europe\/former-nato-chief-uk-defence-warning\">their weakened militaries<\/a>.\n    <\/p>\n<p class=\"paragraph-elevate inline-placeholder vossi-paragraph_elevate\" data-uri=\"cms.cnn.com\/_components\/paragraph\/instances\/cmnz9y55i000s3b6qbenxhqs7@published\" data-editable=\"text\" data-component-name=\"paragraph\" data-article-gutter=\"true\">\n            When Trump complained that NATO allies didn\u2019t send ships to open the Strait of Hormuz, he hit a sore point. It was not just that allied leaders didn\u2019t have the political backing to do so: Non-US NATO powers probably don\u2019t have the capability anymore to pull off such a mission after years of defense cuts.\n    <\/p>\n<p class=\"paragraph-elevate inline-placeholder vossi-paragraph_elevate\" data-uri=\"cms.cnn.com\/_components\/paragraph\/instances\/cmnz9y55i000t3b6qlkicwos3@published\" data-editable=\"text\" data-component-name=\"paragraph\" data-article-gutter=\"true\">\n            When Trump mulls withdrawing from NATO, he is playing a significant card: Serious rearmaments in Europe could break governments because of the unpopular cuts in health and social programs they would entail.\n    <\/p>\n<p class=\"paragraph-elevate inline-placeholder vossi-paragraph_elevate\" data-uri=\"cms.cnn.com\/_components\/paragraph\/instances\/cmnz9y55i000u3b6q47scezgi@published\" data-editable=\"text\" data-component-name=\"paragraph\" data-article-gutter=\"true\">\n            So even as they turn on Trump for their own political preservation, his estranged European counterparts cannot risk a total break with the United States.\n    <\/p>\n<p class=\"paragraph-elevate inline-placeholder vossi-paragraph_elevate\" data-uri=\"cms.cnn.com\/_components\/paragraph\/instances\/cmnz9y55i000v3b6qz400o7w6@published\" data-editable=\"text\" data-component-name=\"paragraph\" data-article-gutter=\"true\">\n            But the more the president demands their entry into an unpopular war, the less political room they have to help him end it.\n    <\/p>\n<p class=\"paragraph-elevate inline-placeholder vossi-paragraph_elevate\" data-uri=\"cms.cnn.com\/_components\/paragraph\/instances\/cmo06gyhs00043b6qe4g1h953@published\" data-editable=\"text\" data-component-name=\"paragraph\" data-article-gutter=\"true\">\n            <em>This story has been updated with additional information.<\/em>\n    <\/p>\n<\/p><\/div>\n<p><a href=\"https:\/\/www.cnn.com\/2026\/04\/15\/politics\/trump-iran-meloni-pope-nato-allies-imf-analysis\">Source link <\/a><br \/>\nSee more https:\/\/theglobaltrack.com\/<\/p>","protected":false},"excerpt":{"rendered":"<p>It\u2019s not their war. But it\u2019s becoming their political and economic nightmare. World leaders who opposed the US-Israeli attack on Iran are being torn between Donald Trump\u2019s ire at their failure to join the conflict and electorates who are deeply hostile to the war and America\u2019s president. Their dilemma is shifting the dynamic between the [&hellip;]<\/p>\n","protected":false},"author":1,"featured_media":108436,"comment_status":"","ping_status":"","sticky":false,"template":"","format":"standard","meta":{"googlesitekit_rrm_CAow2JLhCw:productID":"","_gspb_post_css":"","maa_idioma":"","maa_pais":"","footnotes":""},"categories":[1],"tags":[15491,6947,4918,7973,3128,6885,4800,5617],"class_list":["post-108435","post","type-post","status-publish","format-standard","has-post-thumbnail","hentry","category-ubirata","tag-allies","tag-analysis","tag-escape","tag-fallout","tag-join","tag-trumps","tag-war","tag-wont"],"blocksy_meta":[],"yoast_head":"<!-- This site is optimized with the Yoast SEO Premium plugin v27.6 (Yoast SEO v27.6) - https:\/\/yoast.com\/product\/yoast-seo-premium-wordpress\/ -->\n<title>Analysis: US allies won\u2019t join Trump\u2019s war \u2014 but they can\u2019t escape the fallout - Ubirat\u00e3 Online Not\u00edcias - A realidade ao seu alcance!<\/title>\n<meta name=\"description\" content=\"It\u2019s not their war. But it\u2019s becoming their political and economic nightmare.\" \/>\n<meta name=\"robots\" content=\"index, follow, max-snippet:-1, max-image-preview:large, max-video-preview:-1\" \/>\n<link rel=\"canonical\" href=\"https:\/\/ubirataonline.com.br\/en\/analysis-us-allies-wont-join-trumps-war-but-they-cant-escape-the-fallout\/\" \/>\n<meta property=\"og:locale\" content=\"en_US\" \/>\n<meta property=\"og:type\" content=\"article\" \/>\n<meta property=\"og:title\" content=\"Analysis: US allies won\u2019t join Trump\u2019s war \u2014 but they can\u2019t escape the fallout\" \/>\n<meta property=\"og:description\" content=\"It\u2019s not their war. But it\u2019s becoming their political and economic nightmare.\" \/>\n<meta property=\"og:url\" content=\"https:\/\/ubirataonline.com.br\/en\/analysis-us-allies-wont-join-trumps-war-but-they-cant-escape-the-fallout\/\" \/>\n<meta property=\"og:site_name\" content=\"Ubirat\u00e3 Online Not\u00edcias - A realidade ao seu alcance!\" \/>\n<meta property=\"article:publisher\" content=\"https:\/\/www.facebook.com\/portalubirataonline\" \/>\n<meta property=\"article:author\" content=\"https:\/\/www.facebook.com\/portalubirataonline\" \/>\n<meta property=\"article:published_time\" content=\"2026-04-15T23:32:46+00:00\" \/>\n<meta property=\"og:image\" content=\"https:\/\/ubirataonline.com.br\/wp-content\/uploads\/2026\/04\/Analysis-US-allies-wont-join-Trumps-war-\u2014-but-they.jpg\" \/>\n\t<meta property=\"og:image:width\" content=\"800\" \/>\n\t<meta property=\"og:image:height\" content=\"450\" \/>\n\t<meta property=\"og:image:type\" content=\"image\/jpeg\" \/>\n<meta name=\"author\" content=\"REDA\u00c7\u00c3O: UBIRAT\u00c3 ONLINE - F\u00c1BIO AUGUSTO CELESTINO\" \/>\n<meta name=\"twitter:card\" content=\"summary_large_image\" \/>\n<meta name=\"twitter:creator\" content=\"@x.com\/ubirataonline\" \/>\n<meta name=\"twitter:site\" content=\"@ubirataonline\" \/>\n<meta name=\"twitter:label1\" content=\"Written by\" \/>\n\t<meta name=\"twitter:data1\" content=\"REDA\u00c7\u00c3O: UBIRAT\u00c3 ONLINE - F\u00c1BIO AUGUSTO CELESTINO\" \/>\n\t<meta name=\"twitter:label2\" content=\"Est. reading time\" \/>\n\t<meta name=\"twitter:data2\" content=\"8 minutes\" \/>\n<script type=\"application\/ld+json\" class=\"yoast-schema-graph\">{\"@context\":\"https:\\\/\\\/schema.org\",\"@graph\":[{\"@type\":\"NewsArticle\",\"@id\":\"https:\\\/\\\/ubirataonline.com.br\\\/analysis-us-allies-wont-join-trumps-war-but-they-cant-escape-the-fallout\\\/#article\",\"isPartOf\":{\"@id\":\"https:\\\/\\\/ubirataonline.com.br\\\/analysis-us-allies-wont-join-trumps-war-but-they-cant-escape-the-fallout\\\/\"},\"author\":{\"name\":\"REDA\u00c7\u00c3O: UBIRAT\u00c3 ONLINE - F\u00c1BIO AUGUSTO CELESTINO\",\"@id\":\"https:\\\/\\\/ubirataonline.com.br\\\/#\\\/schema\\\/person\\\/372f87bbd3fdd79b8556b84c98d0bc1c\"},\"headline\":\"Analysis: US allies won\u2019t join Trump\u2019s war \u2014 but they can\u2019t escape the fallout\",\"datePublished\":\"2026-04-15T23:32:46+00:00\",\"mainEntityOfPage\":{\"@id\":\"https:\\\/\\\/ubirataonline.com.br\\\/analysis-us-allies-wont-join-trumps-war-but-they-cant-escape-the-fallout\\\/\"},\"wordCount\":1530,\"publisher\":{\"@id\":\"https:\\\/\\\/ubirataonline.com.br\\\/#organization\"},\"image\":{\"@id\":\"https:\\\/\\\/ubirataonline.com.br\\\/analysis-us-allies-wont-join-trumps-war-but-they-cant-escape-the-fallout\\\/#primaryimage\"},\"thumbnailUrl\":\"https:\\\/\\\/ubirataonline.com.br\\\/wp-content\\\/uploads\\\/2026\\\/04\\\/Analysis-US-allies-wont-join-Trumps-war-\u2014-but-they.jpg\",\"keywords\":[\"allies\",\"Analysis\",\"escape\",\"Fallout\",\"join\",\"Trumps\",\"war\",\"wont\"],\"articleSection\":[\"Ubirat\u00e3\"],\"inLanguage\":\"en-US\",\"copyrightYear\":\"2026\",\"copyrightHolder\":{\"@id\":\"https:\\\/\\\/ubirataonline.com.br\\\/en\\\/#organization\"}},{\"@type\":\"WebPage\",\"@id\":\"https:\\\/\\\/ubirataonline.com.br\\\/analysis-us-allies-wont-join-trumps-war-but-they-cant-escape-the-fallout\\\/\",\"url\":\"https:\\\/\\\/ubirataonline.com.br\\\/analysis-us-allies-wont-join-trumps-war-but-they-cant-escape-the-fallout\\\/\",\"name\":\"Analysis: US allies won\u2019t join Trump\u2019s war \u2014 but they can\u2019t escape the fallout - Ubirat\u00e3 Online Not\u00edcias - A realidade ao seu alcance!\",\"isPartOf\":{\"@id\":\"https:\\\/\\\/ubirataonline.com.br\\\/#website\"},\"primaryImageOfPage\":{\"@id\":\"https:\\\/\\\/ubirataonline.com.br\\\/analysis-us-allies-wont-join-trumps-war-but-they-cant-escape-the-fallout\\\/#primaryimage\"},\"image\":{\"@id\":\"https:\\\/\\\/ubirataonline.com.br\\\/analysis-us-allies-wont-join-trumps-war-but-they-cant-escape-the-fallout\\\/#primaryimage\"},\"thumbnailUrl\":\"https:\\\/\\\/ubirataonline.com.br\\\/wp-content\\\/uploads\\\/2026\\\/04\\\/Analysis-US-allies-wont-join-Trumps-war-\u2014-but-they.jpg\",\"datePublished\":\"2026-04-15T23:32:46+00:00\",\"description\":\"It\u2019s not their war. But it\u2019s becoming their political and economic nightmare.\",\"breadcrumb\":{\"@id\":\"https:\\\/\\\/ubirataonline.com.br\\\/analysis-us-allies-wont-join-trumps-war-but-they-cant-escape-the-fallout\\\/#breadcrumb\"},\"inLanguage\":\"en-US\",\"potentialAction\":[{\"@type\":\"ReadAction\",\"target\":[\"https:\\\/\\\/ubirataonline.com.br\\\/analysis-us-allies-wont-join-trumps-war-but-they-cant-escape-the-fallout\\\/\"]}]},{\"@type\":\"ImageObject\",\"inLanguage\":\"en-US\",\"@id\":\"https:\\\/\\\/ubirataonline.com.br\\\/analysis-us-allies-wont-join-trumps-war-but-they-cant-escape-the-fallout\\\/#primaryimage\",\"url\":\"https:\\\/\\\/ubirataonline.com.br\\\/wp-content\\\/uploads\\\/2026\\\/04\\\/Analysis-US-allies-wont-join-Trumps-war-\u2014-but-they.jpg\",\"contentUrl\":\"https:\\\/\\\/ubirataonline.com.br\\\/wp-content\\\/uploads\\\/2026\\\/04\\\/Analysis-US-allies-wont-join-Trumps-war-\u2014-but-they.jpg\",\"width\":800,\"height\":450,\"caption\":\"Annabelle Gordon\\\/Reuters\"},{\"@type\":\"BreadcrumbList\",\"@id\":\"https:\\\/\\\/ubirataonline.com.br\\\/analysis-us-allies-wont-join-trumps-war-but-they-cant-escape-the-fallout\\\/#breadcrumb\",\"itemListElement\":[{\"@type\":\"ListItem\",\"position\":1,\"name\":\"In\u00edcio\",\"item\":\"https:\\\/\\\/ubirataonline.com.br\\\/\"},{\"@type\":\"ListItem\",\"position\":2,\"name\":\"Analysis: US allies won\u2019t join Trump\u2019s war \u2014 but they can\u2019t escape the fallout\"}]},{\"@type\":\"WebSite\",\"@id\":\"https:\\\/\\\/ubirataonline.com.br\\\/#website\",\"url\":\"https:\\\/\\\/ubirataonline.com.br\\\/\",\"name\":\"Ubirat\u00e3 Online Not\u00edcias\",\"description\":\"Not\u00edcias de Ubirat\u00e3, regi\u00e3o, Brasil e mundo, com informa\u00e7\u00e3o atualizada e compromisso com o leitor.\",\"publisher\":{\"@id\":\"https:\\\/\\\/ubirataonline.com.br\\\/#organization\"},\"alternateName\":\"Ubirat\u00e3 Online\",\"potentialAction\":[{\"@type\":\"SearchAction\",\"target\":{\"@type\":\"EntryPoint\",\"urlTemplate\":\"https:\\\/\\\/ubirataonline.com.br\\\/?s={search_term_string}\"},\"query-input\":{\"@type\":\"PropertyValueSpecification\",\"valueRequired\":true,\"valueName\":\"search_term_string\"}}],\"inLanguage\":\"en-US\"},{\"@type\":[\"Organization\",\"Place\"],\"@id\":\"https:\\\/\\\/ubirataonline.com.br\\\/#organization\",\"name\":\"Ubirat\u00e3 Online Not\u00edcias\",\"alternateName\":\"Ubirat\u00e3 Online\",\"url\":\"https:\\\/\\\/ubirataonline.com.br\\\/\",\"logo\":{\"@id\":\"https:\\\/\\\/ubirataonline.com.br\\\/analysis-us-allies-wont-join-trumps-war-but-they-cant-escape-the-fallout\\\/#local-main-organization-logo\"},\"image\":{\"@id\":\"https:\\\/\\\/ubirataonline.com.br\\\/analysis-us-allies-wont-join-trumps-war-but-they-cant-escape-the-fallout\\\/#local-main-organization-logo\"},\"sameAs\":[\"https:\\\/\\\/www.facebook.com\\\/portalubirataonline\",\"https:\\\/\\\/x.com\\\/ubirataonline\",\"https:\\\/\\\/mastodon.social\\\/@ubirataonline\",\"https:\\\/\\\/www.facebook.com\\\/groups\\\/311144672285604\",\"https:\\\/\\\/www.facebook.com\\\/UBTAOnline\",\"https:\\\/\\\/www.instagram.com\\\/portalubirataonline\\\/\",\"https:\\\/\\\/twitter.com\\\/ubirataonline\"],\"description\":\"Somos um portal de not\u00edcias independente, criado em 5 de janeiro de 2009, com o objetivo de informar, conectar e valorizar a nossa comunidade de Ubirat\u00e3 e toda aregi\u00e3o. Com conte\u00fado atualizado, confi\u00e1vel e relevante, o Ubirat\u00e3 Online \u00e9 o seu espa\u00e7o para ficar por dentro dos principais acontecimentos locais, regionais, Brasil, Mundo e de interesse geral. Nosso compromisso \u00e9 com a verdade, a transpar\u00eancia e o respeito ao leitor.\",\"legalName\":\"UBIRATA ONLINE NOT\u00cdCIAS\",\"foundingDate\":\"2009-01-05\",\"numberOfEmployees\":{\"@type\":\"QuantitativeValue\",\"minValue\":\"1\",\"maxValue\":\"10\"},\"publishingPrinciples\":\"https:\\\/\\\/ubirataonline.com.br\\\/faq\\\/\",\"address\":{\"@id\":\"https:\\\/\\\/ubirataonline.com.br\\\/analysis-us-allies-wont-join-trumps-war-but-they-cant-escape-the-fallout\\\/#local-main-place-address\"},\"geo\":{\"@type\":\"GeoCoordinates\",\"latitude\":\"-24.5361401\",\"longitude\":\"-52.9921776\"},\"telephone\":[\"+5544998308235\"],\"contactPoint\":{\"@type\":\"ContactPoint\",\"email\":\"contato@ubirataonline.com.br\"},\"openingHoursSpecification\":{\"@type\":\"OpeningHoursSpecification\",\"dayOfWeek\":[\"Monday\",\"Tuesday\",\"Wednesday\",\"Thursday\",\"Friday\",\"Saturday\",\"Sunday\"],\"opens\":\"00:00\",\"closes\":\"23:59\"},\"email\":\"contato@ubirataonline.com.br\",\"vatID\":\"47.621.418\\\/0001-80\"},{\"@type\":\"Person\",\"@id\":\"https:\\\/\\\/ubirataonline.com.br\\\/#\\\/schema\\\/person\\\/372f87bbd3fdd79b8556b84c98d0bc1c\",\"name\":\"REDA\u00c7\u00c3O: UBIRAT\u00c3 ONLINE - F\u00c1BIO AUGUSTO CELESTINO\",\"pronouns\":\"Ele\",\"description\":\"Desde 2003 trabalhando com not\u00edcias.\",\"sameAs\":[\"http:\\\/\\\/ubirataoline.com.br\",\"https:\\\/\\\/www.facebook.com\\\/portalubirataonline\",\"https:\\\/\\\/www.instagram.com\\\/ubirataonline_oficial\",\"https:\\\/\\\/x.com\\\/x.com\\\/ubirataonline\"],\"honorificPrefix\":\"Mr.\",\"honorificSuffix\":\"MD\",\"birthDate\":\"1980-06-16\",\"gender\":\"masculino\",\"award\":[\"V\u00e1rios pr\u00eamios de melhor portal da cidade\"],\"jobTitle\":\"Diretor\",\"url\":\"https:\\\/\\\/ubirataonline.com.br\\\/en\\\/author\\\/ubirataonline\\\/\"},{\"@type\":\"PostalAddress\",\"@id\":\"https:\\\/\\\/ubirataonline.com.br\\\/analysis-us-allies-wont-join-trumps-war-but-they-cant-escape-the-fallout\\\/#local-main-place-address\",\"streetAddress\":\"Rua dos Coqueiros, 104 - Bairro Boa Vista, Rua dos Coqueiros, 104 Bairro Boa Vista\",\"addressLocality\":\"UBIRATA\",\"postalCode\":\"85440-000\",\"addressRegion\":\"PR\",\"addressCountry\":\"BR\"},{\"@type\":\"ImageObject\",\"inLanguage\":\"en-US\",\"@id\":\"https:\\\/\\\/ubirataonline.com.br\\\/analysis-us-allies-wont-join-trumps-war-but-they-cant-escape-the-fallout\\\/#local-main-organization-logo\",\"url\":\"https:\\\/\\\/ubirataonline.com.br\\\/wp-content\\\/uploads\\\/2026\\\/06\\\/logoubirataonline-1.webp\",\"contentUrl\":\"https:\\\/\\\/ubirataonline.com.br\\\/wp-content\\\/uploads\\\/2026\\\/06\\\/logoubirataonline-1.webp\",\"width\":500,\"height\":500,\"caption\":\"Ubirat\u00e3 Online Not\u00edcias\"}]}<\/script>\n<meta name=\"geo.placename\" content=\"UBIRATA\" \/>\n<meta name=\"geo.position\" content=\"-24.5361401;-52.9921776\" \/>\n<meta name=\"geo.region\" content=\"Brazil\" \/>\n<!-- \/ Yoast SEO Premium plugin. -->","yoast_head_json":{"title":"Analysis: US allies won\u2019t join Trump\u2019s war \u2014 but they can\u2019t escape the fallout - Ubirat\u00e3 Online Not\u00edcias - A realidade ao seu alcance!","description":"It\u2019s not their war. But it\u2019s becoming their political and economic nightmare.","robots":{"index":"index","follow":"follow","max-snippet":"max-snippet:-1","max-image-preview":"max-image-preview:large","max-video-preview":"max-video-preview:-1"},"canonical":"https:\/\/ubirataonline.com.br\/en\/analysis-us-allies-wont-join-trumps-war-but-they-cant-escape-the-fallout\/","og_locale":"en_US","og_type":"article","og_title":"Analysis: US allies won\u2019t join Trump\u2019s war \u2014 but they can\u2019t escape the fallout","og_description":"It\u2019s not their war. But it\u2019s becoming their political and economic nightmare.","og_url":"https:\/\/ubirataonline.com.br\/en\/analysis-us-allies-wont-join-trumps-war-but-they-cant-escape-the-fallout\/","og_site_name":"Ubirat\u00e3 Online Not\u00edcias - A realidade ao seu alcance!","article_publisher":"https:\/\/www.facebook.com\/portalubirataonline","article_author":"https:\/\/www.facebook.com\/portalubirataonline","article_published_time":"2026-04-15T23:32:46+00:00","og_image":[{"width":800,"height":450,"url":"https:\/\/ubirataonline.com.br\/wp-content\/uploads\/2026\/04\/Analysis-US-allies-wont-join-Trumps-war-\u2014-but-they.jpg","type":"image\/jpeg"}],"author":"REDA\u00c7\u00c3O: UBIRAT\u00c3 ONLINE - F\u00c1BIO AUGUSTO CELESTINO","twitter_card":"summary_large_image","twitter_creator":"@x.com\/ubirataonline","twitter_site":"@ubirataonline","twitter_misc":{"Written by":"REDA\u00c7\u00c3O: UBIRAT\u00c3 ONLINE - F\u00c1BIO AUGUSTO CELESTINO","Est. reading time":"8 minutes"},"schema":{"@context":"https:\/\/schema.org","@graph":[{"@type":"NewsArticle","@id":"https:\/\/ubirataonline.com.br\/analysis-us-allies-wont-join-trumps-war-but-they-cant-escape-the-fallout\/#article","isPartOf":{"@id":"https:\/\/ubirataonline.com.br\/analysis-us-allies-wont-join-trumps-war-but-they-cant-escape-the-fallout\/"},"author":{"name":"REDA\u00c7\u00c3O: UBIRAT\u00c3 ONLINE - F\u00c1BIO AUGUSTO CELESTINO","@id":"https:\/\/ubirataonline.com.br\/#\/schema\/person\/372f87bbd3fdd79b8556b84c98d0bc1c"},"headline":"Analysis: US allies won\u2019t join Trump\u2019s war \u2014 but they can\u2019t escape the fallout","datePublished":"2026-04-15T23:32:46+00:00","mainEntityOfPage":{"@id":"https:\/\/ubirataonline.com.br\/analysis-us-allies-wont-join-trumps-war-but-they-cant-escape-the-fallout\/"},"wordCount":1530,"publisher":{"@id":"https:\/\/ubirataonline.com.br\/#organization"},"image":{"@id":"https:\/\/ubirataonline.com.br\/analysis-us-allies-wont-join-trumps-war-but-they-cant-escape-the-fallout\/#primaryimage"},"thumbnailUrl":"https:\/\/ubirataonline.com.br\/wp-content\/uploads\/2026\/04\/Analysis-US-allies-wont-join-Trumps-war-\u2014-but-they.jpg","keywords":["allies","Analysis","escape","Fallout","join","Trumps","war","wont"],"articleSection":["Ubirat\u00e3"],"inLanguage":"en-US","copyrightYear":"2026","copyrightHolder":{"@id":"https:\/\/ubirataonline.com.br\/en\/#organization"}},{"@type":"WebPage","@id":"https:\/\/ubirataonline.com.br\/analysis-us-allies-wont-join-trumps-war-but-they-cant-escape-the-fallout\/","url":"https:\/\/ubirataonline.com.br\/analysis-us-allies-wont-join-trumps-war-but-they-cant-escape-the-fallout\/","name":"Analysis: US allies won\u2019t join Trump\u2019s war \u2014 but they can\u2019t escape the fallout - Ubirat\u00e3 Online Not\u00edcias - A realidade ao seu alcance!","isPartOf":{"@id":"https:\/\/ubirataonline.com.br\/#website"},"primaryImageOfPage":{"@id":"https:\/\/ubirataonline.com.br\/analysis-us-allies-wont-join-trumps-war-but-they-cant-escape-the-fallout\/#primaryimage"},"image":{"@id":"https:\/\/ubirataonline.com.br\/analysis-us-allies-wont-join-trumps-war-but-they-cant-escape-the-fallout\/#primaryimage"},"thumbnailUrl":"https:\/\/ubirataonline.com.br\/wp-content\/uploads\/2026\/04\/Analysis-US-allies-wont-join-Trumps-war-\u2014-but-they.jpg","datePublished":"2026-04-15T23:32:46+00:00","description":"It\u2019s not their war. But it\u2019s becoming their political and economic nightmare.","breadcrumb":{"@id":"https:\/\/ubirataonline.com.br\/analysis-us-allies-wont-join-trumps-war-but-they-cant-escape-the-fallout\/#breadcrumb"},"inLanguage":"en-US","potentialAction":[{"@type":"ReadAction","target":["https:\/\/ubirataonline.com.br\/analysis-us-allies-wont-join-trumps-war-but-they-cant-escape-the-fallout\/"]}]},{"@type":"ImageObject","inLanguage":"en-US","@id":"https:\/\/ubirataonline.com.br\/analysis-us-allies-wont-join-trumps-war-but-they-cant-escape-the-fallout\/#primaryimage","url":"https:\/\/ubirataonline.com.br\/wp-content\/uploads\/2026\/04\/Analysis-US-allies-wont-join-Trumps-war-\u2014-but-they.jpg","contentUrl":"https:\/\/ubirataonline.com.br\/wp-content\/uploads\/2026\/04\/Analysis-US-allies-wont-join-Trumps-war-\u2014-but-they.jpg","width":800,"height":450,"caption":"Annabelle Gordon\/Reuters"},{"@type":"BreadcrumbList","@id":"https:\/\/ubirataonline.com.br\/analysis-us-allies-wont-join-trumps-war-but-they-cant-escape-the-fallout\/#breadcrumb","itemListElement":[{"@type":"ListItem","position":1,"name":"In\u00edcio","item":"https:\/\/ubirataonline.com.br\/"},{"@type":"ListItem","position":2,"name":"Analysis: US allies won\u2019t join Trump\u2019s war \u2014 but they can\u2019t escape the fallout"}]},{"@type":"WebSite","@id":"https:\/\/ubirataonline.com.br\/#website","url":"https:\/\/ubirataonline.com.br\/","name":"Ubirat\u00e3 Online Not\u00edcias","description":"Not\u00edcias de Ubirat\u00e3, regi\u00e3o, Brasil e mundo, com informa\u00e7\u00e3o atualizada e compromisso com o leitor.","publisher":{"@id":"https:\/\/ubirataonline.com.br\/#organization"},"alternateName":"Ubirat\u00e3 Online","potentialAction":[{"@type":"SearchAction","target":{"@type":"EntryPoint","urlTemplate":"https:\/\/ubirataonline.com.br\/?s={search_term_string}"},"query-input":{"@type":"PropertyValueSpecification","valueRequired":true,"valueName":"search_term_string"}}],"inLanguage":"en-US"},{"@type":["Organization","Place"],"@id":"https:\/\/ubirataonline.com.br\/#organization","name":"Ubirat\u00e3 Online Not\u00edcias","alternateName":"Ubirat\u00e3 Online","url":"https:\/\/ubirataonline.com.br\/","logo":{"@id":"https:\/\/ubirataonline.com.br\/analysis-us-allies-wont-join-trumps-war-but-they-cant-escape-the-fallout\/#local-main-organization-logo"},"image":{"@id":"https:\/\/ubirataonline.com.br\/analysis-us-allies-wont-join-trumps-war-but-they-cant-escape-the-fallout\/#local-main-organization-logo"},"sameAs":["https:\/\/www.facebook.com\/portalubirataonline","https:\/\/x.com\/ubirataonline","https:\/\/mastodon.social\/@ubirataonline","https:\/\/www.facebook.com\/groups\/311144672285604","https:\/\/www.facebook.com\/UBTAOnline","https:\/\/www.instagram.com\/portalubirataonline\/","https:\/\/twitter.com\/ubirataonline"],"description":"Somos um portal de not\u00edcias independente, criado em 5 de janeiro de 2009, com o objetivo de informar, conectar e valorizar a nossa comunidade de Ubirat\u00e3 e toda aregi\u00e3o. Com conte\u00fado atualizado, confi\u00e1vel e relevante, o Ubirat\u00e3 Online \u00e9 o seu espa\u00e7o para ficar por dentro dos principais acontecimentos locais, regionais, Brasil, Mundo e de interesse geral. Nosso compromisso \u00e9 com a verdade, a transpar\u00eancia e o respeito ao leitor.","legalName":"UBIRATA ONLINE NOT\u00cdCIAS","foundingDate":"2009-01-05","numberOfEmployees":{"@type":"QuantitativeValue","minValue":"1","maxValue":"10"},"publishingPrinciples":"https:\/\/ubirataonline.com.br\/faq\/","address":{"@id":"https:\/\/ubirataonline.com.br\/analysis-us-allies-wont-join-trumps-war-but-they-cant-escape-the-fallout\/#local-main-place-address"},"geo":{"@type":"GeoCoordinates","latitude":"-24.5361401","longitude":"-52.9921776"},"telephone":["+5544998308235"],"contactPoint":{"@type":"ContactPoint","email":"contato@ubirataonline.com.br"},"openingHoursSpecification":{"@type":"OpeningHoursSpecification","dayOfWeek":["Monday","Tuesday","Wednesday","Thursday","Friday","Saturday","Sunday"],"opens":"00:00","closes":"23:59"},"email":"contato@ubirataonline.com.br","vatID":"47.621.418\/0001-80"},{"@type":"Person","@id":"https:\/\/ubirataonline.com.br\/#\/schema\/person\/372f87bbd3fdd79b8556b84c98d0bc1c","name":"REDA\u00c7\u00c3O: UBIRAT\u00c3 ONLINE - F\u00c1BIO AUGUSTO CELESTINO","pronouns":"Ele","description":"Desde 2003 trabalhando com not\u00edcias.","sameAs":["http:\/\/ubirataoline.com.br","https:\/\/www.facebook.com\/portalubirataonline","https:\/\/www.instagram.com\/ubirataonline_oficial","https:\/\/x.com\/x.com\/ubirataonline"],"honorificPrefix":"Mr.","honorificSuffix":"MD","birthDate":"1980-06-16","gender":"masculino","award":["V\u00e1rios pr\u00eamios de melhor portal da cidade"],"jobTitle":"Diretor","url":"https:\/\/ubirataonline.com.br\/en\/author\/ubirataonline\/"},{"@type":"PostalAddress","@id":"https:\/\/ubirataonline.com.br\/analysis-us-allies-wont-join-trumps-war-but-they-cant-escape-the-fallout\/#local-main-place-address","streetAddress":"Rua dos Coqueiros, 104 - Bairro Boa Vista, Rua dos Coqueiros, 104 Bairro Boa Vista","addressLocality":"UBIRATA","postalCode":"85440-000","addressRegion":"PR","addressCountry":"BR"},{"@type":"ImageObject","inLanguage":"en-US","@id":"https:\/\/ubirataonline.com.br\/analysis-us-allies-wont-join-trumps-war-but-they-cant-escape-the-fallout\/#local-main-organization-logo","url":"https:\/\/ubirataonline.com.br\/wp-content\/uploads\/2026\/06\/logoubirataonline-1.webp","contentUrl":"https:\/\/ubirataonline.com.br\/wp-content\/uploads\/2026\/06\/logoubirataonline-1.webp","width":500,"height":500,"caption":"Ubirat\u00e3 Online Not\u00edcias"}]},"geo.placename":"UBIRATA","geo.position":{"lat":"-24.5361401","long":"-52.9921776"},"geo.region":"Brazil"},"_links":{"self":[{"href":"https:\/\/ubirataonline.com.br\/en\/wp-json\/wp\/v2\/posts\/108435","targetHints":{"allow":["GET"]}}],"collection":[{"href":"https:\/\/ubirataonline.com.br\/en\/wp-json\/wp\/v2\/posts"}],"about":[{"href":"https:\/\/ubirataonline.com.br\/en\/wp-json\/wp\/v2\/types\/post"}],"author":[{"embeddable":true,"href":"https:\/\/ubirataonline.com.br\/en\/wp-json\/wp\/v2\/users\/1"}],"replies":[{"embeddable":true,"href":"https:\/\/ubirataonline.com.br\/en\/wp-json\/wp\/v2\/comments?post=108435"}],"version-history":[{"count":0,"href":"https:\/\/ubirataonline.com.br\/en\/wp-json\/wp\/v2\/posts\/108435\/revisions"}],"wp:featuredmedia":[{"embeddable":true,"href":"https:\/\/ubirataonline.com.br\/en\/wp-json\/wp\/v2\/media\/108436"}],"wp:attachment":[{"href":"https:\/\/ubirataonline.com.br\/en\/wp-json\/wp\/v2\/media?parent=108435"}],"wp:term":[{"taxonomy":"category","embeddable":true,"href":"https:\/\/ubirataonline.com.br\/en\/wp-json\/wp\/v2\/categories?post=108435"},{"taxonomy":"post_tag","embeddable":true,"href":"https:\/\/ubirataonline.com.br\/en\/wp-json\/wp\/v2\/tags?post=108435"}],"curies":[{"name":"wp","href":"https:\/\/api.w.org\/{rel}","templated":true}]}}