{"id":108522,"date":"2026-04-15T22:28:05","date_gmt":"2026-04-16T01:28:05","guid":{"rendered":"https:\/\/ubirataonline.com.br\/jalen-rose-denies-wearing-hairpiece-after-steve-harvey-comparison\/"},"modified":"2026-04-15T22:28:08","modified_gmt":"2026-04-16T01:28:08","slug":"jalen-rose-denies-wearing-hairpiece-after-steve-harvey-comparison","status":"publish","type":"post","link":"https:\/\/ubirataonline.com.br\/en\/jalen-rose-denies-wearing-hairpiece-after-steve-harvey-comparison\/","title":{"rendered":"Jalen Rose Denies Wearing Hairpiece After Steve Harvey Comparison"},"content":{"rendered":"<p><br \/>\n<\/p>\n<div data-article-body=\"true\">\n<p class=\"mb-4 text-lg md:leading-8 break-words\"><a class=\"link\" href=\"https:\/\/www.complex.com\/tag\/jalen-rose\" rel=\"nofollow noopener\" target=\"_blank\" data-ylk=\"slk:Jalen Rose;elm:context_link;itc:0;sec:content-canvas\" data-yga=\"{&quot;yLinkElement&quot;:&quot;context_link&quot;,&quot;yModuleName&quot;:&quot;content-canvas&quot;,&quot;yLinkText&quot;:&quot;Jalen Rose&quot;}\">Jalen Rose<\/a> is making it clear he\u2019s not here for the jokes.<\/p>\n<p class=\"mb-4 text-lg md:leading-8 break-words\">The former<a class=\"link\" href=\"https:\/\/www.complex.com\/tag\/nba\" rel=\"nofollow noopener\" target=\"_blank\" data-ylk=\"slk:NBA;elm:context_link;itc:0;sec:content-canvas\" data-yga=\"{&quot;yLinkElement&quot;:&quot;context_link&quot;,&quot;yModuleName&quot;:&quot;content-canvas&quot;,&quot;yLinkText&quot;:&quot;NBA&quot;}\"> NBA<\/a> player and current analyst responded directly to a social media comment that compared him to<a class=\"link\" href=\"https:\/\/www.complex.com\/tag\/steve-harvey\" rel=\"nofollow noopener\" target=\"_blank\" data-ylk=\"slk:Steve Harvey;elm:context_link;itc:0;sec:content-canvas\" data-yga=\"{&quot;yLinkElement&quot;:&quot;context_link&quot;,&quot;yModuleName&quot;:&quot;content-canvas&quot;,&quot;yLinkText&quot;:&quot;Steve Harvey&quot;}\"> Steve Harvey<\/a> and questioned whether he wears a hairpiece. The exchange, which quickly gained traction online, began when a user referenced the long-running conversation about Harvey\u2019s hair and suggested that Rose might fall into a similar category.<\/p>\n<p class=\"mb-4 text-lg md:leading-8 break-words\">\u201cYall remember how we found out Steve Harvey was wearing a hair piece?? I think Jalen Rose is too,\u201d wrote the fan; however, Rose didn\u2019t entertain the comparison for long.<\/p>\n<p class=\"mb-4 text-lg md:leading-8 break-words\">\u201cI would never. You clearly don\u2019t know where I\u2019m from,\u201d Rose wrote in response, firmly shutting down the speculation.<\/p>\n<p class=\"mb-4 text-lg md:leading-8 break-words\"><a href=\"https:\/\/www.complex.com\/shop?utm_source=yahoo&amp;utm_medium=syndication&amp;utm_campaign=shop2025\" rel=\"nofollow noopener\" target=\"_blank\" data-ylk=\"slk:COMPLEX SHOP: Shop the brands you love, anytime and anywhere. Uncover what's next. Buy. Collect. Obsess.;elm:context_link;itc:0;sec:content-canvas\" data-yga=\"{&quot;yLinkElement&quot;:&quot;context_link&quot;,&quot;yModuleName&quot;:&quot;content-canvas&quot;,&quot;yLinkText&quot;:&quot;COMPLEX SHOP&quot;}\" class=\"link\"><b>COMPLEX SHOP:<\/b> Shop the brands you love, anytime and anywhere. Uncover what&#8217;s next. Buy. Collect. Obsess.<\/a><\/p>\n<p class=\"mb-4 text-lg md:leading-8 break-words\">The reply struck a tone that blended humor with pride, as Rose leaned into his Detroit roots while dismissing the idea outright. The mention of Steve Harvey adds another layer to the moment, as the comedian and TV host has been the subject of public discussion about his hair for years, something that\u2019s become part of pop culture lore.<\/p>\n<p class=\"mb-4 text-lg md:leading-8 break-words\">It\u2019s unclear what the fan meant by people finding out Harvey wore a hair piece as the comedian never confirmed or denied having one. However, in 2016, Harvey<a href=\"https:\/\/youtu.be\/fc29G0EUFmY?si=jPgHcLGtFDa1H842\" rel=\"nofollow noopener\" target=\"_blank\" data-ylk=\"slk:revealed he shaved his head to reinvent his look while also advocating for baldness;elm:context_link;itc:0;sec:content-canvas\" data-yga=\"{&quot;yLinkElement&quot;:&quot;context_link&quot;,&quot;yModuleName&quot;:&quot;content-canvas&quot;,&quot;yLinkText&quot;:&quot;revealed he shaved his head to reinvent his look while also advocating for baldness&quot;}\" class=\"link\"> revealed he shaved his head to reinvent his look while also advocating for baldness<\/a>.<\/p>\n<p class=\"mb-4 text-lg md:leading-8 break-words\">For Rose, though, the message was simple: whatever assumptions are being made about fake hair do not apply to him.<\/p>\n<h3 class=\"mb-4 text-lg font-bold\">Related News<\/h3>\n<figure class=\"relative mb-4\"><a data-ylk=\"ct:story;elm:img;itc:0;\" class=\"stretched-box\" href=\"https:\/\/www.complex.com\/sports\/a\/bernadette-giacomazzo\/jalen-rose-slavery-nba\" rel=\"noopener noreferrer nofollow\" target=\"_blank\"><\/p>\n<div class=\"relative\"><\/div>\n<p><\/a><figcaption class=\"relative text-sm mt-1 pr-2.5\">\n<p><span>Jalen Rose Says There&#8217;s &#8216;A Residue of Slavery&#8217; in the NBA<\/span><\/p>\n<\/figcaption><\/figure>\n<figure class=\"relative mb-4\"><a data-ylk=\"ct:story;elm:img;itc:0;\" class=\"stretched-box\" href=\"https:\/\/www.complex.com\/sports\/a\/jose-martinez\/jalen-rose-responds-rainey-ovalle-viral-song\" rel=\"noopener noreferrer nofollow\" target=\"_blank\"><\/p>\n<div class=\"relative\"><img alt=\"Jalen Rose.\" loading=\"lazy\" width=\"960\" height=\"540\" decoding=\"async\" data-nimg=\"1\" class=\"rounded-lg\" style=\"color:transparent\" src=\"https:\/\/s.yimg.com\/ny\/api\/res\/1.2\/6AXZfxkS.opUfWgOSGm2hg--\/YXBwaWQ9aGlnaGxhbmRlcjt3PTk2MDtoPTU0MDtjZj13ZWJw\/https:\/\/media.zenfs.com\/en\/complex_131\/04ea5dd03059b16b6ff7a52754c9ab24\"\/><\/div>\n<p><\/a><figcaption class=\"relative text-sm mt-1 pr-2.5\">\n<p><span>Jalen Rose Responds to Rainey Ovalle&#8217;s Viral &#8220;Jalen Invasion&#8221; Song<\/span><\/p>\n<\/figcaption><\/figure>\n<figure class=\"relative mb-4\"><a data-ylk=\"ct:story;elm:img;itc:0;\" class=\"stretched-box\" href=\"https:\/\/www.complex.com\/music\/a\/markelibert\/rainey-ovalle-jalen-invasion-track\" rel=\"noopener noreferrer nofollow\" target=\"_blank\"><\/p>\n<div class=\"relative\"><img alt=\"Rainey Ovalle in a black hoodie and cap is on the left. On the right, a collage of NBA players, including Jalen Rose, is displayed.\" loading=\"lazy\" width=\"960\" height=\"540\" decoding=\"async\" data-nimg=\"1\" class=\"rounded-lg\" style=\"color:transparent\" src=\"https:\/\/s.yimg.com\/ny\/api\/res\/1.2\/i2vEpP4GfuzOTEZvQxRp8g--\/YXBwaWQ9aGlnaGxhbmRlcjt3PTk2MDtoPTU0MDtjZj13ZWJw\/https:\/\/media.zenfs.com\/en\/complex_131\/abc50a348d2d8d6925b9188e3e0266f0\"\/><\/div>\n<p><\/a><figcaption class=\"relative text-sm mt-1 pr-2.5\">\n<p><span>How Many F*cking Jalens Are in the NBA? 600? 5 Million? Viral Song Investigates<\/span><\/p>\n<\/figcaption><\/figure>\n<h2 class=\"mb-4 text-xl font-bold md:text-2xl\"><b>Related News<\/b><\/h2>\n<p class=\"mb-4 text-lg md:leading-8 break-words\"><b><i><a href=\"https:\/\/sports.yahoo.com\/articles\/geno-auriemma-apologizes-dawn-staley-190603452.html\" data-ylk=\"slk:Geno Auriemma Apologizes to Dawn Staley After Final Four Incident;elm:context_link;itc:0;sec:content-canvas;outcm:mb_qualified_link;_E:mb_qualified_link;ct:story;\" data-yga=\"{&quot;yLinkElement&quot;:&quot;context_link&quot;,&quot;yModuleName&quot;:&quot;content-canvas&quot;,&quot;yLinkText&quot;:&quot;Geno Auriemma Apologizes to Dawn Staley After Final Four Incident&quot;}\" class=\"link  yahoo-link\">Geno Auriemma Apologizes to Dawn Staley After Final Four Incident<\/a><\/i><\/b><\/p>\n<p class=\"mb-4 text-lg md:leading-8 break-words\"><b><i><a href=\"https:\/\/sports.yahoo.com\/articles\/deontay-wilder-sued-ex-fianc-181129104.html\" data-ylk=\"slk:Deontay Wilder Sued by Ex-Fianc\u00e9e\u2019s Son Days Before Chisora Fight;elm:context_link;itc:0;sec:content-canvas;outcm:mb_qualified_link;_E:mb_qualified_link;ct:story;\" data-yga=\"{&quot;yLinkElement&quot;:&quot;context_link&quot;,&quot;yModuleName&quot;:&quot;content-canvas&quot;,&quot;yLinkText&quot;:&quot;Deontay Wilder Sued by Ex-Fianc\u00e9e\u2019s Son Days Before Chisora Fight&quot;}\" class=\"link  yahoo-link\">Deontay Wilder Sued by Ex-Fianc\u00e9e\u2019s Son Days Before Chisora Fight<\/a><\/i><\/b><\/p>\n<p class=\"mb-4 text-lg md:leading-8 break-words\"><a href=\"https:\/\/www.complex.com\/shop?utm_source=yahoo&amp;utm_medium=syndication&amp;utm_campaign=shop2025\" rel=\"nofollow noopener\" target=\"_blank\" data-ylk=\"slk:COMPLEX SHOP: Shop the brands you love, anytime and anywhere. Uncover what's next. Buy. Collect. Obsess.;elm:context_link;itc:0;sec:content-canvas\" data-yga=\"{&quot;yLinkElement&quot;:&quot;context_link&quot;,&quot;yModuleName&quot;:&quot;content-canvas&quot;,&quot;yLinkText&quot;:&quot;COMPLEX SHOP&quot;}\" class=\"link\"><b>COMPLEX SHOP:<\/b> Shop the brands you love, anytime and anywhere. Uncover what&#8217;s next. Buy. Collect. Obsess.<\/a><\/p>\n<p class=\"mb-4 text-lg md:leading-8 break-words\"><a href=\"https:\/\/www.complex.com\/newsletters?utm_source=yahoo&amp;utm_medium=referral&amp;utm_campaign=newsletter_cta5\" rel=\"nofollow noopener\" target=\"_blank\" data-ylk=\"slk:Making Culture Pop. Find the latest entertainment news and the best in music, pop culture, sneakers, style and original shows.;elm:context_link;itc:0;sec:content-canvas\" data-yga=\"{&quot;yLinkElement&quot;:&quot;context_link&quot;,&quot;yModuleName&quot;:&quot;content-canvas&quot;,&quot;yLinkText&quot;:&quot;Making Culture Pop. Find the latest entertainment news and the best in music, pop culture, sneakers, style and original shows.&quot;}\" class=\"link\"><b>Making Culture Pop.<\/b> Find the latest entertainment news and the best in music, pop culture, sneakers, style and original shows.<\/a><\/p>\n<\/div>\n<p><br \/>\n<br \/><a href=\"https:\/\/www.yahoo.com\/entertainment\/celebrity\/articles\/jalen-rose-denies-wearing-hairpiece-212041834.html\">Source link <\/a><\/p>","protected":false},"excerpt":{"rendered":"<p>Jalen Rose is making it clear he\u2019s not here for the jokes. The former NBA player and current analyst responded directly to a social media comment that compared him to Steve Harvey and questioned whether he wears a hairpiece. The exchange, which quickly gained traction online, began when a user referenced the long-running conversation about [&hellip;]<\/p>\n","protected":false},"author":1,"featured_media":108523,"comment_status":"closed","ping_status":"","sticky":false,"template":"","format":"standard","meta":{"googlesitekit_rrm_CAow2JLhCw:productID":"","_gspb_post_css":"","maa_idioma":"","maa_pais":"","footnotes":""},"categories":[1],"tags":[10992,8671,28762,10188,5590,11320,4010,28761],"class_list":["post-108522","post","type-post","status-publish","format-standard","has-post-thumbnail","hentry","category-ubirata","tag-comparison","tag-denies","tag-hairpiece","tag-harvey","tag-jalen","tag-rose","tag-steve","tag-wearing"],"blocksy_meta":[],"yoast_head":"<!-- This site is optimized with the Yoast SEO Premium plugin v27.6 (Yoast SEO v27.6) - https:\/\/yoast.com\/product\/yoast-seo-premium-wordpress\/ -->\n<title>Jalen Rose Denies Wearing Hairpiece After Steve Harvey Comparison - Ubirat\u00e3 Online Not\u00edcias - A realidade ao seu alcance!<\/title>\n<meta name=\"description\" content=\"Jalen Rose is making it clear he\u2019s not here for the jokes.The former NBA player and current analyst responded directly to a social media comment that\" \/>\n<meta name=\"robots\" content=\"index, follow, max-snippet:-1, max-image-preview:large, max-video-preview:-1\" \/>\n<link rel=\"canonical\" href=\"https:\/\/ubirataonline.com.br\/en\/jalen-rose-denies-wearing-hairpiece-after-steve-harvey-comparison\/\" \/>\n<meta property=\"og:locale\" content=\"en_US\" \/>\n<meta property=\"og:type\" content=\"article\" \/>\n<meta property=\"og:title\" content=\"Jalen Rose Denies Wearing Hairpiece After Steve Harvey Comparison\" \/>\n<meta property=\"og:description\" content=\"Jalen Rose is making it clear he\u2019s not here for the jokes.The former NBA player and current analyst responded directly to a social media comment that\" \/>\n<meta property=\"og:url\" content=\"https:\/\/ubirataonline.com.br\/en\/jalen-rose-denies-wearing-hairpiece-after-steve-harvey-comparison\/\" \/>\n<meta property=\"og:site_name\" content=\"Ubirat\u00e3 Online Not\u00edcias - A realidade ao seu alcance!\" \/>\n<meta property=\"article:publisher\" content=\"https:\/\/www.facebook.com\/portalubirataonline\" \/>\n<meta property=\"article:author\" content=\"https:\/\/www.facebook.com\/portalubirataonline\" \/>\n<meta property=\"article:published_time\" content=\"2026-04-16T01:28:05+00:00\" \/>\n<meta property=\"article:modified_time\" content=\"2026-04-16T01:28:08+00:00\" \/>\n<meta property=\"og:image\" content=\"https:\/\/ubirataonline.com.br\/wp-content\/uploads\/2026\/04\/Jalen-Rose-Denies-Wearing-Hairpiece-After-Steve-Harvey-Comparison.jpeg\" \/>\n\t<meta property=\"og:image:width\" content=\"1200\" \/>\n\t<meta property=\"og:image:height\" content=\"674\" \/>\n\t<meta property=\"og:image:type\" content=\"image\/jpeg\" \/>\n<meta name=\"author\" content=\"REDA\u00c7\u00c3O: UBIRAT\u00c3 ONLINE - F\u00c1BIO AUGUSTO CELESTINO\" \/>\n<meta name=\"twitter:card\" content=\"summary_large_image\" \/>\n<meta name=\"twitter:creator\" content=\"@x.com\/ubirataonline\" \/>\n<meta name=\"twitter:site\" content=\"@ubirataonline\" \/>\n<meta name=\"twitter:label1\" content=\"Written by\" \/>\n\t<meta name=\"twitter:data1\" content=\"REDA\u00c7\u00c3O: UBIRAT\u00c3 ONLINE - F\u00c1BIO AUGUSTO CELESTINO\" \/>\n\t<meta name=\"twitter:label2\" content=\"Est. reading time\" \/>\n\t<meta name=\"twitter:data2\" content=\"2 minutes\" \/>\n<script type=\"application\/ld+json\" class=\"yoast-schema-graph\">{\"@context\":\"https:\\\/\\\/schema.org\",\"@graph\":[{\"@type\":\"NewsArticle\",\"@id\":\"https:\\\/\\\/ubirataonline.com.br\\\/jalen-rose-denies-wearing-hairpiece-after-steve-harvey-comparison\\\/#article\",\"isPartOf\":{\"@id\":\"https:\\\/\\\/ubirataonline.com.br\\\/jalen-rose-denies-wearing-hairpiece-after-steve-harvey-comparison\\\/\"},\"author\":{\"name\":\"REDA\u00c7\u00c3O: UBIRAT\u00c3 ONLINE - F\u00c1BIO AUGUSTO CELESTINO\",\"@id\":\"https:\\\/\\\/ubirataonline.com.br\\\/#\\\/schema\\\/person\\\/372f87bbd3fdd79b8556b84c98d0bc1c\"},\"headline\":\"Jalen Rose Denies Wearing Hairpiece After Steve Harvey Comparison\",\"datePublished\":\"2026-04-16T01:28:05+00:00\",\"dateModified\":\"2026-04-16T01:28:08+00:00\",\"mainEntityOfPage\":{\"@id\":\"https:\\\/\\\/ubirataonline.com.br\\\/jalen-rose-denies-wearing-hairpiece-after-steve-harvey-comparison\\\/\"},\"wordCount\":372,\"publisher\":{\"@id\":\"https:\\\/\\\/ubirataonline.com.br\\\/#organization\"},\"image\":{\"@id\":\"https:\\\/\\\/ubirataonline.com.br\\\/jalen-rose-denies-wearing-hairpiece-after-steve-harvey-comparison\\\/#primaryimage\"},\"thumbnailUrl\":\"https:\\\/\\\/ubirataonline.com.br\\\/wp-content\\\/uploads\\\/2026\\\/04\\\/Jalen-Rose-Denies-Wearing-Hairpiece-After-Steve-Harvey-Comparison.jpeg\",\"keywords\":[\"Comparison\",\"denies\",\"Hairpiece\",\"Harvey\",\"Jalen\",\"Rose\",\"Steve\",\"Wearing\"],\"articleSection\":[\"Ubirat\u00e3\"],\"inLanguage\":\"en-US\",\"copyrightYear\":\"2026\",\"copyrightHolder\":{\"@id\":\"https:\\\/\\\/ubirataonline.com.br\\\/en\\\/#organization\"}},{\"@type\":\"WebPage\",\"@id\":\"https:\\\/\\\/ubirataonline.com.br\\\/jalen-rose-denies-wearing-hairpiece-after-steve-harvey-comparison\\\/\",\"url\":\"https:\\\/\\\/ubirataonline.com.br\\\/jalen-rose-denies-wearing-hairpiece-after-steve-harvey-comparison\\\/\",\"name\":\"Jalen Rose Denies Wearing Hairpiece After Steve Harvey Comparison - Ubirat\u00e3 Online Not\u00edcias - A realidade ao seu alcance!\",\"isPartOf\":{\"@id\":\"https:\\\/\\\/ubirataonline.com.br\\\/#website\"},\"primaryImageOfPage\":{\"@id\":\"https:\\\/\\\/ubirataonline.com.br\\\/jalen-rose-denies-wearing-hairpiece-after-steve-harvey-comparison\\\/#primaryimage\"},\"image\":{\"@id\":\"https:\\\/\\\/ubirataonline.com.br\\\/jalen-rose-denies-wearing-hairpiece-after-steve-harvey-comparison\\\/#primaryimage\"},\"thumbnailUrl\":\"https:\\\/\\\/ubirataonline.com.br\\\/wp-content\\\/uploads\\\/2026\\\/04\\\/Jalen-Rose-Denies-Wearing-Hairpiece-After-Steve-Harvey-Comparison.jpeg\",\"datePublished\":\"2026-04-16T01:28:05+00:00\",\"dateModified\":\"2026-04-16T01:28:08+00:00\",\"description\":\"Jalen Rose is making it clear he\u2019s not here for the jokes.The former NBA player and current analyst responded directly to a social media comment that\",\"breadcrumb\":{\"@id\":\"https:\\\/\\\/ubirataonline.com.br\\\/jalen-rose-denies-wearing-hairpiece-after-steve-harvey-comparison\\\/#breadcrumb\"},\"inLanguage\":\"en-US\",\"potentialAction\":[{\"@type\":\"ReadAction\",\"target\":[\"https:\\\/\\\/ubirataonline.com.br\\\/jalen-rose-denies-wearing-hairpiece-after-steve-harvey-comparison\\\/\"]}]},{\"@type\":\"ImageObject\",\"inLanguage\":\"en-US\",\"@id\":\"https:\\\/\\\/ubirataonline.com.br\\\/jalen-rose-denies-wearing-hairpiece-after-steve-harvey-comparison\\\/#primaryimage\",\"url\":\"https:\\\/\\\/ubirataonline.com.br\\\/wp-content\\\/uploads\\\/2026\\\/04\\\/Jalen-Rose-Denies-Wearing-Hairpiece-After-Steve-Harvey-Comparison.jpeg\",\"contentUrl\":\"https:\\\/\\\/ubirataonline.com.br\\\/wp-content\\\/uploads\\\/2026\\\/04\\\/Jalen-Rose-Denies-Wearing-Hairpiece-After-Steve-Harvey-Comparison.jpeg\",\"width\":1200,\"height\":674,\"caption\":\"(Photo by Vivien Killilea\\\/Getty Images for Kenny Smith), (Photo by Edward Berthelot\\\/Getty Images)\"},{\"@type\":\"BreadcrumbList\",\"@id\":\"https:\\\/\\\/ubirataonline.com.br\\\/jalen-rose-denies-wearing-hairpiece-after-steve-harvey-comparison\\\/#breadcrumb\",\"itemListElement\":[{\"@type\":\"ListItem\",\"position\":1,\"name\":\"In\u00edcio\",\"item\":\"https:\\\/\\\/ubirataonline.com.br\\\/\"},{\"@type\":\"ListItem\",\"position\":2,\"name\":\"Jalen Rose Denies Wearing Hairpiece After Steve Harvey Comparison\"}]},{\"@type\":\"WebSite\",\"@id\":\"https:\\\/\\\/ubirataonline.com.br\\\/#website\",\"url\":\"https:\\\/\\\/ubirataonline.com.br\\\/\",\"name\":\"Ubirat\u00e3 Online Not\u00edcias\",\"description\":\"Not\u00edcias de Ubirat\u00e3, regi\u00e3o, Brasil e mundo, com informa\u00e7\u00e3o atualizada e compromisso com o leitor.\",\"publisher\":{\"@id\":\"https:\\\/\\\/ubirataonline.com.br\\\/#organization\"},\"alternateName\":\"Ubirat\u00e3 Online\",\"potentialAction\":[{\"@type\":\"SearchAction\",\"target\":{\"@type\":\"EntryPoint\",\"urlTemplate\":\"https:\\\/\\\/ubirataonline.com.br\\\/?s={search_term_string}\"},\"query-input\":{\"@type\":\"PropertyValueSpecification\",\"valueRequired\":true,\"valueName\":\"search_term_string\"}}],\"inLanguage\":\"en-US\"},{\"@type\":[\"Organization\",\"Place\"],\"@id\":\"https:\\\/\\\/ubirataonline.com.br\\\/#organization\",\"name\":\"Ubirat\u00e3 Online Not\u00edcias\",\"alternateName\":\"Ubirat\u00e3 Online\",\"url\":\"https:\\\/\\\/ubirataonline.com.br\\\/\",\"logo\":{\"@id\":\"https:\\\/\\\/ubirataonline.com.br\\\/jalen-rose-denies-wearing-hairpiece-after-steve-harvey-comparison\\\/#local-main-organization-logo\"},\"image\":{\"@id\":\"https:\\\/\\\/ubirataonline.com.br\\\/jalen-rose-denies-wearing-hairpiece-after-steve-harvey-comparison\\\/#local-main-organization-logo\"},\"sameAs\":[\"https:\\\/\\\/www.facebook.com\\\/portalubirataonline\",\"https:\\\/\\\/x.com\\\/ubirataonline\",\"https:\\\/\\\/mastodon.social\\\/@ubirataonline\",\"https:\\\/\\\/www.facebook.com\\\/groups\\\/311144672285604\",\"https:\\\/\\\/www.facebook.com\\\/UBTAOnline\",\"https:\\\/\\\/www.instagram.com\\\/portalubirataonline\\\/\",\"https:\\\/\\\/twitter.com\\\/ubirataonline\"],\"description\":\"Somos um portal de not\u00edcias independente, criado em 5 de janeiro de 2009, com o objetivo de informar, conectar e valorizar a nossa comunidade de Ubirat\u00e3 e toda aregi\u00e3o. Com conte\u00fado atualizado, confi\u00e1vel e relevante, o Ubirat\u00e3 Online \u00e9 o seu espa\u00e7o para ficar por dentro dos principais acontecimentos locais, regionais, Brasil, Mundo e de interesse geral. Nosso compromisso \u00e9 com a verdade, a transpar\u00eancia e o respeito ao leitor.\",\"legalName\":\"UBIRATA ONLINE NOT\u00cdCIAS\",\"foundingDate\":\"2009-01-05\",\"numberOfEmployees\":{\"@type\":\"QuantitativeValue\",\"minValue\":\"1\",\"maxValue\":\"10\"},\"publishingPrinciples\":\"https:\\\/\\\/ubirataonline.com.br\\\/faq\\\/\",\"address\":{\"@id\":\"https:\\\/\\\/ubirataonline.com.br\\\/jalen-rose-denies-wearing-hairpiece-after-steve-harvey-comparison\\\/#local-main-place-address\"},\"geo\":{\"@type\":\"GeoCoordinates\",\"latitude\":\"-24.5361401\",\"longitude\":\"-52.9921776\"},\"telephone\":[\"+5544998308235\"],\"contactPoint\":{\"@type\":\"ContactPoint\",\"email\":\"contato@ubirataonline.com.br\"},\"openingHoursSpecification\":{\"@type\":\"OpeningHoursSpecification\",\"dayOfWeek\":[\"Monday\",\"Tuesday\",\"Wednesday\",\"Thursday\",\"Friday\",\"Saturday\",\"Sunday\"],\"opens\":\"00:00\",\"closes\":\"23:59\"},\"email\":\"contato@ubirataonline.com.br\",\"vatID\":\"47.621.418\\\/0001-80\"},{\"@type\":\"Person\",\"@id\":\"https:\\\/\\\/ubirataonline.com.br\\\/#\\\/schema\\\/person\\\/372f87bbd3fdd79b8556b84c98d0bc1c\",\"name\":\"REDA\u00c7\u00c3O: UBIRAT\u00c3 ONLINE - F\u00c1BIO AUGUSTO CELESTINO\",\"pronouns\":\"Ele\",\"description\":\"Desde 2003 trabalhando com not\u00edcias.\",\"sameAs\":[\"http:\\\/\\\/ubirataoline.com.br\",\"https:\\\/\\\/www.facebook.com\\\/portalubirataonline\",\"https:\\\/\\\/www.instagram.com\\\/ubirataonline_oficial\",\"https:\\\/\\\/x.com\\\/x.com\\\/ubirataonline\"],\"honorificPrefix\":\"Mr.\",\"honorificSuffix\":\"MD\",\"birthDate\":\"1980-06-16\",\"gender\":\"masculino\",\"award\":[\"V\u00e1rios pr\u00eamios de melhor portal da cidade\"],\"jobTitle\":\"Diretor\",\"url\":\"https:\\\/\\\/ubirataonline.com.br\\\/en\\\/author\\\/ubirataonline\\\/\"},{\"@type\":\"PostalAddress\",\"@id\":\"https:\\\/\\\/ubirataonline.com.br\\\/jalen-rose-denies-wearing-hairpiece-after-steve-harvey-comparison\\\/#local-main-place-address\",\"streetAddress\":\"Rua dos Coqueiros, 104 - Bairro Boa Vista, Rua dos Coqueiros, 104 Bairro Boa Vista\",\"addressLocality\":\"UBIRATA\",\"postalCode\":\"85440-000\",\"addressRegion\":\"PR\",\"addressCountry\":\"BR\"},{\"@type\":\"ImageObject\",\"inLanguage\":\"en-US\",\"@id\":\"https:\\\/\\\/ubirataonline.com.br\\\/jalen-rose-denies-wearing-hairpiece-after-steve-harvey-comparison\\\/#local-main-organization-logo\",\"url\":\"https:\\\/\\\/ubirataonline.com.br\\\/wp-content\\\/uploads\\\/2026\\\/06\\\/logoubirataonline-1.webp\",\"contentUrl\":\"https:\\\/\\\/ubirataonline.com.br\\\/wp-content\\\/uploads\\\/2026\\\/06\\\/logoubirataonline-1.webp\",\"width\":500,\"height\":500,\"caption\":\"Ubirat\u00e3 Online Not\u00edcias\"}]}<\/script>\n<meta name=\"geo.placename\" content=\"UBIRATA\" \/>\n<meta name=\"geo.position\" content=\"-24.5361401;-52.9921776\" \/>\n<meta name=\"geo.region\" content=\"Brazil\" \/>\n<!-- \/ Yoast SEO Premium plugin. -->","yoast_head_json":{"title":"Jalen Rose Denies Wearing Hairpiece After Steve Harvey Comparison - Ubirat\u00e3 Online Not\u00edcias - A realidade ao seu alcance!","description":"Jalen Rose is making it clear he\u2019s not here for the jokes.The former NBA player and current analyst responded directly to a social media comment that","robots":{"index":"index","follow":"follow","max-snippet":"max-snippet:-1","max-image-preview":"max-image-preview:large","max-video-preview":"max-video-preview:-1"},"canonical":"https:\/\/ubirataonline.com.br\/en\/jalen-rose-denies-wearing-hairpiece-after-steve-harvey-comparison\/","og_locale":"en_US","og_type":"article","og_title":"Jalen Rose Denies Wearing Hairpiece After Steve Harvey Comparison","og_description":"Jalen Rose is making it clear he\u2019s not here for the jokes.The former NBA player and current analyst responded directly to a social media comment that","og_url":"https:\/\/ubirataonline.com.br\/en\/jalen-rose-denies-wearing-hairpiece-after-steve-harvey-comparison\/","og_site_name":"Ubirat\u00e3 Online Not\u00edcias - A realidade ao seu alcance!","article_publisher":"https:\/\/www.facebook.com\/portalubirataonline","article_author":"https:\/\/www.facebook.com\/portalubirataonline","article_published_time":"2026-04-16T01:28:05+00:00","article_modified_time":"2026-04-16T01:28:08+00:00","og_image":[{"width":1200,"height":674,"url":"https:\/\/ubirataonline.com.br\/wp-content\/uploads\/2026\/04\/Jalen-Rose-Denies-Wearing-Hairpiece-After-Steve-Harvey-Comparison.jpeg","type":"image\/jpeg"}],"author":"REDA\u00c7\u00c3O: UBIRAT\u00c3 ONLINE - F\u00c1BIO AUGUSTO CELESTINO","twitter_card":"summary_large_image","twitter_creator":"@x.com\/ubirataonline","twitter_site":"@ubirataonline","twitter_misc":{"Written by":"REDA\u00c7\u00c3O: UBIRAT\u00c3 ONLINE - F\u00c1BIO AUGUSTO CELESTINO","Est. reading time":"2 minutes"},"schema":{"@context":"https:\/\/schema.org","@graph":[{"@type":"NewsArticle","@id":"https:\/\/ubirataonline.com.br\/jalen-rose-denies-wearing-hairpiece-after-steve-harvey-comparison\/#article","isPartOf":{"@id":"https:\/\/ubirataonline.com.br\/jalen-rose-denies-wearing-hairpiece-after-steve-harvey-comparison\/"},"author":{"name":"REDA\u00c7\u00c3O: UBIRAT\u00c3 ONLINE - F\u00c1BIO AUGUSTO CELESTINO","@id":"https:\/\/ubirataonline.com.br\/#\/schema\/person\/372f87bbd3fdd79b8556b84c98d0bc1c"},"headline":"Jalen Rose Denies Wearing Hairpiece After Steve Harvey Comparison","datePublished":"2026-04-16T01:28:05+00:00","dateModified":"2026-04-16T01:28:08+00:00","mainEntityOfPage":{"@id":"https:\/\/ubirataonline.com.br\/jalen-rose-denies-wearing-hairpiece-after-steve-harvey-comparison\/"},"wordCount":372,"publisher":{"@id":"https:\/\/ubirataonline.com.br\/#organization"},"image":{"@id":"https:\/\/ubirataonline.com.br\/jalen-rose-denies-wearing-hairpiece-after-steve-harvey-comparison\/#primaryimage"},"thumbnailUrl":"https:\/\/ubirataonline.com.br\/wp-content\/uploads\/2026\/04\/Jalen-Rose-Denies-Wearing-Hairpiece-After-Steve-Harvey-Comparison.jpeg","keywords":["Comparison","denies","Hairpiece","Harvey","Jalen","Rose","Steve","Wearing"],"articleSection":["Ubirat\u00e3"],"inLanguage":"en-US","copyrightYear":"2026","copyrightHolder":{"@id":"https:\/\/ubirataonline.com.br\/en\/#organization"}},{"@type":"WebPage","@id":"https:\/\/ubirataonline.com.br\/jalen-rose-denies-wearing-hairpiece-after-steve-harvey-comparison\/","url":"https:\/\/ubirataonline.com.br\/jalen-rose-denies-wearing-hairpiece-after-steve-harvey-comparison\/","name":"Jalen Rose Denies Wearing Hairpiece After Steve Harvey Comparison - Ubirat\u00e3 Online Not\u00edcias - A realidade ao seu alcance!","isPartOf":{"@id":"https:\/\/ubirataonline.com.br\/#website"},"primaryImageOfPage":{"@id":"https:\/\/ubirataonline.com.br\/jalen-rose-denies-wearing-hairpiece-after-steve-harvey-comparison\/#primaryimage"},"image":{"@id":"https:\/\/ubirataonline.com.br\/jalen-rose-denies-wearing-hairpiece-after-steve-harvey-comparison\/#primaryimage"},"thumbnailUrl":"https:\/\/ubirataonline.com.br\/wp-content\/uploads\/2026\/04\/Jalen-Rose-Denies-Wearing-Hairpiece-After-Steve-Harvey-Comparison.jpeg","datePublished":"2026-04-16T01:28:05+00:00","dateModified":"2026-04-16T01:28:08+00:00","description":"Jalen Rose is making it clear he\u2019s not here for the jokes.The former NBA player and current analyst responded directly to a social media comment that","breadcrumb":{"@id":"https:\/\/ubirataonline.com.br\/jalen-rose-denies-wearing-hairpiece-after-steve-harvey-comparison\/#breadcrumb"},"inLanguage":"en-US","potentialAction":[{"@type":"ReadAction","target":["https:\/\/ubirataonline.com.br\/jalen-rose-denies-wearing-hairpiece-after-steve-harvey-comparison\/"]}]},{"@type":"ImageObject","inLanguage":"en-US","@id":"https:\/\/ubirataonline.com.br\/jalen-rose-denies-wearing-hairpiece-after-steve-harvey-comparison\/#primaryimage","url":"https:\/\/ubirataonline.com.br\/wp-content\/uploads\/2026\/04\/Jalen-Rose-Denies-Wearing-Hairpiece-After-Steve-Harvey-Comparison.jpeg","contentUrl":"https:\/\/ubirataonline.com.br\/wp-content\/uploads\/2026\/04\/Jalen-Rose-Denies-Wearing-Hairpiece-After-Steve-Harvey-Comparison.jpeg","width":1200,"height":674,"caption":"(Photo by Vivien Killilea\/Getty Images for Kenny Smith), (Photo by Edward Berthelot\/Getty Images)"},{"@type":"BreadcrumbList","@id":"https:\/\/ubirataonline.com.br\/jalen-rose-denies-wearing-hairpiece-after-steve-harvey-comparison\/#breadcrumb","itemListElement":[{"@type":"ListItem","position":1,"name":"In\u00edcio","item":"https:\/\/ubirataonline.com.br\/"},{"@type":"ListItem","position":2,"name":"Jalen Rose Denies Wearing Hairpiece After Steve Harvey Comparison"}]},{"@type":"WebSite","@id":"https:\/\/ubirataonline.com.br\/#website","url":"https:\/\/ubirataonline.com.br\/","name":"Ubirat\u00e3 Online Not\u00edcias","description":"Not\u00edcias de Ubirat\u00e3, regi\u00e3o, Brasil e mundo, com informa\u00e7\u00e3o atualizada e compromisso com o leitor.","publisher":{"@id":"https:\/\/ubirataonline.com.br\/#organization"},"alternateName":"Ubirat\u00e3 Online","potentialAction":[{"@type":"SearchAction","target":{"@type":"EntryPoint","urlTemplate":"https:\/\/ubirataonline.com.br\/?s={search_term_string}"},"query-input":{"@type":"PropertyValueSpecification","valueRequired":true,"valueName":"search_term_string"}}],"inLanguage":"en-US"},{"@type":["Organization","Place"],"@id":"https:\/\/ubirataonline.com.br\/#organization","name":"Ubirat\u00e3 Online Not\u00edcias","alternateName":"Ubirat\u00e3 Online","url":"https:\/\/ubirataonline.com.br\/","logo":{"@id":"https:\/\/ubirataonline.com.br\/jalen-rose-denies-wearing-hairpiece-after-steve-harvey-comparison\/#local-main-organization-logo"},"image":{"@id":"https:\/\/ubirataonline.com.br\/jalen-rose-denies-wearing-hairpiece-after-steve-harvey-comparison\/#local-main-organization-logo"},"sameAs":["https:\/\/www.facebook.com\/portalubirataonline","https:\/\/x.com\/ubirataonline","https:\/\/mastodon.social\/@ubirataonline","https:\/\/www.facebook.com\/groups\/311144672285604","https:\/\/www.facebook.com\/UBTAOnline","https:\/\/www.instagram.com\/portalubirataonline\/","https:\/\/twitter.com\/ubirataonline"],"description":"Somos um portal de not\u00edcias independente, criado em 5 de janeiro de 2009, com o objetivo de informar, conectar e valorizar a nossa comunidade de Ubirat\u00e3 e toda aregi\u00e3o. Com conte\u00fado atualizado, confi\u00e1vel e relevante, o Ubirat\u00e3 Online \u00e9 o seu espa\u00e7o para ficar por dentro dos principais acontecimentos locais, regionais, Brasil, Mundo e de interesse geral. Nosso compromisso \u00e9 com a verdade, a transpar\u00eancia e o respeito ao leitor.","legalName":"UBIRATA ONLINE NOT\u00cdCIAS","foundingDate":"2009-01-05","numberOfEmployees":{"@type":"QuantitativeValue","minValue":"1","maxValue":"10"},"publishingPrinciples":"https:\/\/ubirataonline.com.br\/faq\/","address":{"@id":"https:\/\/ubirataonline.com.br\/jalen-rose-denies-wearing-hairpiece-after-steve-harvey-comparison\/#local-main-place-address"},"geo":{"@type":"GeoCoordinates","latitude":"-24.5361401","longitude":"-52.9921776"},"telephone":["+5544998308235"],"contactPoint":{"@type":"ContactPoint","email":"contato@ubirataonline.com.br"},"openingHoursSpecification":{"@type":"OpeningHoursSpecification","dayOfWeek":["Monday","Tuesday","Wednesday","Thursday","Friday","Saturday","Sunday"],"opens":"00:00","closes":"23:59"},"email":"contato@ubirataonline.com.br","vatID":"47.621.418\/0001-80"},{"@type":"Person","@id":"https:\/\/ubirataonline.com.br\/#\/schema\/person\/372f87bbd3fdd79b8556b84c98d0bc1c","name":"REDA\u00c7\u00c3O: UBIRAT\u00c3 ONLINE - F\u00c1BIO AUGUSTO CELESTINO","pronouns":"Ele","description":"Desde 2003 trabalhando com not\u00edcias.","sameAs":["http:\/\/ubirataoline.com.br","https:\/\/www.facebook.com\/portalubirataonline","https:\/\/www.instagram.com\/ubirataonline_oficial","https:\/\/x.com\/x.com\/ubirataonline"],"honorificPrefix":"Mr.","honorificSuffix":"MD","birthDate":"1980-06-16","gender":"masculino","award":["V\u00e1rios pr\u00eamios de melhor portal da cidade"],"jobTitle":"Diretor","url":"https:\/\/ubirataonline.com.br\/en\/author\/ubirataonline\/"},{"@type":"PostalAddress","@id":"https:\/\/ubirataonline.com.br\/jalen-rose-denies-wearing-hairpiece-after-steve-harvey-comparison\/#local-main-place-address","streetAddress":"Rua dos Coqueiros, 104 - Bairro Boa Vista, Rua dos Coqueiros, 104 Bairro Boa Vista","addressLocality":"UBIRATA","postalCode":"85440-000","addressRegion":"PR","addressCountry":"BR"},{"@type":"ImageObject","inLanguage":"en-US","@id":"https:\/\/ubirataonline.com.br\/jalen-rose-denies-wearing-hairpiece-after-steve-harvey-comparison\/#local-main-organization-logo","url":"https:\/\/ubirataonline.com.br\/wp-content\/uploads\/2026\/06\/logoubirataonline-1.webp","contentUrl":"https:\/\/ubirataonline.com.br\/wp-content\/uploads\/2026\/06\/logoubirataonline-1.webp","width":500,"height":500,"caption":"Ubirat\u00e3 Online Not\u00edcias"}]},"geo.placename":"UBIRATA","geo.position":{"lat":"-24.5361401","long":"-52.9921776"},"geo.region":"Brazil"},"_links":{"self":[{"href":"https:\/\/ubirataonline.com.br\/en\/wp-json\/wp\/v2\/posts\/108522","targetHints":{"allow":["GET"]}}],"collection":[{"href":"https:\/\/ubirataonline.com.br\/en\/wp-json\/wp\/v2\/posts"}],"about":[{"href":"https:\/\/ubirataonline.com.br\/en\/wp-json\/wp\/v2\/types\/post"}],"author":[{"embeddable":true,"href":"https:\/\/ubirataonline.com.br\/en\/wp-json\/wp\/v2\/users\/1"}],"replies":[{"embeddable":true,"href":"https:\/\/ubirataonline.com.br\/en\/wp-json\/wp\/v2\/comments?post=108522"}],"version-history":[{"count":0,"href":"https:\/\/ubirataonline.com.br\/en\/wp-json\/wp\/v2\/posts\/108522\/revisions"}],"wp:featuredmedia":[{"embeddable":true,"href":"https:\/\/ubirataonline.com.br\/en\/wp-json\/wp\/v2\/media\/108523"}],"wp:attachment":[{"href":"https:\/\/ubirataonline.com.br\/en\/wp-json\/wp\/v2\/media?parent=108522"}],"wp:term":[{"taxonomy":"category","embeddable":true,"href":"https:\/\/ubirataonline.com.br\/en\/wp-json\/wp\/v2\/categories?post=108522"},{"taxonomy":"post_tag","embeddable":true,"href":"https:\/\/ubirataonline.com.br\/en\/wp-json\/wp\/v2\/tags?post=108522"}],"curies":[{"name":"wp","href":"https:\/\/api.w.org\/{rel}","templated":true}]}}