{"id":108536,"date":"2026-04-15T22:37:47","date_gmt":"2026-04-16T01:37:47","guid":{"rendered":"https:\/\/ubirataonline.com.br\/suspeito-de-sequestrar-matar-e-ocultar-corpo-e-pastor\/"},"modified":"2026-04-15T22:37:50","modified_gmt":"2026-04-16T01:37:50","slug":"suspeito-de-sequestrar-matar-e-ocultar-corpo-e-pastor","status":"publish","type":"post","link":"https:\/\/ubirataonline.com.br\/en\/suspeito-de-sequestrar-matar-e-ocultar-corpo-e-pastor\/","title":{"rendered":"suspeito de sequestrar, matar e ocultar corpo e pastor"},"content":{"rendered":"<p><\/p>\n<div id=\"texto\">\n<h2 class=\"wp-block-heading\" id=\"h-crime-barbaro-no-distrito-federal\">Crime b\u00e1rbaro no Distrito Federal<\/h2>\n<p>Um crime b\u00e1rbaro chocou o Distrito Federal. O pastor italiano\u00a0<strong>Orazio Giuliani<\/strong>, de 80 anos, foi sequestrado, assassinado e teve o corpo ocultado.<\/p>\n<p>O principal suspeito,\u00a0<strong>Bruno Cruz de Ara\u00fajo<\/strong>, conhecido como \u201cCoveiro\u201d, foi preso nesta ter\u00e7a-feira (14\/4) em S\u00e3o Sebasti\u00e3o.<\/p>\n<h2 class=\"wp-block-heading\" id=\"h-o-desaparecimento-do-pastor\">O desaparecimento do pastor<\/h2>\n<p>O idoso saiu de casa na manh\u00e3 de s\u00e1bado (11\/4) para trabalhar na igreja que constru\u00eda em uma ch\u00e1cara. Quando n\u00e3o voltou, a mulher come\u00e7ou as buscas por conta pr\u00f3pria.<\/p>\n<p>O que ela encontrou foi de gelar o sangue. O local apresentava grande quantidade de\u00a0<strong>sangue espalhado pelo ch\u00e3o<\/strong>, sinais de arrombamento na porta e uma corda com vest\u00edgios de sangue.<\/p>\n<p>A dentadura da v\u00edtima estava ca\u00edda no interior do im\u00f3vel. O pastor havia sido sequestrado dentro da pr\u00f3pria igreja em constru\u00e7\u00e3o.<\/p>\n<h2 class=\"wp-block-heading\" id=\"h-investigacao-e-prisao-dos-suspeitos\">Investiga\u00e7\u00e3o e pris\u00e3o dos suspeitos<\/h2>\n<p>Segundo a Pol\u00edcia Civil (PCDF),\u00a0<strong>Bruno \u201cCoveiro\u201d<\/strong>\u00a0agiu junto com o primo Leonardo Concei\u00e7\u00e3o de Ara\u00fajo, j\u00e1 preso. Os dois s\u00e3o acusados de\u00a0<strong>latroc\u00ednio<\/strong>\u00a0(roubo seguido de morte) e oculta\u00e7\u00e3o de cad\u00e1ver.<\/p>\n<p>O corpo do pastor italiano foi encontrado tamb\u00e9m nesta ter\u00e7a-feira, em uma regi\u00e3o de dif\u00edcil acesso de S\u00e3o Sebasti\u00e3o. A localiza\u00e7\u00e3o foi poss\u00edvel ap\u00f3s dilig\u00eancias da Se\u00e7\u00e3o de Investiga\u00e7\u00e3o de Crimes Violentos (SicVio).<\/p>\n<h2 class=\"wp-block-heading\" id=\"h-fuga-e-historico-criminal\">Fuga e hist\u00f3rico criminal<\/h2>\n<p>Bruno tentou fugir quando a pol\u00edcia chegou. Ele correu e chegou a\u00a0<strong>subir em uma \u00e1rvore<\/strong>\u00a0para se esconder, mas foi capturado.<\/p>\n<p>O suspeito j\u00e1 tem passagens por crimes graves, incluindo homic\u00eddio. O caso ganhou enorme visibilidade na regi\u00e3o.<\/p>\n<p>Fonte: Tribuna do Nordeste <\/p>\n<\/div>\n<p><a href=\"https:\/\/cgn.inf.br\/noticia\/2085696\/coveiro-e-preso-suspeito-de-sequestrar-matar-e-ocultar-corpo-de-pastor\">Fonte do Artigo <\/a><\/p>","protected":false},"excerpt":{"rendered":"<p>Crime b\u00e1rbaro no Distrito Federal Um crime b\u00e1rbaro chocou o Distrito Federal. O pastor italiano\u00a0Orazio Giuliani, de 80 anos, foi sequestrado, assassinado e teve o corpo ocultado. O principal suspeito,\u00a0Bruno Cruz de Ara\u00fajo, conhecido como \u201cCoveiro\u201d, foi preso nesta ter\u00e7a-feira (14\/4) em S\u00e3o Sebasti\u00e3o. O desaparecimento do pastor O idoso saiu de casa na manh\u00e3 [&hellip;]<\/p>\n","protected":false},"author":1,"featured_media":108537,"comment_status":"closed","ping_status":"","sticky":false,"template":"","format":"standard","meta":{"googlesitekit_rrm_CAow2JLhCw:productID":"","_gspb_post_css":"","maa_idioma":"","maa_pais":"","footnotes":""},"categories":[1],"tags":[2873,3386,28767,10587,22637,4098],"class_list":["post-108536","post","type-post","status-publish","format-standard","has-post-thumbnail","hentry","category-ubirata","tag-corpo","tag-matar","tag-ocultar","tag-pastor","tag-sequestrar","tag-suspeito"],"blocksy_meta":[],"yoast_head":"<!-- This site is optimized with the Yoast SEO Premium plugin v27.6 (Yoast SEO v27.6) - https:\/\/yoast.com\/product\/yoast-seo-premium-wordpress\/ -->\n<title>suspeito de sequestrar, matar e ocultar corpo e pastor - Ubirat\u00e3 Online Not\u00edcias - A realidade ao seu alcance!<\/title>\n<meta name=\"description\" content=\"Crime b\u00e1rbaro no Distrito Federal Um crime b\u00e1rbaro chocou o Distrito Federal. O pastor italiano\u00a0Orazio Giuliani, de 80 anos, foi sequestrado, assassinado\" \/>\n<meta name=\"robots\" content=\"index, follow, max-snippet:-1, max-image-preview:large, max-video-preview:-1\" \/>\n<link rel=\"canonical\" href=\"https:\/\/ubirataonline.com.br\/en\/suspeito-de-sequestrar-matar-e-ocultar-corpo-e-pastor\/\" \/>\n<meta property=\"og:locale\" content=\"en_US\" \/>\n<meta property=\"og:type\" content=\"article\" \/>\n<meta property=\"og:title\" content=\"suspeito de sequestrar, matar e ocultar corpo e pastor\" \/>\n<meta property=\"og:description\" content=\"Crime b\u00e1rbaro no Distrito Federal Um crime b\u00e1rbaro chocou o Distrito Federal. O pastor italiano\u00a0Orazio Giuliani, de 80 anos, foi sequestrado, assassinado\" \/>\n<meta property=\"og:url\" content=\"https:\/\/ubirataonline.com.br\/en\/suspeito-de-sequestrar-matar-e-ocultar-corpo-e-pastor\/\" \/>\n<meta property=\"og:site_name\" content=\"Ubirat\u00e3 Online Not\u00edcias - A realidade ao seu alcance!\" \/>\n<meta property=\"article:publisher\" content=\"https:\/\/www.facebook.com\/portalubirataonline\" \/>\n<meta property=\"article:author\" content=\"https:\/\/www.facebook.com\/portalubirataonline\" \/>\n<meta property=\"article:published_time\" content=\"2026-04-16T01:37:47+00:00\" \/>\n<meta property=\"article:modified_time\" content=\"2026-04-16T01:37:50+00:00\" \/>\n<meta property=\"og:image\" content=\"https:\/\/ubirataonline.com.br\/wp-content\/uploads\/2026\/04\/suspeito-de-sequestrar-matar-e-ocultar-corpo-e-pastor.jpg\" \/>\n\t<meta property=\"og:image:width\" content=\"546\" \/>\n\t<meta property=\"og:image:height\" content=\"334\" \/>\n\t<meta property=\"og:image:type\" content=\"image\/jpeg\" \/>\n<meta name=\"author\" content=\"REDA\u00c7\u00c3O: UBIRAT\u00c3 ONLINE - F\u00c1BIO AUGUSTO CELESTINO\" \/>\n<meta name=\"twitter:card\" content=\"summary_large_image\" \/>\n<meta name=\"twitter:creator\" content=\"@x.com\/ubirataonline\" \/>\n<meta name=\"twitter:site\" content=\"@ubirataonline\" \/>\n<meta name=\"twitter:label1\" content=\"Written by\" \/>\n\t<meta name=\"twitter:data1\" content=\"REDA\u00c7\u00c3O: UBIRAT\u00c3 ONLINE - F\u00c1BIO AUGUSTO CELESTINO\" \/>\n\t<meta name=\"twitter:label2\" content=\"Est. reading time\" \/>\n\t<meta name=\"twitter:data2\" content=\"1 minute\" \/>\n<script type=\"application\/ld+json\" class=\"yoast-schema-graph\">{\"@context\":\"https:\\\/\\\/schema.org\",\"@graph\":[{\"@type\":\"NewsArticle\",\"@id\":\"https:\\\/\\\/ubirataonline.com.br\\\/suspeito-de-sequestrar-matar-e-ocultar-corpo-e-pastor\\\/#article\",\"isPartOf\":{\"@id\":\"https:\\\/\\\/ubirataonline.com.br\\\/suspeito-de-sequestrar-matar-e-ocultar-corpo-e-pastor\\\/\"},\"author\":{\"name\":\"REDA\u00c7\u00c3O: UBIRAT\u00c3 ONLINE - F\u00c1BIO AUGUSTO CELESTINO\",\"@id\":\"https:\\\/\\\/ubirataonline.com.br\\\/#\\\/schema\\\/person\\\/372f87bbd3fdd79b8556b84c98d0bc1c\"},\"headline\":\"suspeito de sequestrar, matar e ocultar corpo e pastor\",\"datePublished\":\"2026-04-16T01:37:47+00:00\",\"dateModified\":\"2026-04-16T01:37:50+00:00\",\"mainEntityOfPage\":{\"@id\":\"https:\\\/\\\/ubirataonline.com.br\\\/suspeito-de-sequestrar-matar-e-ocultar-corpo-e-pastor\\\/\"},\"wordCount\":302,\"publisher\":{\"@id\":\"https:\\\/\\\/ubirataonline.com.br\\\/#organization\"},\"image\":{\"@id\":\"https:\\\/\\\/ubirataonline.com.br\\\/suspeito-de-sequestrar-matar-e-ocultar-corpo-e-pastor\\\/#primaryimage\"},\"thumbnailUrl\":\"https:\\\/\\\/ubirataonline.com.br\\\/wp-content\\\/uploads\\\/2026\\\/04\\\/suspeito-de-sequestrar-matar-e-ocultar-corpo-e-pastor.jpg\",\"keywords\":[\"Corpo\",\"matar\",\"ocultar\",\"Pastor\",\"sequestrar\",\"suspeito\"],\"articleSection\":[\"Ubirat\u00e3\"],\"inLanguage\":\"en-US\",\"copyrightYear\":\"2026\",\"copyrightHolder\":{\"@id\":\"https:\\\/\\\/ubirataonline.com.br\\\/en\\\/#organization\"}},{\"@type\":\"WebPage\",\"@id\":\"https:\\\/\\\/ubirataonline.com.br\\\/suspeito-de-sequestrar-matar-e-ocultar-corpo-e-pastor\\\/\",\"url\":\"https:\\\/\\\/ubirataonline.com.br\\\/suspeito-de-sequestrar-matar-e-ocultar-corpo-e-pastor\\\/\",\"name\":\"suspeito de sequestrar, matar e ocultar corpo e pastor - Ubirat\u00e3 Online Not\u00edcias - A realidade ao seu alcance!\",\"isPartOf\":{\"@id\":\"https:\\\/\\\/ubirataonline.com.br\\\/#website\"},\"primaryImageOfPage\":{\"@id\":\"https:\\\/\\\/ubirataonline.com.br\\\/suspeito-de-sequestrar-matar-e-ocultar-corpo-e-pastor\\\/#primaryimage\"},\"image\":{\"@id\":\"https:\\\/\\\/ubirataonline.com.br\\\/suspeito-de-sequestrar-matar-e-ocultar-corpo-e-pastor\\\/#primaryimage\"},\"thumbnailUrl\":\"https:\\\/\\\/ubirataonline.com.br\\\/wp-content\\\/uploads\\\/2026\\\/04\\\/suspeito-de-sequestrar-matar-e-ocultar-corpo-e-pastor.jpg\",\"datePublished\":\"2026-04-16T01:37:47+00:00\",\"dateModified\":\"2026-04-16T01:37:50+00:00\",\"description\":\"Crime b\u00e1rbaro no Distrito Federal Um crime b\u00e1rbaro chocou o Distrito Federal. O pastor italiano\u00a0Orazio Giuliani, de 80 anos, foi sequestrado, assassinado\",\"breadcrumb\":{\"@id\":\"https:\\\/\\\/ubirataonline.com.br\\\/suspeito-de-sequestrar-matar-e-ocultar-corpo-e-pastor\\\/#breadcrumb\"},\"inLanguage\":\"en-US\",\"potentialAction\":[{\"@type\":\"ReadAction\",\"target\":[\"https:\\\/\\\/ubirataonline.com.br\\\/suspeito-de-sequestrar-matar-e-ocultar-corpo-e-pastor\\\/\"]}]},{\"@type\":\"ImageObject\",\"inLanguage\":\"en-US\",\"@id\":\"https:\\\/\\\/ubirataonline.com.br\\\/suspeito-de-sequestrar-matar-e-ocultar-corpo-e-pastor\\\/#primaryimage\",\"url\":\"https:\\\/\\\/ubirataonline.com.br\\\/wp-content\\\/uploads\\\/2026\\\/04\\\/suspeito-de-sequestrar-matar-e-ocultar-corpo-e-pastor.jpg\",\"contentUrl\":\"https:\\\/\\\/ubirataonline.com.br\\\/wp-content\\\/uploads\\\/2026\\\/04\\\/suspeito-de-sequestrar-matar-e-ocultar-corpo-e-pastor.jpg\",\"width\":546,\"height\":334,\"caption\":\"\"},{\"@type\":\"BreadcrumbList\",\"@id\":\"https:\\\/\\\/ubirataonline.com.br\\\/suspeito-de-sequestrar-matar-e-ocultar-corpo-e-pastor\\\/#breadcrumb\",\"itemListElement\":[{\"@type\":\"ListItem\",\"position\":1,\"name\":\"In\u00edcio\",\"item\":\"https:\\\/\\\/ubirataonline.com.br\\\/\"},{\"@type\":\"ListItem\",\"position\":2,\"name\":\"suspeito de sequestrar, matar e ocultar corpo e pastor\"}]},{\"@type\":\"WebSite\",\"@id\":\"https:\\\/\\\/ubirataonline.com.br\\\/#website\",\"url\":\"https:\\\/\\\/ubirataonline.com.br\\\/\",\"name\":\"Ubirat\u00e3 Online Not\u00edcias\",\"description\":\"Not\u00edcias de Ubirat\u00e3, regi\u00e3o, Brasil e mundo, com informa\u00e7\u00e3o atualizada e compromisso com o leitor.\",\"publisher\":{\"@id\":\"https:\\\/\\\/ubirataonline.com.br\\\/#organization\"},\"alternateName\":\"Ubirat\u00e3 Online\",\"potentialAction\":[{\"@type\":\"SearchAction\",\"target\":{\"@type\":\"EntryPoint\",\"urlTemplate\":\"https:\\\/\\\/ubirataonline.com.br\\\/?s={search_term_string}\"},\"query-input\":{\"@type\":\"PropertyValueSpecification\",\"valueRequired\":true,\"valueName\":\"search_term_string\"}}],\"inLanguage\":\"en-US\"},{\"@type\":[\"Organization\",\"Place\"],\"@id\":\"https:\\\/\\\/ubirataonline.com.br\\\/#organization\",\"name\":\"Ubirat\u00e3 Online Not\u00edcias\",\"alternateName\":\"Ubirat\u00e3 Online\",\"url\":\"https:\\\/\\\/ubirataonline.com.br\\\/\",\"logo\":{\"@id\":\"https:\\\/\\\/ubirataonline.com.br\\\/suspeito-de-sequestrar-matar-e-ocultar-corpo-e-pastor\\\/#local-main-organization-logo\"},\"image\":{\"@id\":\"https:\\\/\\\/ubirataonline.com.br\\\/suspeito-de-sequestrar-matar-e-ocultar-corpo-e-pastor\\\/#local-main-organization-logo\"},\"sameAs\":[\"https:\\\/\\\/www.facebook.com\\\/portalubirataonline\",\"https:\\\/\\\/x.com\\\/ubirataonline\",\"https:\\\/\\\/mastodon.social\\\/@ubirataonline\",\"https:\\\/\\\/www.facebook.com\\\/groups\\\/311144672285604\",\"https:\\\/\\\/www.facebook.com\\\/UBTAOnline\",\"https:\\\/\\\/www.instagram.com\\\/portalubirataonline\\\/\",\"https:\\\/\\\/twitter.com\\\/ubirataonline\"],\"description\":\"Somos um portal de not\u00edcias independente, criado em 5 de janeiro de 2009, com o objetivo de informar, conectar e valorizar a nossa comunidade de Ubirat\u00e3 e toda aregi\u00e3o. Com conte\u00fado atualizado, confi\u00e1vel e relevante, o Ubirat\u00e3 Online \u00e9 o seu espa\u00e7o para ficar por dentro dos principais acontecimentos locais, regionais, Brasil, Mundo e de interesse geral. Nosso compromisso \u00e9 com a verdade, a transpar\u00eancia e o respeito ao leitor.\",\"legalName\":\"UBIRATA ONLINE NOT\u00cdCIAS\",\"foundingDate\":\"2009-01-05\",\"numberOfEmployees\":{\"@type\":\"QuantitativeValue\",\"minValue\":\"1\",\"maxValue\":\"10\"},\"publishingPrinciples\":\"https:\\\/\\\/ubirataonline.com.br\\\/faq\\\/\",\"address\":{\"@id\":\"https:\\\/\\\/ubirataonline.com.br\\\/suspeito-de-sequestrar-matar-e-ocultar-corpo-e-pastor\\\/#local-main-place-address\"},\"geo\":{\"@type\":\"GeoCoordinates\",\"latitude\":\"-24.5361401\",\"longitude\":\"-52.9921776\"},\"telephone\":[\"+5544998308235\"],\"contactPoint\":{\"@type\":\"ContactPoint\",\"email\":\"contato@ubirataonline.com.br\"},\"openingHoursSpecification\":{\"@type\":\"OpeningHoursSpecification\",\"dayOfWeek\":[\"Monday\",\"Tuesday\",\"Wednesday\",\"Thursday\",\"Friday\",\"Saturday\",\"Sunday\"],\"opens\":\"00:00\",\"closes\":\"23:59\"},\"email\":\"contato@ubirataonline.com.br\",\"vatID\":\"47.621.418\\\/0001-80\"},{\"@type\":\"Person\",\"@id\":\"https:\\\/\\\/ubirataonline.com.br\\\/#\\\/schema\\\/person\\\/372f87bbd3fdd79b8556b84c98d0bc1c\",\"name\":\"REDA\u00c7\u00c3O: UBIRAT\u00c3 ONLINE - F\u00c1BIO AUGUSTO CELESTINO\",\"pronouns\":\"Ele\",\"description\":\"Desde 2003 trabalhando com not\u00edcias.\",\"sameAs\":[\"http:\\\/\\\/ubirataoline.com.br\",\"https:\\\/\\\/www.facebook.com\\\/portalubirataonline\",\"https:\\\/\\\/www.instagram.com\\\/ubirataonline_oficial\",\"https:\\\/\\\/x.com\\\/x.com\\\/ubirataonline\"],\"honorificPrefix\":\"Mr.\",\"honorificSuffix\":\"MD\",\"birthDate\":\"1980-06-16\",\"gender\":\"masculino\",\"award\":[\"V\u00e1rios pr\u00eamios de melhor portal da cidade\"],\"jobTitle\":\"Diretor\",\"url\":\"https:\\\/\\\/ubirataonline.com.br\\\/en\\\/author\\\/ubirataonline\\\/\"},{\"@type\":\"PostalAddress\",\"@id\":\"https:\\\/\\\/ubirataonline.com.br\\\/suspeito-de-sequestrar-matar-e-ocultar-corpo-e-pastor\\\/#local-main-place-address\",\"streetAddress\":\"Rua dos Coqueiros, 104 - Bairro Boa Vista, Rua dos Coqueiros, 104 Bairro Boa Vista\",\"addressLocality\":\"UBIRATA\",\"postalCode\":\"85440-000\",\"addressRegion\":\"PR\",\"addressCountry\":\"BR\"},{\"@type\":\"ImageObject\",\"inLanguage\":\"en-US\",\"@id\":\"https:\\\/\\\/ubirataonline.com.br\\\/suspeito-de-sequestrar-matar-e-ocultar-corpo-e-pastor\\\/#local-main-organization-logo\",\"url\":\"https:\\\/\\\/ubirataonline.com.br\\\/wp-content\\\/uploads\\\/2026\\\/06\\\/logoubirataonline-1.webp\",\"contentUrl\":\"https:\\\/\\\/ubirataonline.com.br\\\/wp-content\\\/uploads\\\/2026\\\/06\\\/logoubirataonline-1.webp\",\"width\":500,\"height\":500,\"caption\":\"Ubirat\u00e3 Online Not\u00edcias\"}]}<\/script>\n<meta name=\"geo.placename\" content=\"UBIRATA\" \/>\n<meta name=\"geo.position\" content=\"-24.5361401;-52.9921776\" \/>\n<meta name=\"geo.region\" content=\"Brazil\" \/>\n<!-- \/ Yoast SEO Premium plugin. -->","yoast_head_json":{"title":"suspeito de sequestrar, matar e ocultar corpo e pastor - Ubirat\u00e3 Online Not\u00edcias - A realidade ao seu alcance!","description":"Crime b\u00e1rbaro no Distrito Federal Um crime b\u00e1rbaro chocou o Distrito Federal. O pastor italiano\u00a0Orazio Giuliani, de 80 anos, foi sequestrado, assassinado","robots":{"index":"index","follow":"follow","max-snippet":"max-snippet:-1","max-image-preview":"max-image-preview:large","max-video-preview":"max-video-preview:-1"},"canonical":"https:\/\/ubirataonline.com.br\/en\/suspeito-de-sequestrar-matar-e-ocultar-corpo-e-pastor\/","og_locale":"en_US","og_type":"article","og_title":"suspeito de sequestrar, matar e ocultar corpo e pastor","og_description":"Crime b\u00e1rbaro no Distrito Federal Um crime b\u00e1rbaro chocou o Distrito Federal. O pastor italiano\u00a0Orazio Giuliani, de 80 anos, foi sequestrado, assassinado","og_url":"https:\/\/ubirataonline.com.br\/en\/suspeito-de-sequestrar-matar-e-ocultar-corpo-e-pastor\/","og_site_name":"Ubirat\u00e3 Online Not\u00edcias - A realidade ao seu alcance!","article_publisher":"https:\/\/www.facebook.com\/portalubirataonline","article_author":"https:\/\/www.facebook.com\/portalubirataonline","article_published_time":"2026-04-16T01:37:47+00:00","article_modified_time":"2026-04-16T01:37:50+00:00","og_image":[{"width":546,"height":334,"url":"https:\/\/ubirataonline.com.br\/wp-content\/uploads\/2026\/04\/suspeito-de-sequestrar-matar-e-ocultar-corpo-e-pastor.jpg","type":"image\/jpeg"}],"author":"REDA\u00c7\u00c3O: UBIRAT\u00c3 ONLINE - F\u00c1BIO AUGUSTO CELESTINO","twitter_card":"summary_large_image","twitter_creator":"@x.com\/ubirataonline","twitter_site":"@ubirataonline","twitter_misc":{"Written by":"REDA\u00c7\u00c3O: UBIRAT\u00c3 ONLINE - F\u00c1BIO AUGUSTO CELESTINO","Est. reading time":"1 minute"},"schema":{"@context":"https:\/\/schema.org","@graph":[{"@type":"NewsArticle","@id":"https:\/\/ubirataonline.com.br\/suspeito-de-sequestrar-matar-e-ocultar-corpo-e-pastor\/#article","isPartOf":{"@id":"https:\/\/ubirataonline.com.br\/suspeito-de-sequestrar-matar-e-ocultar-corpo-e-pastor\/"},"author":{"name":"REDA\u00c7\u00c3O: UBIRAT\u00c3 ONLINE - F\u00c1BIO AUGUSTO CELESTINO","@id":"https:\/\/ubirataonline.com.br\/#\/schema\/person\/372f87bbd3fdd79b8556b84c98d0bc1c"},"headline":"suspeito de sequestrar, matar e ocultar corpo e pastor","datePublished":"2026-04-16T01:37:47+00:00","dateModified":"2026-04-16T01:37:50+00:00","mainEntityOfPage":{"@id":"https:\/\/ubirataonline.com.br\/suspeito-de-sequestrar-matar-e-ocultar-corpo-e-pastor\/"},"wordCount":302,"publisher":{"@id":"https:\/\/ubirataonline.com.br\/#organization"},"image":{"@id":"https:\/\/ubirataonline.com.br\/suspeito-de-sequestrar-matar-e-ocultar-corpo-e-pastor\/#primaryimage"},"thumbnailUrl":"https:\/\/ubirataonline.com.br\/wp-content\/uploads\/2026\/04\/suspeito-de-sequestrar-matar-e-ocultar-corpo-e-pastor.jpg","keywords":["Corpo","matar","ocultar","Pastor","sequestrar","suspeito"],"articleSection":["Ubirat\u00e3"],"inLanguage":"en-US","copyrightYear":"2026","copyrightHolder":{"@id":"https:\/\/ubirataonline.com.br\/en\/#organization"}},{"@type":"WebPage","@id":"https:\/\/ubirataonline.com.br\/suspeito-de-sequestrar-matar-e-ocultar-corpo-e-pastor\/","url":"https:\/\/ubirataonline.com.br\/suspeito-de-sequestrar-matar-e-ocultar-corpo-e-pastor\/","name":"suspeito de sequestrar, matar e ocultar corpo e pastor - Ubirat\u00e3 Online Not\u00edcias - A realidade ao seu alcance!","isPartOf":{"@id":"https:\/\/ubirataonline.com.br\/#website"},"primaryImageOfPage":{"@id":"https:\/\/ubirataonline.com.br\/suspeito-de-sequestrar-matar-e-ocultar-corpo-e-pastor\/#primaryimage"},"image":{"@id":"https:\/\/ubirataonline.com.br\/suspeito-de-sequestrar-matar-e-ocultar-corpo-e-pastor\/#primaryimage"},"thumbnailUrl":"https:\/\/ubirataonline.com.br\/wp-content\/uploads\/2026\/04\/suspeito-de-sequestrar-matar-e-ocultar-corpo-e-pastor.jpg","datePublished":"2026-04-16T01:37:47+00:00","dateModified":"2026-04-16T01:37:50+00:00","description":"Crime b\u00e1rbaro no Distrito Federal Um crime b\u00e1rbaro chocou o Distrito Federal. O pastor italiano\u00a0Orazio Giuliani, de 80 anos, foi sequestrado, assassinado","breadcrumb":{"@id":"https:\/\/ubirataonline.com.br\/suspeito-de-sequestrar-matar-e-ocultar-corpo-e-pastor\/#breadcrumb"},"inLanguage":"en-US","potentialAction":[{"@type":"ReadAction","target":["https:\/\/ubirataonline.com.br\/suspeito-de-sequestrar-matar-e-ocultar-corpo-e-pastor\/"]}]},{"@type":"ImageObject","inLanguage":"en-US","@id":"https:\/\/ubirataonline.com.br\/suspeito-de-sequestrar-matar-e-ocultar-corpo-e-pastor\/#primaryimage","url":"https:\/\/ubirataonline.com.br\/wp-content\/uploads\/2026\/04\/suspeito-de-sequestrar-matar-e-ocultar-corpo-e-pastor.jpg","contentUrl":"https:\/\/ubirataonline.com.br\/wp-content\/uploads\/2026\/04\/suspeito-de-sequestrar-matar-e-ocultar-corpo-e-pastor.jpg","width":546,"height":334,"caption":""},{"@type":"BreadcrumbList","@id":"https:\/\/ubirataonline.com.br\/suspeito-de-sequestrar-matar-e-ocultar-corpo-e-pastor\/#breadcrumb","itemListElement":[{"@type":"ListItem","position":1,"name":"In\u00edcio","item":"https:\/\/ubirataonline.com.br\/"},{"@type":"ListItem","position":2,"name":"suspeito de sequestrar, matar e ocultar corpo e pastor"}]},{"@type":"WebSite","@id":"https:\/\/ubirataonline.com.br\/#website","url":"https:\/\/ubirataonline.com.br\/","name":"Ubirat\u00e3 Online Not\u00edcias","description":"Not\u00edcias de Ubirat\u00e3, regi\u00e3o, Brasil e mundo, com informa\u00e7\u00e3o atualizada e compromisso com o leitor.","publisher":{"@id":"https:\/\/ubirataonline.com.br\/#organization"},"alternateName":"Ubirat\u00e3 Online","potentialAction":[{"@type":"SearchAction","target":{"@type":"EntryPoint","urlTemplate":"https:\/\/ubirataonline.com.br\/?s={search_term_string}"},"query-input":{"@type":"PropertyValueSpecification","valueRequired":true,"valueName":"search_term_string"}}],"inLanguage":"en-US"},{"@type":["Organization","Place"],"@id":"https:\/\/ubirataonline.com.br\/#organization","name":"Ubirat\u00e3 Online Not\u00edcias","alternateName":"Ubirat\u00e3 Online","url":"https:\/\/ubirataonline.com.br\/","logo":{"@id":"https:\/\/ubirataonline.com.br\/suspeito-de-sequestrar-matar-e-ocultar-corpo-e-pastor\/#local-main-organization-logo"},"image":{"@id":"https:\/\/ubirataonline.com.br\/suspeito-de-sequestrar-matar-e-ocultar-corpo-e-pastor\/#local-main-organization-logo"},"sameAs":["https:\/\/www.facebook.com\/portalubirataonline","https:\/\/x.com\/ubirataonline","https:\/\/mastodon.social\/@ubirataonline","https:\/\/www.facebook.com\/groups\/311144672285604","https:\/\/www.facebook.com\/UBTAOnline","https:\/\/www.instagram.com\/portalubirataonline\/","https:\/\/twitter.com\/ubirataonline"],"description":"Somos um portal de not\u00edcias independente, criado em 5 de janeiro de 2009, com o objetivo de informar, conectar e valorizar a nossa comunidade de Ubirat\u00e3 e toda aregi\u00e3o. Com conte\u00fado atualizado, confi\u00e1vel e relevante, o Ubirat\u00e3 Online \u00e9 o seu espa\u00e7o para ficar por dentro dos principais acontecimentos locais, regionais, Brasil, Mundo e de interesse geral. Nosso compromisso \u00e9 com a verdade, a transpar\u00eancia e o respeito ao leitor.","legalName":"UBIRATA ONLINE NOT\u00cdCIAS","foundingDate":"2009-01-05","numberOfEmployees":{"@type":"QuantitativeValue","minValue":"1","maxValue":"10"},"publishingPrinciples":"https:\/\/ubirataonline.com.br\/faq\/","address":{"@id":"https:\/\/ubirataonline.com.br\/suspeito-de-sequestrar-matar-e-ocultar-corpo-e-pastor\/#local-main-place-address"},"geo":{"@type":"GeoCoordinates","latitude":"-24.5361401","longitude":"-52.9921776"},"telephone":["+5544998308235"],"contactPoint":{"@type":"ContactPoint","email":"contato@ubirataonline.com.br"},"openingHoursSpecification":{"@type":"OpeningHoursSpecification","dayOfWeek":["Monday","Tuesday","Wednesday","Thursday","Friday","Saturday","Sunday"],"opens":"00:00","closes":"23:59"},"email":"contato@ubirataonline.com.br","vatID":"47.621.418\/0001-80"},{"@type":"Person","@id":"https:\/\/ubirataonline.com.br\/#\/schema\/person\/372f87bbd3fdd79b8556b84c98d0bc1c","name":"REDA\u00c7\u00c3O: UBIRAT\u00c3 ONLINE - F\u00c1BIO AUGUSTO CELESTINO","pronouns":"Ele","description":"Desde 2003 trabalhando com not\u00edcias.","sameAs":["http:\/\/ubirataoline.com.br","https:\/\/www.facebook.com\/portalubirataonline","https:\/\/www.instagram.com\/ubirataonline_oficial","https:\/\/x.com\/x.com\/ubirataonline"],"honorificPrefix":"Mr.","honorificSuffix":"MD","birthDate":"1980-06-16","gender":"masculino","award":["V\u00e1rios pr\u00eamios de melhor portal da cidade"],"jobTitle":"Diretor","url":"https:\/\/ubirataonline.com.br\/en\/author\/ubirataonline\/"},{"@type":"PostalAddress","@id":"https:\/\/ubirataonline.com.br\/suspeito-de-sequestrar-matar-e-ocultar-corpo-e-pastor\/#local-main-place-address","streetAddress":"Rua dos Coqueiros, 104 - Bairro Boa Vista, Rua dos Coqueiros, 104 Bairro Boa Vista","addressLocality":"UBIRATA","postalCode":"85440-000","addressRegion":"PR","addressCountry":"BR"},{"@type":"ImageObject","inLanguage":"en-US","@id":"https:\/\/ubirataonline.com.br\/suspeito-de-sequestrar-matar-e-ocultar-corpo-e-pastor\/#local-main-organization-logo","url":"https:\/\/ubirataonline.com.br\/wp-content\/uploads\/2026\/06\/logoubirataonline-1.webp","contentUrl":"https:\/\/ubirataonline.com.br\/wp-content\/uploads\/2026\/06\/logoubirataonline-1.webp","width":500,"height":500,"caption":"Ubirat\u00e3 Online Not\u00edcias"}]},"geo.placename":"UBIRATA","geo.position":{"lat":"-24.5361401","long":"-52.9921776"},"geo.region":"Brazil"},"_links":{"self":[{"href":"https:\/\/ubirataonline.com.br\/en\/wp-json\/wp\/v2\/posts\/108536","targetHints":{"allow":["GET"]}}],"collection":[{"href":"https:\/\/ubirataonline.com.br\/en\/wp-json\/wp\/v2\/posts"}],"about":[{"href":"https:\/\/ubirataonline.com.br\/en\/wp-json\/wp\/v2\/types\/post"}],"author":[{"embeddable":true,"href":"https:\/\/ubirataonline.com.br\/en\/wp-json\/wp\/v2\/users\/1"}],"replies":[{"embeddable":true,"href":"https:\/\/ubirataonline.com.br\/en\/wp-json\/wp\/v2\/comments?post=108536"}],"version-history":[{"count":0,"href":"https:\/\/ubirataonline.com.br\/en\/wp-json\/wp\/v2\/posts\/108536\/revisions"}],"wp:featuredmedia":[{"embeddable":true,"href":"https:\/\/ubirataonline.com.br\/en\/wp-json\/wp\/v2\/media\/108537"}],"wp:attachment":[{"href":"https:\/\/ubirataonline.com.br\/en\/wp-json\/wp\/v2\/media?parent=108536"}],"wp:term":[{"taxonomy":"category","embeddable":true,"href":"https:\/\/ubirataonline.com.br\/en\/wp-json\/wp\/v2\/categories?post=108536"},{"taxonomy":"post_tag","embeddable":true,"href":"https:\/\/ubirataonline.com.br\/en\/wp-json\/wp\/v2\/tags?post=108536"}],"curies":[{"name":"wp","href":"https:\/\/api.w.org\/{rel}","templated":true}]}}