{"id":108579,"date":"2026-04-15T23:35:36","date_gmt":"2026-04-16T02:35:36","guid":{"rendered":"https:\/\/ubirataonline.com.br\/nova-namorada-de-pedro-raul-do-corinthians-e-empresaria-influenciadora-e-ja-foi-capa-de-revista\/"},"modified":"2026-04-15T23:35:41","modified_gmt":"2026-04-16T02:35:41","slug":"nova-namorada-de-pedro-raul-do-corinthians-e-empresaria-influenciadora-e-ja-foi-capa-de-revista","status":"publish","type":"post","link":"https:\/\/ubirataonline.com.br\/en\/nova-namorada-de-pedro-raul-do-corinthians-e-empresaria-influenciadora-e-ja-foi-capa-de-revista\/","title":{"rendered":"nova namorada de Pedro Raul, do Corinthians, \u00e9 empres\u00e1ria, influenciadora e j\u00e1 foi capa de revista"},"content":{"rendered":"<p><\/p>\n<div data-block-type=\"unstyled\" data-block-weight=\"29\">\n<p class=\"content-text__container\" data-track-category=\"Link no Texto\" data-track-links=\"\"> Nas redes sociais, os dois apareceram de m\u00e3os dadas indo a um jantar rom\u00e2ntico. O momento chamou a aten\u00e7\u00e3o dos seguidores, j\u00e1 que ela tamb\u00e9m \u00e9 uma pessoa p\u00fablica. <\/p>\n<\/p><\/div>\n<div data-block-type=\"unstyled\" data-block-weight=\"48\">\n<p class=\"content-text__container\" data-track-category=\"Link no Texto\" data-track-links=\"\"> Aos 29 anos, <strong>Aline Marquez<\/strong> \u00e9 influenciadora de moda e beleza e criadora de conte\u00fado. Ela tamb\u00e9m \u00e9 empres\u00e1ria, j\u00e1 que \u00e9 propriet\u00e1ria de uma marca de moda. Em 2020, uma das empresas da influenciadora foi adquirida pelo grupo AMC T\u00eaxtil, que inclui Colcci, Forum, Open e Triton. <\/p>\n<\/p><\/div>\n<p><a href=\"https:\/\/revistamarieclaire.globo.com\/celebridades\/noticia\/2026\/04\/aline-marquez-quem-e-a-nova-namorada-de-pedro-raul-jogador-do-corinthians.ghtml\">Fonte do Artigo <\/a><\/p>","protected":false},"excerpt":{"rendered":"<p>Nas redes sociais, os dois apareceram de m\u00e3os dadas indo a um jantar rom\u00e2ntico. O momento chamou a aten\u00e7\u00e3o dos seguidores, j\u00e1 que ela tamb\u00e9m \u00e9 uma pessoa p\u00fablica. Aos 29 anos, Aline Marquez \u00e9 influenciadora de moda e beleza e criadora de conte\u00fado. Ela tamb\u00e9m \u00e9 empres\u00e1ria, j\u00e1 que \u00e9 propriet\u00e1ria de uma marca [&hellip;]<\/p>\n","protected":false},"author":1,"featured_media":108580,"comment_status":"closed","ping_status":"","sticky":false,"template":"","format":"standard","meta":{"googlesitekit_rrm_CAow2JLhCw:productID":"","_gspb_post_css":"","maa_idioma":"","maa_pais":"","footnotes":""},"categories":[4],"tags":[28784,4041,9951,4327,9471,5099,7399,3679,8567,7378,28785],"class_list":["post-108579","post","type-post","status-publish","format-standard","has-post-thumbnail","hentry","category-brasil","tag-capa","tag-corinthians","tag-empresaria","tag-foi","tag-influenciadora","tag-ja","tag-namorada","tag-nova","tag-pedro","tag-raul","tag-revista"],"blocksy_meta":[],"yoast_head":"<!-- This site is optimized with the Yoast SEO Premium plugin v27.6 (Yoast SEO v27.6) - https:\/\/yoast.com\/product\/yoast-seo-premium-wordpress\/ -->\n<title>nova namorada de Pedro Raul, do Corinthians, \u00e9 empres\u00e1ria, influenciadora e j\u00e1 foi capa de revista - Ubirat\u00e3 Online Not\u00edcias - A realidade ao seu alcance!<\/title>\n<meta name=\"description\" content=\"Nas redes sociais, os dois apareceram de m\u00e3os dadas indo a um jantar rom\u00e2ntico. O momento chamou a aten\u00e7\u00e3o dos seguidores, j\u00e1 que ela tamb\u00e9m \u00e9 uma pessoa\" \/>\n<meta name=\"robots\" content=\"index, follow, max-snippet:-1, max-image-preview:large, max-video-preview:-1\" \/>\n<link rel=\"canonical\" href=\"https:\/\/ubirataonline.com.br\/en\/nova-namorada-de-pedro-raul-do-corinthians-e-empresaria-influenciadora-e-ja-foi-capa-de-revista\/\" \/>\n<meta property=\"og:locale\" content=\"en_US\" \/>\n<meta property=\"og:type\" content=\"article\" \/>\n<meta property=\"og:title\" content=\"nova namorada de Pedro Raul, do Corinthians, \u00e9 empres\u00e1ria, influenciadora e j\u00e1 foi capa de revista\" \/>\n<meta property=\"og:description\" content=\"Nas redes sociais, os dois apareceram de m\u00e3os dadas indo a um jantar rom\u00e2ntico. O momento chamou a aten\u00e7\u00e3o dos seguidores, j\u00e1 que ela tamb\u00e9m \u00e9 uma pessoa\" \/>\n<meta property=\"og:url\" content=\"https:\/\/ubirataonline.com.br\/en\/nova-namorada-de-pedro-raul-do-corinthians-e-empresaria-influenciadora-e-ja-foi-capa-de-revista\/\" \/>\n<meta property=\"og:site_name\" content=\"Ubirat\u00e3 Online Not\u00edcias - A realidade ao seu alcance!\" \/>\n<meta property=\"article:publisher\" content=\"https:\/\/www.facebook.com\/portalubirataonline\" \/>\n<meta property=\"article:author\" content=\"https:\/\/www.facebook.com\/portalubirataonline\" \/>\n<meta property=\"article:published_time\" content=\"2026-04-16T02:35:36+00:00\" \/>\n<meta property=\"article:modified_time\" content=\"2026-04-16T02:35:41+00:00\" \/>\n<meta property=\"og:image\" content=\"https:\/\/ubirataonline.com.br\/wp-content\/uploads\/2026\/04\/nova-namorada-de-Pedro-Raul-do-Corinthians-e-empresaria-influenciadora.jpg\" \/>\n\t<meta property=\"og:image:width\" content=\"1920\" \/>\n\t<meta property=\"og:image:height\" content=\"1080\" \/>\n\t<meta property=\"og:image:type\" content=\"image\/jpeg\" \/>\n<meta name=\"author\" content=\"REDA\u00c7\u00c3O: UBIRAT\u00c3 ONLINE - F\u00c1BIO AUGUSTO CELESTINO\" \/>\n<meta name=\"twitter:card\" content=\"summary_large_image\" \/>\n<meta name=\"twitter:creator\" content=\"@x.com\/ubirataonline\" \/>\n<meta name=\"twitter:site\" content=\"@ubirataonline\" \/>\n<meta name=\"twitter:label1\" content=\"Written by\" \/>\n\t<meta name=\"twitter:data1\" content=\"REDA\u00c7\u00c3O: UBIRAT\u00c3 ONLINE - F\u00c1BIO AUGUSTO CELESTINO\" \/>\n<script type=\"application\/ld+json\" class=\"yoast-schema-graph\">{\"@context\":\"https:\\\/\\\/schema.org\",\"@graph\":[{\"@type\":\"NewsArticle\",\"@id\":\"https:\\\/\\\/ubirataonline.com.br\\\/nova-namorada-de-pedro-raul-do-corinthians-e-empresaria-influenciadora-e-ja-foi-capa-de-revista\\\/#article\",\"isPartOf\":{\"@id\":\"https:\\\/\\\/ubirataonline.com.br\\\/nova-namorada-de-pedro-raul-do-corinthians-e-empresaria-influenciadora-e-ja-foi-capa-de-revista\\\/\"},\"author\":{\"name\":\"REDA\u00c7\u00c3O: UBIRAT\u00c3 ONLINE - F\u00c1BIO AUGUSTO CELESTINO\",\"@id\":\"https:\\\/\\\/ubirataonline.com.br\\\/#\\\/schema\\\/person\\\/372f87bbd3fdd79b8556b84c98d0bc1c\"},\"headline\":\"nova namorada de Pedro Raul, do Corinthians, \u00e9 empres\u00e1ria, influenciadora e j\u00e1 foi capa de revista\",\"datePublished\":\"2026-04-16T02:35:36+00:00\",\"dateModified\":\"2026-04-16T02:35:41+00:00\",\"mainEntityOfPage\":{\"@id\":\"https:\\\/\\\/ubirataonline.com.br\\\/nova-namorada-de-pedro-raul-do-corinthians-e-empresaria-influenciadora-e-ja-foi-capa-de-revista\\\/\"},\"wordCount\":100,\"publisher\":{\"@id\":\"https:\\\/\\\/ubirataonline.com.br\\\/#organization\"},\"image\":{\"@id\":\"https:\\\/\\\/ubirataonline.com.br\\\/nova-namorada-de-pedro-raul-do-corinthians-e-empresaria-influenciadora-e-ja-foi-capa-de-revista\\\/#primaryimage\"},\"thumbnailUrl\":\"https:\\\/\\\/ubirataonline.com.br\\\/wp-content\\\/uploads\\\/2026\\\/04\\\/nova-namorada-de-Pedro-Raul-do-Corinthians-e-empresaria-influenciadora.jpg\",\"keywords\":[\"capa\",\"Corinthians\",\"Empres\u00e1ria\",\"foi\",\"influenciadora\",\"j\u00e1\",\"Namorada\",\"Nova\",\"Pedro\",\"Raul\",\"revista\"],\"articleSection\":[\"Brasil\"],\"inLanguage\":\"en-US\",\"copyrightYear\":\"2026\",\"copyrightHolder\":{\"@id\":\"https:\\\/\\\/ubirataonline.com.br\\\/en\\\/#organization\"}},{\"@type\":\"WebPage\",\"@id\":\"https:\\\/\\\/ubirataonline.com.br\\\/nova-namorada-de-pedro-raul-do-corinthians-e-empresaria-influenciadora-e-ja-foi-capa-de-revista\\\/\",\"url\":\"https:\\\/\\\/ubirataonline.com.br\\\/nova-namorada-de-pedro-raul-do-corinthians-e-empresaria-influenciadora-e-ja-foi-capa-de-revista\\\/\",\"name\":\"nova namorada de Pedro Raul, do Corinthians, \u00e9 empres\u00e1ria, influenciadora e j\u00e1 foi capa de revista - Ubirat\u00e3 Online Not\u00edcias - A realidade ao seu alcance!\",\"isPartOf\":{\"@id\":\"https:\\\/\\\/ubirataonline.com.br\\\/#website\"},\"primaryImageOfPage\":{\"@id\":\"https:\\\/\\\/ubirataonline.com.br\\\/nova-namorada-de-pedro-raul-do-corinthians-e-empresaria-influenciadora-e-ja-foi-capa-de-revista\\\/#primaryimage\"},\"image\":{\"@id\":\"https:\\\/\\\/ubirataonline.com.br\\\/nova-namorada-de-pedro-raul-do-corinthians-e-empresaria-influenciadora-e-ja-foi-capa-de-revista\\\/#primaryimage\"},\"thumbnailUrl\":\"https:\\\/\\\/ubirataonline.com.br\\\/wp-content\\\/uploads\\\/2026\\\/04\\\/nova-namorada-de-Pedro-Raul-do-Corinthians-e-empresaria-influenciadora.jpg\",\"datePublished\":\"2026-04-16T02:35:36+00:00\",\"dateModified\":\"2026-04-16T02:35:41+00:00\",\"description\":\"Nas redes sociais, os dois apareceram de m\u00e3os dadas indo a um jantar rom\u00e2ntico. O momento chamou a aten\u00e7\u00e3o dos seguidores, j\u00e1 que ela tamb\u00e9m \u00e9 uma pessoa\",\"breadcrumb\":{\"@id\":\"https:\\\/\\\/ubirataonline.com.br\\\/nova-namorada-de-pedro-raul-do-corinthians-e-empresaria-influenciadora-e-ja-foi-capa-de-revista\\\/#breadcrumb\"},\"inLanguage\":\"en-US\",\"potentialAction\":[{\"@type\":\"ReadAction\",\"target\":[\"https:\\\/\\\/ubirataonline.com.br\\\/nova-namorada-de-pedro-raul-do-corinthians-e-empresaria-influenciadora-e-ja-foi-capa-de-revista\\\/\"]}]},{\"@type\":\"ImageObject\",\"inLanguage\":\"en-US\",\"@id\":\"https:\\\/\\\/ubirataonline.com.br\\\/nova-namorada-de-pedro-raul-do-corinthians-e-empresaria-influenciadora-e-ja-foi-capa-de-revista\\\/#primaryimage\",\"url\":\"https:\\\/\\\/ubirataonline.com.br\\\/wp-content\\\/uploads\\\/2026\\\/04\\\/nova-namorada-de-Pedro-Raul-do-Corinthians-e-empresaria-influenciadora.jpg\",\"contentUrl\":\"https:\\\/\\\/ubirataonline.com.br\\\/wp-content\\\/uploads\\\/2026\\\/04\\\/nova-namorada-de-Pedro-Raul-do-Corinthians-e-empresaria-influenciadora.jpg\",\"width\":1920,\"height\":1080,\"caption\":\"Aline Marquez: quem \u00e9 a nova namorada de Pedro Raul, jogador do Corinthians \u2014 Foto: Reprodu\u00e7\u00e3o\\\/ Instagram\"},{\"@type\":\"BreadcrumbList\",\"@id\":\"https:\\\/\\\/ubirataonline.com.br\\\/nova-namorada-de-pedro-raul-do-corinthians-e-empresaria-influenciadora-e-ja-foi-capa-de-revista\\\/#breadcrumb\",\"itemListElement\":[{\"@type\":\"ListItem\",\"position\":1,\"name\":\"In\u00edcio\",\"item\":\"https:\\\/\\\/ubirataonline.com.br\\\/\"},{\"@type\":\"ListItem\",\"position\":2,\"name\":\"nova namorada de Pedro Raul, do Corinthians, \u00e9 empres\u00e1ria, influenciadora e j\u00e1 foi capa de revista\"}]},{\"@type\":\"WebSite\",\"@id\":\"https:\\\/\\\/ubirataonline.com.br\\\/#website\",\"url\":\"https:\\\/\\\/ubirataonline.com.br\\\/\",\"name\":\"Ubirat\u00e3 Online Not\u00edcias\",\"description\":\"Not\u00edcias de Ubirat\u00e3, regi\u00e3o, Brasil e mundo, com informa\u00e7\u00e3o atualizada e compromisso com o leitor.\",\"publisher\":{\"@id\":\"https:\\\/\\\/ubirataonline.com.br\\\/#organization\"},\"alternateName\":\"Ubirat\u00e3 Online\",\"potentialAction\":[{\"@type\":\"SearchAction\",\"target\":{\"@type\":\"EntryPoint\",\"urlTemplate\":\"https:\\\/\\\/ubirataonline.com.br\\\/?s={search_term_string}\"},\"query-input\":{\"@type\":\"PropertyValueSpecification\",\"valueRequired\":true,\"valueName\":\"search_term_string\"}}],\"inLanguage\":\"en-US\"},{\"@type\":[\"Organization\",\"Place\"],\"@id\":\"https:\\\/\\\/ubirataonline.com.br\\\/#organization\",\"name\":\"Ubirat\u00e3 Online Not\u00edcias\",\"alternateName\":\"Ubirat\u00e3 Online\",\"url\":\"https:\\\/\\\/ubirataonline.com.br\\\/\",\"logo\":{\"@id\":\"https:\\\/\\\/ubirataonline.com.br\\\/nova-namorada-de-pedro-raul-do-corinthians-e-empresaria-influenciadora-e-ja-foi-capa-de-revista\\\/#local-main-organization-logo\"},\"image\":{\"@id\":\"https:\\\/\\\/ubirataonline.com.br\\\/nova-namorada-de-pedro-raul-do-corinthians-e-empresaria-influenciadora-e-ja-foi-capa-de-revista\\\/#local-main-organization-logo\"},\"sameAs\":[\"https:\\\/\\\/www.facebook.com\\\/portalubirataonline\",\"https:\\\/\\\/x.com\\\/ubirataonline\",\"https:\\\/\\\/mastodon.social\\\/@ubirataonline\",\"https:\\\/\\\/www.facebook.com\\\/groups\\\/311144672285604\",\"https:\\\/\\\/www.facebook.com\\\/UBTAOnline\",\"https:\\\/\\\/www.instagram.com\\\/portalubirataonline\\\/\",\"https:\\\/\\\/twitter.com\\\/ubirataonline\"],\"description\":\"Somos um portal de not\u00edcias independente, criado em 5 de janeiro de 2009, com o objetivo de informar, conectar e valorizar a nossa comunidade de Ubirat\u00e3 e toda aregi\u00e3o. Com conte\u00fado atualizado, confi\u00e1vel e relevante, o Ubirat\u00e3 Online \u00e9 o seu espa\u00e7o para ficar por dentro dos principais acontecimentos locais, regionais, Brasil, Mundo e de interesse geral. Nosso compromisso \u00e9 com a verdade, a transpar\u00eancia e o respeito ao leitor.\",\"legalName\":\"UBIRATA ONLINE NOT\u00cdCIAS\",\"foundingDate\":\"2009-01-05\",\"numberOfEmployees\":{\"@type\":\"QuantitativeValue\",\"minValue\":\"1\",\"maxValue\":\"10\"},\"publishingPrinciples\":\"https:\\\/\\\/ubirataonline.com.br\\\/faq\\\/\",\"address\":{\"@id\":\"https:\\\/\\\/ubirataonline.com.br\\\/nova-namorada-de-pedro-raul-do-corinthians-e-empresaria-influenciadora-e-ja-foi-capa-de-revista\\\/#local-main-place-address\"},\"geo\":{\"@type\":\"GeoCoordinates\",\"latitude\":\"-24.5361401\",\"longitude\":\"-52.9921776\"},\"telephone\":[\"+5544998308235\"],\"contactPoint\":{\"@type\":\"ContactPoint\",\"email\":\"contato@ubirataonline.com.br\"},\"openingHoursSpecification\":{\"@type\":\"OpeningHoursSpecification\",\"dayOfWeek\":[\"Monday\",\"Tuesday\",\"Wednesday\",\"Thursday\",\"Friday\",\"Saturday\",\"Sunday\"],\"opens\":\"00:00\",\"closes\":\"23:59\"},\"email\":\"contato@ubirataonline.com.br\",\"vatID\":\"47.621.418\\\/0001-80\"},{\"@type\":\"Person\",\"@id\":\"https:\\\/\\\/ubirataonline.com.br\\\/#\\\/schema\\\/person\\\/372f87bbd3fdd79b8556b84c98d0bc1c\",\"name\":\"REDA\u00c7\u00c3O: UBIRAT\u00c3 ONLINE - F\u00c1BIO AUGUSTO CELESTINO\",\"pronouns\":\"Ele\",\"description\":\"Desde 2003 trabalhando com not\u00edcias.\",\"sameAs\":[\"http:\\\/\\\/ubirataoline.com.br\",\"https:\\\/\\\/www.facebook.com\\\/portalubirataonline\",\"https:\\\/\\\/www.instagram.com\\\/ubirataonline_oficial\",\"https:\\\/\\\/x.com\\\/x.com\\\/ubirataonline\"],\"honorificPrefix\":\"Mr.\",\"honorificSuffix\":\"MD\",\"birthDate\":\"1980-06-16\",\"gender\":\"masculino\",\"award\":[\"V\u00e1rios pr\u00eamios de melhor portal da cidade\"],\"jobTitle\":\"Diretor\",\"url\":\"https:\\\/\\\/ubirataonline.com.br\\\/en\\\/author\\\/ubirataonline\\\/\"},{\"@type\":\"PostalAddress\",\"@id\":\"https:\\\/\\\/ubirataonline.com.br\\\/nova-namorada-de-pedro-raul-do-corinthians-e-empresaria-influenciadora-e-ja-foi-capa-de-revista\\\/#local-main-place-address\",\"streetAddress\":\"Rua dos Coqueiros, 104 - Bairro Boa Vista, Rua dos Coqueiros, 104 Bairro Boa Vista\",\"addressLocality\":\"UBIRATA\",\"postalCode\":\"85440-000\",\"addressRegion\":\"PR\",\"addressCountry\":\"BR\"},{\"@type\":\"ImageObject\",\"inLanguage\":\"en-US\",\"@id\":\"https:\\\/\\\/ubirataonline.com.br\\\/nova-namorada-de-pedro-raul-do-corinthians-e-empresaria-influenciadora-e-ja-foi-capa-de-revista\\\/#local-main-organization-logo\",\"url\":\"https:\\\/\\\/ubirataonline.com.br\\\/wp-content\\\/uploads\\\/2026\\\/06\\\/logoubirataonline-1.webp\",\"contentUrl\":\"https:\\\/\\\/ubirataonline.com.br\\\/wp-content\\\/uploads\\\/2026\\\/06\\\/logoubirataonline-1.webp\",\"width\":500,\"height\":500,\"caption\":\"Ubirat\u00e3 Online Not\u00edcias\"}]}<\/script>\n<meta name=\"geo.placename\" content=\"UBIRATA\" \/>\n<meta name=\"geo.position\" content=\"-24.5361401;-52.9921776\" \/>\n<meta name=\"geo.region\" content=\"Brazil\" \/>\n<!-- \/ Yoast SEO Premium plugin. -->","yoast_head_json":{"title":"nova namorada de Pedro Raul, do Corinthians, \u00e9 empres\u00e1ria, influenciadora e j\u00e1 foi capa de revista - Ubirat\u00e3 Online Not\u00edcias - A realidade ao seu alcance!","description":"Nas redes sociais, os dois apareceram de m\u00e3os dadas indo a um jantar rom\u00e2ntico. O momento chamou a aten\u00e7\u00e3o dos seguidores, j\u00e1 que ela tamb\u00e9m \u00e9 uma pessoa","robots":{"index":"index","follow":"follow","max-snippet":"max-snippet:-1","max-image-preview":"max-image-preview:large","max-video-preview":"max-video-preview:-1"},"canonical":"https:\/\/ubirataonline.com.br\/en\/nova-namorada-de-pedro-raul-do-corinthians-e-empresaria-influenciadora-e-ja-foi-capa-de-revista\/","og_locale":"en_US","og_type":"article","og_title":"nova namorada de Pedro Raul, do Corinthians, \u00e9 empres\u00e1ria, influenciadora e j\u00e1 foi capa de revista","og_description":"Nas redes sociais, os dois apareceram de m\u00e3os dadas indo a um jantar rom\u00e2ntico. O momento chamou a aten\u00e7\u00e3o dos seguidores, j\u00e1 que ela tamb\u00e9m \u00e9 uma pessoa","og_url":"https:\/\/ubirataonline.com.br\/en\/nova-namorada-de-pedro-raul-do-corinthians-e-empresaria-influenciadora-e-ja-foi-capa-de-revista\/","og_site_name":"Ubirat\u00e3 Online Not\u00edcias - A realidade ao seu alcance!","article_publisher":"https:\/\/www.facebook.com\/portalubirataonline","article_author":"https:\/\/www.facebook.com\/portalubirataonline","article_published_time":"2026-04-16T02:35:36+00:00","article_modified_time":"2026-04-16T02:35:41+00:00","og_image":[{"width":1920,"height":1080,"url":"https:\/\/ubirataonline.com.br\/wp-content\/uploads\/2026\/04\/nova-namorada-de-Pedro-Raul-do-Corinthians-e-empresaria-influenciadora.jpg","type":"image\/jpeg"}],"author":"REDA\u00c7\u00c3O: UBIRAT\u00c3 ONLINE - F\u00c1BIO AUGUSTO CELESTINO","twitter_card":"summary_large_image","twitter_creator":"@x.com\/ubirataonline","twitter_site":"@ubirataonline","twitter_misc":{"Written by":"REDA\u00c7\u00c3O: UBIRAT\u00c3 ONLINE - F\u00c1BIO AUGUSTO CELESTINO"},"schema":{"@context":"https:\/\/schema.org","@graph":[{"@type":"NewsArticle","@id":"https:\/\/ubirataonline.com.br\/nova-namorada-de-pedro-raul-do-corinthians-e-empresaria-influenciadora-e-ja-foi-capa-de-revista\/#article","isPartOf":{"@id":"https:\/\/ubirataonline.com.br\/nova-namorada-de-pedro-raul-do-corinthians-e-empresaria-influenciadora-e-ja-foi-capa-de-revista\/"},"author":{"name":"REDA\u00c7\u00c3O: UBIRAT\u00c3 ONLINE - F\u00c1BIO AUGUSTO CELESTINO","@id":"https:\/\/ubirataonline.com.br\/#\/schema\/person\/372f87bbd3fdd79b8556b84c98d0bc1c"},"headline":"nova namorada de Pedro Raul, do Corinthians, \u00e9 empres\u00e1ria, influenciadora e j\u00e1 foi capa de revista","datePublished":"2026-04-16T02:35:36+00:00","dateModified":"2026-04-16T02:35:41+00:00","mainEntityOfPage":{"@id":"https:\/\/ubirataonline.com.br\/nova-namorada-de-pedro-raul-do-corinthians-e-empresaria-influenciadora-e-ja-foi-capa-de-revista\/"},"wordCount":100,"publisher":{"@id":"https:\/\/ubirataonline.com.br\/#organization"},"image":{"@id":"https:\/\/ubirataonline.com.br\/nova-namorada-de-pedro-raul-do-corinthians-e-empresaria-influenciadora-e-ja-foi-capa-de-revista\/#primaryimage"},"thumbnailUrl":"https:\/\/ubirataonline.com.br\/wp-content\/uploads\/2026\/04\/nova-namorada-de-Pedro-Raul-do-Corinthians-e-empresaria-influenciadora.jpg","keywords":["capa","Corinthians","Empres\u00e1ria","foi","influenciadora","j\u00e1","Namorada","Nova","Pedro","Raul","revista"],"articleSection":["Brasil"],"inLanguage":"en-US","copyrightYear":"2026","copyrightHolder":{"@id":"https:\/\/ubirataonline.com.br\/en\/#organization"}},{"@type":"WebPage","@id":"https:\/\/ubirataonline.com.br\/nova-namorada-de-pedro-raul-do-corinthians-e-empresaria-influenciadora-e-ja-foi-capa-de-revista\/","url":"https:\/\/ubirataonline.com.br\/nova-namorada-de-pedro-raul-do-corinthians-e-empresaria-influenciadora-e-ja-foi-capa-de-revista\/","name":"nova namorada de Pedro Raul, do Corinthians, \u00e9 empres\u00e1ria, influenciadora e j\u00e1 foi capa de revista - Ubirat\u00e3 Online Not\u00edcias - A realidade ao seu alcance!","isPartOf":{"@id":"https:\/\/ubirataonline.com.br\/#website"},"primaryImageOfPage":{"@id":"https:\/\/ubirataonline.com.br\/nova-namorada-de-pedro-raul-do-corinthians-e-empresaria-influenciadora-e-ja-foi-capa-de-revista\/#primaryimage"},"image":{"@id":"https:\/\/ubirataonline.com.br\/nova-namorada-de-pedro-raul-do-corinthians-e-empresaria-influenciadora-e-ja-foi-capa-de-revista\/#primaryimage"},"thumbnailUrl":"https:\/\/ubirataonline.com.br\/wp-content\/uploads\/2026\/04\/nova-namorada-de-Pedro-Raul-do-Corinthians-e-empresaria-influenciadora.jpg","datePublished":"2026-04-16T02:35:36+00:00","dateModified":"2026-04-16T02:35:41+00:00","description":"Nas redes sociais, os dois apareceram de m\u00e3os dadas indo a um jantar rom\u00e2ntico. O momento chamou a aten\u00e7\u00e3o dos seguidores, j\u00e1 que ela tamb\u00e9m \u00e9 uma pessoa","breadcrumb":{"@id":"https:\/\/ubirataonline.com.br\/nova-namorada-de-pedro-raul-do-corinthians-e-empresaria-influenciadora-e-ja-foi-capa-de-revista\/#breadcrumb"},"inLanguage":"en-US","potentialAction":[{"@type":"ReadAction","target":["https:\/\/ubirataonline.com.br\/nova-namorada-de-pedro-raul-do-corinthians-e-empresaria-influenciadora-e-ja-foi-capa-de-revista\/"]}]},{"@type":"ImageObject","inLanguage":"en-US","@id":"https:\/\/ubirataonline.com.br\/nova-namorada-de-pedro-raul-do-corinthians-e-empresaria-influenciadora-e-ja-foi-capa-de-revista\/#primaryimage","url":"https:\/\/ubirataonline.com.br\/wp-content\/uploads\/2026\/04\/nova-namorada-de-Pedro-Raul-do-Corinthians-e-empresaria-influenciadora.jpg","contentUrl":"https:\/\/ubirataonline.com.br\/wp-content\/uploads\/2026\/04\/nova-namorada-de-Pedro-Raul-do-Corinthians-e-empresaria-influenciadora.jpg","width":1920,"height":1080,"caption":"Aline Marquez: quem \u00e9 a nova namorada de Pedro Raul, jogador do Corinthians \u2014 Foto: Reprodu\u00e7\u00e3o\/ Instagram"},{"@type":"BreadcrumbList","@id":"https:\/\/ubirataonline.com.br\/nova-namorada-de-pedro-raul-do-corinthians-e-empresaria-influenciadora-e-ja-foi-capa-de-revista\/#breadcrumb","itemListElement":[{"@type":"ListItem","position":1,"name":"In\u00edcio","item":"https:\/\/ubirataonline.com.br\/"},{"@type":"ListItem","position":2,"name":"nova namorada de Pedro Raul, do Corinthians, \u00e9 empres\u00e1ria, influenciadora e j\u00e1 foi capa de revista"}]},{"@type":"WebSite","@id":"https:\/\/ubirataonline.com.br\/#website","url":"https:\/\/ubirataonline.com.br\/","name":"Ubirat\u00e3 Online Not\u00edcias","description":"Not\u00edcias de Ubirat\u00e3, regi\u00e3o, Brasil e mundo, com informa\u00e7\u00e3o atualizada e compromisso com o leitor.","publisher":{"@id":"https:\/\/ubirataonline.com.br\/#organization"},"alternateName":"Ubirat\u00e3 Online","potentialAction":[{"@type":"SearchAction","target":{"@type":"EntryPoint","urlTemplate":"https:\/\/ubirataonline.com.br\/?s={search_term_string}"},"query-input":{"@type":"PropertyValueSpecification","valueRequired":true,"valueName":"search_term_string"}}],"inLanguage":"en-US"},{"@type":["Organization","Place"],"@id":"https:\/\/ubirataonline.com.br\/#organization","name":"Ubirat\u00e3 Online Not\u00edcias","alternateName":"Ubirat\u00e3 Online","url":"https:\/\/ubirataonline.com.br\/","logo":{"@id":"https:\/\/ubirataonline.com.br\/nova-namorada-de-pedro-raul-do-corinthians-e-empresaria-influenciadora-e-ja-foi-capa-de-revista\/#local-main-organization-logo"},"image":{"@id":"https:\/\/ubirataonline.com.br\/nova-namorada-de-pedro-raul-do-corinthians-e-empresaria-influenciadora-e-ja-foi-capa-de-revista\/#local-main-organization-logo"},"sameAs":["https:\/\/www.facebook.com\/portalubirataonline","https:\/\/x.com\/ubirataonline","https:\/\/mastodon.social\/@ubirataonline","https:\/\/www.facebook.com\/groups\/311144672285604","https:\/\/www.facebook.com\/UBTAOnline","https:\/\/www.instagram.com\/portalubirataonline\/","https:\/\/twitter.com\/ubirataonline"],"description":"Somos um portal de not\u00edcias independente, criado em 5 de janeiro de 2009, com o objetivo de informar, conectar e valorizar a nossa comunidade de Ubirat\u00e3 e toda aregi\u00e3o. Com conte\u00fado atualizado, confi\u00e1vel e relevante, o Ubirat\u00e3 Online \u00e9 o seu espa\u00e7o para ficar por dentro dos principais acontecimentos locais, regionais, Brasil, Mundo e de interesse geral. Nosso compromisso \u00e9 com a verdade, a transpar\u00eancia e o respeito ao leitor.","legalName":"UBIRATA ONLINE NOT\u00cdCIAS","foundingDate":"2009-01-05","numberOfEmployees":{"@type":"QuantitativeValue","minValue":"1","maxValue":"10"},"publishingPrinciples":"https:\/\/ubirataonline.com.br\/faq\/","address":{"@id":"https:\/\/ubirataonline.com.br\/nova-namorada-de-pedro-raul-do-corinthians-e-empresaria-influenciadora-e-ja-foi-capa-de-revista\/#local-main-place-address"},"geo":{"@type":"GeoCoordinates","latitude":"-24.5361401","longitude":"-52.9921776"},"telephone":["+5544998308235"],"contactPoint":{"@type":"ContactPoint","email":"contato@ubirataonline.com.br"},"openingHoursSpecification":{"@type":"OpeningHoursSpecification","dayOfWeek":["Monday","Tuesday","Wednesday","Thursday","Friday","Saturday","Sunday"],"opens":"00:00","closes":"23:59"},"email":"contato@ubirataonline.com.br","vatID":"47.621.418\/0001-80"},{"@type":"Person","@id":"https:\/\/ubirataonline.com.br\/#\/schema\/person\/372f87bbd3fdd79b8556b84c98d0bc1c","name":"REDA\u00c7\u00c3O: UBIRAT\u00c3 ONLINE - F\u00c1BIO AUGUSTO CELESTINO","pronouns":"Ele","description":"Desde 2003 trabalhando com not\u00edcias.","sameAs":["http:\/\/ubirataoline.com.br","https:\/\/www.facebook.com\/portalubirataonline","https:\/\/www.instagram.com\/ubirataonline_oficial","https:\/\/x.com\/x.com\/ubirataonline"],"honorificPrefix":"Mr.","honorificSuffix":"MD","birthDate":"1980-06-16","gender":"masculino","award":["V\u00e1rios pr\u00eamios de melhor portal da cidade"],"jobTitle":"Diretor","url":"https:\/\/ubirataonline.com.br\/en\/author\/ubirataonline\/"},{"@type":"PostalAddress","@id":"https:\/\/ubirataonline.com.br\/nova-namorada-de-pedro-raul-do-corinthians-e-empresaria-influenciadora-e-ja-foi-capa-de-revista\/#local-main-place-address","streetAddress":"Rua dos Coqueiros, 104 - Bairro Boa Vista, Rua dos Coqueiros, 104 Bairro Boa Vista","addressLocality":"UBIRATA","postalCode":"85440-000","addressRegion":"PR","addressCountry":"BR"},{"@type":"ImageObject","inLanguage":"en-US","@id":"https:\/\/ubirataonline.com.br\/nova-namorada-de-pedro-raul-do-corinthians-e-empresaria-influenciadora-e-ja-foi-capa-de-revista\/#local-main-organization-logo","url":"https:\/\/ubirataonline.com.br\/wp-content\/uploads\/2026\/06\/logoubirataonline-1.webp","contentUrl":"https:\/\/ubirataonline.com.br\/wp-content\/uploads\/2026\/06\/logoubirataonline-1.webp","width":500,"height":500,"caption":"Ubirat\u00e3 Online Not\u00edcias"}]},"geo.placename":"UBIRATA","geo.position":{"lat":"-24.5361401","long":"-52.9921776"},"geo.region":"Brazil"},"_links":{"self":[{"href":"https:\/\/ubirataonline.com.br\/en\/wp-json\/wp\/v2\/posts\/108579","targetHints":{"allow":["GET"]}}],"collection":[{"href":"https:\/\/ubirataonline.com.br\/en\/wp-json\/wp\/v2\/posts"}],"about":[{"href":"https:\/\/ubirataonline.com.br\/en\/wp-json\/wp\/v2\/types\/post"}],"author":[{"embeddable":true,"href":"https:\/\/ubirataonline.com.br\/en\/wp-json\/wp\/v2\/users\/1"}],"replies":[{"embeddable":true,"href":"https:\/\/ubirataonline.com.br\/en\/wp-json\/wp\/v2\/comments?post=108579"}],"version-history":[{"count":0,"href":"https:\/\/ubirataonline.com.br\/en\/wp-json\/wp\/v2\/posts\/108579\/revisions"}],"wp:featuredmedia":[{"embeddable":true,"href":"https:\/\/ubirataonline.com.br\/en\/wp-json\/wp\/v2\/media\/108580"}],"wp:attachment":[{"href":"https:\/\/ubirataonline.com.br\/en\/wp-json\/wp\/v2\/media?parent=108579"}],"wp:term":[{"taxonomy":"category","embeddable":true,"href":"https:\/\/ubirataonline.com.br\/en\/wp-json\/wp\/v2\/categories?post=108579"},{"taxonomy":"post_tag","embeddable":true,"href":"https:\/\/ubirataonline.com.br\/en\/wp-json\/wp\/v2\/tags?post=108579"}],"curies":[{"name":"wp","href":"https:\/\/api.w.org\/{rel}","templated":true}]}}