{"id":108746,"date":"2026-04-16T03:42:49","date_gmt":"2026-04-16T06:42:49","guid":{"rendered":"https:\/\/ubirataonline.com.br\/apple-has-a-new-macbook-pro-coming-soon-heres-what-we-know\/"},"modified":"2026-04-16T03:42:51","modified_gmt":"2026-04-16T06:42:51","slug":"apple-has-a-new-macbook-pro-coming-soon-heres-what-we-know","status":"publish","type":"post","link":"https:\/\/ubirataonline.com.br\/en\/apple-has-a-new-macbook-pro-coming-soon-heres-what-we-know\/","title":{"rendered":"Apple has a new MacBook Pro coming soon, here&#8217;s what we know"},"content":{"rendered":"<p><br \/>\n<\/p>\n<div>\n<figure class=\"img-border featured-image\">\n<\/figure>\n<p>Apple just <a href=\"https:\/\/9to5mac.com\/2026\/03\/03\/apple-launches-new-macbook-pro-with-m5-pro-and-m5-max-chips\/\">released<\/a> a <a href=\"https:\/\/geni.us\/BdCqil\">MacBook Pro update<\/a> last month, but there\u2019s more coming soon. Apple is expected to debut one of its biggest MacBook Pro updates ever later this year. Here\u2019s everything we know so far. <\/p>\n<p><span id=\"more-1048009\"\/><\/p>\n<h2 class=\"wp-block-heading\" id=\"h-new-macbook-pro-features\">New MacBook Pro features<\/h2>\n<h3 class=\"wp-block-heading\" id=\"h-oled-display\">OLED display<\/h3>\n<p>The new MacBook Pro will switch from mini-LED to OLED display technology. This will mark the first time Apple has used OLED in a Mac, having previously used it on the iPhone, iPad, and Apple Watch. This has been reported by sources <a href=\"https:\/\/9to5mac.com\/2025\/09\/17\/kuo-touch-screen-macs-oled-macbook-pro\/\">including Ming-Chi Kuo<\/a> and <a href=\"https:\/\/9to5mac.com\/2025\/10\/16\/bloomberg-apple-planning-huge-macbook-pro-overhaul-with-touchscreen-more\/\">Bloomberg<\/a>.<\/p>\n<p>In comparison to mini-LED, the MacBook Pro\u2019s OLED screen will offer true blacks, improved contrast, and more vibrant colors. With OLED, each pixel can turn completely off, unlike mini-LED, which relies on a backlight.<\/p>\n<h3 class=\"wp-block-heading\" id=\"h-touchscreen\">Touchscreen<\/h3>\n<p>OLED isn\u2019t the only big display change coming with the refreshed MacBook Pro, though. It will also be Apple\u2019s first-ever <a href=\"https:\/\/9to5mac.com\/2025\/10\/16\/bloomberg-apple-planning-huge-macbook-pro-overhaul-with-touchscreen-more\/\">touchscreen Mac<\/a>.<\/p>\n<p>As reported by <a href=\"https:\/\/9to5mac.com\/2026\/02\/24\/new-m6-macbook-pro-details-revealed-including-dynamic-island-touch-more\/\"><em>Bloomberg<\/em><\/a>, Apple is optimizing macOS to take advantage of the MacBook Pro\u2019s touchscreen. For example, when you touch a button or a control, macOS will dynamically adjust to show you relevant touch controls. If you tap on the menu bar, controls will automatically enlarge to make it easier to navigate with your finger.<\/p>\n<p>It will also support common touch interface interaction methods, like pinching and zooming, and faster scrolling.<\/p>\n<p>So, it\u2019s a lot more than Apple simply adding a touchscreen to a Mac. It\u2019s a rethink of macOS to make touch navigation feel fluid and natural.<\/p>\n<figure class=\"wp-block-image alignwide size-large\"><img loading=\"lazy\" decoding=\"async\" height=\"512\" width=\"1024\" src=\"https:\/\/9to5mac.com\/wp-content\/uploads\/sites\/6\/2025\/09\/After-years-of-touchscreen-Mac-rumors-I-do-believe-it-this-time-MacBook-Pro-shown-with-screen-covered-in-fingerprints.jpg?quality=82&amp;strip=all&amp;w=1024\" alt=\"After years of touchscreen Mac rumors, I do believe it this time | MacBook Pro shown with screen covered in fingerprints\" class=\"wp-image-1020055\" srcset=\"https:\/\/9to5mac.com\/wp-content\/uploads\/sites\/6\/2025\/09\/After-years-of-touchscreen-Mac-rumors-I-do-believe-it-this-time-MacBook-Pro-shown-with-screen-covered-in-fingerprints.jpg 2000w, https:\/\/9to5mac.com\/wp-content\/uploads\/sites\/6\/2025\/09\/After-years-of-touchscreen-Mac-rumors-I-do-believe-it-this-time-MacBook-Pro-shown-with-screen-covered-in-fingerprints.jpg?resize=155,78 155w, https:\/\/9to5mac.com\/wp-content\/uploads\/sites\/6\/2025\/09\/After-years-of-touchscreen-Mac-rumors-I-do-believe-it-this-time-MacBook-Pro-shown-with-screen-covered-in-fingerprints.jpg?resize=655,328 655w, https:\/\/9to5mac.com\/wp-content\/uploads\/sites\/6\/2025\/09\/After-years-of-touchscreen-Mac-rumors-I-do-believe-it-this-time-MacBook-Pro-shown-with-screen-covered-in-fingerprints.jpg?resize=768,384 768w, https:\/\/9to5mac.com\/wp-content\/uploads\/sites\/6\/2025\/09\/After-years-of-touchscreen-Mac-rumors-I-do-believe-it-this-time-MacBook-Pro-shown-with-screen-covered-in-fingerprints.jpg?resize=1024,512 1024w, https:\/\/9to5mac.com\/wp-content\/uploads\/sites\/6\/2025\/09\/After-years-of-touchscreen-Mac-rumors-I-do-believe-it-this-time-MacBook-Pro-shown-with-screen-covered-in-fingerprints.jpg?resize=1536,768 1536w, https:\/\/9to5mac.com\/wp-content\/uploads\/sites\/6\/2025\/09\/After-years-of-touchscreen-Mac-rumors-I-do-believe-it-this-time-MacBook-Pro-shown-with-screen-covered-in-fingerprints.jpg?resize=350,175 350w, https:\/\/9to5mac.com\/wp-content\/uploads\/sites\/6\/2025\/09\/After-years-of-touchscreen-Mac-rumors-I-do-believe-it-this-time-MacBook-Pro-shown-with-screen-covered-in-fingerprints.jpg?resize=140,70 140w, https:\/\/9to5mac.com\/wp-content\/uploads\/sites\/6\/2025\/09\/After-years-of-touchscreen-Mac-rumors-I-do-believe-it-this-time-MacBook-Pro-shown-with-screen-covered-in-fingerprints.jpg?resize=1600,800 1600w, https:\/\/9to5mac.com\/wp-content\/uploads\/sites\/6\/2025\/09\/After-years-of-touchscreen-Mac-rumors-I-do-believe-it-this-time-MacBook-Pro-shown-with-screen-covered-in-fingerprints.jpg?resize=290,145 290w, https:\/\/9to5mac.com\/wp-content\/uploads\/sites\/6\/2025\/09\/After-years-of-touchscreen-Mac-rumors-I-do-believe-it-this-time-MacBook-Pro-shown-with-screen-covered-in-fingerprints.jpg?resize=600,300 600w, https:\/\/9to5mac.com\/wp-content\/uploads\/sites\/6\/2025\/09\/After-years-of-touchscreen-Mac-rumors-I-do-believe-it-this-time-MacBook-Pro-shown-with-screen-covered-in-fingerprints.jpg?resize=150,75 150w\" sizes=\"auto, (max-width: 1024px) 100vw, 1024px\"\/><\/figure>\n<h3 class=\"wp-block-heading\" id=\"h-dynamic-island\">Dynamic Island<\/h3>\n<p>Currently, the MacBook Pro features a notch cutout that houses the FaceTime camera. With this year\u2019s MacBook Pro, however, Apple will reportedly ditch the notch in favor of a hole-punch cutout for the camera.<\/p>\n<p>Additionally, Apple is planning to bring the <a href=\"https:\/\/9to5mac.com\/2026\/02\/24\/new-m6-macbook-pro-details-revealed-including-dynamic-island-touch-more\/\">Dynamic Island to the Mac<\/a> for the first time. This will likely work like the iPhone, where the Dynamic Island masks the cutout for the FaceTime camera and displays software interface elements such as Live Activities and notifications.<\/p>\n<h3 class=\"wp-block-heading\" id=\"h-thinner-design\">Thinner design<\/h3>\n<p>With the 2021 MacBook Pro, Apple reversed course and made it thicker than its predecessor. It also added back ports, including MagSafe, HDMI, and an SD card slot. The 2016-2020 MacBook Pro\u2019s industrial design famously had only four USB-C ports.<\/p>\n<p>This year, however, Apple is reportedly planning to make the MacBook Pro thinner once again. We don\u2019t have any specifics on this just yet, and it\u2019s unclear whether Apple will remove any ports to accommodate this change.<\/p>\n<p>One key difference nowadays is Apple Silicon. The 2016-2020 MacBook Pro models used Intel chips that were less efficient than Apple\u2019s own M-series chips. This led to countless thermal and performance throttling problems. Apple Silicon should mean Apple can make the MacBook Pro thinner without compromising on those things.<\/p>\n<h3 class=\"wp-block-heading\" id=\"h-m6-chips\">M6 chips<\/h3>\n<p>Speaking of Apple Silicon, the new MacBook Pro models will be powered by Apple\u2019s latest-generation M6 processors. These chips should offer a big performance boost, thanks to their new 2nm architecture. This will bring performance and efficiency improvements across the board, but the exact details remain unclear for now.<\/p>\n<figure class=\"wp-block-image alignwide size-large\"><img loading=\"lazy\" decoding=\"async\" height=\"512\" width=\"1024\" src=\"https:\/\/9to5mac.com\/wp-content\/uploads\/sites\/6\/2026\/02\/macbook-pro-touchscreen-mockup.jpg?quality=82&amp;strip=all&amp;w=1024\" alt=\"Touchscreen MacBook Pro mockup\" class=\"wp-image-1040707\" srcset=\"https:\/\/9to5mac.com\/wp-content\/uploads\/sites\/6\/2026\/02\/macbook-pro-touchscreen-mockup.jpg 2000w, https:\/\/9to5mac.com\/wp-content\/uploads\/sites\/6\/2026\/02\/macbook-pro-touchscreen-mockup.jpg?resize=155,78 155w, https:\/\/9to5mac.com\/wp-content\/uploads\/sites\/6\/2026\/02\/macbook-pro-touchscreen-mockup.jpg?resize=655,328 655w, https:\/\/9to5mac.com\/wp-content\/uploads\/sites\/6\/2026\/02\/macbook-pro-touchscreen-mockup.jpg?resize=768,384 768w, https:\/\/9to5mac.com\/wp-content\/uploads\/sites\/6\/2026\/02\/macbook-pro-touchscreen-mockup.jpg?resize=1024,512 1024w, https:\/\/9to5mac.com\/wp-content\/uploads\/sites\/6\/2026\/02\/macbook-pro-touchscreen-mockup.jpg?resize=1536,768 1536w, https:\/\/9to5mac.com\/wp-content\/uploads\/sites\/6\/2026\/02\/macbook-pro-touchscreen-mockup.jpg?resize=350,175 350w, https:\/\/9to5mac.com\/wp-content\/uploads\/sites\/6\/2026\/02\/macbook-pro-touchscreen-mockup.jpg?resize=140,70 140w, https:\/\/9to5mac.com\/wp-content\/uploads\/sites\/6\/2026\/02\/macbook-pro-touchscreen-mockup.jpg?resize=1600,800 1600w, https:\/\/9to5mac.com\/wp-content\/uploads\/sites\/6\/2026\/02\/macbook-pro-touchscreen-mockup.jpg?resize=290,145 290w, https:\/\/9to5mac.com\/wp-content\/uploads\/sites\/6\/2026\/02\/macbook-pro-touchscreen-mockup.jpg?resize=600,300 600w, https:\/\/9to5mac.com\/wp-content\/uploads\/sites\/6\/2026\/02\/macbook-pro-touchscreen-mockup.jpg?resize=150,75 150w\" sizes=\"auto, (max-width: 1024px) 100vw, 1024px\"\/><\/figure>\n<h3 class=\"wp-block-heading\" id=\"h-new-naming\">New naming?<\/h3>\n<p>Finally, it wouldn\u2019t be an Apple rumor cycle without speculation about naming.<\/p>\n<p>Last month, <a href=\"https:\/\/9to5mac.com\/2026\/03\/08\/apple-still-expected-to-release-an-even-bigger-macbook-pro-update-this-year\/\"><em>Bloomberg\u2019s<\/em> Mark Gurman<\/a> reported that the MacBook Pro models coming later this year \u201cwill likely sit above the current M5 Pro and M5 Max MacBook Pro models, rather than replace them.<\/p>\n<p>This could mean Apple will rebrand the machine, perhaps to MacBook Ultra, Gurman suggested. This name would \u201cmore clearly signal their position at the top of the lineup,\u201d he reasoned. <\/p>\n<h2 class=\"wp-block-heading\" id=\"h-new-macbook-pro-release-date\">New MacBook Pro release date<\/h2>\n<p>Apple is expected to announce and release the new M6 MacBook Pro models later this year, likely in October or November.<\/p>\n<p>It may seem weird that Apple is updating the MacBook Pro twice this year, but it\u2019s not <a href=\"https:\/\/9to5mac.com\/2026\/02\/09\/why-an-m5-macbook-pro-launch-in-march-keeps-the-m6-oled-dream-alive-this-year\/\">unprecedented<\/a>.<\/p>\n<p>It also makes more sense if you factor in rumors that the new M6 models will coexist with the <a href=\"https:\/\/geni.us\/BdCqil\">M5 MacBook Pro models<\/a> announced last month.<\/p>\n<h2 class=\"wp-block-heading\" id=\"h-wrap-up\">Wrap up<\/h2>\n<p>What do you think of Apple\u2019s plans for a major MacBook Pro overhaul later this year? Are you planning to buy a MacBook Pro this year? Let us know down in the comments.<\/p>\n<p><strong>My favorite Mac accessories<\/strong>: <\/p>\n<p><strong>Follow Chance<\/strong>:\u00a0<a href=\"https:\/\/www.threads.net\/@ChanceHMiller\">Threads<\/a>,\u00a0<a href=\"https:\/\/bsky.app\/profile\/chancemiller.me\">Bluesky<\/a>,\u00a0<a href=\"https:\/\/www.instagram.com\/chancehmiller\/\">Instagram<\/a>, and\u00a0<a href=\"https:\/\/mastodon.social\/@ChanceHMiller\">Mastodon<\/a>.<\/p>\n<div class=\"google-preferred-source-badge\">\n\t\t<a target=\"_blank\" rel=\"nofollow\" href=\"https:\/\/google.com\/preferences\/source?q=https:\/\/9to5mac.com\" aria-label=\"Add 9to5Mac as a preferred source on Google\"><br \/>\n\t\t\t<img decoding=\"async\" class=\"google-preferred-source-badge-dark\" src=\"https:\/\/9to5mac.com\/wp-content\/themes\/ninetofive\/dist\/images\/google-preferred-source-badge-dark.png\" alt=\"Add 9to5Mac as a preferred source on Google\"\/><br \/>\n\t\t\t<img decoding=\"async\" class=\"google-preferred-source-badge-light\" src=\"https:\/\/9to5mac.com\/wp-content\/themes\/ninetofive\/dist\/images\/google-preferred-source-badge-light.png\" alt=\"Add 9to5Mac as a preferred source on Google\"\/><br \/>\n\t\t<\/a>\n\t<\/div>\n<div class=\"ad-disclaimer-container\">\n<p class=\"disclaimer-affiliate\"><em>FTC: We use income earning auto affiliate links.<\/em> <a href=\"https:\/\/9to5mac.com\/about\/#affiliate\">More.<\/a><\/p>\n<p><a href=\"https:\/\/amzn.to\/4rDvqMk\"><img loading=\"lazy\" decoding=\"async\" class=\"aligncenter size-full wp-image-1044137\" src=\"https:\/\/9to5mac.com\/wp-content\/uploads\/sites\/6\/2026\/03\/750x150-1.jpg?quality=82&amp;strip=all\" alt=\"\" width=\"750\" height=\"150\"\/><\/a><\/div>\n<\/p><\/div>\n<p><script async src=\"\/\/www.instagram.com\/embed.js\"><\/script><br \/>\n<br \/><br \/>\n<br \/><a href=\"https:\/\/9to5mac.com\/2026\/04\/14\/apples-huge-macbook-pro-overhaul-is-coming-soon-heres-what-we-know\/\">Source link <\/a><\/p>","protected":false},"excerpt":{"rendered":"<p>Apple just released a MacBook Pro update last month, but there\u2019s more coming soon. Apple is expected to debut one of its biggest MacBook Pro updates ever later this year. Here\u2019s everything we know so far. New MacBook Pro features OLED display The new MacBook Pro will switch from mini-LED to OLED display technology. This [&hellip;]<\/p>\n","protected":false},"author":1,"featured_media":108747,"comment_status":"closed","ping_status":"","sticky":false,"template":"","format":"standard","meta":{"googlesitekit_rrm_CAow2JLhCw:productID":"","_gspb_post_css":"","maa_idioma":"","maa_pais":"","footnotes":""},"categories":[1],"tags":[3294,7273,5578,28835,5622],"class_list":["post-108746","post","type-post","status-publish","format-standard","has-post-thumbnail","hentry","category-ubirata","tag-apple","tag-coming","tag-heres","tag-macbook","tag-pro"],"blocksy_meta":[],"yoast_head":"<!-- This site is optimized with the Yoast SEO Premium plugin v27.6 (Yoast SEO v27.6) - https:\/\/yoast.com\/product\/yoast-seo-premium-wordpress\/ -->\n<title>Apple has a new MacBook Pro coming soon, here&#039;s what we know - Ubirat\u00e3 Online Not\u00edcias - A realidade ao seu alcance!<\/title>\n<meta name=\"description\" content=\"Apple just released a MacBook Pro update last month, but there\u2019s more coming soon. Apple is expected to debut one of its biggest MacBook Pro updates ever\" \/>\n<meta name=\"robots\" content=\"index, follow, max-snippet:-1, max-image-preview:large, max-video-preview:-1\" \/>\n<link rel=\"canonical\" href=\"https:\/\/ubirataonline.com.br\/en\/apple-has-a-new-macbook-pro-coming-soon-heres-what-we-know\/\" \/>\n<meta property=\"og:locale\" content=\"en_US\" \/>\n<meta property=\"og:type\" content=\"article\" \/>\n<meta property=\"og:title\" content=\"Apple has a new MacBook Pro coming soon, here&#039;s what we know\" \/>\n<meta property=\"og:description\" content=\"Apple just released a MacBook Pro update last month, but there\u2019s more coming soon. Apple is expected to debut one of its biggest MacBook Pro updates ever\" \/>\n<meta property=\"og:url\" content=\"https:\/\/ubirataonline.com.br\/en\/apple-has-a-new-macbook-pro-coming-soon-heres-what-we-know\/\" \/>\n<meta property=\"og:site_name\" content=\"Ubirat\u00e3 Online Not\u00edcias - A realidade ao seu alcance!\" \/>\n<meta property=\"article:publisher\" content=\"https:\/\/www.facebook.com\/portalubirataonline\" \/>\n<meta property=\"article:author\" content=\"https:\/\/www.facebook.com\/portalubirataonline\" \/>\n<meta property=\"article:published_time\" content=\"2026-04-16T06:42:49+00:00\" \/>\n<meta property=\"article:modified_time\" content=\"2026-04-16T06:42:51+00:00\" \/>\n<meta property=\"og:image\" content=\"https:\/\/ubirataonline.com.br\/wp-content\/uploads\/2026\/04\/Apple-has-a-new-MacBook-Pro-coming-soon-heres-what.jpg\" \/>\n\t<meta property=\"og:image:width\" content=\"1200\" \/>\n\t<meta property=\"og:image:height\" content=\"628\" \/>\n\t<meta property=\"og:image:type\" content=\"image\/jpeg\" \/>\n<meta name=\"author\" content=\"REDA\u00c7\u00c3O: UBIRAT\u00c3 ONLINE - F\u00c1BIO AUGUSTO CELESTINO\" \/>\n<meta name=\"twitter:card\" content=\"summary_large_image\" \/>\n<meta name=\"twitter:creator\" content=\"@x.com\/ubirataonline\" \/>\n<meta name=\"twitter:site\" content=\"@ubirataonline\" \/>\n<meta name=\"twitter:label1\" content=\"Written by\" \/>\n\t<meta name=\"twitter:data1\" content=\"REDA\u00c7\u00c3O: UBIRAT\u00c3 ONLINE - F\u00c1BIO AUGUSTO CELESTINO\" \/>\n\t<meta name=\"twitter:label2\" content=\"Est. reading time\" \/>\n\t<meta name=\"twitter:data2\" content=\"4 minutes\" \/>\n<script type=\"application\/ld+json\" class=\"yoast-schema-graph\">{\"@context\":\"https:\\\/\\\/schema.org\",\"@graph\":[{\"@type\":\"NewsArticle\",\"@id\":\"https:\\\/\\\/ubirataonline.com.br\\\/apple-has-a-new-macbook-pro-coming-soon-heres-what-we-know\\\/#article\",\"isPartOf\":{\"@id\":\"https:\\\/\\\/ubirataonline.com.br\\\/apple-has-a-new-macbook-pro-coming-soon-heres-what-we-know\\\/\"},\"author\":{\"name\":\"REDA\u00c7\u00c3O: UBIRAT\u00c3 ONLINE - F\u00c1BIO AUGUSTO CELESTINO\",\"@id\":\"https:\\\/\\\/ubirataonline.com.br\\\/#\\\/schema\\\/person\\\/372f87bbd3fdd79b8556b84c98d0bc1c\"},\"headline\":\"Apple has a new MacBook Pro coming soon, here&#8217;s what we know\",\"datePublished\":\"2026-04-16T06:42:49+00:00\",\"dateModified\":\"2026-04-16T06:42:51+00:00\",\"mainEntityOfPage\":{\"@id\":\"https:\\\/\\\/ubirataonline.com.br\\\/apple-has-a-new-macbook-pro-coming-soon-heres-what-we-know\\\/\"},\"wordCount\":741,\"publisher\":{\"@id\":\"https:\\\/\\\/ubirataonline.com.br\\\/#organization\"},\"image\":{\"@id\":\"https:\\\/\\\/ubirataonline.com.br\\\/apple-has-a-new-macbook-pro-coming-soon-heres-what-we-know\\\/#primaryimage\"},\"thumbnailUrl\":\"https:\\\/\\\/ubirataonline.com.br\\\/wp-content\\\/uploads\\\/2026\\\/04\\\/Apple-has-a-new-MacBook-Pro-coming-soon-heres-what.jpg\",\"keywords\":[\"Apple\",\"coming\",\"Heres\",\"MacBook\",\"Pro\"],\"articleSection\":[\"Ubirat\u00e3\"],\"inLanguage\":\"en-US\",\"copyrightYear\":\"2026\",\"copyrightHolder\":{\"@id\":\"https:\\\/\\\/ubirataonline.com.br\\\/en\\\/#organization\"}},{\"@type\":\"WebPage\",\"@id\":\"https:\\\/\\\/ubirataonline.com.br\\\/apple-has-a-new-macbook-pro-coming-soon-heres-what-we-know\\\/\",\"url\":\"https:\\\/\\\/ubirataonline.com.br\\\/apple-has-a-new-macbook-pro-coming-soon-heres-what-we-know\\\/\",\"name\":\"Apple has a new MacBook Pro coming soon, here's what we know - Ubirat\u00e3 Online Not\u00edcias - A realidade ao seu alcance!\",\"isPartOf\":{\"@id\":\"https:\\\/\\\/ubirataonline.com.br\\\/#website\"},\"primaryImageOfPage\":{\"@id\":\"https:\\\/\\\/ubirataonline.com.br\\\/apple-has-a-new-macbook-pro-coming-soon-heres-what-we-know\\\/#primaryimage\"},\"image\":{\"@id\":\"https:\\\/\\\/ubirataonline.com.br\\\/apple-has-a-new-macbook-pro-coming-soon-heres-what-we-know\\\/#primaryimage\"},\"thumbnailUrl\":\"https:\\\/\\\/ubirataonline.com.br\\\/wp-content\\\/uploads\\\/2026\\\/04\\\/Apple-has-a-new-MacBook-Pro-coming-soon-heres-what.jpg\",\"datePublished\":\"2026-04-16T06:42:49+00:00\",\"dateModified\":\"2026-04-16T06:42:51+00:00\",\"description\":\"Apple just released a MacBook Pro update last month, but there\u2019s more coming soon. Apple is expected to debut one of its biggest MacBook Pro updates ever\",\"breadcrumb\":{\"@id\":\"https:\\\/\\\/ubirataonline.com.br\\\/apple-has-a-new-macbook-pro-coming-soon-heres-what-we-know\\\/#breadcrumb\"},\"inLanguage\":\"en-US\",\"potentialAction\":[{\"@type\":\"ReadAction\",\"target\":[\"https:\\\/\\\/ubirataonline.com.br\\\/apple-has-a-new-macbook-pro-coming-soon-heres-what-we-know\\\/\"]}]},{\"@type\":\"ImageObject\",\"inLanguage\":\"en-US\",\"@id\":\"https:\\\/\\\/ubirataonline.com.br\\\/apple-has-a-new-macbook-pro-coming-soon-heres-what-we-know\\\/#primaryimage\",\"url\":\"https:\\\/\\\/ubirataonline.com.br\\\/wp-content\\\/uploads\\\/2026\\\/04\\\/Apple-has-a-new-MacBook-Pro-coming-soon-heres-what.jpg\",\"contentUrl\":\"https:\\\/\\\/ubirataonline.com.br\\\/wp-content\\\/uploads\\\/2026\\\/04\\\/Apple-has-a-new-MacBook-Pro-coming-soon-heres-what.jpg\",\"width\":1200,\"height\":628,\"caption\":\"Apple has a new MacBook Pro coming soon, here's what we know\"},{\"@type\":\"BreadcrumbList\",\"@id\":\"https:\\\/\\\/ubirataonline.com.br\\\/apple-has-a-new-macbook-pro-coming-soon-heres-what-we-know\\\/#breadcrumb\",\"itemListElement\":[{\"@type\":\"ListItem\",\"position\":1,\"name\":\"In\u00edcio\",\"item\":\"https:\\\/\\\/ubirataonline.com.br\\\/\"},{\"@type\":\"ListItem\",\"position\":2,\"name\":\"Apple has a new MacBook Pro coming soon, here&#8217;s what we know\"}]},{\"@type\":\"WebSite\",\"@id\":\"https:\\\/\\\/ubirataonline.com.br\\\/#website\",\"url\":\"https:\\\/\\\/ubirataonline.com.br\\\/\",\"name\":\"Ubirat\u00e3 Online Not\u00edcias\",\"description\":\"Not\u00edcias de Ubirat\u00e3, regi\u00e3o, Brasil e mundo, com informa\u00e7\u00e3o atualizada e compromisso com o leitor.\",\"publisher\":{\"@id\":\"https:\\\/\\\/ubirataonline.com.br\\\/#organization\"},\"alternateName\":\"Ubirat\u00e3 Online\",\"potentialAction\":[{\"@type\":\"SearchAction\",\"target\":{\"@type\":\"EntryPoint\",\"urlTemplate\":\"https:\\\/\\\/ubirataonline.com.br\\\/?s={search_term_string}\"},\"query-input\":{\"@type\":\"PropertyValueSpecification\",\"valueRequired\":true,\"valueName\":\"search_term_string\"}}],\"inLanguage\":\"en-US\"},{\"@type\":[\"Organization\",\"Place\"],\"@id\":\"https:\\\/\\\/ubirataonline.com.br\\\/#organization\",\"name\":\"Ubirat\u00e3 Online Not\u00edcias\",\"alternateName\":\"Ubirat\u00e3 Online\",\"url\":\"https:\\\/\\\/ubirataonline.com.br\\\/\",\"logo\":{\"@id\":\"https:\\\/\\\/ubirataonline.com.br\\\/apple-has-a-new-macbook-pro-coming-soon-heres-what-we-know\\\/#local-main-organization-logo\"},\"image\":{\"@id\":\"https:\\\/\\\/ubirataonline.com.br\\\/apple-has-a-new-macbook-pro-coming-soon-heres-what-we-know\\\/#local-main-organization-logo\"},\"sameAs\":[\"https:\\\/\\\/www.facebook.com\\\/portalubirataonline\",\"https:\\\/\\\/x.com\\\/ubirataonline\",\"https:\\\/\\\/mastodon.social\\\/@ubirataonline\",\"https:\\\/\\\/www.facebook.com\\\/groups\\\/311144672285604\",\"https:\\\/\\\/www.facebook.com\\\/UBTAOnline\",\"https:\\\/\\\/www.instagram.com\\\/portalubirataonline\\\/\",\"https:\\\/\\\/twitter.com\\\/ubirataonline\"],\"description\":\"Somos um portal de not\u00edcias independente, criado em 5 de janeiro de 2009, com o objetivo de informar, conectar e valorizar a nossa comunidade de Ubirat\u00e3 e toda aregi\u00e3o. Com conte\u00fado atualizado, confi\u00e1vel e relevante, o Ubirat\u00e3 Online \u00e9 o seu espa\u00e7o para ficar por dentro dos principais acontecimentos locais, regionais, Brasil, Mundo e de interesse geral. Nosso compromisso \u00e9 com a verdade, a transpar\u00eancia e o respeito ao leitor.\",\"legalName\":\"UBIRATA ONLINE NOT\u00cdCIAS\",\"foundingDate\":\"2009-01-05\",\"numberOfEmployees\":{\"@type\":\"QuantitativeValue\",\"minValue\":\"1\",\"maxValue\":\"10\"},\"publishingPrinciples\":\"https:\\\/\\\/ubirataonline.com.br\\\/faq\\\/\",\"address\":{\"@id\":\"https:\\\/\\\/ubirataonline.com.br\\\/apple-has-a-new-macbook-pro-coming-soon-heres-what-we-know\\\/#local-main-place-address\"},\"geo\":{\"@type\":\"GeoCoordinates\",\"latitude\":\"-24.5361401\",\"longitude\":\"-52.9921776\"},\"telephone\":[\"+5544998308235\"],\"contactPoint\":{\"@type\":\"ContactPoint\",\"email\":\"contato@ubirataonline.com.br\"},\"openingHoursSpecification\":{\"@type\":\"OpeningHoursSpecification\",\"dayOfWeek\":[\"Monday\",\"Tuesday\",\"Wednesday\",\"Thursday\",\"Friday\",\"Saturday\",\"Sunday\"],\"opens\":\"00:00\",\"closes\":\"23:59\"},\"email\":\"contato@ubirataonline.com.br\",\"vatID\":\"47.621.418\\\/0001-80\"},{\"@type\":\"Person\",\"@id\":\"https:\\\/\\\/ubirataonline.com.br\\\/#\\\/schema\\\/person\\\/372f87bbd3fdd79b8556b84c98d0bc1c\",\"name\":\"REDA\u00c7\u00c3O: UBIRAT\u00c3 ONLINE - F\u00c1BIO AUGUSTO CELESTINO\",\"pronouns\":\"Ele\",\"description\":\"Desde 2003 trabalhando com not\u00edcias.\",\"sameAs\":[\"http:\\\/\\\/ubirataoline.com.br\",\"https:\\\/\\\/www.facebook.com\\\/portalubirataonline\",\"https:\\\/\\\/www.instagram.com\\\/ubirataonline_oficial\",\"https:\\\/\\\/x.com\\\/x.com\\\/ubirataonline\"],\"honorificPrefix\":\"Mr.\",\"honorificSuffix\":\"MD\",\"birthDate\":\"1980-06-16\",\"gender\":\"masculino\",\"award\":[\"V\u00e1rios pr\u00eamios de melhor portal da cidade\"],\"jobTitle\":\"Diretor\",\"url\":\"https:\\\/\\\/ubirataonline.com.br\\\/en\\\/author\\\/ubirataonline\\\/\"},{\"@type\":\"PostalAddress\",\"@id\":\"https:\\\/\\\/ubirataonline.com.br\\\/apple-has-a-new-macbook-pro-coming-soon-heres-what-we-know\\\/#local-main-place-address\",\"streetAddress\":\"Rua dos Coqueiros, 104 - Bairro Boa Vista, Rua dos Coqueiros, 104 Bairro Boa Vista\",\"addressLocality\":\"UBIRATA\",\"postalCode\":\"85440-000\",\"addressRegion\":\"PR\",\"addressCountry\":\"BR\"},{\"@type\":\"ImageObject\",\"inLanguage\":\"en-US\",\"@id\":\"https:\\\/\\\/ubirataonline.com.br\\\/apple-has-a-new-macbook-pro-coming-soon-heres-what-we-know\\\/#local-main-organization-logo\",\"url\":\"https:\\\/\\\/ubirataonline.com.br\\\/wp-content\\\/uploads\\\/2026\\\/06\\\/logoubirataonline-1.webp\",\"contentUrl\":\"https:\\\/\\\/ubirataonline.com.br\\\/wp-content\\\/uploads\\\/2026\\\/06\\\/logoubirataonline-1.webp\",\"width\":500,\"height\":500,\"caption\":\"Ubirat\u00e3 Online Not\u00edcias\"}]}<\/script>\n<meta name=\"geo.placename\" content=\"UBIRATA\" \/>\n<meta name=\"geo.position\" content=\"-24.5361401;-52.9921776\" \/>\n<meta name=\"geo.region\" content=\"Brazil\" \/>\n<!-- \/ Yoast SEO Premium plugin. -->","yoast_head_json":{"title":"Apple has a new MacBook Pro coming soon, here's what we know - Ubirat\u00e3 Online Not\u00edcias - A realidade ao seu alcance!","description":"Apple just released a MacBook Pro update last month, but there\u2019s more coming soon. Apple is expected to debut one of its biggest MacBook Pro updates ever","robots":{"index":"index","follow":"follow","max-snippet":"max-snippet:-1","max-image-preview":"max-image-preview:large","max-video-preview":"max-video-preview:-1"},"canonical":"https:\/\/ubirataonline.com.br\/en\/apple-has-a-new-macbook-pro-coming-soon-heres-what-we-know\/","og_locale":"en_US","og_type":"article","og_title":"Apple has a new MacBook Pro coming soon, here's what we know","og_description":"Apple just released a MacBook Pro update last month, but there\u2019s more coming soon. Apple is expected to debut one of its biggest MacBook Pro updates ever","og_url":"https:\/\/ubirataonline.com.br\/en\/apple-has-a-new-macbook-pro-coming-soon-heres-what-we-know\/","og_site_name":"Ubirat\u00e3 Online Not\u00edcias - A realidade ao seu alcance!","article_publisher":"https:\/\/www.facebook.com\/portalubirataonline","article_author":"https:\/\/www.facebook.com\/portalubirataonline","article_published_time":"2026-04-16T06:42:49+00:00","article_modified_time":"2026-04-16T06:42:51+00:00","og_image":[{"width":1200,"height":628,"url":"https:\/\/ubirataonline.com.br\/wp-content\/uploads\/2026\/04\/Apple-has-a-new-MacBook-Pro-coming-soon-heres-what.jpg","type":"image\/jpeg"}],"author":"REDA\u00c7\u00c3O: UBIRAT\u00c3 ONLINE - F\u00c1BIO AUGUSTO CELESTINO","twitter_card":"summary_large_image","twitter_creator":"@x.com\/ubirataonline","twitter_site":"@ubirataonline","twitter_misc":{"Written by":"REDA\u00c7\u00c3O: UBIRAT\u00c3 ONLINE - F\u00c1BIO AUGUSTO CELESTINO","Est. reading time":"4 minutes"},"schema":{"@context":"https:\/\/schema.org","@graph":[{"@type":"NewsArticle","@id":"https:\/\/ubirataonline.com.br\/apple-has-a-new-macbook-pro-coming-soon-heres-what-we-know\/#article","isPartOf":{"@id":"https:\/\/ubirataonline.com.br\/apple-has-a-new-macbook-pro-coming-soon-heres-what-we-know\/"},"author":{"name":"REDA\u00c7\u00c3O: UBIRAT\u00c3 ONLINE - F\u00c1BIO AUGUSTO CELESTINO","@id":"https:\/\/ubirataonline.com.br\/#\/schema\/person\/372f87bbd3fdd79b8556b84c98d0bc1c"},"headline":"Apple has a new MacBook Pro coming soon, here&#8217;s what we know","datePublished":"2026-04-16T06:42:49+00:00","dateModified":"2026-04-16T06:42:51+00:00","mainEntityOfPage":{"@id":"https:\/\/ubirataonline.com.br\/apple-has-a-new-macbook-pro-coming-soon-heres-what-we-know\/"},"wordCount":741,"publisher":{"@id":"https:\/\/ubirataonline.com.br\/#organization"},"image":{"@id":"https:\/\/ubirataonline.com.br\/apple-has-a-new-macbook-pro-coming-soon-heres-what-we-know\/#primaryimage"},"thumbnailUrl":"https:\/\/ubirataonline.com.br\/wp-content\/uploads\/2026\/04\/Apple-has-a-new-MacBook-Pro-coming-soon-heres-what.jpg","keywords":["Apple","coming","Heres","MacBook","Pro"],"articleSection":["Ubirat\u00e3"],"inLanguage":"en-US","copyrightYear":"2026","copyrightHolder":{"@id":"https:\/\/ubirataonline.com.br\/en\/#organization"}},{"@type":"WebPage","@id":"https:\/\/ubirataonline.com.br\/apple-has-a-new-macbook-pro-coming-soon-heres-what-we-know\/","url":"https:\/\/ubirataonline.com.br\/apple-has-a-new-macbook-pro-coming-soon-heres-what-we-know\/","name":"Apple has a new MacBook Pro coming soon, here's what we know - Ubirat\u00e3 Online Not\u00edcias - A realidade ao seu alcance!","isPartOf":{"@id":"https:\/\/ubirataonline.com.br\/#website"},"primaryImageOfPage":{"@id":"https:\/\/ubirataonline.com.br\/apple-has-a-new-macbook-pro-coming-soon-heres-what-we-know\/#primaryimage"},"image":{"@id":"https:\/\/ubirataonline.com.br\/apple-has-a-new-macbook-pro-coming-soon-heres-what-we-know\/#primaryimage"},"thumbnailUrl":"https:\/\/ubirataonline.com.br\/wp-content\/uploads\/2026\/04\/Apple-has-a-new-MacBook-Pro-coming-soon-heres-what.jpg","datePublished":"2026-04-16T06:42:49+00:00","dateModified":"2026-04-16T06:42:51+00:00","description":"Apple just released a MacBook Pro update last month, but there\u2019s more coming soon. Apple is expected to debut one of its biggest MacBook Pro updates ever","breadcrumb":{"@id":"https:\/\/ubirataonline.com.br\/apple-has-a-new-macbook-pro-coming-soon-heres-what-we-know\/#breadcrumb"},"inLanguage":"en-US","potentialAction":[{"@type":"ReadAction","target":["https:\/\/ubirataonline.com.br\/apple-has-a-new-macbook-pro-coming-soon-heres-what-we-know\/"]}]},{"@type":"ImageObject","inLanguage":"en-US","@id":"https:\/\/ubirataonline.com.br\/apple-has-a-new-macbook-pro-coming-soon-heres-what-we-know\/#primaryimage","url":"https:\/\/ubirataonline.com.br\/wp-content\/uploads\/2026\/04\/Apple-has-a-new-MacBook-Pro-coming-soon-heres-what.jpg","contentUrl":"https:\/\/ubirataonline.com.br\/wp-content\/uploads\/2026\/04\/Apple-has-a-new-MacBook-Pro-coming-soon-heres-what.jpg","width":1200,"height":628,"caption":"Apple has a new MacBook Pro coming soon, here's what we know"},{"@type":"BreadcrumbList","@id":"https:\/\/ubirataonline.com.br\/apple-has-a-new-macbook-pro-coming-soon-heres-what-we-know\/#breadcrumb","itemListElement":[{"@type":"ListItem","position":1,"name":"In\u00edcio","item":"https:\/\/ubirataonline.com.br\/"},{"@type":"ListItem","position":2,"name":"Apple has a new MacBook Pro coming soon, here&#8217;s what we know"}]},{"@type":"WebSite","@id":"https:\/\/ubirataonline.com.br\/#website","url":"https:\/\/ubirataonline.com.br\/","name":"Ubirat\u00e3 Online Not\u00edcias","description":"Not\u00edcias de Ubirat\u00e3, regi\u00e3o, Brasil e mundo, com informa\u00e7\u00e3o atualizada e compromisso com o leitor.","publisher":{"@id":"https:\/\/ubirataonline.com.br\/#organization"},"alternateName":"Ubirat\u00e3 Online","potentialAction":[{"@type":"SearchAction","target":{"@type":"EntryPoint","urlTemplate":"https:\/\/ubirataonline.com.br\/?s={search_term_string}"},"query-input":{"@type":"PropertyValueSpecification","valueRequired":true,"valueName":"search_term_string"}}],"inLanguage":"en-US"},{"@type":["Organization","Place"],"@id":"https:\/\/ubirataonline.com.br\/#organization","name":"Ubirat\u00e3 Online Not\u00edcias","alternateName":"Ubirat\u00e3 Online","url":"https:\/\/ubirataonline.com.br\/","logo":{"@id":"https:\/\/ubirataonline.com.br\/apple-has-a-new-macbook-pro-coming-soon-heres-what-we-know\/#local-main-organization-logo"},"image":{"@id":"https:\/\/ubirataonline.com.br\/apple-has-a-new-macbook-pro-coming-soon-heres-what-we-know\/#local-main-organization-logo"},"sameAs":["https:\/\/www.facebook.com\/portalubirataonline","https:\/\/x.com\/ubirataonline","https:\/\/mastodon.social\/@ubirataonline","https:\/\/www.facebook.com\/groups\/311144672285604","https:\/\/www.facebook.com\/UBTAOnline","https:\/\/www.instagram.com\/portalubirataonline\/","https:\/\/twitter.com\/ubirataonline"],"description":"Somos um portal de not\u00edcias independente, criado em 5 de janeiro de 2009, com o objetivo de informar, conectar e valorizar a nossa comunidade de Ubirat\u00e3 e toda aregi\u00e3o. Com conte\u00fado atualizado, confi\u00e1vel e relevante, o Ubirat\u00e3 Online \u00e9 o seu espa\u00e7o para ficar por dentro dos principais acontecimentos locais, regionais, Brasil, Mundo e de interesse geral. Nosso compromisso \u00e9 com a verdade, a transpar\u00eancia e o respeito ao leitor.","legalName":"UBIRATA ONLINE NOT\u00cdCIAS","foundingDate":"2009-01-05","numberOfEmployees":{"@type":"QuantitativeValue","minValue":"1","maxValue":"10"},"publishingPrinciples":"https:\/\/ubirataonline.com.br\/faq\/","address":{"@id":"https:\/\/ubirataonline.com.br\/apple-has-a-new-macbook-pro-coming-soon-heres-what-we-know\/#local-main-place-address"},"geo":{"@type":"GeoCoordinates","latitude":"-24.5361401","longitude":"-52.9921776"},"telephone":["+5544998308235"],"contactPoint":{"@type":"ContactPoint","email":"contato@ubirataonline.com.br"},"openingHoursSpecification":{"@type":"OpeningHoursSpecification","dayOfWeek":["Monday","Tuesday","Wednesday","Thursday","Friday","Saturday","Sunday"],"opens":"00:00","closes":"23:59"},"email":"contato@ubirataonline.com.br","vatID":"47.621.418\/0001-80"},{"@type":"Person","@id":"https:\/\/ubirataonline.com.br\/#\/schema\/person\/372f87bbd3fdd79b8556b84c98d0bc1c","name":"REDA\u00c7\u00c3O: UBIRAT\u00c3 ONLINE - F\u00c1BIO AUGUSTO CELESTINO","pronouns":"Ele","description":"Desde 2003 trabalhando com not\u00edcias.","sameAs":["http:\/\/ubirataoline.com.br","https:\/\/www.facebook.com\/portalubirataonline","https:\/\/www.instagram.com\/ubirataonline_oficial","https:\/\/x.com\/x.com\/ubirataonline"],"honorificPrefix":"Mr.","honorificSuffix":"MD","birthDate":"1980-06-16","gender":"masculino","award":["V\u00e1rios pr\u00eamios de melhor portal da cidade"],"jobTitle":"Diretor","url":"https:\/\/ubirataonline.com.br\/en\/author\/ubirataonline\/"},{"@type":"PostalAddress","@id":"https:\/\/ubirataonline.com.br\/apple-has-a-new-macbook-pro-coming-soon-heres-what-we-know\/#local-main-place-address","streetAddress":"Rua dos Coqueiros, 104 - Bairro Boa Vista, Rua dos Coqueiros, 104 Bairro Boa Vista","addressLocality":"UBIRATA","postalCode":"85440-000","addressRegion":"PR","addressCountry":"BR"},{"@type":"ImageObject","inLanguage":"en-US","@id":"https:\/\/ubirataonline.com.br\/apple-has-a-new-macbook-pro-coming-soon-heres-what-we-know\/#local-main-organization-logo","url":"https:\/\/ubirataonline.com.br\/wp-content\/uploads\/2026\/06\/logoubirataonline-1.webp","contentUrl":"https:\/\/ubirataonline.com.br\/wp-content\/uploads\/2026\/06\/logoubirataonline-1.webp","width":500,"height":500,"caption":"Ubirat\u00e3 Online Not\u00edcias"}]},"geo.placename":"UBIRATA","geo.position":{"lat":"-24.5361401","long":"-52.9921776"},"geo.region":"Brazil"},"_links":{"self":[{"href":"https:\/\/ubirataonline.com.br\/en\/wp-json\/wp\/v2\/posts\/108746","targetHints":{"allow":["GET"]}}],"collection":[{"href":"https:\/\/ubirataonline.com.br\/en\/wp-json\/wp\/v2\/posts"}],"about":[{"href":"https:\/\/ubirataonline.com.br\/en\/wp-json\/wp\/v2\/types\/post"}],"author":[{"embeddable":true,"href":"https:\/\/ubirataonline.com.br\/en\/wp-json\/wp\/v2\/users\/1"}],"replies":[{"embeddable":true,"href":"https:\/\/ubirataonline.com.br\/en\/wp-json\/wp\/v2\/comments?post=108746"}],"version-history":[{"count":0,"href":"https:\/\/ubirataonline.com.br\/en\/wp-json\/wp\/v2\/posts\/108746\/revisions"}],"wp:featuredmedia":[{"embeddable":true,"href":"https:\/\/ubirataonline.com.br\/en\/wp-json\/wp\/v2\/media\/108747"}],"wp:attachment":[{"href":"https:\/\/ubirataonline.com.br\/en\/wp-json\/wp\/v2\/media?parent=108746"}],"wp:term":[{"taxonomy":"category","embeddable":true,"href":"https:\/\/ubirataonline.com.br\/en\/wp-json\/wp\/v2\/categories?post=108746"},{"taxonomy":"post_tag","embeddable":true,"href":"https:\/\/ubirataonline.com.br\/en\/wp-json\/wp\/v2\/tags?post=108746"}],"curies":[{"name":"wp","href":"https:\/\/api.w.org\/{rel}","templated":true}]}}