{"id":108836,"date":"2026-04-16T07:43:37","date_gmt":"2026-04-16T10:43:37","guid":{"rendered":"https:\/\/ubirataonline.com.br\/apos-fim-da-janela-partidaria-quais-datas-do-calendario-eleitoral-devem-movimentar-a-politica-pontopoder\/"},"modified":"2026-04-16T07:43:47","modified_gmt":"2026-04-16T10:43:47","slug":"apos-fim-da-janela-partidaria-quais-datas-do-calendario-eleitoral-devem-movimentar-a-politica-pontopoder","status":"publish","type":"post","link":"https:\/\/ubirataonline.com.br\/en\/apos-fim-da-janela-partidaria-quais-datas-do-calendario-eleitoral-devem-movimentar-a-politica-pontopoder\/","title":{"rendered":"Ap\u00f3s fim da janela partid\u00e1ria, quais datas do calend\u00e1rio eleitoral devem movimentar a pol\u00edtica &#8211; PontoPoder"},"content":{"rendered":"<p><\/p>\n<div>\n<p>O in\u00edcio de abril representou importante ponto de defini\u00e7\u00e3o para as elei\u00e7\u00f5es de 2026. Assim como em anos eleitorais, coincidiram tr\u00eas prazos importantes: a janela partid\u00e1ria para deputados estaduais e federais, o limite para desincompatibiliza\u00e7\u00e3o e a filia\u00e7\u00e3o de quem deseja ser candidato neste ano.\u00a0<\/p>\n<p>Os marcos do calend\u00e1rio eleitoral permitiu visualizar melhor <strong>quais lideran\u00e7as pretendem lan\u00e7ar candidaturas<\/strong> \u2014 ou, pelo menos, estar\u00e3o aptas a isso \u2014, qual a for\u00e7a dos partidos para a disputa eleitoral, principalmente no Legislativo, al\u00e9m de <strong>reconfigurar bancadas partid\u00e1rias nos parlamentos federal, estadual e federal<\/strong>.\u00a0<\/p>\n<p>Mas essas n\u00e3o s\u00e3o as \u00fanicas datas importantes at\u00e9 o dia 4 de outubro, quando ocorre o 1\u00ba turno das elei\u00e7\u00f5es de 2026. Nos quase seis meses que restam at\u00e9 a vota\u00e7\u00e3o, diversas datas devem movimentar o cen\u00e1rio pol\u00edtico nacional e cearense mesmo antes da campanha come\u00e7ar.\u00a0<\/p>\n<p>As datas tratam de quest\u00f5es como o financiamento, as condutas vedadas dentro da gest\u00e3o p\u00fablica e tamb\u00e9m a defini\u00e7\u00e3o dos candidatos para os cinco cargos em disputa neste ano.<\/p>\n<section class=\"py-4 not-prose flex flex-col gap-4\">\n<header>\n<h3 class=\"text-lg uppercase font-sans text-slate-900\">\n\t\t\t\tVeja tamb\u00e9m<br \/>\n\t\t\t<\/h3>\n<\/header>\n<p>\t\t<main class=\"flex flex-col gap-4 max-w-[640px]\"><\/p>\n<p>    \t\t\t\t\t\t\t\t\t<\/main><br \/>\n\t<\/section>\n<\/p>\n<h2>Os impactos da janela no Cear\u00e1<\/h2>\n<p>Primeiro, no dia 3 de abril encerrou a janela partid\u00e1ria, quando parlamentares da C\u00e2mara dos Deputados e das assembleias legislativas puderam mudar de partido sem risco de perda de mandato. No Cear\u00e1, <a href=\"https:\/\/diariodonordeste.verdesmares.com.br\/pontopoder\/mais-de-30-dos-deputados-federais-do-ceara-mudam-de-partido-para-as-eleicoes-2026-1.3754927\">sete deputados federais trocaram de sigla<\/a>, enquanto <a href=\"https:\/\/diariodonordeste.verdesmares.com.br\/pontopoder\/troca-troca-de-partidos-como-ficam-as-bancadas-na-alece-depois-da-janela-partidaria-1.3754948\">15 estaduais fizeram a mudan\u00e7a<\/a>.\u00a0<\/p>\n<p><a href=\"https:\/\/diariodonordeste.verdesmares.com.br\/pontopoder\/janela-partidaria-para-deputados-respinga-na-composicao-da-camara-de-fortaleza-1.3755030\">O troca-troca partid\u00e1rio respingou at\u00e9 na C\u00e2mara Municipal de Fortaleza<\/a>, apesar de vereadores n\u00e3o estarem inclu\u00eddos na janela partid\u00e1ria. No total, sete se filiaram a novos partidos no per\u00edodo da janela partid\u00e1ria e mais tr\u00eas mudaram de legenda um dia depois do fim do prazo.\u00a0<\/p>\n<p>Essa data, dia 4 de abril, coincide justamente com o limite para quem deseja ser candidato em 2026 se filiar a uma nova sigla \u2014 seja fazendo uma troca ou ingressando em um partido pela primeira legenda. Depois disso, \u00e9 poss\u00edvel realizar novas filia\u00e7\u00f5es, mas n\u00e3o poder\u00e1 ter uma candidatura.\u00a0<\/p>\n<p>No mesmo dia, tamb\u00e9m foi encerrado o prazo de desincompatibiliza\u00e7\u00e3o, ou seja, quando pretensos pr\u00e9-candidatos precisam deixar cargos no Executivo para estarem aptos a concorrer em outubro.\u00a0<\/p>\n<p>Houve a sa\u00edda de 16 ministros de Estado, incluindo o cearense Camilo Santana (PT), ex-titular da Educa\u00e7\u00e3o, al\u00e9m da <a href=\"https:\/\/diariodonordeste.verdesmares.com.br\/pontopoder\/mais-de-20-secretarios-deixam-governo-elmano-e-antecipam-composicao-de-nominatas-nas-eleicoes-1.3754696\">exonera\u00e7\u00e3o de 14 secret\u00e1rios do Governo do Cear\u00e1<\/a>, al\u00e9m de superintendentes e dirigentes de \u00f3rg\u00e3os do Estado, e <a href=\"https:\/\/diariodonordeste.verdesmares.com.br\/pontopoder\/quem-sao-os-novos-secretarios-da-prefeitura-de-fortaleza-apos-trocas-de-olho-nas-eleicoes-2026-1.3755002\">nove secret\u00e1rios municipais de Fortaleza<\/a>. Nem todos confirmaram pr\u00e9-candidaturas, mas com a exonera\u00e7\u00e3o todos est\u00e3o aptos a concorrer.\u00a0<\/p>\n<blockquote class=\"instagram-media\" data-instgrm-captioned=\"\" data-instgrm-permalink=\"https:\/\/www.instagram.com\/reel\/DWmKzymjTOr\/?utm_source=ig_embed&amp;utm_campaign=loading\" data-instgrm-version=\"14\" style=\" background:#FFF; border:0; border-radius:3px; box-shadow:0 0 1px 0 rgba(0,0,0,0.5),0 1px 10px 0 rgba(0,0,0,0.15); margin: 1px; max-width:540px; min-width:326px; padding:0; width:99.375%; width:-webkit-calc(100% - 2px); width:calc(100% - 2px);\"\/>\n<h2>Datas importantes do calend\u00e1rio eleitoral<\/h2>\n<p>As duas pr\u00f3ximas datas que merecem destaque no calend\u00e1rio eleitoral tem rela\u00e7\u00e3o com o financiamento das campanhas pol\u00edticas.\u00a0<\/p>\n<p>A primeira delas, no dia 15 de maio, marca o in\u00edcio do per\u00edodo para que pr\u00e9-candidatos iniciem arrecada\u00e7\u00e3o pelo financiamento coletivo, modalidade buscada por alguns pol\u00edticos para ampliar os recursos para a campanha.\u00a0<\/p>\n<p>Um m\u00eas depois, no dia 16 de junho, \u00e9 a data limite para o Tribunal Superior Eleitoral divulgar quanto cada partido ou federa\u00e7\u00e3o deve ter dispon\u00edvel para receber do Fundo Especial de Financiamento de Campanha (FEFC), mais conhecido como Fundo Eleitoral. Para as elei\u00e7\u00f5es de 2026, \u00e9 previsto um or\u00e7amento de R$ 4,9 bilh\u00f5es.\u00a0<\/p>\n<h3>Proibi\u00e7\u00f5es na gest\u00e3o p\u00fablica<\/h3>\n<p>Assim como no caso das desincompatibiliza\u00e7\u00f5es, quando h\u00e1 mudan\u00e7as significativas em quem ocupa cargos nas gest\u00f5es p\u00fablicas, o dia 4 de julho tamb\u00e9m representa um prazo com impacto na administra\u00e7\u00e3o p\u00fablica.\u00a0<\/p>\n<p>A partir desta data, ficam proibidas algumas condutas por parte de agentes p\u00fablicos. N\u00e3o \u00e9 permitida a nomea\u00e7\u00e3o, contrata\u00e7\u00e3o, exonera\u00e7\u00e3o ou dispensa de funcion\u00e1rio sem justa causa tanto nas gest\u00f5es estaduais como na federal.\u00a0\u00a0<\/p>\n<p>Ficam tamb\u00e9m proibidas as transfer\u00eancias de recursos entre os entes federativos, salvo exce\u00e7\u00f5es. Podem ser repassados apenas recursos previstos antes dessa data para, por exemplo, obras em andamento.\u00a0<\/p>\n<p>As propagandas institucionais, assim como pronunciamentos em cadeia de r\u00e1dio e televis\u00e3o, ficam limitadas. Quem ser\u00e1 candidato tamb\u00e9m est\u00e1 vetado de participar de inaugura\u00e7\u00f5es p\u00fablicas \u2014 o que pode causar um grande n\u00famero de eventos deste tipo nos dias que antecedem o prazo.\u00a0<\/p>\n<p><iframe loading=\"lazy\" title=\"O que a Justi\u00e7a pro\u00edbe a partir de julho por causa das elei\u00e7\u00f5es municipais? | Descomplicando\" width=\"1366\" height=\"768\" src=\"https:\/\/www.youtube.com\/embed\/zGkgu62vjRY?feature=oembed\" frameborder=\"0\" allow=\"accelerometer; autoplay; clipboard-write; encrypted-media; gyroscope; picture-in-picture; web-share\" referrerpolicy=\"strict-origin-when-cross-origin\" allowfullscreen><\/iframe><\/p>\n<h3>Escolha dos candidatos\u00a0<\/h3>\n<p>O calend\u00e1rio eleitoral tamb\u00e9m demarca prazos importantes para as defini\u00e7\u00f5es das candidaturas majorit\u00e1rias e proporcionais para as elei\u00e7\u00f5es, o que tamb\u00e9m define o per\u00edodo de articula\u00e7\u00e3o para a forma\u00e7\u00e3o de alian\u00e7as e o tempo de viabilizar o nome para a pr\u00e9-candidatura ao cargo desejado.\u00a0<\/p>\n<p>A primeira data n\u00e3o costuma ter tanta ades\u00e3o nos partidos, ainda assim a partir do dia 5 de julho \u00e9 poss\u00edvel divulgar campanha intrapartid\u00e1ria para a escolha de candidatos \u2014 em caso de disputas internas mais acirradas, a decis\u00e3o pelos filiados pode ser um caminho adotado pela agremia\u00e7\u00e3o.\u00a0<\/p>\n<p>Tamb\u00e9m em julho tem in\u00edcio o per\u00edodo destinado \u00e0 realiza\u00e7\u00e3o de conven\u00e7\u00f5es partid\u00e1rias. Do dia 20 de julho at\u00e9 o dia 5 de agosto, os partidos podem realizar estes eventos, que consagram quem devem ser os candidatos de cada partido aos cargos dispon\u00edveis.\u00a0<\/p>\n<p><iframe loading=\"lazy\" title=\"O que \u00e9 e como funcionam as conven\u00e7\u00f5es partid\u00e1rias? | Descomplicando\" width=\"1366\" height=\"768\" src=\"https:\/\/www.youtube.com\/embed\/msLaxm14IbM?feature=oembed\" frameborder=\"0\" allow=\"accelerometer; autoplay; clipboard-write; encrypted-media; gyroscope; picture-in-picture; web-share\" referrerpolicy=\"strict-origin-when-cross-origin\" allowfullscreen><\/iframe><\/p>\n<p>As duas semanas costumam concentrar grandes eventos partid\u00e1rios, al\u00e9m de muita movimenta\u00e7\u00e3o nos bastidores, em busca de consolidar chapas majorit\u00e1rias e proporcionais para a disputa em outubro.\u00a0<\/p>\n<p>As atas dos eventos precisam, inclusive, serem enviadas \u00e0 Justi\u00e7a Eleitoral. A formaliza\u00e7\u00e3o das candidaturas ocorre at\u00e9 o dia 15 de agosto, data limite para os registros de candidatos e candidatas.<\/p>\n<h3>Campanha Eleitoral<\/h3>\n<p>A campanha eleitoral come\u00e7a, de forma oficial, no dia 16 de agosto. A partir dessa data, podem ser realizados com\u00edcios, carreatas, caminhadas, al\u00e9m de ser poss\u00edvel distribuir material de campanha e fazer uso de alto-falantes e amplificadores.\u00a0<\/p>\n<p>Apenas a propaganda no r\u00e1dio e na TV come\u00e7a mais tarde: a partir do dia 28 de agosto. A propaganda segue pouco dias antes da data do 1\u00ba turno, no dia 4 de outubro.<\/p>\n<\/p><\/div>\n<p><script async src=\"\/\/www.instagram.com\/embed.js\"><\/script><br \/>\n<br \/><a href=\"https:\/\/diariodonordeste.verdesmares.com.br\/pontopoder\/apos-fim-da-janela-partidaria-quais-datas-do-calendario-eleitoral-devem-movimentar-a-politica-1.3756361\">Fonte do Artigo <\/a><\/p>\n","protected":false},"excerpt":{"rendered":"<p>O in\u00edcio de abril representou importante ponto de defini\u00e7\u00e3o para as elei\u00e7\u00f5es de 2026. Assim como em anos eleitorais, coincidiram tr\u00eas prazos importantes: a janela partid\u00e1ria para deputados estaduais e federais, o limite para desincompatibiliza\u00e7\u00e3o e a filia\u00e7\u00e3o de quem deseja ser candidato neste ano.\u00a0 Os marcos do calend\u00e1rio eleitoral permitiu visualizar melhor quais lideran\u00e7as [&hellip;]<\/p>\n","protected":false},"author":1,"featured_media":108837,"comment_status":"closed","ping_status":"","sticky":false,"template":"","format":"standard","meta":{"googlesitekit_rrm_CAow2JLhCw:productID":"","_gspb_post_css":"","maa_idioma":"","maa_pais":"","footnotes":""},"categories":[4],"tags":[3140,4607,5588,11338,1754,3531,11340,5005,28871,1883,28872,5003],"class_list":["post-108836","post","type-post","status-publish","format-standard","has-post-thumbnail","hentry","category-brasil","tag-apos","tag-calendario","tag-datas","tag-devem","tag-eleitoral","tag-fim","tag-janela","tag-movimentar","tag-partidaria","tag-politica","tag-pontopoder","tag-quais"],"blocksy_meta":[],"yoast_head":"<!-- This site is optimized with the Yoast SEO Premium plugin v27.6 (Yoast SEO v27.6) - https:\/\/yoast.com\/product\/yoast-seo-premium-wordpress\/ -->\n<title>Ap\u00f3s fim da janela partid\u00e1ria, quais datas do calend\u00e1rio eleitoral devem movimentar a pol\u00edtica - PontoPoder - Ubirat\u00e3 Online Not\u00edcias - A realidade ao seu alcance!<\/title>\n<meta name=\"description\" content=\"O in\u00edcio de abril representou importante ponto de defini\u00e7\u00e3o para as elei\u00e7\u00f5es de 2026. Assim como em anos eleitorais, coincidiram tr\u00eas prazos importantes:\" \/>\n<meta name=\"robots\" content=\"index, follow, max-snippet:-1, max-image-preview:large, max-video-preview:-1\" \/>\n<link rel=\"canonical\" href=\"https:\/\/ubirataonline.com.br\/en\/apos-fim-da-janela-partidaria-quais-datas-do-calendario-eleitoral-devem-movimentar-a-politica-pontopoder\/\" \/>\n<meta property=\"og:locale\" content=\"en_US\" \/>\n<meta property=\"og:type\" content=\"article\" \/>\n<meta property=\"og:title\" content=\"Ap\u00f3s fim da janela partid\u00e1ria, quais datas do calend\u00e1rio eleitoral devem movimentar a pol\u00edtica - PontoPoder\" \/>\n<meta property=\"og:description\" content=\"O in\u00edcio de abril representou importante ponto de defini\u00e7\u00e3o para as elei\u00e7\u00f5es de 2026. Assim como em anos eleitorais, coincidiram tr\u00eas prazos importantes:\" \/>\n<meta property=\"og:url\" content=\"https:\/\/ubirataonline.com.br\/en\/apos-fim-da-janela-partidaria-quais-datas-do-calendario-eleitoral-devem-movimentar-a-politica-pontopoder\/\" \/>\n<meta property=\"og:site_name\" content=\"Ubirat\u00e3 Online Not\u00edcias - A realidade ao seu alcance!\" \/>\n<meta property=\"article:publisher\" content=\"https:\/\/www.facebook.com\/portalubirataonline\" \/>\n<meta property=\"article:author\" content=\"https:\/\/www.facebook.com\/portalubirataonline\" \/>\n<meta property=\"article:published_time\" content=\"2026-04-16T10:43:37+00:00\" \/>\n<meta property=\"article:modified_time\" content=\"2026-04-16T10:43:47+00:00\" \/>\n<meta property=\"og:image\" content=\"https:\/\/ubirataonline.com.br\/wp-content\/uploads\/2026\/04\/Apos-fim-da-janela-partidaria-quais-datas-do-calendario-eleitoral.webp.webp\" \/>\n\t<meta property=\"og:image:width\" content=\"1053\" \/>\n\t<meta property=\"og:image:height\" content=\"630\" \/>\n\t<meta property=\"og:image:type\" content=\"image\/webp\" \/>\n<meta name=\"author\" content=\"REDA\u00c7\u00c3O: UBIRAT\u00c3 ONLINE - F\u00c1BIO AUGUSTO CELESTINO\" \/>\n<meta name=\"twitter:card\" content=\"summary_large_image\" \/>\n<meta name=\"twitter:creator\" content=\"@x.com\/ubirataonline\" \/>\n<meta name=\"twitter:site\" content=\"@ubirataonline\" \/>\n<meta name=\"twitter:label1\" content=\"Written by\" \/>\n\t<meta name=\"twitter:data1\" content=\"REDA\u00c7\u00c3O: UBIRAT\u00c3 ONLINE - F\u00c1BIO AUGUSTO CELESTINO\" \/>\n\t<meta name=\"twitter:label2\" content=\"Est. reading time\" \/>\n\t<meta name=\"twitter:data2\" content=\"5 minutes\" \/>\n<script type=\"application\/ld+json\" class=\"yoast-schema-graph\">{\"@context\":\"https:\\\/\\\/schema.org\",\"@graph\":[{\"@type\":\"NewsArticle\",\"@id\":\"https:\\\/\\\/ubirataonline.com.br\\\/apos-fim-da-janela-partidaria-quais-datas-do-calendario-eleitoral-devem-movimentar-a-politica-pontopoder\\\/#article\",\"isPartOf\":{\"@id\":\"https:\\\/\\\/ubirataonline.com.br\\\/apos-fim-da-janela-partidaria-quais-datas-do-calendario-eleitoral-devem-movimentar-a-politica-pontopoder\\\/\"},\"author\":{\"name\":\"REDA\u00c7\u00c3O: UBIRAT\u00c3 ONLINE - F\u00c1BIO AUGUSTO CELESTINO\",\"@id\":\"https:\\\/\\\/ubirataonline.com.br\\\/#\\\/schema\\\/person\\\/372f87bbd3fdd79b8556b84c98d0bc1c\"},\"headline\":\"Ap\u00f3s fim da janela partid\u00e1ria, quais datas do calend\u00e1rio eleitoral devem movimentar a pol\u00edtica &#8211; PontoPoder\",\"datePublished\":\"2026-04-16T10:43:37+00:00\",\"dateModified\":\"2026-04-16T10:43:47+00:00\",\"mainEntityOfPage\":{\"@id\":\"https:\\\/\\\/ubirataonline.com.br\\\/apos-fim-da-janela-partidaria-quais-datas-do-calendario-eleitoral-devem-movimentar-a-politica-pontopoder\\\/\"},\"wordCount\":1055,\"publisher\":{\"@id\":\"https:\\\/\\\/ubirataonline.com.br\\\/#organization\"},\"image\":{\"@id\":\"https:\\\/\\\/ubirataonline.com.br\\\/apos-fim-da-janela-partidaria-quais-datas-do-calendario-eleitoral-devem-movimentar-a-politica-pontopoder\\\/#primaryimage\"},\"thumbnailUrl\":\"https:\\\/\\\/ubirataonline.com.br\\\/wp-content\\\/uploads\\\/2026\\\/04\\\/Apos-fim-da-janela-partidaria-quais-datas-do-calendario-eleitoral.webp.webp\",\"keywords\":[\"ap\u00f3s\",\"calend\u00e1rio\",\"datas\",\"devem\",\"ELEITORAL\",\"fim\",\"janela\",\"movimentar\",\"partid\u00e1ria\",\"pol\u00edtica\",\"PontoPoder\",\"quais\"],\"articleSection\":[\"Brasil\"],\"inLanguage\":\"en-US\",\"copyrightYear\":\"2026\",\"copyrightHolder\":{\"@id\":\"https:\\\/\\\/ubirataonline.com.br\\\/en\\\/#organization\"}},{\"@type\":\"WebPage\",\"@id\":\"https:\\\/\\\/ubirataonline.com.br\\\/apos-fim-da-janela-partidaria-quais-datas-do-calendario-eleitoral-devem-movimentar-a-politica-pontopoder\\\/\",\"url\":\"https:\\\/\\\/ubirataonline.com.br\\\/apos-fim-da-janela-partidaria-quais-datas-do-calendario-eleitoral-devem-movimentar-a-politica-pontopoder\\\/\",\"name\":\"Ap\u00f3s fim da janela partid\u00e1ria, quais datas do calend\u00e1rio eleitoral devem movimentar a pol\u00edtica - PontoPoder - Ubirat\u00e3 Online Not\u00edcias - A realidade ao seu alcance!\",\"isPartOf\":{\"@id\":\"https:\\\/\\\/ubirataonline.com.br\\\/#website\"},\"primaryImageOfPage\":{\"@id\":\"https:\\\/\\\/ubirataonline.com.br\\\/apos-fim-da-janela-partidaria-quais-datas-do-calendario-eleitoral-devem-movimentar-a-politica-pontopoder\\\/#primaryimage\"},\"image\":{\"@id\":\"https:\\\/\\\/ubirataonline.com.br\\\/apos-fim-da-janela-partidaria-quais-datas-do-calendario-eleitoral-devem-movimentar-a-politica-pontopoder\\\/#primaryimage\"},\"thumbnailUrl\":\"https:\\\/\\\/ubirataonline.com.br\\\/wp-content\\\/uploads\\\/2026\\\/04\\\/Apos-fim-da-janela-partidaria-quais-datas-do-calendario-eleitoral.webp.webp\",\"datePublished\":\"2026-04-16T10:43:37+00:00\",\"dateModified\":\"2026-04-16T10:43:47+00:00\",\"description\":\"O in\u00edcio de abril representou importante ponto de defini\u00e7\u00e3o para as elei\u00e7\u00f5es de 2026. Assim como em anos eleitorais, coincidiram tr\u00eas prazos importantes:\",\"breadcrumb\":{\"@id\":\"https:\\\/\\\/ubirataonline.com.br\\\/apos-fim-da-janela-partidaria-quais-datas-do-calendario-eleitoral-devem-movimentar-a-politica-pontopoder\\\/#breadcrumb\"},\"inLanguage\":\"en-US\",\"potentialAction\":[{\"@type\":\"ReadAction\",\"target\":[\"https:\\\/\\\/ubirataonline.com.br\\\/apos-fim-da-janela-partidaria-quais-datas-do-calendario-eleitoral-devem-movimentar-a-politica-pontopoder\\\/\"]}]},{\"@type\":\"ImageObject\",\"inLanguage\":\"en-US\",\"@id\":\"https:\\\/\\\/ubirataonline.com.br\\\/apos-fim-da-janela-partidaria-quais-datas-do-calendario-eleitoral-devem-movimentar-a-politica-pontopoder\\\/#primaryimage\",\"url\":\"https:\\\/\\\/ubirataonline.com.br\\\/wp-content\\\/uploads\\\/2026\\\/04\\\/Apos-fim-da-janela-partidaria-quais-datas-do-calendario-eleitoral.webp.webp\",\"contentUrl\":\"https:\\\/\\\/ubirataonline.com.br\\\/wp-content\\\/uploads\\\/2026\\\/04\\\/Apos-fim-da-janela-partidaria-quais-datas-do-calendario-eleitoral.webp.webp\",\"width\":1053,\"height\":630,\"caption\":\"Legenda: Diversas datas devem movimentar a pol\u00edtica cearense e nacional at\u00e9 o dia da vota\u00e7\u00e3o, em outubro. Foto: Bruno Peres\\\/Ag\u00eancia Brasil.\"},{\"@type\":\"BreadcrumbList\",\"@id\":\"https:\\\/\\\/ubirataonline.com.br\\\/apos-fim-da-janela-partidaria-quais-datas-do-calendario-eleitoral-devem-movimentar-a-politica-pontopoder\\\/#breadcrumb\",\"itemListElement\":[{\"@type\":\"ListItem\",\"position\":1,\"name\":\"In\u00edcio\",\"item\":\"https:\\\/\\\/ubirataonline.com.br\\\/\"},{\"@type\":\"ListItem\",\"position\":2,\"name\":\"Ap\u00f3s fim da janela partid\u00e1ria, quais datas do calend\u00e1rio eleitoral devem movimentar a pol\u00edtica &#8211; PontoPoder\"}]},{\"@type\":\"WebSite\",\"@id\":\"https:\\\/\\\/ubirataonline.com.br\\\/#website\",\"url\":\"https:\\\/\\\/ubirataonline.com.br\\\/\",\"name\":\"Ubirat\u00e3 Online Not\u00edcias\",\"description\":\"Not\u00edcias de Ubirat\u00e3, regi\u00e3o, Brasil e mundo, com informa\u00e7\u00e3o atualizada e compromisso com o leitor.\",\"publisher\":{\"@id\":\"https:\\\/\\\/ubirataonline.com.br\\\/#organization\"},\"alternateName\":\"Ubirat\u00e3 Online\",\"potentialAction\":[{\"@type\":\"SearchAction\",\"target\":{\"@type\":\"EntryPoint\",\"urlTemplate\":\"https:\\\/\\\/ubirataonline.com.br\\\/?s={search_term_string}\"},\"query-input\":{\"@type\":\"PropertyValueSpecification\",\"valueRequired\":true,\"valueName\":\"search_term_string\"}}],\"inLanguage\":\"en-US\"},{\"@type\":[\"Organization\",\"Place\"],\"@id\":\"https:\\\/\\\/ubirataonline.com.br\\\/#organization\",\"name\":\"Ubirat\u00e3 Online Not\u00edcias\",\"alternateName\":\"Ubirat\u00e3 Online\",\"url\":\"https:\\\/\\\/ubirataonline.com.br\\\/\",\"logo\":{\"@id\":\"https:\\\/\\\/ubirataonline.com.br\\\/apos-fim-da-janela-partidaria-quais-datas-do-calendario-eleitoral-devem-movimentar-a-politica-pontopoder\\\/#local-main-organization-logo\"},\"image\":{\"@id\":\"https:\\\/\\\/ubirataonline.com.br\\\/apos-fim-da-janela-partidaria-quais-datas-do-calendario-eleitoral-devem-movimentar-a-politica-pontopoder\\\/#local-main-organization-logo\"},\"sameAs\":[\"https:\\\/\\\/www.facebook.com\\\/portalubirataonline\",\"https:\\\/\\\/x.com\\\/ubirataonline\",\"https:\\\/\\\/mastodon.social\\\/@ubirataonline\",\"https:\\\/\\\/www.facebook.com\\\/groups\\\/311144672285604\",\"https:\\\/\\\/www.facebook.com\\\/UBTAOnline\",\"https:\\\/\\\/www.instagram.com\\\/portalubirataonline\\\/\",\"https:\\\/\\\/twitter.com\\\/ubirataonline\"],\"description\":\"Somos um portal de not\u00edcias independente, criado em 5 de janeiro de 2009, com o objetivo de informar, conectar e valorizar a nossa comunidade de Ubirat\u00e3 e toda aregi\u00e3o. Com conte\u00fado atualizado, confi\u00e1vel e relevante, o Ubirat\u00e3 Online \u00e9 o seu espa\u00e7o para ficar por dentro dos principais acontecimentos locais, regionais, Brasil, Mundo e de interesse geral. Nosso compromisso \u00e9 com a verdade, a transpar\u00eancia e o respeito ao leitor.\",\"legalName\":\"UBIRATA ONLINE NOT\u00cdCIAS\",\"foundingDate\":\"2009-01-05\",\"numberOfEmployees\":{\"@type\":\"QuantitativeValue\",\"minValue\":\"1\",\"maxValue\":\"10\"},\"publishingPrinciples\":\"https:\\\/\\\/ubirataonline.com.br\\\/faq\\\/\",\"address\":{\"@id\":\"https:\\\/\\\/ubirataonline.com.br\\\/apos-fim-da-janela-partidaria-quais-datas-do-calendario-eleitoral-devem-movimentar-a-politica-pontopoder\\\/#local-main-place-address\"},\"geo\":{\"@type\":\"GeoCoordinates\",\"latitude\":\"-24.5361401\",\"longitude\":\"-52.9921776\"},\"telephone\":[\"+5544998308235\"],\"contactPoint\":{\"@type\":\"ContactPoint\",\"email\":\"contato@ubirataonline.com.br\"},\"openingHoursSpecification\":{\"@type\":\"OpeningHoursSpecification\",\"dayOfWeek\":[\"Monday\",\"Tuesday\",\"Wednesday\",\"Thursday\",\"Friday\",\"Saturday\",\"Sunday\"],\"opens\":\"00:00\",\"closes\":\"23:59\"},\"email\":\"contato@ubirataonline.com.br\",\"vatID\":\"47.621.418\\\/0001-80\"},{\"@type\":\"Person\",\"@id\":\"https:\\\/\\\/ubirataonline.com.br\\\/#\\\/schema\\\/person\\\/372f87bbd3fdd79b8556b84c98d0bc1c\",\"name\":\"REDA\u00c7\u00c3O: UBIRAT\u00c3 ONLINE - F\u00c1BIO AUGUSTO CELESTINO\",\"pronouns\":\"Ele\",\"description\":\"Desde 2003 trabalhando com not\u00edcias.\",\"sameAs\":[\"http:\\\/\\\/ubirataoline.com.br\",\"https:\\\/\\\/www.facebook.com\\\/portalubirataonline\",\"https:\\\/\\\/www.instagram.com\\\/ubirataonline_oficial\",\"https:\\\/\\\/x.com\\\/x.com\\\/ubirataonline\"],\"honorificPrefix\":\"Mr.\",\"honorificSuffix\":\"MD\",\"birthDate\":\"1980-06-16\",\"gender\":\"masculino\",\"award\":[\"V\u00e1rios pr\u00eamios de melhor portal da cidade\"],\"jobTitle\":\"Diretor\",\"url\":\"https:\\\/\\\/ubirataonline.com.br\\\/en\\\/author\\\/ubirataonline\\\/\"},{\"@type\":\"PostalAddress\",\"@id\":\"https:\\\/\\\/ubirataonline.com.br\\\/apos-fim-da-janela-partidaria-quais-datas-do-calendario-eleitoral-devem-movimentar-a-politica-pontopoder\\\/#local-main-place-address\",\"streetAddress\":\"Rua dos Coqueiros, 104 - Bairro Boa Vista, Rua dos Coqueiros, 104 Bairro Boa Vista\",\"addressLocality\":\"UBIRATA\",\"postalCode\":\"85440-000\",\"addressRegion\":\"PR\",\"addressCountry\":\"BR\"},{\"@type\":\"ImageObject\",\"inLanguage\":\"en-US\",\"@id\":\"https:\\\/\\\/ubirataonline.com.br\\\/apos-fim-da-janela-partidaria-quais-datas-do-calendario-eleitoral-devem-movimentar-a-politica-pontopoder\\\/#local-main-organization-logo\",\"url\":\"https:\\\/\\\/ubirataonline.com.br\\\/wp-content\\\/uploads\\\/2026\\\/06\\\/logoubirataonline-1.webp\",\"contentUrl\":\"https:\\\/\\\/ubirataonline.com.br\\\/wp-content\\\/uploads\\\/2026\\\/06\\\/logoubirataonline-1.webp\",\"width\":500,\"height\":500,\"caption\":\"Ubirat\u00e3 Online Not\u00edcias\"}]}<\/script>\n<meta name=\"geo.placename\" content=\"UBIRATA\" \/>\n<meta name=\"geo.position\" content=\"-24.5361401;-52.9921776\" \/>\n<meta name=\"geo.region\" content=\"Brazil\" \/>\n<!-- \/ Yoast SEO Premium plugin. -->","yoast_head_json":{"title":"Ap\u00f3s fim da janela partid\u00e1ria, quais datas do calend\u00e1rio eleitoral devem movimentar a pol\u00edtica - PontoPoder - Ubirat\u00e3 Online Not\u00edcias - A realidade ao seu alcance!","description":"O in\u00edcio de abril representou importante ponto de defini\u00e7\u00e3o para as elei\u00e7\u00f5es de 2026. Assim como em anos eleitorais, coincidiram tr\u00eas prazos importantes:","robots":{"index":"index","follow":"follow","max-snippet":"max-snippet:-1","max-image-preview":"max-image-preview:large","max-video-preview":"max-video-preview:-1"},"canonical":"https:\/\/ubirataonline.com.br\/en\/apos-fim-da-janela-partidaria-quais-datas-do-calendario-eleitoral-devem-movimentar-a-politica-pontopoder\/","og_locale":"en_US","og_type":"article","og_title":"Ap\u00f3s fim da janela partid\u00e1ria, quais datas do calend\u00e1rio eleitoral devem movimentar a pol\u00edtica - PontoPoder","og_description":"O in\u00edcio de abril representou importante ponto de defini\u00e7\u00e3o para as elei\u00e7\u00f5es de 2026. Assim como em anos eleitorais, coincidiram tr\u00eas prazos importantes:","og_url":"https:\/\/ubirataonline.com.br\/en\/apos-fim-da-janela-partidaria-quais-datas-do-calendario-eleitoral-devem-movimentar-a-politica-pontopoder\/","og_site_name":"Ubirat\u00e3 Online Not\u00edcias - A realidade ao seu alcance!","article_publisher":"https:\/\/www.facebook.com\/portalubirataonline","article_author":"https:\/\/www.facebook.com\/portalubirataonline","article_published_time":"2026-04-16T10:43:37+00:00","article_modified_time":"2026-04-16T10:43:47+00:00","og_image":[{"width":1053,"height":630,"url":"https:\/\/ubirataonline.com.br\/wp-content\/uploads\/2026\/04\/Apos-fim-da-janela-partidaria-quais-datas-do-calendario-eleitoral.webp.webp","type":"image\/webp"}],"author":"REDA\u00c7\u00c3O: UBIRAT\u00c3 ONLINE - F\u00c1BIO AUGUSTO CELESTINO","twitter_card":"summary_large_image","twitter_creator":"@x.com\/ubirataonline","twitter_site":"@ubirataonline","twitter_misc":{"Written by":"REDA\u00c7\u00c3O: UBIRAT\u00c3 ONLINE - F\u00c1BIO AUGUSTO CELESTINO","Est. reading time":"5 minutes"},"schema":{"@context":"https:\/\/schema.org","@graph":[{"@type":"NewsArticle","@id":"https:\/\/ubirataonline.com.br\/apos-fim-da-janela-partidaria-quais-datas-do-calendario-eleitoral-devem-movimentar-a-politica-pontopoder\/#article","isPartOf":{"@id":"https:\/\/ubirataonline.com.br\/apos-fim-da-janela-partidaria-quais-datas-do-calendario-eleitoral-devem-movimentar-a-politica-pontopoder\/"},"author":{"name":"REDA\u00c7\u00c3O: UBIRAT\u00c3 ONLINE - F\u00c1BIO AUGUSTO CELESTINO","@id":"https:\/\/ubirataonline.com.br\/#\/schema\/person\/372f87bbd3fdd79b8556b84c98d0bc1c"},"headline":"Ap\u00f3s fim da janela partid\u00e1ria, quais datas do calend\u00e1rio eleitoral devem movimentar a pol\u00edtica &#8211; PontoPoder","datePublished":"2026-04-16T10:43:37+00:00","dateModified":"2026-04-16T10:43:47+00:00","mainEntityOfPage":{"@id":"https:\/\/ubirataonline.com.br\/apos-fim-da-janela-partidaria-quais-datas-do-calendario-eleitoral-devem-movimentar-a-politica-pontopoder\/"},"wordCount":1055,"publisher":{"@id":"https:\/\/ubirataonline.com.br\/#organization"},"image":{"@id":"https:\/\/ubirataonline.com.br\/apos-fim-da-janela-partidaria-quais-datas-do-calendario-eleitoral-devem-movimentar-a-politica-pontopoder\/#primaryimage"},"thumbnailUrl":"https:\/\/ubirataonline.com.br\/wp-content\/uploads\/2026\/04\/Apos-fim-da-janela-partidaria-quais-datas-do-calendario-eleitoral.webp.webp","keywords":["ap\u00f3s","calend\u00e1rio","datas","devem","ELEITORAL","fim","janela","movimentar","partid\u00e1ria","pol\u00edtica","PontoPoder","quais"],"articleSection":["Brasil"],"inLanguage":"en-US","copyrightYear":"2026","copyrightHolder":{"@id":"https:\/\/ubirataonline.com.br\/en\/#organization"}},{"@type":"WebPage","@id":"https:\/\/ubirataonline.com.br\/apos-fim-da-janela-partidaria-quais-datas-do-calendario-eleitoral-devem-movimentar-a-politica-pontopoder\/","url":"https:\/\/ubirataonline.com.br\/apos-fim-da-janela-partidaria-quais-datas-do-calendario-eleitoral-devem-movimentar-a-politica-pontopoder\/","name":"Ap\u00f3s fim da janela partid\u00e1ria, quais datas do calend\u00e1rio eleitoral devem movimentar a pol\u00edtica - PontoPoder - Ubirat\u00e3 Online Not\u00edcias - A realidade ao seu alcance!","isPartOf":{"@id":"https:\/\/ubirataonline.com.br\/#website"},"primaryImageOfPage":{"@id":"https:\/\/ubirataonline.com.br\/apos-fim-da-janela-partidaria-quais-datas-do-calendario-eleitoral-devem-movimentar-a-politica-pontopoder\/#primaryimage"},"image":{"@id":"https:\/\/ubirataonline.com.br\/apos-fim-da-janela-partidaria-quais-datas-do-calendario-eleitoral-devem-movimentar-a-politica-pontopoder\/#primaryimage"},"thumbnailUrl":"https:\/\/ubirataonline.com.br\/wp-content\/uploads\/2026\/04\/Apos-fim-da-janela-partidaria-quais-datas-do-calendario-eleitoral.webp.webp","datePublished":"2026-04-16T10:43:37+00:00","dateModified":"2026-04-16T10:43:47+00:00","description":"O in\u00edcio de abril representou importante ponto de defini\u00e7\u00e3o para as elei\u00e7\u00f5es de 2026. Assim como em anos eleitorais, coincidiram tr\u00eas prazos importantes:","breadcrumb":{"@id":"https:\/\/ubirataonline.com.br\/apos-fim-da-janela-partidaria-quais-datas-do-calendario-eleitoral-devem-movimentar-a-politica-pontopoder\/#breadcrumb"},"inLanguage":"en-US","potentialAction":[{"@type":"ReadAction","target":["https:\/\/ubirataonline.com.br\/apos-fim-da-janela-partidaria-quais-datas-do-calendario-eleitoral-devem-movimentar-a-politica-pontopoder\/"]}]},{"@type":"ImageObject","inLanguage":"en-US","@id":"https:\/\/ubirataonline.com.br\/apos-fim-da-janela-partidaria-quais-datas-do-calendario-eleitoral-devem-movimentar-a-politica-pontopoder\/#primaryimage","url":"https:\/\/ubirataonline.com.br\/wp-content\/uploads\/2026\/04\/Apos-fim-da-janela-partidaria-quais-datas-do-calendario-eleitoral.webp.webp","contentUrl":"https:\/\/ubirataonline.com.br\/wp-content\/uploads\/2026\/04\/Apos-fim-da-janela-partidaria-quais-datas-do-calendario-eleitoral.webp.webp","width":1053,"height":630,"caption":"Legenda: Diversas datas devem movimentar a pol\u00edtica cearense e nacional at\u00e9 o dia da vota\u00e7\u00e3o, em outubro. Foto: Bruno Peres\/Ag\u00eancia Brasil."},{"@type":"BreadcrumbList","@id":"https:\/\/ubirataonline.com.br\/apos-fim-da-janela-partidaria-quais-datas-do-calendario-eleitoral-devem-movimentar-a-politica-pontopoder\/#breadcrumb","itemListElement":[{"@type":"ListItem","position":1,"name":"In\u00edcio","item":"https:\/\/ubirataonline.com.br\/"},{"@type":"ListItem","position":2,"name":"Ap\u00f3s fim da janela partid\u00e1ria, quais datas do calend\u00e1rio eleitoral devem movimentar a pol\u00edtica &#8211; PontoPoder"}]},{"@type":"WebSite","@id":"https:\/\/ubirataonline.com.br\/#website","url":"https:\/\/ubirataonline.com.br\/","name":"Ubirat\u00e3 Online Not\u00edcias","description":"Not\u00edcias de Ubirat\u00e3, regi\u00e3o, Brasil e mundo, com informa\u00e7\u00e3o atualizada e compromisso com o leitor.","publisher":{"@id":"https:\/\/ubirataonline.com.br\/#organization"},"alternateName":"Ubirat\u00e3 Online","potentialAction":[{"@type":"SearchAction","target":{"@type":"EntryPoint","urlTemplate":"https:\/\/ubirataonline.com.br\/?s={search_term_string}"},"query-input":{"@type":"PropertyValueSpecification","valueRequired":true,"valueName":"search_term_string"}}],"inLanguage":"en-US"},{"@type":["Organization","Place"],"@id":"https:\/\/ubirataonline.com.br\/#organization","name":"Ubirat\u00e3 Online Not\u00edcias","alternateName":"Ubirat\u00e3 Online","url":"https:\/\/ubirataonline.com.br\/","logo":{"@id":"https:\/\/ubirataonline.com.br\/apos-fim-da-janela-partidaria-quais-datas-do-calendario-eleitoral-devem-movimentar-a-politica-pontopoder\/#local-main-organization-logo"},"image":{"@id":"https:\/\/ubirataonline.com.br\/apos-fim-da-janela-partidaria-quais-datas-do-calendario-eleitoral-devem-movimentar-a-politica-pontopoder\/#local-main-organization-logo"},"sameAs":["https:\/\/www.facebook.com\/portalubirataonline","https:\/\/x.com\/ubirataonline","https:\/\/mastodon.social\/@ubirataonline","https:\/\/www.facebook.com\/groups\/311144672285604","https:\/\/www.facebook.com\/UBTAOnline","https:\/\/www.instagram.com\/portalubirataonline\/","https:\/\/twitter.com\/ubirataonline"],"description":"Somos um portal de not\u00edcias independente, criado em 5 de janeiro de 2009, com o objetivo de informar, conectar e valorizar a nossa comunidade de Ubirat\u00e3 e toda aregi\u00e3o. Com conte\u00fado atualizado, confi\u00e1vel e relevante, o Ubirat\u00e3 Online \u00e9 o seu espa\u00e7o para ficar por dentro dos principais acontecimentos locais, regionais, Brasil, Mundo e de interesse geral. Nosso compromisso \u00e9 com a verdade, a transpar\u00eancia e o respeito ao leitor.","legalName":"UBIRATA ONLINE NOT\u00cdCIAS","foundingDate":"2009-01-05","numberOfEmployees":{"@type":"QuantitativeValue","minValue":"1","maxValue":"10"},"publishingPrinciples":"https:\/\/ubirataonline.com.br\/faq\/","address":{"@id":"https:\/\/ubirataonline.com.br\/apos-fim-da-janela-partidaria-quais-datas-do-calendario-eleitoral-devem-movimentar-a-politica-pontopoder\/#local-main-place-address"},"geo":{"@type":"GeoCoordinates","latitude":"-24.5361401","longitude":"-52.9921776"},"telephone":["+5544998308235"],"contactPoint":{"@type":"ContactPoint","email":"contato@ubirataonline.com.br"},"openingHoursSpecification":{"@type":"OpeningHoursSpecification","dayOfWeek":["Monday","Tuesday","Wednesday","Thursday","Friday","Saturday","Sunday"],"opens":"00:00","closes":"23:59"},"email":"contato@ubirataonline.com.br","vatID":"47.621.418\/0001-80"},{"@type":"Person","@id":"https:\/\/ubirataonline.com.br\/#\/schema\/person\/372f87bbd3fdd79b8556b84c98d0bc1c","name":"REDA\u00c7\u00c3O: UBIRAT\u00c3 ONLINE - F\u00c1BIO AUGUSTO CELESTINO","pronouns":"Ele","description":"Desde 2003 trabalhando com not\u00edcias.","sameAs":["http:\/\/ubirataoline.com.br","https:\/\/www.facebook.com\/portalubirataonline","https:\/\/www.instagram.com\/ubirataonline_oficial","https:\/\/x.com\/x.com\/ubirataonline"],"honorificPrefix":"Mr.","honorificSuffix":"MD","birthDate":"1980-06-16","gender":"masculino","award":["V\u00e1rios pr\u00eamios de melhor portal da cidade"],"jobTitle":"Diretor","url":"https:\/\/ubirataonline.com.br\/en\/author\/ubirataonline\/"},{"@type":"PostalAddress","@id":"https:\/\/ubirataonline.com.br\/apos-fim-da-janela-partidaria-quais-datas-do-calendario-eleitoral-devem-movimentar-a-politica-pontopoder\/#local-main-place-address","streetAddress":"Rua dos Coqueiros, 104 - Bairro Boa Vista, Rua dos Coqueiros, 104 Bairro Boa Vista","addressLocality":"UBIRATA","postalCode":"85440-000","addressRegion":"PR","addressCountry":"BR"},{"@type":"ImageObject","inLanguage":"en-US","@id":"https:\/\/ubirataonline.com.br\/apos-fim-da-janela-partidaria-quais-datas-do-calendario-eleitoral-devem-movimentar-a-politica-pontopoder\/#local-main-organization-logo","url":"https:\/\/ubirataonline.com.br\/wp-content\/uploads\/2026\/06\/logoubirataonline-1.webp","contentUrl":"https:\/\/ubirataonline.com.br\/wp-content\/uploads\/2026\/06\/logoubirataonline-1.webp","width":500,"height":500,"caption":"Ubirat\u00e3 Online Not\u00edcias"}]},"geo.placename":"UBIRATA","geo.position":{"lat":"-24.5361401","long":"-52.9921776"},"geo.region":"Brazil"},"_links":{"self":[{"href":"https:\/\/ubirataonline.com.br\/en\/wp-json\/wp\/v2\/posts\/108836","targetHints":{"allow":["GET"]}}],"collection":[{"href":"https:\/\/ubirataonline.com.br\/en\/wp-json\/wp\/v2\/posts"}],"about":[{"href":"https:\/\/ubirataonline.com.br\/en\/wp-json\/wp\/v2\/types\/post"}],"author":[{"embeddable":true,"href":"https:\/\/ubirataonline.com.br\/en\/wp-json\/wp\/v2\/users\/1"}],"replies":[{"embeddable":true,"href":"https:\/\/ubirataonline.com.br\/en\/wp-json\/wp\/v2\/comments?post=108836"}],"version-history":[{"count":0,"href":"https:\/\/ubirataonline.com.br\/en\/wp-json\/wp\/v2\/posts\/108836\/revisions"}],"wp:featuredmedia":[{"embeddable":true,"href":"https:\/\/ubirataonline.com.br\/en\/wp-json\/wp\/v2\/media\/108837"}],"wp:attachment":[{"href":"https:\/\/ubirataonline.com.br\/en\/wp-json\/wp\/v2\/media?parent=108836"}],"wp:term":[{"taxonomy":"category","embeddable":true,"href":"https:\/\/ubirataonline.com.br\/en\/wp-json\/wp\/v2\/categories?post=108836"},{"taxonomy":"post_tag","embeddable":true,"href":"https:\/\/ubirataonline.com.br\/en\/wp-json\/wp\/v2\/tags?post=108836"}],"curies":[{"name":"wp","href":"https:\/\/api.w.org\/{rel}","templated":true}]}}