{"id":108922,"date":"2026-04-16T09:36:42","date_gmt":"2026-04-16T12:36:42","guid":{"rendered":"https:\/\/ubirataonline.com.br\/today-show-to-film-in-williamsburg-to-celebrate-nation-ahead-of-250th-birthday\/"},"modified":"2026-04-16T09:36:45","modified_gmt":"2026-04-16T12:36:45","slug":"today-show-to-film-in-williamsburg-to-celebrate-nation-ahead-of-250th-birthday","status":"publish","type":"post","link":"https:\/\/ubirataonline.com.br\/en\/today-show-to-film-in-williamsburg-to-celebrate-nation-ahead-of-250th-birthday\/","title":{"rendered":"TODAY Show to Film in Williamsburg to Celebrate Nation Ahead of 250th Birthday"},"content":{"rendered":"<p><br \/>\n<\/p>\n<div data-pn=\"1\">\n<figure id=\"attachment_324378\" aria-describedby=\"caption-attachment-324378\" style=\"width: 500px\" class=\"wp-caption aligncenter\"><figcaption id=\"caption-attachment-324378\" class=\"wp-caption-text\">Al Roker and Dylan Dreyer will visit Williamsburg on May 15 to file the Third Hour of TODAY. (Visit Williamsburg)<\/figcaption><\/figure>\n<p>WILLIAMSBURG\u2014 <a id=\"OWA928fab73-cbb1-45e5-0fb6-c192ff36de8f\" class=\"x_x_Hyperlink x_x_SCXW221567974 x_x_BCX0 x_x_OWAAutoLink\" title=\"https:\/\/www.visitwilliamsburg.com\/\" href=\"https:\/\/www.visitwilliamsburg.com\/\" target=\"_blank\" rel=\"noopener noreferrer\" data-auth=\"NotApplicable\" data-linkindex=\"3\"><u>Visit Williamsburg<\/u><\/a>\u00a0is bringing\u00a0NBC\u2019s <a id=\"OWA96cff74d-1275-eb33-f436-dee502bc1a87\" class=\"x_x_Hyperlink x_x_SCXW221567974 x_x_BCX0 x_x_OWAAutoLink\" title=\"https:\/\/www.today.com\/3rd-hour-today\" href=\"https:\/\/www.today.com\/3rd-hour-today\" target=\"_blank\" rel=\"noopener noreferrer\" data-auth=\"NotApplicable\" data-linkindex=\"4\"><i><u>3rd\u00a0Hour of\u00a0TODAY<\/u><\/i><\/a>\u00a0to the Historic Triangle, broadcasting from\u00a0the\u00a0Governor\u2019s Palace in Colonial Williamsburg on May 15th\u00a0at 9\u00a0a.m\u00a0ET. The live show comes at a time when Visit Williamsburg is working to promote the diverse tourism attractions and experiences to be enjoyed in Williamsburg,\u00a0Jamestown\u00a0and Yorktown throughout our nation\u2019s\u00a0semiquincentennial\u00a0year.<\/p>\n<p>The<i>\u00a0TODAY<\/i>\u00a0Show announced\u00a0on the Wednesday, April 15th\u00a0episode\u00a0that\u00a0Al Roker\u00a0and\u00a0Dylan\u00a0Dreyer\u00a0will be co-hosting.\u00a0They\u2019ll\u00a0also be joined by\u00a0special co-host,\u00a0comedian\u00a0and actor Patton Oswalt, as his personal connections\u00a0to Williamsburg\u00a0date back to his college years attending William &amp; Mary.<\/p>\n<p>Edward Harris, President &amp; CEO of Visit Williamsburg noted, \u201cThis\u00a0is\u00a0a great opportunity\u00a0to see Williamsburg,\u00a0Jamestown\u00a0and Yorktown on a national stage. As everyone is\u00a0gearing up to celebrate America250, we wanted to put the full\u00a0scope\u00a0of the Historic Triangle front and center in the media, and the reach and influence of <i>TODAY<\/i>\u00a0is unmatched.\u201d<\/p>\n<p>The date of the broadcast is significant, marking 250 years to the day that the Fifth Virginia Convention met\u00a0in Williamsburg\u00a0to debate the issue of declaring independence from Britain.\u00a0Without the\u00a0events\u00a0of May 15,\u00a01776\u00a0there would be no July 4,\u00a01776.<\/p>\n<div>Fans of the show will also\u00a0have the opportunity to\u00a0register for\u00a0free\u00a0tickets, which\u00a0are being offered directly through the show\u2019s website. To register, visit\u00a0<a href=\"http:\/\/today.com\/williamsburg\">today.com\/williamsburg<\/a>.<\/div>\n<\/div>\n<p><br \/>\n<br \/><a href=\"https:\/\/wydaily.com\/latest\/regional-national\/2026\/04\/15\/today-show-to-film-in-williamsburg-to-celebrate-nation-ahead-of-250th-birthday\/\">Source link <\/a><\/p>","protected":false},"excerpt":{"rendered":"<p>Al Roker and Dylan Dreyer will visit Williamsburg on May 15 to file the Third Hour of TODAY. (Visit Williamsburg) WILLIAMSBURG\u2014 Visit Williamsburg\u00a0is bringing\u00a0NBC\u2019s 3rd\u00a0Hour of\u00a0TODAY\u00a0to the Historic Triangle, broadcasting from\u00a0the\u00a0Governor\u2019s Palace in Colonial Williamsburg on May 15th\u00a0at 9\u00a0a.m\u00a0ET. The live show comes at a time when Visit Williamsburg is working to promote the diverse [&hellip;]<\/p>\n","protected":false},"author":1,"featured_media":108923,"comment_status":"closed","ping_status":"","sticky":false,"template":"","format":"standard","meta":{"googlesitekit_rrm_CAow2JLhCw:productID":"","_gspb_post_css":"","maa_idioma":"","maa_pais":"","footnotes":""},"categories":[1],"tags":[16360,3392,7566,12281,3375,10423,1654,5307,28909],"class_list":["post-108922","post","type-post","status-publish","format-standard","has-post-thumbnail","hentry","category-ubirata","tag-250th","tag-ahead","tag-birthday","tag-celebrate","tag-film","tag-nation","tag-show","tag-today","tag-williamsburg"],"blocksy_meta":[],"yoast_head":"<!-- This site is optimized with the Yoast SEO Premium plugin v27.6 (Yoast SEO v27.6) - https:\/\/yoast.com\/product\/yoast-seo-premium-wordpress\/ -->\n<title>TODAY Show to Film in Williamsburg to Celebrate Nation Ahead of 250th Birthday - Ubirat\u00e3 Online Not\u00edcias - A realidade ao seu alcance!<\/title>\n<meta name=\"description\" content=\"Al Roker and Dylan Dreyer will visit Williamsburg on May 15 to file the Third Hour of TODAY. (Visit Williamsburg) WILLIAMSBURG\u2014 Visit Williamsburg\u00a0is\" \/>\n<meta name=\"robots\" content=\"index, follow, max-snippet:-1, max-image-preview:large, max-video-preview:-1\" \/>\n<link rel=\"canonical\" href=\"https:\/\/ubirataonline.com.br\/en\/today-show-to-film-in-williamsburg-to-celebrate-nation-ahead-of-250th-birthday\/\" \/>\n<meta property=\"og:locale\" content=\"en_US\" \/>\n<meta property=\"og:type\" content=\"article\" \/>\n<meta property=\"og:title\" content=\"TODAY Show to Film in Williamsburg to Celebrate Nation Ahead of 250th Birthday\" \/>\n<meta property=\"og:description\" content=\"Al Roker and Dylan Dreyer will visit Williamsburg on May 15 to file the Third Hour of TODAY. (Visit Williamsburg) WILLIAMSBURG\u2014 Visit Williamsburg\u00a0is\" \/>\n<meta property=\"og:url\" content=\"https:\/\/ubirataonline.com.br\/en\/today-show-to-film-in-williamsburg-to-celebrate-nation-ahead-of-250th-birthday\/\" \/>\n<meta property=\"og:site_name\" content=\"Ubirat\u00e3 Online Not\u00edcias - A realidade ao seu alcance!\" \/>\n<meta property=\"article:publisher\" content=\"https:\/\/www.facebook.com\/portalubirataonline\" \/>\n<meta property=\"article:author\" content=\"https:\/\/www.facebook.com\/portalubirataonline\" \/>\n<meta property=\"article:published_time\" content=\"2026-04-16T12:36:42+00:00\" \/>\n<meta property=\"article:modified_time\" content=\"2026-04-16T12:36:45+00:00\" \/>\n<meta property=\"og:image\" content=\"https:\/\/ubirataonline.com.br\/wp-content\/uploads\/2026\/04\/TODAY-Show-to-Film-in-Williamsburg-to-Celebrate-Nation-Ahead.jpg\" \/>\n\t<meta property=\"og:image:width\" content=\"601\" \/>\n\t<meta property=\"og:image:height\" content=\"337\" \/>\n\t<meta property=\"og:image:type\" content=\"image\/jpeg\" \/>\n<meta name=\"author\" content=\"REDA\u00c7\u00c3O: UBIRAT\u00c3 ONLINE - F\u00c1BIO AUGUSTO CELESTINO\" \/>\n<meta name=\"twitter:card\" content=\"summary_large_image\" \/>\n<meta name=\"twitter:creator\" content=\"@x.com\/ubirataonline\" \/>\n<meta name=\"twitter:site\" content=\"@ubirataonline\" \/>\n<meta name=\"twitter:label1\" content=\"Written by\" \/>\n\t<meta name=\"twitter:data1\" content=\"REDA\u00c7\u00c3O: UBIRAT\u00c3 ONLINE - F\u00c1BIO AUGUSTO CELESTINO\" \/>\n\t<meta name=\"twitter:label2\" content=\"Est. reading time\" \/>\n\t<meta name=\"twitter:data2\" content=\"1 minute\" \/>\n<script type=\"application\/ld+json\" class=\"yoast-schema-graph\">{\"@context\":\"https:\\\/\\\/schema.org\",\"@graph\":[{\"@type\":\"NewsArticle\",\"@id\":\"https:\\\/\\\/ubirataonline.com.br\\\/today-show-to-film-in-williamsburg-to-celebrate-nation-ahead-of-250th-birthday\\\/#article\",\"isPartOf\":{\"@id\":\"https:\\\/\\\/ubirataonline.com.br\\\/today-show-to-film-in-williamsburg-to-celebrate-nation-ahead-of-250th-birthday\\\/\"},\"author\":{\"name\":\"REDA\u00c7\u00c3O: UBIRAT\u00c3 ONLINE - F\u00c1BIO AUGUSTO CELESTINO\",\"@id\":\"https:\\\/\\\/ubirataonline.com.br\\\/#\\\/schema\\\/person\\\/372f87bbd3fdd79b8556b84c98d0bc1c\"},\"headline\":\"TODAY Show to Film in Williamsburg to Celebrate Nation Ahead of 250th Birthday\",\"datePublished\":\"2026-04-16T12:36:42+00:00\",\"dateModified\":\"2026-04-16T12:36:45+00:00\",\"mainEntityOfPage\":{\"@id\":\"https:\\\/\\\/ubirataonline.com.br\\\/today-show-to-film-in-williamsburg-to-celebrate-nation-ahead-of-250th-birthday\\\/\"},\"wordCount\":276,\"publisher\":{\"@id\":\"https:\\\/\\\/ubirataonline.com.br\\\/#organization\"},\"image\":{\"@id\":\"https:\\\/\\\/ubirataonline.com.br\\\/today-show-to-film-in-williamsburg-to-celebrate-nation-ahead-of-250th-birthday\\\/#primaryimage\"},\"thumbnailUrl\":\"https:\\\/\\\/ubirataonline.com.br\\\/wp-content\\\/uploads\\\/2026\\\/04\\\/TODAY-Show-to-Film-in-Williamsburg-to-Celebrate-Nation-Ahead.jpg\",\"keywords\":[\"250th\",\"ahead\",\"birthday\",\"celebrate\",\"Film\",\"Nation\",\"Show\",\"today\",\"Williamsburg\"],\"articleSection\":[\"Ubirat\u00e3\"],\"inLanguage\":\"en-US\",\"copyrightYear\":\"2026\",\"copyrightHolder\":{\"@id\":\"https:\\\/\\\/ubirataonline.com.br\\\/en\\\/#organization\"}},{\"@type\":\"WebPage\",\"@id\":\"https:\\\/\\\/ubirataonline.com.br\\\/today-show-to-film-in-williamsburg-to-celebrate-nation-ahead-of-250th-birthday\\\/\",\"url\":\"https:\\\/\\\/ubirataonline.com.br\\\/today-show-to-film-in-williamsburg-to-celebrate-nation-ahead-of-250th-birthday\\\/\",\"name\":\"TODAY Show to Film in Williamsburg to Celebrate Nation Ahead of 250th Birthday - Ubirat\u00e3 Online Not\u00edcias - A realidade ao seu alcance!\",\"isPartOf\":{\"@id\":\"https:\\\/\\\/ubirataonline.com.br\\\/#website\"},\"primaryImageOfPage\":{\"@id\":\"https:\\\/\\\/ubirataonline.com.br\\\/today-show-to-film-in-williamsburg-to-celebrate-nation-ahead-of-250th-birthday\\\/#primaryimage\"},\"image\":{\"@id\":\"https:\\\/\\\/ubirataonline.com.br\\\/today-show-to-film-in-williamsburg-to-celebrate-nation-ahead-of-250th-birthday\\\/#primaryimage\"},\"thumbnailUrl\":\"https:\\\/\\\/ubirataonline.com.br\\\/wp-content\\\/uploads\\\/2026\\\/04\\\/TODAY-Show-to-Film-in-Williamsburg-to-Celebrate-Nation-Ahead.jpg\",\"datePublished\":\"2026-04-16T12:36:42+00:00\",\"dateModified\":\"2026-04-16T12:36:45+00:00\",\"description\":\"Al Roker and Dylan Dreyer will visit Williamsburg on May 15 to file the Third Hour of TODAY. (Visit Williamsburg) WILLIAMSBURG\u2014 Visit Williamsburg\u00a0is\",\"breadcrumb\":{\"@id\":\"https:\\\/\\\/ubirataonline.com.br\\\/today-show-to-film-in-williamsburg-to-celebrate-nation-ahead-of-250th-birthday\\\/#breadcrumb\"},\"inLanguage\":\"en-US\",\"potentialAction\":[{\"@type\":\"ReadAction\",\"target\":[\"https:\\\/\\\/ubirataonline.com.br\\\/today-show-to-film-in-williamsburg-to-celebrate-nation-ahead-of-250th-birthday\\\/\"]}]},{\"@type\":\"ImageObject\",\"inLanguage\":\"en-US\",\"@id\":\"https:\\\/\\\/ubirataonline.com.br\\\/today-show-to-film-in-williamsburg-to-celebrate-nation-ahead-of-250th-birthday\\\/#primaryimage\",\"url\":\"https:\\\/\\\/ubirataonline.com.br\\\/wp-content\\\/uploads\\\/2026\\\/04\\\/TODAY-Show-to-Film-in-Williamsburg-to-Celebrate-Nation-Ahead.jpg\",\"contentUrl\":\"https:\\\/\\\/ubirataonline.com.br\\\/wp-content\\\/uploads\\\/2026\\\/04\\\/TODAY-Show-to-Film-in-Williamsburg-to-Celebrate-Nation-Ahead.jpg\",\"width\":601,\"height\":337,\"caption\":\"Al Roker and Dylan Dreyer will visit Williamsburg on May 15 to file the Third Hour of TODAY. (Visit Williamsburg)\"},{\"@type\":\"BreadcrumbList\",\"@id\":\"https:\\\/\\\/ubirataonline.com.br\\\/today-show-to-film-in-williamsburg-to-celebrate-nation-ahead-of-250th-birthday\\\/#breadcrumb\",\"itemListElement\":[{\"@type\":\"ListItem\",\"position\":1,\"name\":\"In\u00edcio\",\"item\":\"https:\\\/\\\/ubirataonline.com.br\\\/\"},{\"@type\":\"ListItem\",\"position\":2,\"name\":\"TODAY Show to Film in Williamsburg to Celebrate Nation Ahead of 250th Birthday\"}]},{\"@type\":\"WebSite\",\"@id\":\"https:\\\/\\\/ubirataonline.com.br\\\/#website\",\"url\":\"https:\\\/\\\/ubirataonline.com.br\\\/\",\"name\":\"Ubirat\u00e3 Online Not\u00edcias\",\"description\":\"Not\u00edcias de Ubirat\u00e3, regi\u00e3o, Brasil e mundo, com informa\u00e7\u00e3o atualizada e compromisso com o leitor.\",\"publisher\":{\"@id\":\"https:\\\/\\\/ubirataonline.com.br\\\/#organization\"},\"alternateName\":\"Ubirat\u00e3 Online\",\"potentialAction\":[{\"@type\":\"SearchAction\",\"target\":{\"@type\":\"EntryPoint\",\"urlTemplate\":\"https:\\\/\\\/ubirataonline.com.br\\\/?s={search_term_string}\"},\"query-input\":{\"@type\":\"PropertyValueSpecification\",\"valueRequired\":true,\"valueName\":\"search_term_string\"}}],\"inLanguage\":\"en-US\"},{\"@type\":[\"Organization\",\"Place\"],\"@id\":\"https:\\\/\\\/ubirataonline.com.br\\\/#organization\",\"name\":\"Ubirat\u00e3 Online Not\u00edcias\",\"alternateName\":\"Ubirat\u00e3 Online\",\"url\":\"https:\\\/\\\/ubirataonline.com.br\\\/\",\"logo\":{\"@id\":\"https:\\\/\\\/ubirataonline.com.br\\\/today-show-to-film-in-williamsburg-to-celebrate-nation-ahead-of-250th-birthday\\\/#local-main-organization-logo\"},\"image\":{\"@id\":\"https:\\\/\\\/ubirataonline.com.br\\\/today-show-to-film-in-williamsburg-to-celebrate-nation-ahead-of-250th-birthday\\\/#local-main-organization-logo\"},\"sameAs\":[\"https:\\\/\\\/www.facebook.com\\\/portalubirataonline\",\"https:\\\/\\\/x.com\\\/ubirataonline\",\"https:\\\/\\\/mastodon.social\\\/@ubirataonline\",\"https:\\\/\\\/www.facebook.com\\\/groups\\\/311144672285604\",\"https:\\\/\\\/www.facebook.com\\\/UBTAOnline\",\"https:\\\/\\\/www.instagram.com\\\/portalubirataonline\\\/\",\"https:\\\/\\\/twitter.com\\\/ubirataonline\"],\"description\":\"Somos um portal de not\u00edcias independente, criado em 5 de janeiro de 2009, com o objetivo de informar, conectar e valorizar a nossa comunidade de Ubirat\u00e3 e toda aregi\u00e3o. Com conte\u00fado atualizado, confi\u00e1vel e relevante, o Ubirat\u00e3 Online \u00e9 o seu espa\u00e7o para ficar por dentro dos principais acontecimentos locais, regionais, Brasil, Mundo e de interesse geral. Nosso compromisso \u00e9 com a verdade, a transpar\u00eancia e o respeito ao leitor.\",\"legalName\":\"UBIRATA ONLINE NOT\u00cdCIAS\",\"foundingDate\":\"2009-01-05\",\"numberOfEmployees\":{\"@type\":\"QuantitativeValue\",\"minValue\":\"1\",\"maxValue\":\"10\"},\"publishingPrinciples\":\"https:\\\/\\\/ubirataonline.com.br\\\/faq\\\/\",\"address\":{\"@id\":\"https:\\\/\\\/ubirataonline.com.br\\\/today-show-to-film-in-williamsburg-to-celebrate-nation-ahead-of-250th-birthday\\\/#local-main-place-address\"},\"geo\":{\"@type\":\"GeoCoordinates\",\"latitude\":\"-24.5361401\",\"longitude\":\"-52.9921776\"},\"telephone\":[\"+5544998308235\"],\"contactPoint\":{\"@type\":\"ContactPoint\",\"email\":\"contato@ubirataonline.com.br\"},\"openingHoursSpecification\":{\"@type\":\"OpeningHoursSpecification\",\"dayOfWeek\":[\"Monday\",\"Tuesday\",\"Wednesday\",\"Thursday\",\"Friday\",\"Saturday\",\"Sunday\"],\"opens\":\"00:00\",\"closes\":\"23:59\"},\"email\":\"contato@ubirataonline.com.br\",\"vatID\":\"47.621.418\\\/0001-80\"},{\"@type\":\"Person\",\"@id\":\"https:\\\/\\\/ubirataonline.com.br\\\/#\\\/schema\\\/person\\\/372f87bbd3fdd79b8556b84c98d0bc1c\",\"name\":\"REDA\u00c7\u00c3O: UBIRAT\u00c3 ONLINE - F\u00c1BIO AUGUSTO CELESTINO\",\"pronouns\":\"Ele\",\"description\":\"Desde 2003 trabalhando com not\u00edcias.\",\"sameAs\":[\"http:\\\/\\\/ubirataoline.com.br\",\"https:\\\/\\\/www.facebook.com\\\/portalubirataonline\",\"https:\\\/\\\/www.instagram.com\\\/ubirataonline_oficial\",\"https:\\\/\\\/x.com\\\/x.com\\\/ubirataonline\"],\"honorificPrefix\":\"Mr.\",\"honorificSuffix\":\"MD\",\"birthDate\":\"1980-06-16\",\"gender\":\"masculino\",\"award\":[\"V\u00e1rios pr\u00eamios de melhor portal da cidade\"],\"jobTitle\":\"Diretor\",\"url\":\"https:\\\/\\\/ubirataonline.com.br\\\/en\\\/author\\\/ubirataonline\\\/\"},{\"@type\":\"PostalAddress\",\"@id\":\"https:\\\/\\\/ubirataonline.com.br\\\/today-show-to-film-in-williamsburg-to-celebrate-nation-ahead-of-250th-birthday\\\/#local-main-place-address\",\"streetAddress\":\"Rua dos Coqueiros, 104 - Bairro Boa Vista, Rua dos Coqueiros, 104 Bairro Boa Vista\",\"addressLocality\":\"UBIRATA\",\"postalCode\":\"85440-000\",\"addressRegion\":\"PR\",\"addressCountry\":\"BR\"},{\"@type\":\"ImageObject\",\"inLanguage\":\"en-US\",\"@id\":\"https:\\\/\\\/ubirataonline.com.br\\\/today-show-to-film-in-williamsburg-to-celebrate-nation-ahead-of-250th-birthday\\\/#local-main-organization-logo\",\"url\":\"https:\\\/\\\/ubirataonline.com.br\\\/wp-content\\\/uploads\\\/2026\\\/06\\\/logoubirataonline-1.webp\",\"contentUrl\":\"https:\\\/\\\/ubirataonline.com.br\\\/wp-content\\\/uploads\\\/2026\\\/06\\\/logoubirataonline-1.webp\",\"width\":500,\"height\":500,\"caption\":\"Ubirat\u00e3 Online Not\u00edcias\"}]}<\/script>\n<meta name=\"geo.placename\" content=\"UBIRATA\" \/>\n<meta name=\"geo.position\" content=\"-24.5361401;-52.9921776\" \/>\n<meta name=\"geo.region\" content=\"Brazil\" \/>\n<!-- \/ Yoast SEO Premium plugin. -->","yoast_head_json":{"title":"TODAY Show to Film in Williamsburg to Celebrate Nation Ahead of 250th Birthday - Ubirat\u00e3 Online Not\u00edcias - A realidade ao seu alcance!","description":"Al Roker and Dylan Dreyer will visit Williamsburg on May 15 to file the Third Hour of TODAY. (Visit Williamsburg) WILLIAMSBURG\u2014 Visit Williamsburg\u00a0is","robots":{"index":"index","follow":"follow","max-snippet":"max-snippet:-1","max-image-preview":"max-image-preview:large","max-video-preview":"max-video-preview:-1"},"canonical":"https:\/\/ubirataonline.com.br\/en\/today-show-to-film-in-williamsburg-to-celebrate-nation-ahead-of-250th-birthday\/","og_locale":"en_US","og_type":"article","og_title":"TODAY Show to Film in Williamsburg to Celebrate Nation Ahead of 250th Birthday","og_description":"Al Roker and Dylan Dreyer will visit Williamsburg on May 15 to file the Third Hour of TODAY. (Visit Williamsburg) WILLIAMSBURG\u2014 Visit Williamsburg\u00a0is","og_url":"https:\/\/ubirataonline.com.br\/en\/today-show-to-film-in-williamsburg-to-celebrate-nation-ahead-of-250th-birthday\/","og_site_name":"Ubirat\u00e3 Online Not\u00edcias - A realidade ao seu alcance!","article_publisher":"https:\/\/www.facebook.com\/portalubirataonline","article_author":"https:\/\/www.facebook.com\/portalubirataonline","article_published_time":"2026-04-16T12:36:42+00:00","article_modified_time":"2026-04-16T12:36:45+00:00","og_image":[{"width":601,"height":337,"url":"https:\/\/ubirataonline.com.br\/wp-content\/uploads\/2026\/04\/TODAY-Show-to-Film-in-Williamsburg-to-Celebrate-Nation-Ahead.jpg","type":"image\/jpeg"}],"author":"REDA\u00c7\u00c3O: UBIRAT\u00c3 ONLINE - F\u00c1BIO AUGUSTO CELESTINO","twitter_card":"summary_large_image","twitter_creator":"@x.com\/ubirataonline","twitter_site":"@ubirataonline","twitter_misc":{"Written by":"REDA\u00c7\u00c3O: UBIRAT\u00c3 ONLINE - F\u00c1BIO AUGUSTO CELESTINO","Est. reading time":"1 minute"},"schema":{"@context":"https:\/\/schema.org","@graph":[{"@type":"NewsArticle","@id":"https:\/\/ubirataonline.com.br\/today-show-to-film-in-williamsburg-to-celebrate-nation-ahead-of-250th-birthday\/#article","isPartOf":{"@id":"https:\/\/ubirataonline.com.br\/today-show-to-film-in-williamsburg-to-celebrate-nation-ahead-of-250th-birthday\/"},"author":{"name":"REDA\u00c7\u00c3O: UBIRAT\u00c3 ONLINE - F\u00c1BIO AUGUSTO CELESTINO","@id":"https:\/\/ubirataonline.com.br\/#\/schema\/person\/372f87bbd3fdd79b8556b84c98d0bc1c"},"headline":"TODAY Show to Film in Williamsburg to Celebrate Nation Ahead of 250th Birthday","datePublished":"2026-04-16T12:36:42+00:00","dateModified":"2026-04-16T12:36:45+00:00","mainEntityOfPage":{"@id":"https:\/\/ubirataonline.com.br\/today-show-to-film-in-williamsburg-to-celebrate-nation-ahead-of-250th-birthday\/"},"wordCount":276,"publisher":{"@id":"https:\/\/ubirataonline.com.br\/#organization"},"image":{"@id":"https:\/\/ubirataonline.com.br\/today-show-to-film-in-williamsburg-to-celebrate-nation-ahead-of-250th-birthday\/#primaryimage"},"thumbnailUrl":"https:\/\/ubirataonline.com.br\/wp-content\/uploads\/2026\/04\/TODAY-Show-to-Film-in-Williamsburg-to-Celebrate-Nation-Ahead.jpg","keywords":["250th","ahead","birthday","celebrate","Film","Nation","Show","today","Williamsburg"],"articleSection":["Ubirat\u00e3"],"inLanguage":"en-US","copyrightYear":"2026","copyrightHolder":{"@id":"https:\/\/ubirataonline.com.br\/en\/#organization"}},{"@type":"WebPage","@id":"https:\/\/ubirataonline.com.br\/today-show-to-film-in-williamsburg-to-celebrate-nation-ahead-of-250th-birthday\/","url":"https:\/\/ubirataonline.com.br\/today-show-to-film-in-williamsburg-to-celebrate-nation-ahead-of-250th-birthday\/","name":"TODAY Show to Film in Williamsburg to Celebrate Nation Ahead of 250th Birthday - Ubirat\u00e3 Online Not\u00edcias - A realidade ao seu alcance!","isPartOf":{"@id":"https:\/\/ubirataonline.com.br\/#website"},"primaryImageOfPage":{"@id":"https:\/\/ubirataonline.com.br\/today-show-to-film-in-williamsburg-to-celebrate-nation-ahead-of-250th-birthday\/#primaryimage"},"image":{"@id":"https:\/\/ubirataonline.com.br\/today-show-to-film-in-williamsburg-to-celebrate-nation-ahead-of-250th-birthday\/#primaryimage"},"thumbnailUrl":"https:\/\/ubirataonline.com.br\/wp-content\/uploads\/2026\/04\/TODAY-Show-to-Film-in-Williamsburg-to-Celebrate-Nation-Ahead.jpg","datePublished":"2026-04-16T12:36:42+00:00","dateModified":"2026-04-16T12:36:45+00:00","description":"Al Roker and Dylan Dreyer will visit Williamsburg on May 15 to file the Third Hour of TODAY. (Visit Williamsburg) WILLIAMSBURG\u2014 Visit Williamsburg\u00a0is","breadcrumb":{"@id":"https:\/\/ubirataonline.com.br\/today-show-to-film-in-williamsburg-to-celebrate-nation-ahead-of-250th-birthday\/#breadcrumb"},"inLanguage":"en-US","potentialAction":[{"@type":"ReadAction","target":["https:\/\/ubirataonline.com.br\/today-show-to-film-in-williamsburg-to-celebrate-nation-ahead-of-250th-birthday\/"]}]},{"@type":"ImageObject","inLanguage":"en-US","@id":"https:\/\/ubirataonline.com.br\/today-show-to-film-in-williamsburg-to-celebrate-nation-ahead-of-250th-birthday\/#primaryimage","url":"https:\/\/ubirataonline.com.br\/wp-content\/uploads\/2026\/04\/TODAY-Show-to-Film-in-Williamsburg-to-Celebrate-Nation-Ahead.jpg","contentUrl":"https:\/\/ubirataonline.com.br\/wp-content\/uploads\/2026\/04\/TODAY-Show-to-Film-in-Williamsburg-to-Celebrate-Nation-Ahead.jpg","width":601,"height":337,"caption":"Al Roker and Dylan Dreyer will visit Williamsburg on May 15 to file the Third Hour of TODAY. (Visit Williamsburg)"},{"@type":"BreadcrumbList","@id":"https:\/\/ubirataonline.com.br\/today-show-to-film-in-williamsburg-to-celebrate-nation-ahead-of-250th-birthday\/#breadcrumb","itemListElement":[{"@type":"ListItem","position":1,"name":"In\u00edcio","item":"https:\/\/ubirataonline.com.br\/"},{"@type":"ListItem","position":2,"name":"TODAY Show to Film in Williamsburg to Celebrate Nation Ahead of 250th Birthday"}]},{"@type":"WebSite","@id":"https:\/\/ubirataonline.com.br\/#website","url":"https:\/\/ubirataonline.com.br\/","name":"Ubirat\u00e3 Online Not\u00edcias","description":"Not\u00edcias de Ubirat\u00e3, regi\u00e3o, Brasil e mundo, com informa\u00e7\u00e3o atualizada e compromisso com o leitor.","publisher":{"@id":"https:\/\/ubirataonline.com.br\/#organization"},"alternateName":"Ubirat\u00e3 Online","potentialAction":[{"@type":"SearchAction","target":{"@type":"EntryPoint","urlTemplate":"https:\/\/ubirataonline.com.br\/?s={search_term_string}"},"query-input":{"@type":"PropertyValueSpecification","valueRequired":true,"valueName":"search_term_string"}}],"inLanguage":"en-US"},{"@type":["Organization","Place"],"@id":"https:\/\/ubirataonline.com.br\/#organization","name":"Ubirat\u00e3 Online Not\u00edcias","alternateName":"Ubirat\u00e3 Online","url":"https:\/\/ubirataonline.com.br\/","logo":{"@id":"https:\/\/ubirataonline.com.br\/today-show-to-film-in-williamsburg-to-celebrate-nation-ahead-of-250th-birthday\/#local-main-organization-logo"},"image":{"@id":"https:\/\/ubirataonline.com.br\/today-show-to-film-in-williamsburg-to-celebrate-nation-ahead-of-250th-birthday\/#local-main-organization-logo"},"sameAs":["https:\/\/www.facebook.com\/portalubirataonline","https:\/\/x.com\/ubirataonline","https:\/\/mastodon.social\/@ubirataonline","https:\/\/www.facebook.com\/groups\/311144672285604","https:\/\/www.facebook.com\/UBTAOnline","https:\/\/www.instagram.com\/portalubirataonline\/","https:\/\/twitter.com\/ubirataonline"],"description":"Somos um portal de not\u00edcias independente, criado em 5 de janeiro de 2009, com o objetivo de informar, conectar e valorizar a nossa comunidade de Ubirat\u00e3 e toda aregi\u00e3o. Com conte\u00fado atualizado, confi\u00e1vel e relevante, o Ubirat\u00e3 Online \u00e9 o seu espa\u00e7o para ficar por dentro dos principais acontecimentos locais, regionais, Brasil, Mundo e de interesse geral. Nosso compromisso \u00e9 com a verdade, a transpar\u00eancia e o respeito ao leitor.","legalName":"UBIRATA ONLINE NOT\u00cdCIAS","foundingDate":"2009-01-05","numberOfEmployees":{"@type":"QuantitativeValue","minValue":"1","maxValue":"10"},"publishingPrinciples":"https:\/\/ubirataonline.com.br\/faq\/","address":{"@id":"https:\/\/ubirataonline.com.br\/today-show-to-film-in-williamsburg-to-celebrate-nation-ahead-of-250th-birthday\/#local-main-place-address"},"geo":{"@type":"GeoCoordinates","latitude":"-24.5361401","longitude":"-52.9921776"},"telephone":["+5544998308235"],"contactPoint":{"@type":"ContactPoint","email":"contato@ubirataonline.com.br"},"openingHoursSpecification":{"@type":"OpeningHoursSpecification","dayOfWeek":["Monday","Tuesday","Wednesday","Thursday","Friday","Saturday","Sunday"],"opens":"00:00","closes":"23:59"},"email":"contato@ubirataonline.com.br","vatID":"47.621.418\/0001-80"},{"@type":"Person","@id":"https:\/\/ubirataonline.com.br\/#\/schema\/person\/372f87bbd3fdd79b8556b84c98d0bc1c","name":"REDA\u00c7\u00c3O: UBIRAT\u00c3 ONLINE - F\u00c1BIO AUGUSTO CELESTINO","pronouns":"Ele","description":"Desde 2003 trabalhando com not\u00edcias.","sameAs":["http:\/\/ubirataoline.com.br","https:\/\/www.facebook.com\/portalubirataonline","https:\/\/www.instagram.com\/ubirataonline_oficial","https:\/\/x.com\/x.com\/ubirataonline"],"honorificPrefix":"Mr.","honorificSuffix":"MD","birthDate":"1980-06-16","gender":"masculino","award":["V\u00e1rios pr\u00eamios de melhor portal da cidade"],"jobTitle":"Diretor","url":"https:\/\/ubirataonline.com.br\/en\/author\/ubirataonline\/"},{"@type":"PostalAddress","@id":"https:\/\/ubirataonline.com.br\/today-show-to-film-in-williamsburg-to-celebrate-nation-ahead-of-250th-birthday\/#local-main-place-address","streetAddress":"Rua dos Coqueiros, 104 - Bairro Boa Vista, Rua dos Coqueiros, 104 Bairro Boa Vista","addressLocality":"UBIRATA","postalCode":"85440-000","addressRegion":"PR","addressCountry":"BR"},{"@type":"ImageObject","inLanguage":"en-US","@id":"https:\/\/ubirataonline.com.br\/today-show-to-film-in-williamsburg-to-celebrate-nation-ahead-of-250th-birthday\/#local-main-organization-logo","url":"https:\/\/ubirataonline.com.br\/wp-content\/uploads\/2026\/06\/logoubirataonline-1.webp","contentUrl":"https:\/\/ubirataonline.com.br\/wp-content\/uploads\/2026\/06\/logoubirataonline-1.webp","width":500,"height":500,"caption":"Ubirat\u00e3 Online Not\u00edcias"}]},"geo.placename":"UBIRATA","geo.position":{"lat":"-24.5361401","long":"-52.9921776"},"geo.region":"Brazil"},"_links":{"self":[{"href":"https:\/\/ubirataonline.com.br\/en\/wp-json\/wp\/v2\/posts\/108922","targetHints":{"allow":["GET"]}}],"collection":[{"href":"https:\/\/ubirataonline.com.br\/en\/wp-json\/wp\/v2\/posts"}],"about":[{"href":"https:\/\/ubirataonline.com.br\/en\/wp-json\/wp\/v2\/types\/post"}],"author":[{"embeddable":true,"href":"https:\/\/ubirataonline.com.br\/en\/wp-json\/wp\/v2\/users\/1"}],"replies":[{"embeddable":true,"href":"https:\/\/ubirataonline.com.br\/en\/wp-json\/wp\/v2\/comments?post=108922"}],"version-history":[{"count":0,"href":"https:\/\/ubirataonline.com.br\/en\/wp-json\/wp\/v2\/posts\/108922\/revisions"}],"wp:featuredmedia":[{"embeddable":true,"href":"https:\/\/ubirataonline.com.br\/en\/wp-json\/wp\/v2\/media\/108923"}],"wp:attachment":[{"href":"https:\/\/ubirataonline.com.br\/en\/wp-json\/wp\/v2\/media?parent=108922"}],"wp:term":[{"taxonomy":"category","embeddable":true,"href":"https:\/\/ubirataonline.com.br\/en\/wp-json\/wp\/v2\/categories?post=108922"},{"taxonomy":"post_tag","embeddable":true,"href":"https:\/\/ubirataonline.com.br\/en\/wp-json\/wp\/v2\/tags?post=108922"}],"curies":[{"name":"wp","href":"https:\/\/api.w.org\/{rel}","templated":true}]}}