{"id":108943,"date":"2026-04-16T09:53:42","date_gmt":"2026-04-16T12:53:42","guid":{"rendered":"https:\/\/ubirataonline.com.br\/conheca-a-nova-especie-de-reptil-descoberta-no-rs\/"},"modified":"2026-04-16T09:53:45","modified_gmt":"2026-04-16T12:53:45","slug":"conheca-a-nova-especie-de-reptil-descoberta-no-rs","status":"publish","type":"post","link":"https:\/\/ubirataonline.com.br\/en\/conheca-a-nova-especie-de-reptil-descoberta-no-rs\/","title":{"rendered":"Conhe\u00e7a a nova esp\u00e9cie de r\u00e9ptil descoberta no RS"},"content":{"rendered":"<p><\/p>\n<div id=\"post-content\">\n<p>Paleont\u00f3logos da Universidade Federal de Santa Maria (UFSM) acabam de revelar ao mundo uma descoberta fascinante: o <strong><a href=\"https:\/\/royalsocietypublishing.org\/rsos\/article\/13\/4\/260176\/481336\/A-new-hyperodapedontine-rhynchosaur-from-a?searchresult=1\" target=\"_blank\" rel=\"noreferrer noopener\">Isodapedon varzealis<\/a><\/strong>. O estudo, publicado na \u00faltima ter\u00e7a-feira (14) na revista <em>Royal Society Open Science<\/em>, descreve uma nova esp\u00e9cie de r\u00e9ptil pr\u00e9-hist\u00f3rico identificada a partir de um cr\u00e2nio <strong><a href=\"https:\/\/www.tribunapr.com.br\/tags\/fossil\/\" target=\"_blank\" rel=\"noreferrer noopener\">f\u00f3ssil <\/a><\/strong>encontrado em Agudo, na regi\u00e3o do Geoparque Mundial Unesco Quarta Col\u00f4nia (RS).<\/p>\n<h3 class=\"wp-block-heading\" id=\"h-o-bico-de-papagaio-do-triassico\"><strong>O \u201cBico de Papagaio\u201d do Tri\u00e1ssico<\/strong><\/h3>\n<p>Com tamanho estimado entre 1,2 e 1,5 metro \u2014 podendo chegar a at\u00e9 3 metros \u2014, o animal era um herb\u00edvoro quadr\u00fapede com uma caracter\u00edstica marcante: um bico pontiagudo e potente, muito semelhante ao dos papagaios modernos.<\/p>\n<p>Esse bico n\u00e3o era apenas est\u00e9tico; os pesquisadores acreditam que ele era essencial para cortar plantas ou escavar o solo em busca de ra\u00edzes e tub\u00e9rculos. Al\u00e9m disso, o animal possu\u00eda v\u00e1rias fileiras de dentes em \u201cplacas\u201d sim\u00e9tricas, perfeitas para esmagar vegeta\u00e7\u00e3o resistente.<\/p>\n<figure class=\"wp-block-image size-post_image\"><figcaption class=\"wp-element-caption\">Segundo o tamanho do cr\u00e2nio, estima-se que o indiv\u00edduo encontrado teria at\u00e9 1,5 metro de comprimento. Ilustra\u00e7\u00e3o do animal em vida por Caio Fantini\/UFSM. <\/figcaption><\/figure>\n<h3 class=\"wp-block-heading\" id=\"h-conexao-brasil-escocia-e-a-pangeia\"><strong>Conex\u00e3o Brasil-Esc\u00f3cia e a Pangeia<\/strong><\/h3>\n<p>Um dos pontos mais surpreendentes da pesquisa \u00e9 o parentesco do <em>Isodapedon varzealis<\/em> com uma esp\u00e9cie encontrada na <strong>Esc\u00f3cia<\/strong>, o <em>Hyperodapedon gordoni<\/em>.<\/p>\n<p>Como isso \u00e9 poss\u00edvel? H\u00e1 230 milh\u00f5es de anos, os continentes estavam unidos na <strong>Pangeia<\/strong>, permitindo que esses animais caminhassem livremente entre o que hoje s\u00e3o a Am\u00e9rica do Sul e a Europa. A descoberta refor\u00e7a a teoria de que as faunas dessas regi\u00f5es eram muito similares no Per\u00edodo Tri\u00e1ssico.<\/p>\n<h3 class=\"wp-block-heading\" id=\"h-o-achado-em-agudo\"><strong>O achado em Agudo<\/strong><\/h3>\n<p>O f\u00f3ssil foi escavado em 2020 e passou por um minucioso processo de limpeza no Centro de Apoio \u00e0 Pesquisa Paleontol\u00f3gica (Cappa\/UFSM). Por ser um material extremamente fr\u00e1gil, a equipe utilizou agulhas e bisturis para remover a rocha e revelar detalhes in\u00e9ditos da anatomia do r\u00e9ptil.<\/p>\n<p>\u201cA nova esp\u00e9cie foi denominada <em>Isodapedon varzealis<\/em>: \u2018Isodapedon\u2019 significa \u2018placas dent\u00e1rias iguais\u2019 e \u2018varzealis\u2019 faz alus\u00e3o \u00e0 localidade de V\u00e1rzea do Agudo, onde foi encontrado.\u201d<\/p>\n<p>O estudo r<a href=\"https:\/\/royalsocietypublishing.org\/rsos\/article\/13\/4\/260176\/481336\/A-new-hyperodapedontine-rhynchosaur-from-a?searchresult=1\" target=\"_blank\" rel=\"noreferrer noopener\">ec\u00e9m-publicado<\/a> apresenta um novo rincossauro, denominado\u00a0<em>Isodapedon varzealis<\/em>, que compartilha caracter\u00edsticas com uma esp\u00e9cie europeia.<\/p>\n<p>A pesquisa foi desenvolvida como parte da disserta\u00e7\u00e3o de mestrado de Jeung Hee Schiefelbein, atual aluna de doutorado no Programa de P\u00f3s-Gradua\u00e7\u00e3o em Biodiversidade Animal da UFSM, sob a orienta\u00e7\u00e3o do paleont\u00f3logo da UFSM Rodrigo Temp M\u00fcller. Tamb\u00e9m participaram do estudo os alunos de doutorado do mesmo programa Maur\u00edcio Silva Garcia e Mariana Doering.<\/p>\n<figure class=\"wp-block-image size-post_image\"><img loading=\"lazy\" decoding=\"async\" width=\"770\" height=\"440\" src=\"https:\/\/www.tribunapr.com.br\/wp-content\/uploads\/2026\/04\/16093938\/novo-fossil-770x440.jpg\" alt=\"Imagem mostra Jeung Hee Schiefelbein segurando o f\u00f3ssil de rincossauro.\" class=\"wp-image-3716059\" srcset=\"https:\/\/www.tribunapr.com.br\/wp-content\/uploads\/2026\/04\/16093938\/novo-fossil-770x440.jpg 770w, https:\/\/www.tribunapr.com.br\/wp-content\/uploads\/2026\/04\/16093938\/novo-fossil-370x210.jpg 370w, https:\/\/www.tribunapr.com.br\/wp-content\/uploads\/2026\/04\/16093938\/novo-fossil-570x325.jpg 570w\" sizes=\"auto, (max-width: 770px) 100vw, 770px\"\/><figcaption class=\"wp-element-caption\">Pesquisa foi desenvolvida como parte da disserta\u00e7\u00e3o de mestrado de Jeung Hee Schiefelbein. Foto: Rodrigo Temp M\u00fcller. <\/figcaption><\/figure>\n<h3 class=\"wp-block-heading\" id=\"h-ecossistema-dos-primeiros-dinossauros\"><strong>Ecossistema dos Primeiros Dinossauros<\/strong><\/h3>\n<p>Na \u00e9poca em que viveu, o <em>Isodapedon varzealis<\/em> era uma pe\u00e7a-chave no ecossistema como consumidor prim\u00e1rio. Ele dividia o habitat com os primeiros dinossauros do planeta e ancestrais de jacar\u00e9s e crocodilos, sendo frequentemente alvo desses grandes predadores.<\/p>\n<p>Com esta nova descri\u00e7\u00e3o, o Brasil agora soma seis esp\u00e9cies conhecidas de rincossauros, consolidando o Rio Grande do Sul como um dos maiores celeiros paleontol\u00f3gicos do mundo.<\/p>\n<h3 class=\"wp-block-heading\" id=\"h-ficha-tecnica-da-descoberta\"><strong>Ficha T\u00e9cnica da Descoberta:<\/strong><\/h3>\n<ul class=\"wp-block-list\">\n<li><strong>Nome:<\/strong> <em>Isodapedon varzealis<\/em><\/li>\n<li><strong>Idade:<\/strong> Aproximadamente 230 milh\u00f5es de anos.<\/li>\n<li><strong>Local:<\/strong> Agudo, Rio Grande do Sul.<\/li>\n<li><strong>Institui\u00e7\u00e3o:<\/strong> UFSM (Cappa).<\/li>\n<li><strong>Pesquisadores:<\/strong> Jeung Hee Schiefelbein, Rodrigo Temp M\u00fcller, Maur\u00edcio Silva Garcia e Mariana Doering.<\/li>\n<li><strong>Apoio:<\/strong> Capes, CNPq e INCT Paleovert.<\/li>\n<\/ul>\n<p>*<em>Texto com informa\u00e7\u00f5es da Universidade Federal de Santa Maria<\/em><\/p>\n<section class=\"virals\">\n<article class=\"cardnews cardnews--post cardnews--has-thumbnail cardnews--editorial-noticias\"> <a href=\"https:\/\/www.tribunapr.com.br\/noticias\/curitiba-regiao\/vereador-perdeu-pia-e-investigado-por-usar-gm-para-se-autopromove?utm_source=noticias-virais-rodape&amp;utm_medium=internal-tribuna&amp;utm_campaign=tribuna\" class=\"cardnews__postlink\"> <\/p>\n<div class=\"cardnews__image\" is-api-thumb=\"\"><img decoding=\"async\" src=\"https:\/\/www.tribunapr.com.br\/wp-content\/uploads\/2026\/03\/27182231\/perdeu-pia-GM-370x210.jpeg\" loading=\"lazy\" alt=\"Vereador Perdeu Pi\u00e1 \u00e9 investigado por usar GM para se autopromover\"\/><\/div>\n<div class=\"cardnews__content cardhome__content\">\n<div class=\"cardnews__content-wrapper\">\n<p> <span style=\"\"> De olho! <\/span> <\/p>\n<p>Vereador Perdeu Pi\u00e1 \u00e9 investigado por usar GM para se autopromover<\/p>\n<\/p><\/div>\n<\/p><\/div>\n<p> <\/a> <\/article>\n<article class=\"cardnews cardnews--post cardnews--has-thumbnail cardnews--editorial-noticias\"> <a href=\"https:\/\/www.tribunapr.com.br\/noticias\/parana\/parana-pode-sentir-efeitos-do-el-nino-a-partir-de-julho-o-que-esperar\/?utm_source=noticias-virais-rodape&amp;utm_medium=internal-tribuna&amp;utm_campaign=tribuna\" class=\"cardnews__postlink\"> <\/p>\n<div class=\"cardnews__image\" is-api-thumb=\"\"><img decoding=\"async\" src=\"https:\/\/www.tribunapr.com.br\/wp-content\/uploads\/2026\/02\/20182305\/chuvas-370x210.jpg\" loading=\"lazy\" alt=\"Paran\u00e1 pode sentir efeitos do El Ni\u00f1o a partir de julho; o que esperar\"\/><\/div>\n<div class=\"cardnews__content cardhome__content\">\n<div class=\"cardnews__content-wrapper\">\n<p> <span style=\"\"> Alerta <\/span> <\/p>\n<p>Paran\u00e1 pode sentir efeitos do El Ni\u00f1o a partir de julho; o que esperar<\/p>\n<\/p><\/div>\n<\/p><\/div>\n<p> <\/a> <\/article>\n<article class=\"cardnews cardnews--post cardnews--has-thumbnail cardnews--editorial-noticias\"> <a href=\"https:\/\/www.tribunapr.com.br\/noticias\/parana\/roteiro-inusitado-parana-coleciona-estatuas-peculiares-pelo-interior\/?utm_source=noticias-virais-rodape&amp;utm_medium=internal-tribuna&amp;utm_campaign=tribuna\" class=\"cardnews__postlink\"> <\/p>\n<div class=\"cardnews__image\" is-api-thumb=\"\"><img decoding=\"async\" src=\"https:\/\/www.tribunapr.com.br\/wp-content\/uploads\/2026\/03\/26165528\/monumento_ao_bone_carrossel_1-prefeitura-de-apucarana-370x210.webp\" loading=\"lazy\" alt=\"Roteiro inusitado: Paran\u00e1 coleciona est\u00e1tuas peculiares pelo interior \"\/><\/div>\n<div class=\"cardnews__content cardhome__content\">\n<div class=\"cardnews__content-wrapper\">\n<p> <span style=\"\"> Belezas do Paran\u00e1 <\/span> <\/p>\n<p>Roteiro inusitado: Paran\u00e1 coleciona est\u00e1tuas peculiares pelo interior <\/p>\n<\/p><\/div>\n<\/p><\/div>\n<p> <\/a> <\/article>\n<\/section>\n<div id=\"tribuna-follow-cta\">\n<p> <span class=\"cta-title\">Siga a <span class=\"tribuna-color\">Tribuna<\/span> no Google, e acompanhe as \u00faltimas not\u00edcias de Curitiba e regi\u00e3o!<\/span> <\/p>\n<p> <a href=\"https:\/\/profile.google.com\/cp\/CgwvZy8xMmxxajUzM3Mac2h0dHBzOi8vd3d3LnRyaWJ1bmFwci5jb20uYnIvdml2YS92aXRyaW5lL2dpZ2FudGUtZG8tdmVzdHVhcmlvLXJlaW5hdWd1cmEtbG9qYS1lbS1zaG9wcGluZy10cmFkaWNpb25hbC1kZS1jdXJpdGliYS8iElRyaWJ1bmEgZG8gUGFyYW7DoSqAAwrHAWh0dHBzOi8vZW5jcnlwdGVkLXRibjIuZ3N0YXRpYy5jb20vZmF2aWNvbi10Ym4_cT10Ym46QU5kOUdjUVJPbjVDRjR6TzJPbkUwTXZrRlRCRTY2U0g1bGlaVDRaZTV3bWNKeU5GRm1BSnluM01nNU9PR3BXY1pYMzZwYU5HUWtsZ09JVEFLTTNNZVNGbTc1aWp6M3k2ajUtQ3M2b25kX2JUcFFQQkVLd3RsUjBsTmJESnUtVHhrNXQtbFlCNlVpOWZSVVFjT2cSswFodHRwczovL2VuY3J5cHRlZC10Ym4zLmdzdGF0aWMuY29tL2Zhdmljb24tdGJuP3E9dGJuJTNBQU5kOUdjU0FMaWJ2eFF0YXdFMFRueVdWWmVKRS1MZEdRZjVTUi1OZ2RMazhyZzIwVy1nM0JuQ1F4VDNKZFBjRXR2THdBeVRxUDJEdHVycEdVR29CQkxpYzM5al9wSmFxRERaMHNCYW05WEVhSGVsMmZTQmdKdlF4WWVyMw\" target=\"_blank\" title=\"Seguir a Tribuna no Google\">  <\/a> <\/div>\n<\/p><\/div>\n<p><a href=\"https:\/\/www.tribunapr.com.br\/noticias\/brasil\/fossil-de-230-milhoes-de-anos-conheca-a-nova-especie-de-reptil-descoberta-no-rs\/\">Fonte do Artigo <\/a><\/p>","protected":false},"excerpt":{"rendered":"<p>Paleont\u00f3logos da Universidade Federal de Santa Maria (UFSM) acabam de revelar ao mundo uma descoberta fascinante: o Isodapedon varzealis. O estudo, publicado na \u00faltima ter\u00e7a-feira (14) na revista Royal Society Open Science, descreve uma nova esp\u00e9cie de r\u00e9ptil pr\u00e9-hist\u00f3rico identificada a partir de um cr\u00e2nio f\u00f3ssil encontrado em Agudo, na regi\u00e3o do Geoparque Mundial Unesco [&hellip;]<\/p>\n","protected":false},"author":1,"featured_media":108944,"comment_status":"closed","ping_status":"","sticky":false,"template":"","format":"standard","meta":{"googlesitekit_rrm_CAow2JLhCw:productID":"","_gspb_post_css":"","maa_idioma":"","maa_pais":"","footnotes":""},"categories":[1],"tags":[9605,9478,9337,3679,28914],"class_list":["post-108943","post","type-post","status-publish","format-standard","has-post-thumbnail","hentry","category-ubirata","tag-conheca","tag-descoberta","tag-especie","tag-nova","tag-reptil"],"blocksy_meta":[],"yoast_head":"<!-- This site is optimized with the Yoast SEO Premium plugin v27.6 (Yoast SEO v27.6) - https:\/\/yoast.com\/product\/yoast-seo-premium-wordpress\/ -->\n<title>Conhe\u00e7a a nova esp\u00e9cie de r\u00e9ptil descoberta no RS - Ubirat\u00e3 Online Not\u00edcias - A realidade ao seu alcance!<\/title>\n<meta name=\"description\" content=\"Paleont\u00f3logos da Universidade Federal de Santa Maria (UFSM) acabam de revelar ao mundo uma descoberta fascinante: o Isodapedon varzealis. O estudo,\" \/>\n<meta name=\"robots\" content=\"index, follow, max-snippet:-1, max-image-preview:large, max-video-preview:-1\" \/>\n<link rel=\"canonical\" href=\"https:\/\/ubirataonline.com.br\/en\/conheca-a-nova-especie-de-reptil-descoberta-no-rs\/\" \/>\n<meta property=\"og:locale\" content=\"en_US\" \/>\n<meta property=\"og:type\" content=\"article\" \/>\n<meta property=\"og:title\" content=\"Conhe\u00e7a a nova esp\u00e9cie de r\u00e9ptil descoberta no RS\" \/>\n<meta property=\"og:description\" content=\"Paleont\u00f3logos da Universidade Federal de Santa Maria (UFSM) acabam de revelar ao mundo uma descoberta fascinante: o Isodapedon varzealis. O estudo,\" \/>\n<meta property=\"og:url\" content=\"https:\/\/ubirataonline.com.br\/en\/conheca-a-nova-especie-de-reptil-descoberta-no-rs\/\" \/>\n<meta property=\"og:site_name\" content=\"Ubirat\u00e3 Online Not\u00edcias - A realidade ao seu alcance!\" \/>\n<meta property=\"article:publisher\" content=\"https:\/\/www.facebook.com\/portalubirataonline\" \/>\n<meta property=\"article:author\" content=\"https:\/\/www.facebook.com\/portalubirataonline\" \/>\n<meta property=\"article:published_time\" content=\"2026-04-16T12:53:42+00:00\" \/>\n<meta property=\"article:modified_time\" content=\"2026-04-16T12:53:45+00:00\" \/>\n<meta property=\"og:image\" content=\"https:\/\/ubirataonline.com.br\/wp-content\/uploads\/2026\/04\/Conheca-a-nova-especie-de-reptil-descoberta-no-RS.jpg\" \/>\n\t<meta property=\"og:image:width\" content=\"1200\" \/>\n\t<meta property=\"og:image:height\" content=\"800\" \/>\n\t<meta property=\"og:image:type\" content=\"image\/jpeg\" \/>\n<meta name=\"author\" content=\"REDA\u00c7\u00c3O: UBIRAT\u00c3 ONLINE - F\u00c1BIO AUGUSTO CELESTINO\" \/>\n<meta name=\"twitter:card\" content=\"summary_large_image\" \/>\n<meta name=\"twitter:creator\" content=\"@x.com\/ubirataonline\" \/>\n<meta name=\"twitter:site\" content=\"@ubirataonline\" \/>\n<meta name=\"twitter:label1\" content=\"Written by\" \/>\n\t<meta name=\"twitter:data1\" content=\"REDA\u00c7\u00c3O: UBIRAT\u00c3 ONLINE - F\u00c1BIO AUGUSTO CELESTINO\" \/>\n\t<meta name=\"twitter:label2\" content=\"Est. reading time\" \/>\n\t<meta name=\"twitter:data2\" content=\"3 minutes\" \/>\n<script type=\"application\/ld+json\" class=\"yoast-schema-graph\">{\"@context\":\"https:\\\/\\\/schema.org\",\"@graph\":[{\"@type\":\"NewsArticle\",\"@id\":\"https:\\\/\\\/ubirataonline.com.br\\\/conheca-a-nova-especie-de-reptil-descoberta-no-rs\\\/#article\",\"isPartOf\":{\"@id\":\"https:\\\/\\\/ubirataonline.com.br\\\/conheca-a-nova-especie-de-reptil-descoberta-no-rs\\\/\"},\"author\":{\"name\":\"REDA\u00c7\u00c3O: UBIRAT\u00c3 ONLINE - F\u00c1BIO AUGUSTO CELESTINO\",\"@id\":\"https:\\\/\\\/ubirataonline.com.br\\\/#\\\/schema\\\/person\\\/372f87bbd3fdd79b8556b84c98d0bc1c\"},\"headline\":\"Conhe\u00e7a a nova esp\u00e9cie de r\u00e9ptil descoberta no RS\",\"datePublished\":\"2026-04-16T12:53:42+00:00\",\"dateModified\":\"2026-04-16T12:53:45+00:00\",\"mainEntityOfPage\":{\"@id\":\"https:\\\/\\\/ubirataonline.com.br\\\/conheca-a-nova-especie-de-reptil-descoberta-no-rs\\\/\"},\"wordCount\":658,\"publisher\":{\"@id\":\"https:\\\/\\\/ubirataonline.com.br\\\/#organization\"},\"image\":{\"@id\":\"https:\\\/\\\/ubirataonline.com.br\\\/conheca-a-nova-especie-de-reptil-descoberta-no-rs\\\/#primaryimage\"},\"thumbnailUrl\":\"https:\\\/\\\/ubirataonline.com.br\\\/wp-content\\\/uploads\\\/2026\\\/04\\\/Conheca-a-nova-especie-de-reptil-descoberta-no-RS.jpg\",\"keywords\":[\"conhe\u00e7a\",\"descoberta\",\"Esp\u00e9cie\",\"Nova\",\"r\u00e9ptil\"],\"articleSection\":[\"Ubirat\u00e3\"],\"inLanguage\":\"en-US\",\"copyrightYear\":\"2026\",\"copyrightHolder\":{\"@id\":\"https:\\\/\\\/ubirataonline.com.br\\\/en\\\/#organization\"}},{\"@type\":\"WebPage\",\"@id\":\"https:\\\/\\\/ubirataonline.com.br\\\/conheca-a-nova-especie-de-reptil-descoberta-no-rs\\\/\",\"url\":\"https:\\\/\\\/ubirataonline.com.br\\\/conheca-a-nova-especie-de-reptil-descoberta-no-rs\\\/\",\"name\":\"Conhe\u00e7a a nova esp\u00e9cie de r\u00e9ptil descoberta no RS - Ubirat\u00e3 Online Not\u00edcias - A realidade ao seu alcance!\",\"isPartOf\":{\"@id\":\"https:\\\/\\\/ubirataonline.com.br\\\/#website\"},\"primaryImageOfPage\":{\"@id\":\"https:\\\/\\\/ubirataonline.com.br\\\/conheca-a-nova-especie-de-reptil-descoberta-no-rs\\\/#primaryimage\"},\"image\":{\"@id\":\"https:\\\/\\\/ubirataonline.com.br\\\/conheca-a-nova-especie-de-reptil-descoberta-no-rs\\\/#primaryimage\"},\"thumbnailUrl\":\"https:\\\/\\\/ubirataonline.com.br\\\/wp-content\\\/uploads\\\/2026\\\/04\\\/Conheca-a-nova-especie-de-reptil-descoberta-no-RS.jpg\",\"datePublished\":\"2026-04-16T12:53:42+00:00\",\"dateModified\":\"2026-04-16T12:53:45+00:00\",\"description\":\"Paleont\u00f3logos da Universidade Federal de Santa Maria (UFSM) acabam de revelar ao mundo uma descoberta fascinante: o Isodapedon varzealis. O estudo,\",\"breadcrumb\":{\"@id\":\"https:\\\/\\\/ubirataonline.com.br\\\/conheca-a-nova-especie-de-reptil-descoberta-no-rs\\\/#breadcrumb\"},\"inLanguage\":\"en-US\",\"potentialAction\":[{\"@type\":\"ReadAction\",\"target\":[\"https:\\\/\\\/ubirataonline.com.br\\\/conheca-a-nova-especie-de-reptil-descoberta-no-rs\\\/\"]}]},{\"@type\":\"ImageObject\",\"inLanguage\":\"en-US\",\"@id\":\"https:\\\/\\\/ubirataonline.com.br\\\/conheca-a-nova-especie-de-reptil-descoberta-no-rs\\\/#primaryimage\",\"url\":\"https:\\\/\\\/ubirataonline.com.br\\\/wp-content\\\/uploads\\\/2026\\\/04\\\/Conheca-a-nova-especie-de-reptil-descoberta-no-RS.jpg\",\"contentUrl\":\"https:\\\/\\\/ubirataonline.com.br\\\/wp-content\\\/uploads\\\/2026\\\/04\\\/Conheca-a-nova-especie-de-reptil-descoberta-no-RS.jpg\",\"width\":1200,\"height\":800,\"caption\":\"Rincossauro da esp\u00e9cie Isodapedon varzealis teria vivido 230 milh\u00f5es de anos. Ilustra\u00e7\u00e3o: Caio Fantini\\\/UFSM.\"},{\"@type\":\"BreadcrumbList\",\"@id\":\"https:\\\/\\\/ubirataonline.com.br\\\/conheca-a-nova-especie-de-reptil-descoberta-no-rs\\\/#breadcrumb\",\"itemListElement\":[{\"@type\":\"ListItem\",\"position\":1,\"name\":\"In\u00edcio\",\"item\":\"https:\\\/\\\/ubirataonline.com.br\\\/\"},{\"@type\":\"ListItem\",\"position\":2,\"name\":\"Conhe\u00e7a a nova esp\u00e9cie de r\u00e9ptil descoberta no RS\"}]},{\"@type\":\"WebSite\",\"@id\":\"https:\\\/\\\/ubirataonline.com.br\\\/#website\",\"url\":\"https:\\\/\\\/ubirataonline.com.br\\\/\",\"name\":\"Ubirat\u00e3 Online Not\u00edcias\",\"description\":\"Not\u00edcias de Ubirat\u00e3, regi\u00e3o, Brasil e mundo, com informa\u00e7\u00e3o atualizada e compromisso com o leitor.\",\"publisher\":{\"@id\":\"https:\\\/\\\/ubirataonline.com.br\\\/#organization\"},\"alternateName\":\"Ubirat\u00e3 Online\",\"potentialAction\":[{\"@type\":\"SearchAction\",\"target\":{\"@type\":\"EntryPoint\",\"urlTemplate\":\"https:\\\/\\\/ubirataonline.com.br\\\/?s={search_term_string}\"},\"query-input\":{\"@type\":\"PropertyValueSpecification\",\"valueRequired\":true,\"valueName\":\"search_term_string\"}}],\"inLanguage\":\"en-US\"},{\"@type\":[\"Organization\",\"Place\"],\"@id\":\"https:\\\/\\\/ubirataonline.com.br\\\/#organization\",\"name\":\"Ubirat\u00e3 Online Not\u00edcias\",\"alternateName\":\"Ubirat\u00e3 Online\",\"url\":\"https:\\\/\\\/ubirataonline.com.br\\\/\",\"logo\":{\"@id\":\"https:\\\/\\\/ubirataonline.com.br\\\/conheca-a-nova-especie-de-reptil-descoberta-no-rs\\\/#local-main-organization-logo\"},\"image\":{\"@id\":\"https:\\\/\\\/ubirataonline.com.br\\\/conheca-a-nova-especie-de-reptil-descoberta-no-rs\\\/#local-main-organization-logo\"},\"sameAs\":[\"https:\\\/\\\/www.facebook.com\\\/portalubirataonline\",\"https:\\\/\\\/x.com\\\/ubirataonline\",\"https:\\\/\\\/mastodon.social\\\/@ubirataonline\",\"https:\\\/\\\/www.facebook.com\\\/groups\\\/311144672285604\",\"https:\\\/\\\/www.facebook.com\\\/UBTAOnline\",\"https:\\\/\\\/www.instagram.com\\\/portalubirataonline\\\/\",\"https:\\\/\\\/twitter.com\\\/ubirataonline\"],\"description\":\"Somos um portal de not\u00edcias independente, criado em 5 de janeiro de 2009, com o objetivo de informar, conectar e valorizar a nossa comunidade de Ubirat\u00e3 e toda aregi\u00e3o. Com conte\u00fado atualizado, confi\u00e1vel e relevante, o Ubirat\u00e3 Online \u00e9 o seu espa\u00e7o para ficar por dentro dos principais acontecimentos locais, regionais, Brasil, Mundo e de interesse geral. Nosso compromisso \u00e9 com a verdade, a transpar\u00eancia e o respeito ao leitor.\",\"legalName\":\"UBIRATA ONLINE NOT\u00cdCIAS\",\"foundingDate\":\"2009-01-05\",\"numberOfEmployees\":{\"@type\":\"QuantitativeValue\",\"minValue\":\"1\",\"maxValue\":\"10\"},\"publishingPrinciples\":\"https:\\\/\\\/ubirataonline.com.br\\\/faq\\\/\",\"address\":{\"@id\":\"https:\\\/\\\/ubirataonline.com.br\\\/conheca-a-nova-especie-de-reptil-descoberta-no-rs\\\/#local-main-place-address\"},\"geo\":{\"@type\":\"GeoCoordinates\",\"latitude\":\"-24.5361401\",\"longitude\":\"-52.9921776\"},\"telephone\":[\"+5544998308235\"],\"contactPoint\":{\"@type\":\"ContactPoint\",\"email\":\"contato@ubirataonline.com.br\"},\"openingHoursSpecification\":{\"@type\":\"OpeningHoursSpecification\",\"dayOfWeek\":[\"Monday\",\"Tuesday\",\"Wednesday\",\"Thursday\",\"Friday\",\"Saturday\",\"Sunday\"],\"opens\":\"00:00\",\"closes\":\"23:59\"},\"email\":\"contato@ubirataonline.com.br\",\"vatID\":\"47.621.418\\\/0001-80\"},{\"@type\":\"Person\",\"@id\":\"https:\\\/\\\/ubirataonline.com.br\\\/#\\\/schema\\\/person\\\/372f87bbd3fdd79b8556b84c98d0bc1c\",\"name\":\"REDA\u00c7\u00c3O: UBIRAT\u00c3 ONLINE - F\u00c1BIO AUGUSTO CELESTINO\",\"pronouns\":\"Ele\",\"description\":\"Desde 2003 trabalhando com not\u00edcias.\",\"sameAs\":[\"http:\\\/\\\/ubirataoline.com.br\",\"https:\\\/\\\/www.facebook.com\\\/portalubirataonline\",\"https:\\\/\\\/www.instagram.com\\\/ubirataonline_oficial\",\"https:\\\/\\\/x.com\\\/x.com\\\/ubirataonline\"],\"honorificPrefix\":\"Mr.\",\"honorificSuffix\":\"MD\",\"birthDate\":\"1980-06-16\",\"gender\":\"masculino\",\"award\":[\"V\u00e1rios pr\u00eamios de melhor portal da cidade\"],\"jobTitle\":\"Diretor\",\"url\":\"https:\\\/\\\/ubirataonline.com.br\\\/en\\\/author\\\/ubirataonline\\\/\"},{\"@type\":\"PostalAddress\",\"@id\":\"https:\\\/\\\/ubirataonline.com.br\\\/conheca-a-nova-especie-de-reptil-descoberta-no-rs\\\/#local-main-place-address\",\"streetAddress\":\"Rua dos Coqueiros, 104 - Bairro Boa Vista, Rua dos Coqueiros, 104 Bairro Boa Vista\",\"addressLocality\":\"UBIRATA\",\"postalCode\":\"85440-000\",\"addressRegion\":\"PR\",\"addressCountry\":\"BR\"},{\"@type\":\"ImageObject\",\"inLanguage\":\"en-US\",\"@id\":\"https:\\\/\\\/ubirataonline.com.br\\\/conheca-a-nova-especie-de-reptil-descoberta-no-rs\\\/#local-main-organization-logo\",\"url\":\"https:\\\/\\\/ubirataonline.com.br\\\/wp-content\\\/uploads\\\/2026\\\/06\\\/logoubirataonline-1.webp\",\"contentUrl\":\"https:\\\/\\\/ubirataonline.com.br\\\/wp-content\\\/uploads\\\/2026\\\/06\\\/logoubirataonline-1.webp\",\"width\":500,\"height\":500,\"caption\":\"Ubirat\u00e3 Online Not\u00edcias\"}]}<\/script>\n<meta name=\"geo.placename\" content=\"UBIRATA\" \/>\n<meta name=\"geo.position\" content=\"-24.5361401;-52.9921776\" \/>\n<meta name=\"geo.region\" content=\"Brazil\" \/>\n<!-- \/ Yoast SEO Premium plugin. -->","yoast_head_json":{"title":"Conhe\u00e7a a nova esp\u00e9cie de r\u00e9ptil descoberta no RS - Ubirat\u00e3 Online Not\u00edcias - A realidade ao seu alcance!","description":"Paleont\u00f3logos da Universidade Federal de Santa Maria (UFSM) acabam de revelar ao mundo uma descoberta fascinante: o Isodapedon varzealis. O estudo,","robots":{"index":"index","follow":"follow","max-snippet":"max-snippet:-1","max-image-preview":"max-image-preview:large","max-video-preview":"max-video-preview:-1"},"canonical":"https:\/\/ubirataonline.com.br\/en\/conheca-a-nova-especie-de-reptil-descoberta-no-rs\/","og_locale":"en_US","og_type":"article","og_title":"Conhe\u00e7a a nova esp\u00e9cie de r\u00e9ptil descoberta no RS","og_description":"Paleont\u00f3logos da Universidade Federal de Santa Maria (UFSM) acabam de revelar ao mundo uma descoberta fascinante: o Isodapedon varzealis. O estudo,","og_url":"https:\/\/ubirataonline.com.br\/en\/conheca-a-nova-especie-de-reptil-descoberta-no-rs\/","og_site_name":"Ubirat\u00e3 Online Not\u00edcias - A realidade ao seu alcance!","article_publisher":"https:\/\/www.facebook.com\/portalubirataonline","article_author":"https:\/\/www.facebook.com\/portalubirataonline","article_published_time":"2026-04-16T12:53:42+00:00","article_modified_time":"2026-04-16T12:53:45+00:00","og_image":[{"width":1200,"height":800,"url":"https:\/\/ubirataonline.com.br\/wp-content\/uploads\/2026\/04\/Conheca-a-nova-especie-de-reptil-descoberta-no-RS.jpg","type":"image\/jpeg"}],"author":"REDA\u00c7\u00c3O: UBIRAT\u00c3 ONLINE - F\u00c1BIO AUGUSTO CELESTINO","twitter_card":"summary_large_image","twitter_creator":"@x.com\/ubirataonline","twitter_site":"@ubirataonline","twitter_misc":{"Written by":"REDA\u00c7\u00c3O: UBIRAT\u00c3 ONLINE - F\u00c1BIO AUGUSTO CELESTINO","Est. reading time":"3 minutes"},"schema":{"@context":"https:\/\/schema.org","@graph":[{"@type":"NewsArticle","@id":"https:\/\/ubirataonline.com.br\/conheca-a-nova-especie-de-reptil-descoberta-no-rs\/#article","isPartOf":{"@id":"https:\/\/ubirataonline.com.br\/conheca-a-nova-especie-de-reptil-descoberta-no-rs\/"},"author":{"name":"REDA\u00c7\u00c3O: UBIRAT\u00c3 ONLINE - F\u00c1BIO AUGUSTO CELESTINO","@id":"https:\/\/ubirataonline.com.br\/#\/schema\/person\/372f87bbd3fdd79b8556b84c98d0bc1c"},"headline":"Conhe\u00e7a a nova esp\u00e9cie de r\u00e9ptil descoberta no RS","datePublished":"2026-04-16T12:53:42+00:00","dateModified":"2026-04-16T12:53:45+00:00","mainEntityOfPage":{"@id":"https:\/\/ubirataonline.com.br\/conheca-a-nova-especie-de-reptil-descoberta-no-rs\/"},"wordCount":658,"publisher":{"@id":"https:\/\/ubirataonline.com.br\/#organization"},"image":{"@id":"https:\/\/ubirataonline.com.br\/conheca-a-nova-especie-de-reptil-descoberta-no-rs\/#primaryimage"},"thumbnailUrl":"https:\/\/ubirataonline.com.br\/wp-content\/uploads\/2026\/04\/Conheca-a-nova-especie-de-reptil-descoberta-no-RS.jpg","keywords":["conhe\u00e7a","descoberta","Esp\u00e9cie","Nova","r\u00e9ptil"],"articleSection":["Ubirat\u00e3"],"inLanguage":"en-US","copyrightYear":"2026","copyrightHolder":{"@id":"https:\/\/ubirataonline.com.br\/en\/#organization"}},{"@type":"WebPage","@id":"https:\/\/ubirataonline.com.br\/conheca-a-nova-especie-de-reptil-descoberta-no-rs\/","url":"https:\/\/ubirataonline.com.br\/conheca-a-nova-especie-de-reptil-descoberta-no-rs\/","name":"Conhe\u00e7a a nova esp\u00e9cie de r\u00e9ptil descoberta no RS - Ubirat\u00e3 Online Not\u00edcias - A realidade ao seu alcance!","isPartOf":{"@id":"https:\/\/ubirataonline.com.br\/#website"},"primaryImageOfPage":{"@id":"https:\/\/ubirataonline.com.br\/conheca-a-nova-especie-de-reptil-descoberta-no-rs\/#primaryimage"},"image":{"@id":"https:\/\/ubirataonline.com.br\/conheca-a-nova-especie-de-reptil-descoberta-no-rs\/#primaryimage"},"thumbnailUrl":"https:\/\/ubirataonline.com.br\/wp-content\/uploads\/2026\/04\/Conheca-a-nova-especie-de-reptil-descoberta-no-RS.jpg","datePublished":"2026-04-16T12:53:42+00:00","dateModified":"2026-04-16T12:53:45+00:00","description":"Paleont\u00f3logos da Universidade Federal de Santa Maria (UFSM) acabam de revelar ao mundo uma descoberta fascinante: o Isodapedon varzealis. O estudo,","breadcrumb":{"@id":"https:\/\/ubirataonline.com.br\/conheca-a-nova-especie-de-reptil-descoberta-no-rs\/#breadcrumb"},"inLanguage":"en-US","potentialAction":[{"@type":"ReadAction","target":["https:\/\/ubirataonline.com.br\/conheca-a-nova-especie-de-reptil-descoberta-no-rs\/"]}]},{"@type":"ImageObject","inLanguage":"en-US","@id":"https:\/\/ubirataonline.com.br\/conheca-a-nova-especie-de-reptil-descoberta-no-rs\/#primaryimage","url":"https:\/\/ubirataonline.com.br\/wp-content\/uploads\/2026\/04\/Conheca-a-nova-especie-de-reptil-descoberta-no-RS.jpg","contentUrl":"https:\/\/ubirataonline.com.br\/wp-content\/uploads\/2026\/04\/Conheca-a-nova-especie-de-reptil-descoberta-no-RS.jpg","width":1200,"height":800,"caption":"Rincossauro da esp\u00e9cie Isodapedon varzealis teria vivido 230 milh\u00f5es de anos. Ilustra\u00e7\u00e3o: Caio Fantini\/UFSM."},{"@type":"BreadcrumbList","@id":"https:\/\/ubirataonline.com.br\/conheca-a-nova-especie-de-reptil-descoberta-no-rs\/#breadcrumb","itemListElement":[{"@type":"ListItem","position":1,"name":"In\u00edcio","item":"https:\/\/ubirataonline.com.br\/"},{"@type":"ListItem","position":2,"name":"Conhe\u00e7a a nova esp\u00e9cie de r\u00e9ptil descoberta no RS"}]},{"@type":"WebSite","@id":"https:\/\/ubirataonline.com.br\/#website","url":"https:\/\/ubirataonline.com.br\/","name":"Ubirat\u00e3 Online Not\u00edcias","description":"Not\u00edcias de Ubirat\u00e3, regi\u00e3o, Brasil e mundo, com informa\u00e7\u00e3o atualizada e compromisso com o leitor.","publisher":{"@id":"https:\/\/ubirataonline.com.br\/#organization"},"alternateName":"Ubirat\u00e3 Online","potentialAction":[{"@type":"SearchAction","target":{"@type":"EntryPoint","urlTemplate":"https:\/\/ubirataonline.com.br\/?s={search_term_string}"},"query-input":{"@type":"PropertyValueSpecification","valueRequired":true,"valueName":"search_term_string"}}],"inLanguage":"en-US"},{"@type":["Organization","Place"],"@id":"https:\/\/ubirataonline.com.br\/#organization","name":"Ubirat\u00e3 Online Not\u00edcias","alternateName":"Ubirat\u00e3 Online","url":"https:\/\/ubirataonline.com.br\/","logo":{"@id":"https:\/\/ubirataonline.com.br\/conheca-a-nova-especie-de-reptil-descoberta-no-rs\/#local-main-organization-logo"},"image":{"@id":"https:\/\/ubirataonline.com.br\/conheca-a-nova-especie-de-reptil-descoberta-no-rs\/#local-main-organization-logo"},"sameAs":["https:\/\/www.facebook.com\/portalubirataonline","https:\/\/x.com\/ubirataonline","https:\/\/mastodon.social\/@ubirataonline","https:\/\/www.facebook.com\/groups\/311144672285604","https:\/\/www.facebook.com\/UBTAOnline","https:\/\/www.instagram.com\/portalubirataonline\/","https:\/\/twitter.com\/ubirataonline"],"description":"Somos um portal de not\u00edcias independente, criado em 5 de janeiro de 2009, com o objetivo de informar, conectar e valorizar a nossa comunidade de Ubirat\u00e3 e toda aregi\u00e3o. Com conte\u00fado atualizado, confi\u00e1vel e relevante, o Ubirat\u00e3 Online \u00e9 o seu espa\u00e7o para ficar por dentro dos principais acontecimentos locais, regionais, Brasil, Mundo e de interesse geral. Nosso compromisso \u00e9 com a verdade, a transpar\u00eancia e o respeito ao leitor.","legalName":"UBIRATA ONLINE NOT\u00cdCIAS","foundingDate":"2009-01-05","numberOfEmployees":{"@type":"QuantitativeValue","minValue":"1","maxValue":"10"},"publishingPrinciples":"https:\/\/ubirataonline.com.br\/faq\/","address":{"@id":"https:\/\/ubirataonline.com.br\/conheca-a-nova-especie-de-reptil-descoberta-no-rs\/#local-main-place-address"},"geo":{"@type":"GeoCoordinates","latitude":"-24.5361401","longitude":"-52.9921776"},"telephone":["+5544998308235"],"contactPoint":{"@type":"ContactPoint","email":"contato@ubirataonline.com.br"},"openingHoursSpecification":{"@type":"OpeningHoursSpecification","dayOfWeek":["Monday","Tuesday","Wednesday","Thursday","Friday","Saturday","Sunday"],"opens":"00:00","closes":"23:59"},"email":"contato@ubirataonline.com.br","vatID":"47.621.418\/0001-80"},{"@type":"Person","@id":"https:\/\/ubirataonline.com.br\/#\/schema\/person\/372f87bbd3fdd79b8556b84c98d0bc1c","name":"REDA\u00c7\u00c3O: UBIRAT\u00c3 ONLINE - F\u00c1BIO AUGUSTO CELESTINO","pronouns":"Ele","description":"Desde 2003 trabalhando com not\u00edcias.","sameAs":["http:\/\/ubirataoline.com.br","https:\/\/www.facebook.com\/portalubirataonline","https:\/\/www.instagram.com\/ubirataonline_oficial","https:\/\/x.com\/x.com\/ubirataonline"],"honorificPrefix":"Mr.","honorificSuffix":"MD","birthDate":"1980-06-16","gender":"masculino","award":["V\u00e1rios pr\u00eamios de melhor portal da cidade"],"jobTitle":"Diretor","url":"https:\/\/ubirataonline.com.br\/en\/author\/ubirataonline\/"},{"@type":"PostalAddress","@id":"https:\/\/ubirataonline.com.br\/conheca-a-nova-especie-de-reptil-descoberta-no-rs\/#local-main-place-address","streetAddress":"Rua dos Coqueiros, 104 - Bairro Boa Vista, Rua dos Coqueiros, 104 Bairro Boa Vista","addressLocality":"UBIRATA","postalCode":"85440-000","addressRegion":"PR","addressCountry":"BR"},{"@type":"ImageObject","inLanguage":"en-US","@id":"https:\/\/ubirataonline.com.br\/conheca-a-nova-especie-de-reptil-descoberta-no-rs\/#local-main-organization-logo","url":"https:\/\/ubirataonline.com.br\/wp-content\/uploads\/2026\/06\/logoubirataonline-1.webp","contentUrl":"https:\/\/ubirataonline.com.br\/wp-content\/uploads\/2026\/06\/logoubirataonline-1.webp","width":500,"height":500,"caption":"Ubirat\u00e3 Online Not\u00edcias"}]},"geo.placename":"UBIRATA","geo.position":{"lat":"-24.5361401","long":"-52.9921776"},"geo.region":"Brazil"},"_links":{"self":[{"href":"https:\/\/ubirataonline.com.br\/en\/wp-json\/wp\/v2\/posts\/108943","targetHints":{"allow":["GET"]}}],"collection":[{"href":"https:\/\/ubirataonline.com.br\/en\/wp-json\/wp\/v2\/posts"}],"about":[{"href":"https:\/\/ubirataonline.com.br\/en\/wp-json\/wp\/v2\/types\/post"}],"author":[{"embeddable":true,"href":"https:\/\/ubirataonline.com.br\/en\/wp-json\/wp\/v2\/users\/1"}],"replies":[{"embeddable":true,"href":"https:\/\/ubirataonline.com.br\/en\/wp-json\/wp\/v2\/comments?post=108943"}],"version-history":[{"count":0,"href":"https:\/\/ubirataonline.com.br\/en\/wp-json\/wp\/v2\/posts\/108943\/revisions"}],"wp:featuredmedia":[{"embeddable":true,"href":"https:\/\/ubirataonline.com.br\/en\/wp-json\/wp\/v2\/media\/108944"}],"wp:attachment":[{"href":"https:\/\/ubirataonline.com.br\/en\/wp-json\/wp\/v2\/media?parent=108943"}],"wp:term":[{"taxonomy":"category","embeddable":true,"href":"https:\/\/ubirataonline.com.br\/en\/wp-json\/wp\/v2\/categories?post=108943"},{"taxonomy":"post_tag","embeddable":true,"href":"https:\/\/ubirataonline.com.br\/en\/wp-json\/wp\/v2\/tags?post=108943"}],"curies":[{"name":"wp","href":"https:\/\/api.w.org\/{rel}","templated":true}]}}