{"id":108948,"date":"2026-04-16T10:07:45","date_gmt":"2026-04-16T13:07:45","guid":{"rendered":"https:\/\/ubirataonline.com.br\/mbta-seeks-public-input-on-priorities-for-the-next-25-years\/"},"modified":"2026-04-16T10:07:53","modified_gmt":"2026-04-16T13:07:53","slug":"mbta-seeks-public-input-on-priorities-for-the-next-25-years","status":"publish","type":"post","link":"https:\/\/ubirataonline.com.br\/en\/mbta-seeks-public-input-on-priorities-for-the-next-25-years\/","title":{"rendered":"MBTA seeks public input on priorities for the next 25 years"},"content":{"rendered":"<p><\/p>\n<div id=\"article-body\">\n<div class=\"lead | border_box gutter_16--desktop gutter_16--tablet relative\">\n<p class=\"paragraph | gutter_20_0\"><span class=\"html-render\">The MBTA is asking riders and residents to weigh in on a sweeping long-term investment plan that will guide transit priorities across the state through 2050.<\/span><\/p>\n<p class=\"paragraph | gutter_20_0\"><span class=\"html-render\">The plan, dubbed \u201cFocus 2050,\u201d is the lastest update to the agency\u2019s Program for Mass Transportation, a state-required blueprint that outlines capital needs and investment priorities over the next 25 years.<\/span><\/p>\n<p class=\"paragraph | gutter_20_0\"><span class=\"html-render\">Officials say the effort is aimed at building a safer, more reliable, and more accessible transit system while preparing for future challenges such as climate change and shifting travel patterns.<\/span><\/p>\n<\/div>\n<div class=\"body | gutter_16--desktop gutter_16--tablet paywalled_content&#10;              \">\n<p class=\"paragraph | gutter_20_0\"><span class=\"html-render\">\u201cThe public, our riders, communities and the businesses we serve can help shape decisions and priorities for the T,\u201d MBTA General Manager and interim Transportation Secretary Phil Eng said in a statement. \u201cFeedback is invaluable on what is most meaningful to improve their quality of life.\u201d<\/span><\/p>\n<p class=\"paragraph | gutter_20_0\"><span class=\"html-render\">The plan will help align the MBTA\u2019s long-term strategy with its capital investment program, which is constrained by available funding. Updated every five years, the Program for Mass Transportation is intended to bridge those two efforts while identifying major projects and system upgrades.<\/span><\/p>\n<p class=\"paragraph | gutter_20_0\"><span class=\"html-render\">Since releasing its last long-term plan, <a href=\"https:\/\/www.mbta.com\/projects\/focus40\" target=\"_blank\" rel=\"\" title=\"https:\/\/www.mbta.com\/projects\/focus40\">Focus40<\/a>, MBTA officials say they have completed several major projects, including the <a href=\"https:\/\/www.bostonglobe.com\/2023\/12\/21\/metro\/mbta-green-line-extension-issues\/\" target=\"_blank\" rel=\"\" title=\"https:\/\/www.bostonglobe.com\/2023\/12\/21\/metro\/mbta-green-line-extension-issues\/\">Green Line extension<\/a> to Tufts University, <a href=\"https:\/\/www.bostonglobe.com\/2025\/08\/25\/metro\/mbta-orange-line-55-mph-maximum-speed\/\" target=\"_blank\" rel=\"\" title=\"https:\/\/www.bostonglobe.com\/2025\/08\/25\/metro\/mbta-orange-line-55-mph-maximum-speed\/\">new Orange Line cars<\/a>, expanded <a href=\"https:\/\/www.bostonglobe.com\/2025\/08\/07\/metro\/mbta-announces-new-largest-ferry-millennium\/\" target=\"_blank\" rel=\"\" title=\"https:\/\/www.bostonglobe.com\/2025\/08\/07\/metro\/mbta-announces-new-largest-ferry-millennium\/\">ferry service<\/a>, and the long-awaited extension of <a href=\"https:\/\/www.bostonglobe.com\/2025\/03\/24\/metro\/south-coast-rail-service-massachusetts\/\" target=\"_blank\" rel=\"\" title=\"https:\/\/www.bostonglobe.com\/2025\/03\/24\/metro\/south-coast-rail-service-massachusetts\/\">commuter rail service to Fall River and New Bedford<\/a>.<\/span><\/p>\n<p class=\"paragraph | gutter_20_0\"><span class=\"html-render\">Early feedback from riders and stakeholders has hit on a range of priorities for the next phase, including track maintenance work to improve reliability, upgrades to increase capacity on the Green Line, modernization of the commuter rail system, and expanded accessibility at older stations, the MBTA said.<\/span><\/p>\n<p class=\"paragraph | gutter_20_0\"><span class=\"html-render\">Other concerns riders have include strengthening the system against extreme weather and improving connections across different parts of the transit network, the T said.<\/span><\/p>\n<p class=\"paragraph | gutter_20_0\"><span class=\"html-render\">The MBTA plans to host more than 20 pop-up events at stations and in a series of public meetings this spring to gather input. <\/span><\/p>\n<p class=\"paragraph | gutter_20_0\"><span class=\"html-render\">Open houses are scheduled in Chelsea on April 15 at La Colaborativa (63 Sixth St.); Boston on May 7 at Action for Boston Community Development (178 Tremont St.); and Lawrence on May 19 at the Community Room at McGovern Transportation (211 Merrimack St.). <\/span><\/p>\n<p class=\"paragraph | gutter_20_0\"><span class=\"html-render\">The meetings are scheduled for one hour and begin at 5:30 p.m.<\/span><\/p>\n<p class=\"paragraph | gutter_20_0\"><span class=\"html-render\">Officials said feedback collected throughout the year will help shape the final plan. Riders can submit comments on the plan at MBTA.com\/Focus2050.<\/span><\/p>\n<hr class=\"tagline_hr | border_foreground border_half gutter_20_28--mobile&#10;               margin_none text_align_left width_100px\"\/>\n<p class=\"tagline | font_primary inline_block  margin_top_32\">Nick Stoico can be reached at <a href=\"https:\/\/www.bostonglobe.com\/2026\/04\/13\/metro\/mbta-seeks-public-feedback-on-next-priorities\/mailto:nick.stoico@globe.com\" class=\"\" target=\"_blank\" style=\"font-size:inherit;letter-spacing:.5px\">nick.stoico@globe.com<\/a>.<\/p>\n<\/div>\n<\/div>\n<p><script type=\"text\/javascript\">\nvar oneTrustActive = true;\nvar oneTrustConsentObj;\ntry {\n oneTrustConsentObj = JSON.parse(window.localStorage.getItem('consent_one_trust_bgmp') || '{}');\n} catch (err) {\n oneTrustConsentObj = {};\n}\n\/\/ Default to granted consent\nvar consent=\"grant\"\n\/\/ FB script decleration\n!function(f,b,e,v,n,t,s) {\n  if(f.fbq)return;n=f.fbq=function(){n.callMethod?n.callMethod.apply(n,arguments):n.queue.push(arguments)};\n  if(!f._fbq)f._fbq=n;n.push=n;n.loaded=!0;n.version='2.0';\n  n.queue=[];t=b.createElement(e);t.async=!0;\n  t.src=v;s=b.getElementsByTagName(e)[0];\n  s.parentNode.insertBefore(t,s);\n}\n(window,document,'script', 'https:\/\/connect.facebook.net\/en_US\/fbevents.js');\nif (oneTrustActive && oneTrustConsentObj && oneTrustConsentObj.C0004 === false) {\n  consent=\"revoke\";\n}\n\/\/ We need to call consent before we run init and track\nfbq('consent', consent);\nfbq('set', 'autoConfig', 'false', '884869448226452');\nfbq('set', 'autoConfig', 'false', '493062270895851');\nfbq('init', '884869448226452');\nfbq('track', 'PageView');\n<\/script><\/p>\n<p><a href=\"https:\/\/www.bostonglobe.com\/2026\/04\/13\/metro\/mbta-seeks-public-feedback-on-next-priorities\/\">Source link <\/a><\/p>\n","protected":false},"excerpt":{"rendered":"<p>The MBTA is asking riders and residents to weigh in on a sweeping long-term investment plan that will guide transit priorities across the state through 2050. The plan, dubbed \u201cFocus 2050,\u201d is the lastest update to the agency\u2019s Program for Mass Transportation, a state-required blueprint that outlines capital needs and investment priorities over the next [&hellip;]<\/p>\n","protected":false},"author":1,"featured_media":108949,"comment_status":"closed","ping_status":"","sticky":false,"template":"","format":"standard","meta":{"googlesitekit_rrm_CAow2JLhCw:productID":"","_gspb_post_css":"","maa_idioma":"","maa_pais":"","footnotes":""},"categories":[1],"tags":[28916,28915,25181,5488,16622,9430],"class_list":["post-108948","post","type-post","status-publish","format-standard","has-post-thumbnail","hentry","category-ubirata","tag-input","tag-mbta","tag-priorities","tag-public","tag-seeks","tag-years"],"blocksy_meta":[],"yoast_head":"<!-- This site is optimized with the Yoast SEO Premium plugin v27.6 (Yoast SEO v27.6) - https:\/\/yoast.com\/product\/yoast-seo-premium-wordpress\/ -->\n<title>MBTA seeks public input on priorities for the next 25 years - Ubirat\u00e3 Online Not\u00edcias - A realidade ao seu alcance!<\/title>\n<meta name=\"description\" content=\"The MBTA is asking riders and residents to weigh in on a sweeping long-term investment plan that will guide transit priorities across the state through\" \/>\n<meta name=\"robots\" content=\"index, follow, max-snippet:-1, max-image-preview:large, max-video-preview:-1\" \/>\n<link rel=\"canonical\" href=\"https:\/\/ubirataonline.com.br\/en\/mbta-seeks-public-input-on-priorities-for-the-next-25-years\/\" \/>\n<meta property=\"og:locale\" content=\"en_US\" \/>\n<meta property=\"og:type\" content=\"article\" \/>\n<meta property=\"og:title\" content=\"MBTA seeks public input on priorities for the next 25 years\" \/>\n<meta property=\"og:description\" content=\"The MBTA is asking riders and residents to weigh in on a sweeping long-term investment plan that will guide transit priorities across the state through\" \/>\n<meta property=\"og:url\" content=\"https:\/\/ubirataonline.com.br\/en\/mbta-seeks-public-input-on-priorities-for-the-next-25-years\/\" \/>\n<meta property=\"og:site_name\" content=\"Ubirat\u00e3 Online Not\u00edcias - A realidade ao seu alcance!\" \/>\n<meta property=\"article:publisher\" content=\"https:\/\/www.facebook.com\/portalubirataonline\" \/>\n<meta property=\"article:author\" content=\"https:\/\/www.facebook.com\/portalubirataonline\" \/>\n<meta property=\"article:published_time\" content=\"2026-04-16T13:07:45+00:00\" \/>\n<meta property=\"article:modified_time\" content=\"2026-04-16T13:07:53+00:00\" \/>\n<meta property=\"og:image\" content=\"https:\/\/ubirataonline.com.br\/wp-content\/uploads\/2026\/04\/MBTA-seeks-public-input-on-priorities-for-the-next-25.jpg\" \/>\n\t<meta property=\"og:image:width\" content=\"1440\" \/>\n\t<meta property=\"og:image:height\" content=\"980\" \/>\n\t<meta property=\"og:image:type\" content=\"image\/jpeg\" \/>\n<meta name=\"author\" content=\"REDA\u00c7\u00c3O: UBIRAT\u00c3 ONLINE - F\u00c1BIO AUGUSTO CELESTINO\" \/>\n<meta name=\"twitter:card\" content=\"summary_large_image\" \/>\n<meta name=\"twitter:creator\" content=\"@x.com\/ubirataonline\" \/>\n<meta name=\"twitter:site\" content=\"@ubirataonline\" \/>\n<meta name=\"twitter:label1\" content=\"Written by\" \/>\n\t<meta name=\"twitter:data1\" content=\"REDA\u00c7\u00c3O: UBIRAT\u00c3 ONLINE - F\u00c1BIO AUGUSTO CELESTINO\" \/>\n\t<meta name=\"twitter:label2\" content=\"Est. reading time\" \/>\n\t<meta name=\"twitter:data2\" content=\"2 minutes\" \/>\n<script type=\"application\/ld+json\" class=\"yoast-schema-graph\">{\"@context\":\"https:\\\/\\\/schema.org\",\"@graph\":[{\"@type\":\"NewsArticle\",\"@id\":\"https:\\\/\\\/ubirataonline.com.br\\\/mbta-seeks-public-input-on-priorities-for-the-next-25-years\\\/#article\",\"isPartOf\":{\"@id\":\"https:\\\/\\\/ubirataonline.com.br\\\/mbta-seeks-public-input-on-priorities-for-the-next-25-years\\\/\"},\"author\":{\"name\":\"REDA\u00c7\u00c3O: UBIRAT\u00c3 ONLINE - F\u00c1BIO AUGUSTO CELESTINO\",\"@id\":\"https:\\\/\\\/ubirataonline.com.br\\\/#\\\/schema\\\/person\\\/372f87bbd3fdd79b8556b84c98d0bc1c\"},\"headline\":\"MBTA seeks public input on priorities for the next 25 years\",\"datePublished\":\"2026-04-16T13:07:45+00:00\",\"dateModified\":\"2026-04-16T13:07:53+00:00\",\"mainEntityOfPage\":{\"@id\":\"https:\\\/\\\/ubirataonline.com.br\\\/mbta-seeks-public-input-on-priorities-for-the-next-25-years\\\/\"},\"wordCount\":409,\"publisher\":{\"@id\":\"https:\\\/\\\/ubirataonline.com.br\\\/#organization\"},\"image\":{\"@id\":\"https:\\\/\\\/ubirataonline.com.br\\\/mbta-seeks-public-input-on-priorities-for-the-next-25-years\\\/#primaryimage\"},\"thumbnailUrl\":\"https:\\\/\\\/ubirataonline.com.br\\\/wp-content\\\/uploads\\\/2026\\\/04\\\/MBTA-seeks-public-input-on-priorities-for-the-next-25.jpg\",\"keywords\":[\"input\",\"MBTA\",\"priorities\",\"public\",\"seeks\",\"years\"],\"articleSection\":[\"Ubirat\u00e3\"],\"inLanguage\":\"en-US\",\"copyrightYear\":\"2026\",\"copyrightHolder\":{\"@id\":\"https:\\\/\\\/ubirataonline.com.br\\\/en\\\/#organization\"}},{\"@type\":\"WebPage\",\"@id\":\"https:\\\/\\\/ubirataonline.com.br\\\/mbta-seeks-public-input-on-priorities-for-the-next-25-years\\\/\",\"url\":\"https:\\\/\\\/ubirataonline.com.br\\\/mbta-seeks-public-input-on-priorities-for-the-next-25-years\\\/\",\"name\":\"MBTA seeks public input on priorities for the next 25 years - Ubirat\u00e3 Online Not\u00edcias - A realidade ao seu alcance!\",\"isPartOf\":{\"@id\":\"https:\\\/\\\/ubirataonline.com.br\\\/#website\"},\"primaryImageOfPage\":{\"@id\":\"https:\\\/\\\/ubirataonline.com.br\\\/mbta-seeks-public-input-on-priorities-for-the-next-25-years\\\/#primaryimage\"},\"image\":{\"@id\":\"https:\\\/\\\/ubirataonline.com.br\\\/mbta-seeks-public-input-on-priorities-for-the-next-25-years\\\/#primaryimage\"},\"thumbnailUrl\":\"https:\\\/\\\/ubirataonline.com.br\\\/wp-content\\\/uploads\\\/2026\\\/04\\\/MBTA-seeks-public-input-on-priorities-for-the-next-25.jpg\",\"datePublished\":\"2026-04-16T13:07:45+00:00\",\"dateModified\":\"2026-04-16T13:07:53+00:00\",\"description\":\"The MBTA is asking riders and residents to weigh in on a sweeping long-term investment plan that will guide transit priorities across the state through\",\"breadcrumb\":{\"@id\":\"https:\\\/\\\/ubirataonline.com.br\\\/mbta-seeks-public-input-on-priorities-for-the-next-25-years\\\/#breadcrumb\"},\"inLanguage\":\"en-US\",\"potentialAction\":[{\"@type\":\"ReadAction\",\"target\":[\"https:\\\/\\\/ubirataonline.com.br\\\/mbta-seeks-public-input-on-priorities-for-the-next-25-years\\\/\"]}]},{\"@type\":\"ImageObject\",\"inLanguage\":\"en-US\",\"@id\":\"https:\\\/\\\/ubirataonline.com.br\\\/mbta-seeks-public-input-on-priorities-for-the-next-25-years\\\/#primaryimage\",\"url\":\"https:\\\/\\\/ubirataonline.com.br\\\/wp-content\\\/uploads\\\/2026\\\/04\\\/MBTA-seeks-public-input-on-priorities-for-the-next-25.jpg\",\"contentUrl\":\"https:\\\/\\\/ubirataonline.com.br\\\/wp-content\\\/uploads\\\/2026\\\/04\\\/MBTA-seeks-public-input-on-priorities-for-the-next-25.jpg\",\"width\":1440,\"height\":980,\"caption\":\"A commuter rail train at the Fall River Depot Station on March 24, 2025.David L. Ryan\\\/Globe Staff\"},{\"@type\":\"BreadcrumbList\",\"@id\":\"https:\\\/\\\/ubirataonline.com.br\\\/mbta-seeks-public-input-on-priorities-for-the-next-25-years\\\/#breadcrumb\",\"itemListElement\":[{\"@type\":\"ListItem\",\"position\":1,\"name\":\"In\u00edcio\",\"item\":\"https:\\\/\\\/ubirataonline.com.br\\\/\"},{\"@type\":\"ListItem\",\"position\":2,\"name\":\"MBTA seeks public input on priorities for the next 25 years\"}]},{\"@type\":\"WebSite\",\"@id\":\"https:\\\/\\\/ubirataonline.com.br\\\/#website\",\"url\":\"https:\\\/\\\/ubirataonline.com.br\\\/\",\"name\":\"Ubirat\u00e3 Online Not\u00edcias\",\"description\":\"Not\u00edcias de Ubirat\u00e3, regi\u00e3o, Brasil e mundo, com informa\u00e7\u00e3o atualizada e compromisso com o leitor.\",\"publisher\":{\"@id\":\"https:\\\/\\\/ubirataonline.com.br\\\/#organization\"},\"alternateName\":\"Ubirat\u00e3 Online\",\"potentialAction\":[{\"@type\":\"SearchAction\",\"target\":{\"@type\":\"EntryPoint\",\"urlTemplate\":\"https:\\\/\\\/ubirataonline.com.br\\\/?s={search_term_string}\"},\"query-input\":{\"@type\":\"PropertyValueSpecification\",\"valueRequired\":true,\"valueName\":\"search_term_string\"}}],\"inLanguage\":\"en-US\"},{\"@type\":[\"Organization\",\"Place\"],\"@id\":\"https:\\\/\\\/ubirataonline.com.br\\\/#organization\",\"name\":\"Ubirat\u00e3 Online Not\u00edcias\",\"alternateName\":\"Ubirat\u00e3 Online\",\"url\":\"https:\\\/\\\/ubirataonline.com.br\\\/\",\"logo\":{\"@id\":\"https:\\\/\\\/ubirataonline.com.br\\\/mbta-seeks-public-input-on-priorities-for-the-next-25-years\\\/#local-main-organization-logo\"},\"image\":{\"@id\":\"https:\\\/\\\/ubirataonline.com.br\\\/mbta-seeks-public-input-on-priorities-for-the-next-25-years\\\/#local-main-organization-logo\"},\"sameAs\":[\"https:\\\/\\\/www.facebook.com\\\/portalubirataonline\",\"https:\\\/\\\/x.com\\\/ubirataonline\",\"https:\\\/\\\/mastodon.social\\\/@ubirataonline\",\"https:\\\/\\\/www.facebook.com\\\/groups\\\/311144672285604\",\"https:\\\/\\\/www.facebook.com\\\/UBTAOnline\",\"https:\\\/\\\/www.instagram.com\\\/portalubirataonline\\\/\",\"https:\\\/\\\/twitter.com\\\/ubirataonline\"],\"description\":\"Somos um portal de not\u00edcias independente, criado em 5 de janeiro de 2009, com o objetivo de informar, conectar e valorizar a nossa comunidade de Ubirat\u00e3 e toda aregi\u00e3o. Com conte\u00fado atualizado, confi\u00e1vel e relevante, o Ubirat\u00e3 Online \u00e9 o seu espa\u00e7o para ficar por dentro dos principais acontecimentos locais, regionais, Brasil, Mundo e de interesse geral. Nosso compromisso \u00e9 com a verdade, a transpar\u00eancia e o respeito ao leitor.\",\"legalName\":\"UBIRATA ONLINE NOT\u00cdCIAS\",\"foundingDate\":\"2009-01-05\",\"numberOfEmployees\":{\"@type\":\"QuantitativeValue\",\"minValue\":\"1\",\"maxValue\":\"10\"},\"publishingPrinciples\":\"https:\\\/\\\/ubirataonline.com.br\\\/faq\\\/\",\"address\":{\"@id\":\"https:\\\/\\\/ubirataonline.com.br\\\/mbta-seeks-public-input-on-priorities-for-the-next-25-years\\\/#local-main-place-address\"},\"geo\":{\"@type\":\"GeoCoordinates\",\"latitude\":\"-24.5361401\",\"longitude\":\"-52.9921776\"},\"telephone\":[\"+5544998308235\"],\"contactPoint\":{\"@type\":\"ContactPoint\",\"email\":\"contato@ubirataonline.com.br\"},\"openingHoursSpecification\":{\"@type\":\"OpeningHoursSpecification\",\"dayOfWeek\":[\"Monday\",\"Tuesday\",\"Wednesday\",\"Thursday\",\"Friday\",\"Saturday\",\"Sunday\"],\"opens\":\"00:00\",\"closes\":\"23:59\"},\"email\":\"contato@ubirataonline.com.br\",\"vatID\":\"47.621.418\\\/0001-80\"},{\"@type\":\"Person\",\"@id\":\"https:\\\/\\\/ubirataonline.com.br\\\/#\\\/schema\\\/person\\\/372f87bbd3fdd79b8556b84c98d0bc1c\",\"name\":\"REDA\u00c7\u00c3O: UBIRAT\u00c3 ONLINE - F\u00c1BIO AUGUSTO CELESTINO\",\"pronouns\":\"Ele\",\"description\":\"Desde 2003 trabalhando com not\u00edcias.\",\"sameAs\":[\"http:\\\/\\\/ubirataoline.com.br\",\"https:\\\/\\\/www.facebook.com\\\/portalubirataonline\",\"https:\\\/\\\/www.instagram.com\\\/ubirataonline_oficial\",\"https:\\\/\\\/x.com\\\/x.com\\\/ubirataonline\"],\"honorificPrefix\":\"Mr.\",\"honorificSuffix\":\"MD\",\"birthDate\":\"1980-06-16\",\"gender\":\"masculino\",\"award\":[\"V\u00e1rios pr\u00eamios de melhor portal da cidade\"],\"jobTitle\":\"Diretor\",\"url\":\"https:\\\/\\\/ubirataonline.com.br\\\/en\\\/author\\\/ubirataonline\\\/\"},{\"@type\":\"PostalAddress\",\"@id\":\"https:\\\/\\\/ubirataonline.com.br\\\/mbta-seeks-public-input-on-priorities-for-the-next-25-years\\\/#local-main-place-address\",\"streetAddress\":\"Rua dos Coqueiros, 104 - Bairro Boa Vista, Rua dos Coqueiros, 104 Bairro Boa Vista\",\"addressLocality\":\"UBIRATA\",\"postalCode\":\"85440-000\",\"addressRegion\":\"PR\",\"addressCountry\":\"BR\"},{\"@type\":\"ImageObject\",\"inLanguage\":\"en-US\",\"@id\":\"https:\\\/\\\/ubirataonline.com.br\\\/mbta-seeks-public-input-on-priorities-for-the-next-25-years\\\/#local-main-organization-logo\",\"url\":\"https:\\\/\\\/ubirataonline.com.br\\\/wp-content\\\/uploads\\\/2026\\\/06\\\/logoubirataonline-1.webp\",\"contentUrl\":\"https:\\\/\\\/ubirataonline.com.br\\\/wp-content\\\/uploads\\\/2026\\\/06\\\/logoubirataonline-1.webp\",\"width\":500,\"height\":500,\"caption\":\"Ubirat\u00e3 Online Not\u00edcias\"}]}<\/script>\n<meta name=\"geo.placename\" content=\"UBIRATA\" \/>\n<meta name=\"geo.position\" content=\"-24.5361401;-52.9921776\" \/>\n<meta name=\"geo.region\" content=\"Brazil\" \/>\n<!-- \/ Yoast SEO Premium plugin. -->","yoast_head_json":{"title":"MBTA seeks public input on priorities for the next 25 years - Ubirat\u00e3 Online Not\u00edcias - A realidade ao seu alcance!","description":"The MBTA is asking riders and residents to weigh in on a sweeping long-term investment plan that will guide transit priorities across the state through","robots":{"index":"index","follow":"follow","max-snippet":"max-snippet:-1","max-image-preview":"max-image-preview:large","max-video-preview":"max-video-preview:-1"},"canonical":"https:\/\/ubirataonline.com.br\/en\/mbta-seeks-public-input-on-priorities-for-the-next-25-years\/","og_locale":"en_US","og_type":"article","og_title":"MBTA seeks public input on priorities for the next 25 years","og_description":"The MBTA is asking riders and residents to weigh in on a sweeping long-term investment plan that will guide transit priorities across the state through","og_url":"https:\/\/ubirataonline.com.br\/en\/mbta-seeks-public-input-on-priorities-for-the-next-25-years\/","og_site_name":"Ubirat\u00e3 Online Not\u00edcias - A realidade ao seu alcance!","article_publisher":"https:\/\/www.facebook.com\/portalubirataonline","article_author":"https:\/\/www.facebook.com\/portalubirataonline","article_published_time":"2026-04-16T13:07:45+00:00","article_modified_time":"2026-04-16T13:07:53+00:00","og_image":[{"width":1440,"height":980,"url":"https:\/\/ubirataonline.com.br\/wp-content\/uploads\/2026\/04\/MBTA-seeks-public-input-on-priorities-for-the-next-25.jpg","type":"image\/jpeg"}],"author":"REDA\u00c7\u00c3O: UBIRAT\u00c3 ONLINE - F\u00c1BIO AUGUSTO CELESTINO","twitter_card":"summary_large_image","twitter_creator":"@x.com\/ubirataonline","twitter_site":"@ubirataonline","twitter_misc":{"Written by":"REDA\u00c7\u00c3O: UBIRAT\u00c3 ONLINE - F\u00c1BIO AUGUSTO CELESTINO","Est. reading time":"2 minutes"},"schema":{"@context":"https:\/\/schema.org","@graph":[{"@type":"NewsArticle","@id":"https:\/\/ubirataonline.com.br\/mbta-seeks-public-input-on-priorities-for-the-next-25-years\/#article","isPartOf":{"@id":"https:\/\/ubirataonline.com.br\/mbta-seeks-public-input-on-priorities-for-the-next-25-years\/"},"author":{"name":"REDA\u00c7\u00c3O: UBIRAT\u00c3 ONLINE - F\u00c1BIO AUGUSTO CELESTINO","@id":"https:\/\/ubirataonline.com.br\/#\/schema\/person\/372f87bbd3fdd79b8556b84c98d0bc1c"},"headline":"MBTA seeks public input on priorities for the next 25 years","datePublished":"2026-04-16T13:07:45+00:00","dateModified":"2026-04-16T13:07:53+00:00","mainEntityOfPage":{"@id":"https:\/\/ubirataonline.com.br\/mbta-seeks-public-input-on-priorities-for-the-next-25-years\/"},"wordCount":409,"publisher":{"@id":"https:\/\/ubirataonline.com.br\/#organization"},"image":{"@id":"https:\/\/ubirataonline.com.br\/mbta-seeks-public-input-on-priorities-for-the-next-25-years\/#primaryimage"},"thumbnailUrl":"https:\/\/ubirataonline.com.br\/wp-content\/uploads\/2026\/04\/MBTA-seeks-public-input-on-priorities-for-the-next-25.jpg","keywords":["input","MBTA","priorities","public","seeks","years"],"articleSection":["Ubirat\u00e3"],"inLanguage":"en-US","copyrightYear":"2026","copyrightHolder":{"@id":"https:\/\/ubirataonline.com.br\/en\/#organization"}},{"@type":"WebPage","@id":"https:\/\/ubirataonline.com.br\/mbta-seeks-public-input-on-priorities-for-the-next-25-years\/","url":"https:\/\/ubirataonline.com.br\/mbta-seeks-public-input-on-priorities-for-the-next-25-years\/","name":"MBTA seeks public input on priorities for the next 25 years - Ubirat\u00e3 Online Not\u00edcias - A realidade ao seu alcance!","isPartOf":{"@id":"https:\/\/ubirataonline.com.br\/#website"},"primaryImageOfPage":{"@id":"https:\/\/ubirataonline.com.br\/mbta-seeks-public-input-on-priorities-for-the-next-25-years\/#primaryimage"},"image":{"@id":"https:\/\/ubirataonline.com.br\/mbta-seeks-public-input-on-priorities-for-the-next-25-years\/#primaryimage"},"thumbnailUrl":"https:\/\/ubirataonline.com.br\/wp-content\/uploads\/2026\/04\/MBTA-seeks-public-input-on-priorities-for-the-next-25.jpg","datePublished":"2026-04-16T13:07:45+00:00","dateModified":"2026-04-16T13:07:53+00:00","description":"The MBTA is asking riders and residents to weigh in on a sweeping long-term investment plan that will guide transit priorities across the state through","breadcrumb":{"@id":"https:\/\/ubirataonline.com.br\/mbta-seeks-public-input-on-priorities-for-the-next-25-years\/#breadcrumb"},"inLanguage":"en-US","potentialAction":[{"@type":"ReadAction","target":["https:\/\/ubirataonline.com.br\/mbta-seeks-public-input-on-priorities-for-the-next-25-years\/"]}]},{"@type":"ImageObject","inLanguage":"en-US","@id":"https:\/\/ubirataonline.com.br\/mbta-seeks-public-input-on-priorities-for-the-next-25-years\/#primaryimage","url":"https:\/\/ubirataonline.com.br\/wp-content\/uploads\/2026\/04\/MBTA-seeks-public-input-on-priorities-for-the-next-25.jpg","contentUrl":"https:\/\/ubirataonline.com.br\/wp-content\/uploads\/2026\/04\/MBTA-seeks-public-input-on-priorities-for-the-next-25.jpg","width":1440,"height":980,"caption":"A commuter rail train at the Fall River Depot Station on March 24, 2025.David L. Ryan\/Globe Staff"},{"@type":"BreadcrumbList","@id":"https:\/\/ubirataonline.com.br\/mbta-seeks-public-input-on-priorities-for-the-next-25-years\/#breadcrumb","itemListElement":[{"@type":"ListItem","position":1,"name":"In\u00edcio","item":"https:\/\/ubirataonline.com.br\/"},{"@type":"ListItem","position":2,"name":"MBTA seeks public input on priorities for the next 25 years"}]},{"@type":"WebSite","@id":"https:\/\/ubirataonline.com.br\/#website","url":"https:\/\/ubirataonline.com.br\/","name":"Ubirat\u00e3 Online Not\u00edcias","description":"Not\u00edcias de Ubirat\u00e3, regi\u00e3o, Brasil e mundo, com informa\u00e7\u00e3o atualizada e compromisso com o leitor.","publisher":{"@id":"https:\/\/ubirataonline.com.br\/#organization"},"alternateName":"Ubirat\u00e3 Online","potentialAction":[{"@type":"SearchAction","target":{"@type":"EntryPoint","urlTemplate":"https:\/\/ubirataonline.com.br\/?s={search_term_string}"},"query-input":{"@type":"PropertyValueSpecification","valueRequired":true,"valueName":"search_term_string"}}],"inLanguage":"en-US"},{"@type":["Organization","Place"],"@id":"https:\/\/ubirataonline.com.br\/#organization","name":"Ubirat\u00e3 Online Not\u00edcias","alternateName":"Ubirat\u00e3 Online","url":"https:\/\/ubirataonline.com.br\/","logo":{"@id":"https:\/\/ubirataonline.com.br\/mbta-seeks-public-input-on-priorities-for-the-next-25-years\/#local-main-organization-logo"},"image":{"@id":"https:\/\/ubirataonline.com.br\/mbta-seeks-public-input-on-priorities-for-the-next-25-years\/#local-main-organization-logo"},"sameAs":["https:\/\/www.facebook.com\/portalubirataonline","https:\/\/x.com\/ubirataonline","https:\/\/mastodon.social\/@ubirataonline","https:\/\/www.facebook.com\/groups\/311144672285604","https:\/\/www.facebook.com\/UBTAOnline","https:\/\/www.instagram.com\/portalubirataonline\/","https:\/\/twitter.com\/ubirataonline"],"description":"Somos um portal de not\u00edcias independente, criado em 5 de janeiro de 2009, com o objetivo de informar, conectar e valorizar a nossa comunidade de Ubirat\u00e3 e toda aregi\u00e3o. Com conte\u00fado atualizado, confi\u00e1vel e relevante, o Ubirat\u00e3 Online \u00e9 o seu espa\u00e7o para ficar por dentro dos principais acontecimentos locais, regionais, Brasil, Mundo e de interesse geral. Nosso compromisso \u00e9 com a verdade, a transpar\u00eancia e o respeito ao leitor.","legalName":"UBIRATA ONLINE NOT\u00cdCIAS","foundingDate":"2009-01-05","numberOfEmployees":{"@type":"QuantitativeValue","minValue":"1","maxValue":"10"},"publishingPrinciples":"https:\/\/ubirataonline.com.br\/faq\/","address":{"@id":"https:\/\/ubirataonline.com.br\/mbta-seeks-public-input-on-priorities-for-the-next-25-years\/#local-main-place-address"},"geo":{"@type":"GeoCoordinates","latitude":"-24.5361401","longitude":"-52.9921776"},"telephone":["+5544998308235"],"contactPoint":{"@type":"ContactPoint","email":"contato@ubirataonline.com.br"},"openingHoursSpecification":{"@type":"OpeningHoursSpecification","dayOfWeek":["Monday","Tuesday","Wednesday","Thursday","Friday","Saturday","Sunday"],"opens":"00:00","closes":"23:59"},"email":"contato@ubirataonline.com.br","vatID":"47.621.418\/0001-80"},{"@type":"Person","@id":"https:\/\/ubirataonline.com.br\/#\/schema\/person\/372f87bbd3fdd79b8556b84c98d0bc1c","name":"REDA\u00c7\u00c3O: UBIRAT\u00c3 ONLINE - F\u00c1BIO AUGUSTO CELESTINO","pronouns":"Ele","description":"Desde 2003 trabalhando com not\u00edcias.","sameAs":["http:\/\/ubirataoline.com.br","https:\/\/www.facebook.com\/portalubirataonline","https:\/\/www.instagram.com\/ubirataonline_oficial","https:\/\/x.com\/x.com\/ubirataonline"],"honorificPrefix":"Mr.","honorificSuffix":"MD","birthDate":"1980-06-16","gender":"masculino","award":["V\u00e1rios pr\u00eamios de melhor portal da cidade"],"jobTitle":"Diretor","url":"https:\/\/ubirataonline.com.br\/en\/author\/ubirataonline\/"},{"@type":"PostalAddress","@id":"https:\/\/ubirataonline.com.br\/mbta-seeks-public-input-on-priorities-for-the-next-25-years\/#local-main-place-address","streetAddress":"Rua dos Coqueiros, 104 - Bairro Boa Vista, Rua dos Coqueiros, 104 Bairro Boa Vista","addressLocality":"UBIRATA","postalCode":"85440-000","addressRegion":"PR","addressCountry":"BR"},{"@type":"ImageObject","inLanguage":"en-US","@id":"https:\/\/ubirataonline.com.br\/mbta-seeks-public-input-on-priorities-for-the-next-25-years\/#local-main-organization-logo","url":"https:\/\/ubirataonline.com.br\/wp-content\/uploads\/2026\/06\/logoubirataonline-1.webp","contentUrl":"https:\/\/ubirataonline.com.br\/wp-content\/uploads\/2026\/06\/logoubirataonline-1.webp","width":500,"height":500,"caption":"Ubirat\u00e3 Online Not\u00edcias"}]},"geo.placename":"UBIRATA","geo.position":{"lat":"-24.5361401","long":"-52.9921776"},"geo.region":"Brazil"},"_links":{"self":[{"href":"https:\/\/ubirataonline.com.br\/en\/wp-json\/wp\/v2\/posts\/108948","targetHints":{"allow":["GET"]}}],"collection":[{"href":"https:\/\/ubirataonline.com.br\/en\/wp-json\/wp\/v2\/posts"}],"about":[{"href":"https:\/\/ubirataonline.com.br\/en\/wp-json\/wp\/v2\/types\/post"}],"author":[{"embeddable":true,"href":"https:\/\/ubirataonline.com.br\/en\/wp-json\/wp\/v2\/users\/1"}],"replies":[{"embeddable":true,"href":"https:\/\/ubirataonline.com.br\/en\/wp-json\/wp\/v2\/comments?post=108948"}],"version-history":[{"count":0,"href":"https:\/\/ubirataonline.com.br\/en\/wp-json\/wp\/v2\/posts\/108948\/revisions"}],"wp:featuredmedia":[{"embeddable":true,"href":"https:\/\/ubirataonline.com.br\/en\/wp-json\/wp\/v2\/media\/108949"}],"wp:attachment":[{"href":"https:\/\/ubirataonline.com.br\/en\/wp-json\/wp\/v2\/media?parent=108948"}],"wp:term":[{"taxonomy":"category","embeddable":true,"href":"https:\/\/ubirataonline.com.br\/en\/wp-json\/wp\/v2\/categories?post=108948"},{"taxonomy":"post_tag","embeddable":true,"href":"https:\/\/ubirataonline.com.br\/en\/wp-json\/wp\/v2\/tags?post=108948"}],"curies":[{"name":"wp","href":"https:\/\/api.w.org\/{rel}","templated":true}]}}