{"id":108957,"date":"2026-04-16T10:18:41","date_gmt":"2026-04-16T13:18:41","guid":{"rendered":"https:\/\/ubirataonline.com.br\/bernardo-silva-confirms-man-city-exit-at-end-of-season\/"},"modified":"2026-04-16T10:18:41","modified_gmt":"2026-04-16T13:18:41","slug":"bernardo-silva-confirms-man-city-exit-at-end-of-season","status":"publish","type":"post","link":"https:\/\/ubirataonline.com.br\/en\/bernardo-silva-confirms-man-city-exit-at-end-of-season\/","title":{"rendered":"Bernardo Silva confirms Man City exit at end of season"},"content":{"rendered":"<p><\/p>\n<div>\n<p><a data-player-guid=\"bf92e82e-1179-0a00-281d-529b403ae556\" href=\"http:\/\/espn.com\/soccer\/player\/_\/id\/199833\/bernardo-silva\">Bernardo Silva<\/a> has announced he will leave <a data-clubhouse-guid=\"94fd5d7e-35b1-9d52-c9f2-4a37259bea36\" href=\"https:\/\/www.espn.com\/soccer\/team?id=382\">Manchester City<\/a> this summer.<\/p>\n<p>The Portuguese midfielder will be out of contract in June and he has chosen to move on after nine years at the Etihad Stadium.<\/p>\n<p>Silva is yet to reveal his next step and has been linked with a return to boyhood club <a data-clubhouse-guid=\"c0d080f4-ddad-14be-1498-51f86a0f24fa\" href=\"https:\/\/www.espn.com\/soccer\/team?id=1929\">Benfica<\/a>, as well as moves to Spain, Saudi Arabia and Major League Soccer.<\/p>\n<p>The 31-year-old announced his departure from City in an Instagram post on Thursday.<\/p>\n<p>He wrote: &#8220;Cityzens, when I arrived nine years ago, I was following a dream of a little boy, wanting to succeed in life, wanting to achieve great things.<\/p>\n<p>&#8220;This city and this club gave me much more than that, much more than I ever hoped for. What we won and achieved together is a legacy that will forever be cherished in my heart.<\/p>\n<aside class=\"inline inline-photo full\">\n<figure><picture><source data-srcset=\"https:\/\/a3.espncdn.com\/combiner\/i?img=%2Fphoto%2F2026%2F0416%2Fr1644430_1296x729_16%2D9.jpg&amp;w=570&amp;format=jpg, https:\/\/a3.espncdn.com\/combiner\/i?img=%2Fphoto%2F2026%2F0416%2Fr1644430_1296x729_16%2D9.jpg&amp;w=1140&amp;cquality=40&amp;format=jpg 2x\" media=\"(min-width: 376px)\"><source data-srcset=\"https:\/\/a3.espncdn.com\/combiner\/i?img=%2Fphoto%2F2026%2F0416%2Fr1644430_1296x729_16%2D9.jpg&amp;w=375, https:\/\/a3.espncdn.com\/combiner\/i?img=%2Fphoto%2F2026%2F0416%2Fr1644430_1296x729_16%2D9.jpg&amp;w=750&amp;cquality=40&amp;format=jpg 2x\" media=\"(max-width: 375px)\"><img class=\"lazyload lazyload\" data-image-container=\".inline-photo\" height=\"320\" width=\"570\"\/><\/source><\/source><\/picture><figcaption class=\"photoCaption\">Bernardo Silva has won 19 major trophies at Man City and in March captained the club to Carabao Cup glory.\u00a0<cite>acques Feeney\/Offside\/Offside via Getty Images<\/cite><\/figcaption><\/figure>\n<\/aside>\n<p>&#8220;In a few months it&#8217;s time to say goodbye to the city where not only we won so much as a football club, but also where I started my marriage and my family.<\/p>\n<p>&#8220;To the fans, your unconditional support throughout the years is something that I will never forget. I arrived as a Man City player, I leave as one more of you, a Man City supporter for life.<\/p>\n<p>&#8220;To the club, Pep, the staff and all my teammates these nine years, thank you for all the memories and for letting me be a part of this journey for so long.<\/p>\n<p>&#8220;Let&#8217;s enjoy together these last weeks and fight for what this season still brings us.&#8221;<\/p>\n<\/div>\n<p><a href=\"https:\/\/www.espn.com\/soccer\/story\/_\/id\/48502266\/man-city-confirm-bernardo-silva-exit-end-season\">Source link <\/a><br \/>\nSee more https:\/\/theglobaltrack.com\/<\/p>","protected":false},"excerpt":{"rendered":"<p>Bernardo Silva has announced he will leave Manchester City this summer. The Portuguese midfielder will be out of contract in June and he has chosen to move on after nine years at the Etihad Stadium. Silva is yet to reveal his next step and has been linked with a return to boyhood club Benfica, as [&hellip;]<\/p>\n","protected":false},"author":1,"featured_media":108958,"comment_status":"","ping_status":"","sticky":false,"template":"","format":"standard","meta":{"googlesitekit_rrm_CAow2JLhCw:productID":"","_gspb_post_css":"","maa_idioma":"","maa_pais":"","footnotes":""},"categories":[1],"tags":[22226,2982,9619,7153,3129,2955,15767],"class_list":["post-108957","post","type-post","status-publish","format-standard","has-post-thumbnail","hentry","category-ubirata","tag-bernardo","tag-city","tag-confirms","tag-exit","tag-man","tag-season","tag-silva"],"blocksy_meta":[],"yoast_head":"<!-- This site is optimized with the Yoast SEO Premium plugin v27.6 (Yoast SEO v27.6) - https:\/\/yoast.com\/product\/yoast-seo-premium-wordpress\/ -->\n<title>Bernardo Silva confirms Man City exit at end of season - Ubirat\u00e3 Online Not\u00edcias - A realidade ao seu alcance!<\/title>\n<meta name=\"description\" content=\"Bernardo Silva has announced he will leave Manchester City this summer.\" \/>\n<meta name=\"robots\" content=\"index, follow, max-snippet:-1, max-image-preview:large, max-video-preview:-1\" \/>\n<link rel=\"canonical\" href=\"https:\/\/ubirataonline.com.br\/en\/bernardo-silva-confirms-man-city-exit-at-end-of-season\/\" \/>\n<meta property=\"og:locale\" content=\"en_US\" \/>\n<meta property=\"og:type\" content=\"article\" \/>\n<meta property=\"og:title\" content=\"Bernardo Silva confirms Man City exit at end of season\" \/>\n<meta property=\"og:description\" content=\"Bernardo Silva has announced he will leave Manchester City this summer.\" \/>\n<meta property=\"og:url\" content=\"https:\/\/ubirataonline.com.br\/en\/bernardo-silva-confirms-man-city-exit-at-end-of-season\/\" \/>\n<meta property=\"og:site_name\" content=\"Ubirat\u00e3 Online Not\u00edcias - A realidade ao seu alcance!\" \/>\n<meta property=\"article:publisher\" content=\"https:\/\/www.facebook.com\/portalubirataonline\" \/>\n<meta property=\"article:author\" content=\"https:\/\/www.facebook.com\/portalubirataonline\" \/>\n<meta property=\"article:published_time\" content=\"2026-04-16T13:18:41+00:00\" \/>\n<meta property=\"og:image\" content=\"https:\/\/ubirataonline.com.br\/wp-content\/uploads\/2026\/04\/Bernardo-Silva-confirms-Man-City-exit-at-end-of-season.jpeg\" \/>\n\t<meta property=\"og:image:width\" content=\"1296\" \/>\n\t<meta property=\"og:image:height\" content=\"728\" \/>\n\t<meta property=\"og:image:type\" content=\"image\/jpeg\" \/>\n<meta name=\"author\" content=\"REDA\u00c7\u00c3O: UBIRAT\u00c3 ONLINE - F\u00c1BIO AUGUSTO CELESTINO\" \/>\n<meta name=\"twitter:card\" content=\"summary_large_image\" \/>\n<meta name=\"twitter:creator\" content=\"@x.com\/ubirataonline\" \/>\n<meta name=\"twitter:site\" content=\"@ubirataonline\" \/>\n<meta name=\"twitter:label1\" content=\"Written by\" \/>\n\t<meta name=\"twitter:data1\" content=\"REDA\u00c7\u00c3O: UBIRAT\u00c3 ONLINE - F\u00c1BIO AUGUSTO CELESTINO\" \/>\n\t<meta name=\"twitter:label2\" content=\"Est. reading time\" \/>\n\t<meta name=\"twitter:data2\" content=\"1 minute\" \/>\n<script type=\"application\/ld+json\" class=\"yoast-schema-graph\">{\"@context\":\"https:\\\/\\\/schema.org\",\"@graph\":[{\"@type\":\"NewsArticle\",\"@id\":\"https:\\\/\\\/ubirataonline.com.br\\\/bernardo-silva-confirms-man-city-exit-at-end-of-season\\\/#article\",\"isPartOf\":{\"@id\":\"https:\\\/\\\/ubirataonline.com.br\\\/bernardo-silva-confirms-man-city-exit-at-end-of-season\\\/\"},\"author\":{\"name\":\"REDA\u00c7\u00c3O: UBIRAT\u00c3 ONLINE - F\u00c1BIO AUGUSTO CELESTINO\",\"@id\":\"https:\\\/\\\/ubirataonline.com.br\\\/#\\\/schema\\\/person\\\/372f87bbd3fdd79b8556b84c98d0bc1c\"},\"headline\":\"Bernardo Silva confirms Man City exit at end of season\",\"datePublished\":\"2026-04-16T13:18:41+00:00\",\"mainEntityOfPage\":{\"@id\":\"https:\\\/\\\/ubirataonline.com.br\\\/bernardo-silva-confirms-man-city-exit-at-end-of-season\\\/\"},\"wordCount\":303,\"publisher\":{\"@id\":\"https:\\\/\\\/ubirataonline.com.br\\\/#organization\"},\"image\":{\"@id\":\"https:\\\/\\\/ubirataonline.com.br\\\/bernardo-silva-confirms-man-city-exit-at-end-of-season\\\/#primaryimage\"},\"thumbnailUrl\":\"https:\\\/\\\/ubirataonline.com.br\\\/wp-content\\\/uploads\\\/2026\\\/04\\\/Bernardo-Silva-confirms-Man-City-exit-at-end-of-season.jpeg\",\"keywords\":[\"Bernardo\",\"City\",\"confirms\",\"exit\",\"Man\",\"season\",\"Silva\"],\"articleSection\":[\"Ubirat\u00e3\"],\"inLanguage\":\"en-US\",\"copyrightYear\":\"2026\",\"copyrightHolder\":{\"@id\":\"https:\\\/\\\/ubirataonline.com.br\\\/en\\\/#organization\"}},{\"@type\":\"WebPage\",\"@id\":\"https:\\\/\\\/ubirataonline.com.br\\\/bernardo-silva-confirms-man-city-exit-at-end-of-season\\\/\",\"url\":\"https:\\\/\\\/ubirataonline.com.br\\\/bernardo-silva-confirms-man-city-exit-at-end-of-season\\\/\",\"name\":\"Bernardo Silva confirms Man City exit at end of season - Ubirat\u00e3 Online Not\u00edcias - A realidade ao seu alcance!\",\"isPartOf\":{\"@id\":\"https:\\\/\\\/ubirataonline.com.br\\\/#website\"},\"primaryImageOfPage\":{\"@id\":\"https:\\\/\\\/ubirataonline.com.br\\\/bernardo-silva-confirms-man-city-exit-at-end-of-season\\\/#primaryimage\"},\"image\":{\"@id\":\"https:\\\/\\\/ubirataonline.com.br\\\/bernardo-silva-confirms-man-city-exit-at-end-of-season\\\/#primaryimage\"},\"thumbnailUrl\":\"https:\\\/\\\/ubirataonline.com.br\\\/wp-content\\\/uploads\\\/2026\\\/04\\\/Bernardo-Silva-confirms-Man-City-exit-at-end-of-season.jpeg\",\"datePublished\":\"2026-04-16T13:18:41+00:00\",\"description\":\"Bernardo Silva has announced he will leave Manchester City this summer.\",\"breadcrumb\":{\"@id\":\"https:\\\/\\\/ubirataonline.com.br\\\/bernardo-silva-confirms-man-city-exit-at-end-of-season\\\/#breadcrumb\"},\"inLanguage\":\"en-US\",\"potentialAction\":[{\"@type\":\"ReadAction\",\"target\":[\"https:\\\/\\\/ubirataonline.com.br\\\/bernardo-silva-confirms-man-city-exit-at-end-of-season\\\/\"]}]},{\"@type\":\"ImageObject\",\"inLanguage\":\"en-US\",\"@id\":\"https:\\\/\\\/ubirataonline.com.br\\\/bernardo-silva-confirms-man-city-exit-at-end-of-season\\\/#primaryimage\",\"url\":\"https:\\\/\\\/ubirataonline.com.br\\\/wp-content\\\/uploads\\\/2026\\\/04\\\/Bernardo-Silva-confirms-Man-City-exit-at-end-of-season.jpeg\",\"contentUrl\":\"https:\\\/\\\/ubirataonline.com.br\\\/wp-content\\\/uploads\\\/2026\\\/04\\\/Bernardo-Silva-confirms-Man-City-exit-at-end-of-season.jpeg\",\"width\":1296,\"height\":728,\"caption\":\"Nicol: No pressure on Man City in title race chase (1:27)Steve Nicol believes Manchester City will feel less pressure in the title race as they look to close the gap on Arsenal. (1:27)\"},{\"@type\":\"BreadcrumbList\",\"@id\":\"https:\\\/\\\/ubirataonline.com.br\\\/bernardo-silva-confirms-man-city-exit-at-end-of-season\\\/#breadcrumb\",\"itemListElement\":[{\"@type\":\"ListItem\",\"position\":1,\"name\":\"In\u00edcio\",\"item\":\"https:\\\/\\\/ubirataonline.com.br\\\/\"},{\"@type\":\"ListItem\",\"position\":2,\"name\":\"Bernardo Silva confirms Man City exit at end of season\"}]},{\"@type\":\"WebSite\",\"@id\":\"https:\\\/\\\/ubirataonline.com.br\\\/#website\",\"url\":\"https:\\\/\\\/ubirataonline.com.br\\\/\",\"name\":\"Ubirat\u00e3 Online Not\u00edcias\",\"description\":\"Not\u00edcias de Ubirat\u00e3, regi\u00e3o, Brasil e mundo, com informa\u00e7\u00e3o atualizada e compromisso com o leitor.\",\"publisher\":{\"@id\":\"https:\\\/\\\/ubirataonline.com.br\\\/#organization\"},\"alternateName\":\"Ubirat\u00e3 Online\",\"potentialAction\":[{\"@type\":\"SearchAction\",\"target\":{\"@type\":\"EntryPoint\",\"urlTemplate\":\"https:\\\/\\\/ubirataonline.com.br\\\/?s={search_term_string}\"},\"query-input\":{\"@type\":\"PropertyValueSpecification\",\"valueRequired\":true,\"valueName\":\"search_term_string\"}}],\"inLanguage\":\"en-US\"},{\"@type\":[\"Organization\",\"Place\"],\"@id\":\"https:\\\/\\\/ubirataonline.com.br\\\/#organization\",\"name\":\"Ubirat\u00e3 Online Not\u00edcias\",\"alternateName\":\"Ubirat\u00e3 Online\",\"url\":\"https:\\\/\\\/ubirataonline.com.br\\\/\",\"logo\":{\"@id\":\"https:\\\/\\\/ubirataonline.com.br\\\/bernardo-silva-confirms-man-city-exit-at-end-of-season\\\/#local-main-organization-logo\"},\"image\":{\"@id\":\"https:\\\/\\\/ubirataonline.com.br\\\/bernardo-silva-confirms-man-city-exit-at-end-of-season\\\/#local-main-organization-logo\"},\"sameAs\":[\"https:\\\/\\\/www.facebook.com\\\/portalubirataonline\",\"https:\\\/\\\/x.com\\\/ubirataonline\",\"https:\\\/\\\/mastodon.social\\\/@ubirataonline\",\"https:\\\/\\\/www.facebook.com\\\/groups\\\/311144672285604\",\"https:\\\/\\\/www.facebook.com\\\/UBTAOnline\",\"https:\\\/\\\/www.instagram.com\\\/portalubirataonline\\\/\",\"https:\\\/\\\/twitter.com\\\/ubirataonline\"],\"description\":\"Somos um portal de not\u00edcias independente, criado em 5 de janeiro de 2009, com o objetivo de informar, conectar e valorizar a nossa comunidade de Ubirat\u00e3 e toda aregi\u00e3o. Com conte\u00fado atualizado, confi\u00e1vel e relevante, o Ubirat\u00e3 Online \u00e9 o seu espa\u00e7o para ficar por dentro dos principais acontecimentos locais, regionais, Brasil, Mundo e de interesse geral. Nosso compromisso \u00e9 com a verdade, a transpar\u00eancia e o respeito ao leitor.\",\"legalName\":\"UBIRATA ONLINE NOT\u00cdCIAS\",\"foundingDate\":\"2009-01-05\",\"numberOfEmployees\":{\"@type\":\"QuantitativeValue\",\"minValue\":\"1\",\"maxValue\":\"10\"},\"publishingPrinciples\":\"https:\\\/\\\/ubirataonline.com.br\\\/faq\\\/\",\"address\":{\"@id\":\"https:\\\/\\\/ubirataonline.com.br\\\/bernardo-silva-confirms-man-city-exit-at-end-of-season\\\/#local-main-place-address\"},\"geo\":{\"@type\":\"GeoCoordinates\",\"latitude\":\"-24.5361401\",\"longitude\":\"-52.9921776\"},\"telephone\":[\"+5544998308235\"],\"contactPoint\":{\"@type\":\"ContactPoint\",\"email\":\"contato@ubirataonline.com.br\"},\"openingHoursSpecification\":{\"@type\":\"OpeningHoursSpecification\",\"dayOfWeek\":[\"Monday\",\"Tuesday\",\"Wednesday\",\"Thursday\",\"Friday\",\"Saturday\",\"Sunday\"],\"opens\":\"00:00\",\"closes\":\"23:59\"},\"email\":\"contato@ubirataonline.com.br\",\"vatID\":\"47.621.418\\\/0001-80\"},{\"@type\":\"Person\",\"@id\":\"https:\\\/\\\/ubirataonline.com.br\\\/#\\\/schema\\\/person\\\/372f87bbd3fdd79b8556b84c98d0bc1c\",\"name\":\"REDA\u00c7\u00c3O: UBIRAT\u00c3 ONLINE - F\u00c1BIO AUGUSTO CELESTINO\",\"pronouns\":\"Ele\",\"description\":\"Desde 2003 trabalhando com not\u00edcias.\",\"sameAs\":[\"http:\\\/\\\/ubirataoline.com.br\",\"https:\\\/\\\/www.facebook.com\\\/portalubirataonline\",\"https:\\\/\\\/www.instagram.com\\\/ubirataonline_oficial\",\"https:\\\/\\\/x.com\\\/x.com\\\/ubirataonline\"],\"honorificPrefix\":\"Mr.\",\"honorificSuffix\":\"MD\",\"birthDate\":\"1980-06-16\",\"gender\":\"masculino\",\"award\":[\"V\u00e1rios pr\u00eamios de melhor portal da cidade\"],\"jobTitle\":\"Diretor\",\"url\":\"https:\\\/\\\/ubirataonline.com.br\\\/en\\\/author\\\/ubirataonline\\\/\"},{\"@type\":\"PostalAddress\",\"@id\":\"https:\\\/\\\/ubirataonline.com.br\\\/bernardo-silva-confirms-man-city-exit-at-end-of-season\\\/#local-main-place-address\",\"streetAddress\":\"Rua dos Coqueiros, 104 - Bairro Boa Vista, Rua dos Coqueiros, 104 Bairro Boa Vista\",\"addressLocality\":\"UBIRATA\",\"postalCode\":\"85440-000\",\"addressRegion\":\"PR\",\"addressCountry\":\"BR\"},{\"@type\":\"ImageObject\",\"inLanguage\":\"en-US\",\"@id\":\"https:\\\/\\\/ubirataonline.com.br\\\/bernardo-silva-confirms-man-city-exit-at-end-of-season\\\/#local-main-organization-logo\",\"url\":\"https:\\\/\\\/ubirataonline.com.br\\\/wp-content\\\/uploads\\\/2026\\\/06\\\/logoubirataonline-1.webp\",\"contentUrl\":\"https:\\\/\\\/ubirataonline.com.br\\\/wp-content\\\/uploads\\\/2026\\\/06\\\/logoubirataonline-1.webp\",\"width\":500,\"height\":500,\"caption\":\"Ubirat\u00e3 Online Not\u00edcias\"}]}<\/script>\n<meta name=\"geo.placename\" content=\"UBIRATA\" \/>\n<meta name=\"geo.position\" content=\"-24.5361401;-52.9921776\" \/>\n<meta name=\"geo.region\" content=\"Brazil\" \/>\n<!-- \/ Yoast SEO Premium plugin. -->","yoast_head_json":{"title":"Bernardo Silva confirms Man City exit at end of season - Ubirat\u00e3 Online Not\u00edcias - A realidade ao seu alcance!","description":"Bernardo Silva has announced he will leave Manchester City this summer.","robots":{"index":"index","follow":"follow","max-snippet":"max-snippet:-1","max-image-preview":"max-image-preview:large","max-video-preview":"max-video-preview:-1"},"canonical":"https:\/\/ubirataonline.com.br\/en\/bernardo-silva-confirms-man-city-exit-at-end-of-season\/","og_locale":"en_US","og_type":"article","og_title":"Bernardo Silva confirms Man City exit at end of season","og_description":"Bernardo Silva has announced he will leave Manchester City this summer.","og_url":"https:\/\/ubirataonline.com.br\/en\/bernardo-silva-confirms-man-city-exit-at-end-of-season\/","og_site_name":"Ubirat\u00e3 Online Not\u00edcias - A realidade ao seu alcance!","article_publisher":"https:\/\/www.facebook.com\/portalubirataonline","article_author":"https:\/\/www.facebook.com\/portalubirataonline","article_published_time":"2026-04-16T13:18:41+00:00","og_image":[{"width":1296,"height":728,"url":"https:\/\/ubirataonline.com.br\/wp-content\/uploads\/2026\/04\/Bernardo-Silva-confirms-Man-City-exit-at-end-of-season.jpeg","type":"image\/jpeg"}],"author":"REDA\u00c7\u00c3O: UBIRAT\u00c3 ONLINE - F\u00c1BIO AUGUSTO CELESTINO","twitter_card":"summary_large_image","twitter_creator":"@x.com\/ubirataonline","twitter_site":"@ubirataonline","twitter_misc":{"Written by":"REDA\u00c7\u00c3O: UBIRAT\u00c3 ONLINE - F\u00c1BIO AUGUSTO CELESTINO","Est. reading time":"1 minute"},"schema":{"@context":"https:\/\/schema.org","@graph":[{"@type":"NewsArticle","@id":"https:\/\/ubirataonline.com.br\/bernardo-silva-confirms-man-city-exit-at-end-of-season\/#article","isPartOf":{"@id":"https:\/\/ubirataonline.com.br\/bernardo-silva-confirms-man-city-exit-at-end-of-season\/"},"author":{"name":"REDA\u00c7\u00c3O: UBIRAT\u00c3 ONLINE - F\u00c1BIO AUGUSTO CELESTINO","@id":"https:\/\/ubirataonline.com.br\/#\/schema\/person\/372f87bbd3fdd79b8556b84c98d0bc1c"},"headline":"Bernardo Silva confirms Man City exit at end of season","datePublished":"2026-04-16T13:18:41+00:00","mainEntityOfPage":{"@id":"https:\/\/ubirataonline.com.br\/bernardo-silva-confirms-man-city-exit-at-end-of-season\/"},"wordCount":303,"publisher":{"@id":"https:\/\/ubirataonline.com.br\/#organization"},"image":{"@id":"https:\/\/ubirataonline.com.br\/bernardo-silva-confirms-man-city-exit-at-end-of-season\/#primaryimage"},"thumbnailUrl":"https:\/\/ubirataonline.com.br\/wp-content\/uploads\/2026\/04\/Bernardo-Silva-confirms-Man-City-exit-at-end-of-season.jpeg","keywords":["Bernardo","City","confirms","exit","Man","season","Silva"],"articleSection":["Ubirat\u00e3"],"inLanguage":"en-US","copyrightYear":"2026","copyrightHolder":{"@id":"https:\/\/ubirataonline.com.br\/en\/#organization"}},{"@type":"WebPage","@id":"https:\/\/ubirataonline.com.br\/bernardo-silva-confirms-man-city-exit-at-end-of-season\/","url":"https:\/\/ubirataonline.com.br\/bernardo-silva-confirms-man-city-exit-at-end-of-season\/","name":"Bernardo Silva confirms Man City exit at end of season - Ubirat\u00e3 Online Not\u00edcias - A realidade ao seu alcance!","isPartOf":{"@id":"https:\/\/ubirataonline.com.br\/#website"},"primaryImageOfPage":{"@id":"https:\/\/ubirataonline.com.br\/bernardo-silva-confirms-man-city-exit-at-end-of-season\/#primaryimage"},"image":{"@id":"https:\/\/ubirataonline.com.br\/bernardo-silva-confirms-man-city-exit-at-end-of-season\/#primaryimage"},"thumbnailUrl":"https:\/\/ubirataonline.com.br\/wp-content\/uploads\/2026\/04\/Bernardo-Silva-confirms-Man-City-exit-at-end-of-season.jpeg","datePublished":"2026-04-16T13:18:41+00:00","description":"Bernardo Silva has announced he will leave Manchester City this summer.","breadcrumb":{"@id":"https:\/\/ubirataonline.com.br\/bernardo-silva-confirms-man-city-exit-at-end-of-season\/#breadcrumb"},"inLanguage":"en-US","potentialAction":[{"@type":"ReadAction","target":["https:\/\/ubirataonline.com.br\/bernardo-silva-confirms-man-city-exit-at-end-of-season\/"]}]},{"@type":"ImageObject","inLanguage":"en-US","@id":"https:\/\/ubirataonline.com.br\/bernardo-silva-confirms-man-city-exit-at-end-of-season\/#primaryimage","url":"https:\/\/ubirataonline.com.br\/wp-content\/uploads\/2026\/04\/Bernardo-Silva-confirms-Man-City-exit-at-end-of-season.jpeg","contentUrl":"https:\/\/ubirataonline.com.br\/wp-content\/uploads\/2026\/04\/Bernardo-Silva-confirms-Man-City-exit-at-end-of-season.jpeg","width":1296,"height":728,"caption":"Nicol: No pressure on Man City in title race chase (1:27)Steve Nicol believes Manchester City will feel less pressure in the title race as they look to close the gap on Arsenal. (1:27)"},{"@type":"BreadcrumbList","@id":"https:\/\/ubirataonline.com.br\/bernardo-silva-confirms-man-city-exit-at-end-of-season\/#breadcrumb","itemListElement":[{"@type":"ListItem","position":1,"name":"In\u00edcio","item":"https:\/\/ubirataonline.com.br\/"},{"@type":"ListItem","position":2,"name":"Bernardo Silva confirms Man City exit at end of season"}]},{"@type":"WebSite","@id":"https:\/\/ubirataonline.com.br\/#website","url":"https:\/\/ubirataonline.com.br\/","name":"Ubirat\u00e3 Online Not\u00edcias","description":"Not\u00edcias de Ubirat\u00e3, regi\u00e3o, Brasil e mundo, com informa\u00e7\u00e3o atualizada e compromisso com o leitor.","publisher":{"@id":"https:\/\/ubirataonline.com.br\/#organization"},"alternateName":"Ubirat\u00e3 Online","potentialAction":[{"@type":"SearchAction","target":{"@type":"EntryPoint","urlTemplate":"https:\/\/ubirataonline.com.br\/?s={search_term_string}"},"query-input":{"@type":"PropertyValueSpecification","valueRequired":true,"valueName":"search_term_string"}}],"inLanguage":"en-US"},{"@type":["Organization","Place"],"@id":"https:\/\/ubirataonline.com.br\/#organization","name":"Ubirat\u00e3 Online Not\u00edcias","alternateName":"Ubirat\u00e3 Online","url":"https:\/\/ubirataonline.com.br\/","logo":{"@id":"https:\/\/ubirataonline.com.br\/bernardo-silva-confirms-man-city-exit-at-end-of-season\/#local-main-organization-logo"},"image":{"@id":"https:\/\/ubirataonline.com.br\/bernardo-silva-confirms-man-city-exit-at-end-of-season\/#local-main-organization-logo"},"sameAs":["https:\/\/www.facebook.com\/portalubirataonline","https:\/\/x.com\/ubirataonline","https:\/\/mastodon.social\/@ubirataonline","https:\/\/www.facebook.com\/groups\/311144672285604","https:\/\/www.facebook.com\/UBTAOnline","https:\/\/www.instagram.com\/portalubirataonline\/","https:\/\/twitter.com\/ubirataonline"],"description":"Somos um portal de not\u00edcias independente, criado em 5 de janeiro de 2009, com o objetivo de informar, conectar e valorizar a nossa comunidade de Ubirat\u00e3 e toda aregi\u00e3o. Com conte\u00fado atualizado, confi\u00e1vel e relevante, o Ubirat\u00e3 Online \u00e9 o seu espa\u00e7o para ficar por dentro dos principais acontecimentos locais, regionais, Brasil, Mundo e de interesse geral. Nosso compromisso \u00e9 com a verdade, a transpar\u00eancia e o respeito ao leitor.","legalName":"UBIRATA ONLINE NOT\u00cdCIAS","foundingDate":"2009-01-05","numberOfEmployees":{"@type":"QuantitativeValue","minValue":"1","maxValue":"10"},"publishingPrinciples":"https:\/\/ubirataonline.com.br\/faq\/","address":{"@id":"https:\/\/ubirataonline.com.br\/bernardo-silva-confirms-man-city-exit-at-end-of-season\/#local-main-place-address"},"geo":{"@type":"GeoCoordinates","latitude":"-24.5361401","longitude":"-52.9921776"},"telephone":["+5544998308235"],"contactPoint":{"@type":"ContactPoint","email":"contato@ubirataonline.com.br"},"openingHoursSpecification":{"@type":"OpeningHoursSpecification","dayOfWeek":["Monday","Tuesday","Wednesday","Thursday","Friday","Saturday","Sunday"],"opens":"00:00","closes":"23:59"},"email":"contato@ubirataonline.com.br","vatID":"47.621.418\/0001-80"},{"@type":"Person","@id":"https:\/\/ubirataonline.com.br\/#\/schema\/person\/372f87bbd3fdd79b8556b84c98d0bc1c","name":"REDA\u00c7\u00c3O: UBIRAT\u00c3 ONLINE - F\u00c1BIO AUGUSTO CELESTINO","pronouns":"Ele","description":"Desde 2003 trabalhando com not\u00edcias.","sameAs":["http:\/\/ubirataoline.com.br","https:\/\/www.facebook.com\/portalubirataonline","https:\/\/www.instagram.com\/ubirataonline_oficial","https:\/\/x.com\/x.com\/ubirataonline"],"honorificPrefix":"Mr.","honorificSuffix":"MD","birthDate":"1980-06-16","gender":"masculino","award":["V\u00e1rios pr\u00eamios de melhor portal da cidade"],"jobTitle":"Diretor","url":"https:\/\/ubirataonline.com.br\/en\/author\/ubirataonline\/"},{"@type":"PostalAddress","@id":"https:\/\/ubirataonline.com.br\/bernardo-silva-confirms-man-city-exit-at-end-of-season\/#local-main-place-address","streetAddress":"Rua dos Coqueiros, 104 - Bairro Boa Vista, Rua dos Coqueiros, 104 Bairro Boa Vista","addressLocality":"UBIRATA","postalCode":"85440-000","addressRegion":"PR","addressCountry":"BR"},{"@type":"ImageObject","inLanguage":"en-US","@id":"https:\/\/ubirataonline.com.br\/bernardo-silva-confirms-man-city-exit-at-end-of-season\/#local-main-organization-logo","url":"https:\/\/ubirataonline.com.br\/wp-content\/uploads\/2026\/06\/logoubirataonline-1.webp","contentUrl":"https:\/\/ubirataonline.com.br\/wp-content\/uploads\/2026\/06\/logoubirataonline-1.webp","width":500,"height":500,"caption":"Ubirat\u00e3 Online Not\u00edcias"}]},"geo.placename":"UBIRATA","geo.position":{"lat":"-24.5361401","long":"-52.9921776"},"geo.region":"Brazil"},"_links":{"self":[{"href":"https:\/\/ubirataonline.com.br\/en\/wp-json\/wp\/v2\/posts\/108957","targetHints":{"allow":["GET"]}}],"collection":[{"href":"https:\/\/ubirataonline.com.br\/en\/wp-json\/wp\/v2\/posts"}],"about":[{"href":"https:\/\/ubirataonline.com.br\/en\/wp-json\/wp\/v2\/types\/post"}],"author":[{"embeddable":true,"href":"https:\/\/ubirataonline.com.br\/en\/wp-json\/wp\/v2\/users\/1"}],"replies":[{"embeddable":true,"href":"https:\/\/ubirataonline.com.br\/en\/wp-json\/wp\/v2\/comments?post=108957"}],"version-history":[{"count":0,"href":"https:\/\/ubirataonline.com.br\/en\/wp-json\/wp\/v2\/posts\/108957\/revisions"}],"wp:featuredmedia":[{"embeddable":true,"href":"https:\/\/ubirataonline.com.br\/en\/wp-json\/wp\/v2\/media\/108958"}],"wp:attachment":[{"href":"https:\/\/ubirataonline.com.br\/en\/wp-json\/wp\/v2\/media?parent=108957"}],"wp:term":[{"taxonomy":"category","embeddable":true,"href":"https:\/\/ubirataonline.com.br\/en\/wp-json\/wp\/v2\/categories?post=108957"},{"taxonomy":"post_tag","embeddable":true,"href":"https:\/\/ubirataonline.com.br\/en\/wp-json\/wp\/v2\/tags?post=108957"}],"curies":[{"name":"wp","href":"https:\/\/api.w.org\/{rel}","templated":true}]}}