{"id":108966,"date":"2026-04-16T10:27:40","date_gmt":"2026-04-16T13:27:40","guid":{"rendered":"https:\/\/ubirataonline.com.br\/germans-could-face-wage-cuts-for-taking-sick-days-under-new-proposals-euro-weekly-news\/"},"modified":"2026-04-16T10:27:47","modified_gmt":"2026-04-16T13:27:47","slug":"germans-could-face-wage-cuts-for-taking-sick-days-under-new-proposals-euro-weekly-news","status":"publish","type":"post","link":"https:\/\/ubirataonline.com.br\/en\/germans-could-face-wage-cuts-for-taking-sick-days-under-new-proposals-euro-weekly-news\/","title":{"rendered":"Germans could face wage cuts for taking sick days under new proposals \u00ab Euro Weekly News"},"content":{"rendered":"<p><br \/>\n<\/p>\n<p>\n                    Germany has long offered stronger income protection during illness than many other countries. Photo credits: Alexander Gafarro\/Shutterstock                    <\/p>\n<div>\n                    <!-- Article Start --><\/p>\n<p data-start=\"116\" data-end=\"543\">German workers could face having wages reduced for taking sick days under proposals being discussed by political leaders and business groups, according to reports in the German and international press. No national law has been passed, and no formal legislation has yet been introduced, but the debate has focused on whether current rules are too costly for employers and the wider economy.<\/p>\n<p data-start=\"545\" data-end=\"975\">The discussion follows renewed attention on sickness absence in Germany, where employees took an average of 14.8 sick days per year, one of the higher recorded rates in Europe according to figures cited in recent reports. Supporters of reform argue that long absences and short-term sickness leave create pressure for businesses already dealing with weak economic growth and labour shortages. Germany has long offered stronger income protection during illness than many other countries. In most cases, employees who are unable to work due to sickness continue to receive their full salary from their employer for up to six weeks. If illness continues beyond that period, statutory health insurers can then provide sickness benefit under separate rules.<\/p>\n<h2 data-section-id=\"9leozb\" data-start=\"1376\" data-end=\"1431\">First-Day Pay Changes Reportedly Under Consideration<\/h2>\n<p data-start=\"1433\" data-end=\"1797\"><strong><a href=\"https:\/\/dailysceptic.org\/2026\/04\/14\/germans-face-having-wages-docked-if-they-take-a-sick-day\/?utm_\" rel=\"nofollow\">One proposal reported in the media would allow employers to cut or remove pay from the first day of sickness<\/a><\/strong> absence in some cases. Another reported idea would reward workers with low absence records through an additional day of annual leave. Neither measure has been approved, and ministers have not announced a final policy.<\/p>\n<div class=\"sra_unit\"><link rel=\"stylesheet\" id=\"block-sra\" href=\"https:\/\/euroweeklynews.com\/wp-content\/plugins\/snack-related-articles\/dist\/css\/snack-related.min.css?250312-193541\" type=\"text\/css\" media=\"all\"\/>\n<aside class=\"sra-group sra-related-list\">\n<h2 class=\"sra-group-head\">Most Read on Euro Weekly News<\/h2>\n<\/aside>\n<\/div>\n<p data-start=\"1799\" data-end=\"2186\">The proposals have been linked to Chancellor Friedrich Merz and members of the governing coalition, although details remain unclear. Reports suggest the aim would be to discourage workers from taking time off for minor illnesses while maintaining support for more serious medical conditions. No draft legislation has been published at federal level. Any legal change would require formal government backing and would likely face scrutiny from parliament, employers\u2019 organisations, unions and legal experts. Germany\u2019s labour protections are well established, meaning changes to sickness pay would almost certainly prompt significant public and political debate before becoming law.<\/p>\n<h2 data-section-id=\"s6ifr5\" data-start=\"2558\" data-end=\"2612\">Existing Rules Already Allow Some Employer Controls<\/h2>\n<p data-start=\"2614\" data-end=\"2994\">Current German rules already require employees to notify employers when they are unable to work through illness. Employers may also request medical proof of incapacity from the first day of absence, although many workplaces ask for it later. In practice, requirements can vary depending on contracts, company policy and collective agreements. That means businesses already have some tools to monitor absence without changing the wider pay system. Critics of the new proposals argue that enforcement of existing rules should be considered before reducing wages for genuine sickness. They also warn that many illnesses cannot be judged by appearance alone and that employees may feel pressured to work when they should be recovering.<\/p>\n<p data-start=\"3424\" data-end=\"3801\">Health specialists have long warned that presenteeism, where people attend work while ill, can reduce productivity and spread infection in offices, factories and public-facing workplaces. Opponents of wage cuts say financial penalties could increase that risk, particularly during winter periods when respiratory illnesses are more common. Wider Economic Pressures Behind the Debate The discussion comes at a time when Germany is under pressure to improve economic performance after a period of weak growth. <strong><a href=\"https:\/\/euroweeklynews.com\/2024\/11\/26\/germanys-workforce-could-shrink-10-by-2040-according-to-study\/\">Employers in several sectors have complained about costs, staffing shortages and declining competitiveness.<\/a><\/strong> Some business figures say lower absence rates would help output and ease pressure on remaining staff.<\/p>\n<p data-start=\"4224\" data-end=\"4635\">Trade unions and employee groups are expected to resist any attempt to reduce earnings during illness. They are likely to argue that <a href=\"https:\/\/euroweeklynews.com\/2024\/11\/24\/german-visa-boom-2025\/\"><strong>workers should not bear the cost of economic problems<\/strong><\/a> through lower pay when they are unwell. Labour representatives have also previously said trust between employers and staff could be damaged by policies built around suspicion of abuse. For now, the issue remains a political discussion rather than a confirmed legal reform. German workers have not lost existing sick pay rights, and no nationwide wage deduction for taking a sick day has been enacted. Whether the proposals develop into legislation will depend on decisions still to be taken in Berlin.<\/p>\n<p>                    <!-- Originally published at https:\/\/euroweeklynews.com\/2026\/04\/14\/germans-could-face-wage-cuts-for-taking-sick-days-under-new-proposals\/ on 14 Apr 2026 at 19:42 by Molly Grace --><br \/>\n                    <!-- Article End -->\n                <\/div>\n<p><br \/>\n<br \/><a href=\"https:\/\/euroweeklynews.com\/2026\/04\/14\/germans-could-face-wage-cuts-for-taking-sick-days-under-new-proposals\/\">Source link <\/a><\/p>","protected":false},"excerpt":{"rendered":"<p>Germany has long offered stronger income protection during illness than many other countries. Photo credits: Alexander Gafarro\/Shutterstock German workers could face having wages reduced for taking sick days under proposals being discussed by political leaders and business groups, according to reports in the German and international press. No national law has been passed, and no [&hellip;]<\/p>\n","protected":false},"author":1,"featured_media":108968,"comment_status":"closed","ping_status":"","sticky":false,"template":"","format":"standard","meta":{"googlesitekit_rrm_CAow2JLhCw:productID":"","_gspb_post_css":"","maa_idioma":"","maa_pais":"","footnotes":""},"categories":[2725],"tags":[12159,12820,6418,7017,28923,3109,28924,13941,9295,21512],"class_list":["post-108966","post","type-post","status-publish","format-standard","has-post-thumbnail","hentry","category-europe","tag-cuts","tag-days","tag-euro","tag-face","tag-germans","tag-news","tag-proposals","tag-sick","tag-wage","tag-weekly"],"blocksy_meta":[],"yoast_head":"<!-- This site is optimized with the Yoast SEO Premium plugin v27.6 (Yoast SEO v27.6) - https:\/\/yoast.com\/product\/yoast-seo-premium-wordpress\/ -->\n<title>Germans could face wage cuts for taking sick days under new proposals \u00ab Euro Weekly News - Ubirat\u00e3 Online Not\u00edcias - A realidade ao seu alcance!<\/title>\n<meta name=\"description\" content=\"Germany has long offered stronger income protection during illness than many other countries. Photo credits: Alexander Gafarro\/Shutterstock German workers\" \/>\n<meta name=\"robots\" content=\"index, follow, max-snippet:-1, max-image-preview:large, max-video-preview:-1\" \/>\n<link rel=\"canonical\" href=\"https:\/\/ubirataonline.com.br\/en\/germans-could-face-wage-cuts-for-taking-sick-days-under-new-proposals-euro-weekly-news\/\" \/>\n<meta property=\"og:locale\" content=\"en_US\" \/>\n<meta property=\"og:type\" content=\"article\" \/>\n<meta property=\"og:title\" content=\"Germans could face wage cuts for taking sick days under new proposals \u00ab Euro Weekly News\" \/>\n<meta property=\"og:description\" content=\"Germany has long offered stronger income protection during illness than many other countries. Photo credits: Alexander Gafarro\/Shutterstock German workers\" \/>\n<meta property=\"og:url\" content=\"https:\/\/ubirataonline.com.br\/en\/germans-could-face-wage-cuts-for-taking-sick-days-under-new-proposals-euro-weekly-news\/\" \/>\n<meta property=\"og:site_name\" content=\"Ubirat\u00e3 Online Not\u00edcias - A realidade ao seu alcance!\" \/>\n<meta property=\"article:publisher\" content=\"https:\/\/www.facebook.com\/portalubirataonline\" \/>\n<meta property=\"article:author\" content=\"https:\/\/www.facebook.com\/portalubirataonline\" \/>\n<meta property=\"article:published_time\" content=\"2026-04-16T13:27:40+00:00\" \/>\n<meta property=\"article:modified_time\" content=\"2026-04-16T13:27:47+00:00\" \/>\n<meta property=\"og:image\" content=\"https:\/\/ubirataonline.com.br\/wp-content\/uploads\/2026\/04\/Germans-could-face-wage-cuts-for-taking-sick-days-under-768x510.png\" \/>\n\t<meta property=\"og:image:width\" content=\"768\" \/>\n\t<meta property=\"og:image:height\" content=\"510\" \/>\n\t<meta property=\"og:image:type\" content=\"image\/png\" \/>\n<meta name=\"author\" content=\"REDA\u00c7\u00c3O: UBIRAT\u00c3 ONLINE - F\u00c1BIO AUGUSTO CELESTINO\" \/>\n<meta name=\"twitter:card\" content=\"summary_large_image\" \/>\n<meta name=\"twitter:creator\" content=\"@x.com\/ubirataonline\" \/>\n<meta name=\"twitter:site\" content=\"@ubirataonline\" \/>\n<meta name=\"twitter:label1\" content=\"Written by\" \/>\n\t<meta name=\"twitter:data1\" content=\"REDA\u00c7\u00c3O: UBIRAT\u00c3 ONLINE - F\u00c1BIO AUGUSTO CELESTINO\" \/>\n\t<meta name=\"twitter:label2\" content=\"Est. reading time\" \/>\n\t<meta name=\"twitter:data2\" content=\"3 minutes\" \/>\n<script type=\"application\/ld+json\" class=\"yoast-schema-graph\">{\"@context\":\"https:\\\/\\\/schema.org\",\"@graph\":[{\"@type\":\"NewsArticle\",\"@id\":\"https:\\\/\\\/ubirataonline.com.br\\\/germans-could-face-wage-cuts-for-taking-sick-days-under-new-proposals-euro-weekly-news\\\/#article\",\"isPartOf\":{\"@id\":\"https:\\\/\\\/ubirataonline.com.br\\\/germans-could-face-wage-cuts-for-taking-sick-days-under-new-proposals-euro-weekly-news\\\/\"},\"author\":{\"name\":\"REDA\u00c7\u00c3O: UBIRAT\u00c3 ONLINE - F\u00c1BIO AUGUSTO CELESTINO\",\"@id\":\"https:\\\/\\\/ubirataonline.com.br\\\/#\\\/schema\\\/person\\\/372f87bbd3fdd79b8556b84c98d0bc1c\"},\"headline\":\"Germans could face wage cuts for taking sick days under new proposals \u00ab Euro Weekly News\",\"datePublished\":\"2026-04-16T13:27:40+00:00\",\"dateModified\":\"2026-04-16T13:27:47+00:00\",\"mainEntityOfPage\":{\"@id\":\"https:\\\/\\\/ubirataonline.com.br\\\/germans-could-face-wage-cuts-for-taking-sick-days-under-new-proposals-euro-weekly-news\\\/\"},\"wordCount\":709,\"publisher\":{\"@id\":\"https:\\\/\\\/ubirataonline.com.br\\\/#organization\"},\"image\":{\"@id\":\"https:\\\/\\\/ubirataonline.com.br\\\/germans-could-face-wage-cuts-for-taking-sick-days-under-new-proposals-euro-weekly-news\\\/#primaryimage\"},\"thumbnailUrl\":\"https:\\\/\\\/ubirataonline.com.br\\\/wp-content\\\/uploads\\\/2026\\\/04\\\/Germans-could-face-wage-cuts-for-taking-sick-days-under.png\",\"keywords\":[\"cuts\",\"Days\",\"euro\",\"Face\",\"Germans\",\"News\",\"proposals\",\"Sick\",\"wage\",\"Weekly\"],\"articleSection\":[\"Europe\"],\"inLanguage\":\"en-US\",\"copyrightYear\":\"2026\",\"copyrightHolder\":{\"@id\":\"https:\\\/\\\/ubirataonline.com.br\\\/en\\\/#organization\"}},{\"@type\":\"WebPage\",\"@id\":\"https:\\\/\\\/ubirataonline.com.br\\\/germans-could-face-wage-cuts-for-taking-sick-days-under-new-proposals-euro-weekly-news\\\/\",\"url\":\"https:\\\/\\\/ubirataonline.com.br\\\/germans-could-face-wage-cuts-for-taking-sick-days-under-new-proposals-euro-weekly-news\\\/\",\"name\":\"Germans could face wage cuts for taking sick days under new proposals \u00ab Euro Weekly News - Ubirat\u00e3 Online Not\u00edcias - A realidade ao seu alcance!\",\"isPartOf\":{\"@id\":\"https:\\\/\\\/ubirataonline.com.br\\\/#website\"},\"primaryImageOfPage\":{\"@id\":\"https:\\\/\\\/ubirataonline.com.br\\\/germans-could-face-wage-cuts-for-taking-sick-days-under-new-proposals-euro-weekly-news\\\/#primaryimage\"},\"image\":{\"@id\":\"https:\\\/\\\/ubirataonline.com.br\\\/germans-could-face-wage-cuts-for-taking-sick-days-under-new-proposals-euro-weekly-news\\\/#primaryimage\"},\"thumbnailUrl\":\"https:\\\/\\\/ubirataonline.com.br\\\/wp-content\\\/uploads\\\/2026\\\/04\\\/Germans-could-face-wage-cuts-for-taking-sick-days-under.png\",\"datePublished\":\"2026-04-16T13:27:40+00:00\",\"dateModified\":\"2026-04-16T13:27:47+00:00\",\"description\":\"Germany has long offered stronger income protection during illness than many other countries. Photo credits: Alexander Gafarro\\\/Shutterstock German workers\",\"breadcrumb\":{\"@id\":\"https:\\\/\\\/ubirataonline.com.br\\\/germans-could-face-wage-cuts-for-taking-sick-days-under-new-proposals-euro-weekly-news\\\/#breadcrumb\"},\"inLanguage\":\"en-US\",\"potentialAction\":[{\"@type\":\"ReadAction\",\"target\":[\"https:\\\/\\\/ubirataonline.com.br\\\/germans-could-face-wage-cuts-for-taking-sick-days-under-new-proposals-euro-weekly-news\\\/\"]}]},{\"@type\":\"ImageObject\",\"inLanguage\":\"en-US\",\"@id\":\"https:\\\/\\\/ubirataonline.com.br\\\/germans-could-face-wage-cuts-for-taking-sick-days-under-new-proposals-euro-weekly-news\\\/#primaryimage\",\"url\":\"https:\\\/\\\/ubirataonline.com.br\\\/wp-content\\\/uploads\\\/2026\\\/04\\\/Germans-could-face-wage-cuts-for-taking-sick-days-under.png\",\"contentUrl\":\"https:\\\/\\\/ubirataonline.com.br\\\/wp-content\\\/uploads\\\/2026\\\/04\\\/Germans-could-face-wage-cuts-for-taking-sick-days-under.png\",\"width\":1342,\"height\":892,\"caption\":\"Germans could face wage cuts for taking sick days under new proposals \u00ab Euro Weekly News\"},{\"@type\":\"BreadcrumbList\",\"@id\":\"https:\\\/\\\/ubirataonline.com.br\\\/germans-could-face-wage-cuts-for-taking-sick-days-under-new-proposals-euro-weekly-news\\\/#breadcrumb\",\"itemListElement\":[{\"@type\":\"ListItem\",\"position\":1,\"name\":\"In\u00edcio\",\"item\":\"https:\\\/\\\/ubirataonline.com.br\\\/\"},{\"@type\":\"ListItem\",\"position\":2,\"name\":\"Germans could face wage cuts for taking sick days under new proposals \u00ab Euro Weekly News\"}]},{\"@type\":\"WebSite\",\"@id\":\"https:\\\/\\\/ubirataonline.com.br\\\/#website\",\"url\":\"https:\\\/\\\/ubirataonline.com.br\\\/\",\"name\":\"Ubirat\u00e3 Online Not\u00edcias\",\"description\":\"Not\u00edcias de Ubirat\u00e3, regi\u00e3o, Brasil e mundo, com informa\u00e7\u00e3o atualizada e compromisso com o leitor.\",\"publisher\":{\"@id\":\"https:\\\/\\\/ubirataonline.com.br\\\/#organization\"},\"alternateName\":\"Ubirat\u00e3 Online\",\"potentialAction\":[{\"@type\":\"SearchAction\",\"target\":{\"@type\":\"EntryPoint\",\"urlTemplate\":\"https:\\\/\\\/ubirataonline.com.br\\\/?s={search_term_string}\"},\"query-input\":{\"@type\":\"PropertyValueSpecification\",\"valueRequired\":true,\"valueName\":\"search_term_string\"}}],\"inLanguage\":\"en-US\"},{\"@type\":[\"Organization\",\"Place\"],\"@id\":\"https:\\\/\\\/ubirataonline.com.br\\\/#organization\",\"name\":\"Ubirat\u00e3 Online Not\u00edcias\",\"alternateName\":\"Ubirat\u00e3 Online\",\"url\":\"https:\\\/\\\/ubirataonline.com.br\\\/\",\"logo\":{\"@id\":\"https:\\\/\\\/ubirataonline.com.br\\\/germans-could-face-wage-cuts-for-taking-sick-days-under-new-proposals-euro-weekly-news\\\/#local-main-organization-logo\"},\"image\":{\"@id\":\"https:\\\/\\\/ubirataonline.com.br\\\/germans-could-face-wage-cuts-for-taking-sick-days-under-new-proposals-euro-weekly-news\\\/#local-main-organization-logo\"},\"sameAs\":[\"https:\\\/\\\/www.facebook.com\\\/portalubirataonline\",\"https:\\\/\\\/x.com\\\/ubirataonline\",\"https:\\\/\\\/mastodon.social\\\/@ubirataonline\",\"https:\\\/\\\/www.facebook.com\\\/groups\\\/311144672285604\",\"https:\\\/\\\/www.facebook.com\\\/UBTAOnline\",\"https:\\\/\\\/www.instagram.com\\\/portalubirataonline\\\/\",\"https:\\\/\\\/twitter.com\\\/ubirataonline\"],\"description\":\"Somos um portal de not\u00edcias independente, criado em 5 de janeiro de 2009, com o objetivo de informar, conectar e valorizar a nossa comunidade de Ubirat\u00e3 e toda aregi\u00e3o. Com conte\u00fado atualizado, confi\u00e1vel e relevante, o Ubirat\u00e3 Online \u00e9 o seu espa\u00e7o para ficar por dentro dos principais acontecimentos locais, regionais, Brasil, Mundo e de interesse geral. Nosso compromisso \u00e9 com a verdade, a transpar\u00eancia e o respeito ao leitor.\",\"legalName\":\"UBIRATA ONLINE NOT\u00cdCIAS\",\"foundingDate\":\"2009-01-05\",\"numberOfEmployees\":{\"@type\":\"QuantitativeValue\",\"minValue\":\"1\",\"maxValue\":\"10\"},\"publishingPrinciples\":\"https:\\\/\\\/ubirataonline.com.br\\\/faq\\\/\",\"address\":{\"@id\":\"https:\\\/\\\/ubirataonline.com.br\\\/germans-could-face-wage-cuts-for-taking-sick-days-under-new-proposals-euro-weekly-news\\\/#local-main-place-address\"},\"geo\":{\"@type\":\"GeoCoordinates\",\"latitude\":\"-24.5361401\",\"longitude\":\"-52.9921776\"},\"telephone\":[\"+5544998308235\"],\"contactPoint\":{\"@type\":\"ContactPoint\",\"email\":\"contato@ubirataonline.com.br\"},\"openingHoursSpecification\":{\"@type\":\"OpeningHoursSpecification\",\"dayOfWeek\":[\"Monday\",\"Tuesday\",\"Wednesday\",\"Thursday\",\"Friday\",\"Saturday\",\"Sunday\"],\"opens\":\"00:00\",\"closes\":\"23:59\"},\"email\":\"contato@ubirataonline.com.br\",\"vatID\":\"47.621.418\\\/0001-80\"},{\"@type\":\"Person\",\"@id\":\"https:\\\/\\\/ubirataonline.com.br\\\/#\\\/schema\\\/person\\\/372f87bbd3fdd79b8556b84c98d0bc1c\",\"name\":\"REDA\u00c7\u00c3O: UBIRAT\u00c3 ONLINE - F\u00c1BIO AUGUSTO CELESTINO\",\"pronouns\":\"Ele\",\"description\":\"Desde 2003 trabalhando com not\u00edcias.\",\"sameAs\":[\"http:\\\/\\\/ubirataoline.com.br\",\"https:\\\/\\\/www.facebook.com\\\/portalubirataonline\",\"https:\\\/\\\/www.instagram.com\\\/ubirataonline_oficial\",\"https:\\\/\\\/x.com\\\/x.com\\\/ubirataonline\"],\"honorificPrefix\":\"Mr.\",\"honorificSuffix\":\"MD\",\"birthDate\":\"1980-06-16\",\"gender\":\"masculino\",\"award\":[\"V\u00e1rios pr\u00eamios de melhor portal da cidade\"],\"jobTitle\":\"Diretor\",\"url\":\"https:\\\/\\\/ubirataonline.com.br\\\/en\\\/author\\\/ubirataonline\\\/\"},{\"@type\":\"PostalAddress\",\"@id\":\"https:\\\/\\\/ubirataonline.com.br\\\/germans-could-face-wage-cuts-for-taking-sick-days-under-new-proposals-euro-weekly-news\\\/#local-main-place-address\",\"streetAddress\":\"Rua dos Coqueiros, 104 - Bairro Boa Vista, Rua dos Coqueiros, 104 Bairro Boa Vista\",\"addressLocality\":\"UBIRATA\",\"postalCode\":\"85440-000\",\"addressRegion\":\"PR\",\"addressCountry\":\"BR\"},{\"@type\":\"ImageObject\",\"inLanguage\":\"en-US\",\"@id\":\"https:\\\/\\\/ubirataonline.com.br\\\/germans-could-face-wage-cuts-for-taking-sick-days-under-new-proposals-euro-weekly-news\\\/#local-main-organization-logo\",\"url\":\"https:\\\/\\\/ubirataonline.com.br\\\/wp-content\\\/uploads\\\/2026\\\/06\\\/logoubirataonline-1.webp\",\"contentUrl\":\"https:\\\/\\\/ubirataonline.com.br\\\/wp-content\\\/uploads\\\/2026\\\/06\\\/logoubirataonline-1.webp\",\"width\":500,\"height\":500,\"caption\":\"Ubirat\u00e3 Online Not\u00edcias\"}]}<\/script>\n<meta name=\"geo.placename\" content=\"UBIRATA\" \/>\n<meta name=\"geo.position\" content=\"-24.5361401;-52.9921776\" \/>\n<meta name=\"geo.region\" content=\"Brazil\" \/>\n<!-- \/ Yoast SEO Premium plugin. -->","yoast_head_json":{"title":"Germans could face wage cuts for taking sick days under new proposals \u00ab Euro Weekly News - Ubirat\u00e3 Online Not\u00edcias - A realidade ao seu alcance!","description":"Germany has long offered stronger income protection during illness than many other countries. Photo credits: Alexander Gafarro\/Shutterstock German workers","robots":{"index":"index","follow":"follow","max-snippet":"max-snippet:-1","max-image-preview":"max-image-preview:large","max-video-preview":"max-video-preview:-1"},"canonical":"https:\/\/ubirataonline.com.br\/en\/germans-could-face-wage-cuts-for-taking-sick-days-under-new-proposals-euro-weekly-news\/","og_locale":"en_US","og_type":"article","og_title":"Germans could face wage cuts for taking sick days under new proposals \u00ab Euro Weekly News","og_description":"Germany has long offered stronger income protection during illness than many other countries. Photo credits: Alexander Gafarro\/Shutterstock German workers","og_url":"https:\/\/ubirataonline.com.br\/en\/germans-could-face-wage-cuts-for-taking-sick-days-under-new-proposals-euro-weekly-news\/","og_site_name":"Ubirat\u00e3 Online Not\u00edcias - A realidade ao seu alcance!","article_publisher":"https:\/\/www.facebook.com\/portalubirataonline","article_author":"https:\/\/www.facebook.com\/portalubirataonline","article_published_time":"2026-04-16T13:27:40+00:00","article_modified_time":"2026-04-16T13:27:47+00:00","og_image":[{"width":768,"height":510,"url":"https:\/\/ubirataonline.com.br\/wp-content\/uploads\/2026\/04\/Germans-could-face-wage-cuts-for-taking-sick-days-under-768x510.png","type":"image\/png"}],"author":"REDA\u00c7\u00c3O: UBIRAT\u00c3 ONLINE - F\u00c1BIO AUGUSTO CELESTINO","twitter_card":"summary_large_image","twitter_creator":"@x.com\/ubirataonline","twitter_site":"@ubirataonline","twitter_misc":{"Written by":"REDA\u00c7\u00c3O: UBIRAT\u00c3 ONLINE - F\u00c1BIO AUGUSTO CELESTINO","Est. reading time":"3 minutes"},"schema":{"@context":"https:\/\/schema.org","@graph":[{"@type":"NewsArticle","@id":"https:\/\/ubirataonline.com.br\/germans-could-face-wage-cuts-for-taking-sick-days-under-new-proposals-euro-weekly-news\/#article","isPartOf":{"@id":"https:\/\/ubirataonline.com.br\/germans-could-face-wage-cuts-for-taking-sick-days-under-new-proposals-euro-weekly-news\/"},"author":{"name":"REDA\u00c7\u00c3O: UBIRAT\u00c3 ONLINE - F\u00c1BIO AUGUSTO CELESTINO","@id":"https:\/\/ubirataonline.com.br\/#\/schema\/person\/372f87bbd3fdd79b8556b84c98d0bc1c"},"headline":"Germans could face wage cuts for taking sick days under new proposals \u00ab Euro Weekly News","datePublished":"2026-04-16T13:27:40+00:00","dateModified":"2026-04-16T13:27:47+00:00","mainEntityOfPage":{"@id":"https:\/\/ubirataonline.com.br\/germans-could-face-wage-cuts-for-taking-sick-days-under-new-proposals-euro-weekly-news\/"},"wordCount":709,"publisher":{"@id":"https:\/\/ubirataonline.com.br\/#organization"},"image":{"@id":"https:\/\/ubirataonline.com.br\/germans-could-face-wage-cuts-for-taking-sick-days-under-new-proposals-euro-weekly-news\/#primaryimage"},"thumbnailUrl":"https:\/\/ubirataonline.com.br\/wp-content\/uploads\/2026\/04\/Germans-could-face-wage-cuts-for-taking-sick-days-under.png","keywords":["cuts","Days","euro","Face","Germans","News","proposals","Sick","wage","Weekly"],"articleSection":["Europe"],"inLanguage":"en-US","copyrightYear":"2026","copyrightHolder":{"@id":"https:\/\/ubirataonline.com.br\/en\/#organization"}},{"@type":"WebPage","@id":"https:\/\/ubirataonline.com.br\/germans-could-face-wage-cuts-for-taking-sick-days-under-new-proposals-euro-weekly-news\/","url":"https:\/\/ubirataonline.com.br\/germans-could-face-wage-cuts-for-taking-sick-days-under-new-proposals-euro-weekly-news\/","name":"Germans could face wage cuts for taking sick days under new proposals \u00ab Euro Weekly News - Ubirat\u00e3 Online Not\u00edcias - A realidade ao seu alcance!","isPartOf":{"@id":"https:\/\/ubirataonline.com.br\/#website"},"primaryImageOfPage":{"@id":"https:\/\/ubirataonline.com.br\/germans-could-face-wage-cuts-for-taking-sick-days-under-new-proposals-euro-weekly-news\/#primaryimage"},"image":{"@id":"https:\/\/ubirataonline.com.br\/germans-could-face-wage-cuts-for-taking-sick-days-under-new-proposals-euro-weekly-news\/#primaryimage"},"thumbnailUrl":"https:\/\/ubirataonline.com.br\/wp-content\/uploads\/2026\/04\/Germans-could-face-wage-cuts-for-taking-sick-days-under.png","datePublished":"2026-04-16T13:27:40+00:00","dateModified":"2026-04-16T13:27:47+00:00","description":"Germany has long offered stronger income protection during illness than many other countries. Photo credits: Alexander Gafarro\/Shutterstock German workers","breadcrumb":{"@id":"https:\/\/ubirataonline.com.br\/germans-could-face-wage-cuts-for-taking-sick-days-under-new-proposals-euro-weekly-news\/#breadcrumb"},"inLanguage":"en-US","potentialAction":[{"@type":"ReadAction","target":["https:\/\/ubirataonline.com.br\/germans-could-face-wage-cuts-for-taking-sick-days-under-new-proposals-euro-weekly-news\/"]}]},{"@type":"ImageObject","inLanguage":"en-US","@id":"https:\/\/ubirataonline.com.br\/germans-could-face-wage-cuts-for-taking-sick-days-under-new-proposals-euro-weekly-news\/#primaryimage","url":"https:\/\/ubirataonline.com.br\/wp-content\/uploads\/2026\/04\/Germans-could-face-wage-cuts-for-taking-sick-days-under.png","contentUrl":"https:\/\/ubirataonline.com.br\/wp-content\/uploads\/2026\/04\/Germans-could-face-wage-cuts-for-taking-sick-days-under.png","width":1342,"height":892,"caption":"Germans could face wage cuts for taking sick days under new proposals \u00ab Euro Weekly News"},{"@type":"BreadcrumbList","@id":"https:\/\/ubirataonline.com.br\/germans-could-face-wage-cuts-for-taking-sick-days-under-new-proposals-euro-weekly-news\/#breadcrumb","itemListElement":[{"@type":"ListItem","position":1,"name":"In\u00edcio","item":"https:\/\/ubirataonline.com.br\/"},{"@type":"ListItem","position":2,"name":"Germans could face wage cuts for taking sick days under new proposals \u00ab Euro Weekly News"}]},{"@type":"WebSite","@id":"https:\/\/ubirataonline.com.br\/#website","url":"https:\/\/ubirataonline.com.br\/","name":"Ubirat\u00e3 Online Not\u00edcias","description":"Not\u00edcias de Ubirat\u00e3, regi\u00e3o, Brasil e mundo, com informa\u00e7\u00e3o atualizada e compromisso com o leitor.","publisher":{"@id":"https:\/\/ubirataonline.com.br\/#organization"},"alternateName":"Ubirat\u00e3 Online","potentialAction":[{"@type":"SearchAction","target":{"@type":"EntryPoint","urlTemplate":"https:\/\/ubirataonline.com.br\/?s={search_term_string}"},"query-input":{"@type":"PropertyValueSpecification","valueRequired":true,"valueName":"search_term_string"}}],"inLanguage":"en-US"},{"@type":["Organization","Place"],"@id":"https:\/\/ubirataonline.com.br\/#organization","name":"Ubirat\u00e3 Online Not\u00edcias","alternateName":"Ubirat\u00e3 Online","url":"https:\/\/ubirataonline.com.br\/","logo":{"@id":"https:\/\/ubirataonline.com.br\/germans-could-face-wage-cuts-for-taking-sick-days-under-new-proposals-euro-weekly-news\/#local-main-organization-logo"},"image":{"@id":"https:\/\/ubirataonline.com.br\/germans-could-face-wage-cuts-for-taking-sick-days-under-new-proposals-euro-weekly-news\/#local-main-organization-logo"},"sameAs":["https:\/\/www.facebook.com\/portalubirataonline","https:\/\/x.com\/ubirataonline","https:\/\/mastodon.social\/@ubirataonline","https:\/\/www.facebook.com\/groups\/311144672285604","https:\/\/www.facebook.com\/UBTAOnline","https:\/\/www.instagram.com\/portalubirataonline\/","https:\/\/twitter.com\/ubirataonline"],"description":"Somos um portal de not\u00edcias independente, criado em 5 de janeiro de 2009, com o objetivo de informar, conectar e valorizar a nossa comunidade de Ubirat\u00e3 e toda aregi\u00e3o. Com conte\u00fado atualizado, confi\u00e1vel e relevante, o Ubirat\u00e3 Online \u00e9 o seu espa\u00e7o para ficar por dentro dos principais acontecimentos locais, regionais, Brasil, Mundo e de interesse geral. Nosso compromisso \u00e9 com a verdade, a transpar\u00eancia e o respeito ao leitor.","legalName":"UBIRATA ONLINE NOT\u00cdCIAS","foundingDate":"2009-01-05","numberOfEmployees":{"@type":"QuantitativeValue","minValue":"1","maxValue":"10"},"publishingPrinciples":"https:\/\/ubirataonline.com.br\/faq\/","address":{"@id":"https:\/\/ubirataonline.com.br\/germans-could-face-wage-cuts-for-taking-sick-days-under-new-proposals-euro-weekly-news\/#local-main-place-address"},"geo":{"@type":"GeoCoordinates","latitude":"-24.5361401","longitude":"-52.9921776"},"telephone":["+5544998308235"],"contactPoint":{"@type":"ContactPoint","email":"contato@ubirataonline.com.br"},"openingHoursSpecification":{"@type":"OpeningHoursSpecification","dayOfWeek":["Monday","Tuesday","Wednesday","Thursday","Friday","Saturday","Sunday"],"opens":"00:00","closes":"23:59"},"email":"contato@ubirataonline.com.br","vatID":"47.621.418\/0001-80"},{"@type":"Person","@id":"https:\/\/ubirataonline.com.br\/#\/schema\/person\/372f87bbd3fdd79b8556b84c98d0bc1c","name":"REDA\u00c7\u00c3O: UBIRAT\u00c3 ONLINE - F\u00c1BIO AUGUSTO CELESTINO","pronouns":"Ele","description":"Desde 2003 trabalhando com not\u00edcias.","sameAs":["http:\/\/ubirataoline.com.br","https:\/\/www.facebook.com\/portalubirataonline","https:\/\/www.instagram.com\/ubirataonline_oficial","https:\/\/x.com\/x.com\/ubirataonline"],"honorificPrefix":"Mr.","honorificSuffix":"MD","birthDate":"1980-06-16","gender":"masculino","award":["V\u00e1rios pr\u00eamios de melhor portal da cidade"],"jobTitle":"Diretor","url":"https:\/\/ubirataonline.com.br\/en\/author\/ubirataonline\/"},{"@type":"PostalAddress","@id":"https:\/\/ubirataonline.com.br\/germans-could-face-wage-cuts-for-taking-sick-days-under-new-proposals-euro-weekly-news\/#local-main-place-address","streetAddress":"Rua dos Coqueiros, 104 - Bairro Boa Vista, Rua dos Coqueiros, 104 Bairro Boa Vista","addressLocality":"UBIRATA","postalCode":"85440-000","addressRegion":"PR","addressCountry":"BR"},{"@type":"ImageObject","inLanguage":"en-US","@id":"https:\/\/ubirataonline.com.br\/germans-could-face-wage-cuts-for-taking-sick-days-under-new-proposals-euro-weekly-news\/#local-main-organization-logo","url":"https:\/\/ubirataonline.com.br\/wp-content\/uploads\/2026\/06\/logoubirataonline-1.webp","contentUrl":"https:\/\/ubirataonline.com.br\/wp-content\/uploads\/2026\/06\/logoubirataonline-1.webp","width":500,"height":500,"caption":"Ubirat\u00e3 Online Not\u00edcias"}]},"geo.placename":"UBIRATA","geo.position":{"lat":"-24.5361401","long":"-52.9921776"},"geo.region":"Brazil"},"_links":{"self":[{"href":"https:\/\/ubirataonline.com.br\/en\/wp-json\/wp\/v2\/posts\/108966","targetHints":{"allow":["GET"]}}],"collection":[{"href":"https:\/\/ubirataonline.com.br\/en\/wp-json\/wp\/v2\/posts"}],"about":[{"href":"https:\/\/ubirataonline.com.br\/en\/wp-json\/wp\/v2\/types\/post"}],"author":[{"embeddable":true,"href":"https:\/\/ubirataonline.com.br\/en\/wp-json\/wp\/v2\/users\/1"}],"replies":[{"embeddable":true,"href":"https:\/\/ubirataonline.com.br\/en\/wp-json\/wp\/v2\/comments?post=108966"}],"version-history":[{"count":0,"href":"https:\/\/ubirataonline.com.br\/en\/wp-json\/wp\/v2\/posts\/108966\/revisions"}],"wp:featuredmedia":[{"embeddable":true,"href":"https:\/\/ubirataonline.com.br\/en\/wp-json\/wp\/v2\/media\/108968"}],"wp:attachment":[{"href":"https:\/\/ubirataonline.com.br\/en\/wp-json\/wp\/v2\/media?parent=108966"}],"wp:term":[{"taxonomy":"category","embeddable":true,"href":"https:\/\/ubirataonline.com.br\/en\/wp-json\/wp\/v2\/categories?post=108966"},{"taxonomy":"post_tag","embeddable":true,"href":"https:\/\/ubirataonline.com.br\/en\/wp-json\/wp\/v2\/tags?post=108966"}],"curies":[{"name":"wp","href":"https:\/\/api.w.org\/{rel}","templated":true}]}}