{"id":108967,"date":"2026-04-16T10:27:42","date_gmt":"2026-04-16T13:27:42","guid":{"rendered":"https:\/\/ubirataonline.com.br\/bukele-signs-reforms-allowing-life-prison-sentences-for-people-as-young-as-12-npr\/"},"modified":"2026-04-16T10:27:46","modified_gmt":"2026-04-16T13:27:46","slug":"bukele-signs-reforms-allowing-life-prison-sentences-for-people-as-young-as-12-npr","status":"publish","type":"post","link":"https:\/\/ubirataonline.com.br\/en\/bukele-signs-reforms-allowing-life-prison-sentences-for-people-as-young-as-12-npr\/","title":{"rendered":"Bukele signs reforms allowing life prison sentences for people as young as 12 : NPR"},"content":{"rendered":"<p><\/p>\n<div id=\"storytext\">\n<div id=\"resg-s1-117614\" class=\"bucketwrap image large\">\n<div class=\"imagewrap has-source-dimensions\" data-crop-type=\"\" style=\"&#10;        --source-width: 4498;&#10;        --source-height: 2999;&#10;    \">\n        <picture><source srcset=\"https:\/\/npr.brightspotcdn.com\/dims3\/default\/strip\/false\/crop\/4498x2999+0+0\/resize\/400\/quality\/85\/format\/webp\/?url=http%3A%2F%2Fnpr-brightspot.s3.amazonaws.com%2F9b%2F32%2F49e915564a0d8b171868b145b618%2Fap26055795821188.jpg 400w,&#10;https:\/\/npr.brightspotcdn.com\/dims3\/default\/strip\/false\/crop\/4498x2999+0+0\/resize\/600\/quality\/85\/format\/webp\/?url=http%3A%2F%2Fnpr-brightspot.s3.amazonaws.com%2F9b%2F32%2F49e915564a0d8b171868b145b618%2Fap26055795821188.jpg 600w,&#10;https:\/\/npr.brightspotcdn.com\/dims3\/default\/strip\/false\/crop\/4498x2999+0+0\/resize\/800\/quality\/85\/format\/webp\/?url=http%3A%2F%2Fnpr-brightspot.s3.amazonaws.com%2F9b%2F32%2F49e915564a0d8b171868b145b618%2Fap26055795821188.jpg 800w,&#10;https:\/\/npr.brightspotcdn.com\/dims3\/default\/strip\/false\/crop\/4498x2999+0+0\/resize\/900\/quality\/85\/format\/webp\/?url=http%3A%2F%2Fnpr-brightspot.s3.amazonaws.com%2F9b%2F32%2F49e915564a0d8b171868b145b618%2Fap26055795821188.jpg 900w,&#10;https:\/\/npr.brightspotcdn.com\/dims3\/default\/strip\/false\/crop\/4498x2999+0+0\/resize\/1200\/quality\/85\/format\/webp\/?url=http%3A%2F%2Fnpr-brightspot.s3.amazonaws.com%2F9b%2F32%2F49e915564a0d8b171868b145b618%2Fap26055795821188.jpg 1200w,&#10;https:\/\/npr.brightspotcdn.com\/dims3\/default\/strip\/false\/crop\/4498x2999+0+0\/resize\/1600\/quality\/85\/format\/webp\/?url=http%3A%2F%2Fnpr-brightspot.s3.amazonaws.com%2F9b%2F32%2F49e915564a0d8b171868b145b618%2Fap26055795821188.jpg 1600w,&#10;https:\/\/npr.brightspotcdn.com\/dims3\/default\/strip\/false\/crop\/4498x2999+0+0\/resize\/1800\/quality\/85\/format\/webp\/?url=http%3A%2F%2Fnpr-brightspot.s3.amazonaws.com%2F9b%2F32%2F49e915564a0d8b171868b145b618%2Fap26055795821188.jpg 1800w\" data-template=\"https:\/\/npr.brightspotcdn.com\/dims3\/default\/strip\/false\/crop\/4498x2999+0+0\/resize\/{width}\/quality\/{quality}\/format\/{format}\/?url=http%3A%2F%2Fnpr-brightspot.s3.amazonaws.com%2F9b%2F32%2F49e915564a0d8b171868b145b618%2Fap26055795821188.jpg\" sizes=\"(min-width: 1025px) 650px, calc(100vw - 30px)\" class=\"img\" type=\"image\/webp\"\/><source srcset=\"https:\/\/npr.brightspotcdn.com\/dims3\/default\/strip\/false\/crop\/4498x2999+0+0\/resize\/400\/quality\/85\/format\/jpeg\/?url=http%3A%2F%2Fnpr-brightspot.s3.amazonaws.com%2F9b%2F32%2F49e915564a0d8b171868b145b618%2Fap26055795821188.jpg 400w,&#10;https:\/\/npr.brightspotcdn.com\/dims3\/default\/strip\/false\/crop\/4498x2999+0+0\/resize\/600\/quality\/85\/format\/jpeg\/?url=http%3A%2F%2Fnpr-brightspot.s3.amazonaws.com%2F9b%2F32%2F49e915564a0d8b171868b145b618%2Fap26055795821188.jpg 600w,&#10;https:\/\/npr.brightspotcdn.com\/dims3\/default\/strip\/false\/crop\/4498x2999+0+0\/resize\/800\/quality\/85\/format\/jpeg\/?url=http%3A%2F%2Fnpr-brightspot.s3.amazonaws.com%2F9b%2F32%2F49e915564a0d8b171868b145b618%2Fap26055795821188.jpg 800w,&#10;https:\/\/npr.brightspotcdn.com\/dims3\/default\/strip\/false\/crop\/4498x2999+0+0\/resize\/900\/quality\/85\/format\/jpeg\/?url=http%3A%2F%2Fnpr-brightspot.s3.amazonaws.com%2F9b%2F32%2F49e915564a0d8b171868b145b618%2Fap26055795821188.jpg 900w,&#10;https:\/\/npr.brightspotcdn.com\/dims3\/default\/strip\/false\/crop\/4498x2999+0+0\/resize\/1200\/quality\/85\/format\/jpeg\/?url=http%3A%2F%2Fnpr-brightspot.s3.amazonaws.com%2F9b%2F32%2F49e915564a0d8b171868b145b618%2Fap26055795821188.jpg 1200w,&#10;https:\/\/npr.brightspotcdn.com\/dims3\/default\/strip\/false\/crop\/4498x2999+0+0\/resize\/1600\/quality\/85\/format\/jpeg\/?url=http%3A%2F%2Fnpr-brightspot.s3.amazonaws.com%2F9b%2F32%2F49e915564a0d8b171868b145b618%2Fap26055795821188.jpg 1600w,&#10;https:\/\/npr.brightspotcdn.com\/dims3\/default\/strip\/false\/crop\/4498x2999+0+0\/resize\/1800\/quality\/85\/format\/jpeg\/?url=http%3A%2F%2Fnpr-brightspot.s3.amazonaws.com%2F9b%2F32%2F49e915564a0d8b171868b145b618%2Fap26055795821188.jpg 1800w\" data-template=\"https:\/\/npr.brightspotcdn.com\/dims3\/default\/strip\/false\/crop\/4498x2999+0+0\/resize\/{width}\/quality\/{quality}\/format\/{format}\/?url=http%3A%2F%2Fnpr-brightspot.s3.amazonaws.com%2F9b%2F32%2F49e915564a0d8b171868b145b618%2Fap26055795821188.jpg\" sizes=\"(min-width: 1025px) 650px, calc(100vw - 30px)\" class=\"img\" type=\"image\/jpeg\"\/><\/picture>\n<\/div>\n<div class=\"credit-caption\">\n<div class=\"caption-wrap\">\n<div class=\"caption\" aria-label=\"Image caption\">\n<p>\n                El presidente de El Salvador, Nayib Bukele, habla durante una conferencia de prensa con el presidente electo de Chile en el palacio presidencial en San Salvador, El Salvador, el viernes 30 de enero de 2026.<br \/>\n                <b class=\"credit\" aria-label=\"Image credit\"><\/p>\n<p>                    Salvador Melendez\/AP<\/p>\n<p>                <\/b><br \/>\n                <b class=\"hide-caption\"><b>hide caption<\/b><\/b>\n            <\/p>\n<\/p><\/div>\n<p>            <b class=\"toggle-caption\"><b>toggle caption<\/b><\/b>\n    <\/div>\n<p>    <span class=\"credit\" aria-label=\"Image credit\"><\/p>\n<p>        Salvador Melendez\/AP<\/p>\n<p>    <\/span>\n<\/div>\n<\/p><\/div>\n<p>SAN SALVADOR \u2014 Salvadoran President Nayib Bukele on Wednesday signed into law constitutional reforms to permit life prison sentences for people as young as 12, a contentious reform that follows other heavy-handed measures pushed through by the populist leader.<\/p>\n<p><!-- END ID=\"RESG-S1-117613-100\" CLASS=\"BUCKETWRAP INTERNALLINK INSETTWOCOLUMN INSET2COL \" --><\/p>\n<p>The change was passed last month by the Legislative Assembly, which is controlled by Bukele&#8217;s party, and would apply to people convicted of committing or acting as an accomplice to crimes including homicide, femicide, rape and gang membership. The measure was pushed forward by Bukele&#8217;s cabinet.<\/p>\n<p>Previously, the maximum sentence in El Salvador was 60 years for adults and less for youths. The reforms slated to take effect April 26 would create new criminal courts to try cases. They also stipulate a mandatory review of life terms decades into the sentences, depending on the age of the convict and the gravity of their crimes.<\/p>\n<aside id=\"ad-backstage-wrap\" class=\"ad-wrap backstage\" aria-label=\"advertisement\">\n<\/aside>\n<p>Critics say the reforms are just the latest harsh move by Bukele more than four years into his war on gangs.<\/p>\n<p>Following a burst of gang violence in 2022, Bukele announced a then-temporary state of emergency, which has become the new normal in the Central American nation as it&#8217;s been extended for years. He suspended constitutional rights and locked up more than 1% of El Salvador&#8217;s population, often on vague charges with little evidence. Prisoners are often judged in mass trials and lawyers regularly lose track of where their clients are.<\/p>\n<p>In one mass trial last year, alleged gang members were handed sentences of hundreds of years.<\/p>\n<p>Officials in Bukele&#8217;s government have previously vowed that gang members detained &#8220;will never return&#8221; to the streets.<\/p>\n<p>Under the crackdown, Bukele&#8217;s government has detained around 91,650 people in El Salvador. Bukele has said that less than 10% of those people have been released.<\/p>\n<p>It&#8217;s fueled accusations of human rights abuses and arbitrary detention, but also sharply dipped homicide rates in a country long terrorized by gangs, handing Bukele soaring popularity levels.<\/p>\n<p>The right-wing ally of U.S. President Donald Trump has been fiercely criticized for weakening checks and balances and undermining El Salvador&#8217;s fragile democracy.<\/p>\n<div id=\"resg-s1-117613-101\" class=\"bucketwrap internallink insettwocolumn inset2col\">\n<div class=\"bucket img\">\n                  <a class=\"imagewrap\" id=\"featuredStackSquareImagenx-s1-5361119\" href=\"https:\/\/www.npr.org\/2025\/04\/14\/nx-s1-5361119\/the-worlds-coolest-dictator-heads-to-the-white-house\" data-metrics-ga4=\"{&quot;category&quot;:&quot;recirculation&quot;,&quot;action&quot;:&quot;story_recirculation_click&quot;,&quot;clickType&quot;:&quot;inset box&quot;,&quot;clickUrl&quot;:&quot;https:\/\/www.npr.org\/2025\/04\/14\/nx-s1-5361119\/the-worlds-coolest-dictator-heads-to-the-white-house&quot;}\"><picture><source srcset=\"https:\/\/npr.brightspotcdn.com\/dims3\/default\/strip\/false\/crop\/2984x2984+748+0\/resize\/100\/quality\/85\/format\/jpeg\/?url=http%3A%2F%2Fnpr-brightspot.s3.amazonaws.com%2F22%2Fea%2Fe902864e43ce99f9d8a811a2350a%2Fgettyimages-1171053993.jpg\" data-original=\"https:\/\/npr.brightspotcdn.com\/dims3\/default\/strip\/false\/crop\/2984x2984+748+0\/resize\/100\/quality\/100\/format\/jpeg\/?url=http%3A%2F%2Fnpr-brightspot.s3.amazonaws.com%2F22%2Fea%2Fe902864e43ce99f9d8a811a2350a%2Fgettyimages-1171053993.jpg\" data-template=\"https:\/\/npr.brightspotcdn.com\/dims3\/default\/strip\/false\/crop\/2984x2984+748+0\/resize\/{width}\/quality\/{quality}\/format\/{format}\/?url=http%3A%2F%2Fnpr-brightspot.s3.amazonaws.com%2F22%2Fea%2Fe902864e43ce99f9d8a811a2350a%2Fgettyimages-1171053993.jpg\" data-format=\"webp\" class=\"img lazyOnLoad\" type=\"image\/webp\"\/><source srcset=\"https:\/\/npr.brightspotcdn.com\/dims3\/default\/strip\/false\/crop\/2984x2984+748+0\/resize\/100\/quality\/85\/format\/jpeg\/?url=http%3A%2F%2Fnpr-brightspot.s3.amazonaws.com%2F22%2Fea%2Fe902864e43ce99f9d8a811a2350a%2Fgettyimages-1171053993.jpg\" data-original=\"https:\/\/npr.brightspotcdn.com\/dims3\/default\/strip\/false\/crop\/2984x2984+748+0\/resize\/100\/quality\/100\/format\/jpeg\/?url=http%3A%2F%2Fnpr-brightspot.s3.amazonaws.com%2F22%2Fea%2Fe902864e43ce99f9d8a811a2350a%2Fgettyimages-1171053993.jpg\" data-template=\"https:\/\/npr.brightspotcdn.com\/dims3\/default\/strip\/false\/crop\/2984x2984+748+0\/resize\/{width}\/quality\/{quality}\/format\/{format}\/?url=http%3A%2F%2Fnpr-brightspot.s3.amazonaws.com%2F22%2Fea%2Fe902864e43ce99f9d8a811a2350a%2Fgettyimages-1171053993.jpg\" data-format=\"jpeg\" class=\"img lazyOnLoad\" type=\"image\/jpeg\"\/><img decoding=\"async\" src=\"https:\/\/npr.brightspotcdn.com\/dims3\/default\/strip\/false\/crop\/2984x2984+748+0\/resize\/100\/quality\/100\/format\/jpeg\/?url=http%3A%2F%2Fnpr-brightspot.s3.amazonaws.com%2F22%2Fea%2Fe902864e43ce99f9d8a811a2350a%2Fgettyimages-1171053993.jpg\" data-template=\"https:\/\/npr.brightspotcdn.com\/dims3\/default\/strip\/false\/crop\/2984x2984+748+0\/resize\/{width}\/quality\/{quality}\/format\/{format}\/?url=http%3A%2F%2Fnpr-brightspot.s3.amazonaws.com%2F22%2Fea%2Fe902864e43ce99f9d8a811a2350a%2Fgettyimages-1171053993.jpg\" data-format=\"jpeg\" class=\"img lazyOnLoad\" alt=\"President Trump and President Nayib Bukele of El Salvador hold a meeting in New York on Sept.25, 2019, on the sidelines of the United Nations General Assembly.\" loading=\"lazy\"\/><\/picture><\/a>         <\/p>\n<p><!-- END CLASS=\"BUCKETBLOCK\" -->\n      <\/div>\n<p><!-- END CLASS=\"BUCKET IMG\" -->\n   <\/div>\n<p><!-- END ID=\"RESG-S1-117613-101\" CLASS=\"BUCKETWRAP INTERNALLINK INSETTWOCOLUMN INSET2COL \" --><\/p>\n<p>The sentencing changes are the latest in a slew of constitutional reforms jammed through by Bukele and his allies. Last year, the government pushed through one of its most contentious reforms that would eliminate presidential term limits, paving the way for Bukele to remain in power indefinitely.<\/p>\n<p>Emboldened by Bukele&#8217;s alliance with U.S. President Donald Trump, the government has also gone after its enemies, detaining critics and activists, and increasingly forcing journalists and opposition voices to choose between exile or prison.<\/p>\n<aside id=\"ad-secondary-wrap\" class=\"ad-wrap secondary\" aria-label=\"advertisement\">\n<\/aside>\n<p>Human rights organizations have documented cases of arbitrary detentions for years, and one of them even filed a complaint before the Inter-American Commission on Human Rights, stating that the vast majority of those imprisoned under the state of emergency were detained arbitrarily, something the leader denies.<\/p>\n<\/div>\n<p><a href=\"https:\/\/www.npr.org\/2026\/04\/16\/g-s1-117613\/bukele-life-prison-sentences-for-people-as-young-as-12\">Source link <\/a><\/p>","protected":false},"excerpt":{"rendered":"<p>El presidente de El Salvador, Nayib Bukele, habla durante una conferencia de prensa con el presidente electo de Chile en el palacio presidencial en San Salvador, El Salvador, el viernes 30 de enero de 2026. Salvador Melendez\/AP hide caption toggle caption Salvador Melendez\/AP SAN SALVADOR \u2014 Salvadoran President Nayib Bukele on Wednesday signed into law [&hellip;]<\/p>\n","protected":false},"author":1,"featured_media":108969,"comment_status":"closed","ping_status":"","sticky":false,"template":"","format":"standard","meta":{"googlesitekit_rrm_CAow2JLhCw:productID":"","_gspb_post_css":"","maa_idioma":"","maa_pais":"","footnotes":""},"categories":[1],"tags":[6628,28920,7696,4076,10956,6158,28921,28922,5195,8327],"class_list":["post-108967","post","type-post","status-publish","format-standard","has-post-thumbnail","hentry","category-ubirata","tag-allowing","tag-bukele","tag-life","tag-npr","tag-people","tag-prison","tag-reforms","tag-sentences","tag-signs","tag-young"],"blocksy_meta":[],"yoast_head":"<!-- This site is optimized with the Yoast SEO Premium plugin v27.6 (Yoast SEO v27.6) - https:\/\/yoast.com\/product\/yoast-seo-premium-wordpress\/ -->\n<title>Bukele signs reforms allowing life prison sentences for people as young as 12 : NPR - Ubirat\u00e3 Online Not\u00edcias - A realidade ao seu alcance!<\/title>\n<meta name=\"description\" content=\"El presidente de El Salvador, Nayib Bukele, habla durante una conferencia de prensa con el presidente electo de Chile en el palacio presidencial en San\" \/>\n<meta name=\"robots\" content=\"index, follow, max-snippet:-1, max-image-preview:large, max-video-preview:-1\" \/>\n<link rel=\"canonical\" href=\"https:\/\/ubirataonline.com.br\/en\/bukele-signs-reforms-allowing-life-prison-sentences-for-people-as-young-as-12-npr\/\" \/>\n<meta property=\"og:locale\" content=\"en_US\" \/>\n<meta property=\"og:type\" content=\"article\" \/>\n<meta property=\"og:title\" content=\"Bukele signs reforms allowing life prison sentences for people as young as 12 : NPR\" \/>\n<meta property=\"og:description\" content=\"El presidente de El Salvador, Nayib Bukele, habla durante una conferencia de prensa con el presidente electo de Chile en el palacio presidencial en San\" \/>\n<meta property=\"og:url\" content=\"https:\/\/ubirataonline.com.br\/en\/bukele-signs-reforms-allowing-life-prison-sentences-for-people-as-young-as-12-npr\/\" \/>\n<meta property=\"og:site_name\" content=\"Ubirat\u00e3 Online Not\u00edcias - A realidade ao seu alcance!\" \/>\n<meta property=\"article:publisher\" content=\"https:\/\/www.facebook.com\/portalubirataonline\" \/>\n<meta property=\"article:author\" content=\"https:\/\/www.facebook.com\/portalubirataonline\" \/>\n<meta property=\"article:published_time\" content=\"2026-04-16T13:27:42+00:00\" \/>\n<meta property=\"article:modified_time\" content=\"2026-04-16T13:27:46+00:00\" \/>\n<meta property=\"og:image\" content=\"https:\/\/ubirataonline.com.br\/wp-content\/uploads\/2026\/04\/Bukele-signs-reforms-allowing-life-prison-sentences-for-people-as.com2F9b2F322F49e915564a0d8b171868b145b6182Fap26055.jpeg\" \/>\n\t<meta property=\"og:image:width\" content=\"1400\" \/>\n\t<meta property=\"og:image:height\" content=\"787\" \/>\n\t<meta property=\"og:image:type\" content=\"image\/jpeg\" \/>\n<meta name=\"author\" content=\"REDA\u00c7\u00c3O: UBIRAT\u00c3 ONLINE - F\u00c1BIO AUGUSTO CELESTINO\" \/>\n<meta name=\"twitter:card\" content=\"summary_large_image\" \/>\n<meta name=\"twitter:creator\" content=\"@x.com\/ubirataonline\" \/>\n<meta name=\"twitter:site\" content=\"@ubirataonline\" \/>\n<meta name=\"twitter:label1\" content=\"Written by\" \/>\n\t<meta name=\"twitter:data1\" content=\"REDA\u00c7\u00c3O: UBIRAT\u00c3 ONLINE - F\u00c1BIO AUGUSTO CELESTINO\" \/>\n\t<meta name=\"twitter:label2\" content=\"Est. reading time\" \/>\n\t<meta name=\"twitter:data2\" content=\"3 minutes\" \/>\n<script type=\"application\/ld+json\" class=\"yoast-schema-graph\">{\"@context\":\"https:\\\/\\\/schema.org\",\"@graph\":[{\"@type\":\"NewsArticle\",\"@id\":\"https:\\\/\\\/ubirataonline.com.br\\\/bukele-signs-reforms-allowing-life-prison-sentences-for-people-as-young-as-12-npr\\\/#article\",\"isPartOf\":{\"@id\":\"https:\\\/\\\/ubirataonline.com.br\\\/bukele-signs-reforms-allowing-life-prison-sentences-for-people-as-young-as-12-npr\\\/\"},\"author\":{\"name\":\"REDA\u00c7\u00c3O: UBIRAT\u00c3 ONLINE - F\u00c1BIO AUGUSTO CELESTINO\",\"@id\":\"https:\\\/\\\/ubirataonline.com.br\\\/#\\\/schema\\\/person\\\/372f87bbd3fdd79b8556b84c98d0bc1c\"},\"headline\":\"Bukele signs reforms allowing life prison sentences for people as young as 12 : NPR\",\"datePublished\":\"2026-04-16T13:27:42+00:00\",\"dateModified\":\"2026-04-16T13:27:46+00:00\",\"mainEntityOfPage\":{\"@id\":\"https:\\\/\\\/ubirataonline.com.br\\\/bukele-signs-reforms-allowing-life-prison-sentences-for-people-as-young-as-12-npr\\\/\"},\"wordCount\":532,\"publisher\":{\"@id\":\"https:\\\/\\\/ubirataonline.com.br\\\/#organization\"},\"image\":{\"@id\":\"https:\\\/\\\/ubirataonline.com.br\\\/bukele-signs-reforms-allowing-life-prison-sentences-for-people-as-young-as-12-npr\\\/#primaryimage\"},\"thumbnailUrl\":\"https:\\\/\\\/ubirataonline.com.br\\\/wp-content\\\/uploads\\\/2026\\\/04\\\/Bukele-signs-reforms-allowing-life-prison-sentences-for-people-as.com2F9b2F322F49e915564a0d8b171868b145b6182Fap26055.jpeg\",\"keywords\":[\"allowing\",\"Bukele\",\"Life\",\"NPR\",\"people\",\"prison\",\"reforms\",\"sentences\",\"signs\",\"Young\"],\"articleSection\":[\"Ubirat\u00e3\"],\"inLanguage\":\"en-US\",\"copyrightYear\":\"2026\",\"copyrightHolder\":{\"@id\":\"https:\\\/\\\/ubirataonline.com.br\\\/en\\\/#organization\"}},{\"@type\":\"WebPage\",\"@id\":\"https:\\\/\\\/ubirataonline.com.br\\\/bukele-signs-reforms-allowing-life-prison-sentences-for-people-as-young-as-12-npr\\\/\",\"url\":\"https:\\\/\\\/ubirataonline.com.br\\\/bukele-signs-reforms-allowing-life-prison-sentences-for-people-as-young-as-12-npr\\\/\",\"name\":\"Bukele signs reforms allowing life prison sentences for people as young as 12 : NPR - Ubirat\u00e3 Online Not\u00edcias - A realidade ao seu alcance!\",\"isPartOf\":{\"@id\":\"https:\\\/\\\/ubirataonline.com.br\\\/#website\"},\"primaryImageOfPage\":{\"@id\":\"https:\\\/\\\/ubirataonline.com.br\\\/bukele-signs-reforms-allowing-life-prison-sentences-for-people-as-young-as-12-npr\\\/#primaryimage\"},\"image\":{\"@id\":\"https:\\\/\\\/ubirataonline.com.br\\\/bukele-signs-reforms-allowing-life-prison-sentences-for-people-as-young-as-12-npr\\\/#primaryimage\"},\"thumbnailUrl\":\"https:\\\/\\\/ubirataonline.com.br\\\/wp-content\\\/uploads\\\/2026\\\/04\\\/Bukele-signs-reforms-allowing-life-prison-sentences-for-people-as.com2F9b2F322F49e915564a0d8b171868b145b6182Fap26055.jpeg\",\"datePublished\":\"2026-04-16T13:27:42+00:00\",\"dateModified\":\"2026-04-16T13:27:46+00:00\",\"description\":\"El presidente de El Salvador, Nayib Bukele, habla durante una conferencia de prensa con el presidente electo de Chile en el palacio presidencial en San\",\"breadcrumb\":{\"@id\":\"https:\\\/\\\/ubirataonline.com.br\\\/bukele-signs-reforms-allowing-life-prison-sentences-for-people-as-young-as-12-npr\\\/#breadcrumb\"},\"inLanguage\":\"en-US\",\"potentialAction\":[{\"@type\":\"ReadAction\",\"target\":[\"https:\\\/\\\/ubirataonline.com.br\\\/bukele-signs-reforms-allowing-life-prison-sentences-for-people-as-young-as-12-npr\\\/\"]}]},{\"@type\":\"ImageObject\",\"inLanguage\":\"en-US\",\"@id\":\"https:\\\/\\\/ubirataonline.com.br\\\/bukele-signs-reforms-allowing-life-prison-sentences-for-people-as-young-as-12-npr\\\/#primaryimage\",\"url\":\"https:\\\/\\\/ubirataonline.com.br\\\/wp-content\\\/uploads\\\/2026\\\/04\\\/Bukele-signs-reforms-allowing-life-prison-sentences-for-people-as.com2F9b2F322F49e915564a0d8b171868b145b6182Fap26055.jpeg\",\"contentUrl\":\"https:\\\/\\\/ubirataonline.com.br\\\/wp-content\\\/uploads\\\/2026\\\/04\\\/Bukele-signs-reforms-allowing-life-prison-sentences-for-people-as.com2F9b2F322F49e915564a0d8b171868b145b6182Fap26055.jpeg\",\"width\":1400,\"height\":787,\"caption\":\"Bukele signs reforms allowing life prison sentences for people as young as 12 : NPR\"},{\"@type\":\"BreadcrumbList\",\"@id\":\"https:\\\/\\\/ubirataonline.com.br\\\/bukele-signs-reforms-allowing-life-prison-sentences-for-people-as-young-as-12-npr\\\/#breadcrumb\",\"itemListElement\":[{\"@type\":\"ListItem\",\"position\":1,\"name\":\"In\u00edcio\",\"item\":\"https:\\\/\\\/ubirataonline.com.br\\\/\"},{\"@type\":\"ListItem\",\"position\":2,\"name\":\"Bukele signs reforms allowing life prison sentences for people as young as 12 : NPR\"}]},{\"@type\":\"WebSite\",\"@id\":\"https:\\\/\\\/ubirataonline.com.br\\\/#website\",\"url\":\"https:\\\/\\\/ubirataonline.com.br\\\/\",\"name\":\"Ubirat\u00e3 Online Not\u00edcias\",\"description\":\"Not\u00edcias de Ubirat\u00e3, regi\u00e3o, Brasil e mundo, com informa\u00e7\u00e3o atualizada e compromisso com o leitor.\",\"publisher\":{\"@id\":\"https:\\\/\\\/ubirataonline.com.br\\\/#organization\"},\"alternateName\":\"Ubirat\u00e3 Online\",\"potentialAction\":[{\"@type\":\"SearchAction\",\"target\":{\"@type\":\"EntryPoint\",\"urlTemplate\":\"https:\\\/\\\/ubirataonline.com.br\\\/?s={search_term_string}\"},\"query-input\":{\"@type\":\"PropertyValueSpecification\",\"valueRequired\":true,\"valueName\":\"search_term_string\"}}],\"inLanguage\":\"en-US\"},{\"@type\":[\"Organization\",\"Place\"],\"@id\":\"https:\\\/\\\/ubirataonline.com.br\\\/#organization\",\"name\":\"Ubirat\u00e3 Online Not\u00edcias\",\"alternateName\":\"Ubirat\u00e3 Online\",\"url\":\"https:\\\/\\\/ubirataonline.com.br\\\/\",\"logo\":{\"@id\":\"https:\\\/\\\/ubirataonline.com.br\\\/bukele-signs-reforms-allowing-life-prison-sentences-for-people-as-young-as-12-npr\\\/#local-main-organization-logo\"},\"image\":{\"@id\":\"https:\\\/\\\/ubirataonline.com.br\\\/bukele-signs-reforms-allowing-life-prison-sentences-for-people-as-young-as-12-npr\\\/#local-main-organization-logo\"},\"sameAs\":[\"https:\\\/\\\/www.facebook.com\\\/portalubirataonline\",\"https:\\\/\\\/x.com\\\/ubirataonline\",\"https:\\\/\\\/mastodon.social\\\/@ubirataonline\",\"https:\\\/\\\/www.facebook.com\\\/groups\\\/311144672285604\",\"https:\\\/\\\/www.facebook.com\\\/UBTAOnline\",\"https:\\\/\\\/www.instagram.com\\\/portalubirataonline\\\/\",\"https:\\\/\\\/twitter.com\\\/ubirataonline\"],\"description\":\"Somos um portal de not\u00edcias independente, criado em 5 de janeiro de 2009, com o objetivo de informar, conectar e valorizar a nossa comunidade de Ubirat\u00e3 e toda aregi\u00e3o. Com conte\u00fado atualizado, confi\u00e1vel e relevante, o Ubirat\u00e3 Online \u00e9 o seu espa\u00e7o para ficar por dentro dos principais acontecimentos locais, regionais, Brasil, Mundo e de interesse geral. Nosso compromisso \u00e9 com a verdade, a transpar\u00eancia e o respeito ao leitor.\",\"legalName\":\"UBIRATA ONLINE NOT\u00cdCIAS\",\"foundingDate\":\"2009-01-05\",\"numberOfEmployees\":{\"@type\":\"QuantitativeValue\",\"minValue\":\"1\",\"maxValue\":\"10\"},\"publishingPrinciples\":\"https:\\\/\\\/ubirataonline.com.br\\\/faq\\\/\",\"address\":{\"@id\":\"https:\\\/\\\/ubirataonline.com.br\\\/bukele-signs-reforms-allowing-life-prison-sentences-for-people-as-young-as-12-npr\\\/#local-main-place-address\"},\"geo\":{\"@type\":\"GeoCoordinates\",\"latitude\":\"-24.5361401\",\"longitude\":\"-52.9921776\"},\"telephone\":[\"+5544998308235\"],\"contactPoint\":{\"@type\":\"ContactPoint\",\"email\":\"contato@ubirataonline.com.br\"},\"openingHoursSpecification\":{\"@type\":\"OpeningHoursSpecification\",\"dayOfWeek\":[\"Monday\",\"Tuesday\",\"Wednesday\",\"Thursday\",\"Friday\",\"Saturday\",\"Sunday\"],\"opens\":\"00:00\",\"closes\":\"23:59\"},\"email\":\"contato@ubirataonline.com.br\",\"vatID\":\"47.621.418\\\/0001-80\"},{\"@type\":\"Person\",\"@id\":\"https:\\\/\\\/ubirataonline.com.br\\\/#\\\/schema\\\/person\\\/372f87bbd3fdd79b8556b84c98d0bc1c\",\"name\":\"REDA\u00c7\u00c3O: UBIRAT\u00c3 ONLINE - F\u00c1BIO AUGUSTO CELESTINO\",\"pronouns\":\"Ele\",\"description\":\"Desde 2003 trabalhando com not\u00edcias.\",\"sameAs\":[\"http:\\\/\\\/ubirataoline.com.br\",\"https:\\\/\\\/www.facebook.com\\\/portalubirataonline\",\"https:\\\/\\\/www.instagram.com\\\/ubirataonline_oficial\",\"https:\\\/\\\/x.com\\\/x.com\\\/ubirataonline\"],\"honorificPrefix\":\"Mr.\",\"honorificSuffix\":\"MD\",\"birthDate\":\"1980-06-16\",\"gender\":\"masculino\",\"award\":[\"V\u00e1rios pr\u00eamios de melhor portal da cidade\"],\"jobTitle\":\"Diretor\",\"url\":\"https:\\\/\\\/ubirataonline.com.br\\\/en\\\/author\\\/ubirataonline\\\/\"},{\"@type\":\"PostalAddress\",\"@id\":\"https:\\\/\\\/ubirataonline.com.br\\\/bukele-signs-reforms-allowing-life-prison-sentences-for-people-as-young-as-12-npr\\\/#local-main-place-address\",\"streetAddress\":\"Rua dos Coqueiros, 104 - Bairro Boa Vista, Rua dos Coqueiros, 104 Bairro Boa Vista\",\"addressLocality\":\"UBIRATA\",\"postalCode\":\"85440-000\",\"addressRegion\":\"PR\",\"addressCountry\":\"BR\"},{\"@type\":\"ImageObject\",\"inLanguage\":\"en-US\",\"@id\":\"https:\\\/\\\/ubirataonline.com.br\\\/bukele-signs-reforms-allowing-life-prison-sentences-for-people-as-young-as-12-npr\\\/#local-main-organization-logo\",\"url\":\"https:\\\/\\\/ubirataonline.com.br\\\/wp-content\\\/uploads\\\/2026\\\/06\\\/logoubirataonline-1.webp\",\"contentUrl\":\"https:\\\/\\\/ubirataonline.com.br\\\/wp-content\\\/uploads\\\/2026\\\/06\\\/logoubirataonline-1.webp\",\"width\":500,\"height\":500,\"caption\":\"Ubirat\u00e3 Online Not\u00edcias\"}]}<\/script>\n<meta name=\"geo.placename\" content=\"UBIRATA\" \/>\n<meta name=\"geo.position\" content=\"-24.5361401;-52.9921776\" \/>\n<meta name=\"geo.region\" content=\"Brazil\" \/>\n<!-- \/ Yoast SEO Premium plugin. -->","yoast_head_json":{"title":"Bukele signs reforms allowing life prison sentences for people as young as 12 : NPR - Ubirat\u00e3 Online Not\u00edcias - A realidade ao seu alcance!","description":"El presidente de El Salvador, Nayib Bukele, habla durante una conferencia de prensa con el presidente electo de Chile en el palacio presidencial en San","robots":{"index":"index","follow":"follow","max-snippet":"max-snippet:-1","max-image-preview":"max-image-preview:large","max-video-preview":"max-video-preview:-1"},"canonical":"https:\/\/ubirataonline.com.br\/en\/bukele-signs-reforms-allowing-life-prison-sentences-for-people-as-young-as-12-npr\/","og_locale":"en_US","og_type":"article","og_title":"Bukele signs reforms allowing life prison sentences for people as young as 12 : NPR","og_description":"El presidente de El Salvador, Nayib Bukele, habla durante una conferencia de prensa con el presidente electo de Chile en el palacio presidencial en San","og_url":"https:\/\/ubirataonline.com.br\/en\/bukele-signs-reforms-allowing-life-prison-sentences-for-people-as-young-as-12-npr\/","og_site_name":"Ubirat\u00e3 Online Not\u00edcias - A realidade ao seu alcance!","article_publisher":"https:\/\/www.facebook.com\/portalubirataonline","article_author":"https:\/\/www.facebook.com\/portalubirataonline","article_published_time":"2026-04-16T13:27:42+00:00","article_modified_time":"2026-04-16T13:27:46+00:00","og_image":[{"width":1400,"height":787,"url":"https:\/\/ubirataonline.com.br\/wp-content\/uploads\/2026\/04\/Bukele-signs-reforms-allowing-life-prison-sentences-for-people-as.com2F9b2F322F49e915564a0d8b171868b145b6182Fap26055.jpeg","type":"image\/jpeg"}],"author":"REDA\u00c7\u00c3O: UBIRAT\u00c3 ONLINE - F\u00c1BIO AUGUSTO CELESTINO","twitter_card":"summary_large_image","twitter_creator":"@x.com\/ubirataonline","twitter_site":"@ubirataonline","twitter_misc":{"Written by":"REDA\u00c7\u00c3O: UBIRAT\u00c3 ONLINE - F\u00c1BIO AUGUSTO CELESTINO","Est. reading time":"3 minutes"},"schema":{"@context":"https:\/\/schema.org","@graph":[{"@type":"NewsArticle","@id":"https:\/\/ubirataonline.com.br\/bukele-signs-reforms-allowing-life-prison-sentences-for-people-as-young-as-12-npr\/#article","isPartOf":{"@id":"https:\/\/ubirataonline.com.br\/bukele-signs-reforms-allowing-life-prison-sentences-for-people-as-young-as-12-npr\/"},"author":{"name":"REDA\u00c7\u00c3O: UBIRAT\u00c3 ONLINE - F\u00c1BIO AUGUSTO CELESTINO","@id":"https:\/\/ubirataonline.com.br\/#\/schema\/person\/372f87bbd3fdd79b8556b84c98d0bc1c"},"headline":"Bukele signs reforms allowing life prison sentences for people as young as 12 : NPR","datePublished":"2026-04-16T13:27:42+00:00","dateModified":"2026-04-16T13:27:46+00:00","mainEntityOfPage":{"@id":"https:\/\/ubirataonline.com.br\/bukele-signs-reforms-allowing-life-prison-sentences-for-people-as-young-as-12-npr\/"},"wordCount":532,"publisher":{"@id":"https:\/\/ubirataonline.com.br\/#organization"},"image":{"@id":"https:\/\/ubirataonline.com.br\/bukele-signs-reforms-allowing-life-prison-sentences-for-people-as-young-as-12-npr\/#primaryimage"},"thumbnailUrl":"https:\/\/ubirataonline.com.br\/wp-content\/uploads\/2026\/04\/Bukele-signs-reforms-allowing-life-prison-sentences-for-people-as.com2F9b2F322F49e915564a0d8b171868b145b6182Fap26055.jpeg","keywords":["allowing","Bukele","Life","NPR","people","prison","reforms","sentences","signs","Young"],"articleSection":["Ubirat\u00e3"],"inLanguage":"en-US","copyrightYear":"2026","copyrightHolder":{"@id":"https:\/\/ubirataonline.com.br\/en\/#organization"}},{"@type":"WebPage","@id":"https:\/\/ubirataonline.com.br\/bukele-signs-reforms-allowing-life-prison-sentences-for-people-as-young-as-12-npr\/","url":"https:\/\/ubirataonline.com.br\/bukele-signs-reforms-allowing-life-prison-sentences-for-people-as-young-as-12-npr\/","name":"Bukele signs reforms allowing life prison sentences for people as young as 12 : NPR - Ubirat\u00e3 Online Not\u00edcias - A realidade ao seu alcance!","isPartOf":{"@id":"https:\/\/ubirataonline.com.br\/#website"},"primaryImageOfPage":{"@id":"https:\/\/ubirataonline.com.br\/bukele-signs-reforms-allowing-life-prison-sentences-for-people-as-young-as-12-npr\/#primaryimage"},"image":{"@id":"https:\/\/ubirataonline.com.br\/bukele-signs-reforms-allowing-life-prison-sentences-for-people-as-young-as-12-npr\/#primaryimage"},"thumbnailUrl":"https:\/\/ubirataonline.com.br\/wp-content\/uploads\/2026\/04\/Bukele-signs-reforms-allowing-life-prison-sentences-for-people-as.com2F9b2F322F49e915564a0d8b171868b145b6182Fap26055.jpeg","datePublished":"2026-04-16T13:27:42+00:00","dateModified":"2026-04-16T13:27:46+00:00","description":"El presidente de El Salvador, Nayib Bukele, habla durante una conferencia de prensa con el presidente electo de Chile en el palacio presidencial en San","breadcrumb":{"@id":"https:\/\/ubirataonline.com.br\/bukele-signs-reforms-allowing-life-prison-sentences-for-people-as-young-as-12-npr\/#breadcrumb"},"inLanguage":"en-US","potentialAction":[{"@type":"ReadAction","target":["https:\/\/ubirataonline.com.br\/bukele-signs-reforms-allowing-life-prison-sentences-for-people-as-young-as-12-npr\/"]}]},{"@type":"ImageObject","inLanguage":"en-US","@id":"https:\/\/ubirataonline.com.br\/bukele-signs-reforms-allowing-life-prison-sentences-for-people-as-young-as-12-npr\/#primaryimage","url":"https:\/\/ubirataonline.com.br\/wp-content\/uploads\/2026\/04\/Bukele-signs-reforms-allowing-life-prison-sentences-for-people-as.com2F9b2F322F49e915564a0d8b171868b145b6182Fap26055.jpeg","contentUrl":"https:\/\/ubirataonline.com.br\/wp-content\/uploads\/2026\/04\/Bukele-signs-reforms-allowing-life-prison-sentences-for-people-as.com2F9b2F322F49e915564a0d8b171868b145b6182Fap26055.jpeg","width":1400,"height":787,"caption":"Bukele signs reforms allowing life prison sentences for people as young as 12 : NPR"},{"@type":"BreadcrumbList","@id":"https:\/\/ubirataonline.com.br\/bukele-signs-reforms-allowing-life-prison-sentences-for-people-as-young-as-12-npr\/#breadcrumb","itemListElement":[{"@type":"ListItem","position":1,"name":"In\u00edcio","item":"https:\/\/ubirataonline.com.br\/"},{"@type":"ListItem","position":2,"name":"Bukele signs reforms allowing life prison sentences for people as young as 12 : NPR"}]},{"@type":"WebSite","@id":"https:\/\/ubirataonline.com.br\/#website","url":"https:\/\/ubirataonline.com.br\/","name":"Ubirat\u00e3 Online Not\u00edcias","description":"Not\u00edcias de Ubirat\u00e3, regi\u00e3o, Brasil e mundo, com informa\u00e7\u00e3o atualizada e compromisso com o leitor.","publisher":{"@id":"https:\/\/ubirataonline.com.br\/#organization"},"alternateName":"Ubirat\u00e3 Online","potentialAction":[{"@type":"SearchAction","target":{"@type":"EntryPoint","urlTemplate":"https:\/\/ubirataonline.com.br\/?s={search_term_string}"},"query-input":{"@type":"PropertyValueSpecification","valueRequired":true,"valueName":"search_term_string"}}],"inLanguage":"en-US"},{"@type":["Organization","Place"],"@id":"https:\/\/ubirataonline.com.br\/#organization","name":"Ubirat\u00e3 Online Not\u00edcias","alternateName":"Ubirat\u00e3 Online","url":"https:\/\/ubirataonline.com.br\/","logo":{"@id":"https:\/\/ubirataonline.com.br\/bukele-signs-reforms-allowing-life-prison-sentences-for-people-as-young-as-12-npr\/#local-main-organization-logo"},"image":{"@id":"https:\/\/ubirataonline.com.br\/bukele-signs-reforms-allowing-life-prison-sentences-for-people-as-young-as-12-npr\/#local-main-organization-logo"},"sameAs":["https:\/\/www.facebook.com\/portalubirataonline","https:\/\/x.com\/ubirataonline","https:\/\/mastodon.social\/@ubirataonline","https:\/\/www.facebook.com\/groups\/311144672285604","https:\/\/www.facebook.com\/UBTAOnline","https:\/\/www.instagram.com\/portalubirataonline\/","https:\/\/twitter.com\/ubirataonline"],"description":"Somos um portal de not\u00edcias independente, criado em 5 de janeiro de 2009, com o objetivo de informar, conectar e valorizar a nossa comunidade de Ubirat\u00e3 e toda aregi\u00e3o. Com conte\u00fado atualizado, confi\u00e1vel e relevante, o Ubirat\u00e3 Online \u00e9 o seu espa\u00e7o para ficar por dentro dos principais acontecimentos locais, regionais, Brasil, Mundo e de interesse geral. Nosso compromisso \u00e9 com a verdade, a transpar\u00eancia e o respeito ao leitor.","legalName":"UBIRATA ONLINE NOT\u00cdCIAS","foundingDate":"2009-01-05","numberOfEmployees":{"@type":"QuantitativeValue","minValue":"1","maxValue":"10"},"publishingPrinciples":"https:\/\/ubirataonline.com.br\/faq\/","address":{"@id":"https:\/\/ubirataonline.com.br\/bukele-signs-reforms-allowing-life-prison-sentences-for-people-as-young-as-12-npr\/#local-main-place-address"},"geo":{"@type":"GeoCoordinates","latitude":"-24.5361401","longitude":"-52.9921776"},"telephone":["+5544998308235"],"contactPoint":{"@type":"ContactPoint","email":"contato@ubirataonline.com.br"},"openingHoursSpecification":{"@type":"OpeningHoursSpecification","dayOfWeek":["Monday","Tuesday","Wednesday","Thursday","Friday","Saturday","Sunday"],"opens":"00:00","closes":"23:59"},"email":"contato@ubirataonline.com.br","vatID":"47.621.418\/0001-80"},{"@type":"Person","@id":"https:\/\/ubirataonline.com.br\/#\/schema\/person\/372f87bbd3fdd79b8556b84c98d0bc1c","name":"REDA\u00c7\u00c3O: UBIRAT\u00c3 ONLINE - F\u00c1BIO AUGUSTO CELESTINO","pronouns":"Ele","description":"Desde 2003 trabalhando com not\u00edcias.","sameAs":["http:\/\/ubirataoline.com.br","https:\/\/www.facebook.com\/portalubirataonline","https:\/\/www.instagram.com\/ubirataonline_oficial","https:\/\/x.com\/x.com\/ubirataonline"],"honorificPrefix":"Mr.","honorificSuffix":"MD","birthDate":"1980-06-16","gender":"masculino","award":["V\u00e1rios pr\u00eamios de melhor portal da cidade"],"jobTitle":"Diretor","url":"https:\/\/ubirataonline.com.br\/en\/author\/ubirataonline\/"},{"@type":"PostalAddress","@id":"https:\/\/ubirataonline.com.br\/bukele-signs-reforms-allowing-life-prison-sentences-for-people-as-young-as-12-npr\/#local-main-place-address","streetAddress":"Rua dos Coqueiros, 104 - Bairro Boa Vista, Rua dos Coqueiros, 104 Bairro Boa Vista","addressLocality":"UBIRATA","postalCode":"85440-000","addressRegion":"PR","addressCountry":"BR"},{"@type":"ImageObject","inLanguage":"en-US","@id":"https:\/\/ubirataonline.com.br\/bukele-signs-reforms-allowing-life-prison-sentences-for-people-as-young-as-12-npr\/#local-main-organization-logo","url":"https:\/\/ubirataonline.com.br\/wp-content\/uploads\/2026\/06\/logoubirataonline-1.webp","contentUrl":"https:\/\/ubirataonline.com.br\/wp-content\/uploads\/2026\/06\/logoubirataonline-1.webp","width":500,"height":500,"caption":"Ubirat\u00e3 Online Not\u00edcias"}]},"geo.placename":"UBIRATA","geo.position":{"lat":"-24.5361401","long":"-52.9921776"},"geo.region":"Brazil"},"_links":{"self":[{"href":"https:\/\/ubirataonline.com.br\/en\/wp-json\/wp\/v2\/posts\/108967","targetHints":{"allow":["GET"]}}],"collection":[{"href":"https:\/\/ubirataonline.com.br\/en\/wp-json\/wp\/v2\/posts"}],"about":[{"href":"https:\/\/ubirataonline.com.br\/en\/wp-json\/wp\/v2\/types\/post"}],"author":[{"embeddable":true,"href":"https:\/\/ubirataonline.com.br\/en\/wp-json\/wp\/v2\/users\/1"}],"replies":[{"embeddable":true,"href":"https:\/\/ubirataonline.com.br\/en\/wp-json\/wp\/v2\/comments?post=108967"}],"version-history":[{"count":0,"href":"https:\/\/ubirataonline.com.br\/en\/wp-json\/wp\/v2\/posts\/108967\/revisions"}],"wp:featuredmedia":[{"embeddable":true,"href":"https:\/\/ubirataonline.com.br\/en\/wp-json\/wp\/v2\/media\/108969"}],"wp:attachment":[{"href":"https:\/\/ubirataonline.com.br\/en\/wp-json\/wp\/v2\/media?parent=108967"}],"wp:term":[{"taxonomy":"category","embeddable":true,"href":"https:\/\/ubirataonline.com.br\/en\/wp-json\/wp\/v2\/categories?post=108967"},{"taxonomy":"post_tag","embeddable":true,"href":"https:\/\/ubirataonline.com.br\/en\/wp-json\/wp\/v2\/tags?post=108967"}],"curies":[{"name":"wp","href":"https:\/\/api.w.org\/{rel}","templated":true}]}}