{"id":108985,"date":"2026-04-16T10:47:52","date_gmt":"2026-04-16T13:47:52","guid":{"rendered":"https:\/\/ubirataonline.com.br\/tcu-ve-farra-em-uso-de-avioes-da-fab-por-autoridades-e-manda-governo-endurecer-regras\/"},"modified":"2026-04-16T10:47:55","modified_gmt":"2026-04-16T13:47:55","slug":"tcu-ve-farra-em-uso-de-avioes-da-fab-por-autoridades-e-manda-governo-endurecer-regras","status":"publish","type":"post","link":"https:\/\/ubirataonline.com.br\/en\/tcu-ve-farra-em-uso-de-avioes-da-fab-por-autoridades-e-manda-governo-endurecer-regras\/","title":{"rendered":"TCU v\u00ea \u2018farra\u2019 em uso de avi\u00f5es da FAB por autoridades e manda governo endurecer regras"},"content":{"rendered":"<p><\/p>\n<div data-fusion-lazy-id=\"c0fU1XoBeo0W6eY\">\n<p data-component-name=\"paragraph\" class=\"styles__ParagraphStyled-sc-6adecn-0 geGWDE theme-default\">BRAS\u00cdLIA \u2013 Uma auditoria do <a href=\"https:\/\/www.estadao.com.br\/tudo-sobre\/tcu-tribunal-de-contas-da-uniao\/\" target=\"_blank\" rel=\"noreferrer\" title=\"https:\/\/www.estadao.com.br\/tudo-sobre\/tcu-tribunal-de-contas-da-uniao\/\"><strong>Tribunal de Contas da Uni\u00e3o (TCU)<\/strong><\/a> apontou uma s\u00e9rie de irregularidades na utiliza\u00e7\u00e3o de aeronaves da <a href=\"https:\/\/www.estadao.com.br\/tudo-sobre\/fab-forca-aerea-brasileira\/\" target=\"_blank\" rel=\"noreferrer\" title=\"https:\/\/www.estadao.com.br\/tudo-sobre\/fab-forca-aerea-brasileira\/\"><strong>For\u00e7a A\u00e9rea Brasileira (FAB)<\/strong><\/a> por autoridades. <\/p>\n<p data-component-name=\"paragraph\" class=\"styles__ParagraphStyled-sc-6adecn-0 geGWDE theme-default\">O tribunal determinou, nesta quarta-feira, 15, que em 30 dias a Casa Civil, o Minist\u00e9rio da Defesa e a Aeron\u00e1utica apresentem um plano de reformula\u00e7\u00e3o da estrutura regulat\u00f3ria para emprego de aeronaves. <\/p>\n<p data-component-name=\"paragraph\" class=\"styles__ParagraphStyled-sc-6adecn-0 geGWDE theme-default\">O <strong>Estad\u00e3o<\/strong> pediu manifesta\u00e7\u00e3o \u00e0s duas pastas e \u00e0 For\u00e7a, logo ap\u00f3s a sess\u00e3o do TCU. N\u00e3o houve manifesta\u00e7\u00f5es at\u00e9 o momento. <\/p>\n<figure class=\"styles__FigureImageWrapper-sc-1qk1vbn-0 ebBjcA figure-image-wrapper\">\n<div class=\"figure-image-container\" style=\"aspect-ratio:3872 \/ 2581\"><button class=\"expandir imagem\" title=\"Expandir visualiza\u00e7\u00e3o de imagem\"><svg xmlns=\"http:\/\/www.w3.org\/2000\/svg\" width=\"16\" height=\"16\" viewbox=\"0 0 16 16\" fill=\"none\"\/><\/button><img data-srcset=\"https:\/\/www.estadao.com.br\/resizer\/v2\/WE62THWFOVIOXBHDHWPFDFZC4A.jpg?quality=80&amp;auth=6030b9fdadc5b8d636451dc2e2b61de3ae06dedbdd4b1a4a1ccbd4879e2ad2cb&amp;width=380 768w, https:\/\/www.estadao.com.br\/resizer\/v2\/WE62THWFOVIOXBHDHWPFDFZC4A.jpg?quality=80&amp;auth=6030b9fdadc5b8d636451dc2e2b61de3ae06dedbdd4b1a4a1ccbd4879e2ad2cb&amp;width=768 1024w, https:\/\/www.estadao.com.br\/resizer\/v2\/WE62THWFOVIOXBHDHWPFDFZC4A.jpg?quality=80&amp;auth=6030b9fdadc5b8d636451dc2e2b61de3ae06dedbdd4b1a4a1ccbd4879e2ad2cb&amp;width=1200 1322w\" loading=\"lazy\" class=\"lazy-load-img\"\/><\/div><figcaption class=\"ignore-change-font-for-app\">\n<p>Voos realizadas pela FAB para transportar autoridades do Executivo, do Legislativo e do Judici\u00e1rio custaram cerca de R$ 285 milh\u00f5es aos cofres p\u00fablicos de janeiro de 2020 a julho de 2024<!-- -->\u00a0<span>Foto: <!-- --> <!-- -->Dida Sampaio\/Estad\u00e3o<\/span><\/p>\n<\/figcaption><\/figure>\n<div class=\"styles__MultiParagraphAdStyled-sc-1yb8ue6-0 kAOghv theme-default\" data-component-name=\"multi-paragraph\">\n<div class=\"paragraph\">\n<p>A auditoria do TCU constatou uso de aeronaves da FAB sem a devida justificativa, embarque de passageiros n\u00e3o identificados, voos com baixa taxa de ocupa\u00e7\u00e3o, descarte prematuro de documentos de voos e sigilo indevido em listas de passageiros.<\/p>\n<p>A an\u00e1lise dos t\u00e9cnicos tamb\u00e9m apontou que voos da FAB custam at\u00e9 6,4 vezes mais do que o custo estimado de uma passagem para os mesmos deslocamentos na avia\u00e7\u00e3o comercial.<\/p>\n<\/div>\n<\/div>\n<p data-component-name=\"paragraph\" class=\"styles__ParagraphStyled-sc-6adecn-0 geGWDE theme-default\">Entre janeiro de 2020 e julho de 2024, os voos realizadas pela FAB para transportar autoridades do Executivo, do Legislativo e do Judici\u00e1rio custaram cerca de R$ 285 milh\u00f5es aos cofres p\u00fablicos. <\/p>\n<p data-component-name=\"paragraph\" class=\"styles__ParagraphStyled-sc-6adecn-0 geGWDE theme-default\">Os t\u00e9cnicos do TCU compararam os gastos com os custos estimados para viajar na avia\u00e7\u00e3o comercial somente em 2024. S\u00f3 em sete meses, a economia seria de R$ 36,1 milh\u00f5es.<\/p>\n<p data-component-name=\"paragraph\" class=\"styles__ParagraphStyled-sc-6adecn-0 geGWDE theme-default\">A auditoria apontou inefici\u00eancia nos voos por causa de uma baixa taxa de ocupa\u00e7\u00e3o de assentos nas aeronaves. No per\u00edodo da an\u00e1lise, 111 voos transportaram apenas um passageiro. E outros 1.585, o equivalente a 21% do total verificado, transportou s\u00f3 cinco pessoas. <\/p>\n<p data-component-name=\"paragraph\" class=\"styles__ParagraphStyled-sc-6adecn-0 geGWDE theme-default\">A aeronave da FAB com menor capacidade de transporte carrega oito passageiros. A taxa m\u00e9dia de ocupa\u00e7\u00e3o de assentos nos voos de autoridades foi de 55%. <\/p>\n<h3 class=\"link-list-title\">Leia tamb\u00e9m<\/h3>\n<p data-component-name=\"paragraph\" class=\"styles__ParagraphStyled-sc-6adecn-0 geGWDE theme-default\">O processo que tramita no TCU foi aberto a pedido do <a href=\"https:\/\/www.estadao.com.br\/tudo-sobre\/congresso-nacional\/\" target=\"_blank\" rel=\"noreferrer\" title=\"https:\/\/www.estadao.com.br\/tudo-sobre\/congresso-nacional\/\"><strong>Congresso Nacional<\/strong><\/a> e tem a relatoria do ministro <a href=\"https:\/\/www.estadao.com.br\/tudo-sobre\/benjamin-zymler\/\" target=\"_blank\" rel=\"noreferrer\" title=\"https:\/\/www.estadao.com.br\/tudo-sobre\/benjamin-zymler\/\"><strong>Benjamin Zymler<\/strong><\/a>.<\/p>\n<p data-component-name=\"paragraph\" class=\"styles__ParagraphStyled-sc-6adecn-0 geGWDE theme-default\">No voto, o ministrou afirmou haver uma insufici\u00eancia de regras que poderiam \u201crobustecer a legitimidade e a economicidade\u201d no uso das aeronaves da FAB e que a falta delas \u201cproporciona a exist\u00eancia de um ambiente aparentemente permissivo, sem compromisso de prioriza\u00e7\u00e3o do princ\u00edpio da economicidade\u201d. <\/p>\n<p data-component-name=\"paragraph\" class=\"styles__ParagraphStyled-sc-6adecn-0 geGWDE theme-default\">\u201cUrge salientar que, embora se tenha, na m\u00e9dia, uso apenas da metade da capacidade das aeronaves, o uso compartilhado representou meros 10% dos voos realizados. Ademais, ao atribuir ao requerente a defini\u00e7\u00e3o de crit\u00e9rios para o uso de vagas remanescentes, a norma abre espa\u00e7o para inefici\u00eancia e para decis\u00f5es com favorecimentos pessoais\u201d, destacou. <\/p>\n<\/div>\n<p><a href=\"https:\/\/www.estadao.com.br\/politica\/tcu-ve-farra-em-uso-de-avioes-da-fab-por-autoridades-e-manda-governo-endurecer-regras\/\">Fonte do Artigo <\/a><\/p>","protected":false},"excerpt":{"rendered":"<p>BRAS\u00cdLIA \u2013 Uma auditoria do Tribunal de Contas da Uni\u00e3o (TCU) apontou uma s\u00e9rie de irregularidades na utiliza\u00e7\u00e3o de aeronaves da For\u00e7a A\u00e9rea Brasileira (FAB) por autoridades. O tribunal determinou, nesta quarta-feira, 15, que em 30 dias a Casa Civil, o Minist\u00e9rio da Defesa e a Aeron\u00e1utica apresentem um plano de reformula\u00e7\u00e3o da estrutura regulat\u00f3ria [&hellip;]<\/p>\n","protected":false},"author":1,"featured_media":108986,"comment_status":"closed","ping_status":"","sticky":false,"template":"","format":"standard","meta":{"googlesitekit_rrm_CAow2JLhCw:productID":"","_gspb_post_css":"","maa_idioma":"","maa_pais":"","footnotes":""},"categories":[4],"tags":[28930,28929,28931,19742,4997,1646,11445,3211,5979,10793,6806,7064],"class_list":["post-108985","post","type-post","status-publish","format-standard","has-post-thumbnail","hentry","category-brasil","tag-autoridades","tag-avioes","tag-endurecer","tag-fab","tag-farra","tag-governo","tag-manda","tag-por","tag-regras","tag-tcu","tag-uso","tag-ve"],"blocksy_meta":[],"yoast_head":"<!-- This site is optimized with the Yoast SEO Premium plugin v27.6 (Yoast SEO v27.6) - https:\/\/yoast.com\/product\/yoast-seo-premium-wordpress\/ -->\n<title>TCU v\u00ea \u2018farra\u2019 em uso de avi\u00f5es da FAB por autoridades e manda governo endurecer regras - Ubirat\u00e3 Online Not\u00edcias - A realidade ao seu alcance!<\/title>\n<meta name=\"description\" content=\"BRAS\u00cdLIA \u2013 Uma auditoria do Tribunal de Contas da Uni\u00e3o (TCU) apontou uma s\u00e9rie de irregularidades na utiliza\u00e7\u00e3o de aeronaves da For\u00e7a A\u00e9rea Brasileira\" \/>\n<meta name=\"robots\" content=\"index, follow, max-snippet:-1, max-image-preview:large, max-video-preview:-1\" \/>\n<link rel=\"canonical\" href=\"https:\/\/ubirataonline.com.br\/en\/tcu-ve-farra-em-uso-de-avioes-da-fab-por-autoridades-e-manda-governo-endurecer-regras\/\" \/>\n<meta property=\"og:locale\" content=\"en_US\" \/>\n<meta property=\"og:type\" content=\"article\" \/>\n<meta property=\"og:title\" content=\"TCU v\u00ea \u2018farra\u2019 em uso de avi\u00f5es da FAB por autoridades e manda governo endurecer regras\" \/>\n<meta property=\"og:description\" content=\"BRAS\u00cdLIA \u2013 Uma auditoria do Tribunal de Contas da Uni\u00e3o (TCU) apontou uma s\u00e9rie de irregularidades na utiliza\u00e7\u00e3o de aeronaves da For\u00e7a A\u00e9rea Brasileira\" \/>\n<meta property=\"og:url\" content=\"https:\/\/ubirataonline.com.br\/en\/tcu-ve-farra-em-uso-de-avioes-da-fab-por-autoridades-e-manda-governo-endurecer-regras\/\" \/>\n<meta property=\"og:site_name\" content=\"Ubirat\u00e3 Online Not\u00edcias - A realidade ao seu alcance!\" \/>\n<meta property=\"article:publisher\" content=\"https:\/\/www.facebook.com\/portalubirataonline\" \/>\n<meta property=\"article:author\" content=\"https:\/\/www.facebook.com\/portalubirataonline\" \/>\n<meta property=\"article:published_time\" content=\"2026-04-16T13:47:52+00:00\" \/>\n<meta property=\"article:modified_time\" content=\"2026-04-16T13:47:55+00:00\" \/>\n<meta property=\"og:image\" content=\"https:\/\/ubirataonline.com.br\/wp-content\/uploads\/2026\/04\/TCU-ve-\u2018farra-em-uso-de-avioes-da-FAB-por.jpg\" \/>\n\t<meta property=\"og:image:width\" content=\"1200\" \/>\n\t<meta property=\"og:image:height\" content=\"630\" \/>\n\t<meta property=\"og:image:type\" content=\"image\/jpeg\" \/>\n<meta name=\"author\" content=\"REDA\u00c7\u00c3O: UBIRAT\u00c3 ONLINE - F\u00c1BIO AUGUSTO CELESTINO\" \/>\n<meta name=\"twitter:card\" content=\"summary_large_image\" \/>\n<meta name=\"twitter:creator\" content=\"@x.com\/ubirataonline\" \/>\n<meta name=\"twitter:site\" content=\"@ubirataonline\" \/>\n<meta name=\"twitter:label1\" content=\"Written by\" \/>\n\t<meta name=\"twitter:data1\" content=\"REDA\u00c7\u00c3O: UBIRAT\u00c3 ONLINE - F\u00c1BIO AUGUSTO CELESTINO\" \/>\n\t<meta name=\"twitter:label2\" content=\"Est. reading time\" \/>\n\t<meta name=\"twitter:data2\" content=\"2 minutes\" \/>\n<script type=\"application\/ld+json\" class=\"yoast-schema-graph\">{\"@context\":\"https:\\\/\\\/schema.org\",\"@graph\":[{\"@type\":\"NewsArticle\",\"@id\":\"https:\\\/\\\/ubirataonline.com.br\\\/tcu-ve-farra-em-uso-de-avioes-da-fab-por-autoridades-e-manda-governo-endurecer-regras\\\/#article\",\"isPartOf\":{\"@id\":\"https:\\\/\\\/ubirataonline.com.br\\\/tcu-ve-farra-em-uso-de-avioes-da-fab-por-autoridades-e-manda-governo-endurecer-regras\\\/\"},\"author\":{\"name\":\"REDA\u00c7\u00c3O: UBIRAT\u00c3 ONLINE - F\u00c1BIO AUGUSTO CELESTINO\",\"@id\":\"https:\\\/\\\/ubirataonline.com.br\\\/#\\\/schema\\\/person\\\/372f87bbd3fdd79b8556b84c98d0bc1c\"},\"headline\":\"TCU v\u00ea \u2018farra\u2019 em uso de avi\u00f5es da FAB por autoridades e manda governo endurecer regras\",\"datePublished\":\"2026-04-16T13:47:52+00:00\",\"dateModified\":\"2026-04-16T13:47:55+00:00\",\"mainEntityOfPage\":{\"@id\":\"https:\\\/\\\/ubirataonline.com.br\\\/tcu-ve-farra-em-uso-de-avioes-da-fab-por-autoridades-e-manda-governo-endurecer-regras\\\/\"},\"wordCount\":487,\"publisher\":{\"@id\":\"https:\\\/\\\/ubirataonline.com.br\\\/#organization\"},\"image\":{\"@id\":\"https:\\\/\\\/ubirataonline.com.br\\\/tcu-ve-farra-em-uso-de-avioes-da-fab-por-autoridades-e-manda-governo-endurecer-regras\\\/#primaryimage\"},\"thumbnailUrl\":\"https:\\\/\\\/ubirataonline.com.br\\\/wp-content\\\/uploads\\\/2026\\\/04\\\/TCU-ve-\u2018farra-em-uso-de-avioes-da-FAB-por.jpg\",\"keywords\":[\"autoridades\",\"avi\u00f5es\",\"endurecer\",\"FAB\",\"Farra\",\"Governo\",\"manda\",\"por\",\"regras\",\"TCU\",\"uso\",\"v\u00ea\"],\"articleSection\":[\"Brasil\"],\"inLanguage\":\"en-US\",\"copyrightYear\":\"2026\",\"copyrightHolder\":{\"@id\":\"https:\\\/\\\/ubirataonline.com.br\\\/en\\\/#organization\"}},{\"@type\":\"WebPage\",\"@id\":\"https:\\\/\\\/ubirataonline.com.br\\\/tcu-ve-farra-em-uso-de-avioes-da-fab-por-autoridades-e-manda-governo-endurecer-regras\\\/\",\"url\":\"https:\\\/\\\/ubirataonline.com.br\\\/tcu-ve-farra-em-uso-de-avioes-da-fab-por-autoridades-e-manda-governo-endurecer-regras\\\/\",\"name\":\"TCU v\u00ea \u2018farra\u2019 em uso de avi\u00f5es da FAB por autoridades e manda governo endurecer regras - Ubirat\u00e3 Online Not\u00edcias - A realidade ao seu alcance!\",\"isPartOf\":{\"@id\":\"https:\\\/\\\/ubirataonline.com.br\\\/#website\"},\"primaryImageOfPage\":{\"@id\":\"https:\\\/\\\/ubirataonline.com.br\\\/tcu-ve-farra-em-uso-de-avioes-da-fab-por-autoridades-e-manda-governo-endurecer-regras\\\/#primaryimage\"},\"image\":{\"@id\":\"https:\\\/\\\/ubirataonline.com.br\\\/tcu-ve-farra-em-uso-de-avioes-da-fab-por-autoridades-e-manda-governo-endurecer-regras\\\/#primaryimage\"},\"thumbnailUrl\":\"https:\\\/\\\/ubirataonline.com.br\\\/wp-content\\\/uploads\\\/2026\\\/04\\\/TCU-ve-\u2018farra-em-uso-de-avioes-da-FAB-por.jpg\",\"datePublished\":\"2026-04-16T13:47:52+00:00\",\"dateModified\":\"2026-04-16T13:47:55+00:00\",\"description\":\"BRAS\u00cdLIA \u2013 Uma auditoria do Tribunal de Contas da Uni\u00e3o (TCU) apontou uma s\u00e9rie de irregularidades na utiliza\u00e7\u00e3o de aeronaves da For\u00e7a A\u00e9rea Brasileira\",\"breadcrumb\":{\"@id\":\"https:\\\/\\\/ubirataonline.com.br\\\/tcu-ve-farra-em-uso-de-avioes-da-fab-por-autoridades-e-manda-governo-endurecer-regras\\\/#breadcrumb\"},\"inLanguage\":\"en-US\",\"potentialAction\":[{\"@type\":\"ReadAction\",\"target\":[\"https:\\\/\\\/ubirataonline.com.br\\\/tcu-ve-farra-em-uso-de-avioes-da-fab-por-autoridades-e-manda-governo-endurecer-regras\\\/\"]}]},{\"@type\":\"ImageObject\",\"inLanguage\":\"en-US\",\"@id\":\"https:\\\/\\\/ubirataonline.com.br\\\/tcu-ve-farra-em-uso-de-avioes-da-fab-por-autoridades-e-manda-governo-endurecer-regras\\\/#primaryimage\",\"url\":\"https:\\\/\\\/ubirataonline.com.br\\\/wp-content\\\/uploads\\\/2026\\\/04\\\/TCU-ve-\u2018farra-em-uso-de-avioes-da-FAB-por.jpg\",\"contentUrl\":\"https:\\\/\\\/ubirataonline.com.br\\\/wp-content\\\/uploads\\\/2026\\\/04\\\/TCU-ve-\u2018farra-em-uso-de-avioes-da-FAB-por.jpg\",\"width\":1200,\"height\":630,\"caption\":\"Voos realizadas pela FAB para transportar autoridades do Executivo, do Legislativo e do Judici\u00e1rio custaram cerca de R$ 285 milh\u00f5es aos cofres p\u00fablicos de janeiro de 2020 a julho de 2024\u00a0Foto: Dida Sampaio\\\/Estad\u00e3o\"},{\"@type\":\"BreadcrumbList\",\"@id\":\"https:\\\/\\\/ubirataonline.com.br\\\/tcu-ve-farra-em-uso-de-avioes-da-fab-por-autoridades-e-manda-governo-endurecer-regras\\\/#breadcrumb\",\"itemListElement\":[{\"@type\":\"ListItem\",\"position\":1,\"name\":\"In\u00edcio\",\"item\":\"https:\\\/\\\/ubirataonline.com.br\\\/\"},{\"@type\":\"ListItem\",\"position\":2,\"name\":\"TCU v\u00ea \u2018farra\u2019 em uso de avi\u00f5es da FAB por autoridades e manda governo endurecer regras\"}]},{\"@type\":\"WebSite\",\"@id\":\"https:\\\/\\\/ubirataonline.com.br\\\/#website\",\"url\":\"https:\\\/\\\/ubirataonline.com.br\\\/\",\"name\":\"Ubirat\u00e3 Online Not\u00edcias\",\"description\":\"Not\u00edcias de Ubirat\u00e3, regi\u00e3o, Brasil e mundo, com informa\u00e7\u00e3o atualizada e compromisso com o leitor.\",\"publisher\":{\"@id\":\"https:\\\/\\\/ubirataonline.com.br\\\/#organization\"},\"alternateName\":\"Ubirat\u00e3 Online\",\"potentialAction\":[{\"@type\":\"SearchAction\",\"target\":{\"@type\":\"EntryPoint\",\"urlTemplate\":\"https:\\\/\\\/ubirataonline.com.br\\\/?s={search_term_string}\"},\"query-input\":{\"@type\":\"PropertyValueSpecification\",\"valueRequired\":true,\"valueName\":\"search_term_string\"}}],\"inLanguage\":\"en-US\"},{\"@type\":[\"Organization\",\"Place\"],\"@id\":\"https:\\\/\\\/ubirataonline.com.br\\\/#organization\",\"name\":\"Ubirat\u00e3 Online Not\u00edcias\",\"alternateName\":\"Ubirat\u00e3 Online\",\"url\":\"https:\\\/\\\/ubirataonline.com.br\\\/\",\"logo\":{\"@id\":\"https:\\\/\\\/ubirataonline.com.br\\\/tcu-ve-farra-em-uso-de-avioes-da-fab-por-autoridades-e-manda-governo-endurecer-regras\\\/#local-main-organization-logo\"},\"image\":{\"@id\":\"https:\\\/\\\/ubirataonline.com.br\\\/tcu-ve-farra-em-uso-de-avioes-da-fab-por-autoridades-e-manda-governo-endurecer-regras\\\/#local-main-organization-logo\"},\"sameAs\":[\"https:\\\/\\\/www.facebook.com\\\/portalubirataonline\",\"https:\\\/\\\/x.com\\\/ubirataonline\",\"https:\\\/\\\/mastodon.social\\\/@ubirataonline\",\"https:\\\/\\\/www.facebook.com\\\/groups\\\/311144672285604\",\"https:\\\/\\\/www.facebook.com\\\/UBTAOnline\",\"https:\\\/\\\/www.instagram.com\\\/portalubirataonline\\\/\",\"https:\\\/\\\/twitter.com\\\/ubirataonline\"],\"description\":\"Somos um portal de not\u00edcias independente, criado em 5 de janeiro de 2009, com o objetivo de informar, conectar e valorizar a nossa comunidade de Ubirat\u00e3 e toda aregi\u00e3o. Com conte\u00fado atualizado, confi\u00e1vel e relevante, o Ubirat\u00e3 Online \u00e9 o seu espa\u00e7o para ficar por dentro dos principais acontecimentos locais, regionais, Brasil, Mundo e de interesse geral. Nosso compromisso \u00e9 com a verdade, a transpar\u00eancia e o respeito ao leitor.\",\"legalName\":\"UBIRATA ONLINE NOT\u00cdCIAS\",\"foundingDate\":\"2009-01-05\",\"numberOfEmployees\":{\"@type\":\"QuantitativeValue\",\"minValue\":\"1\",\"maxValue\":\"10\"},\"publishingPrinciples\":\"https:\\\/\\\/ubirataonline.com.br\\\/faq\\\/\",\"address\":{\"@id\":\"https:\\\/\\\/ubirataonline.com.br\\\/tcu-ve-farra-em-uso-de-avioes-da-fab-por-autoridades-e-manda-governo-endurecer-regras\\\/#local-main-place-address\"},\"geo\":{\"@type\":\"GeoCoordinates\",\"latitude\":\"-24.5361401\",\"longitude\":\"-52.9921776\"},\"telephone\":[\"+5544998308235\"],\"contactPoint\":{\"@type\":\"ContactPoint\",\"email\":\"contato@ubirataonline.com.br\"},\"openingHoursSpecification\":{\"@type\":\"OpeningHoursSpecification\",\"dayOfWeek\":[\"Monday\",\"Tuesday\",\"Wednesday\",\"Thursday\",\"Friday\",\"Saturday\",\"Sunday\"],\"opens\":\"00:00\",\"closes\":\"23:59\"},\"email\":\"contato@ubirataonline.com.br\",\"vatID\":\"47.621.418\\\/0001-80\"},{\"@type\":\"Person\",\"@id\":\"https:\\\/\\\/ubirataonline.com.br\\\/#\\\/schema\\\/person\\\/372f87bbd3fdd79b8556b84c98d0bc1c\",\"name\":\"REDA\u00c7\u00c3O: UBIRAT\u00c3 ONLINE - F\u00c1BIO AUGUSTO CELESTINO\",\"pronouns\":\"Ele\",\"description\":\"Desde 2003 trabalhando com not\u00edcias.\",\"sameAs\":[\"http:\\\/\\\/ubirataoline.com.br\",\"https:\\\/\\\/www.facebook.com\\\/portalubirataonline\",\"https:\\\/\\\/www.instagram.com\\\/ubirataonline_oficial\",\"https:\\\/\\\/x.com\\\/x.com\\\/ubirataonline\"],\"honorificPrefix\":\"Mr.\",\"honorificSuffix\":\"MD\",\"birthDate\":\"1980-06-16\",\"gender\":\"masculino\",\"award\":[\"V\u00e1rios pr\u00eamios de melhor portal da cidade\"],\"jobTitle\":\"Diretor\",\"url\":\"https:\\\/\\\/ubirataonline.com.br\\\/en\\\/author\\\/ubirataonline\\\/\"},{\"@type\":\"PostalAddress\",\"@id\":\"https:\\\/\\\/ubirataonline.com.br\\\/tcu-ve-farra-em-uso-de-avioes-da-fab-por-autoridades-e-manda-governo-endurecer-regras\\\/#local-main-place-address\",\"streetAddress\":\"Rua dos Coqueiros, 104 - Bairro Boa Vista, Rua dos Coqueiros, 104 Bairro Boa Vista\",\"addressLocality\":\"UBIRATA\",\"postalCode\":\"85440-000\",\"addressRegion\":\"PR\",\"addressCountry\":\"BR\"},{\"@type\":\"ImageObject\",\"inLanguage\":\"en-US\",\"@id\":\"https:\\\/\\\/ubirataonline.com.br\\\/tcu-ve-farra-em-uso-de-avioes-da-fab-por-autoridades-e-manda-governo-endurecer-regras\\\/#local-main-organization-logo\",\"url\":\"https:\\\/\\\/ubirataonline.com.br\\\/wp-content\\\/uploads\\\/2026\\\/06\\\/logoubirataonline-1.webp\",\"contentUrl\":\"https:\\\/\\\/ubirataonline.com.br\\\/wp-content\\\/uploads\\\/2026\\\/06\\\/logoubirataonline-1.webp\",\"width\":500,\"height\":500,\"caption\":\"Ubirat\u00e3 Online Not\u00edcias\"}]}<\/script>\n<meta name=\"geo.placename\" content=\"UBIRATA\" \/>\n<meta name=\"geo.position\" content=\"-24.5361401;-52.9921776\" \/>\n<meta name=\"geo.region\" content=\"Brazil\" \/>\n<!-- \/ Yoast SEO Premium plugin. -->","yoast_head_json":{"title":"TCU v\u00ea \u2018farra\u2019 em uso de avi\u00f5es da FAB por autoridades e manda governo endurecer regras - Ubirat\u00e3 Online Not\u00edcias - A realidade ao seu alcance!","description":"BRAS\u00cdLIA \u2013 Uma auditoria do Tribunal de Contas da Uni\u00e3o (TCU) apontou uma s\u00e9rie de irregularidades na utiliza\u00e7\u00e3o de aeronaves da For\u00e7a A\u00e9rea Brasileira","robots":{"index":"index","follow":"follow","max-snippet":"max-snippet:-1","max-image-preview":"max-image-preview:large","max-video-preview":"max-video-preview:-1"},"canonical":"https:\/\/ubirataonline.com.br\/en\/tcu-ve-farra-em-uso-de-avioes-da-fab-por-autoridades-e-manda-governo-endurecer-regras\/","og_locale":"en_US","og_type":"article","og_title":"TCU v\u00ea \u2018farra\u2019 em uso de avi\u00f5es da FAB por autoridades e manda governo endurecer regras","og_description":"BRAS\u00cdLIA \u2013 Uma auditoria do Tribunal de Contas da Uni\u00e3o (TCU) apontou uma s\u00e9rie de irregularidades na utiliza\u00e7\u00e3o de aeronaves da For\u00e7a A\u00e9rea Brasileira","og_url":"https:\/\/ubirataonline.com.br\/en\/tcu-ve-farra-em-uso-de-avioes-da-fab-por-autoridades-e-manda-governo-endurecer-regras\/","og_site_name":"Ubirat\u00e3 Online Not\u00edcias - A realidade ao seu alcance!","article_publisher":"https:\/\/www.facebook.com\/portalubirataonline","article_author":"https:\/\/www.facebook.com\/portalubirataonline","article_published_time":"2026-04-16T13:47:52+00:00","article_modified_time":"2026-04-16T13:47:55+00:00","og_image":[{"width":1200,"height":630,"url":"https:\/\/ubirataonline.com.br\/wp-content\/uploads\/2026\/04\/TCU-ve-\u2018farra-em-uso-de-avioes-da-FAB-por.jpg","type":"image\/jpeg"}],"author":"REDA\u00c7\u00c3O: UBIRAT\u00c3 ONLINE - F\u00c1BIO AUGUSTO CELESTINO","twitter_card":"summary_large_image","twitter_creator":"@x.com\/ubirataonline","twitter_site":"@ubirataonline","twitter_misc":{"Written by":"REDA\u00c7\u00c3O: UBIRAT\u00c3 ONLINE - F\u00c1BIO AUGUSTO CELESTINO","Est. reading time":"2 minutes"},"schema":{"@context":"https:\/\/schema.org","@graph":[{"@type":"NewsArticle","@id":"https:\/\/ubirataonline.com.br\/tcu-ve-farra-em-uso-de-avioes-da-fab-por-autoridades-e-manda-governo-endurecer-regras\/#article","isPartOf":{"@id":"https:\/\/ubirataonline.com.br\/tcu-ve-farra-em-uso-de-avioes-da-fab-por-autoridades-e-manda-governo-endurecer-regras\/"},"author":{"name":"REDA\u00c7\u00c3O: UBIRAT\u00c3 ONLINE - F\u00c1BIO AUGUSTO CELESTINO","@id":"https:\/\/ubirataonline.com.br\/#\/schema\/person\/372f87bbd3fdd79b8556b84c98d0bc1c"},"headline":"TCU v\u00ea \u2018farra\u2019 em uso de avi\u00f5es da FAB por autoridades e manda governo endurecer regras","datePublished":"2026-04-16T13:47:52+00:00","dateModified":"2026-04-16T13:47:55+00:00","mainEntityOfPage":{"@id":"https:\/\/ubirataonline.com.br\/tcu-ve-farra-em-uso-de-avioes-da-fab-por-autoridades-e-manda-governo-endurecer-regras\/"},"wordCount":487,"publisher":{"@id":"https:\/\/ubirataonline.com.br\/#organization"},"image":{"@id":"https:\/\/ubirataonline.com.br\/tcu-ve-farra-em-uso-de-avioes-da-fab-por-autoridades-e-manda-governo-endurecer-regras\/#primaryimage"},"thumbnailUrl":"https:\/\/ubirataonline.com.br\/wp-content\/uploads\/2026\/04\/TCU-ve-\u2018farra-em-uso-de-avioes-da-FAB-por.jpg","keywords":["autoridades","avi\u00f5es","endurecer","FAB","Farra","Governo","manda","por","regras","TCU","uso","v\u00ea"],"articleSection":["Brasil"],"inLanguage":"en-US","copyrightYear":"2026","copyrightHolder":{"@id":"https:\/\/ubirataonline.com.br\/en\/#organization"}},{"@type":"WebPage","@id":"https:\/\/ubirataonline.com.br\/tcu-ve-farra-em-uso-de-avioes-da-fab-por-autoridades-e-manda-governo-endurecer-regras\/","url":"https:\/\/ubirataonline.com.br\/tcu-ve-farra-em-uso-de-avioes-da-fab-por-autoridades-e-manda-governo-endurecer-regras\/","name":"TCU v\u00ea \u2018farra\u2019 em uso de avi\u00f5es da FAB por autoridades e manda governo endurecer regras - Ubirat\u00e3 Online Not\u00edcias - A realidade ao seu alcance!","isPartOf":{"@id":"https:\/\/ubirataonline.com.br\/#website"},"primaryImageOfPage":{"@id":"https:\/\/ubirataonline.com.br\/tcu-ve-farra-em-uso-de-avioes-da-fab-por-autoridades-e-manda-governo-endurecer-regras\/#primaryimage"},"image":{"@id":"https:\/\/ubirataonline.com.br\/tcu-ve-farra-em-uso-de-avioes-da-fab-por-autoridades-e-manda-governo-endurecer-regras\/#primaryimage"},"thumbnailUrl":"https:\/\/ubirataonline.com.br\/wp-content\/uploads\/2026\/04\/TCU-ve-\u2018farra-em-uso-de-avioes-da-FAB-por.jpg","datePublished":"2026-04-16T13:47:52+00:00","dateModified":"2026-04-16T13:47:55+00:00","description":"BRAS\u00cdLIA \u2013 Uma auditoria do Tribunal de Contas da Uni\u00e3o (TCU) apontou uma s\u00e9rie de irregularidades na utiliza\u00e7\u00e3o de aeronaves da For\u00e7a A\u00e9rea Brasileira","breadcrumb":{"@id":"https:\/\/ubirataonline.com.br\/tcu-ve-farra-em-uso-de-avioes-da-fab-por-autoridades-e-manda-governo-endurecer-regras\/#breadcrumb"},"inLanguage":"en-US","potentialAction":[{"@type":"ReadAction","target":["https:\/\/ubirataonline.com.br\/tcu-ve-farra-em-uso-de-avioes-da-fab-por-autoridades-e-manda-governo-endurecer-regras\/"]}]},{"@type":"ImageObject","inLanguage":"en-US","@id":"https:\/\/ubirataonline.com.br\/tcu-ve-farra-em-uso-de-avioes-da-fab-por-autoridades-e-manda-governo-endurecer-regras\/#primaryimage","url":"https:\/\/ubirataonline.com.br\/wp-content\/uploads\/2026\/04\/TCU-ve-\u2018farra-em-uso-de-avioes-da-FAB-por.jpg","contentUrl":"https:\/\/ubirataonline.com.br\/wp-content\/uploads\/2026\/04\/TCU-ve-\u2018farra-em-uso-de-avioes-da-FAB-por.jpg","width":1200,"height":630,"caption":"Voos realizadas pela FAB para transportar autoridades do Executivo, do Legislativo e do Judici\u00e1rio custaram cerca de R$ 285 milh\u00f5es aos cofres p\u00fablicos de janeiro de 2020 a julho de 2024\u00a0Foto: Dida Sampaio\/Estad\u00e3o"},{"@type":"BreadcrumbList","@id":"https:\/\/ubirataonline.com.br\/tcu-ve-farra-em-uso-de-avioes-da-fab-por-autoridades-e-manda-governo-endurecer-regras\/#breadcrumb","itemListElement":[{"@type":"ListItem","position":1,"name":"In\u00edcio","item":"https:\/\/ubirataonline.com.br\/"},{"@type":"ListItem","position":2,"name":"TCU v\u00ea \u2018farra\u2019 em uso de avi\u00f5es da FAB por autoridades e manda governo endurecer regras"}]},{"@type":"WebSite","@id":"https:\/\/ubirataonline.com.br\/#website","url":"https:\/\/ubirataonline.com.br\/","name":"Ubirat\u00e3 Online Not\u00edcias","description":"Not\u00edcias de Ubirat\u00e3, regi\u00e3o, Brasil e mundo, com informa\u00e7\u00e3o atualizada e compromisso com o leitor.","publisher":{"@id":"https:\/\/ubirataonline.com.br\/#organization"},"alternateName":"Ubirat\u00e3 Online","potentialAction":[{"@type":"SearchAction","target":{"@type":"EntryPoint","urlTemplate":"https:\/\/ubirataonline.com.br\/?s={search_term_string}"},"query-input":{"@type":"PropertyValueSpecification","valueRequired":true,"valueName":"search_term_string"}}],"inLanguage":"en-US"},{"@type":["Organization","Place"],"@id":"https:\/\/ubirataonline.com.br\/#organization","name":"Ubirat\u00e3 Online Not\u00edcias","alternateName":"Ubirat\u00e3 Online","url":"https:\/\/ubirataonline.com.br\/","logo":{"@id":"https:\/\/ubirataonline.com.br\/tcu-ve-farra-em-uso-de-avioes-da-fab-por-autoridades-e-manda-governo-endurecer-regras\/#local-main-organization-logo"},"image":{"@id":"https:\/\/ubirataonline.com.br\/tcu-ve-farra-em-uso-de-avioes-da-fab-por-autoridades-e-manda-governo-endurecer-regras\/#local-main-organization-logo"},"sameAs":["https:\/\/www.facebook.com\/portalubirataonline","https:\/\/x.com\/ubirataonline","https:\/\/mastodon.social\/@ubirataonline","https:\/\/www.facebook.com\/groups\/311144672285604","https:\/\/www.facebook.com\/UBTAOnline","https:\/\/www.instagram.com\/portalubirataonline\/","https:\/\/twitter.com\/ubirataonline"],"description":"Somos um portal de not\u00edcias independente, criado em 5 de janeiro de 2009, com o objetivo de informar, conectar e valorizar a nossa comunidade de Ubirat\u00e3 e toda aregi\u00e3o. Com conte\u00fado atualizado, confi\u00e1vel e relevante, o Ubirat\u00e3 Online \u00e9 o seu espa\u00e7o para ficar por dentro dos principais acontecimentos locais, regionais, Brasil, Mundo e de interesse geral. Nosso compromisso \u00e9 com a verdade, a transpar\u00eancia e o respeito ao leitor.","legalName":"UBIRATA ONLINE NOT\u00cdCIAS","foundingDate":"2009-01-05","numberOfEmployees":{"@type":"QuantitativeValue","minValue":"1","maxValue":"10"},"publishingPrinciples":"https:\/\/ubirataonline.com.br\/faq\/","address":{"@id":"https:\/\/ubirataonline.com.br\/tcu-ve-farra-em-uso-de-avioes-da-fab-por-autoridades-e-manda-governo-endurecer-regras\/#local-main-place-address"},"geo":{"@type":"GeoCoordinates","latitude":"-24.5361401","longitude":"-52.9921776"},"telephone":["+5544998308235"],"contactPoint":{"@type":"ContactPoint","email":"contato@ubirataonline.com.br"},"openingHoursSpecification":{"@type":"OpeningHoursSpecification","dayOfWeek":["Monday","Tuesday","Wednesday","Thursday","Friday","Saturday","Sunday"],"opens":"00:00","closes":"23:59"},"email":"contato@ubirataonline.com.br","vatID":"47.621.418\/0001-80"},{"@type":"Person","@id":"https:\/\/ubirataonline.com.br\/#\/schema\/person\/372f87bbd3fdd79b8556b84c98d0bc1c","name":"REDA\u00c7\u00c3O: UBIRAT\u00c3 ONLINE - F\u00c1BIO AUGUSTO CELESTINO","pronouns":"Ele","description":"Desde 2003 trabalhando com not\u00edcias.","sameAs":["http:\/\/ubirataoline.com.br","https:\/\/www.facebook.com\/portalubirataonline","https:\/\/www.instagram.com\/ubirataonline_oficial","https:\/\/x.com\/x.com\/ubirataonline"],"honorificPrefix":"Mr.","honorificSuffix":"MD","birthDate":"1980-06-16","gender":"masculino","award":["V\u00e1rios pr\u00eamios de melhor portal da cidade"],"jobTitle":"Diretor","url":"https:\/\/ubirataonline.com.br\/en\/author\/ubirataonline\/"},{"@type":"PostalAddress","@id":"https:\/\/ubirataonline.com.br\/tcu-ve-farra-em-uso-de-avioes-da-fab-por-autoridades-e-manda-governo-endurecer-regras\/#local-main-place-address","streetAddress":"Rua dos Coqueiros, 104 - Bairro Boa Vista, Rua dos Coqueiros, 104 Bairro Boa Vista","addressLocality":"UBIRATA","postalCode":"85440-000","addressRegion":"PR","addressCountry":"BR"},{"@type":"ImageObject","inLanguage":"en-US","@id":"https:\/\/ubirataonline.com.br\/tcu-ve-farra-em-uso-de-avioes-da-fab-por-autoridades-e-manda-governo-endurecer-regras\/#local-main-organization-logo","url":"https:\/\/ubirataonline.com.br\/wp-content\/uploads\/2026\/06\/logoubirataonline-1.webp","contentUrl":"https:\/\/ubirataonline.com.br\/wp-content\/uploads\/2026\/06\/logoubirataonline-1.webp","width":500,"height":500,"caption":"Ubirat\u00e3 Online Not\u00edcias"}]},"geo.placename":"UBIRATA","geo.position":{"lat":"-24.5361401","long":"-52.9921776"},"geo.region":"Brazil"},"_links":{"self":[{"href":"https:\/\/ubirataonline.com.br\/en\/wp-json\/wp\/v2\/posts\/108985","targetHints":{"allow":["GET"]}}],"collection":[{"href":"https:\/\/ubirataonline.com.br\/en\/wp-json\/wp\/v2\/posts"}],"about":[{"href":"https:\/\/ubirataonline.com.br\/en\/wp-json\/wp\/v2\/types\/post"}],"author":[{"embeddable":true,"href":"https:\/\/ubirataonline.com.br\/en\/wp-json\/wp\/v2\/users\/1"}],"replies":[{"embeddable":true,"href":"https:\/\/ubirataonline.com.br\/en\/wp-json\/wp\/v2\/comments?post=108985"}],"version-history":[{"count":0,"href":"https:\/\/ubirataonline.com.br\/en\/wp-json\/wp\/v2\/posts\/108985\/revisions"}],"wp:featuredmedia":[{"embeddable":true,"href":"https:\/\/ubirataonline.com.br\/en\/wp-json\/wp\/v2\/media\/108986"}],"wp:attachment":[{"href":"https:\/\/ubirataonline.com.br\/en\/wp-json\/wp\/v2\/media?parent=108985"}],"wp:term":[{"taxonomy":"category","embeddable":true,"href":"https:\/\/ubirataonline.com.br\/en\/wp-json\/wp\/v2\/categories?post=108985"},{"taxonomy":"post_tag","embeddable":true,"href":"https:\/\/ubirataonline.com.br\/en\/wp-json\/wp\/v2\/tags?post=108985"}],"curies":[{"name":"wp","href":"https:\/\/api.w.org\/{rel}","templated":true}]}}