{"id":109003,"date":"2026-04-16T11:22:42","date_gmt":"2026-04-16T14:22:42","guid":{"rendered":"https:\/\/ubirataonline.com.br\/former-kansas-forward-bryson-tiller-commits-to-mizzou-basketball\/"},"modified":"2026-04-16T11:22:44","modified_gmt":"2026-04-16T14:22:44","slug":"former-kansas-forward-bryson-tiller-commits-to-mizzou-basketball","status":"publish","type":"post","link":"https:\/\/ubirataonline.com.br\/en\/former-kansas-forward-bryson-tiller-commits-to-mizzou-basketball\/","title":{"rendered":"Former Kansas Forward Bryson Tiller Commits to Mizzou Basketball"},"content":{"rendered":"<p><\/p>\n<div q:key=\"QW_5\"><!--qv q:key=QW_2--><!--qv q:id=5h q:key=vcaa:https:\/\/vms-players.minutemediaservices.com\/voltax_player_embed.html?contentId=01kmv3182wv007ed7gna&orgId=6&subId=&playbackmethod=autoplay&sponsorship=--><!--qv q:id=5i q:key=b7Pq:mL_1--><!--qv q:id=5j q:key=wcUU:gr_1--><\/p>\n<figure class=\"mm-player-embed aspect-video relative w-full flex justify-center items-center\" on-document:qinit=\"q-CZOgz20K.js#_hW[0]\" q:key=\"I1_0\" q:id=\"5k\"\/><!--\/qv--><!--\/qv--><!--\/qv--><!--\/qv--><!--qv q:key=QW_2--><!--qv q:id=5l q:key=vcaa:\n\n<p>Missouri basketball has landed its third commitment of the 2026 offseason in the form of the redshirt freshman big Bryson Tiller, per multiple reports. Tiller chose Missouri over Michigan, Arizona and Miami.  <\/p>\n\n--><!--qv q:id=5m q:key=lY4S:mL_1--><\/p>\n<p id=\"inline-text-1\" class=\"my-[18px] [&amp;_a]:text-blue my-f-1.5\" q:key=\"0\" q:id=\"5n\">Missouri basketball has landed its third commitment of the 2026 offseason in the form of the redshirt freshman big Bryson Tiller, per multiple reports. Tiller chose Missouri over Michigan, Arizona and Miami.  <\/p>\n<p><!--\/qv--><!--\/qv--><!--\/qv--><!--qv q:key=QW_2--><!--qv q:id=5o q:key=vcaa:\n\n<p>Tiller is fresh off a stellar redshirt freshman season in which he averaged 7.9 points, 6.1 rebounds, 1 assist and 1.3 blocks per game while shooting 44.9% from the field and 26.9% from 3-point range. He started 31 of 35 games and played 25.9 minutes per contest, averaging more points and minutes per game than all but one returning Tiger. <\/p>\n\n--><!--qv q:id=5p q:key=lY4S:mL_1--><\/p>\n<p id=\"inline-text-2\" class=\"my-[18px] [&amp;_a]:text-blue my-f-1.5\" q:key=\"0\" q:id=\"5q\">Tiller is fresh off a stellar redshirt freshman season in which he averaged 7.9 points, 6.1 rebounds, 1 assist and 1.3 blocks per game while shooting 44.9% from the field and 26.9% from 3-point range. He started 31 of 35 games and played 25.9 minutes per contest, averaging more points and minutes per game than all but one returning Tiger. <\/p>\n<p><!--\/qv--><!--\/qv--><!--\/qv--><!--qv q:key=QW_2--><!--qv q:id=5r q:key=vcaa:\n\n<p>The rising third-year player entered the transfer portal as a four-star transfer and No. 7 power forward in the transfer class, per 247Sports. He was also ranked a four-star prospect in the class of 2025. <\/p>\n\n--><!--qv q:id=5s q:key=lY4S:mL_1--><\/p>\n<p id=\"inline-text-3\" class=\"my-[18px] [&amp;_a]:text-blue my-f-1.5\" q:key=\"0\" q:id=\"5t\">The rising third-year player entered the transfer portal as a four-star transfer and No. 7 power forward in the transfer class, per 247Sports. He was also ranked a four-star prospect in the class of 2025. <\/p>\n<p><!--\/qv--><!--\/qv--><!--\/qv--><!--qv q:key=QW_2--><!--qv q:id=5u q:key=vcaa:\n\n<p>Before playing for Kansas, Tiller spent time in the Overtime Elite League, where now-Missouri general manager Tim Fuller was the Vice President of Recruiting and Player Personnel. Tiller averaged 11.5 points and 6.9 rebounds per game in the 2022-23 season in OTE, and 12.2 points and 9.4 rebounds per game in the 2023-24 season. Fuller and Tiller now reunite at Missouri. <\/p>\n\n--><!--qv q:id=5v q:key=lY4S:mL_1--><\/p>\n<p id=\"inline-text-4\" class=\"my-[18px] [&amp;_a]:text-blue my-f-1.5\" q:key=\"0\" q:id=\"5w\">Before playing for Kansas, Tiller spent time in the Overtime Elite League, where now-Missouri general manager Tim Fuller was the Vice President of Recruiting and Player Personnel. Tiller averaged 11.5 points and 6.9 rebounds per game in the 2022-23 season in OTE, and 12.2 points and 9.4 rebounds per game in the 2023-24 season. Fuller and Tiller now reunite at Missouri. <\/p>\n<p><!--\/qv--><!--\/qv--><!--\/qv--><!--qv q:key=QW_2--><!--qv q:id=5x q:key=vcaa:\n\n<p>The 6-foot-11, 240-pound big brings much-needed size to a Missouri squad losing starting power forward Mark Mitchell and starting center Shawn Phillips Jr., as the giants exhausted their final seasons of eligibility in 2025-26. The former Jayhawk will contend with incoming freshman Toni Bryant and returning 7-foot-5 center Trent Burns for a starting spot in the frontcourt. <\/p>\n\n--><!--qv q:id=5y q:key=lY4S:mL_1--><\/p>\n<p id=\"inline-text-5\" class=\"my-[18px] [&amp;_a]:text-blue my-f-1.5\" q:key=\"0\" q:id=\"5z\">The 6-foot-11, 240-pound big brings much-needed size to a Missouri squad losing starting power forward Mark Mitchell and starting center Shawn Phillips Jr., as the giants exhausted their final seasons of eligibility in 2025-26. The former Jayhawk will contend with incoming freshman Toni Bryant and returning 7-foot-5 center Trent Burns for a starting spot in the frontcourt. <\/p>\n<p><!--\/qv--><!--\/qv--><!--\/qv--><!--qv q:key=QW_2--><!--qv q:id=60 q:key=vcaa:\n\n<p>Tiller has experience in a supporting role by playing alongside projected top-3 NBA Draft pick Darryn Peterson last season. He&#39;ll now be playing alongside top-10 incoming freshman Jason Crowe Jr., who&#39;s set to lead Missouri&#39;s offense next season. <\/p>\n\n--><!--qv q:id=61 q:key=lY4S:mL_1--><\/p>\n<p id=\"inline-text-6\" class=\"my-[18px] [&amp;_a]:text-blue my-f-1.5\" q:key=\"0\" q:id=\"62\">Tiller has experience in a supporting role by playing alongside projected top-3 NBA Draft pick Darryn Peterson last season. He&#8217;ll now be playing alongside top-10 incoming freshman Jason Crowe Jr., who&#8217;s set to lead Missouri&#8217;s offense next season. <\/p>\n<p><!--\/qv--><!--\/qv--><!--\/qv--><!--qv q:key=QW_2--><!--qv q:id=63 q:key=vcaa:\n\n<p>Tiller is one of few players in history to play for both Missouri and Kansas and could become one of even fewer to compete on both sides of the Border War. Parker Braun recently suited up for Missouri in 2020-21 and 2021-22 before joining Kansas in 2023-24. While he played against Missouri as a Jayhawk, he never played Kansas during his time with the Tigers. <\/p>\n\n--><!--qv q:id=64 q:key=lY4S:mL_1--><\/p>\n<p id=\"inline-text-7\" class=\"my-[18px] [&amp;_a]:text-blue my-f-1.5\" q:key=\"0\" q:id=\"65\">Tiller is one of few players in history to play for both Missouri and Kansas and could become one of even fewer to compete on both sides of the Border War. Parker Braun recently suited up for Missouri in 2020-21 and 2021-22 before joining Kansas in 2023-24. While he played against Missouri as a Jayhawk, he never played Kansas during his time with the Tigers. <\/p>\n<p><!--\/qv--><!--\/qv--><!--\/qv--><!--qv q:key=QW_2--><!--qv q:id=66 q:key=vcaa:\n\n<p>Tiller, on the other hand, scored 13 points, grabbed five rebounds and blocked five shots against Missouri in December, and is now slated to take on his former team in the 2026-27 season. <\/p>\n\n--><!--qv q:id=67 q:key=lY4S:mL_1--><\/p>\n<p id=\"inline-text-8\" class=\"my-[18px] [&amp;_a]:text-blue my-f-1.5\" q:key=\"0\" q:id=\"68\">Tiller, on the other hand, scored 13 points, grabbed five rebounds and blocked five shots against Missouri in December, and is now slated to take on his former team in the 2026-27 season. <\/p>\n<p><!--\/qv--><!--\/qv--><!--\/qv--><!--qv q:key=QW_2--><!--qv q:id=69 q:key=vcaa:\n\n<p>Follow along with our&nbsp;<a href=\"https:\/\/www.si.com\/college\/missouri\/basketball\/mizzou-men-basketball-2026-offseason-tracker\">offseason tracker<\/a> to keep up with all of the offseason movement for Missouri.<\/p>\n\n--><!--qv q:id=6a q:key=lY4S:mL_1--><\/p>\n<p id=\"inline-text-9\" class=\"my-[18px] [&amp;_a]:text-blue my-f-1.5\" q:key=\"0\" q:id=\"6b\">Follow along with our\u00a0<a href=\"https:\/\/www.si.com\/college\/missouri\/basketball\/mizzou-men-basketball-2026-offseason-tracker\">offseason tracker<\/a> to keep up with all of the offseason movement for Missouri.<\/p>\n<p><!--\/qv--><!--\/qv--><!--\/qv--><!--qv q:key=QW_2--><!--qv q:id=6c q:key=vcaa:\n\n<p><strong>Sign up for our free and follow us on&nbsp;<\/strong><a href=\"https:\/\/nam02.safelinks.protection.outlook.com\/?url=https%3A%2F%2Fx.com%2FMizzouSI&data=05%7C02%7Cj.vanzummeren%40missouri.edu%7C156f3cca25da48aa6f2f08de8f5f05fe%7Ce3fefdbef7e9401ba51a355e01b05a89%7C0%7C0%7C639105835473695473%7CUnknown%7CTWFpbGZsb3d8eyJFbXB0eU1hcGkiOnRydWUsIlYiOiIwLjAuMDAwMCIsIlAiOiJXaW4zMiIsIkFOIjoiTWFpbCIsIldUIjoyfQ%3D%3D%7C0%7C%7C%7C&sdata=rcvzc783Z7WK%2BMfQJll4vIJE72NljVkBQ%2B0Gqa57wk0%3D&reserved=0\"><u><strong>Twitter\/X<\/strong><\/u><\/a><strong>,&nbsp;<\/strong><a href=\"https:\/\/nam02.safelinks.protection.outlook.com\/?url=https%3A%2F%2Fwww.facebook.com%2Fprofile.php%3Fid%3D61552848683815&data=05%7C02%7Cj.vanzummeren%40missouri.edu%7C156f3cca25da48aa6f2f08de8f5f05fe%7Ce3fefdbef7e9401ba51a355e01b05a89%7C0%7C0%7C639105835473720598%7CUnknown%7CTWFpbGZsb3d8eyJFbXB0eU1hcGkiOnRydWUsIlYiOiIwLjAuMDAwMCIsIlAiOiJXaW4zMiIsIkFOIjoiTWFpbCIsIldUIjoyfQ%3D%3D%7C0%7C%7C%7C&sdata=U68kjocOz%2FWU3fjavbSYABjLjAmTai2MWTmXzukapY0%3D&reserved=0\"><u><strong>Facebook<\/strong><\/u><\/a><strong>,&nbsp;<\/strong><a href=\"https:\/\/nam02.safelinks.protection.outlook.com\/?url=https%3A%2F%2Fwww.youtube.com%2F%40MizzouCentral%2Ffeatured&data=05%7C02%7Cj.vanzummeren%40missouri.edu%7C156f3cca25da48aa6f2f08de8f5f05fe%7Ce3fefdbef7e9401ba51a355e01b05a89%7C0%7C0%7C639105835473746209%7CUnknown%7CTWFpbGZsb3d8eyJFbXB0eU1hcGkiOnRydWUsIlYiOiIwLjAuMDAwMCIsIlAiOiJXaW4zMiIsIkFOIjoiTWFpbCIsIldUIjoyfQ%3D%3D%7C0%7C%7C%7C&sdata=fWGThXxSN9cdv%2FD7huoTmGfNEmwXjmAiJeiofu9dCS0%3D&reserved=0\"><u><strong>YouTube<\/strong><\/u><\/a><strong>,&nbsp;<\/strong><a href=\"https:\/\/nam02.safelinks.protection.outlook.com\/?url=https%3A%2F%2Fbsky.app%2Fprofile%2Fmizzouonsi.bsky.social&data=05%7C02%7Cj.vanzummeren%40missouri.edu%7C156f3cca25da48aa6f2f08de8f5f05fe%7Ce3fefdbef7e9401ba51a355e01b05a89%7C0%7C0%7C639105835473780233%7CUnknown%7CTWFpbGZsb3d8eyJFbXB0eU1hcGkiOnRydWUsIlYiOiIwLjAuMDAwMCIsIlAiOiJXaW4zMiIsIkFOIjoiTWFpbCIsIldUIjoyfQ%3D%3D%7C0%7C%7C%7C&sdata=x2SXRrBnzTod0sh1V7xOUSIpWr5fKepk1j7fHKdY9OI%3D&reserved=0\"><u><strong>Blue Sky<\/strong><\/u><\/a><strong>&nbsp;and&nbsp;<\/strong><a href=\"https:\/\/nam02.safelinks.protection.outlook.com\/?url=https%3A%2F%2Fwww.instagram.com%2Fmizzouonsi%2F&data=05%7C02%7Cj.vanzummeren%40missouri.edu%7C156f3cca25da48aa6f2f08de8f5f05fe%7Ce3fefdbef7e9401ba51a355e01b05a89%7C0%7C0%7C639105835473826818%7CUnknown%7CTWFpbGZsb3d8eyJFbXB0eU1hcGkiOnRydWUsIlYiOiIwLjAuMDAwMCIsIlAiOiJXaW4zMiIsIkFOIjoiTWFpbCIsIldUIjoyfQ%3D%3D%7C0%7C%7C%7C&sdata=OUlsMFjtIaxPFo4vChuN8pgRt%2BZWFLe9%2Fs%2FdZCRZQFg%3D&reserved=0\"><u><strong>Instagram<\/strong><\/u><\/a><strong>&nbsp;for the latest news.&nbsp;<\/strong><\/p>\n\n--><!--qv q:id=6d q:key=lY4S:mL_1--><\/p>\n<p id=\"inline-text-10\" class=\"my-[18px] [&amp;_a]:text-blue my-f-1.5\" q:key=\"0\" q:id=\"6e\"><strong>Sign up for our free and follow us on\u00a0<\/strong><a href=\"https:\/\/nam02.safelinks.protection.outlook.com\/?url=https%3A%2F%2Fx.com%2FMizzouSI&amp;data=05%7C02%7Cj.vanzummeren%40missouri.edu%7C156f3cca25da48aa6f2f08de8f5f05fe%7Ce3fefdbef7e9401ba51a355e01b05a89%7C0%7C0%7C639105835473695473%7CUnknown%7CTWFpbGZsb3d8eyJFbXB0eU1hcGkiOnRydWUsIlYiOiIwLjAuMDAwMCIsIlAiOiJXaW4zMiIsIkFOIjoiTWFpbCIsIldUIjoyfQ%3D%3D%7C0%7C%7C%7C&amp;sdata=rcvzc783Z7WK%2BMfQJll4vIJE72NljVkBQ%2B0Gqa57wk0%3D&amp;reserved=0\"><u><strong>Twitter\/X<\/strong><\/u><\/a><strong>,\u00a0<\/strong><a href=\"https:\/\/nam02.safelinks.protection.outlook.com\/?url=https%3A%2F%2Fwww.facebook.com%2Fprofile.php%3Fid%3D61552848683815&amp;data=05%7C02%7Cj.vanzummeren%40missouri.edu%7C156f3cca25da48aa6f2f08de8f5f05fe%7Ce3fefdbef7e9401ba51a355e01b05a89%7C0%7C0%7C639105835473720598%7CUnknown%7CTWFpbGZsb3d8eyJFbXB0eU1hcGkiOnRydWUsIlYiOiIwLjAuMDAwMCIsIlAiOiJXaW4zMiIsIkFOIjoiTWFpbCIsIldUIjoyfQ%3D%3D%7C0%7C%7C%7C&amp;sdata=U68kjocOz%2FWU3fjavbSYABjLjAmTai2MWTmXzukapY0%3D&amp;reserved=0\"><u><strong>Facebook<\/strong><\/u><\/a><strong>,\u00a0<\/strong><a href=\"https:\/\/nam02.safelinks.protection.outlook.com\/?url=https%3A%2F%2Fwww.youtube.com%2F%40MizzouCentral%2Ffeatured&amp;data=05%7C02%7Cj.vanzummeren%40missouri.edu%7C156f3cca25da48aa6f2f08de8f5f05fe%7Ce3fefdbef7e9401ba51a355e01b05a89%7C0%7C0%7C639105835473746209%7CUnknown%7CTWFpbGZsb3d8eyJFbXB0eU1hcGkiOnRydWUsIlYiOiIwLjAuMDAwMCIsIlAiOiJXaW4zMiIsIkFOIjoiTWFpbCIsIldUIjoyfQ%3D%3D%7C0%7C%7C%7C&amp;sdata=fWGThXxSN9cdv%2FD7huoTmGfNEmwXjmAiJeiofu9dCS0%3D&amp;reserved=0\"><u><strong>YouTube<\/strong><\/u><\/a><strong>,\u00a0<\/strong><a href=\"https:\/\/nam02.safelinks.protection.outlook.com\/?url=https%3A%2F%2Fbsky.app%2Fprofile%2Fmizzouonsi.bsky.social&amp;data=05%7C02%7Cj.vanzummeren%40missouri.edu%7C156f3cca25da48aa6f2f08de8f5f05fe%7Ce3fefdbef7e9401ba51a355e01b05a89%7C0%7C0%7C639105835473780233%7CUnknown%7CTWFpbGZsb3d8eyJFbXB0eU1hcGkiOnRydWUsIlYiOiIwLjAuMDAwMCIsIlAiOiJXaW4zMiIsIkFOIjoiTWFpbCIsIldUIjoyfQ%3D%3D%7C0%7C%7C%7C&amp;sdata=x2SXRrBnzTod0sh1V7xOUSIpWr5fKepk1j7fHKdY9OI%3D&amp;reserved=0\"><u><strong>Blue Sky<\/strong><\/u><\/a><strong>\u00a0and\u00a0<\/strong><a href=\"https:\/\/nam02.safelinks.protection.outlook.com\/?url=https%3A%2F%2Fwww.instagram.com%2Fmizzouonsi%2F&amp;data=05%7C02%7Cj.vanzummeren%40missouri.edu%7C156f3cca25da48aa6f2f08de8f5f05fe%7Ce3fefdbef7e9401ba51a355e01b05a89%7C0%7C0%7C639105835473826818%7CUnknown%7CTWFpbGZsb3d8eyJFbXB0eU1hcGkiOnRydWUsIlYiOiIwLjAuMDAwMCIsIlAiOiJXaW4zMiIsIkFOIjoiTWFpbCIsIldUIjoyfQ%3D%3D%7C0%7C%7C%7C&amp;sdata=OUlsMFjtIaxPFo4vChuN8pgRt%2BZWFLe9%2Fs%2FdZCRZQFg%3D&amp;reserved=0\"><u><strong>Instagram<\/strong><\/u><\/a><strong>\u00a0for the latest news.\u00a0<\/strong><\/p>\n<p><!--\/qv--><!--\/qv--><!--\/qv--><!--qv q:id=6f q:key=1jXG:QW_3--><!--qv q:id=6g q:key=9yVI:Ef_0--><\/p>\n<div on:click=\"q-1Tftb5V2.js#s_Ytib2zHV0Tc[0 1]\" q:key=\"WY_1\" q:id=\"6h\"><!--qv q:s q:sref=6g q:key=--><\/p>\n<div data-testid=\"google-news-widget\" class=\"my-5 p-4 flex items-center gap-4 rounded-lg bg-[#F0F0F0]\">\n<div class=\"flex min-w-0 flex-1 items-center gap-3\"><span class=\"font-group-big text-black text-[16px]\">Add us as a preferred source on <span class=\"font-bold\">Google<\/span><\/span><\/div>\n<p><a aria-label=\"Follow si.com on Google News\" href=\"https:\/\/www.google.com\/preferences\/source?q=si.com\" target=\"_blank\" rel=\"noopener noreferrer\" class=\"flex h-[30px] w-[30px] shrink-0 items-center justify-center rounded-full bg-primary font-group-large text-sm font-medium text-white transition-colors hover:bg-secondary focus:bg-secondary md:w-auto md:gap-2.5 md:px-4 md:py-[5px]\"><span class=\"hidden pt-[1px] leading-[1.4] md:inline\">Follow<\/span><svg viewbox=\"0 0 4 8\" fill=\"none\" aria-hidden=\"true\" class=\"h-[12px] w-[6px] md:h-[8px] md:w-[4px]\"><path d=\"M0.5 0.5L3.5 4L0.5 7.5\" stroke=\"white\" stroke-width=\"1.5\"\/><\/svg><\/a><\/div>\n<p><!--\/qv--><\/div>\n<p><!--\/qv--><!--\/qv--><\/div>\n<p><script async src=\"\/\/www.instagram.com\/embed.js\"><\/script><\/p>\n<p><a href=\"https:\/\/www.si.com\/college\/missouri\/basketball\/former-kansas-forward-bryson-tiller-commits-to-mizzou-basketball\">Source link <\/a><\/p>\n","protected":false},"excerpt":{"rendered":"<p>Missouri basketball has landed its third commitment of the 2026 offseason in the form of the redshirt freshman big Bryson Tiller, per multiple reports. Tiller chose Missouri over Michigan, Arizona and Miami. Tiller is fresh off a stellar redshirt freshman season in which he averaged 7.9 points, 6.1 rebounds, 1 assist and 1.3 blocks per [&hellip;]<\/p>\n","protected":false},"author":1,"featured_media":109004,"comment_status":"closed","ping_status":"","sticky":false,"template":"","format":"standard","meta":{"googlesitekit_rrm_CAow2JLhCw:productID":"","_gspb_post_css":"","maa_idioma":"","maa_pais":"","footnotes":""},"categories":[1],"tags":[4740,20559,12136,5864,4599,28935],"class_list":["post-109003","post","type-post","status-publish","format-standard","has-post-thumbnail","hentry","category-ubirata","tag-basketball","tag-bryson","tag-commits","tag-kansas","tag-mizzou","tag-tiller"],"blocksy_meta":[],"yoast_head":"<!-- This site is optimized with the Yoast SEO Premium plugin v27.6 (Yoast SEO v27.6) - https:\/\/yoast.com\/product\/yoast-seo-premium-wordpress\/ -->\n<title>Former Kansas Forward Bryson Tiller Commits to Mizzou Basketball - Ubirat\u00e3 Online Not\u00edcias - A realidade ao seu alcance!<\/title>\n<meta name=\"description\" content=\"Missouri basketball has landed its third commitment of the 2026 offseason in the form of the redshirt freshman big Bryson Tiller, per multiple reports.\" \/>\n<meta name=\"robots\" content=\"index, follow, max-snippet:-1, max-image-preview:large, max-video-preview:-1\" \/>\n<link rel=\"canonical\" href=\"https:\/\/ubirataonline.com.br\/en\/former-kansas-forward-bryson-tiller-commits-to-mizzou-basketball\/\" \/>\n<meta property=\"og:locale\" content=\"en_US\" \/>\n<meta property=\"og:type\" content=\"article\" \/>\n<meta property=\"og:title\" content=\"Former Kansas Forward Bryson Tiller Commits to Mizzou Basketball\" \/>\n<meta property=\"og:description\" content=\"Missouri basketball has landed its third commitment of the 2026 offseason in the form of the redshirt freshman big Bryson Tiller, per multiple reports.\" \/>\n<meta property=\"og:url\" content=\"https:\/\/ubirataonline.com.br\/en\/former-kansas-forward-bryson-tiller-commits-to-mizzou-basketball\/\" \/>\n<meta property=\"og:site_name\" content=\"Ubirat\u00e3 Online Not\u00edcias - A realidade ao seu alcance!\" \/>\n<meta property=\"article:publisher\" content=\"https:\/\/www.facebook.com\/portalubirataonline\" \/>\n<meta property=\"article:author\" content=\"https:\/\/www.facebook.com\/portalubirataonline\" \/>\n<meta property=\"article:published_time\" content=\"2026-04-16T14:22:42+00:00\" \/>\n<meta property=\"article:modified_time\" content=\"2026-04-16T14:22:44+00:00\" \/>\n<meta property=\"og:image\" content=\"https:\/\/ubirataonline.com.br\/wp-content\/uploads\/2026\/04\/Former-Kansas-Forward-Bryson-Tiller-Commits-to-Mizzou-Basketball.jpg\" \/>\n\t<meta property=\"og:image:width\" content=\"1\" \/>\n\t<meta property=\"og:image:height\" content=\"1\" \/>\n\t<meta property=\"og:image:type\" content=\"image\/jpeg\" \/>\n<meta name=\"author\" content=\"REDA\u00c7\u00c3O: UBIRAT\u00c3 ONLINE - F\u00c1BIO AUGUSTO CELESTINO\" \/>\n<meta name=\"twitter:card\" content=\"summary_large_image\" \/>\n<meta name=\"twitter:creator\" content=\"@x.com\/ubirataonline\" \/>\n<meta name=\"twitter:site\" content=\"@ubirataonline\" \/>\n<meta name=\"twitter:label1\" content=\"Written by\" \/>\n\t<meta name=\"twitter:data1\" content=\"REDA\u00c7\u00c3O: UBIRAT\u00c3 ONLINE - F\u00c1BIO AUGUSTO CELESTINO\" \/>\n\t<meta name=\"twitter:label2\" content=\"Est. reading time\" \/>\n\t<meta name=\"twitter:data2\" content=\"2 minutes\" \/>\n<script type=\"application\/ld+json\" class=\"yoast-schema-graph\">{\"@context\":\"https:\\\/\\\/schema.org\",\"@graph\":[{\"@type\":\"NewsArticle\",\"@id\":\"https:\\\/\\\/ubirataonline.com.br\\\/former-kansas-forward-bryson-tiller-commits-to-mizzou-basketball\\\/#article\",\"isPartOf\":{\"@id\":\"https:\\\/\\\/ubirataonline.com.br\\\/former-kansas-forward-bryson-tiller-commits-to-mizzou-basketball\\\/\"},\"author\":{\"name\":\"REDA\u00c7\u00c3O: UBIRAT\u00c3 ONLINE - F\u00c1BIO AUGUSTO CELESTINO\",\"@id\":\"https:\\\/\\\/ubirataonline.com.br\\\/#\\\/schema\\\/person\\\/372f87bbd3fdd79b8556b84c98d0bc1c\"},\"headline\":\"Former Kansas Forward Bryson Tiller Commits to Mizzou Basketball\",\"datePublished\":\"2026-04-16T14:22:42+00:00\",\"dateModified\":\"2026-04-16T14:22:44+00:00\",\"mainEntityOfPage\":{\"@id\":\"https:\\\/\\\/ubirataonline.com.br\\\/former-kansas-forward-bryson-tiller-commits-to-mizzou-basketball\\\/\"},\"wordCount\":425,\"publisher\":{\"@id\":\"https:\\\/\\\/ubirataonline.com.br\\\/#organization\"},\"image\":{\"@id\":\"https:\\\/\\\/ubirataonline.com.br\\\/former-kansas-forward-bryson-tiller-commits-to-mizzou-basketball\\\/#primaryimage\"},\"thumbnailUrl\":\"https:\\\/\\\/ubirataonline.com.br\\\/wp-content\\\/uploads\\\/2026\\\/04\\\/Former-Kansas-Forward-Bryson-Tiller-Commits-to-Mizzou-Basketball.jpg\",\"keywords\":[\"basketball\",\"Bryson\",\"commits\",\"Kansas\",\"Mizzou\",\"Tiller\"],\"articleSection\":[\"Ubirat\u00e3\"],\"inLanguage\":\"en-US\",\"copyrightYear\":\"2026\",\"copyrightHolder\":{\"@id\":\"https:\\\/\\\/ubirataonline.com.br\\\/en\\\/#organization\"}},{\"@type\":\"WebPage\",\"@id\":\"https:\\\/\\\/ubirataonline.com.br\\\/former-kansas-forward-bryson-tiller-commits-to-mizzou-basketball\\\/\",\"url\":\"https:\\\/\\\/ubirataonline.com.br\\\/former-kansas-forward-bryson-tiller-commits-to-mizzou-basketball\\\/\",\"name\":\"Former Kansas Forward Bryson Tiller Commits to Mizzou Basketball - Ubirat\u00e3 Online Not\u00edcias - A realidade ao seu alcance!\",\"isPartOf\":{\"@id\":\"https:\\\/\\\/ubirataonline.com.br\\\/#website\"},\"primaryImageOfPage\":{\"@id\":\"https:\\\/\\\/ubirataonline.com.br\\\/former-kansas-forward-bryson-tiller-commits-to-mizzou-basketball\\\/#primaryimage\"},\"image\":{\"@id\":\"https:\\\/\\\/ubirataonline.com.br\\\/former-kansas-forward-bryson-tiller-commits-to-mizzou-basketball\\\/#primaryimage\"},\"thumbnailUrl\":\"https:\\\/\\\/ubirataonline.com.br\\\/wp-content\\\/uploads\\\/2026\\\/04\\\/Former-Kansas-Forward-Bryson-Tiller-Commits-to-Mizzou-Basketball.jpg\",\"datePublished\":\"2026-04-16T14:22:42+00:00\",\"dateModified\":\"2026-04-16T14:22:44+00:00\",\"description\":\"Missouri basketball has landed its third commitment of the 2026 offseason in the form of the redshirt freshman big Bryson Tiller, per multiple reports.\",\"breadcrumb\":{\"@id\":\"https:\\\/\\\/ubirataonline.com.br\\\/former-kansas-forward-bryson-tiller-commits-to-mizzou-basketball\\\/#breadcrumb\"},\"inLanguage\":\"en-US\",\"potentialAction\":[{\"@type\":\"ReadAction\",\"target\":[\"https:\\\/\\\/ubirataonline.com.br\\\/former-kansas-forward-bryson-tiller-commits-to-mizzou-basketball\\\/\"]}]},{\"@type\":\"ImageObject\",\"inLanguage\":\"en-US\",\"@id\":\"https:\\\/\\\/ubirataonline.com.br\\\/former-kansas-forward-bryson-tiller-commits-to-mizzou-basketball\\\/#primaryimage\",\"url\":\"https:\\\/\\\/ubirataonline.com.br\\\/wp-content\\\/uploads\\\/2026\\\/04\\\/Former-Kansas-Forward-Bryson-Tiller-Commits-to-Mizzou-Basketball.jpg\",\"contentUrl\":\"https:\\\/\\\/ubirataonline.com.br\\\/wp-content\\\/uploads\\\/2026\\\/04\\\/Former-Kansas-Forward-Bryson-Tiller-Commits-to-Mizzou-Basketball.jpg\",\"caption\":\"Mar 3, 2026; Tempe, Arizona, USA; Kansas Jayhawks forward Bryson Tiller (15) against the Arizona State Sun Devils at Desert Financial Arena. Mandatory Credit: Mark J. Rebilas-Imagn Images | Mark J. Rebilas-Imagn Images\"},{\"@type\":\"BreadcrumbList\",\"@id\":\"https:\\\/\\\/ubirataonline.com.br\\\/former-kansas-forward-bryson-tiller-commits-to-mizzou-basketball\\\/#breadcrumb\",\"itemListElement\":[{\"@type\":\"ListItem\",\"position\":1,\"name\":\"In\u00edcio\",\"item\":\"https:\\\/\\\/ubirataonline.com.br\\\/\"},{\"@type\":\"ListItem\",\"position\":2,\"name\":\"Former Kansas Forward Bryson Tiller Commits to Mizzou Basketball\"}]},{\"@type\":\"WebSite\",\"@id\":\"https:\\\/\\\/ubirataonline.com.br\\\/#website\",\"url\":\"https:\\\/\\\/ubirataonline.com.br\\\/\",\"name\":\"Ubirat\u00e3 Online Not\u00edcias\",\"description\":\"Not\u00edcias de Ubirat\u00e3, regi\u00e3o, Brasil e mundo, com informa\u00e7\u00e3o atualizada e compromisso com o leitor.\",\"publisher\":{\"@id\":\"https:\\\/\\\/ubirataonline.com.br\\\/#organization\"},\"alternateName\":\"Ubirat\u00e3 Online\",\"potentialAction\":[{\"@type\":\"SearchAction\",\"target\":{\"@type\":\"EntryPoint\",\"urlTemplate\":\"https:\\\/\\\/ubirataonline.com.br\\\/?s={search_term_string}\"},\"query-input\":{\"@type\":\"PropertyValueSpecification\",\"valueRequired\":true,\"valueName\":\"search_term_string\"}}],\"inLanguage\":\"en-US\"},{\"@type\":[\"Organization\",\"Place\"],\"@id\":\"https:\\\/\\\/ubirataonline.com.br\\\/#organization\",\"name\":\"Ubirat\u00e3 Online Not\u00edcias\",\"alternateName\":\"Ubirat\u00e3 Online\",\"url\":\"https:\\\/\\\/ubirataonline.com.br\\\/\",\"logo\":{\"@id\":\"https:\\\/\\\/ubirataonline.com.br\\\/former-kansas-forward-bryson-tiller-commits-to-mizzou-basketball\\\/#local-main-organization-logo\"},\"image\":{\"@id\":\"https:\\\/\\\/ubirataonline.com.br\\\/former-kansas-forward-bryson-tiller-commits-to-mizzou-basketball\\\/#local-main-organization-logo\"},\"sameAs\":[\"https:\\\/\\\/www.facebook.com\\\/portalubirataonline\",\"https:\\\/\\\/x.com\\\/ubirataonline\",\"https:\\\/\\\/mastodon.social\\\/@ubirataonline\",\"https:\\\/\\\/www.facebook.com\\\/groups\\\/311144672285604\",\"https:\\\/\\\/www.facebook.com\\\/UBTAOnline\",\"https:\\\/\\\/www.instagram.com\\\/portalubirataonline\\\/\",\"https:\\\/\\\/twitter.com\\\/ubirataonline\"],\"description\":\"Somos um portal de not\u00edcias independente, criado em 5 de janeiro de 2009, com o objetivo de informar, conectar e valorizar a nossa comunidade de Ubirat\u00e3 e toda aregi\u00e3o. Com conte\u00fado atualizado, confi\u00e1vel e relevante, o Ubirat\u00e3 Online \u00e9 o seu espa\u00e7o para ficar por dentro dos principais acontecimentos locais, regionais, Brasil, Mundo e de interesse geral. Nosso compromisso \u00e9 com a verdade, a transpar\u00eancia e o respeito ao leitor.\",\"legalName\":\"UBIRATA ONLINE NOT\u00cdCIAS\",\"foundingDate\":\"2009-01-05\",\"numberOfEmployees\":{\"@type\":\"QuantitativeValue\",\"minValue\":\"1\",\"maxValue\":\"10\"},\"publishingPrinciples\":\"https:\\\/\\\/ubirataonline.com.br\\\/faq\\\/\",\"address\":{\"@id\":\"https:\\\/\\\/ubirataonline.com.br\\\/former-kansas-forward-bryson-tiller-commits-to-mizzou-basketball\\\/#local-main-place-address\"},\"geo\":{\"@type\":\"GeoCoordinates\",\"latitude\":\"-24.5361401\",\"longitude\":\"-52.9921776\"},\"telephone\":[\"+5544998308235\"],\"contactPoint\":{\"@type\":\"ContactPoint\",\"email\":\"contato@ubirataonline.com.br\"},\"openingHoursSpecification\":{\"@type\":\"OpeningHoursSpecification\",\"dayOfWeek\":[\"Monday\",\"Tuesday\",\"Wednesday\",\"Thursday\",\"Friday\",\"Saturday\",\"Sunday\"],\"opens\":\"00:00\",\"closes\":\"23:59\"},\"email\":\"contato@ubirataonline.com.br\",\"vatID\":\"47.621.418\\\/0001-80\"},{\"@type\":\"Person\",\"@id\":\"https:\\\/\\\/ubirataonline.com.br\\\/#\\\/schema\\\/person\\\/372f87bbd3fdd79b8556b84c98d0bc1c\",\"name\":\"REDA\u00c7\u00c3O: UBIRAT\u00c3 ONLINE - F\u00c1BIO AUGUSTO CELESTINO\",\"pronouns\":\"Ele\",\"description\":\"Desde 2003 trabalhando com not\u00edcias.\",\"sameAs\":[\"http:\\\/\\\/ubirataoline.com.br\",\"https:\\\/\\\/www.facebook.com\\\/portalubirataonline\",\"https:\\\/\\\/www.instagram.com\\\/ubirataonline_oficial\",\"https:\\\/\\\/x.com\\\/x.com\\\/ubirataonline\"],\"honorificPrefix\":\"Mr.\",\"honorificSuffix\":\"MD\",\"birthDate\":\"1980-06-16\",\"gender\":\"masculino\",\"award\":[\"V\u00e1rios pr\u00eamios de melhor portal da cidade\"],\"jobTitle\":\"Diretor\",\"url\":\"https:\\\/\\\/ubirataonline.com.br\\\/en\\\/author\\\/ubirataonline\\\/\"},{\"@type\":\"PostalAddress\",\"@id\":\"https:\\\/\\\/ubirataonline.com.br\\\/former-kansas-forward-bryson-tiller-commits-to-mizzou-basketball\\\/#local-main-place-address\",\"streetAddress\":\"Rua dos Coqueiros, 104 - Bairro Boa Vista, Rua dos Coqueiros, 104 Bairro Boa Vista\",\"addressLocality\":\"UBIRATA\",\"postalCode\":\"85440-000\",\"addressRegion\":\"PR\",\"addressCountry\":\"BR\"},{\"@type\":\"ImageObject\",\"inLanguage\":\"en-US\",\"@id\":\"https:\\\/\\\/ubirataonline.com.br\\\/former-kansas-forward-bryson-tiller-commits-to-mizzou-basketball\\\/#local-main-organization-logo\",\"url\":\"https:\\\/\\\/ubirataonline.com.br\\\/wp-content\\\/uploads\\\/2026\\\/06\\\/logoubirataonline-1.webp\",\"contentUrl\":\"https:\\\/\\\/ubirataonline.com.br\\\/wp-content\\\/uploads\\\/2026\\\/06\\\/logoubirataonline-1.webp\",\"width\":500,\"height\":500,\"caption\":\"Ubirat\u00e3 Online Not\u00edcias\"}]}<\/script>\n<meta name=\"geo.placename\" content=\"UBIRATA\" \/>\n<meta name=\"geo.position\" content=\"-24.5361401;-52.9921776\" \/>\n<meta name=\"geo.region\" content=\"Brazil\" \/>\n<!-- \/ Yoast SEO Premium plugin. -->","yoast_head_json":{"title":"Former Kansas Forward Bryson Tiller Commits to Mizzou Basketball - Ubirat\u00e3 Online Not\u00edcias - A realidade ao seu alcance!","description":"Missouri basketball has landed its third commitment of the 2026 offseason in the form of the redshirt freshman big Bryson Tiller, per multiple reports.","robots":{"index":"index","follow":"follow","max-snippet":"max-snippet:-1","max-image-preview":"max-image-preview:large","max-video-preview":"max-video-preview:-1"},"canonical":"https:\/\/ubirataonline.com.br\/en\/former-kansas-forward-bryson-tiller-commits-to-mizzou-basketball\/","og_locale":"en_US","og_type":"article","og_title":"Former Kansas Forward Bryson Tiller Commits to Mizzou Basketball","og_description":"Missouri basketball has landed its third commitment of the 2026 offseason in the form of the redshirt freshman big Bryson Tiller, per multiple reports.","og_url":"https:\/\/ubirataonline.com.br\/en\/former-kansas-forward-bryson-tiller-commits-to-mizzou-basketball\/","og_site_name":"Ubirat\u00e3 Online Not\u00edcias - A realidade ao seu alcance!","article_publisher":"https:\/\/www.facebook.com\/portalubirataonline","article_author":"https:\/\/www.facebook.com\/portalubirataonline","article_published_time":"2026-04-16T14:22:42+00:00","article_modified_time":"2026-04-16T14:22:44+00:00","og_image":[{"url":"https:\/\/ubirataonline.com.br\/wp-content\/uploads\/2026\/04\/Former-Kansas-Forward-Bryson-Tiller-Commits-to-Mizzou-Basketball.jpg","width":1,"height":1,"type":"image\/jpeg"}],"author":"REDA\u00c7\u00c3O: UBIRAT\u00c3 ONLINE - F\u00c1BIO AUGUSTO CELESTINO","twitter_card":"summary_large_image","twitter_creator":"@x.com\/ubirataonline","twitter_site":"@ubirataonline","twitter_misc":{"Written by":"REDA\u00c7\u00c3O: UBIRAT\u00c3 ONLINE - F\u00c1BIO AUGUSTO CELESTINO","Est. reading time":"2 minutes"},"schema":{"@context":"https:\/\/schema.org","@graph":[{"@type":"NewsArticle","@id":"https:\/\/ubirataonline.com.br\/former-kansas-forward-bryson-tiller-commits-to-mizzou-basketball\/#article","isPartOf":{"@id":"https:\/\/ubirataonline.com.br\/former-kansas-forward-bryson-tiller-commits-to-mizzou-basketball\/"},"author":{"name":"REDA\u00c7\u00c3O: UBIRAT\u00c3 ONLINE - F\u00c1BIO AUGUSTO CELESTINO","@id":"https:\/\/ubirataonline.com.br\/#\/schema\/person\/372f87bbd3fdd79b8556b84c98d0bc1c"},"headline":"Former Kansas Forward Bryson Tiller Commits to Mizzou Basketball","datePublished":"2026-04-16T14:22:42+00:00","dateModified":"2026-04-16T14:22:44+00:00","mainEntityOfPage":{"@id":"https:\/\/ubirataonline.com.br\/former-kansas-forward-bryson-tiller-commits-to-mizzou-basketball\/"},"wordCount":425,"publisher":{"@id":"https:\/\/ubirataonline.com.br\/#organization"},"image":{"@id":"https:\/\/ubirataonline.com.br\/former-kansas-forward-bryson-tiller-commits-to-mizzou-basketball\/#primaryimage"},"thumbnailUrl":"https:\/\/ubirataonline.com.br\/wp-content\/uploads\/2026\/04\/Former-Kansas-Forward-Bryson-Tiller-Commits-to-Mizzou-Basketball.jpg","keywords":["basketball","Bryson","commits","Kansas","Mizzou","Tiller"],"articleSection":["Ubirat\u00e3"],"inLanguage":"en-US","copyrightYear":"2026","copyrightHolder":{"@id":"https:\/\/ubirataonline.com.br\/en\/#organization"}},{"@type":"WebPage","@id":"https:\/\/ubirataonline.com.br\/former-kansas-forward-bryson-tiller-commits-to-mizzou-basketball\/","url":"https:\/\/ubirataonline.com.br\/former-kansas-forward-bryson-tiller-commits-to-mizzou-basketball\/","name":"Former Kansas Forward Bryson Tiller Commits to Mizzou Basketball - Ubirat\u00e3 Online Not\u00edcias - A realidade ao seu alcance!","isPartOf":{"@id":"https:\/\/ubirataonline.com.br\/#website"},"primaryImageOfPage":{"@id":"https:\/\/ubirataonline.com.br\/former-kansas-forward-bryson-tiller-commits-to-mizzou-basketball\/#primaryimage"},"image":{"@id":"https:\/\/ubirataonline.com.br\/former-kansas-forward-bryson-tiller-commits-to-mizzou-basketball\/#primaryimage"},"thumbnailUrl":"https:\/\/ubirataonline.com.br\/wp-content\/uploads\/2026\/04\/Former-Kansas-Forward-Bryson-Tiller-Commits-to-Mizzou-Basketball.jpg","datePublished":"2026-04-16T14:22:42+00:00","dateModified":"2026-04-16T14:22:44+00:00","description":"Missouri basketball has landed its third commitment of the 2026 offseason in the form of the redshirt freshman big Bryson Tiller, per multiple reports.","breadcrumb":{"@id":"https:\/\/ubirataonline.com.br\/former-kansas-forward-bryson-tiller-commits-to-mizzou-basketball\/#breadcrumb"},"inLanguage":"en-US","potentialAction":[{"@type":"ReadAction","target":["https:\/\/ubirataonline.com.br\/former-kansas-forward-bryson-tiller-commits-to-mizzou-basketball\/"]}]},{"@type":"ImageObject","inLanguage":"en-US","@id":"https:\/\/ubirataonline.com.br\/former-kansas-forward-bryson-tiller-commits-to-mizzou-basketball\/#primaryimage","url":"https:\/\/ubirataonline.com.br\/wp-content\/uploads\/2026\/04\/Former-Kansas-Forward-Bryson-Tiller-Commits-to-Mizzou-Basketball.jpg","contentUrl":"https:\/\/ubirataonline.com.br\/wp-content\/uploads\/2026\/04\/Former-Kansas-Forward-Bryson-Tiller-Commits-to-Mizzou-Basketball.jpg","caption":"Mar 3, 2026; Tempe, Arizona, USA; Kansas Jayhawks forward Bryson Tiller (15) against the Arizona State Sun Devils at Desert Financial Arena. Mandatory Credit: Mark J. Rebilas-Imagn Images | Mark J. Rebilas-Imagn Images"},{"@type":"BreadcrumbList","@id":"https:\/\/ubirataonline.com.br\/former-kansas-forward-bryson-tiller-commits-to-mizzou-basketball\/#breadcrumb","itemListElement":[{"@type":"ListItem","position":1,"name":"In\u00edcio","item":"https:\/\/ubirataonline.com.br\/"},{"@type":"ListItem","position":2,"name":"Former Kansas Forward Bryson Tiller Commits to Mizzou Basketball"}]},{"@type":"WebSite","@id":"https:\/\/ubirataonline.com.br\/#website","url":"https:\/\/ubirataonline.com.br\/","name":"Ubirat\u00e3 Online Not\u00edcias","description":"Not\u00edcias de Ubirat\u00e3, regi\u00e3o, Brasil e mundo, com informa\u00e7\u00e3o atualizada e compromisso com o leitor.","publisher":{"@id":"https:\/\/ubirataonline.com.br\/#organization"},"alternateName":"Ubirat\u00e3 Online","potentialAction":[{"@type":"SearchAction","target":{"@type":"EntryPoint","urlTemplate":"https:\/\/ubirataonline.com.br\/?s={search_term_string}"},"query-input":{"@type":"PropertyValueSpecification","valueRequired":true,"valueName":"search_term_string"}}],"inLanguage":"en-US"},{"@type":["Organization","Place"],"@id":"https:\/\/ubirataonline.com.br\/#organization","name":"Ubirat\u00e3 Online Not\u00edcias","alternateName":"Ubirat\u00e3 Online","url":"https:\/\/ubirataonline.com.br\/","logo":{"@id":"https:\/\/ubirataonline.com.br\/former-kansas-forward-bryson-tiller-commits-to-mizzou-basketball\/#local-main-organization-logo"},"image":{"@id":"https:\/\/ubirataonline.com.br\/former-kansas-forward-bryson-tiller-commits-to-mizzou-basketball\/#local-main-organization-logo"},"sameAs":["https:\/\/www.facebook.com\/portalubirataonline","https:\/\/x.com\/ubirataonline","https:\/\/mastodon.social\/@ubirataonline","https:\/\/www.facebook.com\/groups\/311144672285604","https:\/\/www.facebook.com\/UBTAOnline","https:\/\/www.instagram.com\/portalubirataonline\/","https:\/\/twitter.com\/ubirataonline"],"description":"Somos um portal de not\u00edcias independente, criado em 5 de janeiro de 2009, com o objetivo de informar, conectar e valorizar a nossa comunidade de Ubirat\u00e3 e toda aregi\u00e3o. Com conte\u00fado atualizado, confi\u00e1vel e relevante, o Ubirat\u00e3 Online \u00e9 o seu espa\u00e7o para ficar por dentro dos principais acontecimentos locais, regionais, Brasil, Mundo e de interesse geral. Nosso compromisso \u00e9 com a verdade, a transpar\u00eancia e o respeito ao leitor.","legalName":"UBIRATA ONLINE NOT\u00cdCIAS","foundingDate":"2009-01-05","numberOfEmployees":{"@type":"QuantitativeValue","minValue":"1","maxValue":"10"},"publishingPrinciples":"https:\/\/ubirataonline.com.br\/faq\/","address":{"@id":"https:\/\/ubirataonline.com.br\/former-kansas-forward-bryson-tiller-commits-to-mizzou-basketball\/#local-main-place-address"},"geo":{"@type":"GeoCoordinates","latitude":"-24.5361401","longitude":"-52.9921776"},"telephone":["+5544998308235"],"contactPoint":{"@type":"ContactPoint","email":"contato@ubirataonline.com.br"},"openingHoursSpecification":{"@type":"OpeningHoursSpecification","dayOfWeek":["Monday","Tuesday","Wednesday","Thursday","Friday","Saturday","Sunday"],"opens":"00:00","closes":"23:59"},"email":"contato@ubirataonline.com.br","vatID":"47.621.418\/0001-80"},{"@type":"Person","@id":"https:\/\/ubirataonline.com.br\/#\/schema\/person\/372f87bbd3fdd79b8556b84c98d0bc1c","name":"REDA\u00c7\u00c3O: UBIRAT\u00c3 ONLINE - F\u00c1BIO AUGUSTO CELESTINO","pronouns":"Ele","description":"Desde 2003 trabalhando com not\u00edcias.","sameAs":["http:\/\/ubirataoline.com.br","https:\/\/www.facebook.com\/portalubirataonline","https:\/\/www.instagram.com\/ubirataonline_oficial","https:\/\/x.com\/x.com\/ubirataonline"],"honorificPrefix":"Mr.","honorificSuffix":"MD","birthDate":"1980-06-16","gender":"masculino","award":["V\u00e1rios pr\u00eamios de melhor portal da cidade"],"jobTitle":"Diretor","url":"https:\/\/ubirataonline.com.br\/en\/author\/ubirataonline\/"},{"@type":"PostalAddress","@id":"https:\/\/ubirataonline.com.br\/former-kansas-forward-bryson-tiller-commits-to-mizzou-basketball\/#local-main-place-address","streetAddress":"Rua dos Coqueiros, 104 - Bairro Boa Vista, Rua dos Coqueiros, 104 Bairro Boa Vista","addressLocality":"UBIRATA","postalCode":"85440-000","addressRegion":"PR","addressCountry":"BR"},{"@type":"ImageObject","inLanguage":"en-US","@id":"https:\/\/ubirataonline.com.br\/former-kansas-forward-bryson-tiller-commits-to-mizzou-basketball\/#local-main-organization-logo","url":"https:\/\/ubirataonline.com.br\/wp-content\/uploads\/2026\/06\/logoubirataonline-1.webp","contentUrl":"https:\/\/ubirataonline.com.br\/wp-content\/uploads\/2026\/06\/logoubirataonline-1.webp","width":500,"height":500,"caption":"Ubirat\u00e3 Online Not\u00edcias"}]},"geo.placename":"UBIRATA","geo.position":{"lat":"-24.5361401","long":"-52.9921776"},"geo.region":"Brazil"},"_links":{"self":[{"href":"https:\/\/ubirataonline.com.br\/en\/wp-json\/wp\/v2\/posts\/109003","targetHints":{"allow":["GET"]}}],"collection":[{"href":"https:\/\/ubirataonline.com.br\/en\/wp-json\/wp\/v2\/posts"}],"about":[{"href":"https:\/\/ubirataonline.com.br\/en\/wp-json\/wp\/v2\/types\/post"}],"author":[{"embeddable":true,"href":"https:\/\/ubirataonline.com.br\/en\/wp-json\/wp\/v2\/users\/1"}],"replies":[{"embeddable":true,"href":"https:\/\/ubirataonline.com.br\/en\/wp-json\/wp\/v2\/comments?post=109003"}],"version-history":[{"count":0,"href":"https:\/\/ubirataonline.com.br\/en\/wp-json\/wp\/v2\/posts\/109003\/revisions"}],"wp:featuredmedia":[{"embeddable":true,"href":"https:\/\/ubirataonline.com.br\/en\/wp-json\/wp\/v2\/media\/109004"}],"wp:attachment":[{"href":"https:\/\/ubirataonline.com.br\/en\/wp-json\/wp\/v2\/media?parent=109003"}],"wp:term":[{"taxonomy":"category","embeddable":true,"href":"https:\/\/ubirataonline.com.br\/en\/wp-json\/wp\/v2\/categories?post=109003"},{"taxonomy":"post_tag","embeddable":true,"href":"https:\/\/ubirataonline.com.br\/en\/wp-json\/wp\/v2\/tags?post=109003"}],"curies":[{"name":"wp","href":"https:\/\/api.w.org\/{rel}","templated":true}]}}