{"id":109009,"date":"2026-04-16T11:25:41","date_gmt":"2026-04-16T14:25:41","guid":{"rendered":"https:\/\/ubirataonline.com.br\/mppr-disponibiliza-pagina-com-orientacoes-e-informacoes-sobre-direitos-de-vitimas-de-desastres-climaticos\/"},"modified":"2026-04-16T11:25:44","modified_gmt":"2026-04-16T14:25:44","slug":"mppr-disponibiliza-pagina-com-orientacoes-e-informacoes-sobre-direitos-de-vitimas-de-desastres-climaticos","status":"publish","type":"post","link":"https:\/\/ubirataonline.com.br\/en\/mppr-disponibiliza-pagina-com-orientacoes-e-informacoes-sobre-direitos-de-vitimas-de-desastres-climaticos\/","title":{"rendered":"MPPR disponibiliza p\u00e1gina com orienta\u00e7\u00f5es e informa\u00e7\u00f5es sobre direitos de v\u00edtimas de desastres clim\u00e1ticos"},"content":{"rendered":"<p><\/p>\n<div>\n<p>Eventuais v\u00edtimas de desastres naturais causados por eventos clim\u00e1ticos extremos, como tornados, inunda\u00e7\u00f5es, enxurradas e deslizamentos de terras, poder\u00e3o encontrar no site do Minist\u00e9rio P\u00fablico do Paran\u00e1 orienta\u00e7\u00f5es e outras informa\u00e7\u00f5es sobre seus direitos, explicando como devem proceder para realizar solicita\u00e7\u00f5es e den\u00fancias.\u00a0<\/p>\n<p>O conte\u00fado, desenvolvido pela Coordenadoria da Pol\u00edtica Estadual de Atendimento ao P\u00fablico (CPEAP), est\u00e1 reunido na <a href=\"https:\/\/site.mppr.mp.br\/atendimento\/Pagina\/Vitimas-de-Desastres-Naturais-Eventos-Climaticos-Extremos\" target=\"_blank\">p\u00e1gina Atendimento<\/a> e informa \u00e0 popula\u00e7\u00e3o quem s\u00e3o os respons\u00e1veis por prestar socorro imediato \u2013 como fornecimento de abrigo e alimenta\u00e7\u00e3o e limpeza de ruas e estradas; a quais institui\u00e7\u00f5es recorrer para iniciar a recupera\u00e7\u00e3o da infraestrutura do munic\u00edpio afetado; e o que o Minist\u00e9rio P\u00fablico faz nesses casos, como o atendimento individual das pessoas e tamb\u00e9m reuni\u00f5es por regi\u00e3o com a popula\u00e7\u00e3o para saber de perto o que est\u00e1 acontecendo.<\/p>\n<p>O espa\u00e7o tamb\u00e9m \u00e9 dedicado \u00e0 publica\u00e7\u00e3o de not\u00edcias e atualiza\u00e7\u00f5es sobre a atua\u00e7\u00e3o dos Promotores e Promotoras de Justi\u00e7a nas comarcas eventualmente atingidas, e os contatos de todas as Promotorias est\u00e3o dispon\u00edveis na p\u00e1gina para facilitar o atendimento.<br \/>\u00a0<\/p>\n<p class=\"text-align-center\"><a class=\"btn btn-primary btn-lg\" href=\"https:\/\/site.mppr.mp.br\/atendimento\/Pagina\/Vitimas-de-Desastres-Naturais-Eventos-Climaticos-Extremos\" target=\"_blank\"><span class=\"text\">Acesse a p\u00e1gina V\u00edtimas de Desastres Naturais<\/span><\/a><\/p>\n<h3>Atua\u00e7\u00e3o do MP para respostas r\u00e1pidas e eficazes<\/h3>\n<p>De acordo com a Procuradora de Justi\u00e7a M\u00f4nica Louise de Azevedo, Coordenadora da Pol\u00edtica Estadual de Atendimento ao P\u00fablico do MPPR, a atua\u00e7\u00e3o do Minist\u00e9rio P\u00fablico \u00e9 relevante em todas as fases, fiscalizando quest\u00f5es relacionadas \u00e0 omiss\u00e3o do poder p\u00fablico, ao uso de recursos financeiros, \u00e0 demora na entrega ou na execu\u00e7\u00e3o de benef\u00edcios e obras, \u00e0 parcialidade na distribui\u00e7\u00e3o de donativos e \u00e0 qualidade dos servi\u00e7os oferecidos, promovendo medidas extrajudiciais ou judiciais sempre que necess\u00e1rio.<\/p>\n<p>\u201cO trabalho do Minist\u00e9rio P\u00fablico \u00e9 essencial para assegurar uma resposta adequada, transparente e eficaz, desde o atendimento imediato at\u00e9 a reconstru\u00e7\u00e3o das \u00e1reas atingidas, sempre com foco na prote\u00e7\u00e3o dos direitos da popula\u00e7\u00e3o\u201d, afirma a Procuradora. A comunica\u00e7\u00e3o eficiente \u00e9 fundamental nesses cen\u00e1rios, permitindo agilizar o socorro \u00e0s v\u00edtimas, organizar abrigos, distribuir doa\u00e7\u00f5es e orientar a popula\u00e7\u00e3o, al\u00e9m de garantir a continuidade de servi\u00e7os essenciais, como \u00e1gua, energia, sa\u00fade e assist\u00eancia social\u201d, pontua.<\/p>\n<h3>Gepclima<\/h3>\n<p>Desde a cria\u00e7\u00e3o da Pol\u00edtica Nacional de Prote\u00e7\u00e3o e Defesa Civil pela Lei 12.608\/2012, em casos de eventos clim\u00e1ticos extremos, os entes p\u00fablicos devem atuar de forma articulada na elabora\u00e7\u00e3o de planos de conting\u00eancia, com defini\u00e7\u00e3o de estrat\u00e9gias e responsabilidades para resposta r\u00e1pida.<\/p>\n<p>Nesse cen\u00e1rio, o Minist\u00e9rio P\u00fablico do Paran\u00e1 conta com a atua\u00e7\u00e3o estrat\u00e9gica do Grupo de Atua\u00e7\u00e3o Especializada em Quest\u00f5es Clim\u00e1ticas (Gepclima), institu\u00eddo em outubro de 2024. Criado como uma resposta institucional necess\u00e1ria ao cen\u00e1rio de mudan\u00e7as clim\u00e1ticas intensas, o grupo tem como objetivo aprimorar a prote\u00e7\u00e3o dos direitos da popula\u00e7\u00e3o em situa\u00e7\u00f5es extremas. Seu escopo envolve o oferecimento de suporte t\u00e9cnico e jur\u00eddico especializado para o enfrentamento de crises, atuando de forma transversal junto \u00e0s Promotorias de Justi\u00e7a.\u00a0<\/p>\n<p>Segundo o Promotor de Justi\u00e7a Daniel Pedro Louren\u00e7o, Coordenador do Gepclima, o grupo foca na fiscaliza\u00e7\u00e3o de pol\u00edticas p\u00fablicas de adapta\u00e7\u00e3o, na articula\u00e7\u00e3o de respostas coordenadas e na implementa\u00e7\u00e3o de medidas preventivas que visem reduzir a vulnerabilidade das comunidades, antecipando-se a desastres socioambientais para garantir uma atua\u00e7\u00e3o cada vez mais estrat\u00e9gica e resolutiva.<\/p>\n<h3>Rio Bonito do Igua\u00e7u<\/h3>\n<p>A elabora\u00e7\u00e3o da p\u00e1gina do MPPR dedicada a v\u00edtimas de desastres naturais foi baseada nos aprendizados obtidos a partir da atua\u00e7\u00e3o em Rio Bonito do Igua\u00e7u, ap\u00f3s o tornado de novembro de 2025, especialmente quanto aos desafios iniciais de comunica\u00e7\u00e3o e \u00e0 organiza\u00e7\u00e3o da rede de atendimento \u00e0s v\u00edtimas.\u00a0<\/p>\n<p>A experi\u00eancia compartilhada por Promotores de Justi\u00e7a e equipes da comarca de Laranjeiras do Sul aliadas \u00e0s contribui\u00e7\u00f5es de assistentes sociais do N\u00facleo de Apoio T\u00e9cnico Especializado do Centro de Apoio T\u00e9cnico \u00e0 Execu\u00e7\u00e3o (Caex\/Nate) permitiram sistematizar informa\u00e7\u00f5es, reunir documenta\u00e7\u00e3o e estruturar um conte\u00fado mais claro e \u00fatil para situa\u00e7\u00f5es semelhantes.<\/p>\n<p><strong><span data-color=\"#4C659D\" style=\"color:#4c659d\">MP no R\u00e1dio<\/span><\/strong> \u2013 Em entrevista ao Programa MP no R\u00e1dio, o Promotor de Justi\u00e7a Carlos Roberto Pereira Bitencourt, que atende a popula\u00e7\u00e3o de Rio Bonito do Igua\u00e7u, falou sobre os direitos das v\u00edtimas de desastres naturais. <a href=\"https:\/\/mppr.mp.br\/Noticia\/Entrevista-com-Promotor-de-Justica-que-atende-populacao-de-Rio-Bonito-do-Iguacu-trata-de\" target=\"_blank\">Confira aqui<\/a>.<\/p>\n<\/div>\n<p><a href=\"https:\/\/mppr.mp.br\/Noticia\/MPPR-disponibiliza-pagina-com-orientacoes-e-informacoes-sobre-direitos-de-vitimas-de\">Source link <\/a><\/p>","protected":false},"excerpt":{"rendered":"<p>Eventuais v\u00edtimas de desastres naturais causados por eventos clim\u00e1ticos extremos, como tornados, inunda\u00e7\u00f5es, enxurradas e deslizamentos de terras, poder\u00e3o encontrar no site do Minist\u00e9rio P\u00fablico do Paran\u00e1 orienta\u00e7\u00f5es e outras informa\u00e7\u00f5es sobre seus direitos, explicando como devem proceder para realizar solicita\u00e7\u00f5es e den\u00fancias.\u00a0 O conte\u00fado, desenvolvido pela Coordenadoria da Pol\u00edtica Estadual de Atendimento ao P\u00fablico [&hellip;]<\/p>\n","protected":false},"author":1,"featured_media":109010,"comment_status":"closed","ping_status":"","sticky":false,"template":"","format":"standard","meta":{"googlesitekit_rrm_CAow2JLhCw:productID":"","_gspb_post_css":"","maa_idioma":"","maa_pais":"","footnotes":""},"categories":[1],"tags":[28939,4239,6212,28937,7676,1632,28938,7588,3203,1825],"class_list":["post-109009","post","type-post","status-publish","format-standard","has-post-thumbnail","hentry","category-ubirata","tag-climaticos","tag-desastres","tag-direitos","tag-disponibiliza","tag-informacoes","tag-mppr","tag-orientacoes","tag-pagina","tag-sobre","tag-vitimas"],"blocksy_meta":[],"yoast_head":"<!-- This site is optimized with the Yoast SEO Premium plugin v27.6 (Yoast SEO v27.6) - https:\/\/yoast.com\/product\/yoast-seo-premium-wordpress\/ -->\n<title>MPPR disponibiliza p\u00e1gina com orienta\u00e7\u00f5es e informa\u00e7\u00f5es sobre direitos de v\u00edtimas de desastres clim\u00e1ticos - Ubirat\u00e3 Online Not\u00edcias - A realidade ao seu alcance!<\/title>\n<meta name=\"description\" content=\"Eventuais v\u00edtimas de desastres naturais causados por eventos clim\u00e1ticos extremos, como tornados, inunda\u00e7\u00f5es, enxurradas e deslizamentos de terras, poder\u00e3o\" \/>\n<meta name=\"robots\" content=\"index, follow, max-snippet:-1, max-image-preview:large, max-video-preview:-1\" \/>\n<link rel=\"canonical\" href=\"https:\/\/ubirataonline.com.br\/en\/mppr-disponibiliza-pagina-com-orientacoes-e-informacoes-sobre-direitos-de-vitimas-de-desastres-climaticos\/\" \/>\n<meta property=\"og:locale\" content=\"en_US\" \/>\n<meta property=\"og:type\" content=\"article\" \/>\n<meta property=\"og:title\" content=\"MPPR disponibiliza p\u00e1gina com orienta\u00e7\u00f5es e informa\u00e7\u00f5es sobre direitos de v\u00edtimas de desastres clim\u00e1ticos\" \/>\n<meta property=\"og:description\" content=\"Eventuais v\u00edtimas de desastres naturais causados por eventos clim\u00e1ticos extremos, como tornados, inunda\u00e7\u00f5es, enxurradas e deslizamentos de terras, poder\u00e3o\" \/>\n<meta property=\"og:url\" content=\"https:\/\/ubirataonline.com.br\/en\/mppr-disponibiliza-pagina-com-orientacoes-e-informacoes-sobre-direitos-de-vitimas-de-desastres-climaticos\/\" \/>\n<meta property=\"og:site_name\" content=\"Ubirat\u00e3 Online Not\u00edcias - A realidade ao seu alcance!\" \/>\n<meta property=\"article:publisher\" content=\"https:\/\/www.facebook.com\/portalubirataonline\" \/>\n<meta property=\"article:author\" content=\"https:\/\/www.facebook.com\/portalubirataonline\" \/>\n<meta property=\"article:published_time\" content=\"2026-04-16T14:25:41+00:00\" \/>\n<meta property=\"article:modified_time\" content=\"2026-04-16T14:25:44+00:00\" \/>\n<meta property=\"og:image\" content=\"https:\/\/ubirataonline.com.br\/wp-content\/uploads\/2026\/04\/MPPR-disponibiliza-pagina-com-orientacoes-e-informacoes-sobre-direitos-de.png\" \/>\n\t<meta property=\"og:image:width\" content=\"675\" \/>\n\t<meta property=\"og:image:height\" content=\"450\" \/>\n\t<meta property=\"og:image:type\" content=\"image\/png\" \/>\n<meta name=\"author\" content=\"REDA\u00c7\u00c3O: UBIRAT\u00c3 ONLINE - F\u00c1BIO AUGUSTO CELESTINO\" \/>\n<meta name=\"twitter:card\" content=\"summary_large_image\" \/>\n<meta name=\"twitter:creator\" content=\"@x.com\/ubirataonline\" \/>\n<meta name=\"twitter:site\" content=\"@ubirataonline\" \/>\n<meta name=\"twitter:label1\" content=\"Written by\" \/>\n\t<meta name=\"twitter:data1\" content=\"REDA\u00c7\u00c3O: UBIRAT\u00c3 ONLINE - F\u00c1BIO AUGUSTO CELESTINO\" \/>\n\t<meta name=\"twitter:label2\" content=\"Est. reading time\" \/>\n\t<meta name=\"twitter:data2\" content=\"4 minutes\" \/>\n<script type=\"application\/ld+json\" class=\"yoast-schema-graph\">{\"@context\":\"https:\\\/\\\/schema.org\",\"@graph\":[{\"@type\":\"NewsArticle\",\"@id\":\"https:\\\/\\\/ubirataonline.com.br\\\/mppr-disponibiliza-pagina-com-orientacoes-e-informacoes-sobre-direitos-de-vitimas-de-desastres-climaticos\\\/#article\",\"isPartOf\":{\"@id\":\"https:\\\/\\\/ubirataonline.com.br\\\/mppr-disponibiliza-pagina-com-orientacoes-e-informacoes-sobre-direitos-de-vitimas-de-desastres-climaticos\\\/\"},\"author\":{\"name\":\"REDA\u00c7\u00c3O: UBIRAT\u00c3 ONLINE - F\u00c1BIO AUGUSTO CELESTINO\",\"@id\":\"https:\\\/\\\/ubirataonline.com.br\\\/#\\\/schema\\\/person\\\/372f87bbd3fdd79b8556b84c98d0bc1c\"},\"headline\":\"MPPR disponibiliza p\u00e1gina com orienta\u00e7\u00f5es e informa\u00e7\u00f5es sobre direitos de v\u00edtimas de desastres clim\u00e1ticos\",\"datePublished\":\"2026-04-16T14:25:41+00:00\",\"dateModified\":\"2026-04-16T14:25:44+00:00\",\"mainEntityOfPage\":{\"@id\":\"https:\\\/\\\/ubirataonline.com.br\\\/mppr-disponibiliza-pagina-com-orientacoes-e-informacoes-sobre-direitos-de-vitimas-de-desastres-climaticos\\\/\"},\"wordCount\":793,\"publisher\":{\"@id\":\"https:\\\/\\\/ubirataonline.com.br\\\/#organization\"},\"image\":{\"@id\":\"https:\\\/\\\/ubirataonline.com.br\\\/mppr-disponibiliza-pagina-com-orientacoes-e-informacoes-sobre-direitos-de-vitimas-de-desastres-climaticos\\\/#primaryimage\"},\"thumbnailUrl\":\"https:\\\/\\\/ubirataonline.com.br\\\/wp-content\\\/uploads\\\/2026\\\/04\\\/MPPR-disponibiliza-pagina-com-orientacoes-e-informacoes-sobre-direitos-de.png\",\"keywords\":[\"clim\u00e1ticos\",\"desastres\",\"direitos\",\"disponibiliza\",\"Informa\u00e7\u00f5es\",\"MPPR\",\"orienta\u00e7\u00f5es\",\"p\u00e1gina\",\"sobre\",\"V\u00edtimas\"],\"articleSection\":[\"Ubirat\u00e3\"],\"inLanguage\":\"en-US\",\"copyrightYear\":\"2026\",\"copyrightHolder\":{\"@id\":\"https:\\\/\\\/ubirataonline.com.br\\\/en\\\/#organization\"}},{\"@type\":\"WebPage\",\"@id\":\"https:\\\/\\\/ubirataonline.com.br\\\/mppr-disponibiliza-pagina-com-orientacoes-e-informacoes-sobre-direitos-de-vitimas-de-desastres-climaticos\\\/\",\"url\":\"https:\\\/\\\/ubirataonline.com.br\\\/mppr-disponibiliza-pagina-com-orientacoes-e-informacoes-sobre-direitos-de-vitimas-de-desastres-climaticos\\\/\",\"name\":\"MPPR disponibiliza p\u00e1gina com orienta\u00e7\u00f5es e informa\u00e7\u00f5es sobre direitos de v\u00edtimas de desastres clim\u00e1ticos - Ubirat\u00e3 Online Not\u00edcias - A realidade ao seu alcance!\",\"isPartOf\":{\"@id\":\"https:\\\/\\\/ubirataonline.com.br\\\/#website\"},\"primaryImageOfPage\":{\"@id\":\"https:\\\/\\\/ubirataonline.com.br\\\/mppr-disponibiliza-pagina-com-orientacoes-e-informacoes-sobre-direitos-de-vitimas-de-desastres-climaticos\\\/#primaryimage\"},\"image\":{\"@id\":\"https:\\\/\\\/ubirataonline.com.br\\\/mppr-disponibiliza-pagina-com-orientacoes-e-informacoes-sobre-direitos-de-vitimas-de-desastres-climaticos\\\/#primaryimage\"},\"thumbnailUrl\":\"https:\\\/\\\/ubirataonline.com.br\\\/wp-content\\\/uploads\\\/2026\\\/04\\\/MPPR-disponibiliza-pagina-com-orientacoes-e-informacoes-sobre-direitos-de.png\",\"datePublished\":\"2026-04-16T14:25:41+00:00\",\"dateModified\":\"2026-04-16T14:25:44+00:00\",\"description\":\"Eventuais v\u00edtimas de desastres naturais causados por eventos clim\u00e1ticos extremos, como tornados, inunda\u00e7\u00f5es, enxurradas e deslizamentos de terras, poder\u00e3o\",\"breadcrumb\":{\"@id\":\"https:\\\/\\\/ubirataonline.com.br\\\/mppr-disponibiliza-pagina-com-orientacoes-e-informacoes-sobre-direitos-de-vitimas-de-desastres-climaticos\\\/#breadcrumb\"},\"inLanguage\":\"en-US\",\"potentialAction\":[{\"@type\":\"ReadAction\",\"target\":[\"https:\\\/\\\/ubirataonline.com.br\\\/mppr-disponibiliza-pagina-com-orientacoes-e-informacoes-sobre-direitos-de-vitimas-de-desastres-climaticos\\\/\"]}]},{\"@type\":\"ImageObject\",\"inLanguage\":\"en-US\",\"@id\":\"https:\\\/\\\/ubirataonline.com.br\\\/mppr-disponibiliza-pagina-com-orientacoes-e-informacoes-sobre-direitos-de-vitimas-de-desastres-climaticos\\\/#primaryimage\",\"url\":\"https:\\\/\\\/ubirataonline.com.br\\\/wp-content\\\/uploads\\\/2026\\\/04\\\/MPPR-disponibiliza-pagina-com-orientacoes-e-informacoes-sobre-direitos-de.png\",\"contentUrl\":\"https:\\\/\\\/ubirataonline.com.br\\\/wp-content\\\/uploads\\\/2026\\\/04\\\/MPPR-disponibiliza-pagina-com-orientacoes-e-informacoes-sobre-direitos-de.png\",\"width\":675,\"height\":450,\"caption\":\"MPPR disponibiliza p\u00e1gina com orienta\u00e7\u00f5es e informa\u00e7\u00f5es sobre direitos de v\u00edtimas de desastres clim\u00e1ticos\"},{\"@type\":\"BreadcrumbList\",\"@id\":\"https:\\\/\\\/ubirataonline.com.br\\\/mppr-disponibiliza-pagina-com-orientacoes-e-informacoes-sobre-direitos-de-vitimas-de-desastres-climaticos\\\/#breadcrumb\",\"itemListElement\":[{\"@type\":\"ListItem\",\"position\":1,\"name\":\"In\u00edcio\",\"item\":\"https:\\\/\\\/ubirataonline.com.br\\\/\"},{\"@type\":\"ListItem\",\"position\":2,\"name\":\"MPPR disponibiliza p\u00e1gina com orienta\u00e7\u00f5es e informa\u00e7\u00f5es sobre direitos de v\u00edtimas de desastres clim\u00e1ticos\"}]},{\"@type\":\"WebSite\",\"@id\":\"https:\\\/\\\/ubirataonline.com.br\\\/#website\",\"url\":\"https:\\\/\\\/ubirataonline.com.br\\\/\",\"name\":\"Ubirat\u00e3 Online Not\u00edcias\",\"description\":\"Not\u00edcias de Ubirat\u00e3, regi\u00e3o, Brasil e mundo, com informa\u00e7\u00e3o atualizada e compromisso com o leitor.\",\"publisher\":{\"@id\":\"https:\\\/\\\/ubirataonline.com.br\\\/#organization\"},\"alternateName\":\"Ubirat\u00e3 Online\",\"potentialAction\":[{\"@type\":\"SearchAction\",\"target\":{\"@type\":\"EntryPoint\",\"urlTemplate\":\"https:\\\/\\\/ubirataonline.com.br\\\/?s={search_term_string}\"},\"query-input\":{\"@type\":\"PropertyValueSpecification\",\"valueRequired\":true,\"valueName\":\"search_term_string\"}}],\"inLanguage\":\"en-US\"},{\"@type\":[\"Organization\",\"Place\"],\"@id\":\"https:\\\/\\\/ubirataonline.com.br\\\/#organization\",\"name\":\"Ubirat\u00e3 Online Not\u00edcias\",\"alternateName\":\"Ubirat\u00e3 Online\",\"url\":\"https:\\\/\\\/ubirataonline.com.br\\\/\",\"logo\":{\"@id\":\"https:\\\/\\\/ubirataonline.com.br\\\/mppr-disponibiliza-pagina-com-orientacoes-e-informacoes-sobre-direitos-de-vitimas-de-desastres-climaticos\\\/#local-main-organization-logo\"},\"image\":{\"@id\":\"https:\\\/\\\/ubirataonline.com.br\\\/mppr-disponibiliza-pagina-com-orientacoes-e-informacoes-sobre-direitos-de-vitimas-de-desastres-climaticos\\\/#local-main-organization-logo\"},\"sameAs\":[\"https:\\\/\\\/www.facebook.com\\\/portalubirataonline\",\"https:\\\/\\\/x.com\\\/ubirataonline\",\"https:\\\/\\\/mastodon.social\\\/@ubirataonline\",\"https:\\\/\\\/www.facebook.com\\\/groups\\\/311144672285604\",\"https:\\\/\\\/www.facebook.com\\\/UBTAOnline\",\"https:\\\/\\\/www.instagram.com\\\/portalubirataonline\\\/\",\"https:\\\/\\\/twitter.com\\\/ubirataonline\"],\"description\":\"Somos um portal de not\u00edcias independente, criado em 5 de janeiro de 2009, com o objetivo de informar, conectar e valorizar a nossa comunidade de Ubirat\u00e3 e toda aregi\u00e3o. Com conte\u00fado atualizado, confi\u00e1vel e relevante, o Ubirat\u00e3 Online \u00e9 o seu espa\u00e7o para ficar por dentro dos principais acontecimentos locais, regionais, Brasil, Mundo e de interesse geral. Nosso compromisso \u00e9 com a verdade, a transpar\u00eancia e o respeito ao leitor.\",\"legalName\":\"UBIRATA ONLINE NOT\u00cdCIAS\",\"foundingDate\":\"2009-01-05\",\"numberOfEmployees\":{\"@type\":\"QuantitativeValue\",\"minValue\":\"1\",\"maxValue\":\"10\"},\"publishingPrinciples\":\"https:\\\/\\\/ubirataonline.com.br\\\/faq\\\/\",\"address\":{\"@id\":\"https:\\\/\\\/ubirataonline.com.br\\\/mppr-disponibiliza-pagina-com-orientacoes-e-informacoes-sobre-direitos-de-vitimas-de-desastres-climaticos\\\/#local-main-place-address\"},\"geo\":{\"@type\":\"GeoCoordinates\",\"latitude\":\"-24.5361401\",\"longitude\":\"-52.9921776\"},\"telephone\":[\"+5544998308235\"],\"contactPoint\":{\"@type\":\"ContactPoint\",\"email\":\"contato@ubirataonline.com.br\"},\"openingHoursSpecification\":{\"@type\":\"OpeningHoursSpecification\",\"dayOfWeek\":[\"Monday\",\"Tuesday\",\"Wednesday\",\"Thursday\",\"Friday\",\"Saturday\",\"Sunday\"],\"opens\":\"00:00\",\"closes\":\"23:59\"},\"email\":\"contato@ubirataonline.com.br\",\"vatID\":\"47.621.418\\\/0001-80\"},{\"@type\":\"Person\",\"@id\":\"https:\\\/\\\/ubirataonline.com.br\\\/#\\\/schema\\\/person\\\/372f87bbd3fdd79b8556b84c98d0bc1c\",\"name\":\"REDA\u00c7\u00c3O: UBIRAT\u00c3 ONLINE - F\u00c1BIO AUGUSTO CELESTINO\",\"pronouns\":\"Ele\",\"description\":\"Desde 2003 trabalhando com not\u00edcias.\",\"sameAs\":[\"http:\\\/\\\/ubirataoline.com.br\",\"https:\\\/\\\/www.facebook.com\\\/portalubirataonline\",\"https:\\\/\\\/www.instagram.com\\\/ubirataonline_oficial\",\"https:\\\/\\\/x.com\\\/x.com\\\/ubirataonline\"],\"honorificPrefix\":\"Mr.\",\"honorificSuffix\":\"MD\",\"birthDate\":\"1980-06-16\",\"gender\":\"masculino\",\"award\":[\"V\u00e1rios pr\u00eamios de melhor portal da cidade\"],\"jobTitle\":\"Diretor\",\"url\":\"https:\\\/\\\/ubirataonline.com.br\\\/en\\\/author\\\/ubirataonline\\\/\"},{\"@type\":\"PostalAddress\",\"@id\":\"https:\\\/\\\/ubirataonline.com.br\\\/mppr-disponibiliza-pagina-com-orientacoes-e-informacoes-sobre-direitos-de-vitimas-de-desastres-climaticos\\\/#local-main-place-address\",\"streetAddress\":\"Rua dos Coqueiros, 104 - Bairro Boa Vista, Rua dos Coqueiros, 104 Bairro Boa Vista\",\"addressLocality\":\"UBIRATA\",\"postalCode\":\"85440-000\",\"addressRegion\":\"PR\",\"addressCountry\":\"BR\"},{\"@type\":\"ImageObject\",\"inLanguage\":\"en-US\",\"@id\":\"https:\\\/\\\/ubirataonline.com.br\\\/mppr-disponibiliza-pagina-com-orientacoes-e-informacoes-sobre-direitos-de-vitimas-de-desastres-climaticos\\\/#local-main-organization-logo\",\"url\":\"https:\\\/\\\/ubirataonline.com.br\\\/wp-content\\\/uploads\\\/2026\\\/06\\\/logoubirataonline-1.webp\",\"contentUrl\":\"https:\\\/\\\/ubirataonline.com.br\\\/wp-content\\\/uploads\\\/2026\\\/06\\\/logoubirataonline-1.webp\",\"width\":500,\"height\":500,\"caption\":\"Ubirat\u00e3 Online Not\u00edcias\"}]}<\/script>\n<meta name=\"geo.placename\" content=\"UBIRATA\" \/>\n<meta name=\"geo.position\" content=\"-24.5361401;-52.9921776\" \/>\n<meta name=\"geo.region\" content=\"Brazil\" \/>\n<!-- \/ Yoast SEO Premium plugin. -->","yoast_head_json":{"title":"MPPR disponibiliza p\u00e1gina com orienta\u00e7\u00f5es e informa\u00e7\u00f5es sobre direitos de v\u00edtimas de desastres clim\u00e1ticos - Ubirat\u00e3 Online Not\u00edcias - A realidade ao seu alcance!","description":"Eventuais v\u00edtimas de desastres naturais causados por eventos clim\u00e1ticos extremos, como tornados, inunda\u00e7\u00f5es, enxurradas e deslizamentos de terras, poder\u00e3o","robots":{"index":"index","follow":"follow","max-snippet":"max-snippet:-1","max-image-preview":"max-image-preview:large","max-video-preview":"max-video-preview:-1"},"canonical":"https:\/\/ubirataonline.com.br\/en\/mppr-disponibiliza-pagina-com-orientacoes-e-informacoes-sobre-direitos-de-vitimas-de-desastres-climaticos\/","og_locale":"en_US","og_type":"article","og_title":"MPPR disponibiliza p\u00e1gina com orienta\u00e7\u00f5es e informa\u00e7\u00f5es sobre direitos de v\u00edtimas de desastres clim\u00e1ticos","og_description":"Eventuais v\u00edtimas de desastres naturais causados por eventos clim\u00e1ticos extremos, como tornados, inunda\u00e7\u00f5es, enxurradas e deslizamentos de terras, poder\u00e3o","og_url":"https:\/\/ubirataonline.com.br\/en\/mppr-disponibiliza-pagina-com-orientacoes-e-informacoes-sobre-direitos-de-vitimas-de-desastres-climaticos\/","og_site_name":"Ubirat\u00e3 Online Not\u00edcias - A realidade ao seu alcance!","article_publisher":"https:\/\/www.facebook.com\/portalubirataonline","article_author":"https:\/\/www.facebook.com\/portalubirataonline","article_published_time":"2026-04-16T14:25:41+00:00","article_modified_time":"2026-04-16T14:25:44+00:00","og_image":[{"width":675,"height":450,"url":"https:\/\/ubirataonline.com.br\/wp-content\/uploads\/2026\/04\/MPPR-disponibiliza-pagina-com-orientacoes-e-informacoes-sobre-direitos-de.png","type":"image\/png"}],"author":"REDA\u00c7\u00c3O: UBIRAT\u00c3 ONLINE - F\u00c1BIO AUGUSTO CELESTINO","twitter_card":"summary_large_image","twitter_creator":"@x.com\/ubirataonline","twitter_site":"@ubirataonline","twitter_misc":{"Written by":"REDA\u00c7\u00c3O: UBIRAT\u00c3 ONLINE - F\u00c1BIO AUGUSTO CELESTINO","Est. reading time":"4 minutes"},"schema":{"@context":"https:\/\/schema.org","@graph":[{"@type":"NewsArticle","@id":"https:\/\/ubirataonline.com.br\/mppr-disponibiliza-pagina-com-orientacoes-e-informacoes-sobre-direitos-de-vitimas-de-desastres-climaticos\/#article","isPartOf":{"@id":"https:\/\/ubirataonline.com.br\/mppr-disponibiliza-pagina-com-orientacoes-e-informacoes-sobre-direitos-de-vitimas-de-desastres-climaticos\/"},"author":{"name":"REDA\u00c7\u00c3O: UBIRAT\u00c3 ONLINE - F\u00c1BIO AUGUSTO CELESTINO","@id":"https:\/\/ubirataonline.com.br\/#\/schema\/person\/372f87bbd3fdd79b8556b84c98d0bc1c"},"headline":"MPPR disponibiliza p\u00e1gina com orienta\u00e7\u00f5es e informa\u00e7\u00f5es sobre direitos de v\u00edtimas de desastres clim\u00e1ticos","datePublished":"2026-04-16T14:25:41+00:00","dateModified":"2026-04-16T14:25:44+00:00","mainEntityOfPage":{"@id":"https:\/\/ubirataonline.com.br\/mppr-disponibiliza-pagina-com-orientacoes-e-informacoes-sobre-direitos-de-vitimas-de-desastres-climaticos\/"},"wordCount":793,"publisher":{"@id":"https:\/\/ubirataonline.com.br\/#organization"},"image":{"@id":"https:\/\/ubirataonline.com.br\/mppr-disponibiliza-pagina-com-orientacoes-e-informacoes-sobre-direitos-de-vitimas-de-desastres-climaticos\/#primaryimage"},"thumbnailUrl":"https:\/\/ubirataonline.com.br\/wp-content\/uploads\/2026\/04\/MPPR-disponibiliza-pagina-com-orientacoes-e-informacoes-sobre-direitos-de.png","keywords":["clim\u00e1ticos","desastres","direitos","disponibiliza","Informa\u00e7\u00f5es","MPPR","orienta\u00e7\u00f5es","p\u00e1gina","sobre","V\u00edtimas"],"articleSection":["Ubirat\u00e3"],"inLanguage":"en-US","copyrightYear":"2026","copyrightHolder":{"@id":"https:\/\/ubirataonline.com.br\/en\/#organization"}},{"@type":"WebPage","@id":"https:\/\/ubirataonline.com.br\/mppr-disponibiliza-pagina-com-orientacoes-e-informacoes-sobre-direitos-de-vitimas-de-desastres-climaticos\/","url":"https:\/\/ubirataonline.com.br\/mppr-disponibiliza-pagina-com-orientacoes-e-informacoes-sobre-direitos-de-vitimas-de-desastres-climaticos\/","name":"MPPR disponibiliza p\u00e1gina com orienta\u00e7\u00f5es e informa\u00e7\u00f5es sobre direitos de v\u00edtimas de desastres clim\u00e1ticos - Ubirat\u00e3 Online Not\u00edcias - A realidade ao seu alcance!","isPartOf":{"@id":"https:\/\/ubirataonline.com.br\/#website"},"primaryImageOfPage":{"@id":"https:\/\/ubirataonline.com.br\/mppr-disponibiliza-pagina-com-orientacoes-e-informacoes-sobre-direitos-de-vitimas-de-desastres-climaticos\/#primaryimage"},"image":{"@id":"https:\/\/ubirataonline.com.br\/mppr-disponibiliza-pagina-com-orientacoes-e-informacoes-sobre-direitos-de-vitimas-de-desastres-climaticos\/#primaryimage"},"thumbnailUrl":"https:\/\/ubirataonline.com.br\/wp-content\/uploads\/2026\/04\/MPPR-disponibiliza-pagina-com-orientacoes-e-informacoes-sobre-direitos-de.png","datePublished":"2026-04-16T14:25:41+00:00","dateModified":"2026-04-16T14:25:44+00:00","description":"Eventuais v\u00edtimas de desastres naturais causados por eventos clim\u00e1ticos extremos, como tornados, inunda\u00e7\u00f5es, enxurradas e deslizamentos de terras, poder\u00e3o","breadcrumb":{"@id":"https:\/\/ubirataonline.com.br\/mppr-disponibiliza-pagina-com-orientacoes-e-informacoes-sobre-direitos-de-vitimas-de-desastres-climaticos\/#breadcrumb"},"inLanguage":"en-US","potentialAction":[{"@type":"ReadAction","target":["https:\/\/ubirataonline.com.br\/mppr-disponibiliza-pagina-com-orientacoes-e-informacoes-sobre-direitos-de-vitimas-de-desastres-climaticos\/"]}]},{"@type":"ImageObject","inLanguage":"en-US","@id":"https:\/\/ubirataonline.com.br\/mppr-disponibiliza-pagina-com-orientacoes-e-informacoes-sobre-direitos-de-vitimas-de-desastres-climaticos\/#primaryimage","url":"https:\/\/ubirataonline.com.br\/wp-content\/uploads\/2026\/04\/MPPR-disponibiliza-pagina-com-orientacoes-e-informacoes-sobre-direitos-de.png","contentUrl":"https:\/\/ubirataonline.com.br\/wp-content\/uploads\/2026\/04\/MPPR-disponibiliza-pagina-com-orientacoes-e-informacoes-sobre-direitos-de.png","width":675,"height":450,"caption":"MPPR disponibiliza p\u00e1gina com orienta\u00e7\u00f5es e informa\u00e7\u00f5es sobre direitos de v\u00edtimas de desastres clim\u00e1ticos"},{"@type":"BreadcrumbList","@id":"https:\/\/ubirataonline.com.br\/mppr-disponibiliza-pagina-com-orientacoes-e-informacoes-sobre-direitos-de-vitimas-de-desastres-climaticos\/#breadcrumb","itemListElement":[{"@type":"ListItem","position":1,"name":"In\u00edcio","item":"https:\/\/ubirataonline.com.br\/"},{"@type":"ListItem","position":2,"name":"MPPR disponibiliza p\u00e1gina com orienta\u00e7\u00f5es e informa\u00e7\u00f5es sobre direitos de v\u00edtimas de desastres clim\u00e1ticos"}]},{"@type":"WebSite","@id":"https:\/\/ubirataonline.com.br\/#website","url":"https:\/\/ubirataonline.com.br\/","name":"Ubirat\u00e3 Online Not\u00edcias","description":"Not\u00edcias de Ubirat\u00e3, regi\u00e3o, Brasil e mundo, com informa\u00e7\u00e3o atualizada e compromisso com o leitor.","publisher":{"@id":"https:\/\/ubirataonline.com.br\/#organization"},"alternateName":"Ubirat\u00e3 Online","potentialAction":[{"@type":"SearchAction","target":{"@type":"EntryPoint","urlTemplate":"https:\/\/ubirataonline.com.br\/?s={search_term_string}"},"query-input":{"@type":"PropertyValueSpecification","valueRequired":true,"valueName":"search_term_string"}}],"inLanguage":"en-US"},{"@type":["Organization","Place"],"@id":"https:\/\/ubirataonline.com.br\/#organization","name":"Ubirat\u00e3 Online Not\u00edcias","alternateName":"Ubirat\u00e3 Online","url":"https:\/\/ubirataonline.com.br\/","logo":{"@id":"https:\/\/ubirataonline.com.br\/mppr-disponibiliza-pagina-com-orientacoes-e-informacoes-sobre-direitos-de-vitimas-de-desastres-climaticos\/#local-main-organization-logo"},"image":{"@id":"https:\/\/ubirataonline.com.br\/mppr-disponibiliza-pagina-com-orientacoes-e-informacoes-sobre-direitos-de-vitimas-de-desastres-climaticos\/#local-main-organization-logo"},"sameAs":["https:\/\/www.facebook.com\/portalubirataonline","https:\/\/x.com\/ubirataonline","https:\/\/mastodon.social\/@ubirataonline","https:\/\/www.facebook.com\/groups\/311144672285604","https:\/\/www.facebook.com\/UBTAOnline","https:\/\/www.instagram.com\/portalubirataonline\/","https:\/\/twitter.com\/ubirataonline"],"description":"Somos um portal de not\u00edcias independente, criado em 5 de janeiro de 2009, com o objetivo de informar, conectar e valorizar a nossa comunidade de Ubirat\u00e3 e toda aregi\u00e3o. Com conte\u00fado atualizado, confi\u00e1vel e relevante, o Ubirat\u00e3 Online \u00e9 o seu espa\u00e7o para ficar por dentro dos principais acontecimentos locais, regionais, Brasil, Mundo e de interesse geral. Nosso compromisso \u00e9 com a verdade, a transpar\u00eancia e o respeito ao leitor.","legalName":"UBIRATA ONLINE NOT\u00cdCIAS","foundingDate":"2009-01-05","numberOfEmployees":{"@type":"QuantitativeValue","minValue":"1","maxValue":"10"},"publishingPrinciples":"https:\/\/ubirataonline.com.br\/faq\/","address":{"@id":"https:\/\/ubirataonline.com.br\/mppr-disponibiliza-pagina-com-orientacoes-e-informacoes-sobre-direitos-de-vitimas-de-desastres-climaticos\/#local-main-place-address"},"geo":{"@type":"GeoCoordinates","latitude":"-24.5361401","longitude":"-52.9921776"},"telephone":["+5544998308235"],"contactPoint":{"@type":"ContactPoint","email":"contato@ubirataonline.com.br"},"openingHoursSpecification":{"@type":"OpeningHoursSpecification","dayOfWeek":["Monday","Tuesday","Wednesday","Thursday","Friday","Saturday","Sunday"],"opens":"00:00","closes":"23:59"},"email":"contato@ubirataonline.com.br","vatID":"47.621.418\/0001-80"},{"@type":"Person","@id":"https:\/\/ubirataonline.com.br\/#\/schema\/person\/372f87bbd3fdd79b8556b84c98d0bc1c","name":"REDA\u00c7\u00c3O: UBIRAT\u00c3 ONLINE - F\u00c1BIO AUGUSTO CELESTINO","pronouns":"Ele","description":"Desde 2003 trabalhando com not\u00edcias.","sameAs":["http:\/\/ubirataoline.com.br","https:\/\/www.facebook.com\/portalubirataonline","https:\/\/www.instagram.com\/ubirataonline_oficial","https:\/\/x.com\/x.com\/ubirataonline"],"honorificPrefix":"Mr.","honorificSuffix":"MD","birthDate":"1980-06-16","gender":"masculino","award":["V\u00e1rios pr\u00eamios de melhor portal da cidade"],"jobTitle":"Diretor","url":"https:\/\/ubirataonline.com.br\/en\/author\/ubirataonline\/"},{"@type":"PostalAddress","@id":"https:\/\/ubirataonline.com.br\/mppr-disponibiliza-pagina-com-orientacoes-e-informacoes-sobre-direitos-de-vitimas-de-desastres-climaticos\/#local-main-place-address","streetAddress":"Rua dos Coqueiros, 104 - Bairro Boa Vista, Rua dos Coqueiros, 104 Bairro Boa Vista","addressLocality":"UBIRATA","postalCode":"85440-000","addressRegion":"PR","addressCountry":"BR"},{"@type":"ImageObject","inLanguage":"en-US","@id":"https:\/\/ubirataonline.com.br\/mppr-disponibiliza-pagina-com-orientacoes-e-informacoes-sobre-direitos-de-vitimas-de-desastres-climaticos\/#local-main-organization-logo","url":"https:\/\/ubirataonline.com.br\/wp-content\/uploads\/2026\/06\/logoubirataonline-1.webp","contentUrl":"https:\/\/ubirataonline.com.br\/wp-content\/uploads\/2026\/06\/logoubirataonline-1.webp","width":500,"height":500,"caption":"Ubirat\u00e3 Online Not\u00edcias"}]},"geo.placename":"UBIRATA","geo.position":{"lat":"-24.5361401","long":"-52.9921776"},"geo.region":"Brazil"},"_links":{"self":[{"href":"https:\/\/ubirataonline.com.br\/en\/wp-json\/wp\/v2\/posts\/109009","targetHints":{"allow":["GET"]}}],"collection":[{"href":"https:\/\/ubirataonline.com.br\/en\/wp-json\/wp\/v2\/posts"}],"about":[{"href":"https:\/\/ubirataonline.com.br\/en\/wp-json\/wp\/v2\/types\/post"}],"author":[{"embeddable":true,"href":"https:\/\/ubirataonline.com.br\/en\/wp-json\/wp\/v2\/users\/1"}],"replies":[{"embeddable":true,"href":"https:\/\/ubirataonline.com.br\/en\/wp-json\/wp\/v2\/comments?post=109009"}],"version-history":[{"count":0,"href":"https:\/\/ubirataonline.com.br\/en\/wp-json\/wp\/v2\/posts\/109009\/revisions"}],"wp:featuredmedia":[{"embeddable":true,"href":"https:\/\/ubirataonline.com.br\/en\/wp-json\/wp\/v2\/media\/109010"}],"wp:attachment":[{"href":"https:\/\/ubirataonline.com.br\/en\/wp-json\/wp\/v2\/media?parent=109009"}],"wp:term":[{"taxonomy":"category","embeddable":true,"href":"https:\/\/ubirataonline.com.br\/en\/wp-json\/wp\/v2\/categories?post=109009"},{"taxonomy":"post_tag","embeddable":true,"href":"https:\/\/ubirataonline.com.br\/en\/wp-json\/wp\/v2\/tags?post=109009"}],"curies":[{"name":"wp","href":"https:\/\/api.w.org\/{rel}","templated":true}]}}