{"id":109065,"date":"2026-04-16T12:59:38","date_gmt":"2026-04-16T15:59:38","guid":{"rendered":"https:\/\/ubirataonline.com.br\/?p=109065"},"modified":"2026-04-16T12:59:39","modified_gmt":"2026-04-16T15:59:39","slug":"do-exame-ao-autocuidado-5-setores-distintos-que-se-articulam-no-cuidado-com-a-saude","status":"publish","type":"post","link":"https:\/\/ubirataonline.com.br\/en\/do-exame-ao-autocuidado-5-setores-distintos-que-se-articulam-no-cuidado-com-a-saude\/","title":{"rendered":"Do exame ao autocuidado: 5 setores distintos que se articulam no cuidado com a sa\u00fade"},"content":{"rendered":"<p class=\"wp-block-paragraph\"><em>Integra\u00e7\u00e3o entre diagn\u00f3stico, tecnologia, alimenta\u00e7\u00e3o e servi\u00e7os amplia o conceito de bem-estar no dia a dia.<br><\/em><\/p>\n\n\n\n<p class=\"wp-block-paragraph\">O cuidado com a sa\u00fade tem se expandido para al\u00e9m dos consult\u00f3rios e hospitais, passando a envolver uma rede de servi\u00e7os e escolhas que acompanham o cotidiano das pessoas. Exames laboratoriais, acompanhamento m\u00e9dico, alimenta\u00e7\u00e3o, pr\u00e1tica de atividades f\u00edsicas e uso de tecnologia formam um conjunto de a\u00e7\u00f5es que, juntas, contribuem para o bem-estar.<\/p>\n\n\n\n<p class=\"wp-block-paragraph\">Essa transforma\u00e7\u00e3o tamb\u00e9m se reflete na atua\u00e7\u00e3o de empresas de diferentes setores, que se conectam ao universo da sa\u00fade de maneira complementar. Ao integrar solu\u00e7\u00f5es diversas, essas \u00e1reas ajudam a construir uma abordagem mais ampla, em que preven\u00e7\u00e3o, diagn\u00f3stico e autocuidado caminham lado a lado.<\/p>\n\n\n\n<p class=\"wp-block-paragraph\"><strong>1. Diagn\u00f3stico e exames laboratoriais<\/strong><\/p>\n\n\n\n<p class=\"wp-block-paragraph\">O ponto de partida para o cuidado com a sa\u00fade costuma ser a realiza\u00e7\u00e3o de exames. Empresas como o Labs a+ Medicina Diagn\u00f3stica, que integra o Grupo Fleury, atuam na oferta de an\u00e1lises cl\u00ednicas, exames de imagem e outras especialidades diagn\u00f3sticas que permitem identificar altera\u00e7\u00f5es no organismo.&nbsp;<\/p>\n\n\n\n<p class=\"wp-block-paragraph\">Com atendimento descomplicado, a rede oferece um ambiente acolhedor e moderno, al\u00e9m de se destacar como refer\u00eancia em <a href=\"https:\/\/www.labsamais.com.br\/\"><strong>laborat\u00f3rio no RJ<\/strong><\/a>, com diferentes unidades.<\/p>\n\n\n\n<p class=\"wp-block-paragraph\">A digitaliza\u00e7\u00e3o dos servi\u00e7os tamb\u00e9m facilita o acesso aos resultados, permitindo que pacientes acompanhem sua sa\u00fade de forma mais pr\u00f3xima.<\/p>\n\n\n\n<p class=\"wp-block-paragraph\"><strong>2. Atendimento m\u00e9dico e planos de sa\u00fade<\/strong><\/p>\n\n\n\n<p class=\"wp-block-paragraph\">O diagn\u00f3stico se conecta diretamente ao atendimento cl\u00ednico. Operadoras como a SulAm\u00e9rica fazem a ponte entre pacientes e profissionais de sa\u00fade, viabilizando consultas, exames e tratamentos.<\/p>\n\n\n\n<p class=\"wp-block-paragraph\">Essa integra\u00e7\u00e3o permite que o cuidado seja cont\u00ednuo, acompanhando o paciente ao longo do tempo. A presen\u00e7a de plataformas digitais tamb\u00e9m tem facilitado o agendamento de consultas e o acesso a orienta\u00e7\u00f5es m\u00e9dicas.<\/p>\n\n\n\n<p class=\"wp-block-paragraph\"><strong>3. Alimenta\u00e7\u00e3o e h\u00e1bitos cotidianos<\/strong><\/p>\n\n\n\n<p class=\"wp-block-paragraph\">A alimenta\u00e7\u00e3o desempenha papel importante no cuidado com a sa\u00fade. Empresas como a Nestl\u00e9 participam desse processo ao oferecer produtos que fazem parte da rotina alimentar.<\/p>\n\n\n\n<p class=\"wp-block-paragraph\">Ao mesmo tempo, cresce a busca por op\u00e7\u00f5es mais equilibradas, com menor teor de a\u00e7\u00facar, sal e gordura. Essa mudan\u00e7a reflete a preocupa\u00e7\u00e3o com o impacto da dieta na sa\u00fade e no bem-estar.<\/p>\n\n\n\n<p class=\"wp-block-paragraph\">O consumo consciente passa a ser parte do autocuidado, influenciando diretamente os resultados observados em exames e avalia\u00e7\u00f5es cl\u00ednicas.<\/p>\n\n\n\n<p class=\"wp-block-paragraph\"><strong>4. Tecnologia e monitoramento<\/strong><\/p>\n\n\n\n<p class=\"wp-block-paragraph\">O uso de tecnologia tem ampliado as possibilidades de acompanhamento da sa\u00fade. Dispositivos desenvolvidos por empresas como a Fitbit, do Google, permitem monitorar atividade f\u00edsica, sono e frequ\u00eancia card\u00edaca.<\/p>\n\n\n\n<p class=\"wp-block-paragraph\">Essas ferramentas ajudam o usu\u00e1rio a entender melhor seu pr\u00f3prio corpo, incentivando ajustes na rotina e maior aten\u00e7\u00e3o aos h\u00e1bitos di\u00e1rios. A integra\u00e7\u00e3o entre dados coletados por dispositivos e informa\u00e7\u00f5es m\u00e9dicas tamb\u00e9m contribui para um acompanhamento mais completo.<\/p>\n\n\n\n<p class=\"wp-block-paragraph\"><strong>5. Atividade f\u00edsica e bem-estar<\/strong><\/p>\n\n\n\n<p class=\"wp-block-paragraph\">A pr\u00e1tica de exerc\u00edcios \u00e9 um dos pilares do autocuidado. Marcas como a Reebok se conectam a esse h\u00e1bito ao oferecer produtos voltados ao conforto e \u00e0 pr\u00e1tica esportiva.<\/p>\n\n\n\n<p class=\"wp-block-paragraph\">Al\u00e9m das academias, atividades ao ar livre e programas de treino fazem parte da rotina de quem busca melhorar a qualidade de vida. O movimento contribui para o equil\u00edbrio f\u00edsico e mental, sendo um complemento importante ao acompanhamento cl\u00ednico.<\/p>\n\n\n\n<p class=\"wp-block-paragraph\"><strong>Integra\u00e7\u00e3o que redefine o cuidado<\/strong><\/p>\n\n\n\n<p class=\"wp-block-paragraph\">A articula\u00e7\u00e3o entre esses setores mostra como o cuidado com a sa\u00fade se tornou mais integrado. Exames laboratoriais fornecem informa\u00e7\u00f5es sobre o organismo, enquanto h\u00e1bitos di\u00e1rios e tecnologias ajudam a interpretar e agir sobre esses dados.<\/p>\n\n\n\n<p class=\"wp-block-paragraph\">Essa conex\u00e3o permite que o indiv\u00edduo tenha papel mais ativo no acompanhamento da pr\u00f3pria sa\u00fade, adotando pr\u00e1ticas que v\u00e3o al\u00e9m do tratamento de doen\u00e7as.<\/p>\n\n\n\n<p class=\"wp-block-paragraph\">Do diagn\u00f3stico ao autocuidado, diferentes \u00e1reas se complementam para formar uma rede de apoio ao bem-estar. Ao integrar servi\u00e7os, produtos e h\u00e1bitos, esse modelo amplia as possibilidades de cuidado e refor\u00e7a a import\u00e2ncia de uma abordagem cont\u00ednua, em que sa\u00fade \u00e9 constru\u00edda no dia a dia.<\/p>","protected":false},"excerpt":{"rendered":"<p>Integra\u00e7\u00e3o entre diagn\u00f3stico, tecnologia, alimenta\u00e7\u00e3o e servi\u00e7os amplia o conceito de bem-estar no dia a dia. O cuidado com a sa\u00fade tem se expandido para al\u00e9m dos consult\u00f3rios e hospitais, passando a envolver uma rede de servi\u00e7os e escolhas que acompanham o cotidiano das pessoas. Exames laboratoriais, acompanhamento m\u00e9dico, alimenta\u00e7\u00e3o, pr\u00e1tica de atividades f\u00edsicas e [&hellip;]<\/p>\n","protected":false},"author":1,"featured_media":109070,"comment_status":"closed","ping_status":"closed","sticky":false,"template":"","format":"standard","meta":{"googlesitekit_rrm_CAow2JLhCw:productID":"","_gspb_post_css":"","maa_idioma":"","maa_pais":"","footnotes":""},"categories":[4],"tags":[],"class_list":["post-109065","post","type-post","status-publish","format-standard","has-post-thumbnail","hentry","category-brasil"],"blocksy_meta":[],"yoast_head":"<!-- This site is optimized with the Yoast SEO Premium plugin v27.6 (Yoast SEO v27.6) - https:\/\/yoast.com\/product\/yoast-seo-premium-wordpress\/ -->\n<title>Do exame ao autocuidado: 5 setores distintos que se articulam no cuidado com a sa\u00fade - Ubirat\u00e3 Online Not\u00edcias - A realidade ao seu alcance!<\/title>\n<meta name=\"description\" content=\"Integra\u00e7\u00e3o entre diagn\u00f3stico, tecnologia, alimenta\u00e7\u00e3o e servi\u00e7os amplia o conceito de bem-estar no dia a dia. O cuidado com a sa\u00fade tem se expandido para\" \/>\n<meta name=\"robots\" content=\"index, follow, max-snippet:-1, max-image-preview:large, max-video-preview:-1\" \/>\n<link rel=\"canonical\" href=\"https:\/\/ubirataonline.com.br\/en\/do-exame-ao-autocuidado-5-setores-distintos-que-se-articulam-no-cuidado-com-a-saude\/\" \/>\n<meta property=\"og:locale\" content=\"en_US\" \/>\n<meta property=\"og:type\" content=\"article\" \/>\n<meta property=\"og:title\" content=\"Do exame ao autocuidado: 5 setores distintos que se articulam no cuidado com a sa\u00fade\" \/>\n<meta property=\"og:description\" content=\"Integra\u00e7\u00e3o entre diagn\u00f3stico, tecnologia, alimenta\u00e7\u00e3o e servi\u00e7os amplia o conceito de bem-estar no dia a dia. O cuidado com a sa\u00fade tem se expandido para\" \/>\n<meta property=\"og:url\" content=\"https:\/\/ubirataonline.com.br\/en\/do-exame-ao-autocuidado-5-setores-distintos-que-se-articulam-no-cuidado-com-a-saude\/\" \/>\n<meta property=\"og:site_name\" content=\"Ubirat\u00e3 Online Not\u00edcias - A realidade ao seu alcance!\" \/>\n<meta property=\"article:publisher\" content=\"https:\/\/www.facebook.com\/portalubirataonline\" \/>\n<meta property=\"article:author\" content=\"https:\/\/www.facebook.com\/portalubirataonline\" \/>\n<meta property=\"article:published_time\" content=\"2026-04-16T15:59:38+00:00\" \/>\n<meta property=\"article:modified_time\" content=\"2026-04-16T15:59:39+00:00\" \/>\n<meta property=\"og:image\" content=\"https:\/\/ubirataonline.com.br\/wp-content\/uploads\/2026\/04\/2148757365.jpg\" \/>\n\t<meta property=\"og:image:width\" content=\"1000\" \/>\n\t<meta property=\"og:image:height\" content=\"667\" \/>\n\t<meta property=\"og:image:type\" content=\"image\/jpeg\" \/>\n<meta name=\"author\" content=\"REDA\u00c7\u00c3O: UBIRAT\u00c3 ONLINE - F\u00c1BIO AUGUSTO CELESTINO\" \/>\n<meta name=\"twitter:card\" content=\"summary_large_image\" \/>\n<meta name=\"twitter:creator\" content=\"@x.com\/ubirataonline\" \/>\n<meta name=\"twitter:site\" content=\"@ubirataonline\" \/>\n<meta name=\"twitter:label1\" content=\"Written by\" \/>\n\t<meta name=\"twitter:data1\" content=\"REDA\u00c7\u00c3O: UBIRAT\u00c3 ONLINE - F\u00c1BIO AUGUSTO CELESTINO\" \/>\n\t<meta name=\"twitter:label2\" content=\"Est. reading time\" \/>\n\t<meta name=\"twitter:data2\" content=\"3 minutes\" \/>\n<script type=\"application\/ld+json\" class=\"yoast-schema-graph\">{\"@context\":\"https:\\\/\\\/schema.org\",\"@graph\":[{\"@type\":\"NewsArticle\",\"@id\":\"https:\\\/\\\/ubirataonline.com.br\\\/do-exame-ao-autocuidado-5-setores-distintos-que-se-articulam-no-cuidado-com-a-saude\\\/#article\",\"isPartOf\":{\"@id\":\"https:\\\/\\\/ubirataonline.com.br\\\/do-exame-ao-autocuidado-5-setores-distintos-que-se-articulam-no-cuidado-com-a-saude\\\/\"},\"author\":{\"name\":\"REDA\u00c7\u00c3O: UBIRAT\u00c3 ONLINE - F\u00c1BIO AUGUSTO CELESTINO\",\"@id\":\"https:\\\/\\\/ubirataonline.com.br\\\/#\\\/schema\\\/person\\\/372f87bbd3fdd79b8556b84c98d0bc1c\"},\"headline\":\"Do exame ao autocuidado: 5 setores distintos que se articulam no cuidado com a sa\u00fade\",\"datePublished\":\"2026-04-16T15:59:38+00:00\",\"dateModified\":\"2026-04-16T15:59:39+00:00\",\"mainEntityOfPage\":{\"@id\":\"https:\\\/\\\/ubirataonline.com.br\\\/do-exame-ao-autocuidado-5-setores-distintos-que-se-articulam-no-cuidado-com-a-saude\\\/\"},\"wordCount\":725,\"publisher\":{\"@id\":\"https:\\\/\\\/ubirataonline.com.br\\\/#organization\"},\"image\":{\"@id\":\"https:\\\/\\\/ubirataonline.com.br\\\/do-exame-ao-autocuidado-5-setores-distintos-que-se-articulam-no-cuidado-com-a-saude\\\/#primaryimage\"},\"thumbnailUrl\":\"https:\\\/\\\/ubirataonline.com.br\\\/wp-content\\\/uploads\\\/2026\\\/04\\\/2148757365.jpg\",\"articleSection\":[\"Brasil\"],\"inLanguage\":\"en-US\",\"copyrightYear\":\"2026\",\"copyrightHolder\":{\"@id\":\"https:\\\/\\\/ubirataonline.com.br\\\/en\\\/#organization\"}},{\"@type\":\"WebPage\",\"@id\":\"https:\\\/\\\/ubirataonline.com.br\\\/do-exame-ao-autocuidado-5-setores-distintos-que-se-articulam-no-cuidado-com-a-saude\\\/\",\"url\":\"https:\\\/\\\/ubirataonline.com.br\\\/do-exame-ao-autocuidado-5-setores-distintos-que-se-articulam-no-cuidado-com-a-saude\\\/\",\"name\":\"Do exame ao autocuidado: 5 setores distintos que se articulam no cuidado com a sa\u00fade - Ubirat\u00e3 Online Not\u00edcias - A realidade ao seu alcance!\",\"isPartOf\":{\"@id\":\"https:\\\/\\\/ubirataonline.com.br\\\/#website\"},\"primaryImageOfPage\":{\"@id\":\"https:\\\/\\\/ubirataonline.com.br\\\/do-exame-ao-autocuidado-5-setores-distintos-que-se-articulam-no-cuidado-com-a-saude\\\/#primaryimage\"},\"image\":{\"@id\":\"https:\\\/\\\/ubirataonline.com.br\\\/do-exame-ao-autocuidado-5-setores-distintos-que-se-articulam-no-cuidado-com-a-saude\\\/#primaryimage\"},\"thumbnailUrl\":\"https:\\\/\\\/ubirataonline.com.br\\\/wp-content\\\/uploads\\\/2026\\\/04\\\/2148757365.jpg\",\"datePublished\":\"2026-04-16T15:59:38+00:00\",\"dateModified\":\"2026-04-16T15:59:39+00:00\",\"description\":\"Integra\u00e7\u00e3o entre diagn\u00f3stico, tecnologia, alimenta\u00e7\u00e3o e servi\u00e7os amplia o conceito de bem-estar no dia a dia. O cuidado com a sa\u00fade tem se expandido para\",\"breadcrumb\":{\"@id\":\"https:\\\/\\\/ubirataonline.com.br\\\/do-exame-ao-autocuidado-5-setores-distintos-que-se-articulam-no-cuidado-com-a-saude\\\/#breadcrumb\"},\"inLanguage\":\"en-US\",\"potentialAction\":[{\"@type\":\"ReadAction\",\"target\":[\"https:\\\/\\\/ubirataonline.com.br\\\/do-exame-ao-autocuidado-5-setores-distintos-que-se-articulam-no-cuidado-com-a-saude\\\/\"]}]},{\"@type\":\"ImageObject\",\"inLanguage\":\"en-US\",\"@id\":\"https:\\\/\\\/ubirataonline.com.br\\\/do-exame-ao-autocuidado-5-setores-distintos-que-se-articulam-no-cuidado-com-a-saude\\\/#primaryimage\",\"url\":\"https:\\\/\\\/ubirataonline.com.br\\\/wp-content\\\/uploads\\\/2026\\\/04\\\/2148757365.jpg\",\"contentUrl\":\"https:\\\/\\\/ubirataonline.com.br\\\/wp-content\\\/uploads\\\/2026\\\/04\\\/2148757365.jpg\",\"width\":1000,\"height\":667,\"caption\":\"https:\\\/\\\/br.freepik.com\\\/\"},{\"@type\":\"BreadcrumbList\",\"@id\":\"https:\\\/\\\/ubirataonline.com.br\\\/do-exame-ao-autocuidado-5-setores-distintos-que-se-articulam-no-cuidado-com-a-saude\\\/#breadcrumb\",\"itemListElement\":[{\"@type\":\"ListItem\",\"position\":1,\"name\":\"In\u00edcio\",\"item\":\"https:\\\/\\\/ubirataonline.com.br\\\/\"},{\"@type\":\"ListItem\",\"position\":2,\"name\":\"Do exame ao autocuidado: 5 setores distintos que se articulam no cuidado com a sa\u00fade\"}]},{\"@type\":\"WebSite\",\"@id\":\"https:\\\/\\\/ubirataonline.com.br\\\/#website\",\"url\":\"https:\\\/\\\/ubirataonline.com.br\\\/\",\"name\":\"Ubirat\u00e3 Online Not\u00edcias\",\"description\":\"Not\u00edcias de Ubirat\u00e3, regi\u00e3o, Brasil e mundo, com informa\u00e7\u00e3o atualizada e compromisso com o leitor.\",\"publisher\":{\"@id\":\"https:\\\/\\\/ubirataonline.com.br\\\/#organization\"},\"alternateName\":\"Ubirat\u00e3 Online\",\"potentialAction\":[{\"@type\":\"SearchAction\",\"target\":{\"@type\":\"EntryPoint\",\"urlTemplate\":\"https:\\\/\\\/ubirataonline.com.br\\\/?s={search_term_string}\"},\"query-input\":{\"@type\":\"PropertyValueSpecification\",\"valueRequired\":true,\"valueName\":\"search_term_string\"}}],\"inLanguage\":\"en-US\"},{\"@type\":[\"Organization\",\"Place\"],\"@id\":\"https:\\\/\\\/ubirataonline.com.br\\\/#organization\",\"name\":\"Ubirat\u00e3 Online Not\u00edcias\",\"alternateName\":\"Ubirat\u00e3 Online\",\"url\":\"https:\\\/\\\/ubirataonline.com.br\\\/\",\"logo\":{\"@id\":\"https:\\\/\\\/ubirataonline.com.br\\\/do-exame-ao-autocuidado-5-setores-distintos-que-se-articulam-no-cuidado-com-a-saude\\\/#local-main-organization-logo\"},\"image\":{\"@id\":\"https:\\\/\\\/ubirataonline.com.br\\\/do-exame-ao-autocuidado-5-setores-distintos-que-se-articulam-no-cuidado-com-a-saude\\\/#local-main-organization-logo\"},\"sameAs\":[\"https:\\\/\\\/www.facebook.com\\\/portalubirataonline\",\"https:\\\/\\\/x.com\\\/ubirataonline\",\"https:\\\/\\\/mastodon.social\\\/@ubirataonline\",\"https:\\\/\\\/www.facebook.com\\\/groups\\\/311144672285604\",\"https:\\\/\\\/www.facebook.com\\\/UBTAOnline\",\"https:\\\/\\\/www.instagram.com\\\/portalubirataonline\\\/\",\"https:\\\/\\\/twitter.com\\\/ubirataonline\"],\"description\":\"Somos um portal de not\u00edcias independente, criado em 5 de janeiro de 2009, com o objetivo de informar, conectar e valorizar a nossa comunidade de Ubirat\u00e3 e toda aregi\u00e3o. Com conte\u00fado atualizado, confi\u00e1vel e relevante, o Ubirat\u00e3 Online \u00e9 o seu espa\u00e7o para ficar por dentro dos principais acontecimentos locais, regionais, Brasil, Mundo e de interesse geral. Nosso compromisso \u00e9 com a verdade, a transpar\u00eancia e o respeito ao leitor.\",\"legalName\":\"UBIRATA ONLINE NOT\u00cdCIAS\",\"foundingDate\":\"2009-01-05\",\"numberOfEmployees\":{\"@type\":\"QuantitativeValue\",\"minValue\":\"1\",\"maxValue\":\"10\"},\"publishingPrinciples\":\"https:\\\/\\\/ubirataonline.com.br\\\/faq\\\/\",\"address\":{\"@id\":\"https:\\\/\\\/ubirataonline.com.br\\\/do-exame-ao-autocuidado-5-setores-distintos-que-se-articulam-no-cuidado-com-a-saude\\\/#local-main-place-address\"},\"geo\":{\"@type\":\"GeoCoordinates\",\"latitude\":\"-24.5361401\",\"longitude\":\"-52.9921776\"},\"telephone\":[\"+5544998308235\"],\"contactPoint\":{\"@type\":\"ContactPoint\",\"email\":\"contato@ubirataonline.com.br\"},\"openingHoursSpecification\":{\"@type\":\"OpeningHoursSpecification\",\"dayOfWeek\":[\"Monday\",\"Tuesday\",\"Wednesday\",\"Thursday\",\"Friday\",\"Saturday\",\"Sunday\"],\"opens\":\"00:00\",\"closes\":\"23:59\"},\"email\":\"contato@ubirataonline.com.br\",\"vatID\":\"47.621.418\\\/0001-80\"},{\"@type\":\"Person\",\"@id\":\"https:\\\/\\\/ubirataonline.com.br\\\/#\\\/schema\\\/person\\\/372f87bbd3fdd79b8556b84c98d0bc1c\",\"name\":\"REDA\u00c7\u00c3O: UBIRAT\u00c3 ONLINE - F\u00c1BIO AUGUSTO CELESTINO\",\"pronouns\":\"Ele\",\"description\":\"Desde 2003 trabalhando com not\u00edcias.\",\"sameAs\":[\"http:\\\/\\\/ubirataoline.com.br\",\"https:\\\/\\\/www.facebook.com\\\/portalubirataonline\",\"https:\\\/\\\/www.instagram.com\\\/ubirataonline_oficial\",\"https:\\\/\\\/x.com\\\/x.com\\\/ubirataonline\"],\"honorificPrefix\":\"Mr.\",\"honorificSuffix\":\"MD\",\"birthDate\":\"1980-06-16\",\"gender\":\"masculino\",\"award\":[\"V\u00e1rios pr\u00eamios de melhor portal da cidade\"],\"jobTitle\":\"Diretor\",\"url\":\"https:\\\/\\\/ubirataonline.com.br\\\/en\\\/author\\\/ubirataonline\\\/\"},{\"@type\":\"PostalAddress\",\"@id\":\"https:\\\/\\\/ubirataonline.com.br\\\/do-exame-ao-autocuidado-5-setores-distintos-que-se-articulam-no-cuidado-com-a-saude\\\/#local-main-place-address\",\"streetAddress\":\"Rua dos Coqueiros, 104 - Bairro Boa Vista, Rua dos Coqueiros, 104 Bairro Boa Vista\",\"addressLocality\":\"UBIRATA\",\"postalCode\":\"85440-000\",\"addressRegion\":\"PR\",\"addressCountry\":\"BR\"},{\"@type\":\"ImageObject\",\"inLanguage\":\"en-US\",\"@id\":\"https:\\\/\\\/ubirataonline.com.br\\\/do-exame-ao-autocuidado-5-setores-distintos-que-se-articulam-no-cuidado-com-a-saude\\\/#local-main-organization-logo\",\"url\":\"https:\\\/\\\/ubirataonline.com.br\\\/wp-content\\\/uploads\\\/2026\\\/06\\\/logoubirataonline-1.webp\",\"contentUrl\":\"https:\\\/\\\/ubirataonline.com.br\\\/wp-content\\\/uploads\\\/2026\\\/06\\\/logoubirataonline-1.webp\",\"width\":500,\"height\":500,\"caption\":\"Ubirat\u00e3 Online Not\u00edcias\"}]}<\/script>\n<meta name=\"geo.placename\" content=\"UBIRATA\" \/>\n<meta name=\"geo.position\" content=\"-24.5361401;-52.9921776\" \/>\n<meta name=\"geo.region\" content=\"Brazil\" \/>\n<!-- \/ Yoast SEO Premium plugin. -->","yoast_head_json":{"title":"Do exame ao autocuidado: 5 setores distintos que se articulam no cuidado com a sa\u00fade - Ubirat\u00e3 Online Not\u00edcias - A realidade ao seu alcance!","description":"Integra\u00e7\u00e3o entre diagn\u00f3stico, tecnologia, alimenta\u00e7\u00e3o e servi\u00e7os amplia o conceito de bem-estar no dia a dia. O cuidado com a sa\u00fade tem se expandido para","robots":{"index":"index","follow":"follow","max-snippet":"max-snippet:-1","max-image-preview":"max-image-preview:large","max-video-preview":"max-video-preview:-1"},"canonical":"https:\/\/ubirataonline.com.br\/en\/do-exame-ao-autocuidado-5-setores-distintos-que-se-articulam-no-cuidado-com-a-saude\/","og_locale":"en_US","og_type":"article","og_title":"Do exame ao autocuidado: 5 setores distintos que se articulam no cuidado com a sa\u00fade","og_description":"Integra\u00e7\u00e3o entre diagn\u00f3stico, tecnologia, alimenta\u00e7\u00e3o e servi\u00e7os amplia o conceito de bem-estar no dia a dia. O cuidado com a sa\u00fade tem se expandido para","og_url":"https:\/\/ubirataonline.com.br\/en\/do-exame-ao-autocuidado-5-setores-distintos-que-se-articulam-no-cuidado-com-a-saude\/","og_site_name":"Ubirat\u00e3 Online Not\u00edcias - A realidade ao seu alcance!","article_publisher":"https:\/\/www.facebook.com\/portalubirataonline","article_author":"https:\/\/www.facebook.com\/portalubirataonline","article_published_time":"2026-04-16T15:59:38+00:00","article_modified_time":"2026-04-16T15:59:39+00:00","og_image":[{"width":1000,"height":667,"url":"https:\/\/ubirataonline.com.br\/wp-content\/uploads\/2026\/04\/2148757365.jpg","type":"image\/jpeg"}],"author":"REDA\u00c7\u00c3O: UBIRAT\u00c3 ONLINE - F\u00c1BIO AUGUSTO CELESTINO","twitter_card":"summary_large_image","twitter_creator":"@x.com\/ubirataonline","twitter_site":"@ubirataonline","twitter_misc":{"Written by":"REDA\u00c7\u00c3O: UBIRAT\u00c3 ONLINE - F\u00c1BIO AUGUSTO CELESTINO","Est. reading time":"3 minutes"},"schema":{"@context":"https:\/\/schema.org","@graph":[{"@type":"NewsArticle","@id":"https:\/\/ubirataonline.com.br\/do-exame-ao-autocuidado-5-setores-distintos-que-se-articulam-no-cuidado-com-a-saude\/#article","isPartOf":{"@id":"https:\/\/ubirataonline.com.br\/do-exame-ao-autocuidado-5-setores-distintos-que-se-articulam-no-cuidado-com-a-saude\/"},"author":{"name":"REDA\u00c7\u00c3O: UBIRAT\u00c3 ONLINE - F\u00c1BIO AUGUSTO CELESTINO","@id":"https:\/\/ubirataonline.com.br\/#\/schema\/person\/372f87bbd3fdd79b8556b84c98d0bc1c"},"headline":"Do exame ao autocuidado: 5 setores distintos que se articulam no cuidado com a sa\u00fade","datePublished":"2026-04-16T15:59:38+00:00","dateModified":"2026-04-16T15:59:39+00:00","mainEntityOfPage":{"@id":"https:\/\/ubirataonline.com.br\/do-exame-ao-autocuidado-5-setores-distintos-que-se-articulam-no-cuidado-com-a-saude\/"},"wordCount":725,"publisher":{"@id":"https:\/\/ubirataonline.com.br\/#organization"},"image":{"@id":"https:\/\/ubirataonline.com.br\/do-exame-ao-autocuidado-5-setores-distintos-que-se-articulam-no-cuidado-com-a-saude\/#primaryimage"},"thumbnailUrl":"https:\/\/ubirataonline.com.br\/wp-content\/uploads\/2026\/04\/2148757365.jpg","articleSection":["Brasil"],"inLanguage":"en-US","copyrightYear":"2026","copyrightHolder":{"@id":"https:\/\/ubirataonline.com.br\/en\/#organization"}},{"@type":"WebPage","@id":"https:\/\/ubirataonline.com.br\/do-exame-ao-autocuidado-5-setores-distintos-que-se-articulam-no-cuidado-com-a-saude\/","url":"https:\/\/ubirataonline.com.br\/do-exame-ao-autocuidado-5-setores-distintos-que-se-articulam-no-cuidado-com-a-saude\/","name":"Do exame ao autocuidado: 5 setores distintos que se articulam no cuidado com a sa\u00fade - Ubirat\u00e3 Online Not\u00edcias - A realidade ao seu alcance!","isPartOf":{"@id":"https:\/\/ubirataonline.com.br\/#website"},"primaryImageOfPage":{"@id":"https:\/\/ubirataonline.com.br\/do-exame-ao-autocuidado-5-setores-distintos-que-se-articulam-no-cuidado-com-a-saude\/#primaryimage"},"image":{"@id":"https:\/\/ubirataonline.com.br\/do-exame-ao-autocuidado-5-setores-distintos-que-se-articulam-no-cuidado-com-a-saude\/#primaryimage"},"thumbnailUrl":"https:\/\/ubirataonline.com.br\/wp-content\/uploads\/2026\/04\/2148757365.jpg","datePublished":"2026-04-16T15:59:38+00:00","dateModified":"2026-04-16T15:59:39+00:00","description":"Integra\u00e7\u00e3o entre diagn\u00f3stico, tecnologia, alimenta\u00e7\u00e3o e servi\u00e7os amplia o conceito de bem-estar no dia a dia. O cuidado com a sa\u00fade tem se expandido para","breadcrumb":{"@id":"https:\/\/ubirataonline.com.br\/do-exame-ao-autocuidado-5-setores-distintos-que-se-articulam-no-cuidado-com-a-saude\/#breadcrumb"},"inLanguage":"en-US","potentialAction":[{"@type":"ReadAction","target":["https:\/\/ubirataonline.com.br\/do-exame-ao-autocuidado-5-setores-distintos-que-se-articulam-no-cuidado-com-a-saude\/"]}]},{"@type":"ImageObject","inLanguage":"en-US","@id":"https:\/\/ubirataonline.com.br\/do-exame-ao-autocuidado-5-setores-distintos-que-se-articulam-no-cuidado-com-a-saude\/#primaryimage","url":"https:\/\/ubirataonline.com.br\/wp-content\/uploads\/2026\/04\/2148757365.jpg","contentUrl":"https:\/\/ubirataonline.com.br\/wp-content\/uploads\/2026\/04\/2148757365.jpg","width":1000,"height":667,"caption":"https:\/\/br.freepik.com\/"},{"@type":"BreadcrumbList","@id":"https:\/\/ubirataonline.com.br\/do-exame-ao-autocuidado-5-setores-distintos-que-se-articulam-no-cuidado-com-a-saude\/#breadcrumb","itemListElement":[{"@type":"ListItem","position":1,"name":"In\u00edcio","item":"https:\/\/ubirataonline.com.br\/"},{"@type":"ListItem","position":2,"name":"Do exame ao autocuidado: 5 setores distintos que se articulam no cuidado com a sa\u00fade"}]},{"@type":"WebSite","@id":"https:\/\/ubirataonline.com.br\/#website","url":"https:\/\/ubirataonline.com.br\/","name":"Ubirat\u00e3 Online Not\u00edcias","description":"Not\u00edcias de Ubirat\u00e3, regi\u00e3o, Brasil e mundo, com informa\u00e7\u00e3o atualizada e compromisso com o leitor.","publisher":{"@id":"https:\/\/ubirataonline.com.br\/#organization"},"alternateName":"Ubirat\u00e3 Online","potentialAction":[{"@type":"SearchAction","target":{"@type":"EntryPoint","urlTemplate":"https:\/\/ubirataonline.com.br\/?s={search_term_string}"},"query-input":{"@type":"PropertyValueSpecification","valueRequired":true,"valueName":"search_term_string"}}],"inLanguage":"en-US"},{"@type":["Organization","Place"],"@id":"https:\/\/ubirataonline.com.br\/#organization","name":"Ubirat\u00e3 Online Not\u00edcias","alternateName":"Ubirat\u00e3 Online","url":"https:\/\/ubirataonline.com.br\/","logo":{"@id":"https:\/\/ubirataonline.com.br\/do-exame-ao-autocuidado-5-setores-distintos-que-se-articulam-no-cuidado-com-a-saude\/#local-main-organization-logo"},"image":{"@id":"https:\/\/ubirataonline.com.br\/do-exame-ao-autocuidado-5-setores-distintos-que-se-articulam-no-cuidado-com-a-saude\/#local-main-organization-logo"},"sameAs":["https:\/\/www.facebook.com\/portalubirataonline","https:\/\/x.com\/ubirataonline","https:\/\/mastodon.social\/@ubirataonline","https:\/\/www.facebook.com\/groups\/311144672285604","https:\/\/www.facebook.com\/UBTAOnline","https:\/\/www.instagram.com\/portalubirataonline\/","https:\/\/twitter.com\/ubirataonline"],"description":"Somos um portal de not\u00edcias independente, criado em 5 de janeiro de 2009, com o objetivo de informar, conectar e valorizar a nossa comunidade de Ubirat\u00e3 e toda aregi\u00e3o. Com conte\u00fado atualizado, confi\u00e1vel e relevante, o Ubirat\u00e3 Online \u00e9 o seu espa\u00e7o para ficar por dentro dos principais acontecimentos locais, regionais, Brasil, Mundo e de interesse geral. Nosso compromisso \u00e9 com a verdade, a transpar\u00eancia e o respeito ao leitor.","legalName":"UBIRATA ONLINE NOT\u00cdCIAS","foundingDate":"2009-01-05","numberOfEmployees":{"@type":"QuantitativeValue","minValue":"1","maxValue":"10"},"publishingPrinciples":"https:\/\/ubirataonline.com.br\/faq\/","address":{"@id":"https:\/\/ubirataonline.com.br\/do-exame-ao-autocuidado-5-setores-distintos-que-se-articulam-no-cuidado-com-a-saude\/#local-main-place-address"},"geo":{"@type":"GeoCoordinates","latitude":"-24.5361401","longitude":"-52.9921776"},"telephone":["+5544998308235"],"contactPoint":{"@type":"ContactPoint","email":"contato@ubirataonline.com.br"},"openingHoursSpecification":{"@type":"OpeningHoursSpecification","dayOfWeek":["Monday","Tuesday","Wednesday","Thursday","Friday","Saturday","Sunday"],"opens":"00:00","closes":"23:59"},"email":"contato@ubirataonline.com.br","vatID":"47.621.418\/0001-80"},{"@type":"Person","@id":"https:\/\/ubirataonline.com.br\/#\/schema\/person\/372f87bbd3fdd79b8556b84c98d0bc1c","name":"REDA\u00c7\u00c3O: UBIRAT\u00c3 ONLINE - F\u00c1BIO AUGUSTO CELESTINO","pronouns":"Ele","description":"Desde 2003 trabalhando com not\u00edcias.","sameAs":["http:\/\/ubirataoline.com.br","https:\/\/www.facebook.com\/portalubirataonline","https:\/\/www.instagram.com\/ubirataonline_oficial","https:\/\/x.com\/x.com\/ubirataonline"],"honorificPrefix":"Mr.","honorificSuffix":"MD","birthDate":"1980-06-16","gender":"masculino","award":["V\u00e1rios pr\u00eamios de melhor portal da cidade"],"jobTitle":"Diretor","url":"https:\/\/ubirataonline.com.br\/en\/author\/ubirataonline\/"},{"@type":"PostalAddress","@id":"https:\/\/ubirataonline.com.br\/do-exame-ao-autocuidado-5-setores-distintos-que-se-articulam-no-cuidado-com-a-saude\/#local-main-place-address","streetAddress":"Rua dos Coqueiros, 104 - Bairro Boa Vista, Rua dos Coqueiros, 104 Bairro Boa Vista","addressLocality":"UBIRATA","postalCode":"85440-000","addressRegion":"PR","addressCountry":"BR"},{"@type":"ImageObject","inLanguage":"en-US","@id":"https:\/\/ubirataonline.com.br\/do-exame-ao-autocuidado-5-setores-distintos-que-se-articulam-no-cuidado-com-a-saude\/#local-main-organization-logo","url":"https:\/\/ubirataonline.com.br\/wp-content\/uploads\/2026\/06\/logoubirataonline-1.webp","contentUrl":"https:\/\/ubirataonline.com.br\/wp-content\/uploads\/2026\/06\/logoubirataonline-1.webp","width":500,"height":500,"caption":"Ubirat\u00e3 Online Not\u00edcias"}]},"geo.placename":"UBIRATA","geo.position":{"lat":"-24.5361401","long":"-52.9921776"},"geo.region":"Brazil"},"_links":{"self":[{"href":"https:\/\/ubirataonline.com.br\/en\/wp-json\/wp\/v2\/posts\/109065","targetHints":{"allow":["GET"]}}],"collection":[{"href":"https:\/\/ubirataonline.com.br\/en\/wp-json\/wp\/v2\/posts"}],"about":[{"href":"https:\/\/ubirataonline.com.br\/en\/wp-json\/wp\/v2\/types\/post"}],"author":[{"embeddable":true,"href":"https:\/\/ubirataonline.com.br\/en\/wp-json\/wp\/v2\/users\/1"}],"replies":[{"embeddable":true,"href":"https:\/\/ubirataonline.com.br\/en\/wp-json\/wp\/v2\/comments?post=109065"}],"version-history":[{"count":0,"href":"https:\/\/ubirataonline.com.br\/en\/wp-json\/wp\/v2\/posts\/109065\/revisions"}],"wp:featuredmedia":[{"embeddable":true,"href":"https:\/\/ubirataonline.com.br\/en\/wp-json\/wp\/v2\/media\/109070"}],"wp:attachment":[{"href":"https:\/\/ubirataonline.com.br\/en\/wp-json\/wp\/v2\/media?parent=109065"}],"wp:term":[{"taxonomy":"category","embeddable":true,"href":"https:\/\/ubirataonline.com.br\/en\/wp-json\/wp\/v2\/categories?post=109065"},{"taxonomy":"post_tag","embeddable":true,"href":"https:\/\/ubirataonline.com.br\/en\/wp-json\/wp\/v2\/tags?post=109065"}],"curies":[{"name":"wp","href":"https:\/\/api.w.org\/{rel}","templated":true}]}}