{"id":109217,"date":"2026-04-16T16:29:42","date_gmt":"2026-04-16T19:29:42","guid":{"rendered":"https:\/\/ubirataonline.com.br\/ice-agent-charged-with-assault-and-accused-of-pointing-a-gun-at-civilians-in-minnesota\/"},"modified":"2026-04-16T16:29:47","modified_gmt":"2026-04-16T19:29:47","slug":"ice-agent-charged-with-assault-and-accused-of-pointing-a-gun-at-civilians-in-minnesota","status":"publish","type":"post","link":"https:\/\/ubirataonline.com.br\/en\/ice-agent-charged-with-assault-and-accused-of-pointing-a-gun-at-civilians-in-minnesota\/","title":{"rendered":"ICE agent charged with assault and accused of pointing a gun at civilians in Minnesota"},"content":{"rendered":"<p><br \/>\n<\/p>\n<div>\n<p id=\"anchor-ea3f7f\" class=\"body-graf\">An ICE agent who was part of <a href=\"https:\/\/www.nbcnews.com\/news\/us-news\/minneapolis-residents-say-feels-are-invasion-federal-agents-flood-city-rcna254061\" target=\"_blank\">the federal immigration surge in Minnesota earlier this year<\/a> was charged with felony second-degree assault with a dangerous weapon, a Minnesota prosecutor announced Thursday. The agent, Gregory Donnell Morgan Jr., is accused of pointing a gun at the heads of two civilians in a vehicle, Hennepin County Attorney Mary Moriarty said.<\/p>\n<p><button class=\"styles_subscriptionCTA__LOUeY\" id=\"subscriptionCTA\" type=\"button\"><\/p>\n<div class=\"styles_textWrapper__vxvko\">\n<p class=\"styles_text__daaVB styles_textLarge__qlzwu\">Subscribe to read this story ad-free    <\/p>\n<p class=\"styles_text__daaVB\">Get unlimited access to ad-free articles and exclusive content.<\/p>\n<\/div>\n<p><img decoding=\"async\" src=\"https:\/\/media-cldnry.s-nbcnews.com\/image\/upload\/rockcms\/2026-01\/arrow-f55fa5.svg\" alt=\"arrow\" class=\"styles_arrow__tnruW\" aria-hidden=\"true\"\/><\/button><\/p>\n<p id=\"anchor-14428a\" class=\"body-graf\">This is the first case of an ICE agent facing charges related to the Trump administration\u2019s <a href=\"https:\/\/www.nbcnews.com\/news\/us-news\/ice-operation-immigration-arrests-minnesota-rcna248609\" target=\"_blank\">Operation Metro Surge in Minnesota<\/a>, which drew national outrage after the fatal shootings of two U.S. citizens by federal immigration authorities.<\/p>\n<p id=\"anchor-5e8251\" class=\"body-graf\">Morgan was charged Thursday with two counts of second-degree assault with a dangerous weapon, one count for each victim, and there is a warrant out for his arrest, Moriarty said. <\/p>\n<p id=\"anchor-e8adb0\" class=\"body-graf\">The Department of Homeland Security did not immediately respond to a request for comment about the charges.<\/p>\n<p id=\"anchor-7aee69\" class=\"body-graf\">On Feb. 5, Morgan was driving an SUV with no markings when he pulled up next to another vehicle and \u201cpointed his duty weapon directly at both victims while continuing to drive illegally on the shoulder\u201d of a highway, she said. The driver then called 911.<\/p>\n<p id=\"anchor-5b7d7e\" class=\"body-graf\">For \u201ca federal agent, our opinion is that illegally driving on a shoulder, pulling up to a car and pointing a gun at the heads of two community members who are not doing anything at the time is well beyond the scope of their authority,\u201d she said.<\/p>\n<p id=\"anchor-c101ba\" class=\"body-graf\">The prosecutor said it appeared Morgan was attempting to bypass slower traffic when the victim \u201cbriefly moved their vehicle into the shoulder to slow him down.\u201d<\/p>\n<p id=\"anchor-65b8a9\" class=\"body-graf\">The agent then pulled up to the victim\u2019s vehicle before opening his window and pointing his duty weapon at the driver and passenger, she said.<\/p>\n<p id=\"anchor-a5b9b3\" class=\"body-graf\">Minnesota State Patrol investigators interviewed Morgan the following day, she said.<\/p>\n<div class=\"summary-box\" data-testid=\"summary-box\" id=\"anchor-a37674\">\n<div class=\"summary-box__content\">\n<h2 class=\"summary-box__headline\">More coverage on immigration enforcement<\/h2>\n<\/div>\n<\/div>\n<p id=\"anchor-f070a7\" class=\"body-graf\">According to Moriarty, Morgan said he and his partner were driving to the Whipple Federal Building after their shift.<\/p>\n<p id=\"anchor-96bc26\" class=\"body-graf\">\u201cHe admitted that he drew his firearm after the victim\u2019s vehicle had already rejoined the normal flow of traffic, corroborating details from interviews with the victim\u201d as well as video of the incident, Moriarty said. <\/p>\n<p id=\"anchor-dba75e\" class=\"body-graf\">Moriarty said Morgan&#8217;s behavior was \u201cextremely dangerous.\u201d<\/p>\n<p id=\"anchor-9bc96e\" class=\"body-graf\">\u201cDriving while pointing a weapon out of your moving vehicle at the victims, who were in another moving vehicle, could have led to yet another disastrous incident in a community that has already suffered too many,\u201d she said.<\/p>\n<p id=\"anchor-6c4b07\" class=\"body-graf\">The Trump administration sent 3,000 federal agents to Minnesota at the end of November for the immigration enforcement operation dubbed Metro Surge. <\/p>\n<p id=\"anchor-db2c21\" class=\"body-graf\">Amid the crackdown, immigration authorities <a href=\"https:\/\/www.nbcnews.com\/news\/us-news\/trumps-immigration-heads-questioned-pretti-good-killings-house-hearing-rcna258366\" target=\"_blank\">shot and killed two U.S. citizens<\/a> \u2014 Renee Good, 37, a mother of young children, and Alex Pretti, 37, an intensive care unit nurse at a local Veterans Affairs hospital \u2014 in separate confrontations. The killings, which were captured in videos from the scene, led to a groundswell of outrage and massive protests across the country. The deaths also drew stark criticism from Democrats and some Republican lawmakers.<\/p>\n<p id=\"anchor-586fdf\" class=\"body-graf\">In the weeks after the killings, Trump administration border czar Tom Homan arrived to take over the operation from Border Patrol commander Gregory Bovino, who was relieved of the title and returned to his previous role as sector chief in El Centro, California. <a href=\"https:\/\/www.nbcnews.com\/news\/us-news\/trump-administration-homan-ice-operation-metro-surge-ending-rcna258720\" target=\"_blank\">Homan in February announced the winding down of the effort<\/a>, which he said had resulted in the arrests of thousands of people. Immigration arrests in and around Minneapolis have continued.<\/p>\n<p id=\"anchor-bc6b50\" class=\"endmark body-graf\"><a href=\"https:\/\/www.nbcnews.com\/politics\/trump-administration\/poll-trumps-ratings-immigration-tumble-americans-lose-confidence-top-i-rcna258159\" target=\"_blank\">NBC News Decision Desk polling released in mid-February showed<\/a> that support for the Trump administration\u2019s immigration policies took a significant hit after the killings of Good and Pretti.<\/p>\n<\/div>\n<p><br \/>\n<br \/><a href=\"https:\/\/www.nbcnews.com\/news\/us-news\/ice-agent-charged-assault-minnesota-metro-surge-immigration-rcna332210\">Source link <\/a><\/p>","protected":false},"excerpt":{"rendered":"<p>An ICE agent who was part of the federal immigration surge in Minnesota earlier this year was charged with felony second-degree assault with a dangerous weapon, a Minnesota prosecutor announced Thursday. The agent, Gregory Donnell Morgan Jr., is accused of pointing a gun at the heads of two civilians in a vehicle, Hennepin County Attorney [&hellip;]<\/p>\n","protected":false},"author":1,"featured_media":109218,"comment_status":"closed","ping_status":"","sticky":false,"template":"","format":"standard","meta":{"googlesitekit_rrm_CAow2JLhCw:productID":"","_gspb_post_css":"","maa_idioma":"","maa_pais":"","footnotes":""},"categories":[1],"tags":[14392,4258,9010,9008,29028,17888,6217,4887,29027],"class_list":["post-109217","post","type-post","status-publish","format-standard","has-post-thumbnail","hentry","category-ubirata","tag-accused","tag-agent","tag-assault","tag-charged","tag-civilians","tag-gun","tag-ice","tag-minnesota","tag-pointing"],"blocksy_meta":[],"yoast_head":"<!-- This site is optimized with the Yoast SEO Premium plugin v27.6 (Yoast SEO v27.6) - https:\/\/yoast.com\/product\/yoast-seo-premium-wordpress\/ -->\n<title>ICE agent charged with assault and accused of pointing a gun at civilians in Minnesota - Ubirat\u00e3 Online Not\u00edcias - A realidade ao seu alcance!<\/title>\n<meta name=\"description\" content=\"An ICE agent who was part of the federal immigration surge in Minnesota earlier this year was charged with felony second-degree assault with a dangerous\" \/>\n<meta name=\"robots\" content=\"index, follow, max-snippet:-1, max-image-preview:large, max-video-preview:-1\" \/>\n<link rel=\"canonical\" href=\"https:\/\/ubirataonline.com.br\/en\/ice-agent-charged-with-assault-and-accused-of-pointing-a-gun-at-civilians-in-minnesota\/\" \/>\n<meta property=\"og:locale\" content=\"en_US\" \/>\n<meta property=\"og:type\" content=\"article\" \/>\n<meta property=\"og:title\" content=\"ICE agent charged with assault and accused of pointing a gun at civilians in Minnesota\" \/>\n<meta property=\"og:description\" content=\"An ICE agent who was part of the federal immigration surge in Minnesota earlier this year was charged with felony second-degree assault with a dangerous\" \/>\n<meta property=\"og:url\" content=\"https:\/\/ubirataonline.com.br\/en\/ice-agent-charged-with-assault-and-accused-of-pointing-a-gun-at-civilians-in-minnesota\/\" \/>\n<meta property=\"og:site_name\" content=\"Ubirat\u00e3 Online Not\u00edcias - A realidade ao seu alcance!\" \/>\n<meta property=\"article:publisher\" content=\"https:\/\/www.facebook.com\/portalubirataonline\" \/>\n<meta property=\"article:author\" content=\"https:\/\/www.facebook.com\/portalubirataonline\" \/>\n<meta property=\"article:published_time\" content=\"2026-04-16T19:29:42+00:00\" \/>\n<meta property=\"article:modified_time\" content=\"2026-04-16T19:29:47+00:00\" \/>\n<meta property=\"og:image\" content=\"https:\/\/ubirataonline.com.br\/wp-content\/uploads\/2026\/04\/ICE-agent-charged-with-assault-and-accused-of-pointing-a.jpg\" \/>\n\t<meta property=\"og:image:width\" content=\"1200\" \/>\n\t<meta property=\"og:image:height\" content=\"630\" \/>\n\t<meta property=\"og:image:type\" content=\"image\/jpeg\" \/>\n<meta name=\"author\" content=\"REDA\u00c7\u00c3O: UBIRAT\u00c3 ONLINE - F\u00c1BIO AUGUSTO CELESTINO\" \/>\n<meta name=\"twitter:card\" content=\"summary_large_image\" \/>\n<meta name=\"twitter:creator\" content=\"@x.com\/ubirataonline\" \/>\n<meta name=\"twitter:site\" content=\"@ubirataonline\" \/>\n<meta name=\"twitter:label1\" content=\"Written by\" \/>\n\t<meta name=\"twitter:data1\" content=\"REDA\u00c7\u00c3O: UBIRAT\u00c3 ONLINE - F\u00c1BIO AUGUSTO CELESTINO\" \/>\n\t<meta name=\"twitter:label2\" content=\"Est. reading time\" \/>\n\t<meta name=\"twitter:data2\" content=\"3 minutes\" \/>\n<script type=\"application\/ld+json\" class=\"yoast-schema-graph\">{\"@context\":\"https:\\\/\\\/schema.org\",\"@graph\":[{\"@type\":\"NewsArticle\",\"@id\":\"https:\\\/\\\/ubirataonline.com.br\\\/ice-agent-charged-with-assault-and-accused-of-pointing-a-gun-at-civilians-in-minnesota\\\/#article\",\"isPartOf\":{\"@id\":\"https:\\\/\\\/ubirataonline.com.br\\\/ice-agent-charged-with-assault-and-accused-of-pointing-a-gun-at-civilians-in-minnesota\\\/\"},\"author\":{\"name\":\"REDA\u00c7\u00c3O: UBIRAT\u00c3 ONLINE - F\u00c1BIO AUGUSTO CELESTINO\",\"@id\":\"https:\\\/\\\/ubirataonline.com.br\\\/#\\\/schema\\\/person\\\/372f87bbd3fdd79b8556b84c98d0bc1c\"},\"headline\":\"ICE agent charged with assault and accused of pointing a gun at civilians in Minnesota\",\"datePublished\":\"2026-04-16T19:29:42+00:00\",\"dateModified\":\"2026-04-16T19:29:47+00:00\",\"mainEntityOfPage\":{\"@id\":\"https:\\\/\\\/ubirataonline.com.br\\\/ice-agent-charged-with-assault-and-accused-of-pointing-a-gun-at-civilians-in-minnesota\\\/\"},\"wordCount\":631,\"publisher\":{\"@id\":\"https:\\\/\\\/ubirataonline.com.br\\\/#organization\"},\"image\":{\"@id\":\"https:\\\/\\\/ubirataonline.com.br\\\/ice-agent-charged-with-assault-and-accused-of-pointing-a-gun-at-civilians-in-minnesota\\\/#primaryimage\"},\"thumbnailUrl\":\"https:\\\/\\\/ubirataonline.com.br\\\/wp-content\\\/uploads\\\/2026\\\/04\\\/ICE-agent-charged-with-assault-and-accused-of-pointing-a.jpg\",\"keywords\":[\"accused\",\"agent\",\"assault\",\"charged\",\"civilians\",\"Gun\",\"ICE\",\"Minnesota\",\"pointing\"],\"articleSection\":[\"Ubirat\u00e3\"],\"inLanguage\":\"en-US\",\"copyrightYear\":\"2026\",\"copyrightHolder\":{\"@id\":\"https:\\\/\\\/ubirataonline.com.br\\\/en\\\/#organization\"}},{\"@type\":\"WebPage\",\"@id\":\"https:\\\/\\\/ubirataonline.com.br\\\/ice-agent-charged-with-assault-and-accused-of-pointing-a-gun-at-civilians-in-minnesota\\\/\",\"url\":\"https:\\\/\\\/ubirataonline.com.br\\\/ice-agent-charged-with-assault-and-accused-of-pointing-a-gun-at-civilians-in-minnesota\\\/\",\"name\":\"ICE agent charged with assault and accused of pointing a gun at civilians in Minnesota - Ubirat\u00e3 Online Not\u00edcias - A realidade ao seu alcance!\",\"isPartOf\":{\"@id\":\"https:\\\/\\\/ubirataonline.com.br\\\/#website\"},\"primaryImageOfPage\":{\"@id\":\"https:\\\/\\\/ubirataonline.com.br\\\/ice-agent-charged-with-assault-and-accused-of-pointing-a-gun-at-civilians-in-minnesota\\\/#primaryimage\"},\"image\":{\"@id\":\"https:\\\/\\\/ubirataonline.com.br\\\/ice-agent-charged-with-assault-and-accused-of-pointing-a-gun-at-civilians-in-minnesota\\\/#primaryimage\"},\"thumbnailUrl\":\"https:\\\/\\\/ubirataonline.com.br\\\/wp-content\\\/uploads\\\/2026\\\/04\\\/ICE-agent-charged-with-assault-and-accused-of-pointing-a.jpg\",\"datePublished\":\"2026-04-16T19:29:42+00:00\",\"dateModified\":\"2026-04-16T19:29:47+00:00\",\"description\":\"An ICE agent who was part of the federal immigration surge in Minnesota earlier this year was charged with felony second-degree assault with a dangerous\",\"breadcrumb\":{\"@id\":\"https:\\\/\\\/ubirataonline.com.br\\\/ice-agent-charged-with-assault-and-accused-of-pointing-a-gun-at-civilians-in-minnesota\\\/#breadcrumb\"},\"inLanguage\":\"en-US\",\"potentialAction\":[{\"@type\":\"ReadAction\",\"target\":[\"https:\\\/\\\/ubirataonline.com.br\\\/ice-agent-charged-with-assault-and-accused-of-pointing-a-gun-at-civilians-in-minnesota\\\/\"]}]},{\"@type\":\"ImageObject\",\"inLanguage\":\"en-US\",\"@id\":\"https:\\\/\\\/ubirataonline.com.br\\\/ice-agent-charged-with-assault-and-accused-of-pointing-a-gun-at-civilians-in-minnesota\\\/#primaryimage\",\"url\":\"https:\\\/\\\/ubirataonline.com.br\\\/wp-content\\\/uploads\\\/2026\\\/04\\\/ICE-agent-charged-with-assault-and-accused-of-pointing-a.jpg\",\"contentUrl\":\"https:\\\/\\\/ubirataonline.com.br\\\/wp-content\\\/uploads\\\/2026\\\/04\\\/ICE-agent-charged-with-assault-and-accused-of-pointing-a.jpg\",\"width\":1200,\"height\":630,\"caption\":\"Hennepin County Attorney Mary Moriarty.Ren\u00e9e Jones Schneider \\\/ AP file\"},{\"@type\":\"BreadcrumbList\",\"@id\":\"https:\\\/\\\/ubirataonline.com.br\\\/ice-agent-charged-with-assault-and-accused-of-pointing-a-gun-at-civilians-in-minnesota\\\/#breadcrumb\",\"itemListElement\":[{\"@type\":\"ListItem\",\"position\":1,\"name\":\"In\u00edcio\",\"item\":\"https:\\\/\\\/ubirataonline.com.br\\\/\"},{\"@type\":\"ListItem\",\"position\":2,\"name\":\"ICE agent charged with assault and accused of pointing a gun at civilians in Minnesota\"}]},{\"@type\":\"WebSite\",\"@id\":\"https:\\\/\\\/ubirataonline.com.br\\\/#website\",\"url\":\"https:\\\/\\\/ubirataonline.com.br\\\/\",\"name\":\"Ubirat\u00e3 Online Not\u00edcias\",\"description\":\"Not\u00edcias de Ubirat\u00e3, regi\u00e3o, Brasil e mundo, com informa\u00e7\u00e3o atualizada e compromisso com o leitor.\",\"publisher\":{\"@id\":\"https:\\\/\\\/ubirataonline.com.br\\\/#organization\"},\"alternateName\":\"Ubirat\u00e3 Online\",\"potentialAction\":[{\"@type\":\"SearchAction\",\"target\":{\"@type\":\"EntryPoint\",\"urlTemplate\":\"https:\\\/\\\/ubirataonline.com.br\\\/?s={search_term_string}\"},\"query-input\":{\"@type\":\"PropertyValueSpecification\",\"valueRequired\":true,\"valueName\":\"search_term_string\"}}],\"inLanguage\":\"en-US\"},{\"@type\":[\"Organization\",\"Place\"],\"@id\":\"https:\\\/\\\/ubirataonline.com.br\\\/#organization\",\"name\":\"Ubirat\u00e3 Online Not\u00edcias\",\"alternateName\":\"Ubirat\u00e3 Online\",\"url\":\"https:\\\/\\\/ubirataonline.com.br\\\/\",\"logo\":{\"@id\":\"https:\\\/\\\/ubirataonline.com.br\\\/ice-agent-charged-with-assault-and-accused-of-pointing-a-gun-at-civilians-in-minnesota\\\/#local-main-organization-logo\"},\"image\":{\"@id\":\"https:\\\/\\\/ubirataonline.com.br\\\/ice-agent-charged-with-assault-and-accused-of-pointing-a-gun-at-civilians-in-minnesota\\\/#local-main-organization-logo\"},\"sameAs\":[\"https:\\\/\\\/www.facebook.com\\\/portalubirataonline\",\"https:\\\/\\\/x.com\\\/ubirataonline\",\"https:\\\/\\\/mastodon.social\\\/@ubirataonline\",\"https:\\\/\\\/www.facebook.com\\\/groups\\\/311144672285604\",\"https:\\\/\\\/www.facebook.com\\\/UBTAOnline\",\"https:\\\/\\\/www.instagram.com\\\/portalubirataonline\\\/\",\"https:\\\/\\\/twitter.com\\\/ubirataonline\"],\"description\":\"Somos um portal de not\u00edcias independente, criado em 5 de janeiro de 2009, com o objetivo de informar, conectar e valorizar a nossa comunidade de Ubirat\u00e3 e toda aregi\u00e3o. Com conte\u00fado atualizado, confi\u00e1vel e relevante, o Ubirat\u00e3 Online \u00e9 o seu espa\u00e7o para ficar por dentro dos principais acontecimentos locais, regionais, Brasil, Mundo e de interesse geral. Nosso compromisso \u00e9 com a verdade, a transpar\u00eancia e o respeito ao leitor.\",\"legalName\":\"UBIRATA ONLINE NOT\u00cdCIAS\",\"foundingDate\":\"2009-01-05\",\"numberOfEmployees\":{\"@type\":\"QuantitativeValue\",\"minValue\":\"1\",\"maxValue\":\"10\"},\"publishingPrinciples\":\"https:\\\/\\\/ubirataonline.com.br\\\/faq\\\/\",\"address\":{\"@id\":\"https:\\\/\\\/ubirataonline.com.br\\\/ice-agent-charged-with-assault-and-accused-of-pointing-a-gun-at-civilians-in-minnesota\\\/#local-main-place-address\"},\"geo\":{\"@type\":\"GeoCoordinates\",\"latitude\":\"-24.5361401\",\"longitude\":\"-52.9921776\"},\"telephone\":[\"+5544998308235\"],\"contactPoint\":{\"@type\":\"ContactPoint\",\"email\":\"contato@ubirataonline.com.br\"},\"openingHoursSpecification\":{\"@type\":\"OpeningHoursSpecification\",\"dayOfWeek\":[\"Monday\",\"Tuesday\",\"Wednesday\",\"Thursday\",\"Friday\",\"Saturday\",\"Sunday\"],\"opens\":\"00:00\",\"closes\":\"23:59\"},\"email\":\"contato@ubirataonline.com.br\",\"vatID\":\"47.621.418\\\/0001-80\"},{\"@type\":\"Person\",\"@id\":\"https:\\\/\\\/ubirataonline.com.br\\\/#\\\/schema\\\/person\\\/372f87bbd3fdd79b8556b84c98d0bc1c\",\"name\":\"REDA\u00c7\u00c3O: UBIRAT\u00c3 ONLINE - F\u00c1BIO AUGUSTO CELESTINO\",\"pronouns\":\"Ele\",\"description\":\"Desde 2003 trabalhando com not\u00edcias.\",\"sameAs\":[\"http:\\\/\\\/ubirataoline.com.br\",\"https:\\\/\\\/www.facebook.com\\\/portalubirataonline\",\"https:\\\/\\\/www.instagram.com\\\/ubirataonline_oficial\",\"https:\\\/\\\/x.com\\\/x.com\\\/ubirataonline\"],\"honorificPrefix\":\"Mr.\",\"honorificSuffix\":\"MD\",\"birthDate\":\"1980-06-16\",\"gender\":\"masculino\",\"award\":[\"V\u00e1rios pr\u00eamios de melhor portal da cidade\"],\"jobTitle\":\"Diretor\",\"url\":\"https:\\\/\\\/ubirataonline.com.br\\\/en\\\/author\\\/ubirataonline\\\/\"},{\"@type\":\"PostalAddress\",\"@id\":\"https:\\\/\\\/ubirataonline.com.br\\\/ice-agent-charged-with-assault-and-accused-of-pointing-a-gun-at-civilians-in-minnesota\\\/#local-main-place-address\",\"streetAddress\":\"Rua dos Coqueiros, 104 - Bairro Boa Vista, Rua dos Coqueiros, 104 Bairro Boa Vista\",\"addressLocality\":\"UBIRATA\",\"postalCode\":\"85440-000\",\"addressRegion\":\"PR\",\"addressCountry\":\"BR\"},{\"@type\":\"ImageObject\",\"inLanguage\":\"en-US\",\"@id\":\"https:\\\/\\\/ubirataonline.com.br\\\/ice-agent-charged-with-assault-and-accused-of-pointing-a-gun-at-civilians-in-minnesota\\\/#local-main-organization-logo\",\"url\":\"https:\\\/\\\/ubirataonline.com.br\\\/wp-content\\\/uploads\\\/2026\\\/06\\\/logoubirataonline-1.webp\",\"contentUrl\":\"https:\\\/\\\/ubirataonline.com.br\\\/wp-content\\\/uploads\\\/2026\\\/06\\\/logoubirataonline-1.webp\",\"width\":500,\"height\":500,\"caption\":\"Ubirat\u00e3 Online Not\u00edcias\"}]}<\/script>\n<meta name=\"geo.placename\" content=\"UBIRATA\" \/>\n<meta name=\"geo.position\" content=\"-24.5361401;-52.9921776\" \/>\n<meta name=\"geo.region\" content=\"Brazil\" \/>\n<!-- \/ Yoast SEO Premium plugin. -->","yoast_head_json":{"title":"ICE agent charged with assault and accused of pointing a gun at civilians in Minnesota - Ubirat\u00e3 Online Not\u00edcias - A realidade ao seu alcance!","description":"An ICE agent who was part of the federal immigration surge in Minnesota earlier this year was charged with felony second-degree assault with a dangerous","robots":{"index":"index","follow":"follow","max-snippet":"max-snippet:-1","max-image-preview":"max-image-preview:large","max-video-preview":"max-video-preview:-1"},"canonical":"https:\/\/ubirataonline.com.br\/en\/ice-agent-charged-with-assault-and-accused-of-pointing-a-gun-at-civilians-in-minnesota\/","og_locale":"en_US","og_type":"article","og_title":"ICE agent charged with assault and accused of pointing a gun at civilians in Minnesota","og_description":"An ICE agent who was part of the federal immigration surge in Minnesota earlier this year was charged with felony second-degree assault with a dangerous","og_url":"https:\/\/ubirataonline.com.br\/en\/ice-agent-charged-with-assault-and-accused-of-pointing-a-gun-at-civilians-in-minnesota\/","og_site_name":"Ubirat\u00e3 Online Not\u00edcias - A realidade ao seu alcance!","article_publisher":"https:\/\/www.facebook.com\/portalubirataonline","article_author":"https:\/\/www.facebook.com\/portalubirataonline","article_published_time":"2026-04-16T19:29:42+00:00","article_modified_time":"2026-04-16T19:29:47+00:00","og_image":[{"width":1200,"height":630,"url":"https:\/\/ubirataonline.com.br\/wp-content\/uploads\/2026\/04\/ICE-agent-charged-with-assault-and-accused-of-pointing-a.jpg","type":"image\/jpeg"}],"author":"REDA\u00c7\u00c3O: UBIRAT\u00c3 ONLINE - F\u00c1BIO AUGUSTO CELESTINO","twitter_card":"summary_large_image","twitter_creator":"@x.com\/ubirataonline","twitter_site":"@ubirataonline","twitter_misc":{"Written by":"REDA\u00c7\u00c3O: UBIRAT\u00c3 ONLINE - F\u00c1BIO AUGUSTO CELESTINO","Est. reading time":"3 minutes"},"schema":{"@context":"https:\/\/schema.org","@graph":[{"@type":"NewsArticle","@id":"https:\/\/ubirataonline.com.br\/ice-agent-charged-with-assault-and-accused-of-pointing-a-gun-at-civilians-in-minnesota\/#article","isPartOf":{"@id":"https:\/\/ubirataonline.com.br\/ice-agent-charged-with-assault-and-accused-of-pointing-a-gun-at-civilians-in-minnesota\/"},"author":{"name":"REDA\u00c7\u00c3O: UBIRAT\u00c3 ONLINE - F\u00c1BIO AUGUSTO CELESTINO","@id":"https:\/\/ubirataonline.com.br\/#\/schema\/person\/372f87bbd3fdd79b8556b84c98d0bc1c"},"headline":"ICE agent charged with assault and accused of pointing a gun at civilians in Minnesota","datePublished":"2026-04-16T19:29:42+00:00","dateModified":"2026-04-16T19:29:47+00:00","mainEntityOfPage":{"@id":"https:\/\/ubirataonline.com.br\/ice-agent-charged-with-assault-and-accused-of-pointing-a-gun-at-civilians-in-minnesota\/"},"wordCount":631,"publisher":{"@id":"https:\/\/ubirataonline.com.br\/#organization"},"image":{"@id":"https:\/\/ubirataonline.com.br\/ice-agent-charged-with-assault-and-accused-of-pointing-a-gun-at-civilians-in-minnesota\/#primaryimage"},"thumbnailUrl":"https:\/\/ubirataonline.com.br\/wp-content\/uploads\/2026\/04\/ICE-agent-charged-with-assault-and-accused-of-pointing-a.jpg","keywords":["accused","agent","assault","charged","civilians","Gun","ICE","Minnesota","pointing"],"articleSection":["Ubirat\u00e3"],"inLanguage":"en-US","copyrightYear":"2026","copyrightHolder":{"@id":"https:\/\/ubirataonline.com.br\/en\/#organization"}},{"@type":"WebPage","@id":"https:\/\/ubirataonline.com.br\/ice-agent-charged-with-assault-and-accused-of-pointing-a-gun-at-civilians-in-minnesota\/","url":"https:\/\/ubirataonline.com.br\/ice-agent-charged-with-assault-and-accused-of-pointing-a-gun-at-civilians-in-minnesota\/","name":"ICE agent charged with assault and accused of pointing a gun at civilians in Minnesota - Ubirat\u00e3 Online Not\u00edcias - A realidade ao seu alcance!","isPartOf":{"@id":"https:\/\/ubirataonline.com.br\/#website"},"primaryImageOfPage":{"@id":"https:\/\/ubirataonline.com.br\/ice-agent-charged-with-assault-and-accused-of-pointing-a-gun-at-civilians-in-minnesota\/#primaryimage"},"image":{"@id":"https:\/\/ubirataonline.com.br\/ice-agent-charged-with-assault-and-accused-of-pointing-a-gun-at-civilians-in-minnesota\/#primaryimage"},"thumbnailUrl":"https:\/\/ubirataonline.com.br\/wp-content\/uploads\/2026\/04\/ICE-agent-charged-with-assault-and-accused-of-pointing-a.jpg","datePublished":"2026-04-16T19:29:42+00:00","dateModified":"2026-04-16T19:29:47+00:00","description":"An ICE agent who was part of the federal immigration surge in Minnesota earlier this year was charged with felony second-degree assault with a dangerous","breadcrumb":{"@id":"https:\/\/ubirataonline.com.br\/ice-agent-charged-with-assault-and-accused-of-pointing-a-gun-at-civilians-in-minnesota\/#breadcrumb"},"inLanguage":"en-US","potentialAction":[{"@type":"ReadAction","target":["https:\/\/ubirataonline.com.br\/ice-agent-charged-with-assault-and-accused-of-pointing-a-gun-at-civilians-in-minnesota\/"]}]},{"@type":"ImageObject","inLanguage":"en-US","@id":"https:\/\/ubirataonline.com.br\/ice-agent-charged-with-assault-and-accused-of-pointing-a-gun-at-civilians-in-minnesota\/#primaryimage","url":"https:\/\/ubirataonline.com.br\/wp-content\/uploads\/2026\/04\/ICE-agent-charged-with-assault-and-accused-of-pointing-a.jpg","contentUrl":"https:\/\/ubirataonline.com.br\/wp-content\/uploads\/2026\/04\/ICE-agent-charged-with-assault-and-accused-of-pointing-a.jpg","width":1200,"height":630,"caption":"Hennepin County Attorney Mary Moriarty.Ren\u00e9e Jones Schneider \/ AP file"},{"@type":"BreadcrumbList","@id":"https:\/\/ubirataonline.com.br\/ice-agent-charged-with-assault-and-accused-of-pointing-a-gun-at-civilians-in-minnesota\/#breadcrumb","itemListElement":[{"@type":"ListItem","position":1,"name":"In\u00edcio","item":"https:\/\/ubirataonline.com.br\/"},{"@type":"ListItem","position":2,"name":"ICE agent charged with assault and accused of pointing a gun at civilians in Minnesota"}]},{"@type":"WebSite","@id":"https:\/\/ubirataonline.com.br\/#website","url":"https:\/\/ubirataonline.com.br\/","name":"Ubirat\u00e3 Online Not\u00edcias","description":"Not\u00edcias de Ubirat\u00e3, regi\u00e3o, Brasil e mundo, com informa\u00e7\u00e3o atualizada e compromisso com o leitor.","publisher":{"@id":"https:\/\/ubirataonline.com.br\/#organization"},"alternateName":"Ubirat\u00e3 Online","potentialAction":[{"@type":"SearchAction","target":{"@type":"EntryPoint","urlTemplate":"https:\/\/ubirataonline.com.br\/?s={search_term_string}"},"query-input":{"@type":"PropertyValueSpecification","valueRequired":true,"valueName":"search_term_string"}}],"inLanguage":"en-US"},{"@type":["Organization","Place"],"@id":"https:\/\/ubirataonline.com.br\/#organization","name":"Ubirat\u00e3 Online Not\u00edcias","alternateName":"Ubirat\u00e3 Online","url":"https:\/\/ubirataonline.com.br\/","logo":{"@id":"https:\/\/ubirataonline.com.br\/ice-agent-charged-with-assault-and-accused-of-pointing-a-gun-at-civilians-in-minnesota\/#local-main-organization-logo"},"image":{"@id":"https:\/\/ubirataonline.com.br\/ice-agent-charged-with-assault-and-accused-of-pointing-a-gun-at-civilians-in-minnesota\/#local-main-organization-logo"},"sameAs":["https:\/\/www.facebook.com\/portalubirataonline","https:\/\/x.com\/ubirataonline","https:\/\/mastodon.social\/@ubirataonline","https:\/\/www.facebook.com\/groups\/311144672285604","https:\/\/www.facebook.com\/UBTAOnline","https:\/\/www.instagram.com\/portalubirataonline\/","https:\/\/twitter.com\/ubirataonline"],"description":"Somos um portal de not\u00edcias independente, criado em 5 de janeiro de 2009, com o objetivo de informar, conectar e valorizar a nossa comunidade de Ubirat\u00e3 e toda aregi\u00e3o. Com conte\u00fado atualizado, confi\u00e1vel e relevante, o Ubirat\u00e3 Online \u00e9 o seu espa\u00e7o para ficar por dentro dos principais acontecimentos locais, regionais, Brasil, Mundo e de interesse geral. Nosso compromisso \u00e9 com a verdade, a transpar\u00eancia e o respeito ao leitor.","legalName":"UBIRATA ONLINE NOT\u00cdCIAS","foundingDate":"2009-01-05","numberOfEmployees":{"@type":"QuantitativeValue","minValue":"1","maxValue":"10"},"publishingPrinciples":"https:\/\/ubirataonline.com.br\/faq\/","address":{"@id":"https:\/\/ubirataonline.com.br\/ice-agent-charged-with-assault-and-accused-of-pointing-a-gun-at-civilians-in-minnesota\/#local-main-place-address"},"geo":{"@type":"GeoCoordinates","latitude":"-24.5361401","longitude":"-52.9921776"},"telephone":["+5544998308235"],"contactPoint":{"@type":"ContactPoint","email":"contato@ubirataonline.com.br"},"openingHoursSpecification":{"@type":"OpeningHoursSpecification","dayOfWeek":["Monday","Tuesday","Wednesday","Thursday","Friday","Saturday","Sunday"],"opens":"00:00","closes":"23:59"},"email":"contato@ubirataonline.com.br","vatID":"47.621.418\/0001-80"},{"@type":"Person","@id":"https:\/\/ubirataonline.com.br\/#\/schema\/person\/372f87bbd3fdd79b8556b84c98d0bc1c","name":"REDA\u00c7\u00c3O: UBIRAT\u00c3 ONLINE - F\u00c1BIO AUGUSTO CELESTINO","pronouns":"Ele","description":"Desde 2003 trabalhando com not\u00edcias.","sameAs":["http:\/\/ubirataoline.com.br","https:\/\/www.facebook.com\/portalubirataonline","https:\/\/www.instagram.com\/ubirataonline_oficial","https:\/\/x.com\/x.com\/ubirataonline"],"honorificPrefix":"Mr.","honorificSuffix":"MD","birthDate":"1980-06-16","gender":"masculino","award":["V\u00e1rios pr\u00eamios de melhor portal da cidade"],"jobTitle":"Diretor","url":"https:\/\/ubirataonline.com.br\/en\/author\/ubirataonline\/"},{"@type":"PostalAddress","@id":"https:\/\/ubirataonline.com.br\/ice-agent-charged-with-assault-and-accused-of-pointing-a-gun-at-civilians-in-minnesota\/#local-main-place-address","streetAddress":"Rua dos Coqueiros, 104 - Bairro Boa Vista, Rua dos Coqueiros, 104 Bairro Boa Vista","addressLocality":"UBIRATA","postalCode":"85440-000","addressRegion":"PR","addressCountry":"BR"},{"@type":"ImageObject","inLanguage":"en-US","@id":"https:\/\/ubirataonline.com.br\/ice-agent-charged-with-assault-and-accused-of-pointing-a-gun-at-civilians-in-minnesota\/#local-main-organization-logo","url":"https:\/\/ubirataonline.com.br\/wp-content\/uploads\/2026\/06\/logoubirataonline-1.webp","contentUrl":"https:\/\/ubirataonline.com.br\/wp-content\/uploads\/2026\/06\/logoubirataonline-1.webp","width":500,"height":500,"caption":"Ubirat\u00e3 Online Not\u00edcias"}]},"geo.placename":"UBIRATA","geo.position":{"lat":"-24.5361401","long":"-52.9921776"},"geo.region":"Brazil"},"_links":{"self":[{"href":"https:\/\/ubirataonline.com.br\/en\/wp-json\/wp\/v2\/posts\/109217","targetHints":{"allow":["GET"]}}],"collection":[{"href":"https:\/\/ubirataonline.com.br\/en\/wp-json\/wp\/v2\/posts"}],"about":[{"href":"https:\/\/ubirataonline.com.br\/en\/wp-json\/wp\/v2\/types\/post"}],"author":[{"embeddable":true,"href":"https:\/\/ubirataonline.com.br\/en\/wp-json\/wp\/v2\/users\/1"}],"replies":[{"embeddable":true,"href":"https:\/\/ubirataonline.com.br\/en\/wp-json\/wp\/v2\/comments?post=109217"}],"version-history":[{"count":0,"href":"https:\/\/ubirataonline.com.br\/en\/wp-json\/wp\/v2\/posts\/109217\/revisions"}],"wp:featuredmedia":[{"embeddable":true,"href":"https:\/\/ubirataonline.com.br\/en\/wp-json\/wp\/v2\/media\/109218"}],"wp:attachment":[{"href":"https:\/\/ubirataonline.com.br\/en\/wp-json\/wp\/v2\/media?parent=109217"}],"wp:term":[{"taxonomy":"category","embeddable":true,"href":"https:\/\/ubirataonline.com.br\/en\/wp-json\/wp\/v2\/categories?post=109217"},{"taxonomy":"post_tag","embeddable":true,"href":"https:\/\/ubirataonline.com.br\/en\/wp-json\/wp\/v2\/tags?post=109217"}],"curies":[{"name":"wp","href":"https:\/\/api.w.org\/{rel}","templated":true}]}}